{"id":347,"date":"2024-01-19T15:42:25","date_gmt":"2024-01-19T15:42:25","guid":{"rendered":"https:\/\/agrupacionespsoe.es\/ponferrada\/?p=347"},"modified":"2024-01-19T15:42:26","modified_gmt":"2024-01-19T15:42:26","slug":"el-grupo-socialista-pregunta-al-alcalde-los-verdaderos-motivos-por-los-que-no-ha-sido-posible-el-rodaje-de-la-pelicula-de-iciar-bollain-en-ponferrada","status":"publish","type":"post","link":"https:\/\/agrupacionespsoe.es\/ponferrada\/el-grupo-socialista-pregunta-al-alcalde-los-verdaderos-motivos-por-los-que-no-ha-sido-posible-el-rodaje-de-la-pelicula-de-iciar-bollain-en-ponferrada\/","title":{"rendered":"El Grupo Socialista pregunta al alcalde los verdaderos motivos por los que no ha sido posible el rodaje de la pel\u00edcula de Iciar Bolla\u00edn en Ponferrada."},"content":{"rendered":"\n<p>Ayer se conoci\u00f3 la noticia de que una de las plataformas digitales de televisi\u00f3n ha apostado por la realizaci\u00f3n de la pel\u00edcula de la historia de la exconcejala del ayuntamiento de Ponferrada, Nevenka Fern\u00e1ndez bajo la direcci\u00f3n de Iciar Bolla\u00edn, una de las directoras m\u00e1s conocidas y con m\u00e1s prestigio del cine espa\u00f1ol.<\/p>\n\n\n\n<p>Desde el grupo socialista nos preguntamos c\u00f3mo esa pel\u00edcula no se ha rodado \u00edntegramente en Ponferrada. Mabel Fern\u00e1ndez ha se\u00f1alado que conocemos desde el verano pasado que la prestigiosa directora de cine y la productora de la pel\u00edcula hab\u00edan estado visitando Ponferrada en busca de posibles localizaciones para el rodaje de la pel\u00edcula.<\/p>\n\n\n\n<p>Ayer finalmente supimos que los grandes rodajes se van a llevar a cabo en Zamora porque, seg\u00fan han manifestado los responsables de la grabaci\u00f3n, han encontrado muchas facilidades por parte de las autoridades locales.<\/p>\n\n\n\n<p>En este contexto la concejala del PSOE Mabel Fern\u00e1ndez quiere preguntar al equipo de gobierno \u00bfPor qu\u00e9 no se rueda en Ponferrada y cu\u00e1les son los verdaderos motivos?. Adem\u00e1s, critica al actual equipo de gobierno porque si tan preocupados dicen estar por el empleo y por el crecimiento de Ponferrada c\u00f3mo es que han dejado \u201cescapar\u201d el rodaje de esta pel\u00edcula con el beneficio econ\u00f3mico que supondr\u00eda para la ciudad. Mabel Fern\u00e1ndez quiere se\u00f1alar que el rodaje de esta pel\u00edcula hubiera supuesto m\u00e1s de 200 personas viviendo en Ponferrada durante aproximadamente 6 meses, adem\u00e1s de gran conocimiento y difusi\u00f3n que supondr\u00eda de nuestra ciudad.<\/p>\n\n\n\n<p>Mabel Fern\u00e1ndez teme que este sea el \u00faltimo agravio a la v\u00edctima que hace el PP y que la poca acogida y la falta de apoyo que ha encontrado la directora en Ponferrada, que ha manifestado ella misma, sea m\u00e1s un tema partidista que una mirada a los intereses de Ponferrada.<\/p>\n\n\n\n<figure class=\"wp-block-image size-large\"><img loading=\"lazy\" decoding=\"async\" width=\"1024\" height=\"682\" src=\"https:\/\/agrupacionespsoe.es\/ponferrada\/wp-content\/uploads\/sites\/36\/2024\/01\/WhatsApp-Image-2024-01-19-at-16.40.59-1024x682.jpeg\" alt=\"\" class=\"wp-image-348\" srcset=\"https:\/\/agrupacionespsoe.es\/ponferrada\/wp-content\/uploads\/sites\/36\/2024\/01\/WhatsApp-Image-2024-01-19-at-16.40.59-1024x682.jpeg 1024w, https:\/\/agrupacionespsoe.es\/ponferrada\/wp-content\/uploads\/sites\/36\/2024\/01\/WhatsApp-Image-2024-01-19-at-16.40.59-300x200.jpeg 300w, https:\/\/agrupacionespsoe.es\/ponferrada\/wp-content\/uploads\/sites\/36\/2024\/01\/WhatsApp-Image-2024-01-19-at-16.40.59-768x512.jpeg 768w, https:\/\/agrupacionespsoe.es\/ponferrada\/wp-content\/uploads\/sites\/36\/2024\/01\/WhatsApp-Image-2024-01-19-at-16.40.59-1536x1023.jpeg 1536w, https:\/\/agrupacionespsoe.es\/ponferrada\/wp-content\/uploads\/sites\/36\/2024\/01\/WhatsApp-Image-2024-01-19-at-16.40.59.jpeg 1600w\" sizes=\"auto, (max-width: 1024px) 100vw, 1024px\" \/><\/figure>\n","protected":false},"excerpt":{"rendered":"<p>Ayer se conoci\u00f3 la noticia de que una de las plataformas digitales de televisi\u00f3n ha apostado por la realizaci\u00f3n de la pel\u00edcula de la historia de la exconcejala del ayuntamiento de Ponferrada, Nevenka Fern\u00e1ndez bajo la direcci\u00f3n de Iciar Bolla\u00edn, una de las directoras m\u00e1s conocidas y con m\u00e1s prestigio del cine espa\u00f1ol. Desde el &#8230;<\/p>\n","protected":false},"author":32,"featured_media":348,"comment_status":"open","ping_status":"open","sticky":false,"template":"","format":"standard","meta":{"_jetpack_memberships_contains_paid_content":false,"footnotes":""},"categories":[6],"tags":[],"class_list":["post-347","post","type-post","status-publish","format-standard","has-post-thumbnail","hentry","category-actualidad"],"yoast_head":"<!-- This site is optimized with the Yoast SEO plugin v24.0 - https:\/\/yoast.com\/wordpress\/plugins\/seo\/ -->\n<title>El Grupo Socialista pregunta al alcalde los verdaderos motivos por los que no ha sido posible el rodaje de la pel\u00edcula de Iciar Bolla\u00edn en Ponferrada. - Agrupaci\u00f3n Socialista de Ponferrada<\/title>\n<meta name=\"robots\" content=\"index, follow, max-snippet:-1, max-image-preview:large, max-video-preview:-1\" \/>\n<link rel=\"canonical\" href=\"https:\/\/agrupacionespsoe.es\/ponferrada\/el-grupo-socialista-pregunta-al-alcalde-los-verdaderos-motivos-por-los-que-no-ha-sido-posible-el-rodaje-de-la-pelicula-de-iciar-bollain-en-ponferrada\/\" \/>\n<meta property=\"og:locale\" content=\"es_ES\" \/>\n<meta property=\"og:type\" content=\"article\" \/>\n<meta property=\"og:title\" content=\"El Grupo Socialista pregunta al alcalde los verdaderos motivos por los que no ha sido posible el rodaje de la pel\u00edcula de Iciar Bolla\u00edn en Ponferrada. - Agrupaci\u00f3n Socialista de Ponferrada\" \/>\n<meta property=\"og:description\" content=\"Ayer se conoci\u00f3 la noticia de que una de las plataformas digitales de televisi\u00f3n ha apostado por la realizaci\u00f3n de la pel\u00edcula de la historia de la exconcejala del ayuntamiento de Ponferrada, Nevenka Fern\u00e1ndez bajo la direcci\u00f3n de Iciar Bolla\u00edn, una de las directoras m\u00e1s conocidas y con m\u00e1s prestigio del cine espa\u00f1ol. Desde el ...\" \/>\n<meta property=\"og:url\" content=\"https:\/\/agrupacionespsoe.es\/ponferrada\/el-grupo-socialista-pregunta-al-alcalde-los-verdaderos-motivos-por-los-que-no-ha-sido-posible-el-rodaje-de-la-pelicula-de-iciar-bollain-en-ponferrada\/\" \/>\n<meta property=\"og:site_name\" content=\"Agrupaci\u00f3n Socialista de Ponferrada\" \/>\n<meta property=\"article:published_time\" content=\"2024-01-19T15:42:25+00:00\" \/>\n<meta property=\"article:modified_time\" content=\"2024-01-19T15:42:26+00:00\" \/>\n<meta property=\"og:image\" content=\"https:\/\/agrupacionespsoe.es\/ponferrada\/wp-content\/uploads\/sites\/36\/2024\/01\/WhatsApp-Image-2024-01-19-at-16.40.59.jpeg\" \/>\n\t<meta property=\"og:image:width\" content=\"1600\" \/>\n\t<meta property=\"og:image:height\" content=\"1066\" \/>\n\t<meta property=\"og:image:type\" content=\"image\/jpeg\" \/>\n<meta name=\"author\" content=\"ponferrada2\" \/>\n<meta name=\"twitter:card\" content=\"summary_large_image\" \/>\n<meta name=\"twitter:label1\" content=\"Escrito por\" \/>\n\t<meta name=\"twitter:data1\" content=\"ponferrada2\" \/>\n\t<meta name=\"twitter:label2\" content=\"Tiempo de lectura\" \/>\n\t<meta name=\"twitter:data2\" content=\"2 minutos\" \/>\n<script type=\"application\/ld+json\" class=\"yoast-schema-graph\">{\"@context\":\"https:\/\/schema.org\",\"@graph\":[{\"@type\":\"Article\",\"@id\":\"https:\/\/agrupacionespsoe.es\/ponferrada\/el-grupo-socialista-pregunta-al-alcalde-los-verdaderos-motivos-por-los-que-no-ha-sido-posible-el-rodaje-de-la-pelicula-de-iciar-bollain-en-ponferrada\/#article\",\"isPartOf\":{\"@id\":\"https:\/\/agrupacionespsoe.es\/ponferrada\/el-grupo-socialista-pregunta-al-alcalde-los-verdaderos-motivos-por-los-que-no-ha-sido-posible-el-rodaje-de-la-pelicula-de-iciar-bollain-en-ponferrada\/\"},\"author\":{\"name\":\"ponferrada2\",\"@id\":\"https:\/\/agrupacionespsoe.es\/ponferrada\/#\/schema\/person\/cd29ee627f3b70c05d415f02596debaa\"},\"headline\":\"El Grupo Socialista pregunta al alcalde los verdaderos motivos por los que no ha sido posible el rodaje de la pel\u00edcula de Iciar Bolla\u00edn en Ponferrada.\",\"datePublished\":\"2024-01-19T15:42:25+00:00\",\"dateModified\":\"2024-01-19T15:42:26+00:00\",\"mainEntityOfPage\":{\"@id\":\"https:\/\/agrupacionespsoe.es\/ponferrada\/el-grupo-socialista-pregunta-al-alcalde-los-verdaderos-motivos-por-los-que-no-ha-sido-posible-el-rodaje-de-la-pelicula-de-iciar-bollain-en-ponferrada\/\"},\"wordCount\":356,\"commentCount\":0,\"publisher\":{\"@id\":\"https:\/\/agrupacionespsoe.es\/ponferrada\/#organization\"},\"image\":{\"@id\":\"https:\/\/agrupacionespsoe.es\/ponferrada\/el-grupo-socialista-pregunta-al-alcalde-los-verdaderos-motivos-por-los-que-no-ha-sido-posible-el-rodaje-de-la-pelicula-de-iciar-bollain-en-ponferrada\/#primaryimage\"},\"thumbnailUrl\":\"https:\/\/agrupacionespsoe.es\/ponferrada\/wp-content\/uploads\/sites\/36\/2024\/01\/WhatsApp-Image-2024-01-19-at-16.40.59.jpeg\",\"articleSection\":[\"ACTUALIDAD\"],\"inLanguage\":\"es\",\"potentialAction\":[{\"@type\":\"CommentAction\",\"name\":\"Comment\",\"target\":[\"https:\/\/agrupacionespsoe.es\/ponferrada\/el-grupo-socialista-pregunta-al-alcalde-los-verdaderos-motivos-por-los-que-no-ha-sido-posible-el-rodaje-de-la-pelicula-de-iciar-bollain-en-ponferrada\/#respond\"]}]},{\"@type\":\"WebPage\",\"@id\":\"https:\/\/agrupacionespsoe.es\/ponferrada\/el-grupo-socialista-pregunta-al-alcalde-los-verdaderos-motivos-por-los-que-no-ha-sido-posible-el-rodaje-de-la-pelicula-de-iciar-bollain-en-ponferrada\/\",\"url\":\"https:\/\/agrupacionespsoe.es\/ponferrada\/el-grupo-socialista-pregunta-al-alcalde-los-verdaderos-motivos-por-los-que-no-ha-sido-posible-el-rodaje-de-la-pelicula-de-iciar-bollain-en-ponferrada\/\",\"name\":\"El Grupo Socialista pregunta al alcalde los verdaderos motivos por los que no ha sido posible el rodaje de la pel\u00edcula de Iciar Bolla\u00edn en Ponferrada. - Agrupaci\u00f3n Socialista de Ponferrada\",\"isPartOf\":{\"@id\":\"https:\/\/agrupacionespsoe.es\/ponferrada\/#website\"},\"primaryImageOfPage\":{\"@id\":\"https:\/\/agrupacionespsoe.es\/ponferrada\/el-grupo-socialista-pregunta-al-alcalde-los-verdaderos-motivos-por-los-que-no-ha-sido-posible-el-rodaje-de-la-pelicula-de-iciar-bollain-en-ponferrada\/#primaryimage\"},\"image\":{\"@id\":\"https:\/\/agrupacionespsoe.es\/ponferrada\/el-grupo-socialista-pregunta-al-alcalde-los-verdaderos-motivos-por-los-que-no-ha-sido-posible-el-rodaje-de-la-pelicula-de-iciar-bollain-en-ponferrada\/#primaryimage\"},\"thumbnailUrl\":\"https:\/\/agrupacionespsoe.es\/ponferrada\/wp-content\/uploads\/sites\/36\/2024\/01\/WhatsApp-Image-2024-01-19-at-16.40.59.jpeg\",\"datePublished\":\"2024-01-19T15:42:25+00:00\",\"dateModified\":\"2024-01-19T15:42:26+00:00\",\"breadcrumb\":{\"@id\":\"https:\/\/agrupacionespsoe.es\/ponferrada\/el-grupo-socialista-pregunta-al-alcalde-los-verdaderos-motivos-por-los-que-no-ha-sido-posible-el-rodaje-de-la-pelicula-de-iciar-bollain-en-ponferrada\/#breadcrumb\"},\"inLanguage\":\"es\",\"potentialAction\":[{\"@type\":\"ReadAction\",\"target\":[\"https:\/\/agrupacionespsoe.es\/ponferrada\/el-grupo-socialista-pregunta-al-alcalde-los-verdaderos-motivos-por-los-que-no-ha-sido-posible-el-rodaje-de-la-pelicula-de-iciar-bollain-en-ponferrada\/\"]}]},{\"@type\":\"ImageObject\",\"inLanguage\":\"es\",\"@id\":\"https:\/\/agrupacionespsoe.es\/ponferrada\/el-grupo-socialista-pregunta-al-alcalde-los-verdaderos-motivos-por-los-que-no-ha-sido-posible-el-rodaje-de-la-pelicula-de-iciar-bollain-en-ponferrada\/#primaryimage\",\"url\":\"https:\/\/agrupacionespsoe.es\/ponferrada\/wp-content\/uploads\/sites\/36\/2024\/01\/WhatsApp-Image-2024-01-19-at-16.40.59.jpeg\",\"contentUrl\":\"https:\/\/agrupacionespsoe.es\/ponferrada\/wp-content\/uploads\/sites\/36\/2024\/01\/WhatsApp-Image-2024-01-19-at-16.40.59.jpeg\",\"width\":1600,\"height\":1066},{\"@type\":\"BreadcrumbList\",\"@id\":\"https:\/\/agrupacionespsoe.es\/ponferrada\/el-grupo-socialista-pregunta-al-alcalde-los-verdaderos-motivos-por-los-que-no-ha-sido-posible-el-rodaje-de-la-pelicula-de-iciar-bollain-en-ponferrada\/#breadcrumb\",\"itemListElement\":[{\"@type\":\"ListItem\",\"position\":1,\"name\":\"Portada\",\"item\":\"https:\/\/agrupacionespsoe.es\/ponferrada\/\"},{\"@type\":\"ListItem\",\"position\":2,\"name\":\"El Grupo Socialista pregunta al alcalde los verdaderos motivos por los que no ha sido posible el rodaje de la pel\u00edcula de Iciar Bolla\u00edn en Ponferrada.\"}]},{\"@type\":\"WebSite\",\"@id\":\"https:\/\/agrupacionespsoe.es\/ponferrada\/#website\",\"url\":\"https:\/\/agrupacionespsoe.es\/ponferrada\/\",\"name\":\"Agrupaci\u00f3n Socialista de Ponferrada\",\"description\":\"Agrupaci\u00f3n Socialista de Ponferrada\",\"publisher\":{\"@id\":\"https:\/\/agrupacionespsoe.es\/ponferrada\/#organization\"},\"potentialAction\":[{\"@type\":\"SearchAction\",\"target\":{\"@type\":\"EntryPoint\",\"urlTemplate\":\"https:\/\/agrupacionespsoe.es\/ponferrada\/?s={search_term_string}\"},\"query-input\":{\"@type\":\"PropertyValueSpecification\",\"valueRequired\":true,\"valueName\":\"search_term_string\"}}],\"inLanguage\":\"es\"},{\"@type\":\"Organization\",\"@id\":\"https:\/\/agrupacionespsoe.es\/ponferrada\/#organization\",\"name\":\"Agrupaci\u00f3n Socialista de Ponferrada\",\"url\":\"https:\/\/agrupacionespsoe.es\/ponferrada\/\",\"logo\":{\"@type\":\"ImageObject\",\"inLanguage\":\"es\",\"@id\":\"https:\/\/agrupacionespsoe.es\/ponferrada\/#\/schema\/logo\/image\/\",\"url\":\"https:\/\/agrupacionespsoe.es\/wp-content\/uploads\/2022\/07\/Logotipo_electoral_del_PSOE.png\",\"contentUrl\":\"https:\/\/agrupacionespsoe.es\/wp-content\/uploads\/2022\/07\/Logotipo_electoral_del_PSOE.png\",\"width\":422,\"height\":422,\"caption\":\"Agrupaci\u00f3n Socialista de Ponferrada\"},\"image\":{\"@id\":\"https:\/\/agrupacionespsoe.es\/ponferrada\/#\/schema\/logo\/image\/\"}},{\"@type\":\"Person\",\"@id\":\"https:\/\/agrupacionespsoe.es\/ponferrada\/#\/schema\/person\/cd29ee627f3b70c05d415f02596debaa\",\"name\":\"ponferrada2\",\"image\":{\"@type\":\"ImageObject\",\"inLanguage\":\"es\",\"@id\":\"https:\/\/agrupacionespsoe.es\/ponferrada\/#\/schema\/person\/image\/\",\"url\":\"https:\/\/secure.gravatar.com\/avatar\/f499eeb60144c664cf7b7edf75549b50?s=96&d=mm&r=g\",\"contentUrl\":\"https:\/\/secure.gravatar.com\/avatar\/f499eeb60144c664cf7b7edf75549b50?s=96&d=mm&r=g\",\"caption\":\"ponferrada2\"},\"url\":\"https:\/\/agrupacionespsoe.es\/ponferrada\/author\/ponferrada2\/\"}]}<\/script>\n<!-- \/ Yoast SEO plugin. -->","yoast_head_json":{"title":"El Grupo Socialista pregunta al alcalde los verdaderos motivos por los que no ha sido posible el rodaje de la pel\u00edcula de Iciar Bolla\u00edn en Ponferrada. - Agrupaci\u00f3n Socialista de Ponferrada","robots":{"index":"index","follow":"follow","max-snippet":"max-snippet:-1","max-image-preview":"max-image-preview:large","max-video-preview":"max-video-preview:-1"},"canonical":"https:\/\/agrupacionespsoe.es\/ponferrada\/el-grupo-socialista-pregunta-al-alcalde-los-verdaderos-motivos-por-los-que-no-ha-sido-posible-el-rodaje-de-la-pelicula-de-iciar-bollain-en-ponferrada\/","og_locale":"es_ES","og_type":"article","og_title":"El Grupo Socialista pregunta al alcalde los verdaderos motivos por los que no ha sido posible el rodaje de la pel\u00edcula de Iciar Bolla\u00edn en Ponferrada. - Agrupaci\u00f3n Socialista de Ponferrada","og_description":"Ayer se conoci\u00f3 la noticia de que una de las plataformas digitales de televisi\u00f3n ha apostado por la realizaci\u00f3n de la pel\u00edcula de la historia de la exconcejala del ayuntamiento de Ponferrada, Nevenka Fern\u00e1ndez bajo la direcci\u00f3n de Iciar Bolla\u00edn, una de las directoras m\u00e1s conocidas y con m\u00e1s prestigio del cine espa\u00f1ol. Desde el ...","og_url":"https:\/\/agrupacionespsoe.es\/ponferrada\/el-grupo-socialista-pregunta-al-alcalde-los-verdaderos-motivos-por-los-que-no-ha-sido-posible-el-rodaje-de-la-pelicula-de-iciar-bollain-en-ponferrada\/","og_site_name":"Agrupaci\u00f3n Socialista de Ponferrada","article_published_time":"2024-01-19T15:42:25+00:00","article_modified_time":"2024-01-19T15:42:26+00:00","og_image":[{"width":1600,"height":1066,"url":"https:\/\/agrupacionespsoe.es\/ponferrada\/wp-content\/uploads\/sites\/36\/2024\/01\/WhatsApp-Image-2024-01-19-at-16.40.59.jpeg","type":"image\/jpeg"}],"author":"ponferrada2","twitter_card":"summary_large_image","twitter_misc":{"Escrito por":"ponferrada2","Tiempo de lectura":"2 minutos"},"schema":{"@context":"https:\/\/schema.org","@graph":[{"@type":"Article","@id":"https:\/\/agrupacionespsoe.es\/ponferrada\/el-grupo-socialista-pregunta-al-alcalde-los-verdaderos-motivos-por-los-que-no-ha-sido-posible-el-rodaje-de-la-pelicula-de-iciar-bollain-en-ponferrada\/#article","isPartOf":{"@id":"https:\/\/agrupacionespsoe.es\/ponferrada\/el-grupo-socialista-pregunta-al-alcalde-los-verdaderos-motivos-por-los-que-no-ha-sido-posible-el-rodaje-de-la-pelicula-de-iciar-bollain-en-ponferrada\/"},"author":{"name":"ponferrada2","@id":"https:\/\/agrupacionespsoe.es\/ponferrada\/#\/schema\/person\/cd29ee627f3b70c05d415f02596debaa"},"headline":"El Grupo Socialista pregunta al alcalde los verdaderos motivos por los que no ha sido posible el rodaje de la pel\u00edcula de Iciar Bolla\u00edn en Ponferrada.","datePublished":"2024-01-19T15:42:25+00:00","dateModified":"2024-01-19T15:42:26+00:00","mainEntityOfPage":{"@id":"https:\/\/agrupacionespsoe.es\/ponferrada\/el-grupo-socialista-pregunta-al-alcalde-los-verdaderos-motivos-por-los-que-no-ha-sido-posible-el-rodaje-de-la-pelicula-de-iciar-bollain-en-ponferrada\/"},"wordCount":356,"commentCount":0,"publisher":{"@id":"https:\/\/agrupacionespsoe.es\/ponferrada\/#organization"},"image":{"@id":"https:\/\/agrupacionespsoe.es\/ponferrada\/el-grupo-socialista-pregunta-al-alcalde-los-verdaderos-motivos-por-los-que-no-ha-sido-posible-el-rodaje-de-la-pelicula-de-iciar-bollain-en-ponferrada\/#primaryimage"},"thumbnailUrl":"https:\/\/agrupacionespsoe.es\/ponferrada\/wp-content\/uploads\/sites\/36\/2024\/01\/WhatsApp-Image-2024-01-19-at-16.40.59.jpeg","articleSection":["ACTUALIDAD"],"inLanguage":"es","potentialAction":[{"@type":"CommentAction","name":"Comment","target":["https:\/\/agrupacionespsoe.es\/ponferrada\/el-grupo-socialista-pregunta-al-alcalde-los-verdaderos-motivos-por-los-que-no-ha-sido-posible-el-rodaje-de-la-pelicula-de-iciar-bollain-en-ponferrada\/#respond"]}]},{"@type":"WebPage","@id":"https:\/\/agrupacionespsoe.es\/ponferrada\/el-grupo-socialista-pregunta-al-alcalde-los-verdaderos-motivos-por-los-que-no-ha-sido-posible-el-rodaje-de-la-pelicula-de-iciar-bollain-en-ponferrada\/","url":"https:\/\/agrupacionespsoe.es\/ponferrada\/el-grupo-socialista-pregunta-al-alcalde-los-verdaderos-motivos-por-los-que-no-ha-sido-posible-el-rodaje-de-la-pelicula-de-iciar-bollain-en-ponferrada\/","name":"El Grupo Socialista pregunta al alcalde los verdaderos motivos por los que no ha sido posible el rodaje de la pel\u00edcula de Iciar Bolla\u00edn en Ponferrada. - Agrupaci\u00f3n Socialista de Ponferrada","isPartOf":{"@id":"https:\/\/agrupacionespsoe.es\/ponferrada\/#website"},"primaryImageOfPage":{"@id":"https:\/\/agrupacionespsoe.es\/ponferrada\/el-grupo-socialista-pregunta-al-alcalde-los-verdaderos-motivos-por-los-que-no-ha-sido-posible-el-rodaje-de-la-pelicula-de-iciar-bollain-en-ponferrada\/#primaryimage"},"image":{"@id":"https:\/\/agrupacionespsoe.es\/ponferrada\/el-grupo-socialista-pregunta-al-alcalde-los-verdaderos-motivos-por-los-que-no-ha-sido-posible-el-rodaje-de-la-pelicula-de-iciar-bollain-en-ponferrada\/#primaryimage"},"thumbnailUrl":"https:\/\/agrupacionespsoe.es\/ponferrada\/wp-content\/uploads\/sites\/36\/2024\/01\/WhatsApp-Image-2024-01-19-at-16.40.59.jpeg","datePublished":"2024-01-19T15:42:25+00:00","dateModified":"2024-01-19T15:42:26+00:00","breadcrumb":{"@id":"https:\/\/agrupacionespsoe.es\/ponferrada\/el-grupo-socialista-pregunta-al-alcalde-los-verdaderos-motivos-por-los-que-no-ha-sido-posible-el-rodaje-de-la-pelicula-de-iciar-bollain-en-ponferrada\/#breadcrumb"},"inLanguage":"es","potentialAction":[{"@type":"ReadAction","target":["https:\/\/agrupacionespsoe.es\/ponferrada\/el-grupo-socialista-pregunta-al-alcalde-los-verdaderos-motivos-por-los-que-no-ha-sido-posible-el-rodaje-de-la-pelicula-de-iciar-bollain-en-ponferrada\/"]}]},{"@type":"ImageObject","inLanguage":"es","@id":"https:\/\/agrupacionespsoe.es\/ponferrada\/el-grupo-socialista-pregunta-al-alcalde-los-verdaderos-motivos-por-los-que-no-ha-sido-posible-el-rodaje-de-la-pelicula-de-iciar-bollain-en-ponferrada\/#primaryimage","url":"https:\/\/agrupacionespsoe.es\/ponferrada\/wp-content\/uploads\/sites\/36\/2024\/01\/WhatsApp-Image-2024-01-19-at-16.40.59.jpeg","contentUrl":"https:\/\/agrupacionespsoe.es\/ponferrada\/wp-content\/uploads\/sites\/36\/2024\/01\/WhatsApp-Image-2024-01-19-at-16.40.59.jpeg","width":1600,"height":1066},{"@type":"BreadcrumbList","@id":"https:\/\/agrupacionespsoe.es\/ponferrada\/el-grupo-socialista-pregunta-al-alcalde-los-verdaderos-motivos-por-los-que-no-ha-sido-posible-el-rodaje-de-la-pelicula-de-iciar-bollain-en-ponferrada\/#breadcrumb","itemListElement":[{"@type":"ListItem","position":1,"name":"Portada","item":"https:\/\/agrupacionespsoe.es\/ponferrada\/"},{"@type":"ListItem","position":2,"name":"El Grupo Socialista pregunta al alcalde los verdaderos motivos por los que no ha sido posible el rodaje de la pel\u00edcula de Iciar Bolla\u00edn en Ponferrada."}]},{"@type":"WebSite","@id":"https:\/\/agrupacionespsoe.es\/ponferrada\/#website","url":"https:\/\/agrupacionespsoe.es\/ponferrada\/","name":"Agrupaci\u00f3n Socialista de Ponferrada","description":"Agrupaci\u00f3n Socialista de Ponferrada","publisher":{"@id":"https:\/\/agrupacionespsoe.es\/ponferrada\/#organization"},"potentialAction":[{"@type":"SearchAction","target":{"@type":"EntryPoint","urlTemplate":"https:\/\/agrupacionespsoe.es\/ponferrada\/?s={search_term_string}"},"query-input":{"@type":"PropertyValueSpecification","valueRequired":true,"valueName":"search_term_string"}}],"inLanguage":"es"},{"@type":"Organization","@id":"https:\/\/agrupacionespsoe.es\/ponferrada\/#organization","name":"Agrupaci\u00f3n Socialista de Ponferrada","url":"https:\/\/agrupacionespsoe.es\/ponferrada\/","logo":{"@type":"ImageObject","inLanguage":"es","@id":"https:\/\/agrupacionespsoe.es\/ponferrada\/#\/schema\/logo\/image\/","url":"https:\/\/agrupacionespsoe.es\/wp-content\/uploads\/2022\/07\/Logotipo_electoral_del_PSOE.png","contentUrl":"https:\/\/agrupacionespsoe.es\/wp-content\/uploads\/2022\/07\/Logotipo_electoral_del_PSOE.png","width":422,"height":422,"caption":"Agrupaci\u00f3n Socialista de Ponferrada"},"image":{"@id":"https:\/\/agrupacionespsoe.es\/ponferrada\/#\/schema\/logo\/image\/"}},{"@type":"Person","@id":"https:\/\/agrupacionespsoe.es\/ponferrada\/#\/schema\/person\/cd29ee627f3b70c05d415f02596debaa","name":"ponferrada2","image":{"@type":"ImageObject","inLanguage":"es","@id":"https:\/\/agrupacionespsoe.es\/ponferrada\/#\/schema\/person\/image\/","url":"https:\/\/secure.gravatar.com\/avatar\/f499eeb60144c664cf7b7edf75549b50?s=96&d=mm&r=g","contentUrl":"https:\/\/secure.gravatar.com\/avatar\/f499eeb60144c664cf7b7edf75549b50?s=96&d=mm&r=g","caption":"ponferrada2"},"url":"https:\/\/agrupacionespsoe.es\/ponferrada\/author\/ponferrada2\/"}]}},"jetpack_featured_media_url":"https:\/\/agrupacionespsoe.es\/ponferrada\/wp-content\/uploads\/sites\/36\/2024\/01\/WhatsApp-Image-2024-01-19-at-16.40.59.jpeg","jetpack_sharing_enabled":true,"_links":{"self":[{"href":"https:\/\/agrupacionespsoe.es\/ponferrada\/wp-json\/wp\/v2\/posts\/347","targetHints":{"allow":["GET"]}}],"collection":[{"href":"https:\/\/agrupacionespsoe.es\/ponferrada\/wp-json\/wp\/v2\/posts"}],"about":[{"href":"https:\/\/agrupacionespsoe.es\/ponferrada\/wp-json\/wp\/v2\/types\/post"}],"author":[{"embeddable":true,"href":"https:\/\/agrupacionespsoe.es\/ponferrada\/wp-json\/wp\/v2\/users\/32"}],"replies":[{"embeddable":true,"href":"https:\/\/agrupacionespsoe.es\/ponferrada\/wp-json\/wp\/v2\/comments?post=347"}],"version-history":[{"count":1,"href":"https:\/\/agrupacionespsoe.es\/ponferrada\/wp-json\/wp\/v2\/posts\/347\/revisions"}],"predecessor-version":[{"id":349,"href":"https:\/\/agrupacionespsoe.es\/ponferrada\/wp-json\/wp\/v2\/posts\/347\/revisions\/349"}],"wp:featuredmedia":[{"embeddable":true,"href":"https:\/\/agrupacionespsoe.es\/ponferrada\/wp-json\/wp\/v2\/media\/348"}],"wp:attachment":[{"href":"https:\/\/agrupacionespsoe.es\/ponferrada\/wp-json\/wp\/v2\/media?parent=347"}],"wp:term":[{"taxonomy":"category","embeddable":true,"href":"https:\/\/agrupacionespsoe.es\/ponferrada\/wp-json\/wp\/v2\/categories?post=347"},{"taxonomy":"post_tag","embeddable":true,"href":"https:\/\/agrupacionespsoe.es\/ponferrada\/wp-json\/wp\/v2\/tags?post=347"}],"curies":[{"name":"wp","href":"https:\/\/api.w.org\/{rel}","templated":true}]}}