{"id":341,"date":"2024-01-15T17:32:32","date_gmt":"2024-01-15T17:32:32","guid":{"rendered":"https:\/\/agrupacionespsoe.es\/ponferrada\/?p=341"},"modified":"2024-01-15T17:32:33","modified_gmt":"2024-01-15T17:32:33","slug":"el-grupo-municipal-socialista-del-ayuntamiento-de-ponferrada-lamenta-el-vaciado-sistematico-al-que-estan-sometiendo-al-parque-de-el-plantio","status":"publish","type":"post","link":"https:\/\/agrupacionespsoe.es\/ponferrada\/el-grupo-municipal-socialista-del-ayuntamiento-de-ponferrada-lamenta-el-vaciado-sistematico-al-que-estan-sometiendo-al-parque-de-el-plantio\/","title":{"rendered":"El Grupo Municipal Socialista del Ayuntamiento de Ponferrada lamenta el vaciado sistem\u00e1tico al que est\u00e1n sometiendo al Parque de El Plant\u00edo."},"content":{"rendered":"\n<p>El Grupo Municipal Socialista del Ayuntamiento de Ponferrada pide a la corporaci\u00f3n municipal que reflexione sobre el vaciado del Parque de El Plant\u00edo<\/p>\n\n\n\n<p>Desde hoy se puede ver d\u00f3nde van a colocar el busto del militar y pol\u00edtico Severo G\u00f3mez N\u00fa\u00f1ez, que estaba situado en el parque Gil y Carrasco del Plant\u00edo, como consecuencia del anuncio del concejal de Coalici\u00f3n por el Bierzo, del supuesto embellecimiento que van a llevar a cabo en la ciudad con el traslado de bustos y otras esculturas.<\/p>\n\n\n\n<p>El actual concejal Pedro Fern\u00e1ndez quiere denunciar el abandono sistem\u00e1tico que se est\u00e1 haciendo del parque Gil y Carrasco \u201cEl Plant\u00edo\u201d, que en los mandatos del PP ha sufrido de manera paulatina el vaciado del mismo, han ido retirando del parque todas las esculturas y monumentos que albergaban dicho parque sin sustituirlas por nada. Dejando en su lugar \u201cagujeros descuidados\u201d. El \u00faltimo ejemplo se puede ver con la retirada del busto de Severo G\u00f3mez N\u00fa\u00f1ez.<\/p>\n\n\n\n<p>En palabras de Pedro Fern\u00e1ndez, act\u00faan como si estar ubicado en un parque sea un dem\u00e9rito o un descr\u00e9dito cuando deber\u00eda ser al rev\u00e9s y deber\u00eda dar valor al parque y a la propia escultura.<\/p>\n\n\n\n<figure class=\"wp-block-gallery has-nested-images columns-default is-cropped wp-block-gallery-1 is-layout-flex wp-block-gallery-is-layout-flex\">\n<figure class=\"wp-block-image size-large\"><img loading=\"lazy\" decoding=\"async\" width=\"1024\" height=\"769\" data-id=\"343\" src=\"https:\/\/agrupacionespsoe.es\/ponferrada\/wp-content\/uploads\/sites\/36\/2024\/01\/retirada-busto-1024x769.jpeg\" alt=\"\" class=\"wp-image-343\" srcset=\"https:\/\/agrupacionespsoe.es\/ponferrada\/wp-content\/uploads\/sites\/36\/2024\/01\/retirada-busto-1024x769.jpeg 1024w, https:\/\/agrupacionespsoe.es\/ponferrada\/wp-content\/uploads\/sites\/36\/2024\/01\/retirada-busto-300x225.jpeg 300w, https:\/\/agrupacionespsoe.es\/ponferrada\/wp-content\/uploads\/sites\/36\/2024\/01\/retirada-busto-768x576.jpeg 768w, https:\/\/agrupacionespsoe.es\/ponferrada\/wp-content\/uploads\/sites\/36\/2024\/01\/retirada-busto-1536x1153.jpeg 1536w, https:\/\/agrupacionespsoe.es\/ponferrada\/wp-content\/uploads\/sites\/36\/2024\/01\/retirada-busto.jpeg 1600w\" sizes=\"auto, (max-width: 1024px) 100vw, 1024px\" \/><figcaption class=\"wp-element-caption\">Estado actual Parque de El Plantio<\/figcaption><\/figure>\n\n\n\n<figure class=\"wp-block-image size-large\"><img loading=\"lazy\" decoding=\"async\" width=\"1024\" height=\"768\" data-id=\"344\" src=\"https:\/\/agrupacionespsoe.es\/ponferrada\/wp-content\/uploads\/sites\/36\/2024\/01\/retirada-parque-busto-1024x768.jpeg\" alt=\"\" class=\"wp-image-344\" srcset=\"https:\/\/agrupacionespsoe.es\/ponferrada\/wp-content\/uploads\/sites\/36\/2024\/01\/retirada-parque-busto-1024x768.jpeg 1024w, https:\/\/agrupacionespsoe.es\/ponferrada\/wp-content\/uploads\/sites\/36\/2024\/01\/retirada-parque-busto-300x225.jpeg 300w, https:\/\/agrupacionespsoe.es\/ponferrada\/wp-content\/uploads\/sites\/36\/2024\/01\/retirada-parque-busto-768x576.jpeg 768w, https:\/\/agrupacionespsoe.es\/ponferrada\/wp-content\/uploads\/sites\/36\/2024\/01\/retirada-parque-busto-1536x1152.jpeg 1536w, https:\/\/agrupacionespsoe.es\/ponferrada\/wp-content\/uploads\/sites\/36\/2024\/01\/retirada-parque-busto.jpeg 1600w\" sizes=\"auto, (max-width: 1024px) 100vw, 1024px\" \/><figcaption class=\"wp-element-caption\">Retirada del busto de Severo G\u00f3mez N\u00fa\u00f1ez<\/figcaption><\/figure>\n<\/figure>\n\n\n\n<p>Contin\u00faa denunciando que el Parque de El Plant\u00edo que se encontraba a la altura cultural de otros parques como el del Cid en Le\u00f3n poco a poco lo han convertido en un lugar para pisar barro y detritos o excrementos de aves.<\/p>\n\n\n\n<p>Finaliza cuestionando si el lugar elegido, en medio de una calle, donde han plantado el busto es el m\u00e1s adecuado y si de verdad lo pone en valor y le da reconocimiento o hace lo contrario.<\/p>\n\n\n\n<figure class=\"wp-block-image size-full\"><img loading=\"lazy\" decoding=\"async\" width=\"768\" height=\"1024\" src=\"https:\/\/agrupacionespsoe.es\/ponferrada\/wp-content\/uploads\/sites\/36\/2024\/01\/ubicacion-busto.jpeg\" alt=\"\" class=\"wp-image-342\" srcset=\"https:\/\/agrupacionespsoe.es\/ponferrada\/wp-content\/uploads\/sites\/36\/2024\/01\/ubicacion-busto.jpeg 768w, https:\/\/agrupacionespsoe.es\/ponferrada\/wp-content\/uploads\/sites\/36\/2024\/01\/ubicacion-busto-225x300.jpeg 225w\" sizes=\"auto, (max-width: 768px) 100vw, 768px\" \/><figcaption class=\"wp-element-caption\">C\/ G\u00f3mez N\u00fa\u00f1ez <\/figcaption><\/figure>\n","protected":false},"excerpt":{"rendered":"<p>El Grupo Municipal Socialista del Ayuntamiento de Ponferrada pide a la corporaci\u00f3n municipal que reflexione sobre el vaciado del Parque de El Plant\u00edo Desde hoy se puede ver d\u00f3nde van a colocar el busto del militar y pol\u00edtico Severo G\u00f3mez N\u00fa\u00f1ez, que estaba situado en el parque Gil y Carrasco del Plant\u00edo, como consecuencia del &#8230;<\/p>\n","protected":false},"author":32,"featured_media":343,"comment_status":"open","ping_status":"open","sticky":false,"template":"","format":"standard","meta":{"_jetpack_memberships_contains_paid_content":false,"footnotes":""},"categories":[6],"tags":[],"class_list":["post-341","post","type-post","status-publish","format-standard","has-post-thumbnail","hentry","category-actualidad"],"yoast_head":"<!-- This site is optimized with the Yoast SEO plugin v24.0 - https:\/\/yoast.com\/wordpress\/plugins\/seo\/ -->\n<title>El Grupo Municipal Socialista del Ayuntamiento de Ponferrada lamenta el vaciado sistem\u00e1tico al que est\u00e1n sometiendo al Parque de El Plant\u00edo. - Agrupaci\u00f3n Socialista de Ponferrada<\/title>\n<meta name=\"robots\" content=\"index, follow, max-snippet:-1, max-image-preview:large, max-video-preview:-1\" \/>\n<link rel=\"canonical\" href=\"https:\/\/agrupacionespsoe.es\/ponferrada\/el-grupo-municipal-socialista-del-ayuntamiento-de-ponferrada-lamenta-el-vaciado-sistematico-al-que-estan-sometiendo-al-parque-de-el-plantio\/\" \/>\n<meta property=\"og:locale\" content=\"es_ES\" \/>\n<meta property=\"og:type\" content=\"article\" \/>\n<meta property=\"og:title\" content=\"El Grupo Municipal Socialista del Ayuntamiento de Ponferrada lamenta el vaciado sistem\u00e1tico al que est\u00e1n sometiendo al Parque de El Plant\u00edo. - Agrupaci\u00f3n Socialista de Ponferrada\" \/>\n<meta property=\"og:description\" content=\"El Grupo Municipal Socialista del Ayuntamiento de Ponferrada pide a la corporaci\u00f3n municipal que reflexione sobre el vaciado del Parque de El Plant\u00edo Desde hoy se puede ver d\u00f3nde van a colocar el busto del militar y pol\u00edtico Severo G\u00f3mez N\u00fa\u00f1ez, que estaba situado en el parque Gil y Carrasco del Plant\u00edo, como consecuencia del ...\" \/>\n<meta property=\"og:url\" content=\"https:\/\/agrupacionespsoe.es\/ponferrada\/el-grupo-municipal-socialista-del-ayuntamiento-de-ponferrada-lamenta-el-vaciado-sistematico-al-que-estan-sometiendo-al-parque-de-el-plantio\/\" \/>\n<meta property=\"og:site_name\" content=\"Agrupaci\u00f3n Socialista de Ponferrada\" \/>\n<meta property=\"article:published_time\" content=\"2024-01-15T17:32:32+00:00\" \/>\n<meta property=\"article:modified_time\" content=\"2024-01-15T17:32:33+00:00\" \/>\n<meta property=\"og:image\" content=\"https:\/\/agrupacionespsoe.es\/ponferrada\/wp-content\/uploads\/sites\/36\/2024\/01\/retirada-busto.jpeg\" \/>\n\t<meta property=\"og:image:width\" content=\"1600\" \/>\n\t<meta property=\"og:image:height\" content=\"1201\" \/>\n\t<meta property=\"og:image:type\" content=\"image\/jpeg\" \/>\n<meta name=\"author\" content=\"ponferrada2\" \/>\n<meta name=\"twitter:card\" content=\"summary_large_image\" \/>\n<meta name=\"twitter:label1\" content=\"Escrito por\" \/>\n\t<meta name=\"twitter:data1\" content=\"ponferrada2\" \/>\n\t<meta name=\"twitter:label2\" content=\"Tiempo de lectura\" \/>\n\t<meta name=\"twitter:data2\" content=\"2 minutos\" \/>\n<script type=\"application\/ld+json\" class=\"yoast-schema-graph\">{\"@context\":\"https:\/\/schema.org\",\"@graph\":[{\"@type\":\"Article\",\"@id\":\"https:\/\/agrupacionespsoe.es\/ponferrada\/el-grupo-municipal-socialista-del-ayuntamiento-de-ponferrada-lamenta-el-vaciado-sistematico-al-que-estan-sometiendo-al-parque-de-el-plantio\/#article\",\"isPartOf\":{\"@id\":\"https:\/\/agrupacionespsoe.es\/ponferrada\/el-grupo-municipal-socialista-del-ayuntamiento-de-ponferrada-lamenta-el-vaciado-sistematico-al-que-estan-sometiendo-al-parque-de-el-plantio\/\"},\"author\":{\"name\":\"ponferrada2\",\"@id\":\"https:\/\/agrupacionespsoe.es\/ponferrada\/#\/schema\/person\/cd29ee627f3b70c05d415f02596debaa\"},\"headline\":\"El Grupo Municipal Socialista del Ayuntamiento de Ponferrada lamenta el vaciado sistem\u00e1tico al que est\u00e1n sometiendo al Parque de El Plant\u00edo.\",\"datePublished\":\"2024-01-15T17:32:32+00:00\",\"dateModified\":\"2024-01-15T17:32:33+00:00\",\"mainEntityOfPage\":{\"@id\":\"https:\/\/agrupacionespsoe.es\/ponferrada\/el-grupo-municipal-socialista-del-ayuntamiento-de-ponferrada-lamenta-el-vaciado-sistematico-al-que-estan-sometiendo-al-parque-de-el-plantio\/\"},\"wordCount\":339,\"commentCount\":0,\"publisher\":{\"@id\":\"https:\/\/agrupacionespsoe.es\/ponferrada\/#organization\"},\"image\":{\"@id\":\"https:\/\/agrupacionespsoe.es\/ponferrada\/el-grupo-municipal-socialista-del-ayuntamiento-de-ponferrada-lamenta-el-vaciado-sistematico-al-que-estan-sometiendo-al-parque-de-el-plantio\/#primaryimage\"},\"thumbnailUrl\":\"https:\/\/agrupacionespsoe.es\/ponferrada\/wp-content\/uploads\/sites\/36\/2024\/01\/retirada-busto.jpeg\",\"articleSection\":[\"ACTUALIDAD\"],\"inLanguage\":\"es\",\"potentialAction\":[{\"@type\":\"CommentAction\",\"name\":\"Comment\",\"target\":[\"https:\/\/agrupacionespsoe.es\/ponferrada\/el-grupo-municipal-socialista-del-ayuntamiento-de-ponferrada-lamenta-el-vaciado-sistematico-al-que-estan-sometiendo-al-parque-de-el-plantio\/#respond\"]}]},{\"@type\":\"WebPage\",\"@id\":\"https:\/\/agrupacionespsoe.es\/ponferrada\/el-grupo-municipal-socialista-del-ayuntamiento-de-ponferrada-lamenta-el-vaciado-sistematico-al-que-estan-sometiendo-al-parque-de-el-plantio\/\",\"url\":\"https:\/\/agrupacionespsoe.es\/ponferrada\/el-grupo-municipal-socialista-del-ayuntamiento-de-ponferrada-lamenta-el-vaciado-sistematico-al-que-estan-sometiendo-al-parque-de-el-plantio\/\",\"name\":\"El Grupo Municipal Socialista del Ayuntamiento de Ponferrada lamenta el vaciado sistem\u00e1tico al que est\u00e1n sometiendo al Parque de El Plant\u00edo. - Agrupaci\u00f3n Socialista de Ponferrada\",\"isPartOf\":{\"@id\":\"https:\/\/agrupacionespsoe.es\/ponferrada\/#website\"},\"primaryImageOfPage\":{\"@id\":\"https:\/\/agrupacionespsoe.es\/ponferrada\/el-grupo-municipal-socialista-del-ayuntamiento-de-ponferrada-lamenta-el-vaciado-sistematico-al-que-estan-sometiendo-al-parque-de-el-plantio\/#primaryimage\"},\"image\":{\"@id\":\"https:\/\/agrupacionespsoe.es\/ponferrada\/el-grupo-municipal-socialista-del-ayuntamiento-de-ponferrada-lamenta-el-vaciado-sistematico-al-que-estan-sometiendo-al-parque-de-el-plantio\/#primaryimage\"},\"thumbnailUrl\":\"https:\/\/agrupacionespsoe.es\/ponferrada\/wp-content\/uploads\/sites\/36\/2024\/01\/retirada-busto.jpeg\",\"datePublished\":\"2024-01-15T17:32:32+00:00\",\"dateModified\":\"2024-01-15T17:32:33+00:00\",\"breadcrumb\":{\"@id\":\"https:\/\/agrupacionespsoe.es\/ponferrada\/el-grupo-municipal-socialista-del-ayuntamiento-de-ponferrada-lamenta-el-vaciado-sistematico-al-que-estan-sometiendo-al-parque-de-el-plantio\/#breadcrumb\"},\"inLanguage\":\"es\",\"potentialAction\":[{\"@type\":\"ReadAction\",\"target\":[\"https:\/\/agrupacionespsoe.es\/ponferrada\/el-grupo-municipal-socialista-del-ayuntamiento-de-ponferrada-lamenta-el-vaciado-sistematico-al-que-estan-sometiendo-al-parque-de-el-plantio\/\"]}]},{\"@type\":\"ImageObject\",\"inLanguage\":\"es\",\"@id\":\"https:\/\/agrupacionespsoe.es\/ponferrada\/el-grupo-municipal-socialista-del-ayuntamiento-de-ponferrada-lamenta-el-vaciado-sistematico-al-que-estan-sometiendo-al-parque-de-el-plantio\/#primaryimage\",\"url\":\"https:\/\/agrupacionespsoe.es\/ponferrada\/wp-content\/uploads\/sites\/36\/2024\/01\/retirada-busto.jpeg\",\"contentUrl\":\"https:\/\/agrupacionespsoe.es\/ponferrada\/wp-content\/uploads\/sites\/36\/2024\/01\/retirada-busto.jpeg\",\"width\":1600,\"height\":1201},{\"@type\":\"BreadcrumbList\",\"@id\":\"https:\/\/agrupacionespsoe.es\/ponferrada\/el-grupo-municipal-socialista-del-ayuntamiento-de-ponferrada-lamenta-el-vaciado-sistematico-al-que-estan-sometiendo-al-parque-de-el-plantio\/#breadcrumb\",\"itemListElement\":[{\"@type\":\"ListItem\",\"position\":1,\"name\":\"Portada\",\"item\":\"https:\/\/agrupacionespsoe.es\/ponferrada\/\"},{\"@type\":\"ListItem\",\"position\":2,\"name\":\"El Grupo Municipal Socialista del Ayuntamiento de Ponferrada lamenta el vaciado sistem\u00e1tico al que est\u00e1n sometiendo al Parque de El Plant\u00edo.\"}]},{\"@type\":\"WebSite\",\"@id\":\"https:\/\/agrupacionespsoe.es\/ponferrada\/#website\",\"url\":\"https:\/\/agrupacionespsoe.es\/ponferrada\/\",\"name\":\"Agrupaci\u00f3n Socialista de Ponferrada\",\"description\":\"Agrupaci\u00f3n Socialista de Ponferrada\",\"publisher\":{\"@id\":\"https:\/\/agrupacionespsoe.es\/ponferrada\/#organization\"},\"potentialAction\":[{\"@type\":\"SearchAction\",\"target\":{\"@type\":\"EntryPoint\",\"urlTemplate\":\"https:\/\/agrupacionespsoe.es\/ponferrada\/?s={search_term_string}\"},\"query-input\":{\"@type\":\"PropertyValueSpecification\",\"valueRequired\":true,\"valueName\":\"search_term_string\"}}],\"inLanguage\":\"es\"},{\"@type\":\"Organization\",\"@id\":\"https:\/\/agrupacionespsoe.es\/ponferrada\/#organization\",\"name\":\"Agrupaci\u00f3n Socialista de Ponferrada\",\"url\":\"https:\/\/agrupacionespsoe.es\/ponferrada\/\",\"logo\":{\"@type\":\"ImageObject\",\"inLanguage\":\"es\",\"@id\":\"https:\/\/agrupacionespsoe.es\/ponferrada\/#\/schema\/logo\/image\/\",\"url\":\"https:\/\/agrupacionespsoe.es\/wp-content\/uploads\/2022\/07\/Logotipo_electoral_del_PSOE.png\",\"contentUrl\":\"https:\/\/agrupacionespsoe.es\/wp-content\/uploads\/2022\/07\/Logotipo_electoral_del_PSOE.png\",\"width\":422,\"height\":422,\"caption\":\"Agrupaci\u00f3n Socialista de Ponferrada\"},\"image\":{\"@id\":\"https:\/\/agrupacionespsoe.es\/ponferrada\/#\/schema\/logo\/image\/\"}},{\"@type\":\"Person\",\"@id\":\"https:\/\/agrupacionespsoe.es\/ponferrada\/#\/schema\/person\/cd29ee627f3b70c05d415f02596debaa\",\"name\":\"ponferrada2\",\"image\":{\"@type\":\"ImageObject\",\"inLanguage\":\"es\",\"@id\":\"https:\/\/agrupacionespsoe.es\/ponferrada\/#\/schema\/person\/image\/\",\"url\":\"https:\/\/secure.gravatar.com\/avatar\/f499eeb60144c664cf7b7edf75549b50?s=96&d=mm&r=g\",\"contentUrl\":\"https:\/\/secure.gravatar.com\/avatar\/f499eeb60144c664cf7b7edf75549b50?s=96&d=mm&r=g\",\"caption\":\"ponferrada2\"},\"url\":\"https:\/\/agrupacionespsoe.es\/ponferrada\/author\/ponferrada2\/\"}]}<\/script>\n<!-- \/ Yoast SEO plugin. -->","yoast_head_json":{"title":"El Grupo Municipal Socialista del Ayuntamiento de Ponferrada lamenta el vaciado sistem\u00e1tico al que est\u00e1n sometiendo al Parque de El Plant\u00edo. - Agrupaci\u00f3n Socialista de Ponferrada","robots":{"index":"index","follow":"follow","max-snippet":"max-snippet:-1","max-image-preview":"max-image-preview:large","max-video-preview":"max-video-preview:-1"},"canonical":"https:\/\/agrupacionespsoe.es\/ponferrada\/el-grupo-municipal-socialista-del-ayuntamiento-de-ponferrada-lamenta-el-vaciado-sistematico-al-que-estan-sometiendo-al-parque-de-el-plantio\/","og_locale":"es_ES","og_type":"article","og_title":"El Grupo Municipal Socialista del Ayuntamiento de Ponferrada lamenta el vaciado sistem\u00e1tico al que est\u00e1n sometiendo al Parque de El Plant\u00edo. - Agrupaci\u00f3n Socialista de Ponferrada","og_description":"El Grupo Municipal Socialista del Ayuntamiento de Ponferrada pide a la corporaci\u00f3n municipal que reflexione sobre el vaciado del Parque de El Plant\u00edo Desde hoy se puede ver d\u00f3nde van a colocar el busto del militar y pol\u00edtico Severo G\u00f3mez N\u00fa\u00f1ez, que estaba situado en el parque Gil y Carrasco del Plant\u00edo, como consecuencia del ...","og_url":"https:\/\/agrupacionespsoe.es\/ponferrada\/el-grupo-municipal-socialista-del-ayuntamiento-de-ponferrada-lamenta-el-vaciado-sistematico-al-que-estan-sometiendo-al-parque-de-el-plantio\/","og_site_name":"Agrupaci\u00f3n Socialista de Ponferrada","article_published_time":"2024-01-15T17:32:32+00:00","article_modified_time":"2024-01-15T17:32:33+00:00","og_image":[{"width":1600,"height":1201,"url":"https:\/\/agrupacionespsoe.es\/ponferrada\/wp-content\/uploads\/sites\/36\/2024\/01\/retirada-busto.jpeg","type":"image\/jpeg"}],"author":"ponferrada2","twitter_card":"summary_large_image","twitter_misc":{"Escrito por":"ponferrada2","Tiempo de lectura":"2 minutos"},"schema":{"@context":"https:\/\/schema.org","@graph":[{"@type":"Article","@id":"https:\/\/agrupacionespsoe.es\/ponferrada\/el-grupo-municipal-socialista-del-ayuntamiento-de-ponferrada-lamenta-el-vaciado-sistematico-al-que-estan-sometiendo-al-parque-de-el-plantio\/#article","isPartOf":{"@id":"https:\/\/agrupacionespsoe.es\/ponferrada\/el-grupo-municipal-socialista-del-ayuntamiento-de-ponferrada-lamenta-el-vaciado-sistematico-al-que-estan-sometiendo-al-parque-de-el-plantio\/"},"author":{"name":"ponferrada2","@id":"https:\/\/agrupacionespsoe.es\/ponferrada\/#\/schema\/person\/cd29ee627f3b70c05d415f02596debaa"},"headline":"El Grupo Municipal Socialista del Ayuntamiento de Ponferrada lamenta el vaciado sistem\u00e1tico al que est\u00e1n sometiendo al Parque de El Plant\u00edo.","datePublished":"2024-01-15T17:32:32+00:00","dateModified":"2024-01-15T17:32:33+00:00","mainEntityOfPage":{"@id":"https:\/\/agrupacionespsoe.es\/ponferrada\/el-grupo-municipal-socialista-del-ayuntamiento-de-ponferrada-lamenta-el-vaciado-sistematico-al-que-estan-sometiendo-al-parque-de-el-plantio\/"},"wordCount":339,"commentCount":0,"publisher":{"@id":"https:\/\/agrupacionespsoe.es\/ponferrada\/#organization"},"image":{"@id":"https:\/\/agrupacionespsoe.es\/ponferrada\/el-grupo-municipal-socialista-del-ayuntamiento-de-ponferrada-lamenta-el-vaciado-sistematico-al-que-estan-sometiendo-al-parque-de-el-plantio\/#primaryimage"},"thumbnailUrl":"https:\/\/agrupacionespsoe.es\/ponferrada\/wp-content\/uploads\/sites\/36\/2024\/01\/retirada-busto.jpeg","articleSection":["ACTUALIDAD"],"inLanguage":"es","potentialAction":[{"@type":"CommentAction","name":"Comment","target":["https:\/\/agrupacionespsoe.es\/ponferrada\/el-grupo-municipal-socialista-del-ayuntamiento-de-ponferrada-lamenta-el-vaciado-sistematico-al-que-estan-sometiendo-al-parque-de-el-plantio\/#respond"]}]},{"@type":"WebPage","@id":"https:\/\/agrupacionespsoe.es\/ponferrada\/el-grupo-municipal-socialista-del-ayuntamiento-de-ponferrada-lamenta-el-vaciado-sistematico-al-que-estan-sometiendo-al-parque-de-el-plantio\/","url":"https:\/\/agrupacionespsoe.es\/ponferrada\/el-grupo-municipal-socialista-del-ayuntamiento-de-ponferrada-lamenta-el-vaciado-sistematico-al-que-estan-sometiendo-al-parque-de-el-plantio\/","name":"El Grupo Municipal Socialista del Ayuntamiento de Ponferrada lamenta el vaciado sistem\u00e1tico al que est\u00e1n sometiendo al Parque de El Plant\u00edo. - Agrupaci\u00f3n Socialista de Ponferrada","isPartOf":{"@id":"https:\/\/agrupacionespsoe.es\/ponferrada\/#website"},"primaryImageOfPage":{"@id":"https:\/\/agrupacionespsoe.es\/ponferrada\/el-grupo-municipal-socialista-del-ayuntamiento-de-ponferrada-lamenta-el-vaciado-sistematico-al-que-estan-sometiendo-al-parque-de-el-plantio\/#primaryimage"},"image":{"@id":"https:\/\/agrupacionespsoe.es\/ponferrada\/el-grupo-municipal-socialista-del-ayuntamiento-de-ponferrada-lamenta-el-vaciado-sistematico-al-que-estan-sometiendo-al-parque-de-el-plantio\/#primaryimage"},"thumbnailUrl":"https:\/\/agrupacionespsoe.es\/ponferrada\/wp-content\/uploads\/sites\/36\/2024\/01\/retirada-busto.jpeg","datePublished":"2024-01-15T17:32:32+00:00","dateModified":"2024-01-15T17:32:33+00:00","breadcrumb":{"@id":"https:\/\/agrupacionespsoe.es\/ponferrada\/el-grupo-municipal-socialista-del-ayuntamiento-de-ponferrada-lamenta-el-vaciado-sistematico-al-que-estan-sometiendo-al-parque-de-el-plantio\/#breadcrumb"},"inLanguage":"es","potentialAction":[{"@type":"ReadAction","target":["https:\/\/agrupacionespsoe.es\/ponferrada\/el-grupo-municipal-socialista-del-ayuntamiento-de-ponferrada-lamenta-el-vaciado-sistematico-al-que-estan-sometiendo-al-parque-de-el-plantio\/"]}]},{"@type":"ImageObject","inLanguage":"es","@id":"https:\/\/agrupacionespsoe.es\/ponferrada\/el-grupo-municipal-socialista-del-ayuntamiento-de-ponferrada-lamenta-el-vaciado-sistematico-al-que-estan-sometiendo-al-parque-de-el-plantio\/#primaryimage","url":"https:\/\/agrupacionespsoe.es\/ponferrada\/wp-content\/uploads\/sites\/36\/2024\/01\/retirada-busto.jpeg","contentUrl":"https:\/\/agrupacionespsoe.es\/ponferrada\/wp-content\/uploads\/sites\/36\/2024\/01\/retirada-busto.jpeg","width":1600,"height":1201},{"@type":"BreadcrumbList","@id":"https:\/\/agrupacionespsoe.es\/ponferrada\/el-grupo-municipal-socialista-del-ayuntamiento-de-ponferrada-lamenta-el-vaciado-sistematico-al-que-estan-sometiendo-al-parque-de-el-plantio\/#breadcrumb","itemListElement":[{"@type":"ListItem","position":1,"name":"Portada","item":"https:\/\/agrupacionespsoe.es\/ponferrada\/"},{"@type":"ListItem","position":2,"name":"El Grupo Municipal Socialista del Ayuntamiento de Ponferrada lamenta el vaciado sistem\u00e1tico al que est\u00e1n sometiendo al Parque de El Plant\u00edo."}]},{"@type":"WebSite","@id":"https:\/\/agrupacionespsoe.es\/ponferrada\/#website","url":"https:\/\/agrupacionespsoe.es\/ponferrada\/","name":"Agrupaci\u00f3n Socialista de Ponferrada","description":"Agrupaci\u00f3n Socialista de Ponferrada","publisher":{"@id":"https:\/\/agrupacionespsoe.es\/ponferrada\/#organization"},"potentialAction":[{"@type":"SearchAction","target":{"@type":"EntryPoint","urlTemplate":"https:\/\/agrupacionespsoe.es\/ponferrada\/?s={search_term_string}"},"query-input":{"@type":"PropertyValueSpecification","valueRequired":true,"valueName":"search_term_string"}}],"inLanguage":"es"},{"@type":"Organization","@id":"https:\/\/agrupacionespsoe.es\/ponferrada\/#organization","name":"Agrupaci\u00f3n Socialista de Ponferrada","url":"https:\/\/agrupacionespsoe.es\/ponferrada\/","logo":{"@type":"ImageObject","inLanguage":"es","@id":"https:\/\/agrupacionespsoe.es\/ponferrada\/#\/schema\/logo\/image\/","url":"https:\/\/agrupacionespsoe.es\/wp-content\/uploads\/2022\/07\/Logotipo_electoral_del_PSOE.png","contentUrl":"https:\/\/agrupacionespsoe.es\/wp-content\/uploads\/2022\/07\/Logotipo_electoral_del_PSOE.png","width":422,"height":422,"caption":"Agrupaci\u00f3n Socialista de Ponferrada"},"image":{"@id":"https:\/\/agrupacionespsoe.es\/ponferrada\/#\/schema\/logo\/image\/"}},{"@type":"Person","@id":"https:\/\/agrupacionespsoe.es\/ponferrada\/#\/schema\/person\/cd29ee627f3b70c05d415f02596debaa","name":"ponferrada2","image":{"@type":"ImageObject","inLanguage":"es","@id":"https:\/\/agrupacionespsoe.es\/ponferrada\/#\/schema\/person\/image\/","url":"https:\/\/secure.gravatar.com\/avatar\/f499eeb60144c664cf7b7edf75549b50?s=96&d=mm&r=g","contentUrl":"https:\/\/secure.gravatar.com\/avatar\/f499eeb60144c664cf7b7edf75549b50?s=96&d=mm&r=g","caption":"ponferrada2"},"url":"https:\/\/agrupacionespsoe.es\/ponferrada\/author\/ponferrada2\/"}]}},"jetpack_featured_media_url":"https:\/\/agrupacionespsoe.es\/ponferrada\/wp-content\/uploads\/sites\/36\/2024\/01\/retirada-busto.jpeg","jetpack_sharing_enabled":true,"_links":{"self":[{"href":"https:\/\/agrupacionespsoe.es\/ponferrada\/wp-json\/wp\/v2\/posts\/341","targetHints":{"allow":["GET"]}}],"collection":[{"href":"https:\/\/agrupacionespsoe.es\/ponferrada\/wp-json\/wp\/v2\/posts"}],"about":[{"href":"https:\/\/agrupacionespsoe.es\/ponferrada\/wp-json\/wp\/v2\/types\/post"}],"author":[{"embeddable":true,"href":"https:\/\/agrupacionespsoe.es\/ponferrada\/wp-json\/wp\/v2\/users\/32"}],"replies":[{"embeddable":true,"href":"https:\/\/agrupacionespsoe.es\/ponferrada\/wp-json\/wp\/v2\/comments?post=341"}],"version-history":[{"count":1,"href":"https:\/\/agrupacionespsoe.es\/ponferrada\/wp-json\/wp\/v2\/posts\/341\/revisions"}],"predecessor-version":[{"id":345,"href":"https:\/\/agrupacionespsoe.es\/ponferrada\/wp-json\/wp\/v2\/posts\/341\/revisions\/345"}],"wp:featuredmedia":[{"embeddable":true,"href":"https:\/\/agrupacionespsoe.es\/ponferrada\/wp-json\/wp\/v2\/media\/343"}],"wp:attachment":[{"href":"https:\/\/agrupacionespsoe.es\/ponferrada\/wp-json\/wp\/v2\/media?parent=341"}],"wp:term":[{"taxonomy":"category","embeddable":true,"href":"https:\/\/agrupacionespsoe.es\/ponferrada\/wp-json\/wp\/v2\/categories?post=341"},{"taxonomy":"post_tag","embeddable":true,"href":"https:\/\/agrupacionespsoe.es\/ponferrada\/wp-json\/wp\/v2\/tags?post=341"}],"curies":[{"name":"wp","href":"https:\/\/api.w.org\/{rel}","templated":true}]}}