{"id":332,"date":"2024-01-09T10:10:54","date_gmt":"2024-01-09T10:10:54","guid":{"rendered":"https:\/\/agrupacionespsoe.es\/ponferrada\/?p=332"},"modified":"2024-01-09T10:13:08","modified_gmt":"2024-01-09T10:13:08","slug":"el-psoe-de-ponferrada-saca-pecho-de-los-compromisos-cumplidos-por-el-gobierno-de-sanchez","status":"publish","type":"post","link":"https:\/\/agrupacionespsoe.es\/ponferrada\/el-psoe-de-ponferrada-saca-pecho-de-los-compromisos-cumplidos-por-el-gobierno-de-sanchez\/","title":{"rendered":"\u2022 El PSOE de Ponferrada saca pecho de los compromisos cumplidos por el gobierno de S\u00e1nchez."},"content":{"rendered":"\n<ul class=\"has-large-font-size wp-block-list\">\n<li><strong>El actual equipo de gobierno es el m\u00e1s caro de la historia de Ponferrada, nos costar\u00e1n 500.000 euros m\u00e1s a la ciudadan\u00eda<\/strong><\/li>\n<\/ul>\n\n\n\n<p>El PSOE de Ponferrada ha tenido este lunes la reuni\u00f3n de la Comisi\u00f3n de la Ejecutiva Municipal del mes de enero.<\/p>\n\n\n\n<p>Entre otros asuntos, se inform\u00f3 de los dos \u00faltimos plenos del mes de diciembre, la portavoz de la ejecutiva, Mabel Fern\u00e1ndez, ha se\u00f1alado que ha acabado 2023 y hemos confirmado que los presupuestos de Ponferrada no se han aprobado, nos han dado diferentes excusas cada cual m\u00e1s peregrina pero la realidad es que el PP anuncia y no cumple. Lo que hemos constatado es que 2024 no va a traer la rebaja de impuestos y tasas que anunciaron en campa\u00f1a y que la \u00fanica rebaja que la ciudadan\u00eda va a notar es la tasa de Gersul que aprob\u00f3 el PSOE, sin el apoyo del PP.<\/p>\n\n\n\n<p>Mabel Fern\u00e1ndez contin\u00faa se\u00f1alando que \u201clo que tambi\u00e9n estamos empezando a constatar es que vuelve la vieja pol\u00edtica del PP: de aprobaciones de sectores urban\u00edsticos para su desarrollo y de proyectos fara\u00f3nicos como el que quieren presentar a los fondos europeos. Bajo el nombre de centro integrado del ecosistema de innovaci\u00f3n y emprendimiento en el territorio, nos quieren hacer creer que un nuevo edificio es una medida para luchar contra el paro y mejorar la actividad econ\u00f3mica de la ciudad. Mabel indica que \u201cel PP se sigue equivocando, en lugar de desarrollar pol\u00edticas p\u00fablicas ponen ladrillos, en lugar de hacer vivienda social construyen un edificio de innovaci\u00f3n cuando ya se puede disponer de \u00e9l en las instalaciones de la CIUDEN\u201d.<\/p>\n\n\n\n<p>Adem\u00e1s se inform\u00f3 de la reciente visita del Ministro de Transportes y Movilidad Sostenible, Oscar Puente, los socialistas de Ponferrada se felicitan por el anunci\u00f3 no s\u00f3lo de la licitaci\u00f3n del estudio para la b\u00fasqueda de la soluci\u00f3n al nudo del Manzanal, sino por las importantes inversiones en materia ferroviaria que permitir\u00e1n una mejor comunicaci\u00f3n de El Bierzo y lo har\u00e1n m\u00e1s atractivo.<\/p>\n\n\n\n<p>La ejecutiva tambi\u00e9n se interes\u00f3 por el apartadero ferroviario de La Placa, barrio que tambi\u00e9n visit\u00f3 el ministro, para conocer de primera mano el proyecto que se inici\u00f3 en el mandato de Olegario Ram\u00f3n, con una importante inversi\u00f3n y que se convertir\u00e1 en el primer paso de la plataforma log\u00edstica intermodal y permitir\u00e1 que Ponferrada no se quede fuera del corredor del eje atl\u00e1ntico.<\/p>\n\n\n\n<p>Son dos ejemplos de dos importantes inversiones que va a ejecutar el gobierno de Pedro S\u00e1nchez y vienen a saldar la deuda hist\u00f3rica con nuestra comarca y con Ponferrada y que demuestran el compromiso con nuestra tierra.<\/p>\n\n\n\n<p>Para la portavoz de la ejecutiva esa es la gran diferencia: \u201cmientras el gobierno de la naci\u00f3n va cumpliendo sus compromisos, del PP en la Junta de Castilla y Le\u00f3n a\u00fan no tenemos noticias. La lluvia de millones que iba a llegar a Ponferrada de la mano del gobierno de PP, CxB y VOX, ni est\u00e1 ni se la espera.\u201d<\/p>\n\n\n\n<p>Por \u00faltimo, la ejecutiva municipal del PSOE tambi\u00e9n fue informada del supuesto trabajo que est\u00e1n realizando los concejales de VOX, del que inform\u00f3 esta semana pasada el alcalde Morala.<\/p>\n\n\n\n<p>A juicio de Mabel Fern\u00e1ndez, \u201co bien han copiado el an\u00e1lisis del plan estrat\u00e9gico que se elabor\u00f3 durante el mandato de Olegario Ram\u00f3n y en ese caso resulta obsceno los m\u00e1s de 5.000 euros que cobraron cada uno en diciembre o bien han hecho un an\u00e1lisis cuando ya exist\u00eda uno hecho por t\u00e9cnicos profesionales y en ese caso tambi\u00e9n resulta obsceno los m\u00e1s de 37.000 euros que cobra cada uno de ellos al a\u00f1o por no hacer nada m\u00e1s que sustentar el gobierno actual\u201d.&nbsp;<\/p>\n\n\n\n<p>Para finalizar, Mabel Fern\u00e1ndez se\u00f1ala que \u201cdesde el PSOE de Ponferrada no vemos el trabajo, no vemos los proyectos de futuro y no vemos la supuesta ilusi\u00f3n de la que presume este equipo de gobierno. Un equipo de gobierno que es el m\u00e1s caro de la historia de Ponferrada, una corporaci\u00f3n donde todos los concejales, salvo los del PSOE cobran una buena dedicaci\u00f3n. Y esto, se puede comprobar en la propia web municipal.\u201d<\/p>\n\n\n\n<p>\u201cA pesar de que el alcalde anunci\u00f3 una rebaja de los sueldos pol\u00edticos, la realidad que es tozuda con las mentiras es que si se comparan estos 6 meses de gobierno de Morala con los \u00faltimos 6 del gobierno de Olegario hay una diferencia de m\u00e1s de 61.000 euros que nos cuestan a toda la ciudadan\u00eda, lo que va a suponer en los 4 a\u00f1os en los que est\u00e9n gobernando medio mill\u00f3n de euros m\u00e1s\u201d<\/p>\n\n\n\n<figure class=\"wp-block-image size-large\"><img loading=\"lazy\" decoding=\"async\" width=\"1024\" height=\"768\" src=\"https:\/\/agrupacionespsoe.es\/ponferrada\/wp-content\/uploads\/sites\/36\/2024\/01\/WhatsApp-Image-2024-01-09-at-10.09.11-1024x768.jpeg\" alt=\"\" class=\"wp-image-333\" srcset=\"https:\/\/agrupacionespsoe.es\/ponferrada\/wp-content\/uploads\/sites\/36\/2024\/01\/WhatsApp-Image-2024-01-09-at-10.09.11-1024x768.jpeg 1024w, https:\/\/agrupacionespsoe.es\/ponferrada\/wp-content\/uploads\/sites\/36\/2024\/01\/WhatsApp-Image-2024-01-09-at-10.09.11-300x225.jpeg 300w, https:\/\/agrupacionespsoe.es\/ponferrada\/wp-content\/uploads\/sites\/36\/2024\/01\/WhatsApp-Image-2024-01-09-at-10.09.11-768x576.jpeg 768w, https:\/\/agrupacionespsoe.es\/ponferrada\/wp-content\/uploads\/sites\/36\/2024\/01\/WhatsApp-Image-2024-01-09-at-10.09.11-1536x1152.jpeg 1536w, https:\/\/agrupacionespsoe.es\/ponferrada\/wp-content\/uploads\/sites\/36\/2024\/01\/WhatsApp-Image-2024-01-09-at-10.09.11.jpeg 1600w\" sizes=\"auto, (max-width: 1024px) 100vw, 1024px\" \/><figcaption class=\"wp-element-caption\">REUNI\u00d3N CEM ENERO 24<\/figcaption><\/figure>\n","protected":false},"excerpt":{"rendered":"<p>El PSOE de Ponferrada ha tenido este lunes la reuni\u00f3n de la Comisi\u00f3n de la Ejecutiva Municipal del mes de enero. Entre otros asuntos, se inform\u00f3 de los dos \u00faltimos plenos del mes de diciembre, la portavoz de la ejecutiva, Mabel Fern\u00e1ndez, ha se\u00f1alado que ha acabado 2023 y hemos confirmado que los presupuestos de &#8230;<\/p>\n","protected":false},"author":32,"featured_media":333,"comment_status":"open","ping_status":"open","sticky":false,"template":"","format":"standard","meta":{"_jetpack_memberships_contains_paid_content":false,"footnotes":""},"categories":[6],"tags":[],"class_list":["post-332","post","type-post","status-publish","format-standard","has-post-thumbnail","hentry","category-actualidad"],"yoast_head":"<!-- This site is optimized with the Yoast SEO plugin v24.0 - https:\/\/yoast.com\/wordpress\/plugins\/seo\/ -->\n<title>\u2022 El PSOE de Ponferrada saca pecho de los compromisos cumplidos por el gobierno de S\u00e1nchez. - Agrupaci\u00f3n Socialista de Ponferrada<\/title>\n<meta name=\"robots\" content=\"index, follow, max-snippet:-1, max-image-preview:large, max-video-preview:-1\" \/>\n<link rel=\"canonical\" href=\"https:\/\/agrupacionespsoe.es\/ponferrada\/el-psoe-de-ponferrada-saca-pecho-de-los-compromisos-cumplidos-por-el-gobierno-de-sanchez\/\" \/>\n<meta property=\"og:locale\" content=\"es_ES\" \/>\n<meta property=\"og:type\" content=\"article\" \/>\n<meta property=\"og:title\" content=\"\u2022 El PSOE de Ponferrada saca pecho de los compromisos cumplidos por el gobierno de S\u00e1nchez. - Agrupaci\u00f3n Socialista de Ponferrada\" \/>\n<meta property=\"og:description\" content=\"El PSOE de Ponferrada ha tenido este lunes la reuni\u00f3n de la Comisi\u00f3n de la Ejecutiva Municipal del mes de enero. Entre otros asuntos, se inform\u00f3 de los dos \u00faltimos plenos del mes de diciembre, la portavoz de la ejecutiva, Mabel Fern\u00e1ndez, ha se\u00f1alado que ha acabado 2023 y hemos confirmado que los presupuestos de ...\" \/>\n<meta property=\"og:url\" content=\"https:\/\/agrupacionespsoe.es\/ponferrada\/el-psoe-de-ponferrada-saca-pecho-de-los-compromisos-cumplidos-por-el-gobierno-de-sanchez\/\" \/>\n<meta property=\"og:site_name\" content=\"Agrupaci\u00f3n Socialista de Ponferrada\" \/>\n<meta property=\"article:published_time\" content=\"2024-01-09T10:10:54+00:00\" \/>\n<meta property=\"article:modified_time\" content=\"2024-01-09T10:13:08+00:00\" \/>\n<meta property=\"og:image\" content=\"https:\/\/agrupacionespsoe.es\/ponferrada\/wp-content\/uploads\/sites\/36\/2024\/01\/WhatsApp-Image-2024-01-09-at-10.09.11.jpeg\" \/>\n\t<meta property=\"og:image:width\" content=\"1600\" \/>\n\t<meta property=\"og:image:height\" content=\"1200\" \/>\n\t<meta property=\"og:image:type\" content=\"image\/jpeg\" \/>\n<meta name=\"author\" content=\"ponferrada2\" \/>\n<meta name=\"twitter:card\" content=\"summary_large_image\" \/>\n<meta name=\"twitter:label1\" content=\"Escrito por\" \/>\n\t<meta name=\"twitter:data1\" content=\"ponferrada2\" \/>\n\t<meta name=\"twitter:label2\" content=\"Tiempo de lectura\" \/>\n\t<meta name=\"twitter:data2\" content=\"4 minutos\" \/>\n<script type=\"application\/ld+json\" class=\"yoast-schema-graph\">{\"@context\":\"https:\/\/schema.org\",\"@graph\":[{\"@type\":\"Article\",\"@id\":\"https:\/\/agrupacionespsoe.es\/ponferrada\/el-psoe-de-ponferrada-saca-pecho-de-los-compromisos-cumplidos-por-el-gobierno-de-sanchez\/#article\",\"isPartOf\":{\"@id\":\"https:\/\/agrupacionespsoe.es\/ponferrada\/el-psoe-de-ponferrada-saca-pecho-de-los-compromisos-cumplidos-por-el-gobierno-de-sanchez\/\"},\"author\":{\"name\":\"ponferrada2\",\"@id\":\"https:\/\/agrupacionespsoe.es\/ponferrada\/#\/schema\/person\/cd29ee627f3b70c05d415f02596debaa\"},\"headline\":\"\u2022 El PSOE de Ponferrada saca pecho de los compromisos cumplidos por el gobierno de S\u00e1nchez.\",\"datePublished\":\"2024-01-09T10:10:54+00:00\",\"dateModified\":\"2024-01-09T10:13:08+00:00\",\"mainEntityOfPage\":{\"@id\":\"https:\/\/agrupacionespsoe.es\/ponferrada\/el-psoe-de-ponferrada-saca-pecho-de-los-compromisos-cumplidos-por-el-gobierno-de-sanchez\/\"},\"wordCount\":835,\"commentCount\":0,\"publisher\":{\"@id\":\"https:\/\/agrupacionespsoe.es\/ponferrada\/#organization\"},\"image\":{\"@id\":\"https:\/\/agrupacionespsoe.es\/ponferrada\/el-psoe-de-ponferrada-saca-pecho-de-los-compromisos-cumplidos-por-el-gobierno-de-sanchez\/#primaryimage\"},\"thumbnailUrl\":\"https:\/\/agrupacionespsoe.es\/ponferrada\/wp-content\/uploads\/sites\/36\/2024\/01\/WhatsApp-Image-2024-01-09-at-10.09.11.jpeg\",\"articleSection\":[\"ACTUALIDAD\"],\"inLanguage\":\"es\",\"potentialAction\":[{\"@type\":\"CommentAction\",\"name\":\"Comment\",\"target\":[\"https:\/\/agrupacionespsoe.es\/ponferrada\/el-psoe-de-ponferrada-saca-pecho-de-los-compromisos-cumplidos-por-el-gobierno-de-sanchez\/#respond\"]}]},{\"@type\":\"WebPage\",\"@id\":\"https:\/\/agrupacionespsoe.es\/ponferrada\/el-psoe-de-ponferrada-saca-pecho-de-los-compromisos-cumplidos-por-el-gobierno-de-sanchez\/\",\"url\":\"https:\/\/agrupacionespsoe.es\/ponferrada\/el-psoe-de-ponferrada-saca-pecho-de-los-compromisos-cumplidos-por-el-gobierno-de-sanchez\/\",\"name\":\"\u2022 El PSOE de Ponferrada saca pecho de los compromisos cumplidos por el gobierno de S\u00e1nchez. - Agrupaci\u00f3n Socialista de Ponferrada\",\"isPartOf\":{\"@id\":\"https:\/\/agrupacionespsoe.es\/ponferrada\/#website\"},\"primaryImageOfPage\":{\"@id\":\"https:\/\/agrupacionespsoe.es\/ponferrada\/el-psoe-de-ponferrada-saca-pecho-de-los-compromisos-cumplidos-por-el-gobierno-de-sanchez\/#primaryimage\"},\"image\":{\"@id\":\"https:\/\/agrupacionespsoe.es\/ponferrada\/el-psoe-de-ponferrada-saca-pecho-de-los-compromisos-cumplidos-por-el-gobierno-de-sanchez\/#primaryimage\"},\"thumbnailUrl\":\"https:\/\/agrupacionespsoe.es\/ponferrada\/wp-content\/uploads\/sites\/36\/2024\/01\/WhatsApp-Image-2024-01-09-at-10.09.11.jpeg\",\"datePublished\":\"2024-01-09T10:10:54+00:00\",\"dateModified\":\"2024-01-09T10:13:08+00:00\",\"breadcrumb\":{\"@id\":\"https:\/\/agrupacionespsoe.es\/ponferrada\/el-psoe-de-ponferrada-saca-pecho-de-los-compromisos-cumplidos-por-el-gobierno-de-sanchez\/#breadcrumb\"},\"inLanguage\":\"es\",\"potentialAction\":[{\"@type\":\"ReadAction\",\"target\":[\"https:\/\/agrupacionespsoe.es\/ponferrada\/el-psoe-de-ponferrada-saca-pecho-de-los-compromisos-cumplidos-por-el-gobierno-de-sanchez\/\"]}]},{\"@type\":\"ImageObject\",\"inLanguage\":\"es\",\"@id\":\"https:\/\/agrupacionespsoe.es\/ponferrada\/el-psoe-de-ponferrada-saca-pecho-de-los-compromisos-cumplidos-por-el-gobierno-de-sanchez\/#primaryimage\",\"url\":\"https:\/\/agrupacionespsoe.es\/ponferrada\/wp-content\/uploads\/sites\/36\/2024\/01\/WhatsApp-Image-2024-01-09-at-10.09.11.jpeg\",\"contentUrl\":\"https:\/\/agrupacionespsoe.es\/ponferrada\/wp-content\/uploads\/sites\/36\/2024\/01\/WhatsApp-Image-2024-01-09-at-10.09.11.jpeg\",\"width\":1600,\"height\":1200},{\"@type\":\"BreadcrumbList\",\"@id\":\"https:\/\/agrupacionespsoe.es\/ponferrada\/el-psoe-de-ponferrada-saca-pecho-de-los-compromisos-cumplidos-por-el-gobierno-de-sanchez\/#breadcrumb\",\"itemListElement\":[{\"@type\":\"ListItem\",\"position\":1,\"name\":\"Portada\",\"item\":\"https:\/\/agrupacionespsoe.es\/ponferrada\/\"},{\"@type\":\"ListItem\",\"position\":2,\"name\":\"\u2022 El PSOE de Ponferrada saca pecho de los compromisos cumplidos por el gobierno de S\u00e1nchez.\"}]},{\"@type\":\"WebSite\",\"@id\":\"https:\/\/agrupacionespsoe.es\/ponferrada\/#website\",\"url\":\"https:\/\/agrupacionespsoe.es\/ponferrada\/\",\"name\":\"Agrupaci\u00f3n Socialista de Ponferrada\",\"description\":\"Agrupaci\u00f3n Socialista de Ponferrada\",\"publisher\":{\"@id\":\"https:\/\/agrupacionespsoe.es\/ponferrada\/#organization\"},\"potentialAction\":[{\"@type\":\"SearchAction\",\"target\":{\"@type\":\"EntryPoint\",\"urlTemplate\":\"https:\/\/agrupacionespsoe.es\/ponferrada\/?s={search_term_string}\"},\"query-input\":{\"@type\":\"PropertyValueSpecification\",\"valueRequired\":true,\"valueName\":\"search_term_string\"}}],\"inLanguage\":\"es\"},{\"@type\":\"Organization\",\"@id\":\"https:\/\/agrupacionespsoe.es\/ponferrada\/#organization\",\"name\":\"Agrupaci\u00f3n Socialista de Ponferrada\",\"url\":\"https:\/\/agrupacionespsoe.es\/ponferrada\/\",\"logo\":{\"@type\":\"ImageObject\",\"inLanguage\":\"es\",\"@id\":\"https:\/\/agrupacionespsoe.es\/ponferrada\/#\/schema\/logo\/image\/\",\"url\":\"https:\/\/agrupacionespsoe.es\/wp-content\/uploads\/2022\/07\/Logotipo_electoral_del_PSOE.png\",\"contentUrl\":\"https:\/\/agrupacionespsoe.es\/wp-content\/uploads\/2022\/07\/Logotipo_electoral_del_PSOE.png\",\"width\":422,\"height\":422,\"caption\":\"Agrupaci\u00f3n Socialista de Ponferrada\"},\"image\":{\"@id\":\"https:\/\/agrupacionespsoe.es\/ponferrada\/#\/schema\/logo\/image\/\"}},{\"@type\":\"Person\",\"@id\":\"https:\/\/agrupacionespsoe.es\/ponferrada\/#\/schema\/person\/cd29ee627f3b70c05d415f02596debaa\",\"name\":\"ponferrada2\",\"image\":{\"@type\":\"ImageObject\",\"inLanguage\":\"es\",\"@id\":\"https:\/\/agrupacionespsoe.es\/ponferrada\/#\/schema\/person\/image\/\",\"url\":\"https:\/\/secure.gravatar.com\/avatar\/f499eeb60144c664cf7b7edf75549b50?s=96&d=mm&r=g\",\"contentUrl\":\"https:\/\/secure.gravatar.com\/avatar\/f499eeb60144c664cf7b7edf75549b50?s=96&d=mm&r=g\",\"caption\":\"ponferrada2\"},\"url\":\"https:\/\/agrupacionespsoe.es\/ponferrada\/author\/ponferrada2\/\"}]}<\/script>\n<!-- \/ Yoast SEO plugin. -->","yoast_head_json":{"title":"\u2022 El PSOE de Ponferrada saca pecho de los compromisos cumplidos por el gobierno de S\u00e1nchez. - Agrupaci\u00f3n Socialista de Ponferrada","robots":{"index":"index","follow":"follow","max-snippet":"max-snippet:-1","max-image-preview":"max-image-preview:large","max-video-preview":"max-video-preview:-1"},"canonical":"https:\/\/agrupacionespsoe.es\/ponferrada\/el-psoe-de-ponferrada-saca-pecho-de-los-compromisos-cumplidos-por-el-gobierno-de-sanchez\/","og_locale":"es_ES","og_type":"article","og_title":"\u2022 El PSOE de Ponferrada saca pecho de los compromisos cumplidos por el gobierno de S\u00e1nchez. - Agrupaci\u00f3n Socialista de Ponferrada","og_description":"El PSOE de Ponferrada ha tenido este lunes la reuni\u00f3n de la Comisi\u00f3n de la Ejecutiva Municipal del mes de enero. Entre otros asuntos, se inform\u00f3 de los dos \u00faltimos plenos del mes de diciembre, la portavoz de la ejecutiva, Mabel Fern\u00e1ndez, ha se\u00f1alado que ha acabado 2023 y hemos confirmado que los presupuestos de ...","og_url":"https:\/\/agrupacionespsoe.es\/ponferrada\/el-psoe-de-ponferrada-saca-pecho-de-los-compromisos-cumplidos-por-el-gobierno-de-sanchez\/","og_site_name":"Agrupaci\u00f3n Socialista de Ponferrada","article_published_time":"2024-01-09T10:10:54+00:00","article_modified_time":"2024-01-09T10:13:08+00:00","og_image":[{"width":1600,"height":1200,"url":"https:\/\/agrupacionespsoe.es\/ponferrada\/wp-content\/uploads\/sites\/36\/2024\/01\/WhatsApp-Image-2024-01-09-at-10.09.11.jpeg","type":"image\/jpeg"}],"author":"ponferrada2","twitter_card":"summary_large_image","twitter_misc":{"Escrito por":"ponferrada2","Tiempo de lectura":"4 minutos"},"schema":{"@context":"https:\/\/schema.org","@graph":[{"@type":"Article","@id":"https:\/\/agrupacionespsoe.es\/ponferrada\/el-psoe-de-ponferrada-saca-pecho-de-los-compromisos-cumplidos-por-el-gobierno-de-sanchez\/#article","isPartOf":{"@id":"https:\/\/agrupacionespsoe.es\/ponferrada\/el-psoe-de-ponferrada-saca-pecho-de-los-compromisos-cumplidos-por-el-gobierno-de-sanchez\/"},"author":{"name":"ponferrada2","@id":"https:\/\/agrupacionespsoe.es\/ponferrada\/#\/schema\/person\/cd29ee627f3b70c05d415f02596debaa"},"headline":"\u2022 El PSOE de Ponferrada saca pecho de los compromisos cumplidos por el gobierno de S\u00e1nchez.","datePublished":"2024-01-09T10:10:54+00:00","dateModified":"2024-01-09T10:13:08+00:00","mainEntityOfPage":{"@id":"https:\/\/agrupacionespsoe.es\/ponferrada\/el-psoe-de-ponferrada-saca-pecho-de-los-compromisos-cumplidos-por-el-gobierno-de-sanchez\/"},"wordCount":835,"commentCount":0,"publisher":{"@id":"https:\/\/agrupacionespsoe.es\/ponferrada\/#organization"},"image":{"@id":"https:\/\/agrupacionespsoe.es\/ponferrada\/el-psoe-de-ponferrada-saca-pecho-de-los-compromisos-cumplidos-por-el-gobierno-de-sanchez\/#primaryimage"},"thumbnailUrl":"https:\/\/agrupacionespsoe.es\/ponferrada\/wp-content\/uploads\/sites\/36\/2024\/01\/WhatsApp-Image-2024-01-09-at-10.09.11.jpeg","articleSection":["ACTUALIDAD"],"inLanguage":"es","potentialAction":[{"@type":"CommentAction","name":"Comment","target":["https:\/\/agrupacionespsoe.es\/ponferrada\/el-psoe-de-ponferrada-saca-pecho-de-los-compromisos-cumplidos-por-el-gobierno-de-sanchez\/#respond"]}]},{"@type":"WebPage","@id":"https:\/\/agrupacionespsoe.es\/ponferrada\/el-psoe-de-ponferrada-saca-pecho-de-los-compromisos-cumplidos-por-el-gobierno-de-sanchez\/","url":"https:\/\/agrupacionespsoe.es\/ponferrada\/el-psoe-de-ponferrada-saca-pecho-de-los-compromisos-cumplidos-por-el-gobierno-de-sanchez\/","name":"\u2022 El PSOE de Ponferrada saca pecho de los compromisos cumplidos por el gobierno de S\u00e1nchez. - Agrupaci\u00f3n Socialista de Ponferrada","isPartOf":{"@id":"https:\/\/agrupacionespsoe.es\/ponferrada\/#website"},"primaryImageOfPage":{"@id":"https:\/\/agrupacionespsoe.es\/ponferrada\/el-psoe-de-ponferrada-saca-pecho-de-los-compromisos-cumplidos-por-el-gobierno-de-sanchez\/#primaryimage"},"image":{"@id":"https:\/\/agrupacionespsoe.es\/ponferrada\/el-psoe-de-ponferrada-saca-pecho-de-los-compromisos-cumplidos-por-el-gobierno-de-sanchez\/#primaryimage"},"thumbnailUrl":"https:\/\/agrupacionespsoe.es\/ponferrada\/wp-content\/uploads\/sites\/36\/2024\/01\/WhatsApp-Image-2024-01-09-at-10.09.11.jpeg","datePublished":"2024-01-09T10:10:54+00:00","dateModified":"2024-01-09T10:13:08+00:00","breadcrumb":{"@id":"https:\/\/agrupacionespsoe.es\/ponferrada\/el-psoe-de-ponferrada-saca-pecho-de-los-compromisos-cumplidos-por-el-gobierno-de-sanchez\/#breadcrumb"},"inLanguage":"es","potentialAction":[{"@type":"ReadAction","target":["https:\/\/agrupacionespsoe.es\/ponferrada\/el-psoe-de-ponferrada-saca-pecho-de-los-compromisos-cumplidos-por-el-gobierno-de-sanchez\/"]}]},{"@type":"ImageObject","inLanguage":"es","@id":"https:\/\/agrupacionespsoe.es\/ponferrada\/el-psoe-de-ponferrada-saca-pecho-de-los-compromisos-cumplidos-por-el-gobierno-de-sanchez\/#primaryimage","url":"https:\/\/agrupacionespsoe.es\/ponferrada\/wp-content\/uploads\/sites\/36\/2024\/01\/WhatsApp-Image-2024-01-09-at-10.09.11.jpeg","contentUrl":"https:\/\/agrupacionespsoe.es\/ponferrada\/wp-content\/uploads\/sites\/36\/2024\/01\/WhatsApp-Image-2024-01-09-at-10.09.11.jpeg","width":1600,"height":1200},{"@type":"BreadcrumbList","@id":"https:\/\/agrupacionespsoe.es\/ponferrada\/el-psoe-de-ponferrada-saca-pecho-de-los-compromisos-cumplidos-por-el-gobierno-de-sanchez\/#breadcrumb","itemListElement":[{"@type":"ListItem","position":1,"name":"Portada","item":"https:\/\/agrupacionespsoe.es\/ponferrada\/"},{"@type":"ListItem","position":2,"name":"\u2022 El PSOE de Ponferrada saca pecho de los compromisos cumplidos por el gobierno de S\u00e1nchez."}]},{"@type":"WebSite","@id":"https:\/\/agrupacionespsoe.es\/ponferrada\/#website","url":"https:\/\/agrupacionespsoe.es\/ponferrada\/","name":"Agrupaci\u00f3n Socialista de Ponferrada","description":"Agrupaci\u00f3n Socialista de Ponferrada","publisher":{"@id":"https:\/\/agrupacionespsoe.es\/ponferrada\/#organization"},"potentialAction":[{"@type":"SearchAction","target":{"@type":"EntryPoint","urlTemplate":"https:\/\/agrupacionespsoe.es\/ponferrada\/?s={search_term_string}"},"query-input":{"@type":"PropertyValueSpecification","valueRequired":true,"valueName":"search_term_string"}}],"inLanguage":"es"},{"@type":"Organization","@id":"https:\/\/agrupacionespsoe.es\/ponferrada\/#organization","name":"Agrupaci\u00f3n Socialista de Ponferrada","url":"https:\/\/agrupacionespsoe.es\/ponferrada\/","logo":{"@type":"ImageObject","inLanguage":"es","@id":"https:\/\/agrupacionespsoe.es\/ponferrada\/#\/schema\/logo\/image\/","url":"https:\/\/agrupacionespsoe.es\/wp-content\/uploads\/2022\/07\/Logotipo_electoral_del_PSOE.png","contentUrl":"https:\/\/agrupacionespsoe.es\/wp-content\/uploads\/2022\/07\/Logotipo_electoral_del_PSOE.png","width":422,"height":422,"caption":"Agrupaci\u00f3n Socialista de Ponferrada"},"image":{"@id":"https:\/\/agrupacionespsoe.es\/ponferrada\/#\/schema\/logo\/image\/"}},{"@type":"Person","@id":"https:\/\/agrupacionespsoe.es\/ponferrada\/#\/schema\/person\/cd29ee627f3b70c05d415f02596debaa","name":"ponferrada2","image":{"@type":"ImageObject","inLanguage":"es","@id":"https:\/\/agrupacionespsoe.es\/ponferrada\/#\/schema\/person\/image\/","url":"https:\/\/secure.gravatar.com\/avatar\/f499eeb60144c664cf7b7edf75549b50?s=96&d=mm&r=g","contentUrl":"https:\/\/secure.gravatar.com\/avatar\/f499eeb60144c664cf7b7edf75549b50?s=96&d=mm&r=g","caption":"ponferrada2"},"url":"https:\/\/agrupacionespsoe.es\/ponferrada\/author\/ponferrada2\/"}]}},"jetpack_featured_media_url":"https:\/\/agrupacionespsoe.es\/ponferrada\/wp-content\/uploads\/sites\/36\/2024\/01\/WhatsApp-Image-2024-01-09-at-10.09.11.jpeg","jetpack_sharing_enabled":true,"_links":{"self":[{"href":"https:\/\/agrupacionespsoe.es\/ponferrada\/wp-json\/wp\/v2\/posts\/332","targetHints":{"allow":["GET"]}}],"collection":[{"href":"https:\/\/agrupacionespsoe.es\/ponferrada\/wp-json\/wp\/v2\/posts"}],"about":[{"href":"https:\/\/agrupacionespsoe.es\/ponferrada\/wp-json\/wp\/v2\/types\/post"}],"author":[{"embeddable":true,"href":"https:\/\/agrupacionespsoe.es\/ponferrada\/wp-json\/wp\/v2\/users\/32"}],"replies":[{"embeddable":true,"href":"https:\/\/agrupacionespsoe.es\/ponferrada\/wp-json\/wp\/v2\/comments?post=332"}],"version-history":[{"count":1,"href":"https:\/\/agrupacionespsoe.es\/ponferrada\/wp-json\/wp\/v2\/posts\/332\/revisions"}],"predecessor-version":[{"id":334,"href":"https:\/\/agrupacionespsoe.es\/ponferrada\/wp-json\/wp\/v2\/posts\/332\/revisions\/334"}],"wp:featuredmedia":[{"embeddable":true,"href":"https:\/\/agrupacionespsoe.es\/ponferrada\/wp-json\/wp\/v2\/media\/333"}],"wp:attachment":[{"href":"https:\/\/agrupacionespsoe.es\/ponferrada\/wp-json\/wp\/v2\/media?parent=332"}],"wp:term":[{"taxonomy":"category","embeddable":true,"href":"https:\/\/agrupacionespsoe.es\/ponferrada\/wp-json\/wp\/v2\/categories?post=332"},{"taxonomy":"post_tag","embeddable":true,"href":"https:\/\/agrupacionespsoe.es\/ponferrada\/wp-json\/wp\/v2\/tags?post=332"}],"curies":[{"name":"wp","href":"https:\/\/api.w.org\/{rel}","templated":true}]}}