{"id":317,"date":"2023-12-18T08:24:15","date_gmt":"2023-12-18T08:24:15","guid":{"rendered":"https:\/\/agrupacionespsoe.es\/ponferrada\/?p=317"},"modified":"2023-12-19T08:29:45","modified_gmt":"2023-12-19T08:29:45","slug":"pedro-f-robles-ironiza-sobre-el-tiempo-que-ha-tardado-el-iniciar-los-proyectos-que-ya-dejo-el-psoe-iniciados","status":"publish","type":"post","link":"https:\/\/agrupacionespsoe.es\/ponferrada\/pedro-f-robles-ironiza-sobre-el-tiempo-que-ha-tardado-el-iniciar-los-proyectos-que-ya-dejo-el-psoe-iniciados\/","title":{"rendered":"Pedro F. Robles ironiza sobre el tiempo que ha tardado el iniciar los proyectos que ya dej\u00f3 el PSOE iniciados."},"content":{"rendered":"\n<p><strong>Piden al alcalde que por decoro pol\u00edtico no llame disparates a los proyectos que m\u00e1s tarde se atribuye<\/strong><\/p>\n\n\n\n<p>El Grupo Municipal Socialista se congratula de que su esfuerzo y su trabajo vea por fin sus frutos y el actual equipo de gobierno pueda presumir de la herencia recibida.<\/p>\n\n\n\n<p>Pedro F. Robles ha tirado de iron\u00eda para hablar del trabajo del actual equipo de gobierno y de la ineficiente gesti\u00f3n del PSOE que el PP ha se\u00f1alado, \u201csolo le han hecho falta 6 meses para empezar unos trabajos que ya estaban iniciados, y que en alg\u00fan caso requer\u00edan un procedimiento de 15 d\u00edas, proyectos que contaban con presupuesto y en alguno de ellos ya estaba hasta el contrato firmado\u201d. \u201cA este ritmo de trabajo &nbsp;van a incumplir otra de sus promesas electorales de no dejar las obras para el \u00faltimo a\u00f1o de mandato, y la van a incumplir porque dif\u00edcilmente van a sacar alg\u00fan proyecto propio en este pr\u00f3ximo a\u00f1o\u201d, Fern\u00e1ndez Robles se\u00f1ala que \u201ces curioso que el PP hable de la ineficiente gesti\u00f3n del anterior equipo de gobierno y lo poco que han empezado sea lo que nosotros dejamos empezado y presupuestado\u201d.<\/p>\n\n\n\n<p>Hoy el actual equipo de gobierno ha anunciado tres importantes obras que dej\u00f3 inconclusas el PSOE en el mandato anterior. La primera son los trabajos de derribo de la C. Badajoz, Pedro F. Robles ha querido recordar que este proyecto ya lo inici\u00f3 USE y el PP en el mandato de Gloria Merayo no fue capaz a hacer nada y fue el anterior equipo de gobierno el que lleg\u00f3 a un acuerdo con el propietario y abon\u00f3 la compra del mismo, adem\u00e1s de dejar en presupuestos la partida necesaria para acabar el expediente y poder ver ejecutado el proyecto.<\/p>\n\n\n\n<p>El segundo es el anuncio del comienzo de la retirada de las cubiertas de las antiguas carboneras, proyecto que llevaba d\u00e9cadas estancado en el ayuntamiento y que la junta de gobierno en noviembre de 2022 ya aprob\u00f3 el expediente de expropiaci\u00f3n y aprob\u00f3 en los presupuestos de 2023 las partidas necesarias para ejecutarlo. Y antes de las elecciones ya se hab\u00eda hecho el acta de ocupaci\u00f3n de una gran parte de las mismas y las restantes requer\u00edan un plazo m\u00e1ximo de 15 d\u00edas y hasta se dej\u00f3 cerrado el contrato con la empresa de residuos para que se procediera a la retirada de esas cubiertas de fibrocemento. Est\u00e1 claro que al PP se le han hecho cortos estos \u00faltimos 6 meses.<\/p>\n\n\n\n<p>Y por \u00faltimo es la colocaci\u00f3n de los cortavientos en el mercado de abastos que se enmarcan dentro del proyecto de fondos europeos para dinamizaci\u00f3n comercial y del mercado de abastos que se consigui\u00f3 en el anterior mandato y que supuso casi 300.000 euros.<\/p>\n\n\n\n<p>El concejal del PSOE se\u00f1ala que si no hubiera sido porque el PSOE les ha dejado la partida presupuestaria para acabar estos proyectos hubiera sido imposible que los realizaran. Ha querido finalizar indicando que \u201cno le pedimos al actual alcalde que por decoro pol\u00edtico agradezca o reconozca el trabajo realizado pero que al menos,\u00a0 no tache las iniciativas de disparatadas e improductivas si luego va a hacer gala de ellas y a atribuirse el m\u00e9rito. Ya es tiempo de que se pongan manos a la obra y empiecen a gobernar en lugar de seguir quej\u00e1ndose por lo que seg\u00fan ellos no se llev\u00f3 a cabo\u201d.<\/p>\n\n\n\n<figure class=\"wp-block-image size-full\"><img loading=\"lazy\" decoding=\"async\" width=\"343\" height=\"328\" src=\"https:\/\/agrupacionespsoe.es\/ponferrada\/wp-content\/uploads\/sites\/36\/2023\/12\/pedro-fdez.jpeg\" alt=\"\" class=\"wp-image-318\" srcset=\"https:\/\/agrupacionespsoe.es\/ponferrada\/wp-content\/uploads\/sites\/36\/2023\/12\/pedro-fdez.jpeg 343w, https:\/\/agrupacionespsoe.es\/ponferrada\/wp-content\/uploads\/sites\/36\/2023\/12\/pedro-fdez-300x287.jpeg 300w\" sizes=\"auto, (max-width: 343px) 100vw, 343px\" \/><\/figure>\n","protected":false},"excerpt":{"rendered":"<p>Piden al alcalde que por decoro pol\u00edtico no llame disparates a los proyectos que m\u00e1s tarde se atribuye El Grupo Municipal Socialista se congratula de que su esfuerzo y su trabajo vea por fin sus frutos y el actual equipo de gobierno pueda presumir de la herencia recibida. Pedro F. Robles ha tirado de iron\u00eda &#8230;<\/p>\n","protected":false},"author":32,"featured_media":318,"comment_status":"open","ping_status":"open","sticky":false,"template":"","format":"standard","meta":{"_jetpack_memberships_contains_paid_content":false,"footnotes":""},"categories":[6],"tags":[],"class_list":["post-317","post","type-post","status-publish","format-standard","has-post-thumbnail","hentry","category-actualidad"],"yoast_head":"<!-- This site is optimized with the Yoast SEO plugin v24.0 - https:\/\/yoast.com\/wordpress\/plugins\/seo\/ -->\n<title>Pedro F. Robles ironiza sobre el tiempo que ha tardado el iniciar los proyectos que ya dej\u00f3 el PSOE iniciados. - Agrupaci\u00f3n Socialista de Ponferrada<\/title>\n<meta name=\"robots\" content=\"index, follow, max-snippet:-1, max-image-preview:large, max-video-preview:-1\" \/>\n<link rel=\"canonical\" href=\"https:\/\/agrupacionespsoe.es\/ponferrada\/pedro-f-robles-ironiza-sobre-el-tiempo-que-ha-tardado-el-iniciar-los-proyectos-que-ya-dejo-el-psoe-iniciados\/\" \/>\n<meta property=\"og:locale\" content=\"es_ES\" \/>\n<meta property=\"og:type\" content=\"article\" \/>\n<meta property=\"og:title\" content=\"Pedro F. Robles ironiza sobre el tiempo que ha tardado el iniciar los proyectos que ya dej\u00f3 el PSOE iniciados. - Agrupaci\u00f3n Socialista de Ponferrada\" \/>\n<meta property=\"og:description\" content=\"Piden al alcalde que por decoro pol\u00edtico no llame disparates a los proyectos que m\u00e1s tarde se atribuye El Grupo Municipal Socialista se congratula de que su esfuerzo y su trabajo vea por fin sus frutos y el actual equipo de gobierno pueda presumir de la herencia recibida. Pedro F. Robles ha tirado de iron\u00eda ...\" \/>\n<meta property=\"og:url\" content=\"https:\/\/agrupacionespsoe.es\/ponferrada\/pedro-f-robles-ironiza-sobre-el-tiempo-que-ha-tardado-el-iniciar-los-proyectos-que-ya-dejo-el-psoe-iniciados\/\" \/>\n<meta property=\"og:site_name\" content=\"Agrupaci\u00f3n Socialista de Ponferrada\" \/>\n<meta property=\"article:published_time\" content=\"2023-12-18T08:24:15+00:00\" \/>\n<meta property=\"article:modified_time\" content=\"2023-12-19T08:29:45+00:00\" \/>\n<meta property=\"og:image\" content=\"https:\/\/agrupacionespsoe.es\/ponferrada\/wp-content\/uploads\/sites\/36\/2023\/12\/pedro-fdez.jpeg\" \/>\n\t<meta property=\"og:image:width\" content=\"343\" \/>\n\t<meta property=\"og:image:height\" content=\"328\" \/>\n\t<meta property=\"og:image:type\" content=\"image\/jpeg\" \/>\n<meta name=\"author\" content=\"ponferrada2\" \/>\n<meta name=\"twitter:card\" content=\"summary_large_image\" \/>\n<meta name=\"twitter:label1\" content=\"Escrito por\" \/>\n\t<meta name=\"twitter:data1\" content=\"ponferrada2\" \/>\n\t<meta name=\"twitter:label2\" content=\"Tiempo de lectura\" \/>\n\t<meta name=\"twitter:data2\" content=\"3 minutos\" \/>\n<script type=\"application\/ld+json\" class=\"yoast-schema-graph\">{\"@context\":\"https:\/\/schema.org\",\"@graph\":[{\"@type\":\"Article\",\"@id\":\"https:\/\/agrupacionespsoe.es\/ponferrada\/pedro-f-robles-ironiza-sobre-el-tiempo-que-ha-tardado-el-iniciar-los-proyectos-que-ya-dejo-el-psoe-iniciados\/#article\",\"isPartOf\":{\"@id\":\"https:\/\/agrupacionespsoe.es\/ponferrada\/pedro-f-robles-ironiza-sobre-el-tiempo-que-ha-tardado-el-iniciar-los-proyectos-que-ya-dejo-el-psoe-iniciados\/\"},\"author\":{\"name\":\"ponferrada2\",\"@id\":\"https:\/\/agrupacionespsoe.es\/ponferrada\/#\/schema\/person\/cd29ee627f3b70c05d415f02596debaa\"},\"headline\":\"Pedro F. Robles ironiza sobre el tiempo que ha tardado el iniciar los proyectos que ya dej\u00f3 el PSOE iniciados.\",\"datePublished\":\"2023-12-18T08:24:15+00:00\",\"dateModified\":\"2023-12-19T08:29:45+00:00\",\"mainEntityOfPage\":{\"@id\":\"https:\/\/agrupacionespsoe.es\/ponferrada\/pedro-f-robles-ironiza-sobre-el-tiempo-que-ha-tardado-el-iniciar-los-proyectos-que-ya-dejo-el-psoe-iniciados\/\"},\"wordCount\":606,\"commentCount\":0,\"publisher\":{\"@id\":\"https:\/\/agrupacionespsoe.es\/ponferrada\/#organization\"},\"image\":{\"@id\":\"https:\/\/agrupacionespsoe.es\/ponferrada\/pedro-f-robles-ironiza-sobre-el-tiempo-que-ha-tardado-el-iniciar-los-proyectos-que-ya-dejo-el-psoe-iniciados\/#primaryimage\"},\"thumbnailUrl\":\"https:\/\/agrupacionespsoe.es\/ponferrada\/wp-content\/uploads\/sites\/36\/2023\/12\/pedro-fdez.jpeg\",\"articleSection\":[\"ACTUALIDAD\"],\"inLanguage\":\"es\",\"potentialAction\":[{\"@type\":\"CommentAction\",\"name\":\"Comment\",\"target\":[\"https:\/\/agrupacionespsoe.es\/ponferrada\/pedro-f-robles-ironiza-sobre-el-tiempo-que-ha-tardado-el-iniciar-los-proyectos-que-ya-dejo-el-psoe-iniciados\/#respond\"]}]},{\"@type\":\"WebPage\",\"@id\":\"https:\/\/agrupacionespsoe.es\/ponferrada\/pedro-f-robles-ironiza-sobre-el-tiempo-que-ha-tardado-el-iniciar-los-proyectos-que-ya-dejo-el-psoe-iniciados\/\",\"url\":\"https:\/\/agrupacionespsoe.es\/ponferrada\/pedro-f-robles-ironiza-sobre-el-tiempo-que-ha-tardado-el-iniciar-los-proyectos-que-ya-dejo-el-psoe-iniciados\/\",\"name\":\"Pedro F. Robles ironiza sobre el tiempo que ha tardado el iniciar los proyectos que ya dej\u00f3 el PSOE iniciados. - Agrupaci\u00f3n Socialista de Ponferrada\",\"isPartOf\":{\"@id\":\"https:\/\/agrupacionespsoe.es\/ponferrada\/#website\"},\"primaryImageOfPage\":{\"@id\":\"https:\/\/agrupacionespsoe.es\/ponferrada\/pedro-f-robles-ironiza-sobre-el-tiempo-que-ha-tardado-el-iniciar-los-proyectos-que-ya-dejo-el-psoe-iniciados\/#primaryimage\"},\"image\":{\"@id\":\"https:\/\/agrupacionespsoe.es\/ponferrada\/pedro-f-robles-ironiza-sobre-el-tiempo-que-ha-tardado-el-iniciar-los-proyectos-que-ya-dejo-el-psoe-iniciados\/#primaryimage\"},\"thumbnailUrl\":\"https:\/\/agrupacionespsoe.es\/ponferrada\/wp-content\/uploads\/sites\/36\/2023\/12\/pedro-fdez.jpeg\",\"datePublished\":\"2023-12-18T08:24:15+00:00\",\"dateModified\":\"2023-12-19T08:29:45+00:00\",\"breadcrumb\":{\"@id\":\"https:\/\/agrupacionespsoe.es\/ponferrada\/pedro-f-robles-ironiza-sobre-el-tiempo-que-ha-tardado-el-iniciar-los-proyectos-que-ya-dejo-el-psoe-iniciados\/#breadcrumb\"},\"inLanguage\":\"es\",\"potentialAction\":[{\"@type\":\"ReadAction\",\"target\":[\"https:\/\/agrupacionespsoe.es\/ponferrada\/pedro-f-robles-ironiza-sobre-el-tiempo-que-ha-tardado-el-iniciar-los-proyectos-que-ya-dejo-el-psoe-iniciados\/\"]}]},{\"@type\":\"ImageObject\",\"inLanguage\":\"es\",\"@id\":\"https:\/\/agrupacionespsoe.es\/ponferrada\/pedro-f-robles-ironiza-sobre-el-tiempo-que-ha-tardado-el-iniciar-los-proyectos-que-ya-dejo-el-psoe-iniciados\/#primaryimage\",\"url\":\"https:\/\/agrupacionespsoe.es\/ponferrada\/wp-content\/uploads\/sites\/36\/2023\/12\/pedro-fdez.jpeg\",\"contentUrl\":\"https:\/\/agrupacionespsoe.es\/ponferrada\/wp-content\/uploads\/sites\/36\/2023\/12\/pedro-fdez.jpeg\",\"width\":343,\"height\":328},{\"@type\":\"BreadcrumbList\",\"@id\":\"https:\/\/agrupacionespsoe.es\/ponferrada\/pedro-f-robles-ironiza-sobre-el-tiempo-que-ha-tardado-el-iniciar-los-proyectos-que-ya-dejo-el-psoe-iniciados\/#breadcrumb\",\"itemListElement\":[{\"@type\":\"ListItem\",\"position\":1,\"name\":\"Portada\",\"item\":\"https:\/\/agrupacionespsoe.es\/ponferrada\/\"},{\"@type\":\"ListItem\",\"position\":2,\"name\":\"Pedro F. Robles ironiza sobre el tiempo que ha tardado el iniciar los proyectos que ya dej\u00f3 el PSOE iniciados.\"}]},{\"@type\":\"WebSite\",\"@id\":\"https:\/\/agrupacionespsoe.es\/ponferrada\/#website\",\"url\":\"https:\/\/agrupacionespsoe.es\/ponferrada\/\",\"name\":\"Agrupaci\u00f3n Socialista de Ponferrada\",\"description\":\"Agrupaci\u00f3n Socialista de Ponferrada\",\"publisher\":{\"@id\":\"https:\/\/agrupacionespsoe.es\/ponferrada\/#organization\"},\"potentialAction\":[{\"@type\":\"SearchAction\",\"target\":{\"@type\":\"EntryPoint\",\"urlTemplate\":\"https:\/\/agrupacionespsoe.es\/ponferrada\/?s={search_term_string}\"},\"query-input\":{\"@type\":\"PropertyValueSpecification\",\"valueRequired\":true,\"valueName\":\"search_term_string\"}}],\"inLanguage\":\"es\"},{\"@type\":\"Organization\",\"@id\":\"https:\/\/agrupacionespsoe.es\/ponferrada\/#organization\",\"name\":\"Agrupaci\u00f3n Socialista de Ponferrada\",\"url\":\"https:\/\/agrupacionespsoe.es\/ponferrada\/\",\"logo\":{\"@type\":\"ImageObject\",\"inLanguage\":\"es\",\"@id\":\"https:\/\/agrupacionespsoe.es\/ponferrada\/#\/schema\/logo\/image\/\",\"url\":\"https:\/\/agrupacionespsoe.es\/wp-content\/uploads\/2022\/07\/Logotipo_electoral_del_PSOE.png\",\"contentUrl\":\"https:\/\/agrupacionespsoe.es\/wp-content\/uploads\/2022\/07\/Logotipo_electoral_del_PSOE.png\",\"width\":422,\"height\":422,\"caption\":\"Agrupaci\u00f3n Socialista de Ponferrada\"},\"image\":{\"@id\":\"https:\/\/agrupacionespsoe.es\/ponferrada\/#\/schema\/logo\/image\/\"}},{\"@type\":\"Person\",\"@id\":\"https:\/\/agrupacionespsoe.es\/ponferrada\/#\/schema\/person\/cd29ee627f3b70c05d415f02596debaa\",\"name\":\"ponferrada2\",\"image\":{\"@type\":\"ImageObject\",\"inLanguage\":\"es\",\"@id\":\"https:\/\/agrupacionespsoe.es\/ponferrada\/#\/schema\/person\/image\/\",\"url\":\"https:\/\/secure.gravatar.com\/avatar\/f499eeb60144c664cf7b7edf75549b50?s=96&d=mm&r=g\",\"contentUrl\":\"https:\/\/secure.gravatar.com\/avatar\/f499eeb60144c664cf7b7edf75549b50?s=96&d=mm&r=g\",\"caption\":\"ponferrada2\"},\"url\":\"https:\/\/agrupacionespsoe.es\/ponferrada\/author\/ponferrada2\/\"}]}<\/script>\n<!-- \/ Yoast SEO plugin. -->","yoast_head_json":{"title":"Pedro F. Robles ironiza sobre el tiempo que ha tardado el iniciar los proyectos que ya dej\u00f3 el PSOE iniciados. - Agrupaci\u00f3n Socialista de Ponferrada","robots":{"index":"index","follow":"follow","max-snippet":"max-snippet:-1","max-image-preview":"max-image-preview:large","max-video-preview":"max-video-preview:-1"},"canonical":"https:\/\/agrupacionespsoe.es\/ponferrada\/pedro-f-robles-ironiza-sobre-el-tiempo-que-ha-tardado-el-iniciar-los-proyectos-que-ya-dejo-el-psoe-iniciados\/","og_locale":"es_ES","og_type":"article","og_title":"Pedro F. Robles ironiza sobre el tiempo que ha tardado el iniciar los proyectos que ya dej\u00f3 el PSOE iniciados. - Agrupaci\u00f3n Socialista de Ponferrada","og_description":"Piden al alcalde que por decoro pol\u00edtico no llame disparates a los proyectos que m\u00e1s tarde se atribuye El Grupo Municipal Socialista se congratula de que su esfuerzo y su trabajo vea por fin sus frutos y el actual equipo de gobierno pueda presumir de la herencia recibida. Pedro F. Robles ha tirado de iron\u00eda ...","og_url":"https:\/\/agrupacionespsoe.es\/ponferrada\/pedro-f-robles-ironiza-sobre-el-tiempo-que-ha-tardado-el-iniciar-los-proyectos-que-ya-dejo-el-psoe-iniciados\/","og_site_name":"Agrupaci\u00f3n Socialista de Ponferrada","article_published_time":"2023-12-18T08:24:15+00:00","article_modified_time":"2023-12-19T08:29:45+00:00","og_image":[{"width":343,"height":328,"url":"https:\/\/agrupacionespsoe.es\/ponferrada\/wp-content\/uploads\/sites\/36\/2023\/12\/pedro-fdez.jpeg","type":"image\/jpeg"}],"author":"ponferrada2","twitter_card":"summary_large_image","twitter_misc":{"Escrito por":"ponferrada2","Tiempo de lectura":"3 minutos"},"schema":{"@context":"https:\/\/schema.org","@graph":[{"@type":"Article","@id":"https:\/\/agrupacionespsoe.es\/ponferrada\/pedro-f-robles-ironiza-sobre-el-tiempo-que-ha-tardado-el-iniciar-los-proyectos-que-ya-dejo-el-psoe-iniciados\/#article","isPartOf":{"@id":"https:\/\/agrupacionespsoe.es\/ponferrada\/pedro-f-robles-ironiza-sobre-el-tiempo-que-ha-tardado-el-iniciar-los-proyectos-que-ya-dejo-el-psoe-iniciados\/"},"author":{"name":"ponferrada2","@id":"https:\/\/agrupacionespsoe.es\/ponferrada\/#\/schema\/person\/cd29ee627f3b70c05d415f02596debaa"},"headline":"Pedro F. Robles ironiza sobre el tiempo que ha tardado el iniciar los proyectos que ya dej\u00f3 el PSOE iniciados.","datePublished":"2023-12-18T08:24:15+00:00","dateModified":"2023-12-19T08:29:45+00:00","mainEntityOfPage":{"@id":"https:\/\/agrupacionespsoe.es\/ponferrada\/pedro-f-robles-ironiza-sobre-el-tiempo-que-ha-tardado-el-iniciar-los-proyectos-que-ya-dejo-el-psoe-iniciados\/"},"wordCount":606,"commentCount":0,"publisher":{"@id":"https:\/\/agrupacionespsoe.es\/ponferrada\/#organization"},"image":{"@id":"https:\/\/agrupacionespsoe.es\/ponferrada\/pedro-f-robles-ironiza-sobre-el-tiempo-que-ha-tardado-el-iniciar-los-proyectos-que-ya-dejo-el-psoe-iniciados\/#primaryimage"},"thumbnailUrl":"https:\/\/agrupacionespsoe.es\/ponferrada\/wp-content\/uploads\/sites\/36\/2023\/12\/pedro-fdez.jpeg","articleSection":["ACTUALIDAD"],"inLanguage":"es","potentialAction":[{"@type":"CommentAction","name":"Comment","target":["https:\/\/agrupacionespsoe.es\/ponferrada\/pedro-f-robles-ironiza-sobre-el-tiempo-que-ha-tardado-el-iniciar-los-proyectos-que-ya-dejo-el-psoe-iniciados\/#respond"]}]},{"@type":"WebPage","@id":"https:\/\/agrupacionespsoe.es\/ponferrada\/pedro-f-robles-ironiza-sobre-el-tiempo-que-ha-tardado-el-iniciar-los-proyectos-que-ya-dejo-el-psoe-iniciados\/","url":"https:\/\/agrupacionespsoe.es\/ponferrada\/pedro-f-robles-ironiza-sobre-el-tiempo-que-ha-tardado-el-iniciar-los-proyectos-que-ya-dejo-el-psoe-iniciados\/","name":"Pedro F. Robles ironiza sobre el tiempo que ha tardado el iniciar los proyectos que ya dej\u00f3 el PSOE iniciados. - Agrupaci\u00f3n Socialista de Ponferrada","isPartOf":{"@id":"https:\/\/agrupacionespsoe.es\/ponferrada\/#website"},"primaryImageOfPage":{"@id":"https:\/\/agrupacionespsoe.es\/ponferrada\/pedro-f-robles-ironiza-sobre-el-tiempo-que-ha-tardado-el-iniciar-los-proyectos-que-ya-dejo-el-psoe-iniciados\/#primaryimage"},"image":{"@id":"https:\/\/agrupacionespsoe.es\/ponferrada\/pedro-f-robles-ironiza-sobre-el-tiempo-que-ha-tardado-el-iniciar-los-proyectos-que-ya-dejo-el-psoe-iniciados\/#primaryimage"},"thumbnailUrl":"https:\/\/agrupacionespsoe.es\/ponferrada\/wp-content\/uploads\/sites\/36\/2023\/12\/pedro-fdez.jpeg","datePublished":"2023-12-18T08:24:15+00:00","dateModified":"2023-12-19T08:29:45+00:00","breadcrumb":{"@id":"https:\/\/agrupacionespsoe.es\/ponferrada\/pedro-f-robles-ironiza-sobre-el-tiempo-que-ha-tardado-el-iniciar-los-proyectos-que-ya-dejo-el-psoe-iniciados\/#breadcrumb"},"inLanguage":"es","potentialAction":[{"@type":"ReadAction","target":["https:\/\/agrupacionespsoe.es\/ponferrada\/pedro-f-robles-ironiza-sobre-el-tiempo-que-ha-tardado-el-iniciar-los-proyectos-que-ya-dejo-el-psoe-iniciados\/"]}]},{"@type":"ImageObject","inLanguage":"es","@id":"https:\/\/agrupacionespsoe.es\/ponferrada\/pedro-f-robles-ironiza-sobre-el-tiempo-que-ha-tardado-el-iniciar-los-proyectos-que-ya-dejo-el-psoe-iniciados\/#primaryimage","url":"https:\/\/agrupacionespsoe.es\/ponferrada\/wp-content\/uploads\/sites\/36\/2023\/12\/pedro-fdez.jpeg","contentUrl":"https:\/\/agrupacionespsoe.es\/ponferrada\/wp-content\/uploads\/sites\/36\/2023\/12\/pedro-fdez.jpeg","width":343,"height":328},{"@type":"BreadcrumbList","@id":"https:\/\/agrupacionespsoe.es\/ponferrada\/pedro-f-robles-ironiza-sobre-el-tiempo-que-ha-tardado-el-iniciar-los-proyectos-que-ya-dejo-el-psoe-iniciados\/#breadcrumb","itemListElement":[{"@type":"ListItem","position":1,"name":"Portada","item":"https:\/\/agrupacionespsoe.es\/ponferrada\/"},{"@type":"ListItem","position":2,"name":"Pedro F. Robles ironiza sobre el tiempo que ha tardado el iniciar los proyectos que ya dej\u00f3 el PSOE iniciados."}]},{"@type":"WebSite","@id":"https:\/\/agrupacionespsoe.es\/ponferrada\/#website","url":"https:\/\/agrupacionespsoe.es\/ponferrada\/","name":"Agrupaci\u00f3n Socialista de Ponferrada","description":"Agrupaci\u00f3n Socialista de Ponferrada","publisher":{"@id":"https:\/\/agrupacionespsoe.es\/ponferrada\/#organization"},"potentialAction":[{"@type":"SearchAction","target":{"@type":"EntryPoint","urlTemplate":"https:\/\/agrupacionespsoe.es\/ponferrada\/?s={search_term_string}"},"query-input":{"@type":"PropertyValueSpecification","valueRequired":true,"valueName":"search_term_string"}}],"inLanguage":"es"},{"@type":"Organization","@id":"https:\/\/agrupacionespsoe.es\/ponferrada\/#organization","name":"Agrupaci\u00f3n Socialista de Ponferrada","url":"https:\/\/agrupacionespsoe.es\/ponferrada\/","logo":{"@type":"ImageObject","inLanguage":"es","@id":"https:\/\/agrupacionespsoe.es\/ponferrada\/#\/schema\/logo\/image\/","url":"https:\/\/agrupacionespsoe.es\/wp-content\/uploads\/2022\/07\/Logotipo_electoral_del_PSOE.png","contentUrl":"https:\/\/agrupacionespsoe.es\/wp-content\/uploads\/2022\/07\/Logotipo_electoral_del_PSOE.png","width":422,"height":422,"caption":"Agrupaci\u00f3n Socialista de Ponferrada"},"image":{"@id":"https:\/\/agrupacionespsoe.es\/ponferrada\/#\/schema\/logo\/image\/"}},{"@type":"Person","@id":"https:\/\/agrupacionespsoe.es\/ponferrada\/#\/schema\/person\/cd29ee627f3b70c05d415f02596debaa","name":"ponferrada2","image":{"@type":"ImageObject","inLanguage":"es","@id":"https:\/\/agrupacionespsoe.es\/ponferrada\/#\/schema\/person\/image\/","url":"https:\/\/secure.gravatar.com\/avatar\/f499eeb60144c664cf7b7edf75549b50?s=96&d=mm&r=g","contentUrl":"https:\/\/secure.gravatar.com\/avatar\/f499eeb60144c664cf7b7edf75549b50?s=96&d=mm&r=g","caption":"ponferrada2"},"url":"https:\/\/agrupacionespsoe.es\/ponferrada\/author\/ponferrada2\/"}]}},"jetpack_featured_media_url":"https:\/\/agrupacionespsoe.es\/ponferrada\/wp-content\/uploads\/sites\/36\/2023\/12\/pedro-fdez.jpeg","jetpack_sharing_enabled":true,"_links":{"self":[{"href":"https:\/\/agrupacionespsoe.es\/ponferrada\/wp-json\/wp\/v2\/posts\/317","targetHints":{"allow":["GET"]}}],"collection":[{"href":"https:\/\/agrupacionespsoe.es\/ponferrada\/wp-json\/wp\/v2\/posts"}],"about":[{"href":"https:\/\/agrupacionespsoe.es\/ponferrada\/wp-json\/wp\/v2\/types\/post"}],"author":[{"embeddable":true,"href":"https:\/\/agrupacionespsoe.es\/ponferrada\/wp-json\/wp\/v2\/users\/32"}],"replies":[{"embeddable":true,"href":"https:\/\/agrupacionespsoe.es\/ponferrada\/wp-json\/wp\/v2\/comments?post=317"}],"version-history":[{"count":1,"href":"https:\/\/agrupacionespsoe.es\/ponferrada\/wp-json\/wp\/v2\/posts\/317\/revisions"}],"predecessor-version":[{"id":319,"href":"https:\/\/agrupacionespsoe.es\/ponferrada\/wp-json\/wp\/v2\/posts\/317\/revisions\/319"}],"wp:featuredmedia":[{"embeddable":true,"href":"https:\/\/agrupacionespsoe.es\/ponferrada\/wp-json\/wp\/v2\/media\/318"}],"wp:attachment":[{"href":"https:\/\/agrupacionespsoe.es\/ponferrada\/wp-json\/wp\/v2\/media?parent=317"}],"wp:term":[{"taxonomy":"category","embeddable":true,"href":"https:\/\/agrupacionespsoe.es\/ponferrada\/wp-json\/wp\/v2\/categories?post=317"},{"taxonomy":"post_tag","embeddable":true,"href":"https:\/\/agrupacionespsoe.es\/ponferrada\/wp-json\/wp\/v2\/tags?post=317"}],"curies":[{"name":"wp","href":"https:\/\/api.w.org\/{rel}","templated":true}]}}