{"id":313,"date":"2023-12-15T12:55:50","date_gmt":"2023-12-15T12:55:50","guid":{"rendered":"https:\/\/agrupacionespsoe.es\/ponferrada\/?p=313"},"modified":"2023-12-15T12:55:51","modified_gmt":"2023-12-15T12:55:51","slug":"la-unica-rebaja-que-van-a-percibir-los-ciudadanos-de-ponferrada-en-2024-es-la-que-aprobo-el-psoe","status":"publish","type":"post","link":"https:\/\/agrupacionespsoe.es\/ponferrada\/la-unica-rebaja-que-van-a-percibir-los-ciudadanos-de-ponferrada-en-2024-es-la-que-aprobo-el-psoe\/","title":{"rendered":"La \u00fanica rebaja que van a percibir los ciudadanos de Ponferrada en 2024 es la que aprob\u00f3 el PSOE."},"content":{"rendered":"\n<p><strong>\u201cEl Grupo Socialista dio esta ma\u00f1ana ejemplo de lealtad institucional\u201d.<\/strong><\/p>\n\n\n\n<p>Esta ma\u00f1ana ha tenido lugar el Pleno Extraordinario del Ayuntamiento de Ponferrada y el grupo municipal socialista se congratula de que el actual equipo de gobierno nos d\u00e9 la raz\u00f3n, aunque sea tarde, en el procedimiento llevado a cabo en el tema de Gersul.<\/p>\n\n\n\n<p>Se ha constatado que, una vez m\u00e1s, ha tenido que ser el PSOE, en esta ocasi\u00f3n en la Diputaci\u00f3n Provincial, el que ha tenido que solventar un problema que gener\u00f3 la gesti\u00f3n del Partido Popular.<\/p>\n\n\n\n<p>El PSOE en su intervenci\u00f3n, lo primero que tuvo que hacer es agradecer al presidente de la Diputaci\u00f3n que ampliara el plazo que ten\u00eda el ayuntamiento de Ponferrada para alcanzar el acuerdo, que expir\u00f3 el pasado 12 de diciembre. A continuaci\u00f3n, record\u00f3 el informe de intervenci\u00f3n de Gersul donde relataba la nefasta gesti\u00f3n que se llev\u00f3 a cabo desde los a\u00f1os 2009 al 2019, a\u00f1os que gobernaba el PP en la diputaci\u00f3n, y en los principales ayuntamiento de Le\u00f3n y Ponferrada.<\/p>\n\n\n\n<p>Esa gesti\u00f3n provoc\u00f3 no solo una deuda que arrastr\u00f3 Gersul y que tuvieron que abonar, como no puede ser de otra manera, las cuatro administraciones p\u00fablicas responsables de la gesti\u00f3n de los residuos, sino lo que es peor, que hab\u00eda muchos contribuyentes que no pagaban la tasa lo que convirtiendo el tasazo del PP en una tasa injusta y dif\u00edcil de entender por la ciudadan\u00eda.<\/p>\n\n\n\n<p>El grupo socialista ha tenido que volver a rebatir las mentiras que una y otra vez dice el Partido Popular con respecto a la deuda que el ayuntamiento asumi\u00f3 para poder disolver el consorcio de Gersul que era un lastre para la ciudadan\u00eda.<\/p>\n\n\n\n<p><strong>Es curioso, que la \u00fanica rebaja fiscal que va a percibir la ciudadan\u00eda en el 2024 es la tasa de las basuras que aprob\u00f3 el PSOE en el anterior mandato.<\/strong><\/p>\n\n\n\n<p>En cuanto al punto de la red de calor, al grupo socialista le ha sorprendido positivamente la entusiasta defensa que desde el partido popular se ha hecho por la reducci\u00f3n de las emisiones de CO2. El Partido Popular se encuentra en una bipolaridad dif\u00edcil de explicar, mientras defienden la quema de carb\u00f3n en las centrales t\u00e9rmicas rechazan la implantaci\u00f3n de una zona de bajas emisiones que mejora la calidad de vida de la ciudadan\u00eda y mientras defienden la central de calor atacan los cambios que introdujo el PSOE en el modelo de ciudad, una ciudad m\u00e1s verde y m\u00e1s sostenible con&nbsp; proyectos como el anillo verde o bosque urbano.<\/p>\n\n\n\n<p>El grupo socialista hoy ha dado un ejemplo de responsabilidad institucional y coherencia pol\u00edtica al apoyar pr\u00e1cticamente la totalidad de los puntos que se tra\u00edan al pleno esta ma\u00f1ana, pensando en lo que es bueno para Ponferrada en lugar de pensar en lo que es bueno para el PSOE. Es la diferencia clara que existe entre ambas formaciones, \u00a0y el ejemplo gr\u00e1fico lo puso de manifiesto Olegario Ram\u00f3n, portavoz del grupo socialista, cuando en el anterior mandato se establecieron las bases para que hoy se pudiera hacer realidad la encomienda de gesti\u00f3n al SOMACyL para gestionar la red de calor, el Partido Popular se abstuvo, el PSOE hoy ha votado a favor.<\/p>\n\n\n\n<figure class=\"wp-block-image size-full\"><img loading=\"lazy\" decoding=\"async\" width=\"1024\" height=\"768\" src=\"https:\/\/agrupacionespsoe.es\/ponferrada\/wp-content\/uploads\/sites\/36\/2023\/12\/WhatsApp-Image-2023-12-15-at-13.42.04.jpeg\" alt=\"\" class=\"wp-image-314\" srcset=\"https:\/\/agrupacionespsoe.es\/ponferrada\/wp-content\/uploads\/sites\/36\/2023\/12\/WhatsApp-Image-2023-12-15-at-13.42.04.jpeg 1024w, https:\/\/agrupacionespsoe.es\/ponferrada\/wp-content\/uploads\/sites\/36\/2023\/12\/WhatsApp-Image-2023-12-15-at-13.42.04-300x225.jpeg 300w, https:\/\/agrupacionespsoe.es\/ponferrada\/wp-content\/uploads\/sites\/36\/2023\/12\/WhatsApp-Image-2023-12-15-at-13.42.04-768x576.jpeg 768w\" sizes=\"auto, (max-width: 1024px) 100vw, 1024px\" \/><\/figure>\n","protected":false},"excerpt":{"rendered":"<p>\u201cEl Grupo Socialista dio esta ma\u00f1ana ejemplo de lealtad institucional\u201d. Esta ma\u00f1ana ha tenido lugar el Pleno Extraordinario del Ayuntamiento de Ponferrada y el grupo municipal socialista se congratula de que el actual equipo de gobierno nos d\u00e9 la raz\u00f3n, aunque sea tarde, en el procedimiento llevado a cabo en el tema de Gersul. Se &#8230;<\/p>\n","protected":false},"author":32,"featured_media":314,"comment_status":"open","ping_status":"open","sticky":false,"template":"","format":"standard","meta":{"_jetpack_memberships_contains_paid_content":false,"footnotes":""},"categories":[6],"tags":[],"class_list":["post-313","post","type-post","status-publish","format-standard","has-post-thumbnail","hentry","category-actualidad"],"yoast_head":"<!-- This site is optimized with the Yoast SEO plugin v24.0 - https:\/\/yoast.com\/wordpress\/plugins\/seo\/ -->\n<title>La \u00fanica rebaja que van a percibir los ciudadanos de Ponferrada en 2024 es la que aprob\u00f3 el PSOE. - Agrupaci\u00f3n Socialista de Ponferrada<\/title>\n<meta name=\"robots\" content=\"index, follow, max-snippet:-1, max-image-preview:large, max-video-preview:-1\" \/>\n<link rel=\"canonical\" href=\"https:\/\/agrupacionespsoe.es\/ponferrada\/la-unica-rebaja-que-van-a-percibir-los-ciudadanos-de-ponferrada-en-2024-es-la-que-aprobo-el-psoe\/\" \/>\n<meta property=\"og:locale\" content=\"es_ES\" \/>\n<meta property=\"og:type\" content=\"article\" \/>\n<meta property=\"og:title\" content=\"La \u00fanica rebaja que van a percibir los ciudadanos de Ponferrada en 2024 es la que aprob\u00f3 el PSOE. - Agrupaci\u00f3n Socialista de Ponferrada\" \/>\n<meta property=\"og:description\" content=\"\u201cEl Grupo Socialista dio esta ma\u00f1ana ejemplo de lealtad institucional\u201d. Esta ma\u00f1ana ha tenido lugar el Pleno Extraordinario del Ayuntamiento de Ponferrada y el grupo municipal socialista se congratula de que el actual equipo de gobierno nos d\u00e9 la raz\u00f3n, aunque sea tarde, en el procedimiento llevado a cabo en el tema de Gersul. Se ...\" \/>\n<meta property=\"og:url\" content=\"https:\/\/agrupacionespsoe.es\/ponferrada\/la-unica-rebaja-que-van-a-percibir-los-ciudadanos-de-ponferrada-en-2024-es-la-que-aprobo-el-psoe\/\" \/>\n<meta property=\"og:site_name\" content=\"Agrupaci\u00f3n Socialista de Ponferrada\" \/>\n<meta property=\"article:published_time\" content=\"2023-12-15T12:55:50+00:00\" \/>\n<meta property=\"article:modified_time\" content=\"2023-12-15T12:55:51+00:00\" \/>\n<meta property=\"og:image\" content=\"https:\/\/agrupacionespsoe.es\/ponferrada\/wp-content\/uploads\/sites\/36\/2023\/12\/WhatsApp-Image-2023-12-15-at-13.42.04.jpeg\" \/>\n\t<meta property=\"og:image:width\" content=\"1024\" \/>\n\t<meta property=\"og:image:height\" content=\"768\" \/>\n\t<meta property=\"og:image:type\" content=\"image\/jpeg\" \/>\n<meta name=\"author\" content=\"ponferrada2\" \/>\n<meta name=\"twitter:card\" content=\"summary_large_image\" \/>\n<meta name=\"twitter:label1\" content=\"Escrito por\" \/>\n\t<meta name=\"twitter:data1\" content=\"ponferrada2\" \/>\n\t<meta name=\"twitter:label2\" content=\"Tiempo de lectura\" \/>\n\t<meta name=\"twitter:data2\" content=\"3 minutos\" \/>\n<script type=\"application\/ld+json\" class=\"yoast-schema-graph\">{\"@context\":\"https:\/\/schema.org\",\"@graph\":[{\"@type\":\"Article\",\"@id\":\"https:\/\/agrupacionespsoe.es\/ponferrada\/la-unica-rebaja-que-van-a-percibir-los-ciudadanos-de-ponferrada-en-2024-es-la-que-aprobo-el-psoe\/#article\",\"isPartOf\":{\"@id\":\"https:\/\/agrupacionespsoe.es\/ponferrada\/la-unica-rebaja-que-van-a-percibir-los-ciudadanos-de-ponferrada-en-2024-es-la-que-aprobo-el-psoe\/\"},\"author\":{\"name\":\"ponferrada2\",\"@id\":\"https:\/\/agrupacionespsoe.es\/ponferrada\/#\/schema\/person\/cd29ee627f3b70c05d415f02596debaa\"},\"headline\":\"La \u00fanica rebaja que van a percibir los ciudadanos de Ponferrada en 2024 es la que aprob\u00f3 el PSOE.\",\"datePublished\":\"2023-12-15T12:55:50+00:00\",\"dateModified\":\"2023-12-15T12:55:51+00:00\",\"mainEntityOfPage\":{\"@id\":\"https:\/\/agrupacionespsoe.es\/ponferrada\/la-unica-rebaja-que-van-a-percibir-los-ciudadanos-de-ponferrada-en-2024-es-la-que-aprobo-el-psoe\/\"},\"wordCount\":584,\"commentCount\":0,\"publisher\":{\"@id\":\"https:\/\/agrupacionespsoe.es\/ponferrada\/#organization\"},\"image\":{\"@id\":\"https:\/\/agrupacionespsoe.es\/ponferrada\/la-unica-rebaja-que-van-a-percibir-los-ciudadanos-de-ponferrada-en-2024-es-la-que-aprobo-el-psoe\/#primaryimage\"},\"thumbnailUrl\":\"https:\/\/agrupacionespsoe.es\/ponferrada\/wp-content\/uploads\/sites\/36\/2023\/12\/WhatsApp-Image-2023-12-15-at-13.42.04.jpeg\",\"articleSection\":[\"ACTUALIDAD\"],\"inLanguage\":\"es\",\"potentialAction\":[{\"@type\":\"CommentAction\",\"name\":\"Comment\",\"target\":[\"https:\/\/agrupacionespsoe.es\/ponferrada\/la-unica-rebaja-que-van-a-percibir-los-ciudadanos-de-ponferrada-en-2024-es-la-que-aprobo-el-psoe\/#respond\"]}]},{\"@type\":\"WebPage\",\"@id\":\"https:\/\/agrupacionespsoe.es\/ponferrada\/la-unica-rebaja-que-van-a-percibir-los-ciudadanos-de-ponferrada-en-2024-es-la-que-aprobo-el-psoe\/\",\"url\":\"https:\/\/agrupacionespsoe.es\/ponferrada\/la-unica-rebaja-que-van-a-percibir-los-ciudadanos-de-ponferrada-en-2024-es-la-que-aprobo-el-psoe\/\",\"name\":\"La \u00fanica rebaja que van a percibir los ciudadanos de Ponferrada en 2024 es la que aprob\u00f3 el PSOE. - Agrupaci\u00f3n Socialista de Ponferrada\",\"isPartOf\":{\"@id\":\"https:\/\/agrupacionespsoe.es\/ponferrada\/#website\"},\"primaryImageOfPage\":{\"@id\":\"https:\/\/agrupacionespsoe.es\/ponferrada\/la-unica-rebaja-que-van-a-percibir-los-ciudadanos-de-ponferrada-en-2024-es-la-que-aprobo-el-psoe\/#primaryimage\"},\"image\":{\"@id\":\"https:\/\/agrupacionespsoe.es\/ponferrada\/la-unica-rebaja-que-van-a-percibir-los-ciudadanos-de-ponferrada-en-2024-es-la-que-aprobo-el-psoe\/#primaryimage\"},\"thumbnailUrl\":\"https:\/\/agrupacionespsoe.es\/ponferrada\/wp-content\/uploads\/sites\/36\/2023\/12\/WhatsApp-Image-2023-12-15-at-13.42.04.jpeg\",\"datePublished\":\"2023-12-15T12:55:50+00:00\",\"dateModified\":\"2023-12-15T12:55:51+00:00\",\"breadcrumb\":{\"@id\":\"https:\/\/agrupacionespsoe.es\/ponferrada\/la-unica-rebaja-que-van-a-percibir-los-ciudadanos-de-ponferrada-en-2024-es-la-que-aprobo-el-psoe\/#breadcrumb\"},\"inLanguage\":\"es\",\"potentialAction\":[{\"@type\":\"ReadAction\",\"target\":[\"https:\/\/agrupacionespsoe.es\/ponferrada\/la-unica-rebaja-que-van-a-percibir-los-ciudadanos-de-ponferrada-en-2024-es-la-que-aprobo-el-psoe\/\"]}]},{\"@type\":\"ImageObject\",\"inLanguage\":\"es\",\"@id\":\"https:\/\/agrupacionespsoe.es\/ponferrada\/la-unica-rebaja-que-van-a-percibir-los-ciudadanos-de-ponferrada-en-2024-es-la-que-aprobo-el-psoe\/#primaryimage\",\"url\":\"https:\/\/agrupacionespsoe.es\/ponferrada\/wp-content\/uploads\/sites\/36\/2023\/12\/WhatsApp-Image-2023-12-15-at-13.42.04.jpeg\",\"contentUrl\":\"https:\/\/agrupacionespsoe.es\/ponferrada\/wp-content\/uploads\/sites\/36\/2023\/12\/WhatsApp-Image-2023-12-15-at-13.42.04.jpeg\",\"width\":1024,\"height\":768},{\"@type\":\"BreadcrumbList\",\"@id\":\"https:\/\/agrupacionespsoe.es\/ponferrada\/la-unica-rebaja-que-van-a-percibir-los-ciudadanos-de-ponferrada-en-2024-es-la-que-aprobo-el-psoe\/#breadcrumb\",\"itemListElement\":[{\"@type\":\"ListItem\",\"position\":1,\"name\":\"Portada\",\"item\":\"https:\/\/agrupacionespsoe.es\/ponferrada\/\"},{\"@type\":\"ListItem\",\"position\":2,\"name\":\"La \u00fanica rebaja que van a percibir los ciudadanos de Ponferrada en 2024 es la que aprob\u00f3 el PSOE.\"}]},{\"@type\":\"WebSite\",\"@id\":\"https:\/\/agrupacionespsoe.es\/ponferrada\/#website\",\"url\":\"https:\/\/agrupacionespsoe.es\/ponferrada\/\",\"name\":\"Agrupaci\u00f3n Socialista de Ponferrada\",\"description\":\"Agrupaci\u00f3n Socialista de Ponferrada\",\"publisher\":{\"@id\":\"https:\/\/agrupacionespsoe.es\/ponferrada\/#organization\"},\"potentialAction\":[{\"@type\":\"SearchAction\",\"target\":{\"@type\":\"EntryPoint\",\"urlTemplate\":\"https:\/\/agrupacionespsoe.es\/ponferrada\/?s={search_term_string}\"},\"query-input\":{\"@type\":\"PropertyValueSpecification\",\"valueRequired\":true,\"valueName\":\"search_term_string\"}}],\"inLanguage\":\"es\"},{\"@type\":\"Organization\",\"@id\":\"https:\/\/agrupacionespsoe.es\/ponferrada\/#organization\",\"name\":\"Agrupaci\u00f3n Socialista de Ponferrada\",\"url\":\"https:\/\/agrupacionespsoe.es\/ponferrada\/\",\"logo\":{\"@type\":\"ImageObject\",\"inLanguage\":\"es\",\"@id\":\"https:\/\/agrupacionespsoe.es\/ponferrada\/#\/schema\/logo\/image\/\",\"url\":\"https:\/\/agrupacionespsoe.es\/wp-content\/uploads\/2022\/07\/Logotipo_electoral_del_PSOE.png\",\"contentUrl\":\"https:\/\/agrupacionespsoe.es\/wp-content\/uploads\/2022\/07\/Logotipo_electoral_del_PSOE.png\",\"width\":422,\"height\":422,\"caption\":\"Agrupaci\u00f3n Socialista de Ponferrada\"},\"image\":{\"@id\":\"https:\/\/agrupacionespsoe.es\/ponferrada\/#\/schema\/logo\/image\/\"}},{\"@type\":\"Person\",\"@id\":\"https:\/\/agrupacionespsoe.es\/ponferrada\/#\/schema\/person\/cd29ee627f3b70c05d415f02596debaa\",\"name\":\"ponferrada2\",\"image\":{\"@type\":\"ImageObject\",\"inLanguage\":\"es\",\"@id\":\"https:\/\/agrupacionespsoe.es\/ponferrada\/#\/schema\/person\/image\/\",\"url\":\"https:\/\/secure.gravatar.com\/avatar\/f499eeb60144c664cf7b7edf75549b50?s=96&d=mm&r=g\",\"contentUrl\":\"https:\/\/secure.gravatar.com\/avatar\/f499eeb60144c664cf7b7edf75549b50?s=96&d=mm&r=g\",\"caption\":\"ponferrada2\"},\"url\":\"https:\/\/agrupacionespsoe.es\/ponferrada\/author\/ponferrada2\/\"}]}<\/script>\n<!-- \/ Yoast SEO plugin. -->","yoast_head_json":{"title":"La \u00fanica rebaja que van a percibir los ciudadanos de Ponferrada en 2024 es la que aprob\u00f3 el PSOE. - Agrupaci\u00f3n Socialista de Ponferrada","robots":{"index":"index","follow":"follow","max-snippet":"max-snippet:-1","max-image-preview":"max-image-preview:large","max-video-preview":"max-video-preview:-1"},"canonical":"https:\/\/agrupacionespsoe.es\/ponferrada\/la-unica-rebaja-que-van-a-percibir-los-ciudadanos-de-ponferrada-en-2024-es-la-que-aprobo-el-psoe\/","og_locale":"es_ES","og_type":"article","og_title":"La \u00fanica rebaja que van a percibir los ciudadanos de Ponferrada en 2024 es la que aprob\u00f3 el PSOE. - Agrupaci\u00f3n Socialista de Ponferrada","og_description":"\u201cEl Grupo Socialista dio esta ma\u00f1ana ejemplo de lealtad institucional\u201d. Esta ma\u00f1ana ha tenido lugar el Pleno Extraordinario del Ayuntamiento de Ponferrada y el grupo municipal socialista se congratula de que el actual equipo de gobierno nos d\u00e9 la raz\u00f3n, aunque sea tarde, en el procedimiento llevado a cabo en el tema de Gersul. Se ...","og_url":"https:\/\/agrupacionespsoe.es\/ponferrada\/la-unica-rebaja-que-van-a-percibir-los-ciudadanos-de-ponferrada-en-2024-es-la-que-aprobo-el-psoe\/","og_site_name":"Agrupaci\u00f3n Socialista de Ponferrada","article_published_time":"2023-12-15T12:55:50+00:00","article_modified_time":"2023-12-15T12:55:51+00:00","og_image":[{"width":1024,"height":768,"url":"https:\/\/agrupacionespsoe.es\/ponferrada\/wp-content\/uploads\/sites\/36\/2023\/12\/WhatsApp-Image-2023-12-15-at-13.42.04.jpeg","type":"image\/jpeg"}],"author":"ponferrada2","twitter_card":"summary_large_image","twitter_misc":{"Escrito por":"ponferrada2","Tiempo de lectura":"3 minutos"},"schema":{"@context":"https:\/\/schema.org","@graph":[{"@type":"Article","@id":"https:\/\/agrupacionespsoe.es\/ponferrada\/la-unica-rebaja-que-van-a-percibir-los-ciudadanos-de-ponferrada-en-2024-es-la-que-aprobo-el-psoe\/#article","isPartOf":{"@id":"https:\/\/agrupacionespsoe.es\/ponferrada\/la-unica-rebaja-que-van-a-percibir-los-ciudadanos-de-ponferrada-en-2024-es-la-que-aprobo-el-psoe\/"},"author":{"name":"ponferrada2","@id":"https:\/\/agrupacionespsoe.es\/ponferrada\/#\/schema\/person\/cd29ee627f3b70c05d415f02596debaa"},"headline":"La \u00fanica rebaja que van a percibir los ciudadanos de Ponferrada en 2024 es la que aprob\u00f3 el PSOE.","datePublished":"2023-12-15T12:55:50+00:00","dateModified":"2023-12-15T12:55:51+00:00","mainEntityOfPage":{"@id":"https:\/\/agrupacionespsoe.es\/ponferrada\/la-unica-rebaja-que-van-a-percibir-los-ciudadanos-de-ponferrada-en-2024-es-la-que-aprobo-el-psoe\/"},"wordCount":584,"commentCount":0,"publisher":{"@id":"https:\/\/agrupacionespsoe.es\/ponferrada\/#organization"},"image":{"@id":"https:\/\/agrupacionespsoe.es\/ponferrada\/la-unica-rebaja-que-van-a-percibir-los-ciudadanos-de-ponferrada-en-2024-es-la-que-aprobo-el-psoe\/#primaryimage"},"thumbnailUrl":"https:\/\/agrupacionespsoe.es\/ponferrada\/wp-content\/uploads\/sites\/36\/2023\/12\/WhatsApp-Image-2023-12-15-at-13.42.04.jpeg","articleSection":["ACTUALIDAD"],"inLanguage":"es","potentialAction":[{"@type":"CommentAction","name":"Comment","target":["https:\/\/agrupacionespsoe.es\/ponferrada\/la-unica-rebaja-que-van-a-percibir-los-ciudadanos-de-ponferrada-en-2024-es-la-que-aprobo-el-psoe\/#respond"]}]},{"@type":"WebPage","@id":"https:\/\/agrupacionespsoe.es\/ponferrada\/la-unica-rebaja-que-van-a-percibir-los-ciudadanos-de-ponferrada-en-2024-es-la-que-aprobo-el-psoe\/","url":"https:\/\/agrupacionespsoe.es\/ponferrada\/la-unica-rebaja-que-van-a-percibir-los-ciudadanos-de-ponferrada-en-2024-es-la-que-aprobo-el-psoe\/","name":"La \u00fanica rebaja que van a percibir los ciudadanos de Ponferrada en 2024 es la que aprob\u00f3 el PSOE. - Agrupaci\u00f3n Socialista de Ponferrada","isPartOf":{"@id":"https:\/\/agrupacionespsoe.es\/ponferrada\/#website"},"primaryImageOfPage":{"@id":"https:\/\/agrupacionespsoe.es\/ponferrada\/la-unica-rebaja-que-van-a-percibir-los-ciudadanos-de-ponferrada-en-2024-es-la-que-aprobo-el-psoe\/#primaryimage"},"image":{"@id":"https:\/\/agrupacionespsoe.es\/ponferrada\/la-unica-rebaja-que-van-a-percibir-los-ciudadanos-de-ponferrada-en-2024-es-la-que-aprobo-el-psoe\/#primaryimage"},"thumbnailUrl":"https:\/\/agrupacionespsoe.es\/ponferrada\/wp-content\/uploads\/sites\/36\/2023\/12\/WhatsApp-Image-2023-12-15-at-13.42.04.jpeg","datePublished":"2023-12-15T12:55:50+00:00","dateModified":"2023-12-15T12:55:51+00:00","breadcrumb":{"@id":"https:\/\/agrupacionespsoe.es\/ponferrada\/la-unica-rebaja-que-van-a-percibir-los-ciudadanos-de-ponferrada-en-2024-es-la-que-aprobo-el-psoe\/#breadcrumb"},"inLanguage":"es","potentialAction":[{"@type":"ReadAction","target":["https:\/\/agrupacionespsoe.es\/ponferrada\/la-unica-rebaja-que-van-a-percibir-los-ciudadanos-de-ponferrada-en-2024-es-la-que-aprobo-el-psoe\/"]}]},{"@type":"ImageObject","inLanguage":"es","@id":"https:\/\/agrupacionespsoe.es\/ponferrada\/la-unica-rebaja-que-van-a-percibir-los-ciudadanos-de-ponferrada-en-2024-es-la-que-aprobo-el-psoe\/#primaryimage","url":"https:\/\/agrupacionespsoe.es\/ponferrada\/wp-content\/uploads\/sites\/36\/2023\/12\/WhatsApp-Image-2023-12-15-at-13.42.04.jpeg","contentUrl":"https:\/\/agrupacionespsoe.es\/ponferrada\/wp-content\/uploads\/sites\/36\/2023\/12\/WhatsApp-Image-2023-12-15-at-13.42.04.jpeg","width":1024,"height":768},{"@type":"BreadcrumbList","@id":"https:\/\/agrupacionespsoe.es\/ponferrada\/la-unica-rebaja-que-van-a-percibir-los-ciudadanos-de-ponferrada-en-2024-es-la-que-aprobo-el-psoe\/#breadcrumb","itemListElement":[{"@type":"ListItem","position":1,"name":"Portada","item":"https:\/\/agrupacionespsoe.es\/ponferrada\/"},{"@type":"ListItem","position":2,"name":"La \u00fanica rebaja que van a percibir los ciudadanos de Ponferrada en 2024 es la que aprob\u00f3 el PSOE."}]},{"@type":"WebSite","@id":"https:\/\/agrupacionespsoe.es\/ponferrada\/#website","url":"https:\/\/agrupacionespsoe.es\/ponferrada\/","name":"Agrupaci\u00f3n Socialista de Ponferrada","description":"Agrupaci\u00f3n Socialista de Ponferrada","publisher":{"@id":"https:\/\/agrupacionespsoe.es\/ponferrada\/#organization"},"potentialAction":[{"@type":"SearchAction","target":{"@type":"EntryPoint","urlTemplate":"https:\/\/agrupacionespsoe.es\/ponferrada\/?s={search_term_string}"},"query-input":{"@type":"PropertyValueSpecification","valueRequired":true,"valueName":"search_term_string"}}],"inLanguage":"es"},{"@type":"Organization","@id":"https:\/\/agrupacionespsoe.es\/ponferrada\/#organization","name":"Agrupaci\u00f3n Socialista de Ponferrada","url":"https:\/\/agrupacionespsoe.es\/ponferrada\/","logo":{"@type":"ImageObject","inLanguage":"es","@id":"https:\/\/agrupacionespsoe.es\/ponferrada\/#\/schema\/logo\/image\/","url":"https:\/\/agrupacionespsoe.es\/wp-content\/uploads\/2022\/07\/Logotipo_electoral_del_PSOE.png","contentUrl":"https:\/\/agrupacionespsoe.es\/wp-content\/uploads\/2022\/07\/Logotipo_electoral_del_PSOE.png","width":422,"height":422,"caption":"Agrupaci\u00f3n Socialista de Ponferrada"},"image":{"@id":"https:\/\/agrupacionespsoe.es\/ponferrada\/#\/schema\/logo\/image\/"}},{"@type":"Person","@id":"https:\/\/agrupacionespsoe.es\/ponferrada\/#\/schema\/person\/cd29ee627f3b70c05d415f02596debaa","name":"ponferrada2","image":{"@type":"ImageObject","inLanguage":"es","@id":"https:\/\/agrupacionespsoe.es\/ponferrada\/#\/schema\/person\/image\/","url":"https:\/\/secure.gravatar.com\/avatar\/f499eeb60144c664cf7b7edf75549b50?s=96&d=mm&r=g","contentUrl":"https:\/\/secure.gravatar.com\/avatar\/f499eeb60144c664cf7b7edf75549b50?s=96&d=mm&r=g","caption":"ponferrada2"},"url":"https:\/\/agrupacionespsoe.es\/ponferrada\/author\/ponferrada2\/"}]}},"jetpack_featured_media_url":"https:\/\/agrupacionespsoe.es\/ponferrada\/wp-content\/uploads\/sites\/36\/2023\/12\/WhatsApp-Image-2023-12-15-at-13.42.04.jpeg","jetpack_sharing_enabled":true,"_links":{"self":[{"href":"https:\/\/agrupacionespsoe.es\/ponferrada\/wp-json\/wp\/v2\/posts\/313","targetHints":{"allow":["GET"]}}],"collection":[{"href":"https:\/\/agrupacionespsoe.es\/ponferrada\/wp-json\/wp\/v2\/posts"}],"about":[{"href":"https:\/\/agrupacionespsoe.es\/ponferrada\/wp-json\/wp\/v2\/types\/post"}],"author":[{"embeddable":true,"href":"https:\/\/agrupacionespsoe.es\/ponferrada\/wp-json\/wp\/v2\/users\/32"}],"replies":[{"embeddable":true,"href":"https:\/\/agrupacionespsoe.es\/ponferrada\/wp-json\/wp\/v2\/comments?post=313"}],"version-history":[{"count":1,"href":"https:\/\/agrupacionespsoe.es\/ponferrada\/wp-json\/wp\/v2\/posts\/313\/revisions"}],"predecessor-version":[{"id":315,"href":"https:\/\/agrupacionespsoe.es\/ponferrada\/wp-json\/wp\/v2\/posts\/313\/revisions\/315"}],"wp:featuredmedia":[{"embeddable":true,"href":"https:\/\/agrupacionespsoe.es\/ponferrada\/wp-json\/wp\/v2\/media\/314"}],"wp:attachment":[{"href":"https:\/\/agrupacionespsoe.es\/ponferrada\/wp-json\/wp\/v2\/media?parent=313"}],"wp:term":[{"taxonomy":"category","embeddable":true,"href":"https:\/\/agrupacionespsoe.es\/ponferrada\/wp-json\/wp\/v2\/categories?post=313"},{"taxonomy":"post_tag","embeddable":true,"href":"https:\/\/agrupacionespsoe.es\/ponferrada\/wp-json\/wp\/v2\/tags?post=313"}],"curies":[{"name":"wp","href":"https:\/\/api.w.org\/{rel}","templated":true}]}}