{"id":305,"date":"2023-12-14T11:49:10","date_gmt":"2023-12-14T11:49:10","guid":{"rendered":"https:\/\/agrupacionespsoe.es\/ponferrada\/?p=305"},"modified":"2023-12-14T11:49:11","modified_gmt":"2023-12-14T11:49:11","slug":"el-psoe-de-ponferrada-quiere-dar-la-bienvenida-al-partido-popular-a-las-reivindicaciones-por-el-bierzo-y-por-la-ciudadania","status":"publish","type":"post","link":"https:\/\/agrupacionespsoe.es\/ponferrada\/el-psoe-de-ponferrada-quiere-dar-la-bienvenida-al-partido-popular-a-las-reivindicaciones-por-el-bierzo-y-por-la-ciudadania\/","title":{"rendered":"El PSOE de Ponferrada quiere dar la bienvenida al Partido Popular a las reivindicaciones por El Bierzo y por la ciudadan\u00eda."},"content":{"rendered":"\n<p><strong><u>El PSOE defiende la diferencia en el grado de compromiso con nuestra comarca entre el gobierno de la naci\u00f3n y la Junta de Castilla y Le\u00f3n<\/u><\/strong><\/p>\n\n\n\n<p><\/p>\n\n\n\n<p>Mabel Fern\u00e1ndez, Secretaria de Organizaci\u00f3n del PSOE de Ponferrada, ha tirado de iron\u00eda y ha querido dar la bienvenida al Partido Popular a las reivindicaciones que desde el PSOE se llevan haciendo a\u00f1os a las instituciones p\u00fablicas para mejorar la vida de la ciudadan\u00eda y de los y las bercianas.<\/p>\n\n\n\n<p>Ayer los populares se subieron de nuevo al \u201ccarro de la demagogia\u00bb para pedir al PSOE que sea reivindicativo y \u201cdesobediente\u201d, a juicio del Mabel Fern\u00e1ndez resulta sorprendente que el Partido Popular, que se ha caracterizado por el seguidismo y el servilismo critique al PSOE.<\/p>\n\n\n\n<p>Se\u00f1ala que \u201cel Partido Popular sigue con su pol\u00edtica ficci\u00f3n y se vuelve a unirse al ruido nacional para hacer partidismo, parece que se han enterado que existe un nudo del manzanal en el momento que se ha incluido en los presupuestos nacionales, gracias, por cierto, al trabajo de las y los socialistas de esta provincia y en especial de la comarca de El Bierzo.<\/p>\n\n\n\n<p>A juicio de Mabel Fern\u00e1ndez, los pol\u00edticos deben ser reivindicativos pero lo que est\u00e1 claro es el diferente grado de compromiso que tienen las administraciones p\u00fablicas con el desarrollo de nuestra regi\u00f3n.<\/p>\n\n\n\n<p>La secretaria de organizaci\u00f3n a\u00f1ade que \u201cha tenido que llegar un gobierno del PSOE para que en los presupuestos nacionales se incluya no solo una partida para eliminar el nudo del manzanal sino para que se incluya el primer tramo de la A76 o el apartadero de trenes de La Placa. Y esas inversiones son fruto, sobre todo, del trabajo del Partido Socialista en nuestra comarca.\u201d<\/p>\n\n\n\n<p>Mabel Fern\u00e1ndez ha querido volver a rebatir la mentira repetida sobre el cierre de las minas, en sus palabras \u201cel Sr. Morala miente cada vez que habla y a estas alturas nadie ignora que el plan de cierre de las minas lleva la firma impresa del Ministro de M. Rajoy el Sr. Garc\u00eda-Margallo. Y por mucho que nos traten de enga\u00f1ar, el cierre de las minas va indefectiblemente unido al cierre de las t\u00e9rmicas. Quiero recordar c\u00f3mo nuestras comarcas mineras ve\u00edan c\u00f3mo sus t\u00e9rmicas quemaban carb\u00f3n extranjero mientras sus hijos abandonaban sus pueblos por falta de futuro.<\/p>\n\n\n\n<p>Mabel contin\u00faa se\u00f1alando que- ha tenido que ser un gobierno del PSOE el que ponga en marcha un Plan de Transici\u00f3n Justa con inversiones para esos territorios. Podr\u00e1 ser mejor o peor, pero existe, no como cuando gobernaba el PP y abandon\u00f3 a su suerte a nuestras comarcas mineras\u201d<\/p>\n\n\n\n<p>La secretaria de organizaci\u00f3n a\u00f1ade que \u201cesa es la diferencia de compromiso entre las administraciones gobernadas por el PSOE y las que gobierna el PP. Pero si el PP quiere hablar de quien calla podemos hablar entonces de los compromisos que el PP de la Junta de Castilla y Le\u00f3n nos promete elecci\u00f3n tras elecci\u00f3n, \u00bfD\u00f3nde est\u00e1 la unidad de radioterapia? \u00bfD\u00f3nde el centro de especialidades o el Parque Agroalimentario? \u00bfQu\u00e9 va a pasar con el centro de salud del Paseo de San Antonio, Ponferrada I? o \u00bfqu\u00e9 pas\u00f3 con el Colegio de La Puebla?, cerrado mientras nuestros colegios p\u00fablicos no pueden ampliar la educaci\u00f3n de 0 a 3 a\u00f1os por falta de medios. Y sobre todo, \u00bfd\u00f3nde est\u00e1 la reivindicaci\u00f3n del PP de Ponferrada ante semejante maltrato a nuestra comarca?. El PP en general y el de Ponferrada en particular siempre ha estado en el ruido y en la confrontaci\u00f3n, en la creaci\u00f3n de problemas en lugar de en su resoluci\u00f3n\u201d. \u00a0<\/p>\n\n\n\n<p>Mabel Fern\u00e1ndez concluye se\u00f1alando que ya \u201cle gustar\u00eda que el PP de Ponferrada dedicara m\u00e1s tiempo a trabajar por la ciudadan\u00eda a la que deber\u00eda de representar en lugar de trabajar por su partido y por ganarse un hueco en el desgobierno, el caos y la confusi\u00f3n que se ha instalado en el PP de la provincia de Le\u00f3n\u201d<\/p>\n\n\n\n<figure class=\"wp-block-image size-full is-resized\"><img loading=\"lazy\" decoding=\"async\" width=\"1024\" height=\"766\" src=\"https:\/\/agrupacionespsoe.es\/ponferrada\/wp-content\/uploads\/sites\/36\/2023\/12\/cem-dic.jpeg\" alt=\"\" class=\"wp-image-308\" style=\"width:631px;height:auto\" srcset=\"https:\/\/agrupacionespsoe.es\/ponferrada\/wp-content\/uploads\/sites\/36\/2023\/12\/cem-dic.jpeg 1024w, https:\/\/agrupacionespsoe.es\/ponferrada\/wp-content\/uploads\/sites\/36\/2023\/12\/cem-dic-300x224.jpeg 300w, https:\/\/agrupacionespsoe.es\/ponferrada\/wp-content\/uploads\/sites\/36\/2023\/12\/cem-dic-768x575.jpeg 768w\" sizes=\"auto, (max-width: 1024px) 100vw, 1024px\" \/><\/figure>\n","protected":false},"excerpt":{"rendered":"<p>El PSOE defiende la diferencia en el grado de compromiso con nuestra comarca entre el gobierno de la naci\u00f3n y la Junta de Castilla y Le\u00f3n Mabel Fern\u00e1ndez, Secretaria de Organizaci\u00f3n del PSOE de Ponferrada, ha tirado de iron\u00eda y ha querido dar la bienvenida al Partido Popular a las reivindicaciones que desde el PSOE &#8230;<\/p>\n","protected":false},"author":32,"featured_media":0,"comment_status":"open","ping_status":"open","sticky":true,"template":"","format":"standard","meta":{"_jetpack_memberships_contains_paid_content":false,"footnotes":""},"categories":[6],"tags":[],"class_list":["post-305","post","type-post","status-publish","format-standard","hentry","category-actualidad"],"yoast_head":"<!-- This site is optimized with the Yoast SEO plugin v24.0 - https:\/\/yoast.com\/wordpress\/plugins\/seo\/ -->\n<title>El PSOE de Ponferrada quiere dar la bienvenida al Partido Popular a las reivindicaciones por El Bierzo y por la ciudadan\u00eda. - Agrupaci\u00f3n Socialista de Ponferrada<\/title>\n<meta name=\"robots\" content=\"index, follow, max-snippet:-1, max-image-preview:large, max-video-preview:-1\" \/>\n<link rel=\"canonical\" href=\"https:\/\/agrupacionespsoe.es\/ponferrada\/el-psoe-de-ponferrada-quiere-dar-la-bienvenida-al-partido-popular-a-las-reivindicaciones-por-el-bierzo-y-por-la-ciudadania\/\" \/>\n<meta property=\"og:locale\" content=\"es_ES\" \/>\n<meta property=\"og:type\" content=\"article\" \/>\n<meta property=\"og:title\" content=\"El PSOE de Ponferrada quiere dar la bienvenida al Partido Popular a las reivindicaciones por El Bierzo y por la ciudadan\u00eda. - Agrupaci\u00f3n Socialista de Ponferrada\" \/>\n<meta property=\"og:description\" content=\"El PSOE defiende la diferencia en el grado de compromiso con nuestra comarca entre el gobierno de la naci\u00f3n y la Junta de Castilla y Le\u00f3n Mabel Fern\u00e1ndez, Secretaria de Organizaci\u00f3n del PSOE de Ponferrada, ha tirado de iron\u00eda y ha querido dar la bienvenida al Partido Popular a las reivindicaciones que desde el PSOE ...\" \/>\n<meta property=\"og:url\" content=\"https:\/\/agrupacionespsoe.es\/ponferrada\/el-psoe-de-ponferrada-quiere-dar-la-bienvenida-al-partido-popular-a-las-reivindicaciones-por-el-bierzo-y-por-la-ciudadania\/\" \/>\n<meta property=\"og:site_name\" content=\"Agrupaci\u00f3n Socialista de Ponferrada\" \/>\n<meta property=\"article:published_time\" content=\"2023-12-14T11:49:10+00:00\" \/>\n<meta property=\"article:modified_time\" content=\"2023-12-14T11:49:11+00:00\" \/>\n<meta property=\"og:image\" content=\"https:\/\/agrupacionespsoe.es\/ponferrada\/wp-content\/uploads\/sites\/36\/2023\/12\/cem-dic.jpeg\" \/>\n<meta name=\"author\" content=\"ponferrada2\" \/>\n<meta name=\"twitter:card\" content=\"summary_large_image\" \/>\n<meta name=\"twitter:label1\" content=\"Escrito por\" \/>\n\t<meta name=\"twitter:data1\" content=\"ponferrada2\" \/>\n\t<meta name=\"twitter:label2\" content=\"Tiempo de lectura\" \/>\n\t<meta name=\"twitter:data2\" content=\"4 minutos\" \/>\n<script type=\"application\/ld+json\" class=\"yoast-schema-graph\">{\"@context\":\"https:\/\/schema.org\",\"@graph\":[{\"@type\":\"Article\",\"@id\":\"https:\/\/agrupacionespsoe.es\/ponferrada\/el-psoe-de-ponferrada-quiere-dar-la-bienvenida-al-partido-popular-a-las-reivindicaciones-por-el-bierzo-y-por-la-ciudadania\/#article\",\"isPartOf\":{\"@id\":\"https:\/\/agrupacionespsoe.es\/ponferrada\/el-psoe-de-ponferrada-quiere-dar-la-bienvenida-al-partido-popular-a-las-reivindicaciones-por-el-bierzo-y-por-la-ciudadania\/\"},\"author\":{\"name\":\"ponferrada2\",\"@id\":\"https:\/\/agrupacionespsoe.es\/ponferrada\/#\/schema\/person\/cd29ee627f3b70c05d415f02596debaa\"},\"headline\":\"El PSOE de Ponferrada quiere dar la bienvenida al Partido Popular a las reivindicaciones por El Bierzo y por la ciudadan\u00eda.\",\"datePublished\":\"2023-12-14T11:49:10+00:00\",\"dateModified\":\"2023-12-14T11:49:11+00:00\",\"mainEntityOfPage\":{\"@id\":\"https:\/\/agrupacionespsoe.es\/ponferrada\/el-psoe-de-ponferrada-quiere-dar-la-bienvenida-al-partido-popular-a-las-reivindicaciones-por-el-bierzo-y-por-la-ciudadania\/\"},\"wordCount\":724,\"commentCount\":0,\"publisher\":{\"@id\":\"https:\/\/agrupacionespsoe.es\/ponferrada\/#organization\"},\"image\":{\"@id\":\"https:\/\/agrupacionespsoe.es\/ponferrada\/el-psoe-de-ponferrada-quiere-dar-la-bienvenida-al-partido-popular-a-las-reivindicaciones-por-el-bierzo-y-por-la-ciudadania\/#primaryimage\"},\"thumbnailUrl\":\"https:\/\/agrupacionespsoe.es\/ponferrada\/wp-content\/uploads\/sites\/36\/2023\/12\/cem-dic.jpeg\",\"articleSection\":[\"ACTUALIDAD\"],\"inLanguage\":\"es\",\"potentialAction\":[{\"@type\":\"CommentAction\",\"name\":\"Comment\",\"target\":[\"https:\/\/agrupacionespsoe.es\/ponferrada\/el-psoe-de-ponferrada-quiere-dar-la-bienvenida-al-partido-popular-a-las-reivindicaciones-por-el-bierzo-y-por-la-ciudadania\/#respond\"]}]},{\"@type\":\"WebPage\",\"@id\":\"https:\/\/agrupacionespsoe.es\/ponferrada\/el-psoe-de-ponferrada-quiere-dar-la-bienvenida-al-partido-popular-a-las-reivindicaciones-por-el-bierzo-y-por-la-ciudadania\/\",\"url\":\"https:\/\/agrupacionespsoe.es\/ponferrada\/el-psoe-de-ponferrada-quiere-dar-la-bienvenida-al-partido-popular-a-las-reivindicaciones-por-el-bierzo-y-por-la-ciudadania\/\",\"name\":\"El PSOE de Ponferrada quiere dar la bienvenida al Partido Popular a las reivindicaciones por El Bierzo y por la ciudadan\u00eda. - Agrupaci\u00f3n Socialista de Ponferrada\",\"isPartOf\":{\"@id\":\"https:\/\/agrupacionespsoe.es\/ponferrada\/#website\"},\"primaryImageOfPage\":{\"@id\":\"https:\/\/agrupacionespsoe.es\/ponferrada\/el-psoe-de-ponferrada-quiere-dar-la-bienvenida-al-partido-popular-a-las-reivindicaciones-por-el-bierzo-y-por-la-ciudadania\/#primaryimage\"},\"image\":{\"@id\":\"https:\/\/agrupacionespsoe.es\/ponferrada\/el-psoe-de-ponferrada-quiere-dar-la-bienvenida-al-partido-popular-a-las-reivindicaciones-por-el-bierzo-y-por-la-ciudadania\/#primaryimage\"},\"thumbnailUrl\":\"https:\/\/agrupacionespsoe.es\/ponferrada\/wp-content\/uploads\/sites\/36\/2023\/12\/cem-dic.jpeg\",\"datePublished\":\"2023-12-14T11:49:10+00:00\",\"dateModified\":\"2023-12-14T11:49:11+00:00\",\"breadcrumb\":{\"@id\":\"https:\/\/agrupacionespsoe.es\/ponferrada\/el-psoe-de-ponferrada-quiere-dar-la-bienvenida-al-partido-popular-a-las-reivindicaciones-por-el-bierzo-y-por-la-ciudadania\/#breadcrumb\"},\"inLanguage\":\"es\",\"potentialAction\":[{\"@type\":\"ReadAction\",\"target\":[\"https:\/\/agrupacionespsoe.es\/ponferrada\/el-psoe-de-ponferrada-quiere-dar-la-bienvenida-al-partido-popular-a-las-reivindicaciones-por-el-bierzo-y-por-la-ciudadania\/\"]}]},{\"@type\":\"ImageObject\",\"inLanguage\":\"es\",\"@id\":\"https:\/\/agrupacionespsoe.es\/ponferrada\/el-psoe-de-ponferrada-quiere-dar-la-bienvenida-al-partido-popular-a-las-reivindicaciones-por-el-bierzo-y-por-la-ciudadania\/#primaryimage\",\"url\":\"https:\/\/agrupacionespsoe.es\/ponferrada\/wp-content\/uploads\/sites\/36\/2023\/12\/cem-dic.jpeg\",\"contentUrl\":\"https:\/\/agrupacionespsoe.es\/ponferrada\/wp-content\/uploads\/sites\/36\/2023\/12\/cem-dic.jpeg\",\"width\":1024,\"height\":766},{\"@type\":\"BreadcrumbList\",\"@id\":\"https:\/\/agrupacionespsoe.es\/ponferrada\/el-psoe-de-ponferrada-quiere-dar-la-bienvenida-al-partido-popular-a-las-reivindicaciones-por-el-bierzo-y-por-la-ciudadania\/#breadcrumb\",\"itemListElement\":[{\"@type\":\"ListItem\",\"position\":1,\"name\":\"Portada\",\"item\":\"https:\/\/agrupacionespsoe.es\/ponferrada\/\"},{\"@type\":\"ListItem\",\"position\":2,\"name\":\"El PSOE de Ponferrada quiere dar la bienvenida al Partido Popular a las reivindicaciones por El Bierzo y por la ciudadan\u00eda.\"}]},{\"@type\":\"WebSite\",\"@id\":\"https:\/\/agrupacionespsoe.es\/ponferrada\/#website\",\"url\":\"https:\/\/agrupacionespsoe.es\/ponferrada\/\",\"name\":\"Agrupaci\u00f3n Socialista de Ponferrada\",\"description\":\"Agrupaci\u00f3n Socialista de Ponferrada\",\"publisher\":{\"@id\":\"https:\/\/agrupacionespsoe.es\/ponferrada\/#organization\"},\"potentialAction\":[{\"@type\":\"SearchAction\",\"target\":{\"@type\":\"EntryPoint\",\"urlTemplate\":\"https:\/\/agrupacionespsoe.es\/ponferrada\/?s={search_term_string}\"},\"query-input\":{\"@type\":\"PropertyValueSpecification\",\"valueRequired\":true,\"valueName\":\"search_term_string\"}}],\"inLanguage\":\"es\"},{\"@type\":\"Organization\",\"@id\":\"https:\/\/agrupacionespsoe.es\/ponferrada\/#organization\",\"name\":\"Agrupaci\u00f3n Socialista de Ponferrada\",\"url\":\"https:\/\/agrupacionespsoe.es\/ponferrada\/\",\"logo\":{\"@type\":\"ImageObject\",\"inLanguage\":\"es\",\"@id\":\"https:\/\/agrupacionespsoe.es\/ponferrada\/#\/schema\/logo\/image\/\",\"url\":\"https:\/\/agrupacionespsoe.es\/wp-content\/uploads\/2022\/07\/Logotipo_electoral_del_PSOE.png\",\"contentUrl\":\"https:\/\/agrupacionespsoe.es\/wp-content\/uploads\/2022\/07\/Logotipo_electoral_del_PSOE.png\",\"width\":422,\"height\":422,\"caption\":\"Agrupaci\u00f3n Socialista de Ponferrada\"},\"image\":{\"@id\":\"https:\/\/agrupacionespsoe.es\/ponferrada\/#\/schema\/logo\/image\/\"}},{\"@type\":\"Person\",\"@id\":\"https:\/\/agrupacionespsoe.es\/ponferrada\/#\/schema\/person\/cd29ee627f3b70c05d415f02596debaa\",\"name\":\"ponferrada2\",\"image\":{\"@type\":\"ImageObject\",\"inLanguage\":\"es\",\"@id\":\"https:\/\/agrupacionespsoe.es\/ponferrada\/#\/schema\/person\/image\/\",\"url\":\"https:\/\/secure.gravatar.com\/avatar\/f499eeb60144c664cf7b7edf75549b50?s=96&d=mm&r=g\",\"contentUrl\":\"https:\/\/secure.gravatar.com\/avatar\/f499eeb60144c664cf7b7edf75549b50?s=96&d=mm&r=g\",\"caption\":\"ponferrada2\"},\"url\":\"https:\/\/agrupacionespsoe.es\/ponferrada\/author\/ponferrada2\/\"}]}<\/script>\n<!-- \/ Yoast SEO plugin. -->","yoast_head_json":{"title":"El PSOE de Ponferrada quiere dar la bienvenida al Partido Popular a las reivindicaciones por El Bierzo y por la ciudadan\u00eda. - Agrupaci\u00f3n Socialista de Ponferrada","robots":{"index":"index","follow":"follow","max-snippet":"max-snippet:-1","max-image-preview":"max-image-preview:large","max-video-preview":"max-video-preview:-1"},"canonical":"https:\/\/agrupacionespsoe.es\/ponferrada\/el-psoe-de-ponferrada-quiere-dar-la-bienvenida-al-partido-popular-a-las-reivindicaciones-por-el-bierzo-y-por-la-ciudadania\/","og_locale":"es_ES","og_type":"article","og_title":"El PSOE de Ponferrada quiere dar la bienvenida al Partido Popular a las reivindicaciones por El Bierzo y por la ciudadan\u00eda. - Agrupaci\u00f3n Socialista de Ponferrada","og_description":"El PSOE defiende la diferencia en el grado de compromiso con nuestra comarca entre el gobierno de la naci\u00f3n y la Junta de Castilla y Le\u00f3n Mabel Fern\u00e1ndez, Secretaria de Organizaci\u00f3n del PSOE de Ponferrada, ha tirado de iron\u00eda y ha querido dar la bienvenida al Partido Popular a las reivindicaciones que desde el PSOE ...","og_url":"https:\/\/agrupacionespsoe.es\/ponferrada\/el-psoe-de-ponferrada-quiere-dar-la-bienvenida-al-partido-popular-a-las-reivindicaciones-por-el-bierzo-y-por-la-ciudadania\/","og_site_name":"Agrupaci\u00f3n Socialista de Ponferrada","article_published_time":"2023-12-14T11:49:10+00:00","article_modified_time":"2023-12-14T11:49:11+00:00","og_image":[{"url":"https:\/\/agrupacionespsoe.es\/ponferrada\/wp-content\/uploads\/sites\/36\/2023\/12\/cem-dic.jpeg","type":"","width":"","height":""}],"author":"ponferrada2","twitter_card":"summary_large_image","twitter_misc":{"Escrito por":"ponferrada2","Tiempo de lectura":"4 minutos"},"schema":{"@context":"https:\/\/schema.org","@graph":[{"@type":"Article","@id":"https:\/\/agrupacionespsoe.es\/ponferrada\/el-psoe-de-ponferrada-quiere-dar-la-bienvenida-al-partido-popular-a-las-reivindicaciones-por-el-bierzo-y-por-la-ciudadania\/#article","isPartOf":{"@id":"https:\/\/agrupacionespsoe.es\/ponferrada\/el-psoe-de-ponferrada-quiere-dar-la-bienvenida-al-partido-popular-a-las-reivindicaciones-por-el-bierzo-y-por-la-ciudadania\/"},"author":{"name":"ponferrada2","@id":"https:\/\/agrupacionespsoe.es\/ponferrada\/#\/schema\/person\/cd29ee627f3b70c05d415f02596debaa"},"headline":"El PSOE de Ponferrada quiere dar la bienvenida al Partido Popular a las reivindicaciones por El Bierzo y por la ciudadan\u00eda.","datePublished":"2023-12-14T11:49:10+00:00","dateModified":"2023-12-14T11:49:11+00:00","mainEntityOfPage":{"@id":"https:\/\/agrupacionespsoe.es\/ponferrada\/el-psoe-de-ponferrada-quiere-dar-la-bienvenida-al-partido-popular-a-las-reivindicaciones-por-el-bierzo-y-por-la-ciudadania\/"},"wordCount":724,"commentCount":0,"publisher":{"@id":"https:\/\/agrupacionespsoe.es\/ponferrada\/#organization"},"image":{"@id":"https:\/\/agrupacionespsoe.es\/ponferrada\/el-psoe-de-ponferrada-quiere-dar-la-bienvenida-al-partido-popular-a-las-reivindicaciones-por-el-bierzo-y-por-la-ciudadania\/#primaryimage"},"thumbnailUrl":"https:\/\/agrupacionespsoe.es\/ponferrada\/wp-content\/uploads\/sites\/36\/2023\/12\/cem-dic.jpeg","articleSection":["ACTUALIDAD"],"inLanguage":"es","potentialAction":[{"@type":"CommentAction","name":"Comment","target":["https:\/\/agrupacionespsoe.es\/ponferrada\/el-psoe-de-ponferrada-quiere-dar-la-bienvenida-al-partido-popular-a-las-reivindicaciones-por-el-bierzo-y-por-la-ciudadania\/#respond"]}]},{"@type":"WebPage","@id":"https:\/\/agrupacionespsoe.es\/ponferrada\/el-psoe-de-ponferrada-quiere-dar-la-bienvenida-al-partido-popular-a-las-reivindicaciones-por-el-bierzo-y-por-la-ciudadania\/","url":"https:\/\/agrupacionespsoe.es\/ponferrada\/el-psoe-de-ponferrada-quiere-dar-la-bienvenida-al-partido-popular-a-las-reivindicaciones-por-el-bierzo-y-por-la-ciudadania\/","name":"El PSOE de Ponferrada quiere dar la bienvenida al Partido Popular a las reivindicaciones por El Bierzo y por la ciudadan\u00eda. - Agrupaci\u00f3n Socialista de Ponferrada","isPartOf":{"@id":"https:\/\/agrupacionespsoe.es\/ponferrada\/#website"},"primaryImageOfPage":{"@id":"https:\/\/agrupacionespsoe.es\/ponferrada\/el-psoe-de-ponferrada-quiere-dar-la-bienvenida-al-partido-popular-a-las-reivindicaciones-por-el-bierzo-y-por-la-ciudadania\/#primaryimage"},"image":{"@id":"https:\/\/agrupacionespsoe.es\/ponferrada\/el-psoe-de-ponferrada-quiere-dar-la-bienvenida-al-partido-popular-a-las-reivindicaciones-por-el-bierzo-y-por-la-ciudadania\/#primaryimage"},"thumbnailUrl":"https:\/\/agrupacionespsoe.es\/ponferrada\/wp-content\/uploads\/sites\/36\/2023\/12\/cem-dic.jpeg","datePublished":"2023-12-14T11:49:10+00:00","dateModified":"2023-12-14T11:49:11+00:00","breadcrumb":{"@id":"https:\/\/agrupacionespsoe.es\/ponferrada\/el-psoe-de-ponferrada-quiere-dar-la-bienvenida-al-partido-popular-a-las-reivindicaciones-por-el-bierzo-y-por-la-ciudadania\/#breadcrumb"},"inLanguage":"es","potentialAction":[{"@type":"ReadAction","target":["https:\/\/agrupacionespsoe.es\/ponferrada\/el-psoe-de-ponferrada-quiere-dar-la-bienvenida-al-partido-popular-a-las-reivindicaciones-por-el-bierzo-y-por-la-ciudadania\/"]}]},{"@type":"ImageObject","inLanguage":"es","@id":"https:\/\/agrupacionespsoe.es\/ponferrada\/el-psoe-de-ponferrada-quiere-dar-la-bienvenida-al-partido-popular-a-las-reivindicaciones-por-el-bierzo-y-por-la-ciudadania\/#primaryimage","url":"https:\/\/agrupacionespsoe.es\/ponferrada\/wp-content\/uploads\/sites\/36\/2023\/12\/cem-dic.jpeg","contentUrl":"https:\/\/agrupacionespsoe.es\/ponferrada\/wp-content\/uploads\/sites\/36\/2023\/12\/cem-dic.jpeg","width":1024,"height":766},{"@type":"BreadcrumbList","@id":"https:\/\/agrupacionespsoe.es\/ponferrada\/el-psoe-de-ponferrada-quiere-dar-la-bienvenida-al-partido-popular-a-las-reivindicaciones-por-el-bierzo-y-por-la-ciudadania\/#breadcrumb","itemListElement":[{"@type":"ListItem","position":1,"name":"Portada","item":"https:\/\/agrupacionespsoe.es\/ponferrada\/"},{"@type":"ListItem","position":2,"name":"El PSOE de Ponferrada quiere dar la bienvenida al Partido Popular a las reivindicaciones por El Bierzo y por la ciudadan\u00eda."}]},{"@type":"WebSite","@id":"https:\/\/agrupacionespsoe.es\/ponferrada\/#website","url":"https:\/\/agrupacionespsoe.es\/ponferrada\/","name":"Agrupaci\u00f3n Socialista de Ponferrada","description":"Agrupaci\u00f3n Socialista de Ponferrada","publisher":{"@id":"https:\/\/agrupacionespsoe.es\/ponferrada\/#organization"},"potentialAction":[{"@type":"SearchAction","target":{"@type":"EntryPoint","urlTemplate":"https:\/\/agrupacionespsoe.es\/ponferrada\/?s={search_term_string}"},"query-input":{"@type":"PropertyValueSpecification","valueRequired":true,"valueName":"search_term_string"}}],"inLanguage":"es"},{"@type":"Organization","@id":"https:\/\/agrupacionespsoe.es\/ponferrada\/#organization","name":"Agrupaci\u00f3n Socialista de Ponferrada","url":"https:\/\/agrupacionespsoe.es\/ponferrada\/","logo":{"@type":"ImageObject","inLanguage":"es","@id":"https:\/\/agrupacionespsoe.es\/ponferrada\/#\/schema\/logo\/image\/","url":"https:\/\/agrupacionespsoe.es\/wp-content\/uploads\/2022\/07\/Logotipo_electoral_del_PSOE.png","contentUrl":"https:\/\/agrupacionespsoe.es\/wp-content\/uploads\/2022\/07\/Logotipo_electoral_del_PSOE.png","width":422,"height":422,"caption":"Agrupaci\u00f3n Socialista de Ponferrada"},"image":{"@id":"https:\/\/agrupacionespsoe.es\/ponferrada\/#\/schema\/logo\/image\/"}},{"@type":"Person","@id":"https:\/\/agrupacionespsoe.es\/ponferrada\/#\/schema\/person\/cd29ee627f3b70c05d415f02596debaa","name":"ponferrada2","image":{"@type":"ImageObject","inLanguage":"es","@id":"https:\/\/agrupacionespsoe.es\/ponferrada\/#\/schema\/person\/image\/","url":"https:\/\/secure.gravatar.com\/avatar\/f499eeb60144c664cf7b7edf75549b50?s=96&d=mm&r=g","contentUrl":"https:\/\/secure.gravatar.com\/avatar\/f499eeb60144c664cf7b7edf75549b50?s=96&d=mm&r=g","caption":"ponferrada2"},"url":"https:\/\/agrupacionespsoe.es\/ponferrada\/author\/ponferrada2\/"}]}},"jetpack_featured_media_url":"","jetpack_sharing_enabled":true,"_links":{"self":[{"href":"https:\/\/agrupacionespsoe.es\/ponferrada\/wp-json\/wp\/v2\/posts\/305","targetHints":{"allow":["GET"]}}],"collection":[{"href":"https:\/\/agrupacionespsoe.es\/ponferrada\/wp-json\/wp\/v2\/posts"}],"about":[{"href":"https:\/\/agrupacionespsoe.es\/ponferrada\/wp-json\/wp\/v2\/types\/post"}],"author":[{"embeddable":true,"href":"https:\/\/agrupacionespsoe.es\/ponferrada\/wp-json\/wp\/v2\/users\/32"}],"replies":[{"embeddable":true,"href":"https:\/\/agrupacionespsoe.es\/ponferrada\/wp-json\/wp\/v2\/comments?post=305"}],"version-history":[{"count":2,"href":"https:\/\/agrupacionespsoe.es\/ponferrada\/wp-json\/wp\/v2\/posts\/305\/revisions"}],"predecessor-version":[{"id":309,"href":"https:\/\/agrupacionespsoe.es\/ponferrada\/wp-json\/wp\/v2\/posts\/305\/revisions\/309"}],"wp:attachment":[{"href":"https:\/\/agrupacionespsoe.es\/ponferrada\/wp-json\/wp\/v2\/media?parent=305"}],"wp:term":[{"taxonomy":"category","embeddable":true,"href":"https:\/\/agrupacionespsoe.es\/ponferrada\/wp-json\/wp\/v2\/categories?post=305"},{"taxonomy":"post_tag","embeddable":true,"href":"https:\/\/agrupacionespsoe.es\/ponferrada\/wp-json\/wp\/v2\/tags?post=305"}],"curies":[{"name":"wp","href":"https:\/\/api.w.org\/{rel}","templated":true}]}}