{"id":298,"date":"2023-11-07T11:31:41","date_gmt":"2023-11-07T11:31:41","guid":{"rendered":"https:\/\/agrupacionespsoe.es\/ponferrada\/?p=298"},"modified":"2023-11-07T11:31:41","modified_gmt":"2023-11-07T11:31:41","slug":"el-psoe-hace-un-llamamiento-a-la-calma-y-a-rebajar-la-crispacion","status":"publish","type":"post","link":"https:\/\/agrupacionespsoe.es\/ponferrada\/el-psoe-hace-un-llamamiento-a-la-calma-y-a-rebajar-la-crispacion\/","title":{"rendered":"El PSOE hace un llamamiento a la calma y a rebajar la crispaci\u00f3n"},"content":{"rendered":"\n<p class=\"has-medium-font-size\"><strong>\u201cquien convoca y participa activamente en concentraciones ilegales, quien crispa y quien busca un enfrentamiento entre los vecinos y vecinas de su ciudad no pueden tener cargos en el ayuntamiento\u201d<\/strong><\/p>\n\n\n\n<p>El PSOE ha convocado esta ma\u00f1ana a los medios de comunicaci\u00f3n para valorar las &nbsp;concentraciones que se est\u00e1n realizando ante las sedes del PSOE, el Secretario General Olegario Ram\u00f3n antes de entrar en el tema ha se\u00f1alado que esas concentraciones no fueron comunicadas a las autoridades gubernativas como es preceptivo.<\/p>\n\n\n\n<p>El Secretario &nbsp;General del PSOE ha querido hacer esta ma\u00f1ana un llamamiento a la calma, un llamamiento a reducir la espiral de crispaci\u00f3n, en definitiva un llamamiento a recuperar la serenidad y la convivencia.<\/p>\n\n\n\n<p>A juicio de Olegario Ram\u00f3n todos debemos de contribuir a reducir esa crispaci\u00f3n y en especial los partidos pol\u00edticos y el Partido Popular, ya que este tipo de actuaciones pueden derivar en incidentes mayores que tengamos que llegar a lamentar.<\/p>\n\n\n\n<p>Contin\u00faa se\u00f1alando que los partidos pol\u00edticos expresamos el pluralismo y somos un instrumento fundamental para la participaci\u00f3n pol\u00edtica reconocidos en la constituci\u00f3n, y cualquier ataque que se produzca por cualquier colectivo &nbsp;supone un ataque a la propia democracia.<\/p>\n\n\n\n<p>Olegario Ram\u00f3n hace un llamamiento a los dem\u00e1s partidos pol\u00edticos con estructura en Ponferrada para que condenen de manera p\u00fablica estos llamamientos a romper la convivencia entre vecinos y vecinas. Desde el PSOE queremos hacer un llamamiento especial al Alcalde de Ponferrada, entendemos que debe estar preocupado por el incremento de la crispaci\u00f3n en la ciudad que gobierna, y seguro que los cargos p\u00fablicos del PP que ayer acudieron a la concentraci\u00f3n son una minor\u00eda por lo que le invitamos a que participe de manera activa a haciendo un llamamiento a la calma.<\/p>\n\n\n\n<p>El Secretario General de la Agrupaci\u00f3n ha se\u00f1alado que las concentraciones est\u00e1n siendo instigadas y convocadas a trav\u00e9s de las redes sociales, en primera persona por los concejales de VOX del Ayuntamiento, por lo que le pedimos al Sr. Morala que proceda al cese inmediato de las delegaciones en su favor, ya que quien convoca y participa activamente en concentraciones ilegales, quien crispa y quien busca un enfrentamiento entre los vecinos y vecinas de su ciudad no pueden tener cargos en el ayuntamiento de Ponferrada.<\/p>\n\n\n\n<p>Por \u00faltimo ha querido acabar reiterando nuestro llamamiento a la calma, a la serenidad y a la convivencia.<\/p>\n\n\n\n<figure class=\"wp-block-image size-large\"><img loading=\"lazy\" decoding=\"async\" width=\"1024\" height=\"633\" src=\"https:\/\/agrupacionespsoe.es\/ponferrada\/wp-content\/uploads\/sites\/36\/2023\/11\/WhatsApp-Image-2023-11-07-at-12.22.51-1024x633.jpeg\" alt=\"\" class=\"wp-image-299\" srcset=\"https:\/\/agrupacionespsoe.es\/ponferrada\/wp-content\/uploads\/sites\/36\/2023\/11\/WhatsApp-Image-2023-11-07-at-12.22.51-1024x633.jpeg 1024w, https:\/\/agrupacionespsoe.es\/ponferrada\/wp-content\/uploads\/sites\/36\/2023\/11\/WhatsApp-Image-2023-11-07-at-12.22.51-300x185.jpeg 300w, https:\/\/agrupacionespsoe.es\/ponferrada\/wp-content\/uploads\/sites\/36\/2023\/11\/WhatsApp-Image-2023-11-07-at-12.22.51-768x475.jpeg 768w, https:\/\/agrupacionespsoe.es\/ponferrada\/wp-content\/uploads\/sites\/36\/2023\/11\/WhatsApp-Image-2023-11-07-at-12.22.51-1536x950.jpeg 1536w, https:\/\/agrupacionespsoe.es\/ponferrada\/wp-content\/uploads\/sites\/36\/2023\/11\/WhatsApp-Image-2023-11-07-at-12.22.51.jpeg 2048w\" sizes=\"auto, (max-width: 1024px) 100vw, 1024px\" \/><\/figure>\n","protected":false},"excerpt":{"rendered":"<p>\u201cquien convoca y participa activamente en concentraciones ilegales, quien crispa y quien busca un enfrentamiento entre los vecinos y vecinas de su ciudad no pueden tener cargos en el ayuntamiento\u201d El PSOE ha convocado esta ma\u00f1ana a los medios de comunicaci\u00f3n para valorar las &nbsp;concentraciones que se est\u00e1n realizando ante las sedes del PSOE, el &#8230;<\/p>\n","protected":false},"author":32,"featured_media":299,"comment_status":"open","ping_status":"open","sticky":false,"template":"","format":"standard","meta":{"_jetpack_memberships_contains_paid_content":false,"footnotes":""},"categories":[6],"tags":[],"class_list":["post-298","post","type-post","status-publish","format-standard","has-post-thumbnail","hentry","category-actualidad"],"yoast_head":"<!-- This site is optimized with the Yoast SEO plugin v24.0 - https:\/\/yoast.com\/wordpress\/plugins\/seo\/ -->\n<title>El PSOE hace un llamamiento a la calma y a rebajar la crispaci\u00f3n - Agrupaci\u00f3n Socialista de Ponferrada<\/title>\n<meta name=\"robots\" content=\"index, follow, max-snippet:-1, max-image-preview:large, max-video-preview:-1\" \/>\n<link rel=\"canonical\" href=\"https:\/\/agrupacionespsoe.es\/ponferrada\/el-psoe-hace-un-llamamiento-a-la-calma-y-a-rebajar-la-crispacion\/\" \/>\n<meta property=\"og:locale\" content=\"es_ES\" \/>\n<meta property=\"og:type\" content=\"article\" \/>\n<meta property=\"og:title\" content=\"El PSOE hace un llamamiento a la calma y a rebajar la crispaci\u00f3n - Agrupaci\u00f3n Socialista de Ponferrada\" \/>\n<meta property=\"og:description\" content=\"\u201cquien convoca y participa activamente en concentraciones ilegales, quien crispa y quien busca un enfrentamiento entre los vecinos y vecinas de su ciudad no pueden tener cargos en el ayuntamiento\u201d El PSOE ha convocado esta ma\u00f1ana a los medios de comunicaci\u00f3n para valorar las &nbsp;concentraciones que se est\u00e1n realizando ante las sedes del PSOE, el ...\" \/>\n<meta property=\"og:url\" content=\"https:\/\/agrupacionespsoe.es\/ponferrada\/el-psoe-hace-un-llamamiento-a-la-calma-y-a-rebajar-la-crispacion\/\" \/>\n<meta property=\"og:site_name\" content=\"Agrupaci\u00f3n Socialista de Ponferrada\" \/>\n<meta property=\"article:published_time\" content=\"2023-11-07T11:31:41+00:00\" \/>\n<meta property=\"og:image\" content=\"https:\/\/agrupacionespsoe.es\/ponferrada\/wp-content\/uploads\/sites\/36\/2023\/11\/WhatsApp-Image-2023-11-07-at-12.22.51.jpeg\" \/>\n\t<meta property=\"og:image:width\" content=\"2048\" \/>\n\t<meta property=\"og:image:height\" content=\"1266\" \/>\n\t<meta property=\"og:image:type\" content=\"image\/jpeg\" \/>\n<meta name=\"author\" content=\"ponferrada2\" \/>\n<meta name=\"twitter:card\" content=\"summary_large_image\" \/>\n<meta name=\"twitter:label1\" content=\"Escrito por\" \/>\n\t<meta name=\"twitter:data1\" content=\"ponferrada2\" \/>\n\t<meta name=\"twitter:label2\" content=\"Tiempo de lectura\" \/>\n\t<meta name=\"twitter:data2\" content=\"2 minutos\" \/>\n<script type=\"application\/ld+json\" class=\"yoast-schema-graph\">{\"@context\":\"https:\/\/schema.org\",\"@graph\":[{\"@type\":\"Article\",\"@id\":\"https:\/\/agrupacionespsoe.es\/ponferrada\/el-psoe-hace-un-llamamiento-a-la-calma-y-a-rebajar-la-crispacion\/#article\",\"isPartOf\":{\"@id\":\"https:\/\/agrupacionespsoe.es\/ponferrada\/el-psoe-hace-un-llamamiento-a-la-calma-y-a-rebajar-la-crispacion\/\"},\"author\":{\"name\":\"ponferrada2\",\"@id\":\"https:\/\/agrupacionespsoe.es\/ponferrada\/#\/schema\/person\/cd29ee627f3b70c05d415f02596debaa\"},\"headline\":\"El PSOE hace un llamamiento a la calma y a rebajar la crispaci\u00f3n\",\"datePublished\":\"2023-11-07T11:31:41+00:00\",\"dateModified\":\"2023-11-07T11:31:41+00:00\",\"mainEntityOfPage\":{\"@id\":\"https:\/\/agrupacionespsoe.es\/ponferrada\/el-psoe-hace-un-llamamiento-a-la-calma-y-a-rebajar-la-crispacion\/\"},\"wordCount\":433,\"commentCount\":0,\"publisher\":{\"@id\":\"https:\/\/agrupacionespsoe.es\/ponferrada\/#organization\"},\"image\":{\"@id\":\"https:\/\/agrupacionespsoe.es\/ponferrada\/el-psoe-hace-un-llamamiento-a-la-calma-y-a-rebajar-la-crispacion\/#primaryimage\"},\"thumbnailUrl\":\"https:\/\/agrupacionespsoe.es\/ponferrada\/wp-content\/uploads\/sites\/36\/2023\/11\/WhatsApp-Image-2023-11-07-at-12.22.51.jpeg\",\"articleSection\":[\"ACTUALIDAD\"],\"inLanguage\":\"es\",\"potentialAction\":[{\"@type\":\"CommentAction\",\"name\":\"Comment\",\"target\":[\"https:\/\/agrupacionespsoe.es\/ponferrada\/el-psoe-hace-un-llamamiento-a-la-calma-y-a-rebajar-la-crispacion\/#respond\"]}]},{\"@type\":\"WebPage\",\"@id\":\"https:\/\/agrupacionespsoe.es\/ponferrada\/el-psoe-hace-un-llamamiento-a-la-calma-y-a-rebajar-la-crispacion\/\",\"url\":\"https:\/\/agrupacionespsoe.es\/ponferrada\/el-psoe-hace-un-llamamiento-a-la-calma-y-a-rebajar-la-crispacion\/\",\"name\":\"El PSOE hace un llamamiento a la calma y a rebajar la crispaci\u00f3n - Agrupaci\u00f3n Socialista de Ponferrada\",\"isPartOf\":{\"@id\":\"https:\/\/agrupacionespsoe.es\/ponferrada\/#website\"},\"primaryImageOfPage\":{\"@id\":\"https:\/\/agrupacionespsoe.es\/ponferrada\/el-psoe-hace-un-llamamiento-a-la-calma-y-a-rebajar-la-crispacion\/#primaryimage\"},\"image\":{\"@id\":\"https:\/\/agrupacionespsoe.es\/ponferrada\/el-psoe-hace-un-llamamiento-a-la-calma-y-a-rebajar-la-crispacion\/#primaryimage\"},\"thumbnailUrl\":\"https:\/\/agrupacionespsoe.es\/ponferrada\/wp-content\/uploads\/sites\/36\/2023\/11\/WhatsApp-Image-2023-11-07-at-12.22.51.jpeg\",\"datePublished\":\"2023-11-07T11:31:41+00:00\",\"dateModified\":\"2023-11-07T11:31:41+00:00\",\"breadcrumb\":{\"@id\":\"https:\/\/agrupacionespsoe.es\/ponferrada\/el-psoe-hace-un-llamamiento-a-la-calma-y-a-rebajar-la-crispacion\/#breadcrumb\"},\"inLanguage\":\"es\",\"potentialAction\":[{\"@type\":\"ReadAction\",\"target\":[\"https:\/\/agrupacionespsoe.es\/ponferrada\/el-psoe-hace-un-llamamiento-a-la-calma-y-a-rebajar-la-crispacion\/\"]}]},{\"@type\":\"ImageObject\",\"inLanguage\":\"es\",\"@id\":\"https:\/\/agrupacionespsoe.es\/ponferrada\/el-psoe-hace-un-llamamiento-a-la-calma-y-a-rebajar-la-crispacion\/#primaryimage\",\"url\":\"https:\/\/agrupacionespsoe.es\/ponferrada\/wp-content\/uploads\/sites\/36\/2023\/11\/WhatsApp-Image-2023-11-07-at-12.22.51.jpeg\",\"contentUrl\":\"https:\/\/agrupacionespsoe.es\/ponferrada\/wp-content\/uploads\/sites\/36\/2023\/11\/WhatsApp-Image-2023-11-07-at-12.22.51.jpeg\",\"width\":2048,\"height\":1266},{\"@type\":\"BreadcrumbList\",\"@id\":\"https:\/\/agrupacionespsoe.es\/ponferrada\/el-psoe-hace-un-llamamiento-a-la-calma-y-a-rebajar-la-crispacion\/#breadcrumb\",\"itemListElement\":[{\"@type\":\"ListItem\",\"position\":1,\"name\":\"Portada\",\"item\":\"https:\/\/agrupacionespsoe.es\/ponferrada\/\"},{\"@type\":\"ListItem\",\"position\":2,\"name\":\"El PSOE hace un llamamiento a la calma y a rebajar la crispaci\u00f3n\"}]},{\"@type\":\"WebSite\",\"@id\":\"https:\/\/agrupacionespsoe.es\/ponferrada\/#website\",\"url\":\"https:\/\/agrupacionespsoe.es\/ponferrada\/\",\"name\":\"Agrupaci\u00f3n Socialista de Ponferrada\",\"description\":\"Agrupaci\u00f3n Socialista de Ponferrada\",\"publisher\":{\"@id\":\"https:\/\/agrupacionespsoe.es\/ponferrada\/#organization\"},\"potentialAction\":[{\"@type\":\"SearchAction\",\"target\":{\"@type\":\"EntryPoint\",\"urlTemplate\":\"https:\/\/agrupacionespsoe.es\/ponferrada\/?s={search_term_string}\"},\"query-input\":{\"@type\":\"PropertyValueSpecification\",\"valueRequired\":true,\"valueName\":\"search_term_string\"}}],\"inLanguage\":\"es\"},{\"@type\":\"Organization\",\"@id\":\"https:\/\/agrupacionespsoe.es\/ponferrada\/#organization\",\"name\":\"Agrupaci\u00f3n Socialista de Ponferrada\",\"url\":\"https:\/\/agrupacionespsoe.es\/ponferrada\/\",\"logo\":{\"@type\":\"ImageObject\",\"inLanguage\":\"es\",\"@id\":\"https:\/\/agrupacionespsoe.es\/ponferrada\/#\/schema\/logo\/image\/\",\"url\":\"https:\/\/agrupacionespsoe.es\/wp-content\/uploads\/2022\/07\/Logotipo_electoral_del_PSOE.png\",\"contentUrl\":\"https:\/\/agrupacionespsoe.es\/wp-content\/uploads\/2022\/07\/Logotipo_electoral_del_PSOE.png\",\"width\":422,\"height\":422,\"caption\":\"Agrupaci\u00f3n Socialista de Ponferrada\"},\"image\":{\"@id\":\"https:\/\/agrupacionespsoe.es\/ponferrada\/#\/schema\/logo\/image\/\"}},{\"@type\":\"Person\",\"@id\":\"https:\/\/agrupacionespsoe.es\/ponferrada\/#\/schema\/person\/cd29ee627f3b70c05d415f02596debaa\",\"name\":\"ponferrada2\",\"image\":{\"@type\":\"ImageObject\",\"inLanguage\":\"es\",\"@id\":\"https:\/\/agrupacionespsoe.es\/ponferrada\/#\/schema\/person\/image\/\",\"url\":\"https:\/\/secure.gravatar.com\/avatar\/f499eeb60144c664cf7b7edf75549b50?s=96&d=mm&r=g\",\"contentUrl\":\"https:\/\/secure.gravatar.com\/avatar\/f499eeb60144c664cf7b7edf75549b50?s=96&d=mm&r=g\",\"caption\":\"ponferrada2\"},\"url\":\"https:\/\/agrupacionespsoe.es\/ponferrada\/author\/ponferrada2\/\"}]}<\/script>\n<!-- \/ Yoast SEO plugin. -->","yoast_head_json":{"title":"El PSOE hace un llamamiento a la calma y a rebajar la crispaci\u00f3n - Agrupaci\u00f3n Socialista de Ponferrada","robots":{"index":"index","follow":"follow","max-snippet":"max-snippet:-1","max-image-preview":"max-image-preview:large","max-video-preview":"max-video-preview:-1"},"canonical":"https:\/\/agrupacionespsoe.es\/ponferrada\/el-psoe-hace-un-llamamiento-a-la-calma-y-a-rebajar-la-crispacion\/","og_locale":"es_ES","og_type":"article","og_title":"El PSOE hace un llamamiento a la calma y a rebajar la crispaci\u00f3n - Agrupaci\u00f3n Socialista de Ponferrada","og_description":"\u201cquien convoca y participa activamente en concentraciones ilegales, quien crispa y quien busca un enfrentamiento entre los vecinos y vecinas de su ciudad no pueden tener cargos en el ayuntamiento\u201d El PSOE ha convocado esta ma\u00f1ana a los medios de comunicaci\u00f3n para valorar las &nbsp;concentraciones que se est\u00e1n realizando ante las sedes del PSOE, el ...","og_url":"https:\/\/agrupacionespsoe.es\/ponferrada\/el-psoe-hace-un-llamamiento-a-la-calma-y-a-rebajar-la-crispacion\/","og_site_name":"Agrupaci\u00f3n Socialista de Ponferrada","article_published_time":"2023-11-07T11:31:41+00:00","og_image":[{"width":2048,"height":1266,"url":"https:\/\/agrupacionespsoe.es\/ponferrada\/wp-content\/uploads\/sites\/36\/2023\/11\/WhatsApp-Image-2023-11-07-at-12.22.51.jpeg","type":"image\/jpeg"}],"author":"ponferrada2","twitter_card":"summary_large_image","twitter_misc":{"Escrito por":"ponferrada2","Tiempo de lectura":"2 minutos"},"schema":{"@context":"https:\/\/schema.org","@graph":[{"@type":"Article","@id":"https:\/\/agrupacionespsoe.es\/ponferrada\/el-psoe-hace-un-llamamiento-a-la-calma-y-a-rebajar-la-crispacion\/#article","isPartOf":{"@id":"https:\/\/agrupacionespsoe.es\/ponferrada\/el-psoe-hace-un-llamamiento-a-la-calma-y-a-rebajar-la-crispacion\/"},"author":{"name":"ponferrada2","@id":"https:\/\/agrupacionespsoe.es\/ponferrada\/#\/schema\/person\/cd29ee627f3b70c05d415f02596debaa"},"headline":"El PSOE hace un llamamiento a la calma y a rebajar la crispaci\u00f3n","datePublished":"2023-11-07T11:31:41+00:00","dateModified":"2023-11-07T11:31:41+00:00","mainEntityOfPage":{"@id":"https:\/\/agrupacionespsoe.es\/ponferrada\/el-psoe-hace-un-llamamiento-a-la-calma-y-a-rebajar-la-crispacion\/"},"wordCount":433,"commentCount":0,"publisher":{"@id":"https:\/\/agrupacionespsoe.es\/ponferrada\/#organization"},"image":{"@id":"https:\/\/agrupacionespsoe.es\/ponferrada\/el-psoe-hace-un-llamamiento-a-la-calma-y-a-rebajar-la-crispacion\/#primaryimage"},"thumbnailUrl":"https:\/\/agrupacionespsoe.es\/ponferrada\/wp-content\/uploads\/sites\/36\/2023\/11\/WhatsApp-Image-2023-11-07-at-12.22.51.jpeg","articleSection":["ACTUALIDAD"],"inLanguage":"es","potentialAction":[{"@type":"CommentAction","name":"Comment","target":["https:\/\/agrupacionespsoe.es\/ponferrada\/el-psoe-hace-un-llamamiento-a-la-calma-y-a-rebajar-la-crispacion\/#respond"]}]},{"@type":"WebPage","@id":"https:\/\/agrupacionespsoe.es\/ponferrada\/el-psoe-hace-un-llamamiento-a-la-calma-y-a-rebajar-la-crispacion\/","url":"https:\/\/agrupacionespsoe.es\/ponferrada\/el-psoe-hace-un-llamamiento-a-la-calma-y-a-rebajar-la-crispacion\/","name":"El PSOE hace un llamamiento a la calma y a rebajar la crispaci\u00f3n - Agrupaci\u00f3n Socialista de Ponferrada","isPartOf":{"@id":"https:\/\/agrupacionespsoe.es\/ponferrada\/#website"},"primaryImageOfPage":{"@id":"https:\/\/agrupacionespsoe.es\/ponferrada\/el-psoe-hace-un-llamamiento-a-la-calma-y-a-rebajar-la-crispacion\/#primaryimage"},"image":{"@id":"https:\/\/agrupacionespsoe.es\/ponferrada\/el-psoe-hace-un-llamamiento-a-la-calma-y-a-rebajar-la-crispacion\/#primaryimage"},"thumbnailUrl":"https:\/\/agrupacionespsoe.es\/ponferrada\/wp-content\/uploads\/sites\/36\/2023\/11\/WhatsApp-Image-2023-11-07-at-12.22.51.jpeg","datePublished":"2023-11-07T11:31:41+00:00","dateModified":"2023-11-07T11:31:41+00:00","breadcrumb":{"@id":"https:\/\/agrupacionespsoe.es\/ponferrada\/el-psoe-hace-un-llamamiento-a-la-calma-y-a-rebajar-la-crispacion\/#breadcrumb"},"inLanguage":"es","potentialAction":[{"@type":"ReadAction","target":["https:\/\/agrupacionespsoe.es\/ponferrada\/el-psoe-hace-un-llamamiento-a-la-calma-y-a-rebajar-la-crispacion\/"]}]},{"@type":"ImageObject","inLanguage":"es","@id":"https:\/\/agrupacionespsoe.es\/ponferrada\/el-psoe-hace-un-llamamiento-a-la-calma-y-a-rebajar-la-crispacion\/#primaryimage","url":"https:\/\/agrupacionespsoe.es\/ponferrada\/wp-content\/uploads\/sites\/36\/2023\/11\/WhatsApp-Image-2023-11-07-at-12.22.51.jpeg","contentUrl":"https:\/\/agrupacionespsoe.es\/ponferrada\/wp-content\/uploads\/sites\/36\/2023\/11\/WhatsApp-Image-2023-11-07-at-12.22.51.jpeg","width":2048,"height":1266},{"@type":"BreadcrumbList","@id":"https:\/\/agrupacionespsoe.es\/ponferrada\/el-psoe-hace-un-llamamiento-a-la-calma-y-a-rebajar-la-crispacion\/#breadcrumb","itemListElement":[{"@type":"ListItem","position":1,"name":"Portada","item":"https:\/\/agrupacionespsoe.es\/ponferrada\/"},{"@type":"ListItem","position":2,"name":"El PSOE hace un llamamiento a la calma y a rebajar la crispaci\u00f3n"}]},{"@type":"WebSite","@id":"https:\/\/agrupacionespsoe.es\/ponferrada\/#website","url":"https:\/\/agrupacionespsoe.es\/ponferrada\/","name":"Agrupaci\u00f3n Socialista de Ponferrada","description":"Agrupaci\u00f3n Socialista de Ponferrada","publisher":{"@id":"https:\/\/agrupacionespsoe.es\/ponferrada\/#organization"},"potentialAction":[{"@type":"SearchAction","target":{"@type":"EntryPoint","urlTemplate":"https:\/\/agrupacionespsoe.es\/ponferrada\/?s={search_term_string}"},"query-input":{"@type":"PropertyValueSpecification","valueRequired":true,"valueName":"search_term_string"}}],"inLanguage":"es"},{"@type":"Organization","@id":"https:\/\/agrupacionespsoe.es\/ponferrada\/#organization","name":"Agrupaci\u00f3n Socialista de Ponferrada","url":"https:\/\/agrupacionespsoe.es\/ponferrada\/","logo":{"@type":"ImageObject","inLanguage":"es","@id":"https:\/\/agrupacionespsoe.es\/ponferrada\/#\/schema\/logo\/image\/","url":"https:\/\/agrupacionespsoe.es\/wp-content\/uploads\/2022\/07\/Logotipo_electoral_del_PSOE.png","contentUrl":"https:\/\/agrupacionespsoe.es\/wp-content\/uploads\/2022\/07\/Logotipo_electoral_del_PSOE.png","width":422,"height":422,"caption":"Agrupaci\u00f3n Socialista de Ponferrada"},"image":{"@id":"https:\/\/agrupacionespsoe.es\/ponferrada\/#\/schema\/logo\/image\/"}},{"@type":"Person","@id":"https:\/\/agrupacionespsoe.es\/ponferrada\/#\/schema\/person\/cd29ee627f3b70c05d415f02596debaa","name":"ponferrada2","image":{"@type":"ImageObject","inLanguage":"es","@id":"https:\/\/agrupacionespsoe.es\/ponferrada\/#\/schema\/person\/image\/","url":"https:\/\/secure.gravatar.com\/avatar\/f499eeb60144c664cf7b7edf75549b50?s=96&d=mm&r=g","contentUrl":"https:\/\/secure.gravatar.com\/avatar\/f499eeb60144c664cf7b7edf75549b50?s=96&d=mm&r=g","caption":"ponferrada2"},"url":"https:\/\/agrupacionespsoe.es\/ponferrada\/author\/ponferrada2\/"}]}},"jetpack_featured_media_url":"https:\/\/agrupacionespsoe.es\/ponferrada\/wp-content\/uploads\/sites\/36\/2023\/11\/WhatsApp-Image-2023-11-07-at-12.22.51.jpeg","jetpack_sharing_enabled":true,"_links":{"self":[{"href":"https:\/\/agrupacionespsoe.es\/ponferrada\/wp-json\/wp\/v2\/posts\/298","targetHints":{"allow":["GET"]}}],"collection":[{"href":"https:\/\/agrupacionespsoe.es\/ponferrada\/wp-json\/wp\/v2\/posts"}],"about":[{"href":"https:\/\/agrupacionespsoe.es\/ponferrada\/wp-json\/wp\/v2\/types\/post"}],"author":[{"embeddable":true,"href":"https:\/\/agrupacionespsoe.es\/ponferrada\/wp-json\/wp\/v2\/users\/32"}],"replies":[{"embeddable":true,"href":"https:\/\/agrupacionespsoe.es\/ponferrada\/wp-json\/wp\/v2\/comments?post=298"}],"version-history":[{"count":1,"href":"https:\/\/agrupacionespsoe.es\/ponferrada\/wp-json\/wp\/v2\/posts\/298\/revisions"}],"predecessor-version":[{"id":300,"href":"https:\/\/agrupacionespsoe.es\/ponferrada\/wp-json\/wp\/v2\/posts\/298\/revisions\/300"}],"wp:featuredmedia":[{"embeddable":true,"href":"https:\/\/agrupacionespsoe.es\/ponferrada\/wp-json\/wp\/v2\/media\/299"}],"wp:attachment":[{"href":"https:\/\/agrupacionespsoe.es\/ponferrada\/wp-json\/wp\/v2\/media?parent=298"}],"wp:term":[{"taxonomy":"category","embeddable":true,"href":"https:\/\/agrupacionespsoe.es\/ponferrada\/wp-json\/wp\/v2\/categories?post=298"},{"taxonomy":"post_tag","embeddable":true,"href":"https:\/\/agrupacionespsoe.es\/ponferrada\/wp-json\/wp\/v2\/tags?post=298"}],"curies":[{"name":"wp","href":"https:\/\/api.w.org\/{rel}","templated":true}]}}