{"id":292,"date":"2023-11-03T12:18:48","date_gmt":"2023-11-03T12:18:48","guid":{"rendered":"https:\/\/agrupacionespsoe.es\/ponferrada\/?p=292"},"modified":"2023-11-03T12:18:48","modified_gmt":"2023-11-03T12:18:48","slug":"el-grupo-municipal-socialista-aclara-que-el-plan-presentado-ayer-no-es-ninguna-novedad-si-no-que-es-un-plan-del-psoe","status":"publish","type":"post","link":"https:\/\/agrupacionespsoe.es\/ponferrada\/el-grupo-municipal-socialista-aclara-que-el-plan-presentado-ayer-no-es-ninguna-novedad-si-no-que-es-un-plan-del-psoe\/","title":{"rendered":"El grupo municipal socialista aclara que el Plan presentado ayer no es ninguna novedad si no que es un plan del PSOE."},"content":{"rendered":"\n<p><strong>Las actuaciones a las que renuncian para hacer el mirador de La Encina son vitales y repercutir\u00e1n negativamente en la ciudadan\u00eda<\/strong><\/p>\n\n\n\n<p>El Grupo Municipal Socialista ha mostrado su sorpresa ante la presentaci\u00f3n de ayer del equipo de gobierno actual del Plan de Sostenibilidad Tur\u00edstica en Destino.<\/p>\n\n\n\n<p>El portavoz del Grupo Municipal Socialista, Olegario Ram\u00f3n, ha explicado que \u201cese Plan que ayer presentaron se elabor\u00f3, concedi\u00f3 y acept\u00f3 durante el mandato del PSOE. Por lo que queremos denunciar que esa presentaci\u00f3n de ayer como algo novedoso es falso, lo \u00fanico que hicieron ayer es presentar los cambios que han realizado en el proyecto para incluir el mirador de la torre de la Bas\u00edlica de La Encina y el Museo de Arte Sacro.<\/p>\n\n\n\n<p>Olegario Ram\u00f3n ha querido resumir el recorrido que tuvo este Plan hasta su aprobaci\u00f3n, inicialmente se solicitaron 5,9 millones de euros y fue la Junta de Castilla y Le\u00f3n quien oblig\u00f3 a reducirlo hasta los 3,2 millones de euros y marc\u00f3 los requisitos que se deb\u00edan cumplir para esa reducci\u00f3n.<\/p>\n\n\n\n<p>Contin\u00faa se\u00f1alando que siguiendo esos requisitos, los t\u00e9cnicos elaboran una propuesta que se presenta a la Junta y se aprueba y se nos concede la subvenci\u00f3n. Lo que ayer nos han anunciado es la inclusi\u00f3n en el Plan de dos actuaciones que ni siquiera son novedosas porque ya se inclu\u00edan en el Plan inicial que se realiz\u00f3\u201d<\/p>\n\n\n\n<figure class=\"wp-block-gallery has-nested-images columns-default is-cropped wp-block-gallery-1 is-layout-flex wp-block-gallery-is-layout-flex\">\n<figure class=\"wp-block-image size-large\"><img loading=\"lazy\" decoding=\"async\" width=\"1024\" height=\"370\" data-id=\"295\" src=\"https:\/\/agrupacionespsoe.es\/ponferrada\/wp-content\/uploads\/sites\/36\/2023\/11\/PHOTO-2023-11-03-09-17-05-1024x370.jpg\" alt=\"\" class=\"wp-image-295\" srcset=\"https:\/\/agrupacionespsoe.es\/ponferrada\/wp-content\/uploads\/sites\/36\/2023\/11\/PHOTO-2023-11-03-09-17-05-1024x370.jpg 1024w, https:\/\/agrupacionespsoe.es\/ponferrada\/wp-content\/uploads\/sites\/36\/2023\/11\/PHOTO-2023-11-03-09-17-05-300x108.jpg 300w, https:\/\/agrupacionespsoe.es\/ponferrada\/wp-content\/uploads\/sites\/36\/2023\/11\/PHOTO-2023-11-03-09-17-05-768x277.jpg 768w, https:\/\/agrupacionespsoe.es\/ponferrada\/wp-content\/uploads\/sites\/36\/2023\/11\/PHOTO-2023-11-03-09-17-05-1536x555.jpg 1536w, https:\/\/agrupacionespsoe.es\/ponferrada\/wp-content\/uploads\/sites\/36\/2023\/11\/PHOTO-2023-11-03-09-17-05.jpg 1600w\" sizes=\"auto, (max-width: 1024px) 100vw, 1024px\" \/><figcaption class=\"wp-element-caption\">Actuaciones proyecto presentado ayer<\/figcaption><\/figure>\n\n\n\n<figure class=\"wp-block-image size-large\"><img loading=\"lazy\" decoding=\"async\" width=\"1003\" height=\"402\" data-id=\"294\" src=\"https:\/\/agrupacionespsoe.es\/ponferrada\/wp-content\/uploads\/sites\/36\/2023\/11\/PHOTO-2023-11-03-09-17-18.jpg\" alt=\"\" class=\"wp-image-294\" srcset=\"https:\/\/agrupacionespsoe.es\/ponferrada\/wp-content\/uploads\/sites\/36\/2023\/11\/PHOTO-2023-11-03-09-17-18.jpg 1003w, https:\/\/agrupacionespsoe.es\/ponferrada\/wp-content\/uploads\/sites\/36\/2023\/11\/PHOTO-2023-11-03-09-17-18-300x120.jpg 300w, https:\/\/agrupacionespsoe.es\/ponferrada\/wp-content\/uploads\/sites\/36\/2023\/11\/PHOTO-2023-11-03-09-17-18-768x308.jpg 768w\" sizes=\"auto, (max-width: 1003px) 100vw, 1003px\" \/><figcaption class=\"wp-element-caption\">Actuaciones proyecto del gobierno del PSOE<\/figcaption><\/figure>\n<\/figure>\n\n\n\n<p>Olegario explica que \u201cPara llevar a cabo estas dos acciones se ha renunciado a dos actuaciones que los socialistas consideramos fundamentales:<\/p>\n\n\n\n<ul class=\"wp-block-list\">\n<li>las actuaciones de rehabilitaci\u00f3n del casco hist\u00f3rico que pasan de 598.000 euros a 185.000 \u20ac<\/li>\n\n\n\n<li>la eliminaci\u00f3n del Plan Especial del Camino de Santiago, que va a pasar de 250.000 euros a 30.000 \u20ac.<\/li>\n<\/ul>\n\n\n\n<p>En cuanto a la primera medida que eliminan queremos se\u00f1alar que en la encuesta que se realiz\u00f3 entre los y las vecinas fue la m\u00e1s demandada y m\u00e1s valorada y esa reducci\u00f3n va a suponer una p\u00e9rdida de una inversi\u00f3n absolutamente necesaria conociendo las necesidades de la zona.<\/p>\n\n\n\n<p>En cuanto a la segunda, el Plan es obligatorio que lo tengan las ciudades por las que pasa el Camino de Santiago, es necesario para que se puedan conceder licencias para construcciones y obras y lo tienen gran parte de las poblaciones por las que pasa el camino desde Le\u00f3n a Santiago de Compostela pasando por Sahag\u00fan o Camponaraya. Adem\u00e1s de la reducci\u00f3n significativa en el importe lo han dejado para la tercera anualidad, lo que en la pr\u00e1ctica significa no realizarlo y renunciar a la protecci\u00f3n, recuperaci\u00f3n y revitalizaci\u00f3n del Camino de Santiago, que era la esencia principal del Plan de Sostenibilidad Tur\u00edstica en el Destino.<\/p>\n\n\n\n<p>Olegario Ram\u00f3n aclara que \u201cEl PSOE no est\u00e1 en contra de la creaci\u00f3n del mirador ni de un Museo de Arte Sacro, tanto es as\u00ed, que iba en el proyecto que se present\u00f3 inicialmente, incluso con el mismo nombre por el que ahora lo presentan, lo que no podemos entender ni aceptar es que para hacer esta actuaci\u00f3n se renuncie a rehabilitar el casco hist\u00f3rico y a hacer el Plan Especial.\u201d<\/p>\n\n\n\n<p>Se\u00f1ala que volvemos a asistir a la pol\u00edtica de deshacer lo que ha hecho el anterior equipo de gobierno que viene practicando este nuevo equipo de gobierno, con el perjuicio claro que va a conllevar para la ciudad.<\/p>\n\n\n\n<p>Por \u00faltimo, ha se\u00f1alado que la decisi\u00f3n es tan arbitraria y tan injusta para los afectados: los vecinos del casco hist\u00f3rico y todos aquellos que tengan propiedades en el Camino de Santiago que el PSOE tiene que denunciarla y oponernos a ella.<\/p>\n\n\n\n<figure class=\"wp-block-image size-full\"><img loading=\"lazy\" decoding=\"async\" width=\"1024\" height=\"768\" src=\"https:\/\/agrupacionespsoe.es\/ponferrada\/wp-content\/uploads\/sites\/36\/2023\/11\/rueda-de-prensa.jpeg\" alt=\"\" class=\"wp-image-293\" srcset=\"https:\/\/agrupacionespsoe.es\/ponferrada\/wp-content\/uploads\/sites\/36\/2023\/11\/rueda-de-prensa.jpeg 1024w, https:\/\/agrupacionespsoe.es\/ponferrada\/wp-content\/uploads\/sites\/36\/2023\/11\/rueda-de-prensa-300x225.jpeg 300w, https:\/\/agrupacionespsoe.es\/ponferrada\/wp-content\/uploads\/sites\/36\/2023\/11\/rueda-de-prensa-768x576.jpeg 768w\" sizes=\"auto, (max-width: 1024px) 100vw, 1024px\" \/><\/figure>\n","protected":false},"excerpt":{"rendered":"<p>Las actuaciones a las que renuncian para hacer el mirador de La Encina son vitales y repercutir\u00e1n negativamente en la ciudadan\u00eda El Grupo Municipal Socialista ha mostrado su sorpresa ante la presentaci\u00f3n de ayer del equipo de gobierno actual del Plan de Sostenibilidad Tur\u00edstica en Destino. El portavoz del Grupo Municipal Socialista, Olegario Ram\u00f3n, ha &#8230;<\/p>\n","protected":false},"author":32,"featured_media":293,"comment_status":"open","ping_status":"open","sticky":false,"template":"","format":"standard","meta":{"_jetpack_memberships_contains_paid_content":false,"footnotes":""},"categories":[6],"tags":[],"class_list":["post-292","post","type-post","status-publish","format-standard","has-post-thumbnail","hentry","category-actualidad"],"yoast_head":"<!-- This site is optimized with the Yoast SEO plugin v24.0 - https:\/\/yoast.com\/wordpress\/plugins\/seo\/ -->\n<title>El grupo municipal socialista aclara que el Plan presentado ayer no es ninguna novedad si no que es un plan del PSOE. - Agrupaci\u00f3n Socialista de Ponferrada<\/title>\n<meta name=\"robots\" content=\"index, follow, max-snippet:-1, max-image-preview:large, max-video-preview:-1\" \/>\n<link rel=\"canonical\" href=\"https:\/\/agrupacionespsoe.es\/ponferrada\/el-grupo-municipal-socialista-aclara-que-el-plan-presentado-ayer-no-es-ninguna-novedad-si-no-que-es-un-plan-del-psoe\/\" \/>\n<meta property=\"og:locale\" content=\"es_ES\" \/>\n<meta property=\"og:type\" content=\"article\" \/>\n<meta property=\"og:title\" content=\"El grupo municipal socialista aclara que el Plan presentado ayer no es ninguna novedad si no que es un plan del PSOE. - Agrupaci\u00f3n Socialista de Ponferrada\" \/>\n<meta property=\"og:description\" content=\"Las actuaciones a las que renuncian para hacer el mirador de La Encina son vitales y repercutir\u00e1n negativamente en la ciudadan\u00eda El Grupo Municipal Socialista ha mostrado su sorpresa ante la presentaci\u00f3n de ayer del equipo de gobierno actual del Plan de Sostenibilidad Tur\u00edstica en Destino. El portavoz del Grupo Municipal Socialista, Olegario Ram\u00f3n, ha ...\" \/>\n<meta property=\"og:url\" content=\"https:\/\/agrupacionespsoe.es\/ponferrada\/el-grupo-municipal-socialista-aclara-que-el-plan-presentado-ayer-no-es-ninguna-novedad-si-no-que-es-un-plan-del-psoe\/\" \/>\n<meta property=\"og:site_name\" content=\"Agrupaci\u00f3n Socialista de Ponferrada\" \/>\n<meta property=\"article:published_time\" content=\"2023-11-03T12:18:48+00:00\" \/>\n<meta property=\"og:image\" content=\"https:\/\/agrupacionespsoe.es\/ponferrada\/wp-content\/uploads\/sites\/36\/2023\/11\/rueda-de-prensa.jpeg\" \/>\n\t<meta property=\"og:image:width\" content=\"1024\" \/>\n\t<meta property=\"og:image:height\" content=\"768\" \/>\n\t<meta property=\"og:image:type\" content=\"image\/jpeg\" \/>\n<meta name=\"author\" content=\"ponferrada2\" \/>\n<meta name=\"twitter:card\" content=\"summary_large_image\" \/>\n<meta name=\"twitter:label1\" content=\"Escrito por\" \/>\n\t<meta name=\"twitter:data1\" content=\"ponferrada2\" \/>\n\t<meta name=\"twitter:label2\" content=\"Tiempo de lectura\" \/>\n\t<meta name=\"twitter:data2\" content=\"4 minutos\" \/>\n<script type=\"application\/ld+json\" class=\"yoast-schema-graph\">{\"@context\":\"https:\/\/schema.org\",\"@graph\":[{\"@type\":\"Article\",\"@id\":\"https:\/\/agrupacionespsoe.es\/ponferrada\/el-grupo-municipal-socialista-aclara-que-el-plan-presentado-ayer-no-es-ninguna-novedad-si-no-que-es-un-plan-del-psoe\/#article\",\"isPartOf\":{\"@id\":\"https:\/\/agrupacionespsoe.es\/ponferrada\/el-grupo-municipal-socialista-aclara-que-el-plan-presentado-ayer-no-es-ninguna-novedad-si-no-que-es-un-plan-del-psoe\/\"},\"author\":{\"name\":\"ponferrada2\",\"@id\":\"https:\/\/agrupacionespsoe.es\/ponferrada\/#\/schema\/person\/cd29ee627f3b70c05d415f02596debaa\"},\"headline\":\"El grupo municipal socialista aclara que el Plan presentado ayer no es ninguna novedad si no que es un plan del PSOE.\",\"datePublished\":\"2023-11-03T12:18:48+00:00\",\"dateModified\":\"2023-11-03T12:18:48+00:00\",\"mainEntityOfPage\":{\"@id\":\"https:\/\/agrupacionespsoe.es\/ponferrada\/el-grupo-municipal-socialista-aclara-que-el-plan-presentado-ayer-no-es-ninguna-novedad-si-no-que-es-un-plan-del-psoe\/\"},\"wordCount\":658,\"commentCount\":0,\"publisher\":{\"@id\":\"https:\/\/agrupacionespsoe.es\/ponferrada\/#organization\"},\"image\":{\"@id\":\"https:\/\/agrupacionespsoe.es\/ponferrada\/el-grupo-municipal-socialista-aclara-que-el-plan-presentado-ayer-no-es-ninguna-novedad-si-no-que-es-un-plan-del-psoe\/#primaryimage\"},\"thumbnailUrl\":\"https:\/\/agrupacionespsoe.es\/ponferrada\/wp-content\/uploads\/sites\/36\/2023\/11\/rueda-de-prensa.jpeg\",\"articleSection\":[\"ACTUALIDAD\"],\"inLanguage\":\"es\",\"potentialAction\":[{\"@type\":\"CommentAction\",\"name\":\"Comment\",\"target\":[\"https:\/\/agrupacionespsoe.es\/ponferrada\/el-grupo-municipal-socialista-aclara-que-el-plan-presentado-ayer-no-es-ninguna-novedad-si-no-que-es-un-plan-del-psoe\/#respond\"]}]},{\"@type\":\"WebPage\",\"@id\":\"https:\/\/agrupacionespsoe.es\/ponferrada\/el-grupo-municipal-socialista-aclara-que-el-plan-presentado-ayer-no-es-ninguna-novedad-si-no-que-es-un-plan-del-psoe\/\",\"url\":\"https:\/\/agrupacionespsoe.es\/ponferrada\/el-grupo-municipal-socialista-aclara-que-el-plan-presentado-ayer-no-es-ninguna-novedad-si-no-que-es-un-plan-del-psoe\/\",\"name\":\"El grupo municipal socialista aclara que el Plan presentado ayer no es ninguna novedad si no que es un plan del PSOE. - Agrupaci\u00f3n Socialista de Ponferrada\",\"isPartOf\":{\"@id\":\"https:\/\/agrupacionespsoe.es\/ponferrada\/#website\"},\"primaryImageOfPage\":{\"@id\":\"https:\/\/agrupacionespsoe.es\/ponferrada\/el-grupo-municipal-socialista-aclara-que-el-plan-presentado-ayer-no-es-ninguna-novedad-si-no-que-es-un-plan-del-psoe\/#primaryimage\"},\"image\":{\"@id\":\"https:\/\/agrupacionespsoe.es\/ponferrada\/el-grupo-municipal-socialista-aclara-que-el-plan-presentado-ayer-no-es-ninguna-novedad-si-no-que-es-un-plan-del-psoe\/#primaryimage\"},\"thumbnailUrl\":\"https:\/\/agrupacionespsoe.es\/ponferrada\/wp-content\/uploads\/sites\/36\/2023\/11\/rueda-de-prensa.jpeg\",\"datePublished\":\"2023-11-03T12:18:48+00:00\",\"dateModified\":\"2023-11-03T12:18:48+00:00\",\"breadcrumb\":{\"@id\":\"https:\/\/agrupacionespsoe.es\/ponferrada\/el-grupo-municipal-socialista-aclara-que-el-plan-presentado-ayer-no-es-ninguna-novedad-si-no-que-es-un-plan-del-psoe\/#breadcrumb\"},\"inLanguage\":\"es\",\"potentialAction\":[{\"@type\":\"ReadAction\",\"target\":[\"https:\/\/agrupacionespsoe.es\/ponferrada\/el-grupo-municipal-socialista-aclara-que-el-plan-presentado-ayer-no-es-ninguna-novedad-si-no-que-es-un-plan-del-psoe\/\"]}]},{\"@type\":\"ImageObject\",\"inLanguage\":\"es\",\"@id\":\"https:\/\/agrupacionespsoe.es\/ponferrada\/el-grupo-municipal-socialista-aclara-que-el-plan-presentado-ayer-no-es-ninguna-novedad-si-no-que-es-un-plan-del-psoe\/#primaryimage\",\"url\":\"https:\/\/agrupacionespsoe.es\/ponferrada\/wp-content\/uploads\/sites\/36\/2023\/11\/rueda-de-prensa.jpeg\",\"contentUrl\":\"https:\/\/agrupacionespsoe.es\/ponferrada\/wp-content\/uploads\/sites\/36\/2023\/11\/rueda-de-prensa.jpeg\",\"width\":1024,\"height\":768},{\"@type\":\"BreadcrumbList\",\"@id\":\"https:\/\/agrupacionespsoe.es\/ponferrada\/el-grupo-municipal-socialista-aclara-que-el-plan-presentado-ayer-no-es-ninguna-novedad-si-no-que-es-un-plan-del-psoe\/#breadcrumb\",\"itemListElement\":[{\"@type\":\"ListItem\",\"position\":1,\"name\":\"Portada\",\"item\":\"https:\/\/agrupacionespsoe.es\/ponferrada\/\"},{\"@type\":\"ListItem\",\"position\":2,\"name\":\"El grupo municipal socialista aclara que el Plan presentado ayer no es ninguna novedad si no que es un plan del PSOE.\"}]},{\"@type\":\"WebSite\",\"@id\":\"https:\/\/agrupacionespsoe.es\/ponferrada\/#website\",\"url\":\"https:\/\/agrupacionespsoe.es\/ponferrada\/\",\"name\":\"Agrupaci\u00f3n Socialista de Ponferrada\",\"description\":\"Agrupaci\u00f3n Socialista de Ponferrada\",\"publisher\":{\"@id\":\"https:\/\/agrupacionespsoe.es\/ponferrada\/#organization\"},\"potentialAction\":[{\"@type\":\"SearchAction\",\"target\":{\"@type\":\"EntryPoint\",\"urlTemplate\":\"https:\/\/agrupacionespsoe.es\/ponferrada\/?s={search_term_string}\"},\"query-input\":{\"@type\":\"PropertyValueSpecification\",\"valueRequired\":true,\"valueName\":\"search_term_string\"}}],\"inLanguage\":\"es\"},{\"@type\":\"Organization\",\"@id\":\"https:\/\/agrupacionespsoe.es\/ponferrada\/#organization\",\"name\":\"Agrupaci\u00f3n Socialista de Ponferrada\",\"url\":\"https:\/\/agrupacionespsoe.es\/ponferrada\/\",\"logo\":{\"@type\":\"ImageObject\",\"inLanguage\":\"es\",\"@id\":\"https:\/\/agrupacionespsoe.es\/ponferrada\/#\/schema\/logo\/image\/\",\"url\":\"https:\/\/agrupacionespsoe.es\/wp-content\/uploads\/2022\/07\/Logotipo_electoral_del_PSOE.png\",\"contentUrl\":\"https:\/\/agrupacionespsoe.es\/wp-content\/uploads\/2022\/07\/Logotipo_electoral_del_PSOE.png\",\"width\":422,\"height\":422,\"caption\":\"Agrupaci\u00f3n Socialista de Ponferrada\"},\"image\":{\"@id\":\"https:\/\/agrupacionespsoe.es\/ponferrada\/#\/schema\/logo\/image\/\"}},{\"@type\":\"Person\",\"@id\":\"https:\/\/agrupacionespsoe.es\/ponferrada\/#\/schema\/person\/cd29ee627f3b70c05d415f02596debaa\",\"name\":\"ponferrada2\",\"image\":{\"@type\":\"ImageObject\",\"inLanguage\":\"es\",\"@id\":\"https:\/\/agrupacionespsoe.es\/ponferrada\/#\/schema\/person\/image\/\",\"url\":\"https:\/\/secure.gravatar.com\/avatar\/f499eeb60144c664cf7b7edf75549b50?s=96&d=mm&r=g\",\"contentUrl\":\"https:\/\/secure.gravatar.com\/avatar\/f499eeb60144c664cf7b7edf75549b50?s=96&d=mm&r=g\",\"caption\":\"ponferrada2\"},\"url\":\"https:\/\/agrupacionespsoe.es\/ponferrada\/author\/ponferrada2\/\"}]}<\/script>\n<!-- \/ Yoast SEO plugin. -->","yoast_head_json":{"title":"El grupo municipal socialista aclara que el Plan presentado ayer no es ninguna novedad si no que es un plan del PSOE. - Agrupaci\u00f3n Socialista de Ponferrada","robots":{"index":"index","follow":"follow","max-snippet":"max-snippet:-1","max-image-preview":"max-image-preview:large","max-video-preview":"max-video-preview:-1"},"canonical":"https:\/\/agrupacionespsoe.es\/ponferrada\/el-grupo-municipal-socialista-aclara-que-el-plan-presentado-ayer-no-es-ninguna-novedad-si-no-que-es-un-plan-del-psoe\/","og_locale":"es_ES","og_type":"article","og_title":"El grupo municipal socialista aclara que el Plan presentado ayer no es ninguna novedad si no que es un plan del PSOE. - Agrupaci\u00f3n Socialista de Ponferrada","og_description":"Las actuaciones a las que renuncian para hacer el mirador de La Encina son vitales y repercutir\u00e1n negativamente en la ciudadan\u00eda El Grupo Municipal Socialista ha mostrado su sorpresa ante la presentaci\u00f3n de ayer del equipo de gobierno actual del Plan de Sostenibilidad Tur\u00edstica en Destino. El portavoz del Grupo Municipal Socialista, Olegario Ram\u00f3n, ha ...","og_url":"https:\/\/agrupacionespsoe.es\/ponferrada\/el-grupo-municipal-socialista-aclara-que-el-plan-presentado-ayer-no-es-ninguna-novedad-si-no-que-es-un-plan-del-psoe\/","og_site_name":"Agrupaci\u00f3n Socialista de Ponferrada","article_published_time":"2023-11-03T12:18:48+00:00","og_image":[{"width":1024,"height":768,"url":"https:\/\/agrupacionespsoe.es\/ponferrada\/wp-content\/uploads\/sites\/36\/2023\/11\/rueda-de-prensa.jpeg","type":"image\/jpeg"}],"author":"ponferrada2","twitter_card":"summary_large_image","twitter_misc":{"Escrito por":"ponferrada2","Tiempo de lectura":"4 minutos"},"schema":{"@context":"https:\/\/schema.org","@graph":[{"@type":"Article","@id":"https:\/\/agrupacionespsoe.es\/ponferrada\/el-grupo-municipal-socialista-aclara-que-el-plan-presentado-ayer-no-es-ninguna-novedad-si-no-que-es-un-plan-del-psoe\/#article","isPartOf":{"@id":"https:\/\/agrupacionespsoe.es\/ponferrada\/el-grupo-municipal-socialista-aclara-que-el-plan-presentado-ayer-no-es-ninguna-novedad-si-no-que-es-un-plan-del-psoe\/"},"author":{"name":"ponferrada2","@id":"https:\/\/agrupacionespsoe.es\/ponferrada\/#\/schema\/person\/cd29ee627f3b70c05d415f02596debaa"},"headline":"El grupo municipal socialista aclara que el Plan presentado ayer no es ninguna novedad si no que es un plan del PSOE.","datePublished":"2023-11-03T12:18:48+00:00","dateModified":"2023-11-03T12:18:48+00:00","mainEntityOfPage":{"@id":"https:\/\/agrupacionespsoe.es\/ponferrada\/el-grupo-municipal-socialista-aclara-que-el-plan-presentado-ayer-no-es-ninguna-novedad-si-no-que-es-un-plan-del-psoe\/"},"wordCount":658,"commentCount":0,"publisher":{"@id":"https:\/\/agrupacionespsoe.es\/ponferrada\/#organization"},"image":{"@id":"https:\/\/agrupacionespsoe.es\/ponferrada\/el-grupo-municipal-socialista-aclara-que-el-plan-presentado-ayer-no-es-ninguna-novedad-si-no-que-es-un-plan-del-psoe\/#primaryimage"},"thumbnailUrl":"https:\/\/agrupacionespsoe.es\/ponferrada\/wp-content\/uploads\/sites\/36\/2023\/11\/rueda-de-prensa.jpeg","articleSection":["ACTUALIDAD"],"inLanguage":"es","potentialAction":[{"@type":"CommentAction","name":"Comment","target":["https:\/\/agrupacionespsoe.es\/ponferrada\/el-grupo-municipal-socialista-aclara-que-el-plan-presentado-ayer-no-es-ninguna-novedad-si-no-que-es-un-plan-del-psoe\/#respond"]}]},{"@type":"WebPage","@id":"https:\/\/agrupacionespsoe.es\/ponferrada\/el-grupo-municipal-socialista-aclara-que-el-plan-presentado-ayer-no-es-ninguna-novedad-si-no-que-es-un-plan-del-psoe\/","url":"https:\/\/agrupacionespsoe.es\/ponferrada\/el-grupo-municipal-socialista-aclara-que-el-plan-presentado-ayer-no-es-ninguna-novedad-si-no-que-es-un-plan-del-psoe\/","name":"El grupo municipal socialista aclara que el Plan presentado ayer no es ninguna novedad si no que es un plan del PSOE. - Agrupaci\u00f3n Socialista de Ponferrada","isPartOf":{"@id":"https:\/\/agrupacionespsoe.es\/ponferrada\/#website"},"primaryImageOfPage":{"@id":"https:\/\/agrupacionespsoe.es\/ponferrada\/el-grupo-municipal-socialista-aclara-que-el-plan-presentado-ayer-no-es-ninguna-novedad-si-no-que-es-un-plan-del-psoe\/#primaryimage"},"image":{"@id":"https:\/\/agrupacionespsoe.es\/ponferrada\/el-grupo-municipal-socialista-aclara-que-el-plan-presentado-ayer-no-es-ninguna-novedad-si-no-que-es-un-plan-del-psoe\/#primaryimage"},"thumbnailUrl":"https:\/\/agrupacionespsoe.es\/ponferrada\/wp-content\/uploads\/sites\/36\/2023\/11\/rueda-de-prensa.jpeg","datePublished":"2023-11-03T12:18:48+00:00","dateModified":"2023-11-03T12:18:48+00:00","breadcrumb":{"@id":"https:\/\/agrupacionespsoe.es\/ponferrada\/el-grupo-municipal-socialista-aclara-que-el-plan-presentado-ayer-no-es-ninguna-novedad-si-no-que-es-un-plan-del-psoe\/#breadcrumb"},"inLanguage":"es","potentialAction":[{"@type":"ReadAction","target":["https:\/\/agrupacionespsoe.es\/ponferrada\/el-grupo-municipal-socialista-aclara-que-el-plan-presentado-ayer-no-es-ninguna-novedad-si-no-que-es-un-plan-del-psoe\/"]}]},{"@type":"ImageObject","inLanguage":"es","@id":"https:\/\/agrupacionespsoe.es\/ponferrada\/el-grupo-municipal-socialista-aclara-que-el-plan-presentado-ayer-no-es-ninguna-novedad-si-no-que-es-un-plan-del-psoe\/#primaryimage","url":"https:\/\/agrupacionespsoe.es\/ponferrada\/wp-content\/uploads\/sites\/36\/2023\/11\/rueda-de-prensa.jpeg","contentUrl":"https:\/\/agrupacionespsoe.es\/ponferrada\/wp-content\/uploads\/sites\/36\/2023\/11\/rueda-de-prensa.jpeg","width":1024,"height":768},{"@type":"BreadcrumbList","@id":"https:\/\/agrupacionespsoe.es\/ponferrada\/el-grupo-municipal-socialista-aclara-que-el-plan-presentado-ayer-no-es-ninguna-novedad-si-no-que-es-un-plan-del-psoe\/#breadcrumb","itemListElement":[{"@type":"ListItem","position":1,"name":"Portada","item":"https:\/\/agrupacionespsoe.es\/ponferrada\/"},{"@type":"ListItem","position":2,"name":"El grupo municipal socialista aclara que el Plan presentado ayer no es ninguna novedad si no que es un plan del PSOE."}]},{"@type":"WebSite","@id":"https:\/\/agrupacionespsoe.es\/ponferrada\/#website","url":"https:\/\/agrupacionespsoe.es\/ponferrada\/","name":"Agrupaci\u00f3n Socialista de Ponferrada","description":"Agrupaci\u00f3n Socialista de Ponferrada","publisher":{"@id":"https:\/\/agrupacionespsoe.es\/ponferrada\/#organization"},"potentialAction":[{"@type":"SearchAction","target":{"@type":"EntryPoint","urlTemplate":"https:\/\/agrupacionespsoe.es\/ponferrada\/?s={search_term_string}"},"query-input":{"@type":"PropertyValueSpecification","valueRequired":true,"valueName":"search_term_string"}}],"inLanguage":"es"},{"@type":"Organization","@id":"https:\/\/agrupacionespsoe.es\/ponferrada\/#organization","name":"Agrupaci\u00f3n Socialista de Ponferrada","url":"https:\/\/agrupacionespsoe.es\/ponferrada\/","logo":{"@type":"ImageObject","inLanguage":"es","@id":"https:\/\/agrupacionespsoe.es\/ponferrada\/#\/schema\/logo\/image\/","url":"https:\/\/agrupacionespsoe.es\/wp-content\/uploads\/2022\/07\/Logotipo_electoral_del_PSOE.png","contentUrl":"https:\/\/agrupacionespsoe.es\/wp-content\/uploads\/2022\/07\/Logotipo_electoral_del_PSOE.png","width":422,"height":422,"caption":"Agrupaci\u00f3n Socialista de Ponferrada"},"image":{"@id":"https:\/\/agrupacionespsoe.es\/ponferrada\/#\/schema\/logo\/image\/"}},{"@type":"Person","@id":"https:\/\/agrupacionespsoe.es\/ponferrada\/#\/schema\/person\/cd29ee627f3b70c05d415f02596debaa","name":"ponferrada2","image":{"@type":"ImageObject","inLanguage":"es","@id":"https:\/\/agrupacionespsoe.es\/ponferrada\/#\/schema\/person\/image\/","url":"https:\/\/secure.gravatar.com\/avatar\/f499eeb60144c664cf7b7edf75549b50?s=96&d=mm&r=g","contentUrl":"https:\/\/secure.gravatar.com\/avatar\/f499eeb60144c664cf7b7edf75549b50?s=96&d=mm&r=g","caption":"ponferrada2"},"url":"https:\/\/agrupacionespsoe.es\/ponferrada\/author\/ponferrada2\/"}]}},"jetpack_featured_media_url":"https:\/\/agrupacionespsoe.es\/ponferrada\/wp-content\/uploads\/sites\/36\/2023\/11\/rueda-de-prensa.jpeg","jetpack_sharing_enabled":true,"_links":{"self":[{"href":"https:\/\/agrupacionespsoe.es\/ponferrada\/wp-json\/wp\/v2\/posts\/292","targetHints":{"allow":["GET"]}}],"collection":[{"href":"https:\/\/agrupacionespsoe.es\/ponferrada\/wp-json\/wp\/v2\/posts"}],"about":[{"href":"https:\/\/agrupacionespsoe.es\/ponferrada\/wp-json\/wp\/v2\/types\/post"}],"author":[{"embeddable":true,"href":"https:\/\/agrupacionespsoe.es\/ponferrada\/wp-json\/wp\/v2\/users\/32"}],"replies":[{"embeddable":true,"href":"https:\/\/agrupacionespsoe.es\/ponferrada\/wp-json\/wp\/v2\/comments?post=292"}],"version-history":[{"count":1,"href":"https:\/\/agrupacionespsoe.es\/ponferrada\/wp-json\/wp\/v2\/posts\/292\/revisions"}],"predecessor-version":[{"id":296,"href":"https:\/\/agrupacionespsoe.es\/ponferrada\/wp-json\/wp\/v2\/posts\/292\/revisions\/296"}],"wp:featuredmedia":[{"embeddable":true,"href":"https:\/\/agrupacionespsoe.es\/ponferrada\/wp-json\/wp\/v2\/media\/293"}],"wp:attachment":[{"href":"https:\/\/agrupacionespsoe.es\/ponferrada\/wp-json\/wp\/v2\/media?parent=292"}],"wp:term":[{"taxonomy":"category","embeddable":true,"href":"https:\/\/agrupacionespsoe.es\/ponferrada\/wp-json\/wp\/v2\/categories?post=292"},{"taxonomy":"post_tag","embeddable":true,"href":"https:\/\/agrupacionespsoe.es\/ponferrada\/wp-json\/wp\/v2\/tags?post=292"}],"curies":[{"name":"wp","href":"https:\/\/api.w.org\/{rel}","templated":true}]}}