{"id":281,"date":"2023-10-31T13:13:08","date_gmt":"2023-10-31T13:13:08","guid":{"rendered":"https:\/\/agrupacionespsoe.es\/ponferrada\/?p=281"},"modified":"2023-10-31T13:13:09","modified_gmt":"2023-10-31T13:13:09","slug":"el-grupo-municipal-socialista-denuncia-el-estado-del-cementerio-de-valdefrancos-el-dia-antes-de-todos-los-santos","status":"publish","type":"post","link":"https:\/\/agrupacionespsoe.es\/ponferrada\/el-grupo-municipal-socialista-denuncia-el-estado-del-cementerio-de-valdefrancos-el-dia-antes-de-todos-los-santos\/","title":{"rendered":"El Grupo Municipal Socialista denuncia el estado del cementerio de Valdefrancos el d\u00eda antes de Todos los Santos"},"content":{"rendered":"\n<p>El concejal responsable del \u00e1rea de infraestructuras del PSOE, Andr\u00e9s Gabella, quiere denunciar el estado de abandono en el que se encuentra el cementerio de la pedan\u00eda de Valdefrancos.<\/p>\n\n\n\n<p>El concejal del PSOE ha visitado esta ma\u00f1ana las instalaciones del cementerio de Valdefrancos y ha podido comprobar como las lluvias han provocado que uno de los muros del cementerio de la pedan\u00eda se haya derrumbado sobre las tumbas, como se puede ver en las fotos.<\/p>\n\n\n\n<figure class=\"wp-block-gallery has-nested-images columns-default is-cropped wp-block-gallery-1 is-layout-flex wp-block-gallery-is-layout-flex\">\n<figure class=\"wp-block-image size-large\"><img loading=\"lazy\" decoding=\"async\" width=\"1024\" height=\"461\" data-id=\"283\" src=\"https:\/\/agrupacionespsoe.es\/ponferrada\/wp-content\/uploads\/sites\/36\/2023\/10\/WhatsApp-Image-2023-10-31-at-11.51.33-1024x461.jpeg\" alt=\"\" class=\"wp-image-283\" srcset=\"https:\/\/agrupacionespsoe.es\/ponferrada\/wp-content\/uploads\/sites\/36\/2023\/10\/WhatsApp-Image-2023-10-31-at-11.51.33-1024x461.jpeg 1024w, https:\/\/agrupacionespsoe.es\/ponferrada\/wp-content\/uploads\/sites\/36\/2023\/10\/WhatsApp-Image-2023-10-31-at-11.51.33-300x135.jpeg 300w, https:\/\/agrupacionespsoe.es\/ponferrada\/wp-content\/uploads\/sites\/36\/2023\/10\/WhatsApp-Image-2023-10-31-at-11.51.33-768x346.jpeg 768w, https:\/\/agrupacionespsoe.es\/ponferrada\/wp-content\/uploads\/sites\/36\/2023\/10\/WhatsApp-Image-2023-10-31-at-11.51.33-1536x691.jpeg 1536w, https:\/\/agrupacionespsoe.es\/ponferrada\/wp-content\/uploads\/sites\/36\/2023\/10\/WhatsApp-Image-2023-10-31-at-11.51.33.jpeg 1600w\" sizes=\"auto, (max-width: 1024px) 100vw, 1024px\" \/><\/figure>\n\n\n\n<figure class=\"wp-block-image size-large\"><img loading=\"lazy\" decoding=\"async\" width=\"1024\" height=\"461\" data-id=\"285\" src=\"https:\/\/agrupacionespsoe.es\/ponferrada\/wp-content\/uploads\/sites\/36\/2023\/10\/WhatsApp-Image-2023-10-31-at-11.51.32-2-1024x461.jpeg\" alt=\"\" class=\"wp-image-285\" srcset=\"https:\/\/agrupacionespsoe.es\/ponferrada\/wp-content\/uploads\/sites\/36\/2023\/10\/WhatsApp-Image-2023-10-31-at-11.51.32-2-1024x461.jpeg 1024w, https:\/\/agrupacionespsoe.es\/ponferrada\/wp-content\/uploads\/sites\/36\/2023\/10\/WhatsApp-Image-2023-10-31-at-11.51.32-2-300x135.jpeg 300w, https:\/\/agrupacionespsoe.es\/ponferrada\/wp-content\/uploads\/sites\/36\/2023\/10\/WhatsApp-Image-2023-10-31-at-11.51.32-2-768x346.jpeg 768w, https:\/\/agrupacionespsoe.es\/ponferrada\/wp-content\/uploads\/sites\/36\/2023\/10\/WhatsApp-Image-2023-10-31-at-11.51.32-2-1536x691.jpeg 1536w, https:\/\/agrupacionespsoe.es\/ponferrada\/wp-content\/uploads\/sites\/36\/2023\/10\/WhatsApp-Image-2023-10-31-at-11.51.32-2.jpeg 1600w\" sizes=\"auto, (max-width: 1024px) 100vw, 1024px\" \/><\/figure>\n\n\n\n<figure class=\"wp-block-image size-large\"><img loading=\"lazy\" decoding=\"async\" width=\"1024\" height=\"461\" data-id=\"286\" src=\"https:\/\/agrupacionespsoe.es\/ponferrada\/wp-content\/uploads\/sites\/36\/2023\/10\/WhatsApp-Image-2023-10-31-at-11.51.32-1-1024x461.jpeg\" alt=\"\" class=\"wp-image-286\" srcset=\"https:\/\/agrupacionespsoe.es\/ponferrada\/wp-content\/uploads\/sites\/36\/2023\/10\/WhatsApp-Image-2023-10-31-at-11.51.32-1-1024x461.jpeg 1024w, https:\/\/agrupacionespsoe.es\/ponferrada\/wp-content\/uploads\/sites\/36\/2023\/10\/WhatsApp-Image-2023-10-31-at-11.51.32-1-300x135.jpeg 300w, https:\/\/agrupacionespsoe.es\/ponferrada\/wp-content\/uploads\/sites\/36\/2023\/10\/WhatsApp-Image-2023-10-31-at-11.51.32-1-768x346.jpeg 768w, https:\/\/agrupacionespsoe.es\/ponferrada\/wp-content\/uploads\/sites\/36\/2023\/10\/WhatsApp-Image-2023-10-31-at-11.51.32-1-1536x691.jpeg 1536w, https:\/\/agrupacionespsoe.es\/ponferrada\/wp-content\/uploads\/sites\/36\/2023\/10\/WhatsApp-Image-2023-10-31-at-11.51.32-1.jpeg 1600w\" sizes=\"auto, (max-width: 1024px) 100vw, 1024px\" \/><\/figure>\n\n\n\n<figure class=\"wp-block-image size-large\"><img loading=\"lazy\" decoding=\"async\" width=\"1024\" height=\"461\" data-id=\"284\" src=\"https:\/\/agrupacionespsoe.es\/ponferrada\/wp-content\/uploads\/sites\/36\/2023\/10\/WhatsApp-Image-2023-10-31-at-11.51.32-1024x461.jpeg\" alt=\"\" class=\"wp-image-284\" srcset=\"https:\/\/agrupacionespsoe.es\/ponferrada\/wp-content\/uploads\/sites\/36\/2023\/10\/WhatsApp-Image-2023-10-31-at-11.51.32-1024x461.jpeg 1024w, https:\/\/agrupacionespsoe.es\/ponferrada\/wp-content\/uploads\/sites\/36\/2023\/10\/WhatsApp-Image-2023-10-31-at-11.51.32-300x135.jpeg 300w, https:\/\/agrupacionespsoe.es\/ponferrada\/wp-content\/uploads\/sites\/36\/2023\/10\/WhatsApp-Image-2023-10-31-at-11.51.32-768x346.jpeg 768w, https:\/\/agrupacionespsoe.es\/ponferrada\/wp-content\/uploads\/sites\/36\/2023\/10\/WhatsApp-Image-2023-10-31-at-11.51.32-1536x691.jpeg 1536w, https:\/\/agrupacionespsoe.es\/ponferrada\/wp-content\/uploads\/sites\/36\/2023\/10\/WhatsApp-Image-2023-10-31-at-11.51.32.jpeg 1600w\" sizes=\"auto, (max-width: 1024px) 100vw, 1024px\" \/><\/figure>\n<\/figure>\n\n\n\n<p>A pesar de que ma\u00f1ana se celebra el d\u00eda de Todos los Santos, y que tradicionalmente muchas personas visitar\u00e1n el cementerio, y que la tapia ya lleva m\u00e1s de una semana ca\u00edda, desde la concejal\u00eda del \u00e1rea de infraestructuras y medio rural no han retirado siquiera los escombros que se encuentran por encima de algunas de las tumbas.<\/p>\n\n\n\n<p>Andr\u00e9s Gabella, exige al concejal de Coalici\u00f3n, responsable de las dos \u00e1reas de gobierno que intervienen en este asunto: Infraestructuras y Medio Rural que act\u00fae cuanto antes y al menos proceda a la retirada de las piedras. A\u00f1ade que \u201c\u00e9ste es otro ejemplo del abandono de muchas pedan\u00edas, solo hay que seguir por la carretera para poder ver la falta de desbroce y limpieza de los caminos.\u201d<\/p>\n\n\n\n<p>Para finalizar, Andr\u00e9s Gabella, se\u00f1ala que ya ha habido tiempo suficiente para que tomen las riendas de las concejal\u00edas que gestionan y que en lugar de tanto anuncio de obras empiecen a gestionar el d\u00eda a d\u00eda y a resolver los problemas de la ciudadan\u00eda.<\/p>\n\n\n\n<figure class=\"wp-block-image size-full\"><img loading=\"lazy\" decoding=\"async\" width=\"486\" height=\"461\" src=\"https:\/\/agrupacionespsoe.es\/ponferrada\/wp-content\/uploads\/sites\/36\/2023\/10\/WhatsApp-Image-2023-10-31-at-14.08.48.jpeg\" alt=\"\" class=\"wp-image-282\" srcset=\"https:\/\/agrupacionespsoe.es\/ponferrada\/wp-content\/uploads\/sites\/36\/2023\/10\/WhatsApp-Image-2023-10-31-at-14.08.48.jpeg 486w, https:\/\/agrupacionespsoe.es\/ponferrada\/wp-content\/uploads\/sites\/36\/2023\/10\/WhatsApp-Image-2023-10-31-at-14.08.48-300x285.jpeg 300w\" sizes=\"auto, (max-width: 486px) 100vw, 486px\" \/><\/figure>\n","protected":false},"excerpt":{"rendered":"<p>El concejal responsable del \u00e1rea de infraestructuras del PSOE, Andr\u00e9s Gabella, quiere denunciar el estado de abandono en el que se encuentra el cementerio de la pedan\u00eda de Valdefrancos. El concejal del PSOE ha visitado esta ma\u00f1ana las instalaciones del cementerio de Valdefrancos y ha podido comprobar como las lluvias han provocado que uno de &#8230;<\/p>\n","protected":false},"author":32,"featured_media":282,"comment_status":"open","ping_status":"open","sticky":false,"template":"","format":"standard","meta":{"_jetpack_memberships_contains_paid_content":false,"footnotes":""},"categories":[6],"tags":[],"class_list":["post-281","post","type-post","status-publish","format-standard","has-post-thumbnail","hentry","category-actualidad"],"yoast_head":"<!-- This site is optimized with the Yoast SEO plugin v24.0 - https:\/\/yoast.com\/wordpress\/plugins\/seo\/ -->\n<title>El Grupo Municipal Socialista denuncia el estado del cementerio de Valdefrancos el d\u00eda antes de Todos los Santos - Agrupaci\u00f3n Socialista de Ponferrada<\/title>\n<meta name=\"robots\" content=\"index, follow, max-snippet:-1, max-image-preview:large, max-video-preview:-1\" \/>\n<link rel=\"canonical\" href=\"https:\/\/agrupacionespsoe.es\/ponferrada\/el-grupo-municipal-socialista-denuncia-el-estado-del-cementerio-de-valdefrancos-el-dia-antes-de-todos-los-santos\/\" \/>\n<meta property=\"og:locale\" content=\"es_ES\" \/>\n<meta property=\"og:type\" content=\"article\" \/>\n<meta property=\"og:title\" content=\"El Grupo Municipal Socialista denuncia el estado del cementerio de Valdefrancos el d\u00eda antes de Todos los Santos - Agrupaci\u00f3n Socialista de Ponferrada\" \/>\n<meta property=\"og:description\" content=\"El concejal responsable del \u00e1rea de infraestructuras del PSOE, Andr\u00e9s Gabella, quiere denunciar el estado de abandono en el que se encuentra el cementerio de la pedan\u00eda de Valdefrancos. El concejal del PSOE ha visitado esta ma\u00f1ana las instalaciones del cementerio de Valdefrancos y ha podido comprobar como las lluvias han provocado que uno de ...\" \/>\n<meta property=\"og:url\" content=\"https:\/\/agrupacionespsoe.es\/ponferrada\/el-grupo-municipal-socialista-denuncia-el-estado-del-cementerio-de-valdefrancos-el-dia-antes-de-todos-los-santos\/\" \/>\n<meta property=\"og:site_name\" content=\"Agrupaci\u00f3n Socialista de Ponferrada\" \/>\n<meta property=\"article:published_time\" content=\"2023-10-31T13:13:08+00:00\" \/>\n<meta property=\"article:modified_time\" content=\"2023-10-31T13:13:09+00:00\" \/>\n<meta property=\"og:image\" content=\"https:\/\/agrupacionespsoe.es\/ponferrada\/wp-content\/uploads\/sites\/36\/2023\/10\/WhatsApp-Image-2023-10-31-at-14.08.48.jpeg\" \/>\n\t<meta property=\"og:image:width\" content=\"486\" \/>\n\t<meta property=\"og:image:height\" content=\"461\" \/>\n\t<meta property=\"og:image:type\" content=\"image\/jpeg\" \/>\n<meta name=\"author\" content=\"ponferrada2\" \/>\n<meta name=\"twitter:card\" content=\"summary_large_image\" \/>\n<meta name=\"twitter:label1\" content=\"Escrito por\" \/>\n\t<meta name=\"twitter:data1\" content=\"ponferrada2\" \/>\n\t<meta name=\"twitter:label2\" content=\"Tiempo de lectura\" \/>\n\t<meta name=\"twitter:data2\" content=\"3 minutos\" \/>\n<script type=\"application\/ld+json\" class=\"yoast-schema-graph\">{\"@context\":\"https:\/\/schema.org\",\"@graph\":[{\"@type\":\"Article\",\"@id\":\"https:\/\/agrupacionespsoe.es\/ponferrada\/el-grupo-municipal-socialista-denuncia-el-estado-del-cementerio-de-valdefrancos-el-dia-antes-de-todos-los-santos\/#article\",\"isPartOf\":{\"@id\":\"https:\/\/agrupacionespsoe.es\/ponferrada\/el-grupo-municipal-socialista-denuncia-el-estado-del-cementerio-de-valdefrancos-el-dia-antes-de-todos-los-santos\/\"},\"author\":{\"name\":\"ponferrada2\",\"@id\":\"https:\/\/agrupacionespsoe.es\/ponferrada\/#\/schema\/person\/cd29ee627f3b70c05d415f02596debaa\"},\"headline\":\"El Grupo Municipal Socialista denuncia el estado del cementerio de Valdefrancos el d\u00eda antes de Todos los Santos\",\"datePublished\":\"2023-10-31T13:13:08+00:00\",\"dateModified\":\"2023-10-31T13:13:09+00:00\",\"mainEntityOfPage\":{\"@id\":\"https:\/\/agrupacionespsoe.es\/ponferrada\/el-grupo-municipal-socialista-denuncia-el-estado-del-cementerio-de-valdefrancos-el-dia-antes-de-todos-los-santos\/\"},\"wordCount\":285,\"commentCount\":0,\"publisher\":{\"@id\":\"https:\/\/agrupacionespsoe.es\/ponferrada\/#organization\"},\"image\":{\"@id\":\"https:\/\/agrupacionespsoe.es\/ponferrada\/el-grupo-municipal-socialista-denuncia-el-estado-del-cementerio-de-valdefrancos-el-dia-antes-de-todos-los-santos\/#primaryimage\"},\"thumbnailUrl\":\"https:\/\/agrupacionespsoe.es\/ponferrada\/wp-content\/uploads\/sites\/36\/2023\/10\/WhatsApp-Image-2023-10-31-at-14.08.48.jpeg\",\"articleSection\":[\"ACTUALIDAD\"],\"inLanguage\":\"es\",\"potentialAction\":[{\"@type\":\"CommentAction\",\"name\":\"Comment\",\"target\":[\"https:\/\/agrupacionespsoe.es\/ponferrada\/el-grupo-municipal-socialista-denuncia-el-estado-del-cementerio-de-valdefrancos-el-dia-antes-de-todos-los-santos\/#respond\"]}]},{\"@type\":\"WebPage\",\"@id\":\"https:\/\/agrupacionespsoe.es\/ponferrada\/el-grupo-municipal-socialista-denuncia-el-estado-del-cementerio-de-valdefrancos-el-dia-antes-de-todos-los-santos\/\",\"url\":\"https:\/\/agrupacionespsoe.es\/ponferrada\/el-grupo-municipal-socialista-denuncia-el-estado-del-cementerio-de-valdefrancos-el-dia-antes-de-todos-los-santos\/\",\"name\":\"El Grupo Municipal Socialista denuncia el estado del cementerio de Valdefrancos el d\u00eda antes de Todos los Santos - Agrupaci\u00f3n Socialista de Ponferrada\",\"isPartOf\":{\"@id\":\"https:\/\/agrupacionespsoe.es\/ponferrada\/#website\"},\"primaryImageOfPage\":{\"@id\":\"https:\/\/agrupacionespsoe.es\/ponferrada\/el-grupo-municipal-socialista-denuncia-el-estado-del-cementerio-de-valdefrancos-el-dia-antes-de-todos-los-santos\/#primaryimage\"},\"image\":{\"@id\":\"https:\/\/agrupacionespsoe.es\/ponferrada\/el-grupo-municipal-socialista-denuncia-el-estado-del-cementerio-de-valdefrancos-el-dia-antes-de-todos-los-santos\/#primaryimage\"},\"thumbnailUrl\":\"https:\/\/agrupacionespsoe.es\/ponferrada\/wp-content\/uploads\/sites\/36\/2023\/10\/WhatsApp-Image-2023-10-31-at-14.08.48.jpeg\",\"datePublished\":\"2023-10-31T13:13:08+00:00\",\"dateModified\":\"2023-10-31T13:13:09+00:00\",\"breadcrumb\":{\"@id\":\"https:\/\/agrupacionespsoe.es\/ponferrada\/el-grupo-municipal-socialista-denuncia-el-estado-del-cementerio-de-valdefrancos-el-dia-antes-de-todos-los-santos\/#breadcrumb\"},\"inLanguage\":\"es\",\"potentialAction\":[{\"@type\":\"ReadAction\",\"target\":[\"https:\/\/agrupacionespsoe.es\/ponferrada\/el-grupo-municipal-socialista-denuncia-el-estado-del-cementerio-de-valdefrancos-el-dia-antes-de-todos-los-santos\/\"]}]},{\"@type\":\"ImageObject\",\"inLanguage\":\"es\",\"@id\":\"https:\/\/agrupacionespsoe.es\/ponferrada\/el-grupo-municipal-socialista-denuncia-el-estado-del-cementerio-de-valdefrancos-el-dia-antes-de-todos-los-santos\/#primaryimage\",\"url\":\"https:\/\/agrupacionespsoe.es\/ponferrada\/wp-content\/uploads\/sites\/36\/2023\/10\/WhatsApp-Image-2023-10-31-at-14.08.48.jpeg\",\"contentUrl\":\"https:\/\/agrupacionespsoe.es\/ponferrada\/wp-content\/uploads\/sites\/36\/2023\/10\/WhatsApp-Image-2023-10-31-at-14.08.48.jpeg\",\"width\":486,\"height\":461},{\"@type\":\"BreadcrumbList\",\"@id\":\"https:\/\/agrupacionespsoe.es\/ponferrada\/el-grupo-municipal-socialista-denuncia-el-estado-del-cementerio-de-valdefrancos-el-dia-antes-de-todos-los-santos\/#breadcrumb\",\"itemListElement\":[{\"@type\":\"ListItem\",\"position\":1,\"name\":\"Portada\",\"item\":\"https:\/\/agrupacionespsoe.es\/ponferrada\/\"},{\"@type\":\"ListItem\",\"position\":2,\"name\":\"El Grupo Municipal Socialista denuncia el estado del cementerio de Valdefrancos el d\u00eda antes de Todos los Santos\"}]},{\"@type\":\"WebSite\",\"@id\":\"https:\/\/agrupacionespsoe.es\/ponferrada\/#website\",\"url\":\"https:\/\/agrupacionespsoe.es\/ponferrada\/\",\"name\":\"Agrupaci\u00f3n Socialista de Ponferrada\",\"description\":\"Agrupaci\u00f3n Socialista de Ponferrada\",\"publisher\":{\"@id\":\"https:\/\/agrupacionespsoe.es\/ponferrada\/#organization\"},\"potentialAction\":[{\"@type\":\"SearchAction\",\"target\":{\"@type\":\"EntryPoint\",\"urlTemplate\":\"https:\/\/agrupacionespsoe.es\/ponferrada\/?s={search_term_string}\"},\"query-input\":{\"@type\":\"PropertyValueSpecification\",\"valueRequired\":true,\"valueName\":\"search_term_string\"}}],\"inLanguage\":\"es\"},{\"@type\":\"Organization\",\"@id\":\"https:\/\/agrupacionespsoe.es\/ponferrada\/#organization\",\"name\":\"Agrupaci\u00f3n Socialista de Ponferrada\",\"url\":\"https:\/\/agrupacionespsoe.es\/ponferrada\/\",\"logo\":{\"@type\":\"ImageObject\",\"inLanguage\":\"es\",\"@id\":\"https:\/\/agrupacionespsoe.es\/ponferrada\/#\/schema\/logo\/image\/\",\"url\":\"https:\/\/agrupacionespsoe.es\/wp-content\/uploads\/2022\/07\/Logotipo_electoral_del_PSOE.png\",\"contentUrl\":\"https:\/\/agrupacionespsoe.es\/wp-content\/uploads\/2022\/07\/Logotipo_electoral_del_PSOE.png\",\"width\":422,\"height\":422,\"caption\":\"Agrupaci\u00f3n Socialista de Ponferrada\"},\"image\":{\"@id\":\"https:\/\/agrupacionespsoe.es\/ponferrada\/#\/schema\/logo\/image\/\"}},{\"@type\":\"Person\",\"@id\":\"https:\/\/agrupacionespsoe.es\/ponferrada\/#\/schema\/person\/cd29ee627f3b70c05d415f02596debaa\",\"name\":\"ponferrada2\",\"image\":{\"@type\":\"ImageObject\",\"inLanguage\":\"es\",\"@id\":\"https:\/\/agrupacionespsoe.es\/ponferrada\/#\/schema\/person\/image\/\",\"url\":\"https:\/\/secure.gravatar.com\/avatar\/f499eeb60144c664cf7b7edf75549b50?s=96&d=mm&r=g\",\"contentUrl\":\"https:\/\/secure.gravatar.com\/avatar\/f499eeb60144c664cf7b7edf75549b50?s=96&d=mm&r=g\",\"caption\":\"ponferrada2\"},\"url\":\"https:\/\/agrupacionespsoe.es\/ponferrada\/author\/ponferrada2\/\"}]}<\/script>\n<!-- \/ Yoast SEO plugin. -->","yoast_head_json":{"title":"El Grupo Municipal Socialista denuncia el estado del cementerio de Valdefrancos el d\u00eda antes de Todos los Santos - Agrupaci\u00f3n Socialista de Ponferrada","robots":{"index":"index","follow":"follow","max-snippet":"max-snippet:-1","max-image-preview":"max-image-preview:large","max-video-preview":"max-video-preview:-1"},"canonical":"https:\/\/agrupacionespsoe.es\/ponferrada\/el-grupo-municipal-socialista-denuncia-el-estado-del-cementerio-de-valdefrancos-el-dia-antes-de-todos-los-santos\/","og_locale":"es_ES","og_type":"article","og_title":"El Grupo Municipal Socialista denuncia el estado del cementerio de Valdefrancos el d\u00eda antes de Todos los Santos - Agrupaci\u00f3n Socialista de Ponferrada","og_description":"El concejal responsable del \u00e1rea de infraestructuras del PSOE, Andr\u00e9s Gabella, quiere denunciar el estado de abandono en el que se encuentra el cementerio de la pedan\u00eda de Valdefrancos. El concejal del PSOE ha visitado esta ma\u00f1ana las instalaciones del cementerio de Valdefrancos y ha podido comprobar como las lluvias han provocado que uno de ...","og_url":"https:\/\/agrupacionespsoe.es\/ponferrada\/el-grupo-municipal-socialista-denuncia-el-estado-del-cementerio-de-valdefrancos-el-dia-antes-de-todos-los-santos\/","og_site_name":"Agrupaci\u00f3n Socialista de Ponferrada","article_published_time":"2023-10-31T13:13:08+00:00","article_modified_time":"2023-10-31T13:13:09+00:00","og_image":[{"width":486,"height":461,"url":"https:\/\/agrupacionespsoe.es\/ponferrada\/wp-content\/uploads\/sites\/36\/2023\/10\/WhatsApp-Image-2023-10-31-at-14.08.48.jpeg","type":"image\/jpeg"}],"author":"ponferrada2","twitter_card":"summary_large_image","twitter_misc":{"Escrito por":"ponferrada2","Tiempo de lectura":"3 minutos"},"schema":{"@context":"https:\/\/schema.org","@graph":[{"@type":"Article","@id":"https:\/\/agrupacionespsoe.es\/ponferrada\/el-grupo-municipal-socialista-denuncia-el-estado-del-cementerio-de-valdefrancos-el-dia-antes-de-todos-los-santos\/#article","isPartOf":{"@id":"https:\/\/agrupacionespsoe.es\/ponferrada\/el-grupo-municipal-socialista-denuncia-el-estado-del-cementerio-de-valdefrancos-el-dia-antes-de-todos-los-santos\/"},"author":{"name":"ponferrada2","@id":"https:\/\/agrupacionespsoe.es\/ponferrada\/#\/schema\/person\/cd29ee627f3b70c05d415f02596debaa"},"headline":"El Grupo Municipal Socialista denuncia el estado del cementerio de Valdefrancos el d\u00eda antes de Todos los Santos","datePublished":"2023-10-31T13:13:08+00:00","dateModified":"2023-10-31T13:13:09+00:00","mainEntityOfPage":{"@id":"https:\/\/agrupacionespsoe.es\/ponferrada\/el-grupo-municipal-socialista-denuncia-el-estado-del-cementerio-de-valdefrancos-el-dia-antes-de-todos-los-santos\/"},"wordCount":285,"commentCount":0,"publisher":{"@id":"https:\/\/agrupacionespsoe.es\/ponferrada\/#organization"},"image":{"@id":"https:\/\/agrupacionespsoe.es\/ponferrada\/el-grupo-municipal-socialista-denuncia-el-estado-del-cementerio-de-valdefrancos-el-dia-antes-de-todos-los-santos\/#primaryimage"},"thumbnailUrl":"https:\/\/agrupacionespsoe.es\/ponferrada\/wp-content\/uploads\/sites\/36\/2023\/10\/WhatsApp-Image-2023-10-31-at-14.08.48.jpeg","articleSection":["ACTUALIDAD"],"inLanguage":"es","potentialAction":[{"@type":"CommentAction","name":"Comment","target":["https:\/\/agrupacionespsoe.es\/ponferrada\/el-grupo-municipal-socialista-denuncia-el-estado-del-cementerio-de-valdefrancos-el-dia-antes-de-todos-los-santos\/#respond"]}]},{"@type":"WebPage","@id":"https:\/\/agrupacionespsoe.es\/ponferrada\/el-grupo-municipal-socialista-denuncia-el-estado-del-cementerio-de-valdefrancos-el-dia-antes-de-todos-los-santos\/","url":"https:\/\/agrupacionespsoe.es\/ponferrada\/el-grupo-municipal-socialista-denuncia-el-estado-del-cementerio-de-valdefrancos-el-dia-antes-de-todos-los-santos\/","name":"El Grupo Municipal Socialista denuncia el estado del cementerio de Valdefrancos el d\u00eda antes de Todos los Santos - Agrupaci\u00f3n Socialista de Ponferrada","isPartOf":{"@id":"https:\/\/agrupacionespsoe.es\/ponferrada\/#website"},"primaryImageOfPage":{"@id":"https:\/\/agrupacionespsoe.es\/ponferrada\/el-grupo-municipal-socialista-denuncia-el-estado-del-cementerio-de-valdefrancos-el-dia-antes-de-todos-los-santos\/#primaryimage"},"image":{"@id":"https:\/\/agrupacionespsoe.es\/ponferrada\/el-grupo-municipal-socialista-denuncia-el-estado-del-cementerio-de-valdefrancos-el-dia-antes-de-todos-los-santos\/#primaryimage"},"thumbnailUrl":"https:\/\/agrupacionespsoe.es\/ponferrada\/wp-content\/uploads\/sites\/36\/2023\/10\/WhatsApp-Image-2023-10-31-at-14.08.48.jpeg","datePublished":"2023-10-31T13:13:08+00:00","dateModified":"2023-10-31T13:13:09+00:00","breadcrumb":{"@id":"https:\/\/agrupacionespsoe.es\/ponferrada\/el-grupo-municipal-socialista-denuncia-el-estado-del-cementerio-de-valdefrancos-el-dia-antes-de-todos-los-santos\/#breadcrumb"},"inLanguage":"es","potentialAction":[{"@type":"ReadAction","target":["https:\/\/agrupacionespsoe.es\/ponferrada\/el-grupo-municipal-socialista-denuncia-el-estado-del-cementerio-de-valdefrancos-el-dia-antes-de-todos-los-santos\/"]}]},{"@type":"ImageObject","inLanguage":"es","@id":"https:\/\/agrupacionespsoe.es\/ponferrada\/el-grupo-municipal-socialista-denuncia-el-estado-del-cementerio-de-valdefrancos-el-dia-antes-de-todos-los-santos\/#primaryimage","url":"https:\/\/agrupacionespsoe.es\/ponferrada\/wp-content\/uploads\/sites\/36\/2023\/10\/WhatsApp-Image-2023-10-31-at-14.08.48.jpeg","contentUrl":"https:\/\/agrupacionespsoe.es\/ponferrada\/wp-content\/uploads\/sites\/36\/2023\/10\/WhatsApp-Image-2023-10-31-at-14.08.48.jpeg","width":486,"height":461},{"@type":"BreadcrumbList","@id":"https:\/\/agrupacionespsoe.es\/ponferrada\/el-grupo-municipal-socialista-denuncia-el-estado-del-cementerio-de-valdefrancos-el-dia-antes-de-todos-los-santos\/#breadcrumb","itemListElement":[{"@type":"ListItem","position":1,"name":"Portada","item":"https:\/\/agrupacionespsoe.es\/ponferrada\/"},{"@type":"ListItem","position":2,"name":"El Grupo Municipal Socialista denuncia el estado del cementerio de Valdefrancos el d\u00eda antes de Todos los Santos"}]},{"@type":"WebSite","@id":"https:\/\/agrupacionespsoe.es\/ponferrada\/#website","url":"https:\/\/agrupacionespsoe.es\/ponferrada\/","name":"Agrupaci\u00f3n Socialista de Ponferrada","description":"Agrupaci\u00f3n Socialista de Ponferrada","publisher":{"@id":"https:\/\/agrupacionespsoe.es\/ponferrada\/#organization"},"potentialAction":[{"@type":"SearchAction","target":{"@type":"EntryPoint","urlTemplate":"https:\/\/agrupacionespsoe.es\/ponferrada\/?s={search_term_string}"},"query-input":{"@type":"PropertyValueSpecification","valueRequired":true,"valueName":"search_term_string"}}],"inLanguage":"es"},{"@type":"Organization","@id":"https:\/\/agrupacionespsoe.es\/ponferrada\/#organization","name":"Agrupaci\u00f3n Socialista de Ponferrada","url":"https:\/\/agrupacionespsoe.es\/ponferrada\/","logo":{"@type":"ImageObject","inLanguage":"es","@id":"https:\/\/agrupacionespsoe.es\/ponferrada\/#\/schema\/logo\/image\/","url":"https:\/\/agrupacionespsoe.es\/wp-content\/uploads\/2022\/07\/Logotipo_electoral_del_PSOE.png","contentUrl":"https:\/\/agrupacionespsoe.es\/wp-content\/uploads\/2022\/07\/Logotipo_electoral_del_PSOE.png","width":422,"height":422,"caption":"Agrupaci\u00f3n Socialista de Ponferrada"},"image":{"@id":"https:\/\/agrupacionespsoe.es\/ponferrada\/#\/schema\/logo\/image\/"}},{"@type":"Person","@id":"https:\/\/agrupacionespsoe.es\/ponferrada\/#\/schema\/person\/cd29ee627f3b70c05d415f02596debaa","name":"ponferrada2","image":{"@type":"ImageObject","inLanguage":"es","@id":"https:\/\/agrupacionespsoe.es\/ponferrada\/#\/schema\/person\/image\/","url":"https:\/\/secure.gravatar.com\/avatar\/f499eeb60144c664cf7b7edf75549b50?s=96&d=mm&r=g","contentUrl":"https:\/\/secure.gravatar.com\/avatar\/f499eeb60144c664cf7b7edf75549b50?s=96&d=mm&r=g","caption":"ponferrada2"},"url":"https:\/\/agrupacionespsoe.es\/ponferrada\/author\/ponferrada2\/"}]}},"jetpack_featured_media_url":"https:\/\/agrupacionespsoe.es\/ponferrada\/wp-content\/uploads\/sites\/36\/2023\/10\/WhatsApp-Image-2023-10-31-at-14.08.48.jpeg","jetpack_sharing_enabled":true,"_links":{"self":[{"href":"https:\/\/agrupacionespsoe.es\/ponferrada\/wp-json\/wp\/v2\/posts\/281","targetHints":{"allow":["GET"]}}],"collection":[{"href":"https:\/\/agrupacionespsoe.es\/ponferrada\/wp-json\/wp\/v2\/posts"}],"about":[{"href":"https:\/\/agrupacionespsoe.es\/ponferrada\/wp-json\/wp\/v2\/types\/post"}],"author":[{"embeddable":true,"href":"https:\/\/agrupacionespsoe.es\/ponferrada\/wp-json\/wp\/v2\/users\/32"}],"replies":[{"embeddable":true,"href":"https:\/\/agrupacionespsoe.es\/ponferrada\/wp-json\/wp\/v2\/comments?post=281"}],"version-history":[{"count":1,"href":"https:\/\/agrupacionespsoe.es\/ponferrada\/wp-json\/wp\/v2\/posts\/281\/revisions"}],"predecessor-version":[{"id":287,"href":"https:\/\/agrupacionespsoe.es\/ponferrada\/wp-json\/wp\/v2\/posts\/281\/revisions\/287"}],"wp:featuredmedia":[{"embeddable":true,"href":"https:\/\/agrupacionespsoe.es\/ponferrada\/wp-json\/wp\/v2\/media\/282"}],"wp:attachment":[{"href":"https:\/\/agrupacionespsoe.es\/ponferrada\/wp-json\/wp\/v2\/media?parent=281"}],"wp:term":[{"taxonomy":"category","embeddable":true,"href":"https:\/\/agrupacionespsoe.es\/ponferrada\/wp-json\/wp\/v2\/categories?post=281"},{"taxonomy":"post_tag","embeddable":true,"href":"https:\/\/agrupacionespsoe.es\/ponferrada\/wp-json\/wp\/v2\/tags?post=281"}],"curies":[{"name":"wp","href":"https:\/\/api.w.org\/{rel}","templated":true}]}}