{"id":277,"date":"2023-10-31T12:40:27","date_gmt":"2023-10-31T12:40:27","guid":{"rendered":"https:\/\/agrupacionespsoe.es\/ponferrada\/?p=277"},"modified":"2023-10-31T12:42:34","modified_gmt":"2023-10-31T12:42:34","slug":"el-grupo-municipal-socialista-ha-mostrado-su-decepcion-por-el-abandono-del-proyecto-del-bosque-urbano-anunciado-por-el-alcalde","status":"publish","type":"post","link":"https:\/\/agrupacionespsoe.es\/ponferrada\/el-grupo-municipal-socialista-ha-mostrado-su-decepcion-por-el-abandono-del-proyecto-del-bosque-urbano-anunciado-por-el-alcalde\/","title":{"rendered":"El Grupo Municipal Socialista ha mostrado su decepci\u00f3n por el abandono del proyecto del Bosque Urbano anunciado por el Alcalde"},"content":{"rendered":"\n<h2 class=\"wp-block-heading\"><strong>Se trata de otro de los ejemplos de la pol\u00edtica cortoplacista que ejecuta este equipo de gobierno<\/strong><\/h2>\n\n\n\n<p>El Grupo Municipal Socialista del Ayuntamiento de Ponferrada ha mostrado su decepci\u00f3n al conocer la noticia de que el actual Alcalde, Sr. Morala, abandona el proyecto del Bosque Urbano y no lo presentar\u00e1 a la nueva convocatoria de fondos de transici\u00f3n justa.<\/p>\n\n\n\n<p>La anterior concejala de Hacienda, Mabel Fern\u00e1ndez ha mostrado su preocupaci\u00f3n por las palabras de ayer del Sr. Morala que confirman el abandono del proyecto del Bosque Urbano y demuestran el cortoplacisto con el que gobiernan.<\/p>\n\n\n\n<p>Mabel Fern\u00e1ndez ha querido recordar que el proyecto presentado ten\u00eda un presupuesto de cuatro millones de euros, y consist\u00eda en la creaci\u00f3n de un bosque urbano de 293.000 metros cuadrados en la zona que ocupaba la antigua monta\u00f1a de carb\u00f3n.<\/p>\n\n\n\n<p>Contin\u00faa se\u00f1alando que se trata de un proyecto que consiste en la reconversi\u00f3n y restauraci\u00f3n ambiental de ese espacio deteriorado, para que constituyera un sumidero de carbono para la ciudad y una zona de ocio verde, adem\u00e1s de equiparlo para que sea un atractivo social y tur\u00edstico que iba a albergar &nbsp;desde una zona de aparcamiento de autocaravanas, a diversas actividades deportivas, de formaci\u00f3n y concienciaci\u00f3n con el medio ambiente y la econom\u00eda circular.<\/p>\n\n\n\n<p>Este proyecto supondr\u00eda la integraci\u00f3n de esta gran zona como &nbsp;nexo entre Compostilla y el resto de la ciudad y contribuir\u00eda a la adaptaci\u00f3n de Ponferrada al cambio clim\u00e1tico al dotarla de un oasis verde que disminuir\u00eda a temperatura, retendr\u00eda agua de las precipitaciones, absorber\u00eda CO2 y aumentar\u00eda la diversidad biol\u00f3gica.<\/p>\n\n\n\n<p>A juicio de Mabel Fern\u00e1ndez, el actual equipo de gobierno va a abandonar &nbsp;un proyecto que iba a repercutir en el bienestar de los ciudadanos y que iba a convertir nuestra ciudad en un referente en el turismo de naturaleza, mucho m\u00e1s acorde con el turista que visita la comarca del Bierzo, por un proyecto que va a tener escaso impacto en Ponferrada, y el tiempo nos va a dar la raz\u00f3n.<\/p>\n\n\n\n<p>Contin\u00faa se\u00f1alando Mabel Fern\u00e1ndez que damos por hecho que el proyecto que van a presentar es para convertir la torre de la Bas\u00edlica de la Encina en un mirador y completar la reforma que ha emprendido la parroquia de otras estancias de la estructura para abrir un museo sobre el templo del siglo XVI y XVIII, aunque estimamos el proyecto no se puede comparar con el impacto positivo que el Bosque Urbano iba a suponer para la ciudad y el impacto en el turismo.<\/p>\n\n\n\n<p>Finaliza se\u00f1alando que volvemos a asistir c\u00f3mo este equipo de gobierno deshecha convertir a Ponferrada en una ciudad del futuro a la altura de las ciudades europeas que van encaminadas a ciudades m\u00e1s verdes, m\u00e1s sostenibles y que repercuten en un turismo mucho m\u00e1s sostenible y que perdura m\u00e1s en el tiempo, se\u00f1ala que \u201cest\u00e1 claro que un museo lo visitas una o dos veces y que a las actividades deportivas, l\u00fadicas y educativas que supon\u00edan el bosque urbano son susceptibles de visitas peri\u00f3dicas y repetitivas\u201d<\/p>\n\n\n\n<figure class=\"wp-block-image size-full\"><img loading=\"lazy\" decoding=\"async\" width=\"546\" height=\"1024\" src=\"https:\/\/agrupacionespsoe.es\/ponferrada\/wp-content\/uploads\/sites\/36\/2023\/10\/WhatsApp-Image-2023-10-31-at-12.52.12.jpeg\" alt=\"\" class=\"wp-image-278\" srcset=\"https:\/\/agrupacionespsoe.es\/ponferrada\/wp-content\/uploads\/sites\/36\/2023\/10\/WhatsApp-Image-2023-10-31-at-12.52.12.jpeg 546w, https:\/\/agrupacionespsoe.es\/ponferrada\/wp-content\/uploads\/sites\/36\/2023\/10\/WhatsApp-Image-2023-10-31-at-12.52.12-160x300.jpeg 160w\" sizes=\"auto, (max-width: 546px) 100vw, 546px\" \/><figcaption class=\"wp-element-caption\">Mabel Fern\u00e1ndez<\/figcaption><\/figure>\n","protected":false},"excerpt":{"rendered":"<p>Se trata de otro de los ejemplos de la pol\u00edtica cortoplacista que ejecuta este equipo de gobierno El Grupo Municipal Socialista del Ayuntamiento de Ponferrada ha mostrado su decepci\u00f3n al conocer la noticia de que el actual Alcalde, Sr. Morala, abandona el proyecto del Bosque Urbano y no lo presentar\u00e1 a la nueva convocatoria de &#8230;<\/p>\n","protected":false},"author":32,"featured_media":280,"comment_status":"open","ping_status":"open","sticky":false,"template":"","format":"standard","meta":{"_jetpack_memberships_contains_paid_content":false,"footnotes":""},"categories":[6],"tags":[],"class_list":["post-277","post","type-post","status-publish","format-standard","has-post-thumbnail","hentry","category-actualidad"],"yoast_head":"<!-- This site is optimized with the Yoast SEO plugin v24.0 - https:\/\/yoast.com\/wordpress\/plugins\/seo\/ -->\n<title>El Grupo Municipal Socialista ha mostrado su decepci\u00f3n por el abandono del proyecto del Bosque Urbano anunciado por el Alcalde - Agrupaci\u00f3n Socialista de Ponferrada<\/title>\n<meta name=\"robots\" content=\"index, follow, max-snippet:-1, max-image-preview:large, max-video-preview:-1\" \/>\n<link rel=\"canonical\" href=\"https:\/\/agrupacionespsoe.es\/ponferrada\/el-grupo-municipal-socialista-ha-mostrado-su-decepcion-por-el-abandono-del-proyecto-del-bosque-urbano-anunciado-por-el-alcalde\/\" \/>\n<meta property=\"og:locale\" content=\"es_ES\" \/>\n<meta property=\"og:type\" content=\"article\" \/>\n<meta property=\"og:title\" content=\"El Grupo Municipal Socialista ha mostrado su decepci\u00f3n por el abandono del proyecto del Bosque Urbano anunciado por el Alcalde - Agrupaci\u00f3n Socialista de Ponferrada\" \/>\n<meta property=\"og:description\" content=\"Se trata de otro de los ejemplos de la pol\u00edtica cortoplacista que ejecuta este equipo de gobierno El Grupo Municipal Socialista del Ayuntamiento de Ponferrada ha mostrado su decepci\u00f3n al conocer la noticia de que el actual Alcalde, Sr. Morala, abandona el proyecto del Bosque Urbano y no lo presentar\u00e1 a la nueva convocatoria de ...\" \/>\n<meta property=\"og:url\" content=\"https:\/\/agrupacionespsoe.es\/ponferrada\/el-grupo-municipal-socialista-ha-mostrado-su-decepcion-por-el-abandono-del-proyecto-del-bosque-urbano-anunciado-por-el-alcalde\/\" \/>\n<meta property=\"og:site_name\" content=\"Agrupaci\u00f3n Socialista de Ponferrada\" \/>\n<meta property=\"article:published_time\" content=\"2023-10-31T12:40:27+00:00\" \/>\n<meta property=\"article:modified_time\" content=\"2023-10-31T12:42:34+00:00\" \/>\n<meta property=\"og:image\" content=\"https:\/\/agrupacionespsoe.es\/ponferrada\/wp-content\/uploads\/sites\/36\/2023\/10\/WhatsApp-Image-2023-10-31-at-13.42.11.jpeg\" \/>\n\t<meta property=\"og:image:width\" content=\"546\" \/>\n\t<meta property=\"og:image:height\" content=\"604\" \/>\n\t<meta property=\"og:image:type\" content=\"image\/jpeg\" \/>\n<meta name=\"author\" content=\"ponferrada2\" \/>\n<meta name=\"twitter:card\" content=\"summary_large_image\" \/>\n<meta name=\"twitter:label1\" content=\"Escrito por\" \/>\n\t<meta name=\"twitter:data1\" content=\"ponferrada2\" \/>\n\t<meta name=\"twitter:label2\" content=\"Tiempo de lectura\" \/>\n\t<meta name=\"twitter:data2\" content=\"3 minutos\" \/>\n<script type=\"application\/ld+json\" class=\"yoast-schema-graph\">{\"@context\":\"https:\/\/schema.org\",\"@graph\":[{\"@type\":\"Article\",\"@id\":\"https:\/\/agrupacionespsoe.es\/ponferrada\/el-grupo-municipal-socialista-ha-mostrado-su-decepcion-por-el-abandono-del-proyecto-del-bosque-urbano-anunciado-por-el-alcalde\/#article\",\"isPartOf\":{\"@id\":\"https:\/\/agrupacionespsoe.es\/ponferrada\/el-grupo-municipal-socialista-ha-mostrado-su-decepcion-por-el-abandono-del-proyecto-del-bosque-urbano-anunciado-por-el-alcalde\/\"},\"author\":{\"name\":\"ponferrada2\",\"@id\":\"https:\/\/agrupacionespsoe.es\/ponferrada\/#\/schema\/person\/cd29ee627f3b70c05d415f02596debaa\"},\"headline\":\"El Grupo Municipal Socialista ha mostrado su decepci\u00f3n por el abandono del proyecto del Bosque Urbano anunciado por el Alcalde\",\"datePublished\":\"2023-10-31T12:40:27+00:00\",\"dateModified\":\"2023-10-31T12:42:34+00:00\",\"mainEntityOfPage\":{\"@id\":\"https:\/\/agrupacionespsoe.es\/ponferrada\/el-grupo-municipal-socialista-ha-mostrado-su-decepcion-por-el-abandono-del-proyecto-del-bosque-urbano-anunciado-por-el-alcalde\/\"},\"wordCount\":575,\"commentCount\":0,\"publisher\":{\"@id\":\"https:\/\/agrupacionespsoe.es\/ponferrada\/#organization\"},\"image\":{\"@id\":\"https:\/\/agrupacionespsoe.es\/ponferrada\/el-grupo-municipal-socialista-ha-mostrado-su-decepcion-por-el-abandono-del-proyecto-del-bosque-urbano-anunciado-por-el-alcalde\/#primaryimage\"},\"thumbnailUrl\":\"https:\/\/agrupacionespsoe.es\/ponferrada\/wp-content\/uploads\/sites\/36\/2023\/10\/WhatsApp-Image-2023-10-31-at-13.42.11.jpeg\",\"articleSection\":[\"ACTUALIDAD\"],\"inLanguage\":\"es\",\"potentialAction\":[{\"@type\":\"CommentAction\",\"name\":\"Comment\",\"target\":[\"https:\/\/agrupacionespsoe.es\/ponferrada\/el-grupo-municipal-socialista-ha-mostrado-su-decepcion-por-el-abandono-del-proyecto-del-bosque-urbano-anunciado-por-el-alcalde\/#respond\"]}]},{\"@type\":\"WebPage\",\"@id\":\"https:\/\/agrupacionespsoe.es\/ponferrada\/el-grupo-municipal-socialista-ha-mostrado-su-decepcion-por-el-abandono-del-proyecto-del-bosque-urbano-anunciado-por-el-alcalde\/\",\"url\":\"https:\/\/agrupacionespsoe.es\/ponferrada\/el-grupo-municipal-socialista-ha-mostrado-su-decepcion-por-el-abandono-del-proyecto-del-bosque-urbano-anunciado-por-el-alcalde\/\",\"name\":\"El Grupo Municipal Socialista ha mostrado su decepci\u00f3n por el abandono del proyecto del Bosque Urbano anunciado por el Alcalde - Agrupaci\u00f3n Socialista de Ponferrada\",\"isPartOf\":{\"@id\":\"https:\/\/agrupacionespsoe.es\/ponferrada\/#website\"},\"primaryImageOfPage\":{\"@id\":\"https:\/\/agrupacionespsoe.es\/ponferrada\/el-grupo-municipal-socialista-ha-mostrado-su-decepcion-por-el-abandono-del-proyecto-del-bosque-urbano-anunciado-por-el-alcalde\/#primaryimage\"},\"image\":{\"@id\":\"https:\/\/agrupacionespsoe.es\/ponferrada\/el-grupo-municipal-socialista-ha-mostrado-su-decepcion-por-el-abandono-del-proyecto-del-bosque-urbano-anunciado-por-el-alcalde\/#primaryimage\"},\"thumbnailUrl\":\"https:\/\/agrupacionespsoe.es\/ponferrada\/wp-content\/uploads\/sites\/36\/2023\/10\/WhatsApp-Image-2023-10-31-at-13.42.11.jpeg\",\"datePublished\":\"2023-10-31T12:40:27+00:00\",\"dateModified\":\"2023-10-31T12:42:34+00:00\",\"breadcrumb\":{\"@id\":\"https:\/\/agrupacionespsoe.es\/ponferrada\/el-grupo-municipal-socialista-ha-mostrado-su-decepcion-por-el-abandono-del-proyecto-del-bosque-urbano-anunciado-por-el-alcalde\/#breadcrumb\"},\"inLanguage\":\"es\",\"potentialAction\":[{\"@type\":\"ReadAction\",\"target\":[\"https:\/\/agrupacionespsoe.es\/ponferrada\/el-grupo-municipal-socialista-ha-mostrado-su-decepcion-por-el-abandono-del-proyecto-del-bosque-urbano-anunciado-por-el-alcalde\/\"]}]},{\"@type\":\"ImageObject\",\"inLanguage\":\"es\",\"@id\":\"https:\/\/agrupacionespsoe.es\/ponferrada\/el-grupo-municipal-socialista-ha-mostrado-su-decepcion-por-el-abandono-del-proyecto-del-bosque-urbano-anunciado-por-el-alcalde\/#primaryimage\",\"url\":\"https:\/\/agrupacionespsoe.es\/ponferrada\/wp-content\/uploads\/sites\/36\/2023\/10\/WhatsApp-Image-2023-10-31-at-13.42.11.jpeg\",\"contentUrl\":\"https:\/\/agrupacionespsoe.es\/ponferrada\/wp-content\/uploads\/sites\/36\/2023\/10\/WhatsApp-Image-2023-10-31-at-13.42.11.jpeg\",\"width\":546,\"height\":604},{\"@type\":\"BreadcrumbList\",\"@id\":\"https:\/\/agrupacionespsoe.es\/ponferrada\/el-grupo-municipal-socialista-ha-mostrado-su-decepcion-por-el-abandono-del-proyecto-del-bosque-urbano-anunciado-por-el-alcalde\/#breadcrumb\",\"itemListElement\":[{\"@type\":\"ListItem\",\"position\":1,\"name\":\"Portada\",\"item\":\"https:\/\/agrupacionespsoe.es\/ponferrada\/\"},{\"@type\":\"ListItem\",\"position\":2,\"name\":\"El Grupo Municipal Socialista ha mostrado su decepci\u00f3n por el abandono del proyecto del Bosque Urbano anunciado por el Alcalde\"}]},{\"@type\":\"WebSite\",\"@id\":\"https:\/\/agrupacionespsoe.es\/ponferrada\/#website\",\"url\":\"https:\/\/agrupacionespsoe.es\/ponferrada\/\",\"name\":\"Agrupaci\u00f3n Socialista de Ponferrada\",\"description\":\"Agrupaci\u00f3n Socialista de Ponferrada\",\"publisher\":{\"@id\":\"https:\/\/agrupacionespsoe.es\/ponferrada\/#organization\"},\"potentialAction\":[{\"@type\":\"SearchAction\",\"target\":{\"@type\":\"EntryPoint\",\"urlTemplate\":\"https:\/\/agrupacionespsoe.es\/ponferrada\/?s={search_term_string}\"},\"query-input\":{\"@type\":\"PropertyValueSpecification\",\"valueRequired\":true,\"valueName\":\"search_term_string\"}}],\"inLanguage\":\"es\"},{\"@type\":\"Organization\",\"@id\":\"https:\/\/agrupacionespsoe.es\/ponferrada\/#organization\",\"name\":\"Agrupaci\u00f3n Socialista de Ponferrada\",\"url\":\"https:\/\/agrupacionespsoe.es\/ponferrada\/\",\"logo\":{\"@type\":\"ImageObject\",\"inLanguage\":\"es\",\"@id\":\"https:\/\/agrupacionespsoe.es\/ponferrada\/#\/schema\/logo\/image\/\",\"url\":\"https:\/\/agrupacionespsoe.es\/wp-content\/uploads\/2022\/07\/Logotipo_electoral_del_PSOE.png\",\"contentUrl\":\"https:\/\/agrupacionespsoe.es\/wp-content\/uploads\/2022\/07\/Logotipo_electoral_del_PSOE.png\",\"width\":422,\"height\":422,\"caption\":\"Agrupaci\u00f3n Socialista de Ponferrada\"},\"image\":{\"@id\":\"https:\/\/agrupacionespsoe.es\/ponferrada\/#\/schema\/logo\/image\/\"}},{\"@type\":\"Person\",\"@id\":\"https:\/\/agrupacionespsoe.es\/ponferrada\/#\/schema\/person\/cd29ee627f3b70c05d415f02596debaa\",\"name\":\"ponferrada2\",\"image\":{\"@type\":\"ImageObject\",\"inLanguage\":\"es\",\"@id\":\"https:\/\/agrupacionespsoe.es\/ponferrada\/#\/schema\/person\/image\/\",\"url\":\"https:\/\/secure.gravatar.com\/avatar\/f499eeb60144c664cf7b7edf75549b50?s=96&d=mm&r=g\",\"contentUrl\":\"https:\/\/secure.gravatar.com\/avatar\/f499eeb60144c664cf7b7edf75549b50?s=96&d=mm&r=g\",\"caption\":\"ponferrada2\"},\"url\":\"https:\/\/agrupacionespsoe.es\/ponferrada\/author\/ponferrada2\/\"}]}<\/script>\n<!-- \/ Yoast SEO plugin. -->","yoast_head_json":{"title":"El Grupo Municipal Socialista ha mostrado su decepci\u00f3n por el abandono del proyecto del Bosque Urbano anunciado por el Alcalde - Agrupaci\u00f3n Socialista de Ponferrada","robots":{"index":"index","follow":"follow","max-snippet":"max-snippet:-1","max-image-preview":"max-image-preview:large","max-video-preview":"max-video-preview:-1"},"canonical":"https:\/\/agrupacionespsoe.es\/ponferrada\/el-grupo-municipal-socialista-ha-mostrado-su-decepcion-por-el-abandono-del-proyecto-del-bosque-urbano-anunciado-por-el-alcalde\/","og_locale":"es_ES","og_type":"article","og_title":"El Grupo Municipal Socialista ha mostrado su decepci\u00f3n por el abandono del proyecto del Bosque Urbano anunciado por el Alcalde - Agrupaci\u00f3n Socialista de Ponferrada","og_description":"Se trata de otro de los ejemplos de la pol\u00edtica cortoplacista que ejecuta este equipo de gobierno El Grupo Municipal Socialista del Ayuntamiento de Ponferrada ha mostrado su decepci\u00f3n al conocer la noticia de que el actual Alcalde, Sr. Morala, abandona el proyecto del Bosque Urbano y no lo presentar\u00e1 a la nueva convocatoria de ...","og_url":"https:\/\/agrupacionespsoe.es\/ponferrada\/el-grupo-municipal-socialista-ha-mostrado-su-decepcion-por-el-abandono-del-proyecto-del-bosque-urbano-anunciado-por-el-alcalde\/","og_site_name":"Agrupaci\u00f3n Socialista de Ponferrada","article_published_time":"2023-10-31T12:40:27+00:00","article_modified_time":"2023-10-31T12:42:34+00:00","og_image":[{"width":546,"height":604,"url":"https:\/\/agrupacionespsoe.es\/ponferrada\/wp-content\/uploads\/sites\/36\/2023\/10\/WhatsApp-Image-2023-10-31-at-13.42.11.jpeg","type":"image\/jpeg"}],"author":"ponferrada2","twitter_card":"summary_large_image","twitter_misc":{"Escrito por":"ponferrada2","Tiempo de lectura":"3 minutos"},"schema":{"@context":"https:\/\/schema.org","@graph":[{"@type":"Article","@id":"https:\/\/agrupacionespsoe.es\/ponferrada\/el-grupo-municipal-socialista-ha-mostrado-su-decepcion-por-el-abandono-del-proyecto-del-bosque-urbano-anunciado-por-el-alcalde\/#article","isPartOf":{"@id":"https:\/\/agrupacionespsoe.es\/ponferrada\/el-grupo-municipal-socialista-ha-mostrado-su-decepcion-por-el-abandono-del-proyecto-del-bosque-urbano-anunciado-por-el-alcalde\/"},"author":{"name":"ponferrada2","@id":"https:\/\/agrupacionespsoe.es\/ponferrada\/#\/schema\/person\/cd29ee627f3b70c05d415f02596debaa"},"headline":"El Grupo Municipal Socialista ha mostrado su decepci\u00f3n por el abandono del proyecto del Bosque Urbano anunciado por el Alcalde","datePublished":"2023-10-31T12:40:27+00:00","dateModified":"2023-10-31T12:42:34+00:00","mainEntityOfPage":{"@id":"https:\/\/agrupacionespsoe.es\/ponferrada\/el-grupo-municipal-socialista-ha-mostrado-su-decepcion-por-el-abandono-del-proyecto-del-bosque-urbano-anunciado-por-el-alcalde\/"},"wordCount":575,"commentCount":0,"publisher":{"@id":"https:\/\/agrupacionespsoe.es\/ponferrada\/#organization"},"image":{"@id":"https:\/\/agrupacionespsoe.es\/ponferrada\/el-grupo-municipal-socialista-ha-mostrado-su-decepcion-por-el-abandono-del-proyecto-del-bosque-urbano-anunciado-por-el-alcalde\/#primaryimage"},"thumbnailUrl":"https:\/\/agrupacionespsoe.es\/ponferrada\/wp-content\/uploads\/sites\/36\/2023\/10\/WhatsApp-Image-2023-10-31-at-13.42.11.jpeg","articleSection":["ACTUALIDAD"],"inLanguage":"es","potentialAction":[{"@type":"CommentAction","name":"Comment","target":["https:\/\/agrupacionespsoe.es\/ponferrada\/el-grupo-municipal-socialista-ha-mostrado-su-decepcion-por-el-abandono-del-proyecto-del-bosque-urbano-anunciado-por-el-alcalde\/#respond"]}]},{"@type":"WebPage","@id":"https:\/\/agrupacionespsoe.es\/ponferrada\/el-grupo-municipal-socialista-ha-mostrado-su-decepcion-por-el-abandono-del-proyecto-del-bosque-urbano-anunciado-por-el-alcalde\/","url":"https:\/\/agrupacionespsoe.es\/ponferrada\/el-grupo-municipal-socialista-ha-mostrado-su-decepcion-por-el-abandono-del-proyecto-del-bosque-urbano-anunciado-por-el-alcalde\/","name":"El Grupo Municipal Socialista ha mostrado su decepci\u00f3n por el abandono del proyecto del Bosque Urbano anunciado por el Alcalde - Agrupaci\u00f3n Socialista de Ponferrada","isPartOf":{"@id":"https:\/\/agrupacionespsoe.es\/ponferrada\/#website"},"primaryImageOfPage":{"@id":"https:\/\/agrupacionespsoe.es\/ponferrada\/el-grupo-municipal-socialista-ha-mostrado-su-decepcion-por-el-abandono-del-proyecto-del-bosque-urbano-anunciado-por-el-alcalde\/#primaryimage"},"image":{"@id":"https:\/\/agrupacionespsoe.es\/ponferrada\/el-grupo-municipal-socialista-ha-mostrado-su-decepcion-por-el-abandono-del-proyecto-del-bosque-urbano-anunciado-por-el-alcalde\/#primaryimage"},"thumbnailUrl":"https:\/\/agrupacionespsoe.es\/ponferrada\/wp-content\/uploads\/sites\/36\/2023\/10\/WhatsApp-Image-2023-10-31-at-13.42.11.jpeg","datePublished":"2023-10-31T12:40:27+00:00","dateModified":"2023-10-31T12:42:34+00:00","breadcrumb":{"@id":"https:\/\/agrupacionespsoe.es\/ponferrada\/el-grupo-municipal-socialista-ha-mostrado-su-decepcion-por-el-abandono-del-proyecto-del-bosque-urbano-anunciado-por-el-alcalde\/#breadcrumb"},"inLanguage":"es","potentialAction":[{"@type":"ReadAction","target":["https:\/\/agrupacionespsoe.es\/ponferrada\/el-grupo-municipal-socialista-ha-mostrado-su-decepcion-por-el-abandono-del-proyecto-del-bosque-urbano-anunciado-por-el-alcalde\/"]}]},{"@type":"ImageObject","inLanguage":"es","@id":"https:\/\/agrupacionespsoe.es\/ponferrada\/el-grupo-municipal-socialista-ha-mostrado-su-decepcion-por-el-abandono-del-proyecto-del-bosque-urbano-anunciado-por-el-alcalde\/#primaryimage","url":"https:\/\/agrupacionespsoe.es\/ponferrada\/wp-content\/uploads\/sites\/36\/2023\/10\/WhatsApp-Image-2023-10-31-at-13.42.11.jpeg","contentUrl":"https:\/\/agrupacionespsoe.es\/ponferrada\/wp-content\/uploads\/sites\/36\/2023\/10\/WhatsApp-Image-2023-10-31-at-13.42.11.jpeg","width":546,"height":604},{"@type":"BreadcrumbList","@id":"https:\/\/agrupacionespsoe.es\/ponferrada\/el-grupo-municipal-socialista-ha-mostrado-su-decepcion-por-el-abandono-del-proyecto-del-bosque-urbano-anunciado-por-el-alcalde\/#breadcrumb","itemListElement":[{"@type":"ListItem","position":1,"name":"Portada","item":"https:\/\/agrupacionespsoe.es\/ponferrada\/"},{"@type":"ListItem","position":2,"name":"El Grupo Municipal Socialista ha mostrado su decepci\u00f3n por el abandono del proyecto del Bosque Urbano anunciado por el Alcalde"}]},{"@type":"WebSite","@id":"https:\/\/agrupacionespsoe.es\/ponferrada\/#website","url":"https:\/\/agrupacionespsoe.es\/ponferrada\/","name":"Agrupaci\u00f3n Socialista de Ponferrada","description":"Agrupaci\u00f3n Socialista de Ponferrada","publisher":{"@id":"https:\/\/agrupacionespsoe.es\/ponferrada\/#organization"},"potentialAction":[{"@type":"SearchAction","target":{"@type":"EntryPoint","urlTemplate":"https:\/\/agrupacionespsoe.es\/ponferrada\/?s={search_term_string}"},"query-input":{"@type":"PropertyValueSpecification","valueRequired":true,"valueName":"search_term_string"}}],"inLanguage":"es"},{"@type":"Organization","@id":"https:\/\/agrupacionespsoe.es\/ponferrada\/#organization","name":"Agrupaci\u00f3n Socialista de Ponferrada","url":"https:\/\/agrupacionespsoe.es\/ponferrada\/","logo":{"@type":"ImageObject","inLanguage":"es","@id":"https:\/\/agrupacionespsoe.es\/ponferrada\/#\/schema\/logo\/image\/","url":"https:\/\/agrupacionespsoe.es\/wp-content\/uploads\/2022\/07\/Logotipo_electoral_del_PSOE.png","contentUrl":"https:\/\/agrupacionespsoe.es\/wp-content\/uploads\/2022\/07\/Logotipo_electoral_del_PSOE.png","width":422,"height":422,"caption":"Agrupaci\u00f3n Socialista de Ponferrada"},"image":{"@id":"https:\/\/agrupacionespsoe.es\/ponferrada\/#\/schema\/logo\/image\/"}},{"@type":"Person","@id":"https:\/\/agrupacionespsoe.es\/ponferrada\/#\/schema\/person\/cd29ee627f3b70c05d415f02596debaa","name":"ponferrada2","image":{"@type":"ImageObject","inLanguage":"es","@id":"https:\/\/agrupacionespsoe.es\/ponferrada\/#\/schema\/person\/image\/","url":"https:\/\/secure.gravatar.com\/avatar\/f499eeb60144c664cf7b7edf75549b50?s=96&d=mm&r=g","contentUrl":"https:\/\/secure.gravatar.com\/avatar\/f499eeb60144c664cf7b7edf75549b50?s=96&d=mm&r=g","caption":"ponferrada2"},"url":"https:\/\/agrupacionespsoe.es\/ponferrada\/author\/ponferrada2\/"}]}},"jetpack_featured_media_url":"https:\/\/agrupacionespsoe.es\/ponferrada\/wp-content\/uploads\/sites\/36\/2023\/10\/WhatsApp-Image-2023-10-31-at-13.42.11.jpeg","jetpack_sharing_enabled":true,"_links":{"self":[{"href":"https:\/\/agrupacionespsoe.es\/ponferrada\/wp-json\/wp\/v2\/posts\/277","targetHints":{"allow":["GET"]}}],"collection":[{"href":"https:\/\/agrupacionespsoe.es\/ponferrada\/wp-json\/wp\/v2\/posts"}],"about":[{"href":"https:\/\/agrupacionespsoe.es\/ponferrada\/wp-json\/wp\/v2\/types\/post"}],"author":[{"embeddable":true,"href":"https:\/\/agrupacionespsoe.es\/ponferrada\/wp-json\/wp\/v2\/users\/32"}],"replies":[{"embeddable":true,"href":"https:\/\/agrupacionespsoe.es\/ponferrada\/wp-json\/wp\/v2\/comments?post=277"}],"version-history":[{"count":1,"href":"https:\/\/agrupacionespsoe.es\/ponferrada\/wp-json\/wp\/v2\/posts\/277\/revisions"}],"predecessor-version":[{"id":279,"href":"https:\/\/agrupacionespsoe.es\/ponferrada\/wp-json\/wp\/v2\/posts\/277\/revisions\/279"}],"wp:featuredmedia":[{"embeddable":true,"href":"https:\/\/agrupacionespsoe.es\/ponferrada\/wp-json\/wp\/v2\/media\/280"}],"wp:attachment":[{"href":"https:\/\/agrupacionespsoe.es\/ponferrada\/wp-json\/wp\/v2\/media?parent=277"}],"wp:term":[{"taxonomy":"category","embeddable":true,"href":"https:\/\/agrupacionespsoe.es\/ponferrada\/wp-json\/wp\/v2\/categories?post=277"},{"taxonomy":"post_tag","embeddable":true,"href":"https:\/\/agrupacionespsoe.es\/ponferrada\/wp-json\/wp\/v2\/tags?post=277"}],"curies":[{"name":"wp","href":"https:\/\/api.w.org\/{rel}","templated":true}]}}