{"id":273,"date":"2023-10-30T08:22:47","date_gmt":"2023-10-30T08:22:47","guid":{"rendered":"https:\/\/agrupacionespsoe.es\/ponferrada\/?p=273"},"modified":"2023-10-30T08:22:48","modified_gmt":"2023-10-30T08:22:48","slug":"el-psoe-vuelve-a-criticar-el-sectarismo-del-pp","status":"publish","type":"post","link":"https:\/\/agrupacionespsoe.es\/ponferrada\/el-psoe-vuelve-a-criticar-el-sectarismo-del-pp\/","title":{"rendered":"El PSOE vuelve a criticar el sectarismo del PP"},"content":{"rendered":"\n<p><strong><u>El PSOE se congratula de los anuncios que ha realizado el gobierno en la cumbre europea celebrada en Ponferrada<\/u><\/strong><\/p>\n\n\n\n<p>El PSOE de Ponferrada ha querido salir al paso de las cr\u00edticas del presidente de la Junta Local del Partido Popular al hilo de la celebraci\u00f3n de una cumbre europea en la capital berciana sobre la transici\u00f3n justa, presidido por la vicepresidenta en funciones y ministra para la Transici\u00f3n Ecol\u00f3gica y el Reto Demogr\u00e1fico, Teresa Ribera.<\/p>\n\n\n\n<p>A juicio de los socialistas, el PP vuelve a mostrar su sectarismo, mientras por una parte en el Pleno del Ayuntamiento, daban las gracias a la Junta de Castilla y Le\u00f3n por \u201csacar adelante las ayudas del Plan FEDER\u201d, unos fondos que como todo el mundo sabe vienen de la Uni\u00f3n Europea o cuando hace unas semanas el Director General de Turismo visit\u00f3 Ponferrada para no anunciar nada. Por otra parte, cuando se trata de cargos del PSOE muestran enseguida su decepci\u00f3n, a pesar de la envergadura del acto que se ha celebrado en nuestra ciudad. Porque toda la ciudadan\u00eda ha podido ver c\u00f3mo se ha puesto a Ponferrada en el mapa europeo y se ha dado a conocer los recursos naturales y patrimoniales de los que contamos, menos en el PP.<\/p>\n\n\n\n<p>En palabras de Mabel Fern\u00e1ndez, la Secretaria de Organizaci\u00f3n del PSOE, el list\u00f3n de la decepci\u00f3n en el PP est\u00e1 muy alto para los anuncios del PP y muy bajo si se trata de anuncios del gobierno del PSOE, y eso a pesar de la realidad porque queremos recordar las inversiones que el gobierno de Pedro S\u00e1nchez ha realizado relacionados con la Transici\u00f3n Justa:<\/p>\n\n\n\n<ul class=\"wp-block-list\">\n<li>25,6 mill \u20ac para 22 proyectos en 12 municipios. ( Ponfeblino, nueva fase del Pol\u00edgono de Bembibre, o Proyecto de plantaci\u00f3n de casta\u00f1os y generaci\u00f3n de empresas transformadoras).<\/li>\n\n\n\n<li>22 mill \u20ac para protecci\u00f3n a trabajadores afectados ( prejubilaciones, bajas incentivadas, formaci\u00f3n, etc )<\/li>\n\n\n\n<li>40 mill.\u20ac en Ciuden: Almacenamiento e Hidr\u00f3geno Verde, La T\u00e9rmica Cultural o Programa DimanizartE.<\/li>\n\n\n\n<li>90,8 mill.\u20ac en 6 proyectos de Restauraci\u00f3n Medioambiental ( Gran Corta o Torre Villagat\u00f3n o Casares-Ladil-Charc\u00f3n por ej )<\/li>\n\n\n\n<li>IDAE: Red de Calor de Ponferrada 1,1 mill.\u20ac<\/li>\n\n\n\n<li>Peque\u00f1os Proyectos de Inversi\u00f3n: 3,8 mill \u20ac: Hospital veterinario en Villablino, Residencia en Ig\u00fce\u00f1a o empres de impresi\u00f3n 3D en Bembibre.<\/li>\n\n\n\n<li>ENDESA COMPOSTILLA: Reciclaje Bater\u00edas y Palas E\u00f3licas. 80 empleos.<\/li>\n\n\n\n<li>TVITEC: 180 mill.\u20ac para crear 250\/300 nuevos empleos con la creaci\u00f3n de un nuevo horno de flotado.<\/li>\n<\/ul>\n\n\n\n<p>Mabel Fern\u00e1ndez se\u00f1ala que a lo realizado \u201chay que a\u00f1adir los importantes anuncios realizados en esta cumbre europea: una nueva convocatoria de ayudas para las pymes, la confirmaci\u00f3n del proyecto de modernizaci\u00f3n del regad\u00edo del Canal Bajo del Bierzo, el anuncio del uso como proyecto piloto del hidr\u00f3geno verde en una locomotora del tren tur\u00edstico Ponfeblino, con el objetivo de estudiar su posible aplicaci\u00f3n en los trenes espa\u00f1oles, que supondr\u00e1 una inversi\u00f3n de 2,5 millones de euros y el anuncio de que la sede de la Fundaci\u00f3n Ciudad de la Energ\u00eda en el Bierzo albergar\u00e1 el centro de coordinaci\u00f3n de las actuaciones de Reto Demogr\u00e1fico en todo el pa\u00eds.\u201d&nbsp;<\/p>\n\n\n\n<p>Mabel Fern\u00e1ndez indica que \u201chasta la patronal ha aplaudido los anuncios realizados, los \u00fanicos que no lo ven son el partido popular que o bien su partidismo y sectarismo no le deja alegrarse por los buenos anuncios que ha hecho gobierno, o bien critican por criticar m\u00e1s si tenemos en cuenta que el Alcalde de Ponferrada que asisti\u00f3 a la cumbre en ning\u00fan momento le hizo llegar a la ministra las quejas que luego publicit\u00f3, muy al contrario se deshizo en elogios hacia las actuaciones realizadas \u201d.<\/p>\n\n\n\n<p>Mabel Fern\u00e1ndez concluye se\u00f1alando que ya \u201cle gustar\u00eda a la ciudadan\u00eda de Ponferrada y a la de El Bierzo que el PP en la Junta cumpliera al menos con la mitad de las promesas y anuncios que realizan y que elecci\u00f3n tras elecci\u00f3n vuelven a hacer y en materia sanitaria tienen un amplio abanico de ejemplos\u201d.<\/p>\n\n\n\n<figure class=\"wp-block-image size-large\"><img loading=\"lazy\" decoding=\"async\" width=\"1024\" height=\"791\" src=\"https:\/\/agrupacionespsoe.es\/ponferrada\/wp-content\/uploads\/sites\/36\/2023\/10\/foto-CEM-1024x791.jpeg\" alt=\"\" class=\"wp-image-274\" srcset=\"https:\/\/agrupacionespsoe.es\/ponferrada\/wp-content\/uploads\/sites\/36\/2023\/10\/foto-CEM-1024x791.jpeg 1024w, https:\/\/agrupacionespsoe.es\/ponferrada\/wp-content\/uploads\/sites\/36\/2023\/10\/foto-CEM-300x232.jpeg 300w, https:\/\/agrupacionespsoe.es\/ponferrada\/wp-content\/uploads\/sites\/36\/2023\/10\/foto-CEM-768x593.jpeg 768w, https:\/\/agrupacionespsoe.es\/ponferrada\/wp-content\/uploads\/sites\/36\/2023\/10\/foto-CEM-1536x1186.jpeg 1536w, https:\/\/agrupacionespsoe.es\/ponferrada\/wp-content\/uploads\/sites\/36\/2023\/10\/foto-CEM.jpeg 1549w\" sizes=\"auto, (max-width: 1024px) 100vw, 1024px\" \/><\/figure>\n","protected":false},"excerpt":{"rendered":"<p>El PSOE se congratula de los anuncios que ha realizado el gobierno en la cumbre europea celebrada en Ponferrada El PSOE de Ponferrada ha querido salir al paso de las cr\u00edticas del presidente de la Junta Local del Partido Popular al hilo de la celebraci\u00f3n de una cumbre europea en la capital berciana sobre la &#8230;<\/p>\n","protected":false},"author":32,"featured_media":274,"comment_status":"open","ping_status":"open","sticky":false,"template":"","format":"standard","meta":{"_jetpack_memberships_contains_paid_content":false,"footnotes":""},"categories":[6],"tags":[],"class_list":["post-273","post","type-post","status-publish","format-standard","has-post-thumbnail","hentry","category-actualidad"],"yoast_head":"<!-- This site is optimized with the Yoast SEO plugin v24.0 - https:\/\/yoast.com\/wordpress\/plugins\/seo\/ -->\n<title>El PSOE vuelve a criticar el sectarismo del PP - Agrupaci\u00f3n Socialista de Ponferrada<\/title>\n<meta name=\"robots\" content=\"index, follow, max-snippet:-1, max-image-preview:large, max-video-preview:-1\" \/>\n<link rel=\"canonical\" href=\"https:\/\/agrupacionespsoe.es\/ponferrada\/el-psoe-vuelve-a-criticar-el-sectarismo-del-pp\/\" \/>\n<meta property=\"og:locale\" content=\"es_ES\" \/>\n<meta property=\"og:type\" content=\"article\" \/>\n<meta property=\"og:title\" content=\"El PSOE vuelve a criticar el sectarismo del PP - Agrupaci\u00f3n Socialista de Ponferrada\" \/>\n<meta property=\"og:description\" content=\"El PSOE se congratula de los anuncios que ha realizado el gobierno en la cumbre europea celebrada en Ponferrada El PSOE de Ponferrada ha querido salir al paso de las cr\u00edticas del presidente de la Junta Local del Partido Popular al hilo de la celebraci\u00f3n de una cumbre europea en la capital berciana sobre la ...\" \/>\n<meta property=\"og:url\" content=\"https:\/\/agrupacionespsoe.es\/ponferrada\/el-psoe-vuelve-a-criticar-el-sectarismo-del-pp\/\" \/>\n<meta property=\"og:site_name\" content=\"Agrupaci\u00f3n Socialista de Ponferrada\" \/>\n<meta property=\"article:published_time\" content=\"2023-10-30T08:22:47+00:00\" \/>\n<meta property=\"article:modified_time\" content=\"2023-10-30T08:22:48+00:00\" \/>\n<meta property=\"og:image\" content=\"https:\/\/agrupacionespsoe.es\/ponferrada\/wp-content\/uploads\/sites\/36\/2023\/10\/foto-CEM.jpeg\" \/>\n\t<meta property=\"og:image:width\" content=\"1549\" \/>\n\t<meta property=\"og:image:height\" content=\"1196\" \/>\n\t<meta property=\"og:image:type\" content=\"image\/jpeg\" \/>\n<meta name=\"author\" content=\"ponferrada2\" \/>\n<meta name=\"twitter:card\" content=\"summary_large_image\" \/>\n<meta name=\"twitter:label1\" content=\"Escrito por\" \/>\n\t<meta name=\"twitter:data1\" content=\"ponferrada2\" \/>\n\t<meta name=\"twitter:label2\" content=\"Tiempo de lectura\" \/>\n\t<meta name=\"twitter:data2\" content=\"4 minutos\" \/>\n<script type=\"application\/ld+json\" class=\"yoast-schema-graph\">{\"@context\":\"https:\/\/schema.org\",\"@graph\":[{\"@type\":\"Article\",\"@id\":\"https:\/\/agrupacionespsoe.es\/ponferrada\/el-psoe-vuelve-a-criticar-el-sectarismo-del-pp\/#article\",\"isPartOf\":{\"@id\":\"https:\/\/agrupacionespsoe.es\/ponferrada\/el-psoe-vuelve-a-criticar-el-sectarismo-del-pp\/\"},\"author\":{\"name\":\"ponferrada2\",\"@id\":\"https:\/\/agrupacionespsoe.es\/ponferrada\/#\/schema\/person\/cd29ee627f3b70c05d415f02596debaa\"},\"headline\":\"El PSOE vuelve a criticar el sectarismo del PP\",\"datePublished\":\"2023-10-30T08:22:47+00:00\",\"dateModified\":\"2023-10-30T08:22:48+00:00\",\"mainEntityOfPage\":{\"@id\":\"https:\/\/agrupacionespsoe.es\/ponferrada\/el-psoe-vuelve-a-criticar-el-sectarismo-del-pp\/\"},\"wordCount\":703,\"commentCount\":0,\"publisher\":{\"@id\":\"https:\/\/agrupacionespsoe.es\/ponferrada\/#organization\"},\"image\":{\"@id\":\"https:\/\/agrupacionespsoe.es\/ponferrada\/el-psoe-vuelve-a-criticar-el-sectarismo-del-pp\/#primaryimage\"},\"thumbnailUrl\":\"https:\/\/agrupacionespsoe.es\/ponferrada\/wp-content\/uploads\/sites\/36\/2023\/10\/foto-CEM.jpeg\",\"articleSection\":[\"ACTUALIDAD\"],\"inLanguage\":\"es\",\"potentialAction\":[{\"@type\":\"CommentAction\",\"name\":\"Comment\",\"target\":[\"https:\/\/agrupacionespsoe.es\/ponferrada\/el-psoe-vuelve-a-criticar-el-sectarismo-del-pp\/#respond\"]}]},{\"@type\":\"WebPage\",\"@id\":\"https:\/\/agrupacionespsoe.es\/ponferrada\/el-psoe-vuelve-a-criticar-el-sectarismo-del-pp\/\",\"url\":\"https:\/\/agrupacionespsoe.es\/ponferrada\/el-psoe-vuelve-a-criticar-el-sectarismo-del-pp\/\",\"name\":\"El PSOE vuelve a criticar el sectarismo del PP - Agrupaci\u00f3n Socialista de Ponferrada\",\"isPartOf\":{\"@id\":\"https:\/\/agrupacionespsoe.es\/ponferrada\/#website\"},\"primaryImageOfPage\":{\"@id\":\"https:\/\/agrupacionespsoe.es\/ponferrada\/el-psoe-vuelve-a-criticar-el-sectarismo-del-pp\/#primaryimage\"},\"image\":{\"@id\":\"https:\/\/agrupacionespsoe.es\/ponferrada\/el-psoe-vuelve-a-criticar-el-sectarismo-del-pp\/#primaryimage\"},\"thumbnailUrl\":\"https:\/\/agrupacionespsoe.es\/ponferrada\/wp-content\/uploads\/sites\/36\/2023\/10\/foto-CEM.jpeg\",\"datePublished\":\"2023-10-30T08:22:47+00:00\",\"dateModified\":\"2023-10-30T08:22:48+00:00\",\"breadcrumb\":{\"@id\":\"https:\/\/agrupacionespsoe.es\/ponferrada\/el-psoe-vuelve-a-criticar-el-sectarismo-del-pp\/#breadcrumb\"},\"inLanguage\":\"es\",\"potentialAction\":[{\"@type\":\"ReadAction\",\"target\":[\"https:\/\/agrupacionespsoe.es\/ponferrada\/el-psoe-vuelve-a-criticar-el-sectarismo-del-pp\/\"]}]},{\"@type\":\"ImageObject\",\"inLanguage\":\"es\",\"@id\":\"https:\/\/agrupacionespsoe.es\/ponferrada\/el-psoe-vuelve-a-criticar-el-sectarismo-del-pp\/#primaryimage\",\"url\":\"https:\/\/agrupacionespsoe.es\/ponferrada\/wp-content\/uploads\/sites\/36\/2023\/10\/foto-CEM.jpeg\",\"contentUrl\":\"https:\/\/agrupacionespsoe.es\/ponferrada\/wp-content\/uploads\/sites\/36\/2023\/10\/foto-CEM.jpeg\",\"width\":1549,\"height\":1196},{\"@type\":\"BreadcrumbList\",\"@id\":\"https:\/\/agrupacionespsoe.es\/ponferrada\/el-psoe-vuelve-a-criticar-el-sectarismo-del-pp\/#breadcrumb\",\"itemListElement\":[{\"@type\":\"ListItem\",\"position\":1,\"name\":\"Portada\",\"item\":\"https:\/\/agrupacionespsoe.es\/ponferrada\/\"},{\"@type\":\"ListItem\",\"position\":2,\"name\":\"El PSOE vuelve a criticar el sectarismo del PP\"}]},{\"@type\":\"WebSite\",\"@id\":\"https:\/\/agrupacionespsoe.es\/ponferrada\/#website\",\"url\":\"https:\/\/agrupacionespsoe.es\/ponferrada\/\",\"name\":\"Agrupaci\u00f3n Socialista de Ponferrada\",\"description\":\"Agrupaci\u00f3n Socialista de Ponferrada\",\"publisher\":{\"@id\":\"https:\/\/agrupacionespsoe.es\/ponferrada\/#organization\"},\"potentialAction\":[{\"@type\":\"SearchAction\",\"target\":{\"@type\":\"EntryPoint\",\"urlTemplate\":\"https:\/\/agrupacionespsoe.es\/ponferrada\/?s={search_term_string}\"},\"query-input\":{\"@type\":\"PropertyValueSpecification\",\"valueRequired\":true,\"valueName\":\"search_term_string\"}}],\"inLanguage\":\"es\"},{\"@type\":\"Organization\",\"@id\":\"https:\/\/agrupacionespsoe.es\/ponferrada\/#organization\",\"name\":\"Agrupaci\u00f3n Socialista de Ponferrada\",\"url\":\"https:\/\/agrupacionespsoe.es\/ponferrada\/\",\"logo\":{\"@type\":\"ImageObject\",\"inLanguage\":\"es\",\"@id\":\"https:\/\/agrupacionespsoe.es\/ponferrada\/#\/schema\/logo\/image\/\",\"url\":\"https:\/\/agrupacionespsoe.es\/wp-content\/uploads\/2022\/07\/Logotipo_electoral_del_PSOE.png\",\"contentUrl\":\"https:\/\/agrupacionespsoe.es\/wp-content\/uploads\/2022\/07\/Logotipo_electoral_del_PSOE.png\",\"width\":422,\"height\":422,\"caption\":\"Agrupaci\u00f3n Socialista de Ponferrada\"},\"image\":{\"@id\":\"https:\/\/agrupacionespsoe.es\/ponferrada\/#\/schema\/logo\/image\/\"}},{\"@type\":\"Person\",\"@id\":\"https:\/\/agrupacionespsoe.es\/ponferrada\/#\/schema\/person\/cd29ee627f3b70c05d415f02596debaa\",\"name\":\"ponferrada2\",\"image\":{\"@type\":\"ImageObject\",\"inLanguage\":\"es\",\"@id\":\"https:\/\/agrupacionespsoe.es\/ponferrada\/#\/schema\/person\/image\/\",\"url\":\"https:\/\/secure.gravatar.com\/avatar\/f499eeb60144c664cf7b7edf75549b50?s=96&d=mm&r=g\",\"contentUrl\":\"https:\/\/secure.gravatar.com\/avatar\/f499eeb60144c664cf7b7edf75549b50?s=96&d=mm&r=g\",\"caption\":\"ponferrada2\"},\"url\":\"https:\/\/agrupacionespsoe.es\/ponferrada\/author\/ponferrada2\/\"}]}<\/script>\n<!-- \/ Yoast SEO plugin. -->","yoast_head_json":{"title":"El PSOE vuelve a criticar el sectarismo del PP - Agrupaci\u00f3n Socialista de Ponferrada","robots":{"index":"index","follow":"follow","max-snippet":"max-snippet:-1","max-image-preview":"max-image-preview:large","max-video-preview":"max-video-preview:-1"},"canonical":"https:\/\/agrupacionespsoe.es\/ponferrada\/el-psoe-vuelve-a-criticar-el-sectarismo-del-pp\/","og_locale":"es_ES","og_type":"article","og_title":"El PSOE vuelve a criticar el sectarismo del PP - Agrupaci\u00f3n Socialista de Ponferrada","og_description":"El PSOE se congratula de los anuncios que ha realizado el gobierno en la cumbre europea celebrada en Ponferrada El PSOE de Ponferrada ha querido salir al paso de las cr\u00edticas del presidente de la Junta Local del Partido Popular al hilo de la celebraci\u00f3n de una cumbre europea en la capital berciana sobre la ...","og_url":"https:\/\/agrupacionespsoe.es\/ponferrada\/el-psoe-vuelve-a-criticar-el-sectarismo-del-pp\/","og_site_name":"Agrupaci\u00f3n Socialista de Ponferrada","article_published_time":"2023-10-30T08:22:47+00:00","article_modified_time":"2023-10-30T08:22:48+00:00","og_image":[{"width":1549,"height":1196,"url":"https:\/\/agrupacionespsoe.es\/ponferrada\/wp-content\/uploads\/sites\/36\/2023\/10\/foto-CEM.jpeg","type":"image\/jpeg"}],"author":"ponferrada2","twitter_card":"summary_large_image","twitter_misc":{"Escrito por":"ponferrada2","Tiempo de lectura":"4 minutos"},"schema":{"@context":"https:\/\/schema.org","@graph":[{"@type":"Article","@id":"https:\/\/agrupacionespsoe.es\/ponferrada\/el-psoe-vuelve-a-criticar-el-sectarismo-del-pp\/#article","isPartOf":{"@id":"https:\/\/agrupacionespsoe.es\/ponferrada\/el-psoe-vuelve-a-criticar-el-sectarismo-del-pp\/"},"author":{"name":"ponferrada2","@id":"https:\/\/agrupacionespsoe.es\/ponferrada\/#\/schema\/person\/cd29ee627f3b70c05d415f02596debaa"},"headline":"El PSOE vuelve a criticar el sectarismo del PP","datePublished":"2023-10-30T08:22:47+00:00","dateModified":"2023-10-30T08:22:48+00:00","mainEntityOfPage":{"@id":"https:\/\/agrupacionespsoe.es\/ponferrada\/el-psoe-vuelve-a-criticar-el-sectarismo-del-pp\/"},"wordCount":703,"commentCount":0,"publisher":{"@id":"https:\/\/agrupacionespsoe.es\/ponferrada\/#organization"},"image":{"@id":"https:\/\/agrupacionespsoe.es\/ponferrada\/el-psoe-vuelve-a-criticar-el-sectarismo-del-pp\/#primaryimage"},"thumbnailUrl":"https:\/\/agrupacionespsoe.es\/ponferrada\/wp-content\/uploads\/sites\/36\/2023\/10\/foto-CEM.jpeg","articleSection":["ACTUALIDAD"],"inLanguage":"es","potentialAction":[{"@type":"CommentAction","name":"Comment","target":["https:\/\/agrupacionespsoe.es\/ponferrada\/el-psoe-vuelve-a-criticar-el-sectarismo-del-pp\/#respond"]}]},{"@type":"WebPage","@id":"https:\/\/agrupacionespsoe.es\/ponferrada\/el-psoe-vuelve-a-criticar-el-sectarismo-del-pp\/","url":"https:\/\/agrupacionespsoe.es\/ponferrada\/el-psoe-vuelve-a-criticar-el-sectarismo-del-pp\/","name":"El PSOE vuelve a criticar el sectarismo del PP - Agrupaci\u00f3n Socialista de Ponferrada","isPartOf":{"@id":"https:\/\/agrupacionespsoe.es\/ponferrada\/#website"},"primaryImageOfPage":{"@id":"https:\/\/agrupacionespsoe.es\/ponferrada\/el-psoe-vuelve-a-criticar-el-sectarismo-del-pp\/#primaryimage"},"image":{"@id":"https:\/\/agrupacionespsoe.es\/ponferrada\/el-psoe-vuelve-a-criticar-el-sectarismo-del-pp\/#primaryimage"},"thumbnailUrl":"https:\/\/agrupacionespsoe.es\/ponferrada\/wp-content\/uploads\/sites\/36\/2023\/10\/foto-CEM.jpeg","datePublished":"2023-10-30T08:22:47+00:00","dateModified":"2023-10-30T08:22:48+00:00","breadcrumb":{"@id":"https:\/\/agrupacionespsoe.es\/ponferrada\/el-psoe-vuelve-a-criticar-el-sectarismo-del-pp\/#breadcrumb"},"inLanguage":"es","potentialAction":[{"@type":"ReadAction","target":["https:\/\/agrupacionespsoe.es\/ponferrada\/el-psoe-vuelve-a-criticar-el-sectarismo-del-pp\/"]}]},{"@type":"ImageObject","inLanguage":"es","@id":"https:\/\/agrupacionespsoe.es\/ponferrada\/el-psoe-vuelve-a-criticar-el-sectarismo-del-pp\/#primaryimage","url":"https:\/\/agrupacionespsoe.es\/ponferrada\/wp-content\/uploads\/sites\/36\/2023\/10\/foto-CEM.jpeg","contentUrl":"https:\/\/agrupacionespsoe.es\/ponferrada\/wp-content\/uploads\/sites\/36\/2023\/10\/foto-CEM.jpeg","width":1549,"height":1196},{"@type":"BreadcrumbList","@id":"https:\/\/agrupacionespsoe.es\/ponferrada\/el-psoe-vuelve-a-criticar-el-sectarismo-del-pp\/#breadcrumb","itemListElement":[{"@type":"ListItem","position":1,"name":"Portada","item":"https:\/\/agrupacionespsoe.es\/ponferrada\/"},{"@type":"ListItem","position":2,"name":"El PSOE vuelve a criticar el sectarismo del PP"}]},{"@type":"WebSite","@id":"https:\/\/agrupacionespsoe.es\/ponferrada\/#website","url":"https:\/\/agrupacionespsoe.es\/ponferrada\/","name":"Agrupaci\u00f3n Socialista de Ponferrada","description":"Agrupaci\u00f3n Socialista de Ponferrada","publisher":{"@id":"https:\/\/agrupacionespsoe.es\/ponferrada\/#organization"},"potentialAction":[{"@type":"SearchAction","target":{"@type":"EntryPoint","urlTemplate":"https:\/\/agrupacionespsoe.es\/ponferrada\/?s={search_term_string}"},"query-input":{"@type":"PropertyValueSpecification","valueRequired":true,"valueName":"search_term_string"}}],"inLanguage":"es"},{"@type":"Organization","@id":"https:\/\/agrupacionespsoe.es\/ponferrada\/#organization","name":"Agrupaci\u00f3n Socialista de Ponferrada","url":"https:\/\/agrupacionespsoe.es\/ponferrada\/","logo":{"@type":"ImageObject","inLanguage":"es","@id":"https:\/\/agrupacionespsoe.es\/ponferrada\/#\/schema\/logo\/image\/","url":"https:\/\/agrupacionespsoe.es\/wp-content\/uploads\/2022\/07\/Logotipo_electoral_del_PSOE.png","contentUrl":"https:\/\/agrupacionespsoe.es\/wp-content\/uploads\/2022\/07\/Logotipo_electoral_del_PSOE.png","width":422,"height":422,"caption":"Agrupaci\u00f3n Socialista de Ponferrada"},"image":{"@id":"https:\/\/agrupacionespsoe.es\/ponferrada\/#\/schema\/logo\/image\/"}},{"@type":"Person","@id":"https:\/\/agrupacionespsoe.es\/ponferrada\/#\/schema\/person\/cd29ee627f3b70c05d415f02596debaa","name":"ponferrada2","image":{"@type":"ImageObject","inLanguage":"es","@id":"https:\/\/agrupacionespsoe.es\/ponferrada\/#\/schema\/person\/image\/","url":"https:\/\/secure.gravatar.com\/avatar\/f499eeb60144c664cf7b7edf75549b50?s=96&d=mm&r=g","contentUrl":"https:\/\/secure.gravatar.com\/avatar\/f499eeb60144c664cf7b7edf75549b50?s=96&d=mm&r=g","caption":"ponferrada2"},"url":"https:\/\/agrupacionespsoe.es\/ponferrada\/author\/ponferrada2\/"}]}},"jetpack_featured_media_url":"https:\/\/agrupacionespsoe.es\/ponferrada\/wp-content\/uploads\/sites\/36\/2023\/10\/foto-CEM.jpeg","jetpack_sharing_enabled":true,"_links":{"self":[{"href":"https:\/\/agrupacionespsoe.es\/ponferrada\/wp-json\/wp\/v2\/posts\/273","targetHints":{"allow":["GET"]}}],"collection":[{"href":"https:\/\/agrupacionespsoe.es\/ponferrada\/wp-json\/wp\/v2\/posts"}],"about":[{"href":"https:\/\/agrupacionespsoe.es\/ponferrada\/wp-json\/wp\/v2\/types\/post"}],"author":[{"embeddable":true,"href":"https:\/\/agrupacionespsoe.es\/ponferrada\/wp-json\/wp\/v2\/users\/32"}],"replies":[{"embeddable":true,"href":"https:\/\/agrupacionespsoe.es\/ponferrada\/wp-json\/wp\/v2\/comments?post=273"}],"version-history":[{"count":1,"href":"https:\/\/agrupacionespsoe.es\/ponferrada\/wp-json\/wp\/v2\/posts\/273\/revisions"}],"predecessor-version":[{"id":275,"href":"https:\/\/agrupacionespsoe.es\/ponferrada\/wp-json\/wp\/v2\/posts\/273\/revisions\/275"}],"wp:featuredmedia":[{"embeddable":true,"href":"https:\/\/agrupacionespsoe.es\/ponferrada\/wp-json\/wp\/v2\/media\/274"}],"wp:attachment":[{"href":"https:\/\/agrupacionespsoe.es\/ponferrada\/wp-json\/wp\/v2\/media?parent=273"}],"wp:term":[{"taxonomy":"category","embeddable":true,"href":"https:\/\/agrupacionespsoe.es\/ponferrada\/wp-json\/wp\/v2\/categories?post=273"},{"taxonomy":"post_tag","embeddable":true,"href":"https:\/\/agrupacionespsoe.es\/ponferrada\/wp-json\/wp\/v2\/tags?post=273"}],"curies":[{"name":"wp","href":"https:\/\/api.w.org\/{rel}","templated":true}]}}