{"id":270,"date":"2023-10-27T17:02:26","date_gmt":"2023-10-27T17:02:26","guid":{"rendered":"https:\/\/agrupacionespsoe.es\/ponferrada\/?p=270"},"modified":"2023-10-30T08:23:15","modified_gmt":"2023-10-30T08:23:15","slug":"el-grupo-municipal-socialista-del-ayuntamiento-de-ponferrada-senala-que-asistimos-a-otro-pleno-de-tramite","status":"publish","type":"post","link":"https:\/\/agrupacionespsoe.es\/ponferrada\/el-grupo-municipal-socialista-del-ayuntamiento-de-ponferrada-senala-que-asistimos-a-otro-pleno-de-tramite\/","title":{"rendered":"El Grupo Municipal Socialista del Ayuntamiento de Ponferrada se\u00f1ala que asistimos a otro pleno de tr\u00e1mite."},"content":{"rendered":"\n<p><strong>\u201cCuatro meses gobernando y solo han aprobado asuntos menores y reparto de cargos\u201d.<\/strong><\/p>\n\n\n\n<p>Ponferrada, 27 de octubre de 2023<\/p>\n\n\n\n<p>Esta ma\u00f1ana ha tenido lugar el Pleno Ordinario del Ayuntamiento de Ponferrada, donde s\u00f3lo se aprobaron asuntos menores, que no inciden en el bienestar de la ciudadan\u00eda. Hemos asistido en estos meses a muchos anuncios de proyectos y de promesas pero no se percibe absolutamente nada en la calle.<\/p>\n\n\n\n<p>Y el Pleno de esta ma\u00f1ana es un ejemplo de esto, lo \u00fanico que se ha aprobado es un mero cambio de nombre en la subvenci\u00f3n de los bonos al consumo, una iniciativa puesta en marcha por el anterior equipo de gobierno, que adem\u00e1s fue aprobada el 10 de marzo de este a\u00f1o y que ha significado un revulsivo para el comercio local inyectando m\u00e1s de un mill\u00f3n de euros.<\/p>\n\n\n\n<p>Por lo dem\u00e1s, salvo el punto de agrupaci\u00f3n de los terrenos forestales de la J.V. de Valdefrancos, derivada de una petici\u00f3n de la propia junta vecinal, y que se trata de una actuaci\u00f3n que se ven\u00eda desarrollando de manera habitual en el anterior mandato, no hay nada rese\u00f1able para la ciudadan\u00eda. Lo \u00fanico que han demostrado con este punto es que cuando quieren los expedientes se agilizan y se ejecutan a diferencia de otros proyectos necesarios como es la bomba de agua de la Junta Vecinal de San Clemente de Valdueza, entre otros.<\/p>\n\n\n\n<p>Se ha tratado, en definitiva, de otro Pleno m\u00e1s donde se llevan puntos que afectan a las personas que forman parte del actual equipo de gobierno, es decir, asuntos de colocaci\u00f3n de personas en \u00f3rganos donde perciben dietas.<\/p>\n\n\n\n<p>El PSOE ha aprovechado el turno de ruegos y preguntas para interesarse por asuntos que quedaron pendientes y que en los \u00faltimos cuatro meses no se ha visto ning\u00fan avance y que inciden de manera positiva en la ciudadan\u00eda, como el Plan de Ordenaci\u00f3n de Montes o el acceso de La Llanada.<\/p>\n\n\n\n<p>Para finalizar, desde el PSOE consideramos que este comienzo de la legislatura va a ser perdido para la ciudadan\u00eda que no van a ver nada de las promesas que anuncia el actual equipo de gobierno. Al menos esperamos que acaben los proyectos iniciados por el PSOE y que dependen de plazos para recibir las subvenciones.<\/p>\n\n\n\n<figure class=\"wp-block-image size-large is-resized\"><img loading=\"lazy\" decoding=\"async\" src=\"https:\/\/agrupacionespsoe.es\/ponferrada\/wp-content\/uploads\/sites\/36\/2023\/10\/pleno-octubre-768x1024.jpg\" alt=\"\" class=\"wp-image-271\" width=\"631\" height=\"898\" \/><figcaption class=\"wp-element-caption\">Imagen del Pleno octubre 2023<\/figcaption><\/figure>\n","protected":false},"excerpt":{"rendered":"<p>\u201cCuatro meses gobernando y solo han aprobado asuntos menores y reparto de cargos\u201d. Ponferrada, 27 de octubre de 2023 Esta ma\u00f1ana ha tenido lugar el Pleno Ordinario del Ayuntamiento de Ponferrada, donde s\u00f3lo se aprobaron asuntos menores, que no inciden en el bienestar de la ciudadan\u00eda. Hemos asistido en estos meses a muchos anuncios de &#8230;<\/p>\n","protected":false},"author":32,"featured_media":271,"comment_status":"open","ping_status":"open","sticky":false,"template":"","format":"standard","meta":{"_jetpack_memberships_contains_paid_content":false,"footnotes":""},"categories":[6],"tags":[],"class_list":["post-270","post","type-post","status-publish","format-standard","has-post-thumbnail","hentry","category-actualidad"],"yoast_head":"<!-- This site is optimized with the Yoast SEO plugin v24.0 - https:\/\/yoast.com\/wordpress\/plugins\/seo\/ -->\n<title>El Grupo Municipal Socialista del Ayuntamiento de Ponferrada se\u00f1ala que asistimos a otro pleno de tr\u00e1mite. - Agrupaci\u00f3n Socialista de Ponferrada<\/title>\n<meta name=\"robots\" content=\"index, follow, max-snippet:-1, max-image-preview:large, max-video-preview:-1\" \/>\n<link rel=\"canonical\" href=\"https:\/\/agrupacionespsoe.es\/ponferrada\/el-grupo-municipal-socialista-del-ayuntamiento-de-ponferrada-senala-que-asistimos-a-otro-pleno-de-tramite\/\" \/>\n<meta property=\"og:locale\" content=\"es_ES\" \/>\n<meta property=\"og:type\" content=\"article\" \/>\n<meta property=\"og:title\" content=\"El Grupo Municipal Socialista del Ayuntamiento de Ponferrada se\u00f1ala que asistimos a otro pleno de tr\u00e1mite. - Agrupaci\u00f3n Socialista de Ponferrada\" \/>\n<meta property=\"og:description\" content=\"\u201cCuatro meses gobernando y solo han aprobado asuntos menores y reparto de cargos\u201d. Ponferrada, 27 de octubre de 2023 Esta ma\u00f1ana ha tenido lugar el Pleno Ordinario del Ayuntamiento de Ponferrada, donde s\u00f3lo se aprobaron asuntos menores, que no inciden en el bienestar de la ciudadan\u00eda. Hemos asistido en estos meses a muchos anuncios de ...\" \/>\n<meta property=\"og:url\" content=\"https:\/\/agrupacionespsoe.es\/ponferrada\/el-grupo-municipal-socialista-del-ayuntamiento-de-ponferrada-senala-que-asistimos-a-otro-pleno-de-tramite\/\" \/>\n<meta property=\"og:site_name\" content=\"Agrupaci\u00f3n Socialista de Ponferrada\" \/>\n<meta property=\"article:published_time\" content=\"2023-10-27T17:02:26+00:00\" \/>\n<meta property=\"article:modified_time\" content=\"2023-10-30T08:23:15+00:00\" \/>\n<meta property=\"og:image\" content=\"https:\/\/agrupacionespsoe.es\/ponferrada\/wp-content\/uploads\/sites\/36\/2023\/10\/pleno-octubre.jpg\" \/>\n\t<meta property=\"og:image:width\" content=\"1536\" \/>\n\t<meta property=\"og:image:height\" content=\"2048\" \/>\n\t<meta property=\"og:image:type\" content=\"image\/jpeg\" \/>\n<meta name=\"author\" content=\"ponferrada2\" \/>\n<meta name=\"twitter:card\" content=\"summary_large_image\" \/>\n<meta name=\"twitter:label1\" content=\"Escrito por\" \/>\n\t<meta name=\"twitter:data1\" content=\"ponferrada2\" \/>\n\t<meta name=\"twitter:label2\" content=\"Tiempo de lectura\" \/>\n\t<meta name=\"twitter:data2\" content=\"2 minutos\" \/>\n<script type=\"application\/ld+json\" class=\"yoast-schema-graph\">{\"@context\":\"https:\/\/schema.org\",\"@graph\":[{\"@type\":\"Article\",\"@id\":\"https:\/\/agrupacionespsoe.es\/ponferrada\/el-grupo-municipal-socialista-del-ayuntamiento-de-ponferrada-senala-que-asistimos-a-otro-pleno-de-tramite\/#article\",\"isPartOf\":{\"@id\":\"https:\/\/agrupacionespsoe.es\/ponferrada\/el-grupo-municipal-socialista-del-ayuntamiento-de-ponferrada-senala-que-asistimos-a-otro-pleno-de-tramite\/\"},\"author\":{\"name\":\"ponferrada2\",\"@id\":\"https:\/\/agrupacionespsoe.es\/ponferrada\/#\/schema\/person\/cd29ee627f3b70c05d415f02596debaa\"},\"headline\":\"El Grupo Municipal Socialista del Ayuntamiento de Ponferrada se\u00f1ala que asistimos a otro pleno de tr\u00e1mite.\",\"datePublished\":\"2023-10-27T17:02:26+00:00\",\"dateModified\":\"2023-10-30T08:23:15+00:00\",\"mainEntityOfPage\":{\"@id\":\"https:\/\/agrupacionespsoe.es\/ponferrada\/el-grupo-municipal-socialista-del-ayuntamiento-de-ponferrada-senala-que-asistimos-a-otro-pleno-de-tramite\/\"},\"wordCount\":418,\"commentCount\":0,\"publisher\":{\"@id\":\"https:\/\/agrupacionespsoe.es\/ponferrada\/#organization\"},\"image\":{\"@id\":\"https:\/\/agrupacionespsoe.es\/ponferrada\/el-grupo-municipal-socialista-del-ayuntamiento-de-ponferrada-senala-que-asistimos-a-otro-pleno-de-tramite\/#primaryimage\"},\"thumbnailUrl\":\"https:\/\/agrupacionespsoe.es\/ponferrada\/wp-content\/uploads\/sites\/36\/2023\/10\/pleno-octubre.jpg\",\"articleSection\":[\"ACTUALIDAD\"],\"inLanguage\":\"es\",\"potentialAction\":[{\"@type\":\"CommentAction\",\"name\":\"Comment\",\"target\":[\"https:\/\/agrupacionespsoe.es\/ponferrada\/el-grupo-municipal-socialista-del-ayuntamiento-de-ponferrada-senala-que-asistimos-a-otro-pleno-de-tramite\/#respond\"]}]},{\"@type\":\"WebPage\",\"@id\":\"https:\/\/agrupacionespsoe.es\/ponferrada\/el-grupo-municipal-socialista-del-ayuntamiento-de-ponferrada-senala-que-asistimos-a-otro-pleno-de-tramite\/\",\"url\":\"https:\/\/agrupacionespsoe.es\/ponferrada\/el-grupo-municipal-socialista-del-ayuntamiento-de-ponferrada-senala-que-asistimos-a-otro-pleno-de-tramite\/\",\"name\":\"El Grupo Municipal Socialista del Ayuntamiento de Ponferrada se\u00f1ala que asistimos a otro pleno de tr\u00e1mite. - Agrupaci\u00f3n Socialista de Ponferrada\",\"isPartOf\":{\"@id\":\"https:\/\/agrupacionespsoe.es\/ponferrada\/#website\"},\"primaryImageOfPage\":{\"@id\":\"https:\/\/agrupacionespsoe.es\/ponferrada\/el-grupo-municipal-socialista-del-ayuntamiento-de-ponferrada-senala-que-asistimos-a-otro-pleno-de-tramite\/#primaryimage\"},\"image\":{\"@id\":\"https:\/\/agrupacionespsoe.es\/ponferrada\/el-grupo-municipal-socialista-del-ayuntamiento-de-ponferrada-senala-que-asistimos-a-otro-pleno-de-tramite\/#primaryimage\"},\"thumbnailUrl\":\"https:\/\/agrupacionespsoe.es\/ponferrada\/wp-content\/uploads\/sites\/36\/2023\/10\/pleno-octubre.jpg\",\"datePublished\":\"2023-10-27T17:02:26+00:00\",\"dateModified\":\"2023-10-30T08:23:15+00:00\",\"breadcrumb\":{\"@id\":\"https:\/\/agrupacionespsoe.es\/ponferrada\/el-grupo-municipal-socialista-del-ayuntamiento-de-ponferrada-senala-que-asistimos-a-otro-pleno-de-tramite\/#breadcrumb\"},\"inLanguage\":\"es\",\"potentialAction\":[{\"@type\":\"ReadAction\",\"target\":[\"https:\/\/agrupacionespsoe.es\/ponferrada\/el-grupo-municipal-socialista-del-ayuntamiento-de-ponferrada-senala-que-asistimos-a-otro-pleno-de-tramite\/\"]}]},{\"@type\":\"ImageObject\",\"inLanguage\":\"es\",\"@id\":\"https:\/\/agrupacionespsoe.es\/ponferrada\/el-grupo-municipal-socialista-del-ayuntamiento-de-ponferrada-senala-que-asistimos-a-otro-pleno-de-tramite\/#primaryimage\",\"url\":\"https:\/\/agrupacionespsoe.es\/ponferrada\/wp-content\/uploads\/sites\/36\/2023\/10\/pleno-octubre.jpg\",\"contentUrl\":\"https:\/\/agrupacionespsoe.es\/ponferrada\/wp-content\/uploads\/sites\/36\/2023\/10\/pleno-octubre.jpg\",\"width\":1536,\"height\":2048},{\"@type\":\"BreadcrumbList\",\"@id\":\"https:\/\/agrupacionespsoe.es\/ponferrada\/el-grupo-municipal-socialista-del-ayuntamiento-de-ponferrada-senala-que-asistimos-a-otro-pleno-de-tramite\/#breadcrumb\",\"itemListElement\":[{\"@type\":\"ListItem\",\"position\":1,\"name\":\"Portada\",\"item\":\"https:\/\/agrupacionespsoe.es\/ponferrada\/\"},{\"@type\":\"ListItem\",\"position\":2,\"name\":\"El Grupo Municipal Socialista del Ayuntamiento de Ponferrada se\u00f1ala que asistimos a otro pleno de tr\u00e1mite.\"}]},{\"@type\":\"WebSite\",\"@id\":\"https:\/\/agrupacionespsoe.es\/ponferrada\/#website\",\"url\":\"https:\/\/agrupacionespsoe.es\/ponferrada\/\",\"name\":\"Agrupaci\u00f3n Socialista de Ponferrada\",\"description\":\"Agrupaci\u00f3n Socialista de Ponferrada\",\"publisher\":{\"@id\":\"https:\/\/agrupacionespsoe.es\/ponferrada\/#organization\"},\"potentialAction\":[{\"@type\":\"SearchAction\",\"target\":{\"@type\":\"EntryPoint\",\"urlTemplate\":\"https:\/\/agrupacionespsoe.es\/ponferrada\/?s={search_term_string}\"},\"query-input\":{\"@type\":\"PropertyValueSpecification\",\"valueRequired\":true,\"valueName\":\"search_term_string\"}}],\"inLanguage\":\"es\"},{\"@type\":\"Organization\",\"@id\":\"https:\/\/agrupacionespsoe.es\/ponferrada\/#organization\",\"name\":\"Agrupaci\u00f3n Socialista de Ponferrada\",\"url\":\"https:\/\/agrupacionespsoe.es\/ponferrada\/\",\"logo\":{\"@type\":\"ImageObject\",\"inLanguage\":\"es\",\"@id\":\"https:\/\/agrupacionespsoe.es\/ponferrada\/#\/schema\/logo\/image\/\",\"url\":\"https:\/\/agrupacionespsoe.es\/wp-content\/uploads\/2022\/07\/Logotipo_electoral_del_PSOE.png\",\"contentUrl\":\"https:\/\/agrupacionespsoe.es\/wp-content\/uploads\/2022\/07\/Logotipo_electoral_del_PSOE.png\",\"width\":422,\"height\":422,\"caption\":\"Agrupaci\u00f3n Socialista de Ponferrada\"},\"image\":{\"@id\":\"https:\/\/agrupacionespsoe.es\/ponferrada\/#\/schema\/logo\/image\/\"}},{\"@type\":\"Person\",\"@id\":\"https:\/\/agrupacionespsoe.es\/ponferrada\/#\/schema\/person\/cd29ee627f3b70c05d415f02596debaa\",\"name\":\"ponferrada2\",\"image\":{\"@type\":\"ImageObject\",\"inLanguage\":\"es\",\"@id\":\"https:\/\/agrupacionespsoe.es\/ponferrada\/#\/schema\/person\/image\/\",\"url\":\"https:\/\/secure.gravatar.com\/avatar\/f499eeb60144c664cf7b7edf75549b50?s=96&d=mm&r=g\",\"contentUrl\":\"https:\/\/secure.gravatar.com\/avatar\/f499eeb60144c664cf7b7edf75549b50?s=96&d=mm&r=g\",\"caption\":\"ponferrada2\"},\"url\":\"https:\/\/agrupacionespsoe.es\/ponferrada\/author\/ponferrada2\/\"}]}<\/script>\n<!-- \/ Yoast SEO plugin. -->","yoast_head_json":{"title":"El Grupo Municipal Socialista del Ayuntamiento de Ponferrada se\u00f1ala que asistimos a otro pleno de tr\u00e1mite. - Agrupaci\u00f3n Socialista de Ponferrada","robots":{"index":"index","follow":"follow","max-snippet":"max-snippet:-1","max-image-preview":"max-image-preview:large","max-video-preview":"max-video-preview:-1"},"canonical":"https:\/\/agrupacionespsoe.es\/ponferrada\/el-grupo-municipal-socialista-del-ayuntamiento-de-ponferrada-senala-que-asistimos-a-otro-pleno-de-tramite\/","og_locale":"es_ES","og_type":"article","og_title":"El Grupo Municipal Socialista del Ayuntamiento de Ponferrada se\u00f1ala que asistimos a otro pleno de tr\u00e1mite. - Agrupaci\u00f3n Socialista de Ponferrada","og_description":"\u201cCuatro meses gobernando y solo han aprobado asuntos menores y reparto de cargos\u201d. Ponferrada, 27 de octubre de 2023 Esta ma\u00f1ana ha tenido lugar el Pleno Ordinario del Ayuntamiento de Ponferrada, donde s\u00f3lo se aprobaron asuntos menores, que no inciden en el bienestar de la ciudadan\u00eda. Hemos asistido en estos meses a muchos anuncios de ...","og_url":"https:\/\/agrupacionespsoe.es\/ponferrada\/el-grupo-municipal-socialista-del-ayuntamiento-de-ponferrada-senala-que-asistimos-a-otro-pleno-de-tramite\/","og_site_name":"Agrupaci\u00f3n Socialista de Ponferrada","article_published_time":"2023-10-27T17:02:26+00:00","article_modified_time":"2023-10-30T08:23:15+00:00","og_image":[{"width":1536,"height":2048,"url":"https:\/\/agrupacionespsoe.es\/ponferrada\/wp-content\/uploads\/sites\/36\/2023\/10\/pleno-octubre.jpg","type":"image\/jpeg"}],"author":"ponferrada2","twitter_card":"summary_large_image","twitter_misc":{"Escrito por":"ponferrada2","Tiempo de lectura":"2 minutos"},"schema":{"@context":"https:\/\/schema.org","@graph":[{"@type":"Article","@id":"https:\/\/agrupacionespsoe.es\/ponferrada\/el-grupo-municipal-socialista-del-ayuntamiento-de-ponferrada-senala-que-asistimos-a-otro-pleno-de-tramite\/#article","isPartOf":{"@id":"https:\/\/agrupacionespsoe.es\/ponferrada\/el-grupo-municipal-socialista-del-ayuntamiento-de-ponferrada-senala-que-asistimos-a-otro-pleno-de-tramite\/"},"author":{"name":"ponferrada2","@id":"https:\/\/agrupacionespsoe.es\/ponferrada\/#\/schema\/person\/cd29ee627f3b70c05d415f02596debaa"},"headline":"El Grupo Municipal Socialista del Ayuntamiento de Ponferrada se\u00f1ala que asistimos a otro pleno de tr\u00e1mite.","datePublished":"2023-10-27T17:02:26+00:00","dateModified":"2023-10-30T08:23:15+00:00","mainEntityOfPage":{"@id":"https:\/\/agrupacionespsoe.es\/ponferrada\/el-grupo-municipal-socialista-del-ayuntamiento-de-ponferrada-senala-que-asistimos-a-otro-pleno-de-tramite\/"},"wordCount":418,"commentCount":0,"publisher":{"@id":"https:\/\/agrupacionespsoe.es\/ponferrada\/#organization"},"image":{"@id":"https:\/\/agrupacionespsoe.es\/ponferrada\/el-grupo-municipal-socialista-del-ayuntamiento-de-ponferrada-senala-que-asistimos-a-otro-pleno-de-tramite\/#primaryimage"},"thumbnailUrl":"https:\/\/agrupacionespsoe.es\/ponferrada\/wp-content\/uploads\/sites\/36\/2023\/10\/pleno-octubre.jpg","articleSection":["ACTUALIDAD"],"inLanguage":"es","potentialAction":[{"@type":"CommentAction","name":"Comment","target":["https:\/\/agrupacionespsoe.es\/ponferrada\/el-grupo-municipal-socialista-del-ayuntamiento-de-ponferrada-senala-que-asistimos-a-otro-pleno-de-tramite\/#respond"]}]},{"@type":"WebPage","@id":"https:\/\/agrupacionespsoe.es\/ponferrada\/el-grupo-municipal-socialista-del-ayuntamiento-de-ponferrada-senala-que-asistimos-a-otro-pleno-de-tramite\/","url":"https:\/\/agrupacionespsoe.es\/ponferrada\/el-grupo-municipal-socialista-del-ayuntamiento-de-ponferrada-senala-que-asistimos-a-otro-pleno-de-tramite\/","name":"El Grupo Municipal Socialista del Ayuntamiento de Ponferrada se\u00f1ala que asistimos a otro pleno de tr\u00e1mite. - Agrupaci\u00f3n Socialista de Ponferrada","isPartOf":{"@id":"https:\/\/agrupacionespsoe.es\/ponferrada\/#website"},"primaryImageOfPage":{"@id":"https:\/\/agrupacionespsoe.es\/ponferrada\/el-grupo-municipal-socialista-del-ayuntamiento-de-ponferrada-senala-que-asistimos-a-otro-pleno-de-tramite\/#primaryimage"},"image":{"@id":"https:\/\/agrupacionespsoe.es\/ponferrada\/el-grupo-municipal-socialista-del-ayuntamiento-de-ponferrada-senala-que-asistimos-a-otro-pleno-de-tramite\/#primaryimage"},"thumbnailUrl":"https:\/\/agrupacionespsoe.es\/ponferrada\/wp-content\/uploads\/sites\/36\/2023\/10\/pleno-octubre.jpg","datePublished":"2023-10-27T17:02:26+00:00","dateModified":"2023-10-30T08:23:15+00:00","breadcrumb":{"@id":"https:\/\/agrupacionespsoe.es\/ponferrada\/el-grupo-municipal-socialista-del-ayuntamiento-de-ponferrada-senala-que-asistimos-a-otro-pleno-de-tramite\/#breadcrumb"},"inLanguage":"es","potentialAction":[{"@type":"ReadAction","target":["https:\/\/agrupacionespsoe.es\/ponferrada\/el-grupo-municipal-socialista-del-ayuntamiento-de-ponferrada-senala-que-asistimos-a-otro-pleno-de-tramite\/"]}]},{"@type":"ImageObject","inLanguage":"es","@id":"https:\/\/agrupacionespsoe.es\/ponferrada\/el-grupo-municipal-socialista-del-ayuntamiento-de-ponferrada-senala-que-asistimos-a-otro-pleno-de-tramite\/#primaryimage","url":"https:\/\/agrupacionespsoe.es\/ponferrada\/wp-content\/uploads\/sites\/36\/2023\/10\/pleno-octubre.jpg","contentUrl":"https:\/\/agrupacionespsoe.es\/ponferrada\/wp-content\/uploads\/sites\/36\/2023\/10\/pleno-octubre.jpg","width":1536,"height":2048},{"@type":"BreadcrumbList","@id":"https:\/\/agrupacionespsoe.es\/ponferrada\/el-grupo-municipal-socialista-del-ayuntamiento-de-ponferrada-senala-que-asistimos-a-otro-pleno-de-tramite\/#breadcrumb","itemListElement":[{"@type":"ListItem","position":1,"name":"Portada","item":"https:\/\/agrupacionespsoe.es\/ponferrada\/"},{"@type":"ListItem","position":2,"name":"El Grupo Municipal Socialista del Ayuntamiento de Ponferrada se\u00f1ala que asistimos a otro pleno de tr\u00e1mite."}]},{"@type":"WebSite","@id":"https:\/\/agrupacionespsoe.es\/ponferrada\/#website","url":"https:\/\/agrupacionespsoe.es\/ponferrada\/","name":"Agrupaci\u00f3n Socialista de Ponferrada","description":"Agrupaci\u00f3n Socialista de Ponferrada","publisher":{"@id":"https:\/\/agrupacionespsoe.es\/ponferrada\/#organization"},"potentialAction":[{"@type":"SearchAction","target":{"@type":"EntryPoint","urlTemplate":"https:\/\/agrupacionespsoe.es\/ponferrada\/?s={search_term_string}"},"query-input":{"@type":"PropertyValueSpecification","valueRequired":true,"valueName":"search_term_string"}}],"inLanguage":"es"},{"@type":"Organization","@id":"https:\/\/agrupacionespsoe.es\/ponferrada\/#organization","name":"Agrupaci\u00f3n Socialista de Ponferrada","url":"https:\/\/agrupacionespsoe.es\/ponferrada\/","logo":{"@type":"ImageObject","inLanguage":"es","@id":"https:\/\/agrupacionespsoe.es\/ponferrada\/#\/schema\/logo\/image\/","url":"https:\/\/agrupacionespsoe.es\/wp-content\/uploads\/2022\/07\/Logotipo_electoral_del_PSOE.png","contentUrl":"https:\/\/agrupacionespsoe.es\/wp-content\/uploads\/2022\/07\/Logotipo_electoral_del_PSOE.png","width":422,"height":422,"caption":"Agrupaci\u00f3n Socialista de Ponferrada"},"image":{"@id":"https:\/\/agrupacionespsoe.es\/ponferrada\/#\/schema\/logo\/image\/"}},{"@type":"Person","@id":"https:\/\/agrupacionespsoe.es\/ponferrada\/#\/schema\/person\/cd29ee627f3b70c05d415f02596debaa","name":"ponferrada2","image":{"@type":"ImageObject","inLanguage":"es","@id":"https:\/\/agrupacionespsoe.es\/ponferrada\/#\/schema\/person\/image\/","url":"https:\/\/secure.gravatar.com\/avatar\/f499eeb60144c664cf7b7edf75549b50?s=96&d=mm&r=g","contentUrl":"https:\/\/secure.gravatar.com\/avatar\/f499eeb60144c664cf7b7edf75549b50?s=96&d=mm&r=g","caption":"ponferrada2"},"url":"https:\/\/agrupacionespsoe.es\/ponferrada\/author\/ponferrada2\/"}]}},"jetpack_featured_media_url":"https:\/\/agrupacionespsoe.es\/ponferrada\/wp-content\/uploads\/sites\/36\/2023\/10\/pleno-octubre.jpg","jetpack_sharing_enabled":true,"_links":{"self":[{"href":"https:\/\/agrupacionespsoe.es\/ponferrada\/wp-json\/wp\/v2\/posts\/270","targetHints":{"allow":["GET"]}}],"collection":[{"href":"https:\/\/agrupacionespsoe.es\/ponferrada\/wp-json\/wp\/v2\/posts"}],"about":[{"href":"https:\/\/agrupacionespsoe.es\/ponferrada\/wp-json\/wp\/v2\/types\/post"}],"author":[{"embeddable":true,"href":"https:\/\/agrupacionespsoe.es\/ponferrada\/wp-json\/wp\/v2\/users\/32"}],"replies":[{"embeddable":true,"href":"https:\/\/agrupacionespsoe.es\/ponferrada\/wp-json\/wp\/v2\/comments?post=270"}],"version-history":[{"count":1,"href":"https:\/\/agrupacionespsoe.es\/ponferrada\/wp-json\/wp\/v2\/posts\/270\/revisions"}],"predecessor-version":[{"id":272,"href":"https:\/\/agrupacionespsoe.es\/ponferrada\/wp-json\/wp\/v2\/posts\/270\/revisions\/272"}],"wp:featuredmedia":[{"embeddable":true,"href":"https:\/\/agrupacionespsoe.es\/ponferrada\/wp-json\/wp\/v2\/media\/271"}],"wp:attachment":[{"href":"https:\/\/agrupacionespsoe.es\/ponferrada\/wp-json\/wp\/v2\/media?parent=270"}],"wp:term":[{"taxonomy":"category","embeddable":true,"href":"https:\/\/agrupacionespsoe.es\/ponferrada\/wp-json\/wp\/v2\/categories?post=270"},{"taxonomy":"post_tag","embeddable":true,"href":"https:\/\/agrupacionespsoe.es\/ponferrada\/wp-json\/wp\/v2\/tags?post=270"}],"curies":[{"name":"wp","href":"https:\/\/api.w.org\/{rel}","templated":true}]}}