{"id":259,"date":"2023-10-20T11:20:36","date_gmt":"2023-10-20T11:20:36","guid":{"rendered":"https:\/\/agrupacionespsoe.es\/ponferrada\/?p=259"},"modified":"2023-10-20T11:25:49","modified_gmt":"2023-10-20T11:25:49","slug":"el-psoe-de-ponferrada-pide-al-pp-que-deje-de-gobernar-contra-el-psoe-y-gobierne-para-la-ciudadania","status":"publish","type":"post","link":"https:\/\/agrupacionespsoe.es\/ponferrada\/el-psoe-de-ponferrada-pide-al-pp-que-deje-de-gobernar-contra-el-psoe-y-gobierne-para-la-ciudadania\/","title":{"rendered":"El PSOE de Ponferrada pide al PP que deje de gobernar contra el PSOE y gobierne para la ciudadan\u00eda"},"content":{"rendered":"\n<p><strong>El PSOE de Ponferrada pide que las obras del nuevo centro de salud empiecen antes de finalizar este a\u00f1o.<\/strong><\/p>\n\n\n\n<p>El PSOE de Ponferrada ha celebrado este jueves la Asamblea ordinaria, en la que la ejecutiva municipal ha dado cuenta de su informe de gesti\u00f3n anual, la secretaria de organizaci\u00f3n Mabel Fern\u00e1ndez ha intervenido explicando y defendiendo la gesti\u00f3n realizada por este \u00f3rgano pol\u00edtico.<\/p>\n\n\n\n<p>Ayer se destac\u00f3 la calma que ha caracterizado la organizaci\u00f3n en los \u00faltimos a\u00f1os que ha dejado atr\u00e1s las luchas intestinas que hab\u00edan caracterizado a esta agrupaci\u00f3n, destacando la unidad de acci\u00f3n de la militancia as\u00ed como la incorporaci\u00f3n de nueva militancia a la agrupaci\u00f3n, mucha de ella j\u00f3venes que sin duda, dar\u00e1n impulso y continuidad al proyecto pol\u00edtico del PSOE .<\/p>\n\n\n\n<p>En otro de los puntos del orden del d\u00eda la asamblea de Ponferrada se ha adherido al manifiesto de apoyo a la gesti\u00f3n de Pedro S\u00e1nchez de los secretarios y secretarias provinciales y se ha puesto de manifiesto la necesidad de dialogar y de buscar apoyos para salir de esta situaci\u00f3n de p\u00e9rdida de tiempo y bloqueo que ha provocado el partido popular con la investidura fallida del Sr. Nu\u00f1ez Feijo\u00f3 y su alianza con la ultraderecha.<\/p>\n\n\n\n<figure class=\"wp-block-image size-large\"><img loading=\"lazy\" decoding=\"async\" width=\"1024\" height=\"768\" src=\"https:\/\/agrupacionespsoe.es\/ponferrada\/wp-content\/uploads\/sites\/36\/2023\/10\/WhatsApp-Image-2023-10-20-at-13.18.49-1024x768.jpeg\" alt=\"\" class=\"wp-image-260\" srcset=\"https:\/\/agrupacionespsoe.es\/ponferrada\/wp-content\/uploads\/sites\/36\/2023\/10\/WhatsApp-Image-2023-10-20-at-13.18.49-1024x768.jpeg 1024w, https:\/\/agrupacionespsoe.es\/ponferrada\/wp-content\/uploads\/sites\/36\/2023\/10\/WhatsApp-Image-2023-10-20-at-13.18.49-300x225.jpeg 300w, https:\/\/agrupacionespsoe.es\/ponferrada\/wp-content\/uploads\/sites\/36\/2023\/10\/WhatsApp-Image-2023-10-20-at-13.18.49-768x576.jpeg 768w, https:\/\/agrupacionespsoe.es\/ponferrada\/wp-content\/uploads\/sites\/36\/2023\/10\/WhatsApp-Image-2023-10-20-at-13.18.49-1536x1152.jpeg 1536w, https:\/\/agrupacionespsoe.es\/ponferrada\/wp-content\/uploads\/sites\/36\/2023\/10\/WhatsApp-Image-2023-10-20-at-13.18.49.jpeg 2000w\" sizes=\"auto, (max-width: 1024px) 100vw, 1024px\" \/><\/figure>\n\n\n\n<p>Adem\u00e1s el PSOE ha aprobado dos resoluciones pol\u00edticas sobre asuntos que ata\u00f1en y preocupan a la ciudadan\u00eda ponferradina.<\/p>\n\n\n\n<p>La primera sobre la falta de transparencia e informaci\u00f3n que est\u00e1 caracterizando el trabajo del equipo de gobierno en el ayuntamiento de Ponferrada. Donde se toman decisiones que afectan a la ciudadan\u00eda, sin consultar, sin buscar la participaci\u00f3n de la misma y sin informarles posteriormente de la situaci\u00f3n real de los asuntos. Se trata de una pol\u00edtica municipal que trata de deshacer y echar por tierra todo el trabajo del anterior equipo de gobierno aunque afecte de manera negativa a la ciudadan\u00eda, se ha visto con la apertura al tr\u00e1fico de la C. Real, el anuncio de la modificaci\u00f3n de la ordenanza de terrazas, la retirada de las inversiones para las pedan\u00edas que gobierna el PSOE, el anuncio de la intenci\u00f3n de privatizar el servicio de parques y jardines, el cambio en la ubicaci\u00f3n del centro de salud de la zona alta o de la renuncia de construir una playa fluvial. Pidi\u00e9ndole al PP que deje de gobernar contra el PSOE y hacer oposici\u00f3n a la oposici\u00f3n y gobierne para toda la ciudadan\u00eda.<\/p>\n\n\n\n<p>Y la otra resoluci\u00f3n versa sobre el rechazo del PSOE a la ubicaci\u00f3n propuesta por el Alcalde del nuevo centro de salud de la zona alta de Ponferrada. Desde el PSOE, volvemos a denunciar que este anuncio solo sirve para retrasar el inicio de los tr\u00e1mites para empezar con la construcci\u00f3n de unas instalaciones nuevas que son necesarias para los usuarios del centro de salud. Se pone de manifiesto que ya son muchos los enga\u00f1os, las expectativas incumplidas y las frustraciones que en materia de dotaciones sanitarias hemos sufrido los y las ponferradinas con el PP de la Junta de Castilla y Le\u00f3n y pedimos que se respete la ubicaci\u00f3n inicial para que se puedan iniciar las obras del nuevo centro de salud antes de la finalizaci\u00f3n de este a\u00f1o y no se tenga que volver a empezar de cero.<\/p>\n\n\n\n<figure class=\"wp-block-image size-large\"><img loading=\"lazy\" decoding=\"async\" width=\"1024\" height=\"768\" src=\"https:\/\/agrupacionespsoe.es\/ponferrada\/wp-content\/uploads\/sites\/36\/2023\/10\/WhatsApp-Image-2023-10-20-at-13.19.01-1024x768.jpeg\" alt=\"\" class=\"wp-image-262\" srcset=\"https:\/\/agrupacionespsoe.es\/ponferrada\/wp-content\/uploads\/sites\/36\/2023\/10\/WhatsApp-Image-2023-10-20-at-13.19.01-1024x768.jpeg 1024w, https:\/\/agrupacionespsoe.es\/ponferrada\/wp-content\/uploads\/sites\/36\/2023\/10\/WhatsApp-Image-2023-10-20-at-13.19.01-300x225.jpeg 300w, https:\/\/agrupacionespsoe.es\/ponferrada\/wp-content\/uploads\/sites\/36\/2023\/10\/WhatsApp-Image-2023-10-20-at-13.19.01-768x576.jpeg 768w, https:\/\/agrupacionespsoe.es\/ponferrada\/wp-content\/uploads\/sites\/36\/2023\/10\/WhatsApp-Image-2023-10-20-at-13.19.01-1536x1152.jpeg 1536w, https:\/\/agrupacionespsoe.es\/ponferrada\/wp-content\/uploads\/sites\/36\/2023\/10\/WhatsApp-Image-2023-10-20-at-13.19.01.jpeg 2000w\" sizes=\"auto, (max-width: 1024px) 100vw, 1024px\" \/><\/figure>\n\n\n\n<p><\/p>\n","protected":false},"excerpt":{"rendered":"<p>El PSOE de Ponferrada pide que las obras del nuevo centro de salud empiecen antes de finalizar este a\u00f1o. El PSOE de Ponferrada ha celebrado este jueves la Asamblea ordinaria, en la que la ejecutiva municipal ha dado cuenta de su informe de gesti\u00f3n anual, la secretaria de organizaci\u00f3n Mabel Fern\u00e1ndez ha intervenido explicando y &#8230;<\/p>\n","protected":false},"author":32,"featured_media":266,"comment_status":"open","ping_status":"open","sticky":true,"template":"","format":"standard","meta":{"_jetpack_memberships_contains_paid_content":false,"footnotes":""},"categories":[6],"tags":[],"class_list":["post-259","post","type-post","status-publish","format-standard","has-post-thumbnail","hentry","category-actualidad"],"yoast_head":"<!-- This site is optimized with the Yoast SEO plugin v24.0 - https:\/\/yoast.com\/wordpress\/plugins\/seo\/ -->\n<title>El PSOE de Ponferrada pide al PP que deje de gobernar contra el PSOE y gobierne para la ciudadan\u00eda - Agrupaci\u00f3n Socialista de Ponferrada<\/title>\n<meta name=\"robots\" content=\"index, follow, max-snippet:-1, max-image-preview:large, max-video-preview:-1\" \/>\n<link rel=\"canonical\" href=\"https:\/\/agrupacionespsoe.es\/ponferrada\/el-psoe-de-ponferrada-pide-al-pp-que-deje-de-gobernar-contra-el-psoe-y-gobierne-para-la-ciudadania\/\" \/>\n<meta property=\"og:locale\" content=\"es_ES\" \/>\n<meta property=\"og:type\" content=\"article\" \/>\n<meta property=\"og:title\" content=\"El PSOE de Ponferrada pide al PP que deje de gobernar contra el PSOE y gobierne para la ciudadan\u00eda - Agrupaci\u00f3n Socialista de Ponferrada\" \/>\n<meta property=\"og:description\" content=\"El PSOE de Ponferrada pide que las obras del nuevo centro de salud empiecen antes de finalizar este a\u00f1o. El PSOE de Ponferrada ha celebrado este jueves la Asamblea ordinaria, en la que la ejecutiva municipal ha dado cuenta de su informe de gesti\u00f3n anual, la secretaria de organizaci\u00f3n Mabel Fern\u00e1ndez ha intervenido explicando y ...\" \/>\n<meta property=\"og:url\" content=\"https:\/\/agrupacionespsoe.es\/ponferrada\/el-psoe-de-ponferrada-pide-al-pp-que-deje-de-gobernar-contra-el-psoe-y-gobierne-para-la-ciudadania\/\" \/>\n<meta property=\"og:site_name\" content=\"Agrupaci\u00f3n Socialista de Ponferrada\" \/>\n<meta property=\"article:published_time\" content=\"2023-10-20T11:20:36+00:00\" \/>\n<meta property=\"article:modified_time\" content=\"2023-10-20T11:25:49+00:00\" \/>\n<meta property=\"og:image\" content=\"https:\/\/agrupacionespsoe.es\/ponferrada\/wp-content\/uploads\/sites\/36\/2023\/10\/IMG-8520-1-scaled.jpg\" \/>\n\t<meta property=\"og:image:width\" content=\"2560\" \/>\n\t<meta property=\"og:image:height\" content=\"1920\" \/>\n\t<meta property=\"og:image:type\" content=\"image\/jpeg\" \/>\n<meta name=\"author\" content=\"ponferrada2\" \/>\n<meta name=\"twitter:card\" content=\"summary_large_image\" \/>\n<meta name=\"twitter:label1\" content=\"Escrito por\" \/>\n\t<meta name=\"twitter:data1\" content=\"ponferrada2\" \/>\n\t<meta name=\"twitter:label2\" content=\"Tiempo de lectura\" \/>\n\t<meta name=\"twitter:data2\" content=\"3 minutos\" \/>\n<script type=\"application\/ld+json\" class=\"yoast-schema-graph\">{\"@context\":\"https:\/\/schema.org\",\"@graph\":[{\"@type\":\"Article\",\"@id\":\"https:\/\/agrupacionespsoe.es\/ponferrada\/el-psoe-de-ponferrada-pide-al-pp-que-deje-de-gobernar-contra-el-psoe-y-gobierne-para-la-ciudadania\/#article\",\"isPartOf\":{\"@id\":\"https:\/\/agrupacionespsoe.es\/ponferrada\/el-psoe-de-ponferrada-pide-al-pp-que-deje-de-gobernar-contra-el-psoe-y-gobierne-para-la-ciudadania\/\"},\"author\":{\"name\":\"ponferrada2\",\"@id\":\"https:\/\/agrupacionespsoe.es\/ponferrada\/#\/schema\/person\/cd29ee627f3b70c05d415f02596debaa\"},\"headline\":\"El PSOE de Ponferrada pide al PP que deje de gobernar contra el PSOE y gobierne para la ciudadan\u00eda\",\"datePublished\":\"2023-10-20T11:20:36+00:00\",\"dateModified\":\"2023-10-20T11:25:49+00:00\",\"mainEntityOfPage\":{\"@id\":\"https:\/\/agrupacionespsoe.es\/ponferrada\/el-psoe-de-ponferrada-pide-al-pp-que-deje-de-gobernar-contra-el-psoe-y-gobierne-para-la-ciudadania\/\"},\"wordCount\":603,\"commentCount\":0,\"publisher\":{\"@id\":\"https:\/\/agrupacionespsoe.es\/ponferrada\/#organization\"},\"image\":{\"@id\":\"https:\/\/agrupacionespsoe.es\/ponferrada\/el-psoe-de-ponferrada-pide-al-pp-que-deje-de-gobernar-contra-el-psoe-y-gobierne-para-la-ciudadania\/#primaryimage\"},\"thumbnailUrl\":\"https:\/\/agrupacionespsoe.es\/ponferrada\/wp-content\/uploads\/sites\/36\/2023\/10\/IMG-8520-1-scaled.jpg\",\"articleSection\":[\"ACTUALIDAD\"],\"inLanguage\":\"es\",\"potentialAction\":[{\"@type\":\"CommentAction\",\"name\":\"Comment\",\"target\":[\"https:\/\/agrupacionespsoe.es\/ponferrada\/el-psoe-de-ponferrada-pide-al-pp-que-deje-de-gobernar-contra-el-psoe-y-gobierne-para-la-ciudadania\/#respond\"]}]},{\"@type\":\"WebPage\",\"@id\":\"https:\/\/agrupacionespsoe.es\/ponferrada\/el-psoe-de-ponferrada-pide-al-pp-que-deje-de-gobernar-contra-el-psoe-y-gobierne-para-la-ciudadania\/\",\"url\":\"https:\/\/agrupacionespsoe.es\/ponferrada\/el-psoe-de-ponferrada-pide-al-pp-que-deje-de-gobernar-contra-el-psoe-y-gobierne-para-la-ciudadania\/\",\"name\":\"El PSOE de Ponferrada pide al PP que deje de gobernar contra el PSOE y gobierne para la ciudadan\u00eda - Agrupaci\u00f3n Socialista de Ponferrada\",\"isPartOf\":{\"@id\":\"https:\/\/agrupacionespsoe.es\/ponferrada\/#website\"},\"primaryImageOfPage\":{\"@id\":\"https:\/\/agrupacionespsoe.es\/ponferrada\/el-psoe-de-ponferrada-pide-al-pp-que-deje-de-gobernar-contra-el-psoe-y-gobierne-para-la-ciudadania\/#primaryimage\"},\"image\":{\"@id\":\"https:\/\/agrupacionespsoe.es\/ponferrada\/el-psoe-de-ponferrada-pide-al-pp-que-deje-de-gobernar-contra-el-psoe-y-gobierne-para-la-ciudadania\/#primaryimage\"},\"thumbnailUrl\":\"https:\/\/agrupacionespsoe.es\/ponferrada\/wp-content\/uploads\/sites\/36\/2023\/10\/IMG-8520-1-scaled.jpg\",\"datePublished\":\"2023-10-20T11:20:36+00:00\",\"dateModified\":\"2023-10-20T11:25:49+00:00\",\"breadcrumb\":{\"@id\":\"https:\/\/agrupacionespsoe.es\/ponferrada\/el-psoe-de-ponferrada-pide-al-pp-que-deje-de-gobernar-contra-el-psoe-y-gobierne-para-la-ciudadania\/#breadcrumb\"},\"inLanguage\":\"es\",\"potentialAction\":[{\"@type\":\"ReadAction\",\"target\":[\"https:\/\/agrupacionespsoe.es\/ponferrada\/el-psoe-de-ponferrada-pide-al-pp-que-deje-de-gobernar-contra-el-psoe-y-gobierne-para-la-ciudadania\/\"]}]},{\"@type\":\"ImageObject\",\"inLanguage\":\"es\",\"@id\":\"https:\/\/agrupacionespsoe.es\/ponferrada\/el-psoe-de-ponferrada-pide-al-pp-que-deje-de-gobernar-contra-el-psoe-y-gobierne-para-la-ciudadania\/#primaryimage\",\"url\":\"https:\/\/agrupacionespsoe.es\/ponferrada\/wp-content\/uploads\/sites\/36\/2023\/10\/IMG-8520-1-scaled.jpg\",\"contentUrl\":\"https:\/\/agrupacionespsoe.es\/ponferrada\/wp-content\/uploads\/sites\/36\/2023\/10\/IMG-8520-1-scaled.jpg\",\"width\":2560,\"height\":1920},{\"@type\":\"BreadcrumbList\",\"@id\":\"https:\/\/agrupacionespsoe.es\/ponferrada\/el-psoe-de-ponferrada-pide-al-pp-que-deje-de-gobernar-contra-el-psoe-y-gobierne-para-la-ciudadania\/#breadcrumb\",\"itemListElement\":[{\"@type\":\"ListItem\",\"position\":1,\"name\":\"Portada\",\"item\":\"https:\/\/agrupacionespsoe.es\/ponferrada\/\"},{\"@type\":\"ListItem\",\"position\":2,\"name\":\"El PSOE de Ponferrada pide al PP que deje de gobernar contra el PSOE y gobierne para la ciudadan\u00eda\"}]},{\"@type\":\"WebSite\",\"@id\":\"https:\/\/agrupacionespsoe.es\/ponferrada\/#website\",\"url\":\"https:\/\/agrupacionespsoe.es\/ponferrada\/\",\"name\":\"Agrupaci\u00f3n Socialista de Ponferrada\",\"description\":\"Agrupaci\u00f3n Socialista de Ponferrada\",\"publisher\":{\"@id\":\"https:\/\/agrupacionespsoe.es\/ponferrada\/#organization\"},\"potentialAction\":[{\"@type\":\"SearchAction\",\"target\":{\"@type\":\"EntryPoint\",\"urlTemplate\":\"https:\/\/agrupacionespsoe.es\/ponferrada\/?s={search_term_string}\"},\"query-input\":{\"@type\":\"PropertyValueSpecification\",\"valueRequired\":true,\"valueName\":\"search_term_string\"}}],\"inLanguage\":\"es\"},{\"@type\":\"Organization\",\"@id\":\"https:\/\/agrupacionespsoe.es\/ponferrada\/#organization\",\"name\":\"Agrupaci\u00f3n Socialista de Ponferrada\",\"url\":\"https:\/\/agrupacionespsoe.es\/ponferrada\/\",\"logo\":{\"@type\":\"ImageObject\",\"inLanguage\":\"es\",\"@id\":\"https:\/\/agrupacionespsoe.es\/ponferrada\/#\/schema\/logo\/image\/\",\"url\":\"https:\/\/agrupacionespsoe.es\/wp-content\/uploads\/2022\/07\/Logotipo_electoral_del_PSOE.png\",\"contentUrl\":\"https:\/\/agrupacionespsoe.es\/wp-content\/uploads\/2022\/07\/Logotipo_electoral_del_PSOE.png\",\"width\":422,\"height\":422,\"caption\":\"Agrupaci\u00f3n Socialista de Ponferrada\"},\"image\":{\"@id\":\"https:\/\/agrupacionespsoe.es\/ponferrada\/#\/schema\/logo\/image\/\"}},{\"@type\":\"Person\",\"@id\":\"https:\/\/agrupacionespsoe.es\/ponferrada\/#\/schema\/person\/cd29ee627f3b70c05d415f02596debaa\",\"name\":\"ponferrada2\",\"image\":{\"@type\":\"ImageObject\",\"inLanguage\":\"es\",\"@id\":\"https:\/\/agrupacionespsoe.es\/ponferrada\/#\/schema\/person\/image\/\",\"url\":\"https:\/\/secure.gravatar.com\/avatar\/f499eeb60144c664cf7b7edf75549b50?s=96&d=mm&r=g\",\"contentUrl\":\"https:\/\/secure.gravatar.com\/avatar\/f499eeb60144c664cf7b7edf75549b50?s=96&d=mm&r=g\",\"caption\":\"ponferrada2\"},\"url\":\"https:\/\/agrupacionespsoe.es\/ponferrada\/author\/ponferrada2\/\"}]}<\/script>\n<!-- \/ Yoast SEO plugin. -->","yoast_head_json":{"title":"El PSOE de Ponferrada pide al PP que deje de gobernar contra el PSOE y gobierne para la ciudadan\u00eda - Agrupaci\u00f3n Socialista de Ponferrada","robots":{"index":"index","follow":"follow","max-snippet":"max-snippet:-1","max-image-preview":"max-image-preview:large","max-video-preview":"max-video-preview:-1"},"canonical":"https:\/\/agrupacionespsoe.es\/ponferrada\/el-psoe-de-ponferrada-pide-al-pp-que-deje-de-gobernar-contra-el-psoe-y-gobierne-para-la-ciudadania\/","og_locale":"es_ES","og_type":"article","og_title":"El PSOE de Ponferrada pide al PP que deje de gobernar contra el PSOE y gobierne para la ciudadan\u00eda - Agrupaci\u00f3n Socialista de Ponferrada","og_description":"El PSOE de Ponferrada pide que las obras del nuevo centro de salud empiecen antes de finalizar este a\u00f1o. El PSOE de Ponferrada ha celebrado este jueves la Asamblea ordinaria, en la que la ejecutiva municipal ha dado cuenta de su informe de gesti\u00f3n anual, la secretaria de organizaci\u00f3n Mabel Fern\u00e1ndez ha intervenido explicando y ...","og_url":"https:\/\/agrupacionespsoe.es\/ponferrada\/el-psoe-de-ponferrada-pide-al-pp-que-deje-de-gobernar-contra-el-psoe-y-gobierne-para-la-ciudadania\/","og_site_name":"Agrupaci\u00f3n Socialista de Ponferrada","article_published_time":"2023-10-20T11:20:36+00:00","article_modified_time":"2023-10-20T11:25:49+00:00","og_image":[{"width":2560,"height":1920,"url":"https:\/\/agrupacionespsoe.es\/ponferrada\/wp-content\/uploads\/sites\/36\/2023\/10\/IMG-8520-1-scaled.jpg","type":"image\/jpeg"}],"author":"ponferrada2","twitter_card":"summary_large_image","twitter_misc":{"Escrito por":"ponferrada2","Tiempo de lectura":"3 minutos"},"schema":{"@context":"https:\/\/schema.org","@graph":[{"@type":"Article","@id":"https:\/\/agrupacionespsoe.es\/ponferrada\/el-psoe-de-ponferrada-pide-al-pp-que-deje-de-gobernar-contra-el-psoe-y-gobierne-para-la-ciudadania\/#article","isPartOf":{"@id":"https:\/\/agrupacionespsoe.es\/ponferrada\/el-psoe-de-ponferrada-pide-al-pp-que-deje-de-gobernar-contra-el-psoe-y-gobierne-para-la-ciudadania\/"},"author":{"name":"ponferrada2","@id":"https:\/\/agrupacionespsoe.es\/ponferrada\/#\/schema\/person\/cd29ee627f3b70c05d415f02596debaa"},"headline":"El PSOE de Ponferrada pide al PP que deje de gobernar contra el PSOE y gobierne para la ciudadan\u00eda","datePublished":"2023-10-20T11:20:36+00:00","dateModified":"2023-10-20T11:25:49+00:00","mainEntityOfPage":{"@id":"https:\/\/agrupacionespsoe.es\/ponferrada\/el-psoe-de-ponferrada-pide-al-pp-que-deje-de-gobernar-contra-el-psoe-y-gobierne-para-la-ciudadania\/"},"wordCount":603,"commentCount":0,"publisher":{"@id":"https:\/\/agrupacionespsoe.es\/ponferrada\/#organization"},"image":{"@id":"https:\/\/agrupacionespsoe.es\/ponferrada\/el-psoe-de-ponferrada-pide-al-pp-que-deje-de-gobernar-contra-el-psoe-y-gobierne-para-la-ciudadania\/#primaryimage"},"thumbnailUrl":"https:\/\/agrupacionespsoe.es\/ponferrada\/wp-content\/uploads\/sites\/36\/2023\/10\/IMG-8520-1-scaled.jpg","articleSection":["ACTUALIDAD"],"inLanguage":"es","potentialAction":[{"@type":"CommentAction","name":"Comment","target":["https:\/\/agrupacionespsoe.es\/ponferrada\/el-psoe-de-ponferrada-pide-al-pp-que-deje-de-gobernar-contra-el-psoe-y-gobierne-para-la-ciudadania\/#respond"]}]},{"@type":"WebPage","@id":"https:\/\/agrupacionespsoe.es\/ponferrada\/el-psoe-de-ponferrada-pide-al-pp-que-deje-de-gobernar-contra-el-psoe-y-gobierne-para-la-ciudadania\/","url":"https:\/\/agrupacionespsoe.es\/ponferrada\/el-psoe-de-ponferrada-pide-al-pp-que-deje-de-gobernar-contra-el-psoe-y-gobierne-para-la-ciudadania\/","name":"El PSOE de Ponferrada pide al PP que deje de gobernar contra el PSOE y gobierne para la ciudadan\u00eda - Agrupaci\u00f3n Socialista de Ponferrada","isPartOf":{"@id":"https:\/\/agrupacionespsoe.es\/ponferrada\/#website"},"primaryImageOfPage":{"@id":"https:\/\/agrupacionespsoe.es\/ponferrada\/el-psoe-de-ponferrada-pide-al-pp-que-deje-de-gobernar-contra-el-psoe-y-gobierne-para-la-ciudadania\/#primaryimage"},"image":{"@id":"https:\/\/agrupacionespsoe.es\/ponferrada\/el-psoe-de-ponferrada-pide-al-pp-que-deje-de-gobernar-contra-el-psoe-y-gobierne-para-la-ciudadania\/#primaryimage"},"thumbnailUrl":"https:\/\/agrupacionespsoe.es\/ponferrada\/wp-content\/uploads\/sites\/36\/2023\/10\/IMG-8520-1-scaled.jpg","datePublished":"2023-10-20T11:20:36+00:00","dateModified":"2023-10-20T11:25:49+00:00","breadcrumb":{"@id":"https:\/\/agrupacionespsoe.es\/ponferrada\/el-psoe-de-ponferrada-pide-al-pp-que-deje-de-gobernar-contra-el-psoe-y-gobierne-para-la-ciudadania\/#breadcrumb"},"inLanguage":"es","potentialAction":[{"@type":"ReadAction","target":["https:\/\/agrupacionespsoe.es\/ponferrada\/el-psoe-de-ponferrada-pide-al-pp-que-deje-de-gobernar-contra-el-psoe-y-gobierne-para-la-ciudadania\/"]}]},{"@type":"ImageObject","inLanguage":"es","@id":"https:\/\/agrupacionespsoe.es\/ponferrada\/el-psoe-de-ponferrada-pide-al-pp-que-deje-de-gobernar-contra-el-psoe-y-gobierne-para-la-ciudadania\/#primaryimage","url":"https:\/\/agrupacionespsoe.es\/ponferrada\/wp-content\/uploads\/sites\/36\/2023\/10\/IMG-8520-1-scaled.jpg","contentUrl":"https:\/\/agrupacionespsoe.es\/ponferrada\/wp-content\/uploads\/sites\/36\/2023\/10\/IMG-8520-1-scaled.jpg","width":2560,"height":1920},{"@type":"BreadcrumbList","@id":"https:\/\/agrupacionespsoe.es\/ponferrada\/el-psoe-de-ponferrada-pide-al-pp-que-deje-de-gobernar-contra-el-psoe-y-gobierne-para-la-ciudadania\/#breadcrumb","itemListElement":[{"@type":"ListItem","position":1,"name":"Portada","item":"https:\/\/agrupacionespsoe.es\/ponferrada\/"},{"@type":"ListItem","position":2,"name":"El PSOE de Ponferrada pide al PP que deje de gobernar contra el PSOE y gobierne para la ciudadan\u00eda"}]},{"@type":"WebSite","@id":"https:\/\/agrupacionespsoe.es\/ponferrada\/#website","url":"https:\/\/agrupacionespsoe.es\/ponferrada\/","name":"Agrupaci\u00f3n Socialista de Ponferrada","description":"Agrupaci\u00f3n Socialista de Ponferrada","publisher":{"@id":"https:\/\/agrupacionespsoe.es\/ponferrada\/#organization"},"potentialAction":[{"@type":"SearchAction","target":{"@type":"EntryPoint","urlTemplate":"https:\/\/agrupacionespsoe.es\/ponferrada\/?s={search_term_string}"},"query-input":{"@type":"PropertyValueSpecification","valueRequired":true,"valueName":"search_term_string"}}],"inLanguage":"es"},{"@type":"Organization","@id":"https:\/\/agrupacionespsoe.es\/ponferrada\/#organization","name":"Agrupaci\u00f3n Socialista de Ponferrada","url":"https:\/\/agrupacionespsoe.es\/ponferrada\/","logo":{"@type":"ImageObject","inLanguage":"es","@id":"https:\/\/agrupacionespsoe.es\/ponferrada\/#\/schema\/logo\/image\/","url":"https:\/\/agrupacionespsoe.es\/wp-content\/uploads\/2022\/07\/Logotipo_electoral_del_PSOE.png","contentUrl":"https:\/\/agrupacionespsoe.es\/wp-content\/uploads\/2022\/07\/Logotipo_electoral_del_PSOE.png","width":422,"height":422,"caption":"Agrupaci\u00f3n Socialista de Ponferrada"},"image":{"@id":"https:\/\/agrupacionespsoe.es\/ponferrada\/#\/schema\/logo\/image\/"}},{"@type":"Person","@id":"https:\/\/agrupacionespsoe.es\/ponferrada\/#\/schema\/person\/cd29ee627f3b70c05d415f02596debaa","name":"ponferrada2","image":{"@type":"ImageObject","inLanguage":"es","@id":"https:\/\/agrupacionespsoe.es\/ponferrada\/#\/schema\/person\/image\/","url":"https:\/\/secure.gravatar.com\/avatar\/f499eeb60144c664cf7b7edf75549b50?s=96&d=mm&r=g","contentUrl":"https:\/\/secure.gravatar.com\/avatar\/f499eeb60144c664cf7b7edf75549b50?s=96&d=mm&r=g","caption":"ponferrada2"},"url":"https:\/\/agrupacionespsoe.es\/ponferrada\/author\/ponferrada2\/"}]}},"jetpack_featured_media_url":"https:\/\/agrupacionespsoe.es\/ponferrada\/wp-content\/uploads\/sites\/36\/2023\/10\/IMG-8520-1-scaled.jpg","jetpack_sharing_enabled":true,"_links":{"self":[{"href":"https:\/\/agrupacionespsoe.es\/ponferrada\/wp-json\/wp\/v2\/posts\/259","targetHints":{"allow":["GET"]}}],"collection":[{"href":"https:\/\/agrupacionespsoe.es\/ponferrada\/wp-json\/wp\/v2\/posts"}],"about":[{"href":"https:\/\/agrupacionespsoe.es\/ponferrada\/wp-json\/wp\/v2\/types\/post"}],"author":[{"embeddable":true,"href":"https:\/\/agrupacionespsoe.es\/ponferrada\/wp-json\/wp\/v2\/users\/32"}],"replies":[{"embeddable":true,"href":"https:\/\/agrupacionespsoe.es\/ponferrada\/wp-json\/wp\/v2\/comments?post=259"}],"version-history":[{"count":1,"href":"https:\/\/agrupacionespsoe.es\/ponferrada\/wp-json\/wp\/v2\/posts\/259\/revisions"}],"predecessor-version":[{"id":263,"href":"https:\/\/agrupacionespsoe.es\/ponferrada\/wp-json\/wp\/v2\/posts\/259\/revisions\/263"}],"wp:featuredmedia":[{"embeddable":true,"href":"https:\/\/agrupacionespsoe.es\/ponferrada\/wp-json\/wp\/v2\/media\/266"}],"wp:attachment":[{"href":"https:\/\/agrupacionespsoe.es\/ponferrada\/wp-json\/wp\/v2\/media?parent=259"}],"wp:term":[{"taxonomy":"category","embeddable":true,"href":"https:\/\/agrupacionespsoe.es\/ponferrada\/wp-json\/wp\/v2\/categories?post=259"},{"taxonomy":"post_tag","embeddable":true,"href":"https:\/\/agrupacionespsoe.es\/ponferrada\/wp-json\/wp\/v2\/tags?post=259"}],"curies":[{"name":"wp","href":"https:\/\/api.w.org\/{rel}","templated":true}]}}