{"id":223,"date":"2023-10-05T10:57:27","date_gmt":"2023-10-05T10:57:27","guid":{"rendered":"https:\/\/agrupacionespsoe.es\/ponferrada\/?p=223"},"modified":"2023-10-10T11:00:51","modified_gmt":"2023-10-10T11:00:51","slug":"el-grupo-municipal-socialista-del-ayuntamiento-de-ponferrada-quiere-salir-al-paso-de-las-declaraciones-de-ayer-del-actual-alcalde-el-sr-morala-sobre-la-falta-de-inversiones-en-instalaciones-deportiva","status":"publish","type":"post","link":"https:\/\/agrupacionespsoe.es\/ponferrada\/el-grupo-municipal-socialista-del-ayuntamiento-de-ponferrada-quiere-salir-al-paso-de-las-declaraciones-de-ayer-del-actual-alcalde-el-sr-morala-sobre-la-falta-de-inversiones-en-instalaciones-deportiva\/","title":{"rendered":"El Grupo Municipal Socialista del Ayuntamiento de Ponferrada quiere salir al paso de las declaraciones de ayer del actual alcalde el Sr. Morala sobre la falta de inversiones en instalaciones deportivas en el pasado mandato."},"content":{"rendered":"\n<p>El anterior concejal de deportes, Ivan Castrillo- Koseki- ha querido contestar con ejemplos contrastables y no con palabrer\u00eda las declaraciones de ayer de Marco Morala.<\/p>\n\n\n\n<p>En palabras de Ivan Castrillo \u201csi no hubiera sido por el esfuerzo inversor del anterior equipo de gobierno el estado de las instalaciones ser\u00eda cr\u00edtico, durante los mandatos del PP dejaron que las instalaciones deportivas se deterioraran y eso lo sabe cualquiera que utilice esas instalaciones\u201d<\/p>\n\n\n\n<figure class=\"wp-block-image size-large\"><img loading=\"lazy\" decoding=\"async\" width=\"1024\" height=\"579\" src=\"https:\/\/agrupacionespsoe.es\/ponferrada\/wp-content\/uploads\/sites\/36\/2023\/10\/koseki-1024x579.jpeg\" alt=\"\" class=\"wp-image-224\" srcset=\"https:\/\/agrupacionespsoe.es\/ponferrada\/wp-content\/uploads\/sites\/36\/2023\/10\/koseki-1024x579.jpeg 1024w, https:\/\/agrupacionespsoe.es\/ponferrada\/wp-content\/uploads\/sites\/36\/2023\/10\/koseki-300x170.jpeg 300w, https:\/\/agrupacionespsoe.es\/ponferrada\/wp-content\/uploads\/sites\/36\/2023\/10\/koseki-768x435.jpeg 768w, https:\/\/agrupacionespsoe.es\/ponferrada\/wp-content\/uploads\/sites\/36\/2023\/10\/koseki.jpeg 1124w\" sizes=\"auto, (max-width: 1024px) 100vw, 1024px\" \/><figcaption class=\"wp-element-caption\">Iv\u00e1n Castrillo- Koseki<\/figcaption><\/figure>\n\n\n\n<p>Ivan Castrillo ha querido hacer una relaci\u00f3n de las inversiones efectuadas durante el mandato de 2019-2023, con una Pandemia de por medio y todo lo que supuso en materia econ\u00f3mica,<\/p>\n\n\n\n<ul class=\"wp-block-list\">\n<li>9.500\u20ac en un sistema de agua caliente para las duchas y los vestuarios del campo de f\u00fatbol de Flores del Sil, enero 23<\/li>\n\n\n\n<li>16.000 euros a reparar la cubierta de las piscinas de la calle \u00c1ngel Pesta\u00f1a, enero 23<\/li>\n\n\n\n<li>24.000 euros en la impermeabilizaci\u00f3n en uno de los edificios del complejo Lydia Valent\u00edn, \u2018vacun\u00f3dromo\u2019, eliminar las m\u00faltiples filtraciones de agua y todo tipo de goteras que penetraban en el interior del edificio nueva calefacci\u00f3n y agua sanitaria en las instalaciones y nuevos banquillos, sep 22<\/li>\n\n\n\n<li>Obras en complejo Lydia Valent\u00edn en los vasos de compensaci\u00f3n, con el objetivo de evitar importantes p\u00e9rdidas de agua que se ven\u00edan produciendo desde hace varios a\u00f1os, sep 22<\/li>\n\n\n\n<li>48.365,39 euros en la reparaci\u00f3n de la cubierta met\u00e1lica del pabell\u00f3n deportivo \u2018Lydia Valent\u00edn\u2019, incluye el suministro y colocaci\u00f3n de remates laterales, cumbreras y de los baberos necesarios para una perfecta estanqueidad, mayo 22<\/li>\n\n\n\n<li>obras de mejora y mantenimiento en el estadio Colom\u00e1n Trabado nuevas tuber\u00edas para poder utilizar tanto agua fr\u00eda como caliente, enero 22<\/li>\n\n\n\n<li>Obras en el pabell\u00f3n Antonio Vecino, nueva impermeabilizaci\u00f3n de la cubierta eliminar\u00e1 humedades y permitir\u00e1 la realizaci\u00f3n de competiciones deportivas y entrenamientos en mejores condiciones, enero 22<\/li>\n\n\n\n<li>Trabajos de acondicionamiento y mantenimiento en el pabell\u00f3n \u201cNuria Lugueros\u201d ( accesos y pista) de Fuentesnuevas, casi 6.000 euros. Marzo 23<\/li>\n\n\n\n<li>M\u00e1quina deshumidificadora para la ventilaci\u00f3n y filtraci\u00f3n del aire en las piscinas del Complejo \u00c1ngel Pesta\u00f1a, septiembre 21<\/li>\n\n\n\n<li>Reparaci\u00f3n \u00edntegra de las pistas de squash<\/li>\n\n\n\n<li>&nbsp;Mantenimiento y pintada de pasillos de vestuario Lydia Valentin.<\/li>\n\n\n\n<li>Nuevo aparcamiento y nuevos vestuarios en el pabell\u00f3n Antonio Vecino.<\/li>\n\n\n\n<li>Trabajos de acondicionamiento, arreglos y reparaciones Piscinas de Verano del Plant\u00edo, de Flores del S\u00edl y de Fuentesnuevas: se ejecutaron trabajos de sellado y rejuntado de todos los vasos y canaletas, arreglo de las playas perimetrales y paseos del entorno, consolidaci\u00f3n y seguridad en las albardillas de borde, arreglo y pintado de pediluvios, funcionamiento de duchas, saneo y pintado de vestuarios, se han colocado puertas de seguridad en accesos peligrosos con escaleras puesta en servicio de todos los aseos, acondicionamiento de humedades en salas de m\u00e1quinas, junio 2021<\/li>\n<\/ul>\n\n\n\n<p>Ivan Castrillo, contin\u00faa se\u00f1alando que \u201clejos de ser cierta la afirmaci\u00f3n del actual alcalde, desde el equipo de gobierno anterior se actu\u00f3 en todas las instalaciones deportivas y se arreglaron problemas urgentes que llevaban a\u00f1os sin resolverse, pero lo que est\u00e1 claro es que la situaci\u00f3n de abandono en la que nos encontramos las instalaciones deportivas no se pod\u00eda arreglar en solo una legislatura y nuestro compromiso con la mejora de las instalaciones es claro y conocido por los y las ponferradinas.\u201d<\/p>\n\n\n\n<p>Se\u00f1ala que no solo se invirti\u00f3 en el mantenimiento de las instalaciones existentes sino que se construyeron nuevas instalaciones para la pr\u00e1ctica del deporte, muy bien acogidas por la ciudadan\u00eda, como han sido los dos pump truck, la inversi\u00f3n en el campo de futbol de Fuentesnuevas, la nueva pista polideportiva en La Placa o la que se consigui\u00f3 para la reforma integral de las pistas deportivas del Colom\u00e1n Trabado<\/p>\n\n\n\n<p>Adem\u00e1s, pide al actual equipo de gobierno que dejen de \u201chacer oposici\u00f3n a la oposici\u00f3n y de manipulaciones\u201d. Se\u00f1ala que \u201cel actual equipo de gobierno conoce el estado de las instalaciones deportivas y las inversiones que realiz\u00f3 este equipo de gobierno porque eran informadas en las comisiones informativas de la que formaban parte, adem\u00e1s en el informe de la situaci\u00f3n de las piscinas del Lydia Valent\u00edn se\u00f1ala en numerosas ocasiones que el estado en el que se encuentran es \u201cfruto de las filtraciones producidas a lo largo de los a\u00f1os\u201d afirmaci\u00f3n que se repite a los largo del informe\u201d.<\/p>\n\n\n\n<p>Por \u00faltimo, Ivan Castrillo quiere retar al actual equipo de gobierno a que demuestren con hechos las inversiones que ellos realizaron en instalaciones deportivas en el mandato de 2015-2019 o en el de 2011-2013 para que la ciudadan\u00eda pueda comparar.<\/p>\n","protected":false},"excerpt":{"rendered":"<p>El anterior concejal de deportes, Ivan Castrillo- Koseki- ha querido contestar con ejemplos contrastables y no con palabrer\u00eda las declaraciones de ayer de Marco Morala. En palabras de Ivan Castrillo \u201csi no hubiera sido por el esfuerzo inversor del anterior equipo de gobierno el estado de las instalaciones ser\u00eda cr\u00edtico, durante los mandatos del PP &#8230;<\/p>\n","protected":false},"author":32,"featured_media":224,"comment_status":"open","ping_status":"open","sticky":false,"template":"","format":"standard","meta":{"_jetpack_memberships_contains_paid_content":false,"footnotes":""},"categories":[6],"tags":[],"class_list":["post-223","post","type-post","status-publish","format-standard","has-post-thumbnail","hentry","category-actualidad"],"yoast_head":"<!-- This site is optimized with the Yoast SEO plugin v24.0 - https:\/\/yoast.com\/wordpress\/plugins\/seo\/ -->\n<title>El Grupo Municipal Socialista del Ayuntamiento de Ponferrada quiere salir al paso de las declaraciones de ayer del actual alcalde el Sr. Morala sobre la falta de inversiones en instalaciones deportivas en el pasado mandato. - Agrupaci\u00f3n Socialista de Ponferrada<\/title>\n<meta name=\"robots\" content=\"index, follow, max-snippet:-1, max-image-preview:large, max-video-preview:-1\" \/>\n<link rel=\"canonical\" href=\"https:\/\/agrupacionespsoe.es\/ponferrada\/el-grupo-municipal-socialista-del-ayuntamiento-de-ponferrada-quiere-salir-al-paso-de-las-declaraciones-de-ayer-del-actual-alcalde-el-sr-morala-sobre-la-falta-de-inversiones-en-instalaciones-deportiva\/\" \/>\n<meta property=\"og:locale\" content=\"es_ES\" \/>\n<meta property=\"og:type\" content=\"article\" \/>\n<meta property=\"og:title\" content=\"El Grupo Municipal Socialista del Ayuntamiento de Ponferrada quiere salir al paso de las declaraciones de ayer del actual alcalde el Sr. Morala sobre la falta de inversiones en instalaciones deportivas en el pasado mandato. - Agrupaci\u00f3n Socialista de Ponferrada\" \/>\n<meta property=\"og:description\" content=\"El anterior concejal de deportes, Ivan Castrillo- Koseki- ha querido contestar con ejemplos contrastables y no con palabrer\u00eda las declaraciones de ayer de Marco Morala. En palabras de Ivan Castrillo \u201csi no hubiera sido por el esfuerzo inversor del anterior equipo de gobierno el estado de las instalaciones ser\u00eda cr\u00edtico, durante los mandatos del PP ...\" \/>\n<meta property=\"og:url\" content=\"https:\/\/agrupacionespsoe.es\/ponferrada\/el-grupo-municipal-socialista-del-ayuntamiento-de-ponferrada-quiere-salir-al-paso-de-las-declaraciones-de-ayer-del-actual-alcalde-el-sr-morala-sobre-la-falta-de-inversiones-en-instalaciones-deportiva\/\" \/>\n<meta property=\"og:site_name\" content=\"Agrupaci\u00f3n Socialista de Ponferrada\" \/>\n<meta property=\"article:published_time\" content=\"2023-10-05T10:57:27+00:00\" \/>\n<meta property=\"article:modified_time\" content=\"2023-10-10T11:00:51+00:00\" \/>\n<meta property=\"og:image\" content=\"https:\/\/agrupacionespsoe.es\/ponferrada\/wp-content\/uploads\/sites\/36\/2023\/10\/koseki.jpeg\" \/>\n\t<meta property=\"og:image:width\" content=\"1124\" \/>\n\t<meta property=\"og:image:height\" content=\"636\" \/>\n\t<meta property=\"og:image:type\" content=\"image\/jpeg\" \/>\n<meta name=\"author\" content=\"ponferrada2\" \/>\n<meta name=\"twitter:card\" content=\"summary_large_image\" \/>\n<meta name=\"twitter:label1\" content=\"Escrito por\" \/>\n\t<meta name=\"twitter:data1\" content=\"ponferrada2\" \/>\n\t<meta name=\"twitter:label2\" content=\"Tiempo de lectura\" \/>\n\t<meta name=\"twitter:data2\" content=\"4 minutos\" \/>\n<script type=\"application\/ld+json\" class=\"yoast-schema-graph\">{\"@context\":\"https:\/\/schema.org\",\"@graph\":[{\"@type\":\"Article\",\"@id\":\"https:\/\/agrupacionespsoe.es\/ponferrada\/el-grupo-municipal-socialista-del-ayuntamiento-de-ponferrada-quiere-salir-al-paso-de-las-declaraciones-de-ayer-del-actual-alcalde-el-sr-morala-sobre-la-falta-de-inversiones-en-instalaciones-deportiva\/#article\",\"isPartOf\":{\"@id\":\"https:\/\/agrupacionespsoe.es\/ponferrada\/el-grupo-municipal-socialista-del-ayuntamiento-de-ponferrada-quiere-salir-al-paso-de-las-declaraciones-de-ayer-del-actual-alcalde-el-sr-morala-sobre-la-falta-de-inversiones-en-instalaciones-deportiva\/\"},\"author\":{\"name\":\"ponferrada2\",\"@id\":\"https:\/\/agrupacionespsoe.es\/ponferrada\/#\/schema\/person\/cd29ee627f3b70c05d415f02596debaa\"},\"headline\":\"El Grupo Municipal Socialista del Ayuntamiento de Ponferrada quiere salir al paso de las declaraciones de ayer del actual alcalde el Sr. Morala sobre la falta de inversiones en instalaciones deportivas en el pasado mandato.\",\"datePublished\":\"2023-10-05T10:57:27+00:00\",\"dateModified\":\"2023-10-10T11:00:51+00:00\",\"mainEntityOfPage\":{\"@id\":\"https:\/\/agrupacionespsoe.es\/ponferrada\/el-grupo-municipal-socialista-del-ayuntamiento-de-ponferrada-quiere-salir-al-paso-de-las-declaraciones-de-ayer-del-actual-alcalde-el-sr-morala-sobre-la-falta-de-inversiones-en-instalaciones-deportiva\/\"},\"wordCount\":826,\"commentCount\":0,\"publisher\":{\"@id\":\"https:\/\/agrupacionespsoe.es\/ponferrada\/#organization\"},\"image\":{\"@id\":\"https:\/\/agrupacionespsoe.es\/ponferrada\/el-grupo-municipal-socialista-del-ayuntamiento-de-ponferrada-quiere-salir-al-paso-de-las-declaraciones-de-ayer-del-actual-alcalde-el-sr-morala-sobre-la-falta-de-inversiones-en-instalaciones-deportiva\/#primaryimage\"},\"thumbnailUrl\":\"https:\/\/agrupacionespsoe.es\/ponferrada\/wp-content\/uploads\/sites\/36\/2023\/10\/koseki.jpeg\",\"articleSection\":[\"ACTUALIDAD\"],\"inLanguage\":\"es\",\"potentialAction\":[{\"@type\":\"CommentAction\",\"name\":\"Comment\",\"target\":[\"https:\/\/agrupacionespsoe.es\/ponferrada\/el-grupo-municipal-socialista-del-ayuntamiento-de-ponferrada-quiere-salir-al-paso-de-las-declaraciones-de-ayer-del-actual-alcalde-el-sr-morala-sobre-la-falta-de-inversiones-en-instalaciones-deportiva\/#respond\"]}]},{\"@type\":\"WebPage\",\"@id\":\"https:\/\/agrupacionespsoe.es\/ponferrada\/el-grupo-municipal-socialista-del-ayuntamiento-de-ponferrada-quiere-salir-al-paso-de-las-declaraciones-de-ayer-del-actual-alcalde-el-sr-morala-sobre-la-falta-de-inversiones-en-instalaciones-deportiva\/\",\"url\":\"https:\/\/agrupacionespsoe.es\/ponferrada\/el-grupo-municipal-socialista-del-ayuntamiento-de-ponferrada-quiere-salir-al-paso-de-las-declaraciones-de-ayer-del-actual-alcalde-el-sr-morala-sobre-la-falta-de-inversiones-en-instalaciones-deportiva\/\",\"name\":\"El Grupo Municipal Socialista del Ayuntamiento de Ponferrada quiere salir al paso de las declaraciones de ayer del actual alcalde el Sr. Morala sobre la falta de inversiones en instalaciones deportivas en el pasado mandato. - Agrupaci\u00f3n Socialista de Ponferrada\",\"isPartOf\":{\"@id\":\"https:\/\/agrupacionespsoe.es\/ponferrada\/#website\"},\"primaryImageOfPage\":{\"@id\":\"https:\/\/agrupacionespsoe.es\/ponferrada\/el-grupo-municipal-socialista-del-ayuntamiento-de-ponferrada-quiere-salir-al-paso-de-las-declaraciones-de-ayer-del-actual-alcalde-el-sr-morala-sobre-la-falta-de-inversiones-en-instalaciones-deportiva\/#primaryimage\"},\"image\":{\"@id\":\"https:\/\/agrupacionespsoe.es\/ponferrada\/el-grupo-municipal-socialista-del-ayuntamiento-de-ponferrada-quiere-salir-al-paso-de-las-declaraciones-de-ayer-del-actual-alcalde-el-sr-morala-sobre-la-falta-de-inversiones-en-instalaciones-deportiva\/#primaryimage\"},\"thumbnailUrl\":\"https:\/\/agrupacionespsoe.es\/ponferrada\/wp-content\/uploads\/sites\/36\/2023\/10\/koseki.jpeg\",\"datePublished\":\"2023-10-05T10:57:27+00:00\",\"dateModified\":\"2023-10-10T11:00:51+00:00\",\"breadcrumb\":{\"@id\":\"https:\/\/agrupacionespsoe.es\/ponferrada\/el-grupo-municipal-socialista-del-ayuntamiento-de-ponferrada-quiere-salir-al-paso-de-las-declaraciones-de-ayer-del-actual-alcalde-el-sr-morala-sobre-la-falta-de-inversiones-en-instalaciones-deportiva\/#breadcrumb\"},\"inLanguage\":\"es\",\"potentialAction\":[{\"@type\":\"ReadAction\",\"target\":[\"https:\/\/agrupacionespsoe.es\/ponferrada\/el-grupo-municipal-socialista-del-ayuntamiento-de-ponferrada-quiere-salir-al-paso-de-las-declaraciones-de-ayer-del-actual-alcalde-el-sr-morala-sobre-la-falta-de-inversiones-en-instalaciones-deportiva\/\"]}]},{\"@type\":\"ImageObject\",\"inLanguage\":\"es\",\"@id\":\"https:\/\/agrupacionespsoe.es\/ponferrada\/el-grupo-municipal-socialista-del-ayuntamiento-de-ponferrada-quiere-salir-al-paso-de-las-declaraciones-de-ayer-del-actual-alcalde-el-sr-morala-sobre-la-falta-de-inversiones-en-instalaciones-deportiva\/#primaryimage\",\"url\":\"https:\/\/agrupacionespsoe.es\/ponferrada\/wp-content\/uploads\/sites\/36\/2023\/10\/koseki.jpeg\",\"contentUrl\":\"https:\/\/agrupacionespsoe.es\/ponferrada\/wp-content\/uploads\/sites\/36\/2023\/10\/koseki.jpeg\",\"width\":1124,\"height\":636},{\"@type\":\"BreadcrumbList\",\"@id\":\"https:\/\/agrupacionespsoe.es\/ponferrada\/el-grupo-municipal-socialista-del-ayuntamiento-de-ponferrada-quiere-salir-al-paso-de-las-declaraciones-de-ayer-del-actual-alcalde-el-sr-morala-sobre-la-falta-de-inversiones-en-instalaciones-deportiva\/#breadcrumb\",\"itemListElement\":[{\"@type\":\"ListItem\",\"position\":1,\"name\":\"Portada\",\"item\":\"https:\/\/agrupacionespsoe.es\/ponferrada\/\"},{\"@type\":\"ListItem\",\"position\":2,\"name\":\"El Grupo Municipal Socialista del Ayuntamiento de Ponferrada quiere salir al paso de las declaraciones de ayer del actual alcalde el Sr. Morala sobre la falta de inversiones en instalaciones deportivas en el pasado mandato.\"}]},{\"@type\":\"WebSite\",\"@id\":\"https:\/\/agrupacionespsoe.es\/ponferrada\/#website\",\"url\":\"https:\/\/agrupacionespsoe.es\/ponferrada\/\",\"name\":\"Agrupaci\u00f3n Socialista de Ponferrada\",\"description\":\"Agrupaci\u00f3n Socialista de Ponferrada\",\"publisher\":{\"@id\":\"https:\/\/agrupacionespsoe.es\/ponferrada\/#organization\"},\"potentialAction\":[{\"@type\":\"SearchAction\",\"target\":{\"@type\":\"EntryPoint\",\"urlTemplate\":\"https:\/\/agrupacionespsoe.es\/ponferrada\/?s={search_term_string}\"},\"query-input\":{\"@type\":\"PropertyValueSpecification\",\"valueRequired\":true,\"valueName\":\"search_term_string\"}}],\"inLanguage\":\"es\"},{\"@type\":\"Organization\",\"@id\":\"https:\/\/agrupacionespsoe.es\/ponferrada\/#organization\",\"name\":\"Agrupaci\u00f3n Socialista de Ponferrada\",\"url\":\"https:\/\/agrupacionespsoe.es\/ponferrada\/\",\"logo\":{\"@type\":\"ImageObject\",\"inLanguage\":\"es\",\"@id\":\"https:\/\/agrupacionespsoe.es\/ponferrada\/#\/schema\/logo\/image\/\",\"url\":\"https:\/\/agrupacionespsoe.es\/wp-content\/uploads\/2022\/07\/Logotipo_electoral_del_PSOE.png\",\"contentUrl\":\"https:\/\/agrupacionespsoe.es\/wp-content\/uploads\/2022\/07\/Logotipo_electoral_del_PSOE.png\",\"width\":422,\"height\":422,\"caption\":\"Agrupaci\u00f3n Socialista de Ponferrada\"},\"image\":{\"@id\":\"https:\/\/agrupacionespsoe.es\/ponferrada\/#\/schema\/logo\/image\/\"}},{\"@type\":\"Person\",\"@id\":\"https:\/\/agrupacionespsoe.es\/ponferrada\/#\/schema\/person\/cd29ee627f3b70c05d415f02596debaa\",\"name\":\"ponferrada2\",\"image\":{\"@type\":\"ImageObject\",\"inLanguage\":\"es\",\"@id\":\"https:\/\/agrupacionespsoe.es\/ponferrada\/#\/schema\/person\/image\/\",\"url\":\"https:\/\/secure.gravatar.com\/avatar\/f499eeb60144c664cf7b7edf75549b50?s=96&d=mm&r=g\",\"contentUrl\":\"https:\/\/secure.gravatar.com\/avatar\/f499eeb60144c664cf7b7edf75549b50?s=96&d=mm&r=g\",\"caption\":\"ponferrada2\"},\"url\":\"https:\/\/agrupacionespsoe.es\/ponferrada\/author\/ponferrada2\/\"}]}<\/script>\n<!-- \/ Yoast SEO plugin. -->","yoast_head_json":{"title":"El Grupo Municipal Socialista del Ayuntamiento de Ponferrada quiere salir al paso de las declaraciones de ayer del actual alcalde el Sr. Morala sobre la falta de inversiones en instalaciones deportivas en el pasado mandato. - Agrupaci\u00f3n Socialista de Ponferrada","robots":{"index":"index","follow":"follow","max-snippet":"max-snippet:-1","max-image-preview":"max-image-preview:large","max-video-preview":"max-video-preview:-1"},"canonical":"https:\/\/agrupacionespsoe.es\/ponferrada\/el-grupo-municipal-socialista-del-ayuntamiento-de-ponferrada-quiere-salir-al-paso-de-las-declaraciones-de-ayer-del-actual-alcalde-el-sr-morala-sobre-la-falta-de-inversiones-en-instalaciones-deportiva\/","og_locale":"es_ES","og_type":"article","og_title":"El Grupo Municipal Socialista del Ayuntamiento de Ponferrada quiere salir al paso de las declaraciones de ayer del actual alcalde el Sr. Morala sobre la falta de inversiones en instalaciones deportivas en el pasado mandato. - Agrupaci\u00f3n Socialista de Ponferrada","og_description":"El anterior concejal de deportes, Ivan Castrillo- Koseki- ha querido contestar con ejemplos contrastables y no con palabrer\u00eda las declaraciones de ayer de Marco Morala. En palabras de Ivan Castrillo \u201csi no hubiera sido por el esfuerzo inversor del anterior equipo de gobierno el estado de las instalaciones ser\u00eda cr\u00edtico, durante los mandatos del PP ...","og_url":"https:\/\/agrupacionespsoe.es\/ponferrada\/el-grupo-municipal-socialista-del-ayuntamiento-de-ponferrada-quiere-salir-al-paso-de-las-declaraciones-de-ayer-del-actual-alcalde-el-sr-morala-sobre-la-falta-de-inversiones-en-instalaciones-deportiva\/","og_site_name":"Agrupaci\u00f3n Socialista de Ponferrada","article_published_time":"2023-10-05T10:57:27+00:00","article_modified_time":"2023-10-10T11:00:51+00:00","og_image":[{"width":1124,"height":636,"url":"https:\/\/agrupacionespsoe.es\/ponferrada\/wp-content\/uploads\/sites\/36\/2023\/10\/koseki.jpeg","type":"image\/jpeg"}],"author":"ponferrada2","twitter_card":"summary_large_image","twitter_misc":{"Escrito por":"ponferrada2","Tiempo de lectura":"4 minutos"},"schema":{"@context":"https:\/\/schema.org","@graph":[{"@type":"Article","@id":"https:\/\/agrupacionespsoe.es\/ponferrada\/el-grupo-municipal-socialista-del-ayuntamiento-de-ponferrada-quiere-salir-al-paso-de-las-declaraciones-de-ayer-del-actual-alcalde-el-sr-morala-sobre-la-falta-de-inversiones-en-instalaciones-deportiva\/#article","isPartOf":{"@id":"https:\/\/agrupacionespsoe.es\/ponferrada\/el-grupo-municipal-socialista-del-ayuntamiento-de-ponferrada-quiere-salir-al-paso-de-las-declaraciones-de-ayer-del-actual-alcalde-el-sr-morala-sobre-la-falta-de-inversiones-en-instalaciones-deportiva\/"},"author":{"name":"ponferrada2","@id":"https:\/\/agrupacionespsoe.es\/ponferrada\/#\/schema\/person\/cd29ee627f3b70c05d415f02596debaa"},"headline":"El Grupo Municipal Socialista del Ayuntamiento de Ponferrada quiere salir al paso de las declaraciones de ayer del actual alcalde el Sr. Morala sobre la falta de inversiones en instalaciones deportivas en el pasado mandato.","datePublished":"2023-10-05T10:57:27+00:00","dateModified":"2023-10-10T11:00:51+00:00","mainEntityOfPage":{"@id":"https:\/\/agrupacionespsoe.es\/ponferrada\/el-grupo-municipal-socialista-del-ayuntamiento-de-ponferrada-quiere-salir-al-paso-de-las-declaraciones-de-ayer-del-actual-alcalde-el-sr-morala-sobre-la-falta-de-inversiones-en-instalaciones-deportiva\/"},"wordCount":826,"commentCount":0,"publisher":{"@id":"https:\/\/agrupacionespsoe.es\/ponferrada\/#organization"},"image":{"@id":"https:\/\/agrupacionespsoe.es\/ponferrada\/el-grupo-municipal-socialista-del-ayuntamiento-de-ponferrada-quiere-salir-al-paso-de-las-declaraciones-de-ayer-del-actual-alcalde-el-sr-morala-sobre-la-falta-de-inversiones-en-instalaciones-deportiva\/#primaryimage"},"thumbnailUrl":"https:\/\/agrupacionespsoe.es\/ponferrada\/wp-content\/uploads\/sites\/36\/2023\/10\/koseki.jpeg","articleSection":["ACTUALIDAD"],"inLanguage":"es","potentialAction":[{"@type":"CommentAction","name":"Comment","target":["https:\/\/agrupacionespsoe.es\/ponferrada\/el-grupo-municipal-socialista-del-ayuntamiento-de-ponferrada-quiere-salir-al-paso-de-las-declaraciones-de-ayer-del-actual-alcalde-el-sr-morala-sobre-la-falta-de-inversiones-en-instalaciones-deportiva\/#respond"]}]},{"@type":"WebPage","@id":"https:\/\/agrupacionespsoe.es\/ponferrada\/el-grupo-municipal-socialista-del-ayuntamiento-de-ponferrada-quiere-salir-al-paso-de-las-declaraciones-de-ayer-del-actual-alcalde-el-sr-morala-sobre-la-falta-de-inversiones-en-instalaciones-deportiva\/","url":"https:\/\/agrupacionespsoe.es\/ponferrada\/el-grupo-municipal-socialista-del-ayuntamiento-de-ponferrada-quiere-salir-al-paso-de-las-declaraciones-de-ayer-del-actual-alcalde-el-sr-morala-sobre-la-falta-de-inversiones-en-instalaciones-deportiva\/","name":"El Grupo Municipal Socialista del Ayuntamiento de Ponferrada quiere salir al paso de las declaraciones de ayer del actual alcalde el Sr. Morala sobre la falta de inversiones en instalaciones deportivas en el pasado mandato. - Agrupaci\u00f3n Socialista de Ponferrada","isPartOf":{"@id":"https:\/\/agrupacionespsoe.es\/ponferrada\/#website"},"primaryImageOfPage":{"@id":"https:\/\/agrupacionespsoe.es\/ponferrada\/el-grupo-municipal-socialista-del-ayuntamiento-de-ponferrada-quiere-salir-al-paso-de-las-declaraciones-de-ayer-del-actual-alcalde-el-sr-morala-sobre-la-falta-de-inversiones-en-instalaciones-deportiva\/#primaryimage"},"image":{"@id":"https:\/\/agrupacionespsoe.es\/ponferrada\/el-grupo-municipal-socialista-del-ayuntamiento-de-ponferrada-quiere-salir-al-paso-de-las-declaraciones-de-ayer-del-actual-alcalde-el-sr-morala-sobre-la-falta-de-inversiones-en-instalaciones-deportiva\/#primaryimage"},"thumbnailUrl":"https:\/\/agrupacionespsoe.es\/ponferrada\/wp-content\/uploads\/sites\/36\/2023\/10\/koseki.jpeg","datePublished":"2023-10-05T10:57:27+00:00","dateModified":"2023-10-10T11:00:51+00:00","breadcrumb":{"@id":"https:\/\/agrupacionespsoe.es\/ponferrada\/el-grupo-municipal-socialista-del-ayuntamiento-de-ponferrada-quiere-salir-al-paso-de-las-declaraciones-de-ayer-del-actual-alcalde-el-sr-morala-sobre-la-falta-de-inversiones-en-instalaciones-deportiva\/#breadcrumb"},"inLanguage":"es","potentialAction":[{"@type":"ReadAction","target":["https:\/\/agrupacionespsoe.es\/ponferrada\/el-grupo-municipal-socialista-del-ayuntamiento-de-ponferrada-quiere-salir-al-paso-de-las-declaraciones-de-ayer-del-actual-alcalde-el-sr-morala-sobre-la-falta-de-inversiones-en-instalaciones-deportiva\/"]}]},{"@type":"ImageObject","inLanguage":"es","@id":"https:\/\/agrupacionespsoe.es\/ponferrada\/el-grupo-municipal-socialista-del-ayuntamiento-de-ponferrada-quiere-salir-al-paso-de-las-declaraciones-de-ayer-del-actual-alcalde-el-sr-morala-sobre-la-falta-de-inversiones-en-instalaciones-deportiva\/#primaryimage","url":"https:\/\/agrupacionespsoe.es\/ponferrada\/wp-content\/uploads\/sites\/36\/2023\/10\/koseki.jpeg","contentUrl":"https:\/\/agrupacionespsoe.es\/ponferrada\/wp-content\/uploads\/sites\/36\/2023\/10\/koseki.jpeg","width":1124,"height":636},{"@type":"BreadcrumbList","@id":"https:\/\/agrupacionespsoe.es\/ponferrada\/el-grupo-municipal-socialista-del-ayuntamiento-de-ponferrada-quiere-salir-al-paso-de-las-declaraciones-de-ayer-del-actual-alcalde-el-sr-morala-sobre-la-falta-de-inversiones-en-instalaciones-deportiva\/#breadcrumb","itemListElement":[{"@type":"ListItem","position":1,"name":"Portada","item":"https:\/\/agrupacionespsoe.es\/ponferrada\/"},{"@type":"ListItem","position":2,"name":"El Grupo Municipal Socialista del Ayuntamiento de Ponferrada quiere salir al paso de las declaraciones de ayer del actual alcalde el Sr. Morala sobre la falta de inversiones en instalaciones deportivas en el pasado mandato."}]},{"@type":"WebSite","@id":"https:\/\/agrupacionespsoe.es\/ponferrada\/#website","url":"https:\/\/agrupacionespsoe.es\/ponferrada\/","name":"Agrupaci\u00f3n Socialista de Ponferrada","description":"Agrupaci\u00f3n Socialista de Ponferrada","publisher":{"@id":"https:\/\/agrupacionespsoe.es\/ponferrada\/#organization"},"potentialAction":[{"@type":"SearchAction","target":{"@type":"EntryPoint","urlTemplate":"https:\/\/agrupacionespsoe.es\/ponferrada\/?s={search_term_string}"},"query-input":{"@type":"PropertyValueSpecification","valueRequired":true,"valueName":"search_term_string"}}],"inLanguage":"es"},{"@type":"Organization","@id":"https:\/\/agrupacionespsoe.es\/ponferrada\/#organization","name":"Agrupaci\u00f3n Socialista de Ponferrada","url":"https:\/\/agrupacionespsoe.es\/ponferrada\/","logo":{"@type":"ImageObject","inLanguage":"es","@id":"https:\/\/agrupacionespsoe.es\/ponferrada\/#\/schema\/logo\/image\/","url":"https:\/\/agrupacionespsoe.es\/wp-content\/uploads\/2022\/07\/Logotipo_electoral_del_PSOE.png","contentUrl":"https:\/\/agrupacionespsoe.es\/wp-content\/uploads\/2022\/07\/Logotipo_electoral_del_PSOE.png","width":422,"height":422,"caption":"Agrupaci\u00f3n Socialista de Ponferrada"},"image":{"@id":"https:\/\/agrupacionespsoe.es\/ponferrada\/#\/schema\/logo\/image\/"}},{"@type":"Person","@id":"https:\/\/agrupacionespsoe.es\/ponferrada\/#\/schema\/person\/cd29ee627f3b70c05d415f02596debaa","name":"ponferrada2","image":{"@type":"ImageObject","inLanguage":"es","@id":"https:\/\/agrupacionespsoe.es\/ponferrada\/#\/schema\/person\/image\/","url":"https:\/\/secure.gravatar.com\/avatar\/f499eeb60144c664cf7b7edf75549b50?s=96&d=mm&r=g","contentUrl":"https:\/\/secure.gravatar.com\/avatar\/f499eeb60144c664cf7b7edf75549b50?s=96&d=mm&r=g","caption":"ponferrada2"},"url":"https:\/\/agrupacionespsoe.es\/ponferrada\/author\/ponferrada2\/"}]}},"jetpack_featured_media_url":"https:\/\/agrupacionespsoe.es\/ponferrada\/wp-content\/uploads\/sites\/36\/2023\/10\/koseki.jpeg","jetpack_sharing_enabled":true,"_links":{"self":[{"href":"https:\/\/agrupacionespsoe.es\/ponferrada\/wp-json\/wp\/v2\/posts\/223","targetHints":{"allow":["GET"]}}],"collection":[{"href":"https:\/\/agrupacionespsoe.es\/ponferrada\/wp-json\/wp\/v2\/posts"}],"about":[{"href":"https:\/\/agrupacionespsoe.es\/ponferrada\/wp-json\/wp\/v2\/types\/post"}],"author":[{"embeddable":true,"href":"https:\/\/agrupacionespsoe.es\/ponferrada\/wp-json\/wp\/v2\/users\/32"}],"replies":[{"embeddable":true,"href":"https:\/\/agrupacionespsoe.es\/ponferrada\/wp-json\/wp\/v2\/comments?post=223"}],"version-history":[{"count":1,"href":"https:\/\/agrupacionespsoe.es\/ponferrada\/wp-json\/wp\/v2\/posts\/223\/revisions"}],"predecessor-version":[{"id":225,"href":"https:\/\/agrupacionespsoe.es\/ponferrada\/wp-json\/wp\/v2\/posts\/223\/revisions\/225"}],"wp:featuredmedia":[{"embeddable":true,"href":"https:\/\/agrupacionespsoe.es\/ponferrada\/wp-json\/wp\/v2\/media\/224"}],"wp:attachment":[{"href":"https:\/\/agrupacionespsoe.es\/ponferrada\/wp-json\/wp\/v2\/media?parent=223"}],"wp:term":[{"taxonomy":"category","embeddable":true,"href":"https:\/\/agrupacionespsoe.es\/ponferrada\/wp-json\/wp\/v2\/categories?post=223"},{"taxonomy":"post_tag","embeddable":true,"href":"https:\/\/agrupacionespsoe.es\/ponferrada\/wp-json\/wp\/v2\/tags?post=223"}],"curies":[{"name":"wp","href":"https:\/\/api.w.org\/{rel}","templated":true}]}}