{"id":197,"date":"2023-10-10T10:32:57","date_gmt":"2023-10-10T10:32:57","guid":{"rendered":"https:\/\/agrupacionespsoe.es\/ponferrada\/?p=197"},"modified":"2023-10-10T11:19:46","modified_gmt":"2023-10-10T11:19:46","slug":"el-grupo-municipal-socialista-pregunta-sobre-la-calle-marcelo-macias-en-la-reforma-de-la-calle-antolin-lopez-pelaez","status":"publish","type":"post","link":"https:\/\/agrupacionespsoe.es\/ponferrada\/el-grupo-municipal-socialista-pregunta-sobre-la-calle-marcelo-macias-en-la-reforma-de-la-calle-antolin-lopez-pelaez\/","title":{"rendered":"El Grupo Municipal Socialista pide explicaciones sobre la reforma de la Calle Marcelo Mac\u00edas que no estaba en el proyecto inicial."},"content":{"rendered":"\n<p><\/p>\n\n\n\n<p>El Grupo Municipal Socialista ha denunciado esta ma\u00f1ana en una rueda de prensa la modificaci\u00f3n que ha hecho este equipo de gobierno en el proyecto de modificaci\u00f3n y adecuaci\u00f3n de aceras de la Calle Antol\u00edn L\u00f3pez Pel\u00e1ez<\/p>\n\n\n\n<p>Lo primero que ha querido hacer el concejal Pedro F. Robles es denunciar que ya han pasado m\u00e1s de tres meses y los miembros del equipo de gobierno siguen sin convocar comisiones informativas, impidiendo as\u00ed el trabajo de la oposici\u00f3n.<\/p>\n\n\n\n<p>En la rueda de prensa se ha denunciado la preocupaci\u00f3n del PSOE por la ampliaci\u00f3n y modificaci\u00f3n de la obras de la Calle Antol\u00edn L\u00f3pez Pel\u00e1ez, que afecta a la Calle Marcelo Mac\u00edas.<\/p>\n\n\n\n<figure class=\"wp-block-image size-large is-resized\"><img loading=\"lazy\" decoding=\"async\" src=\"https:\/\/agrupacionespsoe.es\/ponferrada\/wp-content\/uploads\/sites\/36\/2023\/10\/WhatsApp-Image-2023-10-06-at-13.26.10-1024x694.jpeg\" alt=\"\" class=\"wp-image-198\" width=\"631\" height=\"484\" \/><\/figure>\n\n\n\n<p>Ha continuado diciendo que \u201cno se entiende y parece sorprendente c\u00f3mo en el \u00faltimo Pleno se lleva una modificaci\u00f3n que afecta a la C. Antol\u00edn L\u00f3pez Pel\u00e1ez &nbsp;y no informan de la ampliaci\u00f3n de la calle\u201d.<\/p>\n\n\n\n<figure class=\"wp-block-image size-large\"><img loading=\"lazy\" decoding=\"async\" width=\"1024\" height=\"472\" src=\"https:\/\/agrupacionespsoe.es\/ponferrada\/wp-content\/uploads\/sites\/36\/2023\/10\/marcelo-macias-1024x472.jpeg\" alt=\"\" class=\"wp-image-215\" srcset=\"https:\/\/agrupacionespsoe.es\/ponferrada\/wp-content\/uploads\/sites\/36\/2023\/10\/marcelo-macias-1024x472.jpeg 1024w, https:\/\/agrupacionespsoe.es\/ponferrada\/wp-content\/uploads\/sites\/36\/2023\/10\/marcelo-macias-300x138.jpeg 300w, https:\/\/agrupacionespsoe.es\/ponferrada\/wp-content\/uploads\/sites\/36\/2023\/10\/marcelo-macias-768x354.jpeg 768w, https:\/\/agrupacionespsoe.es\/ponferrada\/wp-content\/uploads\/sites\/36\/2023\/10\/marcelo-macias-1536x708.jpeg 1536w, https:\/\/agrupacionespsoe.es\/ponferrada\/wp-content\/uploads\/sites\/36\/2023\/10\/marcelo-macias.jpeg 1600w\" sizes=\"auto, (max-width: 1024px) 100vw, 1024px\" \/><figcaption class=\"wp-element-caption\">Reforma C. Marcelo Mac\u00edas (no recogida en el proyecto inicial)<\/figcaption><\/figure>\n\n\n\n<p>Pedro F. Robles ha se\u00f1alado que el PSOE est\u00e1 a favor de cualquier mejora que se lleve a cabo en la ciudad, independientemente de a qui\u00e9n afecte mientras mejore la actividad econ\u00f3mica o la actividad empresarial. Lo que denunciamos es que vuelve la pol\u00edtica de favoritismos, que hacen ciudadanos de primera y ciudadanos de segunda, mientras se amplia y acaba de manera urgente la Calle Marcelo Mac\u00edas la Calle Eladia Baylina est\u00e1 sin finalizar y lleva desde julio sin acabar.<\/p>\n\n\n\n<figure class=\"wp-block-image size-large\"><img loading=\"lazy\" decoding=\"async\" width=\"1024\" height=\"473\" src=\"https:\/\/agrupacionespsoe.es\/ponferrada\/wp-content\/uploads\/sites\/36\/2023\/10\/Eladia-Baylina-1024x473.jpeg\" alt=\"\" class=\"wp-image-217\" srcset=\"https:\/\/agrupacionespsoe.es\/ponferrada\/wp-content\/uploads\/sites\/36\/2023\/10\/Eladia-Baylina-1024x473.jpeg 1024w, https:\/\/agrupacionespsoe.es\/ponferrada\/wp-content\/uploads\/sites\/36\/2023\/10\/Eladia-Baylina-300x138.jpeg 300w, https:\/\/agrupacionespsoe.es\/ponferrada\/wp-content\/uploads\/sites\/36\/2023\/10\/Eladia-Baylina-768x354.jpeg 768w, https:\/\/agrupacionespsoe.es\/ponferrada\/wp-content\/uploads\/sites\/36\/2023\/10\/Eladia-Baylina-1536x709.jpeg 1536w, https:\/\/agrupacionespsoe.es\/ponferrada\/wp-content\/uploads\/sites\/36\/2023\/10\/Eladia-Baylina.jpeg 1976w\" sizes=\"auto, (max-width: 1024px) 100vw, 1024px\" \/><figcaption class=\"wp-element-caption\">Estado actual de la C. Eladia Baylina<\/figcaption><\/figure>\n\n\n\n<p>Pedro F. Robles ha querido tambi\u00e9n explicar que los asfaltados no se incluyeron en los proyectos porque no entraban en la financiaci\u00f3n de los mismos y que estaba prevista su realizaci\u00f3n en el plan de asfaltado.<\/p>\n\n\n\n<p>Por \u00faltimo, ha vuelto a criticar la gesti\u00f3n que est\u00e1n haciendo en lo relativo al nuevo centro de salud Ponferrada I, el de la zona alta, primero a desmentido, como dice el alcalde, que la parcela estuviera sin ceder y a continuaci\u00f3n ha augurado que tardar\u00e1 mucho tiempo en poder ejecutarse.<\/p>\n","protected":false},"excerpt":{"rendered":"<p>El Grupo Municipal Socialista ha denunciado esta ma\u00f1ana en una rueda de prensa la modificaci\u00f3n que ha hecho este equipo de gobierno en el proyecto de modificaci\u00f3n y adecuaci\u00f3n de aceras de la Calle Antol\u00edn L\u00f3pez Pel\u00e1ez Lo primero que ha querido hacer el concejal Pedro F. Robles es denunciar que ya han pasado m\u00e1s &#8230;<\/p>\n","protected":false},"author":32,"featured_media":211,"comment_status":"open","ping_status":"open","sticky":false,"template":"","format":"standard","meta":{"_jetpack_memberships_contains_paid_content":false,"footnotes":""},"categories":[6],"tags":[],"class_list":["post-197","post","type-post","status-publish","format-standard","has-post-thumbnail","hentry","category-actualidad"],"yoast_head":"<!-- This site is optimized with the Yoast SEO plugin v24.0 - https:\/\/yoast.com\/wordpress\/plugins\/seo\/ -->\n<title>El Grupo Municipal Socialista pide explicaciones sobre la reforma de la Calle Marcelo Mac\u00edas que no estaba en el proyecto inicial. - Agrupaci\u00f3n Socialista de Ponferrada<\/title>\n<meta name=\"robots\" content=\"index, follow, max-snippet:-1, max-image-preview:large, max-video-preview:-1\" \/>\n<link rel=\"canonical\" href=\"https:\/\/agrupacionespsoe.es\/ponferrada\/el-grupo-municipal-socialista-pregunta-sobre-la-calle-marcelo-macias-en-la-reforma-de-la-calle-antolin-lopez-pelaez\/\" \/>\n<meta property=\"og:locale\" content=\"es_ES\" \/>\n<meta property=\"og:type\" content=\"article\" \/>\n<meta property=\"og:title\" content=\"El Grupo Municipal Socialista pide explicaciones sobre la reforma de la Calle Marcelo Mac\u00edas que no estaba en el proyecto inicial. - Agrupaci\u00f3n Socialista de Ponferrada\" \/>\n<meta property=\"og:description\" content=\"El Grupo Municipal Socialista ha denunciado esta ma\u00f1ana en una rueda de prensa la modificaci\u00f3n que ha hecho este equipo de gobierno en el proyecto de modificaci\u00f3n y adecuaci\u00f3n de aceras de la Calle Antol\u00edn L\u00f3pez Pel\u00e1ez Lo primero que ha querido hacer el concejal Pedro F. Robles es denunciar que ya han pasado m\u00e1s ...\" \/>\n<meta property=\"og:url\" content=\"https:\/\/agrupacionespsoe.es\/ponferrada\/el-grupo-municipal-socialista-pregunta-sobre-la-calle-marcelo-macias-en-la-reforma-de-la-calle-antolin-lopez-pelaez\/\" \/>\n<meta property=\"og:site_name\" content=\"Agrupaci\u00f3n Socialista de Ponferrada\" \/>\n<meta property=\"article:published_time\" content=\"2023-10-10T10:32:57+00:00\" \/>\n<meta property=\"article:modified_time\" content=\"2023-10-10T11:19:46+00:00\" \/>\n<meta property=\"og:image\" content=\"https:\/\/agrupacionespsoe.es\/ponferrada\/wp-content\/uploads\/sites\/36\/2023\/10\/IMG-8184-1-scaled.jpg\" \/>\n\t<meta property=\"og:image:width\" content=\"2560\" \/>\n\t<meta property=\"og:image:height\" content=\"1920\" \/>\n\t<meta property=\"og:image:type\" content=\"image\/jpeg\" \/>\n<meta name=\"author\" content=\"ponferrada2\" \/>\n<meta name=\"twitter:card\" content=\"summary_large_image\" \/>\n<meta name=\"twitter:label1\" content=\"Escrito por\" \/>\n\t<meta name=\"twitter:data1\" content=\"ponferrada2\" \/>\n\t<meta name=\"twitter:label2\" content=\"Tiempo de lectura\" \/>\n\t<meta name=\"twitter:data2\" content=\"3 minutos\" \/>\n<script type=\"application\/ld+json\" class=\"yoast-schema-graph\">{\"@context\":\"https:\/\/schema.org\",\"@graph\":[{\"@type\":\"Article\",\"@id\":\"https:\/\/agrupacionespsoe.es\/ponferrada\/el-grupo-municipal-socialista-pregunta-sobre-la-calle-marcelo-macias-en-la-reforma-de-la-calle-antolin-lopez-pelaez\/#article\",\"isPartOf\":{\"@id\":\"https:\/\/agrupacionespsoe.es\/ponferrada\/el-grupo-municipal-socialista-pregunta-sobre-la-calle-marcelo-macias-en-la-reforma-de-la-calle-antolin-lopez-pelaez\/\"},\"author\":{\"name\":\"ponferrada2\",\"@id\":\"https:\/\/agrupacionespsoe.es\/ponferrada\/#\/schema\/person\/cd29ee627f3b70c05d415f02596debaa\"},\"headline\":\"El Grupo Municipal Socialista pide explicaciones sobre la reforma de la Calle Marcelo Mac\u00edas que no estaba en el proyecto inicial.\",\"datePublished\":\"2023-10-10T10:32:57+00:00\",\"dateModified\":\"2023-10-10T11:19:46+00:00\",\"mainEntityOfPage\":{\"@id\":\"https:\/\/agrupacionespsoe.es\/ponferrada\/el-grupo-municipal-socialista-pregunta-sobre-la-calle-marcelo-macias-en-la-reforma-de-la-calle-antolin-lopez-pelaez\/\"},\"wordCount\":387,\"commentCount\":0,\"publisher\":{\"@id\":\"https:\/\/agrupacionespsoe.es\/ponferrada\/#organization\"},\"image\":{\"@id\":\"https:\/\/agrupacionespsoe.es\/ponferrada\/el-grupo-municipal-socialista-pregunta-sobre-la-calle-marcelo-macias-en-la-reforma-de-la-calle-antolin-lopez-pelaez\/#primaryimage\"},\"thumbnailUrl\":\"https:\/\/agrupacionespsoe.es\/ponferrada\/wp-content\/uploads\/sites\/36\/2023\/10\/IMG-8184-1-scaled.jpg\",\"articleSection\":[\"ACTUALIDAD\"],\"inLanguage\":\"es\",\"potentialAction\":[{\"@type\":\"CommentAction\",\"name\":\"Comment\",\"target\":[\"https:\/\/agrupacionespsoe.es\/ponferrada\/el-grupo-municipal-socialista-pregunta-sobre-la-calle-marcelo-macias-en-la-reforma-de-la-calle-antolin-lopez-pelaez\/#respond\"]}]},{\"@type\":\"WebPage\",\"@id\":\"https:\/\/agrupacionespsoe.es\/ponferrada\/el-grupo-municipal-socialista-pregunta-sobre-la-calle-marcelo-macias-en-la-reforma-de-la-calle-antolin-lopez-pelaez\/\",\"url\":\"https:\/\/agrupacionespsoe.es\/ponferrada\/el-grupo-municipal-socialista-pregunta-sobre-la-calle-marcelo-macias-en-la-reforma-de-la-calle-antolin-lopez-pelaez\/\",\"name\":\"El Grupo Municipal Socialista pide explicaciones sobre la reforma de la Calle Marcelo Mac\u00edas que no estaba en el proyecto inicial. - Agrupaci\u00f3n Socialista de Ponferrada\",\"isPartOf\":{\"@id\":\"https:\/\/agrupacionespsoe.es\/ponferrada\/#website\"},\"primaryImageOfPage\":{\"@id\":\"https:\/\/agrupacionespsoe.es\/ponferrada\/el-grupo-municipal-socialista-pregunta-sobre-la-calle-marcelo-macias-en-la-reforma-de-la-calle-antolin-lopez-pelaez\/#primaryimage\"},\"image\":{\"@id\":\"https:\/\/agrupacionespsoe.es\/ponferrada\/el-grupo-municipal-socialista-pregunta-sobre-la-calle-marcelo-macias-en-la-reforma-de-la-calle-antolin-lopez-pelaez\/#primaryimage\"},\"thumbnailUrl\":\"https:\/\/agrupacionespsoe.es\/ponferrada\/wp-content\/uploads\/sites\/36\/2023\/10\/IMG-8184-1-scaled.jpg\",\"datePublished\":\"2023-10-10T10:32:57+00:00\",\"dateModified\":\"2023-10-10T11:19:46+00:00\",\"breadcrumb\":{\"@id\":\"https:\/\/agrupacionespsoe.es\/ponferrada\/el-grupo-municipal-socialista-pregunta-sobre-la-calle-marcelo-macias-en-la-reforma-de-la-calle-antolin-lopez-pelaez\/#breadcrumb\"},\"inLanguage\":\"es\",\"potentialAction\":[{\"@type\":\"ReadAction\",\"target\":[\"https:\/\/agrupacionespsoe.es\/ponferrada\/el-grupo-municipal-socialista-pregunta-sobre-la-calle-marcelo-macias-en-la-reforma-de-la-calle-antolin-lopez-pelaez\/\"]}]},{\"@type\":\"ImageObject\",\"inLanguage\":\"es\",\"@id\":\"https:\/\/agrupacionespsoe.es\/ponferrada\/el-grupo-municipal-socialista-pregunta-sobre-la-calle-marcelo-macias-en-la-reforma-de-la-calle-antolin-lopez-pelaez\/#primaryimage\",\"url\":\"https:\/\/agrupacionespsoe.es\/ponferrada\/wp-content\/uploads\/sites\/36\/2023\/10\/IMG-8184-1-scaled.jpg\",\"contentUrl\":\"https:\/\/agrupacionespsoe.es\/ponferrada\/wp-content\/uploads\/sites\/36\/2023\/10\/IMG-8184-1-scaled.jpg\",\"width\":2560,\"height\":1920,\"caption\":\"Concejales del GMS de Ponferrada\"},{\"@type\":\"BreadcrumbList\",\"@id\":\"https:\/\/agrupacionespsoe.es\/ponferrada\/el-grupo-municipal-socialista-pregunta-sobre-la-calle-marcelo-macias-en-la-reforma-de-la-calle-antolin-lopez-pelaez\/#breadcrumb\",\"itemListElement\":[{\"@type\":\"ListItem\",\"position\":1,\"name\":\"Portada\",\"item\":\"https:\/\/agrupacionespsoe.es\/ponferrada\/\"},{\"@type\":\"ListItem\",\"position\":2,\"name\":\"El Grupo Municipal Socialista pide explicaciones sobre la reforma de la Calle Marcelo Mac\u00edas que no estaba en el proyecto inicial.\"}]},{\"@type\":\"WebSite\",\"@id\":\"https:\/\/agrupacionespsoe.es\/ponferrada\/#website\",\"url\":\"https:\/\/agrupacionespsoe.es\/ponferrada\/\",\"name\":\"Agrupaci\u00f3n Socialista de Ponferrada\",\"description\":\"Agrupaci\u00f3n Socialista de Ponferrada\",\"publisher\":{\"@id\":\"https:\/\/agrupacionespsoe.es\/ponferrada\/#organization\"},\"potentialAction\":[{\"@type\":\"SearchAction\",\"target\":{\"@type\":\"EntryPoint\",\"urlTemplate\":\"https:\/\/agrupacionespsoe.es\/ponferrada\/?s={search_term_string}\"},\"query-input\":{\"@type\":\"PropertyValueSpecification\",\"valueRequired\":true,\"valueName\":\"search_term_string\"}}],\"inLanguage\":\"es\"},{\"@type\":\"Organization\",\"@id\":\"https:\/\/agrupacionespsoe.es\/ponferrada\/#organization\",\"name\":\"Agrupaci\u00f3n Socialista de Ponferrada\",\"url\":\"https:\/\/agrupacionespsoe.es\/ponferrada\/\",\"logo\":{\"@type\":\"ImageObject\",\"inLanguage\":\"es\",\"@id\":\"https:\/\/agrupacionespsoe.es\/ponferrada\/#\/schema\/logo\/image\/\",\"url\":\"https:\/\/agrupacionespsoe.es\/wp-content\/uploads\/2022\/07\/Logotipo_electoral_del_PSOE.png\",\"contentUrl\":\"https:\/\/agrupacionespsoe.es\/wp-content\/uploads\/2022\/07\/Logotipo_electoral_del_PSOE.png\",\"width\":422,\"height\":422,\"caption\":\"Agrupaci\u00f3n Socialista de Ponferrada\"},\"image\":{\"@id\":\"https:\/\/agrupacionespsoe.es\/ponferrada\/#\/schema\/logo\/image\/\"}},{\"@type\":\"Person\",\"@id\":\"https:\/\/agrupacionespsoe.es\/ponferrada\/#\/schema\/person\/cd29ee627f3b70c05d415f02596debaa\",\"name\":\"ponferrada2\",\"image\":{\"@type\":\"ImageObject\",\"inLanguage\":\"es\",\"@id\":\"https:\/\/agrupacionespsoe.es\/ponferrada\/#\/schema\/person\/image\/\",\"url\":\"https:\/\/secure.gravatar.com\/avatar\/f499eeb60144c664cf7b7edf75549b50?s=96&d=mm&r=g\",\"contentUrl\":\"https:\/\/secure.gravatar.com\/avatar\/f499eeb60144c664cf7b7edf75549b50?s=96&d=mm&r=g\",\"caption\":\"ponferrada2\"},\"url\":\"https:\/\/agrupacionespsoe.es\/ponferrada\/author\/ponferrada2\/\"}]}<\/script>\n<!-- \/ Yoast SEO plugin. -->","yoast_head_json":{"title":"El Grupo Municipal Socialista pide explicaciones sobre la reforma de la Calle Marcelo Mac\u00edas que no estaba en el proyecto inicial. - Agrupaci\u00f3n Socialista de Ponferrada","robots":{"index":"index","follow":"follow","max-snippet":"max-snippet:-1","max-image-preview":"max-image-preview:large","max-video-preview":"max-video-preview:-1"},"canonical":"https:\/\/agrupacionespsoe.es\/ponferrada\/el-grupo-municipal-socialista-pregunta-sobre-la-calle-marcelo-macias-en-la-reforma-de-la-calle-antolin-lopez-pelaez\/","og_locale":"es_ES","og_type":"article","og_title":"El Grupo Municipal Socialista pide explicaciones sobre la reforma de la Calle Marcelo Mac\u00edas que no estaba en el proyecto inicial. - Agrupaci\u00f3n Socialista de Ponferrada","og_description":"El Grupo Municipal Socialista ha denunciado esta ma\u00f1ana en una rueda de prensa la modificaci\u00f3n que ha hecho este equipo de gobierno en el proyecto de modificaci\u00f3n y adecuaci\u00f3n de aceras de la Calle Antol\u00edn L\u00f3pez Pel\u00e1ez Lo primero que ha querido hacer el concejal Pedro F. Robles es denunciar que ya han pasado m\u00e1s ...","og_url":"https:\/\/agrupacionespsoe.es\/ponferrada\/el-grupo-municipal-socialista-pregunta-sobre-la-calle-marcelo-macias-en-la-reforma-de-la-calle-antolin-lopez-pelaez\/","og_site_name":"Agrupaci\u00f3n Socialista de Ponferrada","article_published_time":"2023-10-10T10:32:57+00:00","article_modified_time":"2023-10-10T11:19:46+00:00","og_image":[{"width":2560,"height":1920,"url":"https:\/\/agrupacionespsoe.es\/ponferrada\/wp-content\/uploads\/sites\/36\/2023\/10\/IMG-8184-1-scaled.jpg","type":"image\/jpeg"}],"author":"ponferrada2","twitter_card":"summary_large_image","twitter_misc":{"Escrito por":"ponferrada2","Tiempo de lectura":"3 minutos"},"schema":{"@context":"https:\/\/schema.org","@graph":[{"@type":"Article","@id":"https:\/\/agrupacionespsoe.es\/ponferrada\/el-grupo-municipal-socialista-pregunta-sobre-la-calle-marcelo-macias-en-la-reforma-de-la-calle-antolin-lopez-pelaez\/#article","isPartOf":{"@id":"https:\/\/agrupacionespsoe.es\/ponferrada\/el-grupo-municipal-socialista-pregunta-sobre-la-calle-marcelo-macias-en-la-reforma-de-la-calle-antolin-lopez-pelaez\/"},"author":{"name":"ponferrada2","@id":"https:\/\/agrupacionespsoe.es\/ponferrada\/#\/schema\/person\/cd29ee627f3b70c05d415f02596debaa"},"headline":"El Grupo Municipal Socialista pide explicaciones sobre la reforma de la Calle Marcelo Mac\u00edas que no estaba en el proyecto inicial.","datePublished":"2023-10-10T10:32:57+00:00","dateModified":"2023-10-10T11:19:46+00:00","mainEntityOfPage":{"@id":"https:\/\/agrupacionespsoe.es\/ponferrada\/el-grupo-municipal-socialista-pregunta-sobre-la-calle-marcelo-macias-en-la-reforma-de-la-calle-antolin-lopez-pelaez\/"},"wordCount":387,"commentCount":0,"publisher":{"@id":"https:\/\/agrupacionespsoe.es\/ponferrada\/#organization"},"image":{"@id":"https:\/\/agrupacionespsoe.es\/ponferrada\/el-grupo-municipal-socialista-pregunta-sobre-la-calle-marcelo-macias-en-la-reforma-de-la-calle-antolin-lopez-pelaez\/#primaryimage"},"thumbnailUrl":"https:\/\/agrupacionespsoe.es\/ponferrada\/wp-content\/uploads\/sites\/36\/2023\/10\/IMG-8184-1-scaled.jpg","articleSection":["ACTUALIDAD"],"inLanguage":"es","potentialAction":[{"@type":"CommentAction","name":"Comment","target":["https:\/\/agrupacionespsoe.es\/ponferrada\/el-grupo-municipal-socialista-pregunta-sobre-la-calle-marcelo-macias-en-la-reforma-de-la-calle-antolin-lopez-pelaez\/#respond"]}]},{"@type":"WebPage","@id":"https:\/\/agrupacionespsoe.es\/ponferrada\/el-grupo-municipal-socialista-pregunta-sobre-la-calle-marcelo-macias-en-la-reforma-de-la-calle-antolin-lopez-pelaez\/","url":"https:\/\/agrupacionespsoe.es\/ponferrada\/el-grupo-municipal-socialista-pregunta-sobre-la-calle-marcelo-macias-en-la-reforma-de-la-calle-antolin-lopez-pelaez\/","name":"El Grupo Municipal Socialista pide explicaciones sobre la reforma de la Calle Marcelo Mac\u00edas que no estaba en el proyecto inicial. - Agrupaci\u00f3n Socialista de Ponferrada","isPartOf":{"@id":"https:\/\/agrupacionespsoe.es\/ponferrada\/#website"},"primaryImageOfPage":{"@id":"https:\/\/agrupacionespsoe.es\/ponferrada\/el-grupo-municipal-socialista-pregunta-sobre-la-calle-marcelo-macias-en-la-reforma-de-la-calle-antolin-lopez-pelaez\/#primaryimage"},"image":{"@id":"https:\/\/agrupacionespsoe.es\/ponferrada\/el-grupo-municipal-socialista-pregunta-sobre-la-calle-marcelo-macias-en-la-reforma-de-la-calle-antolin-lopez-pelaez\/#primaryimage"},"thumbnailUrl":"https:\/\/agrupacionespsoe.es\/ponferrada\/wp-content\/uploads\/sites\/36\/2023\/10\/IMG-8184-1-scaled.jpg","datePublished":"2023-10-10T10:32:57+00:00","dateModified":"2023-10-10T11:19:46+00:00","breadcrumb":{"@id":"https:\/\/agrupacionespsoe.es\/ponferrada\/el-grupo-municipal-socialista-pregunta-sobre-la-calle-marcelo-macias-en-la-reforma-de-la-calle-antolin-lopez-pelaez\/#breadcrumb"},"inLanguage":"es","potentialAction":[{"@type":"ReadAction","target":["https:\/\/agrupacionespsoe.es\/ponferrada\/el-grupo-municipal-socialista-pregunta-sobre-la-calle-marcelo-macias-en-la-reforma-de-la-calle-antolin-lopez-pelaez\/"]}]},{"@type":"ImageObject","inLanguage":"es","@id":"https:\/\/agrupacionespsoe.es\/ponferrada\/el-grupo-municipal-socialista-pregunta-sobre-la-calle-marcelo-macias-en-la-reforma-de-la-calle-antolin-lopez-pelaez\/#primaryimage","url":"https:\/\/agrupacionespsoe.es\/ponferrada\/wp-content\/uploads\/sites\/36\/2023\/10\/IMG-8184-1-scaled.jpg","contentUrl":"https:\/\/agrupacionespsoe.es\/ponferrada\/wp-content\/uploads\/sites\/36\/2023\/10\/IMG-8184-1-scaled.jpg","width":2560,"height":1920,"caption":"Concejales del GMS de Ponferrada"},{"@type":"BreadcrumbList","@id":"https:\/\/agrupacionespsoe.es\/ponferrada\/el-grupo-municipal-socialista-pregunta-sobre-la-calle-marcelo-macias-en-la-reforma-de-la-calle-antolin-lopez-pelaez\/#breadcrumb","itemListElement":[{"@type":"ListItem","position":1,"name":"Portada","item":"https:\/\/agrupacionespsoe.es\/ponferrada\/"},{"@type":"ListItem","position":2,"name":"El Grupo Municipal Socialista pide explicaciones sobre la reforma de la Calle Marcelo Mac\u00edas que no estaba en el proyecto inicial."}]},{"@type":"WebSite","@id":"https:\/\/agrupacionespsoe.es\/ponferrada\/#website","url":"https:\/\/agrupacionespsoe.es\/ponferrada\/","name":"Agrupaci\u00f3n Socialista de Ponferrada","description":"Agrupaci\u00f3n Socialista de Ponferrada","publisher":{"@id":"https:\/\/agrupacionespsoe.es\/ponferrada\/#organization"},"potentialAction":[{"@type":"SearchAction","target":{"@type":"EntryPoint","urlTemplate":"https:\/\/agrupacionespsoe.es\/ponferrada\/?s={search_term_string}"},"query-input":{"@type":"PropertyValueSpecification","valueRequired":true,"valueName":"search_term_string"}}],"inLanguage":"es"},{"@type":"Organization","@id":"https:\/\/agrupacionespsoe.es\/ponferrada\/#organization","name":"Agrupaci\u00f3n Socialista de Ponferrada","url":"https:\/\/agrupacionespsoe.es\/ponferrada\/","logo":{"@type":"ImageObject","inLanguage":"es","@id":"https:\/\/agrupacionespsoe.es\/ponferrada\/#\/schema\/logo\/image\/","url":"https:\/\/agrupacionespsoe.es\/wp-content\/uploads\/2022\/07\/Logotipo_electoral_del_PSOE.png","contentUrl":"https:\/\/agrupacionespsoe.es\/wp-content\/uploads\/2022\/07\/Logotipo_electoral_del_PSOE.png","width":422,"height":422,"caption":"Agrupaci\u00f3n Socialista de Ponferrada"},"image":{"@id":"https:\/\/agrupacionespsoe.es\/ponferrada\/#\/schema\/logo\/image\/"}},{"@type":"Person","@id":"https:\/\/agrupacionespsoe.es\/ponferrada\/#\/schema\/person\/cd29ee627f3b70c05d415f02596debaa","name":"ponferrada2","image":{"@type":"ImageObject","inLanguage":"es","@id":"https:\/\/agrupacionespsoe.es\/ponferrada\/#\/schema\/person\/image\/","url":"https:\/\/secure.gravatar.com\/avatar\/f499eeb60144c664cf7b7edf75549b50?s=96&d=mm&r=g","contentUrl":"https:\/\/secure.gravatar.com\/avatar\/f499eeb60144c664cf7b7edf75549b50?s=96&d=mm&r=g","caption":"ponferrada2"},"url":"https:\/\/agrupacionespsoe.es\/ponferrada\/author\/ponferrada2\/"}]}},"jetpack_featured_media_url":"https:\/\/agrupacionespsoe.es\/ponferrada\/wp-content\/uploads\/sites\/36\/2023\/10\/IMG-8184-1-scaled.jpg","jetpack_sharing_enabled":true,"_links":{"self":[{"href":"https:\/\/agrupacionespsoe.es\/ponferrada\/wp-json\/wp\/v2\/posts\/197","targetHints":{"allow":["GET"]}}],"collection":[{"href":"https:\/\/agrupacionespsoe.es\/ponferrada\/wp-json\/wp\/v2\/posts"}],"about":[{"href":"https:\/\/agrupacionespsoe.es\/ponferrada\/wp-json\/wp\/v2\/types\/post"}],"author":[{"embeddable":true,"href":"https:\/\/agrupacionespsoe.es\/ponferrada\/wp-json\/wp\/v2\/users\/32"}],"replies":[{"embeddable":true,"href":"https:\/\/agrupacionespsoe.es\/ponferrada\/wp-json\/wp\/v2\/comments?post=197"}],"version-history":[{"count":4,"href":"https:\/\/agrupacionespsoe.es\/ponferrada\/wp-json\/wp\/v2\/posts\/197\/revisions"}],"predecessor-version":[{"id":226,"href":"https:\/\/agrupacionespsoe.es\/ponferrada\/wp-json\/wp\/v2\/posts\/197\/revisions\/226"}],"wp:featuredmedia":[{"embeddable":true,"href":"https:\/\/agrupacionespsoe.es\/ponferrada\/wp-json\/wp\/v2\/media\/211"}],"wp:attachment":[{"href":"https:\/\/agrupacionespsoe.es\/ponferrada\/wp-json\/wp\/v2\/media?parent=197"}],"wp:term":[{"taxonomy":"category","embeddable":true,"href":"https:\/\/agrupacionespsoe.es\/ponferrada\/wp-json\/wp\/v2\/categories?post=197"},{"taxonomy":"post_tag","embeddable":true,"href":"https:\/\/agrupacionespsoe.es\/ponferrada\/wp-json\/wp\/v2\/tags?post=197"}],"curies":[{"name":"wp","href":"https:\/\/api.w.org\/{rel}","templated":true}]}}