{"id":1792,"date":"2026-04-28T14:20:08","date_gmt":"2026-04-28T14:20:08","guid":{"rendered":"https:\/\/agrupacionespsoe.es\/ponferrada\/?p=1792"},"modified":"2026-04-30T14:21:24","modified_gmt":"2026-04-30T14:21:24","slug":"ordenanza-de-festejos-sin-consenso-sin-aceptar-ninguna-aportacion-de-la-oposicion-y-sin-escuchar-a-las-entidades-que-les-afecta","status":"publish","type":"post","link":"https:\/\/agrupacionespsoe.es\/ponferrada\/ordenanza-de-festejos-sin-consenso-sin-aceptar-ninguna-aportacion-de-la-oposicion-y-sin-escuchar-a-las-entidades-que-les-afecta\/","title":{"rendered":"Ordenanza de festejos: sin consenso, sin aceptar ninguna aportaci\u00f3n de la oposici\u00f3n y sin escuchar a las entidades que les afecta"},"content":{"rendered":"\n<p>El Grupo Municipal Socialista en el Ayuntamiento de Ponferrada ha criticado la forma en la que el equipo de gobierno del Partido Popular ha aprobado inicialmente la nueva ordenanza de festejos en la comisi\u00f3n celebrada ayer, sin aceptar ninguna de las enmiendas presentadas por el grupo socialista &nbsp;y sin permitir siquiera su votaci\u00f3n, lo que puede suponer una clara vulneraci\u00f3n de los derechos fundamentales de la oposici\u00f3n.<\/p>\n\n\n\n<p>Desde el Grupo Socialista lamentan que, tras m\u00e1s de dos a\u00f1os desde el anuncio de la derogaci\u00f3n de la instrucci\u00f3n anterior, el equipo de gobierno haya tra\u00eddo un texto que \u201cno difiere en lo esencial de la normativa que tanto criticaban cuando estaban en la oposici\u00f3n\u201d.<\/p>\n\n\n\n<p>\u201cHan tenido m\u00e1s de dos a\u00f1os para trabajar esta ordenanza y el resultado es un documento continuista, sin mejoras sustanciales, incluso con nuevas obligaciones para las entidades organizadoras y sin ning\u00fan tipo de consenso\u201d. Los socialistas consideran especialmente grave que no se haya querido incorporar \u201cni una sola propuesta, a pesar de que muchas de ellas estaban orientadas a facilitar la organizaci\u00f3n de festejos y a disminuir la burocracia que se les exige a asociaciones y juntas vecinales\u201d.<\/p>\n\n\n\n<p>Adem\u00e1s, el PSOE denuncia la falta total de di\u00e1logo durante todo el proceso. \u201cNo solo han ignorado a la oposici\u00f3n, es que tampoco han contado con pedan\u00edas ni asociaciones vecinales. No ha habido ni una sola reuni\u00f3n para escuchar propuestas o trasladarles el contenido de la ordenanza\u201d.<\/p>\n\n\n\n<p>Para el Grupo Socialista, esta forma de actuar demuestra \u201cuna absoluta falta de voluntad de consenso y una manera de gobernar basada en las prisas y en las chapuzas, muy alejada de las promesas que el propio alcalde, Marco Morala, hac\u00eda.<\/p>\n\n\n\n<p>\u201cPromet\u00edan eliminar trabas y facilitar las fiestas, pero lo que han hecho es perder m\u00e1s de dos a\u00f1os para acabar dejando pr\u00e1cticamente lo mismo que hab\u00eda, sin mejoras reales y sin escuchar a nadie\u201d.<\/p>\n\n\n\n<p>Los socialistas advierten de que seguir\u00e1n defendiendo sus propuestas durante el periodo de exposici\u00f3n p\u00fablica y reclaman al equipo de gobierno que rectifique que se paren a escuchar las propuestas no solo de la oposici\u00f3n sino de las juntas vecinales y las asociaciones de vecinos que son las que m\u00e1s conocen sus necesidades y incorporen sus peticiones para hacer una ordenanza \u00fatil, consensuada y adaptada a la realidad de los pueblos y barrios del municipio.<\/p>\n\n\n\n<figure class=\"wp-block-image size-large\"><img loading=\"lazy\" decoding=\"async\" width=\"1024\" height=\"766\" src=\"https:\/\/agrupacionespsoe.es\/ponferrada\/wp-content\/uploads\/sites\/36\/2026\/04\/WhatsApp-Image-2026-04-28-at-10.51.26-1024x766.jpeg\" alt=\"\" class=\"wp-image-1793\" srcset=\"https:\/\/agrupacionespsoe.es\/ponferrada\/wp-content\/uploads\/sites\/36\/2026\/04\/WhatsApp-Image-2026-04-28-at-10.51.26-1024x766.jpeg 1024w, https:\/\/agrupacionespsoe.es\/ponferrada\/wp-content\/uploads\/sites\/36\/2026\/04\/WhatsApp-Image-2026-04-28-at-10.51.26-300x224.jpeg 300w, https:\/\/agrupacionespsoe.es\/ponferrada\/wp-content\/uploads\/sites\/36\/2026\/04\/WhatsApp-Image-2026-04-28-at-10.51.26-768x574.jpeg 768w, https:\/\/agrupacionespsoe.es\/ponferrada\/wp-content\/uploads\/sites\/36\/2026\/04\/WhatsApp-Image-2026-04-28-at-10.51.26.jpeg 1320w\" sizes=\"auto, (max-width: 1024px) 100vw, 1024px\" \/><\/figure>\n","protected":false},"excerpt":{"rendered":"<p>El Grupo Municipal Socialista en el Ayuntamiento de Ponferrada ha criticado la forma en la que el equipo de gobierno del Partido Popular ha aprobado inicialmente la nueva ordenanza de festejos en la comisi\u00f3n celebrada ayer, sin aceptar ninguna de las enmiendas presentadas por el grupo socialista &nbsp;y sin permitir siquiera su votaci\u00f3n, lo que &#8230;<\/p>\n","protected":false},"author":32,"featured_media":1793,"comment_status":"open","ping_status":"open","sticky":false,"template":"","format":"standard","meta":{"_jetpack_memberships_contains_paid_content":false,"footnotes":""},"categories":[6],"tags":[],"class_list":["post-1792","post","type-post","status-publish","format-standard","has-post-thumbnail","hentry","category-actualidad"],"yoast_head":"<!-- This site is optimized with the Yoast SEO plugin v24.0 - https:\/\/yoast.com\/wordpress\/plugins\/seo\/ -->\n<title>Ordenanza de festejos: sin consenso, sin aceptar ninguna aportaci\u00f3n de la oposici\u00f3n y sin escuchar a las entidades que les afecta - Agrupaci\u00f3n Socialista de Ponferrada<\/title>\n<meta name=\"robots\" content=\"index, follow, max-snippet:-1, max-image-preview:large, max-video-preview:-1\" \/>\n<link rel=\"canonical\" href=\"https:\/\/agrupacionespsoe.es\/ponferrada\/ordenanza-de-festejos-sin-consenso-sin-aceptar-ninguna-aportacion-de-la-oposicion-y-sin-escuchar-a-las-entidades-que-les-afecta\/\" \/>\n<meta property=\"og:locale\" content=\"es_ES\" \/>\n<meta property=\"og:type\" content=\"article\" \/>\n<meta property=\"og:title\" content=\"Ordenanza de festejos: sin consenso, sin aceptar ninguna aportaci\u00f3n de la oposici\u00f3n y sin escuchar a las entidades que les afecta - Agrupaci\u00f3n Socialista de Ponferrada\" \/>\n<meta property=\"og:description\" content=\"El Grupo Municipal Socialista en el Ayuntamiento de Ponferrada ha criticado la forma en la que el equipo de gobierno del Partido Popular ha aprobado inicialmente la nueva ordenanza de festejos en la comisi\u00f3n celebrada ayer, sin aceptar ninguna de las enmiendas presentadas por el grupo socialista &nbsp;y sin permitir siquiera su votaci\u00f3n, lo que ...\" \/>\n<meta property=\"og:url\" content=\"https:\/\/agrupacionespsoe.es\/ponferrada\/ordenanza-de-festejos-sin-consenso-sin-aceptar-ninguna-aportacion-de-la-oposicion-y-sin-escuchar-a-las-entidades-que-les-afecta\/\" \/>\n<meta property=\"og:site_name\" content=\"Agrupaci\u00f3n Socialista de Ponferrada\" \/>\n<meta property=\"article:published_time\" content=\"2026-04-28T14:20:08+00:00\" \/>\n<meta property=\"article:modified_time\" content=\"2026-04-30T14:21:24+00:00\" \/>\n<meta property=\"og:image\" content=\"https:\/\/agrupacionespsoe.es\/ponferrada\/wp-content\/uploads\/sites\/36\/2026\/04\/WhatsApp-Image-2026-04-28-at-10.51.26.jpeg\" \/>\n\t<meta property=\"og:image:width\" content=\"1320\" \/>\n\t<meta property=\"og:image:height\" content=\"987\" \/>\n\t<meta property=\"og:image:type\" content=\"image\/jpeg\" \/>\n<meta name=\"author\" content=\"ponferrada2\" \/>\n<meta name=\"twitter:card\" content=\"summary_large_image\" \/>\n<meta name=\"twitter:label1\" content=\"Escrito por\" \/>\n\t<meta name=\"twitter:data1\" content=\"ponferrada2\" \/>\n\t<meta name=\"twitter:label2\" content=\"Tiempo de lectura\" \/>\n\t<meta name=\"twitter:data2\" content=\"3 minutos\" \/>\n<script type=\"application\/ld+json\" class=\"yoast-schema-graph\">{\"@context\":\"https:\/\/schema.org\",\"@graph\":[{\"@type\":\"Article\",\"@id\":\"https:\/\/agrupacionespsoe.es\/ponferrada\/ordenanza-de-festejos-sin-consenso-sin-aceptar-ninguna-aportacion-de-la-oposicion-y-sin-escuchar-a-las-entidades-que-les-afecta\/#article\",\"isPartOf\":{\"@id\":\"https:\/\/agrupacionespsoe.es\/ponferrada\/ordenanza-de-festejos-sin-consenso-sin-aceptar-ninguna-aportacion-de-la-oposicion-y-sin-escuchar-a-las-entidades-que-les-afecta\/\"},\"author\":{\"name\":\"ponferrada2\",\"@id\":\"https:\/\/agrupacionespsoe.es\/ponferrada\/#\/schema\/person\/cd29ee627f3b70c05d415f02596debaa\"},\"headline\":\"Ordenanza de festejos: sin consenso, sin aceptar ninguna aportaci\u00f3n de la oposici\u00f3n y sin escuchar a las entidades que les afecta\",\"datePublished\":\"2026-04-28T14:20:08+00:00\",\"dateModified\":\"2026-04-30T14:21:24+00:00\",\"mainEntityOfPage\":{\"@id\":\"https:\/\/agrupacionespsoe.es\/ponferrada\/ordenanza-de-festejos-sin-consenso-sin-aceptar-ninguna-aportacion-de-la-oposicion-y-sin-escuchar-a-las-entidades-que-les-afecta\/\"},\"wordCount\":442,\"commentCount\":0,\"publisher\":{\"@id\":\"https:\/\/agrupacionespsoe.es\/ponferrada\/#organization\"},\"image\":{\"@id\":\"https:\/\/agrupacionespsoe.es\/ponferrada\/ordenanza-de-festejos-sin-consenso-sin-aceptar-ninguna-aportacion-de-la-oposicion-y-sin-escuchar-a-las-entidades-que-les-afecta\/#primaryimage\"},\"thumbnailUrl\":\"https:\/\/agrupacionespsoe.es\/ponferrada\/wp-content\/uploads\/sites\/36\/2026\/04\/WhatsApp-Image-2026-04-28-at-10.51.26.jpeg\",\"articleSection\":[\"ACTUALIDAD\"],\"inLanguage\":\"es\",\"potentialAction\":[{\"@type\":\"CommentAction\",\"name\":\"Comment\",\"target\":[\"https:\/\/agrupacionespsoe.es\/ponferrada\/ordenanza-de-festejos-sin-consenso-sin-aceptar-ninguna-aportacion-de-la-oposicion-y-sin-escuchar-a-las-entidades-que-les-afecta\/#respond\"]}]},{\"@type\":\"WebPage\",\"@id\":\"https:\/\/agrupacionespsoe.es\/ponferrada\/ordenanza-de-festejos-sin-consenso-sin-aceptar-ninguna-aportacion-de-la-oposicion-y-sin-escuchar-a-las-entidades-que-les-afecta\/\",\"url\":\"https:\/\/agrupacionespsoe.es\/ponferrada\/ordenanza-de-festejos-sin-consenso-sin-aceptar-ninguna-aportacion-de-la-oposicion-y-sin-escuchar-a-las-entidades-que-les-afecta\/\",\"name\":\"Ordenanza de festejos: sin consenso, sin aceptar ninguna aportaci\u00f3n de la oposici\u00f3n y sin escuchar a las entidades que les afecta - Agrupaci\u00f3n Socialista de Ponferrada\",\"isPartOf\":{\"@id\":\"https:\/\/agrupacionespsoe.es\/ponferrada\/#website\"},\"primaryImageOfPage\":{\"@id\":\"https:\/\/agrupacionespsoe.es\/ponferrada\/ordenanza-de-festejos-sin-consenso-sin-aceptar-ninguna-aportacion-de-la-oposicion-y-sin-escuchar-a-las-entidades-que-les-afecta\/#primaryimage\"},\"image\":{\"@id\":\"https:\/\/agrupacionespsoe.es\/ponferrada\/ordenanza-de-festejos-sin-consenso-sin-aceptar-ninguna-aportacion-de-la-oposicion-y-sin-escuchar-a-las-entidades-que-les-afecta\/#primaryimage\"},\"thumbnailUrl\":\"https:\/\/agrupacionespsoe.es\/ponferrada\/wp-content\/uploads\/sites\/36\/2026\/04\/WhatsApp-Image-2026-04-28-at-10.51.26.jpeg\",\"datePublished\":\"2026-04-28T14:20:08+00:00\",\"dateModified\":\"2026-04-30T14:21:24+00:00\",\"breadcrumb\":{\"@id\":\"https:\/\/agrupacionespsoe.es\/ponferrada\/ordenanza-de-festejos-sin-consenso-sin-aceptar-ninguna-aportacion-de-la-oposicion-y-sin-escuchar-a-las-entidades-que-les-afecta\/#breadcrumb\"},\"inLanguage\":\"es\",\"potentialAction\":[{\"@type\":\"ReadAction\",\"target\":[\"https:\/\/agrupacionespsoe.es\/ponferrada\/ordenanza-de-festejos-sin-consenso-sin-aceptar-ninguna-aportacion-de-la-oposicion-y-sin-escuchar-a-las-entidades-que-les-afecta\/\"]}]},{\"@type\":\"ImageObject\",\"inLanguage\":\"es\",\"@id\":\"https:\/\/agrupacionespsoe.es\/ponferrada\/ordenanza-de-festejos-sin-consenso-sin-aceptar-ninguna-aportacion-de-la-oposicion-y-sin-escuchar-a-las-entidades-que-les-afecta\/#primaryimage\",\"url\":\"https:\/\/agrupacionespsoe.es\/ponferrada\/wp-content\/uploads\/sites\/36\/2026\/04\/WhatsApp-Image-2026-04-28-at-10.51.26.jpeg\",\"contentUrl\":\"https:\/\/agrupacionespsoe.es\/ponferrada\/wp-content\/uploads\/sites\/36\/2026\/04\/WhatsApp-Image-2026-04-28-at-10.51.26.jpeg\",\"width\":1320,\"height\":987},{\"@type\":\"BreadcrumbList\",\"@id\":\"https:\/\/agrupacionespsoe.es\/ponferrada\/ordenanza-de-festejos-sin-consenso-sin-aceptar-ninguna-aportacion-de-la-oposicion-y-sin-escuchar-a-las-entidades-que-les-afecta\/#breadcrumb\",\"itemListElement\":[{\"@type\":\"ListItem\",\"position\":1,\"name\":\"Portada\",\"item\":\"https:\/\/agrupacionespsoe.es\/ponferrada\/\"},{\"@type\":\"ListItem\",\"position\":2,\"name\":\"Ordenanza de festejos: sin consenso, sin aceptar ninguna aportaci\u00f3n de la oposici\u00f3n y sin escuchar a las entidades que les afecta\"}]},{\"@type\":\"WebSite\",\"@id\":\"https:\/\/agrupacionespsoe.es\/ponferrada\/#website\",\"url\":\"https:\/\/agrupacionespsoe.es\/ponferrada\/\",\"name\":\"Agrupaci\u00f3n Socialista de Ponferrada\",\"description\":\"Agrupaci\u00f3n Socialista de Ponferrada\",\"publisher\":{\"@id\":\"https:\/\/agrupacionespsoe.es\/ponferrada\/#organization\"},\"potentialAction\":[{\"@type\":\"SearchAction\",\"target\":{\"@type\":\"EntryPoint\",\"urlTemplate\":\"https:\/\/agrupacionespsoe.es\/ponferrada\/?s={search_term_string}\"},\"query-input\":{\"@type\":\"PropertyValueSpecification\",\"valueRequired\":true,\"valueName\":\"search_term_string\"}}],\"inLanguage\":\"es\"},{\"@type\":\"Organization\",\"@id\":\"https:\/\/agrupacionespsoe.es\/ponferrada\/#organization\",\"name\":\"Agrupaci\u00f3n Socialista de Ponferrada\",\"url\":\"https:\/\/agrupacionespsoe.es\/ponferrada\/\",\"logo\":{\"@type\":\"ImageObject\",\"inLanguage\":\"es\",\"@id\":\"https:\/\/agrupacionespsoe.es\/ponferrada\/#\/schema\/logo\/image\/\",\"url\":\"https:\/\/agrupacionespsoe.es\/wp-content\/uploads\/2022\/07\/Logotipo_electoral_del_PSOE.png\",\"contentUrl\":\"https:\/\/agrupacionespsoe.es\/wp-content\/uploads\/2022\/07\/Logotipo_electoral_del_PSOE.png\",\"width\":422,\"height\":422,\"caption\":\"Agrupaci\u00f3n Socialista de Ponferrada\"},\"image\":{\"@id\":\"https:\/\/agrupacionespsoe.es\/ponferrada\/#\/schema\/logo\/image\/\"}},{\"@type\":\"Person\",\"@id\":\"https:\/\/agrupacionespsoe.es\/ponferrada\/#\/schema\/person\/cd29ee627f3b70c05d415f02596debaa\",\"name\":\"ponferrada2\",\"image\":{\"@type\":\"ImageObject\",\"inLanguage\":\"es\",\"@id\":\"https:\/\/agrupacionespsoe.es\/ponferrada\/#\/schema\/person\/image\/\",\"url\":\"https:\/\/secure.gravatar.com\/avatar\/f499eeb60144c664cf7b7edf75549b50?s=96&d=mm&r=g\",\"contentUrl\":\"https:\/\/secure.gravatar.com\/avatar\/f499eeb60144c664cf7b7edf75549b50?s=96&d=mm&r=g\",\"caption\":\"ponferrada2\"},\"url\":\"https:\/\/agrupacionespsoe.es\/ponferrada\/author\/ponferrada2\/\"}]}<\/script>\n<!-- \/ Yoast SEO plugin. -->","yoast_head_json":{"title":"Ordenanza de festejos: sin consenso, sin aceptar ninguna aportaci\u00f3n de la oposici\u00f3n y sin escuchar a las entidades que les afecta - Agrupaci\u00f3n Socialista de Ponferrada","robots":{"index":"index","follow":"follow","max-snippet":"max-snippet:-1","max-image-preview":"max-image-preview:large","max-video-preview":"max-video-preview:-1"},"canonical":"https:\/\/agrupacionespsoe.es\/ponferrada\/ordenanza-de-festejos-sin-consenso-sin-aceptar-ninguna-aportacion-de-la-oposicion-y-sin-escuchar-a-las-entidades-que-les-afecta\/","og_locale":"es_ES","og_type":"article","og_title":"Ordenanza de festejos: sin consenso, sin aceptar ninguna aportaci\u00f3n de la oposici\u00f3n y sin escuchar a las entidades que les afecta - Agrupaci\u00f3n Socialista de Ponferrada","og_description":"El Grupo Municipal Socialista en el Ayuntamiento de Ponferrada ha criticado la forma en la que el equipo de gobierno del Partido Popular ha aprobado inicialmente la nueva ordenanza de festejos en la comisi\u00f3n celebrada ayer, sin aceptar ninguna de las enmiendas presentadas por el grupo socialista &nbsp;y sin permitir siquiera su votaci\u00f3n, lo que ...","og_url":"https:\/\/agrupacionespsoe.es\/ponferrada\/ordenanza-de-festejos-sin-consenso-sin-aceptar-ninguna-aportacion-de-la-oposicion-y-sin-escuchar-a-las-entidades-que-les-afecta\/","og_site_name":"Agrupaci\u00f3n Socialista de Ponferrada","article_published_time":"2026-04-28T14:20:08+00:00","article_modified_time":"2026-04-30T14:21:24+00:00","og_image":[{"width":1320,"height":987,"url":"https:\/\/agrupacionespsoe.es\/ponferrada\/wp-content\/uploads\/sites\/36\/2026\/04\/WhatsApp-Image-2026-04-28-at-10.51.26.jpeg","type":"image\/jpeg"}],"author":"ponferrada2","twitter_card":"summary_large_image","twitter_misc":{"Escrito por":"ponferrada2","Tiempo de lectura":"3 minutos"},"schema":{"@context":"https:\/\/schema.org","@graph":[{"@type":"Article","@id":"https:\/\/agrupacionespsoe.es\/ponferrada\/ordenanza-de-festejos-sin-consenso-sin-aceptar-ninguna-aportacion-de-la-oposicion-y-sin-escuchar-a-las-entidades-que-les-afecta\/#article","isPartOf":{"@id":"https:\/\/agrupacionespsoe.es\/ponferrada\/ordenanza-de-festejos-sin-consenso-sin-aceptar-ninguna-aportacion-de-la-oposicion-y-sin-escuchar-a-las-entidades-que-les-afecta\/"},"author":{"name":"ponferrada2","@id":"https:\/\/agrupacionespsoe.es\/ponferrada\/#\/schema\/person\/cd29ee627f3b70c05d415f02596debaa"},"headline":"Ordenanza de festejos: sin consenso, sin aceptar ninguna aportaci\u00f3n de la oposici\u00f3n y sin escuchar a las entidades que les afecta","datePublished":"2026-04-28T14:20:08+00:00","dateModified":"2026-04-30T14:21:24+00:00","mainEntityOfPage":{"@id":"https:\/\/agrupacionespsoe.es\/ponferrada\/ordenanza-de-festejos-sin-consenso-sin-aceptar-ninguna-aportacion-de-la-oposicion-y-sin-escuchar-a-las-entidades-que-les-afecta\/"},"wordCount":442,"commentCount":0,"publisher":{"@id":"https:\/\/agrupacionespsoe.es\/ponferrada\/#organization"},"image":{"@id":"https:\/\/agrupacionespsoe.es\/ponferrada\/ordenanza-de-festejos-sin-consenso-sin-aceptar-ninguna-aportacion-de-la-oposicion-y-sin-escuchar-a-las-entidades-que-les-afecta\/#primaryimage"},"thumbnailUrl":"https:\/\/agrupacionespsoe.es\/ponferrada\/wp-content\/uploads\/sites\/36\/2026\/04\/WhatsApp-Image-2026-04-28-at-10.51.26.jpeg","articleSection":["ACTUALIDAD"],"inLanguage":"es","potentialAction":[{"@type":"CommentAction","name":"Comment","target":["https:\/\/agrupacionespsoe.es\/ponferrada\/ordenanza-de-festejos-sin-consenso-sin-aceptar-ninguna-aportacion-de-la-oposicion-y-sin-escuchar-a-las-entidades-que-les-afecta\/#respond"]}]},{"@type":"WebPage","@id":"https:\/\/agrupacionespsoe.es\/ponferrada\/ordenanza-de-festejos-sin-consenso-sin-aceptar-ninguna-aportacion-de-la-oposicion-y-sin-escuchar-a-las-entidades-que-les-afecta\/","url":"https:\/\/agrupacionespsoe.es\/ponferrada\/ordenanza-de-festejos-sin-consenso-sin-aceptar-ninguna-aportacion-de-la-oposicion-y-sin-escuchar-a-las-entidades-que-les-afecta\/","name":"Ordenanza de festejos: sin consenso, sin aceptar ninguna aportaci\u00f3n de la oposici\u00f3n y sin escuchar a las entidades que les afecta - Agrupaci\u00f3n Socialista de Ponferrada","isPartOf":{"@id":"https:\/\/agrupacionespsoe.es\/ponferrada\/#website"},"primaryImageOfPage":{"@id":"https:\/\/agrupacionespsoe.es\/ponferrada\/ordenanza-de-festejos-sin-consenso-sin-aceptar-ninguna-aportacion-de-la-oposicion-y-sin-escuchar-a-las-entidades-que-les-afecta\/#primaryimage"},"image":{"@id":"https:\/\/agrupacionespsoe.es\/ponferrada\/ordenanza-de-festejos-sin-consenso-sin-aceptar-ninguna-aportacion-de-la-oposicion-y-sin-escuchar-a-las-entidades-que-les-afecta\/#primaryimage"},"thumbnailUrl":"https:\/\/agrupacionespsoe.es\/ponferrada\/wp-content\/uploads\/sites\/36\/2026\/04\/WhatsApp-Image-2026-04-28-at-10.51.26.jpeg","datePublished":"2026-04-28T14:20:08+00:00","dateModified":"2026-04-30T14:21:24+00:00","breadcrumb":{"@id":"https:\/\/agrupacionespsoe.es\/ponferrada\/ordenanza-de-festejos-sin-consenso-sin-aceptar-ninguna-aportacion-de-la-oposicion-y-sin-escuchar-a-las-entidades-que-les-afecta\/#breadcrumb"},"inLanguage":"es","potentialAction":[{"@type":"ReadAction","target":["https:\/\/agrupacionespsoe.es\/ponferrada\/ordenanza-de-festejos-sin-consenso-sin-aceptar-ninguna-aportacion-de-la-oposicion-y-sin-escuchar-a-las-entidades-que-les-afecta\/"]}]},{"@type":"ImageObject","inLanguage":"es","@id":"https:\/\/agrupacionespsoe.es\/ponferrada\/ordenanza-de-festejos-sin-consenso-sin-aceptar-ninguna-aportacion-de-la-oposicion-y-sin-escuchar-a-las-entidades-que-les-afecta\/#primaryimage","url":"https:\/\/agrupacionespsoe.es\/ponferrada\/wp-content\/uploads\/sites\/36\/2026\/04\/WhatsApp-Image-2026-04-28-at-10.51.26.jpeg","contentUrl":"https:\/\/agrupacionespsoe.es\/ponferrada\/wp-content\/uploads\/sites\/36\/2026\/04\/WhatsApp-Image-2026-04-28-at-10.51.26.jpeg","width":1320,"height":987},{"@type":"BreadcrumbList","@id":"https:\/\/agrupacionespsoe.es\/ponferrada\/ordenanza-de-festejos-sin-consenso-sin-aceptar-ninguna-aportacion-de-la-oposicion-y-sin-escuchar-a-las-entidades-que-les-afecta\/#breadcrumb","itemListElement":[{"@type":"ListItem","position":1,"name":"Portada","item":"https:\/\/agrupacionespsoe.es\/ponferrada\/"},{"@type":"ListItem","position":2,"name":"Ordenanza de festejos: sin consenso, sin aceptar ninguna aportaci\u00f3n de la oposici\u00f3n y sin escuchar a las entidades que les afecta"}]},{"@type":"WebSite","@id":"https:\/\/agrupacionespsoe.es\/ponferrada\/#website","url":"https:\/\/agrupacionespsoe.es\/ponferrada\/","name":"Agrupaci\u00f3n Socialista de Ponferrada","description":"Agrupaci\u00f3n Socialista de Ponferrada","publisher":{"@id":"https:\/\/agrupacionespsoe.es\/ponferrada\/#organization"},"potentialAction":[{"@type":"SearchAction","target":{"@type":"EntryPoint","urlTemplate":"https:\/\/agrupacionespsoe.es\/ponferrada\/?s={search_term_string}"},"query-input":{"@type":"PropertyValueSpecification","valueRequired":true,"valueName":"search_term_string"}}],"inLanguage":"es"},{"@type":"Organization","@id":"https:\/\/agrupacionespsoe.es\/ponferrada\/#organization","name":"Agrupaci\u00f3n Socialista de Ponferrada","url":"https:\/\/agrupacionespsoe.es\/ponferrada\/","logo":{"@type":"ImageObject","inLanguage":"es","@id":"https:\/\/agrupacionespsoe.es\/ponferrada\/#\/schema\/logo\/image\/","url":"https:\/\/agrupacionespsoe.es\/wp-content\/uploads\/2022\/07\/Logotipo_electoral_del_PSOE.png","contentUrl":"https:\/\/agrupacionespsoe.es\/wp-content\/uploads\/2022\/07\/Logotipo_electoral_del_PSOE.png","width":422,"height":422,"caption":"Agrupaci\u00f3n Socialista de Ponferrada"},"image":{"@id":"https:\/\/agrupacionespsoe.es\/ponferrada\/#\/schema\/logo\/image\/"}},{"@type":"Person","@id":"https:\/\/agrupacionespsoe.es\/ponferrada\/#\/schema\/person\/cd29ee627f3b70c05d415f02596debaa","name":"ponferrada2","image":{"@type":"ImageObject","inLanguage":"es","@id":"https:\/\/agrupacionespsoe.es\/ponferrada\/#\/schema\/person\/image\/","url":"https:\/\/secure.gravatar.com\/avatar\/f499eeb60144c664cf7b7edf75549b50?s=96&d=mm&r=g","contentUrl":"https:\/\/secure.gravatar.com\/avatar\/f499eeb60144c664cf7b7edf75549b50?s=96&d=mm&r=g","caption":"ponferrada2"},"url":"https:\/\/agrupacionespsoe.es\/ponferrada\/author\/ponferrada2\/"}]}},"jetpack_featured_media_url":"https:\/\/agrupacionespsoe.es\/ponferrada\/wp-content\/uploads\/sites\/36\/2026\/04\/WhatsApp-Image-2026-04-28-at-10.51.26.jpeg","jetpack_sharing_enabled":true,"_links":{"self":[{"href":"https:\/\/agrupacionespsoe.es\/ponferrada\/wp-json\/wp\/v2\/posts\/1792","targetHints":{"allow":["GET"]}}],"collection":[{"href":"https:\/\/agrupacionespsoe.es\/ponferrada\/wp-json\/wp\/v2\/posts"}],"about":[{"href":"https:\/\/agrupacionespsoe.es\/ponferrada\/wp-json\/wp\/v2\/types\/post"}],"author":[{"embeddable":true,"href":"https:\/\/agrupacionespsoe.es\/ponferrada\/wp-json\/wp\/v2\/users\/32"}],"replies":[{"embeddable":true,"href":"https:\/\/agrupacionespsoe.es\/ponferrada\/wp-json\/wp\/v2\/comments?post=1792"}],"version-history":[{"count":2,"href":"https:\/\/agrupacionespsoe.es\/ponferrada\/wp-json\/wp\/v2\/posts\/1792\/revisions"}],"predecessor-version":[{"id":1795,"href":"https:\/\/agrupacionespsoe.es\/ponferrada\/wp-json\/wp\/v2\/posts\/1792\/revisions\/1795"}],"wp:featuredmedia":[{"embeddable":true,"href":"https:\/\/agrupacionespsoe.es\/ponferrada\/wp-json\/wp\/v2\/media\/1793"}],"wp:attachment":[{"href":"https:\/\/agrupacionespsoe.es\/ponferrada\/wp-json\/wp\/v2\/media?parent=1792"}],"wp:term":[{"taxonomy":"category","embeddable":true,"href":"https:\/\/agrupacionespsoe.es\/ponferrada\/wp-json\/wp\/v2\/categories?post=1792"},{"taxonomy":"post_tag","embeddable":true,"href":"https:\/\/agrupacionespsoe.es\/ponferrada\/wp-json\/wp\/v2\/tags?post=1792"}],"curies":[{"name":"wp","href":"https:\/\/api.w.org\/{rel}","templated":true}]}}