{"id":1788,"date":"2026-04-27T10:12:32","date_gmt":"2026-04-27T10:12:32","guid":{"rendered":"https:\/\/agrupacionespsoe.es\/ponferrada\/?p=1788"},"modified":"2026-04-27T10:12:33","modified_gmt":"2026-04-27T10:12:33","slug":"de-los-pasos-significativos-a-la-paralisis-total-la-ronda-sur-no-avanza-en-ponferrada","status":"publish","type":"post","link":"https:\/\/agrupacionespsoe.es\/ponferrada\/de-los-pasos-significativos-a-la-paralisis-total-la-ronda-sur-no-avanza-en-ponferrada\/","title":{"rendered":"De los \u201cpasos significativos\u201d a la par\u00e1lisis total: la Ronda Sur no avanza en Ponferrada"},"content":{"rendered":"\n<p>El Grupo Municipal Socialista en el Ayuntamiento de Ponferrada ha denunciado un nuevo incumplimiento del equipo de gobierno del PP en relaci\u00f3n con uno de los compromisos m\u00e1s relevantes de su propio pacto: el desarrollo de la Ronda Sur.<\/p>\n\n\n\n<p>Los socialistas recuerdan que esta infraestructura figuraba expresamente en el acuerdo de gobierno, donde se recog\u00eda la ejecuci\u00f3n de una primera fase con proyecto, expropiaciones y actuaci\u00f3n en el entorno de Flores del Sil, con una inversi\u00f3n prevista de 2,5 millones de euros. Sin embargo, cuando se van a cumplir los tres a\u00f1os de mandato, no se ha producido ning\u00fan avance real.<\/p>\n\n\n\n<p>Desde el PSOE se\u00f1alan que, lejos de reconocer la complejidad del proyecto \u2014que siempre han considerado una actuaci\u00f3n estrat\u00e9gica pero de dif\u00edcil desarrollo\u2014, el equipo de gobierno del PP opt\u00f3 desde el inicio por generar expectativas irreales, presentando la Ronda Sur \u201ccomo un hecho inminente\u201d y apoy\u00e1ndose en supuestas buenas relaciones institucionales que, a d\u00eda de hoy, no han servido absolutamente para nada.<\/p>\n\n\n\n<p>Critican que \u201clo que hemos visto es un ejercicio de propaganda: titulares vac\u00edos y declaraciones ambiguas hablando de \u2018pasos significativos\u2019 cuando la realidad es que no hay proyecto, no hay financiaci\u00f3n y no hay ning\u00fan avance tangible\u201d.<\/p>\n\n\n\n<p>Para el Grupo Socialista, este caso refleja perfectamente la forma de gobernar del actual alcalde, Marco Morala: anuncios grandilocuentes que nunca se concretan y compromisos que se diluyen con el paso del tiempo.<\/p>\n\n\n\n<p>\u201cEste pacto de gobierno empieza a ser menos que papel mojado. Prometieron una infraestructura clave para la movilidad de la ciudad y, casi tres a\u00f1os despu\u00e9s, lo \u00fanico que hay son declaraciones en medios y ninguna gesti\u00f3n real\u201d.<\/p>\n\n\n\n<p>Adem\u00e1s, los socialistas cuestionan que el alcalde apelara a sus \u201cbuenas relaciones\u201d con otras administraciones como argumento, cuando esas relaciones no se est\u00e1n traduciendo en inversiones ni en avances efectivos para la ciudad.<\/p>\n\n\n\n<p>\u201cNi hay Ronda Sur, ni hay pasos significativos, ni hay resultados. Lo \u00fanico que hay es humo\u201d.<\/p>\n\n\n\n<figure class=\"wp-block-image size-large\"><img loading=\"lazy\" decoding=\"async\" width=\"1024\" height=\"768\" src=\"https:\/\/agrupacionespsoe.es\/ponferrada\/wp-content\/uploads\/sites\/36\/2026\/04\/WhatsApp-Image-2026-04-27-at-12.11.30-1024x768.jpeg\" alt=\"\" class=\"wp-image-1789\" srcset=\"https:\/\/agrupacionespsoe.es\/ponferrada\/wp-content\/uploads\/sites\/36\/2026\/04\/WhatsApp-Image-2026-04-27-at-12.11.30-1024x768.jpeg 1024w, https:\/\/agrupacionespsoe.es\/ponferrada\/wp-content\/uploads\/sites\/36\/2026\/04\/WhatsApp-Image-2026-04-27-at-12.11.30-300x225.jpeg 300w, https:\/\/agrupacionespsoe.es\/ponferrada\/wp-content\/uploads\/sites\/36\/2026\/04\/WhatsApp-Image-2026-04-27-at-12.11.30-768x576.jpeg 768w, https:\/\/agrupacionespsoe.es\/ponferrada\/wp-content\/uploads\/sites\/36\/2026\/04\/WhatsApp-Image-2026-04-27-at-12.11.30-1536x1152.jpeg 1536w, https:\/\/agrupacionespsoe.es\/ponferrada\/wp-content\/uploads\/sites\/36\/2026\/04\/WhatsApp-Image-2026-04-27-at-12.11.30.jpeg 2048w\" sizes=\"auto, (max-width: 1024px) 100vw, 1024px\" \/><\/figure>\n","protected":false},"excerpt":{"rendered":"<p>El Grupo Municipal Socialista en el Ayuntamiento de Ponferrada ha denunciado un nuevo incumplimiento del equipo de gobierno del PP en relaci\u00f3n con uno de los compromisos m\u00e1s relevantes de su propio pacto: el desarrollo de la Ronda Sur. Los socialistas recuerdan que esta infraestructura figuraba expresamente en el acuerdo de gobierno, donde se recog\u00eda &#8230;<\/p>\n","protected":false},"author":32,"featured_media":1789,"comment_status":"open","ping_status":"open","sticky":false,"template":"","format":"standard","meta":{"_jetpack_memberships_contains_paid_content":false,"footnotes":""},"categories":[6],"tags":[],"class_list":["post-1788","post","type-post","status-publish","format-standard","has-post-thumbnail","hentry","category-actualidad"],"yoast_head":"<!-- This site is optimized with the Yoast SEO plugin v24.0 - https:\/\/yoast.com\/wordpress\/plugins\/seo\/ -->\n<title>De los \u201cpasos significativos\u201d a la par\u00e1lisis total: la Ronda Sur no avanza en Ponferrada - Agrupaci\u00f3n Socialista de Ponferrada<\/title>\n<meta name=\"robots\" content=\"index, follow, max-snippet:-1, max-image-preview:large, max-video-preview:-1\" \/>\n<link rel=\"canonical\" href=\"https:\/\/agrupacionespsoe.es\/ponferrada\/de-los-pasos-significativos-a-la-paralisis-total-la-ronda-sur-no-avanza-en-ponferrada\/\" \/>\n<meta property=\"og:locale\" content=\"es_ES\" \/>\n<meta property=\"og:type\" content=\"article\" \/>\n<meta property=\"og:title\" content=\"De los \u201cpasos significativos\u201d a la par\u00e1lisis total: la Ronda Sur no avanza en Ponferrada - Agrupaci\u00f3n Socialista de Ponferrada\" \/>\n<meta property=\"og:description\" content=\"El Grupo Municipal Socialista en el Ayuntamiento de Ponferrada ha denunciado un nuevo incumplimiento del equipo de gobierno del PP en relaci\u00f3n con uno de los compromisos m\u00e1s relevantes de su propio pacto: el desarrollo de la Ronda Sur. Los socialistas recuerdan que esta infraestructura figuraba expresamente en el acuerdo de gobierno, donde se recog\u00eda ...\" \/>\n<meta property=\"og:url\" content=\"https:\/\/agrupacionespsoe.es\/ponferrada\/de-los-pasos-significativos-a-la-paralisis-total-la-ronda-sur-no-avanza-en-ponferrada\/\" \/>\n<meta property=\"og:site_name\" content=\"Agrupaci\u00f3n Socialista de Ponferrada\" \/>\n<meta property=\"article:published_time\" content=\"2026-04-27T10:12:32+00:00\" \/>\n<meta property=\"article:modified_time\" content=\"2026-04-27T10:12:33+00:00\" \/>\n<meta property=\"og:image\" content=\"https:\/\/agrupacionespsoe.es\/ponferrada\/wp-content\/uploads\/sites\/36\/2026\/04\/WhatsApp-Image-2026-04-27-at-12.11.30.jpeg\" \/>\n\t<meta property=\"og:image:width\" content=\"2048\" \/>\n\t<meta property=\"og:image:height\" content=\"1536\" \/>\n\t<meta property=\"og:image:type\" content=\"image\/jpeg\" \/>\n<meta name=\"author\" content=\"ponferrada2\" \/>\n<meta name=\"twitter:card\" content=\"summary_large_image\" \/>\n<meta name=\"twitter:label1\" content=\"Escrito por\" \/>\n\t<meta name=\"twitter:data1\" content=\"ponferrada2\" \/>\n\t<meta name=\"twitter:label2\" content=\"Tiempo de lectura\" \/>\n\t<meta name=\"twitter:data2\" content=\"2 minutos\" \/>\n<script type=\"application\/ld+json\" class=\"yoast-schema-graph\">{\"@context\":\"https:\/\/schema.org\",\"@graph\":[{\"@type\":\"Article\",\"@id\":\"https:\/\/agrupacionespsoe.es\/ponferrada\/de-los-pasos-significativos-a-la-paralisis-total-la-ronda-sur-no-avanza-en-ponferrada\/#article\",\"isPartOf\":{\"@id\":\"https:\/\/agrupacionespsoe.es\/ponferrada\/de-los-pasos-significativos-a-la-paralisis-total-la-ronda-sur-no-avanza-en-ponferrada\/\"},\"author\":{\"name\":\"ponferrada2\",\"@id\":\"https:\/\/agrupacionespsoe.es\/ponferrada\/#\/schema\/person\/cd29ee627f3b70c05d415f02596debaa\"},\"headline\":\"De los \u201cpasos significativos\u201d a la par\u00e1lisis total: la Ronda Sur no avanza en Ponferrada\",\"datePublished\":\"2026-04-27T10:12:32+00:00\",\"dateModified\":\"2026-04-27T10:12:33+00:00\",\"mainEntityOfPage\":{\"@id\":\"https:\/\/agrupacionespsoe.es\/ponferrada\/de-los-pasos-significativos-a-la-paralisis-total-la-ronda-sur-no-avanza-en-ponferrada\/\"},\"wordCount\":359,\"commentCount\":0,\"publisher\":{\"@id\":\"https:\/\/agrupacionespsoe.es\/ponferrada\/#organization\"},\"image\":{\"@id\":\"https:\/\/agrupacionespsoe.es\/ponferrada\/de-los-pasos-significativos-a-la-paralisis-total-la-ronda-sur-no-avanza-en-ponferrada\/#primaryimage\"},\"thumbnailUrl\":\"https:\/\/agrupacionespsoe.es\/ponferrada\/wp-content\/uploads\/sites\/36\/2026\/04\/WhatsApp-Image-2026-04-27-at-12.11.30.jpeg\",\"articleSection\":[\"ACTUALIDAD\"],\"inLanguage\":\"es\",\"potentialAction\":[{\"@type\":\"CommentAction\",\"name\":\"Comment\",\"target\":[\"https:\/\/agrupacionespsoe.es\/ponferrada\/de-los-pasos-significativos-a-la-paralisis-total-la-ronda-sur-no-avanza-en-ponferrada\/#respond\"]}]},{\"@type\":\"WebPage\",\"@id\":\"https:\/\/agrupacionespsoe.es\/ponferrada\/de-los-pasos-significativos-a-la-paralisis-total-la-ronda-sur-no-avanza-en-ponferrada\/\",\"url\":\"https:\/\/agrupacionespsoe.es\/ponferrada\/de-los-pasos-significativos-a-la-paralisis-total-la-ronda-sur-no-avanza-en-ponferrada\/\",\"name\":\"De los \u201cpasos significativos\u201d a la par\u00e1lisis total: la Ronda Sur no avanza en Ponferrada - Agrupaci\u00f3n Socialista de Ponferrada\",\"isPartOf\":{\"@id\":\"https:\/\/agrupacionespsoe.es\/ponferrada\/#website\"},\"primaryImageOfPage\":{\"@id\":\"https:\/\/agrupacionespsoe.es\/ponferrada\/de-los-pasos-significativos-a-la-paralisis-total-la-ronda-sur-no-avanza-en-ponferrada\/#primaryimage\"},\"image\":{\"@id\":\"https:\/\/agrupacionespsoe.es\/ponferrada\/de-los-pasos-significativos-a-la-paralisis-total-la-ronda-sur-no-avanza-en-ponferrada\/#primaryimage\"},\"thumbnailUrl\":\"https:\/\/agrupacionespsoe.es\/ponferrada\/wp-content\/uploads\/sites\/36\/2026\/04\/WhatsApp-Image-2026-04-27-at-12.11.30.jpeg\",\"datePublished\":\"2026-04-27T10:12:32+00:00\",\"dateModified\":\"2026-04-27T10:12:33+00:00\",\"breadcrumb\":{\"@id\":\"https:\/\/agrupacionespsoe.es\/ponferrada\/de-los-pasos-significativos-a-la-paralisis-total-la-ronda-sur-no-avanza-en-ponferrada\/#breadcrumb\"},\"inLanguage\":\"es\",\"potentialAction\":[{\"@type\":\"ReadAction\",\"target\":[\"https:\/\/agrupacionespsoe.es\/ponferrada\/de-los-pasos-significativos-a-la-paralisis-total-la-ronda-sur-no-avanza-en-ponferrada\/\"]}]},{\"@type\":\"ImageObject\",\"inLanguage\":\"es\",\"@id\":\"https:\/\/agrupacionespsoe.es\/ponferrada\/de-los-pasos-significativos-a-la-paralisis-total-la-ronda-sur-no-avanza-en-ponferrada\/#primaryimage\",\"url\":\"https:\/\/agrupacionespsoe.es\/ponferrada\/wp-content\/uploads\/sites\/36\/2026\/04\/WhatsApp-Image-2026-04-27-at-12.11.30.jpeg\",\"contentUrl\":\"https:\/\/agrupacionespsoe.es\/ponferrada\/wp-content\/uploads\/sites\/36\/2026\/04\/WhatsApp-Image-2026-04-27-at-12.11.30.jpeg\",\"width\":2048,\"height\":1536},{\"@type\":\"BreadcrumbList\",\"@id\":\"https:\/\/agrupacionespsoe.es\/ponferrada\/de-los-pasos-significativos-a-la-paralisis-total-la-ronda-sur-no-avanza-en-ponferrada\/#breadcrumb\",\"itemListElement\":[{\"@type\":\"ListItem\",\"position\":1,\"name\":\"Portada\",\"item\":\"https:\/\/agrupacionespsoe.es\/ponferrada\/\"},{\"@type\":\"ListItem\",\"position\":2,\"name\":\"De los \u201cpasos significativos\u201d a la par\u00e1lisis total: la Ronda Sur no avanza en Ponferrada\"}]},{\"@type\":\"WebSite\",\"@id\":\"https:\/\/agrupacionespsoe.es\/ponferrada\/#website\",\"url\":\"https:\/\/agrupacionespsoe.es\/ponferrada\/\",\"name\":\"Agrupaci\u00f3n Socialista de Ponferrada\",\"description\":\"Agrupaci\u00f3n Socialista de Ponferrada\",\"publisher\":{\"@id\":\"https:\/\/agrupacionespsoe.es\/ponferrada\/#organization\"},\"potentialAction\":[{\"@type\":\"SearchAction\",\"target\":{\"@type\":\"EntryPoint\",\"urlTemplate\":\"https:\/\/agrupacionespsoe.es\/ponferrada\/?s={search_term_string}\"},\"query-input\":{\"@type\":\"PropertyValueSpecification\",\"valueRequired\":true,\"valueName\":\"search_term_string\"}}],\"inLanguage\":\"es\"},{\"@type\":\"Organization\",\"@id\":\"https:\/\/agrupacionespsoe.es\/ponferrada\/#organization\",\"name\":\"Agrupaci\u00f3n Socialista de Ponferrada\",\"url\":\"https:\/\/agrupacionespsoe.es\/ponferrada\/\",\"logo\":{\"@type\":\"ImageObject\",\"inLanguage\":\"es\",\"@id\":\"https:\/\/agrupacionespsoe.es\/ponferrada\/#\/schema\/logo\/image\/\",\"url\":\"https:\/\/agrupacionespsoe.es\/wp-content\/uploads\/2022\/07\/Logotipo_electoral_del_PSOE.png\",\"contentUrl\":\"https:\/\/agrupacionespsoe.es\/wp-content\/uploads\/2022\/07\/Logotipo_electoral_del_PSOE.png\",\"width\":422,\"height\":422,\"caption\":\"Agrupaci\u00f3n Socialista de Ponferrada\"},\"image\":{\"@id\":\"https:\/\/agrupacionespsoe.es\/ponferrada\/#\/schema\/logo\/image\/\"}},{\"@type\":\"Person\",\"@id\":\"https:\/\/agrupacionespsoe.es\/ponferrada\/#\/schema\/person\/cd29ee627f3b70c05d415f02596debaa\",\"name\":\"ponferrada2\",\"image\":{\"@type\":\"ImageObject\",\"inLanguage\":\"es\",\"@id\":\"https:\/\/agrupacionespsoe.es\/ponferrada\/#\/schema\/person\/image\/\",\"url\":\"https:\/\/secure.gravatar.com\/avatar\/f499eeb60144c664cf7b7edf75549b50?s=96&d=mm&r=g\",\"contentUrl\":\"https:\/\/secure.gravatar.com\/avatar\/f499eeb60144c664cf7b7edf75549b50?s=96&d=mm&r=g\",\"caption\":\"ponferrada2\"},\"url\":\"https:\/\/agrupacionespsoe.es\/ponferrada\/author\/ponferrada2\/\"}]}<\/script>\n<!-- \/ Yoast SEO plugin. -->","yoast_head_json":{"title":"De los \u201cpasos significativos\u201d a la par\u00e1lisis total: la Ronda Sur no avanza en Ponferrada - Agrupaci\u00f3n Socialista de Ponferrada","robots":{"index":"index","follow":"follow","max-snippet":"max-snippet:-1","max-image-preview":"max-image-preview:large","max-video-preview":"max-video-preview:-1"},"canonical":"https:\/\/agrupacionespsoe.es\/ponferrada\/de-los-pasos-significativos-a-la-paralisis-total-la-ronda-sur-no-avanza-en-ponferrada\/","og_locale":"es_ES","og_type":"article","og_title":"De los \u201cpasos significativos\u201d a la par\u00e1lisis total: la Ronda Sur no avanza en Ponferrada - Agrupaci\u00f3n Socialista de Ponferrada","og_description":"El Grupo Municipal Socialista en el Ayuntamiento de Ponferrada ha denunciado un nuevo incumplimiento del equipo de gobierno del PP en relaci\u00f3n con uno de los compromisos m\u00e1s relevantes de su propio pacto: el desarrollo de la Ronda Sur. Los socialistas recuerdan que esta infraestructura figuraba expresamente en el acuerdo de gobierno, donde se recog\u00eda ...","og_url":"https:\/\/agrupacionespsoe.es\/ponferrada\/de-los-pasos-significativos-a-la-paralisis-total-la-ronda-sur-no-avanza-en-ponferrada\/","og_site_name":"Agrupaci\u00f3n Socialista de Ponferrada","article_published_time":"2026-04-27T10:12:32+00:00","article_modified_time":"2026-04-27T10:12:33+00:00","og_image":[{"width":2048,"height":1536,"url":"https:\/\/agrupacionespsoe.es\/ponferrada\/wp-content\/uploads\/sites\/36\/2026\/04\/WhatsApp-Image-2026-04-27-at-12.11.30.jpeg","type":"image\/jpeg"}],"author":"ponferrada2","twitter_card":"summary_large_image","twitter_misc":{"Escrito por":"ponferrada2","Tiempo de lectura":"2 minutos"},"schema":{"@context":"https:\/\/schema.org","@graph":[{"@type":"Article","@id":"https:\/\/agrupacionespsoe.es\/ponferrada\/de-los-pasos-significativos-a-la-paralisis-total-la-ronda-sur-no-avanza-en-ponferrada\/#article","isPartOf":{"@id":"https:\/\/agrupacionespsoe.es\/ponferrada\/de-los-pasos-significativos-a-la-paralisis-total-la-ronda-sur-no-avanza-en-ponferrada\/"},"author":{"name":"ponferrada2","@id":"https:\/\/agrupacionespsoe.es\/ponferrada\/#\/schema\/person\/cd29ee627f3b70c05d415f02596debaa"},"headline":"De los \u201cpasos significativos\u201d a la par\u00e1lisis total: la Ronda Sur no avanza en Ponferrada","datePublished":"2026-04-27T10:12:32+00:00","dateModified":"2026-04-27T10:12:33+00:00","mainEntityOfPage":{"@id":"https:\/\/agrupacionespsoe.es\/ponferrada\/de-los-pasos-significativos-a-la-paralisis-total-la-ronda-sur-no-avanza-en-ponferrada\/"},"wordCount":359,"commentCount":0,"publisher":{"@id":"https:\/\/agrupacionespsoe.es\/ponferrada\/#organization"},"image":{"@id":"https:\/\/agrupacionespsoe.es\/ponferrada\/de-los-pasos-significativos-a-la-paralisis-total-la-ronda-sur-no-avanza-en-ponferrada\/#primaryimage"},"thumbnailUrl":"https:\/\/agrupacionespsoe.es\/ponferrada\/wp-content\/uploads\/sites\/36\/2026\/04\/WhatsApp-Image-2026-04-27-at-12.11.30.jpeg","articleSection":["ACTUALIDAD"],"inLanguage":"es","potentialAction":[{"@type":"CommentAction","name":"Comment","target":["https:\/\/agrupacionespsoe.es\/ponferrada\/de-los-pasos-significativos-a-la-paralisis-total-la-ronda-sur-no-avanza-en-ponferrada\/#respond"]}]},{"@type":"WebPage","@id":"https:\/\/agrupacionespsoe.es\/ponferrada\/de-los-pasos-significativos-a-la-paralisis-total-la-ronda-sur-no-avanza-en-ponferrada\/","url":"https:\/\/agrupacionespsoe.es\/ponferrada\/de-los-pasos-significativos-a-la-paralisis-total-la-ronda-sur-no-avanza-en-ponferrada\/","name":"De los \u201cpasos significativos\u201d a la par\u00e1lisis total: la Ronda Sur no avanza en Ponferrada - Agrupaci\u00f3n Socialista de Ponferrada","isPartOf":{"@id":"https:\/\/agrupacionespsoe.es\/ponferrada\/#website"},"primaryImageOfPage":{"@id":"https:\/\/agrupacionespsoe.es\/ponferrada\/de-los-pasos-significativos-a-la-paralisis-total-la-ronda-sur-no-avanza-en-ponferrada\/#primaryimage"},"image":{"@id":"https:\/\/agrupacionespsoe.es\/ponferrada\/de-los-pasos-significativos-a-la-paralisis-total-la-ronda-sur-no-avanza-en-ponferrada\/#primaryimage"},"thumbnailUrl":"https:\/\/agrupacionespsoe.es\/ponferrada\/wp-content\/uploads\/sites\/36\/2026\/04\/WhatsApp-Image-2026-04-27-at-12.11.30.jpeg","datePublished":"2026-04-27T10:12:32+00:00","dateModified":"2026-04-27T10:12:33+00:00","breadcrumb":{"@id":"https:\/\/agrupacionespsoe.es\/ponferrada\/de-los-pasos-significativos-a-la-paralisis-total-la-ronda-sur-no-avanza-en-ponferrada\/#breadcrumb"},"inLanguage":"es","potentialAction":[{"@type":"ReadAction","target":["https:\/\/agrupacionespsoe.es\/ponferrada\/de-los-pasos-significativos-a-la-paralisis-total-la-ronda-sur-no-avanza-en-ponferrada\/"]}]},{"@type":"ImageObject","inLanguage":"es","@id":"https:\/\/agrupacionespsoe.es\/ponferrada\/de-los-pasos-significativos-a-la-paralisis-total-la-ronda-sur-no-avanza-en-ponferrada\/#primaryimage","url":"https:\/\/agrupacionespsoe.es\/ponferrada\/wp-content\/uploads\/sites\/36\/2026\/04\/WhatsApp-Image-2026-04-27-at-12.11.30.jpeg","contentUrl":"https:\/\/agrupacionespsoe.es\/ponferrada\/wp-content\/uploads\/sites\/36\/2026\/04\/WhatsApp-Image-2026-04-27-at-12.11.30.jpeg","width":2048,"height":1536},{"@type":"BreadcrumbList","@id":"https:\/\/agrupacionespsoe.es\/ponferrada\/de-los-pasos-significativos-a-la-paralisis-total-la-ronda-sur-no-avanza-en-ponferrada\/#breadcrumb","itemListElement":[{"@type":"ListItem","position":1,"name":"Portada","item":"https:\/\/agrupacionespsoe.es\/ponferrada\/"},{"@type":"ListItem","position":2,"name":"De los \u201cpasos significativos\u201d a la par\u00e1lisis total: la Ronda Sur no avanza en Ponferrada"}]},{"@type":"WebSite","@id":"https:\/\/agrupacionespsoe.es\/ponferrada\/#website","url":"https:\/\/agrupacionespsoe.es\/ponferrada\/","name":"Agrupaci\u00f3n Socialista de Ponferrada","description":"Agrupaci\u00f3n Socialista de Ponferrada","publisher":{"@id":"https:\/\/agrupacionespsoe.es\/ponferrada\/#organization"},"potentialAction":[{"@type":"SearchAction","target":{"@type":"EntryPoint","urlTemplate":"https:\/\/agrupacionespsoe.es\/ponferrada\/?s={search_term_string}"},"query-input":{"@type":"PropertyValueSpecification","valueRequired":true,"valueName":"search_term_string"}}],"inLanguage":"es"},{"@type":"Organization","@id":"https:\/\/agrupacionespsoe.es\/ponferrada\/#organization","name":"Agrupaci\u00f3n Socialista de Ponferrada","url":"https:\/\/agrupacionespsoe.es\/ponferrada\/","logo":{"@type":"ImageObject","inLanguage":"es","@id":"https:\/\/agrupacionespsoe.es\/ponferrada\/#\/schema\/logo\/image\/","url":"https:\/\/agrupacionespsoe.es\/wp-content\/uploads\/2022\/07\/Logotipo_electoral_del_PSOE.png","contentUrl":"https:\/\/agrupacionespsoe.es\/wp-content\/uploads\/2022\/07\/Logotipo_electoral_del_PSOE.png","width":422,"height":422,"caption":"Agrupaci\u00f3n Socialista de Ponferrada"},"image":{"@id":"https:\/\/agrupacionespsoe.es\/ponferrada\/#\/schema\/logo\/image\/"}},{"@type":"Person","@id":"https:\/\/agrupacionespsoe.es\/ponferrada\/#\/schema\/person\/cd29ee627f3b70c05d415f02596debaa","name":"ponferrada2","image":{"@type":"ImageObject","inLanguage":"es","@id":"https:\/\/agrupacionespsoe.es\/ponferrada\/#\/schema\/person\/image\/","url":"https:\/\/secure.gravatar.com\/avatar\/f499eeb60144c664cf7b7edf75549b50?s=96&d=mm&r=g","contentUrl":"https:\/\/secure.gravatar.com\/avatar\/f499eeb60144c664cf7b7edf75549b50?s=96&d=mm&r=g","caption":"ponferrada2"},"url":"https:\/\/agrupacionespsoe.es\/ponferrada\/author\/ponferrada2\/"}]}},"jetpack_featured_media_url":"https:\/\/agrupacionespsoe.es\/ponferrada\/wp-content\/uploads\/sites\/36\/2026\/04\/WhatsApp-Image-2026-04-27-at-12.11.30.jpeg","jetpack_sharing_enabled":true,"_links":{"self":[{"href":"https:\/\/agrupacionespsoe.es\/ponferrada\/wp-json\/wp\/v2\/posts\/1788","targetHints":{"allow":["GET"]}}],"collection":[{"href":"https:\/\/agrupacionespsoe.es\/ponferrada\/wp-json\/wp\/v2\/posts"}],"about":[{"href":"https:\/\/agrupacionespsoe.es\/ponferrada\/wp-json\/wp\/v2\/types\/post"}],"author":[{"embeddable":true,"href":"https:\/\/agrupacionespsoe.es\/ponferrada\/wp-json\/wp\/v2\/users\/32"}],"replies":[{"embeddable":true,"href":"https:\/\/agrupacionespsoe.es\/ponferrada\/wp-json\/wp\/v2\/comments?post=1788"}],"version-history":[{"count":2,"href":"https:\/\/agrupacionespsoe.es\/ponferrada\/wp-json\/wp\/v2\/posts\/1788\/revisions"}],"predecessor-version":[{"id":1791,"href":"https:\/\/agrupacionespsoe.es\/ponferrada\/wp-json\/wp\/v2\/posts\/1788\/revisions\/1791"}],"wp:featuredmedia":[{"embeddable":true,"href":"https:\/\/agrupacionespsoe.es\/ponferrada\/wp-json\/wp\/v2\/media\/1789"}],"wp:attachment":[{"href":"https:\/\/agrupacionespsoe.es\/ponferrada\/wp-json\/wp\/v2\/media?parent=1788"}],"wp:term":[{"taxonomy":"category","embeddable":true,"href":"https:\/\/agrupacionespsoe.es\/ponferrada\/wp-json\/wp\/v2\/categories?post=1788"},{"taxonomy":"post_tag","embeddable":true,"href":"https:\/\/agrupacionespsoe.es\/ponferrada\/wp-json\/wp\/v2\/tags?post=1788"}],"curies":[{"name":"wp","href":"https:\/\/api.w.org\/{rel}","templated":true}]}}