{"id":1784,"date":"2026-04-24T10:34:23","date_gmt":"2026-04-24T10:34:23","guid":{"rendered":"https:\/\/agrupacionespsoe.es\/ponferrada\/?p=1784"},"modified":"2026-04-24T10:34:24","modified_gmt":"2026-04-24T10:34:24","slug":"el-psoe-denuncia-el-fracaso-absoluto-de-la-politica-de-vivienda-del-pp-en-ponferrada-y-exige-retomar-las-actuaciones-paralizadas","status":"publish","type":"post","link":"https:\/\/agrupacionespsoe.es\/ponferrada\/el-psoe-denuncia-el-fracaso-absoluto-de-la-politica-de-vivienda-del-pp-en-ponferrada-y-exige-retomar-las-actuaciones-paralizadas\/","title":{"rendered":"El PSOE denuncia el \u201cfracaso absoluto\u201d de la pol\u00edtica de vivienda del PP en Ponferrada y exige retomar las actuaciones paralizadas"},"content":{"rendered":"\n<p>El Grupo Municipal Socialista en el Ayuntamiento de Ponferrada ha denunciado este viernes el \u201cincumplimiento sistem\u00e1tico\u201d del equipo de gobierno del Partido Popular en materia de vivienda p\u00fablica, tras una rueda de prensa celebrada frente a uno de los edificios donde estaba comprometida la construcci\u00f3n de viviendas sociales.<\/p>\n\n\n\n<p>El portavoz socialista ha recordado que el acuerdo presupuestario de 2024 inclu\u00eda la construcci\u00f3n de ocho viviendas sociales \u2014cuatro en 2024 y cuatro en 2025\u2014 \u201cque a d\u00eda de hoy ni siquiera han comenzado\u201d. Un compromiso que, seg\u00fan ha se\u00f1alado, forma parte de una larga lista de incumplimientos del actual equipo de gobierno.<\/p>\n\n\n\n<p>A ello se suma, ha a\u00f1adido, el pacto de gobierno entre el PP y Coalici\u00f3n por El Bierzo, que contemplaba la construcci\u00f3n de 25 viviendas en el medio rural con una inversi\u00f3n de tres millones de euros. \u201cNo solo no se han construido, es que ni siquiera se ha iniciado nada\u201d, ha criticado.<\/p>\n\n\n\n<p>El portavoz socialista ha lamentado adem\u00e1s la paralizaci\u00f3n de proyectos que el anterior equipo de gobierno dej\u00f3 avanzados, como la cesi\u00f3n de ocho viviendas del antiguo poblado del MOPU o la rehabilitaci\u00f3n de otras 12 viviendas vinculadas a Somacyl. \u201cHemos preguntado en varias ocasiones y no han avanzado absolutamente nada\u201d, ha afirmado.<\/p>\n\n\n\n<p>Tambi\u00e9n ha recordado que el PSOE impuls\u00f3 la construcci\u00f3n de 20 viviendas de alquiler joven en el pol\u00edgono de La Herrer\u00eda, financiadas con fondos estatales, que deber\u00edan estar finalizadas en junio de este a\u00f1o. \u201cA d\u00eda de hoy solo se est\u00e1n ejecutando los cimientos, lo que pone en riesgo m\u00e1s de un mill\u00f3n de euros de financiaci\u00f3n\u201d, ha advertido, reclamando que se solicite de inmediato una pr\u00f3rroga.<\/p>\n\n\n\n<p>En paralelo, los socialistas han alertado del \u201ccaos\u201d en la gesti\u00f3n de los fondos de rehabilitaci\u00f3n en Puebla Sur, donde comunidades de vecinos que ya ten\u00edan concedidas las ayudas \u201cno est\u00e1n recibiendo el dinero y est\u00e1n teniendo serias dificultades para hacer frente a los pagos a las empresas\u201d.<\/p>\n\n\n\n<p>\u201cEstamos viendo c\u00f3mo comunidades que confiaron en el programa est\u00e1n teniendo problemas econ\u00f3micos graves por la falta de gesti\u00f3n del Ayuntamiento\u201d, ha denunciado.<\/p>\n\n\n\n<p>El PSOE tambi\u00e9n ha criticado decisiones del equipo de gobierno que, a su juicio, van en sentido contrario a la promoci\u00f3n de vivienda p\u00fablica, como la cesi\u00f3n de suelo municipal en el antiguo cuartel de la Guardia Civil para vivienda privada sin exigir ning\u00fan tipo de protecci\u00f3n, o la intenci\u00f3n de vender patrimonio municipal en lugar de destinarlo a uso social.<\/p>\n\n\n\n<p>\u201cNo solo no construyen vivienda p\u00fablica, sino que adem\u00e1s reducen las posibilidades de hacerlo en el futuro\u201d, han se\u00f1alado.<\/p>\n\n\n\n<p>Frente a esta situaci\u00f3n, el Grupo Socialista ha planteado una serie de propuestas, como retomar de inmediato la tramitaci\u00f3n de las viviendas del MOPU, garantizar la finalizaci\u00f3n de las viviendas j\u00f3venes para no perder financiaci\u00f3n estatal y cumplir los compromisos adquiridos en el acuerdo presupuestario.<\/p>\n\n\n\n<p>Asimismo, han instado al equipo de gobierno a aprovechar el nuevo Plan Estatal de Vivienda 2026-2030, que contempla una inversi\u00f3n de 378 millones de euros para Castilla y Le\u00f3n, \u201cmuy superior a los 101 millones del plan anterior\u201d, y que ofrece una oportunidad para impulsar tanto la construcci\u00f3n como la rehabilitaci\u00f3n de vivienda.<\/p>\n\n\n\n<p>Por \u00faltimo, el portavoz socialista ha rechazado las cr\u00edticas del equipo de gobierno por la falta de aprobaci\u00f3n de nuevos presupuestos. \u201cQuien firma un acuerdo y no lo cumple no est\u00e1 en condiciones de exigir nada a la otra parte\u201d, ha se\u00f1alado.<\/p>\n\n\n\n<p>\u201cEl problema no es que no haya presupuestos, es que no cumplen ni siquiera lo que ya firmaron. Esa es la realidad\u201d, ha concluido.<\/p>\n\n\n\n<figure class=\"wp-block-image size-large\"><img loading=\"lazy\" decoding=\"async\" width=\"1024\" height=\"768\" src=\"https:\/\/agrupacionespsoe.es\/ponferrada\/wp-content\/uploads\/sites\/36\/2026\/04\/WhatsApp-Image-2026-04-24-at-12.13.25-1024x768.jpeg\" alt=\"\" class=\"wp-image-1785\" srcset=\"https:\/\/agrupacionespsoe.es\/ponferrada\/wp-content\/uploads\/sites\/36\/2026\/04\/WhatsApp-Image-2026-04-24-at-12.13.25-1024x768.jpeg 1024w, https:\/\/agrupacionespsoe.es\/ponferrada\/wp-content\/uploads\/sites\/36\/2026\/04\/WhatsApp-Image-2026-04-24-at-12.13.25-300x225.jpeg 300w, https:\/\/agrupacionespsoe.es\/ponferrada\/wp-content\/uploads\/sites\/36\/2026\/04\/WhatsApp-Image-2026-04-24-at-12.13.25-768x576.jpeg 768w, https:\/\/agrupacionespsoe.es\/ponferrada\/wp-content\/uploads\/sites\/36\/2026\/04\/WhatsApp-Image-2026-04-24-at-12.13.25-1536x1152.jpeg 1536w, https:\/\/agrupacionespsoe.es\/ponferrada\/wp-content\/uploads\/sites\/36\/2026\/04\/WhatsApp-Image-2026-04-24-at-12.13.25.jpeg 1600w\" sizes=\"auto, (max-width: 1024px) 100vw, 1024px\" \/><\/figure>\n","protected":false},"excerpt":{"rendered":"<p>El Grupo Municipal Socialista en el Ayuntamiento de Ponferrada ha denunciado este viernes el \u201cincumplimiento sistem\u00e1tico\u201d del equipo de gobierno del Partido Popular en materia de vivienda p\u00fablica, tras una rueda de prensa celebrada frente a uno de los edificios donde estaba comprometida la construcci\u00f3n de viviendas sociales. El portavoz socialista ha recordado que el &#8230;<\/p>\n","protected":false},"author":32,"featured_media":1785,"comment_status":"open","ping_status":"open","sticky":false,"template":"","format":"standard","meta":{"_jetpack_memberships_contains_paid_content":false,"footnotes":""},"categories":[6],"tags":[],"class_list":["post-1784","post","type-post","status-publish","format-standard","has-post-thumbnail","hentry","category-actualidad"],"yoast_head":"<!-- This site is optimized with the Yoast SEO plugin v24.0 - https:\/\/yoast.com\/wordpress\/plugins\/seo\/ -->\n<title>El PSOE denuncia el \u201cfracaso absoluto\u201d de la pol\u00edtica de vivienda del PP en Ponferrada y exige retomar las actuaciones paralizadas - Agrupaci\u00f3n Socialista de Ponferrada<\/title>\n<meta name=\"robots\" content=\"index, follow, max-snippet:-1, max-image-preview:large, max-video-preview:-1\" \/>\n<link rel=\"canonical\" href=\"https:\/\/agrupacionespsoe.es\/ponferrada\/el-psoe-denuncia-el-fracaso-absoluto-de-la-politica-de-vivienda-del-pp-en-ponferrada-y-exige-retomar-las-actuaciones-paralizadas\/\" \/>\n<meta property=\"og:locale\" content=\"es_ES\" \/>\n<meta property=\"og:type\" content=\"article\" \/>\n<meta property=\"og:title\" content=\"El PSOE denuncia el \u201cfracaso absoluto\u201d de la pol\u00edtica de vivienda del PP en Ponferrada y exige retomar las actuaciones paralizadas - Agrupaci\u00f3n Socialista de Ponferrada\" \/>\n<meta property=\"og:description\" content=\"El Grupo Municipal Socialista en el Ayuntamiento de Ponferrada ha denunciado este viernes el \u201cincumplimiento sistem\u00e1tico\u201d del equipo de gobierno del Partido Popular en materia de vivienda p\u00fablica, tras una rueda de prensa celebrada frente a uno de los edificios donde estaba comprometida la construcci\u00f3n de viviendas sociales. El portavoz socialista ha recordado que el ...\" \/>\n<meta property=\"og:url\" content=\"https:\/\/agrupacionespsoe.es\/ponferrada\/el-psoe-denuncia-el-fracaso-absoluto-de-la-politica-de-vivienda-del-pp-en-ponferrada-y-exige-retomar-las-actuaciones-paralizadas\/\" \/>\n<meta property=\"og:site_name\" content=\"Agrupaci\u00f3n Socialista de Ponferrada\" \/>\n<meta property=\"article:published_time\" content=\"2026-04-24T10:34:23+00:00\" \/>\n<meta property=\"article:modified_time\" content=\"2026-04-24T10:34:24+00:00\" \/>\n<meta property=\"og:image\" content=\"https:\/\/agrupacionespsoe.es\/ponferrada\/wp-content\/uploads\/sites\/36\/2026\/04\/WhatsApp-Image-2026-04-24-at-12.13.25.jpeg\" \/>\n\t<meta property=\"og:image:width\" content=\"1600\" \/>\n\t<meta property=\"og:image:height\" content=\"1200\" \/>\n\t<meta property=\"og:image:type\" content=\"image\/jpeg\" \/>\n<meta name=\"author\" content=\"ponferrada2\" \/>\n<meta name=\"twitter:card\" content=\"summary_large_image\" \/>\n<meta name=\"twitter:label1\" content=\"Escrito por\" \/>\n\t<meta name=\"twitter:data1\" content=\"ponferrada2\" \/>\n\t<meta name=\"twitter:label2\" content=\"Tiempo de lectura\" \/>\n\t<meta name=\"twitter:data2\" content=\"4 minutos\" \/>\n<script type=\"application\/ld+json\" class=\"yoast-schema-graph\">{\"@context\":\"https:\/\/schema.org\",\"@graph\":[{\"@type\":\"Article\",\"@id\":\"https:\/\/agrupacionespsoe.es\/ponferrada\/el-psoe-denuncia-el-fracaso-absoluto-de-la-politica-de-vivienda-del-pp-en-ponferrada-y-exige-retomar-las-actuaciones-paralizadas\/#article\",\"isPartOf\":{\"@id\":\"https:\/\/agrupacionespsoe.es\/ponferrada\/el-psoe-denuncia-el-fracaso-absoluto-de-la-politica-de-vivienda-del-pp-en-ponferrada-y-exige-retomar-las-actuaciones-paralizadas\/\"},\"author\":{\"name\":\"ponferrada2\",\"@id\":\"https:\/\/agrupacionespsoe.es\/ponferrada\/#\/schema\/person\/cd29ee627f3b70c05d415f02596debaa\"},\"headline\":\"El PSOE denuncia el \u201cfracaso absoluto\u201d de la pol\u00edtica de vivienda del PP en Ponferrada y exige retomar las actuaciones paralizadas\",\"datePublished\":\"2026-04-24T10:34:23+00:00\",\"dateModified\":\"2026-04-24T10:34:24+00:00\",\"mainEntityOfPage\":{\"@id\":\"https:\/\/agrupacionespsoe.es\/ponferrada\/el-psoe-denuncia-el-fracaso-absoluto-de-la-politica-de-vivienda-del-pp-en-ponferrada-y-exige-retomar-las-actuaciones-paralizadas\/\"},\"wordCount\":661,\"commentCount\":0,\"publisher\":{\"@id\":\"https:\/\/agrupacionespsoe.es\/ponferrada\/#organization\"},\"image\":{\"@id\":\"https:\/\/agrupacionespsoe.es\/ponferrada\/el-psoe-denuncia-el-fracaso-absoluto-de-la-politica-de-vivienda-del-pp-en-ponferrada-y-exige-retomar-las-actuaciones-paralizadas\/#primaryimage\"},\"thumbnailUrl\":\"https:\/\/agrupacionespsoe.es\/ponferrada\/wp-content\/uploads\/sites\/36\/2026\/04\/WhatsApp-Image-2026-04-24-at-12.13.25.jpeg\",\"articleSection\":[\"ACTUALIDAD\"],\"inLanguage\":\"es\",\"potentialAction\":[{\"@type\":\"CommentAction\",\"name\":\"Comment\",\"target\":[\"https:\/\/agrupacionespsoe.es\/ponferrada\/el-psoe-denuncia-el-fracaso-absoluto-de-la-politica-de-vivienda-del-pp-en-ponferrada-y-exige-retomar-las-actuaciones-paralizadas\/#respond\"]}]},{\"@type\":\"WebPage\",\"@id\":\"https:\/\/agrupacionespsoe.es\/ponferrada\/el-psoe-denuncia-el-fracaso-absoluto-de-la-politica-de-vivienda-del-pp-en-ponferrada-y-exige-retomar-las-actuaciones-paralizadas\/\",\"url\":\"https:\/\/agrupacionespsoe.es\/ponferrada\/el-psoe-denuncia-el-fracaso-absoluto-de-la-politica-de-vivienda-del-pp-en-ponferrada-y-exige-retomar-las-actuaciones-paralizadas\/\",\"name\":\"El PSOE denuncia el \u201cfracaso absoluto\u201d de la pol\u00edtica de vivienda del PP en Ponferrada y exige retomar las actuaciones paralizadas - Agrupaci\u00f3n Socialista de Ponferrada\",\"isPartOf\":{\"@id\":\"https:\/\/agrupacionespsoe.es\/ponferrada\/#website\"},\"primaryImageOfPage\":{\"@id\":\"https:\/\/agrupacionespsoe.es\/ponferrada\/el-psoe-denuncia-el-fracaso-absoluto-de-la-politica-de-vivienda-del-pp-en-ponferrada-y-exige-retomar-las-actuaciones-paralizadas\/#primaryimage\"},\"image\":{\"@id\":\"https:\/\/agrupacionespsoe.es\/ponferrada\/el-psoe-denuncia-el-fracaso-absoluto-de-la-politica-de-vivienda-del-pp-en-ponferrada-y-exige-retomar-las-actuaciones-paralizadas\/#primaryimage\"},\"thumbnailUrl\":\"https:\/\/agrupacionespsoe.es\/ponferrada\/wp-content\/uploads\/sites\/36\/2026\/04\/WhatsApp-Image-2026-04-24-at-12.13.25.jpeg\",\"datePublished\":\"2026-04-24T10:34:23+00:00\",\"dateModified\":\"2026-04-24T10:34:24+00:00\",\"breadcrumb\":{\"@id\":\"https:\/\/agrupacionespsoe.es\/ponferrada\/el-psoe-denuncia-el-fracaso-absoluto-de-la-politica-de-vivienda-del-pp-en-ponferrada-y-exige-retomar-las-actuaciones-paralizadas\/#breadcrumb\"},\"inLanguage\":\"es\",\"potentialAction\":[{\"@type\":\"ReadAction\",\"target\":[\"https:\/\/agrupacionespsoe.es\/ponferrada\/el-psoe-denuncia-el-fracaso-absoluto-de-la-politica-de-vivienda-del-pp-en-ponferrada-y-exige-retomar-las-actuaciones-paralizadas\/\"]}]},{\"@type\":\"ImageObject\",\"inLanguage\":\"es\",\"@id\":\"https:\/\/agrupacionespsoe.es\/ponferrada\/el-psoe-denuncia-el-fracaso-absoluto-de-la-politica-de-vivienda-del-pp-en-ponferrada-y-exige-retomar-las-actuaciones-paralizadas\/#primaryimage\",\"url\":\"https:\/\/agrupacionespsoe.es\/ponferrada\/wp-content\/uploads\/sites\/36\/2026\/04\/WhatsApp-Image-2026-04-24-at-12.13.25.jpeg\",\"contentUrl\":\"https:\/\/agrupacionespsoe.es\/ponferrada\/wp-content\/uploads\/sites\/36\/2026\/04\/WhatsApp-Image-2026-04-24-at-12.13.25.jpeg\",\"width\":1600,\"height\":1200},{\"@type\":\"BreadcrumbList\",\"@id\":\"https:\/\/agrupacionespsoe.es\/ponferrada\/el-psoe-denuncia-el-fracaso-absoluto-de-la-politica-de-vivienda-del-pp-en-ponferrada-y-exige-retomar-las-actuaciones-paralizadas\/#breadcrumb\",\"itemListElement\":[{\"@type\":\"ListItem\",\"position\":1,\"name\":\"Portada\",\"item\":\"https:\/\/agrupacionespsoe.es\/ponferrada\/\"},{\"@type\":\"ListItem\",\"position\":2,\"name\":\"El PSOE denuncia el \u201cfracaso absoluto\u201d de la pol\u00edtica de vivienda del PP en Ponferrada y exige retomar las actuaciones paralizadas\"}]},{\"@type\":\"WebSite\",\"@id\":\"https:\/\/agrupacionespsoe.es\/ponferrada\/#website\",\"url\":\"https:\/\/agrupacionespsoe.es\/ponferrada\/\",\"name\":\"Agrupaci\u00f3n Socialista de Ponferrada\",\"description\":\"Agrupaci\u00f3n Socialista de Ponferrada\",\"publisher\":{\"@id\":\"https:\/\/agrupacionespsoe.es\/ponferrada\/#organization\"},\"potentialAction\":[{\"@type\":\"SearchAction\",\"target\":{\"@type\":\"EntryPoint\",\"urlTemplate\":\"https:\/\/agrupacionespsoe.es\/ponferrada\/?s={search_term_string}\"},\"query-input\":{\"@type\":\"PropertyValueSpecification\",\"valueRequired\":true,\"valueName\":\"search_term_string\"}}],\"inLanguage\":\"es\"},{\"@type\":\"Organization\",\"@id\":\"https:\/\/agrupacionespsoe.es\/ponferrada\/#organization\",\"name\":\"Agrupaci\u00f3n Socialista de Ponferrada\",\"url\":\"https:\/\/agrupacionespsoe.es\/ponferrada\/\",\"logo\":{\"@type\":\"ImageObject\",\"inLanguage\":\"es\",\"@id\":\"https:\/\/agrupacionespsoe.es\/ponferrada\/#\/schema\/logo\/image\/\",\"url\":\"https:\/\/agrupacionespsoe.es\/wp-content\/uploads\/2022\/07\/Logotipo_electoral_del_PSOE.png\",\"contentUrl\":\"https:\/\/agrupacionespsoe.es\/wp-content\/uploads\/2022\/07\/Logotipo_electoral_del_PSOE.png\",\"width\":422,\"height\":422,\"caption\":\"Agrupaci\u00f3n Socialista de Ponferrada\"},\"image\":{\"@id\":\"https:\/\/agrupacionespsoe.es\/ponferrada\/#\/schema\/logo\/image\/\"}},{\"@type\":\"Person\",\"@id\":\"https:\/\/agrupacionespsoe.es\/ponferrada\/#\/schema\/person\/cd29ee627f3b70c05d415f02596debaa\",\"name\":\"ponferrada2\",\"image\":{\"@type\":\"ImageObject\",\"inLanguage\":\"es\",\"@id\":\"https:\/\/agrupacionespsoe.es\/ponferrada\/#\/schema\/person\/image\/\",\"url\":\"https:\/\/secure.gravatar.com\/avatar\/f499eeb60144c664cf7b7edf75549b50?s=96&d=mm&r=g\",\"contentUrl\":\"https:\/\/secure.gravatar.com\/avatar\/f499eeb60144c664cf7b7edf75549b50?s=96&d=mm&r=g\",\"caption\":\"ponferrada2\"},\"url\":\"https:\/\/agrupacionespsoe.es\/ponferrada\/author\/ponferrada2\/\"}]}<\/script>\n<!-- \/ Yoast SEO plugin. -->","yoast_head_json":{"title":"El PSOE denuncia el \u201cfracaso absoluto\u201d de la pol\u00edtica de vivienda del PP en Ponferrada y exige retomar las actuaciones paralizadas - Agrupaci\u00f3n Socialista de Ponferrada","robots":{"index":"index","follow":"follow","max-snippet":"max-snippet:-1","max-image-preview":"max-image-preview:large","max-video-preview":"max-video-preview:-1"},"canonical":"https:\/\/agrupacionespsoe.es\/ponferrada\/el-psoe-denuncia-el-fracaso-absoluto-de-la-politica-de-vivienda-del-pp-en-ponferrada-y-exige-retomar-las-actuaciones-paralizadas\/","og_locale":"es_ES","og_type":"article","og_title":"El PSOE denuncia el \u201cfracaso absoluto\u201d de la pol\u00edtica de vivienda del PP en Ponferrada y exige retomar las actuaciones paralizadas - Agrupaci\u00f3n Socialista de Ponferrada","og_description":"El Grupo Municipal Socialista en el Ayuntamiento de Ponferrada ha denunciado este viernes el \u201cincumplimiento sistem\u00e1tico\u201d del equipo de gobierno del Partido Popular en materia de vivienda p\u00fablica, tras una rueda de prensa celebrada frente a uno de los edificios donde estaba comprometida la construcci\u00f3n de viviendas sociales. El portavoz socialista ha recordado que el ...","og_url":"https:\/\/agrupacionespsoe.es\/ponferrada\/el-psoe-denuncia-el-fracaso-absoluto-de-la-politica-de-vivienda-del-pp-en-ponferrada-y-exige-retomar-las-actuaciones-paralizadas\/","og_site_name":"Agrupaci\u00f3n Socialista de Ponferrada","article_published_time":"2026-04-24T10:34:23+00:00","article_modified_time":"2026-04-24T10:34:24+00:00","og_image":[{"width":1600,"height":1200,"url":"https:\/\/agrupacionespsoe.es\/ponferrada\/wp-content\/uploads\/sites\/36\/2026\/04\/WhatsApp-Image-2026-04-24-at-12.13.25.jpeg","type":"image\/jpeg"}],"author":"ponferrada2","twitter_card":"summary_large_image","twitter_misc":{"Escrito por":"ponferrada2","Tiempo de lectura":"4 minutos"},"schema":{"@context":"https:\/\/schema.org","@graph":[{"@type":"Article","@id":"https:\/\/agrupacionespsoe.es\/ponferrada\/el-psoe-denuncia-el-fracaso-absoluto-de-la-politica-de-vivienda-del-pp-en-ponferrada-y-exige-retomar-las-actuaciones-paralizadas\/#article","isPartOf":{"@id":"https:\/\/agrupacionespsoe.es\/ponferrada\/el-psoe-denuncia-el-fracaso-absoluto-de-la-politica-de-vivienda-del-pp-en-ponferrada-y-exige-retomar-las-actuaciones-paralizadas\/"},"author":{"name":"ponferrada2","@id":"https:\/\/agrupacionespsoe.es\/ponferrada\/#\/schema\/person\/cd29ee627f3b70c05d415f02596debaa"},"headline":"El PSOE denuncia el \u201cfracaso absoluto\u201d de la pol\u00edtica de vivienda del PP en Ponferrada y exige retomar las actuaciones paralizadas","datePublished":"2026-04-24T10:34:23+00:00","dateModified":"2026-04-24T10:34:24+00:00","mainEntityOfPage":{"@id":"https:\/\/agrupacionespsoe.es\/ponferrada\/el-psoe-denuncia-el-fracaso-absoluto-de-la-politica-de-vivienda-del-pp-en-ponferrada-y-exige-retomar-las-actuaciones-paralizadas\/"},"wordCount":661,"commentCount":0,"publisher":{"@id":"https:\/\/agrupacionespsoe.es\/ponferrada\/#organization"},"image":{"@id":"https:\/\/agrupacionespsoe.es\/ponferrada\/el-psoe-denuncia-el-fracaso-absoluto-de-la-politica-de-vivienda-del-pp-en-ponferrada-y-exige-retomar-las-actuaciones-paralizadas\/#primaryimage"},"thumbnailUrl":"https:\/\/agrupacionespsoe.es\/ponferrada\/wp-content\/uploads\/sites\/36\/2026\/04\/WhatsApp-Image-2026-04-24-at-12.13.25.jpeg","articleSection":["ACTUALIDAD"],"inLanguage":"es","potentialAction":[{"@type":"CommentAction","name":"Comment","target":["https:\/\/agrupacionespsoe.es\/ponferrada\/el-psoe-denuncia-el-fracaso-absoluto-de-la-politica-de-vivienda-del-pp-en-ponferrada-y-exige-retomar-las-actuaciones-paralizadas\/#respond"]}]},{"@type":"WebPage","@id":"https:\/\/agrupacionespsoe.es\/ponferrada\/el-psoe-denuncia-el-fracaso-absoluto-de-la-politica-de-vivienda-del-pp-en-ponferrada-y-exige-retomar-las-actuaciones-paralizadas\/","url":"https:\/\/agrupacionespsoe.es\/ponferrada\/el-psoe-denuncia-el-fracaso-absoluto-de-la-politica-de-vivienda-del-pp-en-ponferrada-y-exige-retomar-las-actuaciones-paralizadas\/","name":"El PSOE denuncia el \u201cfracaso absoluto\u201d de la pol\u00edtica de vivienda del PP en Ponferrada y exige retomar las actuaciones paralizadas - Agrupaci\u00f3n Socialista de Ponferrada","isPartOf":{"@id":"https:\/\/agrupacionespsoe.es\/ponferrada\/#website"},"primaryImageOfPage":{"@id":"https:\/\/agrupacionespsoe.es\/ponferrada\/el-psoe-denuncia-el-fracaso-absoluto-de-la-politica-de-vivienda-del-pp-en-ponferrada-y-exige-retomar-las-actuaciones-paralizadas\/#primaryimage"},"image":{"@id":"https:\/\/agrupacionespsoe.es\/ponferrada\/el-psoe-denuncia-el-fracaso-absoluto-de-la-politica-de-vivienda-del-pp-en-ponferrada-y-exige-retomar-las-actuaciones-paralizadas\/#primaryimage"},"thumbnailUrl":"https:\/\/agrupacionespsoe.es\/ponferrada\/wp-content\/uploads\/sites\/36\/2026\/04\/WhatsApp-Image-2026-04-24-at-12.13.25.jpeg","datePublished":"2026-04-24T10:34:23+00:00","dateModified":"2026-04-24T10:34:24+00:00","breadcrumb":{"@id":"https:\/\/agrupacionespsoe.es\/ponferrada\/el-psoe-denuncia-el-fracaso-absoluto-de-la-politica-de-vivienda-del-pp-en-ponferrada-y-exige-retomar-las-actuaciones-paralizadas\/#breadcrumb"},"inLanguage":"es","potentialAction":[{"@type":"ReadAction","target":["https:\/\/agrupacionespsoe.es\/ponferrada\/el-psoe-denuncia-el-fracaso-absoluto-de-la-politica-de-vivienda-del-pp-en-ponferrada-y-exige-retomar-las-actuaciones-paralizadas\/"]}]},{"@type":"ImageObject","inLanguage":"es","@id":"https:\/\/agrupacionespsoe.es\/ponferrada\/el-psoe-denuncia-el-fracaso-absoluto-de-la-politica-de-vivienda-del-pp-en-ponferrada-y-exige-retomar-las-actuaciones-paralizadas\/#primaryimage","url":"https:\/\/agrupacionespsoe.es\/ponferrada\/wp-content\/uploads\/sites\/36\/2026\/04\/WhatsApp-Image-2026-04-24-at-12.13.25.jpeg","contentUrl":"https:\/\/agrupacionespsoe.es\/ponferrada\/wp-content\/uploads\/sites\/36\/2026\/04\/WhatsApp-Image-2026-04-24-at-12.13.25.jpeg","width":1600,"height":1200},{"@type":"BreadcrumbList","@id":"https:\/\/agrupacionespsoe.es\/ponferrada\/el-psoe-denuncia-el-fracaso-absoluto-de-la-politica-de-vivienda-del-pp-en-ponferrada-y-exige-retomar-las-actuaciones-paralizadas\/#breadcrumb","itemListElement":[{"@type":"ListItem","position":1,"name":"Portada","item":"https:\/\/agrupacionespsoe.es\/ponferrada\/"},{"@type":"ListItem","position":2,"name":"El PSOE denuncia el \u201cfracaso absoluto\u201d de la pol\u00edtica de vivienda del PP en Ponferrada y exige retomar las actuaciones paralizadas"}]},{"@type":"WebSite","@id":"https:\/\/agrupacionespsoe.es\/ponferrada\/#website","url":"https:\/\/agrupacionespsoe.es\/ponferrada\/","name":"Agrupaci\u00f3n Socialista de Ponferrada","description":"Agrupaci\u00f3n Socialista de Ponferrada","publisher":{"@id":"https:\/\/agrupacionespsoe.es\/ponferrada\/#organization"},"potentialAction":[{"@type":"SearchAction","target":{"@type":"EntryPoint","urlTemplate":"https:\/\/agrupacionespsoe.es\/ponferrada\/?s={search_term_string}"},"query-input":{"@type":"PropertyValueSpecification","valueRequired":true,"valueName":"search_term_string"}}],"inLanguage":"es"},{"@type":"Organization","@id":"https:\/\/agrupacionespsoe.es\/ponferrada\/#organization","name":"Agrupaci\u00f3n Socialista de Ponferrada","url":"https:\/\/agrupacionespsoe.es\/ponferrada\/","logo":{"@type":"ImageObject","inLanguage":"es","@id":"https:\/\/agrupacionespsoe.es\/ponferrada\/#\/schema\/logo\/image\/","url":"https:\/\/agrupacionespsoe.es\/wp-content\/uploads\/2022\/07\/Logotipo_electoral_del_PSOE.png","contentUrl":"https:\/\/agrupacionespsoe.es\/wp-content\/uploads\/2022\/07\/Logotipo_electoral_del_PSOE.png","width":422,"height":422,"caption":"Agrupaci\u00f3n Socialista de Ponferrada"},"image":{"@id":"https:\/\/agrupacionespsoe.es\/ponferrada\/#\/schema\/logo\/image\/"}},{"@type":"Person","@id":"https:\/\/agrupacionespsoe.es\/ponferrada\/#\/schema\/person\/cd29ee627f3b70c05d415f02596debaa","name":"ponferrada2","image":{"@type":"ImageObject","inLanguage":"es","@id":"https:\/\/agrupacionespsoe.es\/ponferrada\/#\/schema\/person\/image\/","url":"https:\/\/secure.gravatar.com\/avatar\/f499eeb60144c664cf7b7edf75549b50?s=96&d=mm&r=g","contentUrl":"https:\/\/secure.gravatar.com\/avatar\/f499eeb60144c664cf7b7edf75549b50?s=96&d=mm&r=g","caption":"ponferrada2"},"url":"https:\/\/agrupacionespsoe.es\/ponferrada\/author\/ponferrada2\/"}]}},"jetpack_featured_media_url":"https:\/\/agrupacionespsoe.es\/ponferrada\/wp-content\/uploads\/sites\/36\/2026\/04\/WhatsApp-Image-2026-04-24-at-12.13.25.jpeg","jetpack_sharing_enabled":true,"_links":{"self":[{"href":"https:\/\/agrupacionespsoe.es\/ponferrada\/wp-json\/wp\/v2\/posts\/1784","targetHints":{"allow":["GET"]}}],"collection":[{"href":"https:\/\/agrupacionespsoe.es\/ponferrada\/wp-json\/wp\/v2\/posts"}],"about":[{"href":"https:\/\/agrupacionespsoe.es\/ponferrada\/wp-json\/wp\/v2\/types\/post"}],"author":[{"embeddable":true,"href":"https:\/\/agrupacionespsoe.es\/ponferrada\/wp-json\/wp\/v2\/users\/32"}],"replies":[{"embeddable":true,"href":"https:\/\/agrupacionespsoe.es\/ponferrada\/wp-json\/wp\/v2\/comments?post=1784"}],"version-history":[{"count":2,"href":"https:\/\/agrupacionespsoe.es\/ponferrada\/wp-json\/wp\/v2\/posts\/1784\/revisions"}],"predecessor-version":[{"id":1787,"href":"https:\/\/agrupacionespsoe.es\/ponferrada\/wp-json\/wp\/v2\/posts\/1784\/revisions\/1787"}],"wp:featuredmedia":[{"embeddable":true,"href":"https:\/\/agrupacionespsoe.es\/ponferrada\/wp-json\/wp\/v2\/media\/1785"}],"wp:attachment":[{"href":"https:\/\/agrupacionespsoe.es\/ponferrada\/wp-json\/wp\/v2\/media?parent=1784"}],"wp:term":[{"taxonomy":"category","embeddable":true,"href":"https:\/\/agrupacionespsoe.es\/ponferrada\/wp-json\/wp\/v2\/categories?post=1784"},{"taxonomy":"post_tag","embeddable":true,"href":"https:\/\/agrupacionespsoe.es\/ponferrada\/wp-json\/wp\/v2\/tags?post=1784"}],"curies":[{"name":"wp","href":"https:\/\/api.w.org\/{rel}","templated":true}]}}