{"id":1741,"date":"2026-04-08T09:04:48","date_gmt":"2026-04-08T09:04:48","guid":{"rendered":"https:\/\/agrupacionespsoe.es\/ponferrada\/?p=1741"},"modified":"2026-04-08T09:04:48","modified_gmt":"2026-04-08T09:04:48","slug":"para-el-pp-lo-urgente-son-tres-anos-el-pp-ha-tardado-casi-tres-anos-en-actuar-sobre-parques-infantiles-inseguros-y-lo-hace-a-un-ano-de-las-elecciones","status":"publish","type":"post","link":"https:\/\/agrupacionespsoe.es\/ponferrada\/para-el-pp-lo-urgente-son-tres-anos-el-pp-ha-tardado-casi-tres-anos-en-actuar-sobre-parques-infantiles-inseguros-y-lo-hace-a-un-ano-de-las-elecciones\/","title":{"rendered":"Para el PP lo urgente son tres a\u00f1os: el PP ha tardado casi tres a\u00f1os en actuar sobre parques infantiles \u201cinseguros\u201d y lo hace a un a\u00f1o de las elecciones."},"content":{"rendered":"\n<p>El Grupo Municipal Socialista en el Ayuntamiento de Ponferrada ha criticado el retraso \u201cinjustificable\u201d del equipo de gobierno del PP en la renovaci\u00f3n de los pavimentos de varias zonas de juegos infantiles, cuyas obras han comenzado ahora pese a que la necesidad de actuaci\u00f3n fue reconocida por el propio equipo de gobierno del PP hace casi tres a\u00f1os.<\/p>\n\n\n\n<p>Los socialistas recuerdan que ya en septiembre de 2023 el equipo de gobierno anunci\u00f3 una actuaci\u00f3n \u201curgente\u201d para reparar los parques infantiles de la ciudad, reconociendo entonces el mal estado de las instalaciones, especialmente del pavimento, que presentaba grietas y un evidente deterioro que pod\u00eda suponer un riesgo para los menores. \u201cDec\u00edan que era urgente. Esa es la fiabilidad del equipo de gobierno: lo urgente son tres a\u00f1os\u201d.<\/p>\n\n\n\n<p>Adem\u00e1s, desde el Grupo Socialista se\u00f1alan que esta actuaci\u00f3n se financia con cargo a la incorporaci\u00f3n de remanentes de cr\u00e9dito de ejercicios anteriores &nbsp;lo que evidencia que exist\u00edan recursos disponibles desde hace tiempo para acometer estas mejoras.<\/p>\n\n\n\n<p>\u201cHan tenido financiaci\u00f3n, han reconocido la urgencia y, aun as\u00ed, han dejado pasar casi tres a\u00f1os para actuar. Durante todo este tiempo, los ni\u00f1os y ni\u00f1as de Ponferrada han estado utilizando espacios que seg\u00fan ellos mismos dec\u00edan no reun\u00edan las condiciones \u00f3ptimas de seguridad\u201d.<\/p>\n\n\n\n<figure class=\"wp-block-image size-large\"><img loading=\"lazy\" decoding=\"async\" width=\"1024\" height=\"576\" src=\"https:\/\/agrupacionespsoe.es\/ponferrada\/wp-content\/uploads\/sites\/36\/2026\/04\/WhatsApp-Image-2026-04-08-at-10.48.01-1024x576.jpeg\" alt=\"\" class=\"wp-image-1742\" srcset=\"https:\/\/agrupacionespsoe.es\/ponferrada\/wp-content\/uploads\/sites\/36\/2026\/04\/WhatsApp-Image-2026-04-08-at-10.48.01-1024x576.jpeg 1024w, https:\/\/agrupacionespsoe.es\/ponferrada\/wp-content\/uploads\/sites\/36\/2026\/04\/WhatsApp-Image-2026-04-08-at-10.48.01-300x169.jpeg 300w, https:\/\/agrupacionespsoe.es\/ponferrada\/wp-content\/uploads\/sites\/36\/2026\/04\/WhatsApp-Image-2026-04-08-at-10.48.01-768x432.jpeg 768w, https:\/\/agrupacionespsoe.es\/ponferrada\/wp-content\/uploads\/sites\/36\/2026\/04\/WhatsApp-Image-2026-04-08-at-10.48.01-1536x864.jpeg 1536w, https:\/\/agrupacionespsoe.es\/ponferrada\/wp-content\/uploads\/sites\/36\/2026\/04\/WhatsApp-Image-2026-04-08-at-10.48.01.jpeg 1600w\" sizes=\"auto, (max-width: 1024px) 100vw, 1024px\" \/><\/figure>\n\n\n\n<p>La actuaci\u00f3n, adjudicada recientemente por un importe cercano a los 128.000 euros, se centrar\u00e1 en tres parques concretos \u2014El Plant\u00edo, Parque del Temple y Pablo Picasso en Cuatrovientos\u2014 y cuenta con un plazo de ejecuci\u00f3n de dos meses. Sin embargo, desde el PSOE consideran que lo relevante no es solo la inversi\u00f3n, sino el retraso acumulado.<\/p>\n\n\n\n<p>\u201cResulta dif\u00edcil de entender que una intervenci\u00f3n prioritaria, que adem\u00e1s contaba con financiaci\u00f3n prevista desde ejercicios anteriores, haya permanecido paralizada durante tanto tiempo\u201d. En este sentido, los socialistas advierten de que el inicio de las obras \u201ccoincide sospechosamente con un momento pol\u00edtico muy concreto, cuando est\u00e1n a un a\u00f1o de las pr\u00f3ximas elecciones\u201d, lo que les lleva a plantear si la planificaci\u00f3n responde realmente a criterios t\u00e9cnicos o a otros intereses.<\/p>\n\n\n\n<p>Desde el grupo socialista se se\u00f1ala que \u201ces evidente que las actuaciones que se calificaron como urgentes en 2023 no se han ejecutado hasta ahora. Cada cual puede sacar sus propias conclusiones sobre si se ha priorizado la seguridad de los menores o el calendario pol\u00edtico. No ha sido hasta que las familias han empezado a alzar la voz y a denunciar p\u00fablicamente el estado de los parques cuando el equipo de gobierno ha reaccionado y ha puesto en marcha unas obras que llevaban a\u00f1os siendo necesarias.\u201d<\/p>\n\n\n\n<p>Por todo ello, desde el Grupo Socialista concluyen \u201cpedimos al equipo de gobierno que priorice los intereses de la ciudadan\u00eda a sus intereses pol\u00edticos y electoralistas &nbsp;porque una vez m\u00e1s, vemos c\u00f3mo decisiones que deber\u00edan responder al inter\u00e9s general llegan tarde y solo cuando la presi\u00f3n social no les permite demorarlo m\u00e1s\u201d.<\/p>\n\n\n\n<figure class=\"wp-block-image size-large\"><img loading=\"lazy\" decoding=\"async\" width=\"1024\" height=\"768\" src=\"https:\/\/agrupacionespsoe.es\/ponferrada\/wp-content\/uploads\/sites\/36\/2026\/04\/WhatsApp-Image-2026-04-08-at-10.42.37-1024x768.jpeg\" alt=\"\" class=\"wp-image-1743\" srcset=\"https:\/\/agrupacionespsoe.es\/ponferrada\/wp-content\/uploads\/sites\/36\/2026\/04\/WhatsApp-Image-2026-04-08-at-10.42.37-1024x768.jpeg 1024w, https:\/\/agrupacionespsoe.es\/ponferrada\/wp-content\/uploads\/sites\/36\/2026\/04\/WhatsApp-Image-2026-04-08-at-10.42.37-300x225.jpeg 300w, https:\/\/agrupacionespsoe.es\/ponferrada\/wp-content\/uploads\/sites\/36\/2026\/04\/WhatsApp-Image-2026-04-08-at-10.42.37-768x576.jpeg 768w, https:\/\/agrupacionespsoe.es\/ponferrada\/wp-content\/uploads\/sites\/36\/2026\/04\/WhatsApp-Image-2026-04-08-at-10.42.37-1536x1152.jpeg 1536w, https:\/\/agrupacionespsoe.es\/ponferrada\/wp-content\/uploads\/sites\/36\/2026\/04\/WhatsApp-Image-2026-04-08-at-10.42.37.jpeg 2000w\" sizes=\"auto, (max-width: 1024px) 100vw, 1024px\" \/><\/figure>\n\n\n\n<p>.<\/p>\n","protected":false},"excerpt":{"rendered":"<p>El Grupo Municipal Socialista en el Ayuntamiento de Ponferrada ha criticado el retraso \u201cinjustificable\u201d del equipo de gobierno del PP en la renovaci\u00f3n de los pavimentos de varias zonas de juegos infantiles, cuyas obras han comenzado ahora pese a que la necesidad de actuaci\u00f3n fue reconocida por el propio equipo de gobierno del PP hace &#8230;<\/p>\n","protected":false},"author":32,"featured_media":1742,"comment_status":"open","ping_status":"open","sticky":false,"template":"","format":"standard","meta":{"_jetpack_memberships_contains_paid_content":false,"footnotes":""},"categories":[6],"tags":[],"class_list":["post-1741","post","type-post","status-publish","format-standard","has-post-thumbnail","hentry","category-actualidad"],"yoast_head":"<!-- This site is optimized with the Yoast SEO plugin v24.0 - https:\/\/yoast.com\/wordpress\/plugins\/seo\/ -->\n<title>Para el PP lo urgente son tres a\u00f1os: el PP ha tardado casi tres a\u00f1os en actuar sobre parques infantiles \u201cinseguros\u201d y lo hace a un a\u00f1o de las elecciones. - Agrupaci\u00f3n Socialista de Ponferrada<\/title>\n<meta name=\"robots\" content=\"index, follow, max-snippet:-1, max-image-preview:large, max-video-preview:-1\" \/>\n<link rel=\"canonical\" href=\"https:\/\/agrupacionespsoe.es\/ponferrada\/para-el-pp-lo-urgente-son-tres-anos-el-pp-ha-tardado-casi-tres-anos-en-actuar-sobre-parques-infantiles-inseguros-y-lo-hace-a-un-ano-de-las-elecciones\/\" \/>\n<meta property=\"og:locale\" content=\"es_ES\" \/>\n<meta property=\"og:type\" content=\"article\" \/>\n<meta property=\"og:title\" content=\"Para el PP lo urgente son tres a\u00f1os: el PP ha tardado casi tres a\u00f1os en actuar sobre parques infantiles \u201cinseguros\u201d y lo hace a un a\u00f1o de las elecciones. - Agrupaci\u00f3n Socialista de Ponferrada\" \/>\n<meta property=\"og:description\" content=\"El Grupo Municipal Socialista en el Ayuntamiento de Ponferrada ha criticado el retraso \u201cinjustificable\u201d del equipo de gobierno del PP en la renovaci\u00f3n de los pavimentos de varias zonas de juegos infantiles, cuyas obras han comenzado ahora pese a que la necesidad de actuaci\u00f3n fue reconocida por el propio equipo de gobierno del PP hace ...\" \/>\n<meta property=\"og:url\" content=\"https:\/\/agrupacionespsoe.es\/ponferrada\/para-el-pp-lo-urgente-son-tres-anos-el-pp-ha-tardado-casi-tres-anos-en-actuar-sobre-parques-infantiles-inseguros-y-lo-hace-a-un-ano-de-las-elecciones\/\" \/>\n<meta property=\"og:site_name\" content=\"Agrupaci\u00f3n Socialista de Ponferrada\" \/>\n<meta property=\"article:published_time\" content=\"2026-04-08T09:04:48+00:00\" \/>\n<meta property=\"og:image\" content=\"https:\/\/agrupacionespsoe.es\/ponferrada\/wp-content\/uploads\/sites\/36\/2026\/04\/WhatsApp-Image-2026-04-08-at-10.48.01.jpeg\" \/>\n\t<meta property=\"og:image:width\" content=\"1600\" \/>\n\t<meta property=\"og:image:height\" content=\"900\" \/>\n\t<meta property=\"og:image:type\" content=\"image\/jpeg\" \/>\n<meta name=\"author\" content=\"ponferrada2\" \/>\n<meta name=\"twitter:card\" content=\"summary_large_image\" \/>\n<meta name=\"twitter:label1\" content=\"Escrito por\" \/>\n\t<meta name=\"twitter:data1\" content=\"ponferrada2\" \/>\n\t<meta name=\"twitter:label2\" content=\"Tiempo de lectura\" \/>\n\t<meta name=\"twitter:data2\" content=\"3 minutos\" \/>\n<script type=\"application\/ld+json\" class=\"yoast-schema-graph\">{\"@context\":\"https:\/\/schema.org\",\"@graph\":[{\"@type\":\"Article\",\"@id\":\"https:\/\/agrupacionespsoe.es\/ponferrada\/para-el-pp-lo-urgente-son-tres-anos-el-pp-ha-tardado-casi-tres-anos-en-actuar-sobre-parques-infantiles-inseguros-y-lo-hace-a-un-ano-de-las-elecciones\/#article\",\"isPartOf\":{\"@id\":\"https:\/\/agrupacionespsoe.es\/ponferrada\/para-el-pp-lo-urgente-son-tres-anos-el-pp-ha-tardado-casi-tres-anos-en-actuar-sobre-parques-infantiles-inseguros-y-lo-hace-a-un-ano-de-las-elecciones\/\"},\"author\":{\"name\":\"ponferrada2\",\"@id\":\"https:\/\/agrupacionespsoe.es\/ponferrada\/#\/schema\/person\/cd29ee627f3b70c05d415f02596debaa\"},\"headline\":\"Para el PP lo urgente son tres a\u00f1os: el PP ha tardado casi tres a\u00f1os en actuar sobre parques infantiles \u201cinseguros\u201d y lo hace a un a\u00f1o de las elecciones.\",\"datePublished\":\"2026-04-08T09:04:48+00:00\",\"dateModified\":\"2026-04-08T09:04:48+00:00\",\"mainEntityOfPage\":{\"@id\":\"https:\/\/agrupacionespsoe.es\/ponferrada\/para-el-pp-lo-urgente-son-tres-anos-el-pp-ha-tardado-casi-tres-anos-en-actuar-sobre-parques-infantiles-inseguros-y-lo-hace-a-un-ano-de-las-elecciones\/\"},\"wordCount\":551,\"commentCount\":0,\"publisher\":{\"@id\":\"https:\/\/agrupacionespsoe.es\/ponferrada\/#organization\"},\"image\":{\"@id\":\"https:\/\/agrupacionespsoe.es\/ponferrada\/para-el-pp-lo-urgente-son-tres-anos-el-pp-ha-tardado-casi-tres-anos-en-actuar-sobre-parques-infantiles-inseguros-y-lo-hace-a-un-ano-de-las-elecciones\/#primaryimage\"},\"thumbnailUrl\":\"https:\/\/agrupacionespsoe.es\/ponferrada\/wp-content\/uploads\/sites\/36\/2026\/04\/WhatsApp-Image-2026-04-08-at-10.48.01.jpeg\",\"articleSection\":[\"ACTUALIDAD\"],\"inLanguage\":\"es\",\"potentialAction\":[{\"@type\":\"CommentAction\",\"name\":\"Comment\",\"target\":[\"https:\/\/agrupacionespsoe.es\/ponferrada\/para-el-pp-lo-urgente-son-tres-anos-el-pp-ha-tardado-casi-tres-anos-en-actuar-sobre-parques-infantiles-inseguros-y-lo-hace-a-un-ano-de-las-elecciones\/#respond\"]}]},{\"@type\":\"WebPage\",\"@id\":\"https:\/\/agrupacionespsoe.es\/ponferrada\/para-el-pp-lo-urgente-son-tres-anos-el-pp-ha-tardado-casi-tres-anos-en-actuar-sobre-parques-infantiles-inseguros-y-lo-hace-a-un-ano-de-las-elecciones\/\",\"url\":\"https:\/\/agrupacionespsoe.es\/ponferrada\/para-el-pp-lo-urgente-son-tres-anos-el-pp-ha-tardado-casi-tres-anos-en-actuar-sobre-parques-infantiles-inseguros-y-lo-hace-a-un-ano-de-las-elecciones\/\",\"name\":\"Para el PP lo urgente son tres a\u00f1os: el PP ha tardado casi tres a\u00f1os en actuar sobre parques infantiles \u201cinseguros\u201d y lo hace a un a\u00f1o de las elecciones. - Agrupaci\u00f3n Socialista de Ponferrada\",\"isPartOf\":{\"@id\":\"https:\/\/agrupacionespsoe.es\/ponferrada\/#website\"},\"primaryImageOfPage\":{\"@id\":\"https:\/\/agrupacionespsoe.es\/ponferrada\/para-el-pp-lo-urgente-son-tres-anos-el-pp-ha-tardado-casi-tres-anos-en-actuar-sobre-parques-infantiles-inseguros-y-lo-hace-a-un-ano-de-las-elecciones\/#primaryimage\"},\"image\":{\"@id\":\"https:\/\/agrupacionespsoe.es\/ponferrada\/para-el-pp-lo-urgente-son-tres-anos-el-pp-ha-tardado-casi-tres-anos-en-actuar-sobre-parques-infantiles-inseguros-y-lo-hace-a-un-ano-de-las-elecciones\/#primaryimage\"},\"thumbnailUrl\":\"https:\/\/agrupacionespsoe.es\/ponferrada\/wp-content\/uploads\/sites\/36\/2026\/04\/WhatsApp-Image-2026-04-08-at-10.48.01.jpeg\",\"datePublished\":\"2026-04-08T09:04:48+00:00\",\"dateModified\":\"2026-04-08T09:04:48+00:00\",\"breadcrumb\":{\"@id\":\"https:\/\/agrupacionespsoe.es\/ponferrada\/para-el-pp-lo-urgente-son-tres-anos-el-pp-ha-tardado-casi-tres-anos-en-actuar-sobre-parques-infantiles-inseguros-y-lo-hace-a-un-ano-de-las-elecciones\/#breadcrumb\"},\"inLanguage\":\"es\",\"potentialAction\":[{\"@type\":\"ReadAction\",\"target\":[\"https:\/\/agrupacionespsoe.es\/ponferrada\/para-el-pp-lo-urgente-son-tres-anos-el-pp-ha-tardado-casi-tres-anos-en-actuar-sobre-parques-infantiles-inseguros-y-lo-hace-a-un-ano-de-las-elecciones\/\"]}]},{\"@type\":\"ImageObject\",\"inLanguage\":\"es\",\"@id\":\"https:\/\/agrupacionespsoe.es\/ponferrada\/para-el-pp-lo-urgente-son-tres-anos-el-pp-ha-tardado-casi-tres-anos-en-actuar-sobre-parques-infantiles-inseguros-y-lo-hace-a-un-ano-de-las-elecciones\/#primaryimage\",\"url\":\"https:\/\/agrupacionespsoe.es\/ponferrada\/wp-content\/uploads\/sites\/36\/2026\/04\/WhatsApp-Image-2026-04-08-at-10.48.01.jpeg\",\"contentUrl\":\"https:\/\/agrupacionespsoe.es\/ponferrada\/wp-content\/uploads\/sites\/36\/2026\/04\/WhatsApp-Image-2026-04-08-at-10.48.01.jpeg\",\"width\":1600,\"height\":900},{\"@type\":\"BreadcrumbList\",\"@id\":\"https:\/\/agrupacionespsoe.es\/ponferrada\/para-el-pp-lo-urgente-son-tres-anos-el-pp-ha-tardado-casi-tres-anos-en-actuar-sobre-parques-infantiles-inseguros-y-lo-hace-a-un-ano-de-las-elecciones\/#breadcrumb\",\"itemListElement\":[{\"@type\":\"ListItem\",\"position\":1,\"name\":\"Portada\",\"item\":\"https:\/\/agrupacionespsoe.es\/ponferrada\/\"},{\"@type\":\"ListItem\",\"position\":2,\"name\":\"Para el PP lo urgente son tres a\u00f1os: el PP ha tardado casi tres a\u00f1os en actuar sobre parques infantiles \u201cinseguros\u201d y lo hace a un a\u00f1o de las elecciones.\"}]},{\"@type\":\"WebSite\",\"@id\":\"https:\/\/agrupacionespsoe.es\/ponferrada\/#website\",\"url\":\"https:\/\/agrupacionespsoe.es\/ponferrada\/\",\"name\":\"Agrupaci\u00f3n Socialista de Ponferrada\",\"description\":\"Agrupaci\u00f3n Socialista de Ponferrada\",\"publisher\":{\"@id\":\"https:\/\/agrupacionespsoe.es\/ponferrada\/#organization\"},\"potentialAction\":[{\"@type\":\"SearchAction\",\"target\":{\"@type\":\"EntryPoint\",\"urlTemplate\":\"https:\/\/agrupacionespsoe.es\/ponferrada\/?s={search_term_string}\"},\"query-input\":{\"@type\":\"PropertyValueSpecification\",\"valueRequired\":true,\"valueName\":\"search_term_string\"}}],\"inLanguage\":\"es\"},{\"@type\":\"Organization\",\"@id\":\"https:\/\/agrupacionespsoe.es\/ponferrada\/#organization\",\"name\":\"Agrupaci\u00f3n Socialista de Ponferrada\",\"url\":\"https:\/\/agrupacionespsoe.es\/ponferrada\/\",\"logo\":{\"@type\":\"ImageObject\",\"inLanguage\":\"es\",\"@id\":\"https:\/\/agrupacionespsoe.es\/ponferrada\/#\/schema\/logo\/image\/\",\"url\":\"https:\/\/agrupacionespsoe.es\/wp-content\/uploads\/2022\/07\/Logotipo_electoral_del_PSOE.png\",\"contentUrl\":\"https:\/\/agrupacionespsoe.es\/wp-content\/uploads\/2022\/07\/Logotipo_electoral_del_PSOE.png\",\"width\":422,\"height\":422,\"caption\":\"Agrupaci\u00f3n Socialista de Ponferrada\"},\"image\":{\"@id\":\"https:\/\/agrupacionespsoe.es\/ponferrada\/#\/schema\/logo\/image\/\"}},{\"@type\":\"Person\",\"@id\":\"https:\/\/agrupacionespsoe.es\/ponferrada\/#\/schema\/person\/cd29ee627f3b70c05d415f02596debaa\",\"name\":\"ponferrada2\",\"image\":{\"@type\":\"ImageObject\",\"inLanguage\":\"es\",\"@id\":\"https:\/\/agrupacionespsoe.es\/ponferrada\/#\/schema\/person\/image\/\",\"url\":\"https:\/\/secure.gravatar.com\/avatar\/f499eeb60144c664cf7b7edf75549b50?s=96&d=mm&r=g\",\"contentUrl\":\"https:\/\/secure.gravatar.com\/avatar\/f499eeb60144c664cf7b7edf75549b50?s=96&d=mm&r=g\",\"caption\":\"ponferrada2\"},\"url\":\"https:\/\/agrupacionespsoe.es\/ponferrada\/author\/ponferrada2\/\"}]}<\/script>\n<!-- \/ Yoast SEO plugin. -->","yoast_head_json":{"title":"Para el PP lo urgente son tres a\u00f1os: el PP ha tardado casi tres a\u00f1os en actuar sobre parques infantiles \u201cinseguros\u201d y lo hace a un a\u00f1o de las elecciones. - Agrupaci\u00f3n Socialista de Ponferrada","robots":{"index":"index","follow":"follow","max-snippet":"max-snippet:-1","max-image-preview":"max-image-preview:large","max-video-preview":"max-video-preview:-1"},"canonical":"https:\/\/agrupacionespsoe.es\/ponferrada\/para-el-pp-lo-urgente-son-tres-anos-el-pp-ha-tardado-casi-tres-anos-en-actuar-sobre-parques-infantiles-inseguros-y-lo-hace-a-un-ano-de-las-elecciones\/","og_locale":"es_ES","og_type":"article","og_title":"Para el PP lo urgente son tres a\u00f1os: el PP ha tardado casi tres a\u00f1os en actuar sobre parques infantiles \u201cinseguros\u201d y lo hace a un a\u00f1o de las elecciones. - Agrupaci\u00f3n Socialista de Ponferrada","og_description":"El Grupo Municipal Socialista en el Ayuntamiento de Ponferrada ha criticado el retraso \u201cinjustificable\u201d del equipo de gobierno del PP en la renovaci\u00f3n de los pavimentos de varias zonas de juegos infantiles, cuyas obras han comenzado ahora pese a que la necesidad de actuaci\u00f3n fue reconocida por el propio equipo de gobierno del PP hace ...","og_url":"https:\/\/agrupacionespsoe.es\/ponferrada\/para-el-pp-lo-urgente-son-tres-anos-el-pp-ha-tardado-casi-tres-anos-en-actuar-sobre-parques-infantiles-inseguros-y-lo-hace-a-un-ano-de-las-elecciones\/","og_site_name":"Agrupaci\u00f3n Socialista de Ponferrada","article_published_time":"2026-04-08T09:04:48+00:00","og_image":[{"width":1600,"height":900,"url":"https:\/\/agrupacionespsoe.es\/ponferrada\/wp-content\/uploads\/sites\/36\/2026\/04\/WhatsApp-Image-2026-04-08-at-10.48.01.jpeg","type":"image\/jpeg"}],"author":"ponferrada2","twitter_card":"summary_large_image","twitter_misc":{"Escrito por":"ponferrada2","Tiempo de lectura":"3 minutos"},"schema":{"@context":"https:\/\/schema.org","@graph":[{"@type":"Article","@id":"https:\/\/agrupacionespsoe.es\/ponferrada\/para-el-pp-lo-urgente-son-tres-anos-el-pp-ha-tardado-casi-tres-anos-en-actuar-sobre-parques-infantiles-inseguros-y-lo-hace-a-un-ano-de-las-elecciones\/#article","isPartOf":{"@id":"https:\/\/agrupacionespsoe.es\/ponferrada\/para-el-pp-lo-urgente-son-tres-anos-el-pp-ha-tardado-casi-tres-anos-en-actuar-sobre-parques-infantiles-inseguros-y-lo-hace-a-un-ano-de-las-elecciones\/"},"author":{"name":"ponferrada2","@id":"https:\/\/agrupacionespsoe.es\/ponferrada\/#\/schema\/person\/cd29ee627f3b70c05d415f02596debaa"},"headline":"Para el PP lo urgente son tres a\u00f1os: el PP ha tardado casi tres a\u00f1os en actuar sobre parques infantiles \u201cinseguros\u201d y lo hace a un a\u00f1o de las elecciones.","datePublished":"2026-04-08T09:04:48+00:00","dateModified":"2026-04-08T09:04:48+00:00","mainEntityOfPage":{"@id":"https:\/\/agrupacionespsoe.es\/ponferrada\/para-el-pp-lo-urgente-son-tres-anos-el-pp-ha-tardado-casi-tres-anos-en-actuar-sobre-parques-infantiles-inseguros-y-lo-hace-a-un-ano-de-las-elecciones\/"},"wordCount":551,"commentCount":0,"publisher":{"@id":"https:\/\/agrupacionespsoe.es\/ponferrada\/#organization"},"image":{"@id":"https:\/\/agrupacionespsoe.es\/ponferrada\/para-el-pp-lo-urgente-son-tres-anos-el-pp-ha-tardado-casi-tres-anos-en-actuar-sobre-parques-infantiles-inseguros-y-lo-hace-a-un-ano-de-las-elecciones\/#primaryimage"},"thumbnailUrl":"https:\/\/agrupacionespsoe.es\/ponferrada\/wp-content\/uploads\/sites\/36\/2026\/04\/WhatsApp-Image-2026-04-08-at-10.48.01.jpeg","articleSection":["ACTUALIDAD"],"inLanguage":"es","potentialAction":[{"@type":"CommentAction","name":"Comment","target":["https:\/\/agrupacionespsoe.es\/ponferrada\/para-el-pp-lo-urgente-son-tres-anos-el-pp-ha-tardado-casi-tres-anos-en-actuar-sobre-parques-infantiles-inseguros-y-lo-hace-a-un-ano-de-las-elecciones\/#respond"]}]},{"@type":"WebPage","@id":"https:\/\/agrupacionespsoe.es\/ponferrada\/para-el-pp-lo-urgente-son-tres-anos-el-pp-ha-tardado-casi-tres-anos-en-actuar-sobre-parques-infantiles-inseguros-y-lo-hace-a-un-ano-de-las-elecciones\/","url":"https:\/\/agrupacionespsoe.es\/ponferrada\/para-el-pp-lo-urgente-son-tres-anos-el-pp-ha-tardado-casi-tres-anos-en-actuar-sobre-parques-infantiles-inseguros-y-lo-hace-a-un-ano-de-las-elecciones\/","name":"Para el PP lo urgente son tres a\u00f1os: el PP ha tardado casi tres a\u00f1os en actuar sobre parques infantiles \u201cinseguros\u201d y lo hace a un a\u00f1o de las elecciones. - Agrupaci\u00f3n Socialista de Ponferrada","isPartOf":{"@id":"https:\/\/agrupacionespsoe.es\/ponferrada\/#website"},"primaryImageOfPage":{"@id":"https:\/\/agrupacionespsoe.es\/ponferrada\/para-el-pp-lo-urgente-son-tres-anos-el-pp-ha-tardado-casi-tres-anos-en-actuar-sobre-parques-infantiles-inseguros-y-lo-hace-a-un-ano-de-las-elecciones\/#primaryimage"},"image":{"@id":"https:\/\/agrupacionespsoe.es\/ponferrada\/para-el-pp-lo-urgente-son-tres-anos-el-pp-ha-tardado-casi-tres-anos-en-actuar-sobre-parques-infantiles-inseguros-y-lo-hace-a-un-ano-de-las-elecciones\/#primaryimage"},"thumbnailUrl":"https:\/\/agrupacionespsoe.es\/ponferrada\/wp-content\/uploads\/sites\/36\/2026\/04\/WhatsApp-Image-2026-04-08-at-10.48.01.jpeg","datePublished":"2026-04-08T09:04:48+00:00","dateModified":"2026-04-08T09:04:48+00:00","breadcrumb":{"@id":"https:\/\/agrupacionespsoe.es\/ponferrada\/para-el-pp-lo-urgente-son-tres-anos-el-pp-ha-tardado-casi-tres-anos-en-actuar-sobre-parques-infantiles-inseguros-y-lo-hace-a-un-ano-de-las-elecciones\/#breadcrumb"},"inLanguage":"es","potentialAction":[{"@type":"ReadAction","target":["https:\/\/agrupacionespsoe.es\/ponferrada\/para-el-pp-lo-urgente-son-tres-anos-el-pp-ha-tardado-casi-tres-anos-en-actuar-sobre-parques-infantiles-inseguros-y-lo-hace-a-un-ano-de-las-elecciones\/"]}]},{"@type":"ImageObject","inLanguage":"es","@id":"https:\/\/agrupacionespsoe.es\/ponferrada\/para-el-pp-lo-urgente-son-tres-anos-el-pp-ha-tardado-casi-tres-anos-en-actuar-sobre-parques-infantiles-inseguros-y-lo-hace-a-un-ano-de-las-elecciones\/#primaryimage","url":"https:\/\/agrupacionespsoe.es\/ponferrada\/wp-content\/uploads\/sites\/36\/2026\/04\/WhatsApp-Image-2026-04-08-at-10.48.01.jpeg","contentUrl":"https:\/\/agrupacionespsoe.es\/ponferrada\/wp-content\/uploads\/sites\/36\/2026\/04\/WhatsApp-Image-2026-04-08-at-10.48.01.jpeg","width":1600,"height":900},{"@type":"BreadcrumbList","@id":"https:\/\/agrupacionespsoe.es\/ponferrada\/para-el-pp-lo-urgente-son-tres-anos-el-pp-ha-tardado-casi-tres-anos-en-actuar-sobre-parques-infantiles-inseguros-y-lo-hace-a-un-ano-de-las-elecciones\/#breadcrumb","itemListElement":[{"@type":"ListItem","position":1,"name":"Portada","item":"https:\/\/agrupacionespsoe.es\/ponferrada\/"},{"@type":"ListItem","position":2,"name":"Para el PP lo urgente son tres a\u00f1os: el PP ha tardado casi tres a\u00f1os en actuar sobre parques infantiles \u201cinseguros\u201d y lo hace a un a\u00f1o de las elecciones."}]},{"@type":"WebSite","@id":"https:\/\/agrupacionespsoe.es\/ponferrada\/#website","url":"https:\/\/agrupacionespsoe.es\/ponferrada\/","name":"Agrupaci\u00f3n Socialista de Ponferrada","description":"Agrupaci\u00f3n Socialista de Ponferrada","publisher":{"@id":"https:\/\/agrupacionespsoe.es\/ponferrada\/#organization"},"potentialAction":[{"@type":"SearchAction","target":{"@type":"EntryPoint","urlTemplate":"https:\/\/agrupacionespsoe.es\/ponferrada\/?s={search_term_string}"},"query-input":{"@type":"PropertyValueSpecification","valueRequired":true,"valueName":"search_term_string"}}],"inLanguage":"es"},{"@type":"Organization","@id":"https:\/\/agrupacionespsoe.es\/ponferrada\/#organization","name":"Agrupaci\u00f3n Socialista de Ponferrada","url":"https:\/\/agrupacionespsoe.es\/ponferrada\/","logo":{"@type":"ImageObject","inLanguage":"es","@id":"https:\/\/agrupacionespsoe.es\/ponferrada\/#\/schema\/logo\/image\/","url":"https:\/\/agrupacionespsoe.es\/wp-content\/uploads\/2022\/07\/Logotipo_electoral_del_PSOE.png","contentUrl":"https:\/\/agrupacionespsoe.es\/wp-content\/uploads\/2022\/07\/Logotipo_electoral_del_PSOE.png","width":422,"height":422,"caption":"Agrupaci\u00f3n Socialista de Ponferrada"},"image":{"@id":"https:\/\/agrupacionespsoe.es\/ponferrada\/#\/schema\/logo\/image\/"}},{"@type":"Person","@id":"https:\/\/agrupacionespsoe.es\/ponferrada\/#\/schema\/person\/cd29ee627f3b70c05d415f02596debaa","name":"ponferrada2","image":{"@type":"ImageObject","inLanguage":"es","@id":"https:\/\/agrupacionespsoe.es\/ponferrada\/#\/schema\/person\/image\/","url":"https:\/\/secure.gravatar.com\/avatar\/f499eeb60144c664cf7b7edf75549b50?s=96&d=mm&r=g","contentUrl":"https:\/\/secure.gravatar.com\/avatar\/f499eeb60144c664cf7b7edf75549b50?s=96&d=mm&r=g","caption":"ponferrada2"},"url":"https:\/\/agrupacionespsoe.es\/ponferrada\/author\/ponferrada2\/"}]}},"jetpack_featured_media_url":"https:\/\/agrupacionespsoe.es\/ponferrada\/wp-content\/uploads\/sites\/36\/2026\/04\/WhatsApp-Image-2026-04-08-at-10.48.01.jpeg","jetpack_sharing_enabled":true,"_links":{"self":[{"href":"https:\/\/agrupacionespsoe.es\/ponferrada\/wp-json\/wp\/v2\/posts\/1741","targetHints":{"allow":["GET"]}}],"collection":[{"href":"https:\/\/agrupacionespsoe.es\/ponferrada\/wp-json\/wp\/v2\/posts"}],"about":[{"href":"https:\/\/agrupacionespsoe.es\/ponferrada\/wp-json\/wp\/v2\/types\/post"}],"author":[{"embeddable":true,"href":"https:\/\/agrupacionespsoe.es\/ponferrada\/wp-json\/wp\/v2\/users\/32"}],"replies":[{"embeddable":true,"href":"https:\/\/agrupacionespsoe.es\/ponferrada\/wp-json\/wp\/v2\/comments?post=1741"}],"version-history":[{"count":2,"href":"https:\/\/agrupacionespsoe.es\/ponferrada\/wp-json\/wp\/v2\/posts\/1741\/revisions"}],"predecessor-version":[{"id":1745,"href":"https:\/\/agrupacionespsoe.es\/ponferrada\/wp-json\/wp\/v2\/posts\/1741\/revisions\/1745"}],"wp:featuredmedia":[{"embeddable":true,"href":"https:\/\/agrupacionespsoe.es\/ponferrada\/wp-json\/wp\/v2\/media\/1742"}],"wp:attachment":[{"href":"https:\/\/agrupacionespsoe.es\/ponferrada\/wp-json\/wp\/v2\/media?parent=1741"}],"wp:term":[{"taxonomy":"category","embeddable":true,"href":"https:\/\/agrupacionespsoe.es\/ponferrada\/wp-json\/wp\/v2\/categories?post=1741"},{"taxonomy":"post_tag","embeddable":true,"href":"https:\/\/agrupacionespsoe.es\/ponferrada\/wp-json\/wp\/v2\/tags?post=1741"}],"curies":[{"name":"wp","href":"https:\/\/api.w.org\/{rel}","templated":true}]}}