{"id":1735,"date":"2026-04-07T10:02:45","date_gmt":"2026-04-07T10:02:45","guid":{"rendered":"https:\/\/agrupacionespsoe.es\/ponferrada\/?p=1735"},"modified":"2026-04-07T10:02:46","modified_gmt":"2026-04-07T10:02:46","slug":"el-grupo-socialista-denuncia-retrasos-en-el-proyecto-de-alumbrado-publico-y-sospecha-que-el-pp-busca-llevar-las-obras-a-periodo-electoral","status":"publish","type":"post","link":"https:\/\/agrupacionespsoe.es\/ponferrada\/el-grupo-socialista-denuncia-retrasos-en-el-proyecto-de-alumbrado-publico-y-sospecha-que-el-pp-busca-llevar-las-obras-a-periodo-electoral\/","title":{"rendered":"El Grupo Socialista denuncia retrasos en el proyecto de alumbrado p\u00fablico y sospecha que el PP busca llevar las obras a periodo electoral"},"content":{"rendered":"\n<p>El Grupo Municipal Socialista en el Ayuntamiento de Ponferrada ha denunciado la \u201cpreocupante dilaci\u00f3n\u201d en la ejecuci\u00f3n del proyecto de renovaci\u00f3n del alumbrado p\u00fablico aprobado en el pleno del 20 de diciembre de 2024, y ha advertido de que los tiempos que est\u00e1 manejando el equipo de gobierno del PP \u201cinvitan a pensar que el inter\u00e9s no es dar un servicio a la ciudadan\u00eda, sino ajustar las obras al calendario electoral\u201d.<\/p>\n\n\n\n<p>Los socialistas recuerdan que dicho proyecto, aprobado por unanimidad, contemplaba una inversi\u00f3n de m\u00e1s de 9 millones de euros, que ya estaba negociada por el equipo del PSOE en el anterior mandato, para la mejora de la eficiencia energ\u00e9tica y la modernizaci\u00f3n de la red de alumbrado, a trav\u00e9s de un encargo de gesti\u00f3n a la Sociedad P\u00fablica SOMACYL. Un proyecto que, subrayan, \u201cdeber\u00eda haber sido una prioridad desde el primer momento\u201d.<\/p>\n\n\n\n<p>Sin embargo, desde el Grupo Socialista se\u00f1alan que los plazos administrativos evidencian una ejecuci\u00f3n \u201cexcesivamente lenta\u201d. La licitaci\u00f3n no se public\u00f3 hasta finales de diciembre de 2025, pr\u00e1cticamente un a\u00f1o despu\u00e9s de su aprobaci\u00f3n plenaria, y ha sufrido adem\u00e1s rectificaciones posteriores en enero de 2026, lo que ha contribuido a seguir retrasando su tramitaci\u00f3n.<\/p>\n\n\n\n<figure class=\"wp-block-image size-large\"><img loading=\"lazy\" decoding=\"async\" width=\"1024\" height=\"683\" src=\"https:\/\/agrupacionespsoe.es\/ponferrada\/wp-content\/uploads\/sites\/36\/2026\/04\/reunion-avances-convenio-somacyl-1-1024x683.jpg\" alt=\"\" class=\"wp-image-1738\" srcset=\"https:\/\/agrupacionespsoe.es\/ponferrada\/wp-content\/uploads\/sites\/36\/2026\/04\/reunion-avances-convenio-somacyl-1-1024x683.jpg 1024w, https:\/\/agrupacionespsoe.es\/ponferrada\/wp-content\/uploads\/sites\/36\/2026\/04\/reunion-avances-convenio-somacyl-1-300x200.jpg 300w, https:\/\/agrupacionespsoe.es\/ponferrada\/wp-content\/uploads\/sites\/36\/2026\/04\/reunion-avances-convenio-somacyl-1-768x512.jpg 768w, https:\/\/agrupacionespsoe.es\/ponferrada\/wp-content\/uploads\/sites\/36\/2026\/04\/reunion-avances-convenio-somacyl-1-1536x1024.jpg 1536w, https:\/\/agrupacionespsoe.es\/ponferrada\/wp-content\/uploads\/sites\/36\/2026\/04\/reunion-avances-convenio-somacyl-1-2048x1365.jpg 2048w\" sizes=\"auto, (max-width: 1024px) 100vw, 1024px\" \/><\/figure>\n\n\n\n<p>\u201cEl propio contrato establece un plazo de ejecuci\u00f3n de 10 meses. Si sumamos los retrasos acumulados, todo apunta a que las obras podr\u00edan coincidir o acercarse peligrosamente al periodo previo a las pr\u00f3ximas elecciones municipales\u201d, advierten desde el grupo socialista.<\/p>\n\n\n\n<p>En este sentido, consideran que \u201cresulta normal preguntarse si esta falta de agilidad responde a una simple incapacidad de gesti\u00f3n o si, por el contrario, existe una intencionalidad pol\u00edtica de concentrar las actuaciones en fechas m\u00e1s rentables desde el punto de vista electoral\u201d.<\/p>\n\n\n\n<p>Desde el Grupo Socialista insisten en que la modernizaci\u00f3n del alumbrado p\u00fablico no puede estar condicionada por intereses partidistas, sino que debe responder exclusivamente a las necesidades de la ciudadan\u00eda. \u201cEstamos hablando de eficiencia energ\u00e9tica, de ahorro econ\u00f3mico y de mejora del servicio p\u00fablico. No deber\u00eda convertirse en una herramienta de propaganda\u201d, se\u00f1alan.<\/p>\n\n\n\n<p>Asimismo, critican que, tres a\u00f1os despu\u00e9s de la llegada del actual equipo de gobierno, \u201cno solo no se han materializado muchas de sus promesas, sino que proyectos heredados y ya encaminados avanzan con una lentitud dif\u00edcil de justificar\u201d.<\/p>\n\n\n\n<p>Por todo ello, el Grupo Municipal Socialista pide al equipo de gobierno que acelere de manera inmediata la tramitaci\u00f3n y ejecuci\u00f3n del proyecto, garantizando que las actuaciones se desarrollen con criterios t\u00e9cnicos y de inter\u00e9s general, \u201cy no en funci\u00f3n de c\u00e1lculos pol\u00edticos\u201d.<\/p>\n\n\n\n<p>Concluyen se\u00f1alando que \u201clos vecinos y vecinas de Ponferrada no necesitan obras de \u00faltima hora para la foto, sino una gesti\u00f3n eficaz, planificada y comprometida con el inter\u00e9s p\u00fablico desde el primer d\u00eda\u201d.<\/p>\n\n\n\n<figure class=\"wp-block-image size-large\"><img loading=\"lazy\" decoding=\"async\" width=\"1024\" height=\"768\" src=\"https:\/\/agrupacionespsoe.es\/ponferrada\/wp-content\/uploads\/sites\/36\/2026\/04\/Ponferrada-1024x768.jpeg\" alt=\"\" class=\"wp-image-1736\" srcset=\"https:\/\/agrupacionespsoe.es\/ponferrada\/wp-content\/uploads\/sites\/36\/2026\/04\/Ponferrada-1024x768.jpeg 1024w, https:\/\/agrupacionespsoe.es\/ponferrada\/wp-content\/uploads\/sites\/36\/2026\/04\/Ponferrada-300x225.jpeg 300w, https:\/\/agrupacionespsoe.es\/ponferrada\/wp-content\/uploads\/sites\/36\/2026\/04\/Ponferrada-768x576.jpeg 768w, https:\/\/agrupacionespsoe.es\/ponferrada\/wp-content\/uploads\/sites\/36\/2026\/04\/Ponferrada-1536x1152.jpeg 1536w, https:\/\/agrupacionespsoe.es\/ponferrada\/wp-content\/uploads\/sites\/36\/2026\/04\/Ponferrada.jpeg 1600w\" sizes=\"auto, (max-width: 1024px) 100vw, 1024px\" \/><\/figure>\n","protected":false},"excerpt":{"rendered":"<p>El Grupo Municipal Socialista en el Ayuntamiento de Ponferrada ha denunciado la \u201cpreocupante dilaci\u00f3n\u201d en la ejecuci\u00f3n del proyecto de renovaci\u00f3n del alumbrado p\u00fablico aprobado en el pleno del 20 de diciembre de 2024, y ha advertido de que los tiempos que est\u00e1 manejando el equipo de gobierno del PP \u201cinvitan a pensar que el &#8230;<\/p>\n","protected":false},"author":32,"featured_media":1737,"comment_status":"open","ping_status":"open","sticky":false,"template":"","format":"standard","meta":{"_jetpack_memberships_contains_paid_content":false,"footnotes":""},"categories":[6],"tags":[],"class_list":["post-1735","post","type-post","status-publish","format-standard","has-post-thumbnail","hentry","category-actualidad"],"yoast_head":"<!-- This site is optimized with the Yoast SEO plugin v24.0 - https:\/\/yoast.com\/wordpress\/plugins\/seo\/ -->\n<title>El Grupo Socialista denuncia retrasos en el proyecto de alumbrado p\u00fablico y sospecha que el PP busca llevar las obras a periodo electoral - Agrupaci\u00f3n Socialista de Ponferrada<\/title>\n<meta name=\"robots\" content=\"index, follow, max-snippet:-1, max-image-preview:large, max-video-preview:-1\" \/>\n<link rel=\"canonical\" href=\"https:\/\/agrupacionespsoe.es\/ponferrada\/el-grupo-socialista-denuncia-retrasos-en-el-proyecto-de-alumbrado-publico-y-sospecha-que-el-pp-busca-llevar-las-obras-a-periodo-electoral\/\" \/>\n<meta property=\"og:locale\" content=\"es_ES\" \/>\n<meta property=\"og:type\" content=\"article\" \/>\n<meta property=\"og:title\" content=\"El Grupo Socialista denuncia retrasos en el proyecto de alumbrado p\u00fablico y sospecha que el PP busca llevar las obras a periodo electoral - Agrupaci\u00f3n Socialista de Ponferrada\" \/>\n<meta property=\"og:description\" content=\"El Grupo Municipal Socialista en el Ayuntamiento de Ponferrada ha denunciado la \u201cpreocupante dilaci\u00f3n\u201d en la ejecuci\u00f3n del proyecto de renovaci\u00f3n del alumbrado p\u00fablico aprobado en el pleno del 20 de diciembre de 2024, y ha advertido de que los tiempos que est\u00e1 manejando el equipo de gobierno del PP \u201cinvitan a pensar que el ...\" \/>\n<meta property=\"og:url\" content=\"https:\/\/agrupacionespsoe.es\/ponferrada\/el-grupo-socialista-denuncia-retrasos-en-el-proyecto-de-alumbrado-publico-y-sospecha-que-el-pp-busca-llevar-las-obras-a-periodo-electoral\/\" \/>\n<meta property=\"og:site_name\" content=\"Agrupaci\u00f3n Socialista de Ponferrada\" \/>\n<meta property=\"article:published_time\" content=\"2026-04-07T10:02:45+00:00\" \/>\n<meta property=\"article:modified_time\" content=\"2026-04-07T10:02:46+00:00\" \/>\n<meta property=\"og:image\" content=\"https:\/\/agrupacionespsoe.es\/ponferrada\/wp-content\/uploads\/sites\/36\/2026\/04\/reunion-avances-convenio-somacyl-scaled.jpg\" \/>\n\t<meta property=\"og:image:width\" content=\"2560\" \/>\n\t<meta property=\"og:image:height\" content=\"1707\" \/>\n\t<meta property=\"og:image:type\" content=\"image\/jpeg\" \/>\n<meta name=\"author\" content=\"ponferrada2\" \/>\n<meta name=\"twitter:card\" content=\"summary_large_image\" \/>\n<meta name=\"twitter:label1\" content=\"Escrito por\" \/>\n\t<meta name=\"twitter:data1\" content=\"ponferrada2\" \/>\n\t<meta name=\"twitter:label2\" content=\"Tiempo de lectura\" \/>\n\t<meta name=\"twitter:data2\" content=\"3 minutos\" \/>\n<script type=\"application\/ld+json\" class=\"yoast-schema-graph\">{\"@context\":\"https:\/\/schema.org\",\"@graph\":[{\"@type\":\"Article\",\"@id\":\"https:\/\/agrupacionespsoe.es\/ponferrada\/el-grupo-socialista-denuncia-retrasos-en-el-proyecto-de-alumbrado-publico-y-sospecha-que-el-pp-busca-llevar-las-obras-a-periodo-electoral\/#article\",\"isPartOf\":{\"@id\":\"https:\/\/agrupacionespsoe.es\/ponferrada\/el-grupo-socialista-denuncia-retrasos-en-el-proyecto-de-alumbrado-publico-y-sospecha-que-el-pp-busca-llevar-las-obras-a-periodo-electoral\/\"},\"author\":{\"name\":\"ponferrada2\",\"@id\":\"https:\/\/agrupacionespsoe.es\/ponferrada\/#\/schema\/person\/cd29ee627f3b70c05d415f02596debaa\"},\"headline\":\"El Grupo Socialista denuncia retrasos en el proyecto de alumbrado p\u00fablico y sospecha que el PP busca llevar las obras a periodo electoral\",\"datePublished\":\"2026-04-07T10:02:45+00:00\",\"dateModified\":\"2026-04-07T10:02:46+00:00\",\"mainEntityOfPage\":{\"@id\":\"https:\/\/agrupacionespsoe.es\/ponferrada\/el-grupo-socialista-denuncia-retrasos-en-el-proyecto-de-alumbrado-publico-y-sospecha-que-el-pp-busca-llevar-las-obras-a-periodo-electoral\/\"},\"wordCount\":517,\"commentCount\":0,\"publisher\":{\"@id\":\"https:\/\/agrupacionespsoe.es\/ponferrada\/#organization\"},\"image\":{\"@id\":\"https:\/\/agrupacionespsoe.es\/ponferrada\/el-grupo-socialista-denuncia-retrasos-en-el-proyecto-de-alumbrado-publico-y-sospecha-que-el-pp-busca-llevar-las-obras-a-periodo-electoral\/#primaryimage\"},\"thumbnailUrl\":\"https:\/\/agrupacionespsoe.es\/ponferrada\/wp-content\/uploads\/sites\/36\/2026\/04\/reunion-avances-convenio-somacyl-scaled.jpg\",\"articleSection\":[\"ACTUALIDAD\"],\"inLanguage\":\"es\",\"potentialAction\":[{\"@type\":\"CommentAction\",\"name\":\"Comment\",\"target\":[\"https:\/\/agrupacionespsoe.es\/ponferrada\/el-grupo-socialista-denuncia-retrasos-en-el-proyecto-de-alumbrado-publico-y-sospecha-que-el-pp-busca-llevar-las-obras-a-periodo-electoral\/#respond\"]}]},{\"@type\":\"WebPage\",\"@id\":\"https:\/\/agrupacionespsoe.es\/ponferrada\/el-grupo-socialista-denuncia-retrasos-en-el-proyecto-de-alumbrado-publico-y-sospecha-que-el-pp-busca-llevar-las-obras-a-periodo-electoral\/\",\"url\":\"https:\/\/agrupacionespsoe.es\/ponferrada\/el-grupo-socialista-denuncia-retrasos-en-el-proyecto-de-alumbrado-publico-y-sospecha-que-el-pp-busca-llevar-las-obras-a-periodo-electoral\/\",\"name\":\"El Grupo Socialista denuncia retrasos en el proyecto de alumbrado p\u00fablico y sospecha que el PP busca llevar las obras a periodo electoral - Agrupaci\u00f3n Socialista de Ponferrada\",\"isPartOf\":{\"@id\":\"https:\/\/agrupacionespsoe.es\/ponferrada\/#website\"},\"primaryImageOfPage\":{\"@id\":\"https:\/\/agrupacionespsoe.es\/ponferrada\/el-grupo-socialista-denuncia-retrasos-en-el-proyecto-de-alumbrado-publico-y-sospecha-que-el-pp-busca-llevar-las-obras-a-periodo-electoral\/#primaryimage\"},\"image\":{\"@id\":\"https:\/\/agrupacionespsoe.es\/ponferrada\/el-grupo-socialista-denuncia-retrasos-en-el-proyecto-de-alumbrado-publico-y-sospecha-que-el-pp-busca-llevar-las-obras-a-periodo-electoral\/#primaryimage\"},\"thumbnailUrl\":\"https:\/\/agrupacionespsoe.es\/ponferrada\/wp-content\/uploads\/sites\/36\/2026\/04\/reunion-avances-convenio-somacyl-scaled.jpg\",\"datePublished\":\"2026-04-07T10:02:45+00:00\",\"dateModified\":\"2026-04-07T10:02:46+00:00\",\"breadcrumb\":{\"@id\":\"https:\/\/agrupacionespsoe.es\/ponferrada\/el-grupo-socialista-denuncia-retrasos-en-el-proyecto-de-alumbrado-publico-y-sospecha-que-el-pp-busca-llevar-las-obras-a-periodo-electoral\/#breadcrumb\"},\"inLanguage\":\"es\",\"potentialAction\":[{\"@type\":\"ReadAction\",\"target\":[\"https:\/\/agrupacionespsoe.es\/ponferrada\/el-grupo-socialista-denuncia-retrasos-en-el-proyecto-de-alumbrado-publico-y-sospecha-que-el-pp-busca-llevar-las-obras-a-periodo-electoral\/\"]}]},{\"@type\":\"ImageObject\",\"inLanguage\":\"es\",\"@id\":\"https:\/\/agrupacionespsoe.es\/ponferrada\/el-grupo-socialista-denuncia-retrasos-en-el-proyecto-de-alumbrado-publico-y-sospecha-que-el-pp-busca-llevar-las-obras-a-periodo-electoral\/#primaryimage\",\"url\":\"https:\/\/agrupacionespsoe.es\/ponferrada\/wp-content\/uploads\/sites\/36\/2026\/04\/reunion-avances-convenio-somacyl-scaled.jpg\",\"contentUrl\":\"https:\/\/agrupacionespsoe.es\/ponferrada\/wp-content\/uploads\/sites\/36\/2026\/04\/reunion-avances-convenio-somacyl-scaled.jpg\",\"width\":2560,\"height\":1707},{\"@type\":\"BreadcrumbList\",\"@id\":\"https:\/\/agrupacionespsoe.es\/ponferrada\/el-grupo-socialista-denuncia-retrasos-en-el-proyecto-de-alumbrado-publico-y-sospecha-que-el-pp-busca-llevar-las-obras-a-periodo-electoral\/#breadcrumb\",\"itemListElement\":[{\"@type\":\"ListItem\",\"position\":1,\"name\":\"Portada\",\"item\":\"https:\/\/agrupacionespsoe.es\/ponferrada\/\"},{\"@type\":\"ListItem\",\"position\":2,\"name\":\"El Grupo Socialista denuncia retrasos en el proyecto de alumbrado p\u00fablico y sospecha que el PP busca llevar las obras a periodo electoral\"}]},{\"@type\":\"WebSite\",\"@id\":\"https:\/\/agrupacionespsoe.es\/ponferrada\/#website\",\"url\":\"https:\/\/agrupacionespsoe.es\/ponferrada\/\",\"name\":\"Agrupaci\u00f3n Socialista de Ponferrada\",\"description\":\"Agrupaci\u00f3n Socialista de Ponferrada\",\"publisher\":{\"@id\":\"https:\/\/agrupacionespsoe.es\/ponferrada\/#organization\"},\"potentialAction\":[{\"@type\":\"SearchAction\",\"target\":{\"@type\":\"EntryPoint\",\"urlTemplate\":\"https:\/\/agrupacionespsoe.es\/ponferrada\/?s={search_term_string}\"},\"query-input\":{\"@type\":\"PropertyValueSpecification\",\"valueRequired\":true,\"valueName\":\"search_term_string\"}}],\"inLanguage\":\"es\"},{\"@type\":\"Organization\",\"@id\":\"https:\/\/agrupacionespsoe.es\/ponferrada\/#organization\",\"name\":\"Agrupaci\u00f3n Socialista de Ponferrada\",\"url\":\"https:\/\/agrupacionespsoe.es\/ponferrada\/\",\"logo\":{\"@type\":\"ImageObject\",\"inLanguage\":\"es\",\"@id\":\"https:\/\/agrupacionespsoe.es\/ponferrada\/#\/schema\/logo\/image\/\",\"url\":\"https:\/\/agrupacionespsoe.es\/wp-content\/uploads\/2022\/07\/Logotipo_electoral_del_PSOE.png\",\"contentUrl\":\"https:\/\/agrupacionespsoe.es\/wp-content\/uploads\/2022\/07\/Logotipo_electoral_del_PSOE.png\",\"width\":422,\"height\":422,\"caption\":\"Agrupaci\u00f3n Socialista de Ponferrada\"},\"image\":{\"@id\":\"https:\/\/agrupacionespsoe.es\/ponferrada\/#\/schema\/logo\/image\/\"}},{\"@type\":\"Person\",\"@id\":\"https:\/\/agrupacionespsoe.es\/ponferrada\/#\/schema\/person\/cd29ee627f3b70c05d415f02596debaa\",\"name\":\"ponferrada2\",\"image\":{\"@type\":\"ImageObject\",\"inLanguage\":\"es\",\"@id\":\"https:\/\/agrupacionespsoe.es\/ponferrada\/#\/schema\/person\/image\/\",\"url\":\"https:\/\/secure.gravatar.com\/avatar\/f499eeb60144c664cf7b7edf75549b50?s=96&d=mm&r=g\",\"contentUrl\":\"https:\/\/secure.gravatar.com\/avatar\/f499eeb60144c664cf7b7edf75549b50?s=96&d=mm&r=g\",\"caption\":\"ponferrada2\"},\"url\":\"https:\/\/agrupacionespsoe.es\/ponferrada\/author\/ponferrada2\/\"}]}<\/script>\n<!-- \/ Yoast SEO plugin. -->","yoast_head_json":{"title":"El Grupo Socialista denuncia retrasos en el proyecto de alumbrado p\u00fablico y sospecha que el PP busca llevar las obras a periodo electoral - Agrupaci\u00f3n Socialista de Ponferrada","robots":{"index":"index","follow":"follow","max-snippet":"max-snippet:-1","max-image-preview":"max-image-preview:large","max-video-preview":"max-video-preview:-1"},"canonical":"https:\/\/agrupacionespsoe.es\/ponferrada\/el-grupo-socialista-denuncia-retrasos-en-el-proyecto-de-alumbrado-publico-y-sospecha-que-el-pp-busca-llevar-las-obras-a-periodo-electoral\/","og_locale":"es_ES","og_type":"article","og_title":"El Grupo Socialista denuncia retrasos en el proyecto de alumbrado p\u00fablico y sospecha que el PP busca llevar las obras a periodo electoral - Agrupaci\u00f3n Socialista de Ponferrada","og_description":"El Grupo Municipal Socialista en el Ayuntamiento de Ponferrada ha denunciado la \u201cpreocupante dilaci\u00f3n\u201d en la ejecuci\u00f3n del proyecto de renovaci\u00f3n del alumbrado p\u00fablico aprobado en el pleno del 20 de diciembre de 2024, y ha advertido de que los tiempos que est\u00e1 manejando el equipo de gobierno del PP \u201cinvitan a pensar que el ...","og_url":"https:\/\/agrupacionespsoe.es\/ponferrada\/el-grupo-socialista-denuncia-retrasos-en-el-proyecto-de-alumbrado-publico-y-sospecha-que-el-pp-busca-llevar-las-obras-a-periodo-electoral\/","og_site_name":"Agrupaci\u00f3n Socialista de Ponferrada","article_published_time":"2026-04-07T10:02:45+00:00","article_modified_time":"2026-04-07T10:02:46+00:00","og_image":[{"width":2560,"height":1707,"url":"https:\/\/agrupacionespsoe.es\/ponferrada\/wp-content\/uploads\/sites\/36\/2026\/04\/reunion-avances-convenio-somacyl-scaled.jpg","type":"image\/jpeg"}],"author":"ponferrada2","twitter_card":"summary_large_image","twitter_misc":{"Escrito por":"ponferrada2","Tiempo de lectura":"3 minutos"},"schema":{"@context":"https:\/\/schema.org","@graph":[{"@type":"Article","@id":"https:\/\/agrupacionespsoe.es\/ponferrada\/el-grupo-socialista-denuncia-retrasos-en-el-proyecto-de-alumbrado-publico-y-sospecha-que-el-pp-busca-llevar-las-obras-a-periodo-electoral\/#article","isPartOf":{"@id":"https:\/\/agrupacionespsoe.es\/ponferrada\/el-grupo-socialista-denuncia-retrasos-en-el-proyecto-de-alumbrado-publico-y-sospecha-que-el-pp-busca-llevar-las-obras-a-periodo-electoral\/"},"author":{"name":"ponferrada2","@id":"https:\/\/agrupacionespsoe.es\/ponferrada\/#\/schema\/person\/cd29ee627f3b70c05d415f02596debaa"},"headline":"El Grupo Socialista denuncia retrasos en el proyecto de alumbrado p\u00fablico y sospecha que el PP busca llevar las obras a periodo electoral","datePublished":"2026-04-07T10:02:45+00:00","dateModified":"2026-04-07T10:02:46+00:00","mainEntityOfPage":{"@id":"https:\/\/agrupacionespsoe.es\/ponferrada\/el-grupo-socialista-denuncia-retrasos-en-el-proyecto-de-alumbrado-publico-y-sospecha-que-el-pp-busca-llevar-las-obras-a-periodo-electoral\/"},"wordCount":517,"commentCount":0,"publisher":{"@id":"https:\/\/agrupacionespsoe.es\/ponferrada\/#organization"},"image":{"@id":"https:\/\/agrupacionespsoe.es\/ponferrada\/el-grupo-socialista-denuncia-retrasos-en-el-proyecto-de-alumbrado-publico-y-sospecha-que-el-pp-busca-llevar-las-obras-a-periodo-electoral\/#primaryimage"},"thumbnailUrl":"https:\/\/agrupacionespsoe.es\/ponferrada\/wp-content\/uploads\/sites\/36\/2026\/04\/reunion-avances-convenio-somacyl-scaled.jpg","articleSection":["ACTUALIDAD"],"inLanguage":"es","potentialAction":[{"@type":"CommentAction","name":"Comment","target":["https:\/\/agrupacionespsoe.es\/ponferrada\/el-grupo-socialista-denuncia-retrasos-en-el-proyecto-de-alumbrado-publico-y-sospecha-que-el-pp-busca-llevar-las-obras-a-periodo-electoral\/#respond"]}]},{"@type":"WebPage","@id":"https:\/\/agrupacionespsoe.es\/ponferrada\/el-grupo-socialista-denuncia-retrasos-en-el-proyecto-de-alumbrado-publico-y-sospecha-que-el-pp-busca-llevar-las-obras-a-periodo-electoral\/","url":"https:\/\/agrupacionespsoe.es\/ponferrada\/el-grupo-socialista-denuncia-retrasos-en-el-proyecto-de-alumbrado-publico-y-sospecha-que-el-pp-busca-llevar-las-obras-a-periodo-electoral\/","name":"El Grupo Socialista denuncia retrasos en el proyecto de alumbrado p\u00fablico y sospecha que el PP busca llevar las obras a periodo electoral - Agrupaci\u00f3n Socialista de Ponferrada","isPartOf":{"@id":"https:\/\/agrupacionespsoe.es\/ponferrada\/#website"},"primaryImageOfPage":{"@id":"https:\/\/agrupacionespsoe.es\/ponferrada\/el-grupo-socialista-denuncia-retrasos-en-el-proyecto-de-alumbrado-publico-y-sospecha-que-el-pp-busca-llevar-las-obras-a-periodo-electoral\/#primaryimage"},"image":{"@id":"https:\/\/agrupacionespsoe.es\/ponferrada\/el-grupo-socialista-denuncia-retrasos-en-el-proyecto-de-alumbrado-publico-y-sospecha-que-el-pp-busca-llevar-las-obras-a-periodo-electoral\/#primaryimage"},"thumbnailUrl":"https:\/\/agrupacionespsoe.es\/ponferrada\/wp-content\/uploads\/sites\/36\/2026\/04\/reunion-avances-convenio-somacyl-scaled.jpg","datePublished":"2026-04-07T10:02:45+00:00","dateModified":"2026-04-07T10:02:46+00:00","breadcrumb":{"@id":"https:\/\/agrupacionespsoe.es\/ponferrada\/el-grupo-socialista-denuncia-retrasos-en-el-proyecto-de-alumbrado-publico-y-sospecha-que-el-pp-busca-llevar-las-obras-a-periodo-electoral\/#breadcrumb"},"inLanguage":"es","potentialAction":[{"@type":"ReadAction","target":["https:\/\/agrupacionespsoe.es\/ponferrada\/el-grupo-socialista-denuncia-retrasos-en-el-proyecto-de-alumbrado-publico-y-sospecha-que-el-pp-busca-llevar-las-obras-a-periodo-electoral\/"]}]},{"@type":"ImageObject","inLanguage":"es","@id":"https:\/\/agrupacionespsoe.es\/ponferrada\/el-grupo-socialista-denuncia-retrasos-en-el-proyecto-de-alumbrado-publico-y-sospecha-que-el-pp-busca-llevar-las-obras-a-periodo-electoral\/#primaryimage","url":"https:\/\/agrupacionespsoe.es\/ponferrada\/wp-content\/uploads\/sites\/36\/2026\/04\/reunion-avances-convenio-somacyl-scaled.jpg","contentUrl":"https:\/\/agrupacionespsoe.es\/ponferrada\/wp-content\/uploads\/sites\/36\/2026\/04\/reunion-avances-convenio-somacyl-scaled.jpg","width":2560,"height":1707},{"@type":"BreadcrumbList","@id":"https:\/\/agrupacionespsoe.es\/ponferrada\/el-grupo-socialista-denuncia-retrasos-en-el-proyecto-de-alumbrado-publico-y-sospecha-que-el-pp-busca-llevar-las-obras-a-periodo-electoral\/#breadcrumb","itemListElement":[{"@type":"ListItem","position":1,"name":"Portada","item":"https:\/\/agrupacionespsoe.es\/ponferrada\/"},{"@type":"ListItem","position":2,"name":"El Grupo Socialista denuncia retrasos en el proyecto de alumbrado p\u00fablico y sospecha que el PP busca llevar las obras a periodo electoral"}]},{"@type":"WebSite","@id":"https:\/\/agrupacionespsoe.es\/ponferrada\/#website","url":"https:\/\/agrupacionespsoe.es\/ponferrada\/","name":"Agrupaci\u00f3n Socialista de Ponferrada","description":"Agrupaci\u00f3n Socialista de Ponferrada","publisher":{"@id":"https:\/\/agrupacionespsoe.es\/ponferrada\/#organization"},"potentialAction":[{"@type":"SearchAction","target":{"@type":"EntryPoint","urlTemplate":"https:\/\/agrupacionespsoe.es\/ponferrada\/?s={search_term_string}"},"query-input":{"@type":"PropertyValueSpecification","valueRequired":true,"valueName":"search_term_string"}}],"inLanguage":"es"},{"@type":"Organization","@id":"https:\/\/agrupacionespsoe.es\/ponferrada\/#organization","name":"Agrupaci\u00f3n Socialista de Ponferrada","url":"https:\/\/agrupacionespsoe.es\/ponferrada\/","logo":{"@type":"ImageObject","inLanguage":"es","@id":"https:\/\/agrupacionespsoe.es\/ponferrada\/#\/schema\/logo\/image\/","url":"https:\/\/agrupacionespsoe.es\/wp-content\/uploads\/2022\/07\/Logotipo_electoral_del_PSOE.png","contentUrl":"https:\/\/agrupacionespsoe.es\/wp-content\/uploads\/2022\/07\/Logotipo_electoral_del_PSOE.png","width":422,"height":422,"caption":"Agrupaci\u00f3n Socialista de Ponferrada"},"image":{"@id":"https:\/\/agrupacionespsoe.es\/ponferrada\/#\/schema\/logo\/image\/"}},{"@type":"Person","@id":"https:\/\/agrupacionespsoe.es\/ponferrada\/#\/schema\/person\/cd29ee627f3b70c05d415f02596debaa","name":"ponferrada2","image":{"@type":"ImageObject","inLanguage":"es","@id":"https:\/\/agrupacionespsoe.es\/ponferrada\/#\/schema\/person\/image\/","url":"https:\/\/secure.gravatar.com\/avatar\/f499eeb60144c664cf7b7edf75549b50?s=96&d=mm&r=g","contentUrl":"https:\/\/secure.gravatar.com\/avatar\/f499eeb60144c664cf7b7edf75549b50?s=96&d=mm&r=g","caption":"ponferrada2"},"url":"https:\/\/agrupacionespsoe.es\/ponferrada\/author\/ponferrada2\/"}]}},"jetpack_featured_media_url":"https:\/\/agrupacionespsoe.es\/ponferrada\/wp-content\/uploads\/sites\/36\/2026\/04\/reunion-avances-convenio-somacyl-scaled.jpg","jetpack_sharing_enabled":true,"_links":{"self":[{"href":"https:\/\/agrupacionespsoe.es\/ponferrada\/wp-json\/wp\/v2\/posts\/1735","targetHints":{"allow":["GET"]}}],"collection":[{"href":"https:\/\/agrupacionespsoe.es\/ponferrada\/wp-json\/wp\/v2\/posts"}],"about":[{"href":"https:\/\/agrupacionespsoe.es\/ponferrada\/wp-json\/wp\/v2\/types\/post"}],"author":[{"embeddable":true,"href":"https:\/\/agrupacionespsoe.es\/ponferrada\/wp-json\/wp\/v2\/users\/32"}],"replies":[{"embeddable":true,"href":"https:\/\/agrupacionespsoe.es\/ponferrada\/wp-json\/wp\/v2\/comments?post=1735"}],"version-history":[{"count":2,"href":"https:\/\/agrupacionespsoe.es\/ponferrada\/wp-json\/wp\/v2\/posts\/1735\/revisions"}],"predecessor-version":[{"id":1740,"href":"https:\/\/agrupacionespsoe.es\/ponferrada\/wp-json\/wp\/v2\/posts\/1735\/revisions\/1740"}],"wp:featuredmedia":[{"embeddable":true,"href":"https:\/\/agrupacionespsoe.es\/ponferrada\/wp-json\/wp\/v2\/media\/1737"}],"wp:attachment":[{"href":"https:\/\/agrupacionespsoe.es\/ponferrada\/wp-json\/wp\/v2\/media?parent=1735"}],"wp:term":[{"taxonomy":"category","embeddable":true,"href":"https:\/\/agrupacionespsoe.es\/ponferrada\/wp-json\/wp\/v2\/categories?post=1735"},{"taxonomy":"post_tag","embeddable":true,"href":"https:\/\/agrupacionespsoe.es\/ponferrada\/wp-json\/wp\/v2\/tags?post=1735"}],"curies":[{"name":"wp","href":"https:\/\/api.w.org\/{rel}","templated":true}]}}