{"id":1682,"date":"2026-03-04T11:52:36","date_gmt":"2026-03-04T11:52:36","guid":{"rendered":"https:\/\/agrupacionespsoe.es\/ponferrada\/?p=1682"},"modified":"2026-03-06T11:53:46","modified_gmt":"2026-03-06T11:53:46","slug":"el-procurador-del-comun-da-la-razon-al-grupo-socialista-y-recuerda-al-alcalde-su-obligacion-legal-de-ejecutar-el-acuerdo-plenario-sobre-la-tasa-del-mercadillo","status":"publish","type":"post","link":"https:\/\/agrupacionespsoe.es\/ponferrada\/el-procurador-del-comun-da-la-razon-al-grupo-socialista-y-recuerda-al-alcalde-su-obligacion-legal-de-ejecutar-el-acuerdo-plenario-sobre-la-tasa-del-mercadillo\/","title":{"rendered":"El Procurador del Com\u00fan da la raz\u00f3n al Grupo Socialista y recuerda al alcalde su obligaci\u00f3n legal de ejecutar el acuerdo plenario sobre la tasa del mercadillo"},"content":{"rendered":"\n<p>El Grupo Municipal Socialista en el Ayuntamiento de Ponferrada informa de que el Procurador del Com\u00fan de Castilla y Le\u00f3n ha estimado la queja presentada por el grupo socialista ante el incumplimiento del acuerdo plenario que ordenaba iniciar la modificaci\u00f3n de la Ordenanza Fiscal reguladora de la tasa del mercadillo municipal.<\/p>\n\n\n\n<p>Los socialistas recuerdan que el Pleno se celebr\u00f3 el 19 de junio de 2025 a petici\u00f3n del grupo socialista y se ped\u00eda &nbsp;sustituir la unidad de medida de \u201cmetro cuadrado (m\u00b2)\u201d por \u201cmetro lineal (ml)\u201d en el c\u00e1lculo de la tasa correspondiente a los puestos eventuales del mercadillo, con el fin de adecuar la ordenanza a la pr\u00e1ctica municipal que se viene aplicando desde el a\u00f1o 2002 y garantizar el principio de seguridad jur\u00eddica.<\/p>\n\n\n\n<p>Sin embargo, tal y como reconoce ahora el propio Procurador, han transcurrido m\u00e1s de ocho meses sin que se haya impulsado actuaci\u00f3n alguna para dar cumplimiento efectivo al acuerdo adoptado por el Pleno. A pesar de que se le ha preguntado y rogado en numerosas ocasiones en las comisiones del \u00e1rea o en el Pleno.<\/p>\n\n\n\n<p>El grupo socialista informa que la resoluci\u00f3n es especialmente clara al recordar que la obligaci\u00f3n del alcalde es la de ejecutar los acuerdos plenarios que no es opcional ni discrecional, sino un mandato legal expreso recogido en el art\u00edculo 21 de la Ley de Bases del R\u00e9gimen Local y en el Reglamento de Organizaci\u00f3n y Funcionamiento de las Entidades Locales.<\/p>\n\n\n\n<p>El Procurador subraya que el alcalde carece de margen para valorar la oportunidad o conveniencia de un acuerdo v\u00e1lidamente adoptado por el Pleno y que la inactividad prolongada vulnera los principios de eficacia, legalidad y seguridad jur\u00eddica.<\/p>\n\n\n\n<p>Asimismo, la resoluci\u00f3n advierte de que la actual situaci\u00f3n mantiene una anomal\u00eda jur\u00eddica: la ordenanza vigente establece el metro cuadrado como unidad de medida, mientras que el Ayuntamiento viene liquidando la tasa en metros lineales desde hace m\u00e1s de veinte a\u00f1os, generando incertidumbre para los vendedores ambulantes, dando la raz\u00f3n a lo que el grupo socialista lleva defendiendo desde hace m\u00e1s de un a\u00f1o.<\/p>\n\n\n\n<p>En su resoluci\u00f3n, el Procurador formula una recomendaci\u00f3n clara y directa: que el alcalde proceda \u201ca la mayor brevedad posible\u201d a iniciar de forma efectiva la tramitaci\u00f3n del expediente, encargando los informes t\u00e9cnicos y jur\u00eddicos necesarios y elevando la propuesta al Pleno en el primer periodo de sesiones posible. Ahora el equipo de gobierno dispone de un plazo de dos meses para comunicar si acepta o no la recomendaci\u00f3n.<\/p>\n\n\n\n<p>Desde el Grupo Municipal Socialista se considera que esta resoluci\u00f3n supone un respaldo inequ\u00edvoco a la posici\u00f3n que defend\u00edan y evidencia un incumplimiento grave de las obligaciones legales por parte de la Alcald\u00eda.<\/p>\n\n\n\n<p>\u201cEstamos ante un acuerdo plenario claro, con un mandato concreto, que no se ha ejecutado durante m\u00e1s de ocho meses. No se trata de una cuesti\u00f3n pol\u00edtica, sino de respeto a la legalidad y al funcionamiento democr\u00e1tico de la instituci\u00f3n\u201d, pero a\u00fan m\u00e1s se trata de dar seguridad jur\u00eddica esta inacci\u00f3n afecta directamente a decenas de comerciantes del mercadillo tradicional que cada semana instalan sus puestos en el mercadillo municipal y que tienen derecho a saber con claridad qu\u00e9 tasa se les aplica y en base a qu\u00e9 norma. Estamos hablando de personas que dependen de esta actividad para su sustento\u201d.<\/p>\n\n\n\n<p>Desde el Grupo Socialista advierten de que, en caso de que la recomendaci\u00f3n del Procurador no sea atendida, se plantear\u00e1 la adopci\u00f3n de otro tipo de medidas, incluidas acciones judiciales, valorando adem\u00e1s cu\u00e1l es el orden jurisdiccional competente para exigir el cumplimiento de los acuerdos plenarios y depurar las responsabilidades que correspondan.<\/p>\n\n\n\n<p>\u201cLas decisiones del Pleno no pueden convertirse en papel mojado por la inacci\u00f3n del alcalde. El respeto a la ley y a la voluntad democr\u00e1tica de la Corporaci\u00f3n es irrenunciable y la falta de adaptaci\u00f3n formal de la ordenanza no solo mantiene una anomal\u00eda legal, sino que deja a los comerciantes en una posici\u00f3n de incertidumbre frente a posibles revisiones, reclamaciones o discrepancias futuras, algo que una administraci\u00f3n responsable deber\u00eda haber corregido con diligencia y transparencia.\u201d<\/p>\n\n\n\n<figure class=\"wp-block-image size-large\"><img loading=\"lazy\" decoding=\"async\" width=\"1024\" height=\"648\" src=\"https:\/\/agrupacionespsoe.es\/ponferrada\/wp-content\/uploads\/sites\/36\/2026\/02\/WhatsApp-Image-2026-02-18-at-13.57.14-1024x648.jpeg\" alt=\"\" class=\"wp-image-1650\" srcset=\"https:\/\/agrupacionespsoe.es\/ponferrada\/wp-content\/uploads\/sites\/36\/2026\/02\/WhatsApp-Image-2026-02-18-at-13.57.14-1024x648.jpeg 1024w, https:\/\/agrupacionespsoe.es\/ponferrada\/wp-content\/uploads\/sites\/36\/2026\/02\/WhatsApp-Image-2026-02-18-at-13.57.14-300x190.jpeg 300w, https:\/\/agrupacionespsoe.es\/ponferrada\/wp-content\/uploads\/sites\/36\/2026\/02\/WhatsApp-Image-2026-02-18-at-13.57.14-768x486.jpeg 768w, https:\/\/agrupacionespsoe.es\/ponferrada\/wp-content\/uploads\/sites\/36\/2026\/02\/WhatsApp-Image-2026-02-18-at-13.57.14-1536x972.jpeg 1536w, https:\/\/agrupacionespsoe.es\/ponferrada\/wp-content\/uploads\/sites\/36\/2026\/02\/WhatsApp-Image-2026-02-18-at-13.57.14.jpeg 1600w\" sizes=\"auto, (max-width: 1024px) 100vw, 1024px\" \/><\/figure>\n","protected":false},"excerpt":{"rendered":"<p>El Grupo Municipal Socialista en el Ayuntamiento de Ponferrada informa de que el Procurador del Com\u00fan de Castilla y Le\u00f3n ha estimado la queja presentada por el grupo socialista ante el incumplimiento del acuerdo plenario que ordenaba iniciar la modificaci\u00f3n de la Ordenanza Fiscal reguladora de la tasa del mercadillo municipal. Los socialistas recuerdan que &#8230;<\/p>\n","protected":false},"author":32,"featured_media":1650,"comment_status":"open","ping_status":"open","sticky":false,"template":"","format":"standard","meta":{"_jetpack_memberships_contains_paid_content":false,"footnotes":""},"categories":[6],"tags":[],"class_list":["post-1682","post","type-post","status-publish","format-standard","has-post-thumbnail","hentry","category-actualidad"],"yoast_head":"<!-- This site is optimized with the Yoast SEO plugin v24.0 - https:\/\/yoast.com\/wordpress\/plugins\/seo\/ -->\n<title>El Procurador del Com\u00fan da la raz\u00f3n al Grupo Socialista y recuerda al alcalde su obligaci\u00f3n legal de ejecutar el acuerdo plenario sobre la tasa del mercadillo - Agrupaci\u00f3n Socialista de Ponferrada<\/title>\n<meta name=\"robots\" content=\"index, follow, max-snippet:-1, max-image-preview:large, max-video-preview:-1\" \/>\n<link rel=\"canonical\" href=\"https:\/\/agrupacionespsoe.es\/ponferrada\/el-procurador-del-comun-da-la-razon-al-grupo-socialista-y-recuerda-al-alcalde-su-obligacion-legal-de-ejecutar-el-acuerdo-plenario-sobre-la-tasa-del-mercadillo\/\" \/>\n<meta property=\"og:locale\" content=\"es_ES\" \/>\n<meta property=\"og:type\" content=\"article\" \/>\n<meta property=\"og:title\" content=\"El Procurador del Com\u00fan da la raz\u00f3n al Grupo Socialista y recuerda al alcalde su obligaci\u00f3n legal de ejecutar el acuerdo plenario sobre la tasa del mercadillo - Agrupaci\u00f3n Socialista de Ponferrada\" \/>\n<meta property=\"og:description\" content=\"El Grupo Municipal Socialista en el Ayuntamiento de Ponferrada informa de que el Procurador del Com\u00fan de Castilla y Le\u00f3n ha estimado la queja presentada por el grupo socialista ante el incumplimiento del acuerdo plenario que ordenaba iniciar la modificaci\u00f3n de la Ordenanza Fiscal reguladora de la tasa del mercadillo municipal. Los socialistas recuerdan que ...\" \/>\n<meta property=\"og:url\" content=\"https:\/\/agrupacionespsoe.es\/ponferrada\/el-procurador-del-comun-da-la-razon-al-grupo-socialista-y-recuerda-al-alcalde-su-obligacion-legal-de-ejecutar-el-acuerdo-plenario-sobre-la-tasa-del-mercadillo\/\" \/>\n<meta property=\"og:site_name\" content=\"Agrupaci\u00f3n Socialista de Ponferrada\" \/>\n<meta property=\"article:published_time\" content=\"2026-03-04T11:52:36+00:00\" \/>\n<meta property=\"article:modified_time\" content=\"2026-03-06T11:53:46+00:00\" \/>\n<meta property=\"og:image\" content=\"https:\/\/agrupacionespsoe.es\/ponferrada\/wp-content\/uploads\/sites\/36\/2026\/02\/WhatsApp-Image-2026-02-18-at-13.57.14.jpeg\" \/>\n\t<meta property=\"og:image:width\" content=\"1600\" \/>\n\t<meta property=\"og:image:height\" content=\"1013\" \/>\n\t<meta property=\"og:image:type\" content=\"image\/jpeg\" \/>\n<meta name=\"author\" content=\"ponferrada2\" \/>\n<meta name=\"twitter:card\" content=\"summary_large_image\" \/>\n<meta name=\"twitter:label1\" content=\"Escrito por\" \/>\n\t<meta name=\"twitter:data1\" content=\"ponferrada2\" \/>\n\t<meta name=\"twitter:label2\" content=\"Tiempo de lectura\" \/>\n\t<meta name=\"twitter:data2\" content=\"4 minutos\" \/>\n<script type=\"application\/ld+json\" class=\"yoast-schema-graph\">{\"@context\":\"https:\/\/schema.org\",\"@graph\":[{\"@type\":\"Article\",\"@id\":\"https:\/\/agrupacionespsoe.es\/ponferrada\/el-procurador-del-comun-da-la-razon-al-grupo-socialista-y-recuerda-al-alcalde-su-obligacion-legal-de-ejecutar-el-acuerdo-plenario-sobre-la-tasa-del-mercadillo\/#article\",\"isPartOf\":{\"@id\":\"https:\/\/agrupacionespsoe.es\/ponferrada\/el-procurador-del-comun-da-la-razon-al-grupo-socialista-y-recuerda-al-alcalde-su-obligacion-legal-de-ejecutar-el-acuerdo-plenario-sobre-la-tasa-del-mercadillo\/\"},\"author\":{\"name\":\"ponferrada2\",\"@id\":\"https:\/\/agrupacionespsoe.es\/ponferrada\/#\/schema\/person\/cd29ee627f3b70c05d415f02596debaa\"},\"headline\":\"El Procurador del Com\u00fan da la raz\u00f3n al Grupo Socialista y recuerda al alcalde su obligaci\u00f3n legal de ejecutar el acuerdo plenario sobre la tasa del mercadillo\",\"datePublished\":\"2026-03-04T11:52:36+00:00\",\"dateModified\":\"2026-03-06T11:53:46+00:00\",\"mainEntityOfPage\":{\"@id\":\"https:\/\/agrupacionespsoe.es\/ponferrada\/el-procurador-del-comun-da-la-razon-al-grupo-socialista-y-recuerda-al-alcalde-su-obligacion-legal-de-ejecutar-el-acuerdo-plenario-sobre-la-tasa-del-mercadillo\/\"},\"wordCount\":758,\"commentCount\":0,\"publisher\":{\"@id\":\"https:\/\/agrupacionespsoe.es\/ponferrada\/#organization\"},\"image\":{\"@id\":\"https:\/\/agrupacionespsoe.es\/ponferrada\/el-procurador-del-comun-da-la-razon-al-grupo-socialista-y-recuerda-al-alcalde-su-obligacion-legal-de-ejecutar-el-acuerdo-plenario-sobre-la-tasa-del-mercadillo\/#primaryimage\"},\"thumbnailUrl\":\"https:\/\/agrupacionespsoe.es\/ponferrada\/wp-content\/uploads\/sites\/36\/2026\/02\/WhatsApp-Image-2026-02-18-at-13.57.14.jpeg\",\"articleSection\":[\"ACTUALIDAD\"],\"inLanguage\":\"es\",\"potentialAction\":[{\"@type\":\"CommentAction\",\"name\":\"Comment\",\"target\":[\"https:\/\/agrupacionespsoe.es\/ponferrada\/el-procurador-del-comun-da-la-razon-al-grupo-socialista-y-recuerda-al-alcalde-su-obligacion-legal-de-ejecutar-el-acuerdo-plenario-sobre-la-tasa-del-mercadillo\/#respond\"]}]},{\"@type\":\"WebPage\",\"@id\":\"https:\/\/agrupacionespsoe.es\/ponferrada\/el-procurador-del-comun-da-la-razon-al-grupo-socialista-y-recuerda-al-alcalde-su-obligacion-legal-de-ejecutar-el-acuerdo-plenario-sobre-la-tasa-del-mercadillo\/\",\"url\":\"https:\/\/agrupacionespsoe.es\/ponferrada\/el-procurador-del-comun-da-la-razon-al-grupo-socialista-y-recuerda-al-alcalde-su-obligacion-legal-de-ejecutar-el-acuerdo-plenario-sobre-la-tasa-del-mercadillo\/\",\"name\":\"El Procurador del Com\u00fan da la raz\u00f3n al Grupo Socialista y recuerda al alcalde su obligaci\u00f3n legal de ejecutar el acuerdo plenario sobre la tasa del mercadillo - Agrupaci\u00f3n Socialista de Ponferrada\",\"isPartOf\":{\"@id\":\"https:\/\/agrupacionespsoe.es\/ponferrada\/#website\"},\"primaryImageOfPage\":{\"@id\":\"https:\/\/agrupacionespsoe.es\/ponferrada\/el-procurador-del-comun-da-la-razon-al-grupo-socialista-y-recuerda-al-alcalde-su-obligacion-legal-de-ejecutar-el-acuerdo-plenario-sobre-la-tasa-del-mercadillo\/#primaryimage\"},\"image\":{\"@id\":\"https:\/\/agrupacionespsoe.es\/ponferrada\/el-procurador-del-comun-da-la-razon-al-grupo-socialista-y-recuerda-al-alcalde-su-obligacion-legal-de-ejecutar-el-acuerdo-plenario-sobre-la-tasa-del-mercadillo\/#primaryimage\"},\"thumbnailUrl\":\"https:\/\/agrupacionespsoe.es\/ponferrada\/wp-content\/uploads\/sites\/36\/2026\/02\/WhatsApp-Image-2026-02-18-at-13.57.14.jpeg\",\"datePublished\":\"2026-03-04T11:52:36+00:00\",\"dateModified\":\"2026-03-06T11:53:46+00:00\",\"breadcrumb\":{\"@id\":\"https:\/\/agrupacionespsoe.es\/ponferrada\/el-procurador-del-comun-da-la-razon-al-grupo-socialista-y-recuerda-al-alcalde-su-obligacion-legal-de-ejecutar-el-acuerdo-plenario-sobre-la-tasa-del-mercadillo\/#breadcrumb\"},\"inLanguage\":\"es\",\"potentialAction\":[{\"@type\":\"ReadAction\",\"target\":[\"https:\/\/agrupacionespsoe.es\/ponferrada\/el-procurador-del-comun-da-la-razon-al-grupo-socialista-y-recuerda-al-alcalde-su-obligacion-legal-de-ejecutar-el-acuerdo-plenario-sobre-la-tasa-del-mercadillo\/\"]}]},{\"@type\":\"ImageObject\",\"inLanguage\":\"es\",\"@id\":\"https:\/\/agrupacionespsoe.es\/ponferrada\/el-procurador-del-comun-da-la-razon-al-grupo-socialista-y-recuerda-al-alcalde-su-obligacion-legal-de-ejecutar-el-acuerdo-plenario-sobre-la-tasa-del-mercadillo\/#primaryimage\",\"url\":\"https:\/\/agrupacionespsoe.es\/ponferrada\/wp-content\/uploads\/sites\/36\/2026\/02\/WhatsApp-Image-2026-02-18-at-13.57.14.jpeg\",\"contentUrl\":\"https:\/\/agrupacionespsoe.es\/ponferrada\/wp-content\/uploads\/sites\/36\/2026\/02\/WhatsApp-Image-2026-02-18-at-13.57.14.jpeg\",\"width\":1600,\"height\":1013},{\"@type\":\"BreadcrumbList\",\"@id\":\"https:\/\/agrupacionespsoe.es\/ponferrada\/el-procurador-del-comun-da-la-razon-al-grupo-socialista-y-recuerda-al-alcalde-su-obligacion-legal-de-ejecutar-el-acuerdo-plenario-sobre-la-tasa-del-mercadillo\/#breadcrumb\",\"itemListElement\":[{\"@type\":\"ListItem\",\"position\":1,\"name\":\"Portada\",\"item\":\"https:\/\/agrupacionespsoe.es\/ponferrada\/\"},{\"@type\":\"ListItem\",\"position\":2,\"name\":\"El Procurador del Com\u00fan da la raz\u00f3n al Grupo Socialista y recuerda al alcalde su obligaci\u00f3n legal de ejecutar el acuerdo plenario sobre la tasa del mercadillo\"}]},{\"@type\":\"WebSite\",\"@id\":\"https:\/\/agrupacionespsoe.es\/ponferrada\/#website\",\"url\":\"https:\/\/agrupacionespsoe.es\/ponferrada\/\",\"name\":\"Agrupaci\u00f3n Socialista de Ponferrada\",\"description\":\"Agrupaci\u00f3n Socialista de Ponferrada\",\"publisher\":{\"@id\":\"https:\/\/agrupacionespsoe.es\/ponferrada\/#organization\"},\"potentialAction\":[{\"@type\":\"SearchAction\",\"target\":{\"@type\":\"EntryPoint\",\"urlTemplate\":\"https:\/\/agrupacionespsoe.es\/ponferrada\/?s={search_term_string}\"},\"query-input\":{\"@type\":\"PropertyValueSpecification\",\"valueRequired\":true,\"valueName\":\"search_term_string\"}}],\"inLanguage\":\"es\"},{\"@type\":\"Organization\",\"@id\":\"https:\/\/agrupacionespsoe.es\/ponferrada\/#organization\",\"name\":\"Agrupaci\u00f3n Socialista de Ponferrada\",\"url\":\"https:\/\/agrupacionespsoe.es\/ponferrada\/\",\"logo\":{\"@type\":\"ImageObject\",\"inLanguage\":\"es\",\"@id\":\"https:\/\/agrupacionespsoe.es\/ponferrada\/#\/schema\/logo\/image\/\",\"url\":\"https:\/\/agrupacionespsoe.es\/wp-content\/uploads\/2022\/07\/Logotipo_electoral_del_PSOE.png\",\"contentUrl\":\"https:\/\/agrupacionespsoe.es\/wp-content\/uploads\/2022\/07\/Logotipo_electoral_del_PSOE.png\",\"width\":422,\"height\":422,\"caption\":\"Agrupaci\u00f3n Socialista de Ponferrada\"},\"image\":{\"@id\":\"https:\/\/agrupacionespsoe.es\/ponferrada\/#\/schema\/logo\/image\/\"}},{\"@type\":\"Person\",\"@id\":\"https:\/\/agrupacionespsoe.es\/ponferrada\/#\/schema\/person\/cd29ee627f3b70c05d415f02596debaa\",\"name\":\"ponferrada2\",\"image\":{\"@type\":\"ImageObject\",\"inLanguage\":\"es\",\"@id\":\"https:\/\/agrupacionespsoe.es\/ponferrada\/#\/schema\/person\/image\/\",\"url\":\"https:\/\/secure.gravatar.com\/avatar\/f499eeb60144c664cf7b7edf75549b50?s=96&d=mm&r=g\",\"contentUrl\":\"https:\/\/secure.gravatar.com\/avatar\/f499eeb60144c664cf7b7edf75549b50?s=96&d=mm&r=g\",\"caption\":\"ponferrada2\"},\"url\":\"https:\/\/agrupacionespsoe.es\/ponferrada\/author\/ponferrada2\/\"}]}<\/script>\n<!-- \/ Yoast SEO plugin. -->","yoast_head_json":{"title":"El Procurador del Com\u00fan da la raz\u00f3n al Grupo Socialista y recuerda al alcalde su obligaci\u00f3n legal de ejecutar el acuerdo plenario sobre la tasa del mercadillo - Agrupaci\u00f3n Socialista de Ponferrada","robots":{"index":"index","follow":"follow","max-snippet":"max-snippet:-1","max-image-preview":"max-image-preview:large","max-video-preview":"max-video-preview:-1"},"canonical":"https:\/\/agrupacionespsoe.es\/ponferrada\/el-procurador-del-comun-da-la-razon-al-grupo-socialista-y-recuerda-al-alcalde-su-obligacion-legal-de-ejecutar-el-acuerdo-plenario-sobre-la-tasa-del-mercadillo\/","og_locale":"es_ES","og_type":"article","og_title":"El Procurador del Com\u00fan da la raz\u00f3n al Grupo Socialista y recuerda al alcalde su obligaci\u00f3n legal de ejecutar el acuerdo plenario sobre la tasa del mercadillo - Agrupaci\u00f3n Socialista de Ponferrada","og_description":"El Grupo Municipal Socialista en el Ayuntamiento de Ponferrada informa de que el Procurador del Com\u00fan de Castilla y Le\u00f3n ha estimado la queja presentada por el grupo socialista ante el incumplimiento del acuerdo plenario que ordenaba iniciar la modificaci\u00f3n de la Ordenanza Fiscal reguladora de la tasa del mercadillo municipal. Los socialistas recuerdan que ...","og_url":"https:\/\/agrupacionespsoe.es\/ponferrada\/el-procurador-del-comun-da-la-razon-al-grupo-socialista-y-recuerda-al-alcalde-su-obligacion-legal-de-ejecutar-el-acuerdo-plenario-sobre-la-tasa-del-mercadillo\/","og_site_name":"Agrupaci\u00f3n Socialista de Ponferrada","article_published_time":"2026-03-04T11:52:36+00:00","article_modified_time":"2026-03-06T11:53:46+00:00","og_image":[{"width":1600,"height":1013,"url":"https:\/\/agrupacionespsoe.es\/ponferrada\/wp-content\/uploads\/sites\/36\/2026\/02\/WhatsApp-Image-2026-02-18-at-13.57.14.jpeg","type":"image\/jpeg"}],"author":"ponferrada2","twitter_card":"summary_large_image","twitter_misc":{"Escrito por":"ponferrada2","Tiempo de lectura":"4 minutos"},"schema":{"@context":"https:\/\/schema.org","@graph":[{"@type":"Article","@id":"https:\/\/agrupacionespsoe.es\/ponferrada\/el-procurador-del-comun-da-la-razon-al-grupo-socialista-y-recuerda-al-alcalde-su-obligacion-legal-de-ejecutar-el-acuerdo-plenario-sobre-la-tasa-del-mercadillo\/#article","isPartOf":{"@id":"https:\/\/agrupacionespsoe.es\/ponferrada\/el-procurador-del-comun-da-la-razon-al-grupo-socialista-y-recuerda-al-alcalde-su-obligacion-legal-de-ejecutar-el-acuerdo-plenario-sobre-la-tasa-del-mercadillo\/"},"author":{"name":"ponferrada2","@id":"https:\/\/agrupacionespsoe.es\/ponferrada\/#\/schema\/person\/cd29ee627f3b70c05d415f02596debaa"},"headline":"El Procurador del Com\u00fan da la raz\u00f3n al Grupo Socialista y recuerda al alcalde su obligaci\u00f3n legal de ejecutar el acuerdo plenario sobre la tasa del mercadillo","datePublished":"2026-03-04T11:52:36+00:00","dateModified":"2026-03-06T11:53:46+00:00","mainEntityOfPage":{"@id":"https:\/\/agrupacionespsoe.es\/ponferrada\/el-procurador-del-comun-da-la-razon-al-grupo-socialista-y-recuerda-al-alcalde-su-obligacion-legal-de-ejecutar-el-acuerdo-plenario-sobre-la-tasa-del-mercadillo\/"},"wordCount":758,"commentCount":0,"publisher":{"@id":"https:\/\/agrupacionespsoe.es\/ponferrada\/#organization"},"image":{"@id":"https:\/\/agrupacionespsoe.es\/ponferrada\/el-procurador-del-comun-da-la-razon-al-grupo-socialista-y-recuerda-al-alcalde-su-obligacion-legal-de-ejecutar-el-acuerdo-plenario-sobre-la-tasa-del-mercadillo\/#primaryimage"},"thumbnailUrl":"https:\/\/agrupacionespsoe.es\/ponferrada\/wp-content\/uploads\/sites\/36\/2026\/02\/WhatsApp-Image-2026-02-18-at-13.57.14.jpeg","articleSection":["ACTUALIDAD"],"inLanguage":"es","potentialAction":[{"@type":"CommentAction","name":"Comment","target":["https:\/\/agrupacionespsoe.es\/ponferrada\/el-procurador-del-comun-da-la-razon-al-grupo-socialista-y-recuerda-al-alcalde-su-obligacion-legal-de-ejecutar-el-acuerdo-plenario-sobre-la-tasa-del-mercadillo\/#respond"]}]},{"@type":"WebPage","@id":"https:\/\/agrupacionespsoe.es\/ponferrada\/el-procurador-del-comun-da-la-razon-al-grupo-socialista-y-recuerda-al-alcalde-su-obligacion-legal-de-ejecutar-el-acuerdo-plenario-sobre-la-tasa-del-mercadillo\/","url":"https:\/\/agrupacionespsoe.es\/ponferrada\/el-procurador-del-comun-da-la-razon-al-grupo-socialista-y-recuerda-al-alcalde-su-obligacion-legal-de-ejecutar-el-acuerdo-plenario-sobre-la-tasa-del-mercadillo\/","name":"El Procurador del Com\u00fan da la raz\u00f3n al Grupo Socialista y recuerda al alcalde su obligaci\u00f3n legal de ejecutar el acuerdo plenario sobre la tasa del mercadillo - Agrupaci\u00f3n Socialista de Ponferrada","isPartOf":{"@id":"https:\/\/agrupacionespsoe.es\/ponferrada\/#website"},"primaryImageOfPage":{"@id":"https:\/\/agrupacionespsoe.es\/ponferrada\/el-procurador-del-comun-da-la-razon-al-grupo-socialista-y-recuerda-al-alcalde-su-obligacion-legal-de-ejecutar-el-acuerdo-plenario-sobre-la-tasa-del-mercadillo\/#primaryimage"},"image":{"@id":"https:\/\/agrupacionespsoe.es\/ponferrada\/el-procurador-del-comun-da-la-razon-al-grupo-socialista-y-recuerda-al-alcalde-su-obligacion-legal-de-ejecutar-el-acuerdo-plenario-sobre-la-tasa-del-mercadillo\/#primaryimage"},"thumbnailUrl":"https:\/\/agrupacionespsoe.es\/ponferrada\/wp-content\/uploads\/sites\/36\/2026\/02\/WhatsApp-Image-2026-02-18-at-13.57.14.jpeg","datePublished":"2026-03-04T11:52:36+00:00","dateModified":"2026-03-06T11:53:46+00:00","breadcrumb":{"@id":"https:\/\/agrupacionespsoe.es\/ponferrada\/el-procurador-del-comun-da-la-razon-al-grupo-socialista-y-recuerda-al-alcalde-su-obligacion-legal-de-ejecutar-el-acuerdo-plenario-sobre-la-tasa-del-mercadillo\/#breadcrumb"},"inLanguage":"es","potentialAction":[{"@type":"ReadAction","target":["https:\/\/agrupacionespsoe.es\/ponferrada\/el-procurador-del-comun-da-la-razon-al-grupo-socialista-y-recuerda-al-alcalde-su-obligacion-legal-de-ejecutar-el-acuerdo-plenario-sobre-la-tasa-del-mercadillo\/"]}]},{"@type":"ImageObject","inLanguage":"es","@id":"https:\/\/agrupacionespsoe.es\/ponferrada\/el-procurador-del-comun-da-la-razon-al-grupo-socialista-y-recuerda-al-alcalde-su-obligacion-legal-de-ejecutar-el-acuerdo-plenario-sobre-la-tasa-del-mercadillo\/#primaryimage","url":"https:\/\/agrupacionespsoe.es\/ponferrada\/wp-content\/uploads\/sites\/36\/2026\/02\/WhatsApp-Image-2026-02-18-at-13.57.14.jpeg","contentUrl":"https:\/\/agrupacionespsoe.es\/ponferrada\/wp-content\/uploads\/sites\/36\/2026\/02\/WhatsApp-Image-2026-02-18-at-13.57.14.jpeg","width":1600,"height":1013},{"@type":"BreadcrumbList","@id":"https:\/\/agrupacionespsoe.es\/ponferrada\/el-procurador-del-comun-da-la-razon-al-grupo-socialista-y-recuerda-al-alcalde-su-obligacion-legal-de-ejecutar-el-acuerdo-plenario-sobre-la-tasa-del-mercadillo\/#breadcrumb","itemListElement":[{"@type":"ListItem","position":1,"name":"Portada","item":"https:\/\/agrupacionespsoe.es\/ponferrada\/"},{"@type":"ListItem","position":2,"name":"El Procurador del Com\u00fan da la raz\u00f3n al Grupo Socialista y recuerda al alcalde su obligaci\u00f3n legal de ejecutar el acuerdo plenario sobre la tasa del mercadillo"}]},{"@type":"WebSite","@id":"https:\/\/agrupacionespsoe.es\/ponferrada\/#website","url":"https:\/\/agrupacionespsoe.es\/ponferrada\/","name":"Agrupaci\u00f3n Socialista de Ponferrada","description":"Agrupaci\u00f3n Socialista de Ponferrada","publisher":{"@id":"https:\/\/agrupacionespsoe.es\/ponferrada\/#organization"},"potentialAction":[{"@type":"SearchAction","target":{"@type":"EntryPoint","urlTemplate":"https:\/\/agrupacionespsoe.es\/ponferrada\/?s={search_term_string}"},"query-input":{"@type":"PropertyValueSpecification","valueRequired":true,"valueName":"search_term_string"}}],"inLanguage":"es"},{"@type":"Organization","@id":"https:\/\/agrupacionespsoe.es\/ponferrada\/#organization","name":"Agrupaci\u00f3n Socialista de Ponferrada","url":"https:\/\/agrupacionespsoe.es\/ponferrada\/","logo":{"@type":"ImageObject","inLanguage":"es","@id":"https:\/\/agrupacionespsoe.es\/ponferrada\/#\/schema\/logo\/image\/","url":"https:\/\/agrupacionespsoe.es\/wp-content\/uploads\/2022\/07\/Logotipo_electoral_del_PSOE.png","contentUrl":"https:\/\/agrupacionespsoe.es\/wp-content\/uploads\/2022\/07\/Logotipo_electoral_del_PSOE.png","width":422,"height":422,"caption":"Agrupaci\u00f3n Socialista de Ponferrada"},"image":{"@id":"https:\/\/agrupacionespsoe.es\/ponferrada\/#\/schema\/logo\/image\/"}},{"@type":"Person","@id":"https:\/\/agrupacionespsoe.es\/ponferrada\/#\/schema\/person\/cd29ee627f3b70c05d415f02596debaa","name":"ponferrada2","image":{"@type":"ImageObject","inLanguage":"es","@id":"https:\/\/agrupacionespsoe.es\/ponferrada\/#\/schema\/person\/image\/","url":"https:\/\/secure.gravatar.com\/avatar\/f499eeb60144c664cf7b7edf75549b50?s=96&d=mm&r=g","contentUrl":"https:\/\/secure.gravatar.com\/avatar\/f499eeb60144c664cf7b7edf75549b50?s=96&d=mm&r=g","caption":"ponferrada2"},"url":"https:\/\/agrupacionespsoe.es\/ponferrada\/author\/ponferrada2\/"}]}},"jetpack_featured_media_url":"https:\/\/agrupacionespsoe.es\/ponferrada\/wp-content\/uploads\/sites\/36\/2026\/02\/WhatsApp-Image-2026-02-18-at-13.57.14.jpeg","jetpack_sharing_enabled":true,"_links":{"self":[{"href":"https:\/\/agrupacionespsoe.es\/ponferrada\/wp-json\/wp\/v2\/posts\/1682","targetHints":{"allow":["GET"]}}],"collection":[{"href":"https:\/\/agrupacionespsoe.es\/ponferrada\/wp-json\/wp\/v2\/posts"}],"about":[{"href":"https:\/\/agrupacionespsoe.es\/ponferrada\/wp-json\/wp\/v2\/types\/post"}],"author":[{"embeddable":true,"href":"https:\/\/agrupacionespsoe.es\/ponferrada\/wp-json\/wp\/v2\/users\/32"}],"replies":[{"embeddable":true,"href":"https:\/\/agrupacionespsoe.es\/ponferrada\/wp-json\/wp\/v2\/comments?post=1682"}],"version-history":[{"count":2,"href":"https:\/\/agrupacionespsoe.es\/ponferrada\/wp-json\/wp\/v2\/posts\/1682\/revisions"}],"predecessor-version":[{"id":1684,"href":"https:\/\/agrupacionespsoe.es\/ponferrada\/wp-json\/wp\/v2\/posts\/1682\/revisions\/1684"}],"wp:featuredmedia":[{"embeddable":true,"href":"https:\/\/agrupacionespsoe.es\/ponferrada\/wp-json\/wp\/v2\/media\/1650"}],"wp:attachment":[{"href":"https:\/\/agrupacionespsoe.es\/ponferrada\/wp-json\/wp\/v2\/media?parent=1682"}],"wp:term":[{"taxonomy":"category","embeddable":true,"href":"https:\/\/agrupacionespsoe.es\/ponferrada\/wp-json\/wp\/v2\/categories?post=1682"},{"taxonomy":"post_tag","embeddable":true,"href":"https:\/\/agrupacionespsoe.es\/ponferrada\/wp-json\/wp\/v2\/tags?post=1682"}],"curies":[{"name":"wp","href":"https:\/\/api.w.org\/{rel}","templated":true}]}}