{"id":1678,"date":"2026-03-05T11:40:46","date_gmt":"2026-03-05T11:40:46","guid":{"rendered":"https:\/\/agrupacionespsoe.es\/ponferrada\/?p=1678"},"modified":"2026-03-05T11:40:47","modified_gmt":"2026-03-05T11:40:47","slug":"el-grupo-socialista-denuncia-el-trato-de-presion-del-equipo-de-gobierno-a-las-emprendedoras-de-los-gastrobares-del-mercado-municipal","status":"publish","type":"post","link":"https:\/\/agrupacionespsoe.es\/ponferrada\/el-grupo-socialista-denuncia-el-trato-de-presion-del-equipo-de-gobierno-a-las-emprendedoras-de-los-gastrobares-del-mercado-municipal\/","title":{"rendered":"El Grupo Socialista denuncia el trato \u201cde presi\u00f3n\u201d del equipo de gobierno a las emprendedoras de los gastrobares del Mercado Municipal"},"content":{"rendered":"\n<p>El Grupo Municipal Socialista en el Ayuntamiento de Ponferrada ha mantenido una reuni\u00f3n con algunas de las concesionarias actuales de los gastrobares del Mercado de Abastos de Ponferrada, quienes han trasladado su profundo malestar por el trato que est\u00e1n recibiendo por parte del equipo de gobierno.<\/p>\n\n\n\n<p>Seg\u00fan explicaron a los concejales socialistas, desde diciembre de 2025 la terraza del mercado permanece cerrada, una terraza que utilizaban de manera habitual para dar servicio a su clientela y que forma parte esencial de la actividad econ\u00f3mica de sus negocios. Esta situaci\u00f3n, aseguran, les est\u00e1 causando un grave perjuicio.<\/p>\n\n\n\n<p>Las concesionarias actuales solicitaron formalmente a mediados de diciembre de 2025 la reapertura de la terraza e incluso pidieron una reuni\u00f3n con el alcalde para abordar esta cuesti\u00f3n. Sin embargo, denuncian que no han recibido respuesta alguna, ni explicaci\u00f3n sobre los motivos del cierre ni sobre la negativa a su reapertura.<\/p>\n\n\n\n<p>Desde el Grupo Socialista consideran inaceptable que no se d\u00e9 contestaci\u00f3n a profesionales que generan empleo y actividad econ\u00f3mica en la ciudad. \u201cLo m\u00ednimo exigible es di\u00e1logo y recibir a quienes tienen alguna preocupaci\u00f3n que trasladar a Alcaldia. No se puede mantener cerrada una instalaci\u00f3n municipal sin dar explicaciones a quienes dependen de ella para desarrollar su trabajo\u201d.<\/p>\n\n\n\n<p>Desde el grupo socialista se\u00f1alan que no se explica por qu\u00e9 se tiene cerrada parte de las instalaciones, como es la terraza que era una zona frecuentada y consolidada dentro de la din\u00e1mica habitual del mercado.<\/p>\n\n\n\n<p>La terraza no es la \u00fanica reivindicaci\u00f3n. Las emprendedoras han trasladado su preocupaci\u00f3n por los horarios, que califican de \u201cimposibles\u201d para garantizar la viabilidad de sus negocios. Denuncian adem\u00e1s que el equipo de gobierno no muestra receptividad ante propuestas de modificaci\u00f3n o ampliaci\u00f3n de horarios, especialmente en periodos estivales, cuando los horarios podr\u00edan ampliarse.<\/p>\n\n\n\n<p>&nbsp;\u201cLa Plaza Gourmet debe ser un motor de dinamizaci\u00f3n econ\u00f3mica y social, no un espacio de conflicto permanente con quienes apuestan por \u00e9l. Lo que necesitan estos negocios es apoyo institucional, no trabas\u201d, subrayan.<\/p>\n\n\n\n<p>Desde el Grupo Socialista pedimos al equipo de gobierno que reabran la terraza, al menos en el horario de apertura de los gastrobares, que mantenga un marco de di\u00e1logo real con los gastrobares para garantizar la viabilidad del mercado y el mantenimiento de la actividad econ\u00f3mica en el centro de la ciudad, asi demostrar\u00edan que de verdad apuestan por todo el comercio y la hosteler\u00eda del municipio y no solo por los intereses de unos pocos.<\/p>\n\n\n\n<figure class=\"wp-block-image size-large\"><img loading=\"lazy\" decoding=\"async\" width=\"1024\" height=\"461\" src=\"https:\/\/agrupacionespsoe.es\/ponferrada\/wp-content\/uploads\/sites\/36\/2026\/03\/WhatsApp-Image-2026-03-05-at-12.10.58-1024x461.jpeg\" alt=\"\" class=\"wp-image-1679\" srcset=\"https:\/\/agrupacionespsoe.es\/ponferrada\/wp-content\/uploads\/sites\/36\/2026\/03\/WhatsApp-Image-2026-03-05-at-12.10.58-1024x461.jpeg 1024w, https:\/\/agrupacionespsoe.es\/ponferrada\/wp-content\/uploads\/sites\/36\/2026\/03\/WhatsApp-Image-2026-03-05-at-12.10.58-300x135.jpeg 300w, https:\/\/agrupacionespsoe.es\/ponferrada\/wp-content\/uploads\/sites\/36\/2026\/03\/WhatsApp-Image-2026-03-05-at-12.10.58-768x346.jpeg 768w, https:\/\/agrupacionespsoe.es\/ponferrada\/wp-content\/uploads\/sites\/36\/2026\/03\/WhatsApp-Image-2026-03-05-at-12.10.58-1536x691.jpeg 1536w, https:\/\/agrupacionespsoe.es\/ponferrada\/wp-content\/uploads\/sites\/36\/2026\/03\/WhatsApp-Image-2026-03-05-at-12.10.58.jpeg 2000w\" sizes=\"auto, (max-width: 1024px) 100vw, 1024px\" \/><\/figure>\n","protected":false},"excerpt":{"rendered":"<p>El Grupo Municipal Socialista en el Ayuntamiento de Ponferrada ha mantenido una reuni\u00f3n con algunas de las concesionarias actuales de los gastrobares del Mercado de Abastos de Ponferrada, quienes han trasladado su profundo malestar por el trato que est\u00e1n recibiendo por parte del equipo de gobierno. Seg\u00fan explicaron a los concejales socialistas, desde diciembre de &#8230;<\/p>\n","protected":false},"author":32,"featured_media":1679,"comment_status":"open","ping_status":"open","sticky":false,"template":"","format":"standard","meta":{"_jetpack_memberships_contains_paid_content":false,"footnotes":""},"categories":[6],"tags":[],"class_list":["post-1678","post","type-post","status-publish","format-standard","has-post-thumbnail","hentry","category-actualidad"],"yoast_head":"<!-- This site is optimized with the Yoast SEO plugin v24.0 - https:\/\/yoast.com\/wordpress\/plugins\/seo\/ -->\n<title>El Grupo Socialista denuncia el trato \u201cde presi\u00f3n\u201d del equipo de gobierno a las emprendedoras de los gastrobares del Mercado Municipal - Agrupaci\u00f3n Socialista de Ponferrada<\/title>\n<meta name=\"robots\" content=\"index, follow, max-snippet:-1, max-image-preview:large, max-video-preview:-1\" \/>\n<link rel=\"canonical\" href=\"https:\/\/agrupacionespsoe.es\/ponferrada\/el-grupo-socialista-denuncia-el-trato-de-presion-del-equipo-de-gobierno-a-las-emprendedoras-de-los-gastrobares-del-mercado-municipal\/\" \/>\n<meta property=\"og:locale\" content=\"es_ES\" \/>\n<meta property=\"og:type\" content=\"article\" \/>\n<meta property=\"og:title\" content=\"El Grupo Socialista denuncia el trato \u201cde presi\u00f3n\u201d del equipo de gobierno a las emprendedoras de los gastrobares del Mercado Municipal - Agrupaci\u00f3n Socialista de Ponferrada\" \/>\n<meta property=\"og:description\" content=\"El Grupo Municipal Socialista en el Ayuntamiento de Ponferrada ha mantenido una reuni\u00f3n con algunas de las concesionarias actuales de los gastrobares del Mercado de Abastos de Ponferrada, quienes han trasladado su profundo malestar por el trato que est\u00e1n recibiendo por parte del equipo de gobierno. Seg\u00fan explicaron a los concejales socialistas, desde diciembre de ...\" \/>\n<meta property=\"og:url\" content=\"https:\/\/agrupacionespsoe.es\/ponferrada\/el-grupo-socialista-denuncia-el-trato-de-presion-del-equipo-de-gobierno-a-las-emprendedoras-de-los-gastrobares-del-mercado-municipal\/\" \/>\n<meta property=\"og:site_name\" content=\"Agrupaci\u00f3n Socialista de Ponferrada\" \/>\n<meta property=\"article:published_time\" content=\"2026-03-05T11:40:46+00:00\" \/>\n<meta property=\"article:modified_time\" content=\"2026-03-05T11:40:47+00:00\" \/>\n<meta property=\"og:image\" content=\"https:\/\/agrupacionespsoe.es\/ponferrada\/wp-content\/uploads\/sites\/36\/2026\/03\/WhatsApp-Image-2026-03-05-at-12.10.58.jpeg\" \/>\n\t<meta property=\"og:image:width\" content=\"2000\" \/>\n\t<meta property=\"og:image:height\" content=\"900\" \/>\n\t<meta property=\"og:image:type\" content=\"image\/jpeg\" \/>\n<meta name=\"author\" content=\"ponferrada2\" \/>\n<meta name=\"twitter:card\" content=\"summary_large_image\" \/>\n<meta name=\"twitter:label1\" content=\"Escrito por\" \/>\n\t<meta name=\"twitter:data1\" content=\"ponferrada2\" \/>\n\t<meta name=\"twitter:label2\" content=\"Tiempo de lectura\" \/>\n\t<meta name=\"twitter:data2\" content=\"3 minutos\" \/>\n<script type=\"application\/ld+json\" class=\"yoast-schema-graph\">{\"@context\":\"https:\/\/schema.org\",\"@graph\":[{\"@type\":\"Article\",\"@id\":\"https:\/\/agrupacionespsoe.es\/ponferrada\/el-grupo-socialista-denuncia-el-trato-de-presion-del-equipo-de-gobierno-a-las-emprendedoras-de-los-gastrobares-del-mercado-municipal\/#article\",\"isPartOf\":{\"@id\":\"https:\/\/agrupacionespsoe.es\/ponferrada\/el-grupo-socialista-denuncia-el-trato-de-presion-del-equipo-de-gobierno-a-las-emprendedoras-de-los-gastrobares-del-mercado-municipal\/\"},\"author\":{\"name\":\"ponferrada2\",\"@id\":\"https:\/\/agrupacionespsoe.es\/ponferrada\/#\/schema\/person\/cd29ee627f3b70c05d415f02596debaa\"},\"headline\":\"El Grupo Socialista denuncia el trato \u201cde presi\u00f3n\u201d del equipo de gobierno a las emprendedoras de los gastrobares del Mercado Municipal\",\"datePublished\":\"2026-03-05T11:40:46+00:00\",\"dateModified\":\"2026-03-05T11:40:47+00:00\",\"mainEntityOfPage\":{\"@id\":\"https:\/\/agrupacionespsoe.es\/ponferrada\/el-grupo-socialista-denuncia-el-trato-de-presion-del-equipo-de-gobierno-a-las-emprendedoras-de-los-gastrobares-del-mercado-municipal\/\"},\"wordCount\":454,\"commentCount\":0,\"publisher\":{\"@id\":\"https:\/\/agrupacionespsoe.es\/ponferrada\/#organization\"},\"image\":{\"@id\":\"https:\/\/agrupacionespsoe.es\/ponferrada\/el-grupo-socialista-denuncia-el-trato-de-presion-del-equipo-de-gobierno-a-las-emprendedoras-de-los-gastrobares-del-mercado-municipal\/#primaryimage\"},\"thumbnailUrl\":\"https:\/\/agrupacionespsoe.es\/ponferrada\/wp-content\/uploads\/sites\/36\/2026\/03\/WhatsApp-Image-2026-03-05-at-12.10.58.jpeg\",\"articleSection\":[\"ACTUALIDAD\"],\"inLanguage\":\"es\",\"potentialAction\":[{\"@type\":\"CommentAction\",\"name\":\"Comment\",\"target\":[\"https:\/\/agrupacionespsoe.es\/ponferrada\/el-grupo-socialista-denuncia-el-trato-de-presion-del-equipo-de-gobierno-a-las-emprendedoras-de-los-gastrobares-del-mercado-municipal\/#respond\"]}]},{\"@type\":\"WebPage\",\"@id\":\"https:\/\/agrupacionespsoe.es\/ponferrada\/el-grupo-socialista-denuncia-el-trato-de-presion-del-equipo-de-gobierno-a-las-emprendedoras-de-los-gastrobares-del-mercado-municipal\/\",\"url\":\"https:\/\/agrupacionespsoe.es\/ponferrada\/el-grupo-socialista-denuncia-el-trato-de-presion-del-equipo-de-gobierno-a-las-emprendedoras-de-los-gastrobares-del-mercado-municipal\/\",\"name\":\"El Grupo Socialista denuncia el trato \u201cde presi\u00f3n\u201d del equipo de gobierno a las emprendedoras de los gastrobares del Mercado Municipal - Agrupaci\u00f3n Socialista de Ponferrada\",\"isPartOf\":{\"@id\":\"https:\/\/agrupacionespsoe.es\/ponferrada\/#website\"},\"primaryImageOfPage\":{\"@id\":\"https:\/\/agrupacionespsoe.es\/ponferrada\/el-grupo-socialista-denuncia-el-trato-de-presion-del-equipo-de-gobierno-a-las-emprendedoras-de-los-gastrobares-del-mercado-municipal\/#primaryimage\"},\"image\":{\"@id\":\"https:\/\/agrupacionespsoe.es\/ponferrada\/el-grupo-socialista-denuncia-el-trato-de-presion-del-equipo-de-gobierno-a-las-emprendedoras-de-los-gastrobares-del-mercado-municipal\/#primaryimage\"},\"thumbnailUrl\":\"https:\/\/agrupacionespsoe.es\/ponferrada\/wp-content\/uploads\/sites\/36\/2026\/03\/WhatsApp-Image-2026-03-05-at-12.10.58.jpeg\",\"datePublished\":\"2026-03-05T11:40:46+00:00\",\"dateModified\":\"2026-03-05T11:40:47+00:00\",\"breadcrumb\":{\"@id\":\"https:\/\/agrupacionespsoe.es\/ponferrada\/el-grupo-socialista-denuncia-el-trato-de-presion-del-equipo-de-gobierno-a-las-emprendedoras-de-los-gastrobares-del-mercado-municipal\/#breadcrumb\"},\"inLanguage\":\"es\",\"potentialAction\":[{\"@type\":\"ReadAction\",\"target\":[\"https:\/\/agrupacionespsoe.es\/ponferrada\/el-grupo-socialista-denuncia-el-trato-de-presion-del-equipo-de-gobierno-a-las-emprendedoras-de-los-gastrobares-del-mercado-municipal\/\"]}]},{\"@type\":\"ImageObject\",\"inLanguage\":\"es\",\"@id\":\"https:\/\/agrupacionespsoe.es\/ponferrada\/el-grupo-socialista-denuncia-el-trato-de-presion-del-equipo-de-gobierno-a-las-emprendedoras-de-los-gastrobares-del-mercado-municipal\/#primaryimage\",\"url\":\"https:\/\/agrupacionespsoe.es\/ponferrada\/wp-content\/uploads\/sites\/36\/2026\/03\/WhatsApp-Image-2026-03-05-at-12.10.58.jpeg\",\"contentUrl\":\"https:\/\/agrupacionespsoe.es\/ponferrada\/wp-content\/uploads\/sites\/36\/2026\/03\/WhatsApp-Image-2026-03-05-at-12.10.58.jpeg\",\"width\":2000,\"height\":900},{\"@type\":\"BreadcrumbList\",\"@id\":\"https:\/\/agrupacionespsoe.es\/ponferrada\/el-grupo-socialista-denuncia-el-trato-de-presion-del-equipo-de-gobierno-a-las-emprendedoras-de-los-gastrobares-del-mercado-municipal\/#breadcrumb\",\"itemListElement\":[{\"@type\":\"ListItem\",\"position\":1,\"name\":\"Portada\",\"item\":\"https:\/\/agrupacionespsoe.es\/ponferrada\/\"},{\"@type\":\"ListItem\",\"position\":2,\"name\":\"El Grupo Socialista denuncia el trato \u201cde presi\u00f3n\u201d del equipo de gobierno a las emprendedoras de los gastrobares del Mercado Municipal\"}]},{\"@type\":\"WebSite\",\"@id\":\"https:\/\/agrupacionespsoe.es\/ponferrada\/#website\",\"url\":\"https:\/\/agrupacionespsoe.es\/ponferrada\/\",\"name\":\"Agrupaci\u00f3n Socialista de Ponferrada\",\"description\":\"Agrupaci\u00f3n Socialista de Ponferrada\",\"publisher\":{\"@id\":\"https:\/\/agrupacionespsoe.es\/ponferrada\/#organization\"},\"potentialAction\":[{\"@type\":\"SearchAction\",\"target\":{\"@type\":\"EntryPoint\",\"urlTemplate\":\"https:\/\/agrupacionespsoe.es\/ponferrada\/?s={search_term_string}\"},\"query-input\":{\"@type\":\"PropertyValueSpecification\",\"valueRequired\":true,\"valueName\":\"search_term_string\"}}],\"inLanguage\":\"es\"},{\"@type\":\"Organization\",\"@id\":\"https:\/\/agrupacionespsoe.es\/ponferrada\/#organization\",\"name\":\"Agrupaci\u00f3n Socialista de Ponferrada\",\"url\":\"https:\/\/agrupacionespsoe.es\/ponferrada\/\",\"logo\":{\"@type\":\"ImageObject\",\"inLanguage\":\"es\",\"@id\":\"https:\/\/agrupacionespsoe.es\/ponferrada\/#\/schema\/logo\/image\/\",\"url\":\"https:\/\/agrupacionespsoe.es\/wp-content\/uploads\/2022\/07\/Logotipo_electoral_del_PSOE.png\",\"contentUrl\":\"https:\/\/agrupacionespsoe.es\/wp-content\/uploads\/2022\/07\/Logotipo_electoral_del_PSOE.png\",\"width\":422,\"height\":422,\"caption\":\"Agrupaci\u00f3n Socialista de Ponferrada\"},\"image\":{\"@id\":\"https:\/\/agrupacionespsoe.es\/ponferrada\/#\/schema\/logo\/image\/\"}},{\"@type\":\"Person\",\"@id\":\"https:\/\/agrupacionespsoe.es\/ponferrada\/#\/schema\/person\/cd29ee627f3b70c05d415f02596debaa\",\"name\":\"ponferrada2\",\"image\":{\"@type\":\"ImageObject\",\"inLanguage\":\"es\",\"@id\":\"https:\/\/agrupacionespsoe.es\/ponferrada\/#\/schema\/person\/image\/\",\"url\":\"https:\/\/secure.gravatar.com\/avatar\/f499eeb60144c664cf7b7edf75549b50?s=96&d=mm&r=g\",\"contentUrl\":\"https:\/\/secure.gravatar.com\/avatar\/f499eeb60144c664cf7b7edf75549b50?s=96&d=mm&r=g\",\"caption\":\"ponferrada2\"},\"url\":\"https:\/\/agrupacionespsoe.es\/ponferrada\/author\/ponferrada2\/\"}]}<\/script>\n<!-- \/ Yoast SEO plugin. -->","yoast_head_json":{"title":"El Grupo Socialista denuncia el trato \u201cde presi\u00f3n\u201d del equipo de gobierno a las emprendedoras de los gastrobares del Mercado Municipal - Agrupaci\u00f3n Socialista de Ponferrada","robots":{"index":"index","follow":"follow","max-snippet":"max-snippet:-1","max-image-preview":"max-image-preview:large","max-video-preview":"max-video-preview:-1"},"canonical":"https:\/\/agrupacionespsoe.es\/ponferrada\/el-grupo-socialista-denuncia-el-trato-de-presion-del-equipo-de-gobierno-a-las-emprendedoras-de-los-gastrobares-del-mercado-municipal\/","og_locale":"es_ES","og_type":"article","og_title":"El Grupo Socialista denuncia el trato \u201cde presi\u00f3n\u201d del equipo de gobierno a las emprendedoras de los gastrobares del Mercado Municipal - Agrupaci\u00f3n Socialista de Ponferrada","og_description":"El Grupo Municipal Socialista en el Ayuntamiento de Ponferrada ha mantenido una reuni\u00f3n con algunas de las concesionarias actuales de los gastrobares del Mercado de Abastos de Ponferrada, quienes han trasladado su profundo malestar por el trato que est\u00e1n recibiendo por parte del equipo de gobierno. Seg\u00fan explicaron a los concejales socialistas, desde diciembre de ...","og_url":"https:\/\/agrupacionespsoe.es\/ponferrada\/el-grupo-socialista-denuncia-el-trato-de-presion-del-equipo-de-gobierno-a-las-emprendedoras-de-los-gastrobares-del-mercado-municipal\/","og_site_name":"Agrupaci\u00f3n Socialista de Ponferrada","article_published_time":"2026-03-05T11:40:46+00:00","article_modified_time":"2026-03-05T11:40:47+00:00","og_image":[{"width":2000,"height":900,"url":"https:\/\/agrupacionespsoe.es\/ponferrada\/wp-content\/uploads\/sites\/36\/2026\/03\/WhatsApp-Image-2026-03-05-at-12.10.58.jpeg","type":"image\/jpeg"}],"author":"ponferrada2","twitter_card":"summary_large_image","twitter_misc":{"Escrito por":"ponferrada2","Tiempo de lectura":"3 minutos"},"schema":{"@context":"https:\/\/schema.org","@graph":[{"@type":"Article","@id":"https:\/\/agrupacionespsoe.es\/ponferrada\/el-grupo-socialista-denuncia-el-trato-de-presion-del-equipo-de-gobierno-a-las-emprendedoras-de-los-gastrobares-del-mercado-municipal\/#article","isPartOf":{"@id":"https:\/\/agrupacionespsoe.es\/ponferrada\/el-grupo-socialista-denuncia-el-trato-de-presion-del-equipo-de-gobierno-a-las-emprendedoras-de-los-gastrobares-del-mercado-municipal\/"},"author":{"name":"ponferrada2","@id":"https:\/\/agrupacionespsoe.es\/ponferrada\/#\/schema\/person\/cd29ee627f3b70c05d415f02596debaa"},"headline":"El Grupo Socialista denuncia el trato \u201cde presi\u00f3n\u201d del equipo de gobierno a las emprendedoras de los gastrobares del Mercado Municipal","datePublished":"2026-03-05T11:40:46+00:00","dateModified":"2026-03-05T11:40:47+00:00","mainEntityOfPage":{"@id":"https:\/\/agrupacionespsoe.es\/ponferrada\/el-grupo-socialista-denuncia-el-trato-de-presion-del-equipo-de-gobierno-a-las-emprendedoras-de-los-gastrobares-del-mercado-municipal\/"},"wordCount":454,"commentCount":0,"publisher":{"@id":"https:\/\/agrupacionespsoe.es\/ponferrada\/#organization"},"image":{"@id":"https:\/\/agrupacionespsoe.es\/ponferrada\/el-grupo-socialista-denuncia-el-trato-de-presion-del-equipo-de-gobierno-a-las-emprendedoras-de-los-gastrobares-del-mercado-municipal\/#primaryimage"},"thumbnailUrl":"https:\/\/agrupacionespsoe.es\/ponferrada\/wp-content\/uploads\/sites\/36\/2026\/03\/WhatsApp-Image-2026-03-05-at-12.10.58.jpeg","articleSection":["ACTUALIDAD"],"inLanguage":"es","potentialAction":[{"@type":"CommentAction","name":"Comment","target":["https:\/\/agrupacionespsoe.es\/ponferrada\/el-grupo-socialista-denuncia-el-trato-de-presion-del-equipo-de-gobierno-a-las-emprendedoras-de-los-gastrobares-del-mercado-municipal\/#respond"]}]},{"@type":"WebPage","@id":"https:\/\/agrupacionespsoe.es\/ponferrada\/el-grupo-socialista-denuncia-el-trato-de-presion-del-equipo-de-gobierno-a-las-emprendedoras-de-los-gastrobares-del-mercado-municipal\/","url":"https:\/\/agrupacionespsoe.es\/ponferrada\/el-grupo-socialista-denuncia-el-trato-de-presion-del-equipo-de-gobierno-a-las-emprendedoras-de-los-gastrobares-del-mercado-municipal\/","name":"El Grupo Socialista denuncia el trato \u201cde presi\u00f3n\u201d del equipo de gobierno a las emprendedoras de los gastrobares del Mercado Municipal - Agrupaci\u00f3n Socialista de Ponferrada","isPartOf":{"@id":"https:\/\/agrupacionespsoe.es\/ponferrada\/#website"},"primaryImageOfPage":{"@id":"https:\/\/agrupacionespsoe.es\/ponferrada\/el-grupo-socialista-denuncia-el-trato-de-presion-del-equipo-de-gobierno-a-las-emprendedoras-de-los-gastrobares-del-mercado-municipal\/#primaryimage"},"image":{"@id":"https:\/\/agrupacionespsoe.es\/ponferrada\/el-grupo-socialista-denuncia-el-trato-de-presion-del-equipo-de-gobierno-a-las-emprendedoras-de-los-gastrobares-del-mercado-municipal\/#primaryimage"},"thumbnailUrl":"https:\/\/agrupacionespsoe.es\/ponferrada\/wp-content\/uploads\/sites\/36\/2026\/03\/WhatsApp-Image-2026-03-05-at-12.10.58.jpeg","datePublished":"2026-03-05T11:40:46+00:00","dateModified":"2026-03-05T11:40:47+00:00","breadcrumb":{"@id":"https:\/\/agrupacionespsoe.es\/ponferrada\/el-grupo-socialista-denuncia-el-trato-de-presion-del-equipo-de-gobierno-a-las-emprendedoras-de-los-gastrobares-del-mercado-municipal\/#breadcrumb"},"inLanguage":"es","potentialAction":[{"@type":"ReadAction","target":["https:\/\/agrupacionespsoe.es\/ponferrada\/el-grupo-socialista-denuncia-el-trato-de-presion-del-equipo-de-gobierno-a-las-emprendedoras-de-los-gastrobares-del-mercado-municipal\/"]}]},{"@type":"ImageObject","inLanguage":"es","@id":"https:\/\/agrupacionespsoe.es\/ponferrada\/el-grupo-socialista-denuncia-el-trato-de-presion-del-equipo-de-gobierno-a-las-emprendedoras-de-los-gastrobares-del-mercado-municipal\/#primaryimage","url":"https:\/\/agrupacionespsoe.es\/ponferrada\/wp-content\/uploads\/sites\/36\/2026\/03\/WhatsApp-Image-2026-03-05-at-12.10.58.jpeg","contentUrl":"https:\/\/agrupacionespsoe.es\/ponferrada\/wp-content\/uploads\/sites\/36\/2026\/03\/WhatsApp-Image-2026-03-05-at-12.10.58.jpeg","width":2000,"height":900},{"@type":"BreadcrumbList","@id":"https:\/\/agrupacionespsoe.es\/ponferrada\/el-grupo-socialista-denuncia-el-trato-de-presion-del-equipo-de-gobierno-a-las-emprendedoras-de-los-gastrobares-del-mercado-municipal\/#breadcrumb","itemListElement":[{"@type":"ListItem","position":1,"name":"Portada","item":"https:\/\/agrupacionespsoe.es\/ponferrada\/"},{"@type":"ListItem","position":2,"name":"El Grupo Socialista denuncia el trato \u201cde presi\u00f3n\u201d del equipo de gobierno a las emprendedoras de los gastrobares del Mercado Municipal"}]},{"@type":"WebSite","@id":"https:\/\/agrupacionespsoe.es\/ponferrada\/#website","url":"https:\/\/agrupacionespsoe.es\/ponferrada\/","name":"Agrupaci\u00f3n Socialista de Ponferrada","description":"Agrupaci\u00f3n Socialista de Ponferrada","publisher":{"@id":"https:\/\/agrupacionespsoe.es\/ponferrada\/#organization"},"potentialAction":[{"@type":"SearchAction","target":{"@type":"EntryPoint","urlTemplate":"https:\/\/agrupacionespsoe.es\/ponferrada\/?s={search_term_string}"},"query-input":{"@type":"PropertyValueSpecification","valueRequired":true,"valueName":"search_term_string"}}],"inLanguage":"es"},{"@type":"Organization","@id":"https:\/\/agrupacionespsoe.es\/ponferrada\/#organization","name":"Agrupaci\u00f3n Socialista de Ponferrada","url":"https:\/\/agrupacionespsoe.es\/ponferrada\/","logo":{"@type":"ImageObject","inLanguage":"es","@id":"https:\/\/agrupacionespsoe.es\/ponferrada\/#\/schema\/logo\/image\/","url":"https:\/\/agrupacionespsoe.es\/wp-content\/uploads\/2022\/07\/Logotipo_electoral_del_PSOE.png","contentUrl":"https:\/\/agrupacionespsoe.es\/wp-content\/uploads\/2022\/07\/Logotipo_electoral_del_PSOE.png","width":422,"height":422,"caption":"Agrupaci\u00f3n Socialista de Ponferrada"},"image":{"@id":"https:\/\/agrupacionespsoe.es\/ponferrada\/#\/schema\/logo\/image\/"}},{"@type":"Person","@id":"https:\/\/agrupacionespsoe.es\/ponferrada\/#\/schema\/person\/cd29ee627f3b70c05d415f02596debaa","name":"ponferrada2","image":{"@type":"ImageObject","inLanguage":"es","@id":"https:\/\/agrupacionespsoe.es\/ponferrada\/#\/schema\/person\/image\/","url":"https:\/\/secure.gravatar.com\/avatar\/f499eeb60144c664cf7b7edf75549b50?s=96&d=mm&r=g","contentUrl":"https:\/\/secure.gravatar.com\/avatar\/f499eeb60144c664cf7b7edf75549b50?s=96&d=mm&r=g","caption":"ponferrada2"},"url":"https:\/\/agrupacionespsoe.es\/ponferrada\/author\/ponferrada2\/"}]}},"jetpack_featured_media_url":"https:\/\/agrupacionespsoe.es\/ponferrada\/wp-content\/uploads\/sites\/36\/2026\/03\/WhatsApp-Image-2026-03-05-at-12.10.58.jpeg","jetpack_sharing_enabled":true,"_links":{"self":[{"href":"https:\/\/agrupacionespsoe.es\/ponferrada\/wp-json\/wp\/v2\/posts\/1678","targetHints":{"allow":["GET"]}}],"collection":[{"href":"https:\/\/agrupacionespsoe.es\/ponferrada\/wp-json\/wp\/v2\/posts"}],"about":[{"href":"https:\/\/agrupacionespsoe.es\/ponferrada\/wp-json\/wp\/v2\/types\/post"}],"author":[{"embeddable":true,"href":"https:\/\/agrupacionespsoe.es\/ponferrada\/wp-json\/wp\/v2\/users\/32"}],"replies":[{"embeddable":true,"href":"https:\/\/agrupacionespsoe.es\/ponferrada\/wp-json\/wp\/v2\/comments?post=1678"}],"version-history":[{"count":2,"href":"https:\/\/agrupacionespsoe.es\/ponferrada\/wp-json\/wp\/v2\/posts\/1678\/revisions"}],"predecessor-version":[{"id":1681,"href":"https:\/\/agrupacionespsoe.es\/ponferrada\/wp-json\/wp\/v2\/posts\/1678\/revisions\/1681"}],"wp:featuredmedia":[{"embeddable":true,"href":"https:\/\/agrupacionespsoe.es\/ponferrada\/wp-json\/wp\/v2\/media\/1679"}],"wp:attachment":[{"href":"https:\/\/agrupacionespsoe.es\/ponferrada\/wp-json\/wp\/v2\/media?parent=1678"}],"wp:term":[{"taxonomy":"category","embeddable":true,"href":"https:\/\/agrupacionespsoe.es\/ponferrada\/wp-json\/wp\/v2\/categories?post=1678"},{"taxonomy":"post_tag","embeddable":true,"href":"https:\/\/agrupacionespsoe.es\/ponferrada\/wp-json\/wp\/v2\/tags?post=1678"}],"curies":[{"name":"wp","href":"https:\/\/api.w.org\/{rel}","templated":true}]}}