{"id":1674,"date":"2026-03-03T14:14:24","date_gmt":"2026-03-03T14:14:24","guid":{"rendered":"https:\/\/agrupacionespsoe.es\/ponferrada\/?p=1674"},"modified":"2026-03-03T14:14:25","modified_gmt":"2026-03-03T14:14:25","slug":"el-grupo-socialista-denuncia-que-general-vives-albergara-el-pipican-mas-caro-de-espana-tras-una-inversion-publica-de-145-millones-de-euros","status":"publish","type":"post","link":"https:\/\/agrupacionespsoe.es\/ponferrada\/el-grupo-socialista-denuncia-que-general-vives-albergara-el-pipican-mas-caro-de-espana-tras-una-inversion-publica-de-145-millones-de-euros\/","title":{"rendered":"El Grupo Socialista denuncia que General Vives albergar\u00e1 \u201cel pipic\u00e1n m\u00e1s caro de Espa\u00f1a\u201d tras una inversi\u00f3n p\u00fablica de 1,45 millones de euros"},"content":{"rendered":"\n<p>El portavoz del Grupo Municipal Socialista en el Ayuntamiento de Ponferrada, Olegario Ram\u00f3n, compareci\u00f3 esta ma\u00f1ana ante los medios para criticar la decisi\u00f3n del equipo de gobierno de convertir el solar de General Vives en un pipic\u00e1n, tras una inversi\u00f3n p\u00fablica acumulada que alcanza los 1.458.000 euros.<\/p>\n\n\n\n<p>Ram\u00f3n calific\u00f3 la actuaci\u00f3n como \u201cuna aut\u00e9ntica barbaridad\u201d y asegur\u00f3 que General Vives \u201cse convierte en la milla de oro canina de Espa\u00f1a\u201d al destinarse a un \u00abpipican\u00bb en el que el Ayuntamiento ha invertido casi un mill\u00f3n y medio de euros.<\/p>\n\n\n\n<p>El portavoz socialista record\u00f3 que el procedimiento de expropiaci\u00f3n del solar se inici\u00f3 en 2004 y que el precio final ascendi\u00f3 a cerca de 980.000 euros, cantidad que se abon\u00f3 en varios plazos hasta 2015. A esa cifra se sumaron aproximadamente 280.000 euros en intereses.<\/p>\n\n\n\n<p>Desde 2015, seg\u00fan explic\u00f3, el Ayuntamiento no actu\u00f3 sobre el solar hasta la llegada del anterior equipo de gobierno socialista, que formaliz\u00f3 la toma de posesi\u00f3n en 2022. Ram\u00f3n se\u00f1al\u00f3 que, hasta ese momento, el terreno segu\u00eda siendo explotado por los antiguos propietarios, incluso con vallas publicitarias que generaban ingresos, debido a la inacci\u00f3n municipal.<\/p>\n\n\n\n<p>Ya bajo el mandato socialista, se abonaron 102.900 euros en intereses pendientes, se demolieron edificaciones en ruina, se retir\u00f3 hormig\u00f3n existente y se adecu\u00f3 la zona verde con una inversi\u00f3n cercana a los 70.000 euros.<\/p>\n\n\n\n<p>A estas cantidades, a\u00f1adi\u00f3 Ram\u00f3n, se suman ahora 12.000 euros correspondientes a un contrato menor del actual equipo de gobierno para instalar la malla perimetral del futuro pipic\u00e1n. \u201cLa suma total asciende a 1.458.000 euros\u201d, subray\u00f3.<\/p>\n\n\n\n<p>El portavoz socialista reconoci\u00f3 que los animales de compa\u00f1\u00eda deben contar con zonas de esparcimiento, pero insisti\u00f3 en que resulta desproporcionado destinar a ese uso exclusivo una zona verde que ha supuesto tal nivel de inversi\u00f3n p\u00fablica.<\/p>\n\n\n\n<h3 class=\"wp-block-heading\">Propuesta alternativa: ampliar la zona verde hasta el Puente del Centenario<\/h3>\n\n\n\n<p>Adem\u00e1s de la cr\u00edtica, Ram\u00f3n plante\u00f3 una alternativa que, seg\u00fan explic\u00f3, ya estaba en fase de negociaci\u00f3n durante el anterior mandato. El PSOE hab\u00eda iniciado conversaciones con los propietarios de la finca colindante con el objetivo de adquirirla y ampliar la zona verde hasta el Puente del Centenario, generando un corredor continuo.<\/p>\n\n\n\n<p>\u201cLa idea era un proyecto de ciudad pensado a medio y largo plazo, una zona verde continua, ecol\u00f3gica, para pasear, tambi\u00e9n con mascotas, pero con una visi\u00f3n global\u201d, se\u00f1al\u00f3.<\/p>\n\n\n\n<p>Seg\u00fan indic\u00f3, exist\u00eda un principio de acuerdo para esa adquisici\u00f3n y anim\u00f3 al actual equipo de gobierno a retomar esa negociaci\u00f3n y apostar por una planificaci\u00f3n urbana \u201ccon cabeza y pensando en las generaciones futuras\u201d.<\/p>\n\n\n\n<p>\u201cEl objetivo no es solo criticar, sino tambi\u00e9n proponer. Todav\u00eda est\u00e1n a tiempo de reflexionar y mejorar esta actuaci\u00f3n\u201d, concluy\u00f3.<\/p>\n\n\n\n<figure class=\"wp-block-image size-large\"><img loading=\"lazy\" decoding=\"async\" width=\"1024\" height=\"768\" src=\"https:\/\/agrupacionespsoe.es\/ponferrada\/wp-content\/uploads\/sites\/36\/2026\/03\/WhatsApp-Image-2026-03-03-at-13.44.44-1024x768.jpeg\" alt=\"\" class=\"wp-image-1675\" srcset=\"https:\/\/agrupacionespsoe.es\/ponferrada\/wp-content\/uploads\/sites\/36\/2026\/03\/WhatsApp-Image-2026-03-03-at-13.44.44-1024x768.jpeg 1024w, https:\/\/agrupacionespsoe.es\/ponferrada\/wp-content\/uploads\/sites\/36\/2026\/03\/WhatsApp-Image-2026-03-03-at-13.44.44-300x225.jpeg 300w, https:\/\/agrupacionespsoe.es\/ponferrada\/wp-content\/uploads\/sites\/36\/2026\/03\/WhatsApp-Image-2026-03-03-at-13.44.44-768x576.jpeg 768w, https:\/\/agrupacionespsoe.es\/ponferrada\/wp-content\/uploads\/sites\/36\/2026\/03\/WhatsApp-Image-2026-03-03-at-13.44.44-1536x1152.jpeg 1536w, https:\/\/agrupacionespsoe.es\/ponferrada\/wp-content\/uploads\/sites\/36\/2026\/03\/WhatsApp-Image-2026-03-03-at-13.44.44.jpeg 1600w\" sizes=\"auto, (max-width: 1024px) 100vw, 1024px\" \/><\/figure>\n","protected":false},"excerpt":{"rendered":"<p>El portavoz del Grupo Municipal Socialista en el Ayuntamiento de Ponferrada, Olegario Ram\u00f3n, compareci\u00f3 esta ma\u00f1ana ante los medios para criticar la decisi\u00f3n del equipo de gobierno de convertir el solar de General Vives en un pipic\u00e1n, tras una inversi\u00f3n p\u00fablica acumulada que alcanza los 1.458.000 euros. Ram\u00f3n calific\u00f3 la actuaci\u00f3n como \u201cuna aut\u00e9ntica barbaridad\u201d &#8230;<\/p>\n","protected":false},"author":32,"featured_media":1675,"comment_status":"open","ping_status":"open","sticky":false,"template":"","format":"standard","meta":{"_jetpack_memberships_contains_paid_content":false,"footnotes":""},"categories":[6],"tags":[],"class_list":["post-1674","post","type-post","status-publish","format-standard","has-post-thumbnail","hentry","category-actualidad"],"yoast_head":"<!-- This site is optimized with the Yoast SEO plugin v24.0 - https:\/\/yoast.com\/wordpress\/plugins\/seo\/ -->\n<title>El Grupo Socialista denuncia que General Vives albergar\u00e1 \u201cel pipic\u00e1n m\u00e1s caro de Espa\u00f1a\u201d tras una inversi\u00f3n p\u00fablica de 1,45 millones de euros - Agrupaci\u00f3n Socialista de Ponferrada<\/title>\n<meta name=\"robots\" content=\"index, follow, max-snippet:-1, max-image-preview:large, max-video-preview:-1\" \/>\n<link rel=\"canonical\" href=\"https:\/\/agrupacionespsoe.es\/ponferrada\/el-grupo-socialista-denuncia-que-general-vives-albergara-el-pipican-mas-caro-de-espana-tras-una-inversion-publica-de-145-millones-de-euros\/\" \/>\n<meta property=\"og:locale\" content=\"es_ES\" \/>\n<meta property=\"og:type\" content=\"article\" \/>\n<meta property=\"og:title\" content=\"El Grupo Socialista denuncia que General Vives albergar\u00e1 \u201cel pipic\u00e1n m\u00e1s caro de Espa\u00f1a\u201d tras una inversi\u00f3n p\u00fablica de 1,45 millones de euros - Agrupaci\u00f3n Socialista de Ponferrada\" \/>\n<meta property=\"og:description\" content=\"El portavoz del Grupo Municipal Socialista en el Ayuntamiento de Ponferrada, Olegario Ram\u00f3n, compareci\u00f3 esta ma\u00f1ana ante los medios para criticar la decisi\u00f3n del equipo de gobierno de convertir el solar de General Vives en un pipic\u00e1n, tras una inversi\u00f3n p\u00fablica acumulada que alcanza los 1.458.000 euros. Ram\u00f3n calific\u00f3 la actuaci\u00f3n como \u201cuna aut\u00e9ntica barbaridad\u201d ...\" \/>\n<meta property=\"og:url\" content=\"https:\/\/agrupacionespsoe.es\/ponferrada\/el-grupo-socialista-denuncia-que-general-vives-albergara-el-pipican-mas-caro-de-espana-tras-una-inversion-publica-de-145-millones-de-euros\/\" \/>\n<meta property=\"og:site_name\" content=\"Agrupaci\u00f3n Socialista de Ponferrada\" \/>\n<meta property=\"article:published_time\" content=\"2026-03-03T14:14:24+00:00\" \/>\n<meta property=\"article:modified_time\" content=\"2026-03-03T14:14:25+00:00\" \/>\n<meta property=\"og:image\" content=\"https:\/\/agrupacionespsoe.es\/ponferrada\/wp-content\/uploads\/sites\/36\/2026\/03\/WhatsApp-Image-2026-03-03-at-13.44.44.jpeg\" \/>\n\t<meta property=\"og:image:width\" content=\"1600\" \/>\n\t<meta property=\"og:image:height\" content=\"1200\" \/>\n\t<meta property=\"og:image:type\" content=\"image\/jpeg\" \/>\n<meta name=\"author\" content=\"ponferrada2\" \/>\n<meta name=\"twitter:card\" content=\"summary_large_image\" \/>\n<meta name=\"twitter:label1\" content=\"Escrito por\" \/>\n\t<meta name=\"twitter:data1\" content=\"ponferrada2\" \/>\n\t<meta name=\"twitter:label2\" content=\"Tiempo de lectura\" \/>\n\t<meta name=\"twitter:data2\" content=\"3 minutos\" \/>\n<script type=\"application\/ld+json\" class=\"yoast-schema-graph\">{\"@context\":\"https:\/\/schema.org\",\"@graph\":[{\"@type\":\"Article\",\"@id\":\"https:\/\/agrupacionespsoe.es\/ponferrada\/el-grupo-socialista-denuncia-que-general-vives-albergara-el-pipican-mas-caro-de-espana-tras-una-inversion-publica-de-145-millones-de-euros\/#article\",\"isPartOf\":{\"@id\":\"https:\/\/agrupacionespsoe.es\/ponferrada\/el-grupo-socialista-denuncia-que-general-vives-albergara-el-pipican-mas-caro-de-espana-tras-una-inversion-publica-de-145-millones-de-euros\/\"},\"author\":{\"name\":\"ponferrada2\",\"@id\":\"https:\/\/agrupacionespsoe.es\/ponferrada\/#\/schema\/person\/cd29ee627f3b70c05d415f02596debaa\"},\"headline\":\"El Grupo Socialista denuncia que General Vives albergar\u00e1 \u201cel pipic\u00e1n m\u00e1s caro de Espa\u00f1a\u201d tras una inversi\u00f3n p\u00fablica de 1,45 millones de euros\",\"datePublished\":\"2026-03-03T14:14:24+00:00\",\"dateModified\":\"2026-03-03T14:14:25+00:00\",\"mainEntityOfPage\":{\"@id\":\"https:\/\/agrupacionespsoe.es\/ponferrada\/el-grupo-socialista-denuncia-que-general-vives-albergara-el-pipican-mas-caro-de-espana-tras-una-inversion-publica-de-145-millones-de-euros\/\"},\"wordCount\":505,\"commentCount\":0,\"publisher\":{\"@id\":\"https:\/\/agrupacionespsoe.es\/ponferrada\/#organization\"},\"image\":{\"@id\":\"https:\/\/agrupacionespsoe.es\/ponferrada\/el-grupo-socialista-denuncia-que-general-vives-albergara-el-pipican-mas-caro-de-espana-tras-una-inversion-publica-de-145-millones-de-euros\/#primaryimage\"},\"thumbnailUrl\":\"https:\/\/agrupacionespsoe.es\/ponferrada\/wp-content\/uploads\/sites\/36\/2026\/03\/WhatsApp-Image-2026-03-03-at-13.44.44.jpeg\",\"articleSection\":[\"ACTUALIDAD\"],\"inLanguage\":\"es\",\"potentialAction\":[{\"@type\":\"CommentAction\",\"name\":\"Comment\",\"target\":[\"https:\/\/agrupacionespsoe.es\/ponferrada\/el-grupo-socialista-denuncia-que-general-vives-albergara-el-pipican-mas-caro-de-espana-tras-una-inversion-publica-de-145-millones-de-euros\/#respond\"]}]},{\"@type\":\"WebPage\",\"@id\":\"https:\/\/agrupacionespsoe.es\/ponferrada\/el-grupo-socialista-denuncia-que-general-vives-albergara-el-pipican-mas-caro-de-espana-tras-una-inversion-publica-de-145-millones-de-euros\/\",\"url\":\"https:\/\/agrupacionespsoe.es\/ponferrada\/el-grupo-socialista-denuncia-que-general-vives-albergara-el-pipican-mas-caro-de-espana-tras-una-inversion-publica-de-145-millones-de-euros\/\",\"name\":\"El Grupo Socialista denuncia que General Vives albergar\u00e1 \u201cel pipic\u00e1n m\u00e1s caro de Espa\u00f1a\u201d tras una inversi\u00f3n p\u00fablica de 1,45 millones de euros - Agrupaci\u00f3n Socialista de Ponferrada\",\"isPartOf\":{\"@id\":\"https:\/\/agrupacionespsoe.es\/ponferrada\/#website\"},\"primaryImageOfPage\":{\"@id\":\"https:\/\/agrupacionespsoe.es\/ponferrada\/el-grupo-socialista-denuncia-que-general-vives-albergara-el-pipican-mas-caro-de-espana-tras-una-inversion-publica-de-145-millones-de-euros\/#primaryimage\"},\"image\":{\"@id\":\"https:\/\/agrupacionespsoe.es\/ponferrada\/el-grupo-socialista-denuncia-que-general-vives-albergara-el-pipican-mas-caro-de-espana-tras-una-inversion-publica-de-145-millones-de-euros\/#primaryimage\"},\"thumbnailUrl\":\"https:\/\/agrupacionespsoe.es\/ponferrada\/wp-content\/uploads\/sites\/36\/2026\/03\/WhatsApp-Image-2026-03-03-at-13.44.44.jpeg\",\"datePublished\":\"2026-03-03T14:14:24+00:00\",\"dateModified\":\"2026-03-03T14:14:25+00:00\",\"breadcrumb\":{\"@id\":\"https:\/\/agrupacionespsoe.es\/ponferrada\/el-grupo-socialista-denuncia-que-general-vives-albergara-el-pipican-mas-caro-de-espana-tras-una-inversion-publica-de-145-millones-de-euros\/#breadcrumb\"},\"inLanguage\":\"es\",\"potentialAction\":[{\"@type\":\"ReadAction\",\"target\":[\"https:\/\/agrupacionespsoe.es\/ponferrada\/el-grupo-socialista-denuncia-que-general-vives-albergara-el-pipican-mas-caro-de-espana-tras-una-inversion-publica-de-145-millones-de-euros\/\"]}]},{\"@type\":\"ImageObject\",\"inLanguage\":\"es\",\"@id\":\"https:\/\/agrupacionespsoe.es\/ponferrada\/el-grupo-socialista-denuncia-que-general-vives-albergara-el-pipican-mas-caro-de-espana-tras-una-inversion-publica-de-145-millones-de-euros\/#primaryimage\",\"url\":\"https:\/\/agrupacionespsoe.es\/ponferrada\/wp-content\/uploads\/sites\/36\/2026\/03\/WhatsApp-Image-2026-03-03-at-13.44.44.jpeg\",\"contentUrl\":\"https:\/\/agrupacionespsoe.es\/ponferrada\/wp-content\/uploads\/sites\/36\/2026\/03\/WhatsApp-Image-2026-03-03-at-13.44.44.jpeg\",\"width\":1600,\"height\":1200},{\"@type\":\"BreadcrumbList\",\"@id\":\"https:\/\/agrupacionespsoe.es\/ponferrada\/el-grupo-socialista-denuncia-que-general-vives-albergara-el-pipican-mas-caro-de-espana-tras-una-inversion-publica-de-145-millones-de-euros\/#breadcrumb\",\"itemListElement\":[{\"@type\":\"ListItem\",\"position\":1,\"name\":\"Portada\",\"item\":\"https:\/\/agrupacionespsoe.es\/ponferrada\/\"},{\"@type\":\"ListItem\",\"position\":2,\"name\":\"El Grupo Socialista denuncia que General Vives albergar\u00e1 \u201cel pipic\u00e1n m\u00e1s caro de Espa\u00f1a\u201d tras una inversi\u00f3n p\u00fablica de 1,45 millones de euros\"}]},{\"@type\":\"WebSite\",\"@id\":\"https:\/\/agrupacionespsoe.es\/ponferrada\/#website\",\"url\":\"https:\/\/agrupacionespsoe.es\/ponferrada\/\",\"name\":\"Agrupaci\u00f3n Socialista de Ponferrada\",\"description\":\"Agrupaci\u00f3n Socialista de Ponferrada\",\"publisher\":{\"@id\":\"https:\/\/agrupacionespsoe.es\/ponferrada\/#organization\"},\"potentialAction\":[{\"@type\":\"SearchAction\",\"target\":{\"@type\":\"EntryPoint\",\"urlTemplate\":\"https:\/\/agrupacionespsoe.es\/ponferrada\/?s={search_term_string}\"},\"query-input\":{\"@type\":\"PropertyValueSpecification\",\"valueRequired\":true,\"valueName\":\"search_term_string\"}}],\"inLanguage\":\"es\"},{\"@type\":\"Organization\",\"@id\":\"https:\/\/agrupacionespsoe.es\/ponferrada\/#organization\",\"name\":\"Agrupaci\u00f3n Socialista de Ponferrada\",\"url\":\"https:\/\/agrupacionespsoe.es\/ponferrada\/\",\"logo\":{\"@type\":\"ImageObject\",\"inLanguage\":\"es\",\"@id\":\"https:\/\/agrupacionespsoe.es\/ponferrada\/#\/schema\/logo\/image\/\",\"url\":\"https:\/\/agrupacionespsoe.es\/wp-content\/uploads\/2022\/07\/Logotipo_electoral_del_PSOE.png\",\"contentUrl\":\"https:\/\/agrupacionespsoe.es\/wp-content\/uploads\/2022\/07\/Logotipo_electoral_del_PSOE.png\",\"width\":422,\"height\":422,\"caption\":\"Agrupaci\u00f3n Socialista de Ponferrada\"},\"image\":{\"@id\":\"https:\/\/agrupacionespsoe.es\/ponferrada\/#\/schema\/logo\/image\/\"}},{\"@type\":\"Person\",\"@id\":\"https:\/\/agrupacionespsoe.es\/ponferrada\/#\/schema\/person\/cd29ee627f3b70c05d415f02596debaa\",\"name\":\"ponferrada2\",\"image\":{\"@type\":\"ImageObject\",\"inLanguage\":\"es\",\"@id\":\"https:\/\/agrupacionespsoe.es\/ponferrada\/#\/schema\/person\/image\/\",\"url\":\"https:\/\/secure.gravatar.com\/avatar\/f499eeb60144c664cf7b7edf75549b50?s=96&d=mm&r=g\",\"contentUrl\":\"https:\/\/secure.gravatar.com\/avatar\/f499eeb60144c664cf7b7edf75549b50?s=96&d=mm&r=g\",\"caption\":\"ponferrada2\"},\"url\":\"https:\/\/agrupacionespsoe.es\/ponferrada\/author\/ponferrada2\/\"}]}<\/script>\n<!-- \/ Yoast SEO plugin. -->","yoast_head_json":{"title":"El Grupo Socialista denuncia que General Vives albergar\u00e1 \u201cel pipic\u00e1n m\u00e1s caro de Espa\u00f1a\u201d tras una inversi\u00f3n p\u00fablica de 1,45 millones de euros - Agrupaci\u00f3n Socialista de Ponferrada","robots":{"index":"index","follow":"follow","max-snippet":"max-snippet:-1","max-image-preview":"max-image-preview:large","max-video-preview":"max-video-preview:-1"},"canonical":"https:\/\/agrupacionespsoe.es\/ponferrada\/el-grupo-socialista-denuncia-que-general-vives-albergara-el-pipican-mas-caro-de-espana-tras-una-inversion-publica-de-145-millones-de-euros\/","og_locale":"es_ES","og_type":"article","og_title":"El Grupo Socialista denuncia que General Vives albergar\u00e1 \u201cel pipic\u00e1n m\u00e1s caro de Espa\u00f1a\u201d tras una inversi\u00f3n p\u00fablica de 1,45 millones de euros - Agrupaci\u00f3n Socialista de Ponferrada","og_description":"El portavoz del Grupo Municipal Socialista en el Ayuntamiento de Ponferrada, Olegario Ram\u00f3n, compareci\u00f3 esta ma\u00f1ana ante los medios para criticar la decisi\u00f3n del equipo de gobierno de convertir el solar de General Vives en un pipic\u00e1n, tras una inversi\u00f3n p\u00fablica acumulada que alcanza los 1.458.000 euros. Ram\u00f3n calific\u00f3 la actuaci\u00f3n como \u201cuna aut\u00e9ntica barbaridad\u201d ...","og_url":"https:\/\/agrupacionespsoe.es\/ponferrada\/el-grupo-socialista-denuncia-que-general-vives-albergara-el-pipican-mas-caro-de-espana-tras-una-inversion-publica-de-145-millones-de-euros\/","og_site_name":"Agrupaci\u00f3n Socialista de Ponferrada","article_published_time":"2026-03-03T14:14:24+00:00","article_modified_time":"2026-03-03T14:14:25+00:00","og_image":[{"width":1600,"height":1200,"url":"https:\/\/agrupacionespsoe.es\/ponferrada\/wp-content\/uploads\/sites\/36\/2026\/03\/WhatsApp-Image-2026-03-03-at-13.44.44.jpeg","type":"image\/jpeg"}],"author":"ponferrada2","twitter_card":"summary_large_image","twitter_misc":{"Escrito por":"ponferrada2","Tiempo de lectura":"3 minutos"},"schema":{"@context":"https:\/\/schema.org","@graph":[{"@type":"Article","@id":"https:\/\/agrupacionespsoe.es\/ponferrada\/el-grupo-socialista-denuncia-que-general-vives-albergara-el-pipican-mas-caro-de-espana-tras-una-inversion-publica-de-145-millones-de-euros\/#article","isPartOf":{"@id":"https:\/\/agrupacionespsoe.es\/ponferrada\/el-grupo-socialista-denuncia-que-general-vives-albergara-el-pipican-mas-caro-de-espana-tras-una-inversion-publica-de-145-millones-de-euros\/"},"author":{"name":"ponferrada2","@id":"https:\/\/agrupacionespsoe.es\/ponferrada\/#\/schema\/person\/cd29ee627f3b70c05d415f02596debaa"},"headline":"El Grupo Socialista denuncia que General Vives albergar\u00e1 \u201cel pipic\u00e1n m\u00e1s caro de Espa\u00f1a\u201d tras una inversi\u00f3n p\u00fablica de 1,45 millones de euros","datePublished":"2026-03-03T14:14:24+00:00","dateModified":"2026-03-03T14:14:25+00:00","mainEntityOfPage":{"@id":"https:\/\/agrupacionespsoe.es\/ponferrada\/el-grupo-socialista-denuncia-que-general-vives-albergara-el-pipican-mas-caro-de-espana-tras-una-inversion-publica-de-145-millones-de-euros\/"},"wordCount":505,"commentCount":0,"publisher":{"@id":"https:\/\/agrupacionespsoe.es\/ponferrada\/#organization"},"image":{"@id":"https:\/\/agrupacionespsoe.es\/ponferrada\/el-grupo-socialista-denuncia-que-general-vives-albergara-el-pipican-mas-caro-de-espana-tras-una-inversion-publica-de-145-millones-de-euros\/#primaryimage"},"thumbnailUrl":"https:\/\/agrupacionespsoe.es\/ponferrada\/wp-content\/uploads\/sites\/36\/2026\/03\/WhatsApp-Image-2026-03-03-at-13.44.44.jpeg","articleSection":["ACTUALIDAD"],"inLanguage":"es","potentialAction":[{"@type":"CommentAction","name":"Comment","target":["https:\/\/agrupacionespsoe.es\/ponferrada\/el-grupo-socialista-denuncia-que-general-vives-albergara-el-pipican-mas-caro-de-espana-tras-una-inversion-publica-de-145-millones-de-euros\/#respond"]}]},{"@type":"WebPage","@id":"https:\/\/agrupacionespsoe.es\/ponferrada\/el-grupo-socialista-denuncia-que-general-vives-albergara-el-pipican-mas-caro-de-espana-tras-una-inversion-publica-de-145-millones-de-euros\/","url":"https:\/\/agrupacionespsoe.es\/ponferrada\/el-grupo-socialista-denuncia-que-general-vives-albergara-el-pipican-mas-caro-de-espana-tras-una-inversion-publica-de-145-millones-de-euros\/","name":"El Grupo Socialista denuncia que General Vives albergar\u00e1 \u201cel pipic\u00e1n m\u00e1s caro de Espa\u00f1a\u201d tras una inversi\u00f3n p\u00fablica de 1,45 millones de euros - Agrupaci\u00f3n Socialista de Ponferrada","isPartOf":{"@id":"https:\/\/agrupacionespsoe.es\/ponferrada\/#website"},"primaryImageOfPage":{"@id":"https:\/\/agrupacionespsoe.es\/ponferrada\/el-grupo-socialista-denuncia-que-general-vives-albergara-el-pipican-mas-caro-de-espana-tras-una-inversion-publica-de-145-millones-de-euros\/#primaryimage"},"image":{"@id":"https:\/\/agrupacionespsoe.es\/ponferrada\/el-grupo-socialista-denuncia-que-general-vives-albergara-el-pipican-mas-caro-de-espana-tras-una-inversion-publica-de-145-millones-de-euros\/#primaryimage"},"thumbnailUrl":"https:\/\/agrupacionespsoe.es\/ponferrada\/wp-content\/uploads\/sites\/36\/2026\/03\/WhatsApp-Image-2026-03-03-at-13.44.44.jpeg","datePublished":"2026-03-03T14:14:24+00:00","dateModified":"2026-03-03T14:14:25+00:00","breadcrumb":{"@id":"https:\/\/agrupacionespsoe.es\/ponferrada\/el-grupo-socialista-denuncia-que-general-vives-albergara-el-pipican-mas-caro-de-espana-tras-una-inversion-publica-de-145-millones-de-euros\/#breadcrumb"},"inLanguage":"es","potentialAction":[{"@type":"ReadAction","target":["https:\/\/agrupacionespsoe.es\/ponferrada\/el-grupo-socialista-denuncia-que-general-vives-albergara-el-pipican-mas-caro-de-espana-tras-una-inversion-publica-de-145-millones-de-euros\/"]}]},{"@type":"ImageObject","inLanguage":"es","@id":"https:\/\/agrupacionespsoe.es\/ponferrada\/el-grupo-socialista-denuncia-que-general-vives-albergara-el-pipican-mas-caro-de-espana-tras-una-inversion-publica-de-145-millones-de-euros\/#primaryimage","url":"https:\/\/agrupacionespsoe.es\/ponferrada\/wp-content\/uploads\/sites\/36\/2026\/03\/WhatsApp-Image-2026-03-03-at-13.44.44.jpeg","contentUrl":"https:\/\/agrupacionespsoe.es\/ponferrada\/wp-content\/uploads\/sites\/36\/2026\/03\/WhatsApp-Image-2026-03-03-at-13.44.44.jpeg","width":1600,"height":1200},{"@type":"BreadcrumbList","@id":"https:\/\/agrupacionespsoe.es\/ponferrada\/el-grupo-socialista-denuncia-que-general-vives-albergara-el-pipican-mas-caro-de-espana-tras-una-inversion-publica-de-145-millones-de-euros\/#breadcrumb","itemListElement":[{"@type":"ListItem","position":1,"name":"Portada","item":"https:\/\/agrupacionespsoe.es\/ponferrada\/"},{"@type":"ListItem","position":2,"name":"El Grupo Socialista denuncia que General Vives albergar\u00e1 \u201cel pipic\u00e1n m\u00e1s caro de Espa\u00f1a\u201d tras una inversi\u00f3n p\u00fablica de 1,45 millones de euros"}]},{"@type":"WebSite","@id":"https:\/\/agrupacionespsoe.es\/ponferrada\/#website","url":"https:\/\/agrupacionespsoe.es\/ponferrada\/","name":"Agrupaci\u00f3n Socialista de Ponferrada","description":"Agrupaci\u00f3n Socialista de Ponferrada","publisher":{"@id":"https:\/\/agrupacionespsoe.es\/ponferrada\/#organization"},"potentialAction":[{"@type":"SearchAction","target":{"@type":"EntryPoint","urlTemplate":"https:\/\/agrupacionespsoe.es\/ponferrada\/?s={search_term_string}"},"query-input":{"@type":"PropertyValueSpecification","valueRequired":true,"valueName":"search_term_string"}}],"inLanguage":"es"},{"@type":"Organization","@id":"https:\/\/agrupacionespsoe.es\/ponferrada\/#organization","name":"Agrupaci\u00f3n Socialista de Ponferrada","url":"https:\/\/agrupacionespsoe.es\/ponferrada\/","logo":{"@type":"ImageObject","inLanguage":"es","@id":"https:\/\/agrupacionespsoe.es\/ponferrada\/#\/schema\/logo\/image\/","url":"https:\/\/agrupacionespsoe.es\/wp-content\/uploads\/2022\/07\/Logotipo_electoral_del_PSOE.png","contentUrl":"https:\/\/agrupacionespsoe.es\/wp-content\/uploads\/2022\/07\/Logotipo_electoral_del_PSOE.png","width":422,"height":422,"caption":"Agrupaci\u00f3n Socialista de Ponferrada"},"image":{"@id":"https:\/\/agrupacionespsoe.es\/ponferrada\/#\/schema\/logo\/image\/"}},{"@type":"Person","@id":"https:\/\/agrupacionespsoe.es\/ponferrada\/#\/schema\/person\/cd29ee627f3b70c05d415f02596debaa","name":"ponferrada2","image":{"@type":"ImageObject","inLanguage":"es","@id":"https:\/\/agrupacionespsoe.es\/ponferrada\/#\/schema\/person\/image\/","url":"https:\/\/secure.gravatar.com\/avatar\/f499eeb60144c664cf7b7edf75549b50?s=96&d=mm&r=g","contentUrl":"https:\/\/secure.gravatar.com\/avatar\/f499eeb60144c664cf7b7edf75549b50?s=96&d=mm&r=g","caption":"ponferrada2"},"url":"https:\/\/agrupacionespsoe.es\/ponferrada\/author\/ponferrada2\/"}]}},"jetpack_featured_media_url":"https:\/\/agrupacionespsoe.es\/ponferrada\/wp-content\/uploads\/sites\/36\/2026\/03\/WhatsApp-Image-2026-03-03-at-13.44.44.jpeg","jetpack_sharing_enabled":true,"_links":{"self":[{"href":"https:\/\/agrupacionespsoe.es\/ponferrada\/wp-json\/wp\/v2\/posts\/1674","targetHints":{"allow":["GET"]}}],"collection":[{"href":"https:\/\/agrupacionespsoe.es\/ponferrada\/wp-json\/wp\/v2\/posts"}],"about":[{"href":"https:\/\/agrupacionespsoe.es\/ponferrada\/wp-json\/wp\/v2\/types\/post"}],"author":[{"embeddable":true,"href":"https:\/\/agrupacionespsoe.es\/ponferrada\/wp-json\/wp\/v2\/users\/32"}],"replies":[{"embeddable":true,"href":"https:\/\/agrupacionespsoe.es\/ponferrada\/wp-json\/wp\/v2\/comments?post=1674"}],"version-history":[{"count":2,"href":"https:\/\/agrupacionespsoe.es\/ponferrada\/wp-json\/wp\/v2\/posts\/1674\/revisions"}],"predecessor-version":[{"id":1677,"href":"https:\/\/agrupacionespsoe.es\/ponferrada\/wp-json\/wp\/v2\/posts\/1674\/revisions\/1677"}],"wp:featuredmedia":[{"embeddable":true,"href":"https:\/\/agrupacionespsoe.es\/ponferrada\/wp-json\/wp\/v2\/media\/1675"}],"wp:attachment":[{"href":"https:\/\/agrupacionespsoe.es\/ponferrada\/wp-json\/wp\/v2\/media?parent=1674"}],"wp:term":[{"taxonomy":"category","embeddable":true,"href":"https:\/\/agrupacionespsoe.es\/ponferrada\/wp-json\/wp\/v2\/categories?post=1674"},{"taxonomy":"post_tag","embeddable":true,"href":"https:\/\/agrupacionespsoe.es\/ponferrada\/wp-json\/wp\/v2\/tags?post=1674"}],"curies":[{"name":"wp","href":"https:\/\/api.w.org\/{rel}","templated":true}]}}