{"id":1668,"date":"2026-02-26T10:53:00","date_gmt":"2026-02-26T10:53:00","guid":{"rendered":"https:\/\/agrupacionespsoe.es\/ponferrada\/?p=1668"},"modified":"2026-02-26T10:53:01","modified_gmt":"2026-02-26T10:53:01","slug":"el-grupo-socialista-alerta-del-aumento-de-danos-en-vehiculos-por-el-mal-estado-de-las-calles-y-exige-un-plan-serio-de-mantenimiento-urbano","status":"publish","type":"post","link":"https:\/\/agrupacionespsoe.es\/ponferrada\/el-grupo-socialista-alerta-del-aumento-de-danos-en-vehiculos-por-el-mal-estado-de-las-calles-y-exige-un-plan-serio-de-mantenimiento-urbano\/","title":{"rendered":"El Grupo Socialista alerta del aumento de da\u00f1os en veh\u00edculos por el mal estado de las calles y exige un plan serio de mantenimiento urbano"},"content":{"rendered":"\n<p>El Grupo Municipal Socialista en el Ayuntamiento de Ponferrada ha advertido en la Comisi\u00f3n de Seguridad Ciudadana, de las consecuencias directas que est\u00e1 teniendo el estado de abandono de las calles de la ciudad sobre la seguridad vial y el patrimonio de los vecinos.<\/p>\n\n\n\n<p>Durante la comisi\u00f3n, el Grupo Socialista ha preguntado al equipo de gobierno por el n\u00famero de expedientes abiertos por da\u00f1os en veh\u00edculos derivados de accidentes provocados por baches y calzadas en mal estado, as\u00ed como por el n\u00famero de reclamaciones de responsabilidad patrimonial presentadas por estos motivos.<\/p>\n\n\n\n<p>Desde el Grupo Socialista consideran especialmente preocupante que, ante esta situaci\u00f3n, la \u00fanica respuesta anunciada por el equipo de gobierno sea la tramitaci\u00f3n de un contrato menor para el arreglo puntual de baches, una medida que califican de claramente insuficiente.<\/p>\n\n\n\n<figure class=\"wp-block-image size-large\"><img loading=\"lazy\" decoding=\"async\" width=\"1024\" height=\"768\" src=\"https:\/\/agrupacionespsoe.es\/ponferrada\/wp-content\/uploads\/sites\/36\/2026\/02\/WhatsApp-Image-2026-02-26-at-11.45.57-1-1024x768.jpeg\" alt=\"\" class=\"wp-image-1670\" srcset=\"https:\/\/agrupacionespsoe.es\/ponferrada\/wp-content\/uploads\/sites\/36\/2026\/02\/WhatsApp-Image-2026-02-26-at-11.45.57-1-1024x768.jpeg 1024w, https:\/\/agrupacionespsoe.es\/ponferrada\/wp-content\/uploads\/sites\/36\/2026\/02\/WhatsApp-Image-2026-02-26-at-11.45.57-1-300x225.jpeg 300w, https:\/\/agrupacionespsoe.es\/ponferrada\/wp-content\/uploads\/sites\/36\/2026\/02\/WhatsApp-Image-2026-02-26-at-11.45.57-1-768x576.jpeg 768w, https:\/\/agrupacionespsoe.es\/ponferrada\/wp-content\/uploads\/sites\/36\/2026\/02\/WhatsApp-Image-2026-02-26-at-11.45.57-1-1536x1152.jpeg 1536w, https:\/\/agrupacionespsoe.es\/ponferrada\/wp-content\/uploads\/sites\/36\/2026\/02\/WhatsApp-Image-2026-02-26-at-11.45.57-1.jpeg 1600w\" sizes=\"auto, (max-width: 1024px) 100vw, 1024px\" \/><\/figure>\n\n\n\n<p>Desde el grupo socialista se se\u00f1ala que \u201cPonferrada no necesita parches ni anuncios efectistas. Anunciar que se han reparado 149 baches en dos d\u00edas no es una soluci\u00f3n sobre todo cuando visto el trabajo que se ha llevado a cabo en cuanto vuelva a llover esos mismos baches van a volver a aparecer\u201d.<\/p>\n\n\n\n<p>El Grupo Socialista recuerda que el deterioro del firme y de las aceras no solo genera molestias, sino que pone en riesgo la seguridad de conductores y peatones y acaba teniendo un coste econ\u00f3mico a\u00f1adido para el Ayuntamiento, derivado de las reclamaciones por da\u00f1os y accidentes que podr\u00edan evitarse con una pol\u00edtica de mantenimiento adecuada.<\/p>\n\n\n\n<p>Por ello, el Grupo Municipal Socialista exige al equipo de gobierno la puesta en marcha de un plan integral y estable de mejora y mantenimiento del viario urbano, con planificaci\u00f3n, presupuesto suficiente y criterios t\u00e9cnicos, que permita actuar de forma preventiva y no \u00fanicamente cuando los problemas ya son evidentes.<\/p>\n\n\n\n<p>El Grupo Socialista concluye se\u00f1alando que \u201clo que est\u00e1 ocurriendo es el reflejo de una gesti\u00f3n basada en la improvisaci\u00f3n. No se puede gobernar una ciudad a golpe de contrato menor mientras las calles se deterioran y los vecinos pagan las consecuencias, hab\u00eda que haber actuado antes y no cuando la ciudad est\u00e1 llena de baches y socavones\u201d.<\/p>\n\n\n\n<figure class=\"wp-block-image size-large\"><img loading=\"lazy\" decoding=\"async\" width=\"768\" height=\"1024\" src=\"https:\/\/agrupacionespsoe.es\/ponferrada\/wp-content\/uploads\/sites\/36\/2026\/02\/WhatsApp-Image-2026-02-26-at-11.45.59-768x1024.jpeg\" alt=\"\" class=\"wp-image-1669\" srcset=\"https:\/\/agrupacionespsoe.es\/ponferrada\/wp-content\/uploads\/sites\/36\/2026\/02\/WhatsApp-Image-2026-02-26-at-11.45.59-768x1024.jpeg 768w, https:\/\/agrupacionespsoe.es\/ponferrada\/wp-content\/uploads\/sites\/36\/2026\/02\/WhatsApp-Image-2026-02-26-at-11.45.59-225x300.jpeg 225w, https:\/\/agrupacionespsoe.es\/ponferrada\/wp-content\/uploads\/sites\/36\/2026\/02\/WhatsApp-Image-2026-02-26-at-11.45.59-1152x1536.jpeg 1152w, https:\/\/agrupacionespsoe.es\/ponferrada\/wp-content\/uploads\/sites\/36\/2026\/02\/WhatsApp-Image-2026-02-26-at-11.45.59.jpeg 1500w\" sizes=\"auto, (max-width: 768px) 100vw, 768px\" \/><\/figure>\n","protected":false},"excerpt":{"rendered":"<p>El Grupo Municipal Socialista en el Ayuntamiento de Ponferrada ha advertido en la Comisi\u00f3n de Seguridad Ciudadana, de las consecuencias directas que est\u00e1 teniendo el estado de abandono de las calles de la ciudad sobre la seguridad vial y el patrimonio de los vecinos. Durante la comisi\u00f3n, el Grupo Socialista ha preguntado al equipo de &#8230;<\/p>\n","protected":false},"author":32,"featured_media":1670,"comment_status":"open","ping_status":"open","sticky":false,"template":"","format":"standard","meta":{"_jetpack_memberships_contains_paid_content":false,"footnotes":""},"categories":[6],"tags":[],"class_list":["post-1668","post","type-post","status-publish","format-standard","has-post-thumbnail","hentry","category-actualidad"],"yoast_head":"<!-- This site is optimized with the Yoast SEO plugin v24.0 - https:\/\/yoast.com\/wordpress\/plugins\/seo\/ -->\n<title>El Grupo Socialista alerta del aumento de da\u00f1os en veh\u00edculos por el mal estado de las calles y exige un plan serio de mantenimiento urbano - Agrupaci\u00f3n Socialista de Ponferrada<\/title>\n<meta name=\"robots\" content=\"index, follow, max-snippet:-1, max-image-preview:large, max-video-preview:-1\" \/>\n<link rel=\"canonical\" href=\"https:\/\/agrupacionespsoe.es\/ponferrada\/el-grupo-socialista-alerta-del-aumento-de-danos-en-vehiculos-por-el-mal-estado-de-las-calles-y-exige-un-plan-serio-de-mantenimiento-urbano\/\" \/>\n<meta property=\"og:locale\" content=\"es_ES\" \/>\n<meta property=\"og:type\" content=\"article\" \/>\n<meta property=\"og:title\" content=\"El Grupo Socialista alerta del aumento de da\u00f1os en veh\u00edculos por el mal estado de las calles y exige un plan serio de mantenimiento urbano - Agrupaci\u00f3n Socialista de Ponferrada\" \/>\n<meta property=\"og:description\" content=\"El Grupo Municipal Socialista en el Ayuntamiento de Ponferrada ha advertido en la Comisi\u00f3n de Seguridad Ciudadana, de las consecuencias directas que est\u00e1 teniendo el estado de abandono de las calles de la ciudad sobre la seguridad vial y el patrimonio de los vecinos. Durante la comisi\u00f3n, el Grupo Socialista ha preguntado al equipo de ...\" \/>\n<meta property=\"og:url\" content=\"https:\/\/agrupacionespsoe.es\/ponferrada\/el-grupo-socialista-alerta-del-aumento-de-danos-en-vehiculos-por-el-mal-estado-de-las-calles-y-exige-un-plan-serio-de-mantenimiento-urbano\/\" \/>\n<meta property=\"og:site_name\" content=\"Agrupaci\u00f3n Socialista de Ponferrada\" \/>\n<meta property=\"article:published_time\" content=\"2026-02-26T10:53:00+00:00\" \/>\n<meta property=\"article:modified_time\" content=\"2026-02-26T10:53:01+00:00\" \/>\n<meta property=\"og:image\" content=\"https:\/\/agrupacionespsoe.es\/ponferrada\/wp-content\/uploads\/sites\/36\/2026\/02\/WhatsApp-Image-2026-02-26-at-11.45.57-1.jpeg\" \/>\n\t<meta property=\"og:image:width\" content=\"1600\" \/>\n\t<meta property=\"og:image:height\" content=\"1200\" \/>\n\t<meta property=\"og:image:type\" content=\"image\/jpeg\" \/>\n<meta name=\"author\" content=\"ponferrada2\" \/>\n<meta name=\"twitter:card\" content=\"summary_large_image\" \/>\n<meta name=\"twitter:label1\" content=\"Escrito por\" \/>\n\t<meta name=\"twitter:data1\" content=\"ponferrada2\" \/>\n\t<meta name=\"twitter:label2\" content=\"Tiempo de lectura\" \/>\n\t<meta name=\"twitter:data2\" content=\"3 minutos\" \/>\n<script type=\"application\/ld+json\" class=\"yoast-schema-graph\">{\"@context\":\"https:\/\/schema.org\",\"@graph\":[{\"@type\":\"Article\",\"@id\":\"https:\/\/agrupacionespsoe.es\/ponferrada\/el-grupo-socialista-alerta-del-aumento-de-danos-en-vehiculos-por-el-mal-estado-de-las-calles-y-exige-un-plan-serio-de-mantenimiento-urbano\/#article\",\"isPartOf\":{\"@id\":\"https:\/\/agrupacionespsoe.es\/ponferrada\/el-grupo-socialista-alerta-del-aumento-de-danos-en-vehiculos-por-el-mal-estado-de-las-calles-y-exige-un-plan-serio-de-mantenimiento-urbano\/\"},\"author\":{\"name\":\"ponferrada2\",\"@id\":\"https:\/\/agrupacionespsoe.es\/ponferrada\/#\/schema\/person\/cd29ee627f3b70c05d415f02596debaa\"},\"headline\":\"El Grupo Socialista alerta del aumento de da\u00f1os en veh\u00edculos por el mal estado de las calles y exige un plan serio de mantenimiento urbano\",\"datePublished\":\"2026-02-26T10:53:00+00:00\",\"dateModified\":\"2026-02-26T10:53:01+00:00\",\"mainEntityOfPage\":{\"@id\":\"https:\/\/agrupacionespsoe.es\/ponferrada\/el-grupo-socialista-alerta-del-aumento-de-danos-en-vehiculos-por-el-mal-estado-de-las-calles-y-exige-un-plan-serio-de-mantenimiento-urbano\/\"},\"wordCount\":395,\"commentCount\":0,\"publisher\":{\"@id\":\"https:\/\/agrupacionespsoe.es\/ponferrada\/#organization\"},\"image\":{\"@id\":\"https:\/\/agrupacionespsoe.es\/ponferrada\/el-grupo-socialista-alerta-del-aumento-de-danos-en-vehiculos-por-el-mal-estado-de-las-calles-y-exige-un-plan-serio-de-mantenimiento-urbano\/#primaryimage\"},\"thumbnailUrl\":\"https:\/\/agrupacionespsoe.es\/ponferrada\/wp-content\/uploads\/sites\/36\/2026\/02\/WhatsApp-Image-2026-02-26-at-11.45.57-1.jpeg\",\"articleSection\":[\"ACTUALIDAD\"],\"inLanguage\":\"es\",\"potentialAction\":[{\"@type\":\"CommentAction\",\"name\":\"Comment\",\"target\":[\"https:\/\/agrupacionespsoe.es\/ponferrada\/el-grupo-socialista-alerta-del-aumento-de-danos-en-vehiculos-por-el-mal-estado-de-las-calles-y-exige-un-plan-serio-de-mantenimiento-urbano\/#respond\"]}]},{\"@type\":\"WebPage\",\"@id\":\"https:\/\/agrupacionespsoe.es\/ponferrada\/el-grupo-socialista-alerta-del-aumento-de-danos-en-vehiculos-por-el-mal-estado-de-las-calles-y-exige-un-plan-serio-de-mantenimiento-urbano\/\",\"url\":\"https:\/\/agrupacionespsoe.es\/ponferrada\/el-grupo-socialista-alerta-del-aumento-de-danos-en-vehiculos-por-el-mal-estado-de-las-calles-y-exige-un-plan-serio-de-mantenimiento-urbano\/\",\"name\":\"El Grupo Socialista alerta del aumento de da\u00f1os en veh\u00edculos por el mal estado de las calles y exige un plan serio de mantenimiento urbano - Agrupaci\u00f3n Socialista de Ponferrada\",\"isPartOf\":{\"@id\":\"https:\/\/agrupacionespsoe.es\/ponferrada\/#website\"},\"primaryImageOfPage\":{\"@id\":\"https:\/\/agrupacionespsoe.es\/ponferrada\/el-grupo-socialista-alerta-del-aumento-de-danos-en-vehiculos-por-el-mal-estado-de-las-calles-y-exige-un-plan-serio-de-mantenimiento-urbano\/#primaryimage\"},\"image\":{\"@id\":\"https:\/\/agrupacionespsoe.es\/ponferrada\/el-grupo-socialista-alerta-del-aumento-de-danos-en-vehiculos-por-el-mal-estado-de-las-calles-y-exige-un-plan-serio-de-mantenimiento-urbano\/#primaryimage\"},\"thumbnailUrl\":\"https:\/\/agrupacionespsoe.es\/ponferrada\/wp-content\/uploads\/sites\/36\/2026\/02\/WhatsApp-Image-2026-02-26-at-11.45.57-1.jpeg\",\"datePublished\":\"2026-02-26T10:53:00+00:00\",\"dateModified\":\"2026-02-26T10:53:01+00:00\",\"breadcrumb\":{\"@id\":\"https:\/\/agrupacionespsoe.es\/ponferrada\/el-grupo-socialista-alerta-del-aumento-de-danos-en-vehiculos-por-el-mal-estado-de-las-calles-y-exige-un-plan-serio-de-mantenimiento-urbano\/#breadcrumb\"},\"inLanguage\":\"es\",\"potentialAction\":[{\"@type\":\"ReadAction\",\"target\":[\"https:\/\/agrupacionespsoe.es\/ponferrada\/el-grupo-socialista-alerta-del-aumento-de-danos-en-vehiculos-por-el-mal-estado-de-las-calles-y-exige-un-plan-serio-de-mantenimiento-urbano\/\"]}]},{\"@type\":\"ImageObject\",\"inLanguage\":\"es\",\"@id\":\"https:\/\/agrupacionespsoe.es\/ponferrada\/el-grupo-socialista-alerta-del-aumento-de-danos-en-vehiculos-por-el-mal-estado-de-las-calles-y-exige-un-plan-serio-de-mantenimiento-urbano\/#primaryimage\",\"url\":\"https:\/\/agrupacionespsoe.es\/ponferrada\/wp-content\/uploads\/sites\/36\/2026\/02\/WhatsApp-Image-2026-02-26-at-11.45.57-1.jpeg\",\"contentUrl\":\"https:\/\/agrupacionespsoe.es\/ponferrada\/wp-content\/uploads\/sites\/36\/2026\/02\/WhatsApp-Image-2026-02-26-at-11.45.57-1.jpeg\",\"width\":1600,\"height\":1200},{\"@type\":\"BreadcrumbList\",\"@id\":\"https:\/\/agrupacionespsoe.es\/ponferrada\/el-grupo-socialista-alerta-del-aumento-de-danos-en-vehiculos-por-el-mal-estado-de-las-calles-y-exige-un-plan-serio-de-mantenimiento-urbano\/#breadcrumb\",\"itemListElement\":[{\"@type\":\"ListItem\",\"position\":1,\"name\":\"Portada\",\"item\":\"https:\/\/agrupacionespsoe.es\/ponferrada\/\"},{\"@type\":\"ListItem\",\"position\":2,\"name\":\"El Grupo Socialista alerta del aumento de da\u00f1os en veh\u00edculos por el mal estado de las calles y exige un plan serio de mantenimiento urbano\"}]},{\"@type\":\"WebSite\",\"@id\":\"https:\/\/agrupacionespsoe.es\/ponferrada\/#website\",\"url\":\"https:\/\/agrupacionespsoe.es\/ponferrada\/\",\"name\":\"Agrupaci\u00f3n Socialista de Ponferrada\",\"description\":\"Agrupaci\u00f3n Socialista de Ponferrada\",\"publisher\":{\"@id\":\"https:\/\/agrupacionespsoe.es\/ponferrada\/#organization\"},\"potentialAction\":[{\"@type\":\"SearchAction\",\"target\":{\"@type\":\"EntryPoint\",\"urlTemplate\":\"https:\/\/agrupacionespsoe.es\/ponferrada\/?s={search_term_string}\"},\"query-input\":{\"@type\":\"PropertyValueSpecification\",\"valueRequired\":true,\"valueName\":\"search_term_string\"}}],\"inLanguage\":\"es\"},{\"@type\":\"Organization\",\"@id\":\"https:\/\/agrupacionespsoe.es\/ponferrada\/#organization\",\"name\":\"Agrupaci\u00f3n Socialista de Ponferrada\",\"url\":\"https:\/\/agrupacionespsoe.es\/ponferrada\/\",\"logo\":{\"@type\":\"ImageObject\",\"inLanguage\":\"es\",\"@id\":\"https:\/\/agrupacionespsoe.es\/ponferrada\/#\/schema\/logo\/image\/\",\"url\":\"https:\/\/agrupacionespsoe.es\/wp-content\/uploads\/2022\/07\/Logotipo_electoral_del_PSOE.png\",\"contentUrl\":\"https:\/\/agrupacionespsoe.es\/wp-content\/uploads\/2022\/07\/Logotipo_electoral_del_PSOE.png\",\"width\":422,\"height\":422,\"caption\":\"Agrupaci\u00f3n Socialista de Ponferrada\"},\"image\":{\"@id\":\"https:\/\/agrupacionespsoe.es\/ponferrada\/#\/schema\/logo\/image\/\"}},{\"@type\":\"Person\",\"@id\":\"https:\/\/agrupacionespsoe.es\/ponferrada\/#\/schema\/person\/cd29ee627f3b70c05d415f02596debaa\",\"name\":\"ponferrada2\",\"image\":{\"@type\":\"ImageObject\",\"inLanguage\":\"es\",\"@id\":\"https:\/\/agrupacionespsoe.es\/ponferrada\/#\/schema\/person\/image\/\",\"url\":\"https:\/\/secure.gravatar.com\/avatar\/f499eeb60144c664cf7b7edf75549b50?s=96&d=mm&r=g\",\"contentUrl\":\"https:\/\/secure.gravatar.com\/avatar\/f499eeb60144c664cf7b7edf75549b50?s=96&d=mm&r=g\",\"caption\":\"ponferrada2\"},\"url\":\"https:\/\/agrupacionespsoe.es\/ponferrada\/author\/ponferrada2\/\"}]}<\/script>\n<!-- \/ Yoast SEO plugin. -->","yoast_head_json":{"title":"El Grupo Socialista alerta del aumento de da\u00f1os en veh\u00edculos por el mal estado de las calles y exige un plan serio de mantenimiento urbano - Agrupaci\u00f3n Socialista de Ponferrada","robots":{"index":"index","follow":"follow","max-snippet":"max-snippet:-1","max-image-preview":"max-image-preview:large","max-video-preview":"max-video-preview:-1"},"canonical":"https:\/\/agrupacionespsoe.es\/ponferrada\/el-grupo-socialista-alerta-del-aumento-de-danos-en-vehiculos-por-el-mal-estado-de-las-calles-y-exige-un-plan-serio-de-mantenimiento-urbano\/","og_locale":"es_ES","og_type":"article","og_title":"El Grupo Socialista alerta del aumento de da\u00f1os en veh\u00edculos por el mal estado de las calles y exige un plan serio de mantenimiento urbano - Agrupaci\u00f3n Socialista de Ponferrada","og_description":"El Grupo Municipal Socialista en el Ayuntamiento de Ponferrada ha advertido en la Comisi\u00f3n de Seguridad Ciudadana, de las consecuencias directas que est\u00e1 teniendo el estado de abandono de las calles de la ciudad sobre la seguridad vial y el patrimonio de los vecinos. Durante la comisi\u00f3n, el Grupo Socialista ha preguntado al equipo de ...","og_url":"https:\/\/agrupacionespsoe.es\/ponferrada\/el-grupo-socialista-alerta-del-aumento-de-danos-en-vehiculos-por-el-mal-estado-de-las-calles-y-exige-un-plan-serio-de-mantenimiento-urbano\/","og_site_name":"Agrupaci\u00f3n Socialista de Ponferrada","article_published_time":"2026-02-26T10:53:00+00:00","article_modified_time":"2026-02-26T10:53:01+00:00","og_image":[{"width":1600,"height":1200,"url":"https:\/\/agrupacionespsoe.es\/ponferrada\/wp-content\/uploads\/sites\/36\/2026\/02\/WhatsApp-Image-2026-02-26-at-11.45.57-1.jpeg","type":"image\/jpeg"}],"author":"ponferrada2","twitter_card":"summary_large_image","twitter_misc":{"Escrito por":"ponferrada2","Tiempo de lectura":"3 minutos"},"schema":{"@context":"https:\/\/schema.org","@graph":[{"@type":"Article","@id":"https:\/\/agrupacionespsoe.es\/ponferrada\/el-grupo-socialista-alerta-del-aumento-de-danos-en-vehiculos-por-el-mal-estado-de-las-calles-y-exige-un-plan-serio-de-mantenimiento-urbano\/#article","isPartOf":{"@id":"https:\/\/agrupacionespsoe.es\/ponferrada\/el-grupo-socialista-alerta-del-aumento-de-danos-en-vehiculos-por-el-mal-estado-de-las-calles-y-exige-un-plan-serio-de-mantenimiento-urbano\/"},"author":{"name":"ponferrada2","@id":"https:\/\/agrupacionespsoe.es\/ponferrada\/#\/schema\/person\/cd29ee627f3b70c05d415f02596debaa"},"headline":"El Grupo Socialista alerta del aumento de da\u00f1os en veh\u00edculos por el mal estado de las calles y exige un plan serio de mantenimiento urbano","datePublished":"2026-02-26T10:53:00+00:00","dateModified":"2026-02-26T10:53:01+00:00","mainEntityOfPage":{"@id":"https:\/\/agrupacionespsoe.es\/ponferrada\/el-grupo-socialista-alerta-del-aumento-de-danos-en-vehiculos-por-el-mal-estado-de-las-calles-y-exige-un-plan-serio-de-mantenimiento-urbano\/"},"wordCount":395,"commentCount":0,"publisher":{"@id":"https:\/\/agrupacionespsoe.es\/ponferrada\/#organization"},"image":{"@id":"https:\/\/agrupacionespsoe.es\/ponferrada\/el-grupo-socialista-alerta-del-aumento-de-danos-en-vehiculos-por-el-mal-estado-de-las-calles-y-exige-un-plan-serio-de-mantenimiento-urbano\/#primaryimage"},"thumbnailUrl":"https:\/\/agrupacionespsoe.es\/ponferrada\/wp-content\/uploads\/sites\/36\/2026\/02\/WhatsApp-Image-2026-02-26-at-11.45.57-1.jpeg","articleSection":["ACTUALIDAD"],"inLanguage":"es","potentialAction":[{"@type":"CommentAction","name":"Comment","target":["https:\/\/agrupacionespsoe.es\/ponferrada\/el-grupo-socialista-alerta-del-aumento-de-danos-en-vehiculos-por-el-mal-estado-de-las-calles-y-exige-un-plan-serio-de-mantenimiento-urbano\/#respond"]}]},{"@type":"WebPage","@id":"https:\/\/agrupacionespsoe.es\/ponferrada\/el-grupo-socialista-alerta-del-aumento-de-danos-en-vehiculos-por-el-mal-estado-de-las-calles-y-exige-un-plan-serio-de-mantenimiento-urbano\/","url":"https:\/\/agrupacionespsoe.es\/ponferrada\/el-grupo-socialista-alerta-del-aumento-de-danos-en-vehiculos-por-el-mal-estado-de-las-calles-y-exige-un-plan-serio-de-mantenimiento-urbano\/","name":"El Grupo Socialista alerta del aumento de da\u00f1os en veh\u00edculos por el mal estado de las calles y exige un plan serio de mantenimiento urbano - Agrupaci\u00f3n Socialista de Ponferrada","isPartOf":{"@id":"https:\/\/agrupacionespsoe.es\/ponferrada\/#website"},"primaryImageOfPage":{"@id":"https:\/\/agrupacionespsoe.es\/ponferrada\/el-grupo-socialista-alerta-del-aumento-de-danos-en-vehiculos-por-el-mal-estado-de-las-calles-y-exige-un-plan-serio-de-mantenimiento-urbano\/#primaryimage"},"image":{"@id":"https:\/\/agrupacionespsoe.es\/ponferrada\/el-grupo-socialista-alerta-del-aumento-de-danos-en-vehiculos-por-el-mal-estado-de-las-calles-y-exige-un-plan-serio-de-mantenimiento-urbano\/#primaryimage"},"thumbnailUrl":"https:\/\/agrupacionespsoe.es\/ponferrada\/wp-content\/uploads\/sites\/36\/2026\/02\/WhatsApp-Image-2026-02-26-at-11.45.57-1.jpeg","datePublished":"2026-02-26T10:53:00+00:00","dateModified":"2026-02-26T10:53:01+00:00","breadcrumb":{"@id":"https:\/\/agrupacionespsoe.es\/ponferrada\/el-grupo-socialista-alerta-del-aumento-de-danos-en-vehiculos-por-el-mal-estado-de-las-calles-y-exige-un-plan-serio-de-mantenimiento-urbano\/#breadcrumb"},"inLanguage":"es","potentialAction":[{"@type":"ReadAction","target":["https:\/\/agrupacionespsoe.es\/ponferrada\/el-grupo-socialista-alerta-del-aumento-de-danos-en-vehiculos-por-el-mal-estado-de-las-calles-y-exige-un-plan-serio-de-mantenimiento-urbano\/"]}]},{"@type":"ImageObject","inLanguage":"es","@id":"https:\/\/agrupacionespsoe.es\/ponferrada\/el-grupo-socialista-alerta-del-aumento-de-danos-en-vehiculos-por-el-mal-estado-de-las-calles-y-exige-un-plan-serio-de-mantenimiento-urbano\/#primaryimage","url":"https:\/\/agrupacionespsoe.es\/ponferrada\/wp-content\/uploads\/sites\/36\/2026\/02\/WhatsApp-Image-2026-02-26-at-11.45.57-1.jpeg","contentUrl":"https:\/\/agrupacionespsoe.es\/ponferrada\/wp-content\/uploads\/sites\/36\/2026\/02\/WhatsApp-Image-2026-02-26-at-11.45.57-1.jpeg","width":1600,"height":1200},{"@type":"BreadcrumbList","@id":"https:\/\/agrupacionespsoe.es\/ponferrada\/el-grupo-socialista-alerta-del-aumento-de-danos-en-vehiculos-por-el-mal-estado-de-las-calles-y-exige-un-plan-serio-de-mantenimiento-urbano\/#breadcrumb","itemListElement":[{"@type":"ListItem","position":1,"name":"Portada","item":"https:\/\/agrupacionespsoe.es\/ponferrada\/"},{"@type":"ListItem","position":2,"name":"El Grupo Socialista alerta del aumento de da\u00f1os en veh\u00edculos por el mal estado de las calles y exige un plan serio de mantenimiento urbano"}]},{"@type":"WebSite","@id":"https:\/\/agrupacionespsoe.es\/ponferrada\/#website","url":"https:\/\/agrupacionespsoe.es\/ponferrada\/","name":"Agrupaci\u00f3n Socialista de Ponferrada","description":"Agrupaci\u00f3n Socialista de Ponferrada","publisher":{"@id":"https:\/\/agrupacionespsoe.es\/ponferrada\/#organization"},"potentialAction":[{"@type":"SearchAction","target":{"@type":"EntryPoint","urlTemplate":"https:\/\/agrupacionespsoe.es\/ponferrada\/?s={search_term_string}"},"query-input":{"@type":"PropertyValueSpecification","valueRequired":true,"valueName":"search_term_string"}}],"inLanguage":"es"},{"@type":"Organization","@id":"https:\/\/agrupacionespsoe.es\/ponferrada\/#organization","name":"Agrupaci\u00f3n Socialista de Ponferrada","url":"https:\/\/agrupacionespsoe.es\/ponferrada\/","logo":{"@type":"ImageObject","inLanguage":"es","@id":"https:\/\/agrupacionespsoe.es\/ponferrada\/#\/schema\/logo\/image\/","url":"https:\/\/agrupacionespsoe.es\/wp-content\/uploads\/2022\/07\/Logotipo_electoral_del_PSOE.png","contentUrl":"https:\/\/agrupacionespsoe.es\/wp-content\/uploads\/2022\/07\/Logotipo_electoral_del_PSOE.png","width":422,"height":422,"caption":"Agrupaci\u00f3n Socialista de Ponferrada"},"image":{"@id":"https:\/\/agrupacionespsoe.es\/ponferrada\/#\/schema\/logo\/image\/"}},{"@type":"Person","@id":"https:\/\/agrupacionespsoe.es\/ponferrada\/#\/schema\/person\/cd29ee627f3b70c05d415f02596debaa","name":"ponferrada2","image":{"@type":"ImageObject","inLanguage":"es","@id":"https:\/\/agrupacionespsoe.es\/ponferrada\/#\/schema\/person\/image\/","url":"https:\/\/secure.gravatar.com\/avatar\/f499eeb60144c664cf7b7edf75549b50?s=96&d=mm&r=g","contentUrl":"https:\/\/secure.gravatar.com\/avatar\/f499eeb60144c664cf7b7edf75549b50?s=96&d=mm&r=g","caption":"ponferrada2"},"url":"https:\/\/agrupacionespsoe.es\/ponferrada\/author\/ponferrada2\/"}]}},"jetpack_featured_media_url":"https:\/\/agrupacionespsoe.es\/ponferrada\/wp-content\/uploads\/sites\/36\/2026\/02\/WhatsApp-Image-2026-02-26-at-11.45.57-1.jpeg","jetpack_sharing_enabled":true,"_links":{"self":[{"href":"https:\/\/agrupacionespsoe.es\/ponferrada\/wp-json\/wp\/v2\/posts\/1668","targetHints":{"allow":["GET"]}}],"collection":[{"href":"https:\/\/agrupacionespsoe.es\/ponferrada\/wp-json\/wp\/v2\/posts"}],"about":[{"href":"https:\/\/agrupacionespsoe.es\/ponferrada\/wp-json\/wp\/v2\/types\/post"}],"author":[{"embeddable":true,"href":"https:\/\/agrupacionespsoe.es\/ponferrada\/wp-json\/wp\/v2\/users\/32"}],"replies":[{"embeddable":true,"href":"https:\/\/agrupacionespsoe.es\/ponferrada\/wp-json\/wp\/v2\/comments?post=1668"}],"version-history":[{"count":2,"href":"https:\/\/agrupacionespsoe.es\/ponferrada\/wp-json\/wp\/v2\/posts\/1668\/revisions"}],"predecessor-version":[{"id":1672,"href":"https:\/\/agrupacionespsoe.es\/ponferrada\/wp-json\/wp\/v2\/posts\/1668\/revisions\/1672"}],"wp:featuredmedia":[{"embeddable":true,"href":"https:\/\/agrupacionespsoe.es\/ponferrada\/wp-json\/wp\/v2\/media\/1670"}],"wp:attachment":[{"href":"https:\/\/agrupacionespsoe.es\/ponferrada\/wp-json\/wp\/v2\/media?parent=1668"}],"wp:term":[{"taxonomy":"category","embeddable":true,"href":"https:\/\/agrupacionespsoe.es\/ponferrada\/wp-json\/wp\/v2\/categories?post=1668"},{"taxonomy":"post_tag","embeddable":true,"href":"https:\/\/agrupacionespsoe.es\/ponferrada\/wp-json\/wp\/v2\/tags?post=1668"}],"curies":[{"name":"wp","href":"https:\/\/api.w.org\/{rel}","templated":true}]}}