{"id":1665,"date":"2026-02-25T11:14:44","date_gmt":"2026-02-25T11:14:44","guid":{"rendered":"https:\/\/agrupacionespsoe.es\/ponferrada\/?p=1665"},"modified":"2026-02-25T11:14:46","modified_gmt":"2026-02-25T11:14:46","slug":"la-subvencion-destinada-a-proyectos-de-turismo-sostenible-se-destina-a-un-albergue-privado-mientras-penalba-sigue-sin-banos-publicos","status":"publish","type":"post","link":"https:\/\/agrupacionespsoe.es\/ponferrada\/la-subvencion-destinada-a-proyectos-de-turismo-sostenible-se-destina-a-un-albergue-privado-mientras-penalba-sigue-sin-banos-publicos\/","title":{"rendered":"La subvenci\u00f3n destinada a proyectos de turismo sostenible se destina a un albergue privado mientras Pe\u00f1alba sigue sin ba\u00f1os p\u00fablicos"},"content":{"rendered":"\n<p>El Grupo Municipal Socialista en el Ayuntamiento de Ponferrada denuncia el uso de fondos p\u00fablicos procedentes de la subvenci\u00f3n de Transici\u00f3n Justa para inversiones en un albergue de gesti\u00f3n privada, mientras contin\u00faan sin atenderse necesidades b\u00e1sicas en enclaves tur\u00edsticos p\u00fablicos del municipio, como Pe\u00f1alba de Santiago.<\/p>\n\n\n\n<p>Seg\u00fan la documentaci\u00f3n revisada, del total de la subvenci\u00f3n concedida que asciende a 487.060 euros, se destinar\u00e1n 64.356,39 euros en 2026 y 24.853,90 euros en 2027 de la partida denominada &nbsp;mantenimiento y equipamiento de la Tebaida Berciana, un importe total que casi alcanza el 20% de la subvenci\u00f3n total que se va a invertir en el albergue de Montes de Valdueza, gestionado por la Fundaci\u00f3n Hospital de la Reina, es decir, van a invertir en un inmueble que no es p\u00fablico.<\/p>\n\n\n\n<p>Desde el grupo socialista ironizan se\u00f1alando que las partidas previstas para 2026 incluyen, cosas tan esenciales para el desarrollo y el conocimiento de la Tebaida como los 43.886,80 euros para suministro de mobiliario a medida. Los 2.150,67 euros en elementos de electricidad e iluminaci\u00f3n. Los 11.986,99 euros para sistemas audiovisuales o los 6.331,93 euros en mobiliario de cocina y electrodom\u00e9sticos.<\/p>\n\n\n\n<p>Desde el grupo socialista se\u00f1alan que \u201cestamos hablando de dinero p\u00fablico que se destina a mejorar instalaciones que no son municipales, mientras hay carencias evidentes en servicios p\u00fablicos esenciales que afectan directamente a la imagen tur\u00edstica y a la calidad de vida de los vecinos\u201d.<\/p>\n\n\n\n<p>Los socialistas recuerdan que Pe\u00f1alba de Santiago, uno de los principales referentes tur\u00edsticos del municipio y perteneciente a la asociaci\u00f3n de Los Pueblos M\u00e1s Bonitos de Espa\u00f1a, sigue sin contar con ba\u00f1os p\u00fablicos, una carencia denunciada reiteradamente y que lleg\u00f3 a motivar un requerimiento de dicha asociaci\u00f3n por el riesgo de perder esta distinci\u00f3n.<\/p>\n\n\n\n<p>A finales del a\u00f1o 2024 desde el equipo de gobierno ya se anunciaba un proyecto para la instalaci\u00f3n de esos ba\u00f1os p\u00fablicos y desde entonces ni PP ni CB han hecho nada por cumplir ese anuncio. Los socialistas se\u00f1alan que \u201ccon una cantidad parecida a la que ahora se destina a un albergue privado, el equipo de gobierno podr\u00eda haber resuelto definitivamente los ba\u00f1os p\u00fablicos de Pe\u00f1alba. Es una cuesti\u00f3n de prioridades: aqu\u00ed se ha optado por beneficiar a los de siempre en lugar de atender una necesidad del municipio\u201d, critican desde el Grupo Socialista.<\/p>\n\n\n\n<p>\u201cMientras se invierte en mobiliario, audiovisuales y equipamiento de un albergue privado, Pe\u00f1alba sigue recibiendo turistas sin un servicio b\u00e1sico como unos ba\u00f1os p\u00fablicos. Esa es la pol\u00edtica tur\u00edstica real del equipo de gobierno y del alcalde Morala.<\/p>\n\n\n\n<figure class=\"wp-block-image size-large\"><img loading=\"lazy\" decoding=\"async\" width=\"1024\" height=\"768\" src=\"https:\/\/agrupacionespsoe.es\/ponferrada\/wp-content\/uploads\/sites\/36\/2026\/01\/WhatsApp-Image-2026-01-16-at-09.17.26-edited-1024x768.jpeg\" alt=\"\" class=\"wp-image-1513\" srcset=\"https:\/\/agrupacionespsoe.es\/ponferrada\/wp-content\/uploads\/sites\/36\/2026\/01\/WhatsApp-Image-2026-01-16-at-09.17.26-edited-1024x768.jpeg 1024w, https:\/\/agrupacionespsoe.es\/ponferrada\/wp-content\/uploads\/sites\/36\/2026\/01\/WhatsApp-Image-2026-01-16-at-09.17.26-edited-300x225.jpeg 300w, https:\/\/agrupacionespsoe.es\/ponferrada\/wp-content\/uploads\/sites\/36\/2026\/01\/WhatsApp-Image-2026-01-16-at-09.17.26-edited-768x576.jpeg 768w, https:\/\/agrupacionespsoe.es\/ponferrada\/wp-content\/uploads\/sites\/36\/2026\/01\/WhatsApp-Image-2026-01-16-at-09.17.26-edited.jpeg 1365w\" sizes=\"auto, (max-width: 1024px) 100vw, 1024px\" \/><\/figure>\n","protected":false},"excerpt":{"rendered":"<p>El Grupo Municipal Socialista en el Ayuntamiento de Ponferrada denuncia el uso de fondos p\u00fablicos procedentes de la subvenci\u00f3n de Transici\u00f3n Justa para inversiones en un albergue de gesti\u00f3n privada, mientras contin\u00faan sin atenderse necesidades b\u00e1sicas en enclaves tur\u00edsticos p\u00fablicos del municipio, como Pe\u00f1alba de Santiago. Seg\u00fan la documentaci\u00f3n revisada, del total de la subvenci\u00f3n &#8230;<\/p>\n","protected":false},"author":32,"featured_media":1513,"comment_status":"open","ping_status":"open","sticky":false,"template":"","format":"standard","meta":{"_jetpack_memberships_contains_paid_content":false,"footnotes":""},"categories":[6],"tags":[],"class_list":["post-1665","post","type-post","status-publish","format-standard","has-post-thumbnail","hentry","category-actualidad"],"yoast_head":"<!-- This site is optimized with the Yoast SEO plugin v24.0 - https:\/\/yoast.com\/wordpress\/plugins\/seo\/ -->\n<title>La subvenci\u00f3n destinada a proyectos de turismo sostenible se destina a un albergue privado mientras Pe\u00f1alba sigue sin ba\u00f1os p\u00fablicos - Agrupaci\u00f3n Socialista de Ponferrada<\/title>\n<meta name=\"robots\" content=\"index, follow, max-snippet:-1, max-image-preview:large, max-video-preview:-1\" \/>\n<link rel=\"canonical\" href=\"https:\/\/agrupacionespsoe.es\/ponferrada\/la-subvencion-destinada-a-proyectos-de-turismo-sostenible-se-destina-a-un-albergue-privado-mientras-penalba-sigue-sin-banos-publicos\/\" \/>\n<meta property=\"og:locale\" content=\"es_ES\" \/>\n<meta property=\"og:type\" content=\"article\" \/>\n<meta property=\"og:title\" content=\"La subvenci\u00f3n destinada a proyectos de turismo sostenible se destina a un albergue privado mientras Pe\u00f1alba sigue sin ba\u00f1os p\u00fablicos - Agrupaci\u00f3n Socialista de Ponferrada\" \/>\n<meta property=\"og:description\" content=\"El Grupo Municipal Socialista en el Ayuntamiento de Ponferrada denuncia el uso de fondos p\u00fablicos procedentes de la subvenci\u00f3n de Transici\u00f3n Justa para inversiones en un albergue de gesti\u00f3n privada, mientras contin\u00faan sin atenderse necesidades b\u00e1sicas en enclaves tur\u00edsticos p\u00fablicos del municipio, como Pe\u00f1alba de Santiago. Seg\u00fan la documentaci\u00f3n revisada, del total de la subvenci\u00f3n ...\" \/>\n<meta property=\"og:url\" content=\"https:\/\/agrupacionespsoe.es\/ponferrada\/la-subvencion-destinada-a-proyectos-de-turismo-sostenible-se-destina-a-un-albergue-privado-mientras-penalba-sigue-sin-banos-publicos\/\" \/>\n<meta property=\"og:site_name\" content=\"Agrupaci\u00f3n Socialista de Ponferrada\" \/>\n<meta property=\"article:published_time\" content=\"2026-02-25T11:14:44+00:00\" \/>\n<meta property=\"article:modified_time\" content=\"2026-02-25T11:14:46+00:00\" \/>\n<meta property=\"og:image\" content=\"https:\/\/agrupacionespsoe.es\/ponferrada\/wp-content\/uploads\/sites\/36\/2026\/01\/WhatsApp-Image-2026-01-16-at-09.17.26-edited.jpeg\" \/>\n\t<meta property=\"og:image:width\" content=\"1365\" \/>\n\t<meta property=\"og:image:height\" content=\"1024\" \/>\n\t<meta property=\"og:image:type\" content=\"image\/jpeg\" \/>\n<meta name=\"author\" content=\"ponferrada2\" \/>\n<meta name=\"twitter:card\" content=\"summary_large_image\" \/>\n<meta name=\"twitter:label1\" content=\"Escrito por\" \/>\n\t<meta name=\"twitter:data1\" content=\"ponferrada2\" \/>\n\t<meta name=\"twitter:label2\" content=\"Tiempo de lectura\" \/>\n\t<meta name=\"twitter:data2\" content=\"3 minutos\" \/>\n<script type=\"application\/ld+json\" class=\"yoast-schema-graph\">{\"@context\":\"https:\/\/schema.org\",\"@graph\":[{\"@type\":\"Article\",\"@id\":\"https:\/\/agrupacionespsoe.es\/ponferrada\/la-subvencion-destinada-a-proyectos-de-turismo-sostenible-se-destina-a-un-albergue-privado-mientras-penalba-sigue-sin-banos-publicos\/#article\",\"isPartOf\":{\"@id\":\"https:\/\/agrupacionespsoe.es\/ponferrada\/la-subvencion-destinada-a-proyectos-de-turismo-sostenible-se-destina-a-un-albergue-privado-mientras-penalba-sigue-sin-banos-publicos\/\"},\"author\":{\"name\":\"ponferrada2\",\"@id\":\"https:\/\/agrupacionespsoe.es\/ponferrada\/#\/schema\/person\/cd29ee627f3b70c05d415f02596debaa\"},\"headline\":\"La subvenci\u00f3n destinada a proyectos de turismo sostenible se destina a un albergue privado mientras Pe\u00f1alba sigue sin ba\u00f1os p\u00fablicos\",\"datePublished\":\"2026-02-25T11:14:44+00:00\",\"dateModified\":\"2026-02-25T11:14:46+00:00\",\"mainEntityOfPage\":{\"@id\":\"https:\/\/agrupacionespsoe.es\/ponferrada\/la-subvencion-destinada-a-proyectos-de-turismo-sostenible-se-destina-a-un-albergue-privado-mientras-penalba-sigue-sin-banos-publicos\/\"},\"wordCount\":480,\"commentCount\":0,\"publisher\":{\"@id\":\"https:\/\/agrupacionespsoe.es\/ponferrada\/#organization\"},\"image\":{\"@id\":\"https:\/\/agrupacionespsoe.es\/ponferrada\/la-subvencion-destinada-a-proyectos-de-turismo-sostenible-se-destina-a-un-albergue-privado-mientras-penalba-sigue-sin-banos-publicos\/#primaryimage\"},\"thumbnailUrl\":\"https:\/\/agrupacionespsoe.es\/ponferrada\/wp-content\/uploads\/sites\/36\/2026\/01\/WhatsApp-Image-2026-01-16-at-09.17.26-edited.jpeg\",\"articleSection\":[\"ACTUALIDAD\"],\"inLanguage\":\"es\",\"potentialAction\":[{\"@type\":\"CommentAction\",\"name\":\"Comment\",\"target\":[\"https:\/\/agrupacionespsoe.es\/ponferrada\/la-subvencion-destinada-a-proyectos-de-turismo-sostenible-se-destina-a-un-albergue-privado-mientras-penalba-sigue-sin-banos-publicos\/#respond\"]}]},{\"@type\":\"WebPage\",\"@id\":\"https:\/\/agrupacionespsoe.es\/ponferrada\/la-subvencion-destinada-a-proyectos-de-turismo-sostenible-se-destina-a-un-albergue-privado-mientras-penalba-sigue-sin-banos-publicos\/\",\"url\":\"https:\/\/agrupacionespsoe.es\/ponferrada\/la-subvencion-destinada-a-proyectos-de-turismo-sostenible-se-destina-a-un-albergue-privado-mientras-penalba-sigue-sin-banos-publicos\/\",\"name\":\"La subvenci\u00f3n destinada a proyectos de turismo sostenible se destina a un albergue privado mientras Pe\u00f1alba sigue sin ba\u00f1os p\u00fablicos - Agrupaci\u00f3n Socialista de Ponferrada\",\"isPartOf\":{\"@id\":\"https:\/\/agrupacionespsoe.es\/ponferrada\/#website\"},\"primaryImageOfPage\":{\"@id\":\"https:\/\/agrupacionespsoe.es\/ponferrada\/la-subvencion-destinada-a-proyectos-de-turismo-sostenible-se-destina-a-un-albergue-privado-mientras-penalba-sigue-sin-banos-publicos\/#primaryimage\"},\"image\":{\"@id\":\"https:\/\/agrupacionespsoe.es\/ponferrada\/la-subvencion-destinada-a-proyectos-de-turismo-sostenible-se-destina-a-un-albergue-privado-mientras-penalba-sigue-sin-banos-publicos\/#primaryimage\"},\"thumbnailUrl\":\"https:\/\/agrupacionespsoe.es\/ponferrada\/wp-content\/uploads\/sites\/36\/2026\/01\/WhatsApp-Image-2026-01-16-at-09.17.26-edited.jpeg\",\"datePublished\":\"2026-02-25T11:14:44+00:00\",\"dateModified\":\"2026-02-25T11:14:46+00:00\",\"breadcrumb\":{\"@id\":\"https:\/\/agrupacionespsoe.es\/ponferrada\/la-subvencion-destinada-a-proyectos-de-turismo-sostenible-se-destina-a-un-albergue-privado-mientras-penalba-sigue-sin-banos-publicos\/#breadcrumb\"},\"inLanguage\":\"es\",\"potentialAction\":[{\"@type\":\"ReadAction\",\"target\":[\"https:\/\/agrupacionespsoe.es\/ponferrada\/la-subvencion-destinada-a-proyectos-de-turismo-sostenible-se-destina-a-un-albergue-privado-mientras-penalba-sigue-sin-banos-publicos\/\"]}]},{\"@type\":\"ImageObject\",\"inLanguage\":\"es\",\"@id\":\"https:\/\/agrupacionespsoe.es\/ponferrada\/la-subvencion-destinada-a-proyectos-de-turismo-sostenible-se-destina-a-un-albergue-privado-mientras-penalba-sigue-sin-banos-publicos\/#primaryimage\",\"url\":\"https:\/\/agrupacionespsoe.es\/ponferrada\/wp-content\/uploads\/sites\/36\/2026\/01\/WhatsApp-Image-2026-01-16-at-09.17.26-edited.jpeg\",\"contentUrl\":\"https:\/\/agrupacionespsoe.es\/ponferrada\/wp-content\/uploads\/sites\/36\/2026\/01\/WhatsApp-Image-2026-01-16-at-09.17.26-edited.jpeg\",\"width\":1365,\"height\":1024},{\"@type\":\"BreadcrumbList\",\"@id\":\"https:\/\/agrupacionespsoe.es\/ponferrada\/la-subvencion-destinada-a-proyectos-de-turismo-sostenible-se-destina-a-un-albergue-privado-mientras-penalba-sigue-sin-banos-publicos\/#breadcrumb\",\"itemListElement\":[{\"@type\":\"ListItem\",\"position\":1,\"name\":\"Portada\",\"item\":\"https:\/\/agrupacionespsoe.es\/ponferrada\/\"},{\"@type\":\"ListItem\",\"position\":2,\"name\":\"La subvenci\u00f3n destinada a proyectos de turismo sostenible se destina a un albergue privado mientras Pe\u00f1alba sigue sin ba\u00f1os p\u00fablicos\"}]},{\"@type\":\"WebSite\",\"@id\":\"https:\/\/agrupacionespsoe.es\/ponferrada\/#website\",\"url\":\"https:\/\/agrupacionespsoe.es\/ponferrada\/\",\"name\":\"Agrupaci\u00f3n Socialista de Ponferrada\",\"description\":\"Agrupaci\u00f3n Socialista de Ponferrada\",\"publisher\":{\"@id\":\"https:\/\/agrupacionespsoe.es\/ponferrada\/#organization\"},\"potentialAction\":[{\"@type\":\"SearchAction\",\"target\":{\"@type\":\"EntryPoint\",\"urlTemplate\":\"https:\/\/agrupacionespsoe.es\/ponferrada\/?s={search_term_string}\"},\"query-input\":{\"@type\":\"PropertyValueSpecification\",\"valueRequired\":true,\"valueName\":\"search_term_string\"}}],\"inLanguage\":\"es\"},{\"@type\":\"Organization\",\"@id\":\"https:\/\/agrupacionespsoe.es\/ponferrada\/#organization\",\"name\":\"Agrupaci\u00f3n Socialista de Ponferrada\",\"url\":\"https:\/\/agrupacionespsoe.es\/ponferrada\/\",\"logo\":{\"@type\":\"ImageObject\",\"inLanguage\":\"es\",\"@id\":\"https:\/\/agrupacionespsoe.es\/ponferrada\/#\/schema\/logo\/image\/\",\"url\":\"https:\/\/agrupacionespsoe.es\/wp-content\/uploads\/2022\/07\/Logotipo_electoral_del_PSOE.png\",\"contentUrl\":\"https:\/\/agrupacionespsoe.es\/wp-content\/uploads\/2022\/07\/Logotipo_electoral_del_PSOE.png\",\"width\":422,\"height\":422,\"caption\":\"Agrupaci\u00f3n Socialista de Ponferrada\"},\"image\":{\"@id\":\"https:\/\/agrupacionespsoe.es\/ponferrada\/#\/schema\/logo\/image\/\"}},{\"@type\":\"Person\",\"@id\":\"https:\/\/agrupacionespsoe.es\/ponferrada\/#\/schema\/person\/cd29ee627f3b70c05d415f02596debaa\",\"name\":\"ponferrada2\",\"image\":{\"@type\":\"ImageObject\",\"inLanguage\":\"es\",\"@id\":\"https:\/\/agrupacionespsoe.es\/ponferrada\/#\/schema\/person\/image\/\",\"url\":\"https:\/\/secure.gravatar.com\/avatar\/f499eeb60144c664cf7b7edf75549b50?s=96&d=mm&r=g\",\"contentUrl\":\"https:\/\/secure.gravatar.com\/avatar\/f499eeb60144c664cf7b7edf75549b50?s=96&d=mm&r=g\",\"caption\":\"ponferrada2\"},\"url\":\"https:\/\/agrupacionespsoe.es\/ponferrada\/author\/ponferrada2\/\"}]}<\/script>\n<!-- \/ Yoast SEO plugin. -->","yoast_head_json":{"title":"La subvenci\u00f3n destinada a proyectos de turismo sostenible se destina a un albergue privado mientras Pe\u00f1alba sigue sin ba\u00f1os p\u00fablicos - Agrupaci\u00f3n Socialista de Ponferrada","robots":{"index":"index","follow":"follow","max-snippet":"max-snippet:-1","max-image-preview":"max-image-preview:large","max-video-preview":"max-video-preview:-1"},"canonical":"https:\/\/agrupacionespsoe.es\/ponferrada\/la-subvencion-destinada-a-proyectos-de-turismo-sostenible-se-destina-a-un-albergue-privado-mientras-penalba-sigue-sin-banos-publicos\/","og_locale":"es_ES","og_type":"article","og_title":"La subvenci\u00f3n destinada a proyectos de turismo sostenible se destina a un albergue privado mientras Pe\u00f1alba sigue sin ba\u00f1os p\u00fablicos - Agrupaci\u00f3n Socialista de Ponferrada","og_description":"El Grupo Municipal Socialista en el Ayuntamiento de Ponferrada denuncia el uso de fondos p\u00fablicos procedentes de la subvenci\u00f3n de Transici\u00f3n Justa para inversiones en un albergue de gesti\u00f3n privada, mientras contin\u00faan sin atenderse necesidades b\u00e1sicas en enclaves tur\u00edsticos p\u00fablicos del municipio, como Pe\u00f1alba de Santiago. Seg\u00fan la documentaci\u00f3n revisada, del total de la subvenci\u00f3n ...","og_url":"https:\/\/agrupacionespsoe.es\/ponferrada\/la-subvencion-destinada-a-proyectos-de-turismo-sostenible-se-destina-a-un-albergue-privado-mientras-penalba-sigue-sin-banos-publicos\/","og_site_name":"Agrupaci\u00f3n Socialista de Ponferrada","article_published_time":"2026-02-25T11:14:44+00:00","article_modified_time":"2026-02-25T11:14:46+00:00","og_image":[{"width":1365,"height":1024,"url":"https:\/\/agrupacionespsoe.es\/ponferrada\/wp-content\/uploads\/sites\/36\/2026\/01\/WhatsApp-Image-2026-01-16-at-09.17.26-edited.jpeg","type":"image\/jpeg"}],"author":"ponferrada2","twitter_card":"summary_large_image","twitter_misc":{"Escrito por":"ponferrada2","Tiempo de lectura":"3 minutos"},"schema":{"@context":"https:\/\/schema.org","@graph":[{"@type":"Article","@id":"https:\/\/agrupacionespsoe.es\/ponferrada\/la-subvencion-destinada-a-proyectos-de-turismo-sostenible-se-destina-a-un-albergue-privado-mientras-penalba-sigue-sin-banos-publicos\/#article","isPartOf":{"@id":"https:\/\/agrupacionespsoe.es\/ponferrada\/la-subvencion-destinada-a-proyectos-de-turismo-sostenible-se-destina-a-un-albergue-privado-mientras-penalba-sigue-sin-banos-publicos\/"},"author":{"name":"ponferrada2","@id":"https:\/\/agrupacionespsoe.es\/ponferrada\/#\/schema\/person\/cd29ee627f3b70c05d415f02596debaa"},"headline":"La subvenci\u00f3n destinada a proyectos de turismo sostenible se destina a un albergue privado mientras Pe\u00f1alba sigue sin ba\u00f1os p\u00fablicos","datePublished":"2026-02-25T11:14:44+00:00","dateModified":"2026-02-25T11:14:46+00:00","mainEntityOfPage":{"@id":"https:\/\/agrupacionespsoe.es\/ponferrada\/la-subvencion-destinada-a-proyectos-de-turismo-sostenible-se-destina-a-un-albergue-privado-mientras-penalba-sigue-sin-banos-publicos\/"},"wordCount":480,"commentCount":0,"publisher":{"@id":"https:\/\/agrupacionespsoe.es\/ponferrada\/#organization"},"image":{"@id":"https:\/\/agrupacionespsoe.es\/ponferrada\/la-subvencion-destinada-a-proyectos-de-turismo-sostenible-se-destina-a-un-albergue-privado-mientras-penalba-sigue-sin-banos-publicos\/#primaryimage"},"thumbnailUrl":"https:\/\/agrupacionespsoe.es\/ponferrada\/wp-content\/uploads\/sites\/36\/2026\/01\/WhatsApp-Image-2026-01-16-at-09.17.26-edited.jpeg","articleSection":["ACTUALIDAD"],"inLanguage":"es","potentialAction":[{"@type":"CommentAction","name":"Comment","target":["https:\/\/agrupacionespsoe.es\/ponferrada\/la-subvencion-destinada-a-proyectos-de-turismo-sostenible-se-destina-a-un-albergue-privado-mientras-penalba-sigue-sin-banos-publicos\/#respond"]}]},{"@type":"WebPage","@id":"https:\/\/agrupacionespsoe.es\/ponferrada\/la-subvencion-destinada-a-proyectos-de-turismo-sostenible-se-destina-a-un-albergue-privado-mientras-penalba-sigue-sin-banos-publicos\/","url":"https:\/\/agrupacionespsoe.es\/ponferrada\/la-subvencion-destinada-a-proyectos-de-turismo-sostenible-se-destina-a-un-albergue-privado-mientras-penalba-sigue-sin-banos-publicos\/","name":"La subvenci\u00f3n destinada a proyectos de turismo sostenible se destina a un albergue privado mientras Pe\u00f1alba sigue sin ba\u00f1os p\u00fablicos - Agrupaci\u00f3n Socialista de Ponferrada","isPartOf":{"@id":"https:\/\/agrupacionespsoe.es\/ponferrada\/#website"},"primaryImageOfPage":{"@id":"https:\/\/agrupacionespsoe.es\/ponferrada\/la-subvencion-destinada-a-proyectos-de-turismo-sostenible-se-destina-a-un-albergue-privado-mientras-penalba-sigue-sin-banos-publicos\/#primaryimage"},"image":{"@id":"https:\/\/agrupacionespsoe.es\/ponferrada\/la-subvencion-destinada-a-proyectos-de-turismo-sostenible-se-destina-a-un-albergue-privado-mientras-penalba-sigue-sin-banos-publicos\/#primaryimage"},"thumbnailUrl":"https:\/\/agrupacionespsoe.es\/ponferrada\/wp-content\/uploads\/sites\/36\/2026\/01\/WhatsApp-Image-2026-01-16-at-09.17.26-edited.jpeg","datePublished":"2026-02-25T11:14:44+00:00","dateModified":"2026-02-25T11:14:46+00:00","breadcrumb":{"@id":"https:\/\/agrupacionespsoe.es\/ponferrada\/la-subvencion-destinada-a-proyectos-de-turismo-sostenible-se-destina-a-un-albergue-privado-mientras-penalba-sigue-sin-banos-publicos\/#breadcrumb"},"inLanguage":"es","potentialAction":[{"@type":"ReadAction","target":["https:\/\/agrupacionespsoe.es\/ponferrada\/la-subvencion-destinada-a-proyectos-de-turismo-sostenible-se-destina-a-un-albergue-privado-mientras-penalba-sigue-sin-banos-publicos\/"]}]},{"@type":"ImageObject","inLanguage":"es","@id":"https:\/\/agrupacionespsoe.es\/ponferrada\/la-subvencion-destinada-a-proyectos-de-turismo-sostenible-se-destina-a-un-albergue-privado-mientras-penalba-sigue-sin-banos-publicos\/#primaryimage","url":"https:\/\/agrupacionespsoe.es\/ponferrada\/wp-content\/uploads\/sites\/36\/2026\/01\/WhatsApp-Image-2026-01-16-at-09.17.26-edited.jpeg","contentUrl":"https:\/\/agrupacionespsoe.es\/ponferrada\/wp-content\/uploads\/sites\/36\/2026\/01\/WhatsApp-Image-2026-01-16-at-09.17.26-edited.jpeg","width":1365,"height":1024},{"@type":"BreadcrumbList","@id":"https:\/\/agrupacionespsoe.es\/ponferrada\/la-subvencion-destinada-a-proyectos-de-turismo-sostenible-se-destina-a-un-albergue-privado-mientras-penalba-sigue-sin-banos-publicos\/#breadcrumb","itemListElement":[{"@type":"ListItem","position":1,"name":"Portada","item":"https:\/\/agrupacionespsoe.es\/ponferrada\/"},{"@type":"ListItem","position":2,"name":"La subvenci\u00f3n destinada a proyectos de turismo sostenible se destina a un albergue privado mientras Pe\u00f1alba sigue sin ba\u00f1os p\u00fablicos"}]},{"@type":"WebSite","@id":"https:\/\/agrupacionespsoe.es\/ponferrada\/#website","url":"https:\/\/agrupacionespsoe.es\/ponferrada\/","name":"Agrupaci\u00f3n Socialista de Ponferrada","description":"Agrupaci\u00f3n Socialista de Ponferrada","publisher":{"@id":"https:\/\/agrupacionespsoe.es\/ponferrada\/#organization"},"potentialAction":[{"@type":"SearchAction","target":{"@type":"EntryPoint","urlTemplate":"https:\/\/agrupacionespsoe.es\/ponferrada\/?s={search_term_string}"},"query-input":{"@type":"PropertyValueSpecification","valueRequired":true,"valueName":"search_term_string"}}],"inLanguage":"es"},{"@type":"Organization","@id":"https:\/\/agrupacionespsoe.es\/ponferrada\/#organization","name":"Agrupaci\u00f3n Socialista de Ponferrada","url":"https:\/\/agrupacionespsoe.es\/ponferrada\/","logo":{"@type":"ImageObject","inLanguage":"es","@id":"https:\/\/agrupacionespsoe.es\/ponferrada\/#\/schema\/logo\/image\/","url":"https:\/\/agrupacionespsoe.es\/wp-content\/uploads\/2022\/07\/Logotipo_electoral_del_PSOE.png","contentUrl":"https:\/\/agrupacionespsoe.es\/wp-content\/uploads\/2022\/07\/Logotipo_electoral_del_PSOE.png","width":422,"height":422,"caption":"Agrupaci\u00f3n Socialista de Ponferrada"},"image":{"@id":"https:\/\/agrupacionespsoe.es\/ponferrada\/#\/schema\/logo\/image\/"}},{"@type":"Person","@id":"https:\/\/agrupacionespsoe.es\/ponferrada\/#\/schema\/person\/cd29ee627f3b70c05d415f02596debaa","name":"ponferrada2","image":{"@type":"ImageObject","inLanguage":"es","@id":"https:\/\/agrupacionespsoe.es\/ponferrada\/#\/schema\/person\/image\/","url":"https:\/\/secure.gravatar.com\/avatar\/f499eeb60144c664cf7b7edf75549b50?s=96&d=mm&r=g","contentUrl":"https:\/\/secure.gravatar.com\/avatar\/f499eeb60144c664cf7b7edf75549b50?s=96&d=mm&r=g","caption":"ponferrada2"},"url":"https:\/\/agrupacionespsoe.es\/ponferrada\/author\/ponferrada2\/"}]}},"jetpack_featured_media_url":"https:\/\/agrupacionespsoe.es\/ponferrada\/wp-content\/uploads\/sites\/36\/2026\/01\/WhatsApp-Image-2026-01-16-at-09.17.26-edited.jpeg","jetpack_sharing_enabled":true,"_links":{"self":[{"href":"https:\/\/agrupacionespsoe.es\/ponferrada\/wp-json\/wp\/v2\/posts\/1665","targetHints":{"allow":["GET"]}}],"collection":[{"href":"https:\/\/agrupacionespsoe.es\/ponferrada\/wp-json\/wp\/v2\/posts"}],"about":[{"href":"https:\/\/agrupacionespsoe.es\/ponferrada\/wp-json\/wp\/v2\/types\/post"}],"author":[{"embeddable":true,"href":"https:\/\/agrupacionespsoe.es\/ponferrada\/wp-json\/wp\/v2\/users\/32"}],"replies":[{"embeddable":true,"href":"https:\/\/agrupacionespsoe.es\/ponferrada\/wp-json\/wp\/v2\/comments?post=1665"}],"version-history":[{"count":2,"href":"https:\/\/agrupacionespsoe.es\/ponferrada\/wp-json\/wp\/v2\/posts\/1665\/revisions"}],"predecessor-version":[{"id":1667,"href":"https:\/\/agrupacionespsoe.es\/ponferrada\/wp-json\/wp\/v2\/posts\/1665\/revisions\/1667"}],"wp:featuredmedia":[{"embeddable":true,"href":"https:\/\/agrupacionespsoe.es\/ponferrada\/wp-json\/wp\/v2\/media\/1513"}],"wp:attachment":[{"href":"https:\/\/agrupacionespsoe.es\/ponferrada\/wp-json\/wp\/v2\/media?parent=1665"}],"wp:term":[{"taxonomy":"category","embeddable":true,"href":"https:\/\/agrupacionespsoe.es\/ponferrada\/wp-json\/wp\/v2\/categories?post=1665"},{"taxonomy":"post_tag","embeddable":true,"href":"https:\/\/agrupacionespsoe.es\/ponferrada\/wp-json\/wp\/v2\/tags?post=1665"}],"curies":[{"name":"wp","href":"https:\/\/api.w.org\/{rel}","templated":true}]}}