{"id":1661,"date":"2026-02-24T12:10:42","date_gmt":"2026-02-24T12:10:42","guid":{"rendered":"https:\/\/agrupacionespsoe.es\/ponferrada\/?p=1661"},"modified":"2026-02-24T12:10:43","modified_gmt":"2026-02-24T12:10:43","slug":"el-pp-una-gestion-economica-nefasta-derroche-improductivo-e-improvisacion-sus-senas-de-identidad","status":"publish","type":"post","link":"https:\/\/agrupacionespsoe.es\/ponferrada\/el-pp-una-gestion-economica-nefasta-derroche-improductivo-e-improvisacion-sus-senas-de-identidad\/","title":{"rendered":"El PP una gesti\u00f3n econ\u00f3mica nefasta, derroche improductivo e improvisaci\u00f3n sus se\u00f1as de identidad"},"content":{"rendered":"\n<p>El Grupo Municipal Socialista de Ponferrada ha comparecido este martes tras la Comisi\u00f3n de Hacienda para analizar la liquidaci\u00f3n del cuarto trimestre del ejercicio 2025, cuyos resultados \u2014seg\u00fan han se\u00f1alado\u2014 confirman todas las advertencias que el PSOE viene realizando desde hace meses sobre la mala gesti\u00f3n econ\u00f3mica del actual equipo de gobierno.<\/p>\n\n\n\n<p>El portavoz socialista, Olegario Ram\u00f3n, ha se\u00f1alado que los datos conocidos hoy evidencian \u201cuna situaci\u00f3n muy complicada\u201d y reflejan un gobierno marcado por los incumplimientos: incumplimientos del programa electoral, del acuerdo de gobierno y tambi\u00e9n del compromiso alcanzado con el PSOE para permitir la aprobaci\u00f3n del presupuesto de 2024, un requisito que \u2014ha subrayado\u2014 sigue siendo imprescindible para desbloquear cualquier futura negociaci\u00f3n.<\/p>\n\n\n\n<p>Ram\u00f3n ha recordado algunas de las promesas que no se han materializado, como el soterramiento, la bajada de impuestos, las inversiones anunciadas en la Ronda Sur, Encelino, el cubrimiento del auditorio, el Morredero o las viviendas sociales. Asimismo, ha denunciado un modelo de \u201curbanismo a la carta\u201d, citando como ejemplo el paso de las subastas de suelo de La Rosaleda a la casi cesi\u00f3n de un solar p\u00fablico como el del cuartel de la Guardia Civil a una empresa privada.<\/p>\n\n\n\n<p>El portavoz socialista ha advertido adem\u00e1s de la herencia econ\u00f3mica que dejar\u00e1 el actual gobierno municipal, con una deuda \u201cmultimillonaria\u201d basada principalmente en dos grandes contratos: el de la basura y el del agua. Una deuda que, seg\u00fan ha se\u00f1alado, podr\u00eda superar ampliamente los 10 millones de euros y que condicionar\u00e1 gravemente la gesti\u00f3n futura del Ayuntamiento, \u201cdejando al pr\u00f3ximo equipo de gobierno atado de manos y pies\u201d.<\/p>\n\n\n\n<p>Por su parte, la concejala socialista Mabel Fern\u00e1ndez ha centrado su intervenci\u00f3n en el an\u00e1lisis t\u00e9cnico de la liquidaci\u00f3n presentada en la Comisi\u00f3n de Hacienda, se\u00f1alando que el Ayuntamiento de Ponferrada incumple nuevamente los principios de sostenibilidad financiera y la regla de gasto, una situaci\u00f3n que \u2014ha indicado\u2014 se repite desde el inicio del mandato del PP.<\/p>\n\n\n\n<p>Fern\u00e1ndez ha recordado que ya en la liquidaci\u00f3n del presupuesto de 2023 los informes de los servicios econ\u00f3micos advert\u00edan de un aumento del gasto superior a los cuatro millones de euros y de un d\u00e9ficit de 2,6 millones, al haberse gastado por encima de los ingresos. \u201cDesde entonces hemos preguntado reiteradamente qu\u00e9 medidas se iban a tomar para corregir esta situaci\u00f3n\u201d, ha se\u00f1alado.<\/p>\n\n\n\n<p>En julio de 2025 se aprob\u00f3 un Plan Econ\u00f3mico-Financiero, que cont\u00f3 con el apoyo del PSOE, con el objetivo de reconducir la situaci\u00f3n. Dicho plan obligaba a reducir el gasto corriente y a limitar el uso de contratos menores, una f\u00f3rmula que, seg\u00fan los socialistas, permite gastar con escaso control y menor transparencia. Sin embargo, los datos actuales demuestran que ese plan no ha sido suficiente ni se ha cumplido en sus objetivos.<\/p>\n\n\n\n<p>La liquidaci\u00f3n del cuarto trimestre de 2025 revela, adem\u00e1s, un hecho especialmente grave: el Ayuntamiento no cumple la estabilidad presupuestaria y presenta remanentes de tesorer\u00eda ajustados negativos. Esto significa \u2014ha explicado Fern\u00e1ndez\u2014 que, a corto plazo, el Ayuntamiento no podr\u00eda hacer frente a sus deudas con recursos propios, lo que pone en cuesti\u00f3n su solvencia inmediata.<\/p>\n\n\n\n<p>En este contexto, el equipo de gobierno ha planteado una modificaci\u00f3n presupuestaria que propone dejar de devolver deuda por valor de aproximadamente 1,6 millones de euros para ganar liquidez. Una decisi\u00f3n que, seg\u00fan el PSOE, agrava a\u00fan m\u00e1s la situaci\u00f3n y compromete el plan presupuestario 2024-2026 aprobado previamente.<\/p>\n\n\n\n<p>Desde el Grupo Socialista advierten de que este no es un problema puntual, sino estructural, que afecta a la sostenibilidad financiera futura del Ayuntamiento y compromete la prestaci\u00f3n de servicios, las inversiones y el margen de maniobra de los pr\u00f3ximos a\u00f1os. \u201cTodo apunta a que ser\u00e1 necesario un nuevo plan de ajuste, como ya ocurri\u00f3 en el pasado\u201d, han se\u00f1alado.<\/p>\n\n\n\n<p>Por todo ello, el PSOE considera que estamos ante una grave falta de responsabilidad por parte del equipo de gobierno y reclama un cambio de rumbo inmediato. \u201cLa estabilidad presupuestaria es un compromiso con la ciudadan\u00eda, no solo para hoy, sino para el futuro. Ponferrada merece un gobierno municipal responsable, transparente y comprometido con la legalidad\u201d, han concluido.<\/p>\n\n\n\n<figure class=\"wp-block-image size-large\"><img loading=\"lazy\" decoding=\"async\" width=\"1024\" height=\"768\" src=\"https:\/\/agrupacionespsoe.es\/ponferrada\/wp-content\/uploads\/sites\/36\/2026\/02\/WhatsApp-Image-2026-02-24-at-13.10.07-1024x768.jpeg\" alt=\"\" class=\"wp-image-1662\" srcset=\"https:\/\/agrupacionespsoe.es\/ponferrada\/wp-content\/uploads\/sites\/36\/2026\/02\/WhatsApp-Image-2026-02-24-at-13.10.07-1024x768.jpeg 1024w, https:\/\/agrupacionespsoe.es\/ponferrada\/wp-content\/uploads\/sites\/36\/2026\/02\/WhatsApp-Image-2026-02-24-at-13.10.07-300x225.jpeg 300w, https:\/\/agrupacionespsoe.es\/ponferrada\/wp-content\/uploads\/sites\/36\/2026\/02\/WhatsApp-Image-2026-02-24-at-13.10.07-768x576.jpeg 768w, https:\/\/agrupacionespsoe.es\/ponferrada\/wp-content\/uploads\/sites\/36\/2026\/02\/WhatsApp-Image-2026-02-24-at-13.10.07-1536x1152.jpeg 1536w, https:\/\/agrupacionespsoe.es\/ponferrada\/wp-content\/uploads\/sites\/36\/2026\/02\/WhatsApp-Image-2026-02-24-at-13.10.07.jpeg 1600w\" sizes=\"auto, (max-width: 1024px) 100vw, 1024px\" \/><\/figure>\n","protected":false},"excerpt":{"rendered":"<p>El Grupo Municipal Socialista de Ponferrada ha comparecido este martes tras la Comisi\u00f3n de Hacienda para analizar la liquidaci\u00f3n del cuarto trimestre del ejercicio 2025, cuyos resultados \u2014seg\u00fan han se\u00f1alado\u2014 confirman todas las advertencias que el PSOE viene realizando desde hace meses sobre la mala gesti\u00f3n econ\u00f3mica del actual equipo de gobierno. El portavoz socialista, &#8230;<\/p>\n","protected":false},"author":32,"featured_media":1662,"comment_status":"open","ping_status":"open","sticky":false,"template":"","format":"standard","meta":{"_jetpack_memberships_contains_paid_content":false,"footnotes":""},"categories":[6],"tags":[],"class_list":["post-1661","post","type-post","status-publish","format-standard","has-post-thumbnail","hentry","category-actualidad"],"yoast_head":"<!-- This site is optimized with the Yoast SEO plugin v24.0 - https:\/\/yoast.com\/wordpress\/plugins\/seo\/ -->\n<title>El PP una gesti\u00f3n econ\u00f3mica nefasta, derroche improductivo e improvisaci\u00f3n sus se\u00f1as de identidad - Agrupaci\u00f3n Socialista de Ponferrada<\/title>\n<meta name=\"robots\" content=\"index, follow, max-snippet:-1, max-image-preview:large, max-video-preview:-1\" \/>\n<link rel=\"canonical\" href=\"https:\/\/agrupacionespsoe.es\/ponferrada\/el-pp-una-gestion-economica-nefasta-derroche-improductivo-e-improvisacion-sus-senas-de-identidad\/\" \/>\n<meta property=\"og:locale\" content=\"es_ES\" \/>\n<meta property=\"og:type\" content=\"article\" \/>\n<meta property=\"og:title\" content=\"El PP una gesti\u00f3n econ\u00f3mica nefasta, derroche improductivo e improvisaci\u00f3n sus se\u00f1as de identidad - Agrupaci\u00f3n Socialista de Ponferrada\" \/>\n<meta property=\"og:description\" content=\"El Grupo Municipal Socialista de Ponferrada ha comparecido este martes tras la Comisi\u00f3n de Hacienda para analizar la liquidaci\u00f3n del cuarto trimestre del ejercicio 2025, cuyos resultados \u2014seg\u00fan han se\u00f1alado\u2014 confirman todas las advertencias que el PSOE viene realizando desde hace meses sobre la mala gesti\u00f3n econ\u00f3mica del actual equipo de gobierno. El portavoz socialista, ...\" \/>\n<meta property=\"og:url\" content=\"https:\/\/agrupacionespsoe.es\/ponferrada\/el-pp-una-gestion-economica-nefasta-derroche-improductivo-e-improvisacion-sus-senas-de-identidad\/\" \/>\n<meta property=\"og:site_name\" content=\"Agrupaci\u00f3n Socialista de Ponferrada\" \/>\n<meta property=\"article:published_time\" content=\"2026-02-24T12:10:42+00:00\" \/>\n<meta property=\"article:modified_time\" content=\"2026-02-24T12:10:43+00:00\" \/>\n<meta property=\"og:image\" content=\"https:\/\/agrupacionespsoe.es\/ponferrada\/wp-content\/uploads\/sites\/36\/2026\/02\/WhatsApp-Image-2026-02-24-at-13.10.07.jpeg\" \/>\n\t<meta property=\"og:image:width\" content=\"1600\" \/>\n\t<meta property=\"og:image:height\" content=\"1200\" \/>\n\t<meta property=\"og:image:type\" content=\"image\/jpeg\" \/>\n<meta name=\"author\" content=\"ponferrada2\" \/>\n<meta name=\"twitter:card\" content=\"summary_large_image\" \/>\n<meta name=\"twitter:label1\" content=\"Escrito por\" \/>\n\t<meta name=\"twitter:data1\" content=\"ponferrada2\" \/>\n\t<meta name=\"twitter:label2\" content=\"Tiempo de lectura\" \/>\n\t<meta name=\"twitter:data2\" content=\"4 minutos\" \/>\n<script type=\"application\/ld+json\" class=\"yoast-schema-graph\">{\"@context\":\"https:\/\/schema.org\",\"@graph\":[{\"@type\":\"Article\",\"@id\":\"https:\/\/agrupacionespsoe.es\/ponferrada\/el-pp-una-gestion-economica-nefasta-derroche-improductivo-e-improvisacion-sus-senas-de-identidad\/#article\",\"isPartOf\":{\"@id\":\"https:\/\/agrupacionespsoe.es\/ponferrada\/el-pp-una-gestion-economica-nefasta-derroche-improductivo-e-improvisacion-sus-senas-de-identidad\/\"},\"author\":{\"name\":\"ponferrada2\",\"@id\":\"https:\/\/agrupacionespsoe.es\/ponferrada\/#\/schema\/person\/cd29ee627f3b70c05d415f02596debaa\"},\"headline\":\"El PP una gesti\u00f3n econ\u00f3mica nefasta, derroche improductivo e improvisaci\u00f3n sus se\u00f1as de identidad\",\"datePublished\":\"2026-02-24T12:10:42+00:00\",\"dateModified\":\"2026-02-24T12:10:43+00:00\",\"mainEntityOfPage\":{\"@id\":\"https:\/\/agrupacionespsoe.es\/ponferrada\/el-pp-una-gestion-economica-nefasta-derroche-improductivo-e-improvisacion-sus-senas-de-identidad\/\"},\"wordCount\":745,\"commentCount\":0,\"publisher\":{\"@id\":\"https:\/\/agrupacionespsoe.es\/ponferrada\/#organization\"},\"image\":{\"@id\":\"https:\/\/agrupacionespsoe.es\/ponferrada\/el-pp-una-gestion-economica-nefasta-derroche-improductivo-e-improvisacion-sus-senas-de-identidad\/#primaryimage\"},\"thumbnailUrl\":\"https:\/\/agrupacionespsoe.es\/ponferrada\/wp-content\/uploads\/sites\/36\/2026\/02\/WhatsApp-Image-2026-02-24-at-13.10.07.jpeg\",\"articleSection\":[\"ACTUALIDAD\"],\"inLanguage\":\"es\",\"potentialAction\":[{\"@type\":\"CommentAction\",\"name\":\"Comment\",\"target\":[\"https:\/\/agrupacionespsoe.es\/ponferrada\/el-pp-una-gestion-economica-nefasta-derroche-improductivo-e-improvisacion-sus-senas-de-identidad\/#respond\"]}]},{\"@type\":\"WebPage\",\"@id\":\"https:\/\/agrupacionespsoe.es\/ponferrada\/el-pp-una-gestion-economica-nefasta-derroche-improductivo-e-improvisacion-sus-senas-de-identidad\/\",\"url\":\"https:\/\/agrupacionespsoe.es\/ponferrada\/el-pp-una-gestion-economica-nefasta-derroche-improductivo-e-improvisacion-sus-senas-de-identidad\/\",\"name\":\"El PP una gesti\u00f3n econ\u00f3mica nefasta, derroche improductivo e improvisaci\u00f3n sus se\u00f1as de identidad - Agrupaci\u00f3n Socialista de Ponferrada\",\"isPartOf\":{\"@id\":\"https:\/\/agrupacionespsoe.es\/ponferrada\/#website\"},\"primaryImageOfPage\":{\"@id\":\"https:\/\/agrupacionespsoe.es\/ponferrada\/el-pp-una-gestion-economica-nefasta-derroche-improductivo-e-improvisacion-sus-senas-de-identidad\/#primaryimage\"},\"image\":{\"@id\":\"https:\/\/agrupacionespsoe.es\/ponferrada\/el-pp-una-gestion-economica-nefasta-derroche-improductivo-e-improvisacion-sus-senas-de-identidad\/#primaryimage\"},\"thumbnailUrl\":\"https:\/\/agrupacionespsoe.es\/ponferrada\/wp-content\/uploads\/sites\/36\/2026\/02\/WhatsApp-Image-2026-02-24-at-13.10.07.jpeg\",\"datePublished\":\"2026-02-24T12:10:42+00:00\",\"dateModified\":\"2026-02-24T12:10:43+00:00\",\"breadcrumb\":{\"@id\":\"https:\/\/agrupacionespsoe.es\/ponferrada\/el-pp-una-gestion-economica-nefasta-derroche-improductivo-e-improvisacion-sus-senas-de-identidad\/#breadcrumb\"},\"inLanguage\":\"es\",\"potentialAction\":[{\"@type\":\"ReadAction\",\"target\":[\"https:\/\/agrupacionespsoe.es\/ponferrada\/el-pp-una-gestion-economica-nefasta-derroche-improductivo-e-improvisacion-sus-senas-de-identidad\/\"]}]},{\"@type\":\"ImageObject\",\"inLanguage\":\"es\",\"@id\":\"https:\/\/agrupacionespsoe.es\/ponferrada\/el-pp-una-gestion-economica-nefasta-derroche-improductivo-e-improvisacion-sus-senas-de-identidad\/#primaryimage\",\"url\":\"https:\/\/agrupacionespsoe.es\/ponferrada\/wp-content\/uploads\/sites\/36\/2026\/02\/WhatsApp-Image-2026-02-24-at-13.10.07.jpeg\",\"contentUrl\":\"https:\/\/agrupacionespsoe.es\/ponferrada\/wp-content\/uploads\/sites\/36\/2026\/02\/WhatsApp-Image-2026-02-24-at-13.10.07.jpeg\",\"width\":1600,\"height\":1200},{\"@type\":\"BreadcrumbList\",\"@id\":\"https:\/\/agrupacionespsoe.es\/ponferrada\/el-pp-una-gestion-economica-nefasta-derroche-improductivo-e-improvisacion-sus-senas-de-identidad\/#breadcrumb\",\"itemListElement\":[{\"@type\":\"ListItem\",\"position\":1,\"name\":\"Portada\",\"item\":\"https:\/\/agrupacionespsoe.es\/ponferrada\/\"},{\"@type\":\"ListItem\",\"position\":2,\"name\":\"El PP una gesti\u00f3n econ\u00f3mica nefasta, derroche improductivo e improvisaci\u00f3n sus se\u00f1as de identidad\"}]},{\"@type\":\"WebSite\",\"@id\":\"https:\/\/agrupacionespsoe.es\/ponferrada\/#website\",\"url\":\"https:\/\/agrupacionespsoe.es\/ponferrada\/\",\"name\":\"Agrupaci\u00f3n Socialista de Ponferrada\",\"description\":\"Agrupaci\u00f3n Socialista de Ponferrada\",\"publisher\":{\"@id\":\"https:\/\/agrupacionespsoe.es\/ponferrada\/#organization\"},\"potentialAction\":[{\"@type\":\"SearchAction\",\"target\":{\"@type\":\"EntryPoint\",\"urlTemplate\":\"https:\/\/agrupacionespsoe.es\/ponferrada\/?s={search_term_string}\"},\"query-input\":{\"@type\":\"PropertyValueSpecification\",\"valueRequired\":true,\"valueName\":\"search_term_string\"}}],\"inLanguage\":\"es\"},{\"@type\":\"Organization\",\"@id\":\"https:\/\/agrupacionespsoe.es\/ponferrada\/#organization\",\"name\":\"Agrupaci\u00f3n Socialista de Ponferrada\",\"url\":\"https:\/\/agrupacionespsoe.es\/ponferrada\/\",\"logo\":{\"@type\":\"ImageObject\",\"inLanguage\":\"es\",\"@id\":\"https:\/\/agrupacionespsoe.es\/ponferrada\/#\/schema\/logo\/image\/\",\"url\":\"https:\/\/agrupacionespsoe.es\/wp-content\/uploads\/2022\/07\/Logotipo_electoral_del_PSOE.png\",\"contentUrl\":\"https:\/\/agrupacionespsoe.es\/wp-content\/uploads\/2022\/07\/Logotipo_electoral_del_PSOE.png\",\"width\":422,\"height\":422,\"caption\":\"Agrupaci\u00f3n Socialista de Ponferrada\"},\"image\":{\"@id\":\"https:\/\/agrupacionespsoe.es\/ponferrada\/#\/schema\/logo\/image\/\"}},{\"@type\":\"Person\",\"@id\":\"https:\/\/agrupacionespsoe.es\/ponferrada\/#\/schema\/person\/cd29ee627f3b70c05d415f02596debaa\",\"name\":\"ponferrada2\",\"image\":{\"@type\":\"ImageObject\",\"inLanguage\":\"es\",\"@id\":\"https:\/\/agrupacionespsoe.es\/ponferrada\/#\/schema\/person\/image\/\",\"url\":\"https:\/\/secure.gravatar.com\/avatar\/f499eeb60144c664cf7b7edf75549b50?s=96&d=mm&r=g\",\"contentUrl\":\"https:\/\/secure.gravatar.com\/avatar\/f499eeb60144c664cf7b7edf75549b50?s=96&d=mm&r=g\",\"caption\":\"ponferrada2\"},\"url\":\"https:\/\/agrupacionespsoe.es\/ponferrada\/author\/ponferrada2\/\"}]}<\/script>\n<!-- \/ Yoast SEO plugin. -->","yoast_head_json":{"title":"El PP una gesti\u00f3n econ\u00f3mica nefasta, derroche improductivo e improvisaci\u00f3n sus se\u00f1as de identidad - Agrupaci\u00f3n Socialista de Ponferrada","robots":{"index":"index","follow":"follow","max-snippet":"max-snippet:-1","max-image-preview":"max-image-preview:large","max-video-preview":"max-video-preview:-1"},"canonical":"https:\/\/agrupacionespsoe.es\/ponferrada\/el-pp-una-gestion-economica-nefasta-derroche-improductivo-e-improvisacion-sus-senas-de-identidad\/","og_locale":"es_ES","og_type":"article","og_title":"El PP una gesti\u00f3n econ\u00f3mica nefasta, derroche improductivo e improvisaci\u00f3n sus se\u00f1as de identidad - Agrupaci\u00f3n Socialista de Ponferrada","og_description":"El Grupo Municipal Socialista de Ponferrada ha comparecido este martes tras la Comisi\u00f3n de Hacienda para analizar la liquidaci\u00f3n del cuarto trimestre del ejercicio 2025, cuyos resultados \u2014seg\u00fan han se\u00f1alado\u2014 confirman todas las advertencias que el PSOE viene realizando desde hace meses sobre la mala gesti\u00f3n econ\u00f3mica del actual equipo de gobierno. El portavoz socialista, ...","og_url":"https:\/\/agrupacionespsoe.es\/ponferrada\/el-pp-una-gestion-economica-nefasta-derroche-improductivo-e-improvisacion-sus-senas-de-identidad\/","og_site_name":"Agrupaci\u00f3n Socialista de Ponferrada","article_published_time":"2026-02-24T12:10:42+00:00","article_modified_time":"2026-02-24T12:10:43+00:00","og_image":[{"width":1600,"height":1200,"url":"https:\/\/agrupacionespsoe.es\/ponferrada\/wp-content\/uploads\/sites\/36\/2026\/02\/WhatsApp-Image-2026-02-24-at-13.10.07.jpeg","type":"image\/jpeg"}],"author":"ponferrada2","twitter_card":"summary_large_image","twitter_misc":{"Escrito por":"ponferrada2","Tiempo de lectura":"4 minutos"},"schema":{"@context":"https:\/\/schema.org","@graph":[{"@type":"Article","@id":"https:\/\/agrupacionespsoe.es\/ponferrada\/el-pp-una-gestion-economica-nefasta-derroche-improductivo-e-improvisacion-sus-senas-de-identidad\/#article","isPartOf":{"@id":"https:\/\/agrupacionespsoe.es\/ponferrada\/el-pp-una-gestion-economica-nefasta-derroche-improductivo-e-improvisacion-sus-senas-de-identidad\/"},"author":{"name":"ponferrada2","@id":"https:\/\/agrupacionespsoe.es\/ponferrada\/#\/schema\/person\/cd29ee627f3b70c05d415f02596debaa"},"headline":"El PP una gesti\u00f3n econ\u00f3mica nefasta, derroche improductivo e improvisaci\u00f3n sus se\u00f1as de identidad","datePublished":"2026-02-24T12:10:42+00:00","dateModified":"2026-02-24T12:10:43+00:00","mainEntityOfPage":{"@id":"https:\/\/agrupacionespsoe.es\/ponferrada\/el-pp-una-gestion-economica-nefasta-derroche-improductivo-e-improvisacion-sus-senas-de-identidad\/"},"wordCount":745,"commentCount":0,"publisher":{"@id":"https:\/\/agrupacionespsoe.es\/ponferrada\/#organization"},"image":{"@id":"https:\/\/agrupacionespsoe.es\/ponferrada\/el-pp-una-gestion-economica-nefasta-derroche-improductivo-e-improvisacion-sus-senas-de-identidad\/#primaryimage"},"thumbnailUrl":"https:\/\/agrupacionespsoe.es\/ponferrada\/wp-content\/uploads\/sites\/36\/2026\/02\/WhatsApp-Image-2026-02-24-at-13.10.07.jpeg","articleSection":["ACTUALIDAD"],"inLanguage":"es","potentialAction":[{"@type":"CommentAction","name":"Comment","target":["https:\/\/agrupacionespsoe.es\/ponferrada\/el-pp-una-gestion-economica-nefasta-derroche-improductivo-e-improvisacion-sus-senas-de-identidad\/#respond"]}]},{"@type":"WebPage","@id":"https:\/\/agrupacionespsoe.es\/ponferrada\/el-pp-una-gestion-economica-nefasta-derroche-improductivo-e-improvisacion-sus-senas-de-identidad\/","url":"https:\/\/agrupacionespsoe.es\/ponferrada\/el-pp-una-gestion-economica-nefasta-derroche-improductivo-e-improvisacion-sus-senas-de-identidad\/","name":"El PP una gesti\u00f3n econ\u00f3mica nefasta, derroche improductivo e improvisaci\u00f3n sus se\u00f1as de identidad - Agrupaci\u00f3n Socialista de Ponferrada","isPartOf":{"@id":"https:\/\/agrupacionespsoe.es\/ponferrada\/#website"},"primaryImageOfPage":{"@id":"https:\/\/agrupacionespsoe.es\/ponferrada\/el-pp-una-gestion-economica-nefasta-derroche-improductivo-e-improvisacion-sus-senas-de-identidad\/#primaryimage"},"image":{"@id":"https:\/\/agrupacionespsoe.es\/ponferrada\/el-pp-una-gestion-economica-nefasta-derroche-improductivo-e-improvisacion-sus-senas-de-identidad\/#primaryimage"},"thumbnailUrl":"https:\/\/agrupacionespsoe.es\/ponferrada\/wp-content\/uploads\/sites\/36\/2026\/02\/WhatsApp-Image-2026-02-24-at-13.10.07.jpeg","datePublished":"2026-02-24T12:10:42+00:00","dateModified":"2026-02-24T12:10:43+00:00","breadcrumb":{"@id":"https:\/\/agrupacionespsoe.es\/ponferrada\/el-pp-una-gestion-economica-nefasta-derroche-improductivo-e-improvisacion-sus-senas-de-identidad\/#breadcrumb"},"inLanguage":"es","potentialAction":[{"@type":"ReadAction","target":["https:\/\/agrupacionespsoe.es\/ponferrada\/el-pp-una-gestion-economica-nefasta-derroche-improductivo-e-improvisacion-sus-senas-de-identidad\/"]}]},{"@type":"ImageObject","inLanguage":"es","@id":"https:\/\/agrupacionespsoe.es\/ponferrada\/el-pp-una-gestion-economica-nefasta-derroche-improductivo-e-improvisacion-sus-senas-de-identidad\/#primaryimage","url":"https:\/\/agrupacionespsoe.es\/ponferrada\/wp-content\/uploads\/sites\/36\/2026\/02\/WhatsApp-Image-2026-02-24-at-13.10.07.jpeg","contentUrl":"https:\/\/agrupacionespsoe.es\/ponferrada\/wp-content\/uploads\/sites\/36\/2026\/02\/WhatsApp-Image-2026-02-24-at-13.10.07.jpeg","width":1600,"height":1200},{"@type":"BreadcrumbList","@id":"https:\/\/agrupacionespsoe.es\/ponferrada\/el-pp-una-gestion-economica-nefasta-derroche-improductivo-e-improvisacion-sus-senas-de-identidad\/#breadcrumb","itemListElement":[{"@type":"ListItem","position":1,"name":"Portada","item":"https:\/\/agrupacionespsoe.es\/ponferrada\/"},{"@type":"ListItem","position":2,"name":"El PP una gesti\u00f3n econ\u00f3mica nefasta, derroche improductivo e improvisaci\u00f3n sus se\u00f1as de identidad"}]},{"@type":"WebSite","@id":"https:\/\/agrupacionespsoe.es\/ponferrada\/#website","url":"https:\/\/agrupacionespsoe.es\/ponferrada\/","name":"Agrupaci\u00f3n Socialista de Ponferrada","description":"Agrupaci\u00f3n Socialista de Ponferrada","publisher":{"@id":"https:\/\/agrupacionespsoe.es\/ponferrada\/#organization"},"potentialAction":[{"@type":"SearchAction","target":{"@type":"EntryPoint","urlTemplate":"https:\/\/agrupacionespsoe.es\/ponferrada\/?s={search_term_string}"},"query-input":{"@type":"PropertyValueSpecification","valueRequired":true,"valueName":"search_term_string"}}],"inLanguage":"es"},{"@type":"Organization","@id":"https:\/\/agrupacionespsoe.es\/ponferrada\/#organization","name":"Agrupaci\u00f3n Socialista de Ponferrada","url":"https:\/\/agrupacionespsoe.es\/ponferrada\/","logo":{"@type":"ImageObject","inLanguage":"es","@id":"https:\/\/agrupacionespsoe.es\/ponferrada\/#\/schema\/logo\/image\/","url":"https:\/\/agrupacionespsoe.es\/wp-content\/uploads\/2022\/07\/Logotipo_electoral_del_PSOE.png","contentUrl":"https:\/\/agrupacionespsoe.es\/wp-content\/uploads\/2022\/07\/Logotipo_electoral_del_PSOE.png","width":422,"height":422,"caption":"Agrupaci\u00f3n Socialista de Ponferrada"},"image":{"@id":"https:\/\/agrupacionespsoe.es\/ponferrada\/#\/schema\/logo\/image\/"}},{"@type":"Person","@id":"https:\/\/agrupacionespsoe.es\/ponferrada\/#\/schema\/person\/cd29ee627f3b70c05d415f02596debaa","name":"ponferrada2","image":{"@type":"ImageObject","inLanguage":"es","@id":"https:\/\/agrupacionespsoe.es\/ponferrada\/#\/schema\/person\/image\/","url":"https:\/\/secure.gravatar.com\/avatar\/f499eeb60144c664cf7b7edf75549b50?s=96&d=mm&r=g","contentUrl":"https:\/\/secure.gravatar.com\/avatar\/f499eeb60144c664cf7b7edf75549b50?s=96&d=mm&r=g","caption":"ponferrada2"},"url":"https:\/\/agrupacionespsoe.es\/ponferrada\/author\/ponferrada2\/"}]}},"jetpack_featured_media_url":"https:\/\/agrupacionespsoe.es\/ponferrada\/wp-content\/uploads\/sites\/36\/2026\/02\/WhatsApp-Image-2026-02-24-at-13.10.07.jpeg","jetpack_sharing_enabled":true,"_links":{"self":[{"href":"https:\/\/agrupacionespsoe.es\/ponferrada\/wp-json\/wp\/v2\/posts\/1661","targetHints":{"allow":["GET"]}}],"collection":[{"href":"https:\/\/agrupacionespsoe.es\/ponferrada\/wp-json\/wp\/v2\/posts"}],"about":[{"href":"https:\/\/agrupacionespsoe.es\/ponferrada\/wp-json\/wp\/v2\/types\/post"}],"author":[{"embeddable":true,"href":"https:\/\/agrupacionespsoe.es\/ponferrada\/wp-json\/wp\/v2\/users\/32"}],"replies":[{"embeddable":true,"href":"https:\/\/agrupacionespsoe.es\/ponferrada\/wp-json\/wp\/v2\/comments?post=1661"}],"version-history":[{"count":2,"href":"https:\/\/agrupacionespsoe.es\/ponferrada\/wp-json\/wp\/v2\/posts\/1661\/revisions"}],"predecessor-version":[{"id":1664,"href":"https:\/\/agrupacionespsoe.es\/ponferrada\/wp-json\/wp\/v2\/posts\/1661\/revisions\/1664"}],"wp:featuredmedia":[{"embeddable":true,"href":"https:\/\/agrupacionespsoe.es\/ponferrada\/wp-json\/wp\/v2\/media\/1662"}],"wp:attachment":[{"href":"https:\/\/agrupacionespsoe.es\/ponferrada\/wp-json\/wp\/v2\/media?parent=1661"}],"wp:term":[{"taxonomy":"category","embeddable":true,"href":"https:\/\/agrupacionespsoe.es\/ponferrada\/wp-json\/wp\/v2\/categories?post=1661"},{"taxonomy":"post_tag","embeddable":true,"href":"https:\/\/agrupacionespsoe.es\/ponferrada\/wp-json\/wp\/v2\/tags?post=1661"}],"curies":[{"name":"wp","href":"https:\/\/api.w.org\/{rel}","templated":true}]}}