{"id":1657,"date":"2026-02-23T12:46:09","date_gmt":"2026-02-23T12:46:09","guid":{"rendered":"https:\/\/agrupacionespsoe.es\/ponferrada\/?p=1657"},"modified":"2026-02-23T12:46:10","modified_gmt":"2026-02-23T12:46:10","slug":"denunciamos-el-caos-urbanistico-del-pp-en-la-rotonda-de-acceso-a-toral-de-merayo","status":"publish","type":"post","link":"https:\/\/agrupacionespsoe.es\/ponferrada\/denunciamos-el-caos-urbanistico-del-pp-en-la-rotonda-de-acceso-a-toral-de-merayo\/","title":{"rendered":"Denunciamos el caos urban\u00edstico del PP en la rotonda de acceso a Toral de Merayo."},"content":{"rendered":"\n<p>El Grupo Municipal Socialista de Ponferrada ha denunciado este lunes el desorden, la improvisaci\u00f3n y la falta de planificaci\u00f3n del equipo de gobierno del Partido Popular en la construcci\u00f3n de la rotonda de acceso a Toral de Merayo, una actuaci\u00f3n que, seg\u00fan han explicado, se ha ejecutado vulnerando la l\u00f3gica urban\u00edstica y el propio planeamiento municipal.<\/p>\n\n\n\n<p>Los socialistas recuerdan que, en la segunda parte del mandato anterior, el anterior equipo de gobierno intent\u00f3 ejecutar una rotonda en este mismo punto, pero se les traslad\u00f3 de manera clara y rotunda que no era posible desde el punto de vista urban\u00edstico. Por ese motivo, se busc\u00f3 una soluci\u00f3n alternativa, que contaba incluso con consignaci\u00f3n presupuestaria, cifrada en 70.000 euros. \u201cFinalmente parece que s\u00ed se ha podido hacer la rotonda, pero la forma de hacerlo dice mucho de c\u00f3mo trabaja este equipo de gobierno\u201d, se\u00f1alan.<\/p>\n\n\n\n<p>El PSOE advierte adem\u00e1s de las deficiencias evidentes de la obra ya ejecutada. Entre ellas, destacan el mal estado del asfaltado pese a ser reciente, algo que consideran incomprensible, as\u00ed como la existencia de elementos potencialmente peligrosos, como un transformador en superficie que antes estaba soterrado, incrementando el riesgo de accidentes. Tambi\u00e9n alertan de la presencia de una farola y de un corte en la acera sin ning\u00fan tipo de protecci\u00f3n en el acceso desde Toral de Merayo, lo que supone un peligro a\u00f1adido para la circulaci\u00f3n.<\/p>\n\n\n\n<p>No obstante, el Grupo Socialista quiso centrar su cr\u00edtica principal en el procedimiento urban\u00edstico seguido. Desde el pasado 11 de febrero se encuentra en exposici\u00f3n p\u00fablica un estudio de detalle cuyo objeto, seg\u00fan recoge literalmente el propio documento, es \u201creajustar las alineaciones del Plan General de Ordenaci\u00f3n Urbana para permitir la construcci\u00f3n de una glorieta que regule correctamente el tr\u00e1fico\u201d. \u201cLa glorieta ya est\u00e1 construida y, sin embargo, el estudio de detalle se somete ahora a exposici\u00f3n p\u00fablica. Han puesto el carro delante de los bueyes\u201d, denuncian.<\/p>\n\n\n\n<p>Los socialistas consideran que este hecho es un ejemplo claro del modo de actuar del actual equipo de gobierno. \u201cNo tiene ning\u00fan sentido tramitar un estudio de detalle para permitir una rotonda que ya han construido y que incluso ha sido inaugurada\u201d, critican, se\u00f1alando que detr\u00e1s de esta actuaci\u00f3n \u201chay algo que no se explica\u201d.<\/p>\n\n\n\n<p>Adem\u00e1s, el PSOE alerta de que el estudio de detalle introduce modificaciones de calado en el planeamiento vigente. En concreto, reduce en dos metros la anchura de la calle que conecta con la futura Ronda Sur, un sistema general previsto en el PGOU. \u201cReducir la anchura de una v\u00eda que da acceso a un sistema general y al inicio de la Ronda Sur no tiene ning\u00fan sentido, se mire por donde se mire\u201d, se\u00f1alan.<\/p>\n\n\n\n<p>Desde el Grupo Socialista recuerdan que los estudios de detalle deben justificarse siempre por un inter\u00e9s p\u00fablico. En este caso, el inter\u00e9s p\u00fablico alegado es la construcci\u00f3n de la rotonda, pero esta ya est\u00e1 ejecutada. \u201cPor eso nos preguntamos cu\u00e1les son las circunstancias reales que motivan este estudio y si existen acuerdos con propietarios particulares que desconocemos\u201d, apuntan.<\/p>\n\n\n\n<p>Por todo ello, el PSOE anuncia que pedir\u00e1 explicaciones al equipo de gobierno y exigir\u00e1 conocer las razones por las que antes se aseguraba que la rotonda no pod\u00eda hacerse y ahora se ha ejecutado de esta manera, contraviniendo el planeamiento y modific\u00e1ndolo a posteriori. \u201cMejorar el tr\u00e1fico no puede servir de excusa para actuar al margen de la planificaci\u00f3n urban\u00edstica ni para alterar sin sentido el modelo de ciudad\u201d, concluyen.<\/p>\n\n\n\n<figure class=\"wp-block-image size-large\"><img loading=\"lazy\" decoding=\"async\" width=\"1024\" height=\"768\" src=\"https:\/\/agrupacionespsoe.es\/ponferrada\/wp-content\/uploads\/sites\/36\/2026\/02\/WhatsApp-Image-2026-02-23-at-12.45.09-1024x768.jpeg\" alt=\"\" class=\"wp-image-1658\" srcset=\"https:\/\/agrupacionespsoe.es\/ponferrada\/wp-content\/uploads\/sites\/36\/2026\/02\/WhatsApp-Image-2026-02-23-at-12.45.09-1024x768.jpeg 1024w, https:\/\/agrupacionespsoe.es\/ponferrada\/wp-content\/uploads\/sites\/36\/2026\/02\/WhatsApp-Image-2026-02-23-at-12.45.09-300x225.jpeg 300w, https:\/\/agrupacionespsoe.es\/ponferrada\/wp-content\/uploads\/sites\/36\/2026\/02\/WhatsApp-Image-2026-02-23-at-12.45.09-768x576.jpeg 768w, https:\/\/agrupacionespsoe.es\/ponferrada\/wp-content\/uploads\/sites\/36\/2026\/02\/WhatsApp-Image-2026-02-23-at-12.45.09-1536x1152.jpeg 1536w, https:\/\/agrupacionespsoe.es\/ponferrada\/wp-content\/uploads\/sites\/36\/2026\/02\/WhatsApp-Image-2026-02-23-at-12.45.09.jpeg 2048w\" sizes=\"auto, (max-width: 1024px) 100vw, 1024px\" \/><\/figure>\n","protected":false},"excerpt":{"rendered":"<p>El Grupo Municipal Socialista de Ponferrada ha denunciado este lunes el desorden, la improvisaci\u00f3n y la falta de planificaci\u00f3n del equipo de gobierno del Partido Popular en la construcci\u00f3n de la rotonda de acceso a Toral de Merayo, una actuaci\u00f3n que, seg\u00fan han explicado, se ha ejecutado vulnerando la l\u00f3gica urban\u00edstica y el propio planeamiento &#8230;<\/p>\n","protected":false},"author":32,"featured_media":1658,"comment_status":"open","ping_status":"open","sticky":false,"template":"","format":"standard","meta":{"_jetpack_memberships_contains_paid_content":false,"footnotes":""},"categories":[6],"tags":[],"class_list":["post-1657","post","type-post","status-publish","format-standard","has-post-thumbnail","hentry","category-actualidad"],"yoast_head":"<!-- This site is optimized with the Yoast SEO plugin v24.0 - https:\/\/yoast.com\/wordpress\/plugins\/seo\/ -->\n<title>Denunciamos el caos urban\u00edstico del PP en la rotonda de acceso a Toral de Merayo. - Agrupaci\u00f3n Socialista de Ponferrada<\/title>\n<meta name=\"robots\" content=\"index, follow, max-snippet:-1, max-image-preview:large, max-video-preview:-1\" \/>\n<link rel=\"canonical\" href=\"https:\/\/agrupacionespsoe.es\/ponferrada\/denunciamos-el-caos-urbanistico-del-pp-en-la-rotonda-de-acceso-a-toral-de-merayo\/\" \/>\n<meta property=\"og:locale\" content=\"es_ES\" \/>\n<meta property=\"og:type\" content=\"article\" \/>\n<meta property=\"og:title\" content=\"Denunciamos el caos urban\u00edstico del PP en la rotonda de acceso a Toral de Merayo. - Agrupaci\u00f3n Socialista de Ponferrada\" \/>\n<meta property=\"og:description\" content=\"El Grupo Municipal Socialista de Ponferrada ha denunciado este lunes el desorden, la improvisaci\u00f3n y la falta de planificaci\u00f3n del equipo de gobierno del Partido Popular en la construcci\u00f3n de la rotonda de acceso a Toral de Merayo, una actuaci\u00f3n que, seg\u00fan han explicado, se ha ejecutado vulnerando la l\u00f3gica urban\u00edstica y el propio planeamiento ...\" \/>\n<meta property=\"og:url\" content=\"https:\/\/agrupacionespsoe.es\/ponferrada\/denunciamos-el-caos-urbanistico-del-pp-en-la-rotonda-de-acceso-a-toral-de-merayo\/\" \/>\n<meta property=\"og:site_name\" content=\"Agrupaci\u00f3n Socialista de Ponferrada\" \/>\n<meta property=\"article:published_time\" content=\"2026-02-23T12:46:09+00:00\" \/>\n<meta property=\"article:modified_time\" content=\"2026-02-23T12:46:10+00:00\" \/>\n<meta property=\"og:image\" content=\"https:\/\/agrupacionespsoe.es\/ponferrada\/wp-content\/uploads\/sites\/36\/2026\/02\/WhatsApp-Image-2026-02-23-at-12.45.09.jpeg\" \/>\n\t<meta property=\"og:image:width\" content=\"2048\" \/>\n\t<meta property=\"og:image:height\" content=\"1536\" \/>\n\t<meta property=\"og:image:type\" content=\"image\/jpeg\" \/>\n<meta name=\"author\" content=\"ponferrada2\" \/>\n<meta name=\"twitter:card\" content=\"summary_large_image\" \/>\n<meta name=\"twitter:label1\" content=\"Escrito por\" \/>\n\t<meta name=\"twitter:data1\" content=\"ponferrada2\" \/>\n\t<meta name=\"twitter:label2\" content=\"Tiempo de lectura\" \/>\n\t<meta name=\"twitter:data2\" content=\"4 minutos\" \/>\n<script type=\"application\/ld+json\" class=\"yoast-schema-graph\">{\"@context\":\"https:\/\/schema.org\",\"@graph\":[{\"@type\":\"Article\",\"@id\":\"https:\/\/agrupacionespsoe.es\/ponferrada\/denunciamos-el-caos-urbanistico-del-pp-en-la-rotonda-de-acceso-a-toral-de-merayo\/#article\",\"isPartOf\":{\"@id\":\"https:\/\/agrupacionespsoe.es\/ponferrada\/denunciamos-el-caos-urbanistico-del-pp-en-la-rotonda-de-acceso-a-toral-de-merayo\/\"},\"author\":{\"name\":\"ponferrada2\",\"@id\":\"https:\/\/agrupacionespsoe.es\/ponferrada\/#\/schema\/person\/cd29ee627f3b70c05d415f02596debaa\"},\"headline\":\"Denunciamos el caos urban\u00edstico del PP en la rotonda de acceso a Toral de Merayo.\",\"datePublished\":\"2026-02-23T12:46:09+00:00\",\"dateModified\":\"2026-02-23T12:46:10+00:00\",\"mainEntityOfPage\":{\"@id\":\"https:\/\/agrupacionespsoe.es\/ponferrada\/denunciamos-el-caos-urbanistico-del-pp-en-la-rotonda-de-acceso-a-toral-de-merayo\/\"},\"wordCount\":635,\"commentCount\":0,\"publisher\":{\"@id\":\"https:\/\/agrupacionespsoe.es\/ponferrada\/#organization\"},\"image\":{\"@id\":\"https:\/\/agrupacionespsoe.es\/ponferrada\/denunciamos-el-caos-urbanistico-del-pp-en-la-rotonda-de-acceso-a-toral-de-merayo\/#primaryimage\"},\"thumbnailUrl\":\"https:\/\/agrupacionespsoe.es\/ponferrada\/wp-content\/uploads\/sites\/36\/2026\/02\/WhatsApp-Image-2026-02-23-at-12.45.09.jpeg\",\"articleSection\":[\"ACTUALIDAD\"],\"inLanguage\":\"es\",\"potentialAction\":[{\"@type\":\"CommentAction\",\"name\":\"Comment\",\"target\":[\"https:\/\/agrupacionespsoe.es\/ponferrada\/denunciamos-el-caos-urbanistico-del-pp-en-la-rotonda-de-acceso-a-toral-de-merayo\/#respond\"]}]},{\"@type\":\"WebPage\",\"@id\":\"https:\/\/agrupacionespsoe.es\/ponferrada\/denunciamos-el-caos-urbanistico-del-pp-en-la-rotonda-de-acceso-a-toral-de-merayo\/\",\"url\":\"https:\/\/agrupacionespsoe.es\/ponferrada\/denunciamos-el-caos-urbanistico-del-pp-en-la-rotonda-de-acceso-a-toral-de-merayo\/\",\"name\":\"Denunciamos el caos urban\u00edstico del PP en la rotonda de acceso a Toral de Merayo. - Agrupaci\u00f3n Socialista de Ponferrada\",\"isPartOf\":{\"@id\":\"https:\/\/agrupacionespsoe.es\/ponferrada\/#website\"},\"primaryImageOfPage\":{\"@id\":\"https:\/\/agrupacionespsoe.es\/ponferrada\/denunciamos-el-caos-urbanistico-del-pp-en-la-rotonda-de-acceso-a-toral-de-merayo\/#primaryimage\"},\"image\":{\"@id\":\"https:\/\/agrupacionespsoe.es\/ponferrada\/denunciamos-el-caos-urbanistico-del-pp-en-la-rotonda-de-acceso-a-toral-de-merayo\/#primaryimage\"},\"thumbnailUrl\":\"https:\/\/agrupacionespsoe.es\/ponferrada\/wp-content\/uploads\/sites\/36\/2026\/02\/WhatsApp-Image-2026-02-23-at-12.45.09.jpeg\",\"datePublished\":\"2026-02-23T12:46:09+00:00\",\"dateModified\":\"2026-02-23T12:46:10+00:00\",\"breadcrumb\":{\"@id\":\"https:\/\/agrupacionespsoe.es\/ponferrada\/denunciamos-el-caos-urbanistico-del-pp-en-la-rotonda-de-acceso-a-toral-de-merayo\/#breadcrumb\"},\"inLanguage\":\"es\",\"potentialAction\":[{\"@type\":\"ReadAction\",\"target\":[\"https:\/\/agrupacionespsoe.es\/ponferrada\/denunciamos-el-caos-urbanistico-del-pp-en-la-rotonda-de-acceso-a-toral-de-merayo\/\"]}]},{\"@type\":\"ImageObject\",\"inLanguage\":\"es\",\"@id\":\"https:\/\/agrupacionespsoe.es\/ponferrada\/denunciamos-el-caos-urbanistico-del-pp-en-la-rotonda-de-acceso-a-toral-de-merayo\/#primaryimage\",\"url\":\"https:\/\/agrupacionespsoe.es\/ponferrada\/wp-content\/uploads\/sites\/36\/2026\/02\/WhatsApp-Image-2026-02-23-at-12.45.09.jpeg\",\"contentUrl\":\"https:\/\/agrupacionespsoe.es\/ponferrada\/wp-content\/uploads\/sites\/36\/2026\/02\/WhatsApp-Image-2026-02-23-at-12.45.09.jpeg\",\"width\":2048,\"height\":1536},{\"@type\":\"BreadcrumbList\",\"@id\":\"https:\/\/agrupacionespsoe.es\/ponferrada\/denunciamos-el-caos-urbanistico-del-pp-en-la-rotonda-de-acceso-a-toral-de-merayo\/#breadcrumb\",\"itemListElement\":[{\"@type\":\"ListItem\",\"position\":1,\"name\":\"Portada\",\"item\":\"https:\/\/agrupacionespsoe.es\/ponferrada\/\"},{\"@type\":\"ListItem\",\"position\":2,\"name\":\"Denunciamos el caos urban\u00edstico del PP en la rotonda de acceso a Toral de Merayo.\"}]},{\"@type\":\"WebSite\",\"@id\":\"https:\/\/agrupacionespsoe.es\/ponferrada\/#website\",\"url\":\"https:\/\/agrupacionespsoe.es\/ponferrada\/\",\"name\":\"Agrupaci\u00f3n Socialista de Ponferrada\",\"description\":\"Agrupaci\u00f3n Socialista de Ponferrada\",\"publisher\":{\"@id\":\"https:\/\/agrupacionespsoe.es\/ponferrada\/#organization\"},\"potentialAction\":[{\"@type\":\"SearchAction\",\"target\":{\"@type\":\"EntryPoint\",\"urlTemplate\":\"https:\/\/agrupacionespsoe.es\/ponferrada\/?s={search_term_string}\"},\"query-input\":{\"@type\":\"PropertyValueSpecification\",\"valueRequired\":true,\"valueName\":\"search_term_string\"}}],\"inLanguage\":\"es\"},{\"@type\":\"Organization\",\"@id\":\"https:\/\/agrupacionespsoe.es\/ponferrada\/#organization\",\"name\":\"Agrupaci\u00f3n Socialista de Ponferrada\",\"url\":\"https:\/\/agrupacionespsoe.es\/ponferrada\/\",\"logo\":{\"@type\":\"ImageObject\",\"inLanguage\":\"es\",\"@id\":\"https:\/\/agrupacionespsoe.es\/ponferrada\/#\/schema\/logo\/image\/\",\"url\":\"https:\/\/agrupacionespsoe.es\/wp-content\/uploads\/2022\/07\/Logotipo_electoral_del_PSOE.png\",\"contentUrl\":\"https:\/\/agrupacionespsoe.es\/wp-content\/uploads\/2022\/07\/Logotipo_electoral_del_PSOE.png\",\"width\":422,\"height\":422,\"caption\":\"Agrupaci\u00f3n Socialista de Ponferrada\"},\"image\":{\"@id\":\"https:\/\/agrupacionespsoe.es\/ponferrada\/#\/schema\/logo\/image\/\"}},{\"@type\":\"Person\",\"@id\":\"https:\/\/agrupacionespsoe.es\/ponferrada\/#\/schema\/person\/cd29ee627f3b70c05d415f02596debaa\",\"name\":\"ponferrada2\",\"image\":{\"@type\":\"ImageObject\",\"inLanguage\":\"es\",\"@id\":\"https:\/\/agrupacionespsoe.es\/ponferrada\/#\/schema\/person\/image\/\",\"url\":\"https:\/\/secure.gravatar.com\/avatar\/f499eeb60144c664cf7b7edf75549b50?s=96&d=mm&r=g\",\"contentUrl\":\"https:\/\/secure.gravatar.com\/avatar\/f499eeb60144c664cf7b7edf75549b50?s=96&d=mm&r=g\",\"caption\":\"ponferrada2\"},\"url\":\"https:\/\/agrupacionespsoe.es\/ponferrada\/author\/ponferrada2\/\"}]}<\/script>\n<!-- \/ Yoast SEO plugin. -->","yoast_head_json":{"title":"Denunciamos el caos urban\u00edstico del PP en la rotonda de acceso a Toral de Merayo. - Agrupaci\u00f3n Socialista de Ponferrada","robots":{"index":"index","follow":"follow","max-snippet":"max-snippet:-1","max-image-preview":"max-image-preview:large","max-video-preview":"max-video-preview:-1"},"canonical":"https:\/\/agrupacionespsoe.es\/ponferrada\/denunciamos-el-caos-urbanistico-del-pp-en-la-rotonda-de-acceso-a-toral-de-merayo\/","og_locale":"es_ES","og_type":"article","og_title":"Denunciamos el caos urban\u00edstico del PP en la rotonda de acceso a Toral de Merayo. - Agrupaci\u00f3n Socialista de Ponferrada","og_description":"El Grupo Municipal Socialista de Ponferrada ha denunciado este lunes el desorden, la improvisaci\u00f3n y la falta de planificaci\u00f3n del equipo de gobierno del Partido Popular en la construcci\u00f3n de la rotonda de acceso a Toral de Merayo, una actuaci\u00f3n que, seg\u00fan han explicado, se ha ejecutado vulnerando la l\u00f3gica urban\u00edstica y el propio planeamiento ...","og_url":"https:\/\/agrupacionespsoe.es\/ponferrada\/denunciamos-el-caos-urbanistico-del-pp-en-la-rotonda-de-acceso-a-toral-de-merayo\/","og_site_name":"Agrupaci\u00f3n Socialista de Ponferrada","article_published_time":"2026-02-23T12:46:09+00:00","article_modified_time":"2026-02-23T12:46:10+00:00","og_image":[{"width":2048,"height":1536,"url":"https:\/\/agrupacionespsoe.es\/ponferrada\/wp-content\/uploads\/sites\/36\/2026\/02\/WhatsApp-Image-2026-02-23-at-12.45.09.jpeg","type":"image\/jpeg"}],"author":"ponferrada2","twitter_card":"summary_large_image","twitter_misc":{"Escrito por":"ponferrada2","Tiempo de lectura":"4 minutos"},"schema":{"@context":"https:\/\/schema.org","@graph":[{"@type":"Article","@id":"https:\/\/agrupacionespsoe.es\/ponferrada\/denunciamos-el-caos-urbanistico-del-pp-en-la-rotonda-de-acceso-a-toral-de-merayo\/#article","isPartOf":{"@id":"https:\/\/agrupacionespsoe.es\/ponferrada\/denunciamos-el-caos-urbanistico-del-pp-en-la-rotonda-de-acceso-a-toral-de-merayo\/"},"author":{"name":"ponferrada2","@id":"https:\/\/agrupacionespsoe.es\/ponferrada\/#\/schema\/person\/cd29ee627f3b70c05d415f02596debaa"},"headline":"Denunciamos el caos urban\u00edstico del PP en la rotonda de acceso a Toral de Merayo.","datePublished":"2026-02-23T12:46:09+00:00","dateModified":"2026-02-23T12:46:10+00:00","mainEntityOfPage":{"@id":"https:\/\/agrupacionespsoe.es\/ponferrada\/denunciamos-el-caos-urbanistico-del-pp-en-la-rotonda-de-acceso-a-toral-de-merayo\/"},"wordCount":635,"commentCount":0,"publisher":{"@id":"https:\/\/agrupacionespsoe.es\/ponferrada\/#organization"},"image":{"@id":"https:\/\/agrupacionespsoe.es\/ponferrada\/denunciamos-el-caos-urbanistico-del-pp-en-la-rotonda-de-acceso-a-toral-de-merayo\/#primaryimage"},"thumbnailUrl":"https:\/\/agrupacionespsoe.es\/ponferrada\/wp-content\/uploads\/sites\/36\/2026\/02\/WhatsApp-Image-2026-02-23-at-12.45.09.jpeg","articleSection":["ACTUALIDAD"],"inLanguage":"es","potentialAction":[{"@type":"CommentAction","name":"Comment","target":["https:\/\/agrupacionespsoe.es\/ponferrada\/denunciamos-el-caos-urbanistico-del-pp-en-la-rotonda-de-acceso-a-toral-de-merayo\/#respond"]}]},{"@type":"WebPage","@id":"https:\/\/agrupacionespsoe.es\/ponferrada\/denunciamos-el-caos-urbanistico-del-pp-en-la-rotonda-de-acceso-a-toral-de-merayo\/","url":"https:\/\/agrupacionespsoe.es\/ponferrada\/denunciamos-el-caos-urbanistico-del-pp-en-la-rotonda-de-acceso-a-toral-de-merayo\/","name":"Denunciamos el caos urban\u00edstico del PP en la rotonda de acceso a Toral de Merayo. - Agrupaci\u00f3n Socialista de Ponferrada","isPartOf":{"@id":"https:\/\/agrupacionespsoe.es\/ponferrada\/#website"},"primaryImageOfPage":{"@id":"https:\/\/agrupacionespsoe.es\/ponferrada\/denunciamos-el-caos-urbanistico-del-pp-en-la-rotonda-de-acceso-a-toral-de-merayo\/#primaryimage"},"image":{"@id":"https:\/\/agrupacionespsoe.es\/ponferrada\/denunciamos-el-caos-urbanistico-del-pp-en-la-rotonda-de-acceso-a-toral-de-merayo\/#primaryimage"},"thumbnailUrl":"https:\/\/agrupacionespsoe.es\/ponferrada\/wp-content\/uploads\/sites\/36\/2026\/02\/WhatsApp-Image-2026-02-23-at-12.45.09.jpeg","datePublished":"2026-02-23T12:46:09+00:00","dateModified":"2026-02-23T12:46:10+00:00","breadcrumb":{"@id":"https:\/\/agrupacionespsoe.es\/ponferrada\/denunciamos-el-caos-urbanistico-del-pp-en-la-rotonda-de-acceso-a-toral-de-merayo\/#breadcrumb"},"inLanguage":"es","potentialAction":[{"@type":"ReadAction","target":["https:\/\/agrupacionespsoe.es\/ponferrada\/denunciamos-el-caos-urbanistico-del-pp-en-la-rotonda-de-acceso-a-toral-de-merayo\/"]}]},{"@type":"ImageObject","inLanguage":"es","@id":"https:\/\/agrupacionespsoe.es\/ponferrada\/denunciamos-el-caos-urbanistico-del-pp-en-la-rotonda-de-acceso-a-toral-de-merayo\/#primaryimage","url":"https:\/\/agrupacionespsoe.es\/ponferrada\/wp-content\/uploads\/sites\/36\/2026\/02\/WhatsApp-Image-2026-02-23-at-12.45.09.jpeg","contentUrl":"https:\/\/agrupacionespsoe.es\/ponferrada\/wp-content\/uploads\/sites\/36\/2026\/02\/WhatsApp-Image-2026-02-23-at-12.45.09.jpeg","width":2048,"height":1536},{"@type":"BreadcrumbList","@id":"https:\/\/agrupacionespsoe.es\/ponferrada\/denunciamos-el-caos-urbanistico-del-pp-en-la-rotonda-de-acceso-a-toral-de-merayo\/#breadcrumb","itemListElement":[{"@type":"ListItem","position":1,"name":"Portada","item":"https:\/\/agrupacionespsoe.es\/ponferrada\/"},{"@type":"ListItem","position":2,"name":"Denunciamos el caos urban\u00edstico del PP en la rotonda de acceso a Toral de Merayo."}]},{"@type":"WebSite","@id":"https:\/\/agrupacionespsoe.es\/ponferrada\/#website","url":"https:\/\/agrupacionespsoe.es\/ponferrada\/","name":"Agrupaci\u00f3n Socialista de Ponferrada","description":"Agrupaci\u00f3n Socialista de Ponferrada","publisher":{"@id":"https:\/\/agrupacionespsoe.es\/ponferrada\/#organization"},"potentialAction":[{"@type":"SearchAction","target":{"@type":"EntryPoint","urlTemplate":"https:\/\/agrupacionespsoe.es\/ponferrada\/?s={search_term_string}"},"query-input":{"@type":"PropertyValueSpecification","valueRequired":true,"valueName":"search_term_string"}}],"inLanguage":"es"},{"@type":"Organization","@id":"https:\/\/agrupacionespsoe.es\/ponferrada\/#organization","name":"Agrupaci\u00f3n Socialista de Ponferrada","url":"https:\/\/agrupacionespsoe.es\/ponferrada\/","logo":{"@type":"ImageObject","inLanguage":"es","@id":"https:\/\/agrupacionespsoe.es\/ponferrada\/#\/schema\/logo\/image\/","url":"https:\/\/agrupacionespsoe.es\/wp-content\/uploads\/2022\/07\/Logotipo_electoral_del_PSOE.png","contentUrl":"https:\/\/agrupacionespsoe.es\/wp-content\/uploads\/2022\/07\/Logotipo_electoral_del_PSOE.png","width":422,"height":422,"caption":"Agrupaci\u00f3n Socialista de Ponferrada"},"image":{"@id":"https:\/\/agrupacionespsoe.es\/ponferrada\/#\/schema\/logo\/image\/"}},{"@type":"Person","@id":"https:\/\/agrupacionespsoe.es\/ponferrada\/#\/schema\/person\/cd29ee627f3b70c05d415f02596debaa","name":"ponferrada2","image":{"@type":"ImageObject","inLanguage":"es","@id":"https:\/\/agrupacionespsoe.es\/ponferrada\/#\/schema\/person\/image\/","url":"https:\/\/secure.gravatar.com\/avatar\/f499eeb60144c664cf7b7edf75549b50?s=96&d=mm&r=g","contentUrl":"https:\/\/secure.gravatar.com\/avatar\/f499eeb60144c664cf7b7edf75549b50?s=96&d=mm&r=g","caption":"ponferrada2"},"url":"https:\/\/agrupacionespsoe.es\/ponferrada\/author\/ponferrada2\/"}]}},"jetpack_featured_media_url":"https:\/\/agrupacionespsoe.es\/ponferrada\/wp-content\/uploads\/sites\/36\/2026\/02\/WhatsApp-Image-2026-02-23-at-12.45.09.jpeg","jetpack_sharing_enabled":true,"_links":{"self":[{"href":"https:\/\/agrupacionespsoe.es\/ponferrada\/wp-json\/wp\/v2\/posts\/1657","targetHints":{"allow":["GET"]}}],"collection":[{"href":"https:\/\/agrupacionespsoe.es\/ponferrada\/wp-json\/wp\/v2\/posts"}],"about":[{"href":"https:\/\/agrupacionespsoe.es\/ponferrada\/wp-json\/wp\/v2\/types\/post"}],"author":[{"embeddable":true,"href":"https:\/\/agrupacionespsoe.es\/ponferrada\/wp-json\/wp\/v2\/users\/32"}],"replies":[{"embeddable":true,"href":"https:\/\/agrupacionespsoe.es\/ponferrada\/wp-json\/wp\/v2\/comments?post=1657"}],"version-history":[{"count":2,"href":"https:\/\/agrupacionespsoe.es\/ponferrada\/wp-json\/wp\/v2\/posts\/1657\/revisions"}],"predecessor-version":[{"id":1660,"href":"https:\/\/agrupacionespsoe.es\/ponferrada\/wp-json\/wp\/v2\/posts\/1657\/revisions\/1660"}],"wp:featuredmedia":[{"embeddable":true,"href":"https:\/\/agrupacionespsoe.es\/ponferrada\/wp-json\/wp\/v2\/media\/1658"}],"wp:attachment":[{"href":"https:\/\/agrupacionespsoe.es\/ponferrada\/wp-json\/wp\/v2\/media?parent=1657"}],"wp:term":[{"taxonomy":"category","embeddable":true,"href":"https:\/\/agrupacionespsoe.es\/ponferrada\/wp-json\/wp\/v2\/categories?post=1657"},{"taxonomy":"post_tag","embeddable":true,"href":"https:\/\/agrupacionespsoe.es\/ponferrada\/wp-json\/wp\/v2\/tags?post=1657"}],"curies":[{"name":"wp","href":"https:\/\/api.w.org\/{rel}","templated":true}]}}