{"id":1653,"date":"2026-02-20T12:00:02","date_gmt":"2026-02-20T12:00:02","guid":{"rendered":"https:\/\/agrupacionespsoe.es\/ponferrada\/?p=1653"},"modified":"2026-02-20T12:00:04","modified_gmt":"2026-02-20T12:00:04","slug":"denuncian-la-inaccion-del-equipo-de-gobierno-de-ponferrada-en-el-reglamento-de-festejos","status":"publish","type":"post","link":"https:\/\/agrupacionespsoe.es\/ponferrada\/denuncian-la-inaccion-del-equipo-de-gobierno-de-ponferrada-en-el-reglamento-de-festejos\/","title":{"rendered":"Denuncian la inacci\u00f3n del equipo de gobierno de Ponferrada en el Reglamento de Festejos"},"content":{"rendered":"\n<p>Desde el Grupo Municipal Socialista criticamos la inacci\u00f3n del equipo de gobierno del Partido Popular con el reglamento de festejos. Han pasado ya varios meses desde que el alcalde de Ponferrada, Marco Morala, anunciara p\u00fablicamente la anulaci\u00f3n de la instrucci\u00f3n municipal sobre la organizaci\u00f3n de festejos populares y, a d\u00eda de hoy, ni hay reglamento aprobado ni se va a poder aprobar en el pr\u00f3ximo pleno de febrero.<\/p>\n\n\n\n<p>Recordamos que la resoluci\u00f3n del Procurador del Com\u00fan, se\u00f1alaba que hab\u00eda que tramitar un reglamento y que tras dicha resoluci\u00f3n, el propio equipo de gobierno anunci\u00f3 la derogaci\u00f3n de la instrucci\u00f3n y se comprometi\u00f3 a elaborar una nueva normativa que sustituyera a la anterior. Sin embargo, pasan los meses y no han sido capaces de llevar a comisi\u00f3n el reglamento.<\/p>\n\n\n\n<p>Los socialistas se\u00f1alan que este retraso resulta especialmente grave porque se produce despu\u00e9s de que el propio Morala construyera buena parte de su discurso pol\u00edtico en la oposici\u00f3n denunciando intervencionismo, dirigismo y trabas burocr\u00e1ticas. \u201cPrometi\u00f3 derogar la instrucci\u00f3n y facilitar las fiestas, pero lo que tenemos ahora es lo mismo que hab\u00eda, en casi tres a\u00f1os no han cambiado ni una coma\u201d, critican.<\/p>\n\n\n\n<p>Mientras el equipo de gobierno se decide a empezar a trabajar las asociaciones y\/o entidades que organizan las fiestas viven con la incertidumbre si se va o no aprobar una nueva norma y cu\u00e1les son los plazos y los requisitos que necesitan. Hay que tener en cuenta que las primeras fiestas populares coinciden con el 1 de mayo, como es el caso de las fiestas de Cuatrovientos. Y todo indica que el equipo de gobierno no llegar\u00e1 a tiempo.<\/p>\n\n\n\n<p>Para el Grupo Municipal Socialista, esta situaci\u00f3n es otro ejemplo de la dejadez y falta de voluntad pol\u00edtica, que contrasta con la propaganda, los anuncios y las promesas electorales.<\/p>\n\n\n\n<p>Por todo ello, el grupo socialista pide al equipo de gobierno que se ponga las pilas y se tome en serio la elaboraci\u00f3n de una nueva reglamentaci\u00f3n porque a este paso acabar\u00e1 el mandato y no habr\u00e1n movido ni un solo papel, ni un compromiso de todo lo que dec\u00edan en la oposici\u00f3n y en campa\u00f1a\u201d.&nbsp;<\/p>\n\n\n\n<figure class=\"wp-block-image size-large\"><img loading=\"lazy\" decoding=\"async\" width=\"1024\" height=\"576\" src=\"https:\/\/agrupacionespsoe.es\/ponferrada\/wp-content\/uploads\/sites\/36\/2026\/02\/WhatsApp-Image-2026-02-20-at-12.59.29-1024x576.jpeg\" alt=\"\" class=\"wp-image-1654\" srcset=\"https:\/\/agrupacionespsoe.es\/ponferrada\/wp-content\/uploads\/sites\/36\/2026\/02\/WhatsApp-Image-2026-02-20-at-12.59.29-1024x576.jpeg 1024w, https:\/\/agrupacionespsoe.es\/ponferrada\/wp-content\/uploads\/sites\/36\/2026\/02\/WhatsApp-Image-2026-02-20-at-12.59.29-300x169.jpeg 300w, https:\/\/agrupacionespsoe.es\/ponferrada\/wp-content\/uploads\/sites\/36\/2026\/02\/WhatsApp-Image-2026-02-20-at-12.59.29-768x432.jpeg 768w, https:\/\/agrupacionespsoe.es\/ponferrada\/wp-content\/uploads\/sites\/36\/2026\/02\/WhatsApp-Image-2026-02-20-at-12.59.29-1536x864.jpeg 1536w, https:\/\/agrupacionespsoe.es\/ponferrada\/wp-content\/uploads\/sites\/36\/2026\/02\/WhatsApp-Image-2026-02-20-at-12.59.29.jpeg 1600w\" sizes=\"auto, (max-width: 1024px) 100vw, 1024px\" \/><\/figure>\n","protected":false},"excerpt":{"rendered":"<p>Desde el Grupo Municipal Socialista criticamos la inacci\u00f3n del equipo de gobierno del Partido Popular con el reglamento de festejos. Han pasado ya varios meses desde que el alcalde de Ponferrada, Marco Morala, anunciara p\u00fablicamente la anulaci\u00f3n de la instrucci\u00f3n municipal sobre la organizaci\u00f3n de festejos populares y, a d\u00eda de hoy, ni hay reglamento &#8230;<\/p>\n","protected":false},"author":32,"featured_media":1654,"comment_status":"open","ping_status":"open","sticky":false,"template":"","format":"standard","meta":{"_jetpack_memberships_contains_paid_content":false,"footnotes":""},"categories":[6],"tags":[],"class_list":["post-1653","post","type-post","status-publish","format-standard","has-post-thumbnail","hentry","category-actualidad"],"yoast_head":"<!-- This site is optimized with the Yoast SEO plugin v24.0 - https:\/\/yoast.com\/wordpress\/plugins\/seo\/ -->\n<title>Denuncian la inacci\u00f3n del equipo de gobierno de Ponferrada en el Reglamento de Festejos - Agrupaci\u00f3n Socialista de Ponferrada<\/title>\n<meta name=\"robots\" content=\"index, follow, max-snippet:-1, max-image-preview:large, max-video-preview:-1\" \/>\n<link rel=\"canonical\" href=\"https:\/\/agrupacionespsoe.es\/ponferrada\/denuncian-la-inaccion-del-equipo-de-gobierno-de-ponferrada-en-el-reglamento-de-festejos\/\" \/>\n<meta property=\"og:locale\" content=\"es_ES\" \/>\n<meta property=\"og:type\" content=\"article\" \/>\n<meta property=\"og:title\" content=\"Denuncian la inacci\u00f3n del equipo de gobierno de Ponferrada en el Reglamento de Festejos - Agrupaci\u00f3n Socialista de Ponferrada\" \/>\n<meta property=\"og:description\" content=\"Desde el Grupo Municipal Socialista criticamos la inacci\u00f3n del equipo de gobierno del Partido Popular con el reglamento de festejos. Han pasado ya varios meses desde que el alcalde de Ponferrada, Marco Morala, anunciara p\u00fablicamente la anulaci\u00f3n de la instrucci\u00f3n municipal sobre la organizaci\u00f3n de festejos populares y, a d\u00eda de hoy, ni hay reglamento ...\" \/>\n<meta property=\"og:url\" content=\"https:\/\/agrupacionespsoe.es\/ponferrada\/denuncian-la-inaccion-del-equipo-de-gobierno-de-ponferrada-en-el-reglamento-de-festejos\/\" \/>\n<meta property=\"og:site_name\" content=\"Agrupaci\u00f3n Socialista de Ponferrada\" \/>\n<meta property=\"article:published_time\" content=\"2026-02-20T12:00:02+00:00\" \/>\n<meta property=\"article:modified_time\" content=\"2026-02-20T12:00:04+00:00\" \/>\n<meta property=\"og:image\" content=\"https:\/\/agrupacionespsoe.es\/ponferrada\/wp-content\/uploads\/sites\/36\/2026\/02\/WhatsApp-Image-2026-02-20-at-12.59.29.jpeg\" \/>\n\t<meta property=\"og:image:width\" content=\"1600\" \/>\n\t<meta property=\"og:image:height\" content=\"900\" \/>\n\t<meta property=\"og:image:type\" content=\"image\/jpeg\" \/>\n<meta name=\"author\" content=\"ponferrada2\" \/>\n<meta name=\"twitter:card\" content=\"summary_large_image\" \/>\n<meta name=\"twitter:label1\" content=\"Escrito por\" \/>\n\t<meta name=\"twitter:data1\" content=\"ponferrada2\" \/>\n\t<meta name=\"twitter:label2\" content=\"Tiempo de lectura\" \/>\n\t<meta name=\"twitter:data2\" content=\"3 minutos\" \/>\n<script type=\"application\/ld+json\" class=\"yoast-schema-graph\">{\"@context\":\"https:\/\/schema.org\",\"@graph\":[{\"@type\":\"Article\",\"@id\":\"https:\/\/agrupacionespsoe.es\/ponferrada\/denuncian-la-inaccion-del-equipo-de-gobierno-de-ponferrada-en-el-reglamento-de-festejos\/#article\",\"isPartOf\":{\"@id\":\"https:\/\/agrupacionespsoe.es\/ponferrada\/denuncian-la-inaccion-del-equipo-de-gobierno-de-ponferrada-en-el-reglamento-de-festejos\/\"},\"author\":{\"name\":\"ponferrada2\",\"@id\":\"https:\/\/agrupacionespsoe.es\/ponferrada\/#\/schema\/person\/cd29ee627f3b70c05d415f02596debaa\"},\"headline\":\"Denuncian la inacci\u00f3n del equipo de gobierno de Ponferrada en el Reglamento de Festejos\",\"datePublished\":\"2026-02-20T12:00:02+00:00\",\"dateModified\":\"2026-02-20T12:00:04+00:00\",\"mainEntityOfPage\":{\"@id\":\"https:\/\/agrupacionespsoe.es\/ponferrada\/denuncian-la-inaccion-del-equipo-de-gobierno-de-ponferrada-en-el-reglamento-de-festejos\/\"},\"wordCount\":403,\"commentCount\":0,\"publisher\":{\"@id\":\"https:\/\/agrupacionespsoe.es\/ponferrada\/#organization\"},\"image\":{\"@id\":\"https:\/\/agrupacionespsoe.es\/ponferrada\/denuncian-la-inaccion-del-equipo-de-gobierno-de-ponferrada-en-el-reglamento-de-festejos\/#primaryimage\"},\"thumbnailUrl\":\"https:\/\/agrupacionespsoe.es\/ponferrada\/wp-content\/uploads\/sites\/36\/2026\/02\/WhatsApp-Image-2026-02-20-at-12.59.29.jpeg\",\"articleSection\":[\"ACTUALIDAD\"],\"inLanguage\":\"es\",\"potentialAction\":[{\"@type\":\"CommentAction\",\"name\":\"Comment\",\"target\":[\"https:\/\/agrupacionespsoe.es\/ponferrada\/denuncian-la-inaccion-del-equipo-de-gobierno-de-ponferrada-en-el-reglamento-de-festejos\/#respond\"]}]},{\"@type\":\"WebPage\",\"@id\":\"https:\/\/agrupacionespsoe.es\/ponferrada\/denuncian-la-inaccion-del-equipo-de-gobierno-de-ponferrada-en-el-reglamento-de-festejos\/\",\"url\":\"https:\/\/agrupacionespsoe.es\/ponferrada\/denuncian-la-inaccion-del-equipo-de-gobierno-de-ponferrada-en-el-reglamento-de-festejos\/\",\"name\":\"Denuncian la inacci\u00f3n del equipo de gobierno de Ponferrada en el Reglamento de Festejos - Agrupaci\u00f3n Socialista de Ponferrada\",\"isPartOf\":{\"@id\":\"https:\/\/agrupacionespsoe.es\/ponferrada\/#website\"},\"primaryImageOfPage\":{\"@id\":\"https:\/\/agrupacionespsoe.es\/ponferrada\/denuncian-la-inaccion-del-equipo-de-gobierno-de-ponferrada-en-el-reglamento-de-festejos\/#primaryimage\"},\"image\":{\"@id\":\"https:\/\/agrupacionespsoe.es\/ponferrada\/denuncian-la-inaccion-del-equipo-de-gobierno-de-ponferrada-en-el-reglamento-de-festejos\/#primaryimage\"},\"thumbnailUrl\":\"https:\/\/agrupacionespsoe.es\/ponferrada\/wp-content\/uploads\/sites\/36\/2026\/02\/WhatsApp-Image-2026-02-20-at-12.59.29.jpeg\",\"datePublished\":\"2026-02-20T12:00:02+00:00\",\"dateModified\":\"2026-02-20T12:00:04+00:00\",\"breadcrumb\":{\"@id\":\"https:\/\/agrupacionespsoe.es\/ponferrada\/denuncian-la-inaccion-del-equipo-de-gobierno-de-ponferrada-en-el-reglamento-de-festejos\/#breadcrumb\"},\"inLanguage\":\"es\",\"potentialAction\":[{\"@type\":\"ReadAction\",\"target\":[\"https:\/\/agrupacionespsoe.es\/ponferrada\/denuncian-la-inaccion-del-equipo-de-gobierno-de-ponferrada-en-el-reglamento-de-festejos\/\"]}]},{\"@type\":\"ImageObject\",\"inLanguage\":\"es\",\"@id\":\"https:\/\/agrupacionespsoe.es\/ponferrada\/denuncian-la-inaccion-del-equipo-de-gobierno-de-ponferrada-en-el-reglamento-de-festejos\/#primaryimage\",\"url\":\"https:\/\/agrupacionespsoe.es\/ponferrada\/wp-content\/uploads\/sites\/36\/2026\/02\/WhatsApp-Image-2026-02-20-at-12.59.29.jpeg\",\"contentUrl\":\"https:\/\/agrupacionespsoe.es\/ponferrada\/wp-content\/uploads\/sites\/36\/2026\/02\/WhatsApp-Image-2026-02-20-at-12.59.29.jpeg\",\"width\":1600,\"height\":900},{\"@type\":\"BreadcrumbList\",\"@id\":\"https:\/\/agrupacionespsoe.es\/ponferrada\/denuncian-la-inaccion-del-equipo-de-gobierno-de-ponferrada-en-el-reglamento-de-festejos\/#breadcrumb\",\"itemListElement\":[{\"@type\":\"ListItem\",\"position\":1,\"name\":\"Portada\",\"item\":\"https:\/\/agrupacionespsoe.es\/ponferrada\/\"},{\"@type\":\"ListItem\",\"position\":2,\"name\":\"Denuncian la inacci\u00f3n del equipo de gobierno de Ponferrada en el Reglamento de Festejos\"}]},{\"@type\":\"WebSite\",\"@id\":\"https:\/\/agrupacionespsoe.es\/ponferrada\/#website\",\"url\":\"https:\/\/agrupacionespsoe.es\/ponferrada\/\",\"name\":\"Agrupaci\u00f3n Socialista de Ponferrada\",\"description\":\"Agrupaci\u00f3n Socialista de Ponferrada\",\"publisher\":{\"@id\":\"https:\/\/agrupacionespsoe.es\/ponferrada\/#organization\"},\"potentialAction\":[{\"@type\":\"SearchAction\",\"target\":{\"@type\":\"EntryPoint\",\"urlTemplate\":\"https:\/\/agrupacionespsoe.es\/ponferrada\/?s={search_term_string}\"},\"query-input\":{\"@type\":\"PropertyValueSpecification\",\"valueRequired\":true,\"valueName\":\"search_term_string\"}}],\"inLanguage\":\"es\"},{\"@type\":\"Organization\",\"@id\":\"https:\/\/agrupacionespsoe.es\/ponferrada\/#organization\",\"name\":\"Agrupaci\u00f3n Socialista de Ponferrada\",\"url\":\"https:\/\/agrupacionespsoe.es\/ponferrada\/\",\"logo\":{\"@type\":\"ImageObject\",\"inLanguage\":\"es\",\"@id\":\"https:\/\/agrupacionespsoe.es\/ponferrada\/#\/schema\/logo\/image\/\",\"url\":\"https:\/\/agrupacionespsoe.es\/wp-content\/uploads\/2022\/07\/Logotipo_electoral_del_PSOE.png\",\"contentUrl\":\"https:\/\/agrupacionespsoe.es\/wp-content\/uploads\/2022\/07\/Logotipo_electoral_del_PSOE.png\",\"width\":422,\"height\":422,\"caption\":\"Agrupaci\u00f3n Socialista de Ponferrada\"},\"image\":{\"@id\":\"https:\/\/agrupacionespsoe.es\/ponferrada\/#\/schema\/logo\/image\/\"}},{\"@type\":\"Person\",\"@id\":\"https:\/\/agrupacionespsoe.es\/ponferrada\/#\/schema\/person\/cd29ee627f3b70c05d415f02596debaa\",\"name\":\"ponferrada2\",\"image\":{\"@type\":\"ImageObject\",\"inLanguage\":\"es\",\"@id\":\"https:\/\/agrupacionespsoe.es\/ponferrada\/#\/schema\/person\/image\/\",\"url\":\"https:\/\/secure.gravatar.com\/avatar\/f499eeb60144c664cf7b7edf75549b50?s=96&d=mm&r=g\",\"contentUrl\":\"https:\/\/secure.gravatar.com\/avatar\/f499eeb60144c664cf7b7edf75549b50?s=96&d=mm&r=g\",\"caption\":\"ponferrada2\"},\"url\":\"https:\/\/agrupacionespsoe.es\/ponferrada\/author\/ponferrada2\/\"}]}<\/script>\n<!-- \/ Yoast SEO plugin. -->","yoast_head_json":{"title":"Denuncian la inacci\u00f3n del equipo de gobierno de Ponferrada en el Reglamento de Festejos - Agrupaci\u00f3n Socialista de Ponferrada","robots":{"index":"index","follow":"follow","max-snippet":"max-snippet:-1","max-image-preview":"max-image-preview:large","max-video-preview":"max-video-preview:-1"},"canonical":"https:\/\/agrupacionespsoe.es\/ponferrada\/denuncian-la-inaccion-del-equipo-de-gobierno-de-ponferrada-en-el-reglamento-de-festejos\/","og_locale":"es_ES","og_type":"article","og_title":"Denuncian la inacci\u00f3n del equipo de gobierno de Ponferrada en el Reglamento de Festejos - Agrupaci\u00f3n Socialista de Ponferrada","og_description":"Desde el Grupo Municipal Socialista criticamos la inacci\u00f3n del equipo de gobierno del Partido Popular con el reglamento de festejos. Han pasado ya varios meses desde que el alcalde de Ponferrada, Marco Morala, anunciara p\u00fablicamente la anulaci\u00f3n de la instrucci\u00f3n municipal sobre la organizaci\u00f3n de festejos populares y, a d\u00eda de hoy, ni hay reglamento ...","og_url":"https:\/\/agrupacionespsoe.es\/ponferrada\/denuncian-la-inaccion-del-equipo-de-gobierno-de-ponferrada-en-el-reglamento-de-festejos\/","og_site_name":"Agrupaci\u00f3n Socialista de Ponferrada","article_published_time":"2026-02-20T12:00:02+00:00","article_modified_time":"2026-02-20T12:00:04+00:00","og_image":[{"width":1600,"height":900,"url":"https:\/\/agrupacionespsoe.es\/ponferrada\/wp-content\/uploads\/sites\/36\/2026\/02\/WhatsApp-Image-2026-02-20-at-12.59.29.jpeg","type":"image\/jpeg"}],"author":"ponferrada2","twitter_card":"summary_large_image","twitter_misc":{"Escrito por":"ponferrada2","Tiempo de lectura":"3 minutos"},"schema":{"@context":"https:\/\/schema.org","@graph":[{"@type":"Article","@id":"https:\/\/agrupacionespsoe.es\/ponferrada\/denuncian-la-inaccion-del-equipo-de-gobierno-de-ponferrada-en-el-reglamento-de-festejos\/#article","isPartOf":{"@id":"https:\/\/agrupacionespsoe.es\/ponferrada\/denuncian-la-inaccion-del-equipo-de-gobierno-de-ponferrada-en-el-reglamento-de-festejos\/"},"author":{"name":"ponferrada2","@id":"https:\/\/agrupacionespsoe.es\/ponferrada\/#\/schema\/person\/cd29ee627f3b70c05d415f02596debaa"},"headline":"Denuncian la inacci\u00f3n del equipo de gobierno de Ponferrada en el Reglamento de Festejos","datePublished":"2026-02-20T12:00:02+00:00","dateModified":"2026-02-20T12:00:04+00:00","mainEntityOfPage":{"@id":"https:\/\/agrupacionespsoe.es\/ponferrada\/denuncian-la-inaccion-del-equipo-de-gobierno-de-ponferrada-en-el-reglamento-de-festejos\/"},"wordCount":403,"commentCount":0,"publisher":{"@id":"https:\/\/agrupacionespsoe.es\/ponferrada\/#organization"},"image":{"@id":"https:\/\/agrupacionespsoe.es\/ponferrada\/denuncian-la-inaccion-del-equipo-de-gobierno-de-ponferrada-en-el-reglamento-de-festejos\/#primaryimage"},"thumbnailUrl":"https:\/\/agrupacionespsoe.es\/ponferrada\/wp-content\/uploads\/sites\/36\/2026\/02\/WhatsApp-Image-2026-02-20-at-12.59.29.jpeg","articleSection":["ACTUALIDAD"],"inLanguage":"es","potentialAction":[{"@type":"CommentAction","name":"Comment","target":["https:\/\/agrupacionespsoe.es\/ponferrada\/denuncian-la-inaccion-del-equipo-de-gobierno-de-ponferrada-en-el-reglamento-de-festejos\/#respond"]}]},{"@type":"WebPage","@id":"https:\/\/agrupacionespsoe.es\/ponferrada\/denuncian-la-inaccion-del-equipo-de-gobierno-de-ponferrada-en-el-reglamento-de-festejos\/","url":"https:\/\/agrupacionespsoe.es\/ponferrada\/denuncian-la-inaccion-del-equipo-de-gobierno-de-ponferrada-en-el-reglamento-de-festejos\/","name":"Denuncian la inacci\u00f3n del equipo de gobierno de Ponferrada en el Reglamento de Festejos - Agrupaci\u00f3n Socialista de Ponferrada","isPartOf":{"@id":"https:\/\/agrupacionespsoe.es\/ponferrada\/#website"},"primaryImageOfPage":{"@id":"https:\/\/agrupacionespsoe.es\/ponferrada\/denuncian-la-inaccion-del-equipo-de-gobierno-de-ponferrada-en-el-reglamento-de-festejos\/#primaryimage"},"image":{"@id":"https:\/\/agrupacionespsoe.es\/ponferrada\/denuncian-la-inaccion-del-equipo-de-gobierno-de-ponferrada-en-el-reglamento-de-festejos\/#primaryimage"},"thumbnailUrl":"https:\/\/agrupacionespsoe.es\/ponferrada\/wp-content\/uploads\/sites\/36\/2026\/02\/WhatsApp-Image-2026-02-20-at-12.59.29.jpeg","datePublished":"2026-02-20T12:00:02+00:00","dateModified":"2026-02-20T12:00:04+00:00","breadcrumb":{"@id":"https:\/\/agrupacionespsoe.es\/ponferrada\/denuncian-la-inaccion-del-equipo-de-gobierno-de-ponferrada-en-el-reglamento-de-festejos\/#breadcrumb"},"inLanguage":"es","potentialAction":[{"@type":"ReadAction","target":["https:\/\/agrupacionespsoe.es\/ponferrada\/denuncian-la-inaccion-del-equipo-de-gobierno-de-ponferrada-en-el-reglamento-de-festejos\/"]}]},{"@type":"ImageObject","inLanguage":"es","@id":"https:\/\/agrupacionespsoe.es\/ponferrada\/denuncian-la-inaccion-del-equipo-de-gobierno-de-ponferrada-en-el-reglamento-de-festejos\/#primaryimage","url":"https:\/\/agrupacionespsoe.es\/ponferrada\/wp-content\/uploads\/sites\/36\/2026\/02\/WhatsApp-Image-2026-02-20-at-12.59.29.jpeg","contentUrl":"https:\/\/agrupacionespsoe.es\/ponferrada\/wp-content\/uploads\/sites\/36\/2026\/02\/WhatsApp-Image-2026-02-20-at-12.59.29.jpeg","width":1600,"height":900},{"@type":"BreadcrumbList","@id":"https:\/\/agrupacionespsoe.es\/ponferrada\/denuncian-la-inaccion-del-equipo-de-gobierno-de-ponferrada-en-el-reglamento-de-festejos\/#breadcrumb","itemListElement":[{"@type":"ListItem","position":1,"name":"Portada","item":"https:\/\/agrupacionespsoe.es\/ponferrada\/"},{"@type":"ListItem","position":2,"name":"Denuncian la inacci\u00f3n del equipo de gobierno de Ponferrada en el Reglamento de Festejos"}]},{"@type":"WebSite","@id":"https:\/\/agrupacionespsoe.es\/ponferrada\/#website","url":"https:\/\/agrupacionespsoe.es\/ponferrada\/","name":"Agrupaci\u00f3n Socialista de Ponferrada","description":"Agrupaci\u00f3n Socialista de Ponferrada","publisher":{"@id":"https:\/\/agrupacionespsoe.es\/ponferrada\/#organization"},"potentialAction":[{"@type":"SearchAction","target":{"@type":"EntryPoint","urlTemplate":"https:\/\/agrupacionespsoe.es\/ponferrada\/?s={search_term_string}"},"query-input":{"@type":"PropertyValueSpecification","valueRequired":true,"valueName":"search_term_string"}}],"inLanguage":"es"},{"@type":"Organization","@id":"https:\/\/agrupacionespsoe.es\/ponferrada\/#organization","name":"Agrupaci\u00f3n Socialista de Ponferrada","url":"https:\/\/agrupacionespsoe.es\/ponferrada\/","logo":{"@type":"ImageObject","inLanguage":"es","@id":"https:\/\/agrupacionespsoe.es\/ponferrada\/#\/schema\/logo\/image\/","url":"https:\/\/agrupacionespsoe.es\/wp-content\/uploads\/2022\/07\/Logotipo_electoral_del_PSOE.png","contentUrl":"https:\/\/agrupacionespsoe.es\/wp-content\/uploads\/2022\/07\/Logotipo_electoral_del_PSOE.png","width":422,"height":422,"caption":"Agrupaci\u00f3n Socialista de Ponferrada"},"image":{"@id":"https:\/\/agrupacionespsoe.es\/ponferrada\/#\/schema\/logo\/image\/"}},{"@type":"Person","@id":"https:\/\/agrupacionespsoe.es\/ponferrada\/#\/schema\/person\/cd29ee627f3b70c05d415f02596debaa","name":"ponferrada2","image":{"@type":"ImageObject","inLanguage":"es","@id":"https:\/\/agrupacionespsoe.es\/ponferrada\/#\/schema\/person\/image\/","url":"https:\/\/secure.gravatar.com\/avatar\/f499eeb60144c664cf7b7edf75549b50?s=96&d=mm&r=g","contentUrl":"https:\/\/secure.gravatar.com\/avatar\/f499eeb60144c664cf7b7edf75549b50?s=96&d=mm&r=g","caption":"ponferrada2"},"url":"https:\/\/agrupacionespsoe.es\/ponferrada\/author\/ponferrada2\/"}]}},"jetpack_featured_media_url":"https:\/\/agrupacionespsoe.es\/ponferrada\/wp-content\/uploads\/sites\/36\/2026\/02\/WhatsApp-Image-2026-02-20-at-12.59.29.jpeg","jetpack_sharing_enabled":true,"_links":{"self":[{"href":"https:\/\/agrupacionespsoe.es\/ponferrada\/wp-json\/wp\/v2\/posts\/1653","targetHints":{"allow":["GET"]}}],"collection":[{"href":"https:\/\/agrupacionespsoe.es\/ponferrada\/wp-json\/wp\/v2\/posts"}],"about":[{"href":"https:\/\/agrupacionespsoe.es\/ponferrada\/wp-json\/wp\/v2\/types\/post"}],"author":[{"embeddable":true,"href":"https:\/\/agrupacionespsoe.es\/ponferrada\/wp-json\/wp\/v2\/users\/32"}],"replies":[{"embeddable":true,"href":"https:\/\/agrupacionespsoe.es\/ponferrada\/wp-json\/wp\/v2\/comments?post=1653"}],"version-history":[{"count":2,"href":"https:\/\/agrupacionespsoe.es\/ponferrada\/wp-json\/wp\/v2\/posts\/1653\/revisions"}],"predecessor-version":[{"id":1656,"href":"https:\/\/agrupacionespsoe.es\/ponferrada\/wp-json\/wp\/v2\/posts\/1653\/revisions\/1656"}],"wp:featuredmedia":[{"embeddable":true,"href":"https:\/\/agrupacionespsoe.es\/ponferrada\/wp-json\/wp\/v2\/media\/1654"}],"wp:attachment":[{"href":"https:\/\/agrupacionespsoe.es\/ponferrada\/wp-json\/wp\/v2\/media?parent=1653"}],"wp:term":[{"taxonomy":"category","embeddable":true,"href":"https:\/\/agrupacionespsoe.es\/ponferrada\/wp-json\/wp\/v2\/categories?post=1653"},{"taxonomy":"post_tag","embeddable":true,"href":"https:\/\/agrupacionespsoe.es\/ponferrada\/wp-json\/wp\/v2\/tags?post=1653"}],"curies":[{"name":"wp","href":"https:\/\/api.w.org\/{rel}","templated":true}]}}