{"id":1649,"date":"2026-02-18T12:57:36","date_gmt":"2026-02-18T12:57:36","guid":{"rendered":"https:\/\/agrupacionespsoe.es\/ponferrada\/?p=1649"},"modified":"2026-02-18T12:57:37","modified_gmt":"2026-02-18T12:57:37","slug":"criticamos-la-confusion-en-los-mensajes-oficiales-sobre-el-uso-del-agua-en-las-pedanias-afectadas-por-el-corte-de-agua","status":"publish","type":"post","link":"https:\/\/agrupacionespsoe.es\/ponferrada\/criticamos-la-confusion-en-los-mensajes-oficiales-sobre-el-uso-del-agua-en-las-pedanias-afectadas-por-el-corte-de-agua\/","title":{"rendered":"Criticamos la confusi\u00f3n en los mensajes oficiales sobre el uso del agua en las pedan\u00edas afectadas por el corte de agua"},"content":{"rendered":"\n<p>El Grupo Municipal Socialista de Ponferrada quiere trasladar, en primer lugar, su solidaridad y apoyo a los vecinos y vecinas de Toral de Merayo, Ozuela, Rimor y Orbanajo, afectados por la grave interrupci\u00f3n del suministro de agua potable tras los deslizamientos que han da\u00f1ado la captaci\u00f3n de Santa Luc\u00eda de Valdueza.<\/p>\n\n\n\n<p>Los socialistas reconocen el esfuerzo de los servicios de emergencia, personal municipal, bomberos y administraciones implicadas para garantizar el abastecimiento provisional mediante garrafas y sistemas alternativos, pero advierten de que la situaci\u00f3n exige mensajes claros, coordinados y responsables por parte de la administraci\u00f3n local.<\/p>\n\n\n\n<p>En este sentido, el Grupo Socialista muestra su preocupaci\u00f3n por la confusi\u00f3n generada en las \u00faltimas horas, despu\u00e9s de que desde la pedan\u00eda se se\u00f1alara que el agua no potable pod\u00eda utilizarse para cocinar. \u201cEntendemos la complejidad del momento, pero creemos que es fundamental extremar la cautela en la informaci\u00f3n que se traslada a la poblaci\u00f3n. Los vecinos y vecinas necesitan seguridad, certezas y confianza, no mensajes ambiguos que puedan generar riesgos innecesarios\u201d.<\/p>\n\n\n\n<p>Desde el PSOE recuerdan adem\u00e1s que uno de los compromisos alcanzados con el Partido Popular para posibilitar la abstenci\u00f3n en la aprobaci\u00f3n de los presupuestos municipales de 2024 fue la puesta en marcha de una Mesa del Agua. Un espacio de trabajo que deb\u00eda servir para abordar, de forma planificada y conjunta, las competencias del Ayuntamiento en materia de abastecimiento en aquellas poblaciones donde la gesti\u00f3n del agua recae en las juntas vecinales.<\/p>\n\n\n\n<p>\u201cEsa mesa nunca lleg\u00f3 a activarse, y hoy estamos comprobando por qu\u00e9 era necesaria\u201d. \u201cUn marco estable de colaboraci\u00f3n y planificaci\u00f3n habr\u00eda permitido afrontar una crisis como esta con mayor solvencia y anticipaci\u00f3n\u201d.<\/p>\n\n\n\n<p>El Grupo Municipal Socialista insiste en que ahora no es momento de mensajes triunfalistas ni de minimizar la situaci\u00f3n, sino de centrarse en garantizar el suministro de agua potable con todas las garant\u00edas sanitarias, ofrecer informaci\u00f3n veraz y comprensible a los vecinos y acelerar las soluciones definitivas.<\/p>\n\n\n\n<p>Concluyen se\u00f1alando que \u201clos vecinos y vecinas de las pedan\u00edas afectadas no necesitan confusi\u00f3n ni improvisaci\u00f3n. Necesitan mucha informaci\u00f3n, respuestas claras, responsabilidad y una gesti\u00f3n rigurosa de un servicio tan esencial como el agua\u201d.<\/p>\n\n\n\n<figure class=\"wp-block-image size-large\"><img loading=\"lazy\" decoding=\"async\" width=\"1024\" height=\"648\" src=\"https:\/\/agrupacionespsoe.es\/ponferrada\/wp-content\/uploads\/sites\/36\/2026\/02\/WhatsApp-Image-2026-02-18-at-13.57.14-1024x648.jpeg\" alt=\"\" class=\"wp-image-1650\" srcset=\"https:\/\/agrupacionespsoe.es\/ponferrada\/wp-content\/uploads\/sites\/36\/2026\/02\/WhatsApp-Image-2026-02-18-at-13.57.14-1024x648.jpeg 1024w, https:\/\/agrupacionespsoe.es\/ponferrada\/wp-content\/uploads\/sites\/36\/2026\/02\/WhatsApp-Image-2026-02-18-at-13.57.14-300x190.jpeg 300w, https:\/\/agrupacionespsoe.es\/ponferrada\/wp-content\/uploads\/sites\/36\/2026\/02\/WhatsApp-Image-2026-02-18-at-13.57.14-768x486.jpeg 768w, https:\/\/agrupacionespsoe.es\/ponferrada\/wp-content\/uploads\/sites\/36\/2026\/02\/WhatsApp-Image-2026-02-18-at-13.57.14-1536x972.jpeg 1536w, https:\/\/agrupacionespsoe.es\/ponferrada\/wp-content\/uploads\/sites\/36\/2026\/02\/WhatsApp-Image-2026-02-18-at-13.57.14.jpeg 1600w\" sizes=\"auto, (max-width: 1024px) 100vw, 1024px\" \/><\/figure>\n","protected":false},"excerpt":{"rendered":"<p>El Grupo Municipal Socialista de Ponferrada quiere trasladar, en primer lugar, su solidaridad y apoyo a los vecinos y vecinas de Toral de Merayo, Ozuela, Rimor y Orbanajo, afectados por la grave interrupci\u00f3n del suministro de agua potable tras los deslizamientos que han da\u00f1ado la captaci\u00f3n de Santa Luc\u00eda de Valdueza. Los socialistas reconocen el &#8230;<\/p>\n","protected":false},"author":32,"featured_media":1650,"comment_status":"open","ping_status":"open","sticky":false,"template":"","format":"standard","meta":{"_jetpack_memberships_contains_paid_content":false,"footnotes":""},"categories":[6],"tags":[],"class_list":["post-1649","post","type-post","status-publish","format-standard","has-post-thumbnail","hentry","category-actualidad"],"yoast_head":"<!-- This site is optimized with the Yoast SEO plugin v24.0 - https:\/\/yoast.com\/wordpress\/plugins\/seo\/ -->\n<title>Criticamos la confusi\u00f3n en los mensajes oficiales sobre el uso del agua en las pedan\u00edas afectadas por el corte de agua - Agrupaci\u00f3n Socialista de Ponferrada<\/title>\n<meta name=\"robots\" content=\"index, follow, max-snippet:-1, max-image-preview:large, max-video-preview:-1\" \/>\n<link rel=\"canonical\" href=\"https:\/\/agrupacionespsoe.es\/ponferrada\/criticamos-la-confusion-en-los-mensajes-oficiales-sobre-el-uso-del-agua-en-las-pedanias-afectadas-por-el-corte-de-agua\/\" \/>\n<meta property=\"og:locale\" content=\"es_ES\" \/>\n<meta property=\"og:type\" content=\"article\" \/>\n<meta property=\"og:title\" content=\"Criticamos la confusi\u00f3n en los mensajes oficiales sobre el uso del agua en las pedan\u00edas afectadas por el corte de agua - Agrupaci\u00f3n Socialista de Ponferrada\" \/>\n<meta property=\"og:description\" content=\"El Grupo Municipal Socialista de Ponferrada quiere trasladar, en primer lugar, su solidaridad y apoyo a los vecinos y vecinas de Toral de Merayo, Ozuela, Rimor y Orbanajo, afectados por la grave interrupci\u00f3n del suministro de agua potable tras los deslizamientos que han da\u00f1ado la captaci\u00f3n de Santa Luc\u00eda de Valdueza. Los socialistas reconocen el ...\" \/>\n<meta property=\"og:url\" content=\"https:\/\/agrupacionespsoe.es\/ponferrada\/criticamos-la-confusion-en-los-mensajes-oficiales-sobre-el-uso-del-agua-en-las-pedanias-afectadas-por-el-corte-de-agua\/\" \/>\n<meta property=\"og:site_name\" content=\"Agrupaci\u00f3n Socialista de Ponferrada\" \/>\n<meta property=\"article:published_time\" content=\"2026-02-18T12:57:36+00:00\" \/>\n<meta property=\"article:modified_time\" content=\"2026-02-18T12:57:37+00:00\" \/>\n<meta property=\"og:image\" content=\"https:\/\/agrupacionespsoe.es\/ponferrada\/wp-content\/uploads\/sites\/36\/2026\/02\/WhatsApp-Image-2026-02-18-at-13.57.14.jpeg\" \/>\n\t<meta property=\"og:image:width\" content=\"1600\" \/>\n\t<meta property=\"og:image:height\" content=\"1013\" \/>\n\t<meta property=\"og:image:type\" content=\"image\/jpeg\" \/>\n<meta name=\"author\" content=\"ponferrada2\" \/>\n<meta name=\"twitter:card\" content=\"summary_large_image\" \/>\n<meta name=\"twitter:label1\" content=\"Escrito por\" \/>\n\t<meta name=\"twitter:data1\" content=\"ponferrada2\" \/>\n\t<meta name=\"twitter:label2\" content=\"Tiempo de lectura\" \/>\n\t<meta name=\"twitter:data2\" content=\"2 minutos\" \/>\n<script type=\"application\/ld+json\" class=\"yoast-schema-graph\">{\"@context\":\"https:\/\/schema.org\",\"@graph\":[{\"@type\":\"Article\",\"@id\":\"https:\/\/agrupacionespsoe.es\/ponferrada\/criticamos-la-confusion-en-los-mensajes-oficiales-sobre-el-uso-del-agua-en-las-pedanias-afectadas-por-el-corte-de-agua\/#article\",\"isPartOf\":{\"@id\":\"https:\/\/agrupacionespsoe.es\/ponferrada\/criticamos-la-confusion-en-los-mensajes-oficiales-sobre-el-uso-del-agua-en-las-pedanias-afectadas-por-el-corte-de-agua\/\"},\"author\":{\"name\":\"ponferrada2\",\"@id\":\"https:\/\/agrupacionespsoe.es\/ponferrada\/#\/schema\/person\/cd29ee627f3b70c05d415f02596debaa\"},\"headline\":\"Criticamos la confusi\u00f3n en los mensajes oficiales sobre el uso del agua en las pedan\u00edas afectadas por el corte de agua\",\"datePublished\":\"2026-02-18T12:57:36+00:00\",\"dateModified\":\"2026-02-18T12:57:37+00:00\",\"mainEntityOfPage\":{\"@id\":\"https:\/\/agrupacionespsoe.es\/ponferrada\/criticamos-la-confusion-en-los-mensajes-oficiales-sobre-el-uso-del-agua-en-las-pedanias-afectadas-por-el-corte-de-agua\/\"},\"wordCount\":409,\"commentCount\":0,\"publisher\":{\"@id\":\"https:\/\/agrupacionespsoe.es\/ponferrada\/#organization\"},\"image\":{\"@id\":\"https:\/\/agrupacionespsoe.es\/ponferrada\/criticamos-la-confusion-en-los-mensajes-oficiales-sobre-el-uso-del-agua-en-las-pedanias-afectadas-por-el-corte-de-agua\/#primaryimage\"},\"thumbnailUrl\":\"https:\/\/agrupacionespsoe.es\/ponferrada\/wp-content\/uploads\/sites\/36\/2026\/02\/WhatsApp-Image-2026-02-18-at-13.57.14.jpeg\",\"articleSection\":[\"ACTUALIDAD\"],\"inLanguage\":\"es\",\"potentialAction\":[{\"@type\":\"CommentAction\",\"name\":\"Comment\",\"target\":[\"https:\/\/agrupacionespsoe.es\/ponferrada\/criticamos-la-confusion-en-los-mensajes-oficiales-sobre-el-uso-del-agua-en-las-pedanias-afectadas-por-el-corte-de-agua\/#respond\"]}]},{\"@type\":\"WebPage\",\"@id\":\"https:\/\/agrupacionespsoe.es\/ponferrada\/criticamos-la-confusion-en-los-mensajes-oficiales-sobre-el-uso-del-agua-en-las-pedanias-afectadas-por-el-corte-de-agua\/\",\"url\":\"https:\/\/agrupacionespsoe.es\/ponferrada\/criticamos-la-confusion-en-los-mensajes-oficiales-sobre-el-uso-del-agua-en-las-pedanias-afectadas-por-el-corte-de-agua\/\",\"name\":\"Criticamos la confusi\u00f3n en los mensajes oficiales sobre el uso del agua en las pedan\u00edas afectadas por el corte de agua - Agrupaci\u00f3n Socialista de Ponferrada\",\"isPartOf\":{\"@id\":\"https:\/\/agrupacionespsoe.es\/ponferrada\/#website\"},\"primaryImageOfPage\":{\"@id\":\"https:\/\/agrupacionespsoe.es\/ponferrada\/criticamos-la-confusion-en-los-mensajes-oficiales-sobre-el-uso-del-agua-en-las-pedanias-afectadas-por-el-corte-de-agua\/#primaryimage\"},\"image\":{\"@id\":\"https:\/\/agrupacionespsoe.es\/ponferrada\/criticamos-la-confusion-en-los-mensajes-oficiales-sobre-el-uso-del-agua-en-las-pedanias-afectadas-por-el-corte-de-agua\/#primaryimage\"},\"thumbnailUrl\":\"https:\/\/agrupacionespsoe.es\/ponferrada\/wp-content\/uploads\/sites\/36\/2026\/02\/WhatsApp-Image-2026-02-18-at-13.57.14.jpeg\",\"datePublished\":\"2026-02-18T12:57:36+00:00\",\"dateModified\":\"2026-02-18T12:57:37+00:00\",\"breadcrumb\":{\"@id\":\"https:\/\/agrupacionespsoe.es\/ponferrada\/criticamos-la-confusion-en-los-mensajes-oficiales-sobre-el-uso-del-agua-en-las-pedanias-afectadas-por-el-corte-de-agua\/#breadcrumb\"},\"inLanguage\":\"es\",\"potentialAction\":[{\"@type\":\"ReadAction\",\"target\":[\"https:\/\/agrupacionespsoe.es\/ponferrada\/criticamos-la-confusion-en-los-mensajes-oficiales-sobre-el-uso-del-agua-en-las-pedanias-afectadas-por-el-corte-de-agua\/\"]}]},{\"@type\":\"ImageObject\",\"inLanguage\":\"es\",\"@id\":\"https:\/\/agrupacionespsoe.es\/ponferrada\/criticamos-la-confusion-en-los-mensajes-oficiales-sobre-el-uso-del-agua-en-las-pedanias-afectadas-por-el-corte-de-agua\/#primaryimage\",\"url\":\"https:\/\/agrupacionespsoe.es\/ponferrada\/wp-content\/uploads\/sites\/36\/2026\/02\/WhatsApp-Image-2026-02-18-at-13.57.14.jpeg\",\"contentUrl\":\"https:\/\/agrupacionespsoe.es\/ponferrada\/wp-content\/uploads\/sites\/36\/2026\/02\/WhatsApp-Image-2026-02-18-at-13.57.14.jpeg\",\"width\":1600,\"height\":1013},{\"@type\":\"BreadcrumbList\",\"@id\":\"https:\/\/agrupacionespsoe.es\/ponferrada\/criticamos-la-confusion-en-los-mensajes-oficiales-sobre-el-uso-del-agua-en-las-pedanias-afectadas-por-el-corte-de-agua\/#breadcrumb\",\"itemListElement\":[{\"@type\":\"ListItem\",\"position\":1,\"name\":\"Portada\",\"item\":\"https:\/\/agrupacionespsoe.es\/ponferrada\/\"},{\"@type\":\"ListItem\",\"position\":2,\"name\":\"Criticamos la confusi\u00f3n en los mensajes oficiales sobre el uso del agua en las pedan\u00edas afectadas por el corte de agua\"}]},{\"@type\":\"WebSite\",\"@id\":\"https:\/\/agrupacionespsoe.es\/ponferrada\/#website\",\"url\":\"https:\/\/agrupacionespsoe.es\/ponferrada\/\",\"name\":\"Agrupaci\u00f3n Socialista de Ponferrada\",\"description\":\"Agrupaci\u00f3n Socialista de Ponferrada\",\"publisher\":{\"@id\":\"https:\/\/agrupacionespsoe.es\/ponferrada\/#organization\"},\"potentialAction\":[{\"@type\":\"SearchAction\",\"target\":{\"@type\":\"EntryPoint\",\"urlTemplate\":\"https:\/\/agrupacionespsoe.es\/ponferrada\/?s={search_term_string}\"},\"query-input\":{\"@type\":\"PropertyValueSpecification\",\"valueRequired\":true,\"valueName\":\"search_term_string\"}}],\"inLanguage\":\"es\"},{\"@type\":\"Organization\",\"@id\":\"https:\/\/agrupacionespsoe.es\/ponferrada\/#organization\",\"name\":\"Agrupaci\u00f3n Socialista de Ponferrada\",\"url\":\"https:\/\/agrupacionespsoe.es\/ponferrada\/\",\"logo\":{\"@type\":\"ImageObject\",\"inLanguage\":\"es\",\"@id\":\"https:\/\/agrupacionespsoe.es\/ponferrada\/#\/schema\/logo\/image\/\",\"url\":\"https:\/\/agrupacionespsoe.es\/wp-content\/uploads\/2022\/07\/Logotipo_electoral_del_PSOE.png\",\"contentUrl\":\"https:\/\/agrupacionespsoe.es\/wp-content\/uploads\/2022\/07\/Logotipo_electoral_del_PSOE.png\",\"width\":422,\"height\":422,\"caption\":\"Agrupaci\u00f3n Socialista de Ponferrada\"},\"image\":{\"@id\":\"https:\/\/agrupacionespsoe.es\/ponferrada\/#\/schema\/logo\/image\/\"}},{\"@type\":\"Person\",\"@id\":\"https:\/\/agrupacionespsoe.es\/ponferrada\/#\/schema\/person\/cd29ee627f3b70c05d415f02596debaa\",\"name\":\"ponferrada2\",\"image\":{\"@type\":\"ImageObject\",\"inLanguage\":\"es\",\"@id\":\"https:\/\/agrupacionespsoe.es\/ponferrada\/#\/schema\/person\/image\/\",\"url\":\"https:\/\/secure.gravatar.com\/avatar\/f499eeb60144c664cf7b7edf75549b50?s=96&d=mm&r=g\",\"contentUrl\":\"https:\/\/secure.gravatar.com\/avatar\/f499eeb60144c664cf7b7edf75549b50?s=96&d=mm&r=g\",\"caption\":\"ponferrada2\"},\"url\":\"https:\/\/agrupacionespsoe.es\/ponferrada\/author\/ponferrada2\/\"}]}<\/script>\n<!-- \/ Yoast SEO plugin. -->","yoast_head_json":{"title":"Criticamos la confusi\u00f3n en los mensajes oficiales sobre el uso del agua en las pedan\u00edas afectadas por el corte de agua - Agrupaci\u00f3n Socialista de Ponferrada","robots":{"index":"index","follow":"follow","max-snippet":"max-snippet:-1","max-image-preview":"max-image-preview:large","max-video-preview":"max-video-preview:-1"},"canonical":"https:\/\/agrupacionespsoe.es\/ponferrada\/criticamos-la-confusion-en-los-mensajes-oficiales-sobre-el-uso-del-agua-en-las-pedanias-afectadas-por-el-corte-de-agua\/","og_locale":"es_ES","og_type":"article","og_title":"Criticamos la confusi\u00f3n en los mensajes oficiales sobre el uso del agua en las pedan\u00edas afectadas por el corte de agua - Agrupaci\u00f3n Socialista de Ponferrada","og_description":"El Grupo Municipal Socialista de Ponferrada quiere trasladar, en primer lugar, su solidaridad y apoyo a los vecinos y vecinas de Toral de Merayo, Ozuela, Rimor y Orbanajo, afectados por la grave interrupci\u00f3n del suministro de agua potable tras los deslizamientos que han da\u00f1ado la captaci\u00f3n de Santa Luc\u00eda de Valdueza. Los socialistas reconocen el ...","og_url":"https:\/\/agrupacionespsoe.es\/ponferrada\/criticamos-la-confusion-en-los-mensajes-oficiales-sobre-el-uso-del-agua-en-las-pedanias-afectadas-por-el-corte-de-agua\/","og_site_name":"Agrupaci\u00f3n Socialista de Ponferrada","article_published_time":"2026-02-18T12:57:36+00:00","article_modified_time":"2026-02-18T12:57:37+00:00","og_image":[{"width":1600,"height":1013,"url":"https:\/\/agrupacionespsoe.es\/ponferrada\/wp-content\/uploads\/sites\/36\/2026\/02\/WhatsApp-Image-2026-02-18-at-13.57.14.jpeg","type":"image\/jpeg"}],"author":"ponferrada2","twitter_card":"summary_large_image","twitter_misc":{"Escrito por":"ponferrada2","Tiempo de lectura":"2 minutos"},"schema":{"@context":"https:\/\/schema.org","@graph":[{"@type":"Article","@id":"https:\/\/agrupacionespsoe.es\/ponferrada\/criticamos-la-confusion-en-los-mensajes-oficiales-sobre-el-uso-del-agua-en-las-pedanias-afectadas-por-el-corte-de-agua\/#article","isPartOf":{"@id":"https:\/\/agrupacionespsoe.es\/ponferrada\/criticamos-la-confusion-en-los-mensajes-oficiales-sobre-el-uso-del-agua-en-las-pedanias-afectadas-por-el-corte-de-agua\/"},"author":{"name":"ponferrada2","@id":"https:\/\/agrupacionespsoe.es\/ponferrada\/#\/schema\/person\/cd29ee627f3b70c05d415f02596debaa"},"headline":"Criticamos la confusi\u00f3n en los mensajes oficiales sobre el uso del agua en las pedan\u00edas afectadas por el corte de agua","datePublished":"2026-02-18T12:57:36+00:00","dateModified":"2026-02-18T12:57:37+00:00","mainEntityOfPage":{"@id":"https:\/\/agrupacionespsoe.es\/ponferrada\/criticamos-la-confusion-en-los-mensajes-oficiales-sobre-el-uso-del-agua-en-las-pedanias-afectadas-por-el-corte-de-agua\/"},"wordCount":409,"commentCount":0,"publisher":{"@id":"https:\/\/agrupacionespsoe.es\/ponferrada\/#organization"},"image":{"@id":"https:\/\/agrupacionespsoe.es\/ponferrada\/criticamos-la-confusion-en-los-mensajes-oficiales-sobre-el-uso-del-agua-en-las-pedanias-afectadas-por-el-corte-de-agua\/#primaryimage"},"thumbnailUrl":"https:\/\/agrupacionespsoe.es\/ponferrada\/wp-content\/uploads\/sites\/36\/2026\/02\/WhatsApp-Image-2026-02-18-at-13.57.14.jpeg","articleSection":["ACTUALIDAD"],"inLanguage":"es","potentialAction":[{"@type":"CommentAction","name":"Comment","target":["https:\/\/agrupacionespsoe.es\/ponferrada\/criticamos-la-confusion-en-los-mensajes-oficiales-sobre-el-uso-del-agua-en-las-pedanias-afectadas-por-el-corte-de-agua\/#respond"]}]},{"@type":"WebPage","@id":"https:\/\/agrupacionespsoe.es\/ponferrada\/criticamos-la-confusion-en-los-mensajes-oficiales-sobre-el-uso-del-agua-en-las-pedanias-afectadas-por-el-corte-de-agua\/","url":"https:\/\/agrupacionespsoe.es\/ponferrada\/criticamos-la-confusion-en-los-mensajes-oficiales-sobre-el-uso-del-agua-en-las-pedanias-afectadas-por-el-corte-de-agua\/","name":"Criticamos la confusi\u00f3n en los mensajes oficiales sobre el uso del agua en las pedan\u00edas afectadas por el corte de agua - Agrupaci\u00f3n Socialista de Ponferrada","isPartOf":{"@id":"https:\/\/agrupacionespsoe.es\/ponferrada\/#website"},"primaryImageOfPage":{"@id":"https:\/\/agrupacionespsoe.es\/ponferrada\/criticamos-la-confusion-en-los-mensajes-oficiales-sobre-el-uso-del-agua-en-las-pedanias-afectadas-por-el-corte-de-agua\/#primaryimage"},"image":{"@id":"https:\/\/agrupacionespsoe.es\/ponferrada\/criticamos-la-confusion-en-los-mensajes-oficiales-sobre-el-uso-del-agua-en-las-pedanias-afectadas-por-el-corte-de-agua\/#primaryimage"},"thumbnailUrl":"https:\/\/agrupacionespsoe.es\/ponferrada\/wp-content\/uploads\/sites\/36\/2026\/02\/WhatsApp-Image-2026-02-18-at-13.57.14.jpeg","datePublished":"2026-02-18T12:57:36+00:00","dateModified":"2026-02-18T12:57:37+00:00","breadcrumb":{"@id":"https:\/\/agrupacionespsoe.es\/ponferrada\/criticamos-la-confusion-en-los-mensajes-oficiales-sobre-el-uso-del-agua-en-las-pedanias-afectadas-por-el-corte-de-agua\/#breadcrumb"},"inLanguage":"es","potentialAction":[{"@type":"ReadAction","target":["https:\/\/agrupacionespsoe.es\/ponferrada\/criticamos-la-confusion-en-los-mensajes-oficiales-sobre-el-uso-del-agua-en-las-pedanias-afectadas-por-el-corte-de-agua\/"]}]},{"@type":"ImageObject","inLanguage":"es","@id":"https:\/\/agrupacionespsoe.es\/ponferrada\/criticamos-la-confusion-en-los-mensajes-oficiales-sobre-el-uso-del-agua-en-las-pedanias-afectadas-por-el-corte-de-agua\/#primaryimage","url":"https:\/\/agrupacionespsoe.es\/ponferrada\/wp-content\/uploads\/sites\/36\/2026\/02\/WhatsApp-Image-2026-02-18-at-13.57.14.jpeg","contentUrl":"https:\/\/agrupacionespsoe.es\/ponferrada\/wp-content\/uploads\/sites\/36\/2026\/02\/WhatsApp-Image-2026-02-18-at-13.57.14.jpeg","width":1600,"height":1013},{"@type":"BreadcrumbList","@id":"https:\/\/agrupacionespsoe.es\/ponferrada\/criticamos-la-confusion-en-los-mensajes-oficiales-sobre-el-uso-del-agua-en-las-pedanias-afectadas-por-el-corte-de-agua\/#breadcrumb","itemListElement":[{"@type":"ListItem","position":1,"name":"Portada","item":"https:\/\/agrupacionespsoe.es\/ponferrada\/"},{"@type":"ListItem","position":2,"name":"Criticamos la confusi\u00f3n en los mensajes oficiales sobre el uso del agua en las pedan\u00edas afectadas por el corte de agua"}]},{"@type":"WebSite","@id":"https:\/\/agrupacionespsoe.es\/ponferrada\/#website","url":"https:\/\/agrupacionespsoe.es\/ponferrada\/","name":"Agrupaci\u00f3n Socialista de Ponferrada","description":"Agrupaci\u00f3n Socialista de Ponferrada","publisher":{"@id":"https:\/\/agrupacionespsoe.es\/ponferrada\/#organization"},"potentialAction":[{"@type":"SearchAction","target":{"@type":"EntryPoint","urlTemplate":"https:\/\/agrupacionespsoe.es\/ponferrada\/?s={search_term_string}"},"query-input":{"@type":"PropertyValueSpecification","valueRequired":true,"valueName":"search_term_string"}}],"inLanguage":"es"},{"@type":"Organization","@id":"https:\/\/agrupacionespsoe.es\/ponferrada\/#organization","name":"Agrupaci\u00f3n Socialista de Ponferrada","url":"https:\/\/agrupacionespsoe.es\/ponferrada\/","logo":{"@type":"ImageObject","inLanguage":"es","@id":"https:\/\/agrupacionespsoe.es\/ponferrada\/#\/schema\/logo\/image\/","url":"https:\/\/agrupacionespsoe.es\/wp-content\/uploads\/2022\/07\/Logotipo_electoral_del_PSOE.png","contentUrl":"https:\/\/agrupacionespsoe.es\/wp-content\/uploads\/2022\/07\/Logotipo_electoral_del_PSOE.png","width":422,"height":422,"caption":"Agrupaci\u00f3n Socialista de Ponferrada"},"image":{"@id":"https:\/\/agrupacionespsoe.es\/ponferrada\/#\/schema\/logo\/image\/"}},{"@type":"Person","@id":"https:\/\/agrupacionespsoe.es\/ponferrada\/#\/schema\/person\/cd29ee627f3b70c05d415f02596debaa","name":"ponferrada2","image":{"@type":"ImageObject","inLanguage":"es","@id":"https:\/\/agrupacionespsoe.es\/ponferrada\/#\/schema\/person\/image\/","url":"https:\/\/secure.gravatar.com\/avatar\/f499eeb60144c664cf7b7edf75549b50?s=96&d=mm&r=g","contentUrl":"https:\/\/secure.gravatar.com\/avatar\/f499eeb60144c664cf7b7edf75549b50?s=96&d=mm&r=g","caption":"ponferrada2"},"url":"https:\/\/agrupacionespsoe.es\/ponferrada\/author\/ponferrada2\/"}]}},"jetpack_featured_media_url":"https:\/\/agrupacionespsoe.es\/ponferrada\/wp-content\/uploads\/sites\/36\/2026\/02\/WhatsApp-Image-2026-02-18-at-13.57.14.jpeg","jetpack_sharing_enabled":true,"_links":{"self":[{"href":"https:\/\/agrupacionespsoe.es\/ponferrada\/wp-json\/wp\/v2\/posts\/1649","targetHints":{"allow":["GET"]}}],"collection":[{"href":"https:\/\/agrupacionespsoe.es\/ponferrada\/wp-json\/wp\/v2\/posts"}],"about":[{"href":"https:\/\/agrupacionespsoe.es\/ponferrada\/wp-json\/wp\/v2\/types\/post"}],"author":[{"embeddable":true,"href":"https:\/\/agrupacionespsoe.es\/ponferrada\/wp-json\/wp\/v2\/users\/32"}],"replies":[{"embeddable":true,"href":"https:\/\/agrupacionespsoe.es\/ponferrada\/wp-json\/wp\/v2\/comments?post=1649"}],"version-history":[{"count":2,"href":"https:\/\/agrupacionespsoe.es\/ponferrada\/wp-json\/wp\/v2\/posts\/1649\/revisions"}],"predecessor-version":[{"id":1652,"href":"https:\/\/agrupacionespsoe.es\/ponferrada\/wp-json\/wp\/v2\/posts\/1649\/revisions\/1652"}],"wp:featuredmedia":[{"embeddable":true,"href":"https:\/\/agrupacionespsoe.es\/ponferrada\/wp-json\/wp\/v2\/media\/1650"}],"wp:attachment":[{"href":"https:\/\/agrupacionespsoe.es\/ponferrada\/wp-json\/wp\/v2\/media?parent=1649"}],"wp:term":[{"taxonomy":"category","embeddable":true,"href":"https:\/\/agrupacionespsoe.es\/ponferrada\/wp-json\/wp\/v2\/categories?post=1649"},{"taxonomy":"post_tag","embeddable":true,"href":"https:\/\/agrupacionespsoe.es\/ponferrada\/wp-json\/wp\/v2\/tags?post=1649"}],"curies":[{"name":"wp","href":"https:\/\/api.w.org\/{rel}","templated":true}]}}