{"id":1629,"date":"2026-02-16T11:34:52","date_gmt":"2026-02-16T11:34:52","guid":{"rendered":"https:\/\/agrupacionespsoe.es\/ponferrada\/?p=1629"},"modified":"2026-02-16T11:35:06","modified_gmt":"2026-02-16T11:35:06","slug":"morala-anuncia-ahora-la-ite-tras-casi-tres-anos-de-inaccion-y-con-edificios-ya-en-riesgo","status":"publish","type":"post","link":"https:\/\/agrupacionespsoe.es\/ponferrada\/morala-anuncia-ahora-la-ite-tras-casi-tres-anos-de-inaccion-y-con-edificios-ya-en-riesgo\/","title":{"rendered":"Morala anuncia ahora la ITE tras casi tres a\u00f1os de inacci\u00f3n y con edificios ya en riesgo"},"content":{"rendered":"\n<p>El Grupo Municipal Socialista de Ponferrada responde a las declaraciones del alcalde, Marco Morala, en las que anuncia el inicio de la elaboraci\u00f3n de una ordenanza para aplicar la Inspecci\u00f3n T\u00e9cnica de Edificios (ITE), record\u00e1ndole que esta medida llega tarde, despu\u00e9s de casi tres a\u00f1os de gobierno sin haber hecho nada.<\/p>\n\n\n\n<p>Desde el grupo socialista recuerdan que el anterior equipo de gobierno dej\u00f3 redactado y listo el borrador de la ordenanza de la ITE, preparado para su aprobaci\u00f3n nada m\u00e1s iniciarse el actual mandato. \u201cNo hablamos de una idea, sino de un trabajo terminado que el alcalde ha mantenido guardado en un caj\u00f3n durante todo este tiempo\u201d.<\/p>\n\n\n\n<p>\u201cEstamos convencidos de que la ordenanza que ahora anuncian no diferir\u00e1 en lo sustancial de la que el anterior equipo de gobierno dej\u00f3 lista en 2023, con la diferencia de que se han perdido casi tres a\u00f1os por el camino\u201d.<\/p>\n\n\n\n<figure class=\"wp-block-image size-large\"><img loading=\"lazy\" decoding=\"async\" width=\"768\" height=\"1024\" src=\"https:\/\/agrupacionespsoe.es\/ponferrada\/wp-content\/uploads\/sites\/36\/2026\/02\/WhatsApp-Image-2026-02-16-at-12.34.03-768x1024.jpeg\" alt=\"\" class=\"wp-image-1631\" srcset=\"https:\/\/agrupacionespsoe.es\/ponferrada\/wp-content\/uploads\/sites\/36\/2026\/02\/WhatsApp-Image-2026-02-16-at-12.34.03-768x1024.jpeg 768w, https:\/\/agrupacionespsoe.es\/ponferrada\/wp-content\/uploads\/sites\/36\/2026\/02\/WhatsApp-Image-2026-02-16-at-12.34.03-225x300.jpeg 225w, https:\/\/agrupacionespsoe.es\/ponferrada\/wp-content\/uploads\/sites\/36\/2026\/02\/WhatsApp-Image-2026-02-16-at-12.34.03-1152x1536.jpeg 1152w, https:\/\/agrupacionespsoe.es\/ponferrada\/wp-content\/uploads\/sites\/36\/2026\/02\/WhatsApp-Image-2026-02-16-at-12.34.03.jpeg 1200w\" sizes=\"auto, (max-width: 768px) 100vw, 768px\" \/><\/figure>\n\n\n\n<p>Los socialistas consideran especialmente grave que el anuncio llegue ahora, cuando ya se han producido desprendimientos, edificios en ruina y zonas acordonadas en distintos puntos de la ciudad. \u201cGobernar a golpe de nota de prensa despu\u00e9s de que los problemas estallen no es prevenir, es reaccionar tarde\u201d, advierten, recordando adem\u00e1s que si hoy no existe un censo de edificios en mal estado es porque el equipo de gobierno no ha querido hacerlo antes.<\/p>\n\n\n\n<p>Desde el Grupo Socialista insisten en que anunciar ahora la ordenanza no soluciona los riesgos actuales, y exigen al Ayuntamiento que acelere su aprobaci\u00f3n, active los mecanismos de control ya existentes y act\u00fae de forma subsidiaria cuando sea necesario para garantizar la seguridad de vecinos y colindantes.<\/p>\n\n\n\n<p>Concluyen se\u00f1alando que \u201cdespu\u00e9s de casi tres a\u00f1os gobernando, ya no vale decir que ahora empiezan. La seguridad de los vecinos exige menos anuncios y m\u00e1s gesti\u00f3n\u201d.<\/p>\n\n\n\n<figure class=\"wp-block-image size-large\"><img loading=\"lazy\" decoding=\"async\" width=\"1024\" height=\"768\" src=\"https:\/\/agrupacionespsoe.es\/ponferrada\/wp-content\/uploads\/sites\/36\/2026\/02\/WhatsApp-Image-2026-02-16-at-12.34.03-1-1024x768.jpeg\" alt=\"\" class=\"wp-image-1630\" srcset=\"https:\/\/agrupacionespsoe.es\/ponferrada\/wp-content\/uploads\/sites\/36\/2026\/02\/WhatsApp-Image-2026-02-16-at-12.34.03-1-1024x768.jpeg 1024w, https:\/\/agrupacionespsoe.es\/ponferrada\/wp-content\/uploads\/sites\/36\/2026\/02\/WhatsApp-Image-2026-02-16-at-12.34.03-1-300x225.jpeg 300w, https:\/\/agrupacionespsoe.es\/ponferrada\/wp-content\/uploads\/sites\/36\/2026\/02\/WhatsApp-Image-2026-02-16-at-12.34.03-1-768x576.jpeg 768w, https:\/\/agrupacionespsoe.es\/ponferrada\/wp-content\/uploads\/sites\/36\/2026\/02\/WhatsApp-Image-2026-02-16-at-12.34.03-1-1536x1152.jpeg 1536w, https:\/\/agrupacionespsoe.es\/ponferrada\/wp-content\/uploads\/sites\/36\/2026\/02\/WhatsApp-Image-2026-02-16-at-12.34.03-1.jpeg 2000w\" sizes=\"auto, (max-width: 1024px) 100vw, 1024px\" \/><\/figure>\n","protected":false},"excerpt":{"rendered":"<p>El Grupo Municipal Socialista de Ponferrada responde a las declaraciones del alcalde, Marco Morala, en las que anuncia el inicio de la elaboraci\u00f3n de una ordenanza para aplicar la Inspecci\u00f3n T\u00e9cnica de Edificios (ITE), record\u00e1ndole que esta medida llega tarde, despu\u00e9s de casi tres a\u00f1os de gobierno sin haber hecho nada. Desde el grupo socialista &#8230;<\/p>\n","protected":false},"author":32,"featured_media":1631,"comment_status":"open","ping_status":"open","sticky":false,"template":"","format":"standard","meta":{"_jetpack_memberships_contains_paid_content":false,"footnotes":""},"categories":[6],"tags":[],"class_list":["post-1629","post","type-post","status-publish","format-standard","has-post-thumbnail","hentry","category-actualidad"],"yoast_head":"<!-- This site is optimized with the Yoast SEO plugin v24.0 - https:\/\/yoast.com\/wordpress\/plugins\/seo\/ -->\n<title>Morala anuncia ahora la ITE tras casi tres a\u00f1os de inacci\u00f3n y con edificios ya en riesgo - Agrupaci\u00f3n Socialista de Ponferrada<\/title>\n<meta name=\"robots\" content=\"index, follow, max-snippet:-1, max-image-preview:large, max-video-preview:-1\" \/>\n<link rel=\"canonical\" href=\"https:\/\/agrupacionespsoe.es\/ponferrada\/morala-anuncia-ahora-la-ite-tras-casi-tres-anos-de-inaccion-y-con-edificios-ya-en-riesgo\/\" \/>\n<meta property=\"og:locale\" content=\"es_ES\" \/>\n<meta property=\"og:type\" content=\"article\" \/>\n<meta property=\"og:title\" content=\"Morala anuncia ahora la ITE tras casi tres a\u00f1os de inacci\u00f3n y con edificios ya en riesgo - Agrupaci\u00f3n Socialista de Ponferrada\" \/>\n<meta property=\"og:description\" content=\"El Grupo Municipal Socialista de Ponferrada responde a las declaraciones del alcalde, Marco Morala, en las que anuncia el inicio de la elaboraci\u00f3n de una ordenanza para aplicar la Inspecci\u00f3n T\u00e9cnica de Edificios (ITE), record\u00e1ndole que esta medida llega tarde, despu\u00e9s de casi tres a\u00f1os de gobierno sin haber hecho nada. Desde el grupo socialista ...\" \/>\n<meta property=\"og:url\" content=\"https:\/\/agrupacionespsoe.es\/ponferrada\/morala-anuncia-ahora-la-ite-tras-casi-tres-anos-de-inaccion-y-con-edificios-ya-en-riesgo\/\" \/>\n<meta property=\"og:site_name\" content=\"Agrupaci\u00f3n Socialista de Ponferrada\" \/>\n<meta property=\"article:published_time\" content=\"2026-02-16T11:34:52+00:00\" \/>\n<meta property=\"article:modified_time\" content=\"2026-02-16T11:35:06+00:00\" \/>\n<meta property=\"og:image\" content=\"https:\/\/agrupacionespsoe.es\/ponferrada\/wp-content\/uploads\/sites\/36\/2026\/02\/WhatsApp-Image-2026-02-16-at-12.34.03.jpeg\" \/>\n\t<meta property=\"og:image:width\" content=\"1200\" \/>\n\t<meta property=\"og:image:height\" content=\"1600\" \/>\n\t<meta property=\"og:image:type\" content=\"image\/jpeg\" \/>\n<meta name=\"author\" content=\"ponferrada2\" \/>\n<meta name=\"twitter:card\" content=\"summary_large_image\" \/>\n<meta name=\"twitter:label1\" content=\"Escrito por\" \/>\n\t<meta name=\"twitter:data1\" content=\"ponferrada2\" \/>\n\t<meta name=\"twitter:label2\" content=\"Tiempo de lectura\" \/>\n\t<meta name=\"twitter:data2\" content=\"2 minutos\" \/>\n<script type=\"application\/ld+json\" class=\"yoast-schema-graph\">{\"@context\":\"https:\/\/schema.org\",\"@graph\":[{\"@type\":\"Article\",\"@id\":\"https:\/\/agrupacionespsoe.es\/ponferrada\/morala-anuncia-ahora-la-ite-tras-casi-tres-anos-de-inaccion-y-con-edificios-ya-en-riesgo\/#article\",\"isPartOf\":{\"@id\":\"https:\/\/agrupacionespsoe.es\/ponferrada\/morala-anuncia-ahora-la-ite-tras-casi-tres-anos-de-inaccion-y-con-edificios-ya-en-riesgo\/\"},\"author\":{\"name\":\"ponferrada2\",\"@id\":\"https:\/\/agrupacionespsoe.es\/ponferrada\/#\/schema\/person\/cd29ee627f3b70c05d415f02596debaa\"},\"headline\":\"Morala anuncia ahora la ITE tras casi tres a\u00f1os de inacci\u00f3n y con edificios ya en riesgo\",\"datePublished\":\"2026-02-16T11:34:52+00:00\",\"dateModified\":\"2026-02-16T11:35:06+00:00\",\"mainEntityOfPage\":{\"@id\":\"https:\/\/agrupacionespsoe.es\/ponferrada\/morala-anuncia-ahora-la-ite-tras-casi-tres-anos-de-inaccion-y-con-edificios-ya-en-riesgo\/\"},\"wordCount\":331,\"commentCount\":0,\"publisher\":{\"@id\":\"https:\/\/agrupacionespsoe.es\/ponferrada\/#organization\"},\"image\":{\"@id\":\"https:\/\/agrupacionespsoe.es\/ponferrada\/morala-anuncia-ahora-la-ite-tras-casi-tres-anos-de-inaccion-y-con-edificios-ya-en-riesgo\/#primaryimage\"},\"thumbnailUrl\":\"https:\/\/agrupacionespsoe.es\/ponferrada\/wp-content\/uploads\/sites\/36\/2026\/02\/WhatsApp-Image-2026-02-16-at-12.34.03.jpeg\",\"articleSection\":[\"ACTUALIDAD\"],\"inLanguage\":\"es\",\"potentialAction\":[{\"@type\":\"CommentAction\",\"name\":\"Comment\",\"target\":[\"https:\/\/agrupacionespsoe.es\/ponferrada\/morala-anuncia-ahora-la-ite-tras-casi-tres-anos-de-inaccion-y-con-edificios-ya-en-riesgo\/#respond\"]}]},{\"@type\":\"WebPage\",\"@id\":\"https:\/\/agrupacionespsoe.es\/ponferrada\/morala-anuncia-ahora-la-ite-tras-casi-tres-anos-de-inaccion-y-con-edificios-ya-en-riesgo\/\",\"url\":\"https:\/\/agrupacionespsoe.es\/ponferrada\/morala-anuncia-ahora-la-ite-tras-casi-tres-anos-de-inaccion-y-con-edificios-ya-en-riesgo\/\",\"name\":\"Morala anuncia ahora la ITE tras casi tres a\u00f1os de inacci\u00f3n y con edificios ya en riesgo - Agrupaci\u00f3n Socialista de Ponferrada\",\"isPartOf\":{\"@id\":\"https:\/\/agrupacionespsoe.es\/ponferrada\/#website\"},\"primaryImageOfPage\":{\"@id\":\"https:\/\/agrupacionespsoe.es\/ponferrada\/morala-anuncia-ahora-la-ite-tras-casi-tres-anos-de-inaccion-y-con-edificios-ya-en-riesgo\/#primaryimage\"},\"image\":{\"@id\":\"https:\/\/agrupacionespsoe.es\/ponferrada\/morala-anuncia-ahora-la-ite-tras-casi-tres-anos-de-inaccion-y-con-edificios-ya-en-riesgo\/#primaryimage\"},\"thumbnailUrl\":\"https:\/\/agrupacionespsoe.es\/ponferrada\/wp-content\/uploads\/sites\/36\/2026\/02\/WhatsApp-Image-2026-02-16-at-12.34.03.jpeg\",\"datePublished\":\"2026-02-16T11:34:52+00:00\",\"dateModified\":\"2026-02-16T11:35:06+00:00\",\"breadcrumb\":{\"@id\":\"https:\/\/agrupacionespsoe.es\/ponferrada\/morala-anuncia-ahora-la-ite-tras-casi-tres-anos-de-inaccion-y-con-edificios-ya-en-riesgo\/#breadcrumb\"},\"inLanguage\":\"es\",\"potentialAction\":[{\"@type\":\"ReadAction\",\"target\":[\"https:\/\/agrupacionespsoe.es\/ponferrada\/morala-anuncia-ahora-la-ite-tras-casi-tres-anos-de-inaccion-y-con-edificios-ya-en-riesgo\/\"]}]},{\"@type\":\"ImageObject\",\"inLanguage\":\"es\",\"@id\":\"https:\/\/agrupacionespsoe.es\/ponferrada\/morala-anuncia-ahora-la-ite-tras-casi-tres-anos-de-inaccion-y-con-edificios-ya-en-riesgo\/#primaryimage\",\"url\":\"https:\/\/agrupacionespsoe.es\/ponferrada\/wp-content\/uploads\/sites\/36\/2026\/02\/WhatsApp-Image-2026-02-16-at-12.34.03.jpeg\",\"contentUrl\":\"https:\/\/agrupacionespsoe.es\/ponferrada\/wp-content\/uploads\/sites\/36\/2026\/02\/WhatsApp-Image-2026-02-16-at-12.34.03.jpeg\",\"width\":1200,\"height\":1600},{\"@type\":\"BreadcrumbList\",\"@id\":\"https:\/\/agrupacionespsoe.es\/ponferrada\/morala-anuncia-ahora-la-ite-tras-casi-tres-anos-de-inaccion-y-con-edificios-ya-en-riesgo\/#breadcrumb\",\"itemListElement\":[{\"@type\":\"ListItem\",\"position\":1,\"name\":\"Portada\",\"item\":\"https:\/\/agrupacionespsoe.es\/ponferrada\/\"},{\"@type\":\"ListItem\",\"position\":2,\"name\":\"Morala anuncia ahora la ITE tras casi tres a\u00f1os de inacci\u00f3n y con edificios ya en riesgo\"}]},{\"@type\":\"WebSite\",\"@id\":\"https:\/\/agrupacionespsoe.es\/ponferrada\/#website\",\"url\":\"https:\/\/agrupacionespsoe.es\/ponferrada\/\",\"name\":\"Agrupaci\u00f3n Socialista de Ponferrada\",\"description\":\"Agrupaci\u00f3n Socialista de Ponferrada\",\"publisher\":{\"@id\":\"https:\/\/agrupacionespsoe.es\/ponferrada\/#organization\"},\"potentialAction\":[{\"@type\":\"SearchAction\",\"target\":{\"@type\":\"EntryPoint\",\"urlTemplate\":\"https:\/\/agrupacionespsoe.es\/ponferrada\/?s={search_term_string}\"},\"query-input\":{\"@type\":\"PropertyValueSpecification\",\"valueRequired\":true,\"valueName\":\"search_term_string\"}}],\"inLanguage\":\"es\"},{\"@type\":\"Organization\",\"@id\":\"https:\/\/agrupacionespsoe.es\/ponferrada\/#organization\",\"name\":\"Agrupaci\u00f3n Socialista de Ponferrada\",\"url\":\"https:\/\/agrupacionespsoe.es\/ponferrada\/\",\"logo\":{\"@type\":\"ImageObject\",\"inLanguage\":\"es\",\"@id\":\"https:\/\/agrupacionespsoe.es\/ponferrada\/#\/schema\/logo\/image\/\",\"url\":\"https:\/\/agrupacionespsoe.es\/wp-content\/uploads\/2022\/07\/Logotipo_electoral_del_PSOE.png\",\"contentUrl\":\"https:\/\/agrupacionespsoe.es\/wp-content\/uploads\/2022\/07\/Logotipo_electoral_del_PSOE.png\",\"width\":422,\"height\":422,\"caption\":\"Agrupaci\u00f3n Socialista de Ponferrada\"},\"image\":{\"@id\":\"https:\/\/agrupacionespsoe.es\/ponferrada\/#\/schema\/logo\/image\/\"}},{\"@type\":\"Person\",\"@id\":\"https:\/\/agrupacionespsoe.es\/ponferrada\/#\/schema\/person\/cd29ee627f3b70c05d415f02596debaa\",\"name\":\"ponferrada2\",\"image\":{\"@type\":\"ImageObject\",\"inLanguage\":\"es\",\"@id\":\"https:\/\/agrupacionespsoe.es\/ponferrada\/#\/schema\/person\/image\/\",\"url\":\"https:\/\/secure.gravatar.com\/avatar\/f499eeb60144c664cf7b7edf75549b50?s=96&d=mm&r=g\",\"contentUrl\":\"https:\/\/secure.gravatar.com\/avatar\/f499eeb60144c664cf7b7edf75549b50?s=96&d=mm&r=g\",\"caption\":\"ponferrada2\"},\"url\":\"https:\/\/agrupacionespsoe.es\/ponferrada\/author\/ponferrada2\/\"}]}<\/script>\n<!-- \/ Yoast SEO plugin. -->","yoast_head_json":{"title":"Morala anuncia ahora la ITE tras casi tres a\u00f1os de inacci\u00f3n y con edificios ya en riesgo - Agrupaci\u00f3n Socialista de Ponferrada","robots":{"index":"index","follow":"follow","max-snippet":"max-snippet:-1","max-image-preview":"max-image-preview:large","max-video-preview":"max-video-preview:-1"},"canonical":"https:\/\/agrupacionespsoe.es\/ponferrada\/morala-anuncia-ahora-la-ite-tras-casi-tres-anos-de-inaccion-y-con-edificios-ya-en-riesgo\/","og_locale":"es_ES","og_type":"article","og_title":"Morala anuncia ahora la ITE tras casi tres a\u00f1os de inacci\u00f3n y con edificios ya en riesgo - Agrupaci\u00f3n Socialista de Ponferrada","og_description":"El Grupo Municipal Socialista de Ponferrada responde a las declaraciones del alcalde, Marco Morala, en las que anuncia el inicio de la elaboraci\u00f3n de una ordenanza para aplicar la Inspecci\u00f3n T\u00e9cnica de Edificios (ITE), record\u00e1ndole que esta medida llega tarde, despu\u00e9s de casi tres a\u00f1os de gobierno sin haber hecho nada. Desde el grupo socialista ...","og_url":"https:\/\/agrupacionespsoe.es\/ponferrada\/morala-anuncia-ahora-la-ite-tras-casi-tres-anos-de-inaccion-y-con-edificios-ya-en-riesgo\/","og_site_name":"Agrupaci\u00f3n Socialista de Ponferrada","article_published_time":"2026-02-16T11:34:52+00:00","article_modified_time":"2026-02-16T11:35:06+00:00","og_image":[{"width":1200,"height":1600,"url":"https:\/\/agrupacionespsoe.es\/ponferrada\/wp-content\/uploads\/sites\/36\/2026\/02\/WhatsApp-Image-2026-02-16-at-12.34.03.jpeg","type":"image\/jpeg"}],"author":"ponferrada2","twitter_card":"summary_large_image","twitter_misc":{"Escrito por":"ponferrada2","Tiempo de lectura":"2 minutos"},"schema":{"@context":"https:\/\/schema.org","@graph":[{"@type":"Article","@id":"https:\/\/agrupacionespsoe.es\/ponferrada\/morala-anuncia-ahora-la-ite-tras-casi-tres-anos-de-inaccion-y-con-edificios-ya-en-riesgo\/#article","isPartOf":{"@id":"https:\/\/agrupacionespsoe.es\/ponferrada\/morala-anuncia-ahora-la-ite-tras-casi-tres-anos-de-inaccion-y-con-edificios-ya-en-riesgo\/"},"author":{"name":"ponferrada2","@id":"https:\/\/agrupacionespsoe.es\/ponferrada\/#\/schema\/person\/cd29ee627f3b70c05d415f02596debaa"},"headline":"Morala anuncia ahora la ITE tras casi tres a\u00f1os de inacci\u00f3n y con edificios ya en riesgo","datePublished":"2026-02-16T11:34:52+00:00","dateModified":"2026-02-16T11:35:06+00:00","mainEntityOfPage":{"@id":"https:\/\/agrupacionespsoe.es\/ponferrada\/morala-anuncia-ahora-la-ite-tras-casi-tres-anos-de-inaccion-y-con-edificios-ya-en-riesgo\/"},"wordCount":331,"commentCount":0,"publisher":{"@id":"https:\/\/agrupacionespsoe.es\/ponferrada\/#organization"},"image":{"@id":"https:\/\/agrupacionespsoe.es\/ponferrada\/morala-anuncia-ahora-la-ite-tras-casi-tres-anos-de-inaccion-y-con-edificios-ya-en-riesgo\/#primaryimage"},"thumbnailUrl":"https:\/\/agrupacionespsoe.es\/ponferrada\/wp-content\/uploads\/sites\/36\/2026\/02\/WhatsApp-Image-2026-02-16-at-12.34.03.jpeg","articleSection":["ACTUALIDAD"],"inLanguage":"es","potentialAction":[{"@type":"CommentAction","name":"Comment","target":["https:\/\/agrupacionespsoe.es\/ponferrada\/morala-anuncia-ahora-la-ite-tras-casi-tres-anos-de-inaccion-y-con-edificios-ya-en-riesgo\/#respond"]}]},{"@type":"WebPage","@id":"https:\/\/agrupacionespsoe.es\/ponferrada\/morala-anuncia-ahora-la-ite-tras-casi-tres-anos-de-inaccion-y-con-edificios-ya-en-riesgo\/","url":"https:\/\/agrupacionespsoe.es\/ponferrada\/morala-anuncia-ahora-la-ite-tras-casi-tres-anos-de-inaccion-y-con-edificios-ya-en-riesgo\/","name":"Morala anuncia ahora la ITE tras casi tres a\u00f1os de inacci\u00f3n y con edificios ya en riesgo - Agrupaci\u00f3n Socialista de Ponferrada","isPartOf":{"@id":"https:\/\/agrupacionespsoe.es\/ponferrada\/#website"},"primaryImageOfPage":{"@id":"https:\/\/agrupacionespsoe.es\/ponferrada\/morala-anuncia-ahora-la-ite-tras-casi-tres-anos-de-inaccion-y-con-edificios-ya-en-riesgo\/#primaryimage"},"image":{"@id":"https:\/\/agrupacionespsoe.es\/ponferrada\/morala-anuncia-ahora-la-ite-tras-casi-tres-anos-de-inaccion-y-con-edificios-ya-en-riesgo\/#primaryimage"},"thumbnailUrl":"https:\/\/agrupacionespsoe.es\/ponferrada\/wp-content\/uploads\/sites\/36\/2026\/02\/WhatsApp-Image-2026-02-16-at-12.34.03.jpeg","datePublished":"2026-02-16T11:34:52+00:00","dateModified":"2026-02-16T11:35:06+00:00","breadcrumb":{"@id":"https:\/\/agrupacionespsoe.es\/ponferrada\/morala-anuncia-ahora-la-ite-tras-casi-tres-anos-de-inaccion-y-con-edificios-ya-en-riesgo\/#breadcrumb"},"inLanguage":"es","potentialAction":[{"@type":"ReadAction","target":["https:\/\/agrupacionespsoe.es\/ponferrada\/morala-anuncia-ahora-la-ite-tras-casi-tres-anos-de-inaccion-y-con-edificios-ya-en-riesgo\/"]}]},{"@type":"ImageObject","inLanguage":"es","@id":"https:\/\/agrupacionespsoe.es\/ponferrada\/morala-anuncia-ahora-la-ite-tras-casi-tres-anos-de-inaccion-y-con-edificios-ya-en-riesgo\/#primaryimage","url":"https:\/\/agrupacionespsoe.es\/ponferrada\/wp-content\/uploads\/sites\/36\/2026\/02\/WhatsApp-Image-2026-02-16-at-12.34.03.jpeg","contentUrl":"https:\/\/agrupacionespsoe.es\/ponferrada\/wp-content\/uploads\/sites\/36\/2026\/02\/WhatsApp-Image-2026-02-16-at-12.34.03.jpeg","width":1200,"height":1600},{"@type":"BreadcrumbList","@id":"https:\/\/agrupacionespsoe.es\/ponferrada\/morala-anuncia-ahora-la-ite-tras-casi-tres-anos-de-inaccion-y-con-edificios-ya-en-riesgo\/#breadcrumb","itemListElement":[{"@type":"ListItem","position":1,"name":"Portada","item":"https:\/\/agrupacionespsoe.es\/ponferrada\/"},{"@type":"ListItem","position":2,"name":"Morala anuncia ahora la ITE tras casi tres a\u00f1os de inacci\u00f3n y con edificios ya en riesgo"}]},{"@type":"WebSite","@id":"https:\/\/agrupacionespsoe.es\/ponferrada\/#website","url":"https:\/\/agrupacionespsoe.es\/ponferrada\/","name":"Agrupaci\u00f3n Socialista de Ponferrada","description":"Agrupaci\u00f3n Socialista de Ponferrada","publisher":{"@id":"https:\/\/agrupacionespsoe.es\/ponferrada\/#organization"},"potentialAction":[{"@type":"SearchAction","target":{"@type":"EntryPoint","urlTemplate":"https:\/\/agrupacionespsoe.es\/ponferrada\/?s={search_term_string}"},"query-input":{"@type":"PropertyValueSpecification","valueRequired":true,"valueName":"search_term_string"}}],"inLanguage":"es"},{"@type":"Organization","@id":"https:\/\/agrupacionespsoe.es\/ponferrada\/#organization","name":"Agrupaci\u00f3n Socialista de Ponferrada","url":"https:\/\/agrupacionespsoe.es\/ponferrada\/","logo":{"@type":"ImageObject","inLanguage":"es","@id":"https:\/\/agrupacionespsoe.es\/ponferrada\/#\/schema\/logo\/image\/","url":"https:\/\/agrupacionespsoe.es\/wp-content\/uploads\/2022\/07\/Logotipo_electoral_del_PSOE.png","contentUrl":"https:\/\/agrupacionespsoe.es\/wp-content\/uploads\/2022\/07\/Logotipo_electoral_del_PSOE.png","width":422,"height":422,"caption":"Agrupaci\u00f3n Socialista de Ponferrada"},"image":{"@id":"https:\/\/agrupacionespsoe.es\/ponferrada\/#\/schema\/logo\/image\/"}},{"@type":"Person","@id":"https:\/\/agrupacionespsoe.es\/ponferrada\/#\/schema\/person\/cd29ee627f3b70c05d415f02596debaa","name":"ponferrada2","image":{"@type":"ImageObject","inLanguage":"es","@id":"https:\/\/agrupacionespsoe.es\/ponferrada\/#\/schema\/person\/image\/","url":"https:\/\/secure.gravatar.com\/avatar\/f499eeb60144c664cf7b7edf75549b50?s=96&d=mm&r=g","contentUrl":"https:\/\/secure.gravatar.com\/avatar\/f499eeb60144c664cf7b7edf75549b50?s=96&d=mm&r=g","caption":"ponferrada2"},"url":"https:\/\/agrupacionespsoe.es\/ponferrada\/author\/ponferrada2\/"}]}},"jetpack_featured_media_url":"https:\/\/agrupacionespsoe.es\/ponferrada\/wp-content\/uploads\/sites\/36\/2026\/02\/WhatsApp-Image-2026-02-16-at-12.34.03.jpeg","jetpack_sharing_enabled":true,"_links":{"self":[{"href":"https:\/\/agrupacionespsoe.es\/ponferrada\/wp-json\/wp\/v2\/posts\/1629","targetHints":{"allow":["GET"]}}],"collection":[{"href":"https:\/\/agrupacionespsoe.es\/ponferrada\/wp-json\/wp\/v2\/posts"}],"about":[{"href":"https:\/\/agrupacionespsoe.es\/ponferrada\/wp-json\/wp\/v2\/types\/post"}],"author":[{"embeddable":true,"href":"https:\/\/agrupacionespsoe.es\/ponferrada\/wp-json\/wp\/v2\/users\/32"}],"replies":[{"embeddable":true,"href":"https:\/\/agrupacionespsoe.es\/ponferrada\/wp-json\/wp\/v2\/comments?post=1629"}],"version-history":[{"count":3,"href":"https:\/\/agrupacionespsoe.es\/ponferrada\/wp-json\/wp\/v2\/posts\/1629\/revisions"}],"predecessor-version":[{"id":1634,"href":"https:\/\/agrupacionespsoe.es\/ponferrada\/wp-json\/wp\/v2\/posts\/1629\/revisions\/1634"}],"wp:featuredmedia":[{"embeddable":true,"href":"https:\/\/agrupacionespsoe.es\/ponferrada\/wp-json\/wp\/v2\/media\/1631"}],"wp:attachment":[{"href":"https:\/\/agrupacionespsoe.es\/ponferrada\/wp-json\/wp\/v2\/media?parent=1629"}],"wp:term":[{"taxonomy":"category","embeddable":true,"href":"https:\/\/agrupacionespsoe.es\/ponferrada\/wp-json\/wp\/v2\/categories?post=1629"},{"taxonomy":"post_tag","embeddable":true,"href":"https:\/\/agrupacionespsoe.es\/ponferrada\/wp-json\/wp\/v2\/tags?post=1629"}],"curies":[{"name":"wp","href":"https:\/\/api.w.org\/{rel}","templated":true}]}}