{"id":1616,"date":"2026-02-13T11:50:32","date_gmt":"2026-02-13T11:50:32","guid":{"rendered":"https:\/\/agrupacionespsoe.es\/ponferrada\/?p=1616"},"modified":"2026-02-13T11:57:19","modified_gmt":"2026-02-13T11:57:19","slug":"el-psoe-de-ponferrada-activa-su-comite-electoral-y-denuncia-el-deterioro-de-la-ciudad-bajo-el-mandato-del-pp","status":"publish","type":"post","link":"https:\/\/agrupacionespsoe.es\/ponferrada\/el-psoe-de-ponferrada-activa-su-comite-electoral-y-denuncia-el-deterioro-de-la-ciudad-bajo-el-mandato-del-pp\/","title":{"rendered":"El PSOE de Ponferrada activa su Comit\u00e9 Electoral y denuncia el deterioro de la ciudad bajo el mandato del PP"},"content":{"rendered":"\n<p>En el transcurso de la reuni\u00f3n ordinaria de febrero, la Comisi\u00f3n Ejecutiva Municipal aprob\u00f3 la designaci\u00f3n del Comit\u00e9 Electoral, que comenzar\u00e1 de inmediato a trabajar en la preparaci\u00f3n de la campa\u00f1a de las pr\u00f3ximas elecciones auton\u00f3micas, una cita que el PSOE de Ponferrada afronta con ambici\u00f3n, unidad y la convicci\u00f3n de que existe una oportunidad real de cambio en Castilla y Le\u00f3n.<\/p>\n\n\n\n<p>La Ejecutiva subray\u00f3 que el PSOE concurre a estas elecciones con el mejor candidato a la Presidencia de la Junta, Carlos Mart\u00ednez, un proyecto solvente, cre\u00edble y centrado en reforzar los servicios p\u00fablicos, el equilibrio territorial y las oportunidades para las comarcas que durante a\u00f1os han sido olvidadas por el PP. En ese proyecto, el Bierzo tendr\u00e1 una voz firme y comprometida a trav\u00e9s de Mabel Fern\u00e1ndez, que representar\u00e1 los intereses de los bercianos y bercianas en las Cortes y llevar\u00e1 a la Junta las reivindicaciones de la comarca en materia de sanidad, vivienda, empleo e infraestructuras.<\/p>\n\n\n\n<p>Durante el an\u00e1lisis pol\u00edtico de la situaci\u00f3n local, la Comisi\u00f3n Ejecutiva Municipal no pudo obviar el deterioro evidente del estado de la ciudad, con calles y barrios plagados de baches y pavimentos en mal estado. Desde el PSOE recordaron con iron\u00eda que el actual alcalde, cuando estaba en la oposici\u00f3n, afirmaba que \u00abla ciudad est\u00e1 como la pol\u00edtica del alcalde, llena de baches\u00bb. Hoy, esa frase se ha convertido en una descripci\u00f3n literal de Ponferrada bajo su mandato. \u201cMorala acert\u00f3 cuando estaba en la oposici\u00f3n: la ciudad est\u00e1 llena de baches; lo que no dijo es que ser\u00eda bajo su propio mandato.\u201d<\/p>\n\n\n\n<p>La realidad es que no hay barrio que no cuente con varios baches, muchos de ellos de gran tama\u00f1o y peligrosos para la seguridad de conductores y peatones, hasta el punto de que en algunos puntos el propio Ayuntamiento ha tenido que colocar se\u00f1ales para advertir del riesgo y hasta han tenido que cerrar alg\u00fan carril de una v\u00eda principal por el riesgo para la circulaci\u00f3n, como la Calle Amsterdam. Esta situaci\u00f3n ya ha provocado numerosos incidentes y accidentes, convirtiendo la ciudad en un aut\u00e9ntico campo de baches y evidenciando la falta de mantenimiento y de planificaci\u00f3n del equipo de gobierno. \u201cCuando un alcalde tiene que se\u00f1alizar los baches en lugar de arreglarlos, el problema ya no es el asfalto, es la gesti\u00f3n.\u201d<\/p>\n\n\n\n<figure class=\"wp-block-embed is-type-video is-provider-youtube wp-block-embed-youtube wp-embed-aspect-9-16 wp-has-aspect-ratio\"><div class=\"wp-block-embed__wrapper\">\n<iframe loading=\"lazy\" title=\"\ud83e\udee0La pol\u00edtica de baches del Sr.Morala:\" width=\"422\" height=\"750\" src=\"https:\/\/www.youtube.com\/embed\/rVCbvmYpUps?feature=oembed\" frameborder=\"0\" allow=\"accelerometer; autoplay; clipboard-write; encrypted-media; gyroscope; picture-in-picture; web-share\" referrerpolicy=\"strict-origin-when-cross-origin\" allowfullscreen><\/iframe>\n<\/div><\/figure>\n\n\n\n<p>Desde el PSOE de Ponferrada lamentan que quien antes exig\u00eda soluciones ahora mire hacia otro lado, y advierten de que esta dejadez no solo transmite una imagen de abandono, sino que supone un riesgo real para la seguridad y la calidad de vida de la ciudadan\u00eda<\/p>\n\n\n\n<p>La Comisi\u00f3n Ejecutiva tambi\u00e9n abord\u00f3 con enorme preocupaci\u00f3n el progresivo deterioro de numerosos edificios en la ciudad, tras el reciente derrumbe del antiguo garaje de la avenida de Compostilla. Desde el PSOE se advierte de que no se trata de un hecho aislado, sino de la consecuencia de una falta de control y actuaci\u00f3n eficaz en materia de Inspecci\u00f3n T\u00e9cnica de Edificaciones (ITE), obligatoria en municipios como Ponferrada. No basta con enviar requerimientos administrativos cuando existen inmuebles en evidente estado de ruina en calles con tr\u00e1nsito diario de vecinos, comercios y veh\u00edculos; cuando hay riesgo para la ciudadan\u00eda, el equipo de gobierno debe actuar de manera subsidiaria y urgente. Edificios en la calle Fueros de Le\u00f3n, Dos de Mayo, Ra\u00f1adero, la plaza de San Pedro o la propia avenida de Compostilla siguen presentando un deterioro alarmante. La seguridad no puede depender de la suerte ni de que no pase nada. La dejaci\u00f3n en el control del patrimonio edificado es una irresponsabilidad que puede tener consecuencias graves.<\/p>\n\n\n\n<p>Desde el PSOE creemos que Ponferrada no puede resignarse al deterioro, la improvisaci\u00f3n ni a un gobierno que ha convertido las excusas en su \u00fanica pol\u00edtica. Es momento de recuperar la planificaci\u00f3n, la gesti\u00f3n rigurosa y la ambici\u00f3n que merece nuestra ciudad. Con un proyecto serio, con equipo y con ilusi\u00f3n, los socialistas estamos preparados para abrir una nueva etapa que devuelva a Ponferrada el impulso, la dignidad y el orgullo que nunca debi\u00f3 perder.<\/p>\n\n\n\n<figure class=\"wp-block-image size-large\"><img loading=\"lazy\" decoding=\"async\" width=\"1024\" height=\"768\" src=\"https:\/\/agrupacionespsoe.es\/ponferrada\/wp-content\/uploads\/sites\/36\/2026\/02\/WhatsApp-Image-2026-02-12-at-14.03.02-1024x768.jpeg\" alt=\"\" class=\"wp-image-1617\" srcset=\"https:\/\/agrupacionespsoe.es\/ponferrada\/wp-content\/uploads\/sites\/36\/2026\/02\/WhatsApp-Image-2026-02-12-at-14.03.02-1024x768.jpeg 1024w, https:\/\/agrupacionespsoe.es\/ponferrada\/wp-content\/uploads\/sites\/36\/2026\/02\/WhatsApp-Image-2026-02-12-at-14.03.02-300x225.jpeg 300w, https:\/\/agrupacionespsoe.es\/ponferrada\/wp-content\/uploads\/sites\/36\/2026\/02\/WhatsApp-Image-2026-02-12-at-14.03.02-768x576.jpeg 768w, https:\/\/agrupacionespsoe.es\/ponferrada\/wp-content\/uploads\/sites\/36\/2026\/02\/WhatsApp-Image-2026-02-12-at-14.03.02-1536x1152.jpeg 1536w, https:\/\/agrupacionespsoe.es\/ponferrada\/wp-content\/uploads\/sites\/36\/2026\/02\/WhatsApp-Image-2026-02-12-at-14.03.02.jpeg 1600w\" sizes=\"auto, (max-width: 1024px) 100vw, 1024px\" \/><\/figure>\n","protected":false},"excerpt":{"rendered":"<p>En el transcurso de la reuni\u00f3n ordinaria de febrero, la Comisi\u00f3n Ejecutiva Municipal aprob\u00f3 la designaci\u00f3n del Comit\u00e9 Electoral, que comenzar\u00e1 de inmediato a trabajar en la preparaci\u00f3n de la campa\u00f1a de las pr\u00f3ximas elecciones auton\u00f3micas, una cita que el PSOE de Ponferrada afronta con ambici\u00f3n, unidad y la convicci\u00f3n de que existe una oportunidad &#8230;<\/p>\n","protected":false},"author":32,"featured_media":1617,"comment_status":"open","ping_status":"open","sticky":false,"template":"","format":"standard","meta":{"_jetpack_memberships_contains_paid_content":false,"footnotes":""},"categories":[6],"tags":[],"class_list":["post-1616","post","type-post","status-publish","format-standard","has-post-thumbnail","hentry","category-actualidad"],"yoast_head":"<!-- This site is optimized with the Yoast SEO plugin v24.0 - https:\/\/yoast.com\/wordpress\/plugins\/seo\/ -->\n<title>El PSOE de Ponferrada activa su Comit\u00e9 Electoral y denuncia el deterioro de la ciudad bajo el mandato del PP - Agrupaci\u00f3n Socialista de Ponferrada<\/title>\n<meta name=\"robots\" content=\"index, follow, max-snippet:-1, max-image-preview:large, max-video-preview:-1\" \/>\n<link rel=\"canonical\" href=\"https:\/\/agrupacionespsoe.es\/ponferrada\/el-psoe-de-ponferrada-activa-su-comite-electoral-y-denuncia-el-deterioro-de-la-ciudad-bajo-el-mandato-del-pp\/\" \/>\n<meta property=\"og:locale\" content=\"es_ES\" \/>\n<meta property=\"og:type\" content=\"article\" \/>\n<meta property=\"og:title\" content=\"El PSOE de Ponferrada activa su Comit\u00e9 Electoral y denuncia el deterioro de la ciudad bajo el mandato del PP - Agrupaci\u00f3n Socialista de Ponferrada\" \/>\n<meta property=\"og:description\" content=\"En el transcurso de la reuni\u00f3n ordinaria de febrero, la Comisi\u00f3n Ejecutiva Municipal aprob\u00f3 la designaci\u00f3n del Comit\u00e9 Electoral, que comenzar\u00e1 de inmediato a trabajar en la preparaci\u00f3n de la campa\u00f1a de las pr\u00f3ximas elecciones auton\u00f3micas, una cita que el PSOE de Ponferrada afronta con ambici\u00f3n, unidad y la convicci\u00f3n de que existe una oportunidad ...\" \/>\n<meta property=\"og:url\" content=\"https:\/\/agrupacionespsoe.es\/ponferrada\/el-psoe-de-ponferrada-activa-su-comite-electoral-y-denuncia-el-deterioro-de-la-ciudad-bajo-el-mandato-del-pp\/\" \/>\n<meta property=\"og:site_name\" content=\"Agrupaci\u00f3n Socialista de Ponferrada\" \/>\n<meta property=\"article:published_time\" content=\"2026-02-13T11:50:32+00:00\" \/>\n<meta property=\"article:modified_time\" content=\"2026-02-13T11:57:19+00:00\" \/>\n<meta property=\"og:image\" content=\"https:\/\/agrupacionespsoe.es\/ponferrada\/wp-content\/uploads\/sites\/36\/2026\/02\/WhatsApp-Image-2026-02-12-at-14.03.02.jpeg\" \/>\n\t<meta property=\"og:image:width\" content=\"1600\" \/>\n\t<meta property=\"og:image:height\" content=\"1200\" \/>\n\t<meta property=\"og:image:type\" content=\"image\/jpeg\" \/>\n<meta name=\"author\" content=\"ponferrada2\" \/>\n<meta name=\"twitter:card\" content=\"summary_large_image\" \/>\n<meta name=\"twitter:label1\" content=\"Escrito por\" \/>\n\t<meta name=\"twitter:data1\" content=\"ponferrada2\" \/>\n\t<meta name=\"twitter:label2\" content=\"Tiempo de lectura\" \/>\n\t<meta name=\"twitter:data2\" content=\"4 minutos\" \/>\n<script type=\"application\/ld+json\" class=\"yoast-schema-graph\">{\"@context\":\"https:\/\/schema.org\",\"@graph\":[{\"@type\":\"Article\",\"@id\":\"https:\/\/agrupacionespsoe.es\/ponferrada\/el-psoe-de-ponferrada-activa-su-comite-electoral-y-denuncia-el-deterioro-de-la-ciudad-bajo-el-mandato-del-pp\/#article\",\"isPartOf\":{\"@id\":\"https:\/\/agrupacionespsoe.es\/ponferrada\/el-psoe-de-ponferrada-activa-su-comite-electoral-y-denuncia-el-deterioro-de-la-ciudad-bajo-el-mandato-del-pp\/\"},\"author\":{\"name\":\"ponferrada2\",\"@id\":\"https:\/\/agrupacionespsoe.es\/ponferrada\/#\/schema\/person\/cd29ee627f3b70c05d415f02596debaa\"},\"headline\":\"El PSOE de Ponferrada activa su Comit\u00e9 Electoral y denuncia el deterioro de la ciudad bajo el mandato del PP\",\"datePublished\":\"2026-02-13T11:50:32+00:00\",\"dateModified\":\"2026-02-13T11:57:19+00:00\",\"mainEntityOfPage\":{\"@id\":\"https:\/\/agrupacionespsoe.es\/ponferrada\/el-psoe-de-ponferrada-activa-su-comite-electoral-y-denuncia-el-deterioro-de-la-ciudad-bajo-el-mandato-del-pp\/\"},\"wordCount\":755,\"commentCount\":0,\"publisher\":{\"@id\":\"https:\/\/agrupacionespsoe.es\/ponferrada\/#organization\"},\"image\":{\"@id\":\"https:\/\/agrupacionespsoe.es\/ponferrada\/el-psoe-de-ponferrada-activa-su-comite-electoral-y-denuncia-el-deterioro-de-la-ciudad-bajo-el-mandato-del-pp\/#primaryimage\"},\"thumbnailUrl\":\"https:\/\/agrupacionespsoe.es\/ponferrada\/wp-content\/uploads\/sites\/36\/2026\/02\/WhatsApp-Image-2026-02-12-at-14.03.02.jpeg\",\"articleSection\":[\"ACTUALIDAD\"],\"inLanguage\":\"es\",\"potentialAction\":[{\"@type\":\"CommentAction\",\"name\":\"Comment\",\"target\":[\"https:\/\/agrupacionespsoe.es\/ponferrada\/el-psoe-de-ponferrada-activa-su-comite-electoral-y-denuncia-el-deterioro-de-la-ciudad-bajo-el-mandato-del-pp\/#respond\"]}]},{\"@type\":\"WebPage\",\"@id\":\"https:\/\/agrupacionespsoe.es\/ponferrada\/el-psoe-de-ponferrada-activa-su-comite-electoral-y-denuncia-el-deterioro-de-la-ciudad-bajo-el-mandato-del-pp\/\",\"url\":\"https:\/\/agrupacionespsoe.es\/ponferrada\/el-psoe-de-ponferrada-activa-su-comite-electoral-y-denuncia-el-deterioro-de-la-ciudad-bajo-el-mandato-del-pp\/\",\"name\":\"El PSOE de Ponferrada activa su Comit\u00e9 Electoral y denuncia el deterioro de la ciudad bajo el mandato del PP - Agrupaci\u00f3n Socialista de Ponferrada\",\"isPartOf\":{\"@id\":\"https:\/\/agrupacionespsoe.es\/ponferrada\/#website\"},\"primaryImageOfPage\":{\"@id\":\"https:\/\/agrupacionespsoe.es\/ponferrada\/el-psoe-de-ponferrada-activa-su-comite-electoral-y-denuncia-el-deterioro-de-la-ciudad-bajo-el-mandato-del-pp\/#primaryimage\"},\"image\":{\"@id\":\"https:\/\/agrupacionespsoe.es\/ponferrada\/el-psoe-de-ponferrada-activa-su-comite-electoral-y-denuncia-el-deterioro-de-la-ciudad-bajo-el-mandato-del-pp\/#primaryimage\"},\"thumbnailUrl\":\"https:\/\/agrupacionespsoe.es\/ponferrada\/wp-content\/uploads\/sites\/36\/2026\/02\/WhatsApp-Image-2026-02-12-at-14.03.02.jpeg\",\"datePublished\":\"2026-02-13T11:50:32+00:00\",\"dateModified\":\"2026-02-13T11:57:19+00:00\",\"breadcrumb\":{\"@id\":\"https:\/\/agrupacionespsoe.es\/ponferrada\/el-psoe-de-ponferrada-activa-su-comite-electoral-y-denuncia-el-deterioro-de-la-ciudad-bajo-el-mandato-del-pp\/#breadcrumb\"},\"inLanguage\":\"es\",\"potentialAction\":[{\"@type\":\"ReadAction\",\"target\":[\"https:\/\/agrupacionespsoe.es\/ponferrada\/el-psoe-de-ponferrada-activa-su-comite-electoral-y-denuncia-el-deterioro-de-la-ciudad-bajo-el-mandato-del-pp\/\"]}]},{\"@type\":\"ImageObject\",\"inLanguage\":\"es\",\"@id\":\"https:\/\/agrupacionespsoe.es\/ponferrada\/el-psoe-de-ponferrada-activa-su-comite-electoral-y-denuncia-el-deterioro-de-la-ciudad-bajo-el-mandato-del-pp\/#primaryimage\",\"url\":\"https:\/\/agrupacionespsoe.es\/ponferrada\/wp-content\/uploads\/sites\/36\/2026\/02\/WhatsApp-Image-2026-02-12-at-14.03.02.jpeg\",\"contentUrl\":\"https:\/\/agrupacionespsoe.es\/ponferrada\/wp-content\/uploads\/sites\/36\/2026\/02\/WhatsApp-Image-2026-02-12-at-14.03.02.jpeg\",\"width\":1600,\"height\":1200},{\"@type\":\"BreadcrumbList\",\"@id\":\"https:\/\/agrupacionespsoe.es\/ponferrada\/el-psoe-de-ponferrada-activa-su-comite-electoral-y-denuncia-el-deterioro-de-la-ciudad-bajo-el-mandato-del-pp\/#breadcrumb\",\"itemListElement\":[{\"@type\":\"ListItem\",\"position\":1,\"name\":\"Portada\",\"item\":\"https:\/\/agrupacionespsoe.es\/ponferrada\/\"},{\"@type\":\"ListItem\",\"position\":2,\"name\":\"El PSOE de Ponferrada activa su Comit\u00e9 Electoral y denuncia el deterioro de la ciudad bajo el mandato del PP\"}]},{\"@type\":\"WebSite\",\"@id\":\"https:\/\/agrupacionespsoe.es\/ponferrada\/#website\",\"url\":\"https:\/\/agrupacionespsoe.es\/ponferrada\/\",\"name\":\"Agrupaci\u00f3n Socialista de Ponferrada\",\"description\":\"Agrupaci\u00f3n Socialista de Ponferrada\",\"publisher\":{\"@id\":\"https:\/\/agrupacionespsoe.es\/ponferrada\/#organization\"},\"potentialAction\":[{\"@type\":\"SearchAction\",\"target\":{\"@type\":\"EntryPoint\",\"urlTemplate\":\"https:\/\/agrupacionespsoe.es\/ponferrada\/?s={search_term_string}\"},\"query-input\":{\"@type\":\"PropertyValueSpecification\",\"valueRequired\":true,\"valueName\":\"search_term_string\"}}],\"inLanguage\":\"es\"},{\"@type\":\"Organization\",\"@id\":\"https:\/\/agrupacionespsoe.es\/ponferrada\/#organization\",\"name\":\"Agrupaci\u00f3n Socialista de Ponferrada\",\"url\":\"https:\/\/agrupacionespsoe.es\/ponferrada\/\",\"logo\":{\"@type\":\"ImageObject\",\"inLanguage\":\"es\",\"@id\":\"https:\/\/agrupacionespsoe.es\/ponferrada\/#\/schema\/logo\/image\/\",\"url\":\"https:\/\/agrupacionespsoe.es\/wp-content\/uploads\/2022\/07\/Logotipo_electoral_del_PSOE.png\",\"contentUrl\":\"https:\/\/agrupacionespsoe.es\/wp-content\/uploads\/2022\/07\/Logotipo_electoral_del_PSOE.png\",\"width\":422,\"height\":422,\"caption\":\"Agrupaci\u00f3n Socialista de Ponferrada\"},\"image\":{\"@id\":\"https:\/\/agrupacionespsoe.es\/ponferrada\/#\/schema\/logo\/image\/\"}},{\"@type\":\"Person\",\"@id\":\"https:\/\/agrupacionespsoe.es\/ponferrada\/#\/schema\/person\/cd29ee627f3b70c05d415f02596debaa\",\"name\":\"ponferrada2\",\"image\":{\"@type\":\"ImageObject\",\"inLanguage\":\"es\",\"@id\":\"https:\/\/agrupacionespsoe.es\/ponferrada\/#\/schema\/person\/image\/\",\"url\":\"https:\/\/secure.gravatar.com\/avatar\/f499eeb60144c664cf7b7edf75549b50?s=96&d=mm&r=g\",\"contentUrl\":\"https:\/\/secure.gravatar.com\/avatar\/f499eeb60144c664cf7b7edf75549b50?s=96&d=mm&r=g\",\"caption\":\"ponferrada2\"},\"url\":\"https:\/\/agrupacionespsoe.es\/ponferrada\/author\/ponferrada2\/\"}]}<\/script>\n<!-- \/ Yoast SEO plugin. -->","yoast_head_json":{"title":"El PSOE de Ponferrada activa su Comit\u00e9 Electoral y denuncia el deterioro de la ciudad bajo el mandato del PP - Agrupaci\u00f3n Socialista de Ponferrada","robots":{"index":"index","follow":"follow","max-snippet":"max-snippet:-1","max-image-preview":"max-image-preview:large","max-video-preview":"max-video-preview:-1"},"canonical":"https:\/\/agrupacionespsoe.es\/ponferrada\/el-psoe-de-ponferrada-activa-su-comite-electoral-y-denuncia-el-deterioro-de-la-ciudad-bajo-el-mandato-del-pp\/","og_locale":"es_ES","og_type":"article","og_title":"El PSOE de Ponferrada activa su Comit\u00e9 Electoral y denuncia el deterioro de la ciudad bajo el mandato del PP - Agrupaci\u00f3n Socialista de Ponferrada","og_description":"En el transcurso de la reuni\u00f3n ordinaria de febrero, la Comisi\u00f3n Ejecutiva Municipal aprob\u00f3 la designaci\u00f3n del Comit\u00e9 Electoral, que comenzar\u00e1 de inmediato a trabajar en la preparaci\u00f3n de la campa\u00f1a de las pr\u00f3ximas elecciones auton\u00f3micas, una cita que el PSOE de Ponferrada afronta con ambici\u00f3n, unidad y la convicci\u00f3n de que existe una oportunidad ...","og_url":"https:\/\/agrupacionespsoe.es\/ponferrada\/el-psoe-de-ponferrada-activa-su-comite-electoral-y-denuncia-el-deterioro-de-la-ciudad-bajo-el-mandato-del-pp\/","og_site_name":"Agrupaci\u00f3n Socialista de Ponferrada","article_published_time":"2026-02-13T11:50:32+00:00","article_modified_time":"2026-02-13T11:57:19+00:00","og_image":[{"width":1600,"height":1200,"url":"https:\/\/agrupacionespsoe.es\/ponferrada\/wp-content\/uploads\/sites\/36\/2026\/02\/WhatsApp-Image-2026-02-12-at-14.03.02.jpeg","type":"image\/jpeg"}],"author":"ponferrada2","twitter_card":"summary_large_image","twitter_misc":{"Escrito por":"ponferrada2","Tiempo de lectura":"4 minutos"},"schema":{"@context":"https:\/\/schema.org","@graph":[{"@type":"Article","@id":"https:\/\/agrupacionespsoe.es\/ponferrada\/el-psoe-de-ponferrada-activa-su-comite-electoral-y-denuncia-el-deterioro-de-la-ciudad-bajo-el-mandato-del-pp\/#article","isPartOf":{"@id":"https:\/\/agrupacionespsoe.es\/ponferrada\/el-psoe-de-ponferrada-activa-su-comite-electoral-y-denuncia-el-deterioro-de-la-ciudad-bajo-el-mandato-del-pp\/"},"author":{"name":"ponferrada2","@id":"https:\/\/agrupacionespsoe.es\/ponferrada\/#\/schema\/person\/cd29ee627f3b70c05d415f02596debaa"},"headline":"El PSOE de Ponferrada activa su Comit\u00e9 Electoral y denuncia el deterioro de la ciudad bajo el mandato del PP","datePublished":"2026-02-13T11:50:32+00:00","dateModified":"2026-02-13T11:57:19+00:00","mainEntityOfPage":{"@id":"https:\/\/agrupacionespsoe.es\/ponferrada\/el-psoe-de-ponferrada-activa-su-comite-electoral-y-denuncia-el-deterioro-de-la-ciudad-bajo-el-mandato-del-pp\/"},"wordCount":755,"commentCount":0,"publisher":{"@id":"https:\/\/agrupacionespsoe.es\/ponferrada\/#organization"},"image":{"@id":"https:\/\/agrupacionespsoe.es\/ponferrada\/el-psoe-de-ponferrada-activa-su-comite-electoral-y-denuncia-el-deterioro-de-la-ciudad-bajo-el-mandato-del-pp\/#primaryimage"},"thumbnailUrl":"https:\/\/agrupacionespsoe.es\/ponferrada\/wp-content\/uploads\/sites\/36\/2026\/02\/WhatsApp-Image-2026-02-12-at-14.03.02.jpeg","articleSection":["ACTUALIDAD"],"inLanguage":"es","potentialAction":[{"@type":"CommentAction","name":"Comment","target":["https:\/\/agrupacionespsoe.es\/ponferrada\/el-psoe-de-ponferrada-activa-su-comite-electoral-y-denuncia-el-deterioro-de-la-ciudad-bajo-el-mandato-del-pp\/#respond"]}]},{"@type":"WebPage","@id":"https:\/\/agrupacionespsoe.es\/ponferrada\/el-psoe-de-ponferrada-activa-su-comite-electoral-y-denuncia-el-deterioro-de-la-ciudad-bajo-el-mandato-del-pp\/","url":"https:\/\/agrupacionespsoe.es\/ponferrada\/el-psoe-de-ponferrada-activa-su-comite-electoral-y-denuncia-el-deterioro-de-la-ciudad-bajo-el-mandato-del-pp\/","name":"El PSOE de Ponferrada activa su Comit\u00e9 Electoral y denuncia el deterioro de la ciudad bajo el mandato del PP - Agrupaci\u00f3n Socialista de Ponferrada","isPartOf":{"@id":"https:\/\/agrupacionespsoe.es\/ponferrada\/#website"},"primaryImageOfPage":{"@id":"https:\/\/agrupacionespsoe.es\/ponferrada\/el-psoe-de-ponferrada-activa-su-comite-electoral-y-denuncia-el-deterioro-de-la-ciudad-bajo-el-mandato-del-pp\/#primaryimage"},"image":{"@id":"https:\/\/agrupacionespsoe.es\/ponferrada\/el-psoe-de-ponferrada-activa-su-comite-electoral-y-denuncia-el-deterioro-de-la-ciudad-bajo-el-mandato-del-pp\/#primaryimage"},"thumbnailUrl":"https:\/\/agrupacionespsoe.es\/ponferrada\/wp-content\/uploads\/sites\/36\/2026\/02\/WhatsApp-Image-2026-02-12-at-14.03.02.jpeg","datePublished":"2026-02-13T11:50:32+00:00","dateModified":"2026-02-13T11:57:19+00:00","breadcrumb":{"@id":"https:\/\/agrupacionespsoe.es\/ponferrada\/el-psoe-de-ponferrada-activa-su-comite-electoral-y-denuncia-el-deterioro-de-la-ciudad-bajo-el-mandato-del-pp\/#breadcrumb"},"inLanguage":"es","potentialAction":[{"@type":"ReadAction","target":["https:\/\/agrupacionespsoe.es\/ponferrada\/el-psoe-de-ponferrada-activa-su-comite-electoral-y-denuncia-el-deterioro-de-la-ciudad-bajo-el-mandato-del-pp\/"]}]},{"@type":"ImageObject","inLanguage":"es","@id":"https:\/\/agrupacionespsoe.es\/ponferrada\/el-psoe-de-ponferrada-activa-su-comite-electoral-y-denuncia-el-deterioro-de-la-ciudad-bajo-el-mandato-del-pp\/#primaryimage","url":"https:\/\/agrupacionespsoe.es\/ponferrada\/wp-content\/uploads\/sites\/36\/2026\/02\/WhatsApp-Image-2026-02-12-at-14.03.02.jpeg","contentUrl":"https:\/\/agrupacionespsoe.es\/ponferrada\/wp-content\/uploads\/sites\/36\/2026\/02\/WhatsApp-Image-2026-02-12-at-14.03.02.jpeg","width":1600,"height":1200},{"@type":"BreadcrumbList","@id":"https:\/\/agrupacionespsoe.es\/ponferrada\/el-psoe-de-ponferrada-activa-su-comite-electoral-y-denuncia-el-deterioro-de-la-ciudad-bajo-el-mandato-del-pp\/#breadcrumb","itemListElement":[{"@type":"ListItem","position":1,"name":"Portada","item":"https:\/\/agrupacionespsoe.es\/ponferrada\/"},{"@type":"ListItem","position":2,"name":"El PSOE de Ponferrada activa su Comit\u00e9 Electoral y denuncia el deterioro de la ciudad bajo el mandato del PP"}]},{"@type":"WebSite","@id":"https:\/\/agrupacionespsoe.es\/ponferrada\/#website","url":"https:\/\/agrupacionespsoe.es\/ponferrada\/","name":"Agrupaci\u00f3n Socialista de Ponferrada","description":"Agrupaci\u00f3n Socialista de Ponferrada","publisher":{"@id":"https:\/\/agrupacionespsoe.es\/ponferrada\/#organization"},"potentialAction":[{"@type":"SearchAction","target":{"@type":"EntryPoint","urlTemplate":"https:\/\/agrupacionespsoe.es\/ponferrada\/?s={search_term_string}"},"query-input":{"@type":"PropertyValueSpecification","valueRequired":true,"valueName":"search_term_string"}}],"inLanguage":"es"},{"@type":"Organization","@id":"https:\/\/agrupacionespsoe.es\/ponferrada\/#organization","name":"Agrupaci\u00f3n Socialista de Ponferrada","url":"https:\/\/agrupacionespsoe.es\/ponferrada\/","logo":{"@type":"ImageObject","inLanguage":"es","@id":"https:\/\/agrupacionespsoe.es\/ponferrada\/#\/schema\/logo\/image\/","url":"https:\/\/agrupacionespsoe.es\/wp-content\/uploads\/2022\/07\/Logotipo_electoral_del_PSOE.png","contentUrl":"https:\/\/agrupacionespsoe.es\/wp-content\/uploads\/2022\/07\/Logotipo_electoral_del_PSOE.png","width":422,"height":422,"caption":"Agrupaci\u00f3n Socialista de Ponferrada"},"image":{"@id":"https:\/\/agrupacionespsoe.es\/ponferrada\/#\/schema\/logo\/image\/"}},{"@type":"Person","@id":"https:\/\/agrupacionespsoe.es\/ponferrada\/#\/schema\/person\/cd29ee627f3b70c05d415f02596debaa","name":"ponferrada2","image":{"@type":"ImageObject","inLanguage":"es","@id":"https:\/\/agrupacionespsoe.es\/ponferrada\/#\/schema\/person\/image\/","url":"https:\/\/secure.gravatar.com\/avatar\/f499eeb60144c664cf7b7edf75549b50?s=96&d=mm&r=g","contentUrl":"https:\/\/secure.gravatar.com\/avatar\/f499eeb60144c664cf7b7edf75549b50?s=96&d=mm&r=g","caption":"ponferrada2"},"url":"https:\/\/agrupacionespsoe.es\/ponferrada\/author\/ponferrada2\/"}]}},"jetpack_featured_media_url":"https:\/\/agrupacionespsoe.es\/ponferrada\/wp-content\/uploads\/sites\/36\/2026\/02\/WhatsApp-Image-2026-02-12-at-14.03.02.jpeg","jetpack_sharing_enabled":true,"_links":{"self":[{"href":"https:\/\/agrupacionespsoe.es\/ponferrada\/wp-json\/wp\/v2\/posts\/1616","targetHints":{"allow":["GET"]}}],"collection":[{"href":"https:\/\/agrupacionespsoe.es\/ponferrada\/wp-json\/wp\/v2\/posts"}],"about":[{"href":"https:\/\/agrupacionespsoe.es\/ponferrada\/wp-json\/wp\/v2\/types\/post"}],"author":[{"embeddable":true,"href":"https:\/\/agrupacionespsoe.es\/ponferrada\/wp-json\/wp\/v2\/users\/32"}],"replies":[{"embeddable":true,"href":"https:\/\/agrupacionespsoe.es\/ponferrada\/wp-json\/wp\/v2\/comments?post=1616"}],"version-history":[{"count":3,"href":"https:\/\/agrupacionespsoe.es\/ponferrada\/wp-json\/wp\/v2\/posts\/1616\/revisions"}],"predecessor-version":[{"id":1624,"href":"https:\/\/agrupacionespsoe.es\/ponferrada\/wp-json\/wp\/v2\/posts\/1616\/revisions\/1624"}],"wp:featuredmedia":[{"embeddable":true,"href":"https:\/\/agrupacionespsoe.es\/ponferrada\/wp-json\/wp\/v2\/media\/1617"}],"wp:attachment":[{"href":"https:\/\/agrupacionespsoe.es\/ponferrada\/wp-json\/wp\/v2\/media?parent=1616"}],"wp:term":[{"taxonomy":"category","embeddable":true,"href":"https:\/\/agrupacionespsoe.es\/ponferrada\/wp-json\/wp\/v2\/categories?post=1616"},{"taxonomy":"post_tag","embeddable":true,"href":"https:\/\/agrupacionespsoe.es\/ponferrada\/wp-json\/wp\/v2\/tags?post=1616"}],"curies":[{"name":"wp","href":"https:\/\/api.w.org\/{rel}","templated":true}]}}