{"id":1612,"date":"2026-02-12T11:18:35","date_gmt":"2026-02-12T11:18:35","guid":{"rendered":"https:\/\/agrupacionespsoe.es\/ponferrada\/?p=1612"},"modified":"2026-02-12T11:18:36","modified_gmt":"2026-02-12T11:18:36","slug":"el-psoe-desmonta-el-relato-triunfalista-del-pp-ponferrada-cerro-2025-con-18-comercios-menos-y-17-industrias-menos","status":"publish","type":"post","link":"https:\/\/agrupacionespsoe.es\/ponferrada\/el-psoe-desmonta-el-relato-triunfalista-del-pp-ponferrada-cerro-2025-con-18-comercios-menos-y-17-industrias-menos\/","title":{"rendered":"El PSOE desmonta el \u201crelato triunfalista\u201d del PP: Ponferrada cerr\u00f3 2025 con 18 comercios menos y 17 industrias menos"},"content":{"rendered":"\n<p>El portavoz del Grupo Municipal Socialista, Olegario Ram\u00f3n, ha denunciado esta ma\u00f1ana la distancia entre el discurso del equipo de gobierno y la realidad econ\u00f3mica de la ciudad, desmontando los datos ofrecidos por el alcalde sobre la supuesta apertura masiva de comercios en Ponferrada.<\/p>\n\n\n\n<p>Ram\u00f3n se\u00f1al\u00f3 que, frente a las afirmaciones del alcalde Marco Morala asegurando que en 2025 se abrieron 80 nuevos comercios, los datos oficiales reflejan una realidad muy distinta. Seg\u00fan las cifras publicadas en la propia p\u00e1gina web del Ayuntamiento, derivadas del INE, Ponferrada comenz\u00f3 2025 con 1.694 comercios y lo cerr\u00f3 con 1.676, lo que supone <strong>18 establecimientos menos<\/strong> al finalizar el a\u00f1o.<\/p>\n\n\n\n<p>\u201cEst\u00e1 muy bien intentar trasladar sensaciones, pero los datos son los que son\u201d, afirm\u00f3 Ram\u00f3n. \u201cLa realidad es que 2025 ha sido un mal a\u00f1o para el comercio en Ponferrada: ha habido m\u00e1s cierres que aperturas\u201d.<\/p>\n\n\n\n<p>El portavoz socialista explic\u00f3 que los datos oficiales no detallan cu\u00e1ntos negocios abren o cierran individualmente, sino el balance global anual, y ese balance es negativo. Adem\u00e1s, advirti\u00f3 de que la situaci\u00f3n no afecta \u00fanicamente al peque\u00f1o comercio, sino tambi\u00e9n al tejido productivo, ya que las mismas estad\u00edsticas reflejan que la ciudad cuenta con <strong>17 industrias menos<\/strong>.<\/p>\n\n\n\n<h2 class=\"wp-block-heading\">Promesas frente a realidad<\/h2>\n\n\n\n<p>Durante la comparecencia, realizada en una de las calles donde se anunciaron grandes proyectos de transformaci\u00f3n urbana, Ram\u00f3n critic\u00f3 lo que calific\u00f3 como \u201cpromesas grandilocuentes que no se materializan\u201d.<\/p>\n\n\n\n<p>Record\u00f3 el anuncio de una inversi\u00f3n de 9 millones de euros que afectar\u00eda a esta zona y a la Plaza de Abastos, as\u00ed como la recreaci\u00f3n visual de una calle \u201cllena de paraguas\u201d que nunca lleg\u00f3 a ejecutarse. \u201cHoy los \u00fanicos paraguas que vemos son los de los viandantes protegi\u00e9ndose de la lluvia\u201d, ironiz\u00f3.<\/p>\n\n\n\n<p>Tambi\u00e9n cuestion\u00f3 el gasto en estudios que no han tenido desarrollo posterior, como el encargo de un estudio art\u00edstico para una estatua en la calle del Cristo por valor de 10.000 euros, o el estudio del proyecto de parque acu\u00e1tico-balneario, que supuso 15.000 euros adicionales. \u201cEn una ciudad con tantas necesidades, hay que priorizar\u201d, subray\u00f3.<\/p>\n\n\n\n<h2 class=\"wp-block-heading\">\u201cPan y circo frente a gesti\u00f3n\u201d<\/h2>\n\n\n\n<p>El portavoz socialista denunci\u00f3 que, tras casi tres a\u00f1os de mandato, el equipo de gobierno no puede seguir justificando su inacci\u00f3n culpando a la herencia recibida.<\/p>\n\n\n\n<p>\u201cDespu\u00e9s de tres a\u00f1os ya no vale decir cada d\u00eda c\u00f3mo estaba la ciudad. Llevan gobernando casi tres a\u00f1os y se han dedicado al pan y circo, a la fiesta. Y est\u00e1 bien que haya actividad festiva, pero las prioridades de la ciudad son otras\u201d, afirm\u00f3.<\/p>\n\n\n\n<p>Ram\u00f3n enumer\u00f3 problemas como el deterioro del viario urbano, calles con socavones, aceras en mal estado y una situaci\u00f3n general que calific\u00f3 de \u201cca\u00f3tica\u201d. Tambi\u00e9n record\u00f3 que el anterior equipo de gobierno dej\u00f3 redactado el borrador de la ordenanza para la implantaci\u00f3n de las Entidades de Conservaci\u00f3n (CITES), listo para su aprobaci\u00f3n, y que tres a\u00f1os despu\u00e9s sigue sin aplicarse.<\/p>\n\n\n\n<p>\u201cEl balance es claro: menos comercios, menos industrias y m\u00e1s propaganda. Esa es la realidad econ\u00f3mica de Ponferrada en 2025\u201d, concluy\u00f3.<\/p>\n\n\n\n<figure class=\"wp-block-image size-large\"><img loading=\"lazy\" decoding=\"async\" width=\"1024\" height=\"768\" src=\"https:\/\/agrupacionespsoe.es\/ponferrada\/wp-content\/uploads\/sites\/36\/2026\/02\/WhatsApp-Image-2026-02-12-at-12.15.51-1024x768.jpeg\" alt=\"\" class=\"wp-image-1613\" srcset=\"https:\/\/agrupacionespsoe.es\/ponferrada\/wp-content\/uploads\/sites\/36\/2026\/02\/WhatsApp-Image-2026-02-12-at-12.15.51-1024x768.jpeg 1024w, https:\/\/agrupacionespsoe.es\/ponferrada\/wp-content\/uploads\/sites\/36\/2026\/02\/WhatsApp-Image-2026-02-12-at-12.15.51-300x225.jpeg 300w, https:\/\/agrupacionespsoe.es\/ponferrada\/wp-content\/uploads\/sites\/36\/2026\/02\/WhatsApp-Image-2026-02-12-at-12.15.51-768x576.jpeg 768w, https:\/\/agrupacionespsoe.es\/ponferrada\/wp-content\/uploads\/sites\/36\/2026\/02\/WhatsApp-Image-2026-02-12-at-12.15.51-1536x1152.jpeg 1536w, https:\/\/agrupacionespsoe.es\/ponferrada\/wp-content\/uploads\/sites\/36\/2026\/02\/WhatsApp-Image-2026-02-12-at-12.15.51.jpeg 2048w\" sizes=\"auto, (max-width: 1024px) 100vw, 1024px\" \/><\/figure>\n","protected":false},"excerpt":{"rendered":"<p>El portavoz del Grupo Municipal Socialista, Olegario Ram\u00f3n, ha denunciado esta ma\u00f1ana la distancia entre el discurso del equipo de gobierno y la realidad econ\u00f3mica de la ciudad, desmontando los datos ofrecidos por el alcalde sobre la supuesta apertura masiva de comercios en Ponferrada. Ram\u00f3n se\u00f1al\u00f3 que, frente a las afirmaciones del alcalde Marco Morala &#8230;<\/p>\n","protected":false},"author":32,"featured_media":1613,"comment_status":"open","ping_status":"open","sticky":false,"template":"","format":"standard","meta":{"_jetpack_memberships_contains_paid_content":false,"footnotes":""},"categories":[6],"tags":[],"class_list":["post-1612","post","type-post","status-publish","format-standard","has-post-thumbnail","hentry","category-actualidad"],"yoast_head":"<!-- This site is optimized with the Yoast SEO plugin v24.0 - https:\/\/yoast.com\/wordpress\/plugins\/seo\/ -->\n<title>El PSOE desmonta el \u201crelato triunfalista\u201d del PP: Ponferrada cerr\u00f3 2025 con 18 comercios menos y 17 industrias menos - Agrupaci\u00f3n Socialista de Ponferrada<\/title>\n<meta name=\"robots\" content=\"index, follow, max-snippet:-1, max-image-preview:large, max-video-preview:-1\" \/>\n<link rel=\"canonical\" href=\"https:\/\/agrupacionespsoe.es\/ponferrada\/el-psoe-desmonta-el-relato-triunfalista-del-pp-ponferrada-cerro-2025-con-18-comercios-menos-y-17-industrias-menos\/\" \/>\n<meta property=\"og:locale\" content=\"es_ES\" \/>\n<meta property=\"og:type\" content=\"article\" \/>\n<meta property=\"og:title\" content=\"El PSOE desmonta el \u201crelato triunfalista\u201d del PP: Ponferrada cerr\u00f3 2025 con 18 comercios menos y 17 industrias menos - Agrupaci\u00f3n Socialista de Ponferrada\" \/>\n<meta property=\"og:description\" content=\"El portavoz del Grupo Municipal Socialista, Olegario Ram\u00f3n, ha denunciado esta ma\u00f1ana la distancia entre el discurso del equipo de gobierno y la realidad econ\u00f3mica de la ciudad, desmontando los datos ofrecidos por el alcalde sobre la supuesta apertura masiva de comercios en Ponferrada. Ram\u00f3n se\u00f1al\u00f3 que, frente a las afirmaciones del alcalde Marco Morala ...\" \/>\n<meta property=\"og:url\" content=\"https:\/\/agrupacionespsoe.es\/ponferrada\/el-psoe-desmonta-el-relato-triunfalista-del-pp-ponferrada-cerro-2025-con-18-comercios-menos-y-17-industrias-menos\/\" \/>\n<meta property=\"og:site_name\" content=\"Agrupaci\u00f3n Socialista de Ponferrada\" \/>\n<meta property=\"article:published_time\" content=\"2026-02-12T11:18:35+00:00\" \/>\n<meta property=\"article:modified_time\" content=\"2026-02-12T11:18:36+00:00\" \/>\n<meta property=\"og:image\" content=\"https:\/\/agrupacionespsoe.es\/ponferrada\/wp-content\/uploads\/sites\/36\/2026\/02\/WhatsApp-Image-2026-02-12-at-12.15.51.jpeg\" \/>\n\t<meta property=\"og:image:width\" content=\"2048\" \/>\n\t<meta property=\"og:image:height\" content=\"1536\" \/>\n\t<meta property=\"og:image:type\" content=\"image\/jpeg\" \/>\n<meta name=\"author\" content=\"ponferrada2\" \/>\n<meta name=\"twitter:card\" content=\"summary_large_image\" \/>\n<meta name=\"twitter:label1\" content=\"Escrito por\" \/>\n\t<meta name=\"twitter:data1\" content=\"ponferrada2\" \/>\n\t<meta name=\"twitter:label2\" content=\"Tiempo de lectura\" \/>\n\t<meta name=\"twitter:data2\" content=\"3 minutos\" \/>\n<script type=\"application\/ld+json\" class=\"yoast-schema-graph\">{\"@context\":\"https:\/\/schema.org\",\"@graph\":[{\"@type\":\"Article\",\"@id\":\"https:\/\/agrupacionespsoe.es\/ponferrada\/el-psoe-desmonta-el-relato-triunfalista-del-pp-ponferrada-cerro-2025-con-18-comercios-menos-y-17-industrias-menos\/#article\",\"isPartOf\":{\"@id\":\"https:\/\/agrupacionespsoe.es\/ponferrada\/el-psoe-desmonta-el-relato-triunfalista-del-pp-ponferrada-cerro-2025-con-18-comercios-menos-y-17-industrias-menos\/\"},\"author\":{\"name\":\"ponferrada2\",\"@id\":\"https:\/\/agrupacionespsoe.es\/ponferrada\/#\/schema\/person\/cd29ee627f3b70c05d415f02596debaa\"},\"headline\":\"El PSOE desmonta el \u201crelato triunfalista\u201d del PP: Ponferrada cerr\u00f3 2025 con 18 comercios menos y 17 industrias menos\",\"datePublished\":\"2026-02-12T11:18:35+00:00\",\"dateModified\":\"2026-02-12T11:18:36+00:00\",\"mainEntityOfPage\":{\"@id\":\"https:\/\/agrupacionespsoe.es\/ponferrada\/el-psoe-desmonta-el-relato-triunfalista-del-pp-ponferrada-cerro-2025-con-18-comercios-menos-y-17-industrias-menos\/\"},\"wordCount\":550,\"commentCount\":0,\"publisher\":{\"@id\":\"https:\/\/agrupacionespsoe.es\/ponferrada\/#organization\"},\"image\":{\"@id\":\"https:\/\/agrupacionespsoe.es\/ponferrada\/el-psoe-desmonta-el-relato-triunfalista-del-pp-ponferrada-cerro-2025-con-18-comercios-menos-y-17-industrias-menos\/#primaryimage\"},\"thumbnailUrl\":\"https:\/\/agrupacionespsoe.es\/ponferrada\/wp-content\/uploads\/sites\/36\/2026\/02\/WhatsApp-Image-2026-02-12-at-12.15.51.jpeg\",\"articleSection\":[\"ACTUALIDAD\"],\"inLanguage\":\"es\",\"potentialAction\":[{\"@type\":\"CommentAction\",\"name\":\"Comment\",\"target\":[\"https:\/\/agrupacionespsoe.es\/ponferrada\/el-psoe-desmonta-el-relato-triunfalista-del-pp-ponferrada-cerro-2025-con-18-comercios-menos-y-17-industrias-menos\/#respond\"]}]},{\"@type\":\"WebPage\",\"@id\":\"https:\/\/agrupacionespsoe.es\/ponferrada\/el-psoe-desmonta-el-relato-triunfalista-del-pp-ponferrada-cerro-2025-con-18-comercios-menos-y-17-industrias-menos\/\",\"url\":\"https:\/\/agrupacionespsoe.es\/ponferrada\/el-psoe-desmonta-el-relato-triunfalista-del-pp-ponferrada-cerro-2025-con-18-comercios-menos-y-17-industrias-menos\/\",\"name\":\"El PSOE desmonta el \u201crelato triunfalista\u201d del PP: Ponferrada cerr\u00f3 2025 con 18 comercios menos y 17 industrias menos - Agrupaci\u00f3n Socialista de Ponferrada\",\"isPartOf\":{\"@id\":\"https:\/\/agrupacionespsoe.es\/ponferrada\/#website\"},\"primaryImageOfPage\":{\"@id\":\"https:\/\/agrupacionespsoe.es\/ponferrada\/el-psoe-desmonta-el-relato-triunfalista-del-pp-ponferrada-cerro-2025-con-18-comercios-menos-y-17-industrias-menos\/#primaryimage\"},\"image\":{\"@id\":\"https:\/\/agrupacionespsoe.es\/ponferrada\/el-psoe-desmonta-el-relato-triunfalista-del-pp-ponferrada-cerro-2025-con-18-comercios-menos-y-17-industrias-menos\/#primaryimage\"},\"thumbnailUrl\":\"https:\/\/agrupacionespsoe.es\/ponferrada\/wp-content\/uploads\/sites\/36\/2026\/02\/WhatsApp-Image-2026-02-12-at-12.15.51.jpeg\",\"datePublished\":\"2026-02-12T11:18:35+00:00\",\"dateModified\":\"2026-02-12T11:18:36+00:00\",\"breadcrumb\":{\"@id\":\"https:\/\/agrupacionespsoe.es\/ponferrada\/el-psoe-desmonta-el-relato-triunfalista-del-pp-ponferrada-cerro-2025-con-18-comercios-menos-y-17-industrias-menos\/#breadcrumb\"},\"inLanguage\":\"es\",\"potentialAction\":[{\"@type\":\"ReadAction\",\"target\":[\"https:\/\/agrupacionespsoe.es\/ponferrada\/el-psoe-desmonta-el-relato-triunfalista-del-pp-ponferrada-cerro-2025-con-18-comercios-menos-y-17-industrias-menos\/\"]}]},{\"@type\":\"ImageObject\",\"inLanguage\":\"es\",\"@id\":\"https:\/\/agrupacionespsoe.es\/ponferrada\/el-psoe-desmonta-el-relato-triunfalista-del-pp-ponferrada-cerro-2025-con-18-comercios-menos-y-17-industrias-menos\/#primaryimage\",\"url\":\"https:\/\/agrupacionespsoe.es\/ponferrada\/wp-content\/uploads\/sites\/36\/2026\/02\/WhatsApp-Image-2026-02-12-at-12.15.51.jpeg\",\"contentUrl\":\"https:\/\/agrupacionespsoe.es\/ponferrada\/wp-content\/uploads\/sites\/36\/2026\/02\/WhatsApp-Image-2026-02-12-at-12.15.51.jpeg\",\"width\":2048,\"height\":1536},{\"@type\":\"BreadcrumbList\",\"@id\":\"https:\/\/agrupacionespsoe.es\/ponferrada\/el-psoe-desmonta-el-relato-triunfalista-del-pp-ponferrada-cerro-2025-con-18-comercios-menos-y-17-industrias-menos\/#breadcrumb\",\"itemListElement\":[{\"@type\":\"ListItem\",\"position\":1,\"name\":\"Portada\",\"item\":\"https:\/\/agrupacionespsoe.es\/ponferrada\/\"},{\"@type\":\"ListItem\",\"position\":2,\"name\":\"El PSOE desmonta el \u201crelato triunfalista\u201d del PP: Ponferrada cerr\u00f3 2025 con 18 comercios menos y 17 industrias menos\"}]},{\"@type\":\"WebSite\",\"@id\":\"https:\/\/agrupacionespsoe.es\/ponferrada\/#website\",\"url\":\"https:\/\/agrupacionespsoe.es\/ponferrada\/\",\"name\":\"Agrupaci\u00f3n Socialista de Ponferrada\",\"description\":\"Agrupaci\u00f3n Socialista de Ponferrada\",\"publisher\":{\"@id\":\"https:\/\/agrupacionespsoe.es\/ponferrada\/#organization\"},\"potentialAction\":[{\"@type\":\"SearchAction\",\"target\":{\"@type\":\"EntryPoint\",\"urlTemplate\":\"https:\/\/agrupacionespsoe.es\/ponferrada\/?s={search_term_string}\"},\"query-input\":{\"@type\":\"PropertyValueSpecification\",\"valueRequired\":true,\"valueName\":\"search_term_string\"}}],\"inLanguage\":\"es\"},{\"@type\":\"Organization\",\"@id\":\"https:\/\/agrupacionespsoe.es\/ponferrada\/#organization\",\"name\":\"Agrupaci\u00f3n Socialista de Ponferrada\",\"url\":\"https:\/\/agrupacionespsoe.es\/ponferrada\/\",\"logo\":{\"@type\":\"ImageObject\",\"inLanguage\":\"es\",\"@id\":\"https:\/\/agrupacionespsoe.es\/ponferrada\/#\/schema\/logo\/image\/\",\"url\":\"https:\/\/agrupacionespsoe.es\/wp-content\/uploads\/2022\/07\/Logotipo_electoral_del_PSOE.png\",\"contentUrl\":\"https:\/\/agrupacionespsoe.es\/wp-content\/uploads\/2022\/07\/Logotipo_electoral_del_PSOE.png\",\"width\":422,\"height\":422,\"caption\":\"Agrupaci\u00f3n Socialista de Ponferrada\"},\"image\":{\"@id\":\"https:\/\/agrupacionespsoe.es\/ponferrada\/#\/schema\/logo\/image\/\"}},{\"@type\":\"Person\",\"@id\":\"https:\/\/agrupacionespsoe.es\/ponferrada\/#\/schema\/person\/cd29ee627f3b70c05d415f02596debaa\",\"name\":\"ponferrada2\",\"image\":{\"@type\":\"ImageObject\",\"inLanguage\":\"es\",\"@id\":\"https:\/\/agrupacionespsoe.es\/ponferrada\/#\/schema\/person\/image\/\",\"url\":\"https:\/\/secure.gravatar.com\/avatar\/f499eeb60144c664cf7b7edf75549b50?s=96&d=mm&r=g\",\"contentUrl\":\"https:\/\/secure.gravatar.com\/avatar\/f499eeb60144c664cf7b7edf75549b50?s=96&d=mm&r=g\",\"caption\":\"ponferrada2\"},\"url\":\"https:\/\/agrupacionespsoe.es\/ponferrada\/author\/ponferrada2\/\"}]}<\/script>\n<!-- \/ Yoast SEO plugin. -->","yoast_head_json":{"title":"El PSOE desmonta el \u201crelato triunfalista\u201d del PP: Ponferrada cerr\u00f3 2025 con 18 comercios menos y 17 industrias menos - Agrupaci\u00f3n Socialista de Ponferrada","robots":{"index":"index","follow":"follow","max-snippet":"max-snippet:-1","max-image-preview":"max-image-preview:large","max-video-preview":"max-video-preview:-1"},"canonical":"https:\/\/agrupacionespsoe.es\/ponferrada\/el-psoe-desmonta-el-relato-triunfalista-del-pp-ponferrada-cerro-2025-con-18-comercios-menos-y-17-industrias-menos\/","og_locale":"es_ES","og_type":"article","og_title":"El PSOE desmonta el \u201crelato triunfalista\u201d del PP: Ponferrada cerr\u00f3 2025 con 18 comercios menos y 17 industrias menos - Agrupaci\u00f3n Socialista de Ponferrada","og_description":"El portavoz del Grupo Municipal Socialista, Olegario Ram\u00f3n, ha denunciado esta ma\u00f1ana la distancia entre el discurso del equipo de gobierno y la realidad econ\u00f3mica de la ciudad, desmontando los datos ofrecidos por el alcalde sobre la supuesta apertura masiva de comercios en Ponferrada. Ram\u00f3n se\u00f1al\u00f3 que, frente a las afirmaciones del alcalde Marco Morala ...","og_url":"https:\/\/agrupacionespsoe.es\/ponferrada\/el-psoe-desmonta-el-relato-triunfalista-del-pp-ponferrada-cerro-2025-con-18-comercios-menos-y-17-industrias-menos\/","og_site_name":"Agrupaci\u00f3n Socialista de Ponferrada","article_published_time":"2026-02-12T11:18:35+00:00","article_modified_time":"2026-02-12T11:18:36+00:00","og_image":[{"width":2048,"height":1536,"url":"https:\/\/agrupacionespsoe.es\/ponferrada\/wp-content\/uploads\/sites\/36\/2026\/02\/WhatsApp-Image-2026-02-12-at-12.15.51.jpeg","type":"image\/jpeg"}],"author":"ponferrada2","twitter_card":"summary_large_image","twitter_misc":{"Escrito por":"ponferrada2","Tiempo de lectura":"3 minutos"},"schema":{"@context":"https:\/\/schema.org","@graph":[{"@type":"Article","@id":"https:\/\/agrupacionespsoe.es\/ponferrada\/el-psoe-desmonta-el-relato-triunfalista-del-pp-ponferrada-cerro-2025-con-18-comercios-menos-y-17-industrias-menos\/#article","isPartOf":{"@id":"https:\/\/agrupacionespsoe.es\/ponferrada\/el-psoe-desmonta-el-relato-triunfalista-del-pp-ponferrada-cerro-2025-con-18-comercios-menos-y-17-industrias-menos\/"},"author":{"name":"ponferrada2","@id":"https:\/\/agrupacionespsoe.es\/ponferrada\/#\/schema\/person\/cd29ee627f3b70c05d415f02596debaa"},"headline":"El PSOE desmonta el \u201crelato triunfalista\u201d del PP: Ponferrada cerr\u00f3 2025 con 18 comercios menos y 17 industrias menos","datePublished":"2026-02-12T11:18:35+00:00","dateModified":"2026-02-12T11:18:36+00:00","mainEntityOfPage":{"@id":"https:\/\/agrupacionespsoe.es\/ponferrada\/el-psoe-desmonta-el-relato-triunfalista-del-pp-ponferrada-cerro-2025-con-18-comercios-menos-y-17-industrias-menos\/"},"wordCount":550,"commentCount":0,"publisher":{"@id":"https:\/\/agrupacionespsoe.es\/ponferrada\/#organization"},"image":{"@id":"https:\/\/agrupacionespsoe.es\/ponferrada\/el-psoe-desmonta-el-relato-triunfalista-del-pp-ponferrada-cerro-2025-con-18-comercios-menos-y-17-industrias-menos\/#primaryimage"},"thumbnailUrl":"https:\/\/agrupacionespsoe.es\/ponferrada\/wp-content\/uploads\/sites\/36\/2026\/02\/WhatsApp-Image-2026-02-12-at-12.15.51.jpeg","articleSection":["ACTUALIDAD"],"inLanguage":"es","potentialAction":[{"@type":"CommentAction","name":"Comment","target":["https:\/\/agrupacionespsoe.es\/ponferrada\/el-psoe-desmonta-el-relato-triunfalista-del-pp-ponferrada-cerro-2025-con-18-comercios-menos-y-17-industrias-menos\/#respond"]}]},{"@type":"WebPage","@id":"https:\/\/agrupacionespsoe.es\/ponferrada\/el-psoe-desmonta-el-relato-triunfalista-del-pp-ponferrada-cerro-2025-con-18-comercios-menos-y-17-industrias-menos\/","url":"https:\/\/agrupacionespsoe.es\/ponferrada\/el-psoe-desmonta-el-relato-triunfalista-del-pp-ponferrada-cerro-2025-con-18-comercios-menos-y-17-industrias-menos\/","name":"El PSOE desmonta el \u201crelato triunfalista\u201d del PP: Ponferrada cerr\u00f3 2025 con 18 comercios menos y 17 industrias menos - Agrupaci\u00f3n Socialista de Ponferrada","isPartOf":{"@id":"https:\/\/agrupacionespsoe.es\/ponferrada\/#website"},"primaryImageOfPage":{"@id":"https:\/\/agrupacionespsoe.es\/ponferrada\/el-psoe-desmonta-el-relato-triunfalista-del-pp-ponferrada-cerro-2025-con-18-comercios-menos-y-17-industrias-menos\/#primaryimage"},"image":{"@id":"https:\/\/agrupacionespsoe.es\/ponferrada\/el-psoe-desmonta-el-relato-triunfalista-del-pp-ponferrada-cerro-2025-con-18-comercios-menos-y-17-industrias-menos\/#primaryimage"},"thumbnailUrl":"https:\/\/agrupacionespsoe.es\/ponferrada\/wp-content\/uploads\/sites\/36\/2026\/02\/WhatsApp-Image-2026-02-12-at-12.15.51.jpeg","datePublished":"2026-02-12T11:18:35+00:00","dateModified":"2026-02-12T11:18:36+00:00","breadcrumb":{"@id":"https:\/\/agrupacionespsoe.es\/ponferrada\/el-psoe-desmonta-el-relato-triunfalista-del-pp-ponferrada-cerro-2025-con-18-comercios-menos-y-17-industrias-menos\/#breadcrumb"},"inLanguage":"es","potentialAction":[{"@type":"ReadAction","target":["https:\/\/agrupacionespsoe.es\/ponferrada\/el-psoe-desmonta-el-relato-triunfalista-del-pp-ponferrada-cerro-2025-con-18-comercios-menos-y-17-industrias-menos\/"]}]},{"@type":"ImageObject","inLanguage":"es","@id":"https:\/\/agrupacionespsoe.es\/ponferrada\/el-psoe-desmonta-el-relato-triunfalista-del-pp-ponferrada-cerro-2025-con-18-comercios-menos-y-17-industrias-menos\/#primaryimage","url":"https:\/\/agrupacionespsoe.es\/ponferrada\/wp-content\/uploads\/sites\/36\/2026\/02\/WhatsApp-Image-2026-02-12-at-12.15.51.jpeg","contentUrl":"https:\/\/agrupacionespsoe.es\/ponferrada\/wp-content\/uploads\/sites\/36\/2026\/02\/WhatsApp-Image-2026-02-12-at-12.15.51.jpeg","width":2048,"height":1536},{"@type":"BreadcrumbList","@id":"https:\/\/agrupacionespsoe.es\/ponferrada\/el-psoe-desmonta-el-relato-triunfalista-del-pp-ponferrada-cerro-2025-con-18-comercios-menos-y-17-industrias-menos\/#breadcrumb","itemListElement":[{"@type":"ListItem","position":1,"name":"Portada","item":"https:\/\/agrupacionespsoe.es\/ponferrada\/"},{"@type":"ListItem","position":2,"name":"El PSOE desmonta el \u201crelato triunfalista\u201d del PP: Ponferrada cerr\u00f3 2025 con 18 comercios menos y 17 industrias menos"}]},{"@type":"WebSite","@id":"https:\/\/agrupacionespsoe.es\/ponferrada\/#website","url":"https:\/\/agrupacionespsoe.es\/ponferrada\/","name":"Agrupaci\u00f3n Socialista de Ponferrada","description":"Agrupaci\u00f3n Socialista de Ponferrada","publisher":{"@id":"https:\/\/agrupacionespsoe.es\/ponferrada\/#organization"},"potentialAction":[{"@type":"SearchAction","target":{"@type":"EntryPoint","urlTemplate":"https:\/\/agrupacionespsoe.es\/ponferrada\/?s={search_term_string}"},"query-input":{"@type":"PropertyValueSpecification","valueRequired":true,"valueName":"search_term_string"}}],"inLanguage":"es"},{"@type":"Organization","@id":"https:\/\/agrupacionespsoe.es\/ponferrada\/#organization","name":"Agrupaci\u00f3n Socialista de Ponferrada","url":"https:\/\/agrupacionespsoe.es\/ponferrada\/","logo":{"@type":"ImageObject","inLanguage":"es","@id":"https:\/\/agrupacionespsoe.es\/ponferrada\/#\/schema\/logo\/image\/","url":"https:\/\/agrupacionespsoe.es\/wp-content\/uploads\/2022\/07\/Logotipo_electoral_del_PSOE.png","contentUrl":"https:\/\/agrupacionespsoe.es\/wp-content\/uploads\/2022\/07\/Logotipo_electoral_del_PSOE.png","width":422,"height":422,"caption":"Agrupaci\u00f3n Socialista de Ponferrada"},"image":{"@id":"https:\/\/agrupacionespsoe.es\/ponferrada\/#\/schema\/logo\/image\/"}},{"@type":"Person","@id":"https:\/\/agrupacionespsoe.es\/ponferrada\/#\/schema\/person\/cd29ee627f3b70c05d415f02596debaa","name":"ponferrada2","image":{"@type":"ImageObject","inLanguage":"es","@id":"https:\/\/agrupacionespsoe.es\/ponferrada\/#\/schema\/person\/image\/","url":"https:\/\/secure.gravatar.com\/avatar\/f499eeb60144c664cf7b7edf75549b50?s=96&d=mm&r=g","contentUrl":"https:\/\/secure.gravatar.com\/avatar\/f499eeb60144c664cf7b7edf75549b50?s=96&d=mm&r=g","caption":"ponferrada2"},"url":"https:\/\/agrupacionespsoe.es\/ponferrada\/author\/ponferrada2\/"}]}},"jetpack_featured_media_url":"https:\/\/agrupacionespsoe.es\/ponferrada\/wp-content\/uploads\/sites\/36\/2026\/02\/WhatsApp-Image-2026-02-12-at-12.15.51.jpeg","jetpack_sharing_enabled":true,"_links":{"self":[{"href":"https:\/\/agrupacionespsoe.es\/ponferrada\/wp-json\/wp\/v2\/posts\/1612","targetHints":{"allow":["GET"]}}],"collection":[{"href":"https:\/\/agrupacionespsoe.es\/ponferrada\/wp-json\/wp\/v2\/posts"}],"about":[{"href":"https:\/\/agrupacionespsoe.es\/ponferrada\/wp-json\/wp\/v2\/types\/post"}],"author":[{"embeddable":true,"href":"https:\/\/agrupacionespsoe.es\/ponferrada\/wp-json\/wp\/v2\/users\/32"}],"replies":[{"embeddable":true,"href":"https:\/\/agrupacionespsoe.es\/ponferrada\/wp-json\/wp\/v2\/comments?post=1612"}],"version-history":[{"count":2,"href":"https:\/\/agrupacionespsoe.es\/ponferrada\/wp-json\/wp\/v2\/posts\/1612\/revisions"}],"predecessor-version":[{"id":1615,"href":"https:\/\/agrupacionespsoe.es\/ponferrada\/wp-json\/wp\/v2\/posts\/1612\/revisions\/1615"}],"wp:featuredmedia":[{"embeddable":true,"href":"https:\/\/agrupacionespsoe.es\/ponferrada\/wp-json\/wp\/v2\/media\/1613"}],"wp:attachment":[{"href":"https:\/\/agrupacionespsoe.es\/ponferrada\/wp-json\/wp\/v2\/media?parent=1612"}],"wp:term":[{"taxonomy":"category","embeddable":true,"href":"https:\/\/agrupacionespsoe.es\/ponferrada\/wp-json\/wp\/v2\/categories?post=1612"},{"taxonomy":"post_tag","embeddable":true,"href":"https:\/\/agrupacionespsoe.es\/ponferrada\/wp-json\/wp\/v2\/tags?post=1612"}],"curies":[{"name":"wp","href":"https:\/\/api.w.org\/{rel}","templated":true}]}}