{"id":1597,"date":"2026-02-09T11:47:43","date_gmt":"2026-02-09T11:47:43","guid":{"rendered":"https:\/\/agrupacionespsoe.es\/ponferrada\/?p=1597"},"modified":"2026-02-10T11:50:08","modified_gmt":"2026-02-10T11:50:08","slug":"el-grupo-socialista-denuncia-la-gestion-del-equipo-de-gobierno-en-el-centro-de-dia-de-flores-del-sil","status":"publish","type":"post","link":"https:\/\/agrupacionespsoe.es\/ponferrada\/el-grupo-socialista-denuncia-la-gestion-del-equipo-de-gobierno-en-el-centro-de-dia-de-flores-del-sil\/","title":{"rendered":"El Grupo Socialista denuncia la gesti\u00f3n del equipo de gobierno en el centro de d\u00eda de Flores del Sil"},"content":{"rendered":"\n<p>El Grupo Municipal Socialista de Ponferrada denunci\u00f3 ayer, en una rueda de prensa celebrada en el propio Centro de D\u00eda de Flores del Sil, la grave situaci\u00f3n que atraviesa este servicio municipal para personas mayores como consecuencia de la gesti\u00f3n del equipo de gobierno del PP.<\/p>\n\n\n\n<p>El portavoz socialista explic\u00f3 que el centro se encuentra <strong>cerrado en gran parte a sus usuarios<\/strong>, con hasta <strong>siete salas clausuradas con llave<\/strong>, debido a la implantaci\u00f3n en el edificio del Programa Mixto de Formaci\u00f3n y Empleo \u201cLa Encina\u201d, centrado en hosteler\u00eda y cocina. Una actividad que, pese a su valor formativo, <strong>es incompatible con los fines del centro<\/strong>, tal y como recogen tanto el Estatuto B\u00e1sico de los Centros de D\u00eda de Castilla y Le\u00f3n como el Reglamento de R\u00e9gimen Interno del propio centro.<\/p>\n\n\n\n<p>Desde el PSOE recordaron que el concejal responsable del programa se comprometi\u00f3 el pasado a\u00f1o con los usuarios a <strong>buscar una ubicaci\u00f3n alternativa<\/strong> para futuras ediciones del taller, compromiso que no se ha cumplido. Adem\u00e1s, desde <strong>mayo de 2025 existe un acuerdo de la Asamblea de Usuarios<\/strong> solicitando expresamente que estos programas se desarrollen fuera del centro para no restar espacios ni servicios a las personas mayores.<\/p>\n\n\n\n<p>A esta situaci\u00f3n se suma, seg\u00fan denunci\u00f3 el Grupo Socialista, una <strong>grave falta de imparcialidad en el proceso electoral para la renovaci\u00f3n del Consejo del Centro<\/strong>. Una usuaria que hab\u00eda formalizado correctamente su condici\u00f3n de socia y utilizaba varios servicios fue <strong>suspendida temporalmente como socia justo despu\u00e9s de anunciar su candidatura<\/strong>, mediante un oficio firmado por la concejala de Participaci\u00f3n Ciudadana. El argumento utilizado \u2014la falta de un tr\u00e1mite que en la pr\u00e1ctica nunca se exige\u2014 evidencia, seg\u00fan el PSOE, un intento claro de <strong>exclusi\u00f3n por motivos pol\u00edticos<\/strong>.<\/p>\n\n\n\n<p>El portavoz socialista alert\u00f3 tambi\u00e9n de <strong>problemas constructivos y de mantenimiento<\/strong> que han motivado el cierre perimetral de buena parte del edificio. El pasado 3 de febrero se produjo un desprendimiento del techo que fue solventado de forma provisional y sin garant\u00edas, permitiendo posteriormente actividades en la misma zona con medidas de seguridad claramente insuficientes. Todo ello apunta, adem\u00e1s, a una falta de mantenimiento preventivo durante los meses anteriores.<\/p>\n\n\n\n<p>\u201cEl centro debe ser seguro en su totalidad, pero si solo una parte re\u00fane las condiciones adecuadas, esa parte debe destinarse exclusivamente a los usuarios del Centro de D\u00eda, que son su raz\u00f3n de ser\u201d, subray\u00f3 el portavoz socialista, reclamando que se <strong>traslade el programa mixto a otro espacio municipal<\/strong> y se garantice el uso \u00edntegro del centro por parte de las personas mayores.<\/p>\n\n\n\n<p>Por todo ello, el Grupo Municipal Socialista exige al alcalde que <strong>revise de inmediato el proceso electoral del Consejo del Centro<\/strong>, que ponga fin a las irregularidades detectadas y que adopte las medidas necesarias para garantizar la seguridad, la legalidad y el uso adecuado del Centro de D\u00eda de Flores del Sil. \u201cLo que est\u00e1 ocurriendo es, como m\u00ednimo, muy grave y refleja una gesti\u00f3n improvisada, autoritaria y profundamente injusta con nuestros mayores\u201d, concluyeron.<\/p>\n\n\n\n<figure class=\"wp-block-image size-large\"><img loading=\"lazy\" decoding=\"async\" width=\"1024\" height=\"768\" src=\"https:\/\/agrupacionespsoe.es\/ponferrada\/wp-content\/uploads\/sites\/36\/2026\/02\/WhatsApp-Image-2026-02-10-at-12.48.55-1024x768.jpeg\" alt=\"\" class=\"wp-image-1598\" srcset=\"https:\/\/agrupacionespsoe.es\/ponferrada\/wp-content\/uploads\/sites\/36\/2026\/02\/WhatsApp-Image-2026-02-10-at-12.48.55-1024x768.jpeg 1024w, https:\/\/agrupacionespsoe.es\/ponferrada\/wp-content\/uploads\/sites\/36\/2026\/02\/WhatsApp-Image-2026-02-10-at-12.48.55-300x225.jpeg 300w, https:\/\/agrupacionespsoe.es\/ponferrada\/wp-content\/uploads\/sites\/36\/2026\/02\/WhatsApp-Image-2026-02-10-at-12.48.55-768x576.jpeg 768w, https:\/\/agrupacionespsoe.es\/ponferrada\/wp-content\/uploads\/sites\/36\/2026\/02\/WhatsApp-Image-2026-02-10-at-12.48.55-1536x1152.jpeg 1536w, https:\/\/agrupacionespsoe.es\/ponferrada\/wp-content\/uploads\/sites\/36\/2026\/02\/WhatsApp-Image-2026-02-10-at-12.48.55.jpeg 1600w\" sizes=\"auto, (max-width: 1024px) 100vw, 1024px\" \/><\/figure>\n","protected":false},"excerpt":{"rendered":"<p>El Grupo Municipal Socialista de Ponferrada denunci\u00f3 ayer, en una rueda de prensa celebrada en el propio Centro de D\u00eda de Flores del Sil, la grave situaci\u00f3n que atraviesa este servicio municipal para personas mayores como consecuencia de la gesti\u00f3n del equipo de gobierno del PP. El portavoz socialista explic\u00f3 que el centro se encuentra &#8230;<\/p>\n","protected":false},"author":32,"featured_media":1598,"comment_status":"open","ping_status":"open","sticky":false,"template":"","format":"standard","meta":{"_jetpack_memberships_contains_paid_content":false,"footnotes":""},"categories":[6],"tags":[],"class_list":["post-1597","post","type-post","status-publish","format-standard","has-post-thumbnail","hentry","category-actualidad"],"yoast_head":"<!-- This site is optimized with the Yoast SEO plugin v24.0 - https:\/\/yoast.com\/wordpress\/plugins\/seo\/ -->\n<title>El Grupo Socialista denuncia la gesti\u00f3n del equipo de gobierno en el centro de d\u00eda de Flores del Sil - Agrupaci\u00f3n Socialista de Ponferrada<\/title>\n<meta name=\"robots\" content=\"index, follow, max-snippet:-1, max-image-preview:large, max-video-preview:-1\" \/>\n<link rel=\"canonical\" href=\"https:\/\/agrupacionespsoe.es\/ponferrada\/el-grupo-socialista-denuncia-la-gestion-del-equipo-de-gobierno-en-el-centro-de-dia-de-flores-del-sil\/\" \/>\n<meta property=\"og:locale\" content=\"es_ES\" \/>\n<meta property=\"og:type\" content=\"article\" \/>\n<meta property=\"og:title\" content=\"El Grupo Socialista denuncia la gesti\u00f3n del equipo de gobierno en el centro de d\u00eda de Flores del Sil - Agrupaci\u00f3n Socialista de Ponferrada\" \/>\n<meta property=\"og:description\" content=\"El Grupo Municipal Socialista de Ponferrada denunci\u00f3 ayer, en una rueda de prensa celebrada en el propio Centro de D\u00eda de Flores del Sil, la grave situaci\u00f3n que atraviesa este servicio municipal para personas mayores como consecuencia de la gesti\u00f3n del equipo de gobierno del PP. El portavoz socialista explic\u00f3 que el centro se encuentra ...\" \/>\n<meta property=\"og:url\" content=\"https:\/\/agrupacionespsoe.es\/ponferrada\/el-grupo-socialista-denuncia-la-gestion-del-equipo-de-gobierno-en-el-centro-de-dia-de-flores-del-sil\/\" \/>\n<meta property=\"og:site_name\" content=\"Agrupaci\u00f3n Socialista de Ponferrada\" \/>\n<meta property=\"article:published_time\" content=\"2026-02-09T11:47:43+00:00\" \/>\n<meta property=\"article:modified_time\" content=\"2026-02-10T11:50:08+00:00\" \/>\n<meta property=\"og:image\" content=\"https:\/\/agrupacionespsoe.es\/ponferrada\/wp-content\/uploads\/sites\/36\/2026\/02\/WhatsApp-Image-2026-02-10-at-12.48.55.jpeg\" \/>\n\t<meta property=\"og:image:width\" content=\"1600\" \/>\n\t<meta property=\"og:image:height\" content=\"1200\" \/>\n\t<meta property=\"og:image:type\" content=\"image\/jpeg\" \/>\n<meta name=\"author\" content=\"ponferrada2\" \/>\n<meta name=\"twitter:card\" content=\"summary_large_image\" \/>\n<meta name=\"twitter:label1\" content=\"Escrito por\" \/>\n\t<meta name=\"twitter:data1\" content=\"ponferrada2\" \/>\n\t<meta name=\"twitter:label2\" content=\"Tiempo de lectura\" \/>\n\t<meta name=\"twitter:data2\" content=\"3 minutos\" \/>\n<script type=\"application\/ld+json\" class=\"yoast-schema-graph\">{\"@context\":\"https:\/\/schema.org\",\"@graph\":[{\"@type\":\"Article\",\"@id\":\"https:\/\/agrupacionespsoe.es\/ponferrada\/el-grupo-socialista-denuncia-la-gestion-del-equipo-de-gobierno-en-el-centro-de-dia-de-flores-del-sil\/#article\",\"isPartOf\":{\"@id\":\"https:\/\/agrupacionespsoe.es\/ponferrada\/el-grupo-socialista-denuncia-la-gestion-del-equipo-de-gobierno-en-el-centro-de-dia-de-flores-del-sil\/\"},\"author\":{\"name\":\"ponferrada2\",\"@id\":\"https:\/\/agrupacionespsoe.es\/ponferrada\/#\/schema\/person\/cd29ee627f3b70c05d415f02596debaa\"},\"headline\":\"El Grupo Socialista denuncia la gesti\u00f3n del equipo de gobierno en el centro de d\u00eda de Flores del Sil\",\"datePublished\":\"2026-02-09T11:47:43+00:00\",\"dateModified\":\"2026-02-10T11:50:08+00:00\",\"mainEntityOfPage\":{\"@id\":\"https:\/\/agrupacionespsoe.es\/ponferrada\/el-grupo-socialista-denuncia-la-gestion-del-equipo-de-gobierno-en-el-centro-de-dia-de-flores-del-sil\/\"},\"wordCount\":546,\"commentCount\":0,\"publisher\":{\"@id\":\"https:\/\/agrupacionespsoe.es\/ponferrada\/#organization\"},\"image\":{\"@id\":\"https:\/\/agrupacionespsoe.es\/ponferrada\/el-grupo-socialista-denuncia-la-gestion-del-equipo-de-gobierno-en-el-centro-de-dia-de-flores-del-sil\/#primaryimage\"},\"thumbnailUrl\":\"https:\/\/agrupacionespsoe.es\/ponferrada\/wp-content\/uploads\/sites\/36\/2026\/02\/WhatsApp-Image-2026-02-10-at-12.48.55.jpeg\",\"articleSection\":[\"ACTUALIDAD\"],\"inLanguage\":\"es\",\"potentialAction\":[{\"@type\":\"CommentAction\",\"name\":\"Comment\",\"target\":[\"https:\/\/agrupacionespsoe.es\/ponferrada\/el-grupo-socialista-denuncia-la-gestion-del-equipo-de-gobierno-en-el-centro-de-dia-de-flores-del-sil\/#respond\"]}]},{\"@type\":\"WebPage\",\"@id\":\"https:\/\/agrupacionespsoe.es\/ponferrada\/el-grupo-socialista-denuncia-la-gestion-del-equipo-de-gobierno-en-el-centro-de-dia-de-flores-del-sil\/\",\"url\":\"https:\/\/agrupacionespsoe.es\/ponferrada\/el-grupo-socialista-denuncia-la-gestion-del-equipo-de-gobierno-en-el-centro-de-dia-de-flores-del-sil\/\",\"name\":\"El Grupo Socialista denuncia la gesti\u00f3n del equipo de gobierno en el centro de d\u00eda de Flores del Sil - Agrupaci\u00f3n Socialista de Ponferrada\",\"isPartOf\":{\"@id\":\"https:\/\/agrupacionespsoe.es\/ponferrada\/#website\"},\"primaryImageOfPage\":{\"@id\":\"https:\/\/agrupacionespsoe.es\/ponferrada\/el-grupo-socialista-denuncia-la-gestion-del-equipo-de-gobierno-en-el-centro-de-dia-de-flores-del-sil\/#primaryimage\"},\"image\":{\"@id\":\"https:\/\/agrupacionespsoe.es\/ponferrada\/el-grupo-socialista-denuncia-la-gestion-del-equipo-de-gobierno-en-el-centro-de-dia-de-flores-del-sil\/#primaryimage\"},\"thumbnailUrl\":\"https:\/\/agrupacionespsoe.es\/ponferrada\/wp-content\/uploads\/sites\/36\/2026\/02\/WhatsApp-Image-2026-02-10-at-12.48.55.jpeg\",\"datePublished\":\"2026-02-09T11:47:43+00:00\",\"dateModified\":\"2026-02-10T11:50:08+00:00\",\"breadcrumb\":{\"@id\":\"https:\/\/agrupacionespsoe.es\/ponferrada\/el-grupo-socialista-denuncia-la-gestion-del-equipo-de-gobierno-en-el-centro-de-dia-de-flores-del-sil\/#breadcrumb\"},\"inLanguage\":\"es\",\"potentialAction\":[{\"@type\":\"ReadAction\",\"target\":[\"https:\/\/agrupacionespsoe.es\/ponferrada\/el-grupo-socialista-denuncia-la-gestion-del-equipo-de-gobierno-en-el-centro-de-dia-de-flores-del-sil\/\"]}]},{\"@type\":\"ImageObject\",\"inLanguage\":\"es\",\"@id\":\"https:\/\/agrupacionespsoe.es\/ponferrada\/el-grupo-socialista-denuncia-la-gestion-del-equipo-de-gobierno-en-el-centro-de-dia-de-flores-del-sil\/#primaryimage\",\"url\":\"https:\/\/agrupacionespsoe.es\/ponferrada\/wp-content\/uploads\/sites\/36\/2026\/02\/WhatsApp-Image-2026-02-10-at-12.48.55.jpeg\",\"contentUrl\":\"https:\/\/agrupacionespsoe.es\/ponferrada\/wp-content\/uploads\/sites\/36\/2026\/02\/WhatsApp-Image-2026-02-10-at-12.48.55.jpeg\",\"width\":1600,\"height\":1200},{\"@type\":\"BreadcrumbList\",\"@id\":\"https:\/\/agrupacionespsoe.es\/ponferrada\/el-grupo-socialista-denuncia-la-gestion-del-equipo-de-gobierno-en-el-centro-de-dia-de-flores-del-sil\/#breadcrumb\",\"itemListElement\":[{\"@type\":\"ListItem\",\"position\":1,\"name\":\"Portada\",\"item\":\"https:\/\/agrupacionespsoe.es\/ponferrada\/\"},{\"@type\":\"ListItem\",\"position\":2,\"name\":\"El Grupo Socialista denuncia la gesti\u00f3n del equipo de gobierno en el centro de d\u00eda de Flores del Sil\"}]},{\"@type\":\"WebSite\",\"@id\":\"https:\/\/agrupacionespsoe.es\/ponferrada\/#website\",\"url\":\"https:\/\/agrupacionespsoe.es\/ponferrada\/\",\"name\":\"Agrupaci\u00f3n Socialista de Ponferrada\",\"description\":\"Agrupaci\u00f3n Socialista de Ponferrada\",\"publisher\":{\"@id\":\"https:\/\/agrupacionespsoe.es\/ponferrada\/#organization\"},\"potentialAction\":[{\"@type\":\"SearchAction\",\"target\":{\"@type\":\"EntryPoint\",\"urlTemplate\":\"https:\/\/agrupacionespsoe.es\/ponferrada\/?s={search_term_string}\"},\"query-input\":{\"@type\":\"PropertyValueSpecification\",\"valueRequired\":true,\"valueName\":\"search_term_string\"}}],\"inLanguage\":\"es\"},{\"@type\":\"Organization\",\"@id\":\"https:\/\/agrupacionespsoe.es\/ponferrada\/#organization\",\"name\":\"Agrupaci\u00f3n Socialista de Ponferrada\",\"url\":\"https:\/\/agrupacionespsoe.es\/ponferrada\/\",\"logo\":{\"@type\":\"ImageObject\",\"inLanguage\":\"es\",\"@id\":\"https:\/\/agrupacionespsoe.es\/ponferrada\/#\/schema\/logo\/image\/\",\"url\":\"https:\/\/agrupacionespsoe.es\/wp-content\/uploads\/2022\/07\/Logotipo_electoral_del_PSOE.png\",\"contentUrl\":\"https:\/\/agrupacionespsoe.es\/wp-content\/uploads\/2022\/07\/Logotipo_electoral_del_PSOE.png\",\"width\":422,\"height\":422,\"caption\":\"Agrupaci\u00f3n Socialista de Ponferrada\"},\"image\":{\"@id\":\"https:\/\/agrupacionespsoe.es\/ponferrada\/#\/schema\/logo\/image\/\"}},{\"@type\":\"Person\",\"@id\":\"https:\/\/agrupacionespsoe.es\/ponferrada\/#\/schema\/person\/cd29ee627f3b70c05d415f02596debaa\",\"name\":\"ponferrada2\",\"image\":{\"@type\":\"ImageObject\",\"inLanguage\":\"es\",\"@id\":\"https:\/\/agrupacionespsoe.es\/ponferrada\/#\/schema\/person\/image\/\",\"url\":\"https:\/\/secure.gravatar.com\/avatar\/f499eeb60144c664cf7b7edf75549b50?s=96&d=mm&r=g\",\"contentUrl\":\"https:\/\/secure.gravatar.com\/avatar\/f499eeb60144c664cf7b7edf75549b50?s=96&d=mm&r=g\",\"caption\":\"ponferrada2\"},\"url\":\"https:\/\/agrupacionespsoe.es\/ponferrada\/author\/ponferrada2\/\"}]}<\/script>\n<!-- \/ Yoast SEO plugin. -->","yoast_head_json":{"title":"El Grupo Socialista denuncia la gesti\u00f3n del equipo de gobierno en el centro de d\u00eda de Flores del Sil - Agrupaci\u00f3n Socialista de Ponferrada","robots":{"index":"index","follow":"follow","max-snippet":"max-snippet:-1","max-image-preview":"max-image-preview:large","max-video-preview":"max-video-preview:-1"},"canonical":"https:\/\/agrupacionespsoe.es\/ponferrada\/el-grupo-socialista-denuncia-la-gestion-del-equipo-de-gobierno-en-el-centro-de-dia-de-flores-del-sil\/","og_locale":"es_ES","og_type":"article","og_title":"El Grupo Socialista denuncia la gesti\u00f3n del equipo de gobierno en el centro de d\u00eda de Flores del Sil - Agrupaci\u00f3n Socialista de Ponferrada","og_description":"El Grupo Municipal Socialista de Ponferrada denunci\u00f3 ayer, en una rueda de prensa celebrada en el propio Centro de D\u00eda de Flores del Sil, la grave situaci\u00f3n que atraviesa este servicio municipal para personas mayores como consecuencia de la gesti\u00f3n del equipo de gobierno del PP. El portavoz socialista explic\u00f3 que el centro se encuentra ...","og_url":"https:\/\/agrupacionespsoe.es\/ponferrada\/el-grupo-socialista-denuncia-la-gestion-del-equipo-de-gobierno-en-el-centro-de-dia-de-flores-del-sil\/","og_site_name":"Agrupaci\u00f3n Socialista de Ponferrada","article_published_time":"2026-02-09T11:47:43+00:00","article_modified_time":"2026-02-10T11:50:08+00:00","og_image":[{"width":1600,"height":1200,"url":"https:\/\/agrupacionespsoe.es\/ponferrada\/wp-content\/uploads\/sites\/36\/2026\/02\/WhatsApp-Image-2026-02-10-at-12.48.55.jpeg","type":"image\/jpeg"}],"author":"ponferrada2","twitter_card":"summary_large_image","twitter_misc":{"Escrito por":"ponferrada2","Tiempo de lectura":"3 minutos"},"schema":{"@context":"https:\/\/schema.org","@graph":[{"@type":"Article","@id":"https:\/\/agrupacionespsoe.es\/ponferrada\/el-grupo-socialista-denuncia-la-gestion-del-equipo-de-gobierno-en-el-centro-de-dia-de-flores-del-sil\/#article","isPartOf":{"@id":"https:\/\/agrupacionespsoe.es\/ponferrada\/el-grupo-socialista-denuncia-la-gestion-del-equipo-de-gobierno-en-el-centro-de-dia-de-flores-del-sil\/"},"author":{"name":"ponferrada2","@id":"https:\/\/agrupacionespsoe.es\/ponferrada\/#\/schema\/person\/cd29ee627f3b70c05d415f02596debaa"},"headline":"El Grupo Socialista denuncia la gesti\u00f3n del equipo de gobierno en el centro de d\u00eda de Flores del Sil","datePublished":"2026-02-09T11:47:43+00:00","dateModified":"2026-02-10T11:50:08+00:00","mainEntityOfPage":{"@id":"https:\/\/agrupacionespsoe.es\/ponferrada\/el-grupo-socialista-denuncia-la-gestion-del-equipo-de-gobierno-en-el-centro-de-dia-de-flores-del-sil\/"},"wordCount":546,"commentCount":0,"publisher":{"@id":"https:\/\/agrupacionespsoe.es\/ponferrada\/#organization"},"image":{"@id":"https:\/\/agrupacionespsoe.es\/ponferrada\/el-grupo-socialista-denuncia-la-gestion-del-equipo-de-gobierno-en-el-centro-de-dia-de-flores-del-sil\/#primaryimage"},"thumbnailUrl":"https:\/\/agrupacionespsoe.es\/ponferrada\/wp-content\/uploads\/sites\/36\/2026\/02\/WhatsApp-Image-2026-02-10-at-12.48.55.jpeg","articleSection":["ACTUALIDAD"],"inLanguage":"es","potentialAction":[{"@type":"CommentAction","name":"Comment","target":["https:\/\/agrupacionespsoe.es\/ponferrada\/el-grupo-socialista-denuncia-la-gestion-del-equipo-de-gobierno-en-el-centro-de-dia-de-flores-del-sil\/#respond"]}]},{"@type":"WebPage","@id":"https:\/\/agrupacionespsoe.es\/ponferrada\/el-grupo-socialista-denuncia-la-gestion-del-equipo-de-gobierno-en-el-centro-de-dia-de-flores-del-sil\/","url":"https:\/\/agrupacionespsoe.es\/ponferrada\/el-grupo-socialista-denuncia-la-gestion-del-equipo-de-gobierno-en-el-centro-de-dia-de-flores-del-sil\/","name":"El Grupo Socialista denuncia la gesti\u00f3n del equipo de gobierno en el centro de d\u00eda de Flores del Sil - Agrupaci\u00f3n Socialista de Ponferrada","isPartOf":{"@id":"https:\/\/agrupacionespsoe.es\/ponferrada\/#website"},"primaryImageOfPage":{"@id":"https:\/\/agrupacionespsoe.es\/ponferrada\/el-grupo-socialista-denuncia-la-gestion-del-equipo-de-gobierno-en-el-centro-de-dia-de-flores-del-sil\/#primaryimage"},"image":{"@id":"https:\/\/agrupacionespsoe.es\/ponferrada\/el-grupo-socialista-denuncia-la-gestion-del-equipo-de-gobierno-en-el-centro-de-dia-de-flores-del-sil\/#primaryimage"},"thumbnailUrl":"https:\/\/agrupacionespsoe.es\/ponferrada\/wp-content\/uploads\/sites\/36\/2026\/02\/WhatsApp-Image-2026-02-10-at-12.48.55.jpeg","datePublished":"2026-02-09T11:47:43+00:00","dateModified":"2026-02-10T11:50:08+00:00","breadcrumb":{"@id":"https:\/\/agrupacionespsoe.es\/ponferrada\/el-grupo-socialista-denuncia-la-gestion-del-equipo-de-gobierno-en-el-centro-de-dia-de-flores-del-sil\/#breadcrumb"},"inLanguage":"es","potentialAction":[{"@type":"ReadAction","target":["https:\/\/agrupacionespsoe.es\/ponferrada\/el-grupo-socialista-denuncia-la-gestion-del-equipo-de-gobierno-en-el-centro-de-dia-de-flores-del-sil\/"]}]},{"@type":"ImageObject","inLanguage":"es","@id":"https:\/\/agrupacionespsoe.es\/ponferrada\/el-grupo-socialista-denuncia-la-gestion-del-equipo-de-gobierno-en-el-centro-de-dia-de-flores-del-sil\/#primaryimage","url":"https:\/\/agrupacionespsoe.es\/ponferrada\/wp-content\/uploads\/sites\/36\/2026\/02\/WhatsApp-Image-2026-02-10-at-12.48.55.jpeg","contentUrl":"https:\/\/agrupacionespsoe.es\/ponferrada\/wp-content\/uploads\/sites\/36\/2026\/02\/WhatsApp-Image-2026-02-10-at-12.48.55.jpeg","width":1600,"height":1200},{"@type":"BreadcrumbList","@id":"https:\/\/agrupacionespsoe.es\/ponferrada\/el-grupo-socialista-denuncia-la-gestion-del-equipo-de-gobierno-en-el-centro-de-dia-de-flores-del-sil\/#breadcrumb","itemListElement":[{"@type":"ListItem","position":1,"name":"Portada","item":"https:\/\/agrupacionespsoe.es\/ponferrada\/"},{"@type":"ListItem","position":2,"name":"El Grupo Socialista denuncia la gesti\u00f3n del equipo de gobierno en el centro de d\u00eda de Flores del Sil"}]},{"@type":"WebSite","@id":"https:\/\/agrupacionespsoe.es\/ponferrada\/#website","url":"https:\/\/agrupacionespsoe.es\/ponferrada\/","name":"Agrupaci\u00f3n Socialista de Ponferrada","description":"Agrupaci\u00f3n Socialista de Ponferrada","publisher":{"@id":"https:\/\/agrupacionespsoe.es\/ponferrada\/#organization"},"potentialAction":[{"@type":"SearchAction","target":{"@type":"EntryPoint","urlTemplate":"https:\/\/agrupacionespsoe.es\/ponferrada\/?s={search_term_string}"},"query-input":{"@type":"PropertyValueSpecification","valueRequired":true,"valueName":"search_term_string"}}],"inLanguage":"es"},{"@type":"Organization","@id":"https:\/\/agrupacionespsoe.es\/ponferrada\/#organization","name":"Agrupaci\u00f3n Socialista de Ponferrada","url":"https:\/\/agrupacionespsoe.es\/ponferrada\/","logo":{"@type":"ImageObject","inLanguage":"es","@id":"https:\/\/agrupacionespsoe.es\/ponferrada\/#\/schema\/logo\/image\/","url":"https:\/\/agrupacionespsoe.es\/wp-content\/uploads\/2022\/07\/Logotipo_electoral_del_PSOE.png","contentUrl":"https:\/\/agrupacionespsoe.es\/wp-content\/uploads\/2022\/07\/Logotipo_electoral_del_PSOE.png","width":422,"height":422,"caption":"Agrupaci\u00f3n Socialista de Ponferrada"},"image":{"@id":"https:\/\/agrupacionespsoe.es\/ponferrada\/#\/schema\/logo\/image\/"}},{"@type":"Person","@id":"https:\/\/agrupacionespsoe.es\/ponferrada\/#\/schema\/person\/cd29ee627f3b70c05d415f02596debaa","name":"ponferrada2","image":{"@type":"ImageObject","inLanguage":"es","@id":"https:\/\/agrupacionespsoe.es\/ponferrada\/#\/schema\/person\/image\/","url":"https:\/\/secure.gravatar.com\/avatar\/f499eeb60144c664cf7b7edf75549b50?s=96&d=mm&r=g","contentUrl":"https:\/\/secure.gravatar.com\/avatar\/f499eeb60144c664cf7b7edf75549b50?s=96&d=mm&r=g","caption":"ponferrada2"},"url":"https:\/\/agrupacionespsoe.es\/ponferrada\/author\/ponferrada2\/"}]}},"jetpack_featured_media_url":"https:\/\/agrupacionespsoe.es\/ponferrada\/wp-content\/uploads\/sites\/36\/2026\/02\/WhatsApp-Image-2026-02-10-at-12.48.55.jpeg","jetpack_sharing_enabled":true,"_links":{"self":[{"href":"https:\/\/agrupacionespsoe.es\/ponferrada\/wp-json\/wp\/v2\/posts\/1597","targetHints":{"allow":["GET"]}}],"collection":[{"href":"https:\/\/agrupacionespsoe.es\/ponferrada\/wp-json\/wp\/v2\/posts"}],"about":[{"href":"https:\/\/agrupacionespsoe.es\/ponferrada\/wp-json\/wp\/v2\/types\/post"}],"author":[{"embeddable":true,"href":"https:\/\/agrupacionespsoe.es\/ponferrada\/wp-json\/wp\/v2\/users\/32"}],"replies":[{"embeddable":true,"href":"https:\/\/agrupacionespsoe.es\/ponferrada\/wp-json\/wp\/v2\/comments?post=1597"}],"version-history":[{"count":2,"href":"https:\/\/agrupacionespsoe.es\/ponferrada\/wp-json\/wp\/v2\/posts\/1597\/revisions"}],"predecessor-version":[{"id":1600,"href":"https:\/\/agrupacionespsoe.es\/ponferrada\/wp-json\/wp\/v2\/posts\/1597\/revisions\/1600"}],"wp:featuredmedia":[{"embeddable":true,"href":"https:\/\/agrupacionespsoe.es\/ponferrada\/wp-json\/wp\/v2\/media\/1598"}],"wp:attachment":[{"href":"https:\/\/agrupacionespsoe.es\/ponferrada\/wp-json\/wp\/v2\/media?parent=1597"}],"wp:term":[{"taxonomy":"category","embeddable":true,"href":"https:\/\/agrupacionespsoe.es\/ponferrada\/wp-json\/wp\/v2\/categories?post=1597"},{"taxonomy":"post_tag","embeddable":true,"href":"https:\/\/agrupacionespsoe.es\/ponferrada\/wp-json\/wp\/v2\/tags?post=1597"}],"curies":[{"name":"wp","href":"https:\/\/api.w.org\/{rel}","templated":true}]}}