{"id":159,"date":"2023-10-04T07:43:52","date_gmt":"2023-10-04T07:43:52","guid":{"rendered":"https:\/\/agrupacionespsoe.es\/ponferrada\/?p=159"},"modified":"2023-10-04T10:16:40","modified_gmt":"2023-10-04T10:16:40","slug":"el-psoe-de-ponferrada-celebra-su-reunion-de-su-ejecutiva","status":"publish","type":"post","link":"https:\/\/agrupacionespsoe.es\/ponferrada\/el-psoe-de-ponferrada-celebra-su-reunion-de-su-ejecutiva\/","title":{"rendered":"El PSOE de Ponferrada celebra su reuni\u00f3n de su ejecutiva"},"content":{"rendered":"\n<p><strong>&nbsp;&nbsp;&nbsp; \u2022&nbsp; <\/strong><strong>El PSOE se\u00f1ala que la ubicaci\u00f3n propuesta por el PP para el centro de salud de la zona alta no es la m\u00e1s adecuada<\/strong><\/p>\n\n\n\n<ul class=\"wp-block-list\">\n<li><strong>El PSOE rebate las numerosas mentiras de Coalici\u00f3n.<\/strong><\/li>\n<\/ul>\n\n\n\n<p>Ponferrada, 3 de octubre de 2023.<\/p>\n\n\n\n<p><br>El PSOE de Ponferrada ha tenido este lunes la reuni\u00f3n de la Comisi\u00f3n de la Ejecutiva Municipal del mes de octubre en la que se ha dado cuenta de la actividad del grupo municipal.<\/p>\n\n\n\n<p>Se inform\u00f3 del \u00faltimo pleno en el que adem\u00e1s de las actuaciones que desde el grupo municipal socialista ya se denunciaron, como ha sido la retirada de la partida del cementerio de Fuentesnuevas y la bomba de San Clemente para evitar los cortes de suministro, tambi\u00e9n se han eliminado la partida de las obras en el albergue canino, por importe de 30.000 euros. Los miembros de la ejecutiva han mostrado sorpresa al conocer que el mismo d\u00eda en el que se aprobaba la eliminaci\u00f3n de esa partida, los concejales de Coalici\u00f3n por el Bierzo, sal\u00edan en nota de prensa contestando a la asociaci\u00f3n \u201cHadas Madrinas\u201d anunciando que iban a hacer reformas en el albergue canino. <\/p>\n\n\n\n<figure class=\"wp-block-image size-large\"><img loading=\"lazy\" decoding=\"async\" width=\"1024\" height=\"768\" src=\"https:\/\/agrupacionespsoe.es\/ponferrada\/wp-content\/uploads\/sites\/36\/2023\/10\/WhatsApp-Image-2023-10-02-at-21.53.17-1024x768.jpeg\" alt=\"\" class=\"wp-image-160\" srcset=\"https:\/\/agrupacionespsoe.es\/ponferrada\/wp-content\/uploads\/sites\/36\/2023\/10\/WhatsApp-Image-2023-10-02-at-21.53.17-1024x768.jpeg 1024w, https:\/\/agrupacionespsoe.es\/ponferrada\/wp-content\/uploads\/sites\/36\/2023\/10\/WhatsApp-Image-2023-10-02-at-21.53.17-300x225.jpeg 300w, https:\/\/agrupacionespsoe.es\/ponferrada\/wp-content\/uploads\/sites\/36\/2023\/10\/WhatsApp-Image-2023-10-02-at-21.53.17-768x576.jpeg 768w, https:\/\/agrupacionespsoe.es\/ponferrada\/wp-content\/uploads\/sites\/36\/2023\/10\/WhatsApp-Image-2023-10-02-at-21.53.17-1536x1152.jpeg 1536w, https:\/\/agrupacionespsoe.es\/ponferrada\/wp-content\/uploads\/sites\/36\/2023\/10\/WhatsApp-Image-2023-10-02-at-21.53.17.jpeg 2000w\" sizes=\"auto, (max-width: 1024px) 100vw, 1024px\" \/><\/figure>\n\n\n\n<p>A juicio del PSOE los concejales de coalici\u00f3n por el bierzo tratan a los y las ponferradinas de manera infantil y es la realidad la que se encargar\u00e1 de demostrar el escaso compromiso y su falta de trabajo en las \u00e1reas que gestionan. Respecto a la afirmaci\u00f3n reiterada de que no daba tiempo a ejecutar en este ejercicio la instalaci\u00f3n de la bomba de agua en San Clemente, la realidad es que gobiernan desde el 17 de junio por lo que ten\u00edan tiempo sobrado, pero es que con solo iniciar el procedimiento en este ejercicio 2023, la obra podr\u00eda ejecutarse hasta finales de 2024. Por otra parte, se demuestra gran incapacidad o falta de compromiso por parte de Coalici\u00f3n con el Pueblo de Otero, pues le retira la partida para intervenir en el Centro de Recepci\u00f3n de Visitantes por tercera vez, ya que adem\u00e1s del presupuesto vigente ya se inclu\u00eda en los presupuestos de 2020 y 2021 sin que el centro se haya inaugurado a\u00fan.<\/p>\n\n\n\n<p><br>Adem\u00e1s, el PSOE ha mostrado su disconformidad ante el anuncio del nuevo alcalde sobre la construcci\u00f3n del centro de salud Ponferrada I. A juicio de la ejecutiva, esto supone en la pr\u00e1ctica un bal\u00f3n de ox\u00edgeno que el ayuntamiento da a la Junta, y lo \u00fanico que va a suponer es retrasar la construcci\u00f3n del nuevo centro de salud o que finalmente no se construya. Se record\u00f3 que el anterior equipo de gobierno de Olegario Ram\u00f3n ya hab\u00eda cedido la parcela para construir ese centro, eligiendo la ubicaci\u00f3n de mutuo acuerdo con el Sacyl mientras que la propuesta del PP de ubicarlo en el antiguo cementerio del Carmen lo aleja de la mayor parte de la poblaci\u00f3n que atender\u00eda ese centro de salud. Por otra parte, la zona que propone el PP est\u00e1 sometida a un procedimiento de desarrollo urban\u00edstico (Estudio de Detalle) que retrasar\u00eda de manera muy importante el inicio de las obras.<\/p>\n\n\n\n<p><br>Adem\u00e1s, la ejecutiva ha querido adherirse al manifiesto le\u00eddo ayer por los secretarios generales provinciales, en apoyo a la gesti\u00f3n de Pedro S\u00e1nchez y del proyecto de progreso y convivencia que ha creado en estos \u00faltimos a\u00f1os.<\/p>\n\n\n\n<p><br>Por \u00faltimo, la ejecutiva ha decidido convocar la asamblea ordinaria del PSOE de Ponferrada para este mes de octubre, donde se dar\u00e1 cuenta del informe de gesti\u00f3n de la actual ejecutiva entre otros puntos del orden del d\u00eda.<\/p>\n\n\n\n<p><\/p>\n","protected":false},"excerpt":{"rendered":"<p>&nbsp;&nbsp;&nbsp; \u2022&nbsp; El PSOE se\u00f1ala que la ubicaci\u00f3n propuesta por el PP para el centro de salud de la zona alta no es la m\u00e1s adecuada Ponferrada, 3 de octubre de 2023. El PSOE de Ponferrada ha tenido este lunes la reuni\u00f3n de la Comisi\u00f3n de la Ejecutiva Municipal del mes de octubre en la &#8230;<\/p>\n","protected":false},"author":33,"featured_media":160,"comment_status":"open","ping_status":"open","sticky":false,"template":"","format":"standard","meta":{"_jetpack_memberships_contains_paid_content":false,"footnotes":""},"categories":[6],"tags":[],"class_list":["post-159","post","type-post","status-publish","format-standard","has-post-thumbnail","hentry","category-actualidad"],"yoast_head":"<!-- This site is optimized with the Yoast SEO plugin v24.0 - https:\/\/yoast.com\/wordpress\/plugins\/seo\/ -->\n<title>El PSOE de Ponferrada celebra su reuni\u00f3n de su ejecutiva - Agrupaci\u00f3n Socialista de Ponferrada<\/title>\n<meta name=\"robots\" content=\"index, follow, max-snippet:-1, max-image-preview:large, max-video-preview:-1\" \/>\n<link rel=\"canonical\" href=\"https:\/\/agrupacionespsoe.es\/ponferrada\/el-psoe-de-ponferrada-celebra-su-reunion-de-su-ejecutiva\/\" \/>\n<meta property=\"og:locale\" content=\"es_ES\" \/>\n<meta property=\"og:type\" content=\"article\" \/>\n<meta property=\"og:title\" content=\"El PSOE de Ponferrada celebra su reuni\u00f3n de su ejecutiva - Agrupaci\u00f3n Socialista de Ponferrada\" \/>\n<meta property=\"og:description\" content=\"&nbsp;&nbsp;&nbsp; \u2022&nbsp; El PSOE se\u00f1ala que la ubicaci\u00f3n propuesta por el PP para el centro de salud de la zona alta no es la m\u00e1s adecuada Ponferrada, 3 de octubre de 2023. El PSOE de Ponferrada ha tenido este lunes la reuni\u00f3n de la Comisi\u00f3n de la Ejecutiva Municipal del mes de octubre en la ...\" \/>\n<meta property=\"og:url\" content=\"https:\/\/agrupacionespsoe.es\/ponferrada\/el-psoe-de-ponferrada-celebra-su-reunion-de-su-ejecutiva\/\" \/>\n<meta property=\"og:site_name\" content=\"Agrupaci\u00f3n Socialista de Ponferrada\" \/>\n<meta property=\"article:published_time\" content=\"2023-10-04T07:43:52+00:00\" \/>\n<meta property=\"article:modified_time\" content=\"2023-10-04T10:16:40+00:00\" \/>\n<meta property=\"og:image\" content=\"https:\/\/agrupacionespsoe.es\/ponferrada\/wp-content\/uploads\/sites\/36\/2023\/10\/WhatsApp-Image-2023-10-02-at-21.53.17.jpeg\" \/>\n\t<meta property=\"og:image:width\" content=\"2000\" \/>\n\t<meta property=\"og:image:height\" content=\"1500\" \/>\n\t<meta property=\"og:image:type\" content=\"image\/jpeg\" \/>\n<meta name=\"author\" content=\"ponferrada3\" \/>\n<meta name=\"twitter:card\" content=\"summary_large_image\" \/>\n<meta name=\"twitter:label1\" content=\"Escrito por\" \/>\n\t<meta name=\"twitter:data1\" content=\"ponferrada3\" \/>\n\t<meta name=\"twitter:label2\" content=\"Tiempo de lectura\" \/>\n\t<meta name=\"twitter:data2\" content=\"3 minutos\" \/>\n<script type=\"application\/ld+json\" class=\"yoast-schema-graph\">{\"@context\":\"https:\/\/schema.org\",\"@graph\":[{\"@type\":\"Article\",\"@id\":\"https:\/\/agrupacionespsoe.es\/ponferrada\/el-psoe-de-ponferrada-celebra-su-reunion-de-su-ejecutiva\/#article\",\"isPartOf\":{\"@id\":\"https:\/\/agrupacionespsoe.es\/ponferrada\/el-psoe-de-ponferrada-celebra-su-reunion-de-su-ejecutiva\/\"},\"author\":{\"name\":\"ponferrada3\",\"@id\":\"https:\/\/agrupacionespsoe.es\/ponferrada\/#\/schema\/person\/a61a7158181541e57eadc3717c223e2f\"},\"headline\":\"El PSOE de Ponferrada celebra su reuni\u00f3n de su ejecutiva\",\"datePublished\":\"2023-10-04T07:43:52+00:00\",\"dateModified\":\"2023-10-04T10:16:40+00:00\",\"mainEntityOfPage\":{\"@id\":\"https:\/\/agrupacionespsoe.es\/ponferrada\/el-psoe-de-ponferrada-celebra-su-reunion-de-su-ejecutiva\/\"},\"wordCount\":631,\"commentCount\":0,\"publisher\":{\"@id\":\"https:\/\/agrupacionespsoe.es\/ponferrada\/#organization\"},\"image\":{\"@id\":\"https:\/\/agrupacionespsoe.es\/ponferrada\/el-psoe-de-ponferrada-celebra-su-reunion-de-su-ejecutiva\/#primaryimage\"},\"thumbnailUrl\":\"https:\/\/agrupacionespsoe.es\/ponferrada\/wp-content\/uploads\/sites\/36\/2023\/10\/WhatsApp-Image-2023-10-02-at-21.53.17.jpeg\",\"articleSection\":[\"ACTUALIDAD\"],\"inLanguage\":\"es\",\"potentialAction\":[{\"@type\":\"CommentAction\",\"name\":\"Comment\",\"target\":[\"https:\/\/agrupacionespsoe.es\/ponferrada\/el-psoe-de-ponferrada-celebra-su-reunion-de-su-ejecutiva\/#respond\"]}]},{\"@type\":\"WebPage\",\"@id\":\"https:\/\/agrupacionespsoe.es\/ponferrada\/el-psoe-de-ponferrada-celebra-su-reunion-de-su-ejecutiva\/\",\"url\":\"https:\/\/agrupacionespsoe.es\/ponferrada\/el-psoe-de-ponferrada-celebra-su-reunion-de-su-ejecutiva\/\",\"name\":\"El PSOE de Ponferrada celebra su reuni\u00f3n de su ejecutiva - Agrupaci\u00f3n Socialista de Ponferrada\",\"isPartOf\":{\"@id\":\"https:\/\/agrupacionespsoe.es\/ponferrada\/#website\"},\"primaryImageOfPage\":{\"@id\":\"https:\/\/agrupacionespsoe.es\/ponferrada\/el-psoe-de-ponferrada-celebra-su-reunion-de-su-ejecutiva\/#primaryimage\"},\"image\":{\"@id\":\"https:\/\/agrupacionespsoe.es\/ponferrada\/el-psoe-de-ponferrada-celebra-su-reunion-de-su-ejecutiva\/#primaryimage\"},\"thumbnailUrl\":\"https:\/\/agrupacionespsoe.es\/ponferrada\/wp-content\/uploads\/sites\/36\/2023\/10\/WhatsApp-Image-2023-10-02-at-21.53.17.jpeg\",\"datePublished\":\"2023-10-04T07:43:52+00:00\",\"dateModified\":\"2023-10-04T10:16:40+00:00\",\"breadcrumb\":{\"@id\":\"https:\/\/agrupacionespsoe.es\/ponferrada\/el-psoe-de-ponferrada-celebra-su-reunion-de-su-ejecutiva\/#breadcrumb\"},\"inLanguage\":\"es\",\"potentialAction\":[{\"@type\":\"ReadAction\",\"target\":[\"https:\/\/agrupacionespsoe.es\/ponferrada\/el-psoe-de-ponferrada-celebra-su-reunion-de-su-ejecutiva\/\"]}]},{\"@type\":\"ImageObject\",\"inLanguage\":\"es\",\"@id\":\"https:\/\/agrupacionespsoe.es\/ponferrada\/el-psoe-de-ponferrada-celebra-su-reunion-de-su-ejecutiva\/#primaryimage\",\"url\":\"https:\/\/agrupacionespsoe.es\/ponferrada\/wp-content\/uploads\/sites\/36\/2023\/10\/WhatsApp-Image-2023-10-02-at-21.53.17.jpeg\",\"contentUrl\":\"https:\/\/agrupacionespsoe.es\/ponferrada\/wp-content\/uploads\/sites\/36\/2023\/10\/WhatsApp-Image-2023-10-02-at-21.53.17.jpeg\",\"width\":2000,\"height\":1500},{\"@type\":\"BreadcrumbList\",\"@id\":\"https:\/\/agrupacionespsoe.es\/ponferrada\/el-psoe-de-ponferrada-celebra-su-reunion-de-su-ejecutiva\/#breadcrumb\",\"itemListElement\":[{\"@type\":\"ListItem\",\"position\":1,\"name\":\"Portada\",\"item\":\"https:\/\/agrupacionespsoe.es\/ponferrada\/\"},{\"@type\":\"ListItem\",\"position\":2,\"name\":\"El PSOE de Ponferrada celebra su reuni\u00f3n de su ejecutiva\"}]},{\"@type\":\"WebSite\",\"@id\":\"https:\/\/agrupacionespsoe.es\/ponferrada\/#website\",\"url\":\"https:\/\/agrupacionespsoe.es\/ponferrada\/\",\"name\":\"Agrupaci\u00f3n Socialista de Ponferrada\",\"description\":\"Agrupaci\u00f3n Socialista de Ponferrada\",\"publisher\":{\"@id\":\"https:\/\/agrupacionespsoe.es\/ponferrada\/#organization\"},\"potentialAction\":[{\"@type\":\"SearchAction\",\"target\":{\"@type\":\"EntryPoint\",\"urlTemplate\":\"https:\/\/agrupacionespsoe.es\/ponferrada\/?s={search_term_string}\"},\"query-input\":{\"@type\":\"PropertyValueSpecification\",\"valueRequired\":true,\"valueName\":\"search_term_string\"}}],\"inLanguage\":\"es\"},{\"@type\":\"Organization\",\"@id\":\"https:\/\/agrupacionespsoe.es\/ponferrada\/#organization\",\"name\":\"Agrupaci\u00f3n Socialista de Ponferrada\",\"url\":\"https:\/\/agrupacionespsoe.es\/ponferrada\/\",\"logo\":{\"@type\":\"ImageObject\",\"inLanguage\":\"es\",\"@id\":\"https:\/\/agrupacionespsoe.es\/ponferrada\/#\/schema\/logo\/image\/\",\"url\":\"https:\/\/agrupacionespsoe.es\/wp-content\/uploads\/2022\/07\/Logotipo_electoral_del_PSOE.png\",\"contentUrl\":\"https:\/\/agrupacionespsoe.es\/wp-content\/uploads\/2022\/07\/Logotipo_electoral_del_PSOE.png\",\"width\":422,\"height\":422,\"caption\":\"Agrupaci\u00f3n Socialista de Ponferrada\"},\"image\":{\"@id\":\"https:\/\/agrupacionespsoe.es\/ponferrada\/#\/schema\/logo\/image\/\"}},{\"@type\":\"Person\",\"@id\":\"https:\/\/agrupacionespsoe.es\/ponferrada\/#\/schema\/person\/a61a7158181541e57eadc3717c223e2f\",\"name\":\"ponferrada3\",\"image\":{\"@type\":\"ImageObject\",\"inLanguage\":\"es\",\"@id\":\"https:\/\/agrupacionespsoe.es\/ponferrada\/#\/schema\/person\/image\/\",\"url\":\"https:\/\/secure.gravatar.com\/avatar\/c56a7c93420130a1648f2a916204850d?s=96&d=mm&r=g\",\"contentUrl\":\"https:\/\/secure.gravatar.com\/avatar\/c56a7c93420130a1648f2a916204850d?s=96&d=mm&r=g\",\"caption\":\"ponferrada3\"},\"url\":\"https:\/\/agrupacionespsoe.es\/ponferrada\/author\/ponferrada3\/\"}]}<\/script>\n<!-- \/ Yoast SEO plugin. -->","yoast_head_json":{"title":"El PSOE de Ponferrada celebra su reuni\u00f3n de su ejecutiva - Agrupaci\u00f3n Socialista de Ponferrada","robots":{"index":"index","follow":"follow","max-snippet":"max-snippet:-1","max-image-preview":"max-image-preview:large","max-video-preview":"max-video-preview:-1"},"canonical":"https:\/\/agrupacionespsoe.es\/ponferrada\/el-psoe-de-ponferrada-celebra-su-reunion-de-su-ejecutiva\/","og_locale":"es_ES","og_type":"article","og_title":"El PSOE de Ponferrada celebra su reuni\u00f3n de su ejecutiva - Agrupaci\u00f3n Socialista de Ponferrada","og_description":"&nbsp;&nbsp;&nbsp; \u2022&nbsp; El PSOE se\u00f1ala que la ubicaci\u00f3n propuesta por el PP para el centro de salud de la zona alta no es la m\u00e1s adecuada Ponferrada, 3 de octubre de 2023. El PSOE de Ponferrada ha tenido este lunes la reuni\u00f3n de la Comisi\u00f3n de la Ejecutiva Municipal del mes de octubre en la ...","og_url":"https:\/\/agrupacionespsoe.es\/ponferrada\/el-psoe-de-ponferrada-celebra-su-reunion-de-su-ejecutiva\/","og_site_name":"Agrupaci\u00f3n Socialista de Ponferrada","article_published_time":"2023-10-04T07:43:52+00:00","article_modified_time":"2023-10-04T10:16:40+00:00","og_image":[{"width":2000,"height":1500,"url":"https:\/\/agrupacionespsoe.es\/ponferrada\/wp-content\/uploads\/sites\/36\/2023\/10\/WhatsApp-Image-2023-10-02-at-21.53.17.jpeg","type":"image\/jpeg"}],"author":"ponferrada3","twitter_card":"summary_large_image","twitter_misc":{"Escrito por":"ponferrada3","Tiempo de lectura":"3 minutos"},"schema":{"@context":"https:\/\/schema.org","@graph":[{"@type":"Article","@id":"https:\/\/agrupacionespsoe.es\/ponferrada\/el-psoe-de-ponferrada-celebra-su-reunion-de-su-ejecutiva\/#article","isPartOf":{"@id":"https:\/\/agrupacionespsoe.es\/ponferrada\/el-psoe-de-ponferrada-celebra-su-reunion-de-su-ejecutiva\/"},"author":{"name":"ponferrada3","@id":"https:\/\/agrupacionespsoe.es\/ponferrada\/#\/schema\/person\/a61a7158181541e57eadc3717c223e2f"},"headline":"El PSOE de Ponferrada celebra su reuni\u00f3n de su ejecutiva","datePublished":"2023-10-04T07:43:52+00:00","dateModified":"2023-10-04T10:16:40+00:00","mainEntityOfPage":{"@id":"https:\/\/agrupacionespsoe.es\/ponferrada\/el-psoe-de-ponferrada-celebra-su-reunion-de-su-ejecutiva\/"},"wordCount":631,"commentCount":0,"publisher":{"@id":"https:\/\/agrupacionespsoe.es\/ponferrada\/#organization"},"image":{"@id":"https:\/\/agrupacionespsoe.es\/ponferrada\/el-psoe-de-ponferrada-celebra-su-reunion-de-su-ejecutiva\/#primaryimage"},"thumbnailUrl":"https:\/\/agrupacionespsoe.es\/ponferrada\/wp-content\/uploads\/sites\/36\/2023\/10\/WhatsApp-Image-2023-10-02-at-21.53.17.jpeg","articleSection":["ACTUALIDAD"],"inLanguage":"es","potentialAction":[{"@type":"CommentAction","name":"Comment","target":["https:\/\/agrupacionespsoe.es\/ponferrada\/el-psoe-de-ponferrada-celebra-su-reunion-de-su-ejecutiva\/#respond"]}]},{"@type":"WebPage","@id":"https:\/\/agrupacionespsoe.es\/ponferrada\/el-psoe-de-ponferrada-celebra-su-reunion-de-su-ejecutiva\/","url":"https:\/\/agrupacionespsoe.es\/ponferrada\/el-psoe-de-ponferrada-celebra-su-reunion-de-su-ejecutiva\/","name":"El PSOE de Ponferrada celebra su reuni\u00f3n de su ejecutiva - Agrupaci\u00f3n Socialista de Ponferrada","isPartOf":{"@id":"https:\/\/agrupacionespsoe.es\/ponferrada\/#website"},"primaryImageOfPage":{"@id":"https:\/\/agrupacionespsoe.es\/ponferrada\/el-psoe-de-ponferrada-celebra-su-reunion-de-su-ejecutiva\/#primaryimage"},"image":{"@id":"https:\/\/agrupacionespsoe.es\/ponferrada\/el-psoe-de-ponferrada-celebra-su-reunion-de-su-ejecutiva\/#primaryimage"},"thumbnailUrl":"https:\/\/agrupacionespsoe.es\/ponferrada\/wp-content\/uploads\/sites\/36\/2023\/10\/WhatsApp-Image-2023-10-02-at-21.53.17.jpeg","datePublished":"2023-10-04T07:43:52+00:00","dateModified":"2023-10-04T10:16:40+00:00","breadcrumb":{"@id":"https:\/\/agrupacionespsoe.es\/ponferrada\/el-psoe-de-ponferrada-celebra-su-reunion-de-su-ejecutiva\/#breadcrumb"},"inLanguage":"es","potentialAction":[{"@type":"ReadAction","target":["https:\/\/agrupacionespsoe.es\/ponferrada\/el-psoe-de-ponferrada-celebra-su-reunion-de-su-ejecutiva\/"]}]},{"@type":"ImageObject","inLanguage":"es","@id":"https:\/\/agrupacionespsoe.es\/ponferrada\/el-psoe-de-ponferrada-celebra-su-reunion-de-su-ejecutiva\/#primaryimage","url":"https:\/\/agrupacionespsoe.es\/ponferrada\/wp-content\/uploads\/sites\/36\/2023\/10\/WhatsApp-Image-2023-10-02-at-21.53.17.jpeg","contentUrl":"https:\/\/agrupacionespsoe.es\/ponferrada\/wp-content\/uploads\/sites\/36\/2023\/10\/WhatsApp-Image-2023-10-02-at-21.53.17.jpeg","width":2000,"height":1500},{"@type":"BreadcrumbList","@id":"https:\/\/agrupacionespsoe.es\/ponferrada\/el-psoe-de-ponferrada-celebra-su-reunion-de-su-ejecutiva\/#breadcrumb","itemListElement":[{"@type":"ListItem","position":1,"name":"Portada","item":"https:\/\/agrupacionespsoe.es\/ponferrada\/"},{"@type":"ListItem","position":2,"name":"El PSOE de Ponferrada celebra su reuni\u00f3n de su ejecutiva"}]},{"@type":"WebSite","@id":"https:\/\/agrupacionespsoe.es\/ponferrada\/#website","url":"https:\/\/agrupacionespsoe.es\/ponferrada\/","name":"Agrupaci\u00f3n Socialista de Ponferrada","description":"Agrupaci\u00f3n Socialista de Ponferrada","publisher":{"@id":"https:\/\/agrupacionespsoe.es\/ponferrada\/#organization"},"potentialAction":[{"@type":"SearchAction","target":{"@type":"EntryPoint","urlTemplate":"https:\/\/agrupacionespsoe.es\/ponferrada\/?s={search_term_string}"},"query-input":{"@type":"PropertyValueSpecification","valueRequired":true,"valueName":"search_term_string"}}],"inLanguage":"es"},{"@type":"Organization","@id":"https:\/\/agrupacionespsoe.es\/ponferrada\/#organization","name":"Agrupaci\u00f3n Socialista de Ponferrada","url":"https:\/\/agrupacionespsoe.es\/ponferrada\/","logo":{"@type":"ImageObject","inLanguage":"es","@id":"https:\/\/agrupacionespsoe.es\/ponferrada\/#\/schema\/logo\/image\/","url":"https:\/\/agrupacionespsoe.es\/wp-content\/uploads\/2022\/07\/Logotipo_electoral_del_PSOE.png","contentUrl":"https:\/\/agrupacionespsoe.es\/wp-content\/uploads\/2022\/07\/Logotipo_electoral_del_PSOE.png","width":422,"height":422,"caption":"Agrupaci\u00f3n Socialista de Ponferrada"},"image":{"@id":"https:\/\/agrupacionespsoe.es\/ponferrada\/#\/schema\/logo\/image\/"}},{"@type":"Person","@id":"https:\/\/agrupacionespsoe.es\/ponferrada\/#\/schema\/person\/a61a7158181541e57eadc3717c223e2f","name":"ponferrada3","image":{"@type":"ImageObject","inLanguage":"es","@id":"https:\/\/agrupacionespsoe.es\/ponferrada\/#\/schema\/person\/image\/","url":"https:\/\/secure.gravatar.com\/avatar\/c56a7c93420130a1648f2a916204850d?s=96&d=mm&r=g","contentUrl":"https:\/\/secure.gravatar.com\/avatar\/c56a7c93420130a1648f2a916204850d?s=96&d=mm&r=g","caption":"ponferrada3"},"url":"https:\/\/agrupacionespsoe.es\/ponferrada\/author\/ponferrada3\/"}]}},"jetpack_featured_media_url":"https:\/\/agrupacionespsoe.es\/ponferrada\/wp-content\/uploads\/sites\/36\/2023\/10\/WhatsApp-Image-2023-10-02-at-21.53.17.jpeg","jetpack_sharing_enabled":true,"_links":{"self":[{"href":"https:\/\/agrupacionespsoe.es\/ponferrada\/wp-json\/wp\/v2\/posts\/159","targetHints":{"allow":["GET"]}}],"collection":[{"href":"https:\/\/agrupacionespsoe.es\/ponferrada\/wp-json\/wp\/v2\/posts"}],"about":[{"href":"https:\/\/agrupacionespsoe.es\/ponferrada\/wp-json\/wp\/v2\/types\/post"}],"author":[{"embeddable":true,"href":"https:\/\/agrupacionespsoe.es\/ponferrada\/wp-json\/wp\/v2\/users\/33"}],"replies":[{"embeddable":true,"href":"https:\/\/agrupacionespsoe.es\/ponferrada\/wp-json\/wp\/v2\/comments?post=159"}],"version-history":[{"count":1,"href":"https:\/\/agrupacionespsoe.es\/ponferrada\/wp-json\/wp\/v2\/posts\/159\/revisions"}],"predecessor-version":[{"id":161,"href":"https:\/\/agrupacionespsoe.es\/ponferrada\/wp-json\/wp\/v2\/posts\/159\/revisions\/161"}],"wp:featuredmedia":[{"embeddable":true,"href":"https:\/\/agrupacionespsoe.es\/ponferrada\/wp-json\/wp\/v2\/media\/160"}],"wp:attachment":[{"href":"https:\/\/agrupacionespsoe.es\/ponferrada\/wp-json\/wp\/v2\/media?parent=159"}],"wp:term":[{"taxonomy":"category","embeddable":true,"href":"https:\/\/agrupacionespsoe.es\/ponferrada\/wp-json\/wp\/v2\/categories?post=159"},{"taxonomy":"post_tag","embeddable":true,"href":"https:\/\/agrupacionespsoe.es\/ponferrada\/wp-json\/wp\/v2\/tags?post=159"}],"curies":[{"name":"wp","href":"https:\/\/api.w.org\/{rel}","templated":true}]}}