{"id":1583,"date":"2026-02-05T10:55:19","date_gmt":"2026-02-05T10:55:19","guid":{"rendered":"https:\/\/agrupacionespsoe.es\/ponferrada\/?p=1583"},"modified":"2026-02-05T10:55:20","modified_gmt":"2026-02-05T10:55:20","slug":"dos-anos-y-medio-despues-no-han-sido-capaces-de-poner-a-disposicion-de-la-ciudadania-los-aparcabicis-cerrados","status":"publish","type":"post","link":"https:\/\/agrupacionespsoe.es\/ponferrada\/dos-anos-y-medio-despues-no-han-sido-capaces-de-poner-a-disposicion-de-la-ciudadania-los-aparcabicis-cerrados\/","title":{"rendered":"Dos a\u00f1os y medio despu\u00e9s no han sido capaces de poner a disposici\u00f3n de la ciudadan\u00eda los aparcabicis cerrados"},"content":{"rendered":"\n<p>El Grupo Municipal Socialista de Ponferrada denuncia el malgasto que supone que el equipo de gobierno del PP a\u00fan no haya puesto en funcionamiento la red de aparcabicicletas cerrados financiada con fondos europeos, despu\u00e9s de comprobar que, tras un importante desembolso de dinero p\u00fablico, los aparcabicis siguen cerrados sin prestar servicio alguno a la ciudadan\u00eda.<\/p>\n\n\n\n<p>Despu\u00e9s de realizar una importante inversi\u00f3n dentro de un proyecto financiado con fondos Next Generation EU cuyo objetivo era fomentar la movilidad sostenible, dos a\u00f1os y medio despu\u00e9s los aparcabicis permanecen cerrados y sin que los vecinos puedan hacer uso de ellos.<\/p>\n\n\n\n<p>Si bien la adjudicaci\u00f3n se realiz\u00f3 en el mandato anterior, durante el mandato de Morala se realizaron una serie de contratos menores para acabar esas infraestructuras entre ellos, 2.541 euros destinados al dise\u00f1o y pintado de tres aparcabicicletas; 18.089 euros para los accesos, la conexi\u00f3n y la cerradura de los aparcabicis cerrados; y cerca de 19.000 euros m\u00e1s para la elaboraci\u00f3n de un estudio t\u00e9cnico sobre la movilidad ciclista y de VMP en Ponferrada.<\/p>\n\n\n\n<p>Este \u00faltimo trabajo analizaba las necesidades y problemas del uso de la bicicleta como herramienta de movilidad urbana, inclu\u00eda una valoraci\u00f3n de la calidad ciclista de la red viaria, un cat\u00e1logo de herramientas de actuaci\u00f3n, propuestas de mejora por zonas y una estimaci\u00f3n de costes. Un documento completo que, sin embargo, no se ha traducido en ninguna actuaci\u00f3n real ni en una mejora efectiva del servicio para la ciudadan\u00eda. Un documento que este equipo de gobierno suponemos que no ha tenido ni tiempo de leer porque no ha implementado ni una sola medida de las que propon\u00edan, \u201cSi no iban a hacer nada no entendemos por qu\u00e9 malgastan el dinero elaborando el documento\u201d .<\/p>\n\n\n\n<p>Desde el Grupo Socialista consideran especialmente grave que, despu\u00e9s de gastar dinero de todos en estudios, dise\u00f1os, infraestructuras y sistemas de acceso, el resultado sea unos aparcabicis cerrados que no cumplen su funci\u00f3n b\u00e1sica. Es el mejor resumen de la pol\u00edtica del PP: gastar mucho para no resolver nada\u201d, se\u00f1alan.<\/p>\n\n\n\n<p>Desde el grupo socialista recuerda que el alcalde prometi\u00f3 en campa\u00f1a que no iba a aplicar la zona de bajas emisiones del PSOE. La realidad, una vez m\u00e1s, desmonta el eslogan. No solo no ha modificado ni un solo metro de la zona dise\u00f1ada por el anterior equipo de gobierno, sino que ha aprobado la ordenanza exactamente en los mismos t\u00e9rminos en los que fue concebida por el PSOE. Lo \u00fanico que no ha hecho es gestionar. Porque lo que define al PP en Ponferrada es su inacci\u00f3n: infraestructuras pagadas con dinero p\u00fablico que podr\u00edan prestar servicio a la ciudadan\u00eda, pero que permanecen cerradas y abandonadas por pura falta de voluntad pol\u00edtica.<\/p>\n\n\n\n<p>&nbsp;El Grupo Municipal Socialista ha preguntado al equipo de gobierno que explique por qu\u00e9, despu\u00e9s de todo el dinero gastado, los aparcabicis cerrados siguen sin estar operativos, cu\u00e1ndo piensa ponerlos en funcionamiento y no hemos obtenido ninguna respuesta que explique este nuevo ejemplo de despilfarro, improvisaci\u00f3n y falta de gesti\u00f3n del PP en el Ayuntamiento de Ponferrada.<\/p>\n\n\n\n<figure class=\"wp-block-image size-large\"><img loading=\"lazy\" decoding=\"async\" width=\"1024\" height=\"1024\" src=\"https:\/\/agrupacionespsoe.es\/ponferrada\/wp-content\/uploads\/sites\/36\/2026\/02\/WhatsApp-Image-2026-02-05-at-11.51.17-1024x1024.jpeg\" alt=\"\" class=\"wp-image-1584\" srcset=\"https:\/\/agrupacionespsoe.es\/ponferrada\/wp-content\/uploads\/sites\/36\/2026\/02\/WhatsApp-Image-2026-02-05-at-11.51.17-1024x1024.jpeg 1024w, https:\/\/agrupacionespsoe.es\/ponferrada\/wp-content\/uploads\/sites\/36\/2026\/02\/WhatsApp-Image-2026-02-05-at-11.51.17-300x300.jpeg 300w, https:\/\/agrupacionespsoe.es\/ponferrada\/wp-content\/uploads\/sites\/36\/2026\/02\/WhatsApp-Image-2026-02-05-at-11.51.17-150x150.jpeg 150w, https:\/\/agrupacionespsoe.es\/ponferrada\/wp-content\/uploads\/sites\/36\/2026\/02\/WhatsApp-Image-2026-02-05-at-11.51.17-768x768.jpeg 768w, https:\/\/agrupacionespsoe.es\/ponferrada\/wp-content\/uploads\/sites\/36\/2026\/02\/WhatsApp-Image-2026-02-05-at-11.51.17-1536x1536.jpeg 1536w, https:\/\/agrupacionespsoe.es\/ponferrada\/wp-content\/uploads\/sites\/36\/2026\/02\/WhatsApp-Image-2026-02-05-at-11.51.17.jpeg 1736w\" sizes=\"auto, (max-width: 1024px) 100vw, 1024px\" \/><\/figure>\n","protected":false},"excerpt":{"rendered":"<p>El Grupo Municipal Socialista de Ponferrada denuncia el malgasto que supone que el equipo de gobierno del PP a\u00fan no haya puesto en funcionamiento la red de aparcabicicletas cerrados financiada con fondos europeos, despu\u00e9s de comprobar que, tras un importante desembolso de dinero p\u00fablico, los aparcabicis siguen cerrados sin prestar servicio alguno a la ciudadan\u00eda. &#8230;<\/p>\n","protected":false},"author":32,"featured_media":1585,"comment_status":"open","ping_status":"open","sticky":false,"template":"","format":"standard","meta":{"_jetpack_memberships_contains_paid_content":false,"footnotes":""},"categories":[6],"tags":[],"class_list":["post-1583","post","type-post","status-publish","format-standard","has-post-thumbnail","hentry","category-actualidad"],"yoast_head":"<!-- This site is optimized with the Yoast SEO plugin v24.0 - https:\/\/yoast.com\/wordpress\/plugins\/seo\/ -->\n<title>Dos a\u00f1os y medio despu\u00e9s no han sido capaces de poner a disposici\u00f3n de la ciudadan\u00eda los aparcabicis cerrados - Agrupaci\u00f3n Socialista de Ponferrada<\/title>\n<meta name=\"robots\" content=\"index, follow, max-snippet:-1, max-image-preview:large, max-video-preview:-1\" \/>\n<link rel=\"canonical\" href=\"https:\/\/agrupacionespsoe.es\/ponferrada\/dos-anos-y-medio-despues-no-han-sido-capaces-de-poner-a-disposicion-de-la-ciudadania-los-aparcabicis-cerrados\/\" \/>\n<meta property=\"og:locale\" content=\"es_ES\" \/>\n<meta property=\"og:type\" content=\"article\" \/>\n<meta property=\"og:title\" content=\"Dos a\u00f1os y medio despu\u00e9s no han sido capaces de poner a disposici\u00f3n de la ciudadan\u00eda los aparcabicis cerrados - Agrupaci\u00f3n Socialista de Ponferrada\" \/>\n<meta property=\"og:description\" content=\"El Grupo Municipal Socialista de Ponferrada denuncia el malgasto que supone que el equipo de gobierno del PP a\u00fan no haya puesto en funcionamiento la red de aparcabicicletas cerrados financiada con fondos europeos, despu\u00e9s de comprobar que, tras un importante desembolso de dinero p\u00fablico, los aparcabicis siguen cerrados sin prestar servicio alguno a la ciudadan\u00eda. ...\" \/>\n<meta property=\"og:url\" content=\"https:\/\/agrupacionespsoe.es\/ponferrada\/dos-anos-y-medio-despues-no-han-sido-capaces-de-poner-a-disposicion-de-la-ciudadania-los-aparcabicis-cerrados\/\" \/>\n<meta property=\"og:site_name\" content=\"Agrupaci\u00f3n Socialista de Ponferrada\" \/>\n<meta property=\"article:published_time\" content=\"2026-02-05T10:55:19+00:00\" \/>\n<meta property=\"article:modified_time\" content=\"2026-02-05T10:55:20+00:00\" \/>\n<meta property=\"og:image\" content=\"https:\/\/agrupacionespsoe.es\/ponferrada\/wp-content\/uploads\/sites\/36\/2026\/02\/WhatsApp-Image-2026-02-05-at-11.51.18.jpeg\" \/>\n\t<meta property=\"og:image:width\" content=\"1736\" \/>\n\t<meta property=\"og:image:height\" content=\"1736\" \/>\n\t<meta property=\"og:image:type\" content=\"image\/jpeg\" \/>\n<meta name=\"author\" content=\"ponferrada2\" \/>\n<meta name=\"twitter:card\" content=\"summary_large_image\" \/>\n<meta name=\"twitter:label1\" content=\"Escrito por\" \/>\n\t<meta name=\"twitter:data1\" content=\"ponferrada2\" \/>\n\t<meta name=\"twitter:label2\" content=\"Tiempo de lectura\" \/>\n\t<meta name=\"twitter:data2\" content=\"3 minutos\" \/>\n<script type=\"application\/ld+json\" class=\"yoast-schema-graph\">{\"@context\":\"https:\/\/schema.org\",\"@graph\":[{\"@type\":\"Article\",\"@id\":\"https:\/\/agrupacionespsoe.es\/ponferrada\/dos-anos-y-medio-despues-no-han-sido-capaces-de-poner-a-disposicion-de-la-ciudadania-los-aparcabicis-cerrados\/#article\",\"isPartOf\":{\"@id\":\"https:\/\/agrupacionespsoe.es\/ponferrada\/dos-anos-y-medio-despues-no-han-sido-capaces-de-poner-a-disposicion-de-la-ciudadania-los-aparcabicis-cerrados\/\"},\"author\":{\"name\":\"ponferrada2\",\"@id\":\"https:\/\/agrupacionespsoe.es\/ponferrada\/#\/schema\/person\/cd29ee627f3b70c05d415f02596debaa\"},\"headline\":\"Dos a\u00f1os y medio despu\u00e9s no han sido capaces de poner a disposici\u00f3n de la ciudadan\u00eda los aparcabicis cerrados\",\"datePublished\":\"2026-02-05T10:55:19+00:00\",\"dateModified\":\"2026-02-05T10:55:20+00:00\",\"mainEntityOfPage\":{\"@id\":\"https:\/\/agrupacionespsoe.es\/ponferrada\/dos-anos-y-medio-despues-no-han-sido-capaces-de-poner-a-disposicion-de-la-ciudadania-los-aparcabicis-cerrados\/\"},\"wordCount\":565,\"commentCount\":0,\"publisher\":{\"@id\":\"https:\/\/agrupacionespsoe.es\/ponferrada\/#organization\"},\"image\":{\"@id\":\"https:\/\/agrupacionespsoe.es\/ponferrada\/dos-anos-y-medio-despues-no-han-sido-capaces-de-poner-a-disposicion-de-la-ciudadania-los-aparcabicis-cerrados\/#primaryimage\"},\"thumbnailUrl\":\"https:\/\/agrupacionespsoe.es\/ponferrada\/wp-content\/uploads\/sites\/36\/2026\/02\/WhatsApp-Image-2026-02-05-at-11.51.18.jpeg\",\"articleSection\":[\"ACTUALIDAD\"],\"inLanguage\":\"es\",\"potentialAction\":[{\"@type\":\"CommentAction\",\"name\":\"Comment\",\"target\":[\"https:\/\/agrupacionespsoe.es\/ponferrada\/dos-anos-y-medio-despues-no-han-sido-capaces-de-poner-a-disposicion-de-la-ciudadania-los-aparcabicis-cerrados\/#respond\"]}]},{\"@type\":\"WebPage\",\"@id\":\"https:\/\/agrupacionespsoe.es\/ponferrada\/dos-anos-y-medio-despues-no-han-sido-capaces-de-poner-a-disposicion-de-la-ciudadania-los-aparcabicis-cerrados\/\",\"url\":\"https:\/\/agrupacionespsoe.es\/ponferrada\/dos-anos-y-medio-despues-no-han-sido-capaces-de-poner-a-disposicion-de-la-ciudadania-los-aparcabicis-cerrados\/\",\"name\":\"Dos a\u00f1os y medio despu\u00e9s no han sido capaces de poner a disposici\u00f3n de la ciudadan\u00eda los aparcabicis cerrados - Agrupaci\u00f3n Socialista de Ponferrada\",\"isPartOf\":{\"@id\":\"https:\/\/agrupacionespsoe.es\/ponferrada\/#website\"},\"primaryImageOfPage\":{\"@id\":\"https:\/\/agrupacionespsoe.es\/ponferrada\/dos-anos-y-medio-despues-no-han-sido-capaces-de-poner-a-disposicion-de-la-ciudadania-los-aparcabicis-cerrados\/#primaryimage\"},\"image\":{\"@id\":\"https:\/\/agrupacionespsoe.es\/ponferrada\/dos-anos-y-medio-despues-no-han-sido-capaces-de-poner-a-disposicion-de-la-ciudadania-los-aparcabicis-cerrados\/#primaryimage\"},\"thumbnailUrl\":\"https:\/\/agrupacionespsoe.es\/ponferrada\/wp-content\/uploads\/sites\/36\/2026\/02\/WhatsApp-Image-2026-02-05-at-11.51.18.jpeg\",\"datePublished\":\"2026-02-05T10:55:19+00:00\",\"dateModified\":\"2026-02-05T10:55:20+00:00\",\"breadcrumb\":{\"@id\":\"https:\/\/agrupacionespsoe.es\/ponferrada\/dos-anos-y-medio-despues-no-han-sido-capaces-de-poner-a-disposicion-de-la-ciudadania-los-aparcabicis-cerrados\/#breadcrumb\"},\"inLanguage\":\"es\",\"potentialAction\":[{\"@type\":\"ReadAction\",\"target\":[\"https:\/\/agrupacionespsoe.es\/ponferrada\/dos-anos-y-medio-despues-no-han-sido-capaces-de-poner-a-disposicion-de-la-ciudadania-los-aparcabicis-cerrados\/\"]}]},{\"@type\":\"ImageObject\",\"inLanguage\":\"es\",\"@id\":\"https:\/\/agrupacionespsoe.es\/ponferrada\/dos-anos-y-medio-despues-no-han-sido-capaces-de-poner-a-disposicion-de-la-ciudadania-los-aparcabicis-cerrados\/#primaryimage\",\"url\":\"https:\/\/agrupacionespsoe.es\/ponferrada\/wp-content\/uploads\/sites\/36\/2026\/02\/WhatsApp-Image-2026-02-05-at-11.51.18.jpeg\",\"contentUrl\":\"https:\/\/agrupacionespsoe.es\/ponferrada\/wp-content\/uploads\/sites\/36\/2026\/02\/WhatsApp-Image-2026-02-05-at-11.51.18.jpeg\",\"width\":1736,\"height\":1736},{\"@type\":\"BreadcrumbList\",\"@id\":\"https:\/\/agrupacionespsoe.es\/ponferrada\/dos-anos-y-medio-despues-no-han-sido-capaces-de-poner-a-disposicion-de-la-ciudadania-los-aparcabicis-cerrados\/#breadcrumb\",\"itemListElement\":[{\"@type\":\"ListItem\",\"position\":1,\"name\":\"Portada\",\"item\":\"https:\/\/agrupacionespsoe.es\/ponferrada\/\"},{\"@type\":\"ListItem\",\"position\":2,\"name\":\"Dos a\u00f1os y medio despu\u00e9s no han sido capaces de poner a disposici\u00f3n de la ciudadan\u00eda los aparcabicis cerrados\"}]},{\"@type\":\"WebSite\",\"@id\":\"https:\/\/agrupacionespsoe.es\/ponferrada\/#website\",\"url\":\"https:\/\/agrupacionespsoe.es\/ponferrada\/\",\"name\":\"Agrupaci\u00f3n Socialista de Ponferrada\",\"description\":\"Agrupaci\u00f3n Socialista de Ponferrada\",\"publisher\":{\"@id\":\"https:\/\/agrupacionespsoe.es\/ponferrada\/#organization\"},\"potentialAction\":[{\"@type\":\"SearchAction\",\"target\":{\"@type\":\"EntryPoint\",\"urlTemplate\":\"https:\/\/agrupacionespsoe.es\/ponferrada\/?s={search_term_string}\"},\"query-input\":{\"@type\":\"PropertyValueSpecification\",\"valueRequired\":true,\"valueName\":\"search_term_string\"}}],\"inLanguage\":\"es\"},{\"@type\":\"Organization\",\"@id\":\"https:\/\/agrupacionespsoe.es\/ponferrada\/#organization\",\"name\":\"Agrupaci\u00f3n Socialista de Ponferrada\",\"url\":\"https:\/\/agrupacionespsoe.es\/ponferrada\/\",\"logo\":{\"@type\":\"ImageObject\",\"inLanguage\":\"es\",\"@id\":\"https:\/\/agrupacionespsoe.es\/ponferrada\/#\/schema\/logo\/image\/\",\"url\":\"https:\/\/agrupacionespsoe.es\/wp-content\/uploads\/2022\/07\/Logotipo_electoral_del_PSOE.png\",\"contentUrl\":\"https:\/\/agrupacionespsoe.es\/wp-content\/uploads\/2022\/07\/Logotipo_electoral_del_PSOE.png\",\"width\":422,\"height\":422,\"caption\":\"Agrupaci\u00f3n Socialista de Ponferrada\"},\"image\":{\"@id\":\"https:\/\/agrupacionespsoe.es\/ponferrada\/#\/schema\/logo\/image\/\"}},{\"@type\":\"Person\",\"@id\":\"https:\/\/agrupacionespsoe.es\/ponferrada\/#\/schema\/person\/cd29ee627f3b70c05d415f02596debaa\",\"name\":\"ponferrada2\",\"image\":{\"@type\":\"ImageObject\",\"inLanguage\":\"es\",\"@id\":\"https:\/\/agrupacionespsoe.es\/ponferrada\/#\/schema\/person\/image\/\",\"url\":\"https:\/\/secure.gravatar.com\/avatar\/f499eeb60144c664cf7b7edf75549b50?s=96&d=mm&r=g\",\"contentUrl\":\"https:\/\/secure.gravatar.com\/avatar\/f499eeb60144c664cf7b7edf75549b50?s=96&d=mm&r=g\",\"caption\":\"ponferrada2\"},\"url\":\"https:\/\/agrupacionespsoe.es\/ponferrada\/author\/ponferrada2\/\"}]}<\/script>\n<!-- \/ Yoast SEO plugin. -->","yoast_head_json":{"title":"Dos a\u00f1os y medio despu\u00e9s no han sido capaces de poner a disposici\u00f3n de la ciudadan\u00eda los aparcabicis cerrados - Agrupaci\u00f3n Socialista de Ponferrada","robots":{"index":"index","follow":"follow","max-snippet":"max-snippet:-1","max-image-preview":"max-image-preview:large","max-video-preview":"max-video-preview:-1"},"canonical":"https:\/\/agrupacionespsoe.es\/ponferrada\/dos-anos-y-medio-despues-no-han-sido-capaces-de-poner-a-disposicion-de-la-ciudadania-los-aparcabicis-cerrados\/","og_locale":"es_ES","og_type":"article","og_title":"Dos a\u00f1os y medio despu\u00e9s no han sido capaces de poner a disposici\u00f3n de la ciudadan\u00eda los aparcabicis cerrados - Agrupaci\u00f3n Socialista de Ponferrada","og_description":"El Grupo Municipal Socialista de Ponferrada denuncia el malgasto que supone que el equipo de gobierno del PP a\u00fan no haya puesto en funcionamiento la red de aparcabicicletas cerrados financiada con fondos europeos, despu\u00e9s de comprobar que, tras un importante desembolso de dinero p\u00fablico, los aparcabicis siguen cerrados sin prestar servicio alguno a la ciudadan\u00eda. ...","og_url":"https:\/\/agrupacionespsoe.es\/ponferrada\/dos-anos-y-medio-despues-no-han-sido-capaces-de-poner-a-disposicion-de-la-ciudadania-los-aparcabicis-cerrados\/","og_site_name":"Agrupaci\u00f3n Socialista de Ponferrada","article_published_time":"2026-02-05T10:55:19+00:00","article_modified_time":"2026-02-05T10:55:20+00:00","og_image":[{"width":1736,"height":1736,"url":"https:\/\/agrupacionespsoe.es\/ponferrada\/wp-content\/uploads\/sites\/36\/2026\/02\/WhatsApp-Image-2026-02-05-at-11.51.18.jpeg","type":"image\/jpeg"}],"author":"ponferrada2","twitter_card":"summary_large_image","twitter_misc":{"Escrito por":"ponferrada2","Tiempo de lectura":"3 minutos"},"schema":{"@context":"https:\/\/schema.org","@graph":[{"@type":"Article","@id":"https:\/\/agrupacionespsoe.es\/ponferrada\/dos-anos-y-medio-despues-no-han-sido-capaces-de-poner-a-disposicion-de-la-ciudadania-los-aparcabicis-cerrados\/#article","isPartOf":{"@id":"https:\/\/agrupacionespsoe.es\/ponferrada\/dos-anos-y-medio-despues-no-han-sido-capaces-de-poner-a-disposicion-de-la-ciudadania-los-aparcabicis-cerrados\/"},"author":{"name":"ponferrada2","@id":"https:\/\/agrupacionespsoe.es\/ponferrada\/#\/schema\/person\/cd29ee627f3b70c05d415f02596debaa"},"headline":"Dos a\u00f1os y medio despu\u00e9s no han sido capaces de poner a disposici\u00f3n de la ciudadan\u00eda los aparcabicis cerrados","datePublished":"2026-02-05T10:55:19+00:00","dateModified":"2026-02-05T10:55:20+00:00","mainEntityOfPage":{"@id":"https:\/\/agrupacionespsoe.es\/ponferrada\/dos-anos-y-medio-despues-no-han-sido-capaces-de-poner-a-disposicion-de-la-ciudadania-los-aparcabicis-cerrados\/"},"wordCount":565,"commentCount":0,"publisher":{"@id":"https:\/\/agrupacionespsoe.es\/ponferrada\/#organization"},"image":{"@id":"https:\/\/agrupacionespsoe.es\/ponferrada\/dos-anos-y-medio-despues-no-han-sido-capaces-de-poner-a-disposicion-de-la-ciudadania-los-aparcabicis-cerrados\/#primaryimage"},"thumbnailUrl":"https:\/\/agrupacionespsoe.es\/ponferrada\/wp-content\/uploads\/sites\/36\/2026\/02\/WhatsApp-Image-2026-02-05-at-11.51.18.jpeg","articleSection":["ACTUALIDAD"],"inLanguage":"es","potentialAction":[{"@type":"CommentAction","name":"Comment","target":["https:\/\/agrupacionespsoe.es\/ponferrada\/dos-anos-y-medio-despues-no-han-sido-capaces-de-poner-a-disposicion-de-la-ciudadania-los-aparcabicis-cerrados\/#respond"]}]},{"@type":"WebPage","@id":"https:\/\/agrupacionespsoe.es\/ponferrada\/dos-anos-y-medio-despues-no-han-sido-capaces-de-poner-a-disposicion-de-la-ciudadania-los-aparcabicis-cerrados\/","url":"https:\/\/agrupacionespsoe.es\/ponferrada\/dos-anos-y-medio-despues-no-han-sido-capaces-de-poner-a-disposicion-de-la-ciudadania-los-aparcabicis-cerrados\/","name":"Dos a\u00f1os y medio despu\u00e9s no han sido capaces de poner a disposici\u00f3n de la ciudadan\u00eda los aparcabicis cerrados - Agrupaci\u00f3n Socialista de Ponferrada","isPartOf":{"@id":"https:\/\/agrupacionespsoe.es\/ponferrada\/#website"},"primaryImageOfPage":{"@id":"https:\/\/agrupacionespsoe.es\/ponferrada\/dos-anos-y-medio-despues-no-han-sido-capaces-de-poner-a-disposicion-de-la-ciudadania-los-aparcabicis-cerrados\/#primaryimage"},"image":{"@id":"https:\/\/agrupacionespsoe.es\/ponferrada\/dos-anos-y-medio-despues-no-han-sido-capaces-de-poner-a-disposicion-de-la-ciudadania-los-aparcabicis-cerrados\/#primaryimage"},"thumbnailUrl":"https:\/\/agrupacionespsoe.es\/ponferrada\/wp-content\/uploads\/sites\/36\/2026\/02\/WhatsApp-Image-2026-02-05-at-11.51.18.jpeg","datePublished":"2026-02-05T10:55:19+00:00","dateModified":"2026-02-05T10:55:20+00:00","breadcrumb":{"@id":"https:\/\/agrupacionespsoe.es\/ponferrada\/dos-anos-y-medio-despues-no-han-sido-capaces-de-poner-a-disposicion-de-la-ciudadania-los-aparcabicis-cerrados\/#breadcrumb"},"inLanguage":"es","potentialAction":[{"@type":"ReadAction","target":["https:\/\/agrupacionespsoe.es\/ponferrada\/dos-anos-y-medio-despues-no-han-sido-capaces-de-poner-a-disposicion-de-la-ciudadania-los-aparcabicis-cerrados\/"]}]},{"@type":"ImageObject","inLanguage":"es","@id":"https:\/\/agrupacionespsoe.es\/ponferrada\/dos-anos-y-medio-despues-no-han-sido-capaces-de-poner-a-disposicion-de-la-ciudadania-los-aparcabicis-cerrados\/#primaryimage","url":"https:\/\/agrupacionespsoe.es\/ponferrada\/wp-content\/uploads\/sites\/36\/2026\/02\/WhatsApp-Image-2026-02-05-at-11.51.18.jpeg","contentUrl":"https:\/\/agrupacionespsoe.es\/ponferrada\/wp-content\/uploads\/sites\/36\/2026\/02\/WhatsApp-Image-2026-02-05-at-11.51.18.jpeg","width":1736,"height":1736},{"@type":"BreadcrumbList","@id":"https:\/\/agrupacionespsoe.es\/ponferrada\/dos-anos-y-medio-despues-no-han-sido-capaces-de-poner-a-disposicion-de-la-ciudadania-los-aparcabicis-cerrados\/#breadcrumb","itemListElement":[{"@type":"ListItem","position":1,"name":"Portada","item":"https:\/\/agrupacionespsoe.es\/ponferrada\/"},{"@type":"ListItem","position":2,"name":"Dos a\u00f1os y medio despu\u00e9s no han sido capaces de poner a disposici\u00f3n de la ciudadan\u00eda los aparcabicis cerrados"}]},{"@type":"WebSite","@id":"https:\/\/agrupacionespsoe.es\/ponferrada\/#website","url":"https:\/\/agrupacionespsoe.es\/ponferrada\/","name":"Agrupaci\u00f3n Socialista de Ponferrada","description":"Agrupaci\u00f3n Socialista de Ponferrada","publisher":{"@id":"https:\/\/agrupacionespsoe.es\/ponferrada\/#organization"},"potentialAction":[{"@type":"SearchAction","target":{"@type":"EntryPoint","urlTemplate":"https:\/\/agrupacionespsoe.es\/ponferrada\/?s={search_term_string}"},"query-input":{"@type":"PropertyValueSpecification","valueRequired":true,"valueName":"search_term_string"}}],"inLanguage":"es"},{"@type":"Organization","@id":"https:\/\/agrupacionespsoe.es\/ponferrada\/#organization","name":"Agrupaci\u00f3n Socialista de Ponferrada","url":"https:\/\/agrupacionespsoe.es\/ponferrada\/","logo":{"@type":"ImageObject","inLanguage":"es","@id":"https:\/\/agrupacionespsoe.es\/ponferrada\/#\/schema\/logo\/image\/","url":"https:\/\/agrupacionespsoe.es\/wp-content\/uploads\/2022\/07\/Logotipo_electoral_del_PSOE.png","contentUrl":"https:\/\/agrupacionespsoe.es\/wp-content\/uploads\/2022\/07\/Logotipo_electoral_del_PSOE.png","width":422,"height":422,"caption":"Agrupaci\u00f3n Socialista de Ponferrada"},"image":{"@id":"https:\/\/agrupacionespsoe.es\/ponferrada\/#\/schema\/logo\/image\/"}},{"@type":"Person","@id":"https:\/\/agrupacionespsoe.es\/ponferrada\/#\/schema\/person\/cd29ee627f3b70c05d415f02596debaa","name":"ponferrada2","image":{"@type":"ImageObject","inLanguage":"es","@id":"https:\/\/agrupacionespsoe.es\/ponferrada\/#\/schema\/person\/image\/","url":"https:\/\/secure.gravatar.com\/avatar\/f499eeb60144c664cf7b7edf75549b50?s=96&d=mm&r=g","contentUrl":"https:\/\/secure.gravatar.com\/avatar\/f499eeb60144c664cf7b7edf75549b50?s=96&d=mm&r=g","caption":"ponferrada2"},"url":"https:\/\/agrupacionespsoe.es\/ponferrada\/author\/ponferrada2\/"}]}},"jetpack_featured_media_url":"https:\/\/agrupacionespsoe.es\/ponferrada\/wp-content\/uploads\/sites\/36\/2026\/02\/WhatsApp-Image-2026-02-05-at-11.51.18.jpeg","jetpack_sharing_enabled":true,"_links":{"self":[{"href":"https:\/\/agrupacionespsoe.es\/ponferrada\/wp-json\/wp\/v2\/posts\/1583","targetHints":{"allow":["GET"]}}],"collection":[{"href":"https:\/\/agrupacionespsoe.es\/ponferrada\/wp-json\/wp\/v2\/posts"}],"about":[{"href":"https:\/\/agrupacionespsoe.es\/ponferrada\/wp-json\/wp\/v2\/types\/post"}],"author":[{"embeddable":true,"href":"https:\/\/agrupacionespsoe.es\/ponferrada\/wp-json\/wp\/v2\/users\/32"}],"replies":[{"embeddable":true,"href":"https:\/\/agrupacionespsoe.es\/ponferrada\/wp-json\/wp\/v2\/comments?post=1583"}],"version-history":[{"count":2,"href":"https:\/\/agrupacionespsoe.es\/ponferrada\/wp-json\/wp\/v2\/posts\/1583\/revisions"}],"predecessor-version":[{"id":1587,"href":"https:\/\/agrupacionespsoe.es\/ponferrada\/wp-json\/wp\/v2\/posts\/1583\/revisions\/1587"}],"wp:featuredmedia":[{"embeddable":true,"href":"https:\/\/agrupacionespsoe.es\/ponferrada\/wp-json\/wp\/v2\/media\/1585"}],"wp:attachment":[{"href":"https:\/\/agrupacionespsoe.es\/ponferrada\/wp-json\/wp\/v2\/media?parent=1583"}],"wp:term":[{"taxonomy":"category","embeddable":true,"href":"https:\/\/agrupacionespsoe.es\/ponferrada\/wp-json\/wp\/v2\/categories?post=1583"},{"taxonomy":"post_tag","embeddable":true,"href":"https:\/\/agrupacionespsoe.es\/ponferrada\/wp-json\/wp\/v2\/tags?post=1583"}],"curies":[{"name":"wp","href":"https:\/\/api.w.org\/{rel}","templated":true}]}}