{"id":1517,"date":"2026-01-16T09:22:00","date_gmt":"2026-01-16T09:22:00","guid":{"rendered":"https:\/\/agrupacionespsoe.es\/ponferrada\/?p=1517"},"modified":"2026-01-16T08:24:49","modified_gmt":"2026-01-16T08:24:49","slug":"el-grupo-socialista-denuncia-que-en-el-equipo-de-gobierno-de-pp-y-cb-se-gestiona-con-derroche-mala-gestion-y-falta-absoluta-de-control","status":"publish","type":"post","link":"https:\/\/agrupacionespsoe.es\/ponferrada\/el-grupo-socialista-denuncia-que-en-el-equipo-de-gobierno-de-pp-y-cb-se-gestiona-con-derroche-mala-gestion-y-falta-absoluta-de-control\/","title":{"rendered":"El Grupo Socialista denuncia que en el equipo de gobierno de PP y CB se gestiona con derroche, mala gesti\u00f3n y falta absoluta de control"},"content":{"rendered":"\n<p>El Grupo Municipal Socialista de Ponferrada ha denunciado hoy que el equipo de gobierno del PP est\u00e1 incumpliendo el esp\u00edritu y los compromisos asumidos en el Plan Econ\u00f3mico-Financiero (PEF) aprobado en el Pleno del pasado 25 de julio de 2026, un plan al que el Ayuntamiento se vio obligado tras la p\u00e9sima gesti\u00f3n econ\u00f3mica del gobierno municipal y el derroche de gasto improductivo durante el ejercicio 2024.<\/p>\n\n\n\n<p>El Plan Econ\u00f3mico fue consecuencia directa de la liquidaci\u00f3n del presupuesto de 2024, que evidenci\u00f3 un grave incumplimiento de las reglas fiscales: un d\u00e9ficit de casi 820.000 euros, el incumplimiento de la regla de gasto en m\u00e1s de 1,2 millones de euros y un incremento del gasto del 7,62%, muy por encima del l\u00edmite legal del 2,6%. Estos datos obligaron legalmente al PP a presentar un plan para corregir esta deriva y garantizar el equilibrio presupuestario en 2025 y 2026.<\/p>\n\n\n\n<p>Aunque el documento aprobado se\u00f1alaba que no era necesario adoptar medidas cuantificadas, la Intervenci\u00f3n municipal fue clara al exigir compromisos expresos, entre ellos mejorar la gesti\u00f3n econ\u00f3mica con un mayor control de los gastos menores y limitar el uso del remanente de tesorer\u00eda, apelando a una contenci\u00f3n real del gasto corriente.<\/p>\n\n\n\n<p>Desde el Grupo Socialista se\u00f1alan que los datos de los gastos menores de 2025 parecem demostrar que contin\u00faan en su pol\u00edtica de derroche. Seg\u00fan las cifras ya disponibles, el equipo de gobierno de PP y CB ha gastado 4.385.491,14 euros en contratos menores en 2025, una cifra pr\u00e1cticamente id\u00e9ntica a la de 2024, cuando se alcanzaron los 4.551.239,76 euros. Se trata de cifras r\u00e9cord, que suponen casi un mill\u00f3n de euros m\u00e1s al a\u00f1o de lo que gastaba el anterior equipo de gobierno socialista, evidenciando un uso abusivo de este tipo de contrataci\u00f3n.<\/p>\n\n\n\n<p>\u201cEstos datos parecen demostrar que no existe ning\u00fan control real del gasto ni voluntad de corregir el derroche que les llev\u00f3 a incumplir la estabilidad presupuestaria\u201d, se\u00f1alan desde el Grupo Socialista. \u201cLos contratos menores se han convertido en la v\u00eda habitual para gastar sin planificaci\u00f3n, sin licitaci\u00f3n y sin control, justo lo contrario de lo que advert\u00eda la Intervenci\u00f3n municipal\u201d.<\/p>\n\n\n\n<p>Desde el Grupo Socialista ponen en duda que, manteniendo este nivel de gasto descontrolado, el Ayuntamiento pueda cumplir realmente los objetivos del Plan Econ\u00f3mico-Financiero en 2025 y 2026. \u201cAprobar un plan en el Pleno para luego ignorarlo en la pr\u00e1ctica es una irresponsabilidad que pone en riesgo la estabilidad econ\u00f3mica del Ayuntamiento y la prestaci\u00f3n de servicios p\u00fablicos en el futuro.&nbsp; Es muy grave si encima se tiene en cuenta que est\u00e1n dilapidando los recursos en gastos superfluos que no redundan en mejorar los servicios a la ciudadan\u00eda, solo hay que ver c\u00f3mo tienen la ciudad para ver que no est\u00e1n gastando en lo que debieran\u201d.<\/p>\n\n\n\n<p>Los socialistas concluyen acusando al PP de haber llevado al Ayuntamiento a una situaci\u00f3n que no se produc\u00eda desde hace a\u00f1os y de seguir actuando con la misma improvisaci\u00f3n que provoc\u00f3 el incumplimiento de las reglas fiscales. \u201cMucho hablar de rigor y de herencias recibidas, pero los n\u00fameros demuestran derroche, mala gesti\u00f3n y falta absoluta de control\u201d.<\/p>\n\n\n\n<figure class=\"wp-block-image size-large\"><img loading=\"lazy\" decoding=\"async\" width=\"1024\" height=\"770\" src=\"https:\/\/agrupacionespsoe.es\/ponferrada\/wp-content\/uploads\/sites\/36\/2025\/12\/WhatsApp-Image-2025-12-02-at-12.49.05-1024x770.jpeg\" alt=\"\" class=\"wp-image-1366\" srcset=\"https:\/\/agrupacionespsoe.es\/ponferrada\/wp-content\/uploads\/sites\/36\/2025\/12\/WhatsApp-Image-2025-12-02-at-12.49.05-1024x770.jpeg 1024w, https:\/\/agrupacionespsoe.es\/ponferrada\/wp-content\/uploads\/sites\/36\/2025\/12\/WhatsApp-Image-2025-12-02-at-12.49.05-300x225.jpeg 300w, https:\/\/agrupacionespsoe.es\/ponferrada\/wp-content\/uploads\/sites\/36\/2025\/12\/WhatsApp-Image-2025-12-02-at-12.49.05-768x577.jpeg 768w, https:\/\/agrupacionespsoe.es\/ponferrada\/wp-content\/uploads\/sites\/36\/2025\/12\/WhatsApp-Image-2025-12-02-at-12.49.05-1536x1154.jpeg 1536w, https:\/\/agrupacionespsoe.es\/ponferrada\/wp-content\/uploads\/sites\/36\/2025\/12\/WhatsApp-Image-2025-12-02-at-12.49.05.jpeg 2048w\" sizes=\"auto, (max-width: 1024px) 100vw, 1024px\" \/><\/figure>\n","protected":false},"excerpt":{"rendered":"<p>El Grupo Municipal Socialista de Ponferrada ha denunciado hoy que el equipo de gobierno del PP est\u00e1 incumpliendo el esp\u00edritu y los compromisos asumidos en el Plan Econ\u00f3mico-Financiero (PEF) aprobado en el Pleno del pasado 25 de julio de 2026, un plan al que el Ayuntamiento se vio obligado tras la p\u00e9sima gesti\u00f3n econ\u00f3mica del &#8230;<\/p>\n","protected":false},"author":32,"featured_media":1366,"comment_status":"open","ping_status":"open","sticky":false,"template":"","format":"standard","meta":{"_jetpack_memberships_contains_paid_content":false,"footnotes":""},"categories":[6],"tags":[],"class_list":["post-1517","post","type-post","status-publish","format-standard","has-post-thumbnail","hentry","category-actualidad"],"yoast_head":"<!-- This site is optimized with the Yoast SEO plugin v24.0 - https:\/\/yoast.com\/wordpress\/plugins\/seo\/ -->\n<title>El Grupo Socialista denuncia que en el equipo de gobierno de PP y CB se gestiona con derroche, mala gesti\u00f3n y falta absoluta de control - Agrupaci\u00f3n Socialista de Ponferrada<\/title>\n<meta name=\"robots\" content=\"index, follow, max-snippet:-1, max-image-preview:large, max-video-preview:-1\" \/>\n<link rel=\"canonical\" href=\"https:\/\/agrupacionespsoe.es\/ponferrada\/el-grupo-socialista-denuncia-que-en-el-equipo-de-gobierno-de-pp-y-cb-se-gestiona-con-derroche-mala-gestion-y-falta-absoluta-de-control\/\" \/>\n<meta property=\"og:locale\" content=\"es_ES\" \/>\n<meta property=\"og:type\" content=\"article\" \/>\n<meta property=\"og:title\" content=\"El Grupo Socialista denuncia que en el equipo de gobierno de PP y CB se gestiona con derroche, mala gesti\u00f3n y falta absoluta de control - Agrupaci\u00f3n Socialista de Ponferrada\" \/>\n<meta property=\"og:description\" content=\"El Grupo Municipal Socialista de Ponferrada ha denunciado hoy que el equipo de gobierno del PP est\u00e1 incumpliendo el esp\u00edritu y los compromisos asumidos en el Plan Econ\u00f3mico-Financiero (PEF) aprobado en el Pleno del pasado 25 de julio de 2026, un plan al que el Ayuntamiento se vio obligado tras la p\u00e9sima gesti\u00f3n econ\u00f3mica del ...\" \/>\n<meta property=\"og:url\" content=\"https:\/\/agrupacionespsoe.es\/ponferrada\/el-grupo-socialista-denuncia-que-en-el-equipo-de-gobierno-de-pp-y-cb-se-gestiona-con-derroche-mala-gestion-y-falta-absoluta-de-control\/\" \/>\n<meta property=\"og:site_name\" content=\"Agrupaci\u00f3n Socialista de Ponferrada\" \/>\n<meta property=\"article:published_time\" content=\"2026-01-16T09:22:00+00:00\" \/>\n<meta property=\"article:modified_time\" content=\"2026-01-16T08:24:49+00:00\" \/>\n<meta property=\"og:image\" content=\"https:\/\/agrupacionespsoe.es\/ponferrada\/wp-content\/uploads\/sites\/36\/2025\/12\/WhatsApp-Image-2025-12-02-at-12.49.05.jpeg\" \/>\n\t<meta property=\"og:image:width\" content=\"2048\" \/>\n\t<meta property=\"og:image:height\" content=\"1539\" \/>\n\t<meta property=\"og:image:type\" content=\"image\/jpeg\" \/>\n<meta name=\"author\" content=\"ponferrada2\" \/>\n<meta name=\"twitter:card\" content=\"summary_large_image\" \/>\n<meta name=\"twitter:label1\" content=\"Escrito por\" \/>\n\t<meta name=\"twitter:data1\" content=\"ponferrada2\" \/>\n\t<meta name=\"twitter:label2\" content=\"Tiempo de lectura\" \/>\n\t<meta name=\"twitter:data2\" content=\"3 minutos\" \/>\n<script type=\"application\/ld+json\" class=\"yoast-schema-graph\">{\"@context\":\"https:\/\/schema.org\",\"@graph\":[{\"@type\":\"Article\",\"@id\":\"https:\/\/agrupacionespsoe.es\/ponferrada\/el-grupo-socialista-denuncia-que-en-el-equipo-de-gobierno-de-pp-y-cb-se-gestiona-con-derroche-mala-gestion-y-falta-absoluta-de-control\/#article\",\"isPartOf\":{\"@id\":\"https:\/\/agrupacionespsoe.es\/ponferrada\/el-grupo-socialista-denuncia-que-en-el-equipo-de-gobierno-de-pp-y-cb-se-gestiona-con-derroche-mala-gestion-y-falta-absoluta-de-control\/\"},\"author\":{\"name\":\"ponferrada2\",\"@id\":\"https:\/\/agrupacionespsoe.es\/ponferrada\/#\/schema\/person\/cd29ee627f3b70c05d415f02596debaa\"},\"headline\":\"El Grupo Socialista denuncia que en el equipo de gobierno de PP y CB se gestiona con derroche, mala gesti\u00f3n y falta absoluta de control\",\"datePublished\":\"2026-01-16T09:22:00+00:00\",\"dateModified\":\"2026-01-16T08:24:49+00:00\",\"mainEntityOfPage\":{\"@id\":\"https:\/\/agrupacionespsoe.es\/ponferrada\/el-grupo-socialista-denuncia-que-en-el-equipo-de-gobierno-de-pp-y-cb-se-gestiona-con-derroche-mala-gestion-y-falta-absoluta-de-control\/\"},\"wordCount\":573,\"commentCount\":0,\"publisher\":{\"@id\":\"https:\/\/agrupacionespsoe.es\/ponferrada\/#organization\"},\"image\":{\"@id\":\"https:\/\/agrupacionespsoe.es\/ponferrada\/el-grupo-socialista-denuncia-que-en-el-equipo-de-gobierno-de-pp-y-cb-se-gestiona-con-derroche-mala-gestion-y-falta-absoluta-de-control\/#primaryimage\"},\"thumbnailUrl\":\"https:\/\/agrupacionespsoe.es\/ponferrada\/wp-content\/uploads\/sites\/36\/2025\/12\/WhatsApp-Image-2025-12-02-at-12.49.05.jpeg\",\"articleSection\":[\"ACTUALIDAD\"],\"inLanguage\":\"es\",\"potentialAction\":[{\"@type\":\"CommentAction\",\"name\":\"Comment\",\"target\":[\"https:\/\/agrupacionespsoe.es\/ponferrada\/el-grupo-socialista-denuncia-que-en-el-equipo-de-gobierno-de-pp-y-cb-se-gestiona-con-derroche-mala-gestion-y-falta-absoluta-de-control\/#respond\"]}]},{\"@type\":\"WebPage\",\"@id\":\"https:\/\/agrupacionespsoe.es\/ponferrada\/el-grupo-socialista-denuncia-que-en-el-equipo-de-gobierno-de-pp-y-cb-se-gestiona-con-derroche-mala-gestion-y-falta-absoluta-de-control\/\",\"url\":\"https:\/\/agrupacionespsoe.es\/ponferrada\/el-grupo-socialista-denuncia-que-en-el-equipo-de-gobierno-de-pp-y-cb-se-gestiona-con-derroche-mala-gestion-y-falta-absoluta-de-control\/\",\"name\":\"El Grupo Socialista denuncia que en el equipo de gobierno de PP y CB se gestiona con derroche, mala gesti\u00f3n y falta absoluta de control - Agrupaci\u00f3n Socialista de Ponferrada\",\"isPartOf\":{\"@id\":\"https:\/\/agrupacionespsoe.es\/ponferrada\/#website\"},\"primaryImageOfPage\":{\"@id\":\"https:\/\/agrupacionespsoe.es\/ponferrada\/el-grupo-socialista-denuncia-que-en-el-equipo-de-gobierno-de-pp-y-cb-se-gestiona-con-derroche-mala-gestion-y-falta-absoluta-de-control\/#primaryimage\"},\"image\":{\"@id\":\"https:\/\/agrupacionespsoe.es\/ponferrada\/el-grupo-socialista-denuncia-que-en-el-equipo-de-gobierno-de-pp-y-cb-se-gestiona-con-derroche-mala-gestion-y-falta-absoluta-de-control\/#primaryimage\"},\"thumbnailUrl\":\"https:\/\/agrupacionespsoe.es\/ponferrada\/wp-content\/uploads\/sites\/36\/2025\/12\/WhatsApp-Image-2025-12-02-at-12.49.05.jpeg\",\"datePublished\":\"2026-01-16T09:22:00+00:00\",\"dateModified\":\"2026-01-16T08:24:49+00:00\",\"breadcrumb\":{\"@id\":\"https:\/\/agrupacionespsoe.es\/ponferrada\/el-grupo-socialista-denuncia-que-en-el-equipo-de-gobierno-de-pp-y-cb-se-gestiona-con-derroche-mala-gestion-y-falta-absoluta-de-control\/#breadcrumb\"},\"inLanguage\":\"es\",\"potentialAction\":[{\"@type\":\"ReadAction\",\"target\":[\"https:\/\/agrupacionespsoe.es\/ponferrada\/el-grupo-socialista-denuncia-que-en-el-equipo-de-gobierno-de-pp-y-cb-se-gestiona-con-derroche-mala-gestion-y-falta-absoluta-de-control\/\"]}]},{\"@type\":\"ImageObject\",\"inLanguage\":\"es\",\"@id\":\"https:\/\/agrupacionespsoe.es\/ponferrada\/el-grupo-socialista-denuncia-que-en-el-equipo-de-gobierno-de-pp-y-cb-se-gestiona-con-derroche-mala-gestion-y-falta-absoluta-de-control\/#primaryimage\",\"url\":\"https:\/\/agrupacionespsoe.es\/ponferrada\/wp-content\/uploads\/sites\/36\/2025\/12\/WhatsApp-Image-2025-12-02-at-12.49.05.jpeg\",\"contentUrl\":\"https:\/\/agrupacionespsoe.es\/ponferrada\/wp-content\/uploads\/sites\/36\/2025\/12\/WhatsApp-Image-2025-12-02-at-12.49.05.jpeg\",\"width\":2048,\"height\":1539},{\"@type\":\"BreadcrumbList\",\"@id\":\"https:\/\/agrupacionespsoe.es\/ponferrada\/el-grupo-socialista-denuncia-que-en-el-equipo-de-gobierno-de-pp-y-cb-se-gestiona-con-derroche-mala-gestion-y-falta-absoluta-de-control\/#breadcrumb\",\"itemListElement\":[{\"@type\":\"ListItem\",\"position\":1,\"name\":\"Portada\",\"item\":\"https:\/\/agrupacionespsoe.es\/ponferrada\/\"},{\"@type\":\"ListItem\",\"position\":2,\"name\":\"El Grupo Socialista denuncia que en el equipo de gobierno de PP y CB se gestiona con derroche, mala gesti\u00f3n y falta absoluta de control\"}]},{\"@type\":\"WebSite\",\"@id\":\"https:\/\/agrupacionespsoe.es\/ponferrada\/#website\",\"url\":\"https:\/\/agrupacionespsoe.es\/ponferrada\/\",\"name\":\"Agrupaci\u00f3n Socialista de Ponferrada\",\"description\":\"Agrupaci\u00f3n Socialista de Ponferrada\",\"publisher\":{\"@id\":\"https:\/\/agrupacionespsoe.es\/ponferrada\/#organization\"},\"potentialAction\":[{\"@type\":\"SearchAction\",\"target\":{\"@type\":\"EntryPoint\",\"urlTemplate\":\"https:\/\/agrupacionespsoe.es\/ponferrada\/?s={search_term_string}\"},\"query-input\":{\"@type\":\"PropertyValueSpecification\",\"valueRequired\":true,\"valueName\":\"search_term_string\"}}],\"inLanguage\":\"es\"},{\"@type\":\"Organization\",\"@id\":\"https:\/\/agrupacionespsoe.es\/ponferrada\/#organization\",\"name\":\"Agrupaci\u00f3n Socialista de Ponferrada\",\"url\":\"https:\/\/agrupacionespsoe.es\/ponferrada\/\",\"logo\":{\"@type\":\"ImageObject\",\"inLanguage\":\"es\",\"@id\":\"https:\/\/agrupacionespsoe.es\/ponferrada\/#\/schema\/logo\/image\/\",\"url\":\"https:\/\/agrupacionespsoe.es\/wp-content\/uploads\/2022\/07\/Logotipo_electoral_del_PSOE.png\",\"contentUrl\":\"https:\/\/agrupacionespsoe.es\/wp-content\/uploads\/2022\/07\/Logotipo_electoral_del_PSOE.png\",\"width\":422,\"height\":422,\"caption\":\"Agrupaci\u00f3n Socialista de Ponferrada\"},\"image\":{\"@id\":\"https:\/\/agrupacionespsoe.es\/ponferrada\/#\/schema\/logo\/image\/\"}},{\"@type\":\"Person\",\"@id\":\"https:\/\/agrupacionespsoe.es\/ponferrada\/#\/schema\/person\/cd29ee627f3b70c05d415f02596debaa\",\"name\":\"ponferrada2\",\"image\":{\"@type\":\"ImageObject\",\"inLanguage\":\"es\",\"@id\":\"https:\/\/agrupacionespsoe.es\/ponferrada\/#\/schema\/person\/image\/\",\"url\":\"https:\/\/secure.gravatar.com\/avatar\/f499eeb60144c664cf7b7edf75549b50?s=96&d=mm&r=g\",\"contentUrl\":\"https:\/\/secure.gravatar.com\/avatar\/f499eeb60144c664cf7b7edf75549b50?s=96&d=mm&r=g\",\"caption\":\"ponferrada2\"},\"url\":\"https:\/\/agrupacionespsoe.es\/ponferrada\/author\/ponferrada2\/\"}]}<\/script>\n<!-- \/ Yoast SEO plugin. -->","yoast_head_json":{"title":"El Grupo Socialista denuncia que en el equipo de gobierno de PP y CB se gestiona con derroche, mala gesti\u00f3n y falta absoluta de control - Agrupaci\u00f3n Socialista de Ponferrada","robots":{"index":"index","follow":"follow","max-snippet":"max-snippet:-1","max-image-preview":"max-image-preview:large","max-video-preview":"max-video-preview:-1"},"canonical":"https:\/\/agrupacionespsoe.es\/ponferrada\/el-grupo-socialista-denuncia-que-en-el-equipo-de-gobierno-de-pp-y-cb-se-gestiona-con-derroche-mala-gestion-y-falta-absoluta-de-control\/","og_locale":"es_ES","og_type":"article","og_title":"El Grupo Socialista denuncia que en el equipo de gobierno de PP y CB se gestiona con derroche, mala gesti\u00f3n y falta absoluta de control - Agrupaci\u00f3n Socialista de Ponferrada","og_description":"El Grupo Municipal Socialista de Ponferrada ha denunciado hoy que el equipo de gobierno del PP est\u00e1 incumpliendo el esp\u00edritu y los compromisos asumidos en el Plan Econ\u00f3mico-Financiero (PEF) aprobado en el Pleno del pasado 25 de julio de 2026, un plan al que el Ayuntamiento se vio obligado tras la p\u00e9sima gesti\u00f3n econ\u00f3mica del ...","og_url":"https:\/\/agrupacionespsoe.es\/ponferrada\/el-grupo-socialista-denuncia-que-en-el-equipo-de-gobierno-de-pp-y-cb-se-gestiona-con-derroche-mala-gestion-y-falta-absoluta-de-control\/","og_site_name":"Agrupaci\u00f3n Socialista de Ponferrada","article_published_time":"2026-01-16T09:22:00+00:00","article_modified_time":"2026-01-16T08:24:49+00:00","og_image":[{"width":2048,"height":1539,"url":"https:\/\/agrupacionespsoe.es\/ponferrada\/wp-content\/uploads\/sites\/36\/2025\/12\/WhatsApp-Image-2025-12-02-at-12.49.05.jpeg","type":"image\/jpeg"}],"author":"ponferrada2","twitter_card":"summary_large_image","twitter_misc":{"Escrito por":"ponferrada2","Tiempo de lectura":"3 minutos"},"schema":{"@context":"https:\/\/schema.org","@graph":[{"@type":"Article","@id":"https:\/\/agrupacionespsoe.es\/ponferrada\/el-grupo-socialista-denuncia-que-en-el-equipo-de-gobierno-de-pp-y-cb-se-gestiona-con-derroche-mala-gestion-y-falta-absoluta-de-control\/#article","isPartOf":{"@id":"https:\/\/agrupacionespsoe.es\/ponferrada\/el-grupo-socialista-denuncia-que-en-el-equipo-de-gobierno-de-pp-y-cb-se-gestiona-con-derroche-mala-gestion-y-falta-absoluta-de-control\/"},"author":{"name":"ponferrada2","@id":"https:\/\/agrupacionespsoe.es\/ponferrada\/#\/schema\/person\/cd29ee627f3b70c05d415f02596debaa"},"headline":"El Grupo Socialista denuncia que en el equipo de gobierno de PP y CB se gestiona con derroche, mala gesti\u00f3n y falta absoluta de control","datePublished":"2026-01-16T09:22:00+00:00","dateModified":"2026-01-16T08:24:49+00:00","mainEntityOfPage":{"@id":"https:\/\/agrupacionespsoe.es\/ponferrada\/el-grupo-socialista-denuncia-que-en-el-equipo-de-gobierno-de-pp-y-cb-se-gestiona-con-derroche-mala-gestion-y-falta-absoluta-de-control\/"},"wordCount":573,"commentCount":0,"publisher":{"@id":"https:\/\/agrupacionespsoe.es\/ponferrada\/#organization"},"image":{"@id":"https:\/\/agrupacionespsoe.es\/ponferrada\/el-grupo-socialista-denuncia-que-en-el-equipo-de-gobierno-de-pp-y-cb-se-gestiona-con-derroche-mala-gestion-y-falta-absoluta-de-control\/#primaryimage"},"thumbnailUrl":"https:\/\/agrupacionespsoe.es\/ponferrada\/wp-content\/uploads\/sites\/36\/2025\/12\/WhatsApp-Image-2025-12-02-at-12.49.05.jpeg","articleSection":["ACTUALIDAD"],"inLanguage":"es","potentialAction":[{"@type":"CommentAction","name":"Comment","target":["https:\/\/agrupacionespsoe.es\/ponferrada\/el-grupo-socialista-denuncia-que-en-el-equipo-de-gobierno-de-pp-y-cb-se-gestiona-con-derroche-mala-gestion-y-falta-absoluta-de-control\/#respond"]}]},{"@type":"WebPage","@id":"https:\/\/agrupacionespsoe.es\/ponferrada\/el-grupo-socialista-denuncia-que-en-el-equipo-de-gobierno-de-pp-y-cb-se-gestiona-con-derroche-mala-gestion-y-falta-absoluta-de-control\/","url":"https:\/\/agrupacionespsoe.es\/ponferrada\/el-grupo-socialista-denuncia-que-en-el-equipo-de-gobierno-de-pp-y-cb-se-gestiona-con-derroche-mala-gestion-y-falta-absoluta-de-control\/","name":"El Grupo Socialista denuncia que en el equipo de gobierno de PP y CB se gestiona con derroche, mala gesti\u00f3n y falta absoluta de control - Agrupaci\u00f3n Socialista de Ponferrada","isPartOf":{"@id":"https:\/\/agrupacionespsoe.es\/ponferrada\/#website"},"primaryImageOfPage":{"@id":"https:\/\/agrupacionespsoe.es\/ponferrada\/el-grupo-socialista-denuncia-que-en-el-equipo-de-gobierno-de-pp-y-cb-se-gestiona-con-derroche-mala-gestion-y-falta-absoluta-de-control\/#primaryimage"},"image":{"@id":"https:\/\/agrupacionespsoe.es\/ponferrada\/el-grupo-socialista-denuncia-que-en-el-equipo-de-gobierno-de-pp-y-cb-se-gestiona-con-derroche-mala-gestion-y-falta-absoluta-de-control\/#primaryimage"},"thumbnailUrl":"https:\/\/agrupacionespsoe.es\/ponferrada\/wp-content\/uploads\/sites\/36\/2025\/12\/WhatsApp-Image-2025-12-02-at-12.49.05.jpeg","datePublished":"2026-01-16T09:22:00+00:00","dateModified":"2026-01-16T08:24:49+00:00","breadcrumb":{"@id":"https:\/\/agrupacionespsoe.es\/ponferrada\/el-grupo-socialista-denuncia-que-en-el-equipo-de-gobierno-de-pp-y-cb-se-gestiona-con-derroche-mala-gestion-y-falta-absoluta-de-control\/#breadcrumb"},"inLanguage":"es","potentialAction":[{"@type":"ReadAction","target":["https:\/\/agrupacionespsoe.es\/ponferrada\/el-grupo-socialista-denuncia-que-en-el-equipo-de-gobierno-de-pp-y-cb-se-gestiona-con-derroche-mala-gestion-y-falta-absoluta-de-control\/"]}]},{"@type":"ImageObject","inLanguage":"es","@id":"https:\/\/agrupacionespsoe.es\/ponferrada\/el-grupo-socialista-denuncia-que-en-el-equipo-de-gobierno-de-pp-y-cb-se-gestiona-con-derroche-mala-gestion-y-falta-absoluta-de-control\/#primaryimage","url":"https:\/\/agrupacionespsoe.es\/ponferrada\/wp-content\/uploads\/sites\/36\/2025\/12\/WhatsApp-Image-2025-12-02-at-12.49.05.jpeg","contentUrl":"https:\/\/agrupacionespsoe.es\/ponferrada\/wp-content\/uploads\/sites\/36\/2025\/12\/WhatsApp-Image-2025-12-02-at-12.49.05.jpeg","width":2048,"height":1539},{"@type":"BreadcrumbList","@id":"https:\/\/agrupacionespsoe.es\/ponferrada\/el-grupo-socialista-denuncia-que-en-el-equipo-de-gobierno-de-pp-y-cb-se-gestiona-con-derroche-mala-gestion-y-falta-absoluta-de-control\/#breadcrumb","itemListElement":[{"@type":"ListItem","position":1,"name":"Portada","item":"https:\/\/agrupacionespsoe.es\/ponferrada\/"},{"@type":"ListItem","position":2,"name":"El Grupo Socialista denuncia que en el equipo de gobierno de PP y CB se gestiona con derroche, mala gesti\u00f3n y falta absoluta de control"}]},{"@type":"WebSite","@id":"https:\/\/agrupacionespsoe.es\/ponferrada\/#website","url":"https:\/\/agrupacionespsoe.es\/ponferrada\/","name":"Agrupaci\u00f3n Socialista de Ponferrada","description":"Agrupaci\u00f3n Socialista de Ponferrada","publisher":{"@id":"https:\/\/agrupacionespsoe.es\/ponferrada\/#organization"},"potentialAction":[{"@type":"SearchAction","target":{"@type":"EntryPoint","urlTemplate":"https:\/\/agrupacionespsoe.es\/ponferrada\/?s={search_term_string}"},"query-input":{"@type":"PropertyValueSpecification","valueRequired":true,"valueName":"search_term_string"}}],"inLanguage":"es"},{"@type":"Organization","@id":"https:\/\/agrupacionespsoe.es\/ponferrada\/#organization","name":"Agrupaci\u00f3n Socialista de Ponferrada","url":"https:\/\/agrupacionespsoe.es\/ponferrada\/","logo":{"@type":"ImageObject","inLanguage":"es","@id":"https:\/\/agrupacionespsoe.es\/ponferrada\/#\/schema\/logo\/image\/","url":"https:\/\/agrupacionespsoe.es\/wp-content\/uploads\/2022\/07\/Logotipo_electoral_del_PSOE.png","contentUrl":"https:\/\/agrupacionespsoe.es\/wp-content\/uploads\/2022\/07\/Logotipo_electoral_del_PSOE.png","width":422,"height":422,"caption":"Agrupaci\u00f3n Socialista de Ponferrada"},"image":{"@id":"https:\/\/agrupacionespsoe.es\/ponferrada\/#\/schema\/logo\/image\/"}},{"@type":"Person","@id":"https:\/\/agrupacionespsoe.es\/ponferrada\/#\/schema\/person\/cd29ee627f3b70c05d415f02596debaa","name":"ponferrada2","image":{"@type":"ImageObject","inLanguage":"es","@id":"https:\/\/agrupacionespsoe.es\/ponferrada\/#\/schema\/person\/image\/","url":"https:\/\/secure.gravatar.com\/avatar\/f499eeb60144c664cf7b7edf75549b50?s=96&d=mm&r=g","contentUrl":"https:\/\/secure.gravatar.com\/avatar\/f499eeb60144c664cf7b7edf75549b50?s=96&d=mm&r=g","caption":"ponferrada2"},"url":"https:\/\/agrupacionespsoe.es\/ponferrada\/author\/ponferrada2\/"}]}},"jetpack_featured_media_url":"https:\/\/agrupacionespsoe.es\/ponferrada\/wp-content\/uploads\/sites\/36\/2025\/12\/WhatsApp-Image-2025-12-02-at-12.49.05.jpeg","jetpack_sharing_enabled":true,"_links":{"self":[{"href":"https:\/\/agrupacionespsoe.es\/ponferrada\/wp-json\/wp\/v2\/posts\/1517","targetHints":{"allow":["GET"]}}],"collection":[{"href":"https:\/\/agrupacionespsoe.es\/ponferrada\/wp-json\/wp\/v2\/posts"}],"about":[{"href":"https:\/\/agrupacionespsoe.es\/ponferrada\/wp-json\/wp\/v2\/types\/post"}],"author":[{"embeddable":true,"href":"https:\/\/agrupacionespsoe.es\/ponferrada\/wp-json\/wp\/v2\/users\/32"}],"replies":[{"embeddable":true,"href":"https:\/\/agrupacionespsoe.es\/ponferrada\/wp-json\/wp\/v2\/comments?post=1517"}],"version-history":[{"count":2,"href":"https:\/\/agrupacionespsoe.es\/ponferrada\/wp-json\/wp\/v2\/posts\/1517\/revisions"}],"predecessor-version":[{"id":1519,"href":"https:\/\/agrupacionespsoe.es\/ponferrada\/wp-json\/wp\/v2\/posts\/1517\/revisions\/1519"}],"wp:featuredmedia":[{"embeddable":true,"href":"https:\/\/agrupacionespsoe.es\/ponferrada\/wp-json\/wp\/v2\/media\/1366"}],"wp:attachment":[{"href":"https:\/\/agrupacionespsoe.es\/ponferrada\/wp-json\/wp\/v2\/media?parent=1517"}],"wp:term":[{"taxonomy":"category","embeddable":true,"href":"https:\/\/agrupacionespsoe.es\/ponferrada\/wp-json\/wp\/v2\/categories?post=1517"},{"taxonomy":"post_tag","embeddable":true,"href":"https:\/\/agrupacionespsoe.es\/ponferrada\/wp-json\/wp\/v2\/tags?post=1517"}],"curies":[{"name":"wp","href":"https:\/\/api.w.org\/{rel}","templated":true}]}}