{"id":1511,"date":"2026-01-15T16:17:00","date_gmt":"2026-01-15T16:17:00","guid":{"rendered":"https:\/\/agrupacionespsoe.es\/ponferrada\/?p=1511"},"modified":"2026-01-16T12:51:37","modified_gmt":"2026-01-16T12:51:37","slug":"el-grupo-socialista-senala-que-presumir-de-la-puntualidad-del-servicio-municipal-de-transportes-cuando-han-reducido-las-frecuencias-es-una-broma-de-mal-gusto","status":"publish","type":"post","link":"https:\/\/agrupacionespsoe.es\/ponferrada\/el-grupo-socialista-senala-que-presumir-de-la-puntualidad-del-servicio-municipal-de-transportes-cuando-han-reducido-las-frecuencias-es-una-broma-de-mal-gusto\/","title":{"rendered":"El Grupo Socialista se\u00f1ala que presumir de la puntualidad del servicio municipal de transportes cuando han reducido las frecuencias es una broma de mal gusto"},"content":{"rendered":"\n<p>El Grupo Municipal Socialista de Ponferrada ha reclamado al equipo de gobierno del PP y CB que deje de descalificar a la ciudadan\u00eda y asuma su responsabilidad tras el requerimiento del Procurador del Com\u00fan, que insta al Ayuntamiento a valorar la ampliaci\u00f3n de frecuencias y rutas del servicio municipal de autobuses ante las deficiencias detectadas en su prestaci\u00f3n.<\/p>\n\n\n\n<p>Los socialistas se\u00f1alan que no es el PSOE quien \u201cha activado sus plataformas de crispaci\u00f3n generalizada\u201d, como afirm\u00f3 el alcalde, sino la propia ciudadan\u00eda usuaria del servicio, que ha visto c\u00f3mo desde enero se han reducido las frecuencias, pasando de autobuses cada hora a intervalos de hasta una hora y veinte minutos, con horarios irregulares que dificultan la movilidad diaria de trabajadores, estudiantes y personas mayores. Una situaci\u00f3n que ha provocado protestas, recogidas de firmas, la creaci\u00f3n de una plataforma de usuarios y, finalmente, la intervenci\u00f3n del Procurador del Com\u00fan. El alcalde parece que no se entera debe ser que las quejas de la ciudadan\u00eda no llegan a la planta noble donde se ha instalado.<\/p>\n\n\n\n<p>La resoluci\u00f3n es clara: el transporte urbano es un servicio p\u00fablico obligatorio para municipios de m\u00e1s de 50.000 habitantes y debe prestarse bajo los principios de regularidad, continuidad, generalidad e igualdad. El Procurador considera razonables y fundadas las quejas ciudadanas y pide expresamente al Ayuntamiento que valore ampliar frecuencias y rutas para garantizar una prestaci\u00f3n eficiente del servicio, algo que el equipo de gobierno sigue negando p\u00fablicamente mientras la realidad en las paradas es muy distinta.<\/p>\n\n\n\n<p>Desde el PSOE critican adem\u00e1s la contradicci\u00f3n permanente del equipo de gobierno, con un concejal de Movilidad que aseguraba que todas las quejas han sido atendidas y ahora conocemos que se hab\u00edan planteado una reclamaci\u00f3n incluso ante el procurador del com\u00fan.<\/p>\n\n\n\n<p>En respuesta a las declaraciones del alcalde, que lleg\u00f3 a comparar los nuevos que se compraron en el anterior mandato con autobuses del \u201ctercer mundo\u201d, el Grupo Socialista recuerda que hoy puede presumir de autobuses el\u00e9ctricos gracias a que fue el anterior equipo de gobierno del PSOE quien consigui\u00f3 financiaci\u00f3n europea para su adquisici\u00f3n. \u201cSin esos fondos europeos, logrados con trabajo y proyectos serios, el se\u00f1or Morala no estar\u00eda hoy presentando autobuses ni hablando de primer mundo. Presumir de lo que otros dejaron financiado no mejora el servicio ni tapa los recortes de frecuencias que sufren los usuarios\u201d, subrayan.<\/p>\n\n\n\n<p>Los socialistas les parece una broma de mal gusto que el alcalde presuma de la puntualidad de los autobuses que dice que es del 97%, ser\u00eda el colmo que los autobuses no fueran puntuales cuando las rutas han pasado de realizarse en una hora a alargarse hasta una hora y veinte. Mientras los usuarios esperan y desesperan en las paradas, es habitual ver autobuses detenidos al inicio de las l\u00edneas aguardando a que llegue la hora prevista para volver a arrancar. El verdadero problema es que hay menos autobuses, menos frecuencias y m\u00e1s tiempo de espera, cuando lo que habr\u00eda que haber hecho es reforzar el servicio con m\u00e1s veh\u00edculos, no recortar frecuencias y empeorar la movilidad de quienes m\u00e1s lo necesitan.<\/p>\n\n\n\n<p>\u201cEl Procurador del Com\u00fan ha puesto negro sobre blanco lo que la ciudadan\u00eda lleva meses denunciando. Pero el PP va a optar por su estrategia de siempre, en lugar de cumplir con su obligaci\u00f3n escuchar a los usuarios pretende echarle la culpa al PSOE\u201d.<\/p>\n\n\n\n<figure class=\"wp-block-image size-large\"><img loading=\"lazy\" decoding=\"async\" width=\"1365\" height=\"1024\" src=\"https:\/\/agrupacionespsoe.es\/ponferrada\/wp-content\/uploads\/sites\/36\/2026\/01\/WhatsApp-Image-2026-01-16-at-09.17.26-edited.jpeg\" alt=\"\" class=\"wp-image-1513\" srcset=\"https:\/\/agrupacionespsoe.es\/ponferrada\/wp-content\/uploads\/sites\/36\/2026\/01\/WhatsApp-Image-2026-01-16-at-09.17.26-edited.jpeg 1365w, https:\/\/agrupacionespsoe.es\/ponferrada\/wp-content\/uploads\/sites\/36\/2026\/01\/WhatsApp-Image-2026-01-16-at-09.17.26-edited-300x225.jpeg 300w, https:\/\/agrupacionespsoe.es\/ponferrada\/wp-content\/uploads\/sites\/36\/2026\/01\/WhatsApp-Image-2026-01-16-at-09.17.26-edited-1024x768.jpeg 1024w, https:\/\/agrupacionespsoe.es\/ponferrada\/wp-content\/uploads\/sites\/36\/2026\/01\/WhatsApp-Image-2026-01-16-at-09.17.26-edited-768x576.jpeg 768w\" sizes=\"auto, (max-width: 1365px) 100vw, 1365px\" \/><\/figure>\n","protected":false},"excerpt":{"rendered":"<p>El Grupo Municipal Socialista de Ponferrada ha reclamado al equipo de gobierno del PP y CB que deje de descalificar a la ciudadan\u00eda y asuma su responsabilidad tras el requerimiento del Procurador del Com\u00fan, que insta al Ayuntamiento a valorar la ampliaci\u00f3n de frecuencias y rutas del servicio municipal de autobuses ante las deficiencias detectadas &#8230;<\/p>\n","protected":false},"author":32,"featured_media":1512,"comment_status":"open","ping_status":"open","sticky":false,"template":"","format":"standard","meta":{"_jetpack_memberships_contains_paid_content":false,"footnotes":""},"categories":[6],"tags":[],"class_list":["post-1511","post","type-post","status-publish","format-standard","has-post-thumbnail","hentry","category-actualidad"],"yoast_head":"<!-- This site is optimized with the Yoast SEO plugin v24.0 - https:\/\/yoast.com\/wordpress\/plugins\/seo\/ -->\n<title>El Grupo Socialista se\u00f1ala que presumir de la puntualidad del servicio municipal de transportes cuando han reducido las frecuencias es una broma de mal gusto - Agrupaci\u00f3n Socialista de Ponferrada<\/title>\n<meta name=\"robots\" content=\"index, follow, max-snippet:-1, max-image-preview:large, max-video-preview:-1\" \/>\n<link rel=\"canonical\" href=\"https:\/\/agrupacionespsoe.es\/ponferrada\/el-grupo-socialista-senala-que-presumir-de-la-puntualidad-del-servicio-municipal-de-transportes-cuando-han-reducido-las-frecuencias-es-una-broma-de-mal-gusto\/\" \/>\n<meta property=\"og:locale\" content=\"es_ES\" \/>\n<meta property=\"og:type\" content=\"article\" \/>\n<meta property=\"og:title\" content=\"El Grupo Socialista se\u00f1ala que presumir de la puntualidad del servicio municipal de transportes cuando han reducido las frecuencias es una broma de mal gusto - Agrupaci\u00f3n Socialista de Ponferrada\" \/>\n<meta property=\"og:description\" content=\"El Grupo Municipal Socialista de Ponferrada ha reclamado al equipo de gobierno del PP y CB que deje de descalificar a la ciudadan\u00eda y asuma su responsabilidad tras el requerimiento del Procurador del Com\u00fan, que insta al Ayuntamiento a valorar la ampliaci\u00f3n de frecuencias y rutas del servicio municipal de autobuses ante las deficiencias detectadas ...\" \/>\n<meta property=\"og:url\" content=\"https:\/\/agrupacionespsoe.es\/ponferrada\/el-grupo-socialista-senala-que-presumir-de-la-puntualidad-del-servicio-municipal-de-transportes-cuando-han-reducido-las-frecuencias-es-una-broma-de-mal-gusto\/\" \/>\n<meta property=\"og:site_name\" content=\"Agrupaci\u00f3n Socialista de Ponferrada\" \/>\n<meta property=\"article:published_time\" content=\"2026-01-15T16:17:00+00:00\" \/>\n<meta property=\"article:modified_time\" content=\"2026-01-16T12:51:37+00:00\" \/>\n<meta property=\"og:image\" content=\"https:\/\/agrupacionespsoe.es\/ponferrada\/wp-content\/uploads\/sites\/36\/2026\/01\/WhatsApp-Image-2026-01-16-at-09.17.26.jpeg\" \/>\n\t<meta property=\"og:image:width\" content=\"2048\" \/>\n\t<meta property=\"og:image:height\" content=\"1536\" \/>\n\t<meta property=\"og:image:type\" content=\"image\/jpeg\" \/>\n<meta name=\"author\" content=\"ponferrada2\" \/>\n<meta name=\"twitter:card\" content=\"summary_large_image\" \/>\n<meta name=\"twitter:label1\" content=\"Escrito por\" \/>\n\t<meta name=\"twitter:data1\" content=\"ponferrada2\" \/>\n\t<meta name=\"twitter:label2\" content=\"Tiempo de lectura\" \/>\n\t<meta name=\"twitter:data2\" content=\"3 minutos\" \/>\n<script type=\"application\/ld+json\" class=\"yoast-schema-graph\">{\"@context\":\"https:\/\/schema.org\",\"@graph\":[{\"@type\":\"Article\",\"@id\":\"https:\/\/agrupacionespsoe.es\/ponferrada\/el-grupo-socialista-senala-que-presumir-de-la-puntualidad-del-servicio-municipal-de-transportes-cuando-han-reducido-las-frecuencias-es-una-broma-de-mal-gusto\/#article\",\"isPartOf\":{\"@id\":\"https:\/\/agrupacionespsoe.es\/ponferrada\/el-grupo-socialista-senala-que-presumir-de-la-puntualidad-del-servicio-municipal-de-transportes-cuando-han-reducido-las-frecuencias-es-una-broma-de-mal-gusto\/\"},\"author\":{\"name\":\"ponferrada2\",\"@id\":\"https:\/\/agrupacionespsoe.es\/ponferrada\/#\/schema\/person\/cd29ee627f3b70c05d415f02596debaa\"},\"headline\":\"El Grupo Socialista se\u00f1ala que presumir de la puntualidad del servicio municipal de transportes cuando han reducido las frecuencias es una broma de mal gusto\",\"datePublished\":\"2026-01-15T16:17:00+00:00\",\"dateModified\":\"2026-01-16T12:51:37+00:00\",\"mainEntityOfPage\":{\"@id\":\"https:\/\/agrupacionespsoe.es\/ponferrada\/el-grupo-socialista-senala-que-presumir-de-la-puntualidad-del-servicio-municipal-de-transportes-cuando-han-reducido-las-frecuencias-es-una-broma-de-mal-gusto\/\"},\"wordCount\":617,\"commentCount\":0,\"publisher\":{\"@id\":\"https:\/\/agrupacionespsoe.es\/ponferrada\/#organization\"},\"image\":{\"@id\":\"https:\/\/agrupacionespsoe.es\/ponferrada\/el-grupo-socialista-senala-que-presumir-de-la-puntualidad-del-servicio-municipal-de-transportes-cuando-han-reducido-las-frecuencias-es-una-broma-de-mal-gusto\/#primaryimage\"},\"thumbnailUrl\":\"https:\/\/agrupacionespsoe.es\/ponferrada\/wp-content\/uploads\/sites\/36\/2026\/01\/WhatsApp-Image-2026-01-16-at-09.17.26.jpeg\",\"articleSection\":[\"ACTUALIDAD\"],\"inLanguage\":\"es\",\"potentialAction\":[{\"@type\":\"CommentAction\",\"name\":\"Comment\",\"target\":[\"https:\/\/agrupacionespsoe.es\/ponferrada\/el-grupo-socialista-senala-que-presumir-de-la-puntualidad-del-servicio-municipal-de-transportes-cuando-han-reducido-las-frecuencias-es-una-broma-de-mal-gusto\/#respond\"]}]},{\"@type\":\"WebPage\",\"@id\":\"https:\/\/agrupacionespsoe.es\/ponferrada\/el-grupo-socialista-senala-que-presumir-de-la-puntualidad-del-servicio-municipal-de-transportes-cuando-han-reducido-las-frecuencias-es-una-broma-de-mal-gusto\/\",\"url\":\"https:\/\/agrupacionespsoe.es\/ponferrada\/el-grupo-socialista-senala-que-presumir-de-la-puntualidad-del-servicio-municipal-de-transportes-cuando-han-reducido-las-frecuencias-es-una-broma-de-mal-gusto\/\",\"name\":\"El Grupo Socialista se\u00f1ala que presumir de la puntualidad del servicio municipal de transportes cuando han reducido las frecuencias es una broma de mal gusto - Agrupaci\u00f3n Socialista de Ponferrada\",\"isPartOf\":{\"@id\":\"https:\/\/agrupacionespsoe.es\/ponferrada\/#website\"},\"primaryImageOfPage\":{\"@id\":\"https:\/\/agrupacionespsoe.es\/ponferrada\/el-grupo-socialista-senala-que-presumir-de-la-puntualidad-del-servicio-municipal-de-transportes-cuando-han-reducido-las-frecuencias-es-una-broma-de-mal-gusto\/#primaryimage\"},\"image\":{\"@id\":\"https:\/\/agrupacionespsoe.es\/ponferrada\/el-grupo-socialista-senala-que-presumir-de-la-puntualidad-del-servicio-municipal-de-transportes-cuando-han-reducido-las-frecuencias-es-una-broma-de-mal-gusto\/#primaryimage\"},\"thumbnailUrl\":\"https:\/\/agrupacionespsoe.es\/ponferrada\/wp-content\/uploads\/sites\/36\/2026\/01\/WhatsApp-Image-2026-01-16-at-09.17.26.jpeg\",\"datePublished\":\"2026-01-15T16:17:00+00:00\",\"dateModified\":\"2026-01-16T12:51:37+00:00\",\"breadcrumb\":{\"@id\":\"https:\/\/agrupacionespsoe.es\/ponferrada\/el-grupo-socialista-senala-que-presumir-de-la-puntualidad-del-servicio-municipal-de-transportes-cuando-han-reducido-las-frecuencias-es-una-broma-de-mal-gusto\/#breadcrumb\"},\"inLanguage\":\"es\",\"potentialAction\":[{\"@type\":\"ReadAction\",\"target\":[\"https:\/\/agrupacionespsoe.es\/ponferrada\/el-grupo-socialista-senala-que-presumir-de-la-puntualidad-del-servicio-municipal-de-transportes-cuando-han-reducido-las-frecuencias-es-una-broma-de-mal-gusto\/\"]}]},{\"@type\":\"ImageObject\",\"inLanguage\":\"es\",\"@id\":\"https:\/\/agrupacionespsoe.es\/ponferrada\/el-grupo-socialista-senala-que-presumir-de-la-puntualidad-del-servicio-municipal-de-transportes-cuando-han-reducido-las-frecuencias-es-una-broma-de-mal-gusto\/#primaryimage\",\"url\":\"https:\/\/agrupacionespsoe.es\/ponferrada\/wp-content\/uploads\/sites\/36\/2026\/01\/WhatsApp-Image-2026-01-16-at-09.17.26.jpeg\",\"contentUrl\":\"https:\/\/agrupacionespsoe.es\/ponferrada\/wp-content\/uploads\/sites\/36\/2026\/01\/WhatsApp-Image-2026-01-16-at-09.17.26.jpeg\",\"width\":2048,\"height\":1536},{\"@type\":\"BreadcrumbList\",\"@id\":\"https:\/\/agrupacionespsoe.es\/ponferrada\/el-grupo-socialista-senala-que-presumir-de-la-puntualidad-del-servicio-municipal-de-transportes-cuando-han-reducido-las-frecuencias-es-una-broma-de-mal-gusto\/#breadcrumb\",\"itemListElement\":[{\"@type\":\"ListItem\",\"position\":1,\"name\":\"Portada\",\"item\":\"https:\/\/agrupacionespsoe.es\/ponferrada\/\"},{\"@type\":\"ListItem\",\"position\":2,\"name\":\"El Grupo Socialista se\u00f1ala que presumir de la puntualidad del servicio municipal de transportes cuando han reducido las frecuencias es una broma de mal gusto\"}]},{\"@type\":\"WebSite\",\"@id\":\"https:\/\/agrupacionespsoe.es\/ponferrada\/#website\",\"url\":\"https:\/\/agrupacionespsoe.es\/ponferrada\/\",\"name\":\"Agrupaci\u00f3n Socialista de Ponferrada\",\"description\":\"Agrupaci\u00f3n Socialista de Ponferrada\",\"publisher\":{\"@id\":\"https:\/\/agrupacionespsoe.es\/ponferrada\/#organization\"},\"potentialAction\":[{\"@type\":\"SearchAction\",\"target\":{\"@type\":\"EntryPoint\",\"urlTemplate\":\"https:\/\/agrupacionespsoe.es\/ponferrada\/?s={search_term_string}\"},\"query-input\":{\"@type\":\"PropertyValueSpecification\",\"valueRequired\":true,\"valueName\":\"search_term_string\"}}],\"inLanguage\":\"es\"},{\"@type\":\"Organization\",\"@id\":\"https:\/\/agrupacionespsoe.es\/ponferrada\/#organization\",\"name\":\"Agrupaci\u00f3n Socialista de Ponferrada\",\"url\":\"https:\/\/agrupacionespsoe.es\/ponferrada\/\",\"logo\":{\"@type\":\"ImageObject\",\"inLanguage\":\"es\",\"@id\":\"https:\/\/agrupacionespsoe.es\/ponferrada\/#\/schema\/logo\/image\/\",\"url\":\"https:\/\/agrupacionespsoe.es\/wp-content\/uploads\/2022\/07\/Logotipo_electoral_del_PSOE.png\",\"contentUrl\":\"https:\/\/agrupacionespsoe.es\/wp-content\/uploads\/2022\/07\/Logotipo_electoral_del_PSOE.png\",\"width\":422,\"height\":422,\"caption\":\"Agrupaci\u00f3n Socialista de Ponferrada\"},\"image\":{\"@id\":\"https:\/\/agrupacionespsoe.es\/ponferrada\/#\/schema\/logo\/image\/\"}},{\"@type\":\"Person\",\"@id\":\"https:\/\/agrupacionespsoe.es\/ponferrada\/#\/schema\/person\/cd29ee627f3b70c05d415f02596debaa\",\"name\":\"ponferrada2\",\"image\":{\"@type\":\"ImageObject\",\"inLanguage\":\"es\",\"@id\":\"https:\/\/agrupacionespsoe.es\/ponferrada\/#\/schema\/person\/image\/\",\"url\":\"https:\/\/secure.gravatar.com\/avatar\/f499eeb60144c664cf7b7edf75549b50?s=96&d=mm&r=g\",\"contentUrl\":\"https:\/\/secure.gravatar.com\/avatar\/f499eeb60144c664cf7b7edf75549b50?s=96&d=mm&r=g\",\"caption\":\"ponferrada2\"},\"url\":\"https:\/\/agrupacionespsoe.es\/ponferrada\/author\/ponferrada2\/\"}]}<\/script>\n<!-- \/ Yoast SEO plugin. -->","yoast_head_json":{"title":"El Grupo Socialista se\u00f1ala que presumir de la puntualidad del servicio municipal de transportes cuando han reducido las frecuencias es una broma de mal gusto - Agrupaci\u00f3n Socialista de Ponferrada","robots":{"index":"index","follow":"follow","max-snippet":"max-snippet:-1","max-image-preview":"max-image-preview:large","max-video-preview":"max-video-preview:-1"},"canonical":"https:\/\/agrupacionespsoe.es\/ponferrada\/el-grupo-socialista-senala-que-presumir-de-la-puntualidad-del-servicio-municipal-de-transportes-cuando-han-reducido-las-frecuencias-es-una-broma-de-mal-gusto\/","og_locale":"es_ES","og_type":"article","og_title":"El Grupo Socialista se\u00f1ala que presumir de la puntualidad del servicio municipal de transportes cuando han reducido las frecuencias es una broma de mal gusto - Agrupaci\u00f3n Socialista de Ponferrada","og_description":"El Grupo Municipal Socialista de Ponferrada ha reclamado al equipo de gobierno del PP y CB que deje de descalificar a la ciudadan\u00eda y asuma su responsabilidad tras el requerimiento del Procurador del Com\u00fan, que insta al Ayuntamiento a valorar la ampliaci\u00f3n de frecuencias y rutas del servicio municipal de autobuses ante las deficiencias detectadas ...","og_url":"https:\/\/agrupacionespsoe.es\/ponferrada\/el-grupo-socialista-senala-que-presumir-de-la-puntualidad-del-servicio-municipal-de-transportes-cuando-han-reducido-las-frecuencias-es-una-broma-de-mal-gusto\/","og_site_name":"Agrupaci\u00f3n Socialista de Ponferrada","article_published_time":"2026-01-15T16:17:00+00:00","article_modified_time":"2026-01-16T12:51:37+00:00","og_image":[{"width":2048,"height":1536,"url":"https:\/\/agrupacionespsoe.es\/ponferrada\/wp-content\/uploads\/sites\/36\/2026\/01\/WhatsApp-Image-2026-01-16-at-09.17.26.jpeg","type":"image\/jpeg"}],"author":"ponferrada2","twitter_card":"summary_large_image","twitter_misc":{"Escrito por":"ponferrada2","Tiempo de lectura":"3 minutos"},"schema":{"@context":"https:\/\/schema.org","@graph":[{"@type":"Article","@id":"https:\/\/agrupacionespsoe.es\/ponferrada\/el-grupo-socialista-senala-que-presumir-de-la-puntualidad-del-servicio-municipal-de-transportes-cuando-han-reducido-las-frecuencias-es-una-broma-de-mal-gusto\/#article","isPartOf":{"@id":"https:\/\/agrupacionespsoe.es\/ponferrada\/el-grupo-socialista-senala-que-presumir-de-la-puntualidad-del-servicio-municipal-de-transportes-cuando-han-reducido-las-frecuencias-es-una-broma-de-mal-gusto\/"},"author":{"name":"ponferrada2","@id":"https:\/\/agrupacionespsoe.es\/ponferrada\/#\/schema\/person\/cd29ee627f3b70c05d415f02596debaa"},"headline":"El Grupo Socialista se\u00f1ala que presumir de la puntualidad del servicio municipal de transportes cuando han reducido las frecuencias es una broma de mal gusto","datePublished":"2026-01-15T16:17:00+00:00","dateModified":"2026-01-16T12:51:37+00:00","mainEntityOfPage":{"@id":"https:\/\/agrupacionespsoe.es\/ponferrada\/el-grupo-socialista-senala-que-presumir-de-la-puntualidad-del-servicio-municipal-de-transportes-cuando-han-reducido-las-frecuencias-es-una-broma-de-mal-gusto\/"},"wordCount":617,"commentCount":0,"publisher":{"@id":"https:\/\/agrupacionespsoe.es\/ponferrada\/#organization"},"image":{"@id":"https:\/\/agrupacionespsoe.es\/ponferrada\/el-grupo-socialista-senala-que-presumir-de-la-puntualidad-del-servicio-municipal-de-transportes-cuando-han-reducido-las-frecuencias-es-una-broma-de-mal-gusto\/#primaryimage"},"thumbnailUrl":"https:\/\/agrupacionespsoe.es\/ponferrada\/wp-content\/uploads\/sites\/36\/2026\/01\/WhatsApp-Image-2026-01-16-at-09.17.26.jpeg","articleSection":["ACTUALIDAD"],"inLanguage":"es","potentialAction":[{"@type":"CommentAction","name":"Comment","target":["https:\/\/agrupacionespsoe.es\/ponferrada\/el-grupo-socialista-senala-que-presumir-de-la-puntualidad-del-servicio-municipal-de-transportes-cuando-han-reducido-las-frecuencias-es-una-broma-de-mal-gusto\/#respond"]}]},{"@type":"WebPage","@id":"https:\/\/agrupacionespsoe.es\/ponferrada\/el-grupo-socialista-senala-que-presumir-de-la-puntualidad-del-servicio-municipal-de-transportes-cuando-han-reducido-las-frecuencias-es-una-broma-de-mal-gusto\/","url":"https:\/\/agrupacionespsoe.es\/ponferrada\/el-grupo-socialista-senala-que-presumir-de-la-puntualidad-del-servicio-municipal-de-transportes-cuando-han-reducido-las-frecuencias-es-una-broma-de-mal-gusto\/","name":"El Grupo Socialista se\u00f1ala que presumir de la puntualidad del servicio municipal de transportes cuando han reducido las frecuencias es una broma de mal gusto - Agrupaci\u00f3n Socialista de Ponferrada","isPartOf":{"@id":"https:\/\/agrupacionespsoe.es\/ponferrada\/#website"},"primaryImageOfPage":{"@id":"https:\/\/agrupacionespsoe.es\/ponferrada\/el-grupo-socialista-senala-que-presumir-de-la-puntualidad-del-servicio-municipal-de-transportes-cuando-han-reducido-las-frecuencias-es-una-broma-de-mal-gusto\/#primaryimage"},"image":{"@id":"https:\/\/agrupacionespsoe.es\/ponferrada\/el-grupo-socialista-senala-que-presumir-de-la-puntualidad-del-servicio-municipal-de-transportes-cuando-han-reducido-las-frecuencias-es-una-broma-de-mal-gusto\/#primaryimage"},"thumbnailUrl":"https:\/\/agrupacionespsoe.es\/ponferrada\/wp-content\/uploads\/sites\/36\/2026\/01\/WhatsApp-Image-2026-01-16-at-09.17.26.jpeg","datePublished":"2026-01-15T16:17:00+00:00","dateModified":"2026-01-16T12:51:37+00:00","breadcrumb":{"@id":"https:\/\/agrupacionespsoe.es\/ponferrada\/el-grupo-socialista-senala-que-presumir-de-la-puntualidad-del-servicio-municipal-de-transportes-cuando-han-reducido-las-frecuencias-es-una-broma-de-mal-gusto\/#breadcrumb"},"inLanguage":"es","potentialAction":[{"@type":"ReadAction","target":["https:\/\/agrupacionespsoe.es\/ponferrada\/el-grupo-socialista-senala-que-presumir-de-la-puntualidad-del-servicio-municipal-de-transportes-cuando-han-reducido-las-frecuencias-es-una-broma-de-mal-gusto\/"]}]},{"@type":"ImageObject","inLanguage":"es","@id":"https:\/\/agrupacionespsoe.es\/ponferrada\/el-grupo-socialista-senala-que-presumir-de-la-puntualidad-del-servicio-municipal-de-transportes-cuando-han-reducido-las-frecuencias-es-una-broma-de-mal-gusto\/#primaryimage","url":"https:\/\/agrupacionespsoe.es\/ponferrada\/wp-content\/uploads\/sites\/36\/2026\/01\/WhatsApp-Image-2026-01-16-at-09.17.26.jpeg","contentUrl":"https:\/\/agrupacionespsoe.es\/ponferrada\/wp-content\/uploads\/sites\/36\/2026\/01\/WhatsApp-Image-2026-01-16-at-09.17.26.jpeg","width":2048,"height":1536},{"@type":"BreadcrumbList","@id":"https:\/\/agrupacionespsoe.es\/ponferrada\/el-grupo-socialista-senala-que-presumir-de-la-puntualidad-del-servicio-municipal-de-transportes-cuando-han-reducido-las-frecuencias-es-una-broma-de-mal-gusto\/#breadcrumb","itemListElement":[{"@type":"ListItem","position":1,"name":"Portada","item":"https:\/\/agrupacionespsoe.es\/ponferrada\/"},{"@type":"ListItem","position":2,"name":"El Grupo Socialista se\u00f1ala que presumir de la puntualidad del servicio municipal de transportes cuando han reducido las frecuencias es una broma de mal gusto"}]},{"@type":"WebSite","@id":"https:\/\/agrupacionespsoe.es\/ponferrada\/#website","url":"https:\/\/agrupacionespsoe.es\/ponferrada\/","name":"Agrupaci\u00f3n Socialista de Ponferrada","description":"Agrupaci\u00f3n Socialista de Ponferrada","publisher":{"@id":"https:\/\/agrupacionespsoe.es\/ponferrada\/#organization"},"potentialAction":[{"@type":"SearchAction","target":{"@type":"EntryPoint","urlTemplate":"https:\/\/agrupacionespsoe.es\/ponferrada\/?s={search_term_string}"},"query-input":{"@type":"PropertyValueSpecification","valueRequired":true,"valueName":"search_term_string"}}],"inLanguage":"es"},{"@type":"Organization","@id":"https:\/\/agrupacionespsoe.es\/ponferrada\/#organization","name":"Agrupaci\u00f3n Socialista de Ponferrada","url":"https:\/\/agrupacionespsoe.es\/ponferrada\/","logo":{"@type":"ImageObject","inLanguage":"es","@id":"https:\/\/agrupacionespsoe.es\/ponferrada\/#\/schema\/logo\/image\/","url":"https:\/\/agrupacionespsoe.es\/wp-content\/uploads\/2022\/07\/Logotipo_electoral_del_PSOE.png","contentUrl":"https:\/\/agrupacionespsoe.es\/wp-content\/uploads\/2022\/07\/Logotipo_electoral_del_PSOE.png","width":422,"height":422,"caption":"Agrupaci\u00f3n Socialista de Ponferrada"},"image":{"@id":"https:\/\/agrupacionespsoe.es\/ponferrada\/#\/schema\/logo\/image\/"}},{"@type":"Person","@id":"https:\/\/agrupacionespsoe.es\/ponferrada\/#\/schema\/person\/cd29ee627f3b70c05d415f02596debaa","name":"ponferrada2","image":{"@type":"ImageObject","inLanguage":"es","@id":"https:\/\/agrupacionespsoe.es\/ponferrada\/#\/schema\/person\/image\/","url":"https:\/\/secure.gravatar.com\/avatar\/f499eeb60144c664cf7b7edf75549b50?s=96&d=mm&r=g","contentUrl":"https:\/\/secure.gravatar.com\/avatar\/f499eeb60144c664cf7b7edf75549b50?s=96&d=mm&r=g","caption":"ponferrada2"},"url":"https:\/\/agrupacionespsoe.es\/ponferrada\/author\/ponferrada2\/"}]}},"jetpack_featured_media_url":"https:\/\/agrupacionespsoe.es\/ponferrada\/wp-content\/uploads\/sites\/36\/2026\/01\/WhatsApp-Image-2026-01-16-at-09.17.26.jpeg","jetpack_sharing_enabled":true,"_links":{"self":[{"href":"https:\/\/agrupacionespsoe.es\/ponferrada\/wp-json\/wp\/v2\/posts\/1511","targetHints":{"allow":["GET"]}}],"collection":[{"href":"https:\/\/agrupacionespsoe.es\/ponferrada\/wp-json\/wp\/v2\/posts"}],"about":[{"href":"https:\/\/agrupacionespsoe.es\/ponferrada\/wp-json\/wp\/v2\/types\/post"}],"author":[{"embeddable":true,"href":"https:\/\/agrupacionespsoe.es\/ponferrada\/wp-json\/wp\/v2\/users\/32"}],"replies":[{"embeddable":true,"href":"https:\/\/agrupacionespsoe.es\/ponferrada\/wp-json\/wp\/v2\/comments?post=1511"}],"version-history":[{"count":3,"href":"https:\/\/agrupacionespsoe.es\/ponferrada\/wp-json\/wp\/v2\/posts\/1511\/revisions"}],"predecessor-version":[{"id":1516,"href":"https:\/\/agrupacionespsoe.es\/ponferrada\/wp-json\/wp\/v2\/posts\/1511\/revisions\/1516"}],"wp:featuredmedia":[{"embeddable":true,"href":"https:\/\/agrupacionespsoe.es\/ponferrada\/wp-json\/wp\/v2\/media\/1512"}],"wp:attachment":[{"href":"https:\/\/agrupacionespsoe.es\/ponferrada\/wp-json\/wp\/v2\/media?parent=1511"}],"wp:term":[{"taxonomy":"category","embeddable":true,"href":"https:\/\/agrupacionespsoe.es\/ponferrada\/wp-json\/wp\/v2\/categories?post=1511"},{"taxonomy":"post_tag","embeddable":true,"href":"https:\/\/agrupacionespsoe.es\/ponferrada\/wp-json\/wp\/v2\/tags?post=1511"}],"curies":[{"name":"wp","href":"https:\/\/api.w.org\/{rel}","templated":true}]}}