{"id":1507,"date":"2026-01-15T10:36:00","date_gmt":"2026-01-15T10:36:00","guid":{"rendered":"https:\/\/agrupacionespsoe.es\/ponferrada\/?p=1507"},"modified":"2026-01-15T10:36:01","modified_gmt":"2026-01-15T10:36:01","slug":"el-psoe-de-ponferrada-acusa-al-pp-de-abandonar-la-vivienda-publica-y-de-danar-el-entorno-del-rio-sil","status":"publish","type":"post","link":"https:\/\/agrupacionespsoe.es\/ponferrada\/el-psoe-de-ponferrada-acusa-al-pp-de-abandonar-la-vivienda-publica-y-de-danar-el-entorno-del-rio-sil\/","title":{"rendered":"El PSOE de Ponferrada acusa al PP de abandonar la vivienda p\u00fablica y de da\u00f1ar el entorno del r\u00edo Sil"},"content":{"rendered":"\n<p>Durante la reuni\u00f3n de la Comisi\u00f3n Ejecutiva Municipal del PSOE de Ponferrada se abord\u00f3 con preocupaci\u00f3n la situaci\u00f3n de la vivienda en la ciudad y la comarca. Mientras el Gobierno de Espa\u00f1a, con Pedro S\u00e1nchez al frente, ha puesto en marcha en las \u00faltimas semanas un paquete de medidas urgentes para intervenir en el mercado del alquiler \u2014entre ellas la bonificaci\u00f3n del 100% del IRPF a los propietarios que renueven los contratos sin subir los precios y, de manera destacada, la creaci\u00f3n de la empresa estatal Casa 47 para gestionar y ampliar el parque p\u00fablico de vivienda\u2014, el Ayuntamiento de Ponferrada y la Junta de Castilla y Le\u00f3n contin\u00faan mostrando una preocupante falta de diligencia.<\/p>\n\n\n\n<p>La diferencia de ritmo y de compromiso es evidente. A pesar de las promesas de la Junta de Castilla y Le\u00f3n para construir 20 viviendas de alquiler joven en la calle Andr\u00e9s Viloria, las obras acumulan meses de retraso y, aunque el plazo de ejecuci\u00f3n de la subvenci\u00f3n estatal finaliza el pr\u00f3ximo 30 de junio, no existe a d\u00eda de hoy una fecha clara de finalizaci\u00f3n, lo que hace inviable que el proyecto est\u00e9 terminado en tiempo y forma.<\/p>\n\n\n\n<p>Desde la Comisi\u00f3n Ejecutiva tambi\u00e9n se afe\u00f3 la falta de compromiso con la rehabilitaci\u00f3n de viviendas actualmente sin uso, una herramienta clave para incrementar el parque p\u00fablico de alquiler. Del mismo modo, otros proyectos de vivienda p\u00fablica iniciados en mandatos anteriores, como los del antiguo poblado del MOPU, permanecen sin ejecutar. Desde el PSOE subrayan que ese compromiso inexistente con Ponferrada s\u00ed se ha materializado en otras localidades, como Astorga, donde la Junta destin\u00f3 1,2 millones de euros a la rehabilitaci\u00f3n de las viviendas de camineros.<\/p>\n\n\n\n<p>Asimismo, desde el PSOE de Ponferrada recuerdan que uno de los compromisos alcanzados para la abstenci\u00f3n socialista en los presupuestos municipales de 2024 era la rehabilitaci\u00f3n de cuatro viviendas en las antiguas casas de los maestros de Navaliegos en 2024 y otras cuatro en 2025, actuaciones que no se han iniciado a pesar de encontrarnos ya en 2026. A ello se suma el incumplimiento del propio acuerdo de gobierno entre PP y CB, en el que se promet\u00eda un plan de vivienda joven en el medio rural con la construcci\u00f3n de 25 viviendas de protecci\u00f3n oficial, cifrado en tres millones de euros, del que tampoco se ha ejecutado ninguna actuaci\u00f3n.<\/p>\n\n\n\n<p>El PSOE de Ponferrada denuncia la falta de prioridad y compromiso del equipo de gobierno local con los problemas que afectan directamente a la ciudadan\u00eda, especialmente a las familias j\u00f3venes que buscan acceder a una vivienda en la ciudad, y advierte de que esta dejadez est\u00e1 provocando que muchas personas se vean obligadas a trasladarse a municipios cercanos o a vivir en condiciones de infravivienda.<\/p>\n\n\n\n<p>Por ello, desde el PSOE se exige al PP, tanto en el Ayuntamiento como en la Junta de Castilla y Le\u00f3n, que act\u00fae con la misma urgencia y eficacia que est\u00e1 demostrando el Gobierno de Espa\u00f1a, garantizando la construcci\u00f3n y puesta a disposici\u00f3n de vivienda p\u00fablica y asequible como respuesta responsable a la crisis habitacional.<\/p>\n\n\n\n<p>En el apartado de asuntos locales, la Comisi\u00f3n Ejecutiva Municipal del PSOE de Ponferrada analiz\u00f3 tambi\u00e9n el proyecto presentado hoy por el equipo de gobierno dentro del Plan de Sostenibilidad Tur\u00edstica en Destino (PSTD), mostrando su profunda decepci\u00f3n por haber arruinado la posibilidad de que Ponferrada contara con una playa fluvial, un anhelo hist\u00f3rico de generaciones de ponferradinos y ponferradinas. Adem\u00e1s, se manifest\u00f3 una seria preocupaci\u00f3n por el impacto ambiental del proyecto y la falta de sensibilidad con el entorno natural del r\u00edo Sil.<\/p>\n\n\n\n<p>Desde el PSOE se considera un aut\u00e9ntico contrasentido hablar de sostenibilidad mientras se elimina el bosque de ribera existente en la margen izquierda del r\u00edo para la instalaci\u00f3n de mesas y mobiliario urbano, destruyendo un espacio natural que cumpl\u00eda una funci\u00f3n ecol\u00f3gica esencial. Asimismo, se alerta del grave impacto que va a tener la instalaci\u00f3n de nuevas luminarias en la zona de la pasarela, generando contaminaci\u00f3n lum\u00ednica que afecta directamente a la fauna acu\u00e1tica y altera los biorritmos de las especies que habitan el entorno fluvial.<\/p>\n\n\n\n<p>A ello se suma la falta de respeto paisaj\u00edstico en el dise\u00f1o de las casetas proyectadas, construidas con estructuras met\u00e1licas, paneles s\u00e1ndwich, pavimentos vin\u00edlicos y cubiertas de chapa galvanizada, materiales claramente inadecuados para un espacio natural que deber\u00eda haberse tratado con criterios de integraci\u00f3n paisaj\u00edstica y el uso de materiales naturales como la madera.<\/p>\n\n\n\n<p>Desde el PSOE de Ponferrada denuncian que este proyecto evidencia una concepci\u00f3n err\u00f3nea del turismo sostenible, basada m\u00e1s en la intervenci\u00f3n agresiva y la artificializaci\u00f3n del entorno que en la conservaci\u00f3n, la puesta en valor del patrimonio natural y el respeto al medio ambiente, pilares que deber\u00edan guiar cualquier actuaci\u00f3n financiada con fondos p\u00fablicos y europeos. &nbsp;<\/p>\n\n\n\n<p>Desde el PSOE de Ponferrada consideran que el proyecto presentado es un nuevo ejemplo de mala planificaci\u00f3n y riesgo de malgasto de fondos p\u00fablicos. El equipo de gobierno ha anunciado que a partir del 30 de marzo se habilitar\u00e1 un sistema de reservas diarias para el uso de los nuevos espacios vinculados a actividades deportivas como el pirag\u00fcismo en la ribera del Sil, pese a que no existe todav\u00eda una ordenanza municipal que regule su utilizaci\u00f3n, acceso o gesti\u00f3n, lo que evidencia una preocupante improvisaci\u00f3n. A esta falta de planificaci\u00f3n se suma que, con cargo a la misma subvenci\u00f3n de fondos europeos, se han destinado cientos de miles de euros (casi 500.000 euros) al mirador y al museo de la Bas\u00edlica de la Encina, actuaciones sobre las que no consta una cesi\u00f3n formal de uso, un ejemplo de la poca visi\u00f3n de futuro que han tenido en la gesti\u00f3n de una subvencion de 3,2 millones de euros.<\/p>\n\n\n\n<figure class=\"wp-block-image size-large\"><img loading=\"lazy\" decoding=\"async\" width=\"1024\" height=\"768\" src=\"https:\/\/agrupacionespsoe.es\/ponferrada\/wp-content\/uploads\/sites\/36\/2026\/01\/WhatsApp-Image-2026-01-15-at-11.33.44-1024x768.jpeg\" alt=\"\" class=\"wp-image-1508\" srcset=\"https:\/\/agrupacionespsoe.es\/ponferrada\/wp-content\/uploads\/sites\/36\/2026\/01\/WhatsApp-Image-2026-01-15-at-11.33.44-1024x768.jpeg 1024w, https:\/\/agrupacionespsoe.es\/ponferrada\/wp-content\/uploads\/sites\/36\/2026\/01\/WhatsApp-Image-2026-01-15-at-11.33.44-300x225.jpeg 300w, https:\/\/agrupacionespsoe.es\/ponferrada\/wp-content\/uploads\/sites\/36\/2026\/01\/WhatsApp-Image-2026-01-15-at-11.33.44-768x576.jpeg 768w, https:\/\/agrupacionespsoe.es\/ponferrada\/wp-content\/uploads\/sites\/36\/2026\/01\/WhatsApp-Image-2026-01-15-at-11.33.44-1536x1152.jpeg 1536w, https:\/\/agrupacionespsoe.es\/ponferrada\/wp-content\/uploads\/sites\/36\/2026\/01\/WhatsApp-Image-2026-01-15-at-11.33.44.jpeg 1600w\" sizes=\"auto, (max-width: 1024px) 100vw, 1024px\" \/><\/figure>\n","protected":false},"excerpt":{"rendered":"<p>Durante la reuni\u00f3n de la Comisi\u00f3n Ejecutiva Municipal del PSOE de Ponferrada se abord\u00f3 con preocupaci\u00f3n la situaci\u00f3n de la vivienda en la ciudad y la comarca. Mientras el Gobierno de Espa\u00f1a, con Pedro S\u00e1nchez al frente, ha puesto en marcha en las \u00faltimas semanas un paquete de medidas urgentes para intervenir en el mercado &#8230;<\/p>\n","protected":false},"author":32,"featured_media":1508,"comment_status":"open","ping_status":"open","sticky":false,"template":"","format":"standard","meta":{"_jetpack_memberships_contains_paid_content":false,"footnotes":""},"categories":[6],"tags":[],"class_list":["post-1507","post","type-post","status-publish","format-standard","has-post-thumbnail","hentry","category-actualidad"],"yoast_head":"<!-- This site is optimized with the Yoast SEO plugin v24.0 - https:\/\/yoast.com\/wordpress\/plugins\/seo\/ -->\n<title>El PSOE de Ponferrada acusa al PP de abandonar la vivienda p\u00fablica y de da\u00f1ar el entorno del r\u00edo Sil - Agrupaci\u00f3n Socialista de Ponferrada<\/title>\n<meta name=\"robots\" content=\"index, follow, max-snippet:-1, max-image-preview:large, max-video-preview:-1\" \/>\n<link rel=\"canonical\" href=\"https:\/\/agrupacionespsoe.es\/ponferrada\/el-psoe-de-ponferrada-acusa-al-pp-de-abandonar-la-vivienda-publica-y-de-danar-el-entorno-del-rio-sil\/\" \/>\n<meta property=\"og:locale\" content=\"es_ES\" \/>\n<meta property=\"og:type\" content=\"article\" \/>\n<meta property=\"og:title\" content=\"El PSOE de Ponferrada acusa al PP de abandonar la vivienda p\u00fablica y de da\u00f1ar el entorno del r\u00edo Sil - Agrupaci\u00f3n Socialista de Ponferrada\" \/>\n<meta property=\"og:description\" content=\"Durante la reuni\u00f3n de la Comisi\u00f3n Ejecutiva Municipal del PSOE de Ponferrada se abord\u00f3 con preocupaci\u00f3n la situaci\u00f3n de la vivienda en la ciudad y la comarca. Mientras el Gobierno de Espa\u00f1a, con Pedro S\u00e1nchez al frente, ha puesto en marcha en las \u00faltimas semanas un paquete de medidas urgentes para intervenir en el mercado ...\" \/>\n<meta property=\"og:url\" content=\"https:\/\/agrupacionespsoe.es\/ponferrada\/el-psoe-de-ponferrada-acusa-al-pp-de-abandonar-la-vivienda-publica-y-de-danar-el-entorno-del-rio-sil\/\" \/>\n<meta property=\"og:site_name\" content=\"Agrupaci\u00f3n Socialista de Ponferrada\" \/>\n<meta property=\"article:published_time\" content=\"2026-01-15T10:36:00+00:00\" \/>\n<meta property=\"article:modified_time\" content=\"2026-01-15T10:36:01+00:00\" \/>\n<meta property=\"og:image\" content=\"https:\/\/agrupacionespsoe.es\/ponferrada\/wp-content\/uploads\/sites\/36\/2026\/01\/WhatsApp-Image-2026-01-15-at-11.33.44.jpeg\" \/>\n\t<meta property=\"og:image:width\" content=\"1600\" \/>\n\t<meta property=\"og:image:height\" content=\"1200\" \/>\n\t<meta property=\"og:image:type\" content=\"image\/jpeg\" \/>\n<meta name=\"author\" content=\"ponferrada2\" \/>\n<meta name=\"twitter:card\" content=\"summary_large_image\" \/>\n<meta name=\"twitter:label1\" content=\"Escrito por\" \/>\n\t<meta name=\"twitter:data1\" content=\"ponferrada2\" \/>\n\t<meta name=\"twitter:label2\" content=\"Tiempo de lectura\" \/>\n\t<meta name=\"twitter:data2\" content=\"5 minutos\" \/>\n<script type=\"application\/ld+json\" class=\"yoast-schema-graph\">{\"@context\":\"https:\/\/schema.org\",\"@graph\":[{\"@type\":\"Article\",\"@id\":\"https:\/\/agrupacionespsoe.es\/ponferrada\/el-psoe-de-ponferrada-acusa-al-pp-de-abandonar-la-vivienda-publica-y-de-danar-el-entorno-del-rio-sil\/#article\",\"isPartOf\":{\"@id\":\"https:\/\/agrupacionespsoe.es\/ponferrada\/el-psoe-de-ponferrada-acusa-al-pp-de-abandonar-la-vivienda-publica-y-de-danar-el-entorno-del-rio-sil\/\"},\"author\":{\"name\":\"ponferrada2\",\"@id\":\"https:\/\/agrupacionespsoe.es\/ponferrada\/#\/schema\/person\/cd29ee627f3b70c05d415f02596debaa\"},\"headline\":\"El PSOE de Ponferrada acusa al PP de abandonar la vivienda p\u00fablica y de da\u00f1ar el entorno del r\u00edo Sil\",\"datePublished\":\"2026-01-15T10:36:00+00:00\",\"dateModified\":\"2026-01-15T10:36:01+00:00\",\"mainEntityOfPage\":{\"@id\":\"https:\/\/agrupacionespsoe.es\/ponferrada\/el-psoe-de-ponferrada-acusa-al-pp-de-abandonar-la-vivienda-publica-y-de-danar-el-entorno-del-rio-sil\/\"},\"wordCount\":1044,\"commentCount\":0,\"publisher\":{\"@id\":\"https:\/\/agrupacionespsoe.es\/ponferrada\/#organization\"},\"image\":{\"@id\":\"https:\/\/agrupacionespsoe.es\/ponferrada\/el-psoe-de-ponferrada-acusa-al-pp-de-abandonar-la-vivienda-publica-y-de-danar-el-entorno-del-rio-sil\/#primaryimage\"},\"thumbnailUrl\":\"https:\/\/agrupacionespsoe.es\/ponferrada\/wp-content\/uploads\/sites\/36\/2026\/01\/WhatsApp-Image-2026-01-15-at-11.33.44.jpeg\",\"articleSection\":[\"ACTUALIDAD\"],\"inLanguage\":\"es\",\"potentialAction\":[{\"@type\":\"CommentAction\",\"name\":\"Comment\",\"target\":[\"https:\/\/agrupacionespsoe.es\/ponferrada\/el-psoe-de-ponferrada-acusa-al-pp-de-abandonar-la-vivienda-publica-y-de-danar-el-entorno-del-rio-sil\/#respond\"]}]},{\"@type\":\"WebPage\",\"@id\":\"https:\/\/agrupacionespsoe.es\/ponferrada\/el-psoe-de-ponferrada-acusa-al-pp-de-abandonar-la-vivienda-publica-y-de-danar-el-entorno-del-rio-sil\/\",\"url\":\"https:\/\/agrupacionespsoe.es\/ponferrada\/el-psoe-de-ponferrada-acusa-al-pp-de-abandonar-la-vivienda-publica-y-de-danar-el-entorno-del-rio-sil\/\",\"name\":\"El PSOE de Ponferrada acusa al PP de abandonar la vivienda p\u00fablica y de da\u00f1ar el entorno del r\u00edo Sil - Agrupaci\u00f3n Socialista de Ponferrada\",\"isPartOf\":{\"@id\":\"https:\/\/agrupacionespsoe.es\/ponferrada\/#website\"},\"primaryImageOfPage\":{\"@id\":\"https:\/\/agrupacionespsoe.es\/ponferrada\/el-psoe-de-ponferrada-acusa-al-pp-de-abandonar-la-vivienda-publica-y-de-danar-el-entorno-del-rio-sil\/#primaryimage\"},\"image\":{\"@id\":\"https:\/\/agrupacionespsoe.es\/ponferrada\/el-psoe-de-ponferrada-acusa-al-pp-de-abandonar-la-vivienda-publica-y-de-danar-el-entorno-del-rio-sil\/#primaryimage\"},\"thumbnailUrl\":\"https:\/\/agrupacionespsoe.es\/ponferrada\/wp-content\/uploads\/sites\/36\/2026\/01\/WhatsApp-Image-2026-01-15-at-11.33.44.jpeg\",\"datePublished\":\"2026-01-15T10:36:00+00:00\",\"dateModified\":\"2026-01-15T10:36:01+00:00\",\"breadcrumb\":{\"@id\":\"https:\/\/agrupacionespsoe.es\/ponferrada\/el-psoe-de-ponferrada-acusa-al-pp-de-abandonar-la-vivienda-publica-y-de-danar-el-entorno-del-rio-sil\/#breadcrumb\"},\"inLanguage\":\"es\",\"potentialAction\":[{\"@type\":\"ReadAction\",\"target\":[\"https:\/\/agrupacionespsoe.es\/ponferrada\/el-psoe-de-ponferrada-acusa-al-pp-de-abandonar-la-vivienda-publica-y-de-danar-el-entorno-del-rio-sil\/\"]}]},{\"@type\":\"ImageObject\",\"inLanguage\":\"es\",\"@id\":\"https:\/\/agrupacionespsoe.es\/ponferrada\/el-psoe-de-ponferrada-acusa-al-pp-de-abandonar-la-vivienda-publica-y-de-danar-el-entorno-del-rio-sil\/#primaryimage\",\"url\":\"https:\/\/agrupacionespsoe.es\/ponferrada\/wp-content\/uploads\/sites\/36\/2026\/01\/WhatsApp-Image-2026-01-15-at-11.33.44.jpeg\",\"contentUrl\":\"https:\/\/agrupacionespsoe.es\/ponferrada\/wp-content\/uploads\/sites\/36\/2026\/01\/WhatsApp-Image-2026-01-15-at-11.33.44.jpeg\",\"width\":1600,\"height\":1200},{\"@type\":\"BreadcrumbList\",\"@id\":\"https:\/\/agrupacionespsoe.es\/ponferrada\/el-psoe-de-ponferrada-acusa-al-pp-de-abandonar-la-vivienda-publica-y-de-danar-el-entorno-del-rio-sil\/#breadcrumb\",\"itemListElement\":[{\"@type\":\"ListItem\",\"position\":1,\"name\":\"Portada\",\"item\":\"https:\/\/agrupacionespsoe.es\/ponferrada\/\"},{\"@type\":\"ListItem\",\"position\":2,\"name\":\"El PSOE de Ponferrada acusa al PP de abandonar la vivienda p\u00fablica y de da\u00f1ar el entorno del r\u00edo Sil\"}]},{\"@type\":\"WebSite\",\"@id\":\"https:\/\/agrupacionespsoe.es\/ponferrada\/#website\",\"url\":\"https:\/\/agrupacionespsoe.es\/ponferrada\/\",\"name\":\"Agrupaci\u00f3n Socialista de Ponferrada\",\"description\":\"Agrupaci\u00f3n Socialista de Ponferrada\",\"publisher\":{\"@id\":\"https:\/\/agrupacionespsoe.es\/ponferrada\/#organization\"},\"potentialAction\":[{\"@type\":\"SearchAction\",\"target\":{\"@type\":\"EntryPoint\",\"urlTemplate\":\"https:\/\/agrupacionespsoe.es\/ponferrada\/?s={search_term_string}\"},\"query-input\":{\"@type\":\"PropertyValueSpecification\",\"valueRequired\":true,\"valueName\":\"search_term_string\"}}],\"inLanguage\":\"es\"},{\"@type\":\"Organization\",\"@id\":\"https:\/\/agrupacionespsoe.es\/ponferrada\/#organization\",\"name\":\"Agrupaci\u00f3n Socialista de Ponferrada\",\"url\":\"https:\/\/agrupacionespsoe.es\/ponferrada\/\",\"logo\":{\"@type\":\"ImageObject\",\"inLanguage\":\"es\",\"@id\":\"https:\/\/agrupacionespsoe.es\/ponferrada\/#\/schema\/logo\/image\/\",\"url\":\"https:\/\/agrupacionespsoe.es\/wp-content\/uploads\/2022\/07\/Logotipo_electoral_del_PSOE.png\",\"contentUrl\":\"https:\/\/agrupacionespsoe.es\/wp-content\/uploads\/2022\/07\/Logotipo_electoral_del_PSOE.png\",\"width\":422,\"height\":422,\"caption\":\"Agrupaci\u00f3n Socialista de Ponferrada\"},\"image\":{\"@id\":\"https:\/\/agrupacionespsoe.es\/ponferrada\/#\/schema\/logo\/image\/\"}},{\"@type\":\"Person\",\"@id\":\"https:\/\/agrupacionespsoe.es\/ponferrada\/#\/schema\/person\/cd29ee627f3b70c05d415f02596debaa\",\"name\":\"ponferrada2\",\"image\":{\"@type\":\"ImageObject\",\"inLanguage\":\"es\",\"@id\":\"https:\/\/agrupacionespsoe.es\/ponferrada\/#\/schema\/person\/image\/\",\"url\":\"https:\/\/secure.gravatar.com\/avatar\/f499eeb60144c664cf7b7edf75549b50?s=96&d=mm&r=g\",\"contentUrl\":\"https:\/\/secure.gravatar.com\/avatar\/f499eeb60144c664cf7b7edf75549b50?s=96&d=mm&r=g\",\"caption\":\"ponferrada2\"},\"url\":\"https:\/\/agrupacionespsoe.es\/ponferrada\/author\/ponferrada2\/\"}]}<\/script>\n<!-- \/ Yoast SEO plugin. -->","yoast_head_json":{"title":"El PSOE de Ponferrada acusa al PP de abandonar la vivienda p\u00fablica y de da\u00f1ar el entorno del r\u00edo Sil - Agrupaci\u00f3n Socialista de Ponferrada","robots":{"index":"index","follow":"follow","max-snippet":"max-snippet:-1","max-image-preview":"max-image-preview:large","max-video-preview":"max-video-preview:-1"},"canonical":"https:\/\/agrupacionespsoe.es\/ponferrada\/el-psoe-de-ponferrada-acusa-al-pp-de-abandonar-la-vivienda-publica-y-de-danar-el-entorno-del-rio-sil\/","og_locale":"es_ES","og_type":"article","og_title":"El PSOE de Ponferrada acusa al PP de abandonar la vivienda p\u00fablica y de da\u00f1ar el entorno del r\u00edo Sil - Agrupaci\u00f3n Socialista de Ponferrada","og_description":"Durante la reuni\u00f3n de la Comisi\u00f3n Ejecutiva Municipal del PSOE de Ponferrada se abord\u00f3 con preocupaci\u00f3n la situaci\u00f3n de la vivienda en la ciudad y la comarca. Mientras el Gobierno de Espa\u00f1a, con Pedro S\u00e1nchez al frente, ha puesto en marcha en las \u00faltimas semanas un paquete de medidas urgentes para intervenir en el mercado ...","og_url":"https:\/\/agrupacionespsoe.es\/ponferrada\/el-psoe-de-ponferrada-acusa-al-pp-de-abandonar-la-vivienda-publica-y-de-danar-el-entorno-del-rio-sil\/","og_site_name":"Agrupaci\u00f3n Socialista de Ponferrada","article_published_time":"2026-01-15T10:36:00+00:00","article_modified_time":"2026-01-15T10:36:01+00:00","og_image":[{"width":1600,"height":1200,"url":"https:\/\/agrupacionespsoe.es\/ponferrada\/wp-content\/uploads\/sites\/36\/2026\/01\/WhatsApp-Image-2026-01-15-at-11.33.44.jpeg","type":"image\/jpeg"}],"author":"ponferrada2","twitter_card":"summary_large_image","twitter_misc":{"Escrito por":"ponferrada2","Tiempo de lectura":"5 minutos"},"schema":{"@context":"https:\/\/schema.org","@graph":[{"@type":"Article","@id":"https:\/\/agrupacionespsoe.es\/ponferrada\/el-psoe-de-ponferrada-acusa-al-pp-de-abandonar-la-vivienda-publica-y-de-danar-el-entorno-del-rio-sil\/#article","isPartOf":{"@id":"https:\/\/agrupacionespsoe.es\/ponferrada\/el-psoe-de-ponferrada-acusa-al-pp-de-abandonar-la-vivienda-publica-y-de-danar-el-entorno-del-rio-sil\/"},"author":{"name":"ponferrada2","@id":"https:\/\/agrupacionespsoe.es\/ponferrada\/#\/schema\/person\/cd29ee627f3b70c05d415f02596debaa"},"headline":"El PSOE de Ponferrada acusa al PP de abandonar la vivienda p\u00fablica y de da\u00f1ar el entorno del r\u00edo Sil","datePublished":"2026-01-15T10:36:00+00:00","dateModified":"2026-01-15T10:36:01+00:00","mainEntityOfPage":{"@id":"https:\/\/agrupacionespsoe.es\/ponferrada\/el-psoe-de-ponferrada-acusa-al-pp-de-abandonar-la-vivienda-publica-y-de-danar-el-entorno-del-rio-sil\/"},"wordCount":1044,"commentCount":0,"publisher":{"@id":"https:\/\/agrupacionespsoe.es\/ponferrada\/#organization"},"image":{"@id":"https:\/\/agrupacionespsoe.es\/ponferrada\/el-psoe-de-ponferrada-acusa-al-pp-de-abandonar-la-vivienda-publica-y-de-danar-el-entorno-del-rio-sil\/#primaryimage"},"thumbnailUrl":"https:\/\/agrupacionespsoe.es\/ponferrada\/wp-content\/uploads\/sites\/36\/2026\/01\/WhatsApp-Image-2026-01-15-at-11.33.44.jpeg","articleSection":["ACTUALIDAD"],"inLanguage":"es","potentialAction":[{"@type":"CommentAction","name":"Comment","target":["https:\/\/agrupacionespsoe.es\/ponferrada\/el-psoe-de-ponferrada-acusa-al-pp-de-abandonar-la-vivienda-publica-y-de-danar-el-entorno-del-rio-sil\/#respond"]}]},{"@type":"WebPage","@id":"https:\/\/agrupacionespsoe.es\/ponferrada\/el-psoe-de-ponferrada-acusa-al-pp-de-abandonar-la-vivienda-publica-y-de-danar-el-entorno-del-rio-sil\/","url":"https:\/\/agrupacionespsoe.es\/ponferrada\/el-psoe-de-ponferrada-acusa-al-pp-de-abandonar-la-vivienda-publica-y-de-danar-el-entorno-del-rio-sil\/","name":"El PSOE de Ponferrada acusa al PP de abandonar la vivienda p\u00fablica y de da\u00f1ar el entorno del r\u00edo Sil - Agrupaci\u00f3n Socialista de Ponferrada","isPartOf":{"@id":"https:\/\/agrupacionespsoe.es\/ponferrada\/#website"},"primaryImageOfPage":{"@id":"https:\/\/agrupacionespsoe.es\/ponferrada\/el-psoe-de-ponferrada-acusa-al-pp-de-abandonar-la-vivienda-publica-y-de-danar-el-entorno-del-rio-sil\/#primaryimage"},"image":{"@id":"https:\/\/agrupacionespsoe.es\/ponferrada\/el-psoe-de-ponferrada-acusa-al-pp-de-abandonar-la-vivienda-publica-y-de-danar-el-entorno-del-rio-sil\/#primaryimage"},"thumbnailUrl":"https:\/\/agrupacionespsoe.es\/ponferrada\/wp-content\/uploads\/sites\/36\/2026\/01\/WhatsApp-Image-2026-01-15-at-11.33.44.jpeg","datePublished":"2026-01-15T10:36:00+00:00","dateModified":"2026-01-15T10:36:01+00:00","breadcrumb":{"@id":"https:\/\/agrupacionespsoe.es\/ponferrada\/el-psoe-de-ponferrada-acusa-al-pp-de-abandonar-la-vivienda-publica-y-de-danar-el-entorno-del-rio-sil\/#breadcrumb"},"inLanguage":"es","potentialAction":[{"@type":"ReadAction","target":["https:\/\/agrupacionespsoe.es\/ponferrada\/el-psoe-de-ponferrada-acusa-al-pp-de-abandonar-la-vivienda-publica-y-de-danar-el-entorno-del-rio-sil\/"]}]},{"@type":"ImageObject","inLanguage":"es","@id":"https:\/\/agrupacionespsoe.es\/ponferrada\/el-psoe-de-ponferrada-acusa-al-pp-de-abandonar-la-vivienda-publica-y-de-danar-el-entorno-del-rio-sil\/#primaryimage","url":"https:\/\/agrupacionespsoe.es\/ponferrada\/wp-content\/uploads\/sites\/36\/2026\/01\/WhatsApp-Image-2026-01-15-at-11.33.44.jpeg","contentUrl":"https:\/\/agrupacionespsoe.es\/ponferrada\/wp-content\/uploads\/sites\/36\/2026\/01\/WhatsApp-Image-2026-01-15-at-11.33.44.jpeg","width":1600,"height":1200},{"@type":"BreadcrumbList","@id":"https:\/\/agrupacionespsoe.es\/ponferrada\/el-psoe-de-ponferrada-acusa-al-pp-de-abandonar-la-vivienda-publica-y-de-danar-el-entorno-del-rio-sil\/#breadcrumb","itemListElement":[{"@type":"ListItem","position":1,"name":"Portada","item":"https:\/\/agrupacionespsoe.es\/ponferrada\/"},{"@type":"ListItem","position":2,"name":"El PSOE de Ponferrada acusa al PP de abandonar la vivienda p\u00fablica y de da\u00f1ar el entorno del r\u00edo Sil"}]},{"@type":"WebSite","@id":"https:\/\/agrupacionespsoe.es\/ponferrada\/#website","url":"https:\/\/agrupacionespsoe.es\/ponferrada\/","name":"Agrupaci\u00f3n Socialista de Ponferrada","description":"Agrupaci\u00f3n Socialista de Ponferrada","publisher":{"@id":"https:\/\/agrupacionespsoe.es\/ponferrada\/#organization"},"potentialAction":[{"@type":"SearchAction","target":{"@type":"EntryPoint","urlTemplate":"https:\/\/agrupacionespsoe.es\/ponferrada\/?s={search_term_string}"},"query-input":{"@type":"PropertyValueSpecification","valueRequired":true,"valueName":"search_term_string"}}],"inLanguage":"es"},{"@type":"Organization","@id":"https:\/\/agrupacionespsoe.es\/ponferrada\/#organization","name":"Agrupaci\u00f3n Socialista de Ponferrada","url":"https:\/\/agrupacionespsoe.es\/ponferrada\/","logo":{"@type":"ImageObject","inLanguage":"es","@id":"https:\/\/agrupacionespsoe.es\/ponferrada\/#\/schema\/logo\/image\/","url":"https:\/\/agrupacionespsoe.es\/wp-content\/uploads\/2022\/07\/Logotipo_electoral_del_PSOE.png","contentUrl":"https:\/\/agrupacionespsoe.es\/wp-content\/uploads\/2022\/07\/Logotipo_electoral_del_PSOE.png","width":422,"height":422,"caption":"Agrupaci\u00f3n Socialista de Ponferrada"},"image":{"@id":"https:\/\/agrupacionespsoe.es\/ponferrada\/#\/schema\/logo\/image\/"}},{"@type":"Person","@id":"https:\/\/agrupacionespsoe.es\/ponferrada\/#\/schema\/person\/cd29ee627f3b70c05d415f02596debaa","name":"ponferrada2","image":{"@type":"ImageObject","inLanguage":"es","@id":"https:\/\/agrupacionespsoe.es\/ponferrada\/#\/schema\/person\/image\/","url":"https:\/\/secure.gravatar.com\/avatar\/f499eeb60144c664cf7b7edf75549b50?s=96&d=mm&r=g","contentUrl":"https:\/\/secure.gravatar.com\/avatar\/f499eeb60144c664cf7b7edf75549b50?s=96&d=mm&r=g","caption":"ponferrada2"},"url":"https:\/\/agrupacionespsoe.es\/ponferrada\/author\/ponferrada2\/"}]}},"jetpack_featured_media_url":"https:\/\/agrupacionespsoe.es\/ponferrada\/wp-content\/uploads\/sites\/36\/2026\/01\/WhatsApp-Image-2026-01-15-at-11.33.44.jpeg","jetpack_sharing_enabled":true,"_links":{"self":[{"href":"https:\/\/agrupacionespsoe.es\/ponferrada\/wp-json\/wp\/v2\/posts\/1507","targetHints":{"allow":["GET"]}}],"collection":[{"href":"https:\/\/agrupacionespsoe.es\/ponferrada\/wp-json\/wp\/v2\/posts"}],"about":[{"href":"https:\/\/agrupacionespsoe.es\/ponferrada\/wp-json\/wp\/v2\/types\/post"}],"author":[{"embeddable":true,"href":"https:\/\/agrupacionespsoe.es\/ponferrada\/wp-json\/wp\/v2\/users\/32"}],"replies":[{"embeddable":true,"href":"https:\/\/agrupacionespsoe.es\/ponferrada\/wp-json\/wp\/v2\/comments?post=1507"}],"version-history":[{"count":2,"href":"https:\/\/agrupacionespsoe.es\/ponferrada\/wp-json\/wp\/v2\/posts\/1507\/revisions"}],"predecessor-version":[{"id":1510,"href":"https:\/\/agrupacionespsoe.es\/ponferrada\/wp-json\/wp\/v2\/posts\/1507\/revisions\/1510"}],"wp:featuredmedia":[{"embeddable":true,"href":"https:\/\/agrupacionespsoe.es\/ponferrada\/wp-json\/wp\/v2\/media\/1508"}],"wp:attachment":[{"href":"https:\/\/agrupacionespsoe.es\/ponferrada\/wp-json\/wp\/v2\/media?parent=1507"}],"wp:term":[{"taxonomy":"category","embeddable":true,"href":"https:\/\/agrupacionespsoe.es\/ponferrada\/wp-json\/wp\/v2\/categories?post=1507"},{"taxonomy":"post_tag","embeddable":true,"href":"https:\/\/agrupacionespsoe.es\/ponferrada\/wp-json\/wp\/v2\/tags?post=1507"}],"curies":[{"name":"wp","href":"https:\/\/api.w.org\/{rel}","templated":true}]}}