{"id":1499,"date":"2026-01-12T17:50:25","date_gmt":"2026-01-12T17:50:25","guid":{"rendered":"https:\/\/agrupacionespsoe.es\/ponferrada\/?p=1499"},"modified":"2026-01-12T17:50:26","modified_gmt":"2026-01-12T17:50:26","slug":"el-hospital-del-bierzo-a-la-cola-de-castilla-y-leon-en-listas-de-espera-mientras-la-junta-viene-a-hacerse-la-foto","status":"publish","type":"post","link":"https:\/\/agrupacionespsoe.es\/ponferrada\/el-hospital-del-bierzo-a-la-cola-de-castilla-y-leon-en-listas-de-espera-mientras-la-junta-viene-a-hacerse-la-foto\/","title":{"rendered":"El Hospital del Bierzo, a la cola de Castilla y Le\u00f3n en listas de espera mientras la Junta viene a hacerse la foto"},"content":{"rendered":"\n<p>Ante la visita del presidente de la Junta de Castilla y Le\u00f3n, Alfonso Fern\u00e1ndez Ma\u00f1ueco, al Hospital del Bierzo para anunciar supuestas mejoras sanitarias, desde el PSOE queremos afear ese discurso con la realidad de los datos oficiales y la experiencia diaria de pacientes y profesionales.<\/p>\n\n\n\n<p>La realidad es que el Hospital del Bierzo sigue entre los centros con peores tiempos de espera sanitaria de toda Castilla y Le\u00f3n, muy lejos de lo que la Junta pretende vender como \u201cavances\u201d. Seg\u00fan los balances trimestrales oficiales, la demora media estructural para ser intervenido quir\u00fargicamente en la Comunidad se situaba en torno a 81 d\u00edas, la cifra m\u00e1s baja en a\u00f1os, con diez de los catorce hospitales por debajo de ese umbral.<\/p>\n\n\n\n<p>Sin embargo, El Bierzo se sit\u00faa consistentemente por encima de esos promedios: a 30 de junio de 2025, la demora media quir\u00fargica era de 117 d\u00edas, la m\u00e1s alta de la Comunidad y muy por encima de la media auton\u00f3mica. Y en el \u00faltimo corte publicado, al cierre del tercer trimestre de 2025, el Hospital del Bierzo todav\u00eda registraba 112 d\u00edas de espera para operaciones en m\u00e1s de 2.000 pacientes, convirti\u00e9ndose en el segundo hospital con mayor lista de espera quir\u00fargica de toda Castilla y Le\u00f3n.<\/p>\n\n\n\n<p>No solo en cirug\u00eda hay un problema estructural. En consultas externas m\u00e1s de 22.000 personas estaban en lista de espera en septiembre de 2025 con un tiempo medio de demora de 164 d\u00edas, uno de los m\u00e1s altos de la Comunidad.<\/p>\n\n\n\n<p>Mientras la Junta celebra cifras generales en prensa, los bercianos y lacianiegos sufrimos demoras que duplican la media regional y que en especialidades concretas pueden situarse por encima de los seis meses. Esta no es una percepci\u00f3n aislada: seg\u00fan datos oficiales, los hospitales de la provincia de Le\u00f3n son los \u00fanicos de Castilla y Le\u00f3n que superan los 100 d\u00edas de espera media para operarse, con El Bierzo y Le\u00f3n a la cabeza del ranking negativo.<\/p>\n\n\n\n<p>Estas cifras es realidad son dolor y sufrimiento para miles de pacientes: demoras prolongadas para cirug\u00edas programadas, consultas y pruebas diagn\u00f3sticas que condicionan la calidad de vida y complican procesos cl\u00ednicos que deber\u00edan atenderse con agilidad y en muchos casos conducen al paciente a utilizar las cl\u00ednicas privadas porque hay muchos pacientes que no pueden permitirse esperar.<\/p>\n\n\n\n<p>Esto no es una opini\u00f3n del PSOE, en los \u00faltimos meses, esta realidad ha sido denunciada de forma reiterada por profesionales y colectivos sociales. Se ha alertado de la sobrecarga asistencial, la falta de cobertura de plazas m\u00e9dicas y el deterioro de las condiciones laborales. A esto hay que a\u00f1adir el problema que arrastramos con el servicio de oncolog\u00eda, la demora imperdonable en establecer el servicio de radioterapia que ha obligado durante a\u00f1os a pacientes oncol\u00f3gicos a desplazarse a Le\u00f3n y una alarmante sensaci\u00f3n de inseguridad entre los pacientes y en general entre los bercianos y bercianas.<\/p>\n\n\n\n<p>Desde el PSOE consideramos especialmente grave que, mientras estas denuncias se acumulan, la respuesta de la Junta sea limitarse a anuncios que llegan tarde, mal o que simplemente repiten compromisos incumplidos desde hace a\u00f1os y que escuchamos cada vez que se acercan unas elecciones auton\u00f3micas. La puesta en marcha de servicios que son b\u00e1sicos y necesarios para la ciudadan\u00eda y que deber\u00edan llevar funcionando mucho tiempo no puede presentarse como un logro extraordinario, sino como el ejemplo de un retraso injustificable.<\/p>\n\n\n\n<p>El problema del Hospital del Bierzo es el PP, es el gobierno de la Junta, que no ha sido capaz de garantizar estabilidad profesional, de hacer atractivo el destino para m\u00e9dicos especialistas ni de planificar con antelaci\u00f3n las necesidades reales del \u00e1rea de salud. Esa irresponsabilidad tiene consecuencias directas en la salud de la ciudadan\u00eda.<\/p>\n\n\n\n<p>Desde el PSOE hemos exigido y seguiremos haci\u00e9ndolo un cambio profundo en la gesti\u00f3n sanitaria del Bierzo: un plan integral y dotado presupuestariamente para el Hospital del Bierzo, refuerzo real de plantillas y reducci\u00f3n efectiva de listas de espera. La sanidad p\u00fablica en el Bierzo no puede seguir siendo reh\u00e9n de la propaganda del PP ni de sus visitas de campa\u00f1a. El Bierzo no necesita m\u00e1s anuncios: necesita hechos, compromiso y respeto.<\/p>\n\n\n\n<figure class=\"wp-block-image size-large\"><img loading=\"lazy\" decoding=\"async\" width=\"1024\" height=\"768\" src=\"https:\/\/agrupacionespsoe.es\/ponferrada\/wp-content\/uploads\/sites\/36\/2026\/01\/WhatsApp-Image-2026-01-12-at-18.47.33-1024x768.jpeg\" alt=\"\" class=\"wp-image-1500\" srcset=\"https:\/\/agrupacionespsoe.es\/ponferrada\/wp-content\/uploads\/sites\/36\/2026\/01\/WhatsApp-Image-2026-01-12-at-18.47.33-1024x768.jpeg 1024w, https:\/\/agrupacionespsoe.es\/ponferrada\/wp-content\/uploads\/sites\/36\/2026\/01\/WhatsApp-Image-2026-01-12-at-18.47.33-300x225.jpeg 300w, https:\/\/agrupacionespsoe.es\/ponferrada\/wp-content\/uploads\/sites\/36\/2026\/01\/WhatsApp-Image-2026-01-12-at-18.47.33-768x576.jpeg 768w, https:\/\/agrupacionespsoe.es\/ponferrada\/wp-content\/uploads\/sites\/36\/2026\/01\/WhatsApp-Image-2026-01-12-at-18.47.33-1536x1152.jpeg 1536w, https:\/\/agrupacionespsoe.es\/ponferrada\/wp-content\/uploads\/sites\/36\/2026\/01\/WhatsApp-Image-2026-01-12-at-18.47.33.jpeg 1600w\" sizes=\"auto, (max-width: 1024px) 100vw, 1024px\" \/><\/figure>\n","protected":false},"excerpt":{"rendered":"<p>Ante la visita del presidente de la Junta de Castilla y Le\u00f3n, Alfonso Fern\u00e1ndez Ma\u00f1ueco, al Hospital del Bierzo para anunciar supuestas mejoras sanitarias, desde el PSOE queremos afear ese discurso con la realidad de los datos oficiales y la experiencia diaria de pacientes y profesionales. La realidad es que el Hospital del Bierzo sigue &#8230;<\/p>\n","protected":false},"author":32,"featured_media":1500,"comment_status":"open","ping_status":"open","sticky":false,"template":"","format":"standard","meta":{"_jetpack_memberships_contains_paid_content":false,"footnotes":""},"categories":[6],"tags":[],"class_list":["post-1499","post","type-post","status-publish","format-standard","has-post-thumbnail","hentry","category-actualidad"],"yoast_head":"<!-- This site is optimized with the Yoast SEO plugin v24.0 - https:\/\/yoast.com\/wordpress\/plugins\/seo\/ -->\n<title>El Hospital del Bierzo, a la cola de Castilla y Le\u00f3n en listas de espera mientras la Junta viene a hacerse la foto - Agrupaci\u00f3n Socialista de Ponferrada<\/title>\n<meta name=\"robots\" content=\"index, follow, max-snippet:-1, max-image-preview:large, max-video-preview:-1\" \/>\n<link rel=\"canonical\" href=\"https:\/\/agrupacionespsoe.es\/ponferrada\/el-hospital-del-bierzo-a-la-cola-de-castilla-y-leon-en-listas-de-espera-mientras-la-junta-viene-a-hacerse-la-foto\/\" \/>\n<meta property=\"og:locale\" content=\"es_ES\" \/>\n<meta property=\"og:type\" content=\"article\" \/>\n<meta property=\"og:title\" content=\"El Hospital del Bierzo, a la cola de Castilla y Le\u00f3n en listas de espera mientras la Junta viene a hacerse la foto - Agrupaci\u00f3n Socialista de Ponferrada\" \/>\n<meta property=\"og:description\" content=\"Ante la visita del presidente de la Junta de Castilla y Le\u00f3n, Alfonso Fern\u00e1ndez Ma\u00f1ueco, al Hospital del Bierzo para anunciar supuestas mejoras sanitarias, desde el PSOE queremos afear ese discurso con la realidad de los datos oficiales y la experiencia diaria de pacientes y profesionales. La realidad es que el Hospital del Bierzo sigue ...\" \/>\n<meta property=\"og:url\" content=\"https:\/\/agrupacionespsoe.es\/ponferrada\/el-hospital-del-bierzo-a-la-cola-de-castilla-y-leon-en-listas-de-espera-mientras-la-junta-viene-a-hacerse-la-foto\/\" \/>\n<meta property=\"og:site_name\" content=\"Agrupaci\u00f3n Socialista de Ponferrada\" \/>\n<meta property=\"article:published_time\" content=\"2026-01-12T17:50:25+00:00\" \/>\n<meta property=\"article:modified_time\" content=\"2026-01-12T17:50:26+00:00\" \/>\n<meta property=\"og:image\" content=\"https:\/\/agrupacionespsoe.es\/ponferrada\/wp-content\/uploads\/sites\/36\/2026\/01\/WhatsApp-Image-2026-01-12-at-18.47.33.jpeg\" \/>\n\t<meta property=\"og:image:width\" content=\"1600\" \/>\n\t<meta property=\"og:image:height\" content=\"1200\" \/>\n\t<meta property=\"og:image:type\" content=\"image\/jpeg\" \/>\n<meta name=\"author\" content=\"ponferrada2\" \/>\n<meta name=\"twitter:card\" content=\"summary_large_image\" \/>\n<meta name=\"twitter:label1\" content=\"Escrito por\" \/>\n\t<meta name=\"twitter:data1\" content=\"ponferrada2\" \/>\n\t<meta name=\"twitter:label2\" content=\"Tiempo de lectura\" \/>\n\t<meta name=\"twitter:data2\" content=\"4 minutos\" \/>\n<script type=\"application\/ld+json\" class=\"yoast-schema-graph\">{\"@context\":\"https:\/\/schema.org\",\"@graph\":[{\"@type\":\"Article\",\"@id\":\"https:\/\/agrupacionespsoe.es\/ponferrada\/el-hospital-del-bierzo-a-la-cola-de-castilla-y-leon-en-listas-de-espera-mientras-la-junta-viene-a-hacerse-la-foto\/#article\",\"isPartOf\":{\"@id\":\"https:\/\/agrupacionespsoe.es\/ponferrada\/el-hospital-del-bierzo-a-la-cola-de-castilla-y-leon-en-listas-de-espera-mientras-la-junta-viene-a-hacerse-la-foto\/\"},\"author\":{\"name\":\"ponferrada2\",\"@id\":\"https:\/\/agrupacionespsoe.es\/ponferrada\/#\/schema\/person\/cd29ee627f3b70c05d415f02596debaa\"},\"headline\":\"El Hospital del Bierzo, a la cola de Castilla y Le\u00f3n en listas de espera mientras la Junta viene a hacerse la foto\",\"datePublished\":\"2026-01-12T17:50:25+00:00\",\"dateModified\":\"2026-01-12T17:50:26+00:00\",\"mainEntityOfPage\":{\"@id\":\"https:\/\/agrupacionespsoe.es\/ponferrada\/el-hospital-del-bierzo-a-la-cola-de-castilla-y-leon-en-listas-de-espera-mientras-la-junta-viene-a-hacerse-la-foto\/\"},\"wordCount\":756,\"commentCount\":0,\"publisher\":{\"@id\":\"https:\/\/agrupacionespsoe.es\/ponferrada\/#organization\"},\"image\":{\"@id\":\"https:\/\/agrupacionespsoe.es\/ponferrada\/el-hospital-del-bierzo-a-la-cola-de-castilla-y-leon-en-listas-de-espera-mientras-la-junta-viene-a-hacerse-la-foto\/#primaryimage\"},\"thumbnailUrl\":\"https:\/\/agrupacionespsoe.es\/ponferrada\/wp-content\/uploads\/sites\/36\/2026\/01\/WhatsApp-Image-2026-01-12-at-18.47.33.jpeg\",\"articleSection\":[\"ACTUALIDAD\"],\"inLanguage\":\"es\",\"potentialAction\":[{\"@type\":\"CommentAction\",\"name\":\"Comment\",\"target\":[\"https:\/\/agrupacionespsoe.es\/ponferrada\/el-hospital-del-bierzo-a-la-cola-de-castilla-y-leon-en-listas-de-espera-mientras-la-junta-viene-a-hacerse-la-foto\/#respond\"]}]},{\"@type\":\"WebPage\",\"@id\":\"https:\/\/agrupacionespsoe.es\/ponferrada\/el-hospital-del-bierzo-a-la-cola-de-castilla-y-leon-en-listas-de-espera-mientras-la-junta-viene-a-hacerse-la-foto\/\",\"url\":\"https:\/\/agrupacionespsoe.es\/ponferrada\/el-hospital-del-bierzo-a-la-cola-de-castilla-y-leon-en-listas-de-espera-mientras-la-junta-viene-a-hacerse-la-foto\/\",\"name\":\"El Hospital del Bierzo, a la cola de Castilla y Le\u00f3n en listas de espera mientras la Junta viene a hacerse la foto - Agrupaci\u00f3n Socialista de Ponferrada\",\"isPartOf\":{\"@id\":\"https:\/\/agrupacionespsoe.es\/ponferrada\/#website\"},\"primaryImageOfPage\":{\"@id\":\"https:\/\/agrupacionespsoe.es\/ponferrada\/el-hospital-del-bierzo-a-la-cola-de-castilla-y-leon-en-listas-de-espera-mientras-la-junta-viene-a-hacerse-la-foto\/#primaryimage\"},\"image\":{\"@id\":\"https:\/\/agrupacionespsoe.es\/ponferrada\/el-hospital-del-bierzo-a-la-cola-de-castilla-y-leon-en-listas-de-espera-mientras-la-junta-viene-a-hacerse-la-foto\/#primaryimage\"},\"thumbnailUrl\":\"https:\/\/agrupacionespsoe.es\/ponferrada\/wp-content\/uploads\/sites\/36\/2026\/01\/WhatsApp-Image-2026-01-12-at-18.47.33.jpeg\",\"datePublished\":\"2026-01-12T17:50:25+00:00\",\"dateModified\":\"2026-01-12T17:50:26+00:00\",\"breadcrumb\":{\"@id\":\"https:\/\/agrupacionespsoe.es\/ponferrada\/el-hospital-del-bierzo-a-la-cola-de-castilla-y-leon-en-listas-de-espera-mientras-la-junta-viene-a-hacerse-la-foto\/#breadcrumb\"},\"inLanguage\":\"es\",\"potentialAction\":[{\"@type\":\"ReadAction\",\"target\":[\"https:\/\/agrupacionespsoe.es\/ponferrada\/el-hospital-del-bierzo-a-la-cola-de-castilla-y-leon-en-listas-de-espera-mientras-la-junta-viene-a-hacerse-la-foto\/\"]}]},{\"@type\":\"ImageObject\",\"inLanguage\":\"es\",\"@id\":\"https:\/\/agrupacionespsoe.es\/ponferrada\/el-hospital-del-bierzo-a-la-cola-de-castilla-y-leon-en-listas-de-espera-mientras-la-junta-viene-a-hacerse-la-foto\/#primaryimage\",\"url\":\"https:\/\/agrupacionespsoe.es\/ponferrada\/wp-content\/uploads\/sites\/36\/2026\/01\/WhatsApp-Image-2026-01-12-at-18.47.33.jpeg\",\"contentUrl\":\"https:\/\/agrupacionespsoe.es\/ponferrada\/wp-content\/uploads\/sites\/36\/2026\/01\/WhatsApp-Image-2026-01-12-at-18.47.33.jpeg\",\"width\":1600,\"height\":1200},{\"@type\":\"BreadcrumbList\",\"@id\":\"https:\/\/agrupacionespsoe.es\/ponferrada\/el-hospital-del-bierzo-a-la-cola-de-castilla-y-leon-en-listas-de-espera-mientras-la-junta-viene-a-hacerse-la-foto\/#breadcrumb\",\"itemListElement\":[{\"@type\":\"ListItem\",\"position\":1,\"name\":\"Portada\",\"item\":\"https:\/\/agrupacionespsoe.es\/ponferrada\/\"},{\"@type\":\"ListItem\",\"position\":2,\"name\":\"El Hospital del Bierzo, a la cola de Castilla y Le\u00f3n en listas de espera mientras la Junta viene a hacerse la foto\"}]},{\"@type\":\"WebSite\",\"@id\":\"https:\/\/agrupacionespsoe.es\/ponferrada\/#website\",\"url\":\"https:\/\/agrupacionespsoe.es\/ponferrada\/\",\"name\":\"Agrupaci\u00f3n Socialista de Ponferrada\",\"description\":\"Agrupaci\u00f3n Socialista de Ponferrada\",\"publisher\":{\"@id\":\"https:\/\/agrupacionespsoe.es\/ponferrada\/#organization\"},\"potentialAction\":[{\"@type\":\"SearchAction\",\"target\":{\"@type\":\"EntryPoint\",\"urlTemplate\":\"https:\/\/agrupacionespsoe.es\/ponferrada\/?s={search_term_string}\"},\"query-input\":{\"@type\":\"PropertyValueSpecification\",\"valueRequired\":true,\"valueName\":\"search_term_string\"}}],\"inLanguage\":\"es\"},{\"@type\":\"Organization\",\"@id\":\"https:\/\/agrupacionespsoe.es\/ponferrada\/#organization\",\"name\":\"Agrupaci\u00f3n Socialista de Ponferrada\",\"url\":\"https:\/\/agrupacionespsoe.es\/ponferrada\/\",\"logo\":{\"@type\":\"ImageObject\",\"inLanguage\":\"es\",\"@id\":\"https:\/\/agrupacionespsoe.es\/ponferrada\/#\/schema\/logo\/image\/\",\"url\":\"https:\/\/agrupacionespsoe.es\/wp-content\/uploads\/2022\/07\/Logotipo_electoral_del_PSOE.png\",\"contentUrl\":\"https:\/\/agrupacionespsoe.es\/wp-content\/uploads\/2022\/07\/Logotipo_electoral_del_PSOE.png\",\"width\":422,\"height\":422,\"caption\":\"Agrupaci\u00f3n Socialista de Ponferrada\"},\"image\":{\"@id\":\"https:\/\/agrupacionespsoe.es\/ponferrada\/#\/schema\/logo\/image\/\"}},{\"@type\":\"Person\",\"@id\":\"https:\/\/agrupacionespsoe.es\/ponferrada\/#\/schema\/person\/cd29ee627f3b70c05d415f02596debaa\",\"name\":\"ponferrada2\",\"image\":{\"@type\":\"ImageObject\",\"inLanguage\":\"es\",\"@id\":\"https:\/\/agrupacionespsoe.es\/ponferrada\/#\/schema\/person\/image\/\",\"url\":\"https:\/\/secure.gravatar.com\/avatar\/f499eeb60144c664cf7b7edf75549b50?s=96&d=mm&r=g\",\"contentUrl\":\"https:\/\/secure.gravatar.com\/avatar\/f499eeb60144c664cf7b7edf75549b50?s=96&d=mm&r=g\",\"caption\":\"ponferrada2\"},\"url\":\"https:\/\/agrupacionespsoe.es\/ponferrada\/author\/ponferrada2\/\"}]}<\/script>\n<!-- \/ Yoast SEO plugin. -->","yoast_head_json":{"title":"El Hospital del Bierzo, a la cola de Castilla y Le\u00f3n en listas de espera mientras la Junta viene a hacerse la foto - Agrupaci\u00f3n Socialista de Ponferrada","robots":{"index":"index","follow":"follow","max-snippet":"max-snippet:-1","max-image-preview":"max-image-preview:large","max-video-preview":"max-video-preview:-1"},"canonical":"https:\/\/agrupacionespsoe.es\/ponferrada\/el-hospital-del-bierzo-a-la-cola-de-castilla-y-leon-en-listas-de-espera-mientras-la-junta-viene-a-hacerse-la-foto\/","og_locale":"es_ES","og_type":"article","og_title":"El Hospital del Bierzo, a la cola de Castilla y Le\u00f3n en listas de espera mientras la Junta viene a hacerse la foto - Agrupaci\u00f3n Socialista de Ponferrada","og_description":"Ante la visita del presidente de la Junta de Castilla y Le\u00f3n, Alfonso Fern\u00e1ndez Ma\u00f1ueco, al Hospital del Bierzo para anunciar supuestas mejoras sanitarias, desde el PSOE queremos afear ese discurso con la realidad de los datos oficiales y la experiencia diaria de pacientes y profesionales. La realidad es que el Hospital del Bierzo sigue ...","og_url":"https:\/\/agrupacionespsoe.es\/ponferrada\/el-hospital-del-bierzo-a-la-cola-de-castilla-y-leon-en-listas-de-espera-mientras-la-junta-viene-a-hacerse-la-foto\/","og_site_name":"Agrupaci\u00f3n Socialista de Ponferrada","article_published_time":"2026-01-12T17:50:25+00:00","article_modified_time":"2026-01-12T17:50:26+00:00","og_image":[{"width":1600,"height":1200,"url":"https:\/\/agrupacionespsoe.es\/ponferrada\/wp-content\/uploads\/sites\/36\/2026\/01\/WhatsApp-Image-2026-01-12-at-18.47.33.jpeg","type":"image\/jpeg"}],"author":"ponferrada2","twitter_card":"summary_large_image","twitter_misc":{"Escrito por":"ponferrada2","Tiempo de lectura":"4 minutos"},"schema":{"@context":"https:\/\/schema.org","@graph":[{"@type":"Article","@id":"https:\/\/agrupacionespsoe.es\/ponferrada\/el-hospital-del-bierzo-a-la-cola-de-castilla-y-leon-en-listas-de-espera-mientras-la-junta-viene-a-hacerse-la-foto\/#article","isPartOf":{"@id":"https:\/\/agrupacionespsoe.es\/ponferrada\/el-hospital-del-bierzo-a-la-cola-de-castilla-y-leon-en-listas-de-espera-mientras-la-junta-viene-a-hacerse-la-foto\/"},"author":{"name":"ponferrada2","@id":"https:\/\/agrupacionespsoe.es\/ponferrada\/#\/schema\/person\/cd29ee627f3b70c05d415f02596debaa"},"headline":"El Hospital del Bierzo, a la cola de Castilla y Le\u00f3n en listas de espera mientras la Junta viene a hacerse la foto","datePublished":"2026-01-12T17:50:25+00:00","dateModified":"2026-01-12T17:50:26+00:00","mainEntityOfPage":{"@id":"https:\/\/agrupacionespsoe.es\/ponferrada\/el-hospital-del-bierzo-a-la-cola-de-castilla-y-leon-en-listas-de-espera-mientras-la-junta-viene-a-hacerse-la-foto\/"},"wordCount":756,"commentCount":0,"publisher":{"@id":"https:\/\/agrupacionespsoe.es\/ponferrada\/#organization"},"image":{"@id":"https:\/\/agrupacionespsoe.es\/ponferrada\/el-hospital-del-bierzo-a-la-cola-de-castilla-y-leon-en-listas-de-espera-mientras-la-junta-viene-a-hacerse-la-foto\/#primaryimage"},"thumbnailUrl":"https:\/\/agrupacionespsoe.es\/ponferrada\/wp-content\/uploads\/sites\/36\/2026\/01\/WhatsApp-Image-2026-01-12-at-18.47.33.jpeg","articleSection":["ACTUALIDAD"],"inLanguage":"es","potentialAction":[{"@type":"CommentAction","name":"Comment","target":["https:\/\/agrupacionespsoe.es\/ponferrada\/el-hospital-del-bierzo-a-la-cola-de-castilla-y-leon-en-listas-de-espera-mientras-la-junta-viene-a-hacerse-la-foto\/#respond"]}]},{"@type":"WebPage","@id":"https:\/\/agrupacionespsoe.es\/ponferrada\/el-hospital-del-bierzo-a-la-cola-de-castilla-y-leon-en-listas-de-espera-mientras-la-junta-viene-a-hacerse-la-foto\/","url":"https:\/\/agrupacionespsoe.es\/ponferrada\/el-hospital-del-bierzo-a-la-cola-de-castilla-y-leon-en-listas-de-espera-mientras-la-junta-viene-a-hacerse-la-foto\/","name":"El Hospital del Bierzo, a la cola de Castilla y Le\u00f3n en listas de espera mientras la Junta viene a hacerse la foto - Agrupaci\u00f3n Socialista de Ponferrada","isPartOf":{"@id":"https:\/\/agrupacionespsoe.es\/ponferrada\/#website"},"primaryImageOfPage":{"@id":"https:\/\/agrupacionespsoe.es\/ponferrada\/el-hospital-del-bierzo-a-la-cola-de-castilla-y-leon-en-listas-de-espera-mientras-la-junta-viene-a-hacerse-la-foto\/#primaryimage"},"image":{"@id":"https:\/\/agrupacionespsoe.es\/ponferrada\/el-hospital-del-bierzo-a-la-cola-de-castilla-y-leon-en-listas-de-espera-mientras-la-junta-viene-a-hacerse-la-foto\/#primaryimage"},"thumbnailUrl":"https:\/\/agrupacionespsoe.es\/ponferrada\/wp-content\/uploads\/sites\/36\/2026\/01\/WhatsApp-Image-2026-01-12-at-18.47.33.jpeg","datePublished":"2026-01-12T17:50:25+00:00","dateModified":"2026-01-12T17:50:26+00:00","breadcrumb":{"@id":"https:\/\/agrupacionespsoe.es\/ponferrada\/el-hospital-del-bierzo-a-la-cola-de-castilla-y-leon-en-listas-de-espera-mientras-la-junta-viene-a-hacerse-la-foto\/#breadcrumb"},"inLanguage":"es","potentialAction":[{"@type":"ReadAction","target":["https:\/\/agrupacionespsoe.es\/ponferrada\/el-hospital-del-bierzo-a-la-cola-de-castilla-y-leon-en-listas-de-espera-mientras-la-junta-viene-a-hacerse-la-foto\/"]}]},{"@type":"ImageObject","inLanguage":"es","@id":"https:\/\/agrupacionespsoe.es\/ponferrada\/el-hospital-del-bierzo-a-la-cola-de-castilla-y-leon-en-listas-de-espera-mientras-la-junta-viene-a-hacerse-la-foto\/#primaryimage","url":"https:\/\/agrupacionespsoe.es\/ponferrada\/wp-content\/uploads\/sites\/36\/2026\/01\/WhatsApp-Image-2026-01-12-at-18.47.33.jpeg","contentUrl":"https:\/\/agrupacionespsoe.es\/ponferrada\/wp-content\/uploads\/sites\/36\/2026\/01\/WhatsApp-Image-2026-01-12-at-18.47.33.jpeg","width":1600,"height":1200},{"@type":"BreadcrumbList","@id":"https:\/\/agrupacionespsoe.es\/ponferrada\/el-hospital-del-bierzo-a-la-cola-de-castilla-y-leon-en-listas-de-espera-mientras-la-junta-viene-a-hacerse-la-foto\/#breadcrumb","itemListElement":[{"@type":"ListItem","position":1,"name":"Portada","item":"https:\/\/agrupacionespsoe.es\/ponferrada\/"},{"@type":"ListItem","position":2,"name":"El Hospital del Bierzo, a la cola de Castilla y Le\u00f3n en listas de espera mientras la Junta viene a hacerse la foto"}]},{"@type":"WebSite","@id":"https:\/\/agrupacionespsoe.es\/ponferrada\/#website","url":"https:\/\/agrupacionespsoe.es\/ponferrada\/","name":"Agrupaci\u00f3n Socialista de Ponferrada","description":"Agrupaci\u00f3n Socialista de Ponferrada","publisher":{"@id":"https:\/\/agrupacionespsoe.es\/ponferrada\/#organization"},"potentialAction":[{"@type":"SearchAction","target":{"@type":"EntryPoint","urlTemplate":"https:\/\/agrupacionespsoe.es\/ponferrada\/?s={search_term_string}"},"query-input":{"@type":"PropertyValueSpecification","valueRequired":true,"valueName":"search_term_string"}}],"inLanguage":"es"},{"@type":"Organization","@id":"https:\/\/agrupacionespsoe.es\/ponferrada\/#organization","name":"Agrupaci\u00f3n Socialista de Ponferrada","url":"https:\/\/agrupacionespsoe.es\/ponferrada\/","logo":{"@type":"ImageObject","inLanguage":"es","@id":"https:\/\/agrupacionespsoe.es\/ponferrada\/#\/schema\/logo\/image\/","url":"https:\/\/agrupacionespsoe.es\/wp-content\/uploads\/2022\/07\/Logotipo_electoral_del_PSOE.png","contentUrl":"https:\/\/agrupacionespsoe.es\/wp-content\/uploads\/2022\/07\/Logotipo_electoral_del_PSOE.png","width":422,"height":422,"caption":"Agrupaci\u00f3n Socialista de Ponferrada"},"image":{"@id":"https:\/\/agrupacionespsoe.es\/ponferrada\/#\/schema\/logo\/image\/"}},{"@type":"Person","@id":"https:\/\/agrupacionespsoe.es\/ponferrada\/#\/schema\/person\/cd29ee627f3b70c05d415f02596debaa","name":"ponferrada2","image":{"@type":"ImageObject","inLanguage":"es","@id":"https:\/\/agrupacionespsoe.es\/ponferrada\/#\/schema\/person\/image\/","url":"https:\/\/secure.gravatar.com\/avatar\/f499eeb60144c664cf7b7edf75549b50?s=96&d=mm&r=g","contentUrl":"https:\/\/secure.gravatar.com\/avatar\/f499eeb60144c664cf7b7edf75549b50?s=96&d=mm&r=g","caption":"ponferrada2"},"url":"https:\/\/agrupacionespsoe.es\/ponferrada\/author\/ponferrada2\/"}]}},"jetpack_featured_media_url":"https:\/\/agrupacionespsoe.es\/ponferrada\/wp-content\/uploads\/sites\/36\/2026\/01\/WhatsApp-Image-2026-01-12-at-18.47.33.jpeg","jetpack_sharing_enabled":true,"_links":{"self":[{"href":"https:\/\/agrupacionespsoe.es\/ponferrada\/wp-json\/wp\/v2\/posts\/1499","targetHints":{"allow":["GET"]}}],"collection":[{"href":"https:\/\/agrupacionespsoe.es\/ponferrada\/wp-json\/wp\/v2\/posts"}],"about":[{"href":"https:\/\/agrupacionespsoe.es\/ponferrada\/wp-json\/wp\/v2\/types\/post"}],"author":[{"embeddable":true,"href":"https:\/\/agrupacionespsoe.es\/ponferrada\/wp-json\/wp\/v2\/users\/32"}],"replies":[{"embeddable":true,"href":"https:\/\/agrupacionespsoe.es\/ponferrada\/wp-json\/wp\/v2\/comments?post=1499"}],"version-history":[{"count":2,"href":"https:\/\/agrupacionespsoe.es\/ponferrada\/wp-json\/wp\/v2\/posts\/1499\/revisions"}],"predecessor-version":[{"id":1502,"href":"https:\/\/agrupacionespsoe.es\/ponferrada\/wp-json\/wp\/v2\/posts\/1499\/revisions\/1502"}],"wp:featuredmedia":[{"embeddable":true,"href":"https:\/\/agrupacionespsoe.es\/ponferrada\/wp-json\/wp\/v2\/media\/1500"}],"wp:attachment":[{"href":"https:\/\/agrupacionespsoe.es\/ponferrada\/wp-json\/wp\/v2\/media?parent=1499"}],"wp:term":[{"taxonomy":"category","embeddable":true,"href":"https:\/\/agrupacionespsoe.es\/ponferrada\/wp-json\/wp\/v2\/categories?post=1499"},{"taxonomy":"post_tag","embeddable":true,"href":"https:\/\/agrupacionespsoe.es\/ponferrada\/wp-json\/wp\/v2\/tags?post=1499"}],"curies":[{"name":"wp","href":"https:\/\/api.w.org\/{rel}","templated":true}]}}