{"id":1491,"date":"2026-01-12T11:11:23","date_gmt":"2026-01-12T11:11:23","guid":{"rendered":"https:\/\/agrupacionespsoe.es\/ponferrada\/?p=1491"},"modified":"2026-01-12T11:11:24","modified_gmt":"2026-01-12T11:11:24","slug":"el-grupo-socialista-denuncia-otra-chapuza-del-pp-en-ponferrada-clausuran-contenedores-soterrados-sin-devolver-las-calles-a-su-estado-original","status":"publish","type":"post","link":"https:\/\/agrupacionespsoe.es\/ponferrada\/el-grupo-socialista-denuncia-otra-chapuza-del-pp-en-ponferrada-clausuran-contenedores-soterrados-sin-devolver-las-calles-a-su-estado-original\/","title":{"rendered":"El Grupo Socialista denuncia otra \u201cchapuza\u201d del PP en Ponferrada: clausuran contenedores soterrados sin devolver las calles a su estado original"},"content":{"rendered":"\n<p>El Grupo Municipal Socialista de Ponferrada denuncia una nueva actuaci\u00f3n deficiente del equipo de gobierno del PP, esta vez en la clausura de las islas de contenedores soterrados anunciada a principios de diciembre por la Concejal\u00eda de Medio Ambiente.<\/p>\n\n\n\n<p>El concejal Carlos Fern\u00e1ndez asegur\u00f3 entonces que la clausura de 27 islas de contenedores \u201cinservibles\u201d devolver\u00eda estas ubicaciones a su estado original, tras una inversi\u00f3n de 40.000 euros. Sin embargo, la realidad que hoy se encuentran los vecinos y vecinas dista mucho de ese anuncio. Las im\u00e1genes tomadas en la zona del mercado y Navaliegos muestran espacios vallados, cubiertos de grava, sin pavimentar y con un acabado provisional que sospechamos que se va a convertir en definitivo, afeando sus calles y generando molestias a peatones y comercios.<\/p>\n\n\n\n<p>\u201cEsto no es devolver las calles a su estado original, esto es dejar una obra a medias y hacerlo mal\u201d, adem\u00e1s recordamos que los vecinos del entorno del mercado y de Navaliegos tienen el mismo derecho que el resto de la ciudad a contar con aceras y pavimentos dignos e integrados en el resto de la acera. Es incomprensible c\u00f3mo desde el PP hablan de mejorar el entorno urbano mientras se dejan aut\u00e9nticos parches en plena v\u00eda p\u00fablica\u201d.<\/p>\n\n\n\n<p>Para los socialistas, esta actuaci\u00f3n es un ejemplo m\u00e1s de una forma de gobernar basada en la propaganda, en la improvisaci\u00f3n y sobre todo en los parches, otra vez correr para anunciar actuaciones antes que hacerlas bien. \u201cUna vez m\u00e1s vemos c\u00f3mo se opta por la soluci\u00f3n barata y r\u00e1pida, aunque eso suponga generar vecinos de primera y vecinos de segunda, mientras malgastan el dinero en proyectos que nunca ver\u00e1n la luz y en su propia propaganda\u201d.<\/p>\n\n\n\n<p>Desde el Grupo Socialista advierten adem\u00e1s de que, previsiblemente, el equipo de gobierno buscar\u00e1n otra excusa de lo m\u00e1s inveros\u00edmil, como ya ha ocurrido recientemente al justificar retrasos en obras por las vacaciones del personal. \u201cSi sab\u00edan que las vacaciones estaban previstas, \u00bfpor qu\u00e9 no planificaron los trabajos con antelaci\u00f3n para que las obras quedaran rematadas? Gobernar no es improvisar ni poner excusas despu\u00e9s\u201d, se\u00f1alan.<\/p>\n\n\n\n<p>Para el Grupo Municipal Socialista esta es otra prueba de que el PP est\u00e1 generando barrios de primera y de segunda, con soluciones dignas en unas zonas y parches inaceptables en otras. Por ello, pedimos al equipo de gobierno que complete estas actuaciones como corresponde, reponiendo el pavimento adecuado y devolviendo las calles a una situaci\u00f3n normalizada. \u201cPonferrada no necesita m\u00e1s chapuzas ni m\u00e1s excusas: necesita gesti\u00f3n, planificaci\u00f3n y respeto por todos sus barrios y vecinos por igual\u201d.<\/p>\n\n\n\n<figure class=\"wp-block-gallery has-nested-images columns-default is-cropped wp-block-gallery-1 is-layout-flex wp-block-gallery-is-layout-flex\">\n<figure class=\"wp-block-image size-large\"><img loading=\"lazy\" decoding=\"async\" width=\"473\" height=\"1024\" data-id=\"1493\" src=\"https:\/\/agrupacionespsoe.es\/ponferrada\/wp-content\/uploads\/sites\/36\/2026\/01\/WhatsApp-Image-2026-01-12-at-12.10.19-473x1024.jpeg\" alt=\"\" class=\"wp-image-1493\" srcset=\"https:\/\/agrupacionespsoe.es\/ponferrada\/wp-content\/uploads\/sites\/36\/2026\/01\/WhatsApp-Image-2026-01-12-at-12.10.19-473x1024.jpeg 473w, https:\/\/agrupacionespsoe.es\/ponferrada\/wp-content\/uploads\/sites\/36\/2026\/01\/WhatsApp-Image-2026-01-12-at-12.10.19-138x300.jpeg 138w, https:\/\/agrupacionespsoe.es\/ponferrada\/wp-content\/uploads\/sites\/36\/2026\/01\/WhatsApp-Image-2026-01-12-at-12.10.19-768x1664.jpeg 768w, https:\/\/agrupacionespsoe.es\/ponferrada\/wp-content\/uploads\/sites\/36\/2026\/01\/WhatsApp-Image-2026-01-12-at-12.10.19-709x1536.jpeg 709w, https:\/\/agrupacionespsoe.es\/ponferrada\/wp-content\/uploads\/sites\/36\/2026\/01\/WhatsApp-Image-2026-01-12-at-12.10.19.jpeg 912w\" sizes=\"auto, (max-width: 473px) 100vw, 473px\" \/><\/figure>\n\n\n\n<figure class=\"wp-block-image size-large\"><img loading=\"lazy\" decoding=\"async\" width=\"1024\" height=\"576\" data-id=\"1492\" src=\"https:\/\/agrupacionespsoe.es\/ponferrada\/wp-content\/uploads\/sites\/36\/2026\/01\/WhatsApp-Image-2026-01-12-at-12.09.16-1024x576.jpeg\" alt=\"\" class=\"wp-image-1492\" srcset=\"https:\/\/agrupacionespsoe.es\/ponferrada\/wp-content\/uploads\/sites\/36\/2026\/01\/WhatsApp-Image-2026-01-12-at-12.09.16-1024x576.jpeg 1024w, https:\/\/agrupacionespsoe.es\/ponferrada\/wp-content\/uploads\/sites\/36\/2026\/01\/WhatsApp-Image-2026-01-12-at-12.09.16-300x169.jpeg 300w, https:\/\/agrupacionespsoe.es\/ponferrada\/wp-content\/uploads\/sites\/36\/2026\/01\/WhatsApp-Image-2026-01-12-at-12.09.16-768x432.jpeg 768w, https:\/\/agrupacionespsoe.es\/ponferrada\/wp-content\/uploads\/sites\/36\/2026\/01\/WhatsApp-Image-2026-01-12-at-12.09.16-1536x864.jpeg 1536w, https:\/\/agrupacionespsoe.es\/ponferrada\/wp-content\/uploads\/sites\/36\/2026\/01\/WhatsApp-Image-2026-01-12-at-12.09.16.jpeg 1920w\" sizes=\"auto, (max-width: 1024px) 100vw, 1024px\" \/><\/figure>\n\n\n\n<figure class=\"wp-block-image size-large\"><img loading=\"lazy\" decoding=\"async\" width=\"1024\" height=\"576\" data-id=\"1494\" src=\"https:\/\/agrupacionespsoe.es\/ponferrada\/wp-content\/uploads\/sites\/36\/2026\/01\/WhatsApp-Image-2026-01-12-at-12.08.54-1024x576.jpeg\" alt=\"\" class=\"wp-image-1494\" srcset=\"https:\/\/agrupacionespsoe.es\/ponferrada\/wp-content\/uploads\/sites\/36\/2026\/01\/WhatsApp-Image-2026-01-12-at-12.08.54-1024x576.jpeg 1024w, https:\/\/agrupacionespsoe.es\/ponferrada\/wp-content\/uploads\/sites\/36\/2026\/01\/WhatsApp-Image-2026-01-12-at-12.08.54-300x169.jpeg 300w, https:\/\/agrupacionespsoe.es\/ponferrada\/wp-content\/uploads\/sites\/36\/2026\/01\/WhatsApp-Image-2026-01-12-at-12.08.54-768x432.jpeg 768w, https:\/\/agrupacionespsoe.es\/ponferrada\/wp-content\/uploads\/sites\/36\/2026\/01\/WhatsApp-Image-2026-01-12-at-12.08.54-1536x864.jpeg 1536w, https:\/\/agrupacionespsoe.es\/ponferrada\/wp-content\/uploads\/sites\/36\/2026\/01\/WhatsApp-Image-2026-01-12-at-12.08.54.jpeg 1920w\" sizes=\"auto, (max-width: 1024px) 100vw, 1024px\" \/><\/figure>\n\n\n\n<figure class=\"wp-block-image size-large\"><img loading=\"lazy\" decoding=\"async\" width=\"1024\" height=\"473\" data-id=\"1495\" src=\"https:\/\/agrupacionespsoe.es\/ponferrada\/wp-content\/uploads\/sites\/36\/2026\/01\/WhatsApp-Image-2026-01-09-at-13.05.29-2-1024x473.jpeg\" alt=\"\" class=\"wp-image-1495\" srcset=\"https:\/\/agrupacionespsoe.es\/ponferrada\/wp-content\/uploads\/sites\/36\/2026\/01\/WhatsApp-Image-2026-01-09-at-13.05.29-2-1024x473.jpeg 1024w, https:\/\/agrupacionespsoe.es\/ponferrada\/wp-content\/uploads\/sites\/36\/2026\/01\/WhatsApp-Image-2026-01-09-at-13.05.29-2-300x138.jpeg 300w, https:\/\/agrupacionespsoe.es\/ponferrada\/wp-content\/uploads\/sites\/36\/2026\/01\/WhatsApp-Image-2026-01-09-at-13.05.29-2-768x354.jpeg 768w, https:\/\/agrupacionespsoe.es\/ponferrada\/wp-content\/uploads\/sites\/36\/2026\/01\/WhatsApp-Image-2026-01-09-at-13.05.29-2-1536x709.jpeg 1536w, https:\/\/agrupacionespsoe.es\/ponferrada\/wp-content\/uploads\/sites\/36\/2026\/01\/WhatsApp-Image-2026-01-09-at-13.05.29-2.jpeg 1976w\" sizes=\"auto, (max-width: 1024px) 100vw, 1024px\" \/><\/figure>\n<\/figure>\n","protected":false},"excerpt":{"rendered":"<p>El Grupo Municipal Socialista de Ponferrada denuncia una nueva actuaci\u00f3n deficiente del equipo de gobierno del PP, esta vez en la clausura de las islas de contenedores soterrados anunciada a principios de diciembre por la Concejal\u00eda de Medio Ambiente. El concejal Carlos Fern\u00e1ndez asegur\u00f3 entonces que la clausura de 27 islas de contenedores \u201cinservibles\u201d devolver\u00eda &#8230;<\/p>\n","protected":false},"author":32,"featured_media":1496,"comment_status":"open","ping_status":"open","sticky":false,"template":"","format":"standard","meta":{"_jetpack_memberships_contains_paid_content":false,"footnotes":""},"categories":[6],"tags":[],"class_list":["post-1491","post","type-post","status-publish","format-standard","has-post-thumbnail","hentry","category-actualidad"],"yoast_head":"<!-- This site is optimized with the Yoast SEO plugin v24.0 - https:\/\/yoast.com\/wordpress\/plugins\/seo\/ -->\n<title>El Grupo Socialista denuncia otra \u201cchapuza\u201d del PP en Ponferrada: clausuran contenedores soterrados sin devolver las calles a su estado original - Agrupaci\u00f3n Socialista de Ponferrada<\/title>\n<meta name=\"robots\" content=\"index, follow, max-snippet:-1, max-image-preview:large, max-video-preview:-1\" \/>\n<link rel=\"canonical\" href=\"https:\/\/agrupacionespsoe.es\/ponferrada\/el-grupo-socialista-denuncia-otra-chapuza-del-pp-en-ponferrada-clausuran-contenedores-soterrados-sin-devolver-las-calles-a-su-estado-original\/\" \/>\n<meta property=\"og:locale\" content=\"es_ES\" \/>\n<meta property=\"og:type\" content=\"article\" \/>\n<meta property=\"og:title\" content=\"El Grupo Socialista denuncia otra \u201cchapuza\u201d del PP en Ponferrada: clausuran contenedores soterrados sin devolver las calles a su estado original - Agrupaci\u00f3n Socialista de Ponferrada\" \/>\n<meta property=\"og:description\" content=\"El Grupo Municipal Socialista de Ponferrada denuncia una nueva actuaci\u00f3n deficiente del equipo de gobierno del PP, esta vez en la clausura de las islas de contenedores soterrados anunciada a principios de diciembre por la Concejal\u00eda de Medio Ambiente. El concejal Carlos Fern\u00e1ndez asegur\u00f3 entonces que la clausura de 27 islas de contenedores \u201cinservibles\u201d devolver\u00eda ...\" \/>\n<meta property=\"og:url\" content=\"https:\/\/agrupacionespsoe.es\/ponferrada\/el-grupo-socialista-denuncia-otra-chapuza-del-pp-en-ponferrada-clausuran-contenedores-soterrados-sin-devolver-las-calles-a-su-estado-original\/\" \/>\n<meta property=\"og:site_name\" content=\"Agrupaci\u00f3n Socialista de Ponferrada\" \/>\n<meta property=\"article:published_time\" content=\"2026-01-12T11:11:23+00:00\" \/>\n<meta property=\"article:modified_time\" content=\"2026-01-12T11:11:24+00:00\" \/>\n<meta property=\"og:image\" content=\"https:\/\/agrupacionespsoe.es\/ponferrada\/wp-content\/uploads\/sites\/36\/2026\/01\/WhatsApp-Image-2026-01-09-at-13.05.29-1.jpeg\" \/>\n\t<meta property=\"og:image:width\" content=\"912\" \/>\n\t<meta property=\"og:image:height\" content=\"1976\" \/>\n\t<meta property=\"og:image:type\" content=\"image\/jpeg\" \/>\n<meta name=\"author\" content=\"ponferrada2\" \/>\n<meta name=\"twitter:card\" content=\"summary_large_image\" \/>\n<meta name=\"twitter:label1\" content=\"Escrito por\" \/>\n\t<meta name=\"twitter:data1\" content=\"ponferrada2\" \/>\n\t<meta name=\"twitter:label2\" content=\"Tiempo de lectura\" \/>\n\t<meta name=\"twitter:data2\" content=\"3 minutos\" \/>\n<script type=\"application\/ld+json\" class=\"yoast-schema-graph\">{\"@context\":\"https:\/\/schema.org\",\"@graph\":[{\"@type\":\"Article\",\"@id\":\"https:\/\/agrupacionespsoe.es\/ponferrada\/el-grupo-socialista-denuncia-otra-chapuza-del-pp-en-ponferrada-clausuran-contenedores-soterrados-sin-devolver-las-calles-a-su-estado-original\/#article\",\"isPartOf\":{\"@id\":\"https:\/\/agrupacionespsoe.es\/ponferrada\/el-grupo-socialista-denuncia-otra-chapuza-del-pp-en-ponferrada-clausuran-contenedores-soterrados-sin-devolver-las-calles-a-su-estado-original\/\"},\"author\":{\"name\":\"ponferrada2\",\"@id\":\"https:\/\/agrupacionespsoe.es\/ponferrada\/#\/schema\/person\/cd29ee627f3b70c05d415f02596debaa\"},\"headline\":\"El Grupo Socialista denuncia otra \u201cchapuza\u201d del PP en Ponferrada: clausuran contenedores soterrados sin devolver las calles a su estado original\",\"datePublished\":\"2026-01-12T11:11:23+00:00\",\"dateModified\":\"2026-01-12T11:11:24+00:00\",\"mainEntityOfPage\":{\"@id\":\"https:\/\/agrupacionespsoe.es\/ponferrada\/el-grupo-socialista-denuncia-otra-chapuza-del-pp-en-ponferrada-clausuran-contenedores-soterrados-sin-devolver-las-calles-a-su-estado-original\/\"},\"wordCount\":475,\"commentCount\":0,\"publisher\":{\"@id\":\"https:\/\/agrupacionespsoe.es\/ponferrada\/#organization\"},\"image\":{\"@id\":\"https:\/\/agrupacionespsoe.es\/ponferrada\/el-grupo-socialista-denuncia-otra-chapuza-del-pp-en-ponferrada-clausuran-contenedores-soterrados-sin-devolver-las-calles-a-su-estado-original\/#primaryimage\"},\"thumbnailUrl\":\"https:\/\/agrupacionespsoe.es\/ponferrada\/wp-content\/uploads\/sites\/36\/2026\/01\/WhatsApp-Image-2026-01-09-at-13.05.29-1.jpeg\",\"articleSection\":[\"ACTUALIDAD\"],\"inLanguage\":\"es\",\"potentialAction\":[{\"@type\":\"CommentAction\",\"name\":\"Comment\",\"target\":[\"https:\/\/agrupacionespsoe.es\/ponferrada\/el-grupo-socialista-denuncia-otra-chapuza-del-pp-en-ponferrada-clausuran-contenedores-soterrados-sin-devolver-las-calles-a-su-estado-original\/#respond\"]}]},{\"@type\":\"WebPage\",\"@id\":\"https:\/\/agrupacionespsoe.es\/ponferrada\/el-grupo-socialista-denuncia-otra-chapuza-del-pp-en-ponferrada-clausuran-contenedores-soterrados-sin-devolver-las-calles-a-su-estado-original\/\",\"url\":\"https:\/\/agrupacionespsoe.es\/ponferrada\/el-grupo-socialista-denuncia-otra-chapuza-del-pp-en-ponferrada-clausuran-contenedores-soterrados-sin-devolver-las-calles-a-su-estado-original\/\",\"name\":\"El Grupo Socialista denuncia otra \u201cchapuza\u201d del PP en Ponferrada: clausuran contenedores soterrados sin devolver las calles a su estado original - Agrupaci\u00f3n Socialista de Ponferrada\",\"isPartOf\":{\"@id\":\"https:\/\/agrupacionespsoe.es\/ponferrada\/#website\"},\"primaryImageOfPage\":{\"@id\":\"https:\/\/agrupacionespsoe.es\/ponferrada\/el-grupo-socialista-denuncia-otra-chapuza-del-pp-en-ponferrada-clausuran-contenedores-soterrados-sin-devolver-las-calles-a-su-estado-original\/#primaryimage\"},\"image\":{\"@id\":\"https:\/\/agrupacionespsoe.es\/ponferrada\/el-grupo-socialista-denuncia-otra-chapuza-del-pp-en-ponferrada-clausuran-contenedores-soterrados-sin-devolver-las-calles-a-su-estado-original\/#primaryimage\"},\"thumbnailUrl\":\"https:\/\/agrupacionespsoe.es\/ponferrada\/wp-content\/uploads\/sites\/36\/2026\/01\/WhatsApp-Image-2026-01-09-at-13.05.29-1.jpeg\",\"datePublished\":\"2026-01-12T11:11:23+00:00\",\"dateModified\":\"2026-01-12T11:11:24+00:00\",\"breadcrumb\":{\"@id\":\"https:\/\/agrupacionespsoe.es\/ponferrada\/el-grupo-socialista-denuncia-otra-chapuza-del-pp-en-ponferrada-clausuran-contenedores-soterrados-sin-devolver-las-calles-a-su-estado-original\/#breadcrumb\"},\"inLanguage\":\"es\",\"potentialAction\":[{\"@type\":\"ReadAction\",\"target\":[\"https:\/\/agrupacionespsoe.es\/ponferrada\/el-grupo-socialista-denuncia-otra-chapuza-del-pp-en-ponferrada-clausuran-contenedores-soterrados-sin-devolver-las-calles-a-su-estado-original\/\"]}]},{\"@type\":\"ImageObject\",\"inLanguage\":\"es\",\"@id\":\"https:\/\/agrupacionespsoe.es\/ponferrada\/el-grupo-socialista-denuncia-otra-chapuza-del-pp-en-ponferrada-clausuran-contenedores-soterrados-sin-devolver-las-calles-a-su-estado-original\/#primaryimage\",\"url\":\"https:\/\/agrupacionespsoe.es\/ponferrada\/wp-content\/uploads\/sites\/36\/2026\/01\/WhatsApp-Image-2026-01-09-at-13.05.29-1.jpeg\",\"contentUrl\":\"https:\/\/agrupacionespsoe.es\/ponferrada\/wp-content\/uploads\/sites\/36\/2026\/01\/WhatsApp-Image-2026-01-09-at-13.05.29-1.jpeg\",\"width\":912,\"height\":1976},{\"@type\":\"BreadcrumbList\",\"@id\":\"https:\/\/agrupacionespsoe.es\/ponferrada\/el-grupo-socialista-denuncia-otra-chapuza-del-pp-en-ponferrada-clausuran-contenedores-soterrados-sin-devolver-las-calles-a-su-estado-original\/#breadcrumb\",\"itemListElement\":[{\"@type\":\"ListItem\",\"position\":1,\"name\":\"Portada\",\"item\":\"https:\/\/agrupacionespsoe.es\/ponferrada\/\"},{\"@type\":\"ListItem\",\"position\":2,\"name\":\"El Grupo Socialista denuncia otra \u201cchapuza\u201d del PP en Ponferrada: clausuran contenedores soterrados sin devolver las calles a su estado original\"}]},{\"@type\":\"WebSite\",\"@id\":\"https:\/\/agrupacionespsoe.es\/ponferrada\/#website\",\"url\":\"https:\/\/agrupacionespsoe.es\/ponferrada\/\",\"name\":\"Agrupaci\u00f3n Socialista de Ponferrada\",\"description\":\"Agrupaci\u00f3n Socialista de Ponferrada\",\"publisher\":{\"@id\":\"https:\/\/agrupacionespsoe.es\/ponferrada\/#organization\"},\"potentialAction\":[{\"@type\":\"SearchAction\",\"target\":{\"@type\":\"EntryPoint\",\"urlTemplate\":\"https:\/\/agrupacionespsoe.es\/ponferrada\/?s={search_term_string}\"},\"query-input\":{\"@type\":\"PropertyValueSpecification\",\"valueRequired\":true,\"valueName\":\"search_term_string\"}}],\"inLanguage\":\"es\"},{\"@type\":\"Organization\",\"@id\":\"https:\/\/agrupacionespsoe.es\/ponferrada\/#organization\",\"name\":\"Agrupaci\u00f3n Socialista de Ponferrada\",\"url\":\"https:\/\/agrupacionespsoe.es\/ponferrada\/\",\"logo\":{\"@type\":\"ImageObject\",\"inLanguage\":\"es\",\"@id\":\"https:\/\/agrupacionespsoe.es\/ponferrada\/#\/schema\/logo\/image\/\",\"url\":\"https:\/\/agrupacionespsoe.es\/wp-content\/uploads\/2022\/07\/Logotipo_electoral_del_PSOE.png\",\"contentUrl\":\"https:\/\/agrupacionespsoe.es\/wp-content\/uploads\/2022\/07\/Logotipo_electoral_del_PSOE.png\",\"width\":422,\"height\":422,\"caption\":\"Agrupaci\u00f3n Socialista de Ponferrada\"},\"image\":{\"@id\":\"https:\/\/agrupacionespsoe.es\/ponferrada\/#\/schema\/logo\/image\/\"}},{\"@type\":\"Person\",\"@id\":\"https:\/\/agrupacionespsoe.es\/ponferrada\/#\/schema\/person\/cd29ee627f3b70c05d415f02596debaa\",\"name\":\"ponferrada2\",\"image\":{\"@type\":\"ImageObject\",\"inLanguage\":\"es\",\"@id\":\"https:\/\/agrupacionespsoe.es\/ponferrada\/#\/schema\/person\/image\/\",\"url\":\"https:\/\/secure.gravatar.com\/avatar\/f499eeb60144c664cf7b7edf75549b50?s=96&d=mm&r=g\",\"contentUrl\":\"https:\/\/secure.gravatar.com\/avatar\/f499eeb60144c664cf7b7edf75549b50?s=96&d=mm&r=g\",\"caption\":\"ponferrada2\"},\"url\":\"https:\/\/agrupacionespsoe.es\/ponferrada\/author\/ponferrada2\/\"}]}<\/script>\n<!-- \/ Yoast SEO plugin. -->","yoast_head_json":{"title":"El Grupo Socialista denuncia otra \u201cchapuza\u201d del PP en Ponferrada: clausuran contenedores soterrados sin devolver las calles a su estado original - Agrupaci\u00f3n Socialista de Ponferrada","robots":{"index":"index","follow":"follow","max-snippet":"max-snippet:-1","max-image-preview":"max-image-preview:large","max-video-preview":"max-video-preview:-1"},"canonical":"https:\/\/agrupacionespsoe.es\/ponferrada\/el-grupo-socialista-denuncia-otra-chapuza-del-pp-en-ponferrada-clausuran-contenedores-soterrados-sin-devolver-las-calles-a-su-estado-original\/","og_locale":"es_ES","og_type":"article","og_title":"El Grupo Socialista denuncia otra \u201cchapuza\u201d del PP en Ponferrada: clausuran contenedores soterrados sin devolver las calles a su estado original - Agrupaci\u00f3n Socialista de Ponferrada","og_description":"El Grupo Municipal Socialista de Ponferrada denuncia una nueva actuaci\u00f3n deficiente del equipo de gobierno del PP, esta vez en la clausura de las islas de contenedores soterrados anunciada a principios de diciembre por la Concejal\u00eda de Medio Ambiente. El concejal Carlos Fern\u00e1ndez asegur\u00f3 entonces que la clausura de 27 islas de contenedores \u201cinservibles\u201d devolver\u00eda ...","og_url":"https:\/\/agrupacionespsoe.es\/ponferrada\/el-grupo-socialista-denuncia-otra-chapuza-del-pp-en-ponferrada-clausuran-contenedores-soterrados-sin-devolver-las-calles-a-su-estado-original\/","og_site_name":"Agrupaci\u00f3n Socialista de Ponferrada","article_published_time":"2026-01-12T11:11:23+00:00","article_modified_time":"2026-01-12T11:11:24+00:00","og_image":[{"width":912,"height":1976,"url":"https:\/\/agrupacionespsoe.es\/ponferrada\/wp-content\/uploads\/sites\/36\/2026\/01\/WhatsApp-Image-2026-01-09-at-13.05.29-1.jpeg","type":"image\/jpeg"}],"author":"ponferrada2","twitter_card":"summary_large_image","twitter_misc":{"Escrito por":"ponferrada2","Tiempo de lectura":"3 minutos"},"schema":{"@context":"https:\/\/schema.org","@graph":[{"@type":"Article","@id":"https:\/\/agrupacionespsoe.es\/ponferrada\/el-grupo-socialista-denuncia-otra-chapuza-del-pp-en-ponferrada-clausuran-contenedores-soterrados-sin-devolver-las-calles-a-su-estado-original\/#article","isPartOf":{"@id":"https:\/\/agrupacionespsoe.es\/ponferrada\/el-grupo-socialista-denuncia-otra-chapuza-del-pp-en-ponferrada-clausuran-contenedores-soterrados-sin-devolver-las-calles-a-su-estado-original\/"},"author":{"name":"ponferrada2","@id":"https:\/\/agrupacionespsoe.es\/ponferrada\/#\/schema\/person\/cd29ee627f3b70c05d415f02596debaa"},"headline":"El Grupo Socialista denuncia otra \u201cchapuza\u201d del PP en Ponferrada: clausuran contenedores soterrados sin devolver las calles a su estado original","datePublished":"2026-01-12T11:11:23+00:00","dateModified":"2026-01-12T11:11:24+00:00","mainEntityOfPage":{"@id":"https:\/\/agrupacionespsoe.es\/ponferrada\/el-grupo-socialista-denuncia-otra-chapuza-del-pp-en-ponferrada-clausuran-contenedores-soterrados-sin-devolver-las-calles-a-su-estado-original\/"},"wordCount":475,"commentCount":0,"publisher":{"@id":"https:\/\/agrupacionespsoe.es\/ponferrada\/#organization"},"image":{"@id":"https:\/\/agrupacionespsoe.es\/ponferrada\/el-grupo-socialista-denuncia-otra-chapuza-del-pp-en-ponferrada-clausuran-contenedores-soterrados-sin-devolver-las-calles-a-su-estado-original\/#primaryimage"},"thumbnailUrl":"https:\/\/agrupacionespsoe.es\/ponferrada\/wp-content\/uploads\/sites\/36\/2026\/01\/WhatsApp-Image-2026-01-09-at-13.05.29-1.jpeg","articleSection":["ACTUALIDAD"],"inLanguage":"es","potentialAction":[{"@type":"CommentAction","name":"Comment","target":["https:\/\/agrupacionespsoe.es\/ponferrada\/el-grupo-socialista-denuncia-otra-chapuza-del-pp-en-ponferrada-clausuran-contenedores-soterrados-sin-devolver-las-calles-a-su-estado-original\/#respond"]}]},{"@type":"WebPage","@id":"https:\/\/agrupacionespsoe.es\/ponferrada\/el-grupo-socialista-denuncia-otra-chapuza-del-pp-en-ponferrada-clausuran-contenedores-soterrados-sin-devolver-las-calles-a-su-estado-original\/","url":"https:\/\/agrupacionespsoe.es\/ponferrada\/el-grupo-socialista-denuncia-otra-chapuza-del-pp-en-ponferrada-clausuran-contenedores-soterrados-sin-devolver-las-calles-a-su-estado-original\/","name":"El Grupo Socialista denuncia otra \u201cchapuza\u201d del PP en Ponferrada: clausuran contenedores soterrados sin devolver las calles a su estado original - Agrupaci\u00f3n Socialista de Ponferrada","isPartOf":{"@id":"https:\/\/agrupacionespsoe.es\/ponferrada\/#website"},"primaryImageOfPage":{"@id":"https:\/\/agrupacionespsoe.es\/ponferrada\/el-grupo-socialista-denuncia-otra-chapuza-del-pp-en-ponferrada-clausuran-contenedores-soterrados-sin-devolver-las-calles-a-su-estado-original\/#primaryimage"},"image":{"@id":"https:\/\/agrupacionespsoe.es\/ponferrada\/el-grupo-socialista-denuncia-otra-chapuza-del-pp-en-ponferrada-clausuran-contenedores-soterrados-sin-devolver-las-calles-a-su-estado-original\/#primaryimage"},"thumbnailUrl":"https:\/\/agrupacionespsoe.es\/ponferrada\/wp-content\/uploads\/sites\/36\/2026\/01\/WhatsApp-Image-2026-01-09-at-13.05.29-1.jpeg","datePublished":"2026-01-12T11:11:23+00:00","dateModified":"2026-01-12T11:11:24+00:00","breadcrumb":{"@id":"https:\/\/agrupacionespsoe.es\/ponferrada\/el-grupo-socialista-denuncia-otra-chapuza-del-pp-en-ponferrada-clausuran-contenedores-soterrados-sin-devolver-las-calles-a-su-estado-original\/#breadcrumb"},"inLanguage":"es","potentialAction":[{"@type":"ReadAction","target":["https:\/\/agrupacionespsoe.es\/ponferrada\/el-grupo-socialista-denuncia-otra-chapuza-del-pp-en-ponferrada-clausuran-contenedores-soterrados-sin-devolver-las-calles-a-su-estado-original\/"]}]},{"@type":"ImageObject","inLanguage":"es","@id":"https:\/\/agrupacionespsoe.es\/ponferrada\/el-grupo-socialista-denuncia-otra-chapuza-del-pp-en-ponferrada-clausuran-contenedores-soterrados-sin-devolver-las-calles-a-su-estado-original\/#primaryimage","url":"https:\/\/agrupacionespsoe.es\/ponferrada\/wp-content\/uploads\/sites\/36\/2026\/01\/WhatsApp-Image-2026-01-09-at-13.05.29-1.jpeg","contentUrl":"https:\/\/agrupacionespsoe.es\/ponferrada\/wp-content\/uploads\/sites\/36\/2026\/01\/WhatsApp-Image-2026-01-09-at-13.05.29-1.jpeg","width":912,"height":1976},{"@type":"BreadcrumbList","@id":"https:\/\/agrupacionespsoe.es\/ponferrada\/el-grupo-socialista-denuncia-otra-chapuza-del-pp-en-ponferrada-clausuran-contenedores-soterrados-sin-devolver-las-calles-a-su-estado-original\/#breadcrumb","itemListElement":[{"@type":"ListItem","position":1,"name":"Portada","item":"https:\/\/agrupacionespsoe.es\/ponferrada\/"},{"@type":"ListItem","position":2,"name":"El Grupo Socialista denuncia otra \u201cchapuza\u201d del PP en Ponferrada: clausuran contenedores soterrados sin devolver las calles a su estado original"}]},{"@type":"WebSite","@id":"https:\/\/agrupacionespsoe.es\/ponferrada\/#website","url":"https:\/\/agrupacionespsoe.es\/ponferrada\/","name":"Agrupaci\u00f3n Socialista de Ponferrada","description":"Agrupaci\u00f3n Socialista de Ponferrada","publisher":{"@id":"https:\/\/agrupacionespsoe.es\/ponferrada\/#organization"},"potentialAction":[{"@type":"SearchAction","target":{"@type":"EntryPoint","urlTemplate":"https:\/\/agrupacionespsoe.es\/ponferrada\/?s={search_term_string}"},"query-input":{"@type":"PropertyValueSpecification","valueRequired":true,"valueName":"search_term_string"}}],"inLanguage":"es"},{"@type":"Organization","@id":"https:\/\/agrupacionespsoe.es\/ponferrada\/#organization","name":"Agrupaci\u00f3n Socialista de Ponferrada","url":"https:\/\/agrupacionespsoe.es\/ponferrada\/","logo":{"@type":"ImageObject","inLanguage":"es","@id":"https:\/\/agrupacionespsoe.es\/ponferrada\/#\/schema\/logo\/image\/","url":"https:\/\/agrupacionespsoe.es\/wp-content\/uploads\/2022\/07\/Logotipo_electoral_del_PSOE.png","contentUrl":"https:\/\/agrupacionespsoe.es\/wp-content\/uploads\/2022\/07\/Logotipo_electoral_del_PSOE.png","width":422,"height":422,"caption":"Agrupaci\u00f3n Socialista de Ponferrada"},"image":{"@id":"https:\/\/agrupacionespsoe.es\/ponferrada\/#\/schema\/logo\/image\/"}},{"@type":"Person","@id":"https:\/\/agrupacionespsoe.es\/ponferrada\/#\/schema\/person\/cd29ee627f3b70c05d415f02596debaa","name":"ponferrada2","image":{"@type":"ImageObject","inLanguage":"es","@id":"https:\/\/agrupacionespsoe.es\/ponferrada\/#\/schema\/person\/image\/","url":"https:\/\/secure.gravatar.com\/avatar\/f499eeb60144c664cf7b7edf75549b50?s=96&d=mm&r=g","contentUrl":"https:\/\/secure.gravatar.com\/avatar\/f499eeb60144c664cf7b7edf75549b50?s=96&d=mm&r=g","caption":"ponferrada2"},"url":"https:\/\/agrupacionespsoe.es\/ponferrada\/author\/ponferrada2\/"}]}},"jetpack_featured_media_url":"https:\/\/agrupacionespsoe.es\/ponferrada\/wp-content\/uploads\/sites\/36\/2026\/01\/WhatsApp-Image-2026-01-09-at-13.05.29-1.jpeg","jetpack_sharing_enabled":true,"_links":{"self":[{"href":"https:\/\/agrupacionespsoe.es\/ponferrada\/wp-json\/wp\/v2\/posts\/1491","targetHints":{"allow":["GET"]}}],"collection":[{"href":"https:\/\/agrupacionespsoe.es\/ponferrada\/wp-json\/wp\/v2\/posts"}],"about":[{"href":"https:\/\/agrupacionespsoe.es\/ponferrada\/wp-json\/wp\/v2\/types\/post"}],"author":[{"embeddable":true,"href":"https:\/\/agrupacionespsoe.es\/ponferrada\/wp-json\/wp\/v2\/users\/32"}],"replies":[{"embeddable":true,"href":"https:\/\/agrupacionespsoe.es\/ponferrada\/wp-json\/wp\/v2\/comments?post=1491"}],"version-history":[{"count":2,"href":"https:\/\/agrupacionespsoe.es\/ponferrada\/wp-json\/wp\/v2\/posts\/1491\/revisions"}],"predecessor-version":[{"id":1498,"href":"https:\/\/agrupacionespsoe.es\/ponferrada\/wp-json\/wp\/v2\/posts\/1491\/revisions\/1498"}],"wp:featuredmedia":[{"embeddable":true,"href":"https:\/\/agrupacionespsoe.es\/ponferrada\/wp-json\/wp\/v2\/media\/1496"}],"wp:attachment":[{"href":"https:\/\/agrupacionespsoe.es\/ponferrada\/wp-json\/wp\/v2\/media?parent=1491"}],"wp:term":[{"taxonomy":"category","embeddable":true,"href":"https:\/\/agrupacionespsoe.es\/ponferrada\/wp-json\/wp\/v2\/categories?post=1491"},{"taxonomy":"post_tag","embeddable":true,"href":"https:\/\/agrupacionespsoe.es\/ponferrada\/wp-json\/wp\/v2\/tags?post=1491"}],"curies":[{"name":"wp","href":"https:\/\/api.w.org\/{rel}","templated":true}]}}