{"id":1487,"date":"2026-01-09T08:45:37","date_gmt":"2026-01-09T08:45:37","guid":{"rendered":"https:\/\/agrupacionespsoe.es\/ponferrada\/?p=1487"},"modified":"2026-01-09T08:45:38","modified_gmt":"2026-01-09T08:45:38","slug":"el-grupo-socialista-denuncia-la-opacidad-y-la-inaccion-del-pp-y-cb-ante-episodios-de-mala-calidad-del-aire-en-ponferrada","status":"publish","type":"post","link":"https:\/\/agrupacionespsoe.es\/ponferrada\/el-grupo-socialista-denuncia-la-opacidad-y-la-inaccion-del-pp-y-cb-ante-episodios-de-mala-calidad-del-aire-en-ponferrada\/","title":{"rendered":"El Grupo Socialista denuncia la opacidad y la inacci\u00f3n del PP y CB ante episodios de mala calidad del aire en Ponferrada"},"content":{"rendered":"\n<p>El Grupo Municipal Socialista de Ponferrada denuncia la falta de transparencia y la preocupante pasividad del equipo de gobierno ante los episodios de mala calidad del aire detectados en la Zona de Bajas Emisiones (ZBE) durante varios d\u00edas consecutivos a finales de diciembre y comienzos de enero, cuando las pantallas informativas alertaban de una calidad del aire desfavorable.<\/p>\n\n\n\n<p>Ante esta situaci\u00f3n, el PSOE solicit\u00f3 formalmente al \u00e1rea de Movilidad los datos concretos y desglosados sobre los valores de calidad del aire que se estaban mostrando a la ciudadan\u00eda. La respuesta del concejal delegado ha sido, a juicio de los socialistas, claramente insuficiente: limitarse a afirmar que la informaci\u00f3n \u201cse publica puntualmente en las pantallas\u201d sin facilitar ning\u00fan dato, registro o informe oficial. \u201cEso no es rendir cuentas ni informar, es eludir una explicaci\u00f3n que la ciudadan\u00eda merece, un ejemplo de la falta de calidad democr\u00e1tica de PP y CB\u201d, se\u00f1alan desde el grupo socialista.<\/p>\n\n\n\n<p>Desde el Grupo Socialista recuerdan que la propia Ordenanza de la Zona de Bajas Emisiones, en su art\u00edculo 7, fija como objetivo prioritario la mejora de la calidad del aire y la protecci\u00f3n de la salud, apostando en primer lugar por medidas preventivas y de fomento de la movilidad sostenible, como el refuerzo del transporte p\u00fablico, la promoci\u00f3n de la movilidad activa o la priorizaci\u00f3n del peat\u00f3n. \u201cNo se trata solo de prohibir o restringir, sino de actuar con responsabilidad cuando hay indicadores que alertan de un problema, en lugar de esto el equipo de gobierno practica la t\u00e9cnica de la avestruz: ha decidido meter la cabeza en el agujero y esperar que todo pase y nadie se entere de nada\u201d, subrayan.<\/p>\n\n\n\n<p>Sin embargo, durante esos d\u00edas de mala calidad del aire no se adopt\u00f3 ninguna medida preventiva, no se lanz\u00f3 ninguna recomendaci\u00f3n a la poblaci\u00f3n, no se reforz\u00f3 el transporte urbano ni se promovi\u00f3 alternativa alguna al uso del veh\u00edculo privado. \u201cFormalmente puede que no se activara ninguna restricci\u00f3n, pero se ha ignorado por completo el esp\u00edritu de la norma que es proteger la salud de los vecinos y vecinas. No se trata de restringir, no se trata de multar, no es lo que queremos. Se trata de informar para que la ciudadan\u00eda tome sus propias decisiones, no tratarlos como si fueran ni\u00f1os\u201d.<\/p>\n\n\n\n<p>\u201cEl problema es que este equipo de gobierno prefiere la inacci\u00f3n a un mal titular, ya incumpli\u00f3 su promesa electoral estableciendo la zona de bajas emisiones que dise\u00f1o el PSOE y aprobando una ordenanza que distaba muy poco de la propuesta por el PSOE y ahora pone la salud de los vecinos y vecinas por detr\u00e1s de sus intereses electoralistas\u201d.<\/p>\n\n\n\n<figure class=\"wp-block-image size-large\"><img loading=\"lazy\" decoding=\"async\" width=\"1024\" height=\"768\" src=\"https:\/\/agrupacionespsoe.es\/ponferrada\/wp-content\/uploads\/sites\/36\/2026\/01\/WhatsApp-Image-2026-01-09-at-09.44.38-1024x768.jpeg\" alt=\"\" class=\"wp-image-1488\" srcset=\"https:\/\/agrupacionespsoe.es\/ponferrada\/wp-content\/uploads\/sites\/36\/2026\/01\/WhatsApp-Image-2026-01-09-at-09.44.38-1024x768.jpeg 1024w, https:\/\/agrupacionespsoe.es\/ponferrada\/wp-content\/uploads\/sites\/36\/2026\/01\/WhatsApp-Image-2026-01-09-at-09.44.38-300x225.jpeg 300w, https:\/\/agrupacionespsoe.es\/ponferrada\/wp-content\/uploads\/sites\/36\/2026\/01\/WhatsApp-Image-2026-01-09-at-09.44.38-768x576.jpeg 768w, https:\/\/agrupacionespsoe.es\/ponferrada\/wp-content\/uploads\/sites\/36\/2026\/01\/WhatsApp-Image-2026-01-09-at-09.44.38-1536x1152.jpeg 1536w, https:\/\/agrupacionespsoe.es\/ponferrada\/wp-content\/uploads\/sites\/36\/2026\/01\/WhatsApp-Image-2026-01-09-at-09.44.38.jpeg 1600w\" sizes=\"auto, (max-width: 1024px) 100vw, 1024px\" \/><\/figure>\n","protected":false},"excerpt":{"rendered":"<p>El Grupo Municipal Socialista de Ponferrada denuncia la falta de transparencia y la preocupante pasividad del equipo de gobierno ante los episodios de mala calidad del aire detectados en la Zona de Bajas Emisiones (ZBE) durante varios d\u00edas consecutivos a finales de diciembre y comienzos de enero, cuando las pantallas informativas alertaban de una calidad &#8230;<\/p>\n","protected":false},"author":32,"featured_media":1488,"comment_status":"open","ping_status":"open","sticky":false,"template":"","format":"standard","meta":{"_jetpack_memberships_contains_paid_content":false,"footnotes":""},"categories":[6],"tags":[],"class_list":["post-1487","post","type-post","status-publish","format-standard","has-post-thumbnail","hentry","category-actualidad"],"yoast_head":"<!-- This site is optimized with the Yoast SEO plugin v24.0 - https:\/\/yoast.com\/wordpress\/plugins\/seo\/ -->\n<title>El Grupo Socialista denuncia la opacidad y la inacci\u00f3n del PP y CB ante episodios de mala calidad del aire en Ponferrada - Agrupaci\u00f3n Socialista de Ponferrada<\/title>\n<meta name=\"robots\" content=\"index, follow, max-snippet:-1, max-image-preview:large, max-video-preview:-1\" \/>\n<link rel=\"canonical\" href=\"https:\/\/agrupacionespsoe.es\/ponferrada\/el-grupo-socialista-denuncia-la-opacidad-y-la-inaccion-del-pp-y-cb-ante-episodios-de-mala-calidad-del-aire-en-ponferrada\/\" \/>\n<meta property=\"og:locale\" content=\"es_ES\" \/>\n<meta property=\"og:type\" content=\"article\" \/>\n<meta property=\"og:title\" content=\"El Grupo Socialista denuncia la opacidad y la inacci\u00f3n del PP y CB ante episodios de mala calidad del aire en Ponferrada - Agrupaci\u00f3n Socialista de Ponferrada\" \/>\n<meta property=\"og:description\" content=\"El Grupo Municipal Socialista de Ponferrada denuncia la falta de transparencia y la preocupante pasividad del equipo de gobierno ante los episodios de mala calidad del aire detectados en la Zona de Bajas Emisiones (ZBE) durante varios d\u00edas consecutivos a finales de diciembre y comienzos de enero, cuando las pantallas informativas alertaban de una calidad ...\" \/>\n<meta property=\"og:url\" content=\"https:\/\/agrupacionespsoe.es\/ponferrada\/el-grupo-socialista-denuncia-la-opacidad-y-la-inaccion-del-pp-y-cb-ante-episodios-de-mala-calidad-del-aire-en-ponferrada\/\" \/>\n<meta property=\"og:site_name\" content=\"Agrupaci\u00f3n Socialista de Ponferrada\" \/>\n<meta property=\"article:published_time\" content=\"2026-01-09T08:45:37+00:00\" \/>\n<meta property=\"article:modified_time\" content=\"2026-01-09T08:45:38+00:00\" \/>\n<meta property=\"og:image\" content=\"https:\/\/agrupacionespsoe.es\/ponferrada\/wp-content\/uploads\/sites\/36\/2026\/01\/WhatsApp-Image-2026-01-09-at-09.44.38.jpeg\" \/>\n\t<meta property=\"og:image:width\" content=\"1600\" \/>\n\t<meta property=\"og:image:height\" content=\"1200\" \/>\n\t<meta property=\"og:image:type\" content=\"image\/jpeg\" \/>\n<meta name=\"author\" content=\"ponferrada2\" \/>\n<meta name=\"twitter:card\" content=\"summary_large_image\" \/>\n<meta name=\"twitter:label1\" content=\"Escrito por\" \/>\n\t<meta name=\"twitter:data1\" content=\"ponferrada2\" \/>\n\t<meta name=\"twitter:label2\" content=\"Tiempo de lectura\" \/>\n\t<meta name=\"twitter:data2\" content=\"3 minutos\" \/>\n<script type=\"application\/ld+json\" class=\"yoast-schema-graph\">{\"@context\":\"https:\/\/schema.org\",\"@graph\":[{\"@type\":\"Article\",\"@id\":\"https:\/\/agrupacionespsoe.es\/ponferrada\/el-grupo-socialista-denuncia-la-opacidad-y-la-inaccion-del-pp-y-cb-ante-episodios-de-mala-calidad-del-aire-en-ponferrada\/#article\",\"isPartOf\":{\"@id\":\"https:\/\/agrupacionespsoe.es\/ponferrada\/el-grupo-socialista-denuncia-la-opacidad-y-la-inaccion-del-pp-y-cb-ante-episodios-de-mala-calidad-del-aire-en-ponferrada\/\"},\"author\":{\"name\":\"ponferrada2\",\"@id\":\"https:\/\/agrupacionespsoe.es\/ponferrada\/#\/schema\/person\/cd29ee627f3b70c05d415f02596debaa\"},\"headline\":\"El Grupo Socialista denuncia la opacidad y la inacci\u00f3n del PP y CB ante episodios de mala calidad del aire en Ponferrada\",\"datePublished\":\"2026-01-09T08:45:37+00:00\",\"dateModified\":\"2026-01-09T08:45:38+00:00\",\"mainEntityOfPage\":{\"@id\":\"https:\/\/agrupacionespsoe.es\/ponferrada\/el-grupo-socialista-denuncia-la-opacidad-y-la-inaccion-del-pp-y-cb-ante-episodios-de-mala-calidad-del-aire-en-ponferrada\/\"},\"wordCount\":487,\"commentCount\":0,\"publisher\":{\"@id\":\"https:\/\/agrupacionespsoe.es\/ponferrada\/#organization\"},\"image\":{\"@id\":\"https:\/\/agrupacionespsoe.es\/ponferrada\/el-grupo-socialista-denuncia-la-opacidad-y-la-inaccion-del-pp-y-cb-ante-episodios-de-mala-calidad-del-aire-en-ponferrada\/#primaryimage\"},\"thumbnailUrl\":\"https:\/\/agrupacionespsoe.es\/ponferrada\/wp-content\/uploads\/sites\/36\/2026\/01\/WhatsApp-Image-2026-01-09-at-09.44.38.jpeg\",\"articleSection\":[\"ACTUALIDAD\"],\"inLanguage\":\"es\",\"potentialAction\":[{\"@type\":\"CommentAction\",\"name\":\"Comment\",\"target\":[\"https:\/\/agrupacionespsoe.es\/ponferrada\/el-grupo-socialista-denuncia-la-opacidad-y-la-inaccion-del-pp-y-cb-ante-episodios-de-mala-calidad-del-aire-en-ponferrada\/#respond\"]}]},{\"@type\":\"WebPage\",\"@id\":\"https:\/\/agrupacionespsoe.es\/ponferrada\/el-grupo-socialista-denuncia-la-opacidad-y-la-inaccion-del-pp-y-cb-ante-episodios-de-mala-calidad-del-aire-en-ponferrada\/\",\"url\":\"https:\/\/agrupacionespsoe.es\/ponferrada\/el-grupo-socialista-denuncia-la-opacidad-y-la-inaccion-del-pp-y-cb-ante-episodios-de-mala-calidad-del-aire-en-ponferrada\/\",\"name\":\"El Grupo Socialista denuncia la opacidad y la inacci\u00f3n del PP y CB ante episodios de mala calidad del aire en Ponferrada - Agrupaci\u00f3n Socialista de Ponferrada\",\"isPartOf\":{\"@id\":\"https:\/\/agrupacionespsoe.es\/ponferrada\/#website\"},\"primaryImageOfPage\":{\"@id\":\"https:\/\/agrupacionespsoe.es\/ponferrada\/el-grupo-socialista-denuncia-la-opacidad-y-la-inaccion-del-pp-y-cb-ante-episodios-de-mala-calidad-del-aire-en-ponferrada\/#primaryimage\"},\"image\":{\"@id\":\"https:\/\/agrupacionespsoe.es\/ponferrada\/el-grupo-socialista-denuncia-la-opacidad-y-la-inaccion-del-pp-y-cb-ante-episodios-de-mala-calidad-del-aire-en-ponferrada\/#primaryimage\"},\"thumbnailUrl\":\"https:\/\/agrupacionespsoe.es\/ponferrada\/wp-content\/uploads\/sites\/36\/2026\/01\/WhatsApp-Image-2026-01-09-at-09.44.38.jpeg\",\"datePublished\":\"2026-01-09T08:45:37+00:00\",\"dateModified\":\"2026-01-09T08:45:38+00:00\",\"breadcrumb\":{\"@id\":\"https:\/\/agrupacionespsoe.es\/ponferrada\/el-grupo-socialista-denuncia-la-opacidad-y-la-inaccion-del-pp-y-cb-ante-episodios-de-mala-calidad-del-aire-en-ponferrada\/#breadcrumb\"},\"inLanguage\":\"es\",\"potentialAction\":[{\"@type\":\"ReadAction\",\"target\":[\"https:\/\/agrupacionespsoe.es\/ponferrada\/el-grupo-socialista-denuncia-la-opacidad-y-la-inaccion-del-pp-y-cb-ante-episodios-de-mala-calidad-del-aire-en-ponferrada\/\"]}]},{\"@type\":\"ImageObject\",\"inLanguage\":\"es\",\"@id\":\"https:\/\/agrupacionespsoe.es\/ponferrada\/el-grupo-socialista-denuncia-la-opacidad-y-la-inaccion-del-pp-y-cb-ante-episodios-de-mala-calidad-del-aire-en-ponferrada\/#primaryimage\",\"url\":\"https:\/\/agrupacionespsoe.es\/ponferrada\/wp-content\/uploads\/sites\/36\/2026\/01\/WhatsApp-Image-2026-01-09-at-09.44.38.jpeg\",\"contentUrl\":\"https:\/\/agrupacionespsoe.es\/ponferrada\/wp-content\/uploads\/sites\/36\/2026\/01\/WhatsApp-Image-2026-01-09-at-09.44.38.jpeg\",\"width\":1600,\"height\":1200},{\"@type\":\"BreadcrumbList\",\"@id\":\"https:\/\/agrupacionespsoe.es\/ponferrada\/el-grupo-socialista-denuncia-la-opacidad-y-la-inaccion-del-pp-y-cb-ante-episodios-de-mala-calidad-del-aire-en-ponferrada\/#breadcrumb\",\"itemListElement\":[{\"@type\":\"ListItem\",\"position\":1,\"name\":\"Portada\",\"item\":\"https:\/\/agrupacionespsoe.es\/ponferrada\/\"},{\"@type\":\"ListItem\",\"position\":2,\"name\":\"El Grupo Socialista denuncia la opacidad y la inacci\u00f3n del PP y CB ante episodios de mala calidad del aire en Ponferrada\"}]},{\"@type\":\"WebSite\",\"@id\":\"https:\/\/agrupacionespsoe.es\/ponferrada\/#website\",\"url\":\"https:\/\/agrupacionespsoe.es\/ponferrada\/\",\"name\":\"Agrupaci\u00f3n Socialista de Ponferrada\",\"description\":\"Agrupaci\u00f3n Socialista de Ponferrada\",\"publisher\":{\"@id\":\"https:\/\/agrupacionespsoe.es\/ponferrada\/#organization\"},\"potentialAction\":[{\"@type\":\"SearchAction\",\"target\":{\"@type\":\"EntryPoint\",\"urlTemplate\":\"https:\/\/agrupacionespsoe.es\/ponferrada\/?s={search_term_string}\"},\"query-input\":{\"@type\":\"PropertyValueSpecification\",\"valueRequired\":true,\"valueName\":\"search_term_string\"}}],\"inLanguage\":\"es\"},{\"@type\":\"Organization\",\"@id\":\"https:\/\/agrupacionespsoe.es\/ponferrada\/#organization\",\"name\":\"Agrupaci\u00f3n Socialista de Ponferrada\",\"url\":\"https:\/\/agrupacionespsoe.es\/ponferrada\/\",\"logo\":{\"@type\":\"ImageObject\",\"inLanguage\":\"es\",\"@id\":\"https:\/\/agrupacionespsoe.es\/ponferrada\/#\/schema\/logo\/image\/\",\"url\":\"https:\/\/agrupacionespsoe.es\/wp-content\/uploads\/2022\/07\/Logotipo_electoral_del_PSOE.png\",\"contentUrl\":\"https:\/\/agrupacionespsoe.es\/wp-content\/uploads\/2022\/07\/Logotipo_electoral_del_PSOE.png\",\"width\":422,\"height\":422,\"caption\":\"Agrupaci\u00f3n Socialista de Ponferrada\"},\"image\":{\"@id\":\"https:\/\/agrupacionespsoe.es\/ponferrada\/#\/schema\/logo\/image\/\"}},{\"@type\":\"Person\",\"@id\":\"https:\/\/agrupacionespsoe.es\/ponferrada\/#\/schema\/person\/cd29ee627f3b70c05d415f02596debaa\",\"name\":\"ponferrada2\",\"image\":{\"@type\":\"ImageObject\",\"inLanguage\":\"es\",\"@id\":\"https:\/\/agrupacionespsoe.es\/ponferrada\/#\/schema\/person\/image\/\",\"url\":\"https:\/\/secure.gravatar.com\/avatar\/f499eeb60144c664cf7b7edf75549b50?s=96&d=mm&r=g\",\"contentUrl\":\"https:\/\/secure.gravatar.com\/avatar\/f499eeb60144c664cf7b7edf75549b50?s=96&d=mm&r=g\",\"caption\":\"ponferrada2\"},\"url\":\"https:\/\/agrupacionespsoe.es\/ponferrada\/author\/ponferrada2\/\"}]}<\/script>\n<!-- \/ Yoast SEO plugin. -->","yoast_head_json":{"title":"El Grupo Socialista denuncia la opacidad y la inacci\u00f3n del PP y CB ante episodios de mala calidad del aire en Ponferrada - Agrupaci\u00f3n Socialista de Ponferrada","robots":{"index":"index","follow":"follow","max-snippet":"max-snippet:-1","max-image-preview":"max-image-preview:large","max-video-preview":"max-video-preview:-1"},"canonical":"https:\/\/agrupacionespsoe.es\/ponferrada\/el-grupo-socialista-denuncia-la-opacidad-y-la-inaccion-del-pp-y-cb-ante-episodios-de-mala-calidad-del-aire-en-ponferrada\/","og_locale":"es_ES","og_type":"article","og_title":"El Grupo Socialista denuncia la opacidad y la inacci\u00f3n del PP y CB ante episodios de mala calidad del aire en Ponferrada - Agrupaci\u00f3n Socialista de Ponferrada","og_description":"El Grupo Municipal Socialista de Ponferrada denuncia la falta de transparencia y la preocupante pasividad del equipo de gobierno ante los episodios de mala calidad del aire detectados en la Zona de Bajas Emisiones (ZBE) durante varios d\u00edas consecutivos a finales de diciembre y comienzos de enero, cuando las pantallas informativas alertaban de una calidad ...","og_url":"https:\/\/agrupacionespsoe.es\/ponferrada\/el-grupo-socialista-denuncia-la-opacidad-y-la-inaccion-del-pp-y-cb-ante-episodios-de-mala-calidad-del-aire-en-ponferrada\/","og_site_name":"Agrupaci\u00f3n Socialista de Ponferrada","article_published_time":"2026-01-09T08:45:37+00:00","article_modified_time":"2026-01-09T08:45:38+00:00","og_image":[{"width":1600,"height":1200,"url":"https:\/\/agrupacionespsoe.es\/ponferrada\/wp-content\/uploads\/sites\/36\/2026\/01\/WhatsApp-Image-2026-01-09-at-09.44.38.jpeg","type":"image\/jpeg"}],"author":"ponferrada2","twitter_card":"summary_large_image","twitter_misc":{"Escrito por":"ponferrada2","Tiempo de lectura":"3 minutos"},"schema":{"@context":"https:\/\/schema.org","@graph":[{"@type":"Article","@id":"https:\/\/agrupacionespsoe.es\/ponferrada\/el-grupo-socialista-denuncia-la-opacidad-y-la-inaccion-del-pp-y-cb-ante-episodios-de-mala-calidad-del-aire-en-ponferrada\/#article","isPartOf":{"@id":"https:\/\/agrupacionespsoe.es\/ponferrada\/el-grupo-socialista-denuncia-la-opacidad-y-la-inaccion-del-pp-y-cb-ante-episodios-de-mala-calidad-del-aire-en-ponferrada\/"},"author":{"name":"ponferrada2","@id":"https:\/\/agrupacionespsoe.es\/ponferrada\/#\/schema\/person\/cd29ee627f3b70c05d415f02596debaa"},"headline":"El Grupo Socialista denuncia la opacidad y la inacci\u00f3n del PP y CB ante episodios de mala calidad del aire en Ponferrada","datePublished":"2026-01-09T08:45:37+00:00","dateModified":"2026-01-09T08:45:38+00:00","mainEntityOfPage":{"@id":"https:\/\/agrupacionespsoe.es\/ponferrada\/el-grupo-socialista-denuncia-la-opacidad-y-la-inaccion-del-pp-y-cb-ante-episodios-de-mala-calidad-del-aire-en-ponferrada\/"},"wordCount":487,"commentCount":0,"publisher":{"@id":"https:\/\/agrupacionespsoe.es\/ponferrada\/#organization"},"image":{"@id":"https:\/\/agrupacionespsoe.es\/ponferrada\/el-grupo-socialista-denuncia-la-opacidad-y-la-inaccion-del-pp-y-cb-ante-episodios-de-mala-calidad-del-aire-en-ponferrada\/#primaryimage"},"thumbnailUrl":"https:\/\/agrupacionespsoe.es\/ponferrada\/wp-content\/uploads\/sites\/36\/2026\/01\/WhatsApp-Image-2026-01-09-at-09.44.38.jpeg","articleSection":["ACTUALIDAD"],"inLanguage":"es","potentialAction":[{"@type":"CommentAction","name":"Comment","target":["https:\/\/agrupacionespsoe.es\/ponferrada\/el-grupo-socialista-denuncia-la-opacidad-y-la-inaccion-del-pp-y-cb-ante-episodios-de-mala-calidad-del-aire-en-ponferrada\/#respond"]}]},{"@type":"WebPage","@id":"https:\/\/agrupacionespsoe.es\/ponferrada\/el-grupo-socialista-denuncia-la-opacidad-y-la-inaccion-del-pp-y-cb-ante-episodios-de-mala-calidad-del-aire-en-ponferrada\/","url":"https:\/\/agrupacionespsoe.es\/ponferrada\/el-grupo-socialista-denuncia-la-opacidad-y-la-inaccion-del-pp-y-cb-ante-episodios-de-mala-calidad-del-aire-en-ponferrada\/","name":"El Grupo Socialista denuncia la opacidad y la inacci\u00f3n del PP y CB ante episodios de mala calidad del aire en Ponferrada - Agrupaci\u00f3n Socialista de Ponferrada","isPartOf":{"@id":"https:\/\/agrupacionespsoe.es\/ponferrada\/#website"},"primaryImageOfPage":{"@id":"https:\/\/agrupacionespsoe.es\/ponferrada\/el-grupo-socialista-denuncia-la-opacidad-y-la-inaccion-del-pp-y-cb-ante-episodios-de-mala-calidad-del-aire-en-ponferrada\/#primaryimage"},"image":{"@id":"https:\/\/agrupacionespsoe.es\/ponferrada\/el-grupo-socialista-denuncia-la-opacidad-y-la-inaccion-del-pp-y-cb-ante-episodios-de-mala-calidad-del-aire-en-ponferrada\/#primaryimage"},"thumbnailUrl":"https:\/\/agrupacionespsoe.es\/ponferrada\/wp-content\/uploads\/sites\/36\/2026\/01\/WhatsApp-Image-2026-01-09-at-09.44.38.jpeg","datePublished":"2026-01-09T08:45:37+00:00","dateModified":"2026-01-09T08:45:38+00:00","breadcrumb":{"@id":"https:\/\/agrupacionespsoe.es\/ponferrada\/el-grupo-socialista-denuncia-la-opacidad-y-la-inaccion-del-pp-y-cb-ante-episodios-de-mala-calidad-del-aire-en-ponferrada\/#breadcrumb"},"inLanguage":"es","potentialAction":[{"@type":"ReadAction","target":["https:\/\/agrupacionespsoe.es\/ponferrada\/el-grupo-socialista-denuncia-la-opacidad-y-la-inaccion-del-pp-y-cb-ante-episodios-de-mala-calidad-del-aire-en-ponferrada\/"]}]},{"@type":"ImageObject","inLanguage":"es","@id":"https:\/\/agrupacionespsoe.es\/ponferrada\/el-grupo-socialista-denuncia-la-opacidad-y-la-inaccion-del-pp-y-cb-ante-episodios-de-mala-calidad-del-aire-en-ponferrada\/#primaryimage","url":"https:\/\/agrupacionespsoe.es\/ponferrada\/wp-content\/uploads\/sites\/36\/2026\/01\/WhatsApp-Image-2026-01-09-at-09.44.38.jpeg","contentUrl":"https:\/\/agrupacionespsoe.es\/ponferrada\/wp-content\/uploads\/sites\/36\/2026\/01\/WhatsApp-Image-2026-01-09-at-09.44.38.jpeg","width":1600,"height":1200},{"@type":"BreadcrumbList","@id":"https:\/\/agrupacionespsoe.es\/ponferrada\/el-grupo-socialista-denuncia-la-opacidad-y-la-inaccion-del-pp-y-cb-ante-episodios-de-mala-calidad-del-aire-en-ponferrada\/#breadcrumb","itemListElement":[{"@type":"ListItem","position":1,"name":"Portada","item":"https:\/\/agrupacionespsoe.es\/ponferrada\/"},{"@type":"ListItem","position":2,"name":"El Grupo Socialista denuncia la opacidad y la inacci\u00f3n del PP y CB ante episodios de mala calidad del aire en Ponferrada"}]},{"@type":"WebSite","@id":"https:\/\/agrupacionespsoe.es\/ponferrada\/#website","url":"https:\/\/agrupacionespsoe.es\/ponferrada\/","name":"Agrupaci\u00f3n Socialista de Ponferrada","description":"Agrupaci\u00f3n Socialista de Ponferrada","publisher":{"@id":"https:\/\/agrupacionespsoe.es\/ponferrada\/#organization"},"potentialAction":[{"@type":"SearchAction","target":{"@type":"EntryPoint","urlTemplate":"https:\/\/agrupacionespsoe.es\/ponferrada\/?s={search_term_string}"},"query-input":{"@type":"PropertyValueSpecification","valueRequired":true,"valueName":"search_term_string"}}],"inLanguage":"es"},{"@type":"Organization","@id":"https:\/\/agrupacionespsoe.es\/ponferrada\/#organization","name":"Agrupaci\u00f3n Socialista de Ponferrada","url":"https:\/\/agrupacionespsoe.es\/ponferrada\/","logo":{"@type":"ImageObject","inLanguage":"es","@id":"https:\/\/agrupacionespsoe.es\/ponferrada\/#\/schema\/logo\/image\/","url":"https:\/\/agrupacionespsoe.es\/wp-content\/uploads\/2022\/07\/Logotipo_electoral_del_PSOE.png","contentUrl":"https:\/\/agrupacionespsoe.es\/wp-content\/uploads\/2022\/07\/Logotipo_electoral_del_PSOE.png","width":422,"height":422,"caption":"Agrupaci\u00f3n Socialista de Ponferrada"},"image":{"@id":"https:\/\/agrupacionespsoe.es\/ponferrada\/#\/schema\/logo\/image\/"}},{"@type":"Person","@id":"https:\/\/agrupacionespsoe.es\/ponferrada\/#\/schema\/person\/cd29ee627f3b70c05d415f02596debaa","name":"ponferrada2","image":{"@type":"ImageObject","inLanguage":"es","@id":"https:\/\/agrupacionespsoe.es\/ponferrada\/#\/schema\/person\/image\/","url":"https:\/\/secure.gravatar.com\/avatar\/f499eeb60144c664cf7b7edf75549b50?s=96&d=mm&r=g","contentUrl":"https:\/\/secure.gravatar.com\/avatar\/f499eeb60144c664cf7b7edf75549b50?s=96&d=mm&r=g","caption":"ponferrada2"},"url":"https:\/\/agrupacionespsoe.es\/ponferrada\/author\/ponferrada2\/"}]}},"jetpack_featured_media_url":"https:\/\/agrupacionespsoe.es\/ponferrada\/wp-content\/uploads\/sites\/36\/2026\/01\/WhatsApp-Image-2026-01-09-at-09.44.38.jpeg","jetpack_sharing_enabled":true,"_links":{"self":[{"href":"https:\/\/agrupacionespsoe.es\/ponferrada\/wp-json\/wp\/v2\/posts\/1487","targetHints":{"allow":["GET"]}}],"collection":[{"href":"https:\/\/agrupacionespsoe.es\/ponferrada\/wp-json\/wp\/v2\/posts"}],"about":[{"href":"https:\/\/agrupacionespsoe.es\/ponferrada\/wp-json\/wp\/v2\/types\/post"}],"author":[{"embeddable":true,"href":"https:\/\/agrupacionespsoe.es\/ponferrada\/wp-json\/wp\/v2\/users\/32"}],"replies":[{"embeddable":true,"href":"https:\/\/agrupacionespsoe.es\/ponferrada\/wp-json\/wp\/v2\/comments?post=1487"}],"version-history":[{"count":2,"href":"https:\/\/agrupacionespsoe.es\/ponferrada\/wp-json\/wp\/v2\/posts\/1487\/revisions"}],"predecessor-version":[{"id":1490,"href":"https:\/\/agrupacionespsoe.es\/ponferrada\/wp-json\/wp\/v2\/posts\/1487\/revisions\/1490"}],"wp:featuredmedia":[{"embeddable":true,"href":"https:\/\/agrupacionespsoe.es\/ponferrada\/wp-json\/wp\/v2\/media\/1488"}],"wp:attachment":[{"href":"https:\/\/agrupacionespsoe.es\/ponferrada\/wp-json\/wp\/v2\/media?parent=1487"}],"wp:term":[{"taxonomy":"category","embeddable":true,"href":"https:\/\/agrupacionespsoe.es\/ponferrada\/wp-json\/wp\/v2\/categories?post=1487"},{"taxonomy":"post_tag","embeddable":true,"href":"https:\/\/agrupacionespsoe.es\/ponferrada\/wp-json\/wp\/v2\/tags?post=1487"}],"curies":[{"name":"wp","href":"https:\/\/api.w.org\/{rel}","templated":true}]}}