{"id":1473,"date":"2026-01-07T10:40:32","date_gmt":"2026-01-07T10:40:32","guid":{"rendered":"https:\/\/agrupacionespsoe.es\/ponferrada\/?p=1473"},"modified":"2026-01-07T10:40:33","modified_gmt":"2026-01-07T10:40:33","slug":"el-psoe-critica-unas-fiestas-navidenas-centralizadas-en-la-zona-alta-con-grandes-desigualdades-que-consolidan-la-politica-de-barrios-de-primera-y-de-segunda-que-practica-el-pp","status":"publish","type":"post","link":"https:\/\/agrupacionespsoe.es\/ponferrada\/el-psoe-critica-unas-fiestas-navidenas-centralizadas-en-la-zona-alta-con-grandes-desigualdades-que-consolidan-la-politica-de-barrios-de-primera-y-de-segunda-que-practica-el-pp\/","title":{"rendered":"El PSOE critica unas fiestas navide\u00f1as centralizadas en la zona alta con grandes desigualdades que consolidan la pol\u00edtica de barrios de primera y de segunda que practica el PP"},"content":{"rendered":"\n<p>El Grupo Municipal Socialista de Ponferrada ha realizado una valoraci\u00f3n cr\u00edtica del desarrollo de las fiestas navide\u00f1as, marcadas, a su juicio, con pocas novedades, la concentraci\u00f3n excesiva de actividades en el casco antiguo y la ausencia de una programaci\u00f3n equilibrada para barrios y pueblos del municipio.<\/p>\n\n\n\n<p>Desde el PSOE se recuerda que las fiestas se iniciaron con las protestas en los barrios de Ponferrada por la ausencia total de cualquier actividad relacionada con las fiestas, por un modelo que ha apostado casi en exclusiva por la zona alta de la ciudad, generando importantes problemas de movilidad, saturaci\u00f3n y aparcamiento.&nbsp; La eliminaci\u00f3n del aparcamiento de Obispo Osmundo y de los estacionamientos de la ladera del castillo ha agravado esta situaci\u00f3n, dificultando incluso la actividad a los comerciantes del mercadillo tradicional.<\/p>\n\n\n\n<p>Desde el grupo socialista vamos a preguntar sobre los problemas surgidos con los puestos de productos de calidad del Bierzo que se iban a instalar en el mercado de artesan\u00eda ya que seg\u00fan han denunciado p\u00fablicamente se les comunic\u00f3 la suspensi\u00f3n de las actividades previstas a escasas horas de comenzar. Tambi\u00e9n nos vamos a interesar por las razones por las que este a\u00f1o el concurso navide\u00f1o de iluminaci\u00f3n ha sido gestionado y resuelto por una empresa privada, cuando siempre lo hab\u00eda hecho directamente el ayuntamiento.<\/p>\n\n\n\n<p>En materia de seguridad, el PSOE lamenta que se haya producido un nuevo incidente violento, con un apu\u00f1alamiento de gravedad, precisamente en la misma zona donde se producen incidentes con frecuencia.<\/p>\n\n\n\n<p>Asimismo, el Grupo Socialista lamenta la eliminaci\u00f3n de una tradici\u00f3n ya asentada y muy valorada sobre todo por los ni\u00f1os y ni\u00f1as como era la recogida y posterior entrega de juguetes por parte de la Polic\u00eda Municipal, un acto cercano y solidario con muchas familias. Se manifiesta por el equipo de gobierno que se ha suplido esta ausencia con iniciativas solidarias impulsadas por Bierzo Ya y el Club Baloncesto 6,25, pero desde el Grupo Municipal Socialista se entiende que \u201cuna cosa no sustituye a la otra y que las explicaciones que se han dado son insuficientes\u201d.<\/p>\n\n\n\n<p>El Grupo Socialista ha puesto en valor el trabajo de las asociaciones de comerciantes, destacando que sin la implicaci\u00f3n de Templarium y El Centro Mola no se habr\u00edan desarrollado ninguna actividad en el centro. En contraste, zonas como La Rosaleda han quedado completamente al margen de la programaci\u00f3n, evidenciando un modelo de fiestas con barrios de primera y de segunda.<\/p>\n\n\n\n<p>\u201cEstas han sido unas fiestas pensadas para la foto, con actividades solo en la zona alta destinadas a masificar una zona cuando el resto de la ciudad estaba casi vac\u00eda\u201d. Desde el &nbsp;Grupo Municipal Socialista reclamamos un modelo de celebraci\u00f3n m\u00e1s equilibrado, participativo y respetuoso con todos los barrios y pueblos de Ponferrada, donde se integre a toda la ciudad en la celebraci\u00f3n de las fiestas.<\/p>\n\n\n\n<figure class=\"wp-block-image size-large\"><img loading=\"lazy\" decoding=\"async\" width=\"1024\" height=\"576\" src=\"https:\/\/agrupacionespsoe.es\/ponferrada\/wp-content\/uploads\/sites\/36\/2025\/09\/WhatsApp-Image-2025-09-26-at-12.53.54-1024x576.jpeg\" alt=\"\" class=\"wp-image-1116\" srcset=\"https:\/\/agrupacionespsoe.es\/ponferrada\/wp-content\/uploads\/sites\/36\/2025\/09\/WhatsApp-Image-2025-09-26-at-12.53.54-1024x576.jpeg 1024w, https:\/\/agrupacionespsoe.es\/ponferrada\/wp-content\/uploads\/sites\/36\/2025\/09\/WhatsApp-Image-2025-09-26-at-12.53.54-300x169.jpeg 300w, https:\/\/agrupacionespsoe.es\/ponferrada\/wp-content\/uploads\/sites\/36\/2025\/09\/WhatsApp-Image-2025-09-26-at-12.53.54-768x432.jpeg 768w, https:\/\/agrupacionespsoe.es\/ponferrada\/wp-content\/uploads\/sites\/36\/2025\/09\/WhatsApp-Image-2025-09-26-at-12.53.54-1536x864.jpeg 1536w, https:\/\/agrupacionespsoe.es\/ponferrada\/wp-content\/uploads\/sites\/36\/2025\/09\/WhatsApp-Image-2025-09-26-at-12.53.54.jpeg 1600w\" sizes=\"auto, (max-width: 1024px) 100vw, 1024px\" \/><\/figure>\n","protected":false},"excerpt":{"rendered":"<p>El Grupo Municipal Socialista de Ponferrada ha realizado una valoraci\u00f3n cr\u00edtica del desarrollo de las fiestas navide\u00f1as, marcadas, a su juicio, con pocas novedades, la concentraci\u00f3n excesiva de actividades en el casco antiguo y la ausencia de una programaci\u00f3n equilibrada para barrios y pueblos del municipio. Desde el PSOE se recuerda que las fiestas se &#8230;<\/p>\n","protected":false},"author":32,"featured_media":1116,"comment_status":"open","ping_status":"open","sticky":false,"template":"","format":"standard","meta":{"_jetpack_memberships_contains_paid_content":false,"footnotes":""},"categories":[6],"tags":[],"class_list":["post-1473","post","type-post","status-publish","format-standard","has-post-thumbnail","hentry","category-actualidad"],"yoast_head":"<!-- This site is optimized with the Yoast SEO plugin v24.0 - https:\/\/yoast.com\/wordpress\/plugins\/seo\/ -->\n<title>El PSOE critica unas fiestas navide\u00f1as centralizadas en la zona alta con grandes desigualdades que consolidan la pol\u00edtica de barrios de primera y de segunda que practica el PP - Agrupaci\u00f3n Socialista de Ponferrada<\/title>\n<meta name=\"robots\" content=\"index, follow, max-snippet:-1, max-image-preview:large, max-video-preview:-1\" \/>\n<link rel=\"canonical\" href=\"https:\/\/agrupacionespsoe.es\/ponferrada\/el-psoe-critica-unas-fiestas-navidenas-centralizadas-en-la-zona-alta-con-grandes-desigualdades-que-consolidan-la-politica-de-barrios-de-primera-y-de-segunda-que-practica-el-pp\/\" \/>\n<meta property=\"og:locale\" content=\"es_ES\" \/>\n<meta property=\"og:type\" content=\"article\" \/>\n<meta property=\"og:title\" content=\"El PSOE critica unas fiestas navide\u00f1as centralizadas en la zona alta con grandes desigualdades que consolidan la pol\u00edtica de barrios de primera y de segunda que practica el PP - Agrupaci\u00f3n Socialista de Ponferrada\" \/>\n<meta property=\"og:description\" content=\"El Grupo Municipal Socialista de Ponferrada ha realizado una valoraci\u00f3n cr\u00edtica del desarrollo de las fiestas navide\u00f1as, marcadas, a su juicio, con pocas novedades, la concentraci\u00f3n excesiva de actividades en el casco antiguo y la ausencia de una programaci\u00f3n equilibrada para barrios y pueblos del municipio. Desde el PSOE se recuerda que las fiestas se ...\" \/>\n<meta property=\"og:url\" content=\"https:\/\/agrupacionespsoe.es\/ponferrada\/el-psoe-critica-unas-fiestas-navidenas-centralizadas-en-la-zona-alta-con-grandes-desigualdades-que-consolidan-la-politica-de-barrios-de-primera-y-de-segunda-que-practica-el-pp\/\" \/>\n<meta property=\"og:site_name\" content=\"Agrupaci\u00f3n Socialista de Ponferrada\" \/>\n<meta property=\"article:published_time\" content=\"2026-01-07T10:40:32+00:00\" \/>\n<meta property=\"article:modified_time\" content=\"2026-01-07T10:40:33+00:00\" \/>\n<meta property=\"og:image\" content=\"https:\/\/agrupacionespsoe.es\/ponferrada\/wp-content\/uploads\/sites\/36\/2025\/09\/WhatsApp-Image-2025-09-26-at-12.53.54.jpeg\" \/>\n\t<meta property=\"og:image:width\" content=\"1600\" \/>\n\t<meta property=\"og:image:height\" content=\"900\" \/>\n\t<meta property=\"og:image:type\" content=\"image\/jpeg\" \/>\n<meta name=\"author\" content=\"ponferrada2\" \/>\n<meta name=\"twitter:card\" content=\"summary_large_image\" \/>\n<meta name=\"twitter:label1\" content=\"Escrito por\" \/>\n\t<meta name=\"twitter:data1\" content=\"ponferrada2\" \/>\n\t<meta name=\"twitter:label2\" content=\"Tiempo de lectura\" \/>\n\t<meta name=\"twitter:data2\" content=\"3 minutos\" \/>\n<script type=\"application\/ld+json\" class=\"yoast-schema-graph\">{\"@context\":\"https:\/\/schema.org\",\"@graph\":[{\"@type\":\"Article\",\"@id\":\"https:\/\/agrupacionespsoe.es\/ponferrada\/el-psoe-critica-unas-fiestas-navidenas-centralizadas-en-la-zona-alta-con-grandes-desigualdades-que-consolidan-la-politica-de-barrios-de-primera-y-de-segunda-que-practica-el-pp\/#article\",\"isPartOf\":{\"@id\":\"https:\/\/agrupacionespsoe.es\/ponferrada\/el-psoe-critica-unas-fiestas-navidenas-centralizadas-en-la-zona-alta-con-grandes-desigualdades-que-consolidan-la-politica-de-barrios-de-primera-y-de-segunda-que-practica-el-pp\/\"},\"author\":{\"name\":\"ponferrada2\",\"@id\":\"https:\/\/agrupacionespsoe.es\/ponferrada\/#\/schema\/person\/cd29ee627f3b70c05d415f02596debaa\"},\"headline\":\"El PSOE critica unas fiestas navide\u00f1as centralizadas en la zona alta con grandes desigualdades que consolidan la pol\u00edtica de barrios de primera y de segunda que practica el PP\",\"datePublished\":\"2026-01-07T10:40:32+00:00\",\"dateModified\":\"2026-01-07T10:40:33+00:00\",\"mainEntityOfPage\":{\"@id\":\"https:\/\/agrupacionespsoe.es\/ponferrada\/el-psoe-critica-unas-fiestas-navidenas-centralizadas-en-la-zona-alta-con-grandes-desigualdades-que-consolidan-la-politica-de-barrios-de-primera-y-de-segunda-que-practica-el-pp\/\"},\"wordCount\":529,\"commentCount\":0,\"publisher\":{\"@id\":\"https:\/\/agrupacionespsoe.es\/ponferrada\/#organization\"},\"image\":{\"@id\":\"https:\/\/agrupacionespsoe.es\/ponferrada\/el-psoe-critica-unas-fiestas-navidenas-centralizadas-en-la-zona-alta-con-grandes-desigualdades-que-consolidan-la-politica-de-barrios-de-primera-y-de-segunda-que-practica-el-pp\/#primaryimage\"},\"thumbnailUrl\":\"https:\/\/agrupacionespsoe.es\/ponferrada\/wp-content\/uploads\/sites\/36\/2025\/09\/WhatsApp-Image-2025-09-26-at-12.53.54.jpeg\",\"articleSection\":[\"ACTUALIDAD\"],\"inLanguage\":\"es\",\"potentialAction\":[{\"@type\":\"CommentAction\",\"name\":\"Comment\",\"target\":[\"https:\/\/agrupacionespsoe.es\/ponferrada\/el-psoe-critica-unas-fiestas-navidenas-centralizadas-en-la-zona-alta-con-grandes-desigualdades-que-consolidan-la-politica-de-barrios-de-primera-y-de-segunda-que-practica-el-pp\/#respond\"]}]},{\"@type\":\"WebPage\",\"@id\":\"https:\/\/agrupacionespsoe.es\/ponferrada\/el-psoe-critica-unas-fiestas-navidenas-centralizadas-en-la-zona-alta-con-grandes-desigualdades-que-consolidan-la-politica-de-barrios-de-primera-y-de-segunda-que-practica-el-pp\/\",\"url\":\"https:\/\/agrupacionespsoe.es\/ponferrada\/el-psoe-critica-unas-fiestas-navidenas-centralizadas-en-la-zona-alta-con-grandes-desigualdades-que-consolidan-la-politica-de-barrios-de-primera-y-de-segunda-que-practica-el-pp\/\",\"name\":\"El PSOE critica unas fiestas navide\u00f1as centralizadas en la zona alta con grandes desigualdades que consolidan la pol\u00edtica de barrios de primera y de segunda que practica el PP - Agrupaci\u00f3n Socialista de Ponferrada\",\"isPartOf\":{\"@id\":\"https:\/\/agrupacionespsoe.es\/ponferrada\/#website\"},\"primaryImageOfPage\":{\"@id\":\"https:\/\/agrupacionespsoe.es\/ponferrada\/el-psoe-critica-unas-fiestas-navidenas-centralizadas-en-la-zona-alta-con-grandes-desigualdades-que-consolidan-la-politica-de-barrios-de-primera-y-de-segunda-que-practica-el-pp\/#primaryimage\"},\"image\":{\"@id\":\"https:\/\/agrupacionespsoe.es\/ponferrada\/el-psoe-critica-unas-fiestas-navidenas-centralizadas-en-la-zona-alta-con-grandes-desigualdades-que-consolidan-la-politica-de-barrios-de-primera-y-de-segunda-que-practica-el-pp\/#primaryimage\"},\"thumbnailUrl\":\"https:\/\/agrupacionespsoe.es\/ponferrada\/wp-content\/uploads\/sites\/36\/2025\/09\/WhatsApp-Image-2025-09-26-at-12.53.54.jpeg\",\"datePublished\":\"2026-01-07T10:40:32+00:00\",\"dateModified\":\"2026-01-07T10:40:33+00:00\",\"breadcrumb\":{\"@id\":\"https:\/\/agrupacionespsoe.es\/ponferrada\/el-psoe-critica-unas-fiestas-navidenas-centralizadas-en-la-zona-alta-con-grandes-desigualdades-que-consolidan-la-politica-de-barrios-de-primera-y-de-segunda-que-practica-el-pp\/#breadcrumb\"},\"inLanguage\":\"es\",\"potentialAction\":[{\"@type\":\"ReadAction\",\"target\":[\"https:\/\/agrupacionespsoe.es\/ponferrada\/el-psoe-critica-unas-fiestas-navidenas-centralizadas-en-la-zona-alta-con-grandes-desigualdades-que-consolidan-la-politica-de-barrios-de-primera-y-de-segunda-que-practica-el-pp\/\"]}]},{\"@type\":\"ImageObject\",\"inLanguage\":\"es\",\"@id\":\"https:\/\/agrupacionespsoe.es\/ponferrada\/el-psoe-critica-unas-fiestas-navidenas-centralizadas-en-la-zona-alta-con-grandes-desigualdades-que-consolidan-la-politica-de-barrios-de-primera-y-de-segunda-que-practica-el-pp\/#primaryimage\",\"url\":\"https:\/\/agrupacionespsoe.es\/ponferrada\/wp-content\/uploads\/sites\/36\/2025\/09\/WhatsApp-Image-2025-09-26-at-12.53.54.jpeg\",\"contentUrl\":\"https:\/\/agrupacionespsoe.es\/ponferrada\/wp-content\/uploads\/sites\/36\/2025\/09\/WhatsApp-Image-2025-09-26-at-12.53.54.jpeg\",\"width\":1600,\"height\":900},{\"@type\":\"BreadcrumbList\",\"@id\":\"https:\/\/agrupacionespsoe.es\/ponferrada\/el-psoe-critica-unas-fiestas-navidenas-centralizadas-en-la-zona-alta-con-grandes-desigualdades-que-consolidan-la-politica-de-barrios-de-primera-y-de-segunda-que-practica-el-pp\/#breadcrumb\",\"itemListElement\":[{\"@type\":\"ListItem\",\"position\":1,\"name\":\"Portada\",\"item\":\"https:\/\/agrupacionespsoe.es\/ponferrada\/\"},{\"@type\":\"ListItem\",\"position\":2,\"name\":\"El PSOE critica unas fiestas navide\u00f1as centralizadas en la zona alta con grandes desigualdades que consolidan la pol\u00edtica de barrios de primera y de segunda que practica el PP\"}]},{\"@type\":\"WebSite\",\"@id\":\"https:\/\/agrupacionespsoe.es\/ponferrada\/#website\",\"url\":\"https:\/\/agrupacionespsoe.es\/ponferrada\/\",\"name\":\"Agrupaci\u00f3n Socialista de Ponferrada\",\"description\":\"Agrupaci\u00f3n Socialista de Ponferrada\",\"publisher\":{\"@id\":\"https:\/\/agrupacionespsoe.es\/ponferrada\/#organization\"},\"potentialAction\":[{\"@type\":\"SearchAction\",\"target\":{\"@type\":\"EntryPoint\",\"urlTemplate\":\"https:\/\/agrupacionespsoe.es\/ponferrada\/?s={search_term_string}\"},\"query-input\":{\"@type\":\"PropertyValueSpecification\",\"valueRequired\":true,\"valueName\":\"search_term_string\"}}],\"inLanguage\":\"es\"},{\"@type\":\"Organization\",\"@id\":\"https:\/\/agrupacionespsoe.es\/ponferrada\/#organization\",\"name\":\"Agrupaci\u00f3n Socialista de Ponferrada\",\"url\":\"https:\/\/agrupacionespsoe.es\/ponferrada\/\",\"logo\":{\"@type\":\"ImageObject\",\"inLanguage\":\"es\",\"@id\":\"https:\/\/agrupacionespsoe.es\/ponferrada\/#\/schema\/logo\/image\/\",\"url\":\"https:\/\/agrupacionespsoe.es\/wp-content\/uploads\/2022\/07\/Logotipo_electoral_del_PSOE.png\",\"contentUrl\":\"https:\/\/agrupacionespsoe.es\/wp-content\/uploads\/2022\/07\/Logotipo_electoral_del_PSOE.png\",\"width\":422,\"height\":422,\"caption\":\"Agrupaci\u00f3n Socialista de Ponferrada\"},\"image\":{\"@id\":\"https:\/\/agrupacionespsoe.es\/ponferrada\/#\/schema\/logo\/image\/\"}},{\"@type\":\"Person\",\"@id\":\"https:\/\/agrupacionespsoe.es\/ponferrada\/#\/schema\/person\/cd29ee627f3b70c05d415f02596debaa\",\"name\":\"ponferrada2\",\"image\":{\"@type\":\"ImageObject\",\"inLanguage\":\"es\",\"@id\":\"https:\/\/agrupacionespsoe.es\/ponferrada\/#\/schema\/person\/image\/\",\"url\":\"https:\/\/secure.gravatar.com\/avatar\/f499eeb60144c664cf7b7edf75549b50?s=96&d=mm&r=g\",\"contentUrl\":\"https:\/\/secure.gravatar.com\/avatar\/f499eeb60144c664cf7b7edf75549b50?s=96&d=mm&r=g\",\"caption\":\"ponferrada2\"},\"url\":\"https:\/\/agrupacionespsoe.es\/ponferrada\/author\/ponferrada2\/\"}]}<\/script>\n<!-- \/ Yoast SEO plugin. -->","yoast_head_json":{"title":"El PSOE critica unas fiestas navide\u00f1as centralizadas en la zona alta con grandes desigualdades que consolidan la pol\u00edtica de barrios de primera y de segunda que practica el PP - Agrupaci\u00f3n Socialista de Ponferrada","robots":{"index":"index","follow":"follow","max-snippet":"max-snippet:-1","max-image-preview":"max-image-preview:large","max-video-preview":"max-video-preview:-1"},"canonical":"https:\/\/agrupacionespsoe.es\/ponferrada\/el-psoe-critica-unas-fiestas-navidenas-centralizadas-en-la-zona-alta-con-grandes-desigualdades-que-consolidan-la-politica-de-barrios-de-primera-y-de-segunda-que-practica-el-pp\/","og_locale":"es_ES","og_type":"article","og_title":"El PSOE critica unas fiestas navide\u00f1as centralizadas en la zona alta con grandes desigualdades que consolidan la pol\u00edtica de barrios de primera y de segunda que practica el PP - Agrupaci\u00f3n Socialista de Ponferrada","og_description":"El Grupo Municipal Socialista de Ponferrada ha realizado una valoraci\u00f3n cr\u00edtica del desarrollo de las fiestas navide\u00f1as, marcadas, a su juicio, con pocas novedades, la concentraci\u00f3n excesiva de actividades en el casco antiguo y la ausencia de una programaci\u00f3n equilibrada para barrios y pueblos del municipio. Desde el PSOE se recuerda que las fiestas se ...","og_url":"https:\/\/agrupacionespsoe.es\/ponferrada\/el-psoe-critica-unas-fiestas-navidenas-centralizadas-en-la-zona-alta-con-grandes-desigualdades-que-consolidan-la-politica-de-barrios-de-primera-y-de-segunda-que-practica-el-pp\/","og_site_name":"Agrupaci\u00f3n Socialista de Ponferrada","article_published_time":"2026-01-07T10:40:32+00:00","article_modified_time":"2026-01-07T10:40:33+00:00","og_image":[{"width":1600,"height":900,"url":"https:\/\/agrupacionespsoe.es\/ponferrada\/wp-content\/uploads\/sites\/36\/2025\/09\/WhatsApp-Image-2025-09-26-at-12.53.54.jpeg","type":"image\/jpeg"}],"author":"ponferrada2","twitter_card":"summary_large_image","twitter_misc":{"Escrito por":"ponferrada2","Tiempo de lectura":"3 minutos"},"schema":{"@context":"https:\/\/schema.org","@graph":[{"@type":"Article","@id":"https:\/\/agrupacionespsoe.es\/ponferrada\/el-psoe-critica-unas-fiestas-navidenas-centralizadas-en-la-zona-alta-con-grandes-desigualdades-que-consolidan-la-politica-de-barrios-de-primera-y-de-segunda-que-practica-el-pp\/#article","isPartOf":{"@id":"https:\/\/agrupacionespsoe.es\/ponferrada\/el-psoe-critica-unas-fiestas-navidenas-centralizadas-en-la-zona-alta-con-grandes-desigualdades-que-consolidan-la-politica-de-barrios-de-primera-y-de-segunda-que-practica-el-pp\/"},"author":{"name":"ponferrada2","@id":"https:\/\/agrupacionespsoe.es\/ponferrada\/#\/schema\/person\/cd29ee627f3b70c05d415f02596debaa"},"headline":"El PSOE critica unas fiestas navide\u00f1as centralizadas en la zona alta con grandes desigualdades que consolidan la pol\u00edtica de barrios de primera y de segunda que practica el PP","datePublished":"2026-01-07T10:40:32+00:00","dateModified":"2026-01-07T10:40:33+00:00","mainEntityOfPage":{"@id":"https:\/\/agrupacionespsoe.es\/ponferrada\/el-psoe-critica-unas-fiestas-navidenas-centralizadas-en-la-zona-alta-con-grandes-desigualdades-que-consolidan-la-politica-de-barrios-de-primera-y-de-segunda-que-practica-el-pp\/"},"wordCount":529,"commentCount":0,"publisher":{"@id":"https:\/\/agrupacionespsoe.es\/ponferrada\/#organization"},"image":{"@id":"https:\/\/agrupacionespsoe.es\/ponferrada\/el-psoe-critica-unas-fiestas-navidenas-centralizadas-en-la-zona-alta-con-grandes-desigualdades-que-consolidan-la-politica-de-barrios-de-primera-y-de-segunda-que-practica-el-pp\/#primaryimage"},"thumbnailUrl":"https:\/\/agrupacionespsoe.es\/ponferrada\/wp-content\/uploads\/sites\/36\/2025\/09\/WhatsApp-Image-2025-09-26-at-12.53.54.jpeg","articleSection":["ACTUALIDAD"],"inLanguage":"es","potentialAction":[{"@type":"CommentAction","name":"Comment","target":["https:\/\/agrupacionespsoe.es\/ponferrada\/el-psoe-critica-unas-fiestas-navidenas-centralizadas-en-la-zona-alta-con-grandes-desigualdades-que-consolidan-la-politica-de-barrios-de-primera-y-de-segunda-que-practica-el-pp\/#respond"]}]},{"@type":"WebPage","@id":"https:\/\/agrupacionespsoe.es\/ponferrada\/el-psoe-critica-unas-fiestas-navidenas-centralizadas-en-la-zona-alta-con-grandes-desigualdades-que-consolidan-la-politica-de-barrios-de-primera-y-de-segunda-que-practica-el-pp\/","url":"https:\/\/agrupacionespsoe.es\/ponferrada\/el-psoe-critica-unas-fiestas-navidenas-centralizadas-en-la-zona-alta-con-grandes-desigualdades-que-consolidan-la-politica-de-barrios-de-primera-y-de-segunda-que-practica-el-pp\/","name":"El PSOE critica unas fiestas navide\u00f1as centralizadas en la zona alta con grandes desigualdades que consolidan la pol\u00edtica de barrios de primera y de segunda que practica el PP - Agrupaci\u00f3n Socialista de Ponferrada","isPartOf":{"@id":"https:\/\/agrupacionespsoe.es\/ponferrada\/#website"},"primaryImageOfPage":{"@id":"https:\/\/agrupacionespsoe.es\/ponferrada\/el-psoe-critica-unas-fiestas-navidenas-centralizadas-en-la-zona-alta-con-grandes-desigualdades-que-consolidan-la-politica-de-barrios-de-primera-y-de-segunda-que-practica-el-pp\/#primaryimage"},"image":{"@id":"https:\/\/agrupacionespsoe.es\/ponferrada\/el-psoe-critica-unas-fiestas-navidenas-centralizadas-en-la-zona-alta-con-grandes-desigualdades-que-consolidan-la-politica-de-barrios-de-primera-y-de-segunda-que-practica-el-pp\/#primaryimage"},"thumbnailUrl":"https:\/\/agrupacionespsoe.es\/ponferrada\/wp-content\/uploads\/sites\/36\/2025\/09\/WhatsApp-Image-2025-09-26-at-12.53.54.jpeg","datePublished":"2026-01-07T10:40:32+00:00","dateModified":"2026-01-07T10:40:33+00:00","breadcrumb":{"@id":"https:\/\/agrupacionespsoe.es\/ponferrada\/el-psoe-critica-unas-fiestas-navidenas-centralizadas-en-la-zona-alta-con-grandes-desigualdades-que-consolidan-la-politica-de-barrios-de-primera-y-de-segunda-que-practica-el-pp\/#breadcrumb"},"inLanguage":"es","potentialAction":[{"@type":"ReadAction","target":["https:\/\/agrupacionespsoe.es\/ponferrada\/el-psoe-critica-unas-fiestas-navidenas-centralizadas-en-la-zona-alta-con-grandes-desigualdades-que-consolidan-la-politica-de-barrios-de-primera-y-de-segunda-que-practica-el-pp\/"]}]},{"@type":"ImageObject","inLanguage":"es","@id":"https:\/\/agrupacionespsoe.es\/ponferrada\/el-psoe-critica-unas-fiestas-navidenas-centralizadas-en-la-zona-alta-con-grandes-desigualdades-que-consolidan-la-politica-de-barrios-de-primera-y-de-segunda-que-practica-el-pp\/#primaryimage","url":"https:\/\/agrupacionespsoe.es\/ponferrada\/wp-content\/uploads\/sites\/36\/2025\/09\/WhatsApp-Image-2025-09-26-at-12.53.54.jpeg","contentUrl":"https:\/\/agrupacionespsoe.es\/ponferrada\/wp-content\/uploads\/sites\/36\/2025\/09\/WhatsApp-Image-2025-09-26-at-12.53.54.jpeg","width":1600,"height":900},{"@type":"BreadcrumbList","@id":"https:\/\/agrupacionespsoe.es\/ponferrada\/el-psoe-critica-unas-fiestas-navidenas-centralizadas-en-la-zona-alta-con-grandes-desigualdades-que-consolidan-la-politica-de-barrios-de-primera-y-de-segunda-que-practica-el-pp\/#breadcrumb","itemListElement":[{"@type":"ListItem","position":1,"name":"Portada","item":"https:\/\/agrupacionespsoe.es\/ponferrada\/"},{"@type":"ListItem","position":2,"name":"El PSOE critica unas fiestas navide\u00f1as centralizadas en la zona alta con grandes desigualdades que consolidan la pol\u00edtica de barrios de primera y de segunda que practica el PP"}]},{"@type":"WebSite","@id":"https:\/\/agrupacionespsoe.es\/ponferrada\/#website","url":"https:\/\/agrupacionespsoe.es\/ponferrada\/","name":"Agrupaci\u00f3n Socialista de Ponferrada","description":"Agrupaci\u00f3n Socialista de Ponferrada","publisher":{"@id":"https:\/\/agrupacionespsoe.es\/ponferrada\/#organization"},"potentialAction":[{"@type":"SearchAction","target":{"@type":"EntryPoint","urlTemplate":"https:\/\/agrupacionespsoe.es\/ponferrada\/?s={search_term_string}"},"query-input":{"@type":"PropertyValueSpecification","valueRequired":true,"valueName":"search_term_string"}}],"inLanguage":"es"},{"@type":"Organization","@id":"https:\/\/agrupacionespsoe.es\/ponferrada\/#organization","name":"Agrupaci\u00f3n Socialista de Ponferrada","url":"https:\/\/agrupacionespsoe.es\/ponferrada\/","logo":{"@type":"ImageObject","inLanguage":"es","@id":"https:\/\/agrupacionespsoe.es\/ponferrada\/#\/schema\/logo\/image\/","url":"https:\/\/agrupacionespsoe.es\/wp-content\/uploads\/2022\/07\/Logotipo_electoral_del_PSOE.png","contentUrl":"https:\/\/agrupacionespsoe.es\/wp-content\/uploads\/2022\/07\/Logotipo_electoral_del_PSOE.png","width":422,"height":422,"caption":"Agrupaci\u00f3n Socialista de Ponferrada"},"image":{"@id":"https:\/\/agrupacionespsoe.es\/ponferrada\/#\/schema\/logo\/image\/"}},{"@type":"Person","@id":"https:\/\/agrupacionespsoe.es\/ponferrada\/#\/schema\/person\/cd29ee627f3b70c05d415f02596debaa","name":"ponferrada2","image":{"@type":"ImageObject","inLanguage":"es","@id":"https:\/\/agrupacionespsoe.es\/ponferrada\/#\/schema\/person\/image\/","url":"https:\/\/secure.gravatar.com\/avatar\/f499eeb60144c664cf7b7edf75549b50?s=96&d=mm&r=g","contentUrl":"https:\/\/secure.gravatar.com\/avatar\/f499eeb60144c664cf7b7edf75549b50?s=96&d=mm&r=g","caption":"ponferrada2"},"url":"https:\/\/agrupacionespsoe.es\/ponferrada\/author\/ponferrada2\/"}]}},"jetpack_featured_media_url":"https:\/\/agrupacionespsoe.es\/ponferrada\/wp-content\/uploads\/sites\/36\/2025\/09\/WhatsApp-Image-2025-09-26-at-12.53.54.jpeg","jetpack_sharing_enabled":true,"_links":{"self":[{"href":"https:\/\/agrupacionespsoe.es\/ponferrada\/wp-json\/wp\/v2\/posts\/1473","targetHints":{"allow":["GET"]}}],"collection":[{"href":"https:\/\/agrupacionespsoe.es\/ponferrada\/wp-json\/wp\/v2\/posts"}],"about":[{"href":"https:\/\/agrupacionespsoe.es\/ponferrada\/wp-json\/wp\/v2\/types\/post"}],"author":[{"embeddable":true,"href":"https:\/\/agrupacionespsoe.es\/ponferrada\/wp-json\/wp\/v2\/users\/32"}],"replies":[{"embeddable":true,"href":"https:\/\/agrupacionespsoe.es\/ponferrada\/wp-json\/wp\/v2\/comments?post=1473"}],"version-history":[{"count":2,"href":"https:\/\/agrupacionespsoe.es\/ponferrada\/wp-json\/wp\/v2\/posts\/1473\/revisions"}],"predecessor-version":[{"id":1475,"href":"https:\/\/agrupacionespsoe.es\/ponferrada\/wp-json\/wp\/v2\/posts\/1473\/revisions\/1475"}],"wp:featuredmedia":[{"embeddable":true,"href":"https:\/\/agrupacionespsoe.es\/ponferrada\/wp-json\/wp\/v2\/media\/1116"}],"wp:attachment":[{"href":"https:\/\/agrupacionespsoe.es\/ponferrada\/wp-json\/wp\/v2\/media?parent=1473"}],"wp:term":[{"taxonomy":"category","embeddable":true,"href":"https:\/\/agrupacionespsoe.es\/ponferrada\/wp-json\/wp\/v2\/categories?post=1473"},{"taxonomy":"post_tag","embeddable":true,"href":"https:\/\/agrupacionespsoe.es\/ponferrada\/wp-json\/wp\/v2\/tags?post=1473"}],"curies":[{"name":"wp","href":"https:\/\/api.w.org\/{rel}","templated":true}]}}