{"id":1468,"date":"2025-12-30T09:33:22","date_gmt":"2025-12-30T09:33:22","guid":{"rendered":"https:\/\/agrupacionespsoe.es\/ponferrada\/?p=1468"},"modified":"2025-12-30T09:56:59","modified_gmt":"2025-12-30T09:56:59","slug":"el-grupo-socialista-evidencia-que-los-discursos-del-alcalde-sobre-la-inversion-de-la-junta-no-se-corresponden-con-la-realidad","status":"publish","type":"post","link":"https:\/\/agrupacionespsoe.es\/ponferrada\/el-grupo-socialista-evidencia-que-los-discursos-del-alcalde-sobre-la-inversion-de-la-junta-no-se-corresponden-con-la-realidad\/","title":{"rendered":"El Grupo Socialista evidencia que los discursos del alcalde sobre la inversi\u00f3n de la Junta no se corresponden con la realidad"},"content":{"rendered":"\n<p>El Grupo Socialista en Ponferrada quiere poner de relieve la realidad de las inversiones p\u00fablicas en el municipio. A pesar de los discursos del alcalde, que insisten en que la Junta de Castilla y Le\u00f3n es el principal motor de desarrollo, la realidad es tozuda y los n\u00fameros no mienten y demuestran que el verdadero impulso econ\u00f3mico y de infraestructuras en Ponferrada proviene del Estado y de los fondos europeos.<\/p>\n\n\n\n<p>Las inversiones de la Junta de Castilla y Le\u00f3n son habas contadas, se concentran en los programas de Cooperaci\u00f3n Econ\u00f3mica Local. La Junta ha financiado proyectos de urbanizaci\u00f3n, acondicionamiento de calles y caminos, b\u00e1sicamente las obras anunciadas este a\u00f1o por el equipo de gobierno que suponen menos de 1,2 millones.<\/p>\n\n\n\n<p>A esto hay que a\u00f1adirle el dinero que la Junta puso encima de la mesa para cubrir de alguna forma aquella aventura sin sentido que nos intentaba meter el equipo de gobierno que era la semipeatonalizaci\u00f3n de la Avenida del Castillo donde aprobaron una inversi\u00f3n de 400.000 \u20ac, no exenta de pol\u00e9mica porque a pesar de que va a ir para una obra en los jardines del sil la subvenci\u00f3n es la fase I de la demonizada peatonalizaci\u00f3n de la avenida del castillo.<\/p>\n\n\n\n<p>Y el dinero que va a aportar la Junta de Castilla y Le\u00f3n a fondo perdido para la reforma de las piscinas climatizadas del complejo polideportivo Lydia Valent\u00edn: 1.500.000 \u20ac<\/p>\n\n\n\n<p>Estas cifras hacen un total aproximado de inversi\u00f3n de la Junta de menos de 3.4 millones de euros.<\/p>\n\n\n\n<p>En contraposici\u00f3n el Estado, en cambio, ha impulsado proyectos estrat\u00e9gicos, son cifras de las anualidades de 2025:<\/p>\n\n\n\n<p>Anillo verde de Ponferrada: 476.979,10 \u20ac, son fondos del Plan de Recuperaci\u00f3n y Resilencia, ocurre lo mismo con el Plan de sostenibilidad tur\u00edstica en destino: 1.430.000 \u20ac<\/p>\n\n\n\n<p>Adem\u00e1s se han concedido de los Fondos de Transici\u00f3n Justa para la rehabilitaci\u00f3n del edificio de la Calle Ancha: 1.425.101,20 \u20ac<\/p>\n\n\n\n<p>A esto hay que a\u00f1adir que se han concedido 6,8 millones de euros procedente del Fondo Europeo de Desarrollo Regional (Fondos FEDER), para poner en marcha su Plan de Acci\u00f3n Integrado \u00abPonferrada INSPIRA\u00bb, que promueve un desarrollo urbano sostenible, inclusivo e innovador.<\/p>\n\n\n\n<p>Y no podemos olvidar los fondos que van destinados a la rehabilitaci\u00f3n y recuperaci\u00f3n de La Puebla el ERRP (Antiguo ARU): 394.543,80 \u20ac (anualidad de 2025). Que tendr\u00e1 un total de casi 2,5 millones.<\/p>\n\n\n\n<p>Incluso la actividad docente del Centro de Capacitaci\u00f3n Digital del Ayuntamiento est\u00e1 financiada por el estado en el Marco del Plan de Recuperaci\u00f3n, Transformaci\u00f3n y Resiliencia con 24.000 euros al a\u00f1o.<\/p>\n\n\n\n<p>Adem\u00e1s de estos fondos directos para Ponferrada hay que a\u00f1adir los fondos que van a ir destinados a infraestructuras fundamentales para el futuro de Ponferrada que ya se han ejecutado como la mejora del firme en el Puerto del Manzanal: 12.300.000 \u20ac o el estudio del lazo del manzanal: 496.100 \u20ac o los que han comenzado y esperamos que vean la luz antes de finalizar este a\u00f1o o a principios de 2026 como es la licitaci\u00f3n del tramo de la A76 de Requejo que tiene un presupuesto de 131.700.000 \u20ac<\/p>\n\n\n\n<p>O proyectos que benefician a toda la comarca como son la modernizaci\u00f3n del Canal Bajo del Bierzo: 33.000.000 \u20ac<\/p>\n\n\n\n<p>La inversi\u00f3n de la CIUDEN \u2013para la producci\u00f3n de hidr\u00f3geno verde: 30.000.000 \u20ac<\/p>\n\n\n\n<p>O los pr\u00e9stamos a TVITEC que van a permitir consolidar y ampliar el futuro de la empresa en el Bierzo.<\/p>\n\n\n\n<p>Total aproximado de inversi\u00f3n estatal y fondos europeos aproximadamente 218.000.000 \u20ac<\/p>\n\n\n\n<p>La diferencia es abrumadora: mientras la Junta de Castilla y Le\u00f3n invierte alrededor de 3,4 millones en proyectos locales, el Estado aporta m\u00e1s de 218 millones de euros en infraestructuras, sostenibilidad, energ\u00eda y desarrollo econ\u00f3mico.<\/p>\n\n\n\n<p>El Grupo Socialista se\u00f1ala que los discursos triunfalistas del alcalde sobre la inversi\u00f3n de la Junta no se corresponden con la realidad. Los n\u00fameros son tozudos y evidencian que el verdadero motor de desarrollo de Ponferrada proviene del Estado y de los fondos europeos, que financian proyectos estrat\u00e9gicos que beneficiar\u00e1n al municipio y su comarca. S\u00f3lo teniendo en cuenta los dos proyectos concedidos por el Estado en estos dos \u00faltimos a\u00f1os, la rehabilitaci\u00f3n del edificio de la C. Ancha y el Ponferrada INSPIRA suponen el 250% de la inversi\u00f3n de la Junta de Castilla y Le\u00f3n en Ponferrada.&nbsp;<\/p>\n\n\n\n<p>El grupo socialista se\u00f1ala que las dem\u00e1s cifras son propaganda de cara a las pr\u00f3ximas elecciones como sumar cantidades que no son fondos propios sino que derivan del estado, como es el caso del Plan de Sostenibilidad Tur\u00edstica en Destino. A\u00f1aden que \u201cnos volver\u00e1n a prometer la unidad de radioterapia o la construcci\u00f3n del Centro de Salud Ponferrada I, las viviendas para j\u00f3venes o el Parque Agroalimentario pero lejos de las promesas lo que invierten en Ponferrada se ve en las calles y en los pueblos. Y los discursos no se corresponden con hechos\u201d.<\/p>\n\n\n\n<figure class=\"wp-block-image size-large\"><img loading=\"lazy\" decoding=\"async\" width=\"1024\" height=\"768\" src=\"https:\/\/agrupacionespsoe.es\/ponferrada\/wp-content\/uploads\/sites\/36\/2025\/11\/WhatsApp-Image-2025-11-20-at-12.57.30-1024x768.jpeg\" alt=\"\" class=\"wp-image-1324\" srcset=\"https:\/\/agrupacionespsoe.es\/ponferrada\/wp-content\/uploads\/sites\/36\/2025\/11\/WhatsApp-Image-2025-11-20-at-12.57.30-1024x768.jpeg 1024w, https:\/\/agrupacionespsoe.es\/ponferrada\/wp-content\/uploads\/sites\/36\/2025\/11\/WhatsApp-Image-2025-11-20-at-12.57.30-300x225.jpeg 300w, https:\/\/agrupacionespsoe.es\/ponferrada\/wp-content\/uploads\/sites\/36\/2025\/11\/WhatsApp-Image-2025-11-20-at-12.57.30-768x576.jpeg 768w, https:\/\/agrupacionespsoe.es\/ponferrada\/wp-content\/uploads\/sites\/36\/2025\/11\/WhatsApp-Image-2025-11-20-at-12.57.30-1536x1152.jpeg 1536w, https:\/\/agrupacionespsoe.es\/ponferrada\/wp-content\/uploads\/sites\/36\/2025\/11\/WhatsApp-Image-2025-11-20-at-12.57.30.jpeg 1600w\" sizes=\"auto, (max-width: 1024px) 100vw, 1024px\" \/><\/figure>\n","protected":false},"excerpt":{"rendered":"<p>El Grupo Socialista en Ponferrada quiere poner de relieve la realidad de las inversiones p\u00fablicas en el municipio. A pesar de los discursos del alcalde, que insisten en que la Junta de Castilla y Le\u00f3n es el principal motor de desarrollo, la realidad es tozuda y los n\u00fameros no mienten y demuestran que el verdadero &#8230;<\/p>\n","protected":false},"author":32,"featured_media":1324,"comment_status":"open","ping_status":"open","sticky":false,"template":"","format":"standard","meta":{"_jetpack_memberships_contains_paid_content":false,"footnotes":""},"categories":[6],"tags":[],"class_list":["post-1468","post","type-post","status-publish","format-standard","has-post-thumbnail","hentry","category-actualidad"],"yoast_head":"<!-- This site is optimized with the Yoast SEO plugin v24.0 - https:\/\/yoast.com\/wordpress\/plugins\/seo\/ -->\n<title>El Grupo Socialista evidencia que los discursos del alcalde sobre la inversi\u00f3n de la Junta no se corresponden con la realidad - Agrupaci\u00f3n Socialista de Ponferrada<\/title>\n<meta name=\"robots\" content=\"index, follow, max-snippet:-1, max-image-preview:large, max-video-preview:-1\" \/>\n<link rel=\"canonical\" href=\"https:\/\/agrupacionespsoe.es\/ponferrada\/el-grupo-socialista-evidencia-que-los-discursos-del-alcalde-sobre-la-inversion-de-la-junta-no-se-corresponden-con-la-realidad\/\" \/>\n<meta property=\"og:locale\" content=\"es_ES\" \/>\n<meta property=\"og:type\" content=\"article\" \/>\n<meta property=\"og:title\" content=\"El Grupo Socialista evidencia que los discursos del alcalde sobre la inversi\u00f3n de la Junta no se corresponden con la realidad - Agrupaci\u00f3n Socialista de Ponferrada\" \/>\n<meta property=\"og:description\" content=\"El Grupo Socialista en Ponferrada quiere poner de relieve la realidad de las inversiones p\u00fablicas en el municipio. A pesar de los discursos del alcalde, que insisten en que la Junta de Castilla y Le\u00f3n es el principal motor de desarrollo, la realidad es tozuda y los n\u00fameros no mienten y demuestran que el verdadero ...\" \/>\n<meta property=\"og:url\" content=\"https:\/\/agrupacionespsoe.es\/ponferrada\/el-grupo-socialista-evidencia-que-los-discursos-del-alcalde-sobre-la-inversion-de-la-junta-no-se-corresponden-con-la-realidad\/\" \/>\n<meta property=\"og:site_name\" content=\"Agrupaci\u00f3n Socialista de Ponferrada\" \/>\n<meta property=\"article:published_time\" content=\"2025-12-30T09:33:22+00:00\" \/>\n<meta property=\"article:modified_time\" content=\"2025-12-30T09:56:59+00:00\" \/>\n<meta property=\"og:image\" content=\"https:\/\/agrupacionespsoe.es\/ponferrada\/wp-content\/uploads\/sites\/36\/2025\/11\/WhatsApp-Image-2025-11-20-at-12.57.30.jpeg\" \/>\n\t<meta property=\"og:image:width\" content=\"1600\" \/>\n\t<meta property=\"og:image:height\" content=\"1200\" \/>\n\t<meta property=\"og:image:type\" content=\"image\/jpeg\" \/>\n<meta name=\"author\" content=\"ponferrada2\" \/>\n<meta name=\"twitter:card\" content=\"summary_large_image\" \/>\n<meta name=\"twitter:label1\" content=\"Escrito por\" \/>\n\t<meta name=\"twitter:data1\" content=\"ponferrada2\" \/>\n\t<meta name=\"twitter:label2\" content=\"Tiempo de lectura\" \/>\n\t<meta name=\"twitter:data2\" content=\"5 minutos\" \/>\n<script type=\"application\/ld+json\" class=\"yoast-schema-graph\">{\"@context\":\"https:\/\/schema.org\",\"@graph\":[{\"@type\":\"Article\",\"@id\":\"https:\/\/agrupacionespsoe.es\/ponferrada\/el-grupo-socialista-evidencia-que-los-discursos-del-alcalde-sobre-la-inversion-de-la-junta-no-se-corresponden-con-la-realidad\/#article\",\"isPartOf\":{\"@id\":\"https:\/\/agrupacionespsoe.es\/ponferrada\/el-grupo-socialista-evidencia-que-los-discursos-del-alcalde-sobre-la-inversion-de-la-junta-no-se-corresponden-con-la-realidad\/\"},\"author\":{\"name\":\"ponferrada2\",\"@id\":\"https:\/\/agrupacionespsoe.es\/ponferrada\/#\/schema\/person\/cd29ee627f3b70c05d415f02596debaa\"},\"headline\":\"El Grupo Socialista evidencia que los discursos del alcalde sobre la inversi\u00f3n de la Junta no se corresponden con la realidad\",\"datePublished\":\"2025-12-30T09:33:22+00:00\",\"dateModified\":\"2025-12-30T09:56:59+00:00\",\"mainEntityOfPage\":{\"@id\":\"https:\/\/agrupacionespsoe.es\/ponferrada\/el-grupo-socialista-evidencia-que-los-discursos-del-alcalde-sobre-la-inversion-de-la-junta-no-se-corresponden-con-la-realidad\/\"},\"wordCount\":857,\"commentCount\":0,\"publisher\":{\"@id\":\"https:\/\/agrupacionespsoe.es\/ponferrada\/#organization\"},\"image\":{\"@id\":\"https:\/\/agrupacionespsoe.es\/ponferrada\/el-grupo-socialista-evidencia-que-los-discursos-del-alcalde-sobre-la-inversion-de-la-junta-no-se-corresponden-con-la-realidad\/#primaryimage\"},\"thumbnailUrl\":\"https:\/\/agrupacionespsoe.es\/ponferrada\/wp-content\/uploads\/sites\/36\/2025\/11\/WhatsApp-Image-2025-11-20-at-12.57.30.jpeg\",\"articleSection\":[\"ACTUALIDAD\"],\"inLanguage\":\"es\",\"potentialAction\":[{\"@type\":\"CommentAction\",\"name\":\"Comment\",\"target\":[\"https:\/\/agrupacionespsoe.es\/ponferrada\/el-grupo-socialista-evidencia-que-los-discursos-del-alcalde-sobre-la-inversion-de-la-junta-no-se-corresponden-con-la-realidad\/#respond\"]}]},{\"@type\":\"WebPage\",\"@id\":\"https:\/\/agrupacionespsoe.es\/ponferrada\/el-grupo-socialista-evidencia-que-los-discursos-del-alcalde-sobre-la-inversion-de-la-junta-no-se-corresponden-con-la-realidad\/\",\"url\":\"https:\/\/agrupacionespsoe.es\/ponferrada\/el-grupo-socialista-evidencia-que-los-discursos-del-alcalde-sobre-la-inversion-de-la-junta-no-se-corresponden-con-la-realidad\/\",\"name\":\"El Grupo Socialista evidencia que los discursos del alcalde sobre la inversi\u00f3n de la Junta no se corresponden con la realidad - Agrupaci\u00f3n Socialista de Ponferrada\",\"isPartOf\":{\"@id\":\"https:\/\/agrupacionespsoe.es\/ponferrada\/#website\"},\"primaryImageOfPage\":{\"@id\":\"https:\/\/agrupacionespsoe.es\/ponferrada\/el-grupo-socialista-evidencia-que-los-discursos-del-alcalde-sobre-la-inversion-de-la-junta-no-se-corresponden-con-la-realidad\/#primaryimage\"},\"image\":{\"@id\":\"https:\/\/agrupacionespsoe.es\/ponferrada\/el-grupo-socialista-evidencia-que-los-discursos-del-alcalde-sobre-la-inversion-de-la-junta-no-se-corresponden-con-la-realidad\/#primaryimage\"},\"thumbnailUrl\":\"https:\/\/agrupacionespsoe.es\/ponferrada\/wp-content\/uploads\/sites\/36\/2025\/11\/WhatsApp-Image-2025-11-20-at-12.57.30.jpeg\",\"datePublished\":\"2025-12-30T09:33:22+00:00\",\"dateModified\":\"2025-12-30T09:56:59+00:00\",\"breadcrumb\":{\"@id\":\"https:\/\/agrupacionespsoe.es\/ponferrada\/el-grupo-socialista-evidencia-que-los-discursos-del-alcalde-sobre-la-inversion-de-la-junta-no-se-corresponden-con-la-realidad\/#breadcrumb\"},\"inLanguage\":\"es\",\"potentialAction\":[{\"@type\":\"ReadAction\",\"target\":[\"https:\/\/agrupacionespsoe.es\/ponferrada\/el-grupo-socialista-evidencia-que-los-discursos-del-alcalde-sobre-la-inversion-de-la-junta-no-se-corresponden-con-la-realidad\/\"]}]},{\"@type\":\"ImageObject\",\"inLanguage\":\"es\",\"@id\":\"https:\/\/agrupacionespsoe.es\/ponferrada\/el-grupo-socialista-evidencia-que-los-discursos-del-alcalde-sobre-la-inversion-de-la-junta-no-se-corresponden-con-la-realidad\/#primaryimage\",\"url\":\"https:\/\/agrupacionespsoe.es\/ponferrada\/wp-content\/uploads\/sites\/36\/2025\/11\/WhatsApp-Image-2025-11-20-at-12.57.30.jpeg\",\"contentUrl\":\"https:\/\/agrupacionespsoe.es\/ponferrada\/wp-content\/uploads\/sites\/36\/2025\/11\/WhatsApp-Image-2025-11-20-at-12.57.30.jpeg\",\"width\":1600,\"height\":1200},{\"@type\":\"BreadcrumbList\",\"@id\":\"https:\/\/agrupacionespsoe.es\/ponferrada\/el-grupo-socialista-evidencia-que-los-discursos-del-alcalde-sobre-la-inversion-de-la-junta-no-se-corresponden-con-la-realidad\/#breadcrumb\",\"itemListElement\":[{\"@type\":\"ListItem\",\"position\":1,\"name\":\"Portada\",\"item\":\"https:\/\/agrupacionespsoe.es\/ponferrada\/\"},{\"@type\":\"ListItem\",\"position\":2,\"name\":\"El Grupo Socialista evidencia que los discursos del alcalde sobre la inversi\u00f3n de la Junta no se corresponden con la realidad\"}]},{\"@type\":\"WebSite\",\"@id\":\"https:\/\/agrupacionespsoe.es\/ponferrada\/#website\",\"url\":\"https:\/\/agrupacionespsoe.es\/ponferrada\/\",\"name\":\"Agrupaci\u00f3n Socialista de Ponferrada\",\"description\":\"Agrupaci\u00f3n Socialista de Ponferrada\",\"publisher\":{\"@id\":\"https:\/\/agrupacionespsoe.es\/ponferrada\/#organization\"},\"potentialAction\":[{\"@type\":\"SearchAction\",\"target\":{\"@type\":\"EntryPoint\",\"urlTemplate\":\"https:\/\/agrupacionespsoe.es\/ponferrada\/?s={search_term_string}\"},\"query-input\":{\"@type\":\"PropertyValueSpecification\",\"valueRequired\":true,\"valueName\":\"search_term_string\"}}],\"inLanguage\":\"es\"},{\"@type\":\"Organization\",\"@id\":\"https:\/\/agrupacionespsoe.es\/ponferrada\/#organization\",\"name\":\"Agrupaci\u00f3n Socialista de Ponferrada\",\"url\":\"https:\/\/agrupacionespsoe.es\/ponferrada\/\",\"logo\":{\"@type\":\"ImageObject\",\"inLanguage\":\"es\",\"@id\":\"https:\/\/agrupacionespsoe.es\/ponferrada\/#\/schema\/logo\/image\/\",\"url\":\"https:\/\/agrupacionespsoe.es\/wp-content\/uploads\/2022\/07\/Logotipo_electoral_del_PSOE.png\",\"contentUrl\":\"https:\/\/agrupacionespsoe.es\/wp-content\/uploads\/2022\/07\/Logotipo_electoral_del_PSOE.png\",\"width\":422,\"height\":422,\"caption\":\"Agrupaci\u00f3n Socialista de Ponferrada\"},\"image\":{\"@id\":\"https:\/\/agrupacionespsoe.es\/ponferrada\/#\/schema\/logo\/image\/\"}},{\"@type\":\"Person\",\"@id\":\"https:\/\/agrupacionespsoe.es\/ponferrada\/#\/schema\/person\/cd29ee627f3b70c05d415f02596debaa\",\"name\":\"ponferrada2\",\"image\":{\"@type\":\"ImageObject\",\"inLanguage\":\"es\",\"@id\":\"https:\/\/agrupacionespsoe.es\/ponferrada\/#\/schema\/person\/image\/\",\"url\":\"https:\/\/secure.gravatar.com\/avatar\/f499eeb60144c664cf7b7edf75549b50?s=96&d=mm&r=g\",\"contentUrl\":\"https:\/\/secure.gravatar.com\/avatar\/f499eeb60144c664cf7b7edf75549b50?s=96&d=mm&r=g\",\"caption\":\"ponferrada2\"},\"url\":\"https:\/\/agrupacionespsoe.es\/ponferrada\/author\/ponferrada2\/\"}]}<\/script>\n<!-- \/ Yoast SEO plugin. -->","yoast_head_json":{"title":"El Grupo Socialista evidencia que los discursos del alcalde sobre la inversi\u00f3n de la Junta no se corresponden con la realidad - Agrupaci\u00f3n Socialista de Ponferrada","robots":{"index":"index","follow":"follow","max-snippet":"max-snippet:-1","max-image-preview":"max-image-preview:large","max-video-preview":"max-video-preview:-1"},"canonical":"https:\/\/agrupacionespsoe.es\/ponferrada\/el-grupo-socialista-evidencia-que-los-discursos-del-alcalde-sobre-la-inversion-de-la-junta-no-se-corresponden-con-la-realidad\/","og_locale":"es_ES","og_type":"article","og_title":"El Grupo Socialista evidencia que los discursos del alcalde sobre la inversi\u00f3n de la Junta no se corresponden con la realidad - Agrupaci\u00f3n Socialista de Ponferrada","og_description":"El Grupo Socialista en Ponferrada quiere poner de relieve la realidad de las inversiones p\u00fablicas en el municipio. A pesar de los discursos del alcalde, que insisten en que la Junta de Castilla y Le\u00f3n es el principal motor de desarrollo, la realidad es tozuda y los n\u00fameros no mienten y demuestran que el verdadero ...","og_url":"https:\/\/agrupacionespsoe.es\/ponferrada\/el-grupo-socialista-evidencia-que-los-discursos-del-alcalde-sobre-la-inversion-de-la-junta-no-se-corresponden-con-la-realidad\/","og_site_name":"Agrupaci\u00f3n Socialista de Ponferrada","article_published_time":"2025-12-30T09:33:22+00:00","article_modified_time":"2025-12-30T09:56:59+00:00","og_image":[{"width":1600,"height":1200,"url":"https:\/\/agrupacionespsoe.es\/ponferrada\/wp-content\/uploads\/sites\/36\/2025\/11\/WhatsApp-Image-2025-11-20-at-12.57.30.jpeg","type":"image\/jpeg"}],"author":"ponferrada2","twitter_card":"summary_large_image","twitter_misc":{"Escrito por":"ponferrada2","Tiempo de lectura":"5 minutos"},"schema":{"@context":"https:\/\/schema.org","@graph":[{"@type":"Article","@id":"https:\/\/agrupacionespsoe.es\/ponferrada\/el-grupo-socialista-evidencia-que-los-discursos-del-alcalde-sobre-la-inversion-de-la-junta-no-se-corresponden-con-la-realidad\/#article","isPartOf":{"@id":"https:\/\/agrupacionespsoe.es\/ponferrada\/el-grupo-socialista-evidencia-que-los-discursos-del-alcalde-sobre-la-inversion-de-la-junta-no-se-corresponden-con-la-realidad\/"},"author":{"name":"ponferrada2","@id":"https:\/\/agrupacionespsoe.es\/ponferrada\/#\/schema\/person\/cd29ee627f3b70c05d415f02596debaa"},"headline":"El Grupo Socialista evidencia que los discursos del alcalde sobre la inversi\u00f3n de la Junta no se corresponden con la realidad","datePublished":"2025-12-30T09:33:22+00:00","dateModified":"2025-12-30T09:56:59+00:00","mainEntityOfPage":{"@id":"https:\/\/agrupacionespsoe.es\/ponferrada\/el-grupo-socialista-evidencia-que-los-discursos-del-alcalde-sobre-la-inversion-de-la-junta-no-se-corresponden-con-la-realidad\/"},"wordCount":857,"commentCount":0,"publisher":{"@id":"https:\/\/agrupacionespsoe.es\/ponferrada\/#organization"},"image":{"@id":"https:\/\/agrupacionespsoe.es\/ponferrada\/el-grupo-socialista-evidencia-que-los-discursos-del-alcalde-sobre-la-inversion-de-la-junta-no-se-corresponden-con-la-realidad\/#primaryimage"},"thumbnailUrl":"https:\/\/agrupacionespsoe.es\/ponferrada\/wp-content\/uploads\/sites\/36\/2025\/11\/WhatsApp-Image-2025-11-20-at-12.57.30.jpeg","articleSection":["ACTUALIDAD"],"inLanguage":"es","potentialAction":[{"@type":"CommentAction","name":"Comment","target":["https:\/\/agrupacionespsoe.es\/ponferrada\/el-grupo-socialista-evidencia-que-los-discursos-del-alcalde-sobre-la-inversion-de-la-junta-no-se-corresponden-con-la-realidad\/#respond"]}]},{"@type":"WebPage","@id":"https:\/\/agrupacionespsoe.es\/ponferrada\/el-grupo-socialista-evidencia-que-los-discursos-del-alcalde-sobre-la-inversion-de-la-junta-no-se-corresponden-con-la-realidad\/","url":"https:\/\/agrupacionespsoe.es\/ponferrada\/el-grupo-socialista-evidencia-que-los-discursos-del-alcalde-sobre-la-inversion-de-la-junta-no-se-corresponden-con-la-realidad\/","name":"El Grupo Socialista evidencia que los discursos del alcalde sobre la inversi\u00f3n de la Junta no se corresponden con la realidad - Agrupaci\u00f3n Socialista de Ponferrada","isPartOf":{"@id":"https:\/\/agrupacionespsoe.es\/ponferrada\/#website"},"primaryImageOfPage":{"@id":"https:\/\/agrupacionespsoe.es\/ponferrada\/el-grupo-socialista-evidencia-que-los-discursos-del-alcalde-sobre-la-inversion-de-la-junta-no-se-corresponden-con-la-realidad\/#primaryimage"},"image":{"@id":"https:\/\/agrupacionespsoe.es\/ponferrada\/el-grupo-socialista-evidencia-que-los-discursos-del-alcalde-sobre-la-inversion-de-la-junta-no-se-corresponden-con-la-realidad\/#primaryimage"},"thumbnailUrl":"https:\/\/agrupacionespsoe.es\/ponferrada\/wp-content\/uploads\/sites\/36\/2025\/11\/WhatsApp-Image-2025-11-20-at-12.57.30.jpeg","datePublished":"2025-12-30T09:33:22+00:00","dateModified":"2025-12-30T09:56:59+00:00","breadcrumb":{"@id":"https:\/\/agrupacionespsoe.es\/ponferrada\/el-grupo-socialista-evidencia-que-los-discursos-del-alcalde-sobre-la-inversion-de-la-junta-no-se-corresponden-con-la-realidad\/#breadcrumb"},"inLanguage":"es","potentialAction":[{"@type":"ReadAction","target":["https:\/\/agrupacionespsoe.es\/ponferrada\/el-grupo-socialista-evidencia-que-los-discursos-del-alcalde-sobre-la-inversion-de-la-junta-no-se-corresponden-con-la-realidad\/"]}]},{"@type":"ImageObject","inLanguage":"es","@id":"https:\/\/agrupacionespsoe.es\/ponferrada\/el-grupo-socialista-evidencia-que-los-discursos-del-alcalde-sobre-la-inversion-de-la-junta-no-se-corresponden-con-la-realidad\/#primaryimage","url":"https:\/\/agrupacionespsoe.es\/ponferrada\/wp-content\/uploads\/sites\/36\/2025\/11\/WhatsApp-Image-2025-11-20-at-12.57.30.jpeg","contentUrl":"https:\/\/agrupacionespsoe.es\/ponferrada\/wp-content\/uploads\/sites\/36\/2025\/11\/WhatsApp-Image-2025-11-20-at-12.57.30.jpeg","width":1600,"height":1200},{"@type":"BreadcrumbList","@id":"https:\/\/agrupacionespsoe.es\/ponferrada\/el-grupo-socialista-evidencia-que-los-discursos-del-alcalde-sobre-la-inversion-de-la-junta-no-se-corresponden-con-la-realidad\/#breadcrumb","itemListElement":[{"@type":"ListItem","position":1,"name":"Portada","item":"https:\/\/agrupacionespsoe.es\/ponferrada\/"},{"@type":"ListItem","position":2,"name":"El Grupo Socialista evidencia que los discursos del alcalde sobre la inversi\u00f3n de la Junta no se corresponden con la realidad"}]},{"@type":"WebSite","@id":"https:\/\/agrupacionespsoe.es\/ponferrada\/#website","url":"https:\/\/agrupacionespsoe.es\/ponferrada\/","name":"Agrupaci\u00f3n Socialista de Ponferrada","description":"Agrupaci\u00f3n Socialista de Ponferrada","publisher":{"@id":"https:\/\/agrupacionespsoe.es\/ponferrada\/#organization"},"potentialAction":[{"@type":"SearchAction","target":{"@type":"EntryPoint","urlTemplate":"https:\/\/agrupacionespsoe.es\/ponferrada\/?s={search_term_string}"},"query-input":{"@type":"PropertyValueSpecification","valueRequired":true,"valueName":"search_term_string"}}],"inLanguage":"es"},{"@type":"Organization","@id":"https:\/\/agrupacionespsoe.es\/ponferrada\/#organization","name":"Agrupaci\u00f3n Socialista de Ponferrada","url":"https:\/\/agrupacionespsoe.es\/ponferrada\/","logo":{"@type":"ImageObject","inLanguage":"es","@id":"https:\/\/agrupacionespsoe.es\/ponferrada\/#\/schema\/logo\/image\/","url":"https:\/\/agrupacionespsoe.es\/wp-content\/uploads\/2022\/07\/Logotipo_electoral_del_PSOE.png","contentUrl":"https:\/\/agrupacionespsoe.es\/wp-content\/uploads\/2022\/07\/Logotipo_electoral_del_PSOE.png","width":422,"height":422,"caption":"Agrupaci\u00f3n Socialista de Ponferrada"},"image":{"@id":"https:\/\/agrupacionespsoe.es\/ponferrada\/#\/schema\/logo\/image\/"}},{"@type":"Person","@id":"https:\/\/agrupacionespsoe.es\/ponferrada\/#\/schema\/person\/cd29ee627f3b70c05d415f02596debaa","name":"ponferrada2","image":{"@type":"ImageObject","inLanguage":"es","@id":"https:\/\/agrupacionespsoe.es\/ponferrada\/#\/schema\/person\/image\/","url":"https:\/\/secure.gravatar.com\/avatar\/f499eeb60144c664cf7b7edf75549b50?s=96&d=mm&r=g","contentUrl":"https:\/\/secure.gravatar.com\/avatar\/f499eeb60144c664cf7b7edf75549b50?s=96&d=mm&r=g","caption":"ponferrada2"},"url":"https:\/\/agrupacionespsoe.es\/ponferrada\/author\/ponferrada2\/"}]}},"jetpack_featured_media_url":"https:\/\/agrupacionespsoe.es\/ponferrada\/wp-content\/uploads\/sites\/36\/2025\/11\/WhatsApp-Image-2025-11-20-at-12.57.30.jpeg","jetpack_sharing_enabled":true,"_links":{"self":[{"href":"https:\/\/agrupacionespsoe.es\/ponferrada\/wp-json\/wp\/v2\/posts\/1468","targetHints":{"allow":["GET"]}}],"collection":[{"href":"https:\/\/agrupacionespsoe.es\/ponferrada\/wp-json\/wp\/v2\/posts"}],"about":[{"href":"https:\/\/agrupacionespsoe.es\/ponferrada\/wp-json\/wp\/v2\/types\/post"}],"author":[{"embeddable":true,"href":"https:\/\/agrupacionespsoe.es\/ponferrada\/wp-json\/wp\/v2\/users\/32"}],"replies":[{"embeddable":true,"href":"https:\/\/agrupacionespsoe.es\/ponferrada\/wp-json\/wp\/v2\/comments?post=1468"}],"version-history":[{"count":3,"href":"https:\/\/agrupacionespsoe.es\/ponferrada\/wp-json\/wp\/v2\/posts\/1468\/revisions"}],"predecessor-version":[{"id":1471,"href":"https:\/\/agrupacionespsoe.es\/ponferrada\/wp-json\/wp\/v2\/posts\/1468\/revisions\/1471"}],"wp:featuredmedia":[{"embeddable":true,"href":"https:\/\/agrupacionespsoe.es\/ponferrada\/wp-json\/wp\/v2\/media\/1324"}],"wp:attachment":[{"href":"https:\/\/agrupacionespsoe.es\/ponferrada\/wp-json\/wp\/v2\/media?parent=1468"}],"wp:term":[{"taxonomy":"category","embeddable":true,"href":"https:\/\/agrupacionespsoe.es\/ponferrada\/wp-json\/wp\/v2\/categories?post=1468"},{"taxonomy":"post_tag","embeddable":true,"href":"https:\/\/agrupacionespsoe.es\/ponferrada\/wp-json\/wp\/v2\/tags?post=1468"}],"curies":[{"name":"wp","href":"https:\/\/api.w.org\/{rel}","templated":true}]}}