{"id":1463,"date":"2026-01-02T10:19:25","date_gmt":"2026-01-02T10:19:25","guid":{"rendered":"https:\/\/agrupacionespsoe.es\/ponferrada\/?p=1463"},"modified":"2025-12-29T10:29:09","modified_gmt":"2025-12-29T10:29:09","slug":"el-grupo-municipal-socialista-hace-su-particular-peticion-al-mago-chalupa","status":"publish","type":"post","link":"https:\/\/agrupacionespsoe.es\/ponferrada\/el-grupo-municipal-socialista-hace-su-particular-peticion-al-mago-chalupa\/","title":{"rendered":"El Grupo Municipal Socialista hace su particular petici\u00f3n al Mago Chalupa"},"content":{"rendered":"\n<h2 class=\"wp-block-heading\">Querido Mago Chalupa:<\/h2>\n\n\n\n<p>Sabemos que cada Navidad recorres Ponferrada recogiendo ilusiones para hacerlas llegar a Oriente, y por eso acudimos a ti con una petici\u00f3n que no nace de un capricho, sino de la preocupaci\u00f3n por el presente y el futuro de nuestra ciudad.<\/p>\n\n\n\n<p>Dile a los Reyes Magos que en Ponferrada necesitamos algo m\u00e1s que palabras bonitas, algo m\u00e1s que discursos llenos de \u201cfelicidad\u201d e \u201cilusi\u00f3n\u201d. Porque la ilusi\u00f3n, cuando no va acompa\u00f1ada de proyectos, gesti\u00f3n y trabajo, se queda en nada. Y de la ilusi\u00f3n no viven nuestros hijos e hijas, ni se construye un futuro para todos y todas en nuestro municipio.<\/p>\n\n\n\n<p>Hoy tenemos un alcalde que ya solo promete emociones, porque no puede ofrecer resultados. Un alcalde que habla de sonrisas mientras crecen las desigualdades, que vende entusiasmo mientras se paralizan proyectos y se abandonan servicios b\u00e1sicos. Y as\u00ed, Ponferrada avanza hacia un modelo injusto en el que hay ganadores y perdedores, barrios de primera y de segunda, y vecinos que cuentan\u2026 y otros que no.<\/p>\n\n\n\n<p>Dile a Sus Majestades que necesitamos un alcalde que gobierne para todos y todas, no solo para los de siempre. Que no concentre inversiones en unos pocos mientras otros barrios y pueblos ven c\u00f3mo se deteriora su d\u00eda a d\u00eda. Que no reparta privilegios, sino derechos.<\/p>\n\n\n\n<p>Un alcalde que no trate a la ciudadan\u00eda como p\u00fablico al que entretener con luces y m\u00fasica, sino como personas que necesitan empleo estable, vivienda accesible, servicios p\u00fablicos fuertes y una sanidad que funcione. Que entienda que gobernar no es generar titulares, sino resolver problemas.<\/p>\n\n\n\n<p>Os pedimos un alcalde que planifique y no improvise, que se anticipe a los problemas en lugar de llegar siempre tarde y culpar a otros de su falta de trabajo. Un alcalde que no viva de la herencia ajena mientras bloquea proyectos esenciales para el futuro de la ciudad, que no genere conflictos donde hab\u00eda soluciones y que no frene inversiones clave como el centro de salud de la zona alta por ocurrencias mal pensadas.<\/p>\n\n\n\n<p>Os pedimos un alcalde que se tome en serio el turismo y la cultura, que cuide los barrios y los pueblos y que entienda que gobernar es estar pendiente de lo cotidiano, no solo de la foto.<\/p>\n\n\n\n<p>Querido Mago Chalupa, p\u00eddele a los Reyes Magos que traigan a Ponferrada un liderazgo serio, justo y responsable. Porque queremos una ciudad donde no haya ciudadanos de primera y de segunda, donde el futuro no dependa del barrio en el que vivas ni del apellido que tengas.<\/p>\n\n\n\n<p>Queremos una Ponferrada en la que nuestros hijos e hijas puedan quedarse si as\u00ed lo desean, no porque tengan ilusi\u00f3n, sino porque tengan oportunidades reales.<\/p>\n\n\n\n<p>Confiamos en tu magia para que este mensaje llegue lejos. Porque Ponferrada merece mucho m\u00e1s.<\/p>\n\n\n\n<figure class=\"wp-block-image size-large\"><img loading=\"lazy\" decoding=\"async\" width=\"724\" height=\"1024\" src=\"https:\/\/agrupacionespsoe.es\/ponferrada\/wp-content\/uploads\/sites\/36\/2025\/12\/WhatsApp-Image-2025-12-29-at-11.06.54-724x1024.jpeg\" alt=\"\" class=\"wp-image-1464\" srcset=\"https:\/\/agrupacionespsoe.es\/ponferrada\/wp-content\/uploads\/sites\/36\/2025\/12\/WhatsApp-Image-2025-12-29-at-11.06.54-724x1024.jpeg 724w, https:\/\/agrupacionespsoe.es\/ponferrada\/wp-content\/uploads\/sites\/36\/2025\/12\/WhatsApp-Image-2025-12-29-at-11.06.54-212x300.jpeg 212w, https:\/\/agrupacionespsoe.es\/ponferrada\/wp-content\/uploads\/sites\/36\/2025\/12\/WhatsApp-Image-2025-12-29-at-11.06.54-768x1086.jpeg 768w, https:\/\/agrupacionespsoe.es\/ponferrada\/wp-content\/uploads\/sites\/36\/2025\/12\/WhatsApp-Image-2025-12-29-at-11.06.54-1086x1536.jpeg 1086w, https:\/\/agrupacionespsoe.es\/ponferrada\/wp-content\/uploads\/sites\/36\/2025\/12\/WhatsApp-Image-2025-12-29-at-11.06.54.jpeg 1131w\" sizes=\"auto, (max-width: 724px) 100vw, 724px\" \/><\/figure>\n","protected":false},"excerpt":{"rendered":"<p>Querido Mago Chalupa: Sabemos que cada Navidad recorres Ponferrada recogiendo ilusiones para hacerlas llegar a Oriente, y por eso acudimos a ti con una petici\u00f3n que no nace de un capricho, sino de la preocupaci\u00f3n por el presente y el futuro de nuestra ciudad. Dile a los Reyes Magos que en Ponferrada necesitamos algo m\u00e1s &#8230;<\/p>\n","protected":false},"author":32,"featured_media":1465,"comment_status":"open","ping_status":"open","sticky":false,"template":"","format":"standard","meta":{"_jetpack_memberships_contains_paid_content":false,"footnotes":""},"categories":[6],"tags":[],"class_list":["post-1463","post","type-post","status-publish","format-standard","has-post-thumbnail","hentry","category-actualidad"],"yoast_head":"<!-- This site is optimized with the Yoast SEO plugin v24.0 - https:\/\/yoast.com\/wordpress\/plugins\/seo\/ -->\n<title>El Grupo Municipal Socialista hace su particular petici\u00f3n al Mago Chalupa - Agrupaci\u00f3n Socialista de Ponferrada<\/title>\n<meta name=\"robots\" content=\"index, follow, max-snippet:-1, max-image-preview:large, max-video-preview:-1\" \/>\n<link rel=\"canonical\" href=\"https:\/\/agrupacionespsoe.es\/ponferrada\/el-grupo-municipal-socialista-hace-su-particular-peticion-al-mago-chalupa\/\" \/>\n<meta property=\"og:locale\" content=\"es_ES\" \/>\n<meta property=\"og:type\" content=\"article\" \/>\n<meta property=\"og:title\" content=\"El Grupo Municipal Socialista hace su particular petici\u00f3n al Mago Chalupa - Agrupaci\u00f3n Socialista de Ponferrada\" \/>\n<meta property=\"og:description\" content=\"Querido Mago Chalupa: Sabemos que cada Navidad recorres Ponferrada recogiendo ilusiones para hacerlas llegar a Oriente, y por eso acudimos a ti con una petici\u00f3n que no nace de un capricho, sino de la preocupaci\u00f3n por el presente y el futuro de nuestra ciudad. Dile a los Reyes Magos que en Ponferrada necesitamos algo m\u00e1s ...\" \/>\n<meta property=\"og:url\" content=\"https:\/\/agrupacionespsoe.es\/ponferrada\/el-grupo-municipal-socialista-hace-su-particular-peticion-al-mago-chalupa\/\" \/>\n<meta property=\"og:site_name\" content=\"Agrupaci\u00f3n Socialista de Ponferrada\" \/>\n<meta property=\"article:published_time\" content=\"2026-01-02T10:19:25+00:00\" \/>\n<meta property=\"article:modified_time\" content=\"2025-12-29T10:29:09+00:00\" \/>\n<meta property=\"og:image\" content=\"https:\/\/agrupacionespsoe.es\/ponferrada\/wp-content\/uploads\/sites\/36\/2025\/12\/WhatsApp-Image-2025-12-29-at-11.06.54-1.jpeg\" \/>\n\t<meta property=\"og:image:width\" content=\"1131\" \/>\n\t<meta property=\"og:image:height\" content=\"1600\" \/>\n\t<meta property=\"og:image:type\" content=\"image\/jpeg\" \/>\n<meta name=\"author\" content=\"ponferrada2\" \/>\n<meta name=\"twitter:card\" content=\"summary_large_image\" \/>\n<meta name=\"twitter:label1\" content=\"Escrito por\" \/>\n\t<meta name=\"twitter:data1\" content=\"ponferrada2\" \/>\n\t<meta name=\"twitter:label2\" content=\"Tiempo de lectura\" \/>\n\t<meta name=\"twitter:data2\" content=\"3 minutos\" \/>\n<script type=\"application\/ld+json\" class=\"yoast-schema-graph\">{\"@context\":\"https:\/\/schema.org\",\"@graph\":[{\"@type\":\"Article\",\"@id\":\"https:\/\/agrupacionespsoe.es\/ponferrada\/el-grupo-municipal-socialista-hace-su-particular-peticion-al-mago-chalupa\/#article\",\"isPartOf\":{\"@id\":\"https:\/\/agrupacionespsoe.es\/ponferrada\/el-grupo-municipal-socialista-hace-su-particular-peticion-al-mago-chalupa\/\"},\"author\":{\"name\":\"ponferrada2\",\"@id\":\"https:\/\/agrupacionespsoe.es\/ponferrada\/#\/schema\/person\/cd29ee627f3b70c05d415f02596debaa\"},\"headline\":\"El Grupo Municipal Socialista hace su particular petici\u00f3n al Mago Chalupa\",\"datePublished\":\"2026-01-02T10:19:25+00:00\",\"dateModified\":\"2025-12-29T10:29:09+00:00\",\"mainEntityOfPage\":{\"@id\":\"https:\/\/agrupacionespsoe.es\/ponferrada\/el-grupo-municipal-socialista-hace-su-particular-peticion-al-mago-chalupa\/\"},\"wordCount\":493,\"commentCount\":0,\"publisher\":{\"@id\":\"https:\/\/agrupacionespsoe.es\/ponferrada\/#organization\"},\"image\":{\"@id\":\"https:\/\/agrupacionespsoe.es\/ponferrada\/el-grupo-municipal-socialista-hace-su-particular-peticion-al-mago-chalupa\/#primaryimage\"},\"thumbnailUrl\":\"https:\/\/agrupacionespsoe.es\/ponferrada\/wp-content\/uploads\/sites\/36\/2025\/12\/WhatsApp-Image-2025-12-29-at-11.06.54-1.jpeg\",\"articleSection\":[\"ACTUALIDAD\"],\"inLanguage\":\"es\",\"potentialAction\":[{\"@type\":\"CommentAction\",\"name\":\"Comment\",\"target\":[\"https:\/\/agrupacionespsoe.es\/ponferrada\/el-grupo-municipal-socialista-hace-su-particular-peticion-al-mago-chalupa\/#respond\"]}]},{\"@type\":\"WebPage\",\"@id\":\"https:\/\/agrupacionespsoe.es\/ponferrada\/el-grupo-municipal-socialista-hace-su-particular-peticion-al-mago-chalupa\/\",\"url\":\"https:\/\/agrupacionespsoe.es\/ponferrada\/el-grupo-municipal-socialista-hace-su-particular-peticion-al-mago-chalupa\/\",\"name\":\"El Grupo Municipal Socialista hace su particular petici\u00f3n al Mago Chalupa - Agrupaci\u00f3n Socialista de Ponferrada\",\"isPartOf\":{\"@id\":\"https:\/\/agrupacionespsoe.es\/ponferrada\/#website\"},\"primaryImageOfPage\":{\"@id\":\"https:\/\/agrupacionespsoe.es\/ponferrada\/el-grupo-municipal-socialista-hace-su-particular-peticion-al-mago-chalupa\/#primaryimage\"},\"image\":{\"@id\":\"https:\/\/agrupacionespsoe.es\/ponferrada\/el-grupo-municipal-socialista-hace-su-particular-peticion-al-mago-chalupa\/#primaryimage\"},\"thumbnailUrl\":\"https:\/\/agrupacionespsoe.es\/ponferrada\/wp-content\/uploads\/sites\/36\/2025\/12\/WhatsApp-Image-2025-12-29-at-11.06.54-1.jpeg\",\"datePublished\":\"2026-01-02T10:19:25+00:00\",\"dateModified\":\"2025-12-29T10:29:09+00:00\",\"breadcrumb\":{\"@id\":\"https:\/\/agrupacionespsoe.es\/ponferrada\/el-grupo-municipal-socialista-hace-su-particular-peticion-al-mago-chalupa\/#breadcrumb\"},\"inLanguage\":\"es\",\"potentialAction\":[{\"@type\":\"ReadAction\",\"target\":[\"https:\/\/agrupacionespsoe.es\/ponferrada\/el-grupo-municipal-socialista-hace-su-particular-peticion-al-mago-chalupa\/\"]}]},{\"@type\":\"ImageObject\",\"inLanguage\":\"es\",\"@id\":\"https:\/\/agrupacionespsoe.es\/ponferrada\/el-grupo-municipal-socialista-hace-su-particular-peticion-al-mago-chalupa\/#primaryimage\",\"url\":\"https:\/\/agrupacionespsoe.es\/ponferrada\/wp-content\/uploads\/sites\/36\/2025\/12\/WhatsApp-Image-2025-12-29-at-11.06.54-1.jpeg\",\"contentUrl\":\"https:\/\/agrupacionespsoe.es\/ponferrada\/wp-content\/uploads\/sites\/36\/2025\/12\/WhatsApp-Image-2025-12-29-at-11.06.54-1.jpeg\",\"width\":1131,\"height\":1600},{\"@type\":\"BreadcrumbList\",\"@id\":\"https:\/\/agrupacionespsoe.es\/ponferrada\/el-grupo-municipal-socialista-hace-su-particular-peticion-al-mago-chalupa\/#breadcrumb\",\"itemListElement\":[{\"@type\":\"ListItem\",\"position\":1,\"name\":\"Portada\",\"item\":\"https:\/\/agrupacionespsoe.es\/ponferrada\/\"},{\"@type\":\"ListItem\",\"position\":2,\"name\":\"El Grupo Municipal Socialista hace su particular petici\u00f3n al Mago Chalupa\"}]},{\"@type\":\"WebSite\",\"@id\":\"https:\/\/agrupacionespsoe.es\/ponferrada\/#website\",\"url\":\"https:\/\/agrupacionespsoe.es\/ponferrada\/\",\"name\":\"Agrupaci\u00f3n Socialista de Ponferrada\",\"description\":\"Agrupaci\u00f3n Socialista de Ponferrada\",\"publisher\":{\"@id\":\"https:\/\/agrupacionespsoe.es\/ponferrada\/#organization\"},\"potentialAction\":[{\"@type\":\"SearchAction\",\"target\":{\"@type\":\"EntryPoint\",\"urlTemplate\":\"https:\/\/agrupacionespsoe.es\/ponferrada\/?s={search_term_string}\"},\"query-input\":{\"@type\":\"PropertyValueSpecification\",\"valueRequired\":true,\"valueName\":\"search_term_string\"}}],\"inLanguage\":\"es\"},{\"@type\":\"Organization\",\"@id\":\"https:\/\/agrupacionespsoe.es\/ponferrada\/#organization\",\"name\":\"Agrupaci\u00f3n Socialista de Ponferrada\",\"url\":\"https:\/\/agrupacionespsoe.es\/ponferrada\/\",\"logo\":{\"@type\":\"ImageObject\",\"inLanguage\":\"es\",\"@id\":\"https:\/\/agrupacionespsoe.es\/ponferrada\/#\/schema\/logo\/image\/\",\"url\":\"https:\/\/agrupacionespsoe.es\/wp-content\/uploads\/2022\/07\/Logotipo_electoral_del_PSOE.png\",\"contentUrl\":\"https:\/\/agrupacionespsoe.es\/wp-content\/uploads\/2022\/07\/Logotipo_electoral_del_PSOE.png\",\"width\":422,\"height\":422,\"caption\":\"Agrupaci\u00f3n Socialista de Ponferrada\"},\"image\":{\"@id\":\"https:\/\/agrupacionespsoe.es\/ponferrada\/#\/schema\/logo\/image\/\"}},{\"@type\":\"Person\",\"@id\":\"https:\/\/agrupacionespsoe.es\/ponferrada\/#\/schema\/person\/cd29ee627f3b70c05d415f02596debaa\",\"name\":\"ponferrada2\",\"image\":{\"@type\":\"ImageObject\",\"inLanguage\":\"es\",\"@id\":\"https:\/\/agrupacionespsoe.es\/ponferrada\/#\/schema\/person\/image\/\",\"url\":\"https:\/\/secure.gravatar.com\/avatar\/f499eeb60144c664cf7b7edf75549b50?s=96&d=mm&r=g\",\"contentUrl\":\"https:\/\/secure.gravatar.com\/avatar\/f499eeb60144c664cf7b7edf75549b50?s=96&d=mm&r=g\",\"caption\":\"ponferrada2\"},\"url\":\"https:\/\/agrupacionespsoe.es\/ponferrada\/author\/ponferrada2\/\"}]}<\/script>\n<!-- \/ Yoast SEO plugin. -->","yoast_head_json":{"title":"El Grupo Municipal Socialista hace su particular petici\u00f3n al Mago Chalupa - Agrupaci\u00f3n Socialista de Ponferrada","robots":{"index":"index","follow":"follow","max-snippet":"max-snippet:-1","max-image-preview":"max-image-preview:large","max-video-preview":"max-video-preview:-1"},"canonical":"https:\/\/agrupacionespsoe.es\/ponferrada\/el-grupo-municipal-socialista-hace-su-particular-peticion-al-mago-chalupa\/","og_locale":"es_ES","og_type":"article","og_title":"El Grupo Municipal Socialista hace su particular petici\u00f3n al Mago Chalupa - Agrupaci\u00f3n Socialista de Ponferrada","og_description":"Querido Mago Chalupa: Sabemos que cada Navidad recorres Ponferrada recogiendo ilusiones para hacerlas llegar a Oriente, y por eso acudimos a ti con una petici\u00f3n que no nace de un capricho, sino de la preocupaci\u00f3n por el presente y el futuro de nuestra ciudad. Dile a los Reyes Magos que en Ponferrada necesitamos algo m\u00e1s ...","og_url":"https:\/\/agrupacionespsoe.es\/ponferrada\/el-grupo-municipal-socialista-hace-su-particular-peticion-al-mago-chalupa\/","og_site_name":"Agrupaci\u00f3n Socialista de Ponferrada","article_published_time":"2026-01-02T10:19:25+00:00","article_modified_time":"2025-12-29T10:29:09+00:00","og_image":[{"width":1131,"height":1600,"url":"https:\/\/agrupacionespsoe.es\/ponferrada\/wp-content\/uploads\/sites\/36\/2025\/12\/WhatsApp-Image-2025-12-29-at-11.06.54-1.jpeg","type":"image\/jpeg"}],"author":"ponferrada2","twitter_card":"summary_large_image","twitter_misc":{"Escrito por":"ponferrada2","Tiempo de lectura":"3 minutos"},"schema":{"@context":"https:\/\/schema.org","@graph":[{"@type":"Article","@id":"https:\/\/agrupacionespsoe.es\/ponferrada\/el-grupo-municipal-socialista-hace-su-particular-peticion-al-mago-chalupa\/#article","isPartOf":{"@id":"https:\/\/agrupacionespsoe.es\/ponferrada\/el-grupo-municipal-socialista-hace-su-particular-peticion-al-mago-chalupa\/"},"author":{"name":"ponferrada2","@id":"https:\/\/agrupacionespsoe.es\/ponferrada\/#\/schema\/person\/cd29ee627f3b70c05d415f02596debaa"},"headline":"El Grupo Municipal Socialista hace su particular petici\u00f3n al Mago Chalupa","datePublished":"2026-01-02T10:19:25+00:00","dateModified":"2025-12-29T10:29:09+00:00","mainEntityOfPage":{"@id":"https:\/\/agrupacionespsoe.es\/ponferrada\/el-grupo-municipal-socialista-hace-su-particular-peticion-al-mago-chalupa\/"},"wordCount":493,"commentCount":0,"publisher":{"@id":"https:\/\/agrupacionespsoe.es\/ponferrada\/#organization"},"image":{"@id":"https:\/\/agrupacionespsoe.es\/ponferrada\/el-grupo-municipal-socialista-hace-su-particular-peticion-al-mago-chalupa\/#primaryimage"},"thumbnailUrl":"https:\/\/agrupacionespsoe.es\/ponferrada\/wp-content\/uploads\/sites\/36\/2025\/12\/WhatsApp-Image-2025-12-29-at-11.06.54-1.jpeg","articleSection":["ACTUALIDAD"],"inLanguage":"es","potentialAction":[{"@type":"CommentAction","name":"Comment","target":["https:\/\/agrupacionespsoe.es\/ponferrada\/el-grupo-municipal-socialista-hace-su-particular-peticion-al-mago-chalupa\/#respond"]}]},{"@type":"WebPage","@id":"https:\/\/agrupacionespsoe.es\/ponferrada\/el-grupo-municipal-socialista-hace-su-particular-peticion-al-mago-chalupa\/","url":"https:\/\/agrupacionespsoe.es\/ponferrada\/el-grupo-municipal-socialista-hace-su-particular-peticion-al-mago-chalupa\/","name":"El Grupo Municipal Socialista hace su particular petici\u00f3n al Mago Chalupa - Agrupaci\u00f3n Socialista de Ponferrada","isPartOf":{"@id":"https:\/\/agrupacionespsoe.es\/ponferrada\/#website"},"primaryImageOfPage":{"@id":"https:\/\/agrupacionespsoe.es\/ponferrada\/el-grupo-municipal-socialista-hace-su-particular-peticion-al-mago-chalupa\/#primaryimage"},"image":{"@id":"https:\/\/agrupacionespsoe.es\/ponferrada\/el-grupo-municipal-socialista-hace-su-particular-peticion-al-mago-chalupa\/#primaryimage"},"thumbnailUrl":"https:\/\/agrupacionespsoe.es\/ponferrada\/wp-content\/uploads\/sites\/36\/2025\/12\/WhatsApp-Image-2025-12-29-at-11.06.54-1.jpeg","datePublished":"2026-01-02T10:19:25+00:00","dateModified":"2025-12-29T10:29:09+00:00","breadcrumb":{"@id":"https:\/\/agrupacionespsoe.es\/ponferrada\/el-grupo-municipal-socialista-hace-su-particular-peticion-al-mago-chalupa\/#breadcrumb"},"inLanguage":"es","potentialAction":[{"@type":"ReadAction","target":["https:\/\/agrupacionespsoe.es\/ponferrada\/el-grupo-municipal-socialista-hace-su-particular-peticion-al-mago-chalupa\/"]}]},{"@type":"ImageObject","inLanguage":"es","@id":"https:\/\/agrupacionespsoe.es\/ponferrada\/el-grupo-municipal-socialista-hace-su-particular-peticion-al-mago-chalupa\/#primaryimage","url":"https:\/\/agrupacionespsoe.es\/ponferrada\/wp-content\/uploads\/sites\/36\/2025\/12\/WhatsApp-Image-2025-12-29-at-11.06.54-1.jpeg","contentUrl":"https:\/\/agrupacionespsoe.es\/ponferrada\/wp-content\/uploads\/sites\/36\/2025\/12\/WhatsApp-Image-2025-12-29-at-11.06.54-1.jpeg","width":1131,"height":1600},{"@type":"BreadcrumbList","@id":"https:\/\/agrupacionespsoe.es\/ponferrada\/el-grupo-municipal-socialista-hace-su-particular-peticion-al-mago-chalupa\/#breadcrumb","itemListElement":[{"@type":"ListItem","position":1,"name":"Portada","item":"https:\/\/agrupacionespsoe.es\/ponferrada\/"},{"@type":"ListItem","position":2,"name":"El Grupo Municipal Socialista hace su particular petici\u00f3n al Mago Chalupa"}]},{"@type":"WebSite","@id":"https:\/\/agrupacionespsoe.es\/ponferrada\/#website","url":"https:\/\/agrupacionespsoe.es\/ponferrada\/","name":"Agrupaci\u00f3n Socialista de Ponferrada","description":"Agrupaci\u00f3n Socialista de Ponferrada","publisher":{"@id":"https:\/\/agrupacionespsoe.es\/ponferrada\/#organization"},"potentialAction":[{"@type":"SearchAction","target":{"@type":"EntryPoint","urlTemplate":"https:\/\/agrupacionespsoe.es\/ponferrada\/?s={search_term_string}"},"query-input":{"@type":"PropertyValueSpecification","valueRequired":true,"valueName":"search_term_string"}}],"inLanguage":"es"},{"@type":"Organization","@id":"https:\/\/agrupacionespsoe.es\/ponferrada\/#organization","name":"Agrupaci\u00f3n Socialista de Ponferrada","url":"https:\/\/agrupacionespsoe.es\/ponferrada\/","logo":{"@type":"ImageObject","inLanguage":"es","@id":"https:\/\/agrupacionespsoe.es\/ponferrada\/#\/schema\/logo\/image\/","url":"https:\/\/agrupacionespsoe.es\/wp-content\/uploads\/2022\/07\/Logotipo_electoral_del_PSOE.png","contentUrl":"https:\/\/agrupacionespsoe.es\/wp-content\/uploads\/2022\/07\/Logotipo_electoral_del_PSOE.png","width":422,"height":422,"caption":"Agrupaci\u00f3n Socialista de Ponferrada"},"image":{"@id":"https:\/\/agrupacionespsoe.es\/ponferrada\/#\/schema\/logo\/image\/"}},{"@type":"Person","@id":"https:\/\/agrupacionespsoe.es\/ponferrada\/#\/schema\/person\/cd29ee627f3b70c05d415f02596debaa","name":"ponferrada2","image":{"@type":"ImageObject","inLanguage":"es","@id":"https:\/\/agrupacionespsoe.es\/ponferrada\/#\/schema\/person\/image\/","url":"https:\/\/secure.gravatar.com\/avatar\/f499eeb60144c664cf7b7edf75549b50?s=96&d=mm&r=g","contentUrl":"https:\/\/secure.gravatar.com\/avatar\/f499eeb60144c664cf7b7edf75549b50?s=96&d=mm&r=g","caption":"ponferrada2"},"url":"https:\/\/agrupacionespsoe.es\/ponferrada\/author\/ponferrada2\/"}]}},"jetpack_featured_media_url":"https:\/\/agrupacionespsoe.es\/ponferrada\/wp-content\/uploads\/sites\/36\/2025\/12\/WhatsApp-Image-2025-12-29-at-11.06.54-1.jpeg","jetpack_sharing_enabled":true,"_links":{"self":[{"href":"https:\/\/agrupacionespsoe.es\/ponferrada\/wp-json\/wp\/v2\/posts\/1463","targetHints":{"allow":["GET"]}}],"collection":[{"href":"https:\/\/agrupacionespsoe.es\/ponferrada\/wp-json\/wp\/v2\/posts"}],"about":[{"href":"https:\/\/agrupacionespsoe.es\/ponferrada\/wp-json\/wp\/v2\/types\/post"}],"author":[{"embeddable":true,"href":"https:\/\/agrupacionespsoe.es\/ponferrada\/wp-json\/wp\/v2\/users\/32"}],"replies":[{"embeddable":true,"href":"https:\/\/agrupacionespsoe.es\/ponferrada\/wp-json\/wp\/v2\/comments?post=1463"}],"version-history":[{"count":2,"href":"https:\/\/agrupacionespsoe.es\/ponferrada\/wp-json\/wp\/v2\/posts\/1463\/revisions"}],"predecessor-version":[{"id":1467,"href":"https:\/\/agrupacionespsoe.es\/ponferrada\/wp-json\/wp\/v2\/posts\/1463\/revisions\/1467"}],"wp:featuredmedia":[{"embeddable":true,"href":"https:\/\/agrupacionespsoe.es\/ponferrada\/wp-json\/wp\/v2\/media\/1465"}],"wp:attachment":[{"href":"https:\/\/agrupacionespsoe.es\/ponferrada\/wp-json\/wp\/v2\/media?parent=1463"}],"wp:term":[{"taxonomy":"category","embeddable":true,"href":"https:\/\/agrupacionespsoe.es\/ponferrada\/wp-json\/wp\/v2\/categories?post=1463"},{"taxonomy":"post_tag","embeddable":true,"href":"https:\/\/agrupacionespsoe.es\/ponferrada\/wp-json\/wp\/v2\/tags?post=1463"}],"curies":[{"name":"wp","href":"https:\/\/api.w.org\/{rel}","templated":true}]}}