{"id":1453,"date":"2025-12-22T12:16:40","date_gmt":"2025-12-22T12:16:40","guid":{"rendered":"https:\/\/agrupacionespsoe.es\/ponferrada\/?p=1453"},"modified":"2025-12-22T12:16:58","modified_gmt":"2025-12-22T12:16:58","slug":"cuando-el-odio-te-toca-a-ti-reflexiones-sobre-intolerancia-y-violencia-olegario-ramon","status":"publish","type":"post","link":"https:\/\/agrupacionespsoe.es\/ponferrada\/cuando-el-odio-te-toca-a-ti-reflexiones-sobre-intolerancia-y-violencia-olegario-ramon\/","title":{"rendered":"Cuando el odio te toca a ti: reflexiones sobre intolerancia y violencia. Olegario Ram\u00f3n"},"content":{"rendered":"\n<p>Los hechos est\u00e1n probados, fueron grabados y documentados\u2026 Durante meses la Sede del PSOE de Ponferrada se convirti\u00f3 en un lugar asediado. No era un incidente aislado, sino una presi\u00f3n constante. Grupos organizados, inicialmente alentados por partidos de derechas y ultraderecha, se concentraban frente a nuestras sedes, con insultos, provocaciones y gestos de intimidaci\u00f3n que buscaban minar nuestra tranquilidad y nuestra libertad. Incluso cargos p\u00fablicos de partidos que estaban en el equipo de gobierno de Ponferrada acud\u00edan a esas concentraciones . No era solo ruido; era odio. Tuvimos que modificar nuestros horarios y cambiar nuestra vida org\u00e1nica para evitar coincidir con los manifestantes, y en m\u00e1s de una ocasi\u00f3n tuvimos que suspender actividades, conscientes de que no est\u00e1bamos en un espacio seguro.<\/p>\n\n\n\n<p>Finalmente la espiral de insultos, provocaciones, etc dio un paso m\u00e1s y la violencia apareci\u00f3. Los hechos que han sido objeto de sentencia ocurrieron en un contexto de tensi\u00f3n diaria que se ven\u00eda produciendo desde hac\u00eda varios meses. Fui agredido, sufriendo lesiones f\u00edsicas que, aunque calificadas como leves, fueron el resultado de un ataque cargado de odio. La agresi\u00f3n no surge de la nada: es la consecuencia de meses de acoso, de insultos repetidos, de una escalada sostenida de provocaci\u00f3n. Los tribunales han probado estos hechos, y eso es importante: los hechos son incontestables.<\/p>\n\n\n\n<p>Sin embargo, la pena impuesta al agresor me deja un sabor amargo. Aun reconoci\u00e9ndose la gravedad de las lesiones y la intencionalidad de la agresi\u00f3n, la sanci\u00f3n no parece proporcional al impacto que estos hechos han tenido, ni a la persistente sensaci\u00f3n de vulnerabilidad que generaron en nuestro d\u00eda a d\u00eda. No se trata solo de m\u00ed: se trata de un mensaje social. Cuando la violencia y la intimidaci\u00f3n se enfrentan con una respuesta leve, la sensaci\u00f3n de impunidad se extiende, y con ella la normalizaci\u00f3n de conductas intolerantes.<\/p>\n\n\n\n<p>La sentencia considera cre\u00edble que el agresor no me conoc\u00eda. Tengo el&nbsp; convencimiento personal, y creo que es la opini\u00f3n generalizada y l\u00f3gica, de que el agresor conoc\u00eda perfectamente qui\u00e9n era la persona a la que agred\u00eda y mis responsabilidades. M\u00e1s all\u00e1 de ese convencimiento, hay un elemento de prueba que se recoge en una de las grabaciones: el agresor, fuera de s\u00ed se dirige a m\u00ed y me dice \u201c Tu a m\u00ed me la chupas, como tu jefe. Sois unos ladrones\u201d.<\/p>\n\n\n\n<p>Vivimos en un tiempo de crispaci\u00f3n social creciente. La polarizaci\u00f3n pol\u00edtica y los discursos de odio no son solo palabras; son herramientas que legitiman la intolerancia y la violencia. Atacan a quienes pensamos diferente, a quienes defendemos valores de respeto y convivencia pac\u00edfica. Se se\u00f1ala al distinto, se estigmatiza al vecino, se banaliza la agresi\u00f3n. Y detr\u00e1s de cada insulto, de cada amenaza, se construye un clima donde la libertad de unos se limita por el miedo de otros.<\/p>\n\n\n\n<p>Es doloroso constatar c\u00f3mo la falta de respeto y la agresi\u00f3n sistem\u00e1tica pueden menoscabar la vida cotidiana de personas y organizaciones que simplemente ejercemos nuestro derecho a participar en democracia. No se trata solo de los golpes o de las lesiones: se trata de la sensaci\u00f3n de estar bajo vigilancia, de caminar con cautela, de sentir que cualquier gesto puede desencadenar la violencia de quienes creen que la intimidaci\u00f3n es un medio leg\u00edtimo para imponer su ideolog\u00eda.<\/p>\n\n\n\n<p>Esta experiencia me ha ense\u00f1ado que la protecci\u00f3n frente al odio no es solo un asunto personal, sino una responsabilidad colectiva. Las leyes existen para protegernos, pero tambi\u00e9n para enviar un mensaje a la sociedad: que la violencia, la discriminaci\u00f3n y la intolerancia no tienen cabida. Cada acto de acoso, cada agresi\u00f3n, cada insulto constante erosiona la convivencia pac\u00edfica y debilita el respeto mutuo. La justicia no solo debe reparar el da\u00f1o a la v\u00edctima, sino reafirmar los valores que sostienen nuestra vida en com\u00fan: la igualdad, la dignidad y la tolerancia.<\/p>\n\n\n\n<p>No podemos permitir que la agresi\u00f3n al diferente, el ataque a quien disiente o el desprecio a quienes pensamos distinto, se convierta en un m\u00e9todo normalizado de convivencia. La democracia no se defiende con insultos ni con violencia; se sostiene con respeto y responsabilidad. Cada golpe, cada amenaza, cada manifestaci\u00f3n de odio deja cicatrices que van m\u00e1s all\u00e1 de lo f\u00edsico: afecta a la confianza en la justicia, en las instituciones y en la propia sociedad.<\/p>\n\n\n\n<p>Quiero decir alto y claro que no podemos normalizar la violencia ni tolerar la intimidaci\u00f3n. La sociedad debe reconocer la gravedad de estos actos, entender la repercusi\u00f3n de los discursos de odio y proteger a quienes vivimos y trabajamos en libertad. Los hechos est\u00e1n probados, la agresi\u00f3n ocurri\u00f3, y la condena impuesta, aunque reconocida, no parece suficiente frente a la magnitud del ataque y el contexto social en el que se produjo.<\/p>\n\n\n\n<p>No se trata de victimismo: se trata de memoria, de justicia y de responsabilidad. Porque cada agresi\u00f3n que queda sin respuesta adecuada deja un espacio para que el odio se reproduzca, y no podemos permitir que nuestra convivencia democr\u00e1tica se fragmente por la intolerancia.<\/p>\n\n\n\n<figure class=\"wp-block-image size-large\"><img loading=\"lazy\" decoding=\"async\" width=\"1024\" height=\"984\" src=\"https:\/\/agrupacionespsoe.es\/ponferrada\/wp-content\/uploads\/sites\/36\/2025\/07\/WhatsApp-Image-2025-07-10-at-12.28.00-1024x984.jpeg\" alt=\"\" class=\"wp-image-997\" srcset=\"https:\/\/agrupacionespsoe.es\/ponferrada\/wp-content\/uploads\/sites\/36\/2025\/07\/WhatsApp-Image-2025-07-10-at-12.28.00-1024x984.jpeg 1024w, https:\/\/agrupacionespsoe.es\/ponferrada\/wp-content\/uploads\/sites\/36\/2025\/07\/WhatsApp-Image-2025-07-10-at-12.28.00-300x288.jpeg 300w, https:\/\/agrupacionespsoe.es\/ponferrada\/wp-content\/uploads\/sites\/36\/2025\/07\/WhatsApp-Image-2025-07-10-at-12.28.00-768x738.jpeg 768w, https:\/\/agrupacionespsoe.es\/ponferrada\/wp-content\/uploads\/sites\/36\/2025\/07\/WhatsApp-Image-2025-07-10-at-12.28.00-1536x1476.jpeg 1536w, https:\/\/agrupacionespsoe.es\/ponferrada\/wp-content\/uploads\/sites\/36\/2025\/07\/WhatsApp-Image-2025-07-10-at-12.28.00.jpeg 1600w\" sizes=\"auto, (max-width: 1024px) 100vw, 1024px\" \/><\/figure>\n","protected":false},"excerpt":{"rendered":"<p>Los hechos est\u00e1n probados, fueron grabados y documentados\u2026 Durante meses la Sede del PSOE de Ponferrada se convirti\u00f3 en un lugar asediado. No era un incidente aislado, sino una presi\u00f3n constante. Grupos organizados, inicialmente alentados por partidos de derechas y ultraderecha, se concentraban frente a nuestras sedes, con insultos, provocaciones y gestos de intimidaci\u00f3n que &#8230;<\/p>\n","protected":false},"author":32,"featured_media":1444,"comment_status":"open","ping_status":"open","sticky":false,"template":"","format":"standard","meta":{"_jetpack_memberships_contains_paid_content":false,"footnotes":""},"categories":[6],"tags":[],"class_list":["post-1453","post","type-post","status-publish","format-standard","has-post-thumbnail","hentry","category-actualidad"],"yoast_head":"<!-- This site is optimized with the Yoast SEO plugin v24.0 - https:\/\/yoast.com\/wordpress\/plugins\/seo\/ -->\n<title>Cuando el odio te toca a ti: reflexiones sobre intolerancia y violencia. Olegario Ram\u00f3n - Agrupaci\u00f3n Socialista de Ponferrada<\/title>\n<meta name=\"robots\" content=\"index, follow, max-snippet:-1, max-image-preview:large, max-video-preview:-1\" \/>\n<link rel=\"canonical\" href=\"https:\/\/agrupacionespsoe.es\/ponferrada\/cuando-el-odio-te-toca-a-ti-reflexiones-sobre-intolerancia-y-violencia-olegario-ramon\/\" \/>\n<meta property=\"og:locale\" content=\"es_ES\" \/>\n<meta property=\"og:type\" content=\"article\" \/>\n<meta property=\"og:title\" content=\"Cuando el odio te toca a ti: reflexiones sobre intolerancia y violencia. Olegario Ram\u00f3n - Agrupaci\u00f3n Socialista de Ponferrada\" \/>\n<meta property=\"og:description\" content=\"Los hechos est\u00e1n probados, fueron grabados y documentados\u2026 Durante meses la Sede del PSOE de Ponferrada se convirti\u00f3 en un lugar asediado. No era un incidente aislado, sino una presi\u00f3n constante. Grupos organizados, inicialmente alentados por partidos de derechas y ultraderecha, se concentraban frente a nuestras sedes, con insultos, provocaciones y gestos de intimidaci\u00f3n que ...\" \/>\n<meta property=\"og:url\" content=\"https:\/\/agrupacionespsoe.es\/ponferrada\/cuando-el-odio-te-toca-a-ti-reflexiones-sobre-intolerancia-y-violencia-olegario-ramon\/\" \/>\n<meta property=\"og:site_name\" content=\"Agrupaci\u00f3n Socialista de Ponferrada\" \/>\n<meta property=\"article:published_time\" content=\"2025-12-22T12:16:40+00:00\" \/>\n<meta property=\"article:modified_time\" content=\"2025-12-22T12:16:58+00:00\" \/>\n<meta property=\"og:image\" content=\"https:\/\/agrupacionespsoe.es\/ponferrada\/wp-content\/uploads\/sites\/36\/2025\/12\/WhatsApp-Image-2025-12-18-at-13.30.19.jpeg\" \/>\n\t<meta property=\"og:image:width\" content=\"1320\" \/>\n\t<meta property=\"og:image:height\" content=\"1771\" \/>\n\t<meta property=\"og:image:type\" content=\"image\/jpeg\" \/>\n<meta name=\"author\" content=\"ponferrada2\" \/>\n<meta name=\"twitter:card\" content=\"summary_large_image\" \/>\n<meta name=\"twitter:label1\" content=\"Escrito por\" \/>\n\t<meta name=\"twitter:data1\" content=\"ponferrada2\" \/>\n\t<meta name=\"twitter:label2\" content=\"Tiempo de lectura\" \/>\n\t<meta name=\"twitter:data2\" content=\"5 minutos\" \/>\n<script type=\"application\/ld+json\" class=\"yoast-schema-graph\">{\"@context\":\"https:\/\/schema.org\",\"@graph\":[{\"@type\":\"Article\",\"@id\":\"https:\/\/agrupacionespsoe.es\/ponferrada\/cuando-el-odio-te-toca-a-ti-reflexiones-sobre-intolerancia-y-violencia-olegario-ramon\/#article\",\"isPartOf\":{\"@id\":\"https:\/\/agrupacionespsoe.es\/ponferrada\/cuando-el-odio-te-toca-a-ti-reflexiones-sobre-intolerancia-y-violencia-olegario-ramon\/\"},\"author\":{\"name\":\"ponferrada2\",\"@id\":\"https:\/\/agrupacionespsoe.es\/ponferrada\/#\/schema\/person\/cd29ee627f3b70c05d415f02596debaa\"},\"headline\":\"Cuando el odio te toca a ti: reflexiones sobre intolerancia y violencia. Olegario Ram\u00f3n\",\"datePublished\":\"2025-12-22T12:16:40+00:00\",\"dateModified\":\"2025-12-22T12:16:58+00:00\",\"mainEntityOfPage\":{\"@id\":\"https:\/\/agrupacionespsoe.es\/ponferrada\/cuando-el-odio-te-toca-a-ti-reflexiones-sobre-intolerancia-y-violencia-olegario-ramon\/\"},\"wordCount\":909,\"commentCount\":0,\"publisher\":{\"@id\":\"https:\/\/agrupacionespsoe.es\/ponferrada\/#organization\"},\"image\":{\"@id\":\"https:\/\/agrupacionespsoe.es\/ponferrada\/cuando-el-odio-te-toca-a-ti-reflexiones-sobre-intolerancia-y-violencia-olegario-ramon\/#primaryimage\"},\"thumbnailUrl\":\"https:\/\/agrupacionespsoe.es\/ponferrada\/wp-content\/uploads\/sites\/36\/2025\/12\/WhatsApp-Image-2025-12-18-at-13.30.19.jpeg\",\"articleSection\":[\"ACTUALIDAD\"],\"inLanguage\":\"es\",\"potentialAction\":[{\"@type\":\"CommentAction\",\"name\":\"Comment\",\"target\":[\"https:\/\/agrupacionespsoe.es\/ponferrada\/cuando-el-odio-te-toca-a-ti-reflexiones-sobre-intolerancia-y-violencia-olegario-ramon\/#respond\"]}]},{\"@type\":\"WebPage\",\"@id\":\"https:\/\/agrupacionespsoe.es\/ponferrada\/cuando-el-odio-te-toca-a-ti-reflexiones-sobre-intolerancia-y-violencia-olegario-ramon\/\",\"url\":\"https:\/\/agrupacionespsoe.es\/ponferrada\/cuando-el-odio-te-toca-a-ti-reflexiones-sobre-intolerancia-y-violencia-olegario-ramon\/\",\"name\":\"Cuando el odio te toca a ti: reflexiones sobre intolerancia y violencia. Olegario Ram\u00f3n - Agrupaci\u00f3n Socialista de Ponferrada\",\"isPartOf\":{\"@id\":\"https:\/\/agrupacionespsoe.es\/ponferrada\/#website\"},\"primaryImageOfPage\":{\"@id\":\"https:\/\/agrupacionespsoe.es\/ponferrada\/cuando-el-odio-te-toca-a-ti-reflexiones-sobre-intolerancia-y-violencia-olegario-ramon\/#primaryimage\"},\"image\":{\"@id\":\"https:\/\/agrupacionespsoe.es\/ponferrada\/cuando-el-odio-te-toca-a-ti-reflexiones-sobre-intolerancia-y-violencia-olegario-ramon\/#primaryimage\"},\"thumbnailUrl\":\"https:\/\/agrupacionespsoe.es\/ponferrada\/wp-content\/uploads\/sites\/36\/2025\/12\/WhatsApp-Image-2025-12-18-at-13.30.19.jpeg\",\"datePublished\":\"2025-12-22T12:16:40+00:00\",\"dateModified\":\"2025-12-22T12:16:58+00:00\",\"breadcrumb\":{\"@id\":\"https:\/\/agrupacionespsoe.es\/ponferrada\/cuando-el-odio-te-toca-a-ti-reflexiones-sobre-intolerancia-y-violencia-olegario-ramon\/#breadcrumb\"},\"inLanguage\":\"es\",\"potentialAction\":[{\"@type\":\"ReadAction\",\"target\":[\"https:\/\/agrupacionespsoe.es\/ponferrada\/cuando-el-odio-te-toca-a-ti-reflexiones-sobre-intolerancia-y-violencia-olegario-ramon\/\"]}]},{\"@type\":\"ImageObject\",\"inLanguage\":\"es\",\"@id\":\"https:\/\/agrupacionespsoe.es\/ponferrada\/cuando-el-odio-te-toca-a-ti-reflexiones-sobre-intolerancia-y-violencia-olegario-ramon\/#primaryimage\",\"url\":\"https:\/\/agrupacionespsoe.es\/ponferrada\/wp-content\/uploads\/sites\/36\/2025\/12\/WhatsApp-Image-2025-12-18-at-13.30.19.jpeg\",\"contentUrl\":\"https:\/\/agrupacionespsoe.es\/ponferrada\/wp-content\/uploads\/sites\/36\/2025\/12\/WhatsApp-Image-2025-12-18-at-13.30.19.jpeg\",\"width\":1320,\"height\":1771},{\"@type\":\"BreadcrumbList\",\"@id\":\"https:\/\/agrupacionespsoe.es\/ponferrada\/cuando-el-odio-te-toca-a-ti-reflexiones-sobre-intolerancia-y-violencia-olegario-ramon\/#breadcrumb\",\"itemListElement\":[{\"@type\":\"ListItem\",\"position\":1,\"name\":\"Portada\",\"item\":\"https:\/\/agrupacionespsoe.es\/ponferrada\/\"},{\"@type\":\"ListItem\",\"position\":2,\"name\":\"Cuando el odio te toca a ti: reflexiones sobre intolerancia y violencia. Olegario Ram\u00f3n\"}]},{\"@type\":\"WebSite\",\"@id\":\"https:\/\/agrupacionespsoe.es\/ponferrada\/#website\",\"url\":\"https:\/\/agrupacionespsoe.es\/ponferrada\/\",\"name\":\"Agrupaci\u00f3n Socialista de Ponferrada\",\"description\":\"Agrupaci\u00f3n Socialista de Ponferrada\",\"publisher\":{\"@id\":\"https:\/\/agrupacionespsoe.es\/ponferrada\/#organization\"},\"potentialAction\":[{\"@type\":\"SearchAction\",\"target\":{\"@type\":\"EntryPoint\",\"urlTemplate\":\"https:\/\/agrupacionespsoe.es\/ponferrada\/?s={search_term_string}\"},\"query-input\":{\"@type\":\"PropertyValueSpecification\",\"valueRequired\":true,\"valueName\":\"search_term_string\"}}],\"inLanguage\":\"es\"},{\"@type\":\"Organization\",\"@id\":\"https:\/\/agrupacionespsoe.es\/ponferrada\/#organization\",\"name\":\"Agrupaci\u00f3n Socialista de Ponferrada\",\"url\":\"https:\/\/agrupacionespsoe.es\/ponferrada\/\",\"logo\":{\"@type\":\"ImageObject\",\"inLanguage\":\"es\",\"@id\":\"https:\/\/agrupacionespsoe.es\/ponferrada\/#\/schema\/logo\/image\/\",\"url\":\"https:\/\/agrupacionespsoe.es\/wp-content\/uploads\/2022\/07\/Logotipo_electoral_del_PSOE.png\",\"contentUrl\":\"https:\/\/agrupacionespsoe.es\/wp-content\/uploads\/2022\/07\/Logotipo_electoral_del_PSOE.png\",\"width\":422,\"height\":422,\"caption\":\"Agrupaci\u00f3n Socialista de Ponferrada\"},\"image\":{\"@id\":\"https:\/\/agrupacionespsoe.es\/ponferrada\/#\/schema\/logo\/image\/\"}},{\"@type\":\"Person\",\"@id\":\"https:\/\/agrupacionespsoe.es\/ponferrada\/#\/schema\/person\/cd29ee627f3b70c05d415f02596debaa\",\"name\":\"ponferrada2\",\"image\":{\"@type\":\"ImageObject\",\"inLanguage\":\"es\",\"@id\":\"https:\/\/agrupacionespsoe.es\/ponferrada\/#\/schema\/person\/image\/\",\"url\":\"https:\/\/secure.gravatar.com\/avatar\/f499eeb60144c664cf7b7edf75549b50?s=96&d=mm&r=g\",\"contentUrl\":\"https:\/\/secure.gravatar.com\/avatar\/f499eeb60144c664cf7b7edf75549b50?s=96&d=mm&r=g\",\"caption\":\"ponferrada2\"},\"url\":\"https:\/\/agrupacionespsoe.es\/ponferrada\/author\/ponferrada2\/\"}]}<\/script>\n<!-- \/ Yoast SEO plugin. -->","yoast_head_json":{"title":"Cuando el odio te toca a ti: reflexiones sobre intolerancia y violencia. Olegario Ram\u00f3n - Agrupaci\u00f3n Socialista de Ponferrada","robots":{"index":"index","follow":"follow","max-snippet":"max-snippet:-1","max-image-preview":"max-image-preview:large","max-video-preview":"max-video-preview:-1"},"canonical":"https:\/\/agrupacionespsoe.es\/ponferrada\/cuando-el-odio-te-toca-a-ti-reflexiones-sobre-intolerancia-y-violencia-olegario-ramon\/","og_locale":"es_ES","og_type":"article","og_title":"Cuando el odio te toca a ti: reflexiones sobre intolerancia y violencia. Olegario Ram\u00f3n - Agrupaci\u00f3n Socialista de Ponferrada","og_description":"Los hechos est\u00e1n probados, fueron grabados y documentados\u2026 Durante meses la Sede del PSOE de Ponferrada se convirti\u00f3 en un lugar asediado. No era un incidente aislado, sino una presi\u00f3n constante. Grupos organizados, inicialmente alentados por partidos de derechas y ultraderecha, se concentraban frente a nuestras sedes, con insultos, provocaciones y gestos de intimidaci\u00f3n que ...","og_url":"https:\/\/agrupacionespsoe.es\/ponferrada\/cuando-el-odio-te-toca-a-ti-reflexiones-sobre-intolerancia-y-violencia-olegario-ramon\/","og_site_name":"Agrupaci\u00f3n Socialista de Ponferrada","article_published_time":"2025-12-22T12:16:40+00:00","article_modified_time":"2025-12-22T12:16:58+00:00","og_image":[{"width":1320,"height":1771,"url":"https:\/\/agrupacionespsoe.es\/ponferrada\/wp-content\/uploads\/sites\/36\/2025\/12\/WhatsApp-Image-2025-12-18-at-13.30.19.jpeg","type":"image\/jpeg"}],"author":"ponferrada2","twitter_card":"summary_large_image","twitter_misc":{"Escrito por":"ponferrada2","Tiempo de lectura":"5 minutos"},"schema":{"@context":"https:\/\/schema.org","@graph":[{"@type":"Article","@id":"https:\/\/agrupacionespsoe.es\/ponferrada\/cuando-el-odio-te-toca-a-ti-reflexiones-sobre-intolerancia-y-violencia-olegario-ramon\/#article","isPartOf":{"@id":"https:\/\/agrupacionespsoe.es\/ponferrada\/cuando-el-odio-te-toca-a-ti-reflexiones-sobre-intolerancia-y-violencia-olegario-ramon\/"},"author":{"name":"ponferrada2","@id":"https:\/\/agrupacionespsoe.es\/ponferrada\/#\/schema\/person\/cd29ee627f3b70c05d415f02596debaa"},"headline":"Cuando el odio te toca a ti: reflexiones sobre intolerancia y violencia. Olegario Ram\u00f3n","datePublished":"2025-12-22T12:16:40+00:00","dateModified":"2025-12-22T12:16:58+00:00","mainEntityOfPage":{"@id":"https:\/\/agrupacionespsoe.es\/ponferrada\/cuando-el-odio-te-toca-a-ti-reflexiones-sobre-intolerancia-y-violencia-olegario-ramon\/"},"wordCount":909,"commentCount":0,"publisher":{"@id":"https:\/\/agrupacionespsoe.es\/ponferrada\/#organization"},"image":{"@id":"https:\/\/agrupacionespsoe.es\/ponferrada\/cuando-el-odio-te-toca-a-ti-reflexiones-sobre-intolerancia-y-violencia-olegario-ramon\/#primaryimage"},"thumbnailUrl":"https:\/\/agrupacionespsoe.es\/ponferrada\/wp-content\/uploads\/sites\/36\/2025\/12\/WhatsApp-Image-2025-12-18-at-13.30.19.jpeg","articleSection":["ACTUALIDAD"],"inLanguage":"es","potentialAction":[{"@type":"CommentAction","name":"Comment","target":["https:\/\/agrupacionespsoe.es\/ponferrada\/cuando-el-odio-te-toca-a-ti-reflexiones-sobre-intolerancia-y-violencia-olegario-ramon\/#respond"]}]},{"@type":"WebPage","@id":"https:\/\/agrupacionespsoe.es\/ponferrada\/cuando-el-odio-te-toca-a-ti-reflexiones-sobre-intolerancia-y-violencia-olegario-ramon\/","url":"https:\/\/agrupacionespsoe.es\/ponferrada\/cuando-el-odio-te-toca-a-ti-reflexiones-sobre-intolerancia-y-violencia-olegario-ramon\/","name":"Cuando el odio te toca a ti: reflexiones sobre intolerancia y violencia. Olegario Ram\u00f3n - Agrupaci\u00f3n Socialista de Ponferrada","isPartOf":{"@id":"https:\/\/agrupacionespsoe.es\/ponferrada\/#website"},"primaryImageOfPage":{"@id":"https:\/\/agrupacionespsoe.es\/ponferrada\/cuando-el-odio-te-toca-a-ti-reflexiones-sobre-intolerancia-y-violencia-olegario-ramon\/#primaryimage"},"image":{"@id":"https:\/\/agrupacionespsoe.es\/ponferrada\/cuando-el-odio-te-toca-a-ti-reflexiones-sobre-intolerancia-y-violencia-olegario-ramon\/#primaryimage"},"thumbnailUrl":"https:\/\/agrupacionespsoe.es\/ponferrada\/wp-content\/uploads\/sites\/36\/2025\/12\/WhatsApp-Image-2025-12-18-at-13.30.19.jpeg","datePublished":"2025-12-22T12:16:40+00:00","dateModified":"2025-12-22T12:16:58+00:00","breadcrumb":{"@id":"https:\/\/agrupacionespsoe.es\/ponferrada\/cuando-el-odio-te-toca-a-ti-reflexiones-sobre-intolerancia-y-violencia-olegario-ramon\/#breadcrumb"},"inLanguage":"es","potentialAction":[{"@type":"ReadAction","target":["https:\/\/agrupacionespsoe.es\/ponferrada\/cuando-el-odio-te-toca-a-ti-reflexiones-sobre-intolerancia-y-violencia-olegario-ramon\/"]}]},{"@type":"ImageObject","inLanguage":"es","@id":"https:\/\/agrupacionespsoe.es\/ponferrada\/cuando-el-odio-te-toca-a-ti-reflexiones-sobre-intolerancia-y-violencia-olegario-ramon\/#primaryimage","url":"https:\/\/agrupacionespsoe.es\/ponferrada\/wp-content\/uploads\/sites\/36\/2025\/12\/WhatsApp-Image-2025-12-18-at-13.30.19.jpeg","contentUrl":"https:\/\/agrupacionespsoe.es\/ponferrada\/wp-content\/uploads\/sites\/36\/2025\/12\/WhatsApp-Image-2025-12-18-at-13.30.19.jpeg","width":1320,"height":1771},{"@type":"BreadcrumbList","@id":"https:\/\/agrupacionespsoe.es\/ponferrada\/cuando-el-odio-te-toca-a-ti-reflexiones-sobre-intolerancia-y-violencia-olegario-ramon\/#breadcrumb","itemListElement":[{"@type":"ListItem","position":1,"name":"Portada","item":"https:\/\/agrupacionespsoe.es\/ponferrada\/"},{"@type":"ListItem","position":2,"name":"Cuando el odio te toca a ti: reflexiones sobre intolerancia y violencia. Olegario Ram\u00f3n"}]},{"@type":"WebSite","@id":"https:\/\/agrupacionespsoe.es\/ponferrada\/#website","url":"https:\/\/agrupacionespsoe.es\/ponferrada\/","name":"Agrupaci\u00f3n Socialista de Ponferrada","description":"Agrupaci\u00f3n Socialista de Ponferrada","publisher":{"@id":"https:\/\/agrupacionespsoe.es\/ponferrada\/#organization"},"potentialAction":[{"@type":"SearchAction","target":{"@type":"EntryPoint","urlTemplate":"https:\/\/agrupacionespsoe.es\/ponferrada\/?s={search_term_string}"},"query-input":{"@type":"PropertyValueSpecification","valueRequired":true,"valueName":"search_term_string"}}],"inLanguage":"es"},{"@type":"Organization","@id":"https:\/\/agrupacionespsoe.es\/ponferrada\/#organization","name":"Agrupaci\u00f3n Socialista de Ponferrada","url":"https:\/\/agrupacionespsoe.es\/ponferrada\/","logo":{"@type":"ImageObject","inLanguage":"es","@id":"https:\/\/agrupacionespsoe.es\/ponferrada\/#\/schema\/logo\/image\/","url":"https:\/\/agrupacionespsoe.es\/wp-content\/uploads\/2022\/07\/Logotipo_electoral_del_PSOE.png","contentUrl":"https:\/\/agrupacionespsoe.es\/wp-content\/uploads\/2022\/07\/Logotipo_electoral_del_PSOE.png","width":422,"height":422,"caption":"Agrupaci\u00f3n Socialista de Ponferrada"},"image":{"@id":"https:\/\/agrupacionespsoe.es\/ponferrada\/#\/schema\/logo\/image\/"}},{"@type":"Person","@id":"https:\/\/agrupacionespsoe.es\/ponferrada\/#\/schema\/person\/cd29ee627f3b70c05d415f02596debaa","name":"ponferrada2","image":{"@type":"ImageObject","inLanguage":"es","@id":"https:\/\/agrupacionespsoe.es\/ponferrada\/#\/schema\/person\/image\/","url":"https:\/\/secure.gravatar.com\/avatar\/f499eeb60144c664cf7b7edf75549b50?s=96&d=mm&r=g","contentUrl":"https:\/\/secure.gravatar.com\/avatar\/f499eeb60144c664cf7b7edf75549b50?s=96&d=mm&r=g","caption":"ponferrada2"},"url":"https:\/\/agrupacionespsoe.es\/ponferrada\/author\/ponferrada2\/"}]}},"jetpack_featured_media_url":"https:\/\/agrupacionespsoe.es\/ponferrada\/wp-content\/uploads\/sites\/36\/2025\/12\/WhatsApp-Image-2025-12-18-at-13.30.19.jpeg","jetpack_sharing_enabled":true,"_links":{"self":[{"href":"https:\/\/agrupacionespsoe.es\/ponferrada\/wp-json\/wp\/v2\/posts\/1453","targetHints":{"allow":["GET"]}}],"collection":[{"href":"https:\/\/agrupacionespsoe.es\/ponferrada\/wp-json\/wp\/v2\/posts"}],"about":[{"href":"https:\/\/agrupacionespsoe.es\/ponferrada\/wp-json\/wp\/v2\/types\/post"}],"author":[{"embeddable":true,"href":"https:\/\/agrupacionespsoe.es\/ponferrada\/wp-json\/wp\/v2\/users\/32"}],"replies":[{"embeddable":true,"href":"https:\/\/agrupacionespsoe.es\/ponferrada\/wp-json\/wp\/v2\/comments?post=1453"}],"version-history":[{"count":3,"href":"https:\/\/agrupacionespsoe.es\/ponferrada\/wp-json\/wp\/v2\/posts\/1453\/revisions"}],"predecessor-version":[{"id":1457,"href":"https:\/\/agrupacionespsoe.es\/ponferrada\/wp-json\/wp\/v2\/posts\/1453\/revisions\/1457"}],"wp:featuredmedia":[{"embeddable":true,"href":"https:\/\/agrupacionespsoe.es\/ponferrada\/wp-json\/wp\/v2\/media\/1444"}],"wp:attachment":[{"href":"https:\/\/agrupacionespsoe.es\/ponferrada\/wp-json\/wp\/v2\/media?parent=1453"}],"wp:term":[{"taxonomy":"category","embeddable":true,"href":"https:\/\/agrupacionespsoe.es\/ponferrada\/wp-json\/wp\/v2\/categories?post=1453"},{"taxonomy":"post_tag","embeddable":true,"href":"https:\/\/agrupacionespsoe.es\/ponferrada\/wp-json\/wp\/v2\/tags?post=1453"}],"curies":[{"name":"wp","href":"https:\/\/api.w.org\/{rel}","templated":true}]}}