{"id":1443,"date":"2025-12-18T12:31:08","date_gmt":"2025-12-18T12:31:08","guid":{"rendered":"https:\/\/agrupacionespsoe.es\/ponferrada\/?p=1443"},"modified":"2025-12-19T08:44:43","modified_gmt":"2025-12-19T08:44:43","slug":"la-audiencia-provincial-condena-al-agresor-de-olegario-ramon-por-un-delito-de-lesiones","status":"publish","type":"post","link":"https:\/\/agrupacionespsoe.es\/ponferrada\/la-audiencia-provincial-condena-al-agresor-de-olegario-ramon-por-un-delito-de-lesiones\/","title":{"rendered":"La Audiencia Provincial condena al agresor de Olegario Ram\u00f3n por un delito de lesiones"},"content":{"rendered":"\n<p>La Audiencia Provincial de Le\u00f3n ha condenado a Fernando Peleteiro Carrera por un delito de lesiones cometido contra Olegario Ram\u00f3n Fern\u00e1ndez durante una concentraci\u00f3n celebrada el 11 de abril de 2024 frente a la sede del PSOE en Ponferrada.<br>La sentencia considera acreditado que el condenado agredi\u00f3 a la v\u00edctima.<br>En cuanto al segundo acusado, la Audiencia Provincial lo absuelve del delito de amenazas. El tribunal parte de que s\u00ed se produjo la expresi\u00f3n \u201cquieres unas hostias\u201d, pero concluye que no re\u00fane la entidad suficiente para integrar un delito de amenazas, al no apreciarse que el perjudicado hubiera sentido un miedo real e inmediato de que la agresi\u00f3n fuera a producirse.<\/p>\n\n\n\n<p><br>Respecto al delito de atentado contra la autoridad, del que tambi\u00e9n resulta absuelto uno de los acusados (FPC) ya que la Sala entiende que no ha quedado acreditado que conociera la condici\u00f3n de autoridad de Olegario Ram\u00f3n en el momento de los hechos, asumiendo la versi\u00f3n del acusado de que desconoc\u00eda qui\u00e9n era la persona agredida.<br>Este punto ha sido se\u00f1alado como especialmente controvertido, ya que existe un v\u00eddeo en el que el agresor se dirige expresamente a Olegario Ram\u00f3n, profiriendo insultos y expresiones como \u201ct\u00fa eres un asesino\u201d, \u201ca m\u00ed me la chupas t\u00fa y tu jefe\u201d, lo que indicar\u00eda que s\u00ed conoc\u00eda su identidad.<\/p>\n\n\n\n<p><br>Tras conocerse la resoluci\u00f3n judicial, desde el PSOE de Ponferrada, valoramos positivamente que los hechos hayan tenido una respuesta penal. \u201cCelebramos que haya habido una condena para que este tipo de hechos no queden sin ninguna sanci\u00f3n penal\u201d.<br>La sentencia no es firme y puede ser recurrida ante el Tribunal Superior de Justicia de Castilla y Le\u00f3n. En este sentido, en los pr\u00f3ximos d\u00edas analizaremos la interposici\u00f3n de un posible recurso.<\/p>\n\n\n\n<figure class=\"wp-block-image size-large\"><img loading=\"lazy\" decoding=\"async\" width=\"763\" height=\"1024\" src=\"https:\/\/agrupacionespsoe.es\/ponferrada\/wp-content\/uploads\/sites\/36\/2025\/12\/WhatsApp-Image-2025-12-18-at-13.30.19-763x1024.jpeg\" alt=\"\" class=\"wp-image-1444\" srcset=\"https:\/\/agrupacionespsoe.es\/ponferrada\/wp-content\/uploads\/sites\/36\/2025\/12\/WhatsApp-Image-2025-12-18-at-13.30.19-763x1024.jpeg 763w, https:\/\/agrupacionespsoe.es\/ponferrada\/wp-content\/uploads\/sites\/36\/2025\/12\/WhatsApp-Image-2025-12-18-at-13.30.19-224x300.jpeg 224w, https:\/\/agrupacionespsoe.es\/ponferrada\/wp-content\/uploads\/sites\/36\/2025\/12\/WhatsApp-Image-2025-12-18-at-13.30.19-768x1030.jpeg 768w, https:\/\/agrupacionespsoe.es\/ponferrada\/wp-content\/uploads\/sites\/36\/2025\/12\/WhatsApp-Image-2025-12-18-at-13.30.19-1145x1536.jpeg 1145w, https:\/\/agrupacionespsoe.es\/ponferrada\/wp-content\/uploads\/sites\/36\/2025\/12\/WhatsApp-Image-2025-12-18-at-13.30.19.jpeg 1320w\" sizes=\"auto, (max-width: 763px) 100vw, 763px\" \/><\/figure>\n","protected":false},"excerpt":{"rendered":"<p>La Audiencia Provincial de Le\u00f3n ha condenado a Fernando Peleteiro Carrera por un delito de lesiones cometido contra Olegario Ram\u00f3n Fern\u00e1ndez durante una concentraci\u00f3n celebrada el 11 de abril de 2024 frente a la sede del PSOE en Ponferrada.La sentencia considera acreditado que el condenado agredi\u00f3 a la v\u00edctima.En cuanto al segundo acusado, la Audiencia &#8230;<\/p>\n","protected":false},"author":32,"featured_media":0,"comment_status":"open","ping_status":"open","sticky":false,"template":"","format":"standard","meta":{"_jetpack_memberships_contains_paid_content":false,"footnotes":""},"categories":[6],"tags":[],"class_list":["post-1443","post","type-post","status-publish","format-standard","hentry","category-actualidad"],"yoast_head":"<!-- This site is optimized with the Yoast SEO plugin v24.0 - https:\/\/yoast.com\/wordpress\/plugins\/seo\/ -->\n<title>La Audiencia Provincial condena al agresor de Olegario Ram\u00f3n por un delito de lesiones - Agrupaci\u00f3n Socialista de Ponferrada<\/title>\n<meta name=\"robots\" content=\"index, follow, max-snippet:-1, max-image-preview:large, max-video-preview:-1\" \/>\n<link rel=\"canonical\" href=\"https:\/\/agrupacionespsoe.es\/ponferrada\/la-audiencia-provincial-condena-al-agresor-de-olegario-ramon-por-un-delito-de-lesiones\/\" \/>\n<meta property=\"og:locale\" content=\"es_ES\" \/>\n<meta property=\"og:type\" content=\"article\" \/>\n<meta property=\"og:title\" content=\"La Audiencia Provincial condena al agresor de Olegario Ram\u00f3n por un delito de lesiones - Agrupaci\u00f3n Socialista de Ponferrada\" \/>\n<meta property=\"og:description\" content=\"La Audiencia Provincial de Le\u00f3n ha condenado a Fernando Peleteiro Carrera por un delito de lesiones cometido contra Olegario Ram\u00f3n Fern\u00e1ndez durante una concentraci\u00f3n celebrada el 11 de abril de 2024 frente a la sede del PSOE en Ponferrada.La sentencia considera acreditado que el condenado agredi\u00f3 a la v\u00edctima.En cuanto al segundo acusado, la Audiencia ...\" \/>\n<meta property=\"og:url\" content=\"https:\/\/agrupacionespsoe.es\/ponferrada\/la-audiencia-provincial-condena-al-agresor-de-olegario-ramon-por-un-delito-de-lesiones\/\" \/>\n<meta property=\"og:site_name\" content=\"Agrupaci\u00f3n Socialista de Ponferrada\" \/>\n<meta property=\"article:published_time\" content=\"2025-12-18T12:31:08+00:00\" \/>\n<meta property=\"article:modified_time\" content=\"2025-12-19T08:44:43+00:00\" \/>\n<meta property=\"og:image\" content=\"https:\/\/agrupacionespsoe.es\/ponferrada\/wp-content\/uploads\/sites\/36\/2025\/12\/WhatsApp-Image-2025-12-18-at-13.30.19.jpeg\" \/>\n\t<meta property=\"og:image:width\" content=\"1320\" \/>\n\t<meta property=\"og:image:height\" content=\"1771\" \/>\n\t<meta property=\"og:image:type\" content=\"image\/jpeg\" \/>\n<meta name=\"author\" content=\"ponferrada2\" \/>\n<meta name=\"twitter:card\" content=\"summary_large_image\" \/>\n<meta name=\"twitter:label1\" content=\"Escrito por\" \/>\n\t<meta name=\"twitter:data1\" content=\"ponferrada2\" \/>\n\t<meta name=\"twitter:label2\" content=\"Tiempo de lectura\" \/>\n\t<meta name=\"twitter:data2\" content=\"2 minutos\" \/>\n<script type=\"application\/ld+json\" class=\"yoast-schema-graph\">{\"@context\":\"https:\/\/schema.org\",\"@graph\":[{\"@type\":\"Article\",\"@id\":\"https:\/\/agrupacionespsoe.es\/ponferrada\/la-audiencia-provincial-condena-al-agresor-de-olegario-ramon-por-un-delito-de-lesiones\/#article\",\"isPartOf\":{\"@id\":\"https:\/\/agrupacionespsoe.es\/ponferrada\/la-audiencia-provincial-condena-al-agresor-de-olegario-ramon-por-un-delito-de-lesiones\/\"},\"author\":{\"name\":\"ponferrada2\",\"@id\":\"https:\/\/agrupacionespsoe.es\/ponferrada\/#\/schema\/person\/cd29ee627f3b70c05d415f02596debaa\"},\"headline\":\"La Audiencia Provincial condena al agresor de Olegario Ram\u00f3n por un delito de lesiones\",\"datePublished\":\"2025-12-18T12:31:08+00:00\",\"dateModified\":\"2025-12-19T08:44:43+00:00\",\"mainEntityOfPage\":{\"@id\":\"https:\/\/agrupacionespsoe.es\/ponferrada\/la-audiencia-provincial-condena-al-agresor-de-olegario-ramon-por-un-delito-de-lesiones\/\"},\"wordCount\":326,\"commentCount\":0,\"publisher\":{\"@id\":\"https:\/\/agrupacionespsoe.es\/ponferrada\/#organization\"},\"image\":{\"@id\":\"https:\/\/agrupacionespsoe.es\/ponferrada\/la-audiencia-provincial-condena-al-agresor-de-olegario-ramon-por-un-delito-de-lesiones\/#primaryimage\"},\"thumbnailUrl\":\"https:\/\/agrupacionespsoe.es\/ponferrada\/wp-content\/uploads\/sites\/36\/2025\/12\/WhatsApp-Image-2025-12-18-at-13.30.19-763x1024.jpeg\",\"articleSection\":[\"ACTUALIDAD\"],\"inLanguage\":\"es\",\"potentialAction\":[{\"@type\":\"CommentAction\",\"name\":\"Comment\",\"target\":[\"https:\/\/agrupacionespsoe.es\/ponferrada\/la-audiencia-provincial-condena-al-agresor-de-olegario-ramon-por-un-delito-de-lesiones\/#respond\"]}]},{\"@type\":\"WebPage\",\"@id\":\"https:\/\/agrupacionespsoe.es\/ponferrada\/la-audiencia-provincial-condena-al-agresor-de-olegario-ramon-por-un-delito-de-lesiones\/\",\"url\":\"https:\/\/agrupacionespsoe.es\/ponferrada\/la-audiencia-provincial-condena-al-agresor-de-olegario-ramon-por-un-delito-de-lesiones\/\",\"name\":\"La Audiencia Provincial condena al agresor de Olegario Ram\u00f3n por un delito de lesiones - Agrupaci\u00f3n Socialista de Ponferrada\",\"isPartOf\":{\"@id\":\"https:\/\/agrupacionespsoe.es\/ponferrada\/#website\"},\"primaryImageOfPage\":{\"@id\":\"https:\/\/agrupacionespsoe.es\/ponferrada\/la-audiencia-provincial-condena-al-agresor-de-olegario-ramon-por-un-delito-de-lesiones\/#primaryimage\"},\"image\":{\"@id\":\"https:\/\/agrupacionespsoe.es\/ponferrada\/la-audiencia-provincial-condena-al-agresor-de-olegario-ramon-por-un-delito-de-lesiones\/#primaryimage\"},\"thumbnailUrl\":\"https:\/\/agrupacionespsoe.es\/ponferrada\/wp-content\/uploads\/sites\/36\/2025\/12\/WhatsApp-Image-2025-12-18-at-13.30.19-763x1024.jpeg\",\"datePublished\":\"2025-12-18T12:31:08+00:00\",\"dateModified\":\"2025-12-19T08:44:43+00:00\",\"breadcrumb\":{\"@id\":\"https:\/\/agrupacionespsoe.es\/ponferrada\/la-audiencia-provincial-condena-al-agresor-de-olegario-ramon-por-un-delito-de-lesiones\/#breadcrumb\"},\"inLanguage\":\"es\",\"potentialAction\":[{\"@type\":\"ReadAction\",\"target\":[\"https:\/\/agrupacionespsoe.es\/ponferrada\/la-audiencia-provincial-condena-al-agresor-de-olegario-ramon-por-un-delito-de-lesiones\/\"]}]},{\"@type\":\"ImageObject\",\"inLanguage\":\"es\",\"@id\":\"https:\/\/agrupacionespsoe.es\/ponferrada\/la-audiencia-provincial-condena-al-agresor-de-olegario-ramon-por-un-delito-de-lesiones\/#primaryimage\",\"url\":\"https:\/\/agrupacionespsoe.es\/ponferrada\/wp-content\/uploads\/sites\/36\/2025\/12\/WhatsApp-Image-2025-12-18-at-13.30.19.jpeg\",\"contentUrl\":\"https:\/\/agrupacionespsoe.es\/ponferrada\/wp-content\/uploads\/sites\/36\/2025\/12\/WhatsApp-Image-2025-12-18-at-13.30.19.jpeg\",\"width\":1320,\"height\":1771},{\"@type\":\"BreadcrumbList\",\"@id\":\"https:\/\/agrupacionespsoe.es\/ponferrada\/la-audiencia-provincial-condena-al-agresor-de-olegario-ramon-por-un-delito-de-lesiones\/#breadcrumb\",\"itemListElement\":[{\"@type\":\"ListItem\",\"position\":1,\"name\":\"Portada\",\"item\":\"https:\/\/agrupacionespsoe.es\/ponferrada\/\"},{\"@type\":\"ListItem\",\"position\":2,\"name\":\"La Audiencia Provincial condena al agresor de Olegario Ram\u00f3n por un delito de lesiones\"}]},{\"@type\":\"WebSite\",\"@id\":\"https:\/\/agrupacionespsoe.es\/ponferrada\/#website\",\"url\":\"https:\/\/agrupacionespsoe.es\/ponferrada\/\",\"name\":\"Agrupaci\u00f3n Socialista de Ponferrada\",\"description\":\"Agrupaci\u00f3n Socialista de Ponferrada\",\"publisher\":{\"@id\":\"https:\/\/agrupacionespsoe.es\/ponferrada\/#organization\"},\"potentialAction\":[{\"@type\":\"SearchAction\",\"target\":{\"@type\":\"EntryPoint\",\"urlTemplate\":\"https:\/\/agrupacionespsoe.es\/ponferrada\/?s={search_term_string}\"},\"query-input\":{\"@type\":\"PropertyValueSpecification\",\"valueRequired\":true,\"valueName\":\"search_term_string\"}}],\"inLanguage\":\"es\"},{\"@type\":\"Organization\",\"@id\":\"https:\/\/agrupacionespsoe.es\/ponferrada\/#organization\",\"name\":\"Agrupaci\u00f3n Socialista de Ponferrada\",\"url\":\"https:\/\/agrupacionespsoe.es\/ponferrada\/\",\"logo\":{\"@type\":\"ImageObject\",\"inLanguage\":\"es\",\"@id\":\"https:\/\/agrupacionespsoe.es\/ponferrada\/#\/schema\/logo\/image\/\",\"url\":\"https:\/\/agrupacionespsoe.es\/wp-content\/uploads\/2022\/07\/Logotipo_electoral_del_PSOE.png\",\"contentUrl\":\"https:\/\/agrupacionespsoe.es\/wp-content\/uploads\/2022\/07\/Logotipo_electoral_del_PSOE.png\",\"width\":422,\"height\":422,\"caption\":\"Agrupaci\u00f3n Socialista de Ponferrada\"},\"image\":{\"@id\":\"https:\/\/agrupacionespsoe.es\/ponferrada\/#\/schema\/logo\/image\/\"}},{\"@type\":\"Person\",\"@id\":\"https:\/\/agrupacionespsoe.es\/ponferrada\/#\/schema\/person\/cd29ee627f3b70c05d415f02596debaa\",\"name\":\"ponferrada2\",\"image\":{\"@type\":\"ImageObject\",\"inLanguage\":\"es\",\"@id\":\"https:\/\/agrupacionespsoe.es\/ponferrada\/#\/schema\/person\/image\/\",\"url\":\"https:\/\/secure.gravatar.com\/avatar\/f499eeb60144c664cf7b7edf75549b50?s=96&d=mm&r=g\",\"contentUrl\":\"https:\/\/secure.gravatar.com\/avatar\/f499eeb60144c664cf7b7edf75549b50?s=96&d=mm&r=g\",\"caption\":\"ponferrada2\"},\"url\":\"https:\/\/agrupacionespsoe.es\/ponferrada\/author\/ponferrada2\/\"}]}<\/script>\n<!-- \/ Yoast SEO plugin. -->","yoast_head_json":{"title":"La Audiencia Provincial condena al agresor de Olegario Ram\u00f3n por un delito de lesiones - Agrupaci\u00f3n Socialista de Ponferrada","robots":{"index":"index","follow":"follow","max-snippet":"max-snippet:-1","max-image-preview":"max-image-preview:large","max-video-preview":"max-video-preview:-1"},"canonical":"https:\/\/agrupacionespsoe.es\/ponferrada\/la-audiencia-provincial-condena-al-agresor-de-olegario-ramon-por-un-delito-de-lesiones\/","og_locale":"es_ES","og_type":"article","og_title":"La Audiencia Provincial condena al agresor de Olegario Ram\u00f3n por un delito de lesiones - Agrupaci\u00f3n Socialista de Ponferrada","og_description":"La Audiencia Provincial de Le\u00f3n ha condenado a Fernando Peleteiro Carrera por un delito de lesiones cometido contra Olegario Ram\u00f3n Fern\u00e1ndez durante una concentraci\u00f3n celebrada el 11 de abril de 2024 frente a la sede del PSOE en Ponferrada.La sentencia considera acreditado que el condenado agredi\u00f3 a la v\u00edctima.En cuanto al segundo acusado, la Audiencia ...","og_url":"https:\/\/agrupacionespsoe.es\/ponferrada\/la-audiencia-provincial-condena-al-agresor-de-olegario-ramon-por-un-delito-de-lesiones\/","og_site_name":"Agrupaci\u00f3n Socialista de Ponferrada","article_published_time":"2025-12-18T12:31:08+00:00","article_modified_time":"2025-12-19T08:44:43+00:00","og_image":[{"width":1320,"height":1771,"url":"https:\/\/agrupacionespsoe.es\/ponferrada\/wp-content\/uploads\/sites\/36\/2025\/12\/WhatsApp-Image-2025-12-18-at-13.30.19.jpeg","type":"image\/jpeg"}],"author":"ponferrada2","twitter_card":"summary_large_image","twitter_misc":{"Escrito por":"ponferrada2","Tiempo de lectura":"2 minutos"},"schema":{"@context":"https:\/\/schema.org","@graph":[{"@type":"Article","@id":"https:\/\/agrupacionespsoe.es\/ponferrada\/la-audiencia-provincial-condena-al-agresor-de-olegario-ramon-por-un-delito-de-lesiones\/#article","isPartOf":{"@id":"https:\/\/agrupacionespsoe.es\/ponferrada\/la-audiencia-provincial-condena-al-agresor-de-olegario-ramon-por-un-delito-de-lesiones\/"},"author":{"name":"ponferrada2","@id":"https:\/\/agrupacionespsoe.es\/ponferrada\/#\/schema\/person\/cd29ee627f3b70c05d415f02596debaa"},"headline":"La Audiencia Provincial condena al agresor de Olegario Ram\u00f3n por un delito de lesiones","datePublished":"2025-12-18T12:31:08+00:00","dateModified":"2025-12-19T08:44:43+00:00","mainEntityOfPage":{"@id":"https:\/\/agrupacionespsoe.es\/ponferrada\/la-audiencia-provincial-condena-al-agresor-de-olegario-ramon-por-un-delito-de-lesiones\/"},"wordCount":326,"commentCount":0,"publisher":{"@id":"https:\/\/agrupacionespsoe.es\/ponferrada\/#organization"},"image":{"@id":"https:\/\/agrupacionespsoe.es\/ponferrada\/la-audiencia-provincial-condena-al-agresor-de-olegario-ramon-por-un-delito-de-lesiones\/#primaryimage"},"thumbnailUrl":"https:\/\/agrupacionespsoe.es\/ponferrada\/wp-content\/uploads\/sites\/36\/2025\/12\/WhatsApp-Image-2025-12-18-at-13.30.19-763x1024.jpeg","articleSection":["ACTUALIDAD"],"inLanguage":"es","potentialAction":[{"@type":"CommentAction","name":"Comment","target":["https:\/\/agrupacionespsoe.es\/ponferrada\/la-audiencia-provincial-condena-al-agresor-de-olegario-ramon-por-un-delito-de-lesiones\/#respond"]}]},{"@type":"WebPage","@id":"https:\/\/agrupacionespsoe.es\/ponferrada\/la-audiencia-provincial-condena-al-agresor-de-olegario-ramon-por-un-delito-de-lesiones\/","url":"https:\/\/agrupacionespsoe.es\/ponferrada\/la-audiencia-provincial-condena-al-agresor-de-olegario-ramon-por-un-delito-de-lesiones\/","name":"La Audiencia Provincial condena al agresor de Olegario Ram\u00f3n por un delito de lesiones - Agrupaci\u00f3n Socialista de Ponferrada","isPartOf":{"@id":"https:\/\/agrupacionespsoe.es\/ponferrada\/#website"},"primaryImageOfPage":{"@id":"https:\/\/agrupacionespsoe.es\/ponferrada\/la-audiencia-provincial-condena-al-agresor-de-olegario-ramon-por-un-delito-de-lesiones\/#primaryimage"},"image":{"@id":"https:\/\/agrupacionespsoe.es\/ponferrada\/la-audiencia-provincial-condena-al-agresor-de-olegario-ramon-por-un-delito-de-lesiones\/#primaryimage"},"thumbnailUrl":"https:\/\/agrupacionespsoe.es\/ponferrada\/wp-content\/uploads\/sites\/36\/2025\/12\/WhatsApp-Image-2025-12-18-at-13.30.19-763x1024.jpeg","datePublished":"2025-12-18T12:31:08+00:00","dateModified":"2025-12-19T08:44:43+00:00","breadcrumb":{"@id":"https:\/\/agrupacionespsoe.es\/ponferrada\/la-audiencia-provincial-condena-al-agresor-de-olegario-ramon-por-un-delito-de-lesiones\/#breadcrumb"},"inLanguage":"es","potentialAction":[{"@type":"ReadAction","target":["https:\/\/agrupacionespsoe.es\/ponferrada\/la-audiencia-provincial-condena-al-agresor-de-olegario-ramon-por-un-delito-de-lesiones\/"]}]},{"@type":"ImageObject","inLanguage":"es","@id":"https:\/\/agrupacionespsoe.es\/ponferrada\/la-audiencia-provincial-condena-al-agresor-de-olegario-ramon-por-un-delito-de-lesiones\/#primaryimage","url":"https:\/\/agrupacionespsoe.es\/ponferrada\/wp-content\/uploads\/sites\/36\/2025\/12\/WhatsApp-Image-2025-12-18-at-13.30.19.jpeg","contentUrl":"https:\/\/agrupacionespsoe.es\/ponferrada\/wp-content\/uploads\/sites\/36\/2025\/12\/WhatsApp-Image-2025-12-18-at-13.30.19.jpeg","width":1320,"height":1771},{"@type":"BreadcrumbList","@id":"https:\/\/agrupacionespsoe.es\/ponferrada\/la-audiencia-provincial-condena-al-agresor-de-olegario-ramon-por-un-delito-de-lesiones\/#breadcrumb","itemListElement":[{"@type":"ListItem","position":1,"name":"Portada","item":"https:\/\/agrupacionespsoe.es\/ponferrada\/"},{"@type":"ListItem","position":2,"name":"La Audiencia Provincial condena al agresor de Olegario Ram\u00f3n por un delito de lesiones"}]},{"@type":"WebSite","@id":"https:\/\/agrupacionespsoe.es\/ponferrada\/#website","url":"https:\/\/agrupacionespsoe.es\/ponferrada\/","name":"Agrupaci\u00f3n Socialista de Ponferrada","description":"Agrupaci\u00f3n Socialista de Ponferrada","publisher":{"@id":"https:\/\/agrupacionespsoe.es\/ponferrada\/#organization"},"potentialAction":[{"@type":"SearchAction","target":{"@type":"EntryPoint","urlTemplate":"https:\/\/agrupacionespsoe.es\/ponferrada\/?s={search_term_string}"},"query-input":{"@type":"PropertyValueSpecification","valueRequired":true,"valueName":"search_term_string"}}],"inLanguage":"es"},{"@type":"Organization","@id":"https:\/\/agrupacionespsoe.es\/ponferrada\/#organization","name":"Agrupaci\u00f3n Socialista de Ponferrada","url":"https:\/\/agrupacionespsoe.es\/ponferrada\/","logo":{"@type":"ImageObject","inLanguage":"es","@id":"https:\/\/agrupacionespsoe.es\/ponferrada\/#\/schema\/logo\/image\/","url":"https:\/\/agrupacionespsoe.es\/wp-content\/uploads\/2022\/07\/Logotipo_electoral_del_PSOE.png","contentUrl":"https:\/\/agrupacionespsoe.es\/wp-content\/uploads\/2022\/07\/Logotipo_electoral_del_PSOE.png","width":422,"height":422,"caption":"Agrupaci\u00f3n Socialista de Ponferrada"},"image":{"@id":"https:\/\/agrupacionespsoe.es\/ponferrada\/#\/schema\/logo\/image\/"}},{"@type":"Person","@id":"https:\/\/agrupacionespsoe.es\/ponferrada\/#\/schema\/person\/cd29ee627f3b70c05d415f02596debaa","name":"ponferrada2","image":{"@type":"ImageObject","inLanguage":"es","@id":"https:\/\/agrupacionespsoe.es\/ponferrada\/#\/schema\/person\/image\/","url":"https:\/\/secure.gravatar.com\/avatar\/f499eeb60144c664cf7b7edf75549b50?s=96&d=mm&r=g","contentUrl":"https:\/\/secure.gravatar.com\/avatar\/f499eeb60144c664cf7b7edf75549b50?s=96&d=mm&r=g","caption":"ponferrada2"},"url":"https:\/\/agrupacionespsoe.es\/ponferrada\/author\/ponferrada2\/"}]}},"jetpack_featured_media_url":"","jetpack_sharing_enabled":true,"_links":{"self":[{"href":"https:\/\/agrupacionespsoe.es\/ponferrada\/wp-json\/wp\/v2\/posts\/1443","targetHints":{"allow":["GET"]}}],"collection":[{"href":"https:\/\/agrupacionespsoe.es\/ponferrada\/wp-json\/wp\/v2\/posts"}],"about":[{"href":"https:\/\/agrupacionespsoe.es\/ponferrada\/wp-json\/wp\/v2\/types\/post"}],"author":[{"embeddable":true,"href":"https:\/\/agrupacionespsoe.es\/ponferrada\/wp-json\/wp\/v2\/users\/32"}],"replies":[{"embeddable":true,"href":"https:\/\/agrupacionespsoe.es\/ponferrada\/wp-json\/wp\/v2\/comments?post=1443"}],"version-history":[{"count":3,"href":"https:\/\/agrupacionespsoe.es\/ponferrada\/wp-json\/wp\/v2\/posts\/1443\/revisions"}],"predecessor-version":[{"id":1447,"href":"https:\/\/agrupacionespsoe.es\/ponferrada\/wp-json\/wp\/v2\/posts\/1443\/revisions\/1447"}],"wp:attachment":[{"href":"https:\/\/agrupacionespsoe.es\/ponferrada\/wp-json\/wp\/v2\/media?parent=1443"}],"wp:term":[{"taxonomy":"category","embeddable":true,"href":"https:\/\/agrupacionespsoe.es\/ponferrada\/wp-json\/wp\/v2\/categories?post=1443"},{"taxonomy":"post_tag","embeddable":true,"href":"https:\/\/agrupacionespsoe.es\/ponferrada\/wp-json\/wp\/v2\/tags?post=1443"}],"curies":[{"name":"wp","href":"https:\/\/api.w.org\/{rel}","templated":true}]}}