{"id":1438,"date":"2025-12-18T09:52:55","date_gmt":"2025-12-18T09:52:55","guid":{"rendered":"https:\/\/agrupacionespsoe.es\/ponferrada\/?p=1438"},"modified":"2025-12-18T09:52:56","modified_gmt":"2025-12-18T09:52:56","slug":"el-grupo-socialista-denuncia-el-abandono-real-de-las-pedanias-solo-se-reparten-5-000-euros-de-21-000-por-falta-de-informacion-y-gestion","status":"publish","type":"post","link":"https:\/\/agrupacionespsoe.es\/ponferrada\/el-grupo-socialista-denuncia-el-abandono-real-de-las-pedanias-solo-se-reparten-5-000-euros-de-21-000-por-falta-de-informacion-y-gestion\/","title":{"rendered":"El Grupo Socialista denuncia el abandono real de las pedan\u00edas: solo se reparten 5.000 euros de 21.000 por falta de informaci\u00f3n y gesti\u00f3n"},"content":{"rendered":"\n<p>El Grupo Municipal Socialista critic\u00f3 en el \u00f3rgano de decisi\u00f3n de las subvenciones a Juntas Vecinales celebrado este lunes la falta absoluta de inter\u00e9s y de gesti\u00f3n del equipo de gobierno con las pedan\u00edas del municipio, una realidad que contrasta de forma evidente con el discurso del alcalde Marco Morala.<\/p>\n\n\n\n<p>Este a\u00f1o, de la convocatoria de las subvenciones destinadas a mantenimiento y funcionamiento de las juntas vecinales de Ponferrada, dotada con 21.000 euros, solo se han presentado tres pedan\u00edas, y el reparto final de las ayudas alcanza aproximadamente 5.000 euros, quedando sin utilizar m\u00e1s de 16.000 euros que estaban destinados a apoyar el funcionamiento b\u00e1sico de los pueblos del municipio.<\/p>\n\n\n\n<p>Desde el Grupo Socialista se se\u00f1al\u00f3 que esta situaci\u00f3n no es casual, sino consecuencia directa de la falta de informaci\u00f3n por parte del equipo de gobierno, que no avis\u00f3 a las pedan\u00edas ni de la publicaci\u00f3n de la convocatoria ni de que el plazo estaba a punto de finalizar. Una dejaci\u00f3n especialmente grave si se tiene en cuenta que las ped\u00e1neas y ped\u00e1neos desempe\u00f1an su labor de forma voluntaria, en su tiempo libre y despu\u00e9s de su jornada laboral, y necesitan que el Ayuntamiento les facilite al m\u00e1ximo los tr\u00e1mites administrativos.<\/p>\n\n\n\n<p>Ahora han sacado la convocatoria de estas subvenciones para el 2026 de manera anticipada desde el Grupo Municipal Socialista no podemos evitar sospechar que la tramitaci\u00f3n anticipada de esta convocatoria responde m\u00e1s a una maniobra para tapar la falta de trabajo del equipo de gobierno que a una verdadera voluntad de apoyar a las pedan\u00edas. Se anuncia una convocatoria sin que exista todav\u00eda dotaci\u00f3n presupuestaria efectiva, \u00fanicamente para generar titulares, callar bocas y acallar el ruido, otro ejercicio de venta de humo.<\/p>\n\n\n\n<p>El Grupo Socialista record\u00f3 que el ahora alcalde prometi\u00f3 en campa\u00f1a electoral \u201cdar m\u00e1s voz a las juntas vecinales\u201d y acabar con supuestas desigualdades entre pueblos. Sin embargo, dos a\u00f1os y medio despu\u00e9s, no ha tenido tiempo ni siquiera de convocar una reuni\u00f3n conjunta con todas las pedan\u00edas para abordar los problemas reales del medio rural, y lo que es peor ni para explicar convocatorias tan esenciales como estas subvenciones.<\/p>\n\n\n\n<p>Resulta especialmente llamativo que, mientras el alcalde pone a los ped\u00e1neos \u201ccomo ejemplo\u201d en actos p\u00fablicos y fiestas patronales, la realidad sea que no se les informa, no se les escucha y no se les dota de recursos suficientes. Los propios ped\u00e1neos han reclamado p\u00fablicamente m\u00e1s presupuesto para desbroces, mantenimiento e infraestructuras b\u00e1sicas, advirtiendo de que \u201cno tienen ingresos\u201d y de que los vecinos del medio rural lo necesitan. A d\u00eda de hoy, esas peticiones siguen sin respuesta.<\/p>\n\n\n\n<p>Desde el PSOE se advirti\u00f3 tambi\u00e9n de que el problema no es presupuestario, sino organizativo. El responsable de la Concejal\u00eda de Medio Rural acumula numerosas atribuciones, fruto de una mala distribuci\u00f3n de delegaciones por parte del alcalde, lo que est\u00e1 provocando que no se llegue a todas partes ni se atiendan adecuadamente las necesidades de los pueblos. \u201cSi la ciudad est\u00e1 abandonada, los pueblos lo est\u00e1n a\u00fan m\u00e1s\u201d.<\/p>\n\n\n\n<p>En el \u00f3rgano de decisi\u00f3n, el Grupo Municipal Socialista reclam\u00f3 que el Ayuntamiento informe activamente a todas las pedan\u00edas de las convocatorias que les afectan, utilizando todos los medios disponibles. Y facilit\u00e1ndoles la presentaci\u00f3n de las solicitudes y que se destine el sobrante a las juntas vecinales a trav\u00e9s de una convocatoria extraordinaria si es posible.<\/p>\n\n\n\n<p>Para finalizar el grupo socialista se\u00f1ala que \u201cel problema no es la falta de dinero, es la falta de inter\u00e9s y de gesti\u00f3n. De nada sirve llenarse la boca hablando de las pedan\u00edas si luego se les deja fuera de las ayudas por no informarles ni facilitarles el acceso a convocatorias que son vitales para su funcionamiento\u201d.<\/p>\n\n\n\n<figure class=\"wp-block-image size-large\"><img loading=\"lazy\" decoding=\"async\" width=\"1024\" height=\"651\" src=\"https:\/\/agrupacionespsoe.es\/ponferrada\/wp-content\/uploads\/sites\/36\/2025\/12\/WhatsApp-Image-2025-12-18-at-10.51.34-1024x651.jpeg\" alt=\"\" class=\"wp-image-1439\" srcset=\"https:\/\/agrupacionespsoe.es\/ponferrada\/wp-content\/uploads\/sites\/36\/2025\/12\/WhatsApp-Image-2025-12-18-at-10.51.34-1024x651.jpeg 1024w, https:\/\/agrupacionespsoe.es\/ponferrada\/wp-content\/uploads\/sites\/36\/2025\/12\/WhatsApp-Image-2025-12-18-at-10.51.34-300x191.jpeg 300w, https:\/\/agrupacionespsoe.es\/ponferrada\/wp-content\/uploads\/sites\/36\/2025\/12\/WhatsApp-Image-2025-12-18-at-10.51.34-768x488.jpeg 768w, https:\/\/agrupacionespsoe.es\/ponferrada\/wp-content\/uploads\/sites\/36\/2025\/12\/WhatsApp-Image-2025-12-18-at-10.51.34-1536x976.jpeg 1536w, https:\/\/agrupacionespsoe.es\/ponferrada\/wp-content\/uploads\/sites\/36\/2025\/12\/WhatsApp-Image-2025-12-18-at-10.51.34.jpeg 1600w\" sizes=\"auto, (max-width: 1024px) 100vw, 1024px\" \/><\/figure>\n","protected":false},"excerpt":{"rendered":"<p>El Grupo Municipal Socialista critic\u00f3 en el \u00f3rgano de decisi\u00f3n de las subvenciones a Juntas Vecinales celebrado este lunes la falta absoluta de inter\u00e9s y de gesti\u00f3n del equipo de gobierno con las pedan\u00edas del municipio, una realidad que contrasta de forma evidente con el discurso del alcalde Marco Morala. Este a\u00f1o, de la convocatoria &#8230;<\/p>\n","protected":false},"author":32,"featured_media":1439,"comment_status":"open","ping_status":"open","sticky":false,"template":"","format":"standard","meta":{"_jetpack_memberships_contains_paid_content":false,"footnotes":""},"categories":[6],"tags":[],"class_list":["post-1438","post","type-post","status-publish","format-standard","has-post-thumbnail","hentry","category-actualidad"],"yoast_head":"<!-- This site is optimized with the Yoast SEO plugin v24.0 - https:\/\/yoast.com\/wordpress\/plugins\/seo\/ -->\n<title>El Grupo Socialista denuncia el abandono real de las pedan\u00edas: solo se reparten 5.000 euros de 21.000 por falta de informaci\u00f3n y gesti\u00f3n - Agrupaci\u00f3n Socialista de Ponferrada<\/title>\n<meta name=\"robots\" content=\"index, follow, max-snippet:-1, max-image-preview:large, max-video-preview:-1\" \/>\n<link rel=\"canonical\" href=\"https:\/\/agrupacionespsoe.es\/ponferrada\/el-grupo-socialista-denuncia-el-abandono-real-de-las-pedanias-solo-se-reparten-5-000-euros-de-21-000-por-falta-de-informacion-y-gestion\/\" \/>\n<meta property=\"og:locale\" content=\"es_ES\" \/>\n<meta property=\"og:type\" content=\"article\" \/>\n<meta property=\"og:title\" content=\"El Grupo Socialista denuncia el abandono real de las pedan\u00edas: solo se reparten 5.000 euros de 21.000 por falta de informaci\u00f3n y gesti\u00f3n - Agrupaci\u00f3n Socialista de Ponferrada\" \/>\n<meta property=\"og:description\" content=\"El Grupo Municipal Socialista critic\u00f3 en el \u00f3rgano de decisi\u00f3n de las subvenciones a Juntas Vecinales celebrado este lunes la falta absoluta de inter\u00e9s y de gesti\u00f3n del equipo de gobierno con las pedan\u00edas del municipio, una realidad que contrasta de forma evidente con el discurso del alcalde Marco Morala. Este a\u00f1o, de la convocatoria ...\" \/>\n<meta property=\"og:url\" content=\"https:\/\/agrupacionespsoe.es\/ponferrada\/el-grupo-socialista-denuncia-el-abandono-real-de-las-pedanias-solo-se-reparten-5-000-euros-de-21-000-por-falta-de-informacion-y-gestion\/\" \/>\n<meta property=\"og:site_name\" content=\"Agrupaci\u00f3n Socialista de Ponferrada\" \/>\n<meta property=\"article:published_time\" content=\"2025-12-18T09:52:55+00:00\" \/>\n<meta property=\"article:modified_time\" content=\"2025-12-18T09:52:56+00:00\" \/>\n<meta property=\"og:image\" content=\"https:\/\/agrupacionespsoe.es\/ponferrada\/wp-content\/uploads\/sites\/36\/2025\/12\/WhatsApp-Image-2025-12-18-at-10.51.34.jpeg\" \/>\n\t<meta property=\"og:image:width\" content=\"1600\" \/>\n\t<meta property=\"og:image:height\" content=\"1017\" \/>\n\t<meta property=\"og:image:type\" content=\"image\/jpeg\" \/>\n<meta name=\"author\" content=\"ponferrada2\" \/>\n<meta name=\"twitter:card\" content=\"summary_large_image\" \/>\n<meta name=\"twitter:label1\" content=\"Escrito por\" \/>\n\t<meta name=\"twitter:data1\" content=\"ponferrada2\" \/>\n\t<meta name=\"twitter:label2\" content=\"Tiempo de lectura\" \/>\n\t<meta name=\"twitter:data2\" content=\"4 minutos\" \/>\n<script type=\"application\/ld+json\" class=\"yoast-schema-graph\">{\"@context\":\"https:\/\/schema.org\",\"@graph\":[{\"@type\":\"Article\",\"@id\":\"https:\/\/agrupacionespsoe.es\/ponferrada\/el-grupo-socialista-denuncia-el-abandono-real-de-las-pedanias-solo-se-reparten-5-000-euros-de-21-000-por-falta-de-informacion-y-gestion\/#article\",\"isPartOf\":{\"@id\":\"https:\/\/agrupacionespsoe.es\/ponferrada\/el-grupo-socialista-denuncia-el-abandono-real-de-las-pedanias-solo-se-reparten-5-000-euros-de-21-000-por-falta-de-informacion-y-gestion\/\"},\"author\":{\"name\":\"ponferrada2\",\"@id\":\"https:\/\/agrupacionespsoe.es\/ponferrada\/#\/schema\/person\/cd29ee627f3b70c05d415f02596debaa\"},\"headline\":\"El Grupo Socialista denuncia el abandono real de las pedan\u00edas: solo se reparten 5.000 euros de 21.000 por falta de informaci\u00f3n y gesti\u00f3n\",\"datePublished\":\"2025-12-18T09:52:55+00:00\",\"dateModified\":\"2025-12-18T09:52:56+00:00\",\"mainEntityOfPage\":{\"@id\":\"https:\/\/agrupacionespsoe.es\/ponferrada\/el-grupo-socialista-denuncia-el-abandono-real-de-las-pedanias-solo-se-reparten-5-000-euros-de-21-000-por-falta-de-informacion-y-gestion\/\"},\"wordCount\":685,\"commentCount\":0,\"publisher\":{\"@id\":\"https:\/\/agrupacionespsoe.es\/ponferrada\/#organization\"},\"image\":{\"@id\":\"https:\/\/agrupacionespsoe.es\/ponferrada\/el-grupo-socialista-denuncia-el-abandono-real-de-las-pedanias-solo-se-reparten-5-000-euros-de-21-000-por-falta-de-informacion-y-gestion\/#primaryimage\"},\"thumbnailUrl\":\"https:\/\/agrupacionespsoe.es\/ponferrada\/wp-content\/uploads\/sites\/36\/2025\/12\/WhatsApp-Image-2025-12-18-at-10.51.34.jpeg\",\"articleSection\":[\"ACTUALIDAD\"],\"inLanguage\":\"es\",\"potentialAction\":[{\"@type\":\"CommentAction\",\"name\":\"Comment\",\"target\":[\"https:\/\/agrupacionespsoe.es\/ponferrada\/el-grupo-socialista-denuncia-el-abandono-real-de-las-pedanias-solo-se-reparten-5-000-euros-de-21-000-por-falta-de-informacion-y-gestion\/#respond\"]}]},{\"@type\":\"WebPage\",\"@id\":\"https:\/\/agrupacionespsoe.es\/ponferrada\/el-grupo-socialista-denuncia-el-abandono-real-de-las-pedanias-solo-se-reparten-5-000-euros-de-21-000-por-falta-de-informacion-y-gestion\/\",\"url\":\"https:\/\/agrupacionespsoe.es\/ponferrada\/el-grupo-socialista-denuncia-el-abandono-real-de-las-pedanias-solo-se-reparten-5-000-euros-de-21-000-por-falta-de-informacion-y-gestion\/\",\"name\":\"El Grupo Socialista denuncia el abandono real de las pedan\u00edas: solo se reparten 5.000 euros de 21.000 por falta de informaci\u00f3n y gesti\u00f3n - Agrupaci\u00f3n Socialista de Ponferrada\",\"isPartOf\":{\"@id\":\"https:\/\/agrupacionespsoe.es\/ponferrada\/#website\"},\"primaryImageOfPage\":{\"@id\":\"https:\/\/agrupacionespsoe.es\/ponferrada\/el-grupo-socialista-denuncia-el-abandono-real-de-las-pedanias-solo-se-reparten-5-000-euros-de-21-000-por-falta-de-informacion-y-gestion\/#primaryimage\"},\"image\":{\"@id\":\"https:\/\/agrupacionespsoe.es\/ponferrada\/el-grupo-socialista-denuncia-el-abandono-real-de-las-pedanias-solo-se-reparten-5-000-euros-de-21-000-por-falta-de-informacion-y-gestion\/#primaryimage\"},\"thumbnailUrl\":\"https:\/\/agrupacionespsoe.es\/ponferrada\/wp-content\/uploads\/sites\/36\/2025\/12\/WhatsApp-Image-2025-12-18-at-10.51.34.jpeg\",\"datePublished\":\"2025-12-18T09:52:55+00:00\",\"dateModified\":\"2025-12-18T09:52:56+00:00\",\"breadcrumb\":{\"@id\":\"https:\/\/agrupacionespsoe.es\/ponferrada\/el-grupo-socialista-denuncia-el-abandono-real-de-las-pedanias-solo-se-reparten-5-000-euros-de-21-000-por-falta-de-informacion-y-gestion\/#breadcrumb\"},\"inLanguage\":\"es\",\"potentialAction\":[{\"@type\":\"ReadAction\",\"target\":[\"https:\/\/agrupacionespsoe.es\/ponferrada\/el-grupo-socialista-denuncia-el-abandono-real-de-las-pedanias-solo-se-reparten-5-000-euros-de-21-000-por-falta-de-informacion-y-gestion\/\"]}]},{\"@type\":\"ImageObject\",\"inLanguage\":\"es\",\"@id\":\"https:\/\/agrupacionespsoe.es\/ponferrada\/el-grupo-socialista-denuncia-el-abandono-real-de-las-pedanias-solo-se-reparten-5-000-euros-de-21-000-por-falta-de-informacion-y-gestion\/#primaryimage\",\"url\":\"https:\/\/agrupacionespsoe.es\/ponferrada\/wp-content\/uploads\/sites\/36\/2025\/12\/WhatsApp-Image-2025-12-18-at-10.51.34.jpeg\",\"contentUrl\":\"https:\/\/agrupacionespsoe.es\/ponferrada\/wp-content\/uploads\/sites\/36\/2025\/12\/WhatsApp-Image-2025-12-18-at-10.51.34.jpeg\",\"width\":1600,\"height\":1017},{\"@type\":\"BreadcrumbList\",\"@id\":\"https:\/\/agrupacionespsoe.es\/ponferrada\/el-grupo-socialista-denuncia-el-abandono-real-de-las-pedanias-solo-se-reparten-5-000-euros-de-21-000-por-falta-de-informacion-y-gestion\/#breadcrumb\",\"itemListElement\":[{\"@type\":\"ListItem\",\"position\":1,\"name\":\"Portada\",\"item\":\"https:\/\/agrupacionespsoe.es\/ponferrada\/\"},{\"@type\":\"ListItem\",\"position\":2,\"name\":\"El Grupo Socialista denuncia el abandono real de las pedan\u00edas: solo se reparten 5.000 euros de 21.000 por falta de informaci\u00f3n y gesti\u00f3n\"}]},{\"@type\":\"WebSite\",\"@id\":\"https:\/\/agrupacionespsoe.es\/ponferrada\/#website\",\"url\":\"https:\/\/agrupacionespsoe.es\/ponferrada\/\",\"name\":\"Agrupaci\u00f3n Socialista de Ponferrada\",\"description\":\"Agrupaci\u00f3n Socialista de Ponferrada\",\"publisher\":{\"@id\":\"https:\/\/agrupacionespsoe.es\/ponferrada\/#organization\"},\"potentialAction\":[{\"@type\":\"SearchAction\",\"target\":{\"@type\":\"EntryPoint\",\"urlTemplate\":\"https:\/\/agrupacionespsoe.es\/ponferrada\/?s={search_term_string}\"},\"query-input\":{\"@type\":\"PropertyValueSpecification\",\"valueRequired\":true,\"valueName\":\"search_term_string\"}}],\"inLanguage\":\"es\"},{\"@type\":\"Organization\",\"@id\":\"https:\/\/agrupacionespsoe.es\/ponferrada\/#organization\",\"name\":\"Agrupaci\u00f3n Socialista de Ponferrada\",\"url\":\"https:\/\/agrupacionespsoe.es\/ponferrada\/\",\"logo\":{\"@type\":\"ImageObject\",\"inLanguage\":\"es\",\"@id\":\"https:\/\/agrupacionespsoe.es\/ponferrada\/#\/schema\/logo\/image\/\",\"url\":\"https:\/\/agrupacionespsoe.es\/wp-content\/uploads\/2022\/07\/Logotipo_electoral_del_PSOE.png\",\"contentUrl\":\"https:\/\/agrupacionespsoe.es\/wp-content\/uploads\/2022\/07\/Logotipo_electoral_del_PSOE.png\",\"width\":422,\"height\":422,\"caption\":\"Agrupaci\u00f3n Socialista de Ponferrada\"},\"image\":{\"@id\":\"https:\/\/agrupacionespsoe.es\/ponferrada\/#\/schema\/logo\/image\/\"}},{\"@type\":\"Person\",\"@id\":\"https:\/\/agrupacionespsoe.es\/ponferrada\/#\/schema\/person\/cd29ee627f3b70c05d415f02596debaa\",\"name\":\"ponferrada2\",\"image\":{\"@type\":\"ImageObject\",\"inLanguage\":\"es\",\"@id\":\"https:\/\/agrupacionespsoe.es\/ponferrada\/#\/schema\/person\/image\/\",\"url\":\"https:\/\/secure.gravatar.com\/avatar\/f499eeb60144c664cf7b7edf75549b50?s=96&d=mm&r=g\",\"contentUrl\":\"https:\/\/secure.gravatar.com\/avatar\/f499eeb60144c664cf7b7edf75549b50?s=96&d=mm&r=g\",\"caption\":\"ponferrada2\"},\"url\":\"https:\/\/agrupacionespsoe.es\/ponferrada\/author\/ponferrada2\/\"}]}<\/script>\n<!-- \/ Yoast SEO plugin. -->","yoast_head_json":{"title":"El Grupo Socialista denuncia el abandono real de las pedan\u00edas: solo se reparten 5.000 euros de 21.000 por falta de informaci\u00f3n y gesti\u00f3n - Agrupaci\u00f3n Socialista de Ponferrada","robots":{"index":"index","follow":"follow","max-snippet":"max-snippet:-1","max-image-preview":"max-image-preview:large","max-video-preview":"max-video-preview:-1"},"canonical":"https:\/\/agrupacionespsoe.es\/ponferrada\/el-grupo-socialista-denuncia-el-abandono-real-de-las-pedanias-solo-se-reparten-5-000-euros-de-21-000-por-falta-de-informacion-y-gestion\/","og_locale":"es_ES","og_type":"article","og_title":"El Grupo Socialista denuncia el abandono real de las pedan\u00edas: solo se reparten 5.000 euros de 21.000 por falta de informaci\u00f3n y gesti\u00f3n - Agrupaci\u00f3n Socialista de Ponferrada","og_description":"El Grupo Municipal Socialista critic\u00f3 en el \u00f3rgano de decisi\u00f3n de las subvenciones a Juntas Vecinales celebrado este lunes la falta absoluta de inter\u00e9s y de gesti\u00f3n del equipo de gobierno con las pedan\u00edas del municipio, una realidad que contrasta de forma evidente con el discurso del alcalde Marco Morala. Este a\u00f1o, de la convocatoria ...","og_url":"https:\/\/agrupacionespsoe.es\/ponferrada\/el-grupo-socialista-denuncia-el-abandono-real-de-las-pedanias-solo-se-reparten-5-000-euros-de-21-000-por-falta-de-informacion-y-gestion\/","og_site_name":"Agrupaci\u00f3n Socialista de Ponferrada","article_published_time":"2025-12-18T09:52:55+00:00","article_modified_time":"2025-12-18T09:52:56+00:00","og_image":[{"width":1600,"height":1017,"url":"https:\/\/agrupacionespsoe.es\/ponferrada\/wp-content\/uploads\/sites\/36\/2025\/12\/WhatsApp-Image-2025-12-18-at-10.51.34.jpeg","type":"image\/jpeg"}],"author":"ponferrada2","twitter_card":"summary_large_image","twitter_misc":{"Escrito por":"ponferrada2","Tiempo de lectura":"4 minutos"},"schema":{"@context":"https:\/\/schema.org","@graph":[{"@type":"Article","@id":"https:\/\/agrupacionespsoe.es\/ponferrada\/el-grupo-socialista-denuncia-el-abandono-real-de-las-pedanias-solo-se-reparten-5-000-euros-de-21-000-por-falta-de-informacion-y-gestion\/#article","isPartOf":{"@id":"https:\/\/agrupacionespsoe.es\/ponferrada\/el-grupo-socialista-denuncia-el-abandono-real-de-las-pedanias-solo-se-reparten-5-000-euros-de-21-000-por-falta-de-informacion-y-gestion\/"},"author":{"name":"ponferrada2","@id":"https:\/\/agrupacionespsoe.es\/ponferrada\/#\/schema\/person\/cd29ee627f3b70c05d415f02596debaa"},"headline":"El Grupo Socialista denuncia el abandono real de las pedan\u00edas: solo se reparten 5.000 euros de 21.000 por falta de informaci\u00f3n y gesti\u00f3n","datePublished":"2025-12-18T09:52:55+00:00","dateModified":"2025-12-18T09:52:56+00:00","mainEntityOfPage":{"@id":"https:\/\/agrupacionespsoe.es\/ponferrada\/el-grupo-socialista-denuncia-el-abandono-real-de-las-pedanias-solo-se-reparten-5-000-euros-de-21-000-por-falta-de-informacion-y-gestion\/"},"wordCount":685,"commentCount":0,"publisher":{"@id":"https:\/\/agrupacionespsoe.es\/ponferrada\/#organization"},"image":{"@id":"https:\/\/agrupacionespsoe.es\/ponferrada\/el-grupo-socialista-denuncia-el-abandono-real-de-las-pedanias-solo-se-reparten-5-000-euros-de-21-000-por-falta-de-informacion-y-gestion\/#primaryimage"},"thumbnailUrl":"https:\/\/agrupacionespsoe.es\/ponferrada\/wp-content\/uploads\/sites\/36\/2025\/12\/WhatsApp-Image-2025-12-18-at-10.51.34.jpeg","articleSection":["ACTUALIDAD"],"inLanguage":"es","potentialAction":[{"@type":"CommentAction","name":"Comment","target":["https:\/\/agrupacionespsoe.es\/ponferrada\/el-grupo-socialista-denuncia-el-abandono-real-de-las-pedanias-solo-se-reparten-5-000-euros-de-21-000-por-falta-de-informacion-y-gestion\/#respond"]}]},{"@type":"WebPage","@id":"https:\/\/agrupacionespsoe.es\/ponferrada\/el-grupo-socialista-denuncia-el-abandono-real-de-las-pedanias-solo-se-reparten-5-000-euros-de-21-000-por-falta-de-informacion-y-gestion\/","url":"https:\/\/agrupacionespsoe.es\/ponferrada\/el-grupo-socialista-denuncia-el-abandono-real-de-las-pedanias-solo-se-reparten-5-000-euros-de-21-000-por-falta-de-informacion-y-gestion\/","name":"El Grupo Socialista denuncia el abandono real de las pedan\u00edas: solo se reparten 5.000 euros de 21.000 por falta de informaci\u00f3n y gesti\u00f3n - Agrupaci\u00f3n Socialista de Ponferrada","isPartOf":{"@id":"https:\/\/agrupacionespsoe.es\/ponferrada\/#website"},"primaryImageOfPage":{"@id":"https:\/\/agrupacionespsoe.es\/ponferrada\/el-grupo-socialista-denuncia-el-abandono-real-de-las-pedanias-solo-se-reparten-5-000-euros-de-21-000-por-falta-de-informacion-y-gestion\/#primaryimage"},"image":{"@id":"https:\/\/agrupacionespsoe.es\/ponferrada\/el-grupo-socialista-denuncia-el-abandono-real-de-las-pedanias-solo-se-reparten-5-000-euros-de-21-000-por-falta-de-informacion-y-gestion\/#primaryimage"},"thumbnailUrl":"https:\/\/agrupacionespsoe.es\/ponferrada\/wp-content\/uploads\/sites\/36\/2025\/12\/WhatsApp-Image-2025-12-18-at-10.51.34.jpeg","datePublished":"2025-12-18T09:52:55+00:00","dateModified":"2025-12-18T09:52:56+00:00","breadcrumb":{"@id":"https:\/\/agrupacionespsoe.es\/ponferrada\/el-grupo-socialista-denuncia-el-abandono-real-de-las-pedanias-solo-se-reparten-5-000-euros-de-21-000-por-falta-de-informacion-y-gestion\/#breadcrumb"},"inLanguage":"es","potentialAction":[{"@type":"ReadAction","target":["https:\/\/agrupacionespsoe.es\/ponferrada\/el-grupo-socialista-denuncia-el-abandono-real-de-las-pedanias-solo-se-reparten-5-000-euros-de-21-000-por-falta-de-informacion-y-gestion\/"]}]},{"@type":"ImageObject","inLanguage":"es","@id":"https:\/\/agrupacionespsoe.es\/ponferrada\/el-grupo-socialista-denuncia-el-abandono-real-de-las-pedanias-solo-se-reparten-5-000-euros-de-21-000-por-falta-de-informacion-y-gestion\/#primaryimage","url":"https:\/\/agrupacionespsoe.es\/ponferrada\/wp-content\/uploads\/sites\/36\/2025\/12\/WhatsApp-Image-2025-12-18-at-10.51.34.jpeg","contentUrl":"https:\/\/agrupacionespsoe.es\/ponferrada\/wp-content\/uploads\/sites\/36\/2025\/12\/WhatsApp-Image-2025-12-18-at-10.51.34.jpeg","width":1600,"height":1017},{"@type":"BreadcrumbList","@id":"https:\/\/agrupacionespsoe.es\/ponferrada\/el-grupo-socialista-denuncia-el-abandono-real-de-las-pedanias-solo-se-reparten-5-000-euros-de-21-000-por-falta-de-informacion-y-gestion\/#breadcrumb","itemListElement":[{"@type":"ListItem","position":1,"name":"Portada","item":"https:\/\/agrupacionespsoe.es\/ponferrada\/"},{"@type":"ListItem","position":2,"name":"El Grupo Socialista denuncia el abandono real de las pedan\u00edas: solo se reparten 5.000 euros de 21.000 por falta de informaci\u00f3n y gesti\u00f3n"}]},{"@type":"WebSite","@id":"https:\/\/agrupacionespsoe.es\/ponferrada\/#website","url":"https:\/\/agrupacionespsoe.es\/ponferrada\/","name":"Agrupaci\u00f3n Socialista de Ponferrada","description":"Agrupaci\u00f3n Socialista de Ponferrada","publisher":{"@id":"https:\/\/agrupacionespsoe.es\/ponferrada\/#organization"},"potentialAction":[{"@type":"SearchAction","target":{"@type":"EntryPoint","urlTemplate":"https:\/\/agrupacionespsoe.es\/ponferrada\/?s={search_term_string}"},"query-input":{"@type":"PropertyValueSpecification","valueRequired":true,"valueName":"search_term_string"}}],"inLanguage":"es"},{"@type":"Organization","@id":"https:\/\/agrupacionespsoe.es\/ponferrada\/#organization","name":"Agrupaci\u00f3n Socialista de Ponferrada","url":"https:\/\/agrupacionespsoe.es\/ponferrada\/","logo":{"@type":"ImageObject","inLanguage":"es","@id":"https:\/\/agrupacionespsoe.es\/ponferrada\/#\/schema\/logo\/image\/","url":"https:\/\/agrupacionespsoe.es\/wp-content\/uploads\/2022\/07\/Logotipo_electoral_del_PSOE.png","contentUrl":"https:\/\/agrupacionespsoe.es\/wp-content\/uploads\/2022\/07\/Logotipo_electoral_del_PSOE.png","width":422,"height":422,"caption":"Agrupaci\u00f3n Socialista de Ponferrada"},"image":{"@id":"https:\/\/agrupacionespsoe.es\/ponferrada\/#\/schema\/logo\/image\/"}},{"@type":"Person","@id":"https:\/\/agrupacionespsoe.es\/ponferrada\/#\/schema\/person\/cd29ee627f3b70c05d415f02596debaa","name":"ponferrada2","image":{"@type":"ImageObject","inLanguage":"es","@id":"https:\/\/agrupacionespsoe.es\/ponferrada\/#\/schema\/person\/image\/","url":"https:\/\/secure.gravatar.com\/avatar\/f499eeb60144c664cf7b7edf75549b50?s=96&d=mm&r=g","contentUrl":"https:\/\/secure.gravatar.com\/avatar\/f499eeb60144c664cf7b7edf75549b50?s=96&d=mm&r=g","caption":"ponferrada2"},"url":"https:\/\/agrupacionespsoe.es\/ponferrada\/author\/ponferrada2\/"}]}},"jetpack_featured_media_url":"https:\/\/agrupacionespsoe.es\/ponferrada\/wp-content\/uploads\/sites\/36\/2025\/12\/WhatsApp-Image-2025-12-18-at-10.51.34.jpeg","jetpack_sharing_enabled":true,"_links":{"self":[{"href":"https:\/\/agrupacionespsoe.es\/ponferrada\/wp-json\/wp\/v2\/posts\/1438","targetHints":{"allow":["GET"]}}],"collection":[{"href":"https:\/\/agrupacionespsoe.es\/ponferrada\/wp-json\/wp\/v2\/posts"}],"about":[{"href":"https:\/\/agrupacionespsoe.es\/ponferrada\/wp-json\/wp\/v2\/types\/post"}],"author":[{"embeddable":true,"href":"https:\/\/agrupacionespsoe.es\/ponferrada\/wp-json\/wp\/v2\/users\/32"}],"replies":[{"embeddable":true,"href":"https:\/\/agrupacionespsoe.es\/ponferrada\/wp-json\/wp\/v2\/comments?post=1438"}],"version-history":[{"count":2,"href":"https:\/\/agrupacionespsoe.es\/ponferrada\/wp-json\/wp\/v2\/posts\/1438\/revisions"}],"predecessor-version":[{"id":1441,"href":"https:\/\/agrupacionespsoe.es\/ponferrada\/wp-json\/wp\/v2\/posts\/1438\/revisions\/1441"}],"wp:featuredmedia":[{"embeddable":true,"href":"https:\/\/agrupacionespsoe.es\/ponferrada\/wp-json\/wp\/v2\/media\/1439"}],"wp:attachment":[{"href":"https:\/\/agrupacionespsoe.es\/ponferrada\/wp-json\/wp\/v2\/media?parent=1438"}],"wp:term":[{"taxonomy":"category","embeddable":true,"href":"https:\/\/agrupacionespsoe.es\/ponferrada\/wp-json\/wp\/v2\/categories?post=1438"},{"taxonomy":"post_tag","embeddable":true,"href":"https:\/\/agrupacionespsoe.es\/ponferrada\/wp-json\/wp\/v2\/tags?post=1438"}],"curies":[{"name":"wp","href":"https:\/\/api.w.org\/{rel}","templated":true}]}}