{"id":1429,"date":"2025-12-16T10:23:06","date_gmt":"2025-12-16T10:23:06","guid":{"rendered":"https:\/\/agrupacionespsoe.es\/ponferrada\/?p=1429"},"modified":"2025-12-16T10:43:55","modified_gmt":"2025-12-16T10:43:55","slug":"el-psoe-denuncia-la-proliferacion-de-vertederos-incontrolados-y-acusa-al-alcalde-de-mirar-hacia-otro-lado","status":"publish","type":"post","link":"https:\/\/agrupacionespsoe.es\/ponferrada\/el-psoe-denuncia-la-proliferacion-de-vertederos-incontrolados-y-acusa-al-alcalde-de-mirar-hacia-otro-lado\/","title":{"rendered":"El PSOE denuncia la proliferaci\u00f3n de vertederos incontrolados y acusa al alcalde de mirar hacia otro lado"},"content":{"rendered":"\n<p>El PSOE de Ponferrada ha denunciado la proliferaci\u00f3n de vertederos incontrolados en distintos puntos del municipio y ha acusado directamente al alcalde y a su equipo de gobierno de cerrar los ojos ante un grave problema medioambiental que afecta a barrios y zonas periurbanas de la ciudad.<\/p>\n\n\n\n<p>\u201cEsta es la Ponferrada que no se ve, pero es Ponferrada\u201d, se\u00f1al\u00f3 el portavoz socialista, Olegario Ram\u00f3n, en un v\u00eddeo grabado en uno de estos puntos, en las inmediaciones del Cylog. En apenas un peque\u00f1o paseo, explic\u00f3, \u201cnos hemos encontrado con restos de obras, muebles, juguetes y todo tipo de residuos esparcidos por toda la zona, convirti\u00e9ndola en un aut\u00e9ntico estercolero urbano\u201d.<\/p>\n\n\n\n<p>Para los socialistas, resulta \u201cdif\u00edcilmente cre\u00edble\u201d que con la cantidad de escombros acumulados en estos espacios no exista un mayor control ni m\u00e1s denuncias. \u201cEl alcalde es responsable de este atentado contra el medio ambiente y, mientras vive en su particular mundo de felicidad, la realidad de la ciudad es esta: la de un estercolero frente al que el equipo de gobierno no act\u00faa, causando un da\u00f1o medioambiental muy severo\u201d, afirm\u00f3 Ram\u00f3n.<\/p>\n\n\n\n<figure class=\"wp-block-image size-large\"><img loading=\"lazy\" decoding=\"async\" width=\"1024\" height=\"575\" src=\"https:\/\/agrupacionespsoe.es\/ponferrada\/wp-content\/uploads\/sites\/36\/2025\/12\/el-psoe-acusa-al-ayuntamiento-de-ponferrada-de-cerrar-los-ojos-ante-la-proliferacion-de-vertederos-ilegales-el-bierzo-digital-1024x575.jpg\" alt=\"\" class=\"wp-image-1430\" srcset=\"https:\/\/agrupacionespsoe.es\/ponferrada\/wp-content\/uploads\/sites\/36\/2025\/12\/el-psoe-acusa-al-ayuntamiento-de-ponferrada-de-cerrar-los-ojos-ante-la-proliferacion-de-vertederos-ilegales-el-bierzo-digital-1024x575.jpg 1024w, https:\/\/agrupacionespsoe.es\/ponferrada\/wp-content\/uploads\/sites\/36\/2025\/12\/el-psoe-acusa-al-ayuntamiento-de-ponferrada-de-cerrar-los-ojos-ante-la-proliferacion-de-vertederos-ilegales-el-bierzo-digital-300x168.jpg 300w, https:\/\/agrupacionespsoe.es\/ponferrada\/wp-content\/uploads\/sites\/36\/2025\/12\/el-psoe-acusa-al-ayuntamiento-de-ponferrada-de-cerrar-los-ojos-ante-la-proliferacion-de-vertederos-ilegales-el-bierzo-digital-768x431.jpg 768w, https:\/\/agrupacionespsoe.es\/ponferrada\/wp-content\/uploads\/sites\/36\/2025\/12\/el-psoe-acusa-al-ayuntamiento-de-ponferrada-de-cerrar-los-ojos-ante-la-proliferacion-de-vertederos-ilegales-el-bierzo-digital.jpg 1320w\" sizes=\"auto, (max-width: 1024px) 100vw, 1024px\" \/><figcaption class=\"wp-element-caption\">Vertedero ilegal cerca del Cylog<\/figcaption><\/figure>\n\n\n\n<p>Desde el PSOE recuerdan que estas palabras contrastan frontalmente con lo que el Partido Popular defend\u00eda cuando estaba en la oposici\u00f3n. La semana pasada, el actual concejal de Medio Ambiente, Carlos Fern\u00e1ndez, sacaba pecho de las actuaciones de su \u00e1rea, asegurando que se hab\u00eda intervenido en 24 puntos diferentes del municipio y que en 2025 se hab\u00edan abierto 38 expedientes sancionadores por vertidos ilegales. Sin embargo, para los socialistas, \u201cla realidad sobre el terreno demuestra que esas cifras no se traducen en una ciudad m\u00e1s limpia ni mejor cuidada\u201d.<\/p>\n\n\n\n<p>Adem\u00e1s, el PSOE subraya la contradicci\u00f3n evidente con declaraciones anteriores del propio PP. En su etapa en la oposici\u00f3n, la entonces concejala popular Lidia Coca denunciaba p\u00fablicamente el crecimiento de vertederos incontrolados, exig\u00eda al gobierno municipal que \u201cabandonara su inactividad\u201d, reclamaba m\u00e1s vigilancia y alertaba de la degradaci\u00f3n de barrios y pueblos por la falta de limpieza regular y mantenimiento. Parece como en otras ocasiones que ten\u00edan m\u00e1s celo en la oposici\u00f3n que cuando les toca estar en el gobierno.<\/p>\n\n\n\n<p>\u201cEl problema es que ahora gobiernan y hacen justo aquello que criticaban: pasividad, falta de control y abandono de barrios que no son el centro\u201d, concluyen desde el PSOE de Ponferrada, que exige al equipo de gobierno que act\u00fae de forma inmediata, refuerce la vigilancia, retire los vertidos existentes y ponga en marcha una pol\u00edtica real y eficaz contra los vertederos ilegales, en lugar de limitarse a anuncios y comunicados.<\/p>\n\n\n\n<figure class=\"wp-block-embed is-type-video is-provider-youtube wp-block-embed-youtube wp-embed-aspect-16-9 wp-has-aspect-ratio\"><div class=\"wp-block-embed__wrapper\">\n<iframe loading=\"lazy\" title=\"\ud83d\uddd1\ufe0f\ud83d\udc4e\ud83c\udffdEl PP permite que en Ponferrada proliferen vertederos incontrolados.\" width=\"500\" height=\"281\" src=\"https:\/\/www.youtube.com\/embed\/qtQuocDOYKo?feature=oembed\" frameborder=\"0\" allow=\"accelerometer; autoplay; clipboard-write; encrypted-media; gyroscope; picture-in-picture; web-share\" referrerpolicy=\"strict-origin-when-cross-origin\" allowfullscreen><\/iframe>\n<\/div><\/figure>\n","protected":false},"excerpt":{"rendered":"<p>El PSOE de Ponferrada ha denunciado la proliferaci\u00f3n de vertederos incontrolados en distintos puntos del municipio y ha acusado directamente al alcalde y a su equipo de gobierno de cerrar los ojos ante un grave problema medioambiental que afecta a barrios y zonas periurbanas de la ciudad. \u201cEsta es la Ponferrada que no se ve, &#8230;<\/p>\n","protected":false},"author":32,"featured_media":1430,"comment_status":"open","ping_status":"open","sticky":false,"template":"","format":"standard","meta":{"_jetpack_memberships_contains_paid_content":false,"footnotes":""},"categories":[6],"tags":[],"class_list":["post-1429","post","type-post","status-publish","format-standard","has-post-thumbnail","hentry","category-actualidad"],"yoast_head":"<!-- This site is optimized with the Yoast SEO plugin v24.0 - https:\/\/yoast.com\/wordpress\/plugins\/seo\/ -->\n<title>El PSOE denuncia la proliferaci\u00f3n de vertederos incontrolados y acusa al alcalde de mirar hacia otro lado - Agrupaci\u00f3n Socialista de Ponferrada<\/title>\n<meta name=\"robots\" content=\"index, follow, max-snippet:-1, max-image-preview:large, max-video-preview:-1\" \/>\n<link rel=\"canonical\" href=\"https:\/\/agrupacionespsoe.es\/ponferrada\/el-psoe-denuncia-la-proliferacion-de-vertederos-incontrolados-y-acusa-al-alcalde-de-mirar-hacia-otro-lado\/\" \/>\n<meta property=\"og:locale\" content=\"es_ES\" \/>\n<meta property=\"og:type\" content=\"article\" \/>\n<meta property=\"og:title\" content=\"El PSOE denuncia la proliferaci\u00f3n de vertederos incontrolados y acusa al alcalde de mirar hacia otro lado - Agrupaci\u00f3n Socialista de Ponferrada\" \/>\n<meta property=\"og:description\" content=\"El PSOE de Ponferrada ha denunciado la proliferaci\u00f3n de vertederos incontrolados en distintos puntos del municipio y ha acusado directamente al alcalde y a su equipo de gobierno de cerrar los ojos ante un grave problema medioambiental que afecta a barrios y zonas periurbanas de la ciudad. \u201cEsta es la Ponferrada que no se ve, ...\" \/>\n<meta property=\"og:url\" content=\"https:\/\/agrupacionespsoe.es\/ponferrada\/el-psoe-denuncia-la-proliferacion-de-vertederos-incontrolados-y-acusa-al-alcalde-de-mirar-hacia-otro-lado\/\" \/>\n<meta property=\"og:site_name\" content=\"Agrupaci\u00f3n Socialista de Ponferrada\" \/>\n<meta property=\"article:published_time\" content=\"2025-12-16T10:23:06+00:00\" \/>\n<meta property=\"article:modified_time\" content=\"2025-12-16T10:43:55+00:00\" \/>\n<meta property=\"og:image\" content=\"https:\/\/agrupacionespsoe.es\/ponferrada\/wp-content\/uploads\/sites\/36\/2025\/12\/el-psoe-acusa-al-ayuntamiento-de-ponferrada-de-cerrar-los-ojos-ante-la-proliferacion-de-vertederos-ilegales-el-bierzo-digital.jpg\" \/>\n\t<meta property=\"og:image:width\" content=\"1320\" \/>\n\t<meta property=\"og:image:height\" content=\"741\" \/>\n\t<meta property=\"og:image:type\" content=\"image\/jpeg\" \/>\n<meta name=\"author\" content=\"ponferrada2\" \/>\n<meta name=\"twitter:card\" content=\"summary_large_image\" \/>\n<meta name=\"twitter:label1\" content=\"Escrito por\" \/>\n\t<meta name=\"twitter:data1\" content=\"ponferrada2\" \/>\n\t<meta name=\"twitter:label2\" content=\"Tiempo de lectura\" \/>\n\t<meta name=\"twitter:data2\" content=\"3 minutos\" \/>\n<script type=\"application\/ld+json\" class=\"yoast-schema-graph\">{\"@context\":\"https:\/\/schema.org\",\"@graph\":[{\"@type\":\"Article\",\"@id\":\"https:\/\/agrupacionespsoe.es\/ponferrada\/el-psoe-denuncia-la-proliferacion-de-vertederos-incontrolados-y-acusa-al-alcalde-de-mirar-hacia-otro-lado\/#article\",\"isPartOf\":{\"@id\":\"https:\/\/agrupacionespsoe.es\/ponferrada\/el-psoe-denuncia-la-proliferacion-de-vertederos-incontrolados-y-acusa-al-alcalde-de-mirar-hacia-otro-lado\/\"},\"author\":{\"name\":\"ponferrada2\",\"@id\":\"https:\/\/agrupacionespsoe.es\/ponferrada\/#\/schema\/person\/cd29ee627f3b70c05d415f02596debaa\"},\"headline\":\"El PSOE denuncia la proliferaci\u00f3n de vertederos incontrolados y acusa al alcalde de mirar hacia otro lado\",\"datePublished\":\"2025-12-16T10:23:06+00:00\",\"dateModified\":\"2025-12-16T10:43:55+00:00\",\"mainEntityOfPage\":{\"@id\":\"https:\/\/agrupacionespsoe.es\/ponferrada\/el-psoe-denuncia-la-proliferacion-de-vertederos-incontrolados-y-acusa-al-alcalde-de-mirar-hacia-otro-lado\/\"},\"wordCount\":480,\"commentCount\":0,\"publisher\":{\"@id\":\"https:\/\/agrupacionespsoe.es\/ponferrada\/#organization\"},\"image\":{\"@id\":\"https:\/\/agrupacionespsoe.es\/ponferrada\/el-psoe-denuncia-la-proliferacion-de-vertederos-incontrolados-y-acusa-al-alcalde-de-mirar-hacia-otro-lado\/#primaryimage\"},\"thumbnailUrl\":\"https:\/\/agrupacionespsoe.es\/ponferrada\/wp-content\/uploads\/sites\/36\/2025\/12\/el-psoe-acusa-al-ayuntamiento-de-ponferrada-de-cerrar-los-ojos-ante-la-proliferacion-de-vertederos-ilegales-el-bierzo-digital.jpg\",\"articleSection\":[\"ACTUALIDAD\"],\"inLanguage\":\"es\",\"potentialAction\":[{\"@type\":\"CommentAction\",\"name\":\"Comment\",\"target\":[\"https:\/\/agrupacionespsoe.es\/ponferrada\/el-psoe-denuncia-la-proliferacion-de-vertederos-incontrolados-y-acusa-al-alcalde-de-mirar-hacia-otro-lado\/#respond\"]}]},{\"@type\":\"WebPage\",\"@id\":\"https:\/\/agrupacionespsoe.es\/ponferrada\/el-psoe-denuncia-la-proliferacion-de-vertederos-incontrolados-y-acusa-al-alcalde-de-mirar-hacia-otro-lado\/\",\"url\":\"https:\/\/agrupacionespsoe.es\/ponferrada\/el-psoe-denuncia-la-proliferacion-de-vertederos-incontrolados-y-acusa-al-alcalde-de-mirar-hacia-otro-lado\/\",\"name\":\"El PSOE denuncia la proliferaci\u00f3n de vertederos incontrolados y acusa al alcalde de mirar hacia otro lado - Agrupaci\u00f3n Socialista de Ponferrada\",\"isPartOf\":{\"@id\":\"https:\/\/agrupacionespsoe.es\/ponferrada\/#website\"},\"primaryImageOfPage\":{\"@id\":\"https:\/\/agrupacionespsoe.es\/ponferrada\/el-psoe-denuncia-la-proliferacion-de-vertederos-incontrolados-y-acusa-al-alcalde-de-mirar-hacia-otro-lado\/#primaryimage\"},\"image\":{\"@id\":\"https:\/\/agrupacionespsoe.es\/ponferrada\/el-psoe-denuncia-la-proliferacion-de-vertederos-incontrolados-y-acusa-al-alcalde-de-mirar-hacia-otro-lado\/#primaryimage\"},\"thumbnailUrl\":\"https:\/\/agrupacionespsoe.es\/ponferrada\/wp-content\/uploads\/sites\/36\/2025\/12\/el-psoe-acusa-al-ayuntamiento-de-ponferrada-de-cerrar-los-ojos-ante-la-proliferacion-de-vertederos-ilegales-el-bierzo-digital.jpg\",\"datePublished\":\"2025-12-16T10:23:06+00:00\",\"dateModified\":\"2025-12-16T10:43:55+00:00\",\"breadcrumb\":{\"@id\":\"https:\/\/agrupacionespsoe.es\/ponferrada\/el-psoe-denuncia-la-proliferacion-de-vertederos-incontrolados-y-acusa-al-alcalde-de-mirar-hacia-otro-lado\/#breadcrumb\"},\"inLanguage\":\"es\",\"potentialAction\":[{\"@type\":\"ReadAction\",\"target\":[\"https:\/\/agrupacionespsoe.es\/ponferrada\/el-psoe-denuncia-la-proliferacion-de-vertederos-incontrolados-y-acusa-al-alcalde-de-mirar-hacia-otro-lado\/\"]}]},{\"@type\":\"ImageObject\",\"inLanguage\":\"es\",\"@id\":\"https:\/\/agrupacionespsoe.es\/ponferrada\/el-psoe-denuncia-la-proliferacion-de-vertederos-incontrolados-y-acusa-al-alcalde-de-mirar-hacia-otro-lado\/#primaryimage\",\"url\":\"https:\/\/agrupacionespsoe.es\/ponferrada\/wp-content\/uploads\/sites\/36\/2025\/12\/el-psoe-acusa-al-ayuntamiento-de-ponferrada-de-cerrar-los-ojos-ante-la-proliferacion-de-vertederos-ilegales-el-bierzo-digital.jpg\",\"contentUrl\":\"https:\/\/agrupacionespsoe.es\/ponferrada\/wp-content\/uploads\/sites\/36\/2025\/12\/el-psoe-acusa-al-ayuntamiento-de-ponferrada-de-cerrar-los-ojos-ante-la-proliferacion-de-vertederos-ilegales-el-bierzo-digital.jpg\",\"width\":1320,\"height\":741,\"caption\":\"Vertedero ilegal en la zona del Cylog de Ponferrada. \/ EBD\"},{\"@type\":\"BreadcrumbList\",\"@id\":\"https:\/\/agrupacionespsoe.es\/ponferrada\/el-psoe-denuncia-la-proliferacion-de-vertederos-incontrolados-y-acusa-al-alcalde-de-mirar-hacia-otro-lado\/#breadcrumb\",\"itemListElement\":[{\"@type\":\"ListItem\",\"position\":1,\"name\":\"Portada\",\"item\":\"https:\/\/agrupacionespsoe.es\/ponferrada\/\"},{\"@type\":\"ListItem\",\"position\":2,\"name\":\"El PSOE denuncia la proliferaci\u00f3n de vertederos incontrolados y acusa al alcalde de mirar hacia otro lado\"}]},{\"@type\":\"WebSite\",\"@id\":\"https:\/\/agrupacionespsoe.es\/ponferrada\/#website\",\"url\":\"https:\/\/agrupacionespsoe.es\/ponferrada\/\",\"name\":\"Agrupaci\u00f3n Socialista de Ponferrada\",\"description\":\"Agrupaci\u00f3n Socialista de Ponferrada\",\"publisher\":{\"@id\":\"https:\/\/agrupacionespsoe.es\/ponferrada\/#organization\"},\"potentialAction\":[{\"@type\":\"SearchAction\",\"target\":{\"@type\":\"EntryPoint\",\"urlTemplate\":\"https:\/\/agrupacionespsoe.es\/ponferrada\/?s={search_term_string}\"},\"query-input\":{\"@type\":\"PropertyValueSpecification\",\"valueRequired\":true,\"valueName\":\"search_term_string\"}}],\"inLanguage\":\"es\"},{\"@type\":\"Organization\",\"@id\":\"https:\/\/agrupacionespsoe.es\/ponferrada\/#organization\",\"name\":\"Agrupaci\u00f3n Socialista de Ponferrada\",\"url\":\"https:\/\/agrupacionespsoe.es\/ponferrada\/\",\"logo\":{\"@type\":\"ImageObject\",\"inLanguage\":\"es\",\"@id\":\"https:\/\/agrupacionespsoe.es\/ponferrada\/#\/schema\/logo\/image\/\",\"url\":\"https:\/\/agrupacionespsoe.es\/wp-content\/uploads\/2022\/07\/Logotipo_electoral_del_PSOE.png\",\"contentUrl\":\"https:\/\/agrupacionespsoe.es\/wp-content\/uploads\/2022\/07\/Logotipo_electoral_del_PSOE.png\",\"width\":422,\"height\":422,\"caption\":\"Agrupaci\u00f3n Socialista de Ponferrada\"},\"image\":{\"@id\":\"https:\/\/agrupacionespsoe.es\/ponferrada\/#\/schema\/logo\/image\/\"}},{\"@type\":\"Person\",\"@id\":\"https:\/\/agrupacionespsoe.es\/ponferrada\/#\/schema\/person\/cd29ee627f3b70c05d415f02596debaa\",\"name\":\"ponferrada2\",\"image\":{\"@type\":\"ImageObject\",\"inLanguage\":\"es\",\"@id\":\"https:\/\/agrupacionespsoe.es\/ponferrada\/#\/schema\/person\/image\/\",\"url\":\"https:\/\/secure.gravatar.com\/avatar\/f499eeb60144c664cf7b7edf75549b50?s=96&d=mm&r=g\",\"contentUrl\":\"https:\/\/secure.gravatar.com\/avatar\/f499eeb60144c664cf7b7edf75549b50?s=96&d=mm&r=g\",\"caption\":\"ponferrada2\"},\"url\":\"https:\/\/agrupacionespsoe.es\/ponferrada\/author\/ponferrada2\/\"}]}<\/script>\n<!-- \/ Yoast SEO plugin. -->","yoast_head_json":{"title":"El PSOE denuncia la proliferaci\u00f3n de vertederos incontrolados y acusa al alcalde de mirar hacia otro lado - Agrupaci\u00f3n Socialista de Ponferrada","robots":{"index":"index","follow":"follow","max-snippet":"max-snippet:-1","max-image-preview":"max-image-preview:large","max-video-preview":"max-video-preview:-1"},"canonical":"https:\/\/agrupacionespsoe.es\/ponferrada\/el-psoe-denuncia-la-proliferacion-de-vertederos-incontrolados-y-acusa-al-alcalde-de-mirar-hacia-otro-lado\/","og_locale":"es_ES","og_type":"article","og_title":"El PSOE denuncia la proliferaci\u00f3n de vertederos incontrolados y acusa al alcalde de mirar hacia otro lado - Agrupaci\u00f3n Socialista de Ponferrada","og_description":"El PSOE de Ponferrada ha denunciado la proliferaci\u00f3n de vertederos incontrolados en distintos puntos del municipio y ha acusado directamente al alcalde y a su equipo de gobierno de cerrar los ojos ante un grave problema medioambiental que afecta a barrios y zonas periurbanas de la ciudad. \u201cEsta es la Ponferrada que no se ve, ...","og_url":"https:\/\/agrupacionespsoe.es\/ponferrada\/el-psoe-denuncia-la-proliferacion-de-vertederos-incontrolados-y-acusa-al-alcalde-de-mirar-hacia-otro-lado\/","og_site_name":"Agrupaci\u00f3n Socialista de Ponferrada","article_published_time":"2025-12-16T10:23:06+00:00","article_modified_time":"2025-12-16T10:43:55+00:00","og_image":[{"width":1320,"height":741,"url":"https:\/\/agrupacionespsoe.es\/ponferrada\/wp-content\/uploads\/sites\/36\/2025\/12\/el-psoe-acusa-al-ayuntamiento-de-ponferrada-de-cerrar-los-ojos-ante-la-proliferacion-de-vertederos-ilegales-el-bierzo-digital.jpg","type":"image\/jpeg"}],"author":"ponferrada2","twitter_card":"summary_large_image","twitter_misc":{"Escrito por":"ponferrada2","Tiempo de lectura":"3 minutos"},"schema":{"@context":"https:\/\/schema.org","@graph":[{"@type":"Article","@id":"https:\/\/agrupacionespsoe.es\/ponferrada\/el-psoe-denuncia-la-proliferacion-de-vertederos-incontrolados-y-acusa-al-alcalde-de-mirar-hacia-otro-lado\/#article","isPartOf":{"@id":"https:\/\/agrupacionespsoe.es\/ponferrada\/el-psoe-denuncia-la-proliferacion-de-vertederos-incontrolados-y-acusa-al-alcalde-de-mirar-hacia-otro-lado\/"},"author":{"name":"ponferrada2","@id":"https:\/\/agrupacionespsoe.es\/ponferrada\/#\/schema\/person\/cd29ee627f3b70c05d415f02596debaa"},"headline":"El PSOE denuncia la proliferaci\u00f3n de vertederos incontrolados y acusa al alcalde de mirar hacia otro lado","datePublished":"2025-12-16T10:23:06+00:00","dateModified":"2025-12-16T10:43:55+00:00","mainEntityOfPage":{"@id":"https:\/\/agrupacionespsoe.es\/ponferrada\/el-psoe-denuncia-la-proliferacion-de-vertederos-incontrolados-y-acusa-al-alcalde-de-mirar-hacia-otro-lado\/"},"wordCount":480,"commentCount":0,"publisher":{"@id":"https:\/\/agrupacionespsoe.es\/ponferrada\/#organization"},"image":{"@id":"https:\/\/agrupacionespsoe.es\/ponferrada\/el-psoe-denuncia-la-proliferacion-de-vertederos-incontrolados-y-acusa-al-alcalde-de-mirar-hacia-otro-lado\/#primaryimage"},"thumbnailUrl":"https:\/\/agrupacionespsoe.es\/ponferrada\/wp-content\/uploads\/sites\/36\/2025\/12\/el-psoe-acusa-al-ayuntamiento-de-ponferrada-de-cerrar-los-ojos-ante-la-proliferacion-de-vertederos-ilegales-el-bierzo-digital.jpg","articleSection":["ACTUALIDAD"],"inLanguage":"es","potentialAction":[{"@type":"CommentAction","name":"Comment","target":["https:\/\/agrupacionespsoe.es\/ponferrada\/el-psoe-denuncia-la-proliferacion-de-vertederos-incontrolados-y-acusa-al-alcalde-de-mirar-hacia-otro-lado\/#respond"]}]},{"@type":"WebPage","@id":"https:\/\/agrupacionespsoe.es\/ponferrada\/el-psoe-denuncia-la-proliferacion-de-vertederos-incontrolados-y-acusa-al-alcalde-de-mirar-hacia-otro-lado\/","url":"https:\/\/agrupacionespsoe.es\/ponferrada\/el-psoe-denuncia-la-proliferacion-de-vertederos-incontrolados-y-acusa-al-alcalde-de-mirar-hacia-otro-lado\/","name":"El PSOE denuncia la proliferaci\u00f3n de vertederos incontrolados y acusa al alcalde de mirar hacia otro lado - Agrupaci\u00f3n Socialista de Ponferrada","isPartOf":{"@id":"https:\/\/agrupacionespsoe.es\/ponferrada\/#website"},"primaryImageOfPage":{"@id":"https:\/\/agrupacionespsoe.es\/ponferrada\/el-psoe-denuncia-la-proliferacion-de-vertederos-incontrolados-y-acusa-al-alcalde-de-mirar-hacia-otro-lado\/#primaryimage"},"image":{"@id":"https:\/\/agrupacionespsoe.es\/ponferrada\/el-psoe-denuncia-la-proliferacion-de-vertederos-incontrolados-y-acusa-al-alcalde-de-mirar-hacia-otro-lado\/#primaryimage"},"thumbnailUrl":"https:\/\/agrupacionespsoe.es\/ponferrada\/wp-content\/uploads\/sites\/36\/2025\/12\/el-psoe-acusa-al-ayuntamiento-de-ponferrada-de-cerrar-los-ojos-ante-la-proliferacion-de-vertederos-ilegales-el-bierzo-digital.jpg","datePublished":"2025-12-16T10:23:06+00:00","dateModified":"2025-12-16T10:43:55+00:00","breadcrumb":{"@id":"https:\/\/agrupacionespsoe.es\/ponferrada\/el-psoe-denuncia-la-proliferacion-de-vertederos-incontrolados-y-acusa-al-alcalde-de-mirar-hacia-otro-lado\/#breadcrumb"},"inLanguage":"es","potentialAction":[{"@type":"ReadAction","target":["https:\/\/agrupacionespsoe.es\/ponferrada\/el-psoe-denuncia-la-proliferacion-de-vertederos-incontrolados-y-acusa-al-alcalde-de-mirar-hacia-otro-lado\/"]}]},{"@type":"ImageObject","inLanguage":"es","@id":"https:\/\/agrupacionespsoe.es\/ponferrada\/el-psoe-denuncia-la-proliferacion-de-vertederos-incontrolados-y-acusa-al-alcalde-de-mirar-hacia-otro-lado\/#primaryimage","url":"https:\/\/agrupacionespsoe.es\/ponferrada\/wp-content\/uploads\/sites\/36\/2025\/12\/el-psoe-acusa-al-ayuntamiento-de-ponferrada-de-cerrar-los-ojos-ante-la-proliferacion-de-vertederos-ilegales-el-bierzo-digital.jpg","contentUrl":"https:\/\/agrupacionespsoe.es\/ponferrada\/wp-content\/uploads\/sites\/36\/2025\/12\/el-psoe-acusa-al-ayuntamiento-de-ponferrada-de-cerrar-los-ojos-ante-la-proliferacion-de-vertederos-ilegales-el-bierzo-digital.jpg","width":1320,"height":741,"caption":"Vertedero ilegal en la zona del Cylog de Ponferrada. \/ EBD"},{"@type":"BreadcrumbList","@id":"https:\/\/agrupacionespsoe.es\/ponferrada\/el-psoe-denuncia-la-proliferacion-de-vertederos-incontrolados-y-acusa-al-alcalde-de-mirar-hacia-otro-lado\/#breadcrumb","itemListElement":[{"@type":"ListItem","position":1,"name":"Portada","item":"https:\/\/agrupacionespsoe.es\/ponferrada\/"},{"@type":"ListItem","position":2,"name":"El PSOE denuncia la proliferaci\u00f3n de vertederos incontrolados y acusa al alcalde de mirar hacia otro lado"}]},{"@type":"WebSite","@id":"https:\/\/agrupacionespsoe.es\/ponferrada\/#website","url":"https:\/\/agrupacionespsoe.es\/ponferrada\/","name":"Agrupaci\u00f3n Socialista de Ponferrada","description":"Agrupaci\u00f3n Socialista de Ponferrada","publisher":{"@id":"https:\/\/agrupacionespsoe.es\/ponferrada\/#organization"},"potentialAction":[{"@type":"SearchAction","target":{"@type":"EntryPoint","urlTemplate":"https:\/\/agrupacionespsoe.es\/ponferrada\/?s={search_term_string}"},"query-input":{"@type":"PropertyValueSpecification","valueRequired":true,"valueName":"search_term_string"}}],"inLanguage":"es"},{"@type":"Organization","@id":"https:\/\/agrupacionespsoe.es\/ponferrada\/#organization","name":"Agrupaci\u00f3n Socialista de Ponferrada","url":"https:\/\/agrupacionespsoe.es\/ponferrada\/","logo":{"@type":"ImageObject","inLanguage":"es","@id":"https:\/\/agrupacionespsoe.es\/ponferrada\/#\/schema\/logo\/image\/","url":"https:\/\/agrupacionespsoe.es\/wp-content\/uploads\/2022\/07\/Logotipo_electoral_del_PSOE.png","contentUrl":"https:\/\/agrupacionespsoe.es\/wp-content\/uploads\/2022\/07\/Logotipo_electoral_del_PSOE.png","width":422,"height":422,"caption":"Agrupaci\u00f3n Socialista de Ponferrada"},"image":{"@id":"https:\/\/agrupacionespsoe.es\/ponferrada\/#\/schema\/logo\/image\/"}},{"@type":"Person","@id":"https:\/\/agrupacionespsoe.es\/ponferrada\/#\/schema\/person\/cd29ee627f3b70c05d415f02596debaa","name":"ponferrada2","image":{"@type":"ImageObject","inLanguage":"es","@id":"https:\/\/agrupacionespsoe.es\/ponferrada\/#\/schema\/person\/image\/","url":"https:\/\/secure.gravatar.com\/avatar\/f499eeb60144c664cf7b7edf75549b50?s=96&d=mm&r=g","contentUrl":"https:\/\/secure.gravatar.com\/avatar\/f499eeb60144c664cf7b7edf75549b50?s=96&d=mm&r=g","caption":"ponferrada2"},"url":"https:\/\/agrupacionespsoe.es\/ponferrada\/author\/ponferrada2\/"}]}},"jetpack_featured_media_url":"https:\/\/agrupacionespsoe.es\/ponferrada\/wp-content\/uploads\/sites\/36\/2025\/12\/el-psoe-acusa-al-ayuntamiento-de-ponferrada-de-cerrar-los-ojos-ante-la-proliferacion-de-vertederos-ilegales-el-bierzo-digital.jpg","jetpack_sharing_enabled":true,"_links":{"self":[{"href":"https:\/\/agrupacionespsoe.es\/ponferrada\/wp-json\/wp\/v2\/posts\/1429","targetHints":{"allow":["GET"]}}],"collection":[{"href":"https:\/\/agrupacionespsoe.es\/ponferrada\/wp-json\/wp\/v2\/posts"}],"about":[{"href":"https:\/\/agrupacionespsoe.es\/ponferrada\/wp-json\/wp\/v2\/types\/post"}],"author":[{"embeddable":true,"href":"https:\/\/agrupacionespsoe.es\/ponferrada\/wp-json\/wp\/v2\/users\/32"}],"replies":[{"embeddable":true,"href":"https:\/\/agrupacionespsoe.es\/ponferrada\/wp-json\/wp\/v2\/comments?post=1429"}],"version-history":[{"count":4,"href":"https:\/\/agrupacionespsoe.es\/ponferrada\/wp-json\/wp\/v2\/posts\/1429\/revisions"}],"predecessor-version":[{"id":1434,"href":"https:\/\/agrupacionespsoe.es\/ponferrada\/wp-json\/wp\/v2\/posts\/1429\/revisions\/1434"}],"wp:featuredmedia":[{"embeddable":true,"href":"https:\/\/agrupacionespsoe.es\/ponferrada\/wp-json\/wp\/v2\/media\/1430"}],"wp:attachment":[{"href":"https:\/\/agrupacionespsoe.es\/ponferrada\/wp-json\/wp\/v2\/media?parent=1429"}],"wp:term":[{"taxonomy":"category","embeddable":true,"href":"https:\/\/agrupacionespsoe.es\/ponferrada\/wp-json\/wp\/v2\/categories?post=1429"},{"taxonomy":"post_tag","embeddable":true,"href":"https:\/\/agrupacionespsoe.es\/ponferrada\/wp-json\/wp\/v2\/tags?post=1429"}],"curies":[{"name":"wp","href":"https:\/\/api.w.org\/{rel}","templated":true}]}}