{"id":1414,"date":"2025-12-15T12:06:53","date_gmt":"2025-12-15T12:06:53","guid":{"rendered":"https:\/\/agrupacionespsoe.es\/ponferrada\/?p=1414"},"modified":"2025-12-15T12:07:08","modified_gmt":"2025-12-15T12:07:08","slug":"el-psoe-alerta-de-que-ponferrada-puede-quedarse-sin-el-nuevo-centro-de-salud-ponferrada-i-por-la-irresponsabilidad-del-pp-y-cb","status":"publish","type":"post","link":"https:\/\/agrupacionespsoe.es\/ponferrada\/el-psoe-alerta-de-que-ponferrada-puede-quedarse-sin-el-nuevo-centro-de-salud-ponferrada-i-por-la-irresponsabilidad-del-pp-y-cb\/","title":{"rendered":"El PSOE alerta de que Ponferrada puede quedarse sin el nuevo centro de salud Ponferrada I por la irresponsabilidad del PP y CB"},"content":{"rendered":"\n<p>El Grupo Municipal Socialista denunci\u00f3 esta ma\u00f1ana que Ponferrada corre un serio riesgo de no contar con el nuevo centro de salud Ponferrada I, como consecuencia directa de la par\u00e1lisis, los cambios de criterio y el revanchismo pol\u00edtico del actual equipo de gobierno del PP y Coalici\u00f3n por el Bierzo.<\/p>\n\n\n\n<p>El portavoz socialista, Olegario Ram\u00f3n, explic\u00f3 que el actual centro de salud del Paseo de San Antonio presenta un grave estado de deterioro, con humedades, techos y persianas rotos, ascensores averiados y una situaci\u00f3n impropia de un servicio sanitario p\u00fablico. \u201cNo es una casualidad, es el resultado de a\u00f1os de abandono y de una estrategia clara de dejar caer la sanidad p\u00fablica\u201d, se\u00f1al\u00f3.<\/p>\n\n\n\n<p>Ram\u00f3n record\u00f3 que el Pleno del Ayuntamiento de Ponferrada aprob\u00f3 el 27 de enero de 2023, con todos los informes t\u00e9cnicos y jur\u00eddicos favorables, la cesi\u00f3n gratuita a la Junta de Castilla y Le\u00f3n de una parcela municipal en Obispo Osmundo para la construcci\u00f3n del nuevo centro de salud Ponferrada I.<\/p>\n\n\n\n<p>Se trata de un solar de m\u00e1s de 2.900 metros cuadrados, plenamente urbano, bien comunicado y situado en el coraz\u00f3n de la zona alta, donde reside mayoritariamente la poblaci\u00f3n que actualmente utiliza el centro de salud, en su mayor\u00eda personas mayores que hoy pueden acudir andando a sus consultas.<\/p>\n\n\n\n<p>\u201cLa Junta dio el visto bueno a esa ubicaci\u00f3n y se comprometi\u00f3 a realizar la inversi\u00f3n. Todo estaba preparado para empezar\u201d, subray\u00f3 el portavoz socialista.<\/p>\n\n\n\n<p>Sin embargo, tras el cambio de gobierno municipal, el PP y CB decidieron dar marcha atr\u00e1s al proyecto \u00fanicamente porque hab\u00eda sido impulsado por el PSOE, proponiendo primero su traslado al entorno del cementerio del Carmen y despu\u00e9s a la parcela del SUNC-3. \u201cUn sinsentido absoluto que aleja el centro de salud de la poblaci\u00f3n que lo necesita y que ha generado problemas urban\u00edsticos y con los propietarios\u201d.<\/p>\n\n\n\n<p>Para el PSOE, esta situaci\u00f3n est\u00e1 sirviendo de coartada a la Junta de Castilla y Le\u00f3n para incumplir su compromiso. \u201cCon un Ayuntamiento que no define parcela y que cambia de criterio cada pocos meses, la Junta tiene la excusa perfecta para no construir el centro de salud\u201d, advirti\u00f3 el portavoz.<\/p>\n\n\n\n<p>Como ejemplo, Ram\u00f3n se\u00f1al\u00f3 que en el borrador de presupuestos auton\u00f3micos para 2026 solo figuran 59.000 euros para este proyecto. \u201c\u00bfQu\u00e9 centro de salud se puede hacer con esa cantidad? Ninguno. Es la prueba de que, si no se desbloquea el proyecto, no habr\u00e1 nuevo centro de salud\u201d.<\/p>\n\n\n\n<figure class=\"wp-block-gallery has-nested-images columns-default is-cropped wp-block-gallery-1 is-layout-flex wp-block-gallery-is-layout-flex\">\n<figure class=\"wp-block-image size-large\"><img loading=\"lazy\" decoding=\"async\" width=\"768\" height=\"1024\" data-id=\"1419\" src=\"https:\/\/agrupacionespsoe.es\/ponferrada\/wp-content\/uploads\/sites\/36\/2025\/12\/WhatsApp-Image-2025-12-10-at-13.53.11-1-768x1024.jpeg\" alt=\"\" class=\"wp-image-1419\" srcset=\"https:\/\/agrupacionespsoe.es\/ponferrada\/wp-content\/uploads\/sites\/36\/2025\/12\/WhatsApp-Image-2025-12-10-at-13.53.11-1-768x1024.jpeg 768w, https:\/\/agrupacionespsoe.es\/ponferrada\/wp-content\/uploads\/sites\/36\/2025\/12\/WhatsApp-Image-2025-12-10-at-13.53.11-1-225x300.jpeg 225w, https:\/\/agrupacionespsoe.es\/ponferrada\/wp-content\/uploads\/sites\/36\/2025\/12\/WhatsApp-Image-2025-12-10-at-13.53.11-1-1152x1536.jpeg 1152w, https:\/\/agrupacionespsoe.es\/ponferrada\/wp-content\/uploads\/sites\/36\/2025\/12\/WhatsApp-Image-2025-12-10-at-13.53.11-1.jpeg 1200w\" sizes=\"auto, (max-width: 768px) 100vw, 768px\" \/><\/figure>\n\n\n\n<figure class=\"wp-block-image size-large\"><img loading=\"lazy\" decoding=\"async\" width=\"768\" height=\"1024\" data-id=\"1420\" src=\"https:\/\/agrupacionespsoe.es\/ponferrada\/wp-content\/uploads\/sites\/36\/2025\/12\/WhatsApp-Image-2025-12-10-at-13.53.11-2-768x1024.jpeg\" alt=\"\" class=\"wp-image-1420\" srcset=\"https:\/\/agrupacionespsoe.es\/ponferrada\/wp-content\/uploads\/sites\/36\/2025\/12\/WhatsApp-Image-2025-12-10-at-13.53.11-2-768x1024.jpeg 768w, https:\/\/agrupacionespsoe.es\/ponferrada\/wp-content\/uploads\/sites\/36\/2025\/12\/WhatsApp-Image-2025-12-10-at-13.53.11-2-225x300.jpeg 225w, https:\/\/agrupacionespsoe.es\/ponferrada\/wp-content\/uploads\/sites\/36\/2025\/12\/WhatsApp-Image-2025-12-10-at-13.53.11-2-1152x1536.jpeg 1152w, https:\/\/agrupacionespsoe.es\/ponferrada\/wp-content\/uploads\/sites\/36\/2025\/12\/WhatsApp-Image-2025-12-10-at-13.53.11-2.jpeg 1200w\" sizes=\"auto, (max-width: 768px) 100vw, 768px\" \/><\/figure>\n\n\n\n<figure class=\"wp-block-image size-large\"><img loading=\"lazy\" decoding=\"async\" width=\"1024\" height=\"768\" data-id=\"1422\" src=\"https:\/\/agrupacionespsoe.es\/ponferrada\/wp-content\/uploads\/sites\/36\/2025\/12\/WhatsApp-Image-2025-12-10-at-13.53.11-3-1024x768.jpeg\" alt=\"\" class=\"wp-image-1422\" srcset=\"https:\/\/agrupacionespsoe.es\/ponferrada\/wp-content\/uploads\/sites\/36\/2025\/12\/WhatsApp-Image-2025-12-10-at-13.53.11-3-1024x768.jpeg 1024w, https:\/\/agrupacionespsoe.es\/ponferrada\/wp-content\/uploads\/sites\/36\/2025\/12\/WhatsApp-Image-2025-12-10-at-13.53.11-3-300x225.jpeg 300w, https:\/\/agrupacionespsoe.es\/ponferrada\/wp-content\/uploads\/sites\/36\/2025\/12\/WhatsApp-Image-2025-12-10-at-13.53.11-3-768x576.jpeg 768w, https:\/\/agrupacionespsoe.es\/ponferrada\/wp-content\/uploads\/sites\/36\/2025\/12\/WhatsApp-Image-2025-12-10-at-13.53.11-3-1536x1152.jpeg 1536w, https:\/\/agrupacionespsoe.es\/ponferrada\/wp-content\/uploads\/sites\/36\/2025\/12\/WhatsApp-Image-2025-12-10-at-13.53.11-3.jpeg 1600w\" sizes=\"auto, (max-width: 1024px) 100vw, 1024px\" \/><\/figure>\n\n\n\n<figure class=\"wp-block-image size-large\"><img loading=\"lazy\" decoding=\"async\" width=\"768\" height=\"1024\" data-id=\"1421\" src=\"https:\/\/agrupacionespsoe.es\/ponferrada\/wp-content\/uploads\/sites\/36\/2025\/12\/WhatsApp-Image-2025-12-10-at-13.53.11-768x1024.jpeg\" alt=\"\" class=\"wp-image-1421\" srcset=\"https:\/\/agrupacionespsoe.es\/ponferrada\/wp-content\/uploads\/sites\/36\/2025\/12\/WhatsApp-Image-2025-12-10-at-13.53.11-768x1024.jpeg 768w, https:\/\/agrupacionespsoe.es\/ponferrada\/wp-content\/uploads\/sites\/36\/2025\/12\/WhatsApp-Image-2025-12-10-at-13.53.11-225x300.jpeg 225w, https:\/\/agrupacionespsoe.es\/ponferrada\/wp-content\/uploads\/sites\/36\/2025\/12\/WhatsApp-Image-2025-12-10-at-13.53.11-1152x1536.jpeg 1152w, https:\/\/agrupacionespsoe.es\/ponferrada\/wp-content\/uploads\/sites\/36\/2025\/12\/WhatsApp-Image-2025-12-10-at-13.53.11.jpeg 1200w\" sizes=\"auto, (max-width: 768px) 100vw, 768px\" \/><\/figure>\n\n\n\n<figure class=\"wp-block-image size-large\"><img loading=\"lazy\" decoding=\"async\" width=\"768\" height=\"1024\" data-id=\"1423\" src=\"https:\/\/agrupacionespsoe.es\/ponferrada\/wp-content\/uploads\/sites\/36\/2025\/12\/WhatsApp-Image-2025-12-10-at-13.53.11-4-768x1024.jpeg\" alt=\"\" class=\"wp-image-1423\" srcset=\"https:\/\/agrupacionespsoe.es\/ponferrada\/wp-content\/uploads\/sites\/36\/2025\/12\/WhatsApp-Image-2025-12-10-at-13.53.11-4-768x1024.jpeg 768w, https:\/\/agrupacionespsoe.es\/ponferrada\/wp-content\/uploads\/sites\/36\/2025\/12\/WhatsApp-Image-2025-12-10-at-13.53.11-4-225x300.jpeg 225w, https:\/\/agrupacionespsoe.es\/ponferrada\/wp-content\/uploads\/sites\/36\/2025\/12\/WhatsApp-Image-2025-12-10-at-13.53.11-4-1152x1536.jpeg 1152w, https:\/\/agrupacionespsoe.es\/ponferrada\/wp-content\/uploads\/sites\/36\/2025\/12\/WhatsApp-Image-2025-12-10-at-13.53.11-4.jpeg 1200w\" sizes=\"auto, (max-width: 768px) 100vw, 768px\" \/><\/figure>\n<\/figure>\n\n\n\n<h3 class=\"wp-block-heading\"><\/h3>\n\n\n\n<p>El PSOE insisti\u00f3 en que la \u00fanica ubicaci\u00f3n sensata es la de Obispo Osmundo, porque es donde vive la poblaci\u00f3n usuaria del centro actual. \u201cLlevar el centro al SUNC-3 supone expulsar la sanidad p\u00fablica del barrio, obligar a personas mayores a desplazamientos innecesarios y perder accesibilidad\u201d, afirm\u00f3 Ram\u00f3n.<\/p>\n\n\n\n<p>\u201cEl problema no es t\u00e9cnico ni urban\u00edstico, es pol\u00edtico. Y mientras PP y CB se enredan en sus cabezoner\u00edas, los vecinos siguen acudiendo a un centro deteriorado y sin futuro\u201d.<\/p>\n\n\n\n<h6 class=\"wp-block-heading\">El portavoz socialista alert\u00f3 adem\u00e1s de que este abandono no es casual. \u201cEstamos viendo en otros territorios c\u00f3mo se deteriora deliberadamente la sanidad p\u00fablica para empujar a quien pueda a la privada. Si no hay nuevo centro de salud, quien tenga recursos se har\u00e1 un seguro; quien no, perder\u00e1 un derecho esencial\u201d.<\/h6>\n\n\n\n<h3 class=\"wp-block-heading\"><\/h3>\n\n\n\n<p>El Grupo Municipal Socialista exigi\u00f3 al equipo de gobierno municipal que abandone las rencillas pol\u00edticas, recupere el acuerdo de 2023 y retome de inmediato la cesi\u00f3n del solar de Obispo Osmundo, para evitar que Ponferrada pierda una inversi\u00f3n sanitaria fundamental.<\/p>\n\n\n\n<p>\u201cTodav\u00eda estamos a tiempo. Pero cada mes que pasa acerca m\u00e1s a Ponferrada a quedarse sin nuevo centro de salud Ponferrada I. Y esa responsabilidad tendr\u00e1 nombres y apellidos\u201d, concluy\u00f3 Ram\u00f3n.<\/p>\n\n\n\n<figure class=\"wp-block-gallery has-nested-images columns-default is-cropped wp-block-gallery-2 is-layout-flex wp-block-gallery-is-layout-flex\">\n<figure class=\"wp-block-image size-large\"><img loading=\"lazy\" decoding=\"async\" width=\"1024\" height=\"768\" data-id=\"1415\" src=\"https:\/\/agrupacionespsoe.es\/ponferrada\/wp-content\/uploads\/sites\/36\/2025\/12\/WhatsApp-Image-2025-12-10-at-13.53.12-1-1024x768.jpeg\" alt=\"\" class=\"wp-image-1415\" srcset=\"https:\/\/agrupacionespsoe.es\/ponferrada\/wp-content\/uploads\/sites\/36\/2025\/12\/WhatsApp-Image-2025-12-10-at-13.53.12-1-1024x768.jpeg 1024w, https:\/\/agrupacionespsoe.es\/ponferrada\/wp-content\/uploads\/sites\/36\/2025\/12\/WhatsApp-Image-2025-12-10-at-13.53.12-1-300x225.jpeg 300w, https:\/\/agrupacionespsoe.es\/ponferrada\/wp-content\/uploads\/sites\/36\/2025\/12\/WhatsApp-Image-2025-12-10-at-13.53.12-1-768x576.jpeg 768w, https:\/\/agrupacionespsoe.es\/ponferrada\/wp-content\/uploads\/sites\/36\/2025\/12\/WhatsApp-Image-2025-12-10-at-13.53.12-1-1536x1152.jpeg 1536w, https:\/\/agrupacionespsoe.es\/ponferrada\/wp-content\/uploads\/sites\/36\/2025\/12\/WhatsApp-Image-2025-12-10-at-13.53.12-1.jpeg 1600w\" sizes=\"auto, (max-width: 1024px) 100vw, 1024px\" \/><\/figure>\n\n\n\n<figure class=\"wp-block-image size-large\"><img loading=\"lazy\" decoding=\"async\" width=\"768\" height=\"1024\" data-id=\"1416\" src=\"https:\/\/agrupacionespsoe.es\/ponferrada\/wp-content\/uploads\/sites\/36\/2025\/12\/WhatsApp-Image-2025-12-10-at-13.53.12-2-768x1024.jpeg\" alt=\"\" class=\"wp-image-1416\" srcset=\"https:\/\/agrupacionespsoe.es\/ponferrada\/wp-content\/uploads\/sites\/36\/2025\/12\/WhatsApp-Image-2025-12-10-at-13.53.12-2-768x1024.jpeg 768w, https:\/\/agrupacionespsoe.es\/ponferrada\/wp-content\/uploads\/sites\/36\/2025\/12\/WhatsApp-Image-2025-12-10-at-13.53.12-2-225x300.jpeg 225w, https:\/\/agrupacionespsoe.es\/ponferrada\/wp-content\/uploads\/sites\/36\/2025\/12\/WhatsApp-Image-2025-12-10-at-13.53.12-2-1152x1536.jpeg 1152w, https:\/\/agrupacionespsoe.es\/ponferrada\/wp-content\/uploads\/sites\/36\/2025\/12\/WhatsApp-Image-2025-12-10-at-13.53.12-2.jpeg 1200w\" sizes=\"auto, (max-width: 768px) 100vw, 768px\" \/><\/figure>\n\n\n\n<figure class=\"wp-block-image size-large\"><img loading=\"lazy\" decoding=\"async\" width=\"1024\" height=\"768\" data-id=\"1417\" src=\"https:\/\/agrupacionespsoe.es\/ponferrada\/wp-content\/uploads\/sites\/36\/2025\/12\/WhatsApp-Image-2025-12-10-at-13.53.12-3-1024x768.jpeg\" alt=\"\" class=\"wp-image-1417\" srcset=\"https:\/\/agrupacionespsoe.es\/ponferrada\/wp-content\/uploads\/sites\/36\/2025\/12\/WhatsApp-Image-2025-12-10-at-13.53.12-3-1024x768.jpeg 1024w, https:\/\/agrupacionespsoe.es\/ponferrada\/wp-content\/uploads\/sites\/36\/2025\/12\/WhatsApp-Image-2025-12-10-at-13.53.12-3-300x225.jpeg 300w, https:\/\/agrupacionespsoe.es\/ponferrada\/wp-content\/uploads\/sites\/36\/2025\/12\/WhatsApp-Image-2025-12-10-at-13.53.12-3-768x576.jpeg 768w, https:\/\/agrupacionespsoe.es\/ponferrada\/wp-content\/uploads\/sites\/36\/2025\/12\/WhatsApp-Image-2025-12-10-at-13.53.12-3-1536x1152.jpeg 1536w, https:\/\/agrupacionespsoe.es\/ponferrada\/wp-content\/uploads\/sites\/36\/2025\/12\/WhatsApp-Image-2025-12-10-at-13.53.12-3.jpeg 1600w\" sizes=\"auto, (max-width: 1024px) 100vw, 1024px\" \/><\/figure>\n\n\n\n<figure class=\"wp-block-image size-large\"><img loading=\"lazy\" decoding=\"async\" width=\"768\" height=\"1024\" data-id=\"1418\" src=\"https:\/\/agrupacionespsoe.es\/ponferrada\/wp-content\/uploads\/sites\/36\/2025\/12\/WhatsApp-Image-2025-12-10-at-13.53.12-768x1024.jpeg\" alt=\"\" class=\"wp-image-1418\" srcset=\"https:\/\/agrupacionespsoe.es\/ponferrada\/wp-content\/uploads\/sites\/36\/2025\/12\/WhatsApp-Image-2025-12-10-at-13.53.12-768x1024.jpeg 768w, https:\/\/agrupacionespsoe.es\/ponferrada\/wp-content\/uploads\/sites\/36\/2025\/12\/WhatsApp-Image-2025-12-10-at-13.53.12-225x300.jpeg 225w, https:\/\/agrupacionespsoe.es\/ponferrada\/wp-content\/uploads\/sites\/36\/2025\/12\/WhatsApp-Image-2025-12-10-at-13.53.12-1152x1536.jpeg 1152w, https:\/\/agrupacionespsoe.es\/ponferrada\/wp-content\/uploads\/sites\/36\/2025\/12\/WhatsApp-Image-2025-12-10-at-13.53.12.jpeg 1200w\" sizes=\"auto, (max-width: 768px) 100vw, 768px\" \/><\/figure>\n<\/figure>\n","protected":false},"excerpt":{"rendered":"<p>El Grupo Municipal Socialista denunci\u00f3 esta ma\u00f1ana que Ponferrada corre un serio riesgo de no contar con el nuevo centro de salud Ponferrada I, como consecuencia directa de la par\u00e1lisis, los cambios de criterio y el revanchismo pol\u00edtico del actual equipo de gobierno del PP y Coalici\u00f3n por el Bierzo. El portavoz socialista, Olegario Ram\u00f3n, &#8230;<\/p>\n","protected":false},"author":32,"featured_media":1427,"comment_status":"open","ping_status":"open","sticky":false,"template":"","format":"standard","meta":{"_jetpack_memberships_contains_paid_content":false,"footnotes":""},"categories":[6],"tags":[],"class_list":["post-1414","post","type-post","status-publish","format-standard","has-post-thumbnail","hentry","category-actualidad"],"yoast_head":"<!-- This site is optimized with the Yoast SEO plugin v24.0 - https:\/\/yoast.com\/wordpress\/plugins\/seo\/ -->\n<title>El PSOE alerta de que Ponferrada puede quedarse sin el nuevo centro de salud Ponferrada I por la irresponsabilidad del PP y CB - Agrupaci\u00f3n Socialista de Ponferrada<\/title>\n<meta name=\"robots\" content=\"index, follow, max-snippet:-1, max-image-preview:large, max-video-preview:-1\" \/>\n<link rel=\"canonical\" href=\"https:\/\/agrupacionespsoe.es\/ponferrada\/el-psoe-alerta-de-que-ponferrada-puede-quedarse-sin-el-nuevo-centro-de-salud-ponferrada-i-por-la-irresponsabilidad-del-pp-y-cb\/\" \/>\n<meta property=\"og:locale\" content=\"es_ES\" \/>\n<meta property=\"og:type\" content=\"article\" \/>\n<meta property=\"og:title\" content=\"El PSOE alerta de que Ponferrada puede quedarse sin el nuevo centro de salud Ponferrada I por la irresponsabilidad del PP y CB - Agrupaci\u00f3n Socialista de Ponferrada\" \/>\n<meta property=\"og:description\" content=\"El Grupo Municipal Socialista denunci\u00f3 esta ma\u00f1ana que Ponferrada corre un serio riesgo de no contar con el nuevo centro de salud Ponferrada I, como consecuencia directa de la par\u00e1lisis, los cambios de criterio y el revanchismo pol\u00edtico del actual equipo de gobierno del PP y Coalici\u00f3n por el Bierzo. El portavoz socialista, Olegario Ram\u00f3n, ...\" \/>\n<meta property=\"og:url\" content=\"https:\/\/agrupacionespsoe.es\/ponferrada\/el-psoe-alerta-de-que-ponferrada-puede-quedarse-sin-el-nuevo-centro-de-salud-ponferrada-i-por-la-irresponsabilidad-del-pp-y-cb\/\" \/>\n<meta property=\"og:site_name\" content=\"Agrupaci\u00f3n Socialista de Ponferrada\" \/>\n<meta property=\"article:published_time\" content=\"2025-12-15T12:06:53+00:00\" \/>\n<meta property=\"article:modified_time\" content=\"2025-12-15T12:07:08+00:00\" \/>\n<meta property=\"og:image\" content=\"https:\/\/agrupacionespsoe.es\/ponferrada\/wp-content\/uploads\/sites\/36\/2025\/12\/WhatsApp-Image-2025-12-15-at-11.43.42.jpeg\" \/>\n\t<meta property=\"og:image:width\" content=\"1600\" \/>\n\t<meta property=\"og:image:height\" content=\"1200\" \/>\n\t<meta property=\"og:image:type\" content=\"image\/jpeg\" \/>\n<meta name=\"author\" content=\"ponferrada2\" \/>\n<meta name=\"twitter:card\" content=\"summary_large_image\" \/>\n<meta name=\"twitter:label1\" content=\"Escrito por\" \/>\n\t<meta name=\"twitter:data1\" content=\"ponferrada2\" \/>\n\t<meta name=\"twitter:label2\" content=\"Tiempo de lectura\" \/>\n\t<meta name=\"twitter:data2\" content=\"5 minutos\" \/>\n<script type=\"application\/ld+json\" class=\"yoast-schema-graph\">{\"@context\":\"https:\/\/schema.org\",\"@graph\":[{\"@type\":\"Article\",\"@id\":\"https:\/\/agrupacionespsoe.es\/ponferrada\/el-psoe-alerta-de-que-ponferrada-puede-quedarse-sin-el-nuevo-centro-de-salud-ponferrada-i-por-la-irresponsabilidad-del-pp-y-cb\/#article\",\"isPartOf\":{\"@id\":\"https:\/\/agrupacionespsoe.es\/ponferrada\/el-psoe-alerta-de-que-ponferrada-puede-quedarse-sin-el-nuevo-centro-de-salud-ponferrada-i-por-la-irresponsabilidad-del-pp-y-cb\/\"},\"author\":{\"name\":\"ponferrada2\",\"@id\":\"https:\/\/agrupacionespsoe.es\/ponferrada\/#\/schema\/person\/cd29ee627f3b70c05d415f02596debaa\"},\"headline\":\"El PSOE alerta de que Ponferrada puede quedarse sin el nuevo centro de salud Ponferrada I por la irresponsabilidad del PP y CB\",\"datePublished\":\"2025-12-15T12:06:53+00:00\",\"dateModified\":\"2025-12-15T12:07:08+00:00\",\"mainEntityOfPage\":{\"@id\":\"https:\/\/agrupacionespsoe.es\/ponferrada\/el-psoe-alerta-de-que-ponferrada-puede-quedarse-sin-el-nuevo-centro-de-salud-ponferrada-i-por-la-irresponsabilidad-del-pp-y-cb\/\"},\"wordCount\":672,\"commentCount\":0,\"publisher\":{\"@id\":\"https:\/\/agrupacionespsoe.es\/ponferrada\/#organization\"},\"image\":{\"@id\":\"https:\/\/agrupacionespsoe.es\/ponferrada\/el-psoe-alerta-de-que-ponferrada-puede-quedarse-sin-el-nuevo-centro-de-salud-ponferrada-i-por-la-irresponsabilidad-del-pp-y-cb\/#primaryimage\"},\"thumbnailUrl\":\"https:\/\/agrupacionespsoe.es\/ponferrada\/wp-content\/uploads\/sites\/36\/2025\/12\/WhatsApp-Image-2025-12-15-at-11.43.42.jpeg\",\"articleSection\":[\"ACTUALIDAD\"],\"inLanguage\":\"es\",\"potentialAction\":[{\"@type\":\"CommentAction\",\"name\":\"Comment\",\"target\":[\"https:\/\/agrupacionespsoe.es\/ponferrada\/el-psoe-alerta-de-que-ponferrada-puede-quedarse-sin-el-nuevo-centro-de-salud-ponferrada-i-por-la-irresponsabilidad-del-pp-y-cb\/#respond\"]}]},{\"@type\":\"WebPage\",\"@id\":\"https:\/\/agrupacionespsoe.es\/ponferrada\/el-psoe-alerta-de-que-ponferrada-puede-quedarse-sin-el-nuevo-centro-de-salud-ponferrada-i-por-la-irresponsabilidad-del-pp-y-cb\/\",\"url\":\"https:\/\/agrupacionespsoe.es\/ponferrada\/el-psoe-alerta-de-que-ponferrada-puede-quedarse-sin-el-nuevo-centro-de-salud-ponferrada-i-por-la-irresponsabilidad-del-pp-y-cb\/\",\"name\":\"El PSOE alerta de que Ponferrada puede quedarse sin el nuevo centro de salud Ponferrada I por la irresponsabilidad del PP y CB - Agrupaci\u00f3n Socialista de Ponferrada\",\"isPartOf\":{\"@id\":\"https:\/\/agrupacionespsoe.es\/ponferrada\/#website\"},\"primaryImageOfPage\":{\"@id\":\"https:\/\/agrupacionespsoe.es\/ponferrada\/el-psoe-alerta-de-que-ponferrada-puede-quedarse-sin-el-nuevo-centro-de-salud-ponferrada-i-por-la-irresponsabilidad-del-pp-y-cb\/#primaryimage\"},\"image\":{\"@id\":\"https:\/\/agrupacionespsoe.es\/ponferrada\/el-psoe-alerta-de-que-ponferrada-puede-quedarse-sin-el-nuevo-centro-de-salud-ponferrada-i-por-la-irresponsabilidad-del-pp-y-cb\/#primaryimage\"},\"thumbnailUrl\":\"https:\/\/agrupacionespsoe.es\/ponferrada\/wp-content\/uploads\/sites\/36\/2025\/12\/WhatsApp-Image-2025-12-15-at-11.43.42.jpeg\",\"datePublished\":\"2025-12-15T12:06:53+00:00\",\"dateModified\":\"2025-12-15T12:07:08+00:00\",\"breadcrumb\":{\"@id\":\"https:\/\/agrupacionespsoe.es\/ponferrada\/el-psoe-alerta-de-que-ponferrada-puede-quedarse-sin-el-nuevo-centro-de-salud-ponferrada-i-por-la-irresponsabilidad-del-pp-y-cb\/#breadcrumb\"},\"inLanguage\":\"es\",\"potentialAction\":[{\"@type\":\"ReadAction\",\"target\":[\"https:\/\/agrupacionespsoe.es\/ponferrada\/el-psoe-alerta-de-que-ponferrada-puede-quedarse-sin-el-nuevo-centro-de-salud-ponferrada-i-por-la-irresponsabilidad-del-pp-y-cb\/\"]}]},{\"@type\":\"ImageObject\",\"inLanguage\":\"es\",\"@id\":\"https:\/\/agrupacionespsoe.es\/ponferrada\/el-psoe-alerta-de-que-ponferrada-puede-quedarse-sin-el-nuevo-centro-de-salud-ponferrada-i-por-la-irresponsabilidad-del-pp-y-cb\/#primaryimage\",\"url\":\"https:\/\/agrupacionespsoe.es\/ponferrada\/wp-content\/uploads\/sites\/36\/2025\/12\/WhatsApp-Image-2025-12-15-at-11.43.42.jpeg\",\"contentUrl\":\"https:\/\/agrupacionespsoe.es\/ponferrada\/wp-content\/uploads\/sites\/36\/2025\/12\/WhatsApp-Image-2025-12-15-at-11.43.42.jpeg\",\"width\":1600,\"height\":1200},{\"@type\":\"BreadcrumbList\",\"@id\":\"https:\/\/agrupacionespsoe.es\/ponferrada\/el-psoe-alerta-de-que-ponferrada-puede-quedarse-sin-el-nuevo-centro-de-salud-ponferrada-i-por-la-irresponsabilidad-del-pp-y-cb\/#breadcrumb\",\"itemListElement\":[{\"@type\":\"ListItem\",\"position\":1,\"name\":\"Portada\",\"item\":\"https:\/\/agrupacionespsoe.es\/ponferrada\/\"},{\"@type\":\"ListItem\",\"position\":2,\"name\":\"El PSOE alerta de que Ponferrada puede quedarse sin el nuevo centro de salud Ponferrada I por la irresponsabilidad del PP y CB\"}]},{\"@type\":\"WebSite\",\"@id\":\"https:\/\/agrupacionespsoe.es\/ponferrada\/#website\",\"url\":\"https:\/\/agrupacionespsoe.es\/ponferrada\/\",\"name\":\"Agrupaci\u00f3n Socialista de Ponferrada\",\"description\":\"Agrupaci\u00f3n Socialista de Ponferrada\",\"publisher\":{\"@id\":\"https:\/\/agrupacionespsoe.es\/ponferrada\/#organization\"},\"potentialAction\":[{\"@type\":\"SearchAction\",\"target\":{\"@type\":\"EntryPoint\",\"urlTemplate\":\"https:\/\/agrupacionespsoe.es\/ponferrada\/?s={search_term_string}\"},\"query-input\":{\"@type\":\"PropertyValueSpecification\",\"valueRequired\":true,\"valueName\":\"search_term_string\"}}],\"inLanguage\":\"es\"},{\"@type\":\"Organization\",\"@id\":\"https:\/\/agrupacionespsoe.es\/ponferrada\/#organization\",\"name\":\"Agrupaci\u00f3n Socialista de Ponferrada\",\"url\":\"https:\/\/agrupacionespsoe.es\/ponferrada\/\",\"logo\":{\"@type\":\"ImageObject\",\"inLanguage\":\"es\",\"@id\":\"https:\/\/agrupacionespsoe.es\/ponferrada\/#\/schema\/logo\/image\/\",\"url\":\"https:\/\/agrupacionespsoe.es\/wp-content\/uploads\/2022\/07\/Logotipo_electoral_del_PSOE.png\",\"contentUrl\":\"https:\/\/agrupacionespsoe.es\/wp-content\/uploads\/2022\/07\/Logotipo_electoral_del_PSOE.png\",\"width\":422,\"height\":422,\"caption\":\"Agrupaci\u00f3n Socialista de Ponferrada\"},\"image\":{\"@id\":\"https:\/\/agrupacionespsoe.es\/ponferrada\/#\/schema\/logo\/image\/\"}},{\"@type\":\"Person\",\"@id\":\"https:\/\/agrupacionespsoe.es\/ponferrada\/#\/schema\/person\/cd29ee627f3b70c05d415f02596debaa\",\"name\":\"ponferrada2\",\"image\":{\"@type\":\"ImageObject\",\"inLanguage\":\"es\",\"@id\":\"https:\/\/agrupacionespsoe.es\/ponferrada\/#\/schema\/person\/image\/\",\"url\":\"https:\/\/secure.gravatar.com\/avatar\/f499eeb60144c664cf7b7edf75549b50?s=96&d=mm&r=g\",\"contentUrl\":\"https:\/\/secure.gravatar.com\/avatar\/f499eeb60144c664cf7b7edf75549b50?s=96&d=mm&r=g\",\"caption\":\"ponferrada2\"},\"url\":\"https:\/\/agrupacionespsoe.es\/ponferrada\/author\/ponferrada2\/\"}]}<\/script>\n<!-- \/ Yoast SEO plugin. -->","yoast_head_json":{"title":"El PSOE alerta de que Ponferrada puede quedarse sin el nuevo centro de salud Ponferrada I por la irresponsabilidad del PP y CB - Agrupaci\u00f3n Socialista de Ponferrada","robots":{"index":"index","follow":"follow","max-snippet":"max-snippet:-1","max-image-preview":"max-image-preview:large","max-video-preview":"max-video-preview:-1"},"canonical":"https:\/\/agrupacionespsoe.es\/ponferrada\/el-psoe-alerta-de-que-ponferrada-puede-quedarse-sin-el-nuevo-centro-de-salud-ponferrada-i-por-la-irresponsabilidad-del-pp-y-cb\/","og_locale":"es_ES","og_type":"article","og_title":"El PSOE alerta de que Ponferrada puede quedarse sin el nuevo centro de salud Ponferrada I por la irresponsabilidad del PP y CB - Agrupaci\u00f3n Socialista de Ponferrada","og_description":"El Grupo Municipal Socialista denunci\u00f3 esta ma\u00f1ana que Ponferrada corre un serio riesgo de no contar con el nuevo centro de salud Ponferrada I, como consecuencia directa de la par\u00e1lisis, los cambios de criterio y el revanchismo pol\u00edtico del actual equipo de gobierno del PP y Coalici\u00f3n por el Bierzo. El portavoz socialista, Olegario Ram\u00f3n, ...","og_url":"https:\/\/agrupacionespsoe.es\/ponferrada\/el-psoe-alerta-de-que-ponferrada-puede-quedarse-sin-el-nuevo-centro-de-salud-ponferrada-i-por-la-irresponsabilidad-del-pp-y-cb\/","og_site_name":"Agrupaci\u00f3n Socialista de Ponferrada","article_published_time":"2025-12-15T12:06:53+00:00","article_modified_time":"2025-12-15T12:07:08+00:00","og_image":[{"width":1600,"height":1200,"url":"https:\/\/agrupacionespsoe.es\/ponferrada\/wp-content\/uploads\/sites\/36\/2025\/12\/WhatsApp-Image-2025-12-15-at-11.43.42.jpeg","type":"image\/jpeg"}],"author":"ponferrada2","twitter_card":"summary_large_image","twitter_misc":{"Escrito por":"ponferrada2","Tiempo de lectura":"5 minutos"},"schema":{"@context":"https:\/\/schema.org","@graph":[{"@type":"Article","@id":"https:\/\/agrupacionespsoe.es\/ponferrada\/el-psoe-alerta-de-que-ponferrada-puede-quedarse-sin-el-nuevo-centro-de-salud-ponferrada-i-por-la-irresponsabilidad-del-pp-y-cb\/#article","isPartOf":{"@id":"https:\/\/agrupacionespsoe.es\/ponferrada\/el-psoe-alerta-de-que-ponferrada-puede-quedarse-sin-el-nuevo-centro-de-salud-ponferrada-i-por-la-irresponsabilidad-del-pp-y-cb\/"},"author":{"name":"ponferrada2","@id":"https:\/\/agrupacionespsoe.es\/ponferrada\/#\/schema\/person\/cd29ee627f3b70c05d415f02596debaa"},"headline":"El PSOE alerta de que Ponferrada puede quedarse sin el nuevo centro de salud Ponferrada I por la irresponsabilidad del PP y CB","datePublished":"2025-12-15T12:06:53+00:00","dateModified":"2025-12-15T12:07:08+00:00","mainEntityOfPage":{"@id":"https:\/\/agrupacionespsoe.es\/ponferrada\/el-psoe-alerta-de-que-ponferrada-puede-quedarse-sin-el-nuevo-centro-de-salud-ponferrada-i-por-la-irresponsabilidad-del-pp-y-cb\/"},"wordCount":672,"commentCount":0,"publisher":{"@id":"https:\/\/agrupacionespsoe.es\/ponferrada\/#organization"},"image":{"@id":"https:\/\/agrupacionespsoe.es\/ponferrada\/el-psoe-alerta-de-que-ponferrada-puede-quedarse-sin-el-nuevo-centro-de-salud-ponferrada-i-por-la-irresponsabilidad-del-pp-y-cb\/#primaryimage"},"thumbnailUrl":"https:\/\/agrupacionespsoe.es\/ponferrada\/wp-content\/uploads\/sites\/36\/2025\/12\/WhatsApp-Image-2025-12-15-at-11.43.42.jpeg","articleSection":["ACTUALIDAD"],"inLanguage":"es","potentialAction":[{"@type":"CommentAction","name":"Comment","target":["https:\/\/agrupacionespsoe.es\/ponferrada\/el-psoe-alerta-de-que-ponferrada-puede-quedarse-sin-el-nuevo-centro-de-salud-ponferrada-i-por-la-irresponsabilidad-del-pp-y-cb\/#respond"]}]},{"@type":"WebPage","@id":"https:\/\/agrupacionespsoe.es\/ponferrada\/el-psoe-alerta-de-que-ponferrada-puede-quedarse-sin-el-nuevo-centro-de-salud-ponferrada-i-por-la-irresponsabilidad-del-pp-y-cb\/","url":"https:\/\/agrupacionespsoe.es\/ponferrada\/el-psoe-alerta-de-que-ponferrada-puede-quedarse-sin-el-nuevo-centro-de-salud-ponferrada-i-por-la-irresponsabilidad-del-pp-y-cb\/","name":"El PSOE alerta de que Ponferrada puede quedarse sin el nuevo centro de salud Ponferrada I por la irresponsabilidad del PP y CB - Agrupaci\u00f3n Socialista de Ponferrada","isPartOf":{"@id":"https:\/\/agrupacionespsoe.es\/ponferrada\/#website"},"primaryImageOfPage":{"@id":"https:\/\/agrupacionespsoe.es\/ponferrada\/el-psoe-alerta-de-que-ponferrada-puede-quedarse-sin-el-nuevo-centro-de-salud-ponferrada-i-por-la-irresponsabilidad-del-pp-y-cb\/#primaryimage"},"image":{"@id":"https:\/\/agrupacionespsoe.es\/ponferrada\/el-psoe-alerta-de-que-ponferrada-puede-quedarse-sin-el-nuevo-centro-de-salud-ponferrada-i-por-la-irresponsabilidad-del-pp-y-cb\/#primaryimage"},"thumbnailUrl":"https:\/\/agrupacionespsoe.es\/ponferrada\/wp-content\/uploads\/sites\/36\/2025\/12\/WhatsApp-Image-2025-12-15-at-11.43.42.jpeg","datePublished":"2025-12-15T12:06:53+00:00","dateModified":"2025-12-15T12:07:08+00:00","breadcrumb":{"@id":"https:\/\/agrupacionespsoe.es\/ponferrada\/el-psoe-alerta-de-que-ponferrada-puede-quedarse-sin-el-nuevo-centro-de-salud-ponferrada-i-por-la-irresponsabilidad-del-pp-y-cb\/#breadcrumb"},"inLanguage":"es","potentialAction":[{"@type":"ReadAction","target":["https:\/\/agrupacionespsoe.es\/ponferrada\/el-psoe-alerta-de-que-ponferrada-puede-quedarse-sin-el-nuevo-centro-de-salud-ponferrada-i-por-la-irresponsabilidad-del-pp-y-cb\/"]}]},{"@type":"ImageObject","inLanguage":"es","@id":"https:\/\/agrupacionespsoe.es\/ponferrada\/el-psoe-alerta-de-que-ponferrada-puede-quedarse-sin-el-nuevo-centro-de-salud-ponferrada-i-por-la-irresponsabilidad-del-pp-y-cb\/#primaryimage","url":"https:\/\/agrupacionespsoe.es\/ponferrada\/wp-content\/uploads\/sites\/36\/2025\/12\/WhatsApp-Image-2025-12-15-at-11.43.42.jpeg","contentUrl":"https:\/\/agrupacionespsoe.es\/ponferrada\/wp-content\/uploads\/sites\/36\/2025\/12\/WhatsApp-Image-2025-12-15-at-11.43.42.jpeg","width":1600,"height":1200},{"@type":"BreadcrumbList","@id":"https:\/\/agrupacionespsoe.es\/ponferrada\/el-psoe-alerta-de-que-ponferrada-puede-quedarse-sin-el-nuevo-centro-de-salud-ponferrada-i-por-la-irresponsabilidad-del-pp-y-cb\/#breadcrumb","itemListElement":[{"@type":"ListItem","position":1,"name":"Portada","item":"https:\/\/agrupacionespsoe.es\/ponferrada\/"},{"@type":"ListItem","position":2,"name":"El PSOE alerta de que Ponferrada puede quedarse sin el nuevo centro de salud Ponferrada I por la irresponsabilidad del PP y CB"}]},{"@type":"WebSite","@id":"https:\/\/agrupacionespsoe.es\/ponferrada\/#website","url":"https:\/\/agrupacionespsoe.es\/ponferrada\/","name":"Agrupaci\u00f3n Socialista de Ponferrada","description":"Agrupaci\u00f3n Socialista de Ponferrada","publisher":{"@id":"https:\/\/agrupacionespsoe.es\/ponferrada\/#organization"},"potentialAction":[{"@type":"SearchAction","target":{"@type":"EntryPoint","urlTemplate":"https:\/\/agrupacionespsoe.es\/ponferrada\/?s={search_term_string}"},"query-input":{"@type":"PropertyValueSpecification","valueRequired":true,"valueName":"search_term_string"}}],"inLanguage":"es"},{"@type":"Organization","@id":"https:\/\/agrupacionespsoe.es\/ponferrada\/#organization","name":"Agrupaci\u00f3n Socialista de Ponferrada","url":"https:\/\/agrupacionespsoe.es\/ponferrada\/","logo":{"@type":"ImageObject","inLanguage":"es","@id":"https:\/\/agrupacionespsoe.es\/ponferrada\/#\/schema\/logo\/image\/","url":"https:\/\/agrupacionespsoe.es\/wp-content\/uploads\/2022\/07\/Logotipo_electoral_del_PSOE.png","contentUrl":"https:\/\/agrupacionespsoe.es\/wp-content\/uploads\/2022\/07\/Logotipo_electoral_del_PSOE.png","width":422,"height":422,"caption":"Agrupaci\u00f3n Socialista de Ponferrada"},"image":{"@id":"https:\/\/agrupacionespsoe.es\/ponferrada\/#\/schema\/logo\/image\/"}},{"@type":"Person","@id":"https:\/\/agrupacionespsoe.es\/ponferrada\/#\/schema\/person\/cd29ee627f3b70c05d415f02596debaa","name":"ponferrada2","image":{"@type":"ImageObject","inLanguage":"es","@id":"https:\/\/agrupacionespsoe.es\/ponferrada\/#\/schema\/person\/image\/","url":"https:\/\/secure.gravatar.com\/avatar\/f499eeb60144c664cf7b7edf75549b50?s=96&d=mm&r=g","contentUrl":"https:\/\/secure.gravatar.com\/avatar\/f499eeb60144c664cf7b7edf75549b50?s=96&d=mm&r=g","caption":"ponferrada2"},"url":"https:\/\/agrupacionespsoe.es\/ponferrada\/author\/ponferrada2\/"}]}},"jetpack_featured_media_url":"https:\/\/agrupacionespsoe.es\/ponferrada\/wp-content\/uploads\/sites\/36\/2025\/12\/WhatsApp-Image-2025-12-15-at-11.43.42.jpeg","jetpack_sharing_enabled":true,"_links":{"self":[{"href":"https:\/\/agrupacionespsoe.es\/ponferrada\/wp-json\/wp\/v2\/posts\/1414","targetHints":{"allow":["GET"]}}],"collection":[{"href":"https:\/\/agrupacionespsoe.es\/ponferrada\/wp-json\/wp\/v2\/posts"}],"about":[{"href":"https:\/\/agrupacionespsoe.es\/ponferrada\/wp-json\/wp\/v2\/types\/post"}],"author":[{"embeddable":true,"href":"https:\/\/agrupacionespsoe.es\/ponferrada\/wp-json\/wp\/v2\/users\/32"}],"replies":[{"embeddable":true,"href":"https:\/\/agrupacionespsoe.es\/ponferrada\/wp-json\/wp\/v2\/comments?post=1414"}],"version-history":[{"count":1,"href":"https:\/\/agrupacionespsoe.es\/ponferrada\/wp-json\/wp\/v2\/posts\/1414\/revisions"}],"predecessor-version":[{"id":1428,"href":"https:\/\/agrupacionespsoe.es\/ponferrada\/wp-json\/wp\/v2\/posts\/1414\/revisions\/1428"}],"wp:featuredmedia":[{"embeddable":true,"href":"https:\/\/agrupacionespsoe.es\/ponferrada\/wp-json\/wp\/v2\/media\/1427"}],"wp:attachment":[{"href":"https:\/\/agrupacionespsoe.es\/ponferrada\/wp-json\/wp\/v2\/media?parent=1414"}],"wp:term":[{"taxonomy":"category","embeddable":true,"href":"https:\/\/agrupacionespsoe.es\/ponferrada\/wp-json\/wp\/v2\/categories?post=1414"},{"taxonomy":"post_tag","embeddable":true,"href":"https:\/\/agrupacionespsoe.es\/ponferrada\/wp-json\/wp\/v2\/tags?post=1414"}],"curies":[{"name":"wp","href":"https:\/\/api.w.org\/{rel}","templated":true}]}}