{"id":1405,"date":"2025-12-13T10:07:13","date_gmt":"2025-12-13T10:07:13","guid":{"rendered":"https:\/\/agrupacionespsoe.es\/ponferrada\/?p=1405"},"modified":"2025-12-13T10:12:11","modified_gmt":"2025-12-13T10:12:11","slug":"unidad-en-el-psoe-de-ponferrada-la-asamblea-apoya-dos-candidaturas-y-agradece-la-labor-de-javi-campos-en-las-cortes","status":"publish","type":"post","link":"https:\/\/agrupacionespsoe.es\/ponferrada\/unidad-en-el-psoe-de-ponferrada-la-asamblea-apoya-dos-candidaturas-y-agradece-la-labor-de-javi-campos-en-las-cortes\/","title":{"rendered":"Unidad en el PSOE de Ponferrada: la Asamblea apoya dos candidaturas y agradece la labor de Javi Campos en las Cortes"},"content":{"rendered":"\n<p>El PSOE de Ponferrada celebr\u00f3 este viernes su Asamblea Extraordinaria para la elecci\u00f3n de candidaturas a las pr\u00f3ximas elecciones a las Cortes de Castilla y Le\u00f3n, un proceso que transcurri\u00f3 con total normalidad y en un clima de unidad org\u00e1nica. La militancia respald\u00f3 la propuesta presentada por la Comisi\u00f3n Ejecutiva Municipal: la candidatura de Mabel Fern\u00e1ndez.<\/p>\n\n\n\n<p>La agrupaci\u00f3n socialista de Ponferrada destac\u00f3 que afronta este proceso \u201cunida, fuerte y con la determinaci\u00f3n clara de salir a ganar\u201d, reafirmando que Ponferrada volver\u00e1 a ser como en cada ciclo electoral el principal motor de apoyo al socialismo en la provincia.<\/p>\n\n\n\n<p><strong>Asamblea de rendici\u00f3n de cuentas de los cargos p\u00fablicos<\/strong><\/p>\n\n\n\n<p>Antes del proceso de votaci\u00f3n, la Asamblea celebr\u00f3 una sesi\u00f3n de rendici\u00f3n de cuentas de los cargos p\u00fablicos del partido.<\/p>\n\n\n\n<p>El portavoz del Grupo Municipal Socialista present\u00f3 un balance detallado del trabajo realizado en el Ayuntamiento durante este a\u00f1o y medio de mandato, subrayando la labor de oposici\u00f3n responsable, constructiva y vigilante, as\u00ed como el esfuerzo por defender los intereses de Ponferrada frente a un equipo de gobierno marcado por la improvisaci\u00f3n y la falta de proyecto.<\/p>\n\n\n\n<p>En su labor como presidente del Consejo Comarcal, Olegario Ram\u00f3n, expuso tambi\u00e9n el trabajo desarrollado desde la instituci\u00f3n comarcal, explicando los avances en materia de servicios p\u00fablicos, desarrollo territorial, cooperaci\u00f3n con los municipios del Bierzo y proyectos estrat\u00e9gicos en marcha.<\/p>\n\n\n\n<p>Por su parte, el procurador en las Cortes de Castilla y Le\u00f3n, Javier Campos, detall\u00f3 la actividad parlamentaria del grupo socialista en materia de sanidad, infraestructuras, servicios p\u00fablicos esenciales y defensa del Bierzo frente a la inacci\u00f3n sistem\u00e1tica de la Junta. Incidi\u00f3 especialmente en la p\u00e9sima gesti\u00f3n forestal del PP en la Junta de CyL que deriv\u00f3 en los peores incendios de los \u00faltimos a\u00f1os.<\/p>\n\n\n\n<p><strong>Reconocimiento al trabajo de Javi Campos<\/strong><\/p>\n\n\n\n<p>La Asamblea quiso expresar de manera un\u00e1nime su agradecimiento y reconocimiento a la labor desarrollada por Javi Campos durante estos a\u00f1os como procurador en las Cortes de Castilla y Le\u00f3n, destacando su compromiso constante con Ponferrada, con el Bierzo y con los valores del socialismo. La militancia subray\u00f3 que su trabajo ha sido \u201csiempre \u00fatil para la ciudadan\u00eda\u201d.<\/p>\n\n\n\n<p>Al mismo tiempo, la Asamblea traslad\u00f3 sus mejores deseos de \u00e9xito a la candidatura de Mabel Fern\u00e1ndez, cuya experiencia en la gesti\u00f3n p\u00fablica y en la organizaci\u00f3n del partido la sit\u00faan como una opci\u00f3n s\u00f3lida, preparada y plenamente capaz de defender Ponferrada y El Bierzo en el Parlamento auton\u00f3mico.<\/p>\n\n\n\n<p><strong>Resoluci\u00f3n pol\u00edtica en apoyo a las v\u00edctimas y contra el acoso<\/strong><\/p>\n\n\n\n<p>La Asamblea aprob\u00f3 tambi\u00e9n una resoluci\u00f3n pol\u00edtica firme y contundente en defensa de todas las mujeres v\u00edctimas de acoso, violencia o comportamientos machistas, reafirmando el compromiso feminista del PSOE.<\/p>\n\n\n\n<p>El texto sit\u00faa por delante de cualquier consideraci\u00f3n org\u00e1nica o pol\u00edtica la protecci\u00f3n, el acompa\u00f1amiento y el apoyo a las v\u00edctimas, reconociendo el enorme coste personal y emocional que implica denunciar este tipo de situaciones.<\/p>\n\n\n\n<p>La resoluci\u00f3n \u2014aprobada por unanimidad\u2014:<\/p>\n\n\n\n<p>Apoya de manera clara, rotunda y sin matices a todas las v\u00edctimas.<\/p>\n\n\n\n<p>Condena todas las conductas machistas, abusivas o violentas, vengan de quien vengan.<\/p>\n\n\n\n<p>Exige verdad, rigor y contundencia en los protocolos internos, aplicados con independencia, transparencia y sensibilidad hacia las v\u00edctimas.<\/p>\n\n\n\n<p>Reitera que dentro del PSOE no caben machistas, abusadores ni quienes encubren o minimizan estas conductas.<\/p>\n\n\n\n<p>Llama a \u201cromper silencios, actuar y situarse del lado de la justicia\u201d, reivindicando que el socialismo siempre ha estado y estar\u00e1 del lado de las mujeres.<\/p>\n\n\n\n<p><strong>Unidad y ambici\u00f3n ante las pr\u00f3ximas auton\u00f3micas<\/strong><\/p>\n\n\n\n<p>La agrupaci\u00f3n de Ponferrada remarc\u00f3 que el PSOE llega a esta cita interna con un proyecto s\u00f3lido y con el convencimiento de que Carlos Mart\u00ednez es \u201cel mejor candidato a la Presidencia de la Junta\u201d, un referente de solvencia, gesti\u00f3n y futuro. En un contexto marcado por encuestas que reflejan un escenario abierto y un crecimiento sostenido del PSOE en Castilla y Le\u00f3n, la militancia de Ponferrada considera que existe \u201cuna oportunidad real de cambio pol\u00edtico despu\u00e9s de d\u00e9cadas de agotamiento del proyecto del Partido Popular\u201d.<\/p>\n\n\n\n<p>Ponferrada, concluyen, volver\u00e1 a ser decisiva en ese cambio, aportando fuerza organizativa, proyecto y compromiso para que la voz de Ponferrada y de El Bierzo sea escuchada y defendida como nunca.<\/p>\n\n\n\n<p><strong>La Solidez de la Candidatura: Perfil de Mabel Fern\u00e1ndez<\/strong><\/p>\n\n\n\n<p>Mar\u00eda Isabel Fern\u00e1ndez Rodr\u00edguez (Mabel) naci\u00f3 en Ponferrada el 16 de abril de 1967. Es Diplomada en Ciencias Empresariales (1989) y Licenciada en Ciencias Econ\u00f3micas y Empresariales (1991) por la Universidad de Le\u00f3n. Adem\u00e1s, cuenta con un M\u00e1ster en Prevenci\u00f3n de Riesgos Laborales (2010), la Suficiencia Investigadora (2001) y cursa el Programa de Doctorado en Investigaci\u00f3n y Comunicaci\u00f3n Cient\u00edfica en la UNED.<\/p>\n\n\n\n<p>En su trayectoria profesional ha desempe\u00f1ado funciones de gesti\u00f3n p\u00fablica, docencia, fiscalidad y riesgos laborales: coordinadora del Impuesto de Actividades Econ\u00f3micas en el Ayuntamiento de Bembibre, profesora y coordinadora de formaci\u00f3n profesional, formadora en fiscalidad y derecho laboral, t\u00e9cnica en prevenci\u00f3n de riesgos laborales y docente de gesti\u00f3n contable y fiscal.<\/p>\n\n\n\n<p>Su compromiso pol\u00edtico es de largo recorrido: militante de Juventudes Socialistas desde 1982 se incorpor\u00f3 al PSOE en 2017. Ha sido concejala de Hacienda, Formaci\u00f3n y Empleo, Territorio Inteligente, Relaciones Institucionales y Transparencia (2019\u20132023), primera teniente de Alcalde as\u00ed como secretaria de Organizaci\u00f3n de la agrupaci\u00f3n. Actualmente es concejala del Ayuntamiento de Ponferrada (2023\u20132027) y consejera en el Consejo Comarcal de El Bierzo adem\u00e1s de Vicesecretaria de Organizaci\u00f3n de la Agrupaci\u00f3n de Ponferrada.<\/p>\n\n\n\n<figure class=\"wp-block-image size-large\"><img loading=\"lazy\" decoding=\"async\" width=\"1024\" height=\"768\" src=\"https:\/\/agrupacionespsoe.es\/ponferrada\/wp-content\/uploads\/sites\/36\/2025\/12\/WhatsApp-Image-2025-12-13-at-11.04.19-1024x768.jpeg\" alt=\"\" class=\"wp-image-1406\" srcset=\"https:\/\/agrupacionespsoe.es\/ponferrada\/wp-content\/uploads\/sites\/36\/2025\/12\/WhatsApp-Image-2025-12-13-at-11.04.19-1024x768.jpeg 1024w, https:\/\/agrupacionespsoe.es\/ponferrada\/wp-content\/uploads\/sites\/36\/2025\/12\/WhatsApp-Image-2025-12-13-at-11.04.19-300x225.jpeg 300w, https:\/\/agrupacionespsoe.es\/ponferrada\/wp-content\/uploads\/sites\/36\/2025\/12\/WhatsApp-Image-2025-12-13-at-11.04.19-768x576.jpeg 768w, https:\/\/agrupacionespsoe.es\/ponferrada\/wp-content\/uploads\/sites\/36\/2025\/12\/WhatsApp-Image-2025-12-13-at-11.04.19-1536x1152.jpeg 1536w, https:\/\/agrupacionespsoe.es\/ponferrada\/wp-content\/uploads\/sites\/36\/2025\/12\/WhatsApp-Image-2025-12-13-at-11.04.19.jpeg 1600w\" sizes=\"auto, (max-width: 1024px) 100vw, 1024px\" \/><\/figure>\n","protected":false},"excerpt":{"rendered":"<p>El PSOE de Ponferrada celebr\u00f3 este viernes su Asamblea Extraordinaria para la elecci\u00f3n de candidaturas a las pr\u00f3ximas elecciones a las Cortes de Castilla y Le\u00f3n, un proceso que transcurri\u00f3 con total normalidad y en un clima de unidad org\u00e1nica. La militancia respald\u00f3 la propuesta presentada por la Comisi\u00f3n Ejecutiva Municipal: la candidatura de Mabel &#8230;<\/p>\n","protected":false},"author":32,"featured_media":1406,"comment_status":"open","ping_status":"open","sticky":false,"template":"","format":"standard","meta":{"_jetpack_memberships_contains_paid_content":false,"footnotes":""},"categories":[6],"tags":[],"class_list":["post-1405","post","type-post","status-publish","format-standard","has-post-thumbnail","hentry","category-actualidad"],"yoast_head":"<!-- This site is optimized with the Yoast SEO plugin v24.0 - https:\/\/yoast.com\/wordpress\/plugins\/seo\/ -->\n<title>Unidad en el PSOE de Ponferrada: la Asamblea apoya dos candidaturas y agradece la labor de Javi Campos en las Cortes - Agrupaci\u00f3n Socialista de Ponferrada<\/title>\n<meta name=\"robots\" content=\"index, follow, max-snippet:-1, max-image-preview:large, max-video-preview:-1\" \/>\n<link rel=\"canonical\" href=\"https:\/\/agrupacionespsoe.es\/ponferrada\/unidad-en-el-psoe-de-ponferrada-la-asamblea-apoya-dos-candidaturas-y-agradece-la-labor-de-javi-campos-en-las-cortes\/\" \/>\n<meta property=\"og:locale\" content=\"es_ES\" \/>\n<meta property=\"og:type\" content=\"article\" \/>\n<meta property=\"og:title\" content=\"Unidad en el PSOE de Ponferrada: la Asamblea apoya dos candidaturas y agradece la labor de Javi Campos en las Cortes - Agrupaci\u00f3n Socialista de Ponferrada\" \/>\n<meta property=\"og:description\" content=\"El PSOE de Ponferrada celebr\u00f3 este viernes su Asamblea Extraordinaria para la elecci\u00f3n de candidaturas a las pr\u00f3ximas elecciones a las Cortes de Castilla y Le\u00f3n, un proceso que transcurri\u00f3 con total normalidad y en un clima de unidad org\u00e1nica. La militancia respald\u00f3 la propuesta presentada por la Comisi\u00f3n Ejecutiva Municipal: la candidatura de Mabel ...\" \/>\n<meta property=\"og:url\" content=\"https:\/\/agrupacionespsoe.es\/ponferrada\/unidad-en-el-psoe-de-ponferrada-la-asamblea-apoya-dos-candidaturas-y-agradece-la-labor-de-javi-campos-en-las-cortes\/\" \/>\n<meta property=\"og:site_name\" content=\"Agrupaci\u00f3n Socialista de Ponferrada\" \/>\n<meta property=\"article:published_time\" content=\"2025-12-13T10:07:13+00:00\" \/>\n<meta property=\"article:modified_time\" content=\"2025-12-13T10:12:11+00:00\" \/>\n<meta property=\"og:image\" content=\"https:\/\/agrupacionespsoe.es\/ponferrada\/wp-content\/uploads\/sites\/36\/2025\/12\/WhatsApp-Image-2025-12-13-at-11.04.19.jpeg\" \/>\n\t<meta property=\"og:image:width\" content=\"1600\" \/>\n\t<meta property=\"og:image:height\" content=\"1200\" \/>\n\t<meta property=\"og:image:type\" content=\"image\/jpeg\" \/>\n<meta name=\"author\" content=\"ponferrada2\" \/>\n<meta name=\"twitter:card\" content=\"summary_large_image\" \/>\n<meta name=\"twitter:label1\" content=\"Escrito por\" \/>\n\t<meta name=\"twitter:data1\" content=\"ponferrada2\" \/>\n\t<meta name=\"twitter:label2\" content=\"Tiempo de lectura\" \/>\n\t<meta name=\"twitter:data2\" content=\"5 minutos\" \/>\n<script type=\"application\/ld+json\" class=\"yoast-schema-graph\">{\"@context\":\"https:\/\/schema.org\",\"@graph\":[{\"@type\":\"Article\",\"@id\":\"https:\/\/agrupacionespsoe.es\/ponferrada\/unidad-en-el-psoe-de-ponferrada-la-asamblea-apoya-dos-candidaturas-y-agradece-la-labor-de-javi-campos-en-las-cortes\/#article\",\"isPartOf\":{\"@id\":\"https:\/\/agrupacionespsoe.es\/ponferrada\/unidad-en-el-psoe-de-ponferrada-la-asamblea-apoya-dos-candidaturas-y-agradece-la-labor-de-javi-campos-en-las-cortes\/\"},\"author\":{\"name\":\"ponferrada2\",\"@id\":\"https:\/\/agrupacionespsoe.es\/ponferrada\/#\/schema\/person\/cd29ee627f3b70c05d415f02596debaa\"},\"headline\":\"Unidad en el PSOE de Ponferrada: la Asamblea apoya dos candidaturas y agradece la labor de Javi Campos en las Cortes\",\"datePublished\":\"2025-12-13T10:07:13+00:00\",\"dateModified\":\"2025-12-13T10:12:11+00:00\",\"mainEntityOfPage\":{\"@id\":\"https:\/\/agrupacionespsoe.es\/ponferrada\/unidad-en-el-psoe-de-ponferrada-la-asamblea-apoya-dos-candidaturas-y-agradece-la-labor-de-javi-campos-en-las-cortes\/\"},\"wordCount\":993,\"commentCount\":0,\"publisher\":{\"@id\":\"https:\/\/agrupacionespsoe.es\/ponferrada\/#organization\"},\"image\":{\"@id\":\"https:\/\/agrupacionespsoe.es\/ponferrada\/unidad-en-el-psoe-de-ponferrada-la-asamblea-apoya-dos-candidaturas-y-agradece-la-labor-de-javi-campos-en-las-cortes\/#primaryimage\"},\"thumbnailUrl\":\"https:\/\/agrupacionespsoe.es\/ponferrada\/wp-content\/uploads\/sites\/36\/2025\/12\/WhatsApp-Image-2025-12-13-at-11.04.19.jpeg\",\"articleSection\":[\"ACTUALIDAD\"],\"inLanguage\":\"es\",\"potentialAction\":[{\"@type\":\"CommentAction\",\"name\":\"Comment\",\"target\":[\"https:\/\/agrupacionespsoe.es\/ponferrada\/unidad-en-el-psoe-de-ponferrada-la-asamblea-apoya-dos-candidaturas-y-agradece-la-labor-de-javi-campos-en-las-cortes\/#respond\"]}]},{\"@type\":\"WebPage\",\"@id\":\"https:\/\/agrupacionespsoe.es\/ponferrada\/unidad-en-el-psoe-de-ponferrada-la-asamblea-apoya-dos-candidaturas-y-agradece-la-labor-de-javi-campos-en-las-cortes\/\",\"url\":\"https:\/\/agrupacionespsoe.es\/ponferrada\/unidad-en-el-psoe-de-ponferrada-la-asamblea-apoya-dos-candidaturas-y-agradece-la-labor-de-javi-campos-en-las-cortes\/\",\"name\":\"Unidad en el PSOE de Ponferrada: la Asamblea apoya dos candidaturas y agradece la labor de Javi Campos en las Cortes - Agrupaci\u00f3n Socialista de Ponferrada\",\"isPartOf\":{\"@id\":\"https:\/\/agrupacionespsoe.es\/ponferrada\/#website\"},\"primaryImageOfPage\":{\"@id\":\"https:\/\/agrupacionespsoe.es\/ponferrada\/unidad-en-el-psoe-de-ponferrada-la-asamblea-apoya-dos-candidaturas-y-agradece-la-labor-de-javi-campos-en-las-cortes\/#primaryimage\"},\"image\":{\"@id\":\"https:\/\/agrupacionespsoe.es\/ponferrada\/unidad-en-el-psoe-de-ponferrada-la-asamblea-apoya-dos-candidaturas-y-agradece-la-labor-de-javi-campos-en-las-cortes\/#primaryimage\"},\"thumbnailUrl\":\"https:\/\/agrupacionespsoe.es\/ponferrada\/wp-content\/uploads\/sites\/36\/2025\/12\/WhatsApp-Image-2025-12-13-at-11.04.19.jpeg\",\"datePublished\":\"2025-12-13T10:07:13+00:00\",\"dateModified\":\"2025-12-13T10:12:11+00:00\",\"breadcrumb\":{\"@id\":\"https:\/\/agrupacionespsoe.es\/ponferrada\/unidad-en-el-psoe-de-ponferrada-la-asamblea-apoya-dos-candidaturas-y-agradece-la-labor-de-javi-campos-en-las-cortes\/#breadcrumb\"},\"inLanguage\":\"es\",\"potentialAction\":[{\"@type\":\"ReadAction\",\"target\":[\"https:\/\/agrupacionespsoe.es\/ponferrada\/unidad-en-el-psoe-de-ponferrada-la-asamblea-apoya-dos-candidaturas-y-agradece-la-labor-de-javi-campos-en-las-cortes\/\"]}]},{\"@type\":\"ImageObject\",\"inLanguage\":\"es\",\"@id\":\"https:\/\/agrupacionespsoe.es\/ponferrada\/unidad-en-el-psoe-de-ponferrada-la-asamblea-apoya-dos-candidaturas-y-agradece-la-labor-de-javi-campos-en-las-cortes\/#primaryimage\",\"url\":\"https:\/\/agrupacionespsoe.es\/ponferrada\/wp-content\/uploads\/sites\/36\/2025\/12\/WhatsApp-Image-2025-12-13-at-11.04.19.jpeg\",\"contentUrl\":\"https:\/\/agrupacionespsoe.es\/ponferrada\/wp-content\/uploads\/sites\/36\/2025\/12\/WhatsApp-Image-2025-12-13-at-11.04.19.jpeg\",\"width\":1600,\"height\":1200},{\"@type\":\"BreadcrumbList\",\"@id\":\"https:\/\/agrupacionespsoe.es\/ponferrada\/unidad-en-el-psoe-de-ponferrada-la-asamblea-apoya-dos-candidaturas-y-agradece-la-labor-de-javi-campos-en-las-cortes\/#breadcrumb\",\"itemListElement\":[{\"@type\":\"ListItem\",\"position\":1,\"name\":\"Portada\",\"item\":\"https:\/\/agrupacionespsoe.es\/ponferrada\/\"},{\"@type\":\"ListItem\",\"position\":2,\"name\":\"Unidad en el PSOE de Ponferrada: la Asamblea apoya dos candidaturas y agradece la labor de Javi Campos en las Cortes\"}]},{\"@type\":\"WebSite\",\"@id\":\"https:\/\/agrupacionespsoe.es\/ponferrada\/#website\",\"url\":\"https:\/\/agrupacionespsoe.es\/ponferrada\/\",\"name\":\"Agrupaci\u00f3n Socialista de Ponferrada\",\"description\":\"Agrupaci\u00f3n Socialista de Ponferrada\",\"publisher\":{\"@id\":\"https:\/\/agrupacionespsoe.es\/ponferrada\/#organization\"},\"potentialAction\":[{\"@type\":\"SearchAction\",\"target\":{\"@type\":\"EntryPoint\",\"urlTemplate\":\"https:\/\/agrupacionespsoe.es\/ponferrada\/?s={search_term_string}\"},\"query-input\":{\"@type\":\"PropertyValueSpecification\",\"valueRequired\":true,\"valueName\":\"search_term_string\"}}],\"inLanguage\":\"es\"},{\"@type\":\"Organization\",\"@id\":\"https:\/\/agrupacionespsoe.es\/ponferrada\/#organization\",\"name\":\"Agrupaci\u00f3n Socialista de Ponferrada\",\"url\":\"https:\/\/agrupacionespsoe.es\/ponferrada\/\",\"logo\":{\"@type\":\"ImageObject\",\"inLanguage\":\"es\",\"@id\":\"https:\/\/agrupacionespsoe.es\/ponferrada\/#\/schema\/logo\/image\/\",\"url\":\"https:\/\/agrupacionespsoe.es\/wp-content\/uploads\/2022\/07\/Logotipo_electoral_del_PSOE.png\",\"contentUrl\":\"https:\/\/agrupacionespsoe.es\/wp-content\/uploads\/2022\/07\/Logotipo_electoral_del_PSOE.png\",\"width\":422,\"height\":422,\"caption\":\"Agrupaci\u00f3n Socialista de Ponferrada\"},\"image\":{\"@id\":\"https:\/\/agrupacionespsoe.es\/ponferrada\/#\/schema\/logo\/image\/\"}},{\"@type\":\"Person\",\"@id\":\"https:\/\/agrupacionespsoe.es\/ponferrada\/#\/schema\/person\/cd29ee627f3b70c05d415f02596debaa\",\"name\":\"ponferrada2\",\"image\":{\"@type\":\"ImageObject\",\"inLanguage\":\"es\",\"@id\":\"https:\/\/agrupacionespsoe.es\/ponferrada\/#\/schema\/person\/image\/\",\"url\":\"https:\/\/secure.gravatar.com\/avatar\/f499eeb60144c664cf7b7edf75549b50?s=96&d=mm&r=g\",\"contentUrl\":\"https:\/\/secure.gravatar.com\/avatar\/f499eeb60144c664cf7b7edf75549b50?s=96&d=mm&r=g\",\"caption\":\"ponferrada2\"},\"url\":\"https:\/\/agrupacionespsoe.es\/ponferrada\/author\/ponferrada2\/\"}]}<\/script>\n<!-- \/ Yoast SEO plugin. -->","yoast_head_json":{"title":"Unidad en el PSOE de Ponferrada: la Asamblea apoya dos candidaturas y agradece la labor de Javi Campos en las Cortes - Agrupaci\u00f3n Socialista de Ponferrada","robots":{"index":"index","follow":"follow","max-snippet":"max-snippet:-1","max-image-preview":"max-image-preview:large","max-video-preview":"max-video-preview:-1"},"canonical":"https:\/\/agrupacionespsoe.es\/ponferrada\/unidad-en-el-psoe-de-ponferrada-la-asamblea-apoya-dos-candidaturas-y-agradece-la-labor-de-javi-campos-en-las-cortes\/","og_locale":"es_ES","og_type":"article","og_title":"Unidad en el PSOE de Ponferrada: la Asamblea apoya dos candidaturas y agradece la labor de Javi Campos en las Cortes - Agrupaci\u00f3n Socialista de Ponferrada","og_description":"El PSOE de Ponferrada celebr\u00f3 este viernes su Asamblea Extraordinaria para la elecci\u00f3n de candidaturas a las pr\u00f3ximas elecciones a las Cortes de Castilla y Le\u00f3n, un proceso que transcurri\u00f3 con total normalidad y en un clima de unidad org\u00e1nica. La militancia respald\u00f3 la propuesta presentada por la Comisi\u00f3n Ejecutiva Municipal: la candidatura de Mabel ...","og_url":"https:\/\/agrupacionespsoe.es\/ponferrada\/unidad-en-el-psoe-de-ponferrada-la-asamblea-apoya-dos-candidaturas-y-agradece-la-labor-de-javi-campos-en-las-cortes\/","og_site_name":"Agrupaci\u00f3n Socialista de Ponferrada","article_published_time":"2025-12-13T10:07:13+00:00","article_modified_time":"2025-12-13T10:12:11+00:00","og_image":[{"width":1600,"height":1200,"url":"https:\/\/agrupacionespsoe.es\/ponferrada\/wp-content\/uploads\/sites\/36\/2025\/12\/WhatsApp-Image-2025-12-13-at-11.04.19.jpeg","type":"image\/jpeg"}],"author":"ponferrada2","twitter_card":"summary_large_image","twitter_misc":{"Escrito por":"ponferrada2","Tiempo de lectura":"5 minutos"},"schema":{"@context":"https:\/\/schema.org","@graph":[{"@type":"Article","@id":"https:\/\/agrupacionespsoe.es\/ponferrada\/unidad-en-el-psoe-de-ponferrada-la-asamblea-apoya-dos-candidaturas-y-agradece-la-labor-de-javi-campos-en-las-cortes\/#article","isPartOf":{"@id":"https:\/\/agrupacionespsoe.es\/ponferrada\/unidad-en-el-psoe-de-ponferrada-la-asamblea-apoya-dos-candidaturas-y-agradece-la-labor-de-javi-campos-en-las-cortes\/"},"author":{"name":"ponferrada2","@id":"https:\/\/agrupacionespsoe.es\/ponferrada\/#\/schema\/person\/cd29ee627f3b70c05d415f02596debaa"},"headline":"Unidad en el PSOE de Ponferrada: la Asamblea apoya dos candidaturas y agradece la labor de Javi Campos en las Cortes","datePublished":"2025-12-13T10:07:13+00:00","dateModified":"2025-12-13T10:12:11+00:00","mainEntityOfPage":{"@id":"https:\/\/agrupacionespsoe.es\/ponferrada\/unidad-en-el-psoe-de-ponferrada-la-asamblea-apoya-dos-candidaturas-y-agradece-la-labor-de-javi-campos-en-las-cortes\/"},"wordCount":993,"commentCount":0,"publisher":{"@id":"https:\/\/agrupacionespsoe.es\/ponferrada\/#organization"},"image":{"@id":"https:\/\/agrupacionespsoe.es\/ponferrada\/unidad-en-el-psoe-de-ponferrada-la-asamblea-apoya-dos-candidaturas-y-agradece-la-labor-de-javi-campos-en-las-cortes\/#primaryimage"},"thumbnailUrl":"https:\/\/agrupacionespsoe.es\/ponferrada\/wp-content\/uploads\/sites\/36\/2025\/12\/WhatsApp-Image-2025-12-13-at-11.04.19.jpeg","articleSection":["ACTUALIDAD"],"inLanguage":"es","potentialAction":[{"@type":"CommentAction","name":"Comment","target":["https:\/\/agrupacionespsoe.es\/ponferrada\/unidad-en-el-psoe-de-ponferrada-la-asamblea-apoya-dos-candidaturas-y-agradece-la-labor-de-javi-campos-en-las-cortes\/#respond"]}]},{"@type":"WebPage","@id":"https:\/\/agrupacionespsoe.es\/ponferrada\/unidad-en-el-psoe-de-ponferrada-la-asamblea-apoya-dos-candidaturas-y-agradece-la-labor-de-javi-campos-en-las-cortes\/","url":"https:\/\/agrupacionespsoe.es\/ponferrada\/unidad-en-el-psoe-de-ponferrada-la-asamblea-apoya-dos-candidaturas-y-agradece-la-labor-de-javi-campos-en-las-cortes\/","name":"Unidad en el PSOE de Ponferrada: la Asamblea apoya dos candidaturas y agradece la labor de Javi Campos en las Cortes - Agrupaci\u00f3n Socialista de Ponferrada","isPartOf":{"@id":"https:\/\/agrupacionespsoe.es\/ponferrada\/#website"},"primaryImageOfPage":{"@id":"https:\/\/agrupacionespsoe.es\/ponferrada\/unidad-en-el-psoe-de-ponferrada-la-asamblea-apoya-dos-candidaturas-y-agradece-la-labor-de-javi-campos-en-las-cortes\/#primaryimage"},"image":{"@id":"https:\/\/agrupacionespsoe.es\/ponferrada\/unidad-en-el-psoe-de-ponferrada-la-asamblea-apoya-dos-candidaturas-y-agradece-la-labor-de-javi-campos-en-las-cortes\/#primaryimage"},"thumbnailUrl":"https:\/\/agrupacionespsoe.es\/ponferrada\/wp-content\/uploads\/sites\/36\/2025\/12\/WhatsApp-Image-2025-12-13-at-11.04.19.jpeg","datePublished":"2025-12-13T10:07:13+00:00","dateModified":"2025-12-13T10:12:11+00:00","breadcrumb":{"@id":"https:\/\/agrupacionespsoe.es\/ponferrada\/unidad-en-el-psoe-de-ponferrada-la-asamblea-apoya-dos-candidaturas-y-agradece-la-labor-de-javi-campos-en-las-cortes\/#breadcrumb"},"inLanguage":"es","potentialAction":[{"@type":"ReadAction","target":["https:\/\/agrupacionespsoe.es\/ponferrada\/unidad-en-el-psoe-de-ponferrada-la-asamblea-apoya-dos-candidaturas-y-agradece-la-labor-de-javi-campos-en-las-cortes\/"]}]},{"@type":"ImageObject","inLanguage":"es","@id":"https:\/\/agrupacionespsoe.es\/ponferrada\/unidad-en-el-psoe-de-ponferrada-la-asamblea-apoya-dos-candidaturas-y-agradece-la-labor-de-javi-campos-en-las-cortes\/#primaryimage","url":"https:\/\/agrupacionespsoe.es\/ponferrada\/wp-content\/uploads\/sites\/36\/2025\/12\/WhatsApp-Image-2025-12-13-at-11.04.19.jpeg","contentUrl":"https:\/\/agrupacionespsoe.es\/ponferrada\/wp-content\/uploads\/sites\/36\/2025\/12\/WhatsApp-Image-2025-12-13-at-11.04.19.jpeg","width":1600,"height":1200},{"@type":"BreadcrumbList","@id":"https:\/\/agrupacionespsoe.es\/ponferrada\/unidad-en-el-psoe-de-ponferrada-la-asamblea-apoya-dos-candidaturas-y-agradece-la-labor-de-javi-campos-en-las-cortes\/#breadcrumb","itemListElement":[{"@type":"ListItem","position":1,"name":"Portada","item":"https:\/\/agrupacionespsoe.es\/ponferrada\/"},{"@type":"ListItem","position":2,"name":"Unidad en el PSOE de Ponferrada: la Asamblea apoya dos candidaturas y agradece la labor de Javi Campos en las Cortes"}]},{"@type":"WebSite","@id":"https:\/\/agrupacionespsoe.es\/ponferrada\/#website","url":"https:\/\/agrupacionespsoe.es\/ponferrada\/","name":"Agrupaci\u00f3n Socialista de Ponferrada","description":"Agrupaci\u00f3n Socialista de Ponferrada","publisher":{"@id":"https:\/\/agrupacionespsoe.es\/ponferrada\/#organization"},"potentialAction":[{"@type":"SearchAction","target":{"@type":"EntryPoint","urlTemplate":"https:\/\/agrupacionespsoe.es\/ponferrada\/?s={search_term_string}"},"query-input":{"@type":"PropertyValueSpecification","valueRequired":true,"valueName":"search_term_string"}}],"inLanguage":"es"},{"@type":"Organization","@id":"https:\/\/agrupacionespsoe.es\/ponferrada\/#organization","name":"Agrupaci\u00f3n Socialista de Ponferrada","url":"https:\/\/agrupacionespsoe.es\/ponferrada\/","logo":{"@type":"ImageObject","inLanguage":"es","@id":"https:\/\/agrupacionespsoe.es\/ponferrada\/#\/schema\/logo\/image\/","url":"https:\/\/agrupacionespsoe.es\/wp-content\/uploads\/2022\/07\/Logotipo_electoral_del_PSOE.png","contentUrl":"https:\/\/agrupacionespsoe.es\/wp-content\/uploads\/2022\/07\/Logotipo_electoral_del_PSOE.png","width":422,"height":422,"caption":"Agrupaci\u00f3n Socialista de Ponferrada"},"image":{"@id":"https:\/\/agrupacionespsoe.es\/ponferrada\/#\/schema\/logo\/image\/"}},{"@type":"Person","@id":"https:\/\/agrupacionespsoe.es\/ponferrada\/#\/schema\/person\/cd29ee627f3b70c05d415f02596debaa","name":"ponferrada2","image":{"@type":"ImageObject","inLanguage":"es","@id":"https:\/\/agrupacionespsoe.es\/ponferrada\/#\/schema\/person\/image\/","url":"https:\/\/secure.gravatar.com\/avatar\/f499eeb60144c664cf7b7edf75549b50?s=96&d=mm&r=g","contentUrl":"https:\/\/secure.gravatar.com\/avatar\/f499eeb60144c664cf7b7edf75549b50?s=96&d=mm&r=g","caption":"ponferrada2"},"url":"https:\/\/agrupacionespsoe.es\/ponferrada\/author\/ponferrada2\/"}]}},"jetpack_featured_media_url":"https:\/\/agrupacionespsoe.es\/ponferrada\/wp-content\/uploads\/sites\/36\/2025\/12\/WhatsApp-Image-2025-12-13-at-11.04.19.jpeg","jetpack_sharing_enabled":true,"_links":{"self":[{"href":"https:\/\/agrupacionespsoe.es\/ponferrada\/wp-json\/wp\/v2\/posts\/1405","targetHints":{"allow":["GET"]}}],"collection":[{"href":"https:\/\/agrupacionespsoe.es\/ponferrada\/wp-json\/wp\/v2\/posts"}],"about":[{"href":"https:\/\/agrupacionespsoe.es\/ponferrada\/wp-json\/wp\/v2\/types\/post"}],"author":[{"embeddable":true,"href":"https:\/\/agrupacionespsoe.es\/ponferrada\/wp-json\/wp\/v2\/users\/32"}],"replies":[{"embeddable":true,"href":"https:\/\/agrupacionespsoe.es\/ponferrada\/wp-json\/wp\/v2\/comments?post=1405"}],"version-history":[{"count":6,"href":"https:\/\/agrupacionespsoe.es\/ponferrada\/wp-json\/wp\/v2\/posts\/1405\/revisions"}],"predecessor-version":[{"id":1413,"href":"https:\/\/agrupacionespsoe.es\/ponferrada\/wp-json\/wp\/v2\/posts\/1405\/revisions\/1413"}],"wp:featuredmedia":[{"embeddable":true,"href":"https:\/\/agrupacionespsoe.es\/ponferrada\/wp-json\/wp\/v2\/media\/1406"}],"wp:attachment":[{"href":"https:\/\/agrupacionespsoe.es\/ponferrada\/wp-json\/wp\/v2\/media?parent=1405"}],"wp:term":[{"taxonomy":"category","embeddable":true,"href":"https:\/\/agrupacionespsoe.es\/ponferrada\/wp-json\/wp\/v2\/categories?post=1405"},{"taxonomy":"post_tag","embeddable":true,"href":"https:\/\/agrupacionespsoe.es\/ponferrada\/wp-json\/wp\/v2\/tags?post=1405"}],"curies":[{"name":"wp","href":"https:\/\/api.w.org\/{rel}","templated":true}]}}